{"id":25961,"date":"2021-08-01T13:55:59","date_gmt":"2021-08-01T13:55:59","guid":{"rendered":"http:\/\/www.lichen.pl\/?p=25961"},"modified":"2021-08-03T12:19:55","modified_gmt":"2021-08-03T12:19:55","slug":"iii-ogolnopolski-dzien-modlitw-w-intencji-osob-zyjacych-w-zwiazkach-niesakramentalnych","status":"publish","type":"post","link":"https:\/\/www.lichen.pl\/en\/iii-ogolnopolski-dzien-modlitw-w-intencji-osob-zyjacych-w-zwiazkach-niesakramentalnych\/","title":{"rendered":"III National Day of Prayers for people living in non-sacramental relationships"},"content":{"rendered":"<div data-elementor-type=\"wp-post\" data-elementor-id=\"25961\" class=\"elementor elementor-25961\" data-elementor-post-type=\"post\">\n\t\t\t\t\t\t<section class=\"elementor-section elementor-top-section elementor-element elementor-element-2e8a474 elementor-section-boxed elementor-section-height-default elementor-section-height-default\" data-id=\"2e8a474\" data-element_type=\"section\" data-e-type=\"section\">\n\t\t\t\t\t\t<div class=\"elementor-container elementor-column-gap-default\">\n\t\t\t\t\t<div class=\"elementor-column elementor-col-100 elementor-top-column elementor-element elementor-element-b3977f7\" data-id=\"b3977f7\" data-element_type=\"column\" data-e-type=\"column\">\n\t\t\t<div class=\"elementor-widget-wrap elementor-element-populated\">\n\t\t\t\t\t\t<div class=\"elementor-element elementor-element-03762b3 elementor-widget elementor-widget-heading\" data-id=\"03762b3\" data-element_type=\"widget\" data-e-type=\"widget\" data-widget_type=\"heading.default\">\n\t\t\t\t<div class=\"elementor-widget-container\">\n\t\t\t\t\t<h2 class=\"elementor-heading-title elementor-size-medium\">People living in non-sacramental relationships were prayed for on Sunday, August 1, at the Marian Shrine in Liche\u0144 Stary. In the homily at the noon Mass celebrated in front of the Miraculous Image of Our Lady of Lichen, Fr. Janusz Kumala, MIC, the curator of the sanctuary, addressing people who live in such relationships, said: \u201cYou are in a good place; you are not on the margins of the Church, but you are in her heart \u201d.<\/h2>\t\t\t\t<\/div>\n\t\t\t\t<\/div>\n\t\t\t\t<div class=\"elementor-element elementor-element-37c3821 elementor-widget elementor-widget-text-editor\" data-id=\"37c3821\" data-element_type=\"widget\" data-e-type=\"widget\" data-widget_type=\"text-editor.default\">\n\t\t\t\t<div class=\"elementor-widget-container\">\n\t\t\t\t\t\t\t\t\t<p>During the homily, Fr. Janusz Kumala, MIC, expressed his joy at the large presence of the faithful on Sunday&#039;s sum. He emphasized that this is the visible action of the Holy Spirit who gathers us in the Eucharist. And Mary leads us to the cross, to Christ who, through his martyrdom and resurrection, opened the gates of heaven for us. - <em>\u201cWe are heading towards him, and we are always led by the Mother of God, who is present in a special way in this sanctuary. In whatever situation we may find ourselves, She - the Sorrowful Mother - bows down to us, comforts us and leads us to the source of life and salvation, which is Jesus Christ. &quot;<\/em><\/p>\t\t\t\t\t\t\t\t<\/div>\n\t\t\t\t<\/div>\n\t\t\t\t<div class=\"elementor-element elementor-element-0ecb86d elementor-blockquote--skin-quotation elementor-blockquote--align-left elementor-widget elementor-widget-blockquote\" data-id=\"0ecb86d\" data-element_type=\"widget\" data-e-type=\"widget\" data-widget_type=\"blockquote.default\">\n\t\t\t\t<div class=\"elementor-widget-container\">\n\t\t\t\t\t\t\t<blockquote class=\"elementor-blockquote\">\n\t\t\t<p class=\"elementor-blockquote__content\">\n\t\t\t\tYou are in the right place, it is good that you are here. You are not on the margins of the Church, but you are in her heart. The Church is all of us, it is a community that cares for one another, which is the Body of Jesus Christ - our Savior, who constantly leads us to Himself\t\t\t<\/p>\n\t\t\t\t\t\t\t<div class=\"e-q-footer\">\n\t\t\t\t\t\t\t\t\t\t\t<cite class=\"elementor-blockquote__author\">Fr. Janusz Kumala, MIC, to people living in non-sacramental relationships<\/cite>\n\t\t\t\t\t\t\t\t\t\t\t\t\t\t<\/div>\n\t\t\t\t\t<\/blockquote>\n\t\t\t\t\t\t<\/div>\n\t\t\t\t<\/div>\n\t\t\t\t<section class=\"elementor-section elementor-inner-section elementor-element elementor-element-0088efa elementor-section-boxed elementor-section-height-default elementor-section-height-default\" data-id=\"0088efa\" data-element_type=\"section\" data-e-type=\"section\">\n\t\t\t\t\t\t<div class=\"elementor-container elementor-column-gap-default\">\n\t\t\t\t\t<div class=\"elementor-column elementor-col-50 elementor-inner-column elementor-element elementor-element-913e812\" data-id=\"913e812\" data-element_type=\"column\" data-e-type=\"column\">\n\t\t\t<div class=\"elementor-widget-wrap elementor-element-populated\">\n\t\t\t\t\t\t<div class=\"elementor-element elementor-element-3269020 elementor-widget elementor-widget-image\" data-id=\"3269020\" data-element_type=\"widget\" data-e-type=\"widget\" data-widget_type=\"image.default\">\n\t\t\t\t<div class=\"elementor-widget-container\">\n\t\t\t\t\t\t\t\t\t\t\t\t\t\t\t<img fetchpriority=\"high\" decoding=\"async\" width=\"682\" height=\"1024\" src=\"https:\/\/www.lichen.pl\/wp-content\/uploads\/2021\/08\/IMG_2895-682x1024.jpg\" class=\"attachment-large size-large wp-image-25962\" alt=\"\" srcset=\"https:\/\/www.lichen.pl\/wp-content\/uploads\/2021\/08\/IMG_2895-682x1024.jpg 682w, https:\/\/www.lichen.pl\/wp-content\/uploads\/2021\/08\/IMG_2895-800x1200.jpg 800w, https:\/\/www.lichen.pl\/wp-content\/uploads\/2021\/08\/IMG_2895-200x300.jpg 200w, https:\/\/www.lichen.pl\/wp-content\/uploads\/2021\/08\/IMG_2895-768x1152.jpg 768w, https:\/\/www.lichen.pl\/wp-content\/uploads\/2021\/08\/IMG_2895-1024x1536.jpg 1024w, https:\/\/www.lichen.pl\/wp-content\/uploads\/2021\/08\/IMG_2895.jpg 853w\" sizes=\"(max-width: 682px) 100vw, 682px\" \/>\t\t\t\t\t\t\t\t\t\t\t\t\t\t\t<\/div>\n\t\t\t\t<\/div>\n\t\t\t\t\t<\/div>\n\t\t<\/div>\n\t\t\t\t<div class=\"elementor-column elementor-col-50 elementor-inner-column elementor-element elementor-element-6e2174f\" data-id=\"6e2174f\" data-element_type=\"column\" data-e-type=\"column\">\n\t\t\t<div class=\"elementor-widget-wrap elementor-element-populated\">\n\t\t\t\t\t\t<div class=\"elementor-element elementor-element-5b4d734 elementor-widget elementor-widget-text-editor\" data-id=\"5b4d734\" data-element_type=\"widget\" data-e-type=\"widget\" data-widget_type=\"text-editor.default\">\n\t\t\t\t<div class=\"elementor-widget-container\">\n\t\t\t\t\t\t\t\t\t<p>Fr. Kumala noted that it often happens that people who are divorced do not feel needed in the Church when they live in a non-sacramental relationship. But these people are in the Church and, like everyone else, they need forgiveness, healing and salvation. They are also invited to listen to the word of God, participate in Holy Mass, pray, educate children in a Christian way, do good and engage in the life of the Church. &quot;<strong>They must not be rejected and condemned, but embraced with mercy<\/strong>&quot; - added.<\/p><p>The biggest problem, according to the curator, is the impermanence of marriages. He noted that married couples are unable to solve the difficulties that arise in their life together, which in turn leads to breakups and divorces. - &quot;<strong>Married couples should constantly care for mutual love and abide in Christ, because He is the guarantor of the durability of the marriage relationship<\/strong>&quot;- he stressed.<\/p>\t\t\t\t\t\t\t\t<\/div>\n\t\t\t\t<\/div>\n\t\t\t\t\t<\/div>\n\t\t<\/div>\n\t\t\t\t\t<\/div>\n\t\t<\/section>\n\t\t\t\t<div class=\"elementor-element elementor-element-a533af5 elementor-widget elementor-widget-text-editor\" data-id=\"a533af5\" data-element_type=\"widget\" data-e-type=\"widget\" data-widget_type=\"text-editor.default\">\n\t\t\t\t<div class=\"elementor-widget-container\">\n\t\t\t\t\t\t\t\t\t<p>Referring to the Sunday Gospel, he encouraged: &quot;<strong>May the stay in the sanctuary revive our longing for the Eucharist and bring us closer to brothers and sisters living in non-sacramental relationships who need our prayer and embrace, following the example of Christ. They must be understood, supported and accompanied on the way of salvation. Let this be a sign of our care for each other<\/strong>&quot;.<\/p><p>The Liche\u0144 sanctuary is a place where every Saturday during the evening Mass at. At 7.00 p.m., married couples can renew the oath taken on the wedding day as a sign of a deep and sincere resolve to persist in the sacramental marriage - for good or bad.<\/p>\t\t\t\t\t\t\t\t<\/div>\n\t\t\t\t<\/div>\n\t\t\t\t<div class=\"elementor-element elementor-element-7ebd3b8 elementor-widget elementor-widget-text-editor\" data-id=\"7ebd3b8\" data-element_type=\"widget\" data-e-type=\"widget\" data-widget_type=\"text-editor.default\">\n\t\t\t\t<div class=\"elementor-widget-container\">\n\t\t\t\t\t\t\t\t\t<p>After the mass the faithful heard a concert of a patriotic song performed by the Sanctuary Brass Quintet on the 77th anniversary of the Warsaw Uprising. During the concert, the musicians performed the most famous patriotic pieces, including: <em>Red poppies in Monte Cassino<\/em>, <em>Gray Infantry<\/em>, <em>The motherland does<\/em> if <em>The Warsaw Polonaise. <\/em><\/p><p>However, at At 5.00 p.m., that is exactly on the 77th anniversary of the Warsaw Uprising, we heard the voice of the bell &quot;Mary the Mother of God&quot;, the largest bell in Poland, as a tribute to the heroic Warsaw insurgents of 1944.<\/p>\t\t\t\t\t\t\t\t<\/div>\n\t\t\t\t<\/div>\n\t\t\t\t<div class=\"elementor-element elementor-element-de79c14 elementor-widget-divider--view-line_icon elementor-view-default elementor-widget-divider--element-align-center elementor-widget elementor-widget-divider\" data-id=\"de79c14\" data-element_type=\"widget\" data-e-type=\"widget\" data-widget_type=\"divider.default\">\n\t\t\t\t<div class=\"elementor-widget-container\">\n\t\t\t\t\t\t\t<div class=\"elementor-divider\">\n\t\t\t<span class=\"elementor-divider-separator\">\n\t\t\t\t\t\t\t<div class=\"elementor-icon elementor-divider__element\">\n\t\t\t\t\t<i aria-hidden=\"true\" class=\"fas fa-camera\"><\/i><\/div>\n\t\t\t\t\t\t<\/span>\n\t\t<\/div>\n\t\t\t\t\t\t<\/div>\n\t\t\t\t<\/div>\n\t\t\t\t<div class=\"elementor-element elementor-element-3b94541 elementor-widget elementor-widget-gallery\" data-id=\"3b94541\" data-element_type=\"widget\" data-e-type=\"widget\" data-settings=\"{&quot;columns&quot;:9,&quot;gap&quot;:{&quot;unit&quot;:&quot;px&quot;,&quot;size&quot;:3,&quot;sizes&quot;:[]},&quot;lazyload&quot;:&quot;yes&quot;,&quot;gallery_layout&quot;:&quot;grid&quot;,&quot;columns_tablet&quot;:2,&quot;columns_mobile&quot;:1,&quot;gap_tablet&quot;:{&quot;unit&quot;:&quot;px&quot;,&quot;size&quot;:10,&quot;sizes&quot;:[]},&quot;gap_mobile&quot;:{&quot;unit&quot;:&quot;px&quot;,&quot;size&quot;:10,&quot;sizes&quot;:[]},&quot;link_to&quot;:&quot;file&quot;,&quot;aspect_ratio&quot;:&quot;3:2&quot;,&quot;overlay_background&quot;:&quot;yes&quot;,&quot;content_hover_animation&quot;:&quot;fade-in&quot;}\" data-widget_type=\"gallery.default\">\n\t\t\t\t<div class=\"elementor-widget-container\">\n\t\t\t\t\t\t\t<div class=\"elementor-gallery__container\">\n\t\t\t\t\t\t\t<a class=\"e-gallery-item elementor-gallery-item elementor-animated-content\" href=\"https:\/\/www.lichen.pl\/wp-content\/uploads\/2021\/08\/IMG_2820.jpg\" data-elementor-open-lightbox=\"yes\" data-elementor-lightbox-slideshow=\"3b94541\" data-elementor-lightbox-title=\"Dzie\u0144 Zwi\u0105zk\u00f3w Niesakramentalnych 1 sierpie\u0144 2021\" data-e-action-hash=\"#elementor-action%3Aaction%3Dlightbox%26settings%3DeyJpZCI6MjYyMzMsInVybCI6Imh0dHBzOlwvXC93d3cubGljaGVuLnBsXC93cC1jb250ZW50XC91cGxvYWRzXC8yMDIxXC8wOFwvSU1HXzI4MjAuanBnIiwic2xpZGVzaG93IjoiM2I5NDU0MSJ9\">\n\t\t\t\t\t<div class=\"e-gallery-image elementor-gallery-item__image\" data-thumbnail=\"https:\/\/www.lichen.pl\/wp-content\/uploads\/2021\/08\/IMG_2820-200x300.jpg\" data-width=\"200\" data-height=\"300\" aria-label=\"\" role=\"img\" ><\/div>\n\t\t\t\t\t\t\t\t\t\t\t<div class=\"elementor-gallery-item__overlay\"><\/div>\n\t\t\t\t\t\t\t\t\t\t\t\t\t\t<\/a>\n\t\t\t\t\t\t\t<a class=\"e-gallery-item elementor-gallery-item elementor-animated-content\" href=\"https:\/\/www.lichen.pl\/wp-content\/uploads\/2021\/08\/IMG_2863.jpg\" data-elementor-open-lightbox=\"yes\" data-elementor-lightbox-slideshow=\"3b94541\" data-elementor-lightbox-title=\"Dzie\u0144 Zwi\u0105zk\u00f3w Niesakramentalnych 1 sierpie\u0144 2021\" data-e-action-hash=\"#elementor-action%3Aaction%3Dlightbox%26settings%3DeyJpZCI6MjYyNDgsInVybCI6Imh0dHBzOlwvXC93d3cubGljaGVuLnBsXC93cC1jb250ZW50XC91cGxvYWRzXC8yMDIxXC8wOFwvSU1HXzI4NjMuanBnIiwic2xpZGVzaG93IjoiM2I5NDU0MSJ9\">\n\t\t\t\t\t<div class=\"e-gallery-image elementor-gallery-item__image\" data-thumbnail=\"https:\/\/www.lichen.pl\/wp-content\/uploads\/2021\/08\/IMG_2863-200x300.jpg\" data-width=\"200\" data-height=\"300\" aria-label=\"\" role=\"img\" ><\/div>\n\t\t\t\t\t\t\t\t\t\t\t<div class=\"elementor-gallery-item__overlay\"><\/div>\n\t\t\t\t\t\t\t\t\t\t\t\t\t\t<\/a>\n\t\t\t\t\t\t\t<a class=\"e-gallery-item elementor-gallery-item elementor-animated-content\" href=\"https:\/\/www.lichen.pl\/wp-content\/uploads\/2021\/08\/IMG_2831.jpg\" data-elementor-open-lightbox=\"yes\" data-elementor-lightbox-slideshow=\"3b94541\" data-elementor-lightbox-title=\"Dzie\u0144 Zwi\u0105zk\u00f3w Niesakramentalnych 1 sierpie\u0144 2021\" data-e-action-hash=\"#elementor-action%3Aaction%3Dlightbox%26settings%3DeyJpZCI6MjYyMzgsInVybCI6Imh0dHBzOlwvXC93d3cubGljaGVuLnBsXC93cC1jb250ZW50XC91cGxvYWRzXC8yMDIxXC8wOFwvSU1HXzI4MzEuanBnIiwic2xpZGVzaG93IjoiM2I5NDU0MSJ9\">\n\t\t\t\t\t<div class=\"e-gallery-image elementor-gallery-item__image\" data-thumbnail=\"https:\/\/www.lichen.pl\/wp-content\/uploads\/2021\/08\/IMG_2831-200x300.jpg\" data-width=\"200\" data-height=\"300\" aria-label=\"\" role=\"img\" ><\/div>\n\t\t\t\t\t\t\t\t\t\t\t<div class=\"elementor-gallery-item__overlay\"><\/div>\n\t\t\t\t\t\t\t\t\t\t\t\t\t\t<\/a>\n\t\t\t\t\t\t\t<a class=\"e-gallery-item elementor-gallery-item elementor-animated-content\" href=\"https:\/\/www.lichen.pl\/wp-content\/uploads\/2021\/08\/IMG_2840.jpg\" data-elementor-open-lightbox=\"yes\" data-elementor-lightbox-slideshow=\"3b94541\" data-elementor-lightbox-title=\"Dzie\u0144 Zwi\u0105zk\u00f3w Niesakramentalnych 1 sierpie\u0144 2021\" data-e-action-hash=\"#elementor-action%3Aaction%3Dlightbox%26settings%3DeyJpZCI6MjYyNDMsInVybCI6Imh0dHBzOlwvXC93d3cubGljaGVuLnBsXC93cC1jb250ZW50XC91cGxvYWRzXC8yMDIxXC8wOFwvSU1HXzI4NDAuanBnIiwic2xpZGVzaG93IjoiM2I5NDU0MSJ9\">\n\t\t\t\t\t<div class=\"e-gallery-image elementor-gallery-item__image\" data-thumbnail=\"https:\/\/www.lichen.pl\/wp-content\/uploads\/2021\/08\/IMG_2840-200x300.jpg\" data-width=\"200\" data-height=\"300\" aria-label=\"\" role=\"img\" ><\/div>\n\t\t\t\t\t\t\t\t\t\t\t<div class=\"elementor-gallery-item__overlay\"><\/div>\n\t\t\t\t\t\t\t\t\t\t\t\t\t\t<\/a>\n\t\t\t\t\t\t\t<a class=\"e-gallery-item elementor-gallery-item elementor-animated-content\" href=\"https:\/\/www.lichen.pl\/wp-content\/uploads\/2021\/08\/IMG_2912.jpg\" data-elementor-open-lightbox=\"yes\" data-elementor-lightbox-slideshow=\"3b94541\" data-elementor-lightbox-title=\"Dzie\u0144 Zwi\u0105zk\u00f3w Niesakramentalnych 1 sierpie\u0144 2021\" data-e-action-hash=\"#elementor-action%3Aaction%3Dlightbox%26settings%3DeyJpZCI6MjYyNzMsInVybCI6Imh0dHBzOlwvXC93d3cubGljaGVuLnBsXC93cC1jb250ZW50XC91cGxvYWRzXC8yMDIxXC8wOFwvSU1HXzI5MTIuanBnIiwic2xpZGVzaG93IjoiM2I5NDU0MSJ9\">\n\t\t\t\t\t<div class=\"e-gallery-image elementor-gallery-item__image\" data-thumbnail=\"https:\/\/www.lichen.pl\/wp-content\/uploads\/2021\/08\/IMG_2912-300x200.jpg\" data-width=\"300\" data-height=\"200\" aria-label=\"\" role=\"img\" ><\/div>\n\t\t\t\t\t\t\t\t\t\t\t<div class=\"elementor-gallery-item__overlay\"><\/div>\n\t\t\t\t\t\t\t\t\t\t\t\t\t\t<\/a>\n\t\t\t\t\t\t\t<a class=\"e-gallery-item elementor-gallery-item elementor-animated-content\" href=\"https:\/\/www.lichen.pl\/wp-content\/uploads\/2021\/08\/IMG_2864.jpg\" data-elementor-open-lightbox=\"yes\" data-elementor-lightbox-slideshow=\"3b94541\" data-elementor-lightbox-title=\"Dzie\u0144 Zwi\u0105zk\u00f3w Niesakramentalnych 1 sierpie\u0144 2021\" data-e-action-hash=\"#elementor-action%3Aaction%3Dlightbox%26settings%3DeyJpZCI6MjYyNTMsInVybCI6Imh0dHBzOlwvXC93d3cubGljaGVuLnBsXC93cC1jb250ZW50XC91cGxvYWRzXC8yMDIxXC8wOFwvSU1HXzI4NjQuanBnIiwic2xpZGVzaG93IjoiM2I5NDU0MSJ9\">\n\t\t\t\t\t<div class=\"e-gallery-image elementor-gallery-item__image\" data-thumbnail=\"https:\/\/www.lichen.pl\/wp-content\/uploads\/2021\/08\/IMG_2864-300x200.jpg\" data-width=\"300\" data-height=\"200\" aria-label=\"\" role=\"img\" ><\/div>\n\t\t\t\t\t\t\t\t\t\t\t<div class=\"elementor-gallery-item__overlay\"><\/div>\n\t\t\t\t\t\t\t\t\t\t\t\t\t\t<\/a>\n\t\t\t\t\t\t\t<a class=\"e-gallery-item elementor-gallery-item elementor-animated-content\" href=\"https:\/\/www.lichen.pl\/wp-content\/uploads\/2021\/08\/IMG_2871.jpg\" data-elementor-open-lightbox=\"yes\" data-elementor-lightbox-slideshow=\"3b94541\" data-elementor-lightbox-title=\"Dzie\u0144 Zwi\u0105zk\u00f3w Niesakramentalnych 1 sierpie\u0144 2021\" data-e-action-hash=\"#elementor-action%3Aaction%3Dlightbox%26settings%3DeyJpZCI6MjYyNTgsInVybCI6Imh0dHBzOlwvXC93d3cubGljaGVuLnBsXC93cC1jb250ZW50XC91cGxvYWRzXC8yMDIxXC8wOFwvSU1HXzI4NzEuanBnIiwic2xpZGVzaG93IjoiM2I5NDU0MSJ9\">\n\t\t\t\t\t<div class=\"e-gallery-image elementor-gallery-item__image\" data-thumbnail=\"https:\/\/www.lichen.pl\/wp-content\/uploads\/2021\/08\/IMG_2871-300x200.jpg\" data-width=\"300\" data-height=\"200\" aria-label=\"\" role=\"img\" ><\/div>\n\t\t\t\t\t\t\t\t\t\t\t<div class=\"elementor-gallery-item__overlay\"><\/div>\n\t\t\t\t\t\t\t\t\t\t\t\t\t\t<\/a>\n\t\t\t\t\t\t\t<a class=\"e-gallery-item elementor-gallery-item elementor-animated-content\" href=\"https:\/\/www.lichen.pl\/wp-content\/uploads\/2021\/08\/IMG_2881.jpg\" data-elementor-open-lightbox=\"yes\" data-elementor-lightbox-slideshow=\"3b94541\" data-elementor-lightbox-title=\"Dzie\u0144 Zwi\u0105zk\u00f3w Niesakramentalnych 1 sierpie\u0144 2021\" data-e-action-hash=\"#elementor-action%3Aaction%3Dlightbox%26settings%3DeyJpZCI6MjYyNjMsInVybCI6Imh0dHBzOlwvXC93d3cubGljaGVuLnBsXC93cC1jb250ZW50XC91cGxvYWRzXC8yMDIxXC8wOFwvSU1HXzI4ODEuanBnIiwic2xpZGVzaG93IjoiM2I5NDU0MSJ9\">\n\t\t\t\t\t<div class=\"e-gallery-image elementor-gallery-item__image\" data-thumbnail=\"https:\/\/www.lichen.pl\/wp-content\/uploads\/2021\/08\/IMG_2881-200x300.jpg\" data-width=\"200\" data-height=\"300\" aria-label=\"\" role=\"img\" ><\/div>\n\t\t\t\t\t\t\t\t\t\t\t<div class=\"elementor-gallery-item__overlay\"><\/div>\n\t\t\t\t\t\t\t\t\t\t\t\t\t\t<\/a>\n\t\t\t\t\t\t\t<a class=\"e-gallery-item elementor-gallery-item elementor-animated-content\" href=\"https:\/\/www.lichen.pl\/wp-content\/uploads\/2021\/08\/IMG_2895-1.jpg\" data-elementor-open-lightbox=\"yes\" data-elementor-lightbox-slideshow=\"3b94541\" data-elementor-lightbox-title=\"Dzie\u0144 Zwi\u0105zk\u00f3w Niesakramentalnych 1 sierpie\u0144 2021\" data-e-action-hash=\"#elementor-action%3Aaction%3Dlightbox%26settings%3DeyJpZCI6MjYyNjgsInVybCI6Imh0dHBzOlwvXC93d3cubGljaGVuLnBsXC93cC1jb250ZW50XC91cGxvYWRzXC8yMDIxXC8wOFwvSU1HXzI4OTUtMS5qcGciLCJzbGlkZXNob3ciOiIzYjk0NTQxIn0%3D\">\n\t\t\t\t\t<div class=\"e-gallery-image elementor-gallery-item__image\" data-thumbnail=\"https:\/\/www.lichen.pl\/wp-content\/uploads\/2021\/08\/IMG_2895-1-200x300.jpg\" data-width=\"200\" data-height=\"300\" aria-label=\"\" role=\"img\" ><\/div>\n\t\t\t\t\t\t\t\t\t\t\t<div class=\"elementor-gallery-item__overlay\"><\/div>\n\t\t\t\t\t\t\t\t\t\t\t\t\t\t<\/a>\n\t\t\t\t\t<\/div>\n\t\t\t\t\t<\/div>\n\t\t\t\t<\/div>\n\t\t\t\t<div class=\"elementor-element elementor-element-cec0e64 elementor-widget elementor-widget-gallery\" data-id=\"cec0e64\" data-element_type=\"widget\" data-e-type=\"widget\" data-settings=\"{&quot;columns&quot;:6,&quot;lazyload&quot;:&quot;yes&quot;,&quot;gallery_layout&quot;:&quot;grid&quot;,&quot;columns_tablet&quot;:2,&quot;columns_mobile&quot;:1,&quot;gap&quot;:{&quot;unit&quot;:&quot;px&quot;,&quot;size&quot;:10,&quot;sizes&quot;:[]},&quot;gap_tablet&quot;:{&quot;unit&quot;:&quot;px&quot;,&quot;size&quot;:10,&quot;sizes&quot;:[]},&quot;gap_mobile&quot;:{&quot;unit&quot;:&quot;px&quot;,&quot;size&quot;:10,&quot;sizes&quot;:[]},&quot;link_to&quot;:&quot;file&quot;,&quot;aspect_ratio&quot;:&quot;3:2&quot;,&quot;overlay_background&quot;:&quot;yes&quot;,&quot;content_hover_animation&quot;:&quot;fade-in&quot;}\" data-widget_type=\"gallery.default\">\n\t\t\t\t<div class=\"elementor-widget-container\">\n\t\t\t\t\t\t\t<div class=\"elementor-gallery__container\">\n\t\t\t\t\t<\/div>\n\t\t\t\t\t<\/div>\n\t\t\t\t<\/div>\n\t\t\t\t<div class=\"elementor-element elementor-element-775287a elementor-widget-divider--view-line elementor-widget elementor-widget-divider\" data-id=\"775287a\" data-element_type=\"widget\" data-e-type=\"widget\" data-widget_type=\"divider.default\">\n\t\t\t\t<div class=\"elementor-widget-container\">\n\t\t\t\t\t\t\t<div class=\"elementor-divider\">\n\t\t\t<span class=\"elementor-divider-separator\">\n\t\t\t\t\t\t<\/span>\n\t\t<\/div>\n\t\t\t\t\t\t<\/div>\n\t\t\t\t<\/div>\n\t\t\t\t\t<\/div>\n\t\t<\/div>\n\t\t\t\t\t<\/div>\n\t\t<\/section>\n\t\t\t\t<\/div>","protected":false},"excerpt":{"rendered":"<p>Za osoby \u017cyj\u0105ce w zwi\u0105zkach niesakramentalnych modlono si\u0119 w niedziel\u0119, 1 sierpnia, w Sanktuarium Maryjnym w Licheniu Starym. W homilii podczas po\u0142udniowej Mszy \u015bw. sprawowanej przed Cudownym Obrazem Matki Bo\u017cej Liche\u0144skiej, ks. Janusz Kumala MIC, kustosz sanktuarium, zwracaj\u0105c si\u0119 do os\u00f3b \u017cyj\u0105cych w takich w\u0142a\u015bnie relacjach, powiedzia\u0142: \u201eJeste\u015bcie w dobrym miejscu; nie jeste\u015bcie na marginesie [&hellip;]<\/p>\n","protected":false},"author":4,"featured_media":25986,"comment_status":"open","ping_status":"open","sticky":false,"template":"","format":"standard","meta":{"footnotes":""},"categories":[1],"tags":[],"class_list":["post-25961","post","type-post","status-publish","format-standard","has-post-thumbnail","hentry","category-aktualnosci","wpbf-post"],"yoast_head":"<!-- This site is optimized with the Yoast SEO plugin v27.5 - https:\/\/yoast.com\/product\/yoast-seo-wordpress\/ -->\n<title>III Og\u00f3lnopolski Dzie\u0144 modlitw w intencji os\u00f3b \u017cyj\u0105cych w zwi\u0105zkach niesakramentalnych - SANKTUARIUM W LICHENIU<\/title>\n<meta name=\"robots\" content=\"index, follow, max-snippet:-1, max-image-preview:large, max-video-preview:-1\" \/>\n<link rel=\"canonical\" href=\"https:\/\/www.lichen.pl\/en\/iii-ogolnopolski-dzien-modlitw-w-intencji-osob-zyjacych-w-zwiazkach-niesakramentalnych\/\" \/>\n<meta property=\"og:locale\" content=\"en_GB\" \/>\n<meta property=\"og:type\" content=\"article\" \/>\n<meta property=\"og:title\" content=\"III Og\u00f3lnopolski Dzie\u0144 modlitw w intencji os\u00f3b \u017cyj\u0105cych w zwi\u0105zkach niesakramentalnych - SANKTUARIUM W LICHENIU\" \/>\n<meta property=\"og:description\" content=\"Za osoby \u017cyj\u0105ce w zwi\u0105zkach niesakramentalnych modlono si\u0119 w niedziel\u0119, 1 sierpnia, w Sanktuarium Maryjnym w Licheniu Starym. W homilii podczas po\u0142udniowej Mszy \u015bw. sprawowanej przed Cudownym Obrazem Matki Bo\u017cej Liche\u0144skiej, ks. Janusz Kumala MIC, kustosz sanktuarium, zwracaj\u0105c si\u0119 do os\u00f3b \u017cyj\u0105cych w takich w\u0142a\u015bnie relacjach, powiedzia\u0142: \u201eJeste\u015bcie w dobrym miejscu; nie jeste\u015bcie na marginesie [&hellip;]\" \/>\n<meta property=\"og:url\" content=\"https:\/\/www.lichen.pl\/en\/iii-ogolnopolski-dzien-modlitw-w-intencji-osob-zyjacych-w-zwiazkach-niesakramentalnych\/\" \/>\n<meta property=\"og:site_name\" content=\"SANKTUARIUM W LICHENIU\" \/>\n<meta property=\"article:published_time\" content=\"2021-08-01T13:55:59+00:00\" \/>\n<meta property=\"article:modified_time\" content=\"2021-08-03T12:19:55+00:00\" \/>\n<meta property=\"og:image\" content=\"https:\/\/www.lichen.pl\/wp-content\/uploads\/2021\/08\/Zwiazki.jpg\" \/>\n\t<meta property=\"og:image:width\" content=\"1307\" \/>\n\t<meta property=\"og:image:height\" content=\"968\" \/>\n\t<meta property=\"og:image:type\" content=\"image\/jpeg\" \/>\n<meta name=\"author\" content=\"ROBERT ADAMCZYK\" \/>\n<meta name=\"twitter:card\" content=\"summary_large_image\" \/>\n<meta name=\"twitter:label1\" content=\"Written by\" \/>\n\t<meta name=\"twitter:data1\" content=\"ROBERT ADAMCZYK\" \/>\n\t<meta name=\"twitter:label2\" content=\"Estimated reading time\" \/>\n\t<meta name=\"twitter:data2\" content=\"3 minutes\" \/>\n<script type=\"application\/ld+json\" class=\"yoast-schema-graph\">{\"@context\":\"https:\\\/\\\/schema.org\",\"@graph\":[{\"@type\":\"Article\",\"@id\":\"https:\\\/\\\/www.lichen.pl\\\/de\\\/iii-ogolnopolski-dzien-modlitw-w-intencji-osob-zyjacych-w-zwiazkach-niesakramentalnych\\\/#article\",\"isPartOf\":{\"@id\":\"https:\\\/\\\/www.lichen.pl\\\/de\\\/iii-ogolnopolski-dzien-modlitw-w-intencji-osob-zyjacych-w-zwiazkach-niesakramentalnych\\\/\"},\"author\":{\"name\":\"ROBERT ADAMCZYK\",\"@id\":\"https:\\\/\\\/www.lichen.pl\\\/fr\\\/#\\\/schema\\\/person\\\/c06cd926b95870cc59f18d6ee6e33da5\"},\"headline\":\"III Og\u00f3lnopolski Dzie\u0144 modlitw w intencji os\u00f3b \u017cyj\u0105cych w zwi\u0105zkach niesakramentalnych\",\"datePublished\":\"2021-08-01T13:55:59+00:00\",\"dateModified\":\"2021-08-03T12:19:55+00:00\",\"mainEntityOfPage\":{\"@id\":\"https:\\\/\\\/www.lichen.pl\\\/de\\\/iii-ogolnopolski-dzien-modlitw-w-intencji-osob-zyjacych-w-zwiazkach-niesakramentalnych\\\/\"},\"wordCount\":628,\"commentCount\":0,\"image\":{\"@id\":\"https:\\\/\\\/www.lichen.pl\\\/de\\\/iii-ogolnopolski-dzien-modlitw-w-intencji-osob-zyjacych-w-zwiazkach-niesakramentalnych\\\/#primaryimage\"},\"thumbnailUrl\":\"https:\\\/\\\/www.lichen.pl\\\/wp-content\\\/uploads\\\/2021\\\/08\\\/Zwiazki.jpg\",\"articleSection\":[\"Aktualno\u015bci\"],\"inLanguage\":\"en-GB\",\"potentialAction\":[{\"@type\":\"CommentAction\",\"name\":\"Comment\",\"target\":[\"https:\\\/\\\/www.lichen.pl\\\/de\\\/iii-ogolnopolski-dzien-modlitw-w-intencji-osob-zyjacych-w-zwiazkach-niesakramentalnych\\\/#respond\"]}]},{\"@type\":\"WebPage\",\"@id\":\"https:\\\/\\\/www.lichen.pl\\\/de\\\/iii-ogolnopolski-dzien-modlitw-w-intencji-osob-zyjacych-w-zwiazkach-niesakramentalnych\\\/\",\"url\":\"https:\\\/\\\/www.lichen.pl\\\/de\\\/iii-ogolnopolski-dzien-modlitw-w-intencji-osob-zyjacych-w-zwiazkach-niesakramentalnych\\\/\",\"name\":\"III Og\u00f3lnopolski Dzie\u0144 modlitw w intencji os\u00f3b \u017cyj\u0105cych w zwi\u0105zkach niesakramentalnych - SANKTUARIUM W LICHENIU\",\"isPartOf\":{\"@id\":\"https:\\\/\\\/www.lichen.pl\\\/fr\\\/#website\"},\"primaryImageOfPage\":{\"@id\":\"https:\\\/\\\/www.lichen.pl\\\/de\\\/iii-ogolnopolski-dzien-modlitw-w-intencji-osob-zyjacych-w-zwiazkach-niesakramentalnych\\\/#primaryimage\"},\"image\":{\"@id\":\"https:\\\/\\\/www.lichen.pl\\\/de\\\/iii-ogolnopolski-dzien-modlitw-w-intencji-osob-zyjacych-w-zwiazkach-niesakramentalnych\\\/#primaryimage\"},\"thumbnailUrl\":\"https:\\\/\\\/www.lichen.pl\\\/wp-content\\\/uploads\\\/2021\\\/08\\\/Zwiazki.jpg\",\"datePublished\":\"2021-08-01T13:55:59+00:00\",\"dateModified\":\"2021-08-03T12:19:55+00:00\",\"author\":{\"@id\":\"https:\\\/\\\/www.lichen.pl\\\/fr\\\/#\\\/schema\\\/person\\\/c06cd926b95870cc59f18d6ee6e33da5\"},\"breadcrumb\":{\"@id\":\"https:\\\/\\\/www.lichen.pl\\\/de\\\/iii-ogolnopolski-dzien-modlitw-w-intencji-osob-zyjacych-w-zwiazkach-niesakramentalnych\\\/#breadcrumb\"},\"inLanguage\":\"en-GB\",\"potentialAction\":[{\"@type\":\"ReadAction\",\"target\":[\"https:\\\/\\\/www.lichen.pl\\\/de\\\/iii-ogolnopolski-dzien-modlitw-w-intencji-osob-zyjacych-w-zwiazkach-niesakramentalnych\\\/\"]}]},{\"@type\":\"ImageObject\",\"inLanguage\":\"en-GB\",\"@id\":\"https:\\\/\\\/www.lichen.pl\\\/de\\\/iii-ogolnopolski-dzien-modlitw-w-intencji-osob-zyjacych-w-zwiazkach-niesakramentalnych\\\/#primaryimage\",\"url\":\"https:\\\/\\\/www.lichen.pl\\\/wp-content\\\/uploads\\\/2021\\\/08\\\/Zwiazki.jpg\",\"contentUrl\":\"https:\\\/\\\/www.lichen.pl\\\/wp-content\\\/uploads\\\/2021\\\/08\\\/Zwiazki.jpg\",\"width\":1307,\"height\":968},{\"@type\":\"BreadcrumbList\",\"@id\":\"https:\\\/\\\/www.lichen.pl\\\/de\\\/iii-ogolnopolski-dzien-modlitw-w-intencji-osob-zyjacych-w-zwiazkach-niesakramentalnych\\\/#breadcrumb\",\"itemListElement\":[{\"@type\":\"ListItem\",\"position\":1,\"name\":\"Strona g\u0142\u00f3wna\",\"item\":\"https:\\\/\\\/www.lichen.pl\\\/\"},{\"@type\":\"ListItem\",\"position\":2,\"name\":\"III Og\u00f3lnopolski Dzie\u0144 modlitw w intencji os\u00f3b \u017cyj\u0105cych w zwi\u0105zkach niesakramentalnych\"}]},{\"@type\":\"WebSite\",\"@id\":\"https:\\\/\\\/www.lichen.pl\\\/fr\\\/#website\",\"url\":\"https:\\\/\\\/www.lichen.pl\\\/fr\\\/\",\"name\":\"SANKTUARIUM W LICHENIU\",\"description\":\"MATKI BO\u017bEJ LICHE\u0143SKIEJ BOLESNEJ KR\u00d3LOWEJ POLSKI\",\"potentialAction\":[{\"@type\":\"SearchAction\",\"target\":{\"@type\":\"EntryPoint\",\"urlTemplate\":\"https:\\\/\\\/www.lichen.pl\\\/fr\\\/?s={search_term_string}\"},\"query-input\":{\"@type\":\"PropertyValueSpecification\",\"valueRequired\":true,\"valueName\":\"search_term_string\"}}],\"inLanguage\":\"en-GB\"},{\"@type\":\"Person\",\"@id\":\"https:\\\/\\\/www.lichen.pl\\\/fr\\\/#\\\/schema\\\/person\\\/c06cd926b95870cc59f18d6ee6e33da5\",\"name\":\"ROBERT ADAMCZYK\",\"image\":{\"@type\":\"ImageObject\",\"inLanguage\":\"en-GB\",\"@id\":\"https:\\\/\\\/secure.gravatar.com\\\/avatar\\\/53c330430596e73552f4c356c2e47c209ff8f6352a5106011c9b6abcce5e00df?s=96&d=retro&r=g\",\"url\":\"https:\\\/\\\/secure.gravatar.com\\\/avatar\\\/53c330430596e73552f4c356c2e47c209ff8f6352a5106011c9b6abcce5e00df?s=96&d=retro&r=g\",\"contentUrl\":\"https:\\\/\\\/secure.gravatar.com\\\/avatar\\\/53c330430596e73552f4c356c2e47c209ff8f6352a5106011c9b6abcce5e00df?s=96&d=retro&r=g\",\"caption\":\"ROBERT ADAMCZYK\"},\"url\":\"https:\\\/\\\/www.lichen.pl\\\/en\\\/author\\\/press\\\/\"}]}<\/script>\n<!-- \/ Yoast SEO plugin. -->","yoast_head_json":{"title":"III Og\u00f3lnopolski Dzie\u0144 modlitw w intencji os\u00f3b \u017cyj\u0105cych w zwi\u0105zkach niesakramentalnych - SANKTUARIUM W LICHENIU","robots":{"index":"index","follow":"follow","max-snippet":"max-snippet:-1","max-image-preview":"max-image-preview:large","max-video-preview":"max-video-preview:-1"},"canonical":"https:\/\/www.lichen.pl\/en\/iii-ogolnopolski-dzien-modlitw-w-intencji-osob-zyjacych-w-zwiazkach-niesakramentalnych\/","og_locale":"en_GB","og_type":"article","og_title":"III Og\u00f3lnopolski Dzie\u0144 modlitw w intencji os\u00f3b \u017cyj\u0105cych w zwi\u0105zkach niesakramentalnych - SANKTUARIUM W LICHENIU","og_description":"Za osoby \u017cyj\u0105ce w zwi\u0105zkach niesakramentalnych modlono si\u0119 w niedziel\u0119, 1 sierpnia, w Sanktuarium Maryjnym w Licheniu Starym. W homilii podczas po\u0142udniowej Mszy \u015bw. sprawowanej przed Cudownym Obrazem Matki Bo\u017cej Liche\u0144skiej, ks. Janusz Kumala MIC, kustosz sanktuarium, zwracaj\u0105c si\u0119 do os\u00f3b \u017cyj\u0105cych w takich w\u0142a\u015bnie relacjach, powiedzia\u0142: \u201eJeste\u015bcie w dobrym miejscu; nie jeste\u015bcie na marginesie [&hellip;]","og_url":"https:\/\/www.lichen.pl\/en\/iii-ogolnopolski-dzien-modlitw-w-intencji-osob-zyjacych-w-zwiazkach-niesakramentalnych\/","og_site_name":"SANKTUARIUM W LICHENIU","article_published_time":"2021-08-01T13:55:59+00:00","article_modified_time":"2021-08-03T12:19:55+00:00","og_image":[{"width":1307,"height":968,"url":"https:\/\/www.lichen.pl\/wp-content\/uploads\/2021\/08\/Zwiazki.jpg","type":"image\/jpeg"}],"author":"ROBERT ADAMCZYK","twitter_card":"summary_large_image","twitter_misc":{"Written by":"ROBERT ADAMCZYK","Estimated reading time":"3 minutes"},"schema":{"@context":"https:\/\/schema.org","@graph":[{"@type":"Article","@id":"https:\/\/www.lichen.pl\/de\/iii-ogolnopolski-dzien-modlitw-w-intencji-osob-zyjacych-w-zwiazkach-niesakramentalnych\/#article","isPartOf":{"@id":"https:\/\/www.lichen.pl\/de\/iii-ogolnopolski-dzien-modlitw-w-intencji-osob-zyjacych-w-zwiazkach-niesakramentalnych\/"},"author":{"name":"ROBERT ADAMCZYK","@id":"https:\/\/www.lichen.pl\/fr\/#\/schema\/person\/c06cd926b95870cc59f18d6ee6e33da5"},"headline":"III Og\u00f3lnopolski Dzie\u0144 modlitw w intencji os\u00f3b \u017cyj\u0105cych w zwi\u0105zkach niesakramentalnych","datePublished":"2021-08-01T13:55:59+00:00","dateModified":"2021-08-03T12:19:55+00:00","mainEntityOfPage":{"@id":"https:\/\/www.lichen.pl\/de\/iii-ogolnopolski-dzien-modlitw-w-intencji-osob-zyjacych-w-zwiazkach-niesakramentalnych\/"},"wordCount":628,"commentCount":0,"image":{"@id":"https:\/\/www.lichen.pl\/de\/iii-ogolnopolski-dzien-modlitw-w-intencji-osob-zyjacych-w-zwiazkach-niesakramentalnych\/#primaryimage"},"thumbnailUrl":"https:\/\/www.lichen.pl\/wp-content\/uploads\/2021\/08\/Zwiazki.jpg","articleSection":["Aktualno\u015bci"],"inLanguage":"en-GB","potentialAction":[{"@type":"CommentAction","name":"Comment","target":["https:\/\/www.lichen.pl\/de\/iii-ogolnopolski-dzien-modlitw-w-intencji-osob-zyjacych-w-zwiazkach-niesakramentalnych\/#respond"]}]},{"@type":"WebPage","@id":"https:\/\/www.lichen.pl\/de\/iii-ogolnopolski-dzien-modlitw-w-intencji-osob-zyjacych-w-zwiazkach-niesakramentalnych\/","url":"https:\/\/www.lichen.pl\/de\/iii-ogolnopolski-dzien-modlitw-w-intencji-osob-zyjacych-w-zwiazkach-niesakramentalnych\/","name":"III Og\u00f3lnopolski Dzie\u0144 modlitw w intencji os\u00f3b \u017cyj\u0105cych w zwi\u0105zkach niesakramentalnych - SANKTUARIUM W LICHENIU","isPartOf":{"@id":"https:\/\/www.lichen.pl\/fr\/#website"},"primaryImageOfPage":{"@id":"https:\/\/www.lichen.pl\/de\/iii-ogolnopolski-dzien-modlitw-w-intencji-osob-zyjacych-w-zwiazkach-niesakramentalnych\/#primaryimage"},"image":{"@id":"https:\/\/www.lichen.pl\/de\/iii-ogolnopolski-dzien-modlitw-w-intencji-osob-zyjacych-w-zwiazkach-niesakramentalnych\/#primaryimage"},"thumbnailUrl":"https:\/\/www.lichen.pl\/wp-content\/uploads\/2021\/08\/Zwiazki.jpg","datePublished":"2021-08-01T13:55:59+00:00","dateModified":"2021-08-03T12:19:55+00:00","author":{"@id":"https:\/\/www.lichen.pl\/fr\/#\/schema\/person\/c06cd926b95870cc59f18d6ee6e33da5"},"breadcrumb":{"@id":"https:\/\/www.lichen.pl\/de\/iii-ogolnopolski-dzien-modlitw-w-intencji-osob-zyjacych-w-zwiazkach-niesakramentalnych\/#breadcrumb"},"inLanguage":"en-GB","potentialAction":[{"@type":"ReadAction","target":["https:\/\/www.lichen.pl\/de\/iii-ogolnopolski-dzien-modlitw-w-intencji-osob-zyjacych-w-zwiazkach-niesakramentalnych\/"]}]},{"@type":"ImageObject","inLanguage":"en-GB","@id":"https:\/\/www.lichen.pl\/de\/iii-ogolnopolski-dzien-modlitw-w-intencji-osob-zyjacych-w-zwiazkach-niesakramentalnych\/#primaryimage","url":"https:\/\/www.lichen.pl\/wp-content\/uploads\/2021\/08\/Zwiazki.jpg","contentUrl":"https:\/\/www.lichen.pl\/wp-content\/uploads\/2021\/08\/Zwiazki.jpg","width":1307,"height":968},{"@type":"BreadcrumbList","@id":"https:\/\/www.lichen.pl\/de\/iii-ogolnopolski-dzien-modlitw-w-intencji-osob-zyjacych-w-zwiazkach-niesakramentalnych\/#breadcrumb","itemListElement":[{"@type":"ListItem","position":1,"name":"Strona g\u0142\u00f3wna","item":"https:\/\/www.lichen.pl\/"},{"@type":"ListItem","position":2,"name":"III Og\u00f3lnopolski Dzie\u0144 modlitw w intencji os\u00f3b \u017cyj\u0105cych w zwi\u0105zkach niesakramentalnych"}]},{"@type":"WebSite","@id":"https:\/\/www.lichen.pl\/fr\/#website","url":"https:\/\/www.lichen.pl\/fr\/","name":"SANCTUARY IN LICHENIA","description":"OUR LICHEN&#039;S SORROWFUL QUEEN OF POLAND","potentialAction":[{"@type":"SearchAction","target":{"@type":"EntryPoint","urlTemplate":"https:\/\/www.lichen.pl\/fr\/?s={search_term_string}"},"query-input":{"@type":"PropertyValueSpecification","valueRequired":true,"valueName":"search_term_string"}}],"inLanguage":"en-GB"},{"@type":"Person","@id":"https:\/\/www.lichen.pl\/fr\/#\/schema\/person\/c06cd926b95870cc59f18d6ee6e33da5","name":"ROBERT ADAMCZYK","image":{"@type":"ImageObject","inLanguage":"en-GB","@id":"https:\/\/secure.gravatar.com\/avatar\/53c330430596e73552f4c356c2e47c209ff8f6352a5106011c9b6abcce5e00df?s=96&d=retro&r=g","url":"https:\/\/secure.gravatar.com\/avatar\/53c330430596e73552f4c356c2e47c209ff8f6352a5106011c9b6abcce5e00df?s=96&d=retro&r=g","contentUrl":"https:\/\/secure.gravatar.com\/avatar\/53c330430596e73552f4c356c2e47c209ff8f6352a5106011c9b6abcce5e00df?s=96&d=retro&r=g","caption":"ROBERT ADAMCZYK"},"url":"https:\/\/www.lichen.pl\/en\/author\/press\/"}]}},"_links":{"self":[{"href":"https:\/\/www.lichen.pl\/en\/wp-json\/wp\/v2\/posts\/25961","targetHints":{"allow":["GET"]}}],"collection":[{"href":"https:\/\/www.lichen.pl\/en\/wp-json\/wp\/v2\/posts"}],"about":[{"href":"https:\/\/www.lichen.pl\/en\/wp-json\/wp\/v2\/types\/post"}],"author":[{"embeddable":true,"href":"https:\/\/www.lichen.pl\/en\/wp-json\/wp\/v2\/users\/4"}],"replies":[{"embeddable":true,"href":"https:\/\/www.lichen.pl\/en\/wp-json\/wp\/v2\/comments?post=25961"}],"version-history":[{"count":16,"href":"https:\/\/www.lichen.pl\/en\/wp-json\/wp\/v2\/posts\/25961\/revisions"}],"predecessor-version":[{"id":26386,"href":"https:\/\/www.lichen.pl\/en\/wp-json\/wp\/v2\/posts\/25961\/revisions\/26386"}],"wp:featuredmedia":[{"embeddable":true,"href":"https:\/\/www.lichen.pl\/en\/wp-json\/wp\/v2\/media\/25986"}],"wp:attachment":[{"href":"https:\/\/www.lichen.pl\/en\/wp-json\/wp\/v2\/media?parent=25961"}],"wp:term":[{"taxonomy":"category","embeddable":true,"href":"https:\/\/www.lichen.pl\/en\/wp-json\/wp\/v2\/categories?post=25961"},{"taxonomy":"post_tag","embeddable":true,"href":"https:\/\/www.lichen.pl\/en\/wp-json\/wp\/v2\/tags?post=25961"}],"curies":[{"name":"wp","href":"https:\/\/api.w.org\/{rel}","templated":true}]}}