{"id":27642,"date":"2021-08-14T14:00:51","date_gmt":"2021-08-14T14:00:51","guid":{"rendered":"http:\/\/www.lichen.pl\/iii-pielgrzymka-wspolnoty-rozancowej-copy-copy\/"},"modified":"2021-08-17T18:32:10","modified_gmt":"2021-08-17T18:32:10","slug":"dzien-modlitw-w-intencji-malzenstw-bezdzietnych","status":"publish","type":"post","link":"https:\/\/www.lichen.pl\/en\/dzien-modlitw-w-intencji-malzenstw-bezdzietnych\/","title":{"rendered":"Day of prayers for childless couples"},"content":{"rendered":"<div data-elementor-type=\"wp-post\" data-elementor-id=\"27642\" class=\"elementor elementor-27642\" data-elementor-post-type=\"post\">\n\t\t\t\t\t\t<section class=\"elementor-section elementor-top-section elementor-element elementor-element-67f7123 elementor-section-boxed elementor-section-height-default elementor-section-height-default\" data-id=\"67f7123\" data-element_type=\"section\" data-e-type=\"section\">\n\t\t\t\t\t\t<div class=\"elementor-container elementor-column-gap-default\">\n\t\t\t\t\t<div class=\"elementor-column elementor-col-100 elementor-top-column elementor-element elementor-element-c9f49cd\" data-id=\"c9f49cd\" data-element_type=\"column\" data-e-type=\"column\">\n\t\t\t<div class=\"elementor-widget-wrap elementor-element-populated\">\n\t\t\t\t\t\t<div class=\"elementor-element elementor-element-f6ced2b elementor-widget elementor-widget-heading\" data-id=\"f6ced2b\" data-element_type=\"widget\" data-e-type=\"widget\" data-widget_type=\"heading.default\">\n\t\t\t\t<div class=\"elementor-widget-container\">\n\t\t\t\t\t<h2 class=\"elementor-heading-title elementor-size-default\">On August 14, the memory of St. Maximilian Maria Kolbe, in the Liche\u0144 sanctuary prayed for the intention of couples having problems conceiving a child.<\/h2>\t\t\t\t<\/div>\n\t\t\t\t<\/div>\n\t\t\t\t\t<\/div>\n\t\t<\/div>\n\t\t\t\t\t<\/div>\n\t\t<\/section>\n\t\t\t\t<section class=\"elementor-section elementor-top-section elementor-element elementor-element-ae8e8ea elementor-section-boxed elementor-section-height-default elementor-section-height-default\" data-id=\"ae8e8ea\" data-element_type=\"section\" data-e-type=\"section\">\n\t\t\t\t\t\t<div class=\"elementor-container elementor-column-gap-default\">\n\t\t\t\t\t<div class=\"elementor-column elementor-col-100 elementor-top-column elementor-element elementor-element-249388f\" data-id=\"249388f\" data-element_type=\"column\" data-e-type=\"column\">\n\t\t\t<div class=\"elementor-widget-wrap elementor-element-populated\">\n\t\t\t\t\t\t<section class=\"elementor-section elementor-inner-section elementor-element elementor-element-e7638cd elementor-section-boxed elementor-section-height-default elementor-section-height-default\" data-id=\"e7638cd\" data-element_type=\"section\" data-e-type=\"section\">\n\t\t\t\t\t\t<div class=\"elementor-container elementor-column-gap-default\">\n\t\t\t\t\t<div class=\"elementor-column elementor-col-100 elementor-inner-column elementor-element elementor-element-15df33a\" data-id=\"15df33a\" data-element_type=\"column\" data-e-type=\"column\">\n\t\t\t<div class=\"elementor-widget-wrap elementor-element-populated\">\n\t\t\t\t\t\t<div class=\"elementor-element elementor-element-6182909 elementor-widget elementor-widget-text-editor\" data-id=\"6182909\" data-element_type=\"widget\" data-e-type=\"widget\" data-widget_type=\"text-editor.default\">\n\t\t\t\t<div class=\"elementor-widget-container\">\n\t\t\t\t\t\t\t\t\t<blockquote><p>Let this intention of today be close to us. Let us pay attention to these couples because they want their home to be filled with the noise of their children. Let us embrace these intentions with our prayer<\/p><\/blockquote>\t\t\t\t\t\t\t\t<\/div>\n\t\t\t\t<\/div>\n\t\t\t\t\t<\/div>\n\t\t<\/div>\n\t\t\t\t\t<\/div>\n\t\t<\/section>\n\t\t\t\t\t<\/div>\n\t\t<\/div>\n\t\t\t\t\t<\/div>\n\t\t<\/section>\n\t\t\t\t<section class=\"elementor-section elementor-top-section elementor-element elementor-element-71395ba elementor-section-boxed elementor-section-height-default elementor-section-height-default\" data-id=\"71395ba\" data-element_type=\"section\" data-e-type=\"section\">\n\t\t\t\t\t\t<div class=\"elementor-container elementor-column-gap-default\">\n\t\t\t\t\t<div class=\"elementor-column elementor-col-100 elementor-top-column elementor-element elementor-element-5a57b3b\" data-id=\"5a57b3b\" data-element_type=\"column\" data-e-type=\"column\">\n\t\t\t<div class=\"elementor-widget-wrap elementor-element-populated\">\n\t\t\t\t\t\t<section class=\"elementor-section elementor-inner-section elementor-element elementor-element-2c72280 elementor-section-boxed elementor-section-height-default elementor-section-height-default\" data-id=\"2c72280\" data-element_type=\"section\" data-e-type=\"section\">\n\t\t\t\t\t\t<div class=\"elementor-container elementor-column-gap-default\">\n\t\t\t\t\t<div class=\"elementor-column elementor-col-50 elementor-inner-column elementor-element elementor-element-351efa8\" data-id=\"351efa8\" data-element_type=\"column\" data-e-type=\"column\">\n\t\t\t<div class=\"elementor-widget-wrap elementor-element-populated\">\n\t\t\t\t\t\t<div class=\"elementor-element elementor-element-e2ac81b elementor-widget elementor-widget-image\" data-id=\"e2ac81b\" data-element_type=\"widget\" data-e-type=\"widget\" data-widget_type=\"image.default\">\n\t\t\t\t<div class=\"elementor-widget-container\">\n\t\t\t\t\t\t\t\t\t\t\t\t<figure class=\"wp-caption\">\n\t\t\t\t\t\t\t\t\t\t<img fetchpriority=\"high\" decoding=\"async\" width=\"768\" height=\"1152\" src=\"https:\/\/www.lichen.pl\/wp-content\/uploads\/2021\/08\/Dzien-modlitw-w-intencji-malzenstw-bezdzietnych-5.jpg\" class=\"attachment-medium_large size-medium_large wp-image-27664\" alt=\"\" srcset=\"https:\/\/www.lichen.pl\/wp-content\/uploads\/2021\/08\/Dzien-modlitw-w-intencji-malzenstw-bezdzietnych-5.jpg 768w, https:\/\/www.lichen.pl\/wp-content\/uploads\/2021\/08\/Dzien-modlitw-w-intencji-malzenstw-bezdzietnych-5-200x300.jpg 200w, https:\/\/www.lichen.pl\/wp-content\/uploads\/2021\/08\/Dzien-modlitw-w-intencji-malzenstw-bezdzietnych-5-683x1024.jpg 683w\" sizes=\"(max-width: 768px) 100vw, 768px\" \/>\t\t\t\t\t\t\t\t\t\t\t<figcaption class=\"widget-image-caption wp-caption-text\">Fr. Janusz Kumala, MIC, Holy Mass for childless couples, August 14, 2021<\/figcaption>\n\t\t\t\t\t\t\t\t\t\t<\/figure>\n\t\t\t\t\t\t\t\t\t<\/div>\n\t\t\t\t<\/div>\n\t\t\t\t\t<\/div>\n\t\t<\/div>\n\t\t\t\t<div class=\"elementor-column elementor-col-50 elementor-inner-column elementor-element elementor-element-095c022\" data-id=\"095c022\" data-element_type=\"column\" data-e-type=\"column\">\n\t\t\t<div class=\"elementor-widget-wrap elementor-element-populated\">\n\t\t\t\t\t\t<div class=\"elementor-element elementor-element-785799e elementor-widget elementor-widget-text-editor\" data-id=\"785799e\" data-element_type=\"widget\" data-e-type=\"widget\" data-widget_type=\"text-editor.default\">\n\t\t\t\t<div class=\"elementor-widget-container\">\n\t\t\t\t\t\t\t\t\t<p>Main Mass. in front of the Miraculous Picture of Our Lady of Liche\u0144 at 12.00 was presided over by Fr. Janusz Kumala, MIC, the curator of the sanctuary, who in his homily encouraged such married couples to pray.<br \/>- \u201cWe live in the world to reach heaven. Tomorrow&#039;s celebration will raise our eyes to heaven. Here on earth we do not have a permanent house or apartment - we are just passers-by to come closer to God and enjoy Him for all eternity, \u201dsaid Fr. Janusz Kumala, MIC. <br \/>The model of such a pilgrimage is Mary, who fulfilled God&#039;s will in every moment of her life. - &quot;Today we want to ask the Lord Jesus to increase the love in our life, following the example of Mary.&quot;<br \/>Referring to the figure of St. Maximilian Maria Kolbe, the priest said that he was a model of a life full of love towards God and other people. - &quot;St. Maximilian looked at Mary and was involved in saving and helping people. He was an instrument in the hand of God. Suffering and death in Auschwitz are the quintessence of his way - heroic love to the very end \u201d.<\/p>\t\t\t\t\t\t\t\t<\/div>\n\t\t\t\t<\/div>\n\t\t\t\t\t<\/div>\n\t\t<\/div>\n\t\t\t\t\t<\/div>\n\t\t<\/section>\n\t\t\t\t<div class=\"elementor-element elementor-element-ff2f63a elementor-widget elementor-widget-heading\" data-id=\"ff2f63a\" data-element_type=\"widget\" data-e-type=\"widget\" data-widget_type=\"heading.default\">\n\t\t\t\t<div class=\"elementor-widget-container\">\n\t\t\t\t\t<h2 class=\"elementor-heading-title elementor-size-default\">Infertility is not a punishment on the part of God<\/h2>\t\t\t\t<\/div>\n\t\t\t\t<\/div>\n\t\t\t\t<div class=\"elementor-element elementor-element-f11ef11 elementor-widget elementor-widget-text-editor\" data-id=\"f11ef11\" data-element_type=\"widget\" data-e-type=\"widget\" data-widget_type=\"text-editor.default\">\n\t\t\t\t<div class=\"elementor-widget-container\">\n\t\t\t\t\t\t\t\t\t<div dir=\"auto\">Speaking about married couples struggling with conceiving a child, the curator noted that this is a problem that over a million married couples in Poland struggle with. - \u201cInfertility is not a punishment from God. It is a great suffering and a sign for us. These couples need to be supported - with prayer, with a good word, with presence. Every life is a gift from God. Such marriages teach us to love. Their longing for a child is a sign of their love. We have to support each other because in this way we show love towards other people. &quot;<\/div>\t\t\t\t\t\t\t\t<\/div>\n\t\t\t\t<\/div>\n\t\t\t\t\t<\/div>\n\t\t<\/div>\n\t\t\t\t\t<\/div>\n\t\t<\/section>\n\t\t\t\t<section class=\"elementor-section elementor-top-section elementor-element elementor-element-a4a196a elementor-section-boxed elementor-section-height-default elementor-section-height-default\" data-id=\"a4a196a\" data-element_type=\"section\" data-e-type=\"section\">\n\t\t\t\t\t\t<div class=\"elementor-container elementor-column-gap-default\">\n\t\t\t\t\t<div class=\"elementor-column elementor-col-100 elementor-top-column elementor-element elementor-element-c0bd2ac\" data-id=\"c0bd2ac\" data-element_type=\"column\" data-e-type=\"column\">\n\t\t\t<div class=\"elementor-widget-wrap elementor-element-populated\">\n\t\t\t\t\t\t<div class=\"elementor-element elementor-element-f761959 elementor-widget elementor-widget-text-editor\" data-id=\"f761959\" data-element_type=\"widget\" data-e-type=\"widget\" data-widget_type=\"text-editor.default\">\n\t\t\t\t<div class=\"elementor-widget-container\">\n\t\t\t\t\t\t\t\t\t<div class=\"kvgmc6g5 cxmmr5t8 oygrvhab hcukyx3x c1et5uql ii04i59q\"><div dir=\"auto\"><div class=\"kvgmc6g5 cxmmr5t8 oygrvhab hcukyx3x c1et5uql ii04i59q\"><div dir=\"auto\">- \u201cLet this intention of today be close to us. Let us pay attention to these couples because they want their home to be filled with the noise of their children. Let us embrace these intentions with our prayer \u201d- encouraged the curator.<br \/>At the end of the Mass a prayer for married couples wanting children was read.<\/div><\/div><\/div><\/div>\t\t\t\t\t\t\t\t<\/div>\n\t\t\t\t<\/div>\n\t\t\t\t<div class=\"elementor-element elementor-element-605ac04 elementor-widget elementor-widget-text-editor\" data-id=\"605ac04\" data-element_type=\"widget\" data-e-type=\"widget\" data-widget_type=\"text-editor.default\">\n\t\t\t\t<div class=\"elementor-widget-container\">\n\t\t\t\t\t\t\t\t\t<p>Text and photos: Sanctuary Press Office<\/p>\t\t\t\t\t\t\t\t<\/div>\n\t\t\t\t<\/div>\n\t\t\t\t<div class=\"elementor-element elementor-element-a2867b8 elementor-widget-divider--view-line_icon elementor-view-default elementor-widget-divider--element-align-center elementor-widget elementor-widget-divider\" data-id=\"a2867b8\" data-element_type=\"widget\" data-e-type=\"widget\" data-widget_type=\"divider.default\">\n\t\t\t\t<div class=\"elementor-widget-container\">\n\t\t\t\t\t\t\t<div class=\"elementor-divider\">\n\t\t\t<span class=\"elementor-divider-separator\">\n\t\t\t\t\t\t\t<div class=\"elementor-icon elementor-divider__element\">\n\t\t\t\t\t<i aria-hidden=\"true\" class=\"fas fa-camera\"><\/i><\/div>\n\t\t\t\t\t\t<\/span>\n\t\t<\/div>\n\t\t\t\t\t\t<\/div>\n\t\t\t\t<\/div>\n\t\t\t\t\t<\/div>\n\t\t<\/div>\n\t\t\t\t\t<\/div>\n\t\t<\/section>\n\t\t\t\t<section class=\"elementor-section elementor-top-section elementor-element elementor-element-47b8684 elementor-section-boxed elementor-section-height-default elementor-section-height-default\" data-id=\"47b8684\" data-element_type=\"section\" data-e-type=\"section\">\n\t\t\t\t\t\t<div class=\"elementor-container elementor-column-gap-default\">\n\t\t\t\t\t<div class=\"elementor-column elementor-col-100 elementor-top-column elementor-element elementor-element-bfa126b\" data-id=\"bfa126b\" data-element_type=\"column\" data-e-type=\"column\">\n\t\t\t<div class=\"elementor-widget-wrap elementor-element-populated\">\n\t\t\t\t\t\t<div class=\"elementor-element elementor-element-e2f36e1 elementor-widget elementor-widget-gallery\" data-id=\"e2f36e1\" data-element_type=\"widget\" data-e-type=\"widget\" data-settings=\"{&quot;columns&quot;:6,&quot;lazyload&quot;:&quot;yes&quot;,&quot;gallery_layout&quot;:&quot;grid&quot;,&quot;columns_tablet&quot;:2,&quot;columns_mobile&quot;:1,&quot;gap&quot;:{&quot;unit&quot;:&quot;px&quot;,&quot;size&quot;:10,&quot;sizes&quot;:[]},&quot;gap_tablet&quot;:{&quot;unit&quot;:&quot;px&quot;,&quot;size&quot;:10,&quot;sizes&quot;:[]},&quot;gap_mobile&quot;:{&quot;unit&quot;:&quot;px&quot;,&quot;size&quot;:10,&quot;sizes&quot;:[]},&quot;link_to&quot;:&quot;file&quot;,&quot;aspect_ratio&quot;:&quot;3:2&quot;,&quot;overlay_background&quot;:&quot;yes&quot;,&quot;content_hover_animation&quot;:&quot;fade-in&quot;}\" data-widget_type=\"gallery.default\">\n\t\t\t\t<div class=\"elementor-widget-container\">\n\t\t\t\t\t\t\t<div class=\"elementor-gallery__container\">\n\t\t\t\t\t\t\t<a class=\"e-gallery-item elementor-gallery-item elementor-animated-content\" href=\"https:\/\/www.lichen.pl\/wp-content\/uploads\/2021\/08\/Dzien-modlitw-w-intencji-malzenstw-bezdzietnych-1.jpg\" data-elementor-open-lightbox=\"yes\" data-elementor-lightbox-slideshow=\"e2f36e1\" data-elementor-lightbox-title=\"Dzie\u0144 modlitw w intencji ma\u0142\u017ce\u0144stw bezdzietnych 1\" data-e-action-hash=\"#elementor-action%3Aaction%3Dlightbox%26settings%3DeyJpZCI6Mjc2NDQsInVybCI6Imh0dHBzOlwvXC93d3cubGljaGVuLnBsXC93cC1jb250ZW50XC91cGxvYWRzXC8yMDIxXC8wOFwvRHppZW4tbW9kbGl0dy13LWludGVuY2ppLW1hbHplbnN0dy1iZXpkemlldG55Y2gtMS5qcGciLCJzbGlkZXNob3ciOiJlMmYzNmUxIn0%3D\">\n\t\t\t\t\t<div class=\"e-gallery-image elementor-gallery-item__image\" data-thumbnail=\"https:\/\/www.lichen.pl\/wp-content\/uploads\/2021\/08\/Dzien-modlitw-w-intencji-malzenstw-bezdzietnych-1-300x200.jpg\" data-width=\"300\" data-height=\"200\" aria-label=\"\" role=\"img\" ><\/div>\n\t\t\t\t\t\t\t\t\t\t\t<div class=\"elementor-gallery-item__overlay\"><\/div>\n\t\t\t\t\t\t\t\t\t\t\t\t\t\t<\/a>\n\t\t\t\t\t\t\t<a class=\"e-gallery-item elementor-gallery-item elementor-animated-content\" href=\"https:\/\/www.lichen.pl\/wp-content\/uploads\/2021\/08\/Dzien-modlitw-w-intencji-malzenstw-bezdzietnych-2.jpg\" data-elementor-open-lightbox=\"yes\" data-elementor-lightbox-slideshow=\"e2f36e1\" data-elementor-lightbox-title=\"Dzie\u0144 modlitw w intencji ma\u0142\u017ce\u0144stw bezdzietnych 2\" data-e-action-hash=\"#elementor-action%3Aaction%3Dlightbox%26settings%3DeyJpZCI6Mjc2NDksInVybCI6Imh0dHBzOlwvXC93d3cubGljaGVuLnBsXC93cC1jb250ZW50XC91cGxvYWRzXC8yMDIxXC8wOFwvRHppZW4tbW9kbGl0dy13LWludGVuY2ppLW1hbHplbnN0dy1iZXpkemlldG55Y2gtMi5qcGciLCJzbGlkZXNob3ciOiJlMmYzNmUxIn0%3D\">\n\t\t\t\t\t<div class=\"e-gallery-image elementor-gallery-item__image\" data-thumbnail=\"https:\/\/www.lichen.pl\/wp-content\/uploads\/2021\/08\/Dzien-modlitw-w-intencji-malzenstw-bezdzietnych-2-200x300.jpg\" data-width=\"200\" data-height=\"300\" aria-label=\"\" role=\"img\" ><\/div>\n\t\t\t\t\t\t\t\t\t\t\t<div class=\"elementor-gallery-item__overlay\"><\/div>\n\t\t\t\t\t\t\t\t\t\t\t\t\t\t<\/a>\n\t\t\t\t\t\t\t<a class=\"e-gallery-item elementor-gallery-item elementor-animated-content\" href=\"https:\/\/www.lichen.pl\/wp-content\/uploads\/2021\/08\/Dzien-modlitw-w-intencji-malzenstw-bezdzietnych-3.jpg\" data-elementor-open-lightbox=\"yes\" data-elementor-lightbox-slideshow=\"e2f36e1\" data-elementor-lightbox-title=\"Dzie\u0144 modlitw w intencji ma\u0142\u017ce\u0144stw bezdzietnych 3\" data-e-action-hash=\"#elementor-action%3Aaction%3Dlightbox%26settings%3DeyJpZCI6Mjc2NTQsInVybCI6Imh0dHBzOlwvXC93d3cubGljaGVuLnBsXC93cC1jb250ZW50XC91cGxvYWRzXC8yMDIxXC8wOFwvRHppZW4tbW9kbGl0dy13LWludGVuY2ppLW1hbHplbnN0dy1iZXpkemlldG55Y2gtMy5qcGciLCJzbGlkZXNob3ciOiJlMmYzNmUxIn0%3D\">\n\t\t\t\t\t<div class=\"e-gallery-image elementor-gallery-item__image\" data-thumbnail=\"https:\/\/www.lichen.pl\/wp-content\/uploads\/2021\/08\/Dzien-modlitw-w-intencji-malzenstw-bezdzietnych-3-200x300.jpg\" data-width=\"200\" data-height=\"300\" aria-label=\"\" role=\"img\" ><\/div>\n\t\t\t\t\t\t\t\t\t\t\t<div class=\"elementor-gallery-item__overlay\"><\/div>\n\t\t\t\t\t\t\t\t\t\t\t\t\t\t<\/a>\n\t\t\t\t\t\t\t<a class=\"e-gallery-item elementor-gallery-item elementor-animated-content\" href=\"https:\/\/www.lichen.pl\/wp-content\/uploads\/2021\/08\/Dzien-modlitw-w-intencji-malzenstw-bezdzietnych-4.jpg\" data-elementor-open-lightbox=\"yes\" data-elementor-lightbox-slideshow=\"e2f36e1\" data-elementor-lightbox-title=\"Dzie\u0144 modlitw w intencji ma\u0142\u017ce\u0144stw bezdzietnych 4\" data-e-action-hash=\"#elementor-action%3Aaction%3Dlightbox%26settings%3DeyJpZCI6Mjc2NTksInVybCI6Imh0dHBzOlwvXC93d3cubGljaGVuLnBsXC93cC1jb250ZW50XC91cGxvYWRzXC8yMDIxXC8wOFwvRHppZW4tbW9kbGl0dy13LWludGVuY2ppLW1hbHplbnN0dy1iZXpkemlldG55Y2gtNC5qcGciLCJzbGlkZXNob3ciOiJlMmYzNmUxIn0%3D\">\n\t\t\t\t\t<div class=\"e-gallery-image elementor-gallery-item__image\" data-thumbnail=\"https:\/\/www.lichen.pl\/wp-content\/uploads\/2021\/08\/Dzien-modlitw-w-intencji-malzenstw-bezdzietnych-4-200x300.jpg\" data-width=\"200\" data-height=\"300\" aria-label=\"\" role=\"img\" ><\/div>\n\t\t\t\t\t\t\t\t\t\t\t<div class=\"elementor-gallery-item__overlay\"><\/div>\n\t\t\t\t\t\t\t\t\t\t\t\t\t\t<\/a>\n\t\t\t\t\t\t\t<a class=\"e-gallery-item elementor-gallery-item elementor-animated-content\" href=\"https:\/\/www.lichen.pl\/wp-content\/uploads\/2021\/08\/Dzien-modlitw-w-intencji-malzenstw-bezdzietnych-7.jpg\" data-elementor-open-lightbox=\"yes\" data-elementor-lightbox-slideshow=\"e2f36e1\" data-elementor-lightbox-title=\"Dzie\u0144 modlitw w intencji ma\u0142\u017ce\u0144stw bezdzietnych 7\" data-e-action-hash=\"#elementor-action%3Aaction%3Dlightbox%26settings%3DeyJpZCI6Mjc2NzQsInVybCI6Imh0dHBzOlwvXC93d3cubGljaGVuLnBsXC93cC1jb250ZW50XC91cGxvYWRzXC8yMDIxXC8wOFwvRHppZW4tbW9kbGl0dy13LWludGVuY2ppLW1hbHplbnN0dy1iZXpkemlldG55Y2gtNy5qcGciLCJzbGlkZXNob3ciOiJlMmYzNmUxIn0%3D\">\n\t\t\t\t\t<div class=\"e-gallery-image elementor-gallery-item__image\" data-thumbnail=\"https:\/\/www.lichen.pl\/wp-content\/uploads\/2021\/08\/Dzien-modlitw-w-intencji-malzenstw-bezdzietnych-7-300x200.jpg\" data-width=\"300\" data-height=\"200\" aria-label=\"\" role=\"img\" ><\/div>\n\t\t\t\t\t\t\t\t\t\t\t<div class=\"elementor-gallery-item__overlay\"><\/div>\n\t\t\t\t\t\t\t\t\t\t\t\t\t\t<\/a>\n\t\t\t\t\t\t\t<a class=\"e-gallery-item elementor-gallery-item elementor-animated-content\" href=\"https:\/\/www.lichen.pl\/wp-content\/uploads\/2021\/08\/Dzien-modlitw-w-intencji-malzenstw-bezdzietnych-8.jpg\" data-elementor-open-lightbox=\"yes\" data-elementor-lightbox-slideshow=\"e2f36e1\" data-elementor-lightbox-title=\"Dzie\u0144 modlitw w intencji ma\u0142\u017ce\u0144stw bezdzietnych 8\" data-e-action-hash=\"#elementor-action%3Aaction%3Dlightbox%26settings%3DeyJpZCI6Mjc2NzksInVybCI6Imh0dHBzOlwvXC93d3cubGljaGVuLnBsXC93cC1jb250ZW50XC91cGxvYWRzXC8yMDIxXC8wOFwvRHppZW4tbW9kbGl0dy13LWludGVuY2ppLW1hbHplbnN0dy1iZXpkemlldG55Y2gtOC5qcGciLCJzbGlkZXNob3ciOiJlMmYzNmUxIn0%3D\">\n\t\t\t\t\t<div class=\"e-gallery-image elementor-gallery-item__image\" data-thumbnail=\"https:\/\/www.lichen.pl\/wp-content\/uploads\/2021\/08\/Dzien-modlitw-w-intencji-malzenstw-bezdzietnych-8-300x200.jpg\" data-width=\"300\" data-height=\"200\" aria-label=\"\" role=\"img\" ><\/div>\n\t\t\t\t\t\t\t\t\t\t\t<div class=\"elementor-gallery-item__overlay\"><\/div>\n\t\t\t\t\t\t\t\t\t\t\t\t\t\t<\/a>\n\t\t\t\t\t\t\t<a class=\"e-gallery-item elementor-gallery-item elementor-animated-content\" href=\"https:\/\/www.lichen.pl\/wp-content\/uploads\/2021\/08\/Dzien-modlitw-w-intencji-malzenstw-bezdzietnych-9.jpg\" data-elementor-open-lightbox=\"yes\" data-elementor-lightbox-slideshow=\"e2f36e1\" data-elementor-lightbox-title=\"Dzie\u0144 modlitw w intencji ma\u0142\u017ce\u0144stw bezdzietnych 9\" data-e-action-hash=\"#elementor-action%3Aaction%3Dlightbox%26settings%3DeyJpZCI6Mjc2ODQsInVybCI6Imh0dHBzOlwvXC93d3cubGljaGVuLnBsXC93cC1jb250ZW50XC91cGxvYWRzXC8yMDIxXC8wOFwvRHppZW4tbW9kbGl0dy13LWludGVuY2ppLW1hbHplbnN0dy1iZXpkemlldG55Y2gtOS5qcGciLCJzbGlkZXNob3ciOiJlMmYzNmUxIn0%3D\">\n\t\t\t\t\t<div class=\"e-gallery-image elementor-gallery-item__image\" data-thumbnail=\"https:\/\/www.lichen.pl\/wp-content\/uploads\/2021\/08\/Dzien-modlitw-w-intencji-malzenstw-bezdzietnych-9-300x200.jpg\" data-width=\"300\" data-height=\"200\" aria-label=\"\" role=\"img\" ><\/div>\n\t\t\t\t\t\t\t\t\t\t\t<div class=\"elementor-gallery-item__overlay\"><\/div>\n\t\t\t\t\t\t\t\t\t\t\t\t\t\t<\/a>\n\t\t\t\t\t\t\t<a class=\"e-gallery-item elementor-gallery-item elementor-animated-content\" href=\"https:\/\/www.lichen.pl\/wp-content\/uploads\/2021\/08\/Dzien-modlitw-w-intencji-malzenstw-bezdzietnych-10.jpg\" data-elementor-open-lightbox=\"yes\" data-elementor-lightbox-slideshow=\"e2f36e1\" data-elementor-lightbox-title=\"Dzie\u0144 modlitw w intencji ma\u0142\u017ce\u0144stw bezdzietnych 10\" data-e-action-hash=\"#elementor-action%3Aaction%3Dlightbox%26settings%3DeyJpZCI6Mjc2ODksInVybCI6Imh0dHBzOlwvXC93d3cubGljaGVuLnBsXC93cC1jb250ZW50XC91cGxvYWRzXC8yMDIxXC8wOFwvRHppZW4tbW9kbGl0dy13LWludGVuY2ppLW1hbHplbnN0dy1iZXpkemlldG55Y2gtMTAuanBnIiwic2xpZGVzaG93IjoiZTJmMzZlMSJ9\">\n\t\t\t\t\t<div class=\"e-gallery-image elementor-gallery-item__image\" data-thumbnail=\"https:\/\/www.lichen.pl\/wp-content\/uploads\/2021\/08\/Dzien-modlitw-w-intencji-malzenstw-bezdzietnych-10-300x200.jpg\" data-width=\"300\" data-height=\"200\" aria-label=\"\" role=\"img\" ><\/div>\n\t\t\t\t\t\t\t\t\t\t\t<div class=\"elementor-gallery-item__overlay\"><\/div>\n\t\t\t\t\t\t\t\t\t\t\t\t\t\t<\/a>\n\t\t\t\t\t\t\t<a class=\"e-gallery-item elementor-gallery-item elementor-animated-content\" href=\"https:\/\/www.lichen.pl\/wp-content\/uploads\/2021\/08\/Dzien-modlitw-w-intencji-malzenstw-bezdzietnych-12.jpg\" data-elementor-open-lightbox=\"yes\" data-elementor-lightbox-slideshow=\"e2f36e1\" data-elementor-lightbox-title=\"Dzie\u0144 modlitw w intencji ma\u0142\u017ce\u0144stw bezdzietnych 12\" data-e-action-hash=\"#elementor-action%3Aaction%3Dlightbox%26settings%3DeyJpZCI6Mjc2OTksInVybCI6Imh0dHBzOlwvXC93d3cubGljaGVuLnBsXC93cC1jb250ZW50XC91cGxvYWRzXC8yMDIxXC8wOFwvRHppZW4tbW9kbGl0dy13LWludGVuY2ppLW1hbHplbnN0dy1iZXpkemlldG55Y2gtMTIuanBnIiwic2xpZGVzaG93IjoiZTJmMzZlMSJ9\">\n\t\t\t\t\t<div class=\"e-gallery-image elementor-gallery-item__image\" data-thumbnail=\"https:\/\/www.lichen.pl\/wp-content\/uploads\/2021\/08\/Dzien-modlitw-w-intencji-malzenstw-bezdzietnych-12-300x200.jpg\" data-width=\"300\" data-height=\"200\" aria-label=\"\" role=\"img\" ><\/div>\n\t\t\t\t\t\t\t\t\t\t\t<div class=\"elementor-gallery-item__overlay\"><\/div>\n\t\t\t\t\t\t\t\t\t\t\t\t\t\t<\/a>\n\t\t\t\t\t\t\t<a class=\"e-gallery-item elementor-gallery-item elementor-animated-content\" href=\"https:\/\/www.lichen.pl\/wp-content\/uploads\/2021\/08\/Dzien-modlitw-w-intencji-malzenstw-bezdzietnych-11.jpg\" data-elementor-open-lightbox=\"yes\" data-elementor-lightbox-slideshow=\"e2f36e1\" data-elementor-lightbox-title=\"Dzie\u0144 modlitw w intencji ma\u0142\u017ce\u0144stw bezdzietnych 11\" data-e-action-hash=\"#elementor-action%3Aaction%3Dlightbox%26settings%3DeyJpZCI6Mjc2OTQsInVybCI6Imh0dHBzOlwvXC93d3cubGljaGVuLnBsXC93cC1jb250ZW50XC91cGxvYWRzXC8yMDIxXC8wOFwvRHppZW4tbW9kbGl0dy13LWludGVuY2ppLW1hbHplbnN0dy1iZXpkemlldG55Y2gtMTEuanBnIiwic2xpZGVzaG93IjoiZTJmMzZlMSJ9\">\n\t\t\t\t\t<div class=\"e-gallery-image elementor-gallery-item__image\" data-thumbnail=\"https:\/\/www.lichen.pl\/wp-content\/uploads\/2021\/08\/Dzien-modlitw-w-intencji-malzenstw-bezdzietnych-11-300x200.jpg\" data-width=\"300\" data-height=\"200\" aria-label=\"\" role=\"img\" ><\/div>\n\t\t\t\t\t\t\t\t\t\t\t<div class=\"elementor-gallery-item__overlay\"><\/div>\n\t\t\t\t\t\t\t\t\t\t\t\t\t\t<\/a>\n\t\t\t\t\t\t\t<a class=\"e-gallery-item elementor-gallery-item elementor-animated-content\" href=\"https:\/\/www.lichen.pl\/wp-content\/uploads\/2021\/08\/Dzien-modlitw-w-intencji-malzenstw-bezdzietnych-13.jpg\" data-elementor-open-lightbox=\"yes\" data-elementor-lightbox-slideshow=\"e2f36e1\" data-elementor-lightbox-title=\"Dzie\u0144 modlitw w intencji ma\u0142\u017ce\u0144stw bezdzietnych 13\" data-e-action-hash=\"#elementor-action%3Aaction%3Dlightbox%26settings%3DeyJpZCI6Mjc3MDQsInVybCI6Imh0dHBzOlwvXC93d3cubGljaGVuLnBsXC93cC1jb250ZW50XC91cGxvYWRzXC8yMDIxXC8wOFwvRHppZW4tbW9kbGl0dy13LWludGVuY2ppLW1hbHplbnN0dy1iZXpkemlldG55Y2gtMTMuanBnIiwic2xpZGVzaG93IjoiZTJmMzZlMSJ9\">\n\t\t\t\t\t<div class=\"e-gallery-image elementor-gallery-item__image\" data-thumbnail=\"https:\/\/www.lichen.pl\/wp-content\/uploads\/2021\/08\/Dzien-modlitw-w-intencji-malzenstw-bezdzietnych-13-300x200.jpg\" data-width=\"300\" data-height=\"200\" aria-label=\"\" role=\"img\" ><\/div>\n\t\t\t\t\t\t\t\t\t\t\t<div class=\"elementor-gallery-item__overlay\"><\/div>\n\t\t\t\t\t\t\t\t\t\t\t\t\t\t<\/a>\n\t\t\t\t\t\t\t<a class=\"e-gallery-item elementor-gallery-item elementor-animated-content\" href=\"https:\/\/www.lichen.pl\/wp-content\/uploads\/2021\/08\/Dzien-modlitw-w-intencji-malzenstw-bezdzietnych-15.jpg\" data-elementor-open-lightbox=\"yes\" data-elementor-lightbox-slideshow=\"e2f36e1\" data-elementor-lightbox-title=\"Dzie\u0144 modlitw w intencji ma\u0142\u017ce\u0144stw bezdzietnych 15\" data-e-action-hash=\"#elementor-action%3Aaction%3Dlightbox%26settings%3DeyJpZCI6Mjc3MTQsInVybCI6Imh0dHBzOlwvXC93d3cubGljaGVuLnBsXC93cC1jb250ZW50XC91cGxvYWRzXC8yMDIxXC8wOFwvRHppZW4tbW9kbGl0dy13LWludGVuY2ppLW1hbHplbnN0dy1iZXpkemlldG55Y2gtMTUuanBnIiwic2xpZGVzaG93IjoiZTJmMzZlMSJ9\">\n\t\t\t\t\t<div class=\"e-gallery-image elementor-gallery-item__image\" data-thumbnail=\"https:\/\/www.lichen.pl\/wp-content\/uploads\/2021\/08\/Dzien-modlitw-w-intencji-malzenstw-bezdzietnych-15-200x300.jpg\" data-width=\"200\" data-height=\"300\" aria-label=\"\" role=\"img\" ><\/div>\n\t\t\t\t\t\t\t\t\t\t\t<div class=\"elementor-gallery-item__overlay\"><\/div>\n\t\t\t\t\t\t\t\t\t\t\t\t\t\t<\/a>\n\t\t\t\t\t<\/div>\n\t\t\t\t\t<\/div>\n\t\t\t\t<\/div>\n\t\t\t\t<div class=\"elementor-element elementor-element-1789b69 elementor-widget-divider--view-line elementor-widget elementor-widget-divider\" data-id=\"1789b69\" data-element_type=\"widget\" data-e-type=\"widget\" data-widget_type=\"divider.default\">\n\t\t\t\t<div class=\"elementor-widget-container\">\n\t\t\t\t\t\t\t<div class=\"elementor-divider\">\n\t\t\t<span class=\"elementor-divider-separator\">\n\t\t\t\t\t\t<\/span>\n\t\t<\/div>\n\t\t\t\t\t\t<\/div>\n\t\t\t\t<\/div>\n\t\t\t\t\t<\/div>\n\t\t<\/div>\n\t\t\t\t\t<\/div>\n\t\t<\/section>\n\t\t\t\t<\/div>","protected":false},"excerpt":{"rendered":"<p>W przypadaj\u0105ce dzi\u015b, 14 sierpnia, wspomnienie \u015bw. Maksymiliana Marii Kolbego, w liche\u0144skim sanktuarium modlono si\u0119 w intencji ma\u0142\u017ce\u0144stw maj\u0105cych problemy z pocz\u0119ciem dziecka. Niech ta intencja dnia dzisiejszego b\u0119dzie nam bliska. Pochylmy si\u0119 nad tymi ma\u0142\u017ce\u0144stwami, gdy\u017c pragn\u0105, aby ich dom wype\u0142ni\u0142 si\u0119 gwarem dzieci. Ogarnijmy te intencje nasz\u0105 modlitw\u0105 Ks. Janusz Kumala MIC, Msza [&hellip;]<\/p>\n","protected":false},"author":2,"featured_media":27719,"comment_status":"open","ping_status":"open","sticky":false,"template":"","format":"standard","meta":{"footnotes":""},"categories":[1],"tags":[],"class_list":["post-27642","post","type-post","status-publish","format-standard","has-post-thumbnail","hentry","category-aktualnosci","wpbf-post"],"yoast_head":"<!-- This site is optimized with the Yoast SEO plugin v27.4 - https:\/\/yoast.com\/product\/yoast-seo-wordpress\/ -->\n<title>Dzie\u0144 modlitw w intencji ma\u0142\u017ce\u0144stw bezdzietnych - SANKTUARIUM W LICHENIU<\/title>\n<meta name=\"robots\" content=\"index, follow, max-snippet:-1, max-image-preview:large, max-video-preview:-1\" \/>\n<link rel=\"canonical\" href=\"http:\/\/www.lichen.pl\/en\/dzien-modlitw-w-intencji-malzenstw-bezdzietnych\/\" \/>\n<meta property=\"og:locale\" content=\"en_GB\" \/>\n<meta property=\"og:type\" content=\"article\" \/>\n<meta property=\"og:title\" content=\"Dzie\u0144 modlitw w intencji ma\u0142\u017ce\u0144stw bezdzietnych - SANKTUARIUM W LICHENIU\" \/>\n<meta property=\"og:description\" content=\"W przypadaj\u0105ce dzi\u015b, 14 sierpnia, wspomnienie \u015bw. Maksymiliana Marii Kolbego, w liche\u0144skim sanktuarium modlono si\u0119 w intencji ma\u0142\u017ce\u0144stw maj\u0105cych problemy z pocz\u0119ciem dziecka. Niech ta intencja dnia dzisiejszego b\u0119dzie nam bliska. Pochylmy si\u0119 nad tymi ma\u0142\u017ce\u0144stwami, gdy\u017c pragn\u0105, aby ich dom wype\u0142ni\u0142 si\u0119 gwarem dzieci. Ogarnijmy te intencje nasz\u0105 modlitw\u0105 Ks. Janusz Kumala MIC, Msza [&hellip;]\" \/>\n<meta property=\"og:url\" content=\"http:\/\/www.lichen.pl\/en\/dzien-modlitw-w-intencji-malzenstw-bezdzietnych\/\" \/>\n<meta property=\"og:site_name\" content=\"SANKTUARIUM W LICHENIU\" \/>\n<meta property=\"article:published_time\" content=\"2021-08-14T14:00:51+00:00\" \/>\n<meta property=\"article:modified_time\" content=\"2021-08-17T18:32:10+00:00\" \/>\n<meta property=\"og:image\" content=\"http:\/\/www.lichen.pl\/wp-content\/uploads\/2021\/08\/Kadr.jpg\" \/>\n\t<meta property=\"og:image:width\" content=\"512\" \/>\n\t<meta property=\"og:image:height\" content=\"352\" \/>\n\t<meta property=\"og:image:type\" content=\"image\/jpeg\" \/>\n<meta name=\"author\" content=\"Arkadiusz Gorgolewski\" \/>\n<meta name=\"twitter:card\" content=\"summary_large_image\" \/>\n<meta name=\"twitter:label1\" content=\"Written by\" \/>\n\t<meta name=\"twitter:data1\" content=\"Arkadiusz Gorgolewski\" \/>\n\t<meta name=\"twitter:label2\" content=\"Estimated reading time\" \/>\n\t<meta name=\"twitter:data2\" content=\"2 minutes\" \/>\n<script type=\"application\/ld+json\" class=\"yoast-schema-graph\">{\"@context\":\"https:\\\/\\\/schema.org\",\"@graph\":[{\"@type\":\"Article\",\"@id\":\"http:\\\/\\\/www.lichen.pl\\\/en\\\/dzien-modlitw-w-intencji-malzenstw-bezdzietnych\\\/#article\",\"isPartOf\":{\"@id\":\"http:\\\/\\\/www.lichen.pl\\\/en\\\/dzien-modlitw-w-intencji-malzenstw-bezdzietnych\\\/\"},\"author\":{\"name\":\"Arkadiusz Gorgolewski\",\"@id\":\"https:\\\/\\\/www.lichen.pl\\\/fr\\\/#\\\/schema\\\/person\\\/56fc5b38d70a2b34983408f9a457fd9d\"},\"headline\":\"Dzie\u0144 modlitw w intencji ma\u0142\u017ce\u0144stw bezdzietnych\",\"datePublished\":\"2021-08-14T14:00:51+00:00\",\"dateModified\":\"2021-08-17T18:32:10+00:00\",\"mainEntityOfPage\":{\"@id\":\"http:\\\/\\\/www.lichen.pl\\\/en\\\/dzien-modlitw-w-intencji-malzenstw-bezdzietnych\\\/\"},\"wordCount\":451,\"commentCount\":0,\"image\":{\"@id\":\"http:\\\/\\\/www.lichen.pl\\\/en\\\/dzien-modlitw-w-intencji-malzenstw-bezdzietnych\\\/#primaryimage\"},\"thumbnailUrl\":\"https:\\\/\\\/www.lichen.pl\\\/wp-content\\\/uploads\\\/2021\\\/08\\\/Kadr.jpg\",\"articleSection\":[\"Aktualno\u015bci\"],\"inLanguage\":\"en-GB\",\"potentialAction\":[{\"@type\":\"CommentAction\",\"name\":\"Comment\",\"target\":[\"http:\\\/\\\/www.lichen.pl\\\/en\\\/dzien-modlitw-w-intencji-malzenstw-bezdzietnych\\\/#respond\"]}]},{\"@type\":\"WebPage\",\"@id\":\"http:\\\/\\\/www.lichen.pl\\\/en\\\/dzien-modlitw-w-intencji-malzenstw-bezdzietnych\\\/\",\"url\":\"http:\\\/\\\/www.lichen.pl\\\/en\\\/dzien-modlitw-w-intencji-malzenstw-bezdzietnych\\\/\",\"name\":\"Dzie\u0144 modlitw w intencji ma\u0142\u017ce\u0144stw bezdzietnych - SANKTUARIUM W LICHENIU\",\"isPartOf\":{\"@id\":\"https:\\\/\\\/www.lichen.pl\\\/fr\\\/#website\"},\"primaryImageOfPage\":{\"@id\":\"http:\\\/\\\/www.lichen.pl\\\/en\\\/dzien-modlitw-w-intencji-malzenstw-bezdzietnych\\\/#primaryimage\"},\"image\":{\"@id\":\"http:\\\/\\\/www.lichen.pl\\\/en\\\/dzien-modlitw-w-intencji-malzenstw-bezdzietnych\\\/#primaryimage\"},\"thumbnailUrl\":\"https:\\\/\\\/www.lichen.pl\\\/wp-content\\\/uploads\\\/2021\\\/08\\\/Kadr.jpg\",\"datePublished\":\"2021-08-14T14:00:51+00:00\",\"dateModified\":\"2021-08-17T18:32:10+00:00\",\"author\":{\"@id\":\"https:\\\/\\\/www.lichen.pl\\\/fr\\\/#\\\/schema\\\/person\\\/56fc5b38d70a2b34983408f9a457fd9d\"},\"breadcrumb\":{\"@id\":\"http:\\\/\\\/www.lichen.pl\\\/en\\\/dzien-modlitw-w-intencji-malzenstw-bezdzietnych\\\/#breadcrumb\"},\"inLanguage\":\"en-GB\",\"potentialAction\":[{\"@type\":\"ReadAction\",\"target\":[\"http:\\\/\\\/www.lichen.pl\\\/en\\\/dzien-modlitw-w-intencji-malzenstw-bezdzietnych\\\/\"]}]},{\"@type\":\"ImageObject\",\"inLanguage\":\"en-GB\",\"@id\":\"http:\\\/\\\/www.lichen.pl\\\/en\\\/dzien-modlitw-w-intencji-malzenstw-bezdzietnych\\\/#primaryimage\",\"url\":\"https:\\\/\\\/www.lichen.pl\\\/wp-content\\\/uploads\\\/2021\\\/08\\\/Kadr.jpg\",\"contentUrl\":\"https:\\\/\\\/www.lichen.pl\\\/wp-content\\\/uploads\\\/2021\\\/08\\\/Kadr.jpg\",\"width\":512,\"height\":352},{\"@type\":\"BreadcrumbList\",\"@id\":\"http:\\\/\\\/www.lichen.pl\\\/en\\\/dzien-modlitw-w-intencji-malzenstw-bezdzietnych\\\/#breadcrumb\",\"itemListElement\":[{\"@type\":\"ListItem\",\"position\":1,\"name\":\"Strona g\u0142\u00f3wna\",\"item\":\"https:\\\/\\\/www.lichen.pl\\\/\"},{\"@type\":\"ListItem\",\"position\":2,\"name\":\"Dzie\u0144 modlitw w intencji ma\u0142\u017ce\u0144stw bezdzietnych\"}]},{\"@type\":\"WebSite\",\"@id\":\"https:\\\/\\\/www.lichen.pl\\\/fr\\\/#website\",\"url\":\"https:\\\/\\\/www.lichen.pl\\\/fr\\\/\",\"name\":\"SANKTUARIUM W LICHENIU\",\"description\":\"MATKI BO\u017bEJ LICHE\u0143SKIEJ BOLESNEJ KR\u00d3LOWEJ POLSKI\",\"potentialAction\":[{\"@type\":\"SearchAction\",\"target\":{\"@type\":\"EntryPoint\",\"urlTemplate\":\"https:\\\/\\\/www.lichen.pl\\\/fr\\\/?s={search_term_string}\"},\"query-input\":{\"@type\":\"PropertyValueSpecification\",\"valueRequired\":true,\"valueName\":\"search_term_string\"}}],\"inLanguage\":\"en-GB\"},{\"@type\":\"Person\",\"@id\":\"https:\\\/\\\/www.lichen.pl\\\/fr\\\/#\\\/schema\\\/person\\\/56fc5b38d70a2b34983408f9a457fd9d\",\"name\":\"Arkadiusz Gorgolewski\",\"image\":{\"@type\":\"ImageObject\",\"inLanguage\":\"en-GB\",\"@id\":\"https:\\\/\\\/secure.gravatar.com\\\/avatar\\\/0f571b370f5aa245b1fd3b9c945511b004fe17579bdefd5054d99f0ba315149c?s=96&d=retro&r=g\",\"url\":\"https:\\\/\\\/secure.gravatar.com\\\/avatar\\\/0f571b370f5aa245b1fd3b9c945511b004fe17579bdefd5054d99f0ba315149c?s=96&d=retro&r=g\",\"contentUrl\":\"https:\\\/\\\/secure.gravatar.com\\\/avatar\\\/0f571b370f5aa245b1fd3b9c945511b004fe17579bdefd5054d99f0ba315149c?s=96&d=retro&r=g\",\"caption\":\"Arkadiusz Gorgolewski\"},\"url\":\"https:\\\/\\\/www.lichen.pl\\\/en\\\/author\\\/sanadmin\\\/\"}]}<\/script>\n<!-- \/ Yoast SEO plugin. -->","yoast_head_json":{"title":"Dzie\u0144 modlitw w intencji ma\u0142\u017ce\u0144stw bezdzietnych - SANKTUARIUM W LICHENIU","robots":{"index":"index","follow":"follow","max-snippet":"max-snippet:-1","max-image-preview":"max-image-preview:large","max-video-preview":"max-video-preview:-1"},"canonical":"http:\/\/www.lichen.pl\/en\/dzien-modlitw-w-intencji-malzenstw-bezdzietnych\/","og_locale":"en_GB","og_type":"article","og_title":"Dzie\u0144 modlitw w intencji ma\u0142\u017ce\u0144stw bezdzietnych - SANKTUARIUM W LICHENIU","og_description":"W przypadaj\u0105ce dzi\u015b, 14 sierpnia, wspomnienie \u015bw. Maksymiliana Marii Kolbego, w liche\u0144skim sanktuarium modlono si\u0119 w intencji ma\u0142\u017ce\u0144stw maj\u0105cych problemy z pocz\u0119ciem dziecka. Niech ta intencja dnia dzisiejszego b\u0119dzie nam bliska. Pochylmy si\u0119 nad tymi ma\u0142\u017ce\u0144stwami, gdy\u017c pragn\u0105, aby ich dom wype\u0142ni\u0142 si\u0119 gwarem dzieci. Ogarnijmy te intencje nasz\u0105 modlitw\u0105 Ks. Janusz Kumala MIC, Msza [&hellip;]","og_url":"http:\/\/www.lichen.pl\/en\/dzien-modlitw-w-intencji-malzenstw-bezdzietnych\/","og_site_name":"SANKTUARIUM W LICHENIU","article_published_time":"2021-08-14T14:00:51+00:00","article_modified_time":"2021-08-17T18:32:10+00:00","og_image":[{"width":512,"height":352,"url":"http:\/\/www.lichen.pl\/wp-content\/uploads\/2021\/08\/Kadr.jpg","type":"image\/jpeg"}],"author":"Arkadiusz Gorgolewski","twitter_card":"summary_large_image","twitter_misc":{"Written by":"Arkadiusz Gorgolewski","Estimated reading time":"2 minutes"},"schema":{"@context":"https:\/\/schema.org","@graph":[{"@type":"Article","@id":"http:\/\/www.lichen.pl\/en\/dzien-modlitw-w-intencji-malzenstw-bezdzietnych\/#article","isPartOf":{"@id":"http:\/\/www.lichen.pl\/en\/dzien-modlitw-w-intencji-malzenstw-bezdzietnych\/"},"author":{"name":"Arkadiusz Gorgolewski","@id":"https:\/\/www.lichen.pl\/fr\/#\/schema\/person\/56fc5b38d70a2b34983408f9a457fd9d"},"headline":"Dzie\u0144 modlitw w intencji ma\u0142\u017ce\u0144stw bezdzietnych","datePublished":"2021-08-14T14:00:51+00:00","dateModified":"2021-08-17T18:32:10+00:00","mainEntityOfPage":{"@id":"http:\/\/www.lichen.pl\/en\/dzien-modlitw-w-intencji-malzenstw-bezdzietnych\/"},"wordCount":451,"commentCount":0,"image":{"@id":"http:\/\/www.lichen.pl\/en\/dzien-modlitw-w-intencji-malzenstw-bezdzietnych\/#primaryimage"},"thumbnailUrl":"https:\/\/www.lichen.pl\/wp-content\/uploads\/2021\/08\/Kadr.jpg","articleSection":["Aktualno\u015bci"],"inLanguage":"en-GB","potentialAction":[{"@type":"CommentAction","name":"Comment","target":["http:\/\/www.lichen.pl\/en\/dzien-modlitw-w-intencji-malzenstw-bezdzietnych\/#respond"]}]},{"@type":"WebPage","@id":"http:\/\/www.lichen.pl\/en\/dzien-modlitw-w-intencji-malzenstw-bezdzietnych\/","url":"http:\/\/www.lichen.pl\/en\/dzien-modlitw-w-intencji-malzenstw-bezdzietnych\/","name":"Dzie\u0144 modlitw w intencji ma\u0142\u017ce\u0144stw bezdzietnych - SANKTUARIUM W LICHENIU","isPartOf":{"@id":"https:\/\/www.lichen.pl\/fr\/#website"},"primaryImageOfPage":{"@id":"http:\/\/www.lichen.pl\/en\/dzien-modlitw-w-intencji-malzenstw-bezdzietnych\/#primaryimage"},"image":{"@id":"http:\/\/www.lichen.pl\/en\/dzien-modlitw-w-intencji-malzenstw-bezdzietnych\/#primaryimage"},"thumbnailUrl":"https:\/\/www.lichen.pl\/wp-content\/uploads\/2021\/08\/Kadr.jpg","datePublished":"2021-08-14T14:00:51+00:00","dateModified":"2021-08-17T18:32:10+00:00","author":{"@id":"https:\/\/www.lichen.pl\/fr\/#\/schema\/person\/56fc5b38d70a2b34983408f9a457fd9d"},"breadcrumb":{"@id":"http:\/\/www.lichen.pl\/en\/dzien-modlitw-w-intencji-malzenstw-bezdzietnych\/#breadcrumb"},"inLanguage":"en-GB","potentialAction":[{"@type":"ReadAction","target":["http:\/\/www.lichen.pl\/en\/dzien-modlitw-w-intencji-malzenstw-bezdzietnych\/"]}]},{"@type":"ImageObject","inLanguage":"en-GB","@id":"http:\/\/www.lichen.pl\/en\/dzien-modlitw-w-intencji-malzenstw-bezdzietnych\/#primaryimage","url":"https:\/\/www.lichen.pl\/wp-content\/uploads\/2021\/08\/Kadr.jpg","contentUrl":"https:\/\/www.lichen.pl\/wp-content\/uploads\/2021\/08\/Kadr.jpg","width":512,"height":352},{"@type":"BreadcrumbList","@id":"http:\/\/www.lichen.pl\/en\/dzien-modlitw-w-intencji-malzenstw-bezdzietnych\/#breadcrumb","itemListElement":[{"@type":"ListItem","position":1,"name":"Strona g\u0142\u00f3wna","item":"https:\/\/www.lichen.pl\/"},{"@type":"ListItem","position":2,"name":"Dzie\u0144 modlitw w intencji ma\u0142\u017ce\u0144stw bezdzietnych"}]},{"@type":"WebSite","@id":"https:\/\/www.lichen.pl\/fr\/#website","url":"https:\/\/www.lichen.pl\/fr\/","name":"SANCTUARY IN LICHENIA","description":"OUR LICHEN&#039;S SORROWFUL QUEEN OF POLAND","potentialAction":[{"@type":"SearchAction","target":{"@type":"EntryPoint","urlTemplate":"https:\/\/www.lichen.pl\/fr\/?s={search_term_string}"},"query-input":{"@type":"PropertyValueSpecification","valueRequired":true,"valueName":"search_term_string"}}],"inLanguage":"en-GB"},{"@type":"Person","@id":"https:\/\/www.lichen.pl\/fr\/#\/schema\/person\/56fc5b38d70a2b34983408f9a457fd9d","name":"Arkadiusz Gorgolewski","image":{"@type":"ImageObject","inLanguage":"en-GB","@id":"https:\/\/secure.gravatar.com\/avatar\/0f571b370f5aa245b1fd3b9c945511b004fe17579bdefd5054d99f0ba315149c?s=96&d=retro&r=g","url":"https:\/\/secure.gravatar.com\/avatar\/0f571b370f5aa245b1fd3b9c945511b004fe17579bdefd5054d99f0ba315149c?s=96&d=retro&r=g","contentUrl":"https:\/\/secure.gravatar.com\/avatar\/0f571b370f5aa245b1fd3b9c945511b004fe17579bdefd5054d99f0ba315149c?s=96&d=retro&r=g","caption":"Arkadiusz Gorgolewski"},"url":"https:\/\/www.lichen.pl\/en\/author\/sanadmin\/"}]}},"_links":{"self":[{"href":"https:\/\/www.lichen.pl\/en\/wp-json\/wp\/v2\/posts\/27642","targetHints":{"allow":["GET"]}}],"collection":[{"href":"https:\/\/www.lichen.pl\/en\/wp-json\/wp\/v2\/posts"}],"about":[{"href":"https:\/\/www.lichen.pl\/en\/wp-json\/wp\/v2\/types\/post"}],"author":[{"embeddable":true,"href":"https:\/\/www.lichen.pl\/en\/wp-json\/wp\/v2\/users\/2"}],"replies":[{"embeddable":true,"href":"https:\/\/www.lichen.pl\/en\/wp-json\/wp\/v2\/comments?post=27642"}],"version-history":[{"count":4,"href":"https:\/\/www.lichen.pl\/en\/wp-json\/wp\/v2\/posts\/27642\/revisions"}],"predecessor-version":[{"id":27727,"href":"https:\/\/www.lichen.pl\/en\/wp-json\/wp\/v2\/posts\/27642\/revisions\/27727"}],"wp:featuredmedia":[{"embeddable":true,"href":"https:\/\/www.lichen.pl\/en\/wp-json\/wp\/v2\/media\/27719"}],"wp:attachment":[{"href":"https:\/\/www.lichen.pl\/en\/wp-json\/wp\/v2\/media?parent=27642"}],"wp:term":[{"taxonomy":"category","embeddable":true,"href":"https:\/\/www.lichen.pl\/en\/wp-json\/wp\/v2\/categories?post=27642"},{"taxonomy":"post_tag","embeddable":true,"href":"https:\/\/www.lichen.pl\/en\/wp-json\/wp\/v2\/tags?post=27642"}],"curies":[{"name":"wp","href":"https:\/\/api.w.org\/{rel}","templated":true}]}}