{"id":27786,"date":"2021-08-14T20:30:41","date_gmt":"2021-08-14T20:30:41","guid":{"rendered":"http:\/\/www.lichen.pl\/w-licheniu-rozpoczely-sie-warsztaty-ars-celebrandi-copy\/"},"modified":"2021-08-17T19:39:24","modified_gmt":"2021-08-17T19:39:24","slug":"rozpoczecie-uroczystosci-odpustowych-w-lichenskim-sanktuarium","status":"publish","type":"post","link":"https:\/\/www.lichen.pl\/en\/rozpoczecie-uroczystosci-odpustowych-w-lichenskim-sanktuarium\/","title":{"rendered":"Beginning of the pilgrimage ceremonies at the Liche\u0144 sanctuary"},"content":{"rendered":"<div data-elementor-type=\"wp-post\" data-elementor-id=\"27786\" class=\"elementor elementor-27786\" data-elementor-post-type=\"post\">\n\t\t\t\t\t\t<section class=\"elementor-section elementor-top-section elementor-element elementor-element-9077e4f elementor-section-boxed elementor-section-height-default elementor-section-height-default\" data-id=\"9077e4f\" data-element_type=\"section\" data-e-type=\"section\">\n\t\t\t\t\t\t<div class=\"elementor-container elementor-column-gap-default\">\n\t\t\t\t\t<div class=\"elementor-column elementor-col-100 elementor-top-column elementor-element elementor-element-08bb483\" data-id=\"08bb483\" data-element_type=\"column\" data-e-type=\"column\">\n\t\t\t<div class=\"elementor-widget-wrap elementor-element-populated\">\n\t\t\t\t\t\t<div class=\"elementor-element elementor-element-b28a545 elementor-widget elementor-widget-heading\" data-id=\"b28a545\" data-element_type=\"widget\" data-e-type=\"widget\" data-widget_type=\"heading.default\">\n\t\t\t\t<div class=\"elementor-widget-container\">\n\t\t\t\t\t<h2 class=\"elementor-heading-title elementor-size-default\">The first Vespers of the Assumption of the Blessed Virgin Mary began on Saturday, August 14, with indulgence ceremonies in the Liche\u0144 sanctuary. A solemn liturgy was held at the coronation altar next to the parish church of St. Dorothy.<\/h2>\t\t\t\t<\/div>\n\t\t\t\t<\/div>\n\t\t\t\t<section class=\"elementor-section elementor-inner-section elementor-element elementor-element-6b6583a elementor-section-boxed elementor-section-height-default elementor-section-height-default\" data-id=\"6b6583a\" data-element_type=\"section\" data-e-type=\"section\">\n\t\t\t\t\t\t<div class=\"elementor-container elementor-column-gap-default\">\n\t\t\t\t\t<div class=\"elementor-column elementor-col-50 elementor-inner-column elementor-element elementor-element-0a94660\" data-id=\"0a94660\" data-element_type=\"column\" data-e-type=\"column\">\n\t\t\t<div class=\"elementor-widget-wrap elementor-element-populated\">\n\t\t\t\t\t\t<div class=\"elementor-element elementor-element-946f3cd elementor-widget elementor-widget-image\" data-id=\"946f3cd\" data-element_type=\"widget\" data-e-type=\"widget\" data-widget_type=\"image.default\">\n\t\t\t\t<div class=\"elementor-widget-container\">\n\t\t\t\t\t\t\t\t\t\t\t\t\t\t\t<img fetchpriority=\"high\" decoding=\"async\" width=\"768\" height=\"1152\" src=\"https:\/\/www.lichen.pl\/wp-content\/uploads\/2021\/08\/Rozpoczecie-uroczystosci-odpustowych-sobota-14-sierpnia-2021-1-768x1152.jpg\" class=\"attachment-medium_large size-medium_large wp-image-27788\" alt=\"\" srcset=\"https:\/\/www.lichen.pl\/wp-content\/uploads\/2021\/08\/Rozpoczecie-uroczystosci-odpustowych-sobota-14-sierpnia-2021-1-768x1152.jpg 768w, https:\/\/www.lichen.pl\/wp-content\/uploads\/2021\/08\/Rozpoczecie-uroczystosci-odpustowych-sobota-14-sierpnia-2021-1-800x1200.jpg 800w, https:\/\/www.lichen.pl\/wp-content\/uploads\/2021\/08\/Rozpoczecie-uroczystosci-odpustowych-sobota-14-sierpnia-2021-1-200x300.jpg 200w, https:\/\/www.lichen.pl\/wp-content\/uploads\/2021\/08\/Rozpoczecie-uroczystosci-odpustowych-sobota-14-sierpnia-2021-1-682x1024.jpg 682w, https:\/\/www.lichen.pl\/wp-content\/uploads\/2021\/08\/Rozpoczecie-uroczystosci-odpustowych-sobota-14-sierpnia-2021-1-1024x1536.jpg 1024w, https:\/\/www.lichen.pl\/wp-content\/uploads\/2021\/08\/Rozpoczecie-uroczystosci-odpustowych-sobota-14-sierpnia-2021-1.jpg 853w\" sizes=\"(max-width: 768px) 100vw, 768px\" \/>\t\t\t\t\t\t\t\t\t\t\t\t\t\t\t<\/div>\n\t\t\t\t<\/div>\n\t\t\t\t\t<\/div>\n\t\t<\/div>\n\t\t\t\t<div class=\"elementor-column elementor-col-50 elementor-inner-column elementor-element elementor-element-f109e72\" data-id=\"f109e72\" data-element_type=\"column\" data-e-type=\"column\">\n\t\t\t<div class=\"elementor-widget-wrap elementor-element-populated\">\n\t\t\t\t\t\t<div class=\"elementor-element elementor-element-fcf0fcd elementor-widget elementor-widget-text-editor\" data-id=\"fcf0fcd\" data-element_type=\"widget\" data-e-type=\"widget\" data-widget_type=\"text-editor.default\">\n\t\t\t\t<div class=\"elementor-widget-container\">\n\t\t\t\t\t\t\t\t\t<p>The Holy Mass was presided over by Fr. Bogus\u0142aw Binda, MIC, superior of the Lichen community of the Congregation of Marian Fathers. The liturgy was concelebrated by, among others: Fr. Janusz Kumala, MIC and the curator of the sanctuary, Fr. Rafa\u0142 Krauze, MIC, pastor of the Liche\u0144 parish<br \/>&quot;Mary invites us today to glorify God with her,&quot; said Fr. Binda. \u201cShe had this extraordinary closeness and familiarity. No one among people knows Jesus like Mary, and no one loves him so much. Today we celebrate the consequences of this closeness. The Risen One could not allow His Mother not to participate in His glory. She was taken body and soul to the home that God had prepared for her for centuries. He watches over our earthly ways that we may come to heaven. &quot;<br \/>Fr. In his homily, Binda explained that the feast of the Assumption of the Blessed Virgin Mary makes us aware that we have someone who guides us and watches over us without exception. \u201cThanks to her, we will always be close to Jesus Christ. We experience this closeness when we let ourselves be guided by it. We are to not only honor it but also imitate it. Thanks to her &#039;yes&#039;, which she said to God, she played a key role in the history of salvation &quot;, said the priest, encouraging:&quot; When faith does not come easily to us, let us turn to Mary. &quot;<\/p>\t\t\t\t\t\t\t\t<\/div>\n\t\t\t\t<\/div>\n\t\t\t\t\t<\/div>\n\t\t<\/div>\n\t\t\t\t\t<\/div>\n\t\t<\/section>\n\t\t\t\t<div class=\"elementor-element elementor-element-8a16bf5 elementor-widget elementor-widget-text-editor\" data-id=\"8a16bf5\" data-element_type=\"widget\" data-e-type=\"widget\" data-widget_type=\"text-editor.default\">\n\t\t\t\t<div class=\"elementor-widget-container\">\n\t\t\t\t\t\t\t\t\t<p>The head of the Lichen community of Marian Fathers emphasized that we are celebrating the 54th anniversary of the coronation of the Image of Our Lady of Lichen with the papal crown, which was made on August 15, 1967 by the Servant of God, Card. Stefan Wyszy\u0144ski. The monk recalled the person of Cardinal Wyszy\u0144ski, emphasizing the 120th birthday and 97th anniversary of priestly ordination celebrated two weeks ago. On August 15, 1967, Cardinal Wyszy\u0144ski gave two speeches (to young people and to the general public). He recalled then how 45 years earlier he had been in Liche\u0144 as a young alumnus of the W\u0142oc\u0142awek seminary, among others the favors experienced by the worshipers of Mary of Lichen or by teaching children the catechism. Wyszy\u0144ski&#039;s visit to Liche\u0144 was also recalled by a banner hung at the coronation altar with a quote from the Primate of the Millennium: &quot;The world needs a Mother.&quot;<\/p><p>After 8 p.m. in the basilica there was a concert of Marian songs performed by Barbara Kaczor, organist of the Liche\u0144 basilica. You could hear, among others &quot;Mary, beautiful Lady&quot;, &quot;Mother&#039;s tears&quot;, &quot;In the footsteps of Mary I am on a pilgrimage&quot;, &quot;Who, Mother, should I believe today&quot; or &quot;Goodnight Lady&quot;.<\/p>\t\t\t\t\t\t\t\t<\/div>\n\t\t\t\t<\/div>\n\t\t\t\t<div class=\"elementor-element elementor-element-fed20be elementor-widget elementor-widget-text-editor\" data-id=\"fed20be\" data-element_type=\"widget\" data-e-type=\"widget\" data-widget_type=\"text-editor.default\">\n\t\t\t\t<div class=\"elementor-widget-container\">\n\t\t\t\t\t\t\t\t\t<p>Text and photos: Sanctuary Press Office<\/p>\t\t\t\t\t\t\t\t<\/div>\n\t\t\t\t<\/div>\n\t\t\t\t<div class=\"elementor-element elementor-element-dda1d5f elementor-widget-divider--view-line_icon elementor-view-default elementor-widget-divider--element-align-center elementor-widget elementor-widget-divider\" data-id=\"dda1d5f\" data-element_type=\"widget\" data-e-type=\"widget\" data-widget_type=\"divider.default\">\n\t\t\t\t<div class=\"elementor-widget-container\">\n\t\t\t\t\t\t\t<div class=\"elementor-divider\">\n\t\t\t<span class=\"elementor-divider-separator\">\n\t\t\t\t\t\t\t<div class=\"elementor-icon elementor-divider__element\">\n\t\t\t\t\t<i aria-hidden=\"true\" class=\"fas fa-camera\"><\/i><\/div>\n\t\t\t\t\t\t<\/span>\n\t\t<\/div>\n\t\t\t\t\t\t<\/div>\n\t\t\t\t<\/div>\n\t\t\t\t<div class=\"elementor-element elementor-element-8ca278c elementor-widget elementor-widget-gallery\" data-id=\"8ca278c\" data-element_type=\"widget\" data-e-type=\"widget\" data-settings=\"{&quot;columns&quot;:6,&quot;lazyload&quot;:&quot;yes&quot;,&quot;gallery_layout&quot;:&quot;grid&quot;,&quot;columns_tablet&quot;:2,&quot;columns_mobile&quot;:1,&quot;gap&quot;:{&quot;unit&quot;:&quot;px&quot;,&quot;size&quot;:10,&quot;sizes&quot;:[]},&quot;gap_tablet&quot;:{&quot;unit&quot;:&quot;px&quot;,&quot;size&quot;:10,&quot;sizes&quot;:[]},&quot;gap_mobile&quot;:{&quot;unit&quot;:&quot;px&quot;,&quot;size&quot;:10,&quot;sizes&quot;:[]},&quot;link_to&quot;:&quot;file&quot;,&quot;aspect_ratio&quot;:&quot;3:2&quot;,&quot;overlay_background&quot;:&quot;yes&quot;,&quot;content_hover_animation&quot;:&quot;fade-in&quot;}\" data-widget_type=\"gallery.default\">\n\t\t\t\t<div class=\"elementor-widget-container\">\n\t\t\t\t\t\t\t<div class=\"elementor-gallery__container\">\n\t\t\t\t\t\t\t<a class=\"e-gallery-item elementor-gallery-item elementor-animated-content\" href=\"https:\/\/www.lichen.pl\/wp-content\/uploads\/2021\/08\/Rozpoczecie-uroczystosci-odpustowych-sobota-14-sierpnia-2021-2.jpg\" data-elementor-open-lightbox=\"yes\" data-elementor-lightbox-slideshow=\"8ca278c\" data-elementor-lightbox-title=\"Rozpocz\u0119cie uroczysto\u015bci odpustowych, sobota, 14 sierpnia 2021 2\" data-e-action-hash=\"#elementor-action%3Aaction%3Dlightbox%26settings%3DeyJpZCI6Mjc3OTMsInVybCI6Imh0dHBzOlwvXC93d3cubGljaGVuLnBsXC93cC1jb250ZW50XC91cGxvYWRzXC8yMDIxXC8wOFwvUm96cG9jemVjaWUtdXJvY3p5c3Rvc2NpLW9kcHVzdG93eWNoLXNvYm90YS0xNC1zaWVycG5pYS0yMDIxLTIuanBnIiwic2xpZGVzaG93IjoiOGNhMjc4YyJ9\">\n\t\t\t\t\t<div class=\"e-gallery-image elementor-gallery-item__image\" data-thumbnail=\"https:\/\/www.lichen.pl\/wp-content\/uploads\/2021\/08\/Rozpoczecie-uroczystosci-odpustowych-sobota-14-sierpnia-2021-2-300x200.jpg\" data-width=\"300\" data-height=\"200\" aria-label=\"\" role=\"img\" ><\/div>\n\t\t\t\t\t\t\t\t\t\t\t<div class=\"elementor-gallery-item__overlay\"><\/div>\n\t\t\t\t\t\t\t\t\t\t\t\t\t\t<\/a>\n\t\t\t\t\t\t\t<a class=\"e-gallery-item elementor-gallery-item elementor-animated-content\" href=\"https:\/\/www.lichen.pl\/wp-content\/uploads\/2021\/08\/Rozpoczecie-uroczystosci-odpustowych-sobota-14-sierpnia-2021-4.jpg\" data-elementor-open-lightbox=\"yes\" data-elementor-lightbox-slideshow=\"8ca278c\" data-elementor-lightbox-title=\"Rozpocz\u0119cie uroczysto\u015bci odpustowych, sobota, 14 sierpnia 2021 4\" data-e-action-hash=\"#elementor-action%3Aaction%3Dlightbox%26settings%3DeyJpZCI6Mjc4MDMsInVybCI6Imh0dHBzOlwvXC93d3cubGljaGVuLnBsXC93cC1jb250ZW50XC91cGxvYWRzXC8yMDIxXC8wOFwvUm96cG9jemVjaWUtdXJvY3p5c3Rvc2NpLW9kcHVzdG93eWNoLXNvYm90YS0xNC1zaWVycG5pYS0yMDIxLTQuanBnIiwic2xpZGVzaG93IjoiOGNhMjc4YyJ9\">\n\t\t\t\t\t<div class=\"e-gallery-image elementor-gallery-item__image\" data-thumbnail=\"https:\/\/www.lichen.pl\/wp-content\/uploads\/2021\/08\/Rozpoczecie-uroczystosci-odpustowych-sobota-14-sierpnia-2021-4-300x200.jpg\" data-width=\"300\" data-height=\"200\" aria-label=\"\" role=\"img\" ><\/div>\n\t\t\t\t\t\t\t\t\t\t\t<div class=\"elementor-gallery-item__overlay\"><\/div>\n\t\t\t\t\t\t\t\t\t\t\t\t\t\t<\/a>\n\t\t\t\t\t\t\t<a class=\"e-gallery-item elementor-gallery-item elementor-animated-content\" href=\"https:\/\/www.lichen.pl\/wp-content\/uploads\/2021\/08\/Rozpoczecie-uroczystosci-odpustowych-sobota-14-sierpnia-2021-9.jpg\" data-elementor-open-lightbox=\"yes\" data-elementor-lightbox-slideshow=\"8ca278c\" data-elementor-lightbox-title=\"Rozpocz\u0119cie uroczysto\u015bci odpustowych, sobota, 14 sierpnia 2021 9\" data-e-action-hash=\"#elementor-action%3Aaction%3Dlightbox%26settings%3DeyJpZCI6Mjc4MjgsInVybCI6Imh0dHBzOlwvXC93d3cubGljaGVuLnBsXC93cC1jb250ZW50XC91cGxvYWRzXC8yMDIxXC8wOFwvUm96cG9jemVjaWUtdXJvY3p5c3Rvc2NpLW9kcHVzdG93eWNoLXNvYm90YS0xNC1zaWVycG5pYS0yMDIxLTkuanBnIiwic2xpZGVzaG93IjoiOGNhMjc4YyJ9\">\n\t\t\t\t\t<div class=\"e-gallery-image elementor-gallery-item__image\" data-thumbnail=\"https:\/\/www.lichen.pl\/wp-content\/uploads\/2021\/08\/Rozpoczecie-uroczystosci-odpustowych-sobota-14-sierpnia-2021-9-200x300.jpg\" data-width=\"200\" data-height=\"300\" aria-label=\"\" role=\"img\" ><\/div>\n\t\t\t\t\t\t\t\t\t\t\t<div class=\"elementor-gallery-item__overlay\"><\/div>\n\t\t\t\t\t\t\t\t\t\t\t\t\t\t<\/a>\n\t\t\t\t\t\t\t<a class=\"e-gallery-item elementor-gallery-item elementor-animated-content\" href=\"https:\/\/www.lichen.pl\/wp-content\/uploads\/2021\/08\/Rozpoczecie-uroczystosci-odpustowych-sobota-14-sierpnia-2021-10.jpg\" data-elementor-open-lightbox=\"yes\" data-elementor-lightbox-slideshow=\"8ca278c\" data-elementor-lightbox-title=\"Rozpocz\u0119cie uroczysto\u015bci odpustowych, sobota, 14 sierpnia 2021 10\" data-e-action-hash=\"#elementor-action%3Aaction%3Dlightbox%26settings%3DeyJpZCI6Mjc4MzMsInVybCI6Imh0dHBzOlwvXC93d3cubGljaGVuLnBsXC93cC1jb250ZW50XC91cGxvYWRzXC8yMDIxXC8wOFwvUm96cG9jemVjaWUtdXJvY3p5c3Rvc2NpLW9kcHVzdG93eWNoLXNvYm90YS0xNC1zaWVycG5pYS0yMDIxLTEwLmpwZyIsInNsaWRlc2hvdyI6IjhjYTI3OGMifQ%3D%3D\">\n\t\t\t\t\t<div class=\"e-gallery-image elementor-gallery-item__image\" data-thumbnail=\"https:\/\/www.lichen.pl\/wp-content\/uploads\/2021\/08\/Rozpoczecie-uroczystosci-odpustowych-sobota-14-sierpnia-2021-10-200x300.jpg\" data-width=\"200\" data-height=\"300\" aria-label=\"\" role=\"img\" ><\/div>\n\t\t\t\t\t\t\t\t\t\t\t<div class=\"elementor-gallery-item__overlay\"><\/div>\n\t\t\t\t\t\t\t\t\t\t\t\t\t\t<\/a>\n\t\t\t\t\t\t\t<a class=\"e-gallery-item elementor-gallery-item elementor-animated-content\" href=\"https:\/\/www.lichen.pl\/wp-content\/uploads\/2021\/08\/Rozpoczecie-uroczystosci-odpustowych-sobota-14-sierpnia-2021-11.jpg\" data-elementor-open-lightbox=\"yes\" data-elementor-lightbox-slideshow=\"8ca278c\" data-elementor-lightbox-title=\"Rozpocz\u0119cie uroczysto\u015bci odpustowych, sobota, 14 sierpnia 2021 11\" data-e-action-hash=\"#elementor-action%3Aaction%3Dlightbox%26settings%3DeyJpZCI6Mjc4MzgsInVybCI6Imh0dHBzOlwvXC93d3cubGljaGVuLnBsXC93cC1jb250ZW50XC91cGxvYWRzXC8yMDIxXC8wOFwvUm96cG9jemVjaWUtdXJvY3p5c3Rvc2NpLW9kcHVzdG93eWNoLXNvYm90YS0xNC1zaWVycG5pYS0yMDIxLTExLmpwZyIsInNsaWRlc2hvdyI6IjhjYTI3OGMifQ%3D%3D\">\n\t\t\t\t\t<div class=\"e-gallery-image elementor-gallery-item__image\" data-thumbnail=\"https:\/\/www.lichen.pl\/wp-content\/uploads\/2021\/08\/Rozpoczecie-uroczystosci-odpustowych-sobota-14-sierpnia-2021-11-200x300.jpg\" data-width=\"200\" data-height=\"300\" aria-label=\"\" role=\"img\" ><\/div>\n\t\t\t\t\t\t\t\t\t\t\t<div class=\"elementor-gallery-item__overlay\"><\/div>\n\t\t\t\t\t\t\t\t\t\t\t\t\t\t<\/a>\n\t\t\t\t\t\t\t<a class=\"e-gallery-item elementor-gallery-item elementor-animated-content\" href=\"https:\/\/www.lichen.pl\/wp-content\/uploads\/2021\/08\/Rozpoczecie-uroczystosci-odpustowych-sobota-14-sierpnia-2021-12.jpg\" data-elementor-open-lightbox=\"yes\" data-elementor-lightbox-slideshow=\"8ca278c\" data-elementor-lightbox-title=\"Rozpocz\u0119cie uroczysto\u015bci odpustowych, sobota, 14 sierpnia 2021 12\" data-e-action-hash=\"#elementor-action%3Aaction%3Dlightbox%26settings%3DeyJpZCI6Mjc4NDMsInVybCI6Imh0dHBzOlwvXC93d3cubGljaGVuLnBsXC93cC1jb250ZW50XC91cGxvYWRzXC8yMDIxXC8wOFwvUm96cG9jemVjaWUtdXJvY3p5c3Rvc2NpLW9kcHVzdG93eWNoLXNvYm90YS0xNC1zaWVycG5pYS0yMDIxLTEyLmpwZyIsInNsaWRlc2hvdyI6IjhjYTI3OGMifQ%3D%3D\">\n\t\t\t\t\t<div class=\"e-gallery-image elementor-gallery-item__image\" data-thumbnail=\"https:\/\/www.lichen.pl\/wp-content\/uploads\/2021\/08\/Rozpoczecie-uroczystosci-odpustowych-sobota-14-sierpnia-2021-12-200x300.jpg\" data-width=\"200\" data-height=\"300\" aria-label=\"\" role=\"img\" ><\/div>\n\t\t\t\t\t\t\t\t\t\t\t<div class=\"elementor-gallery-item__overlay\"><\/div>\n\t\t\t\t\t\t\t\t\t\t\t\t\t\t<\/a>\n\t\t\t\t\t\t\t<a class=\"e-gallery-item elementor-gallery-item elementor-animated-content\" href=\"https:\/\/www.lichen.pl\/wp-content\/uploads\/2021\/08\/Rozpoczecie-uroczystosci-odpustowych-sobota-14-sierpnia-2021-15.jpg\" data-elementor-open-lightbox=\"yes\" data-elementor-lightbox-slideshow=\"8ca278c\" data-elementor-lightbox-title=\"Rozpocz\u0119cie uroczysto\u015bci odpustowych, sobota, 14 sierpnia 2021 15\" data-e-action-hash=\"#elementor-action%3Aaction%3Dlightbox%26settings%3DeyJpZCI6Mjc4NTgsInVybCI6Imh0dHBzOlwvXC93d3cubGljaGVuLnBsXC93cC1jb250ZW50XC91cGxvYWRzXC8yMDIxXC8wOFwvUm96cG9jemVjaWUtdXJvY3p5c3Rvc2NpLW9kcHVzdG93eWNoLXNvYm90YS0xNC1zaWVycG5pYS0yMDIxLTE1LmpwZyIsInNsaWRlc2hvdyI6IjhjYTI3OGMifQ%3D%3D\">\n\t\t\t\t\t<div class=\"e-gallery-image elementor-gallery-item__image\" data-thumbnail=\"https:\/\/www.lichen.pl\/wp-content\/uploads\/2021\/08\/Rozpoczecie-uroczystosci-odpustowych-sobota-14-sierpnia-2021-15-200x300.jpg\" data-width=\"200\" data-height=\"300\" aria-label=\"\" role=\"img\" ><\/div>\n\t\t\t\t\t\t\t\t\t\t\t<div class=\"elementor-gallery-item__overlay\"><\/div>\n\t\t\t\t\t\t\t\t\t\t\t\t\t\t<\/a>\n\t\t\t\t\t\t\t<a class=\"e-gallery-item elementor-gallery-item elementor-animated-content\" href=\"https:\/\/www.lichen.pl\/wp-content\/uploads\/2021\/08\/Rozpoczecie-uroczystosci-odpustowych-sobota-14-sierpnia-2021-16.jpg\" data-elementor-open-lightbox=\"yes\" data-elementor-lightbox-slideshow=\"8ca278c\" data-elementor-lightbox-title=\"Rozpocz\u0119cie uroczysto\u015bci odpustowych, sobota, 14 sierpnia 2021 16\" data-e-action-hash=\"#elementor-action%3Aaction%3Dlightbox%26settings%3DeyJpZCI6Mjc4NjMsInVybCI6Imh0dHBzOlwvXC93d3cubGljaGVuLnBsXC93cC1jb250ZW50XC91cGxvYWRzXC8yMDIxXC8wOFwvUm96cG9jemVjaWUtdXJvY3p5c3Rvc2NpLW9kcHVzdG93eWNoLXNvYm90YS0xNC1zaWVycG5pYS0yMDIxLTE2LmpwZyIsInNsaWRlc2hvdyI6IjhjYTI3OGMifQ%3D%3D\">\n\t\t\t\t\t<div class=\"e-gallery-image elementor-gallery-item__image\" data-thumbnail=\"https:\/\/www.lichen.pl\/wp-content\/uploads\/2021\/08\/Rozpoczecie-uroczystosci-odpustowych-sobota-14-sierpnia-2021-16-200x300.jpg\" data-width=\"200\" data-height=\"300\" aria-label=\"\" role=\"img\" ><\/div>\n\t\t\t\t\t\t\t\t\t\t\t<div class=\"elementor-gallery-item__overlay\"><\/div>\n\t\t\t\t\t\t\t\t\t\t\t\t\t\t<\/a>\n\t\t\t\t\t\t\t<a class=\"e-gallery-item elementor-gallery-item elementor-animated-content\" href=\"https:\/\/www.lichen.pl\/wp-content\/uploads\/2021\/08\/Rozpoczecie-uroczystosci-odpustowych-sobota-14-sierpnia-2021-17.jpg\" data-elementor-open-lightbox=\"yes\" data-elementor-lightbox-slideshow=\"8ca278c\" data-elementor-lightbox-title=\"Rozpocz\u0119cie uroczysto\u015bci odpustowych, sobota, 14 sierpnia 2021 17\" data-e-action-hash=\"#elementor-action%3Aaction%3Dlightbox%26settings%3DeyJpZCI6Mjc4NjgsInVybCI6Imh0dHBzOlwvXC93d3cubGljaGVuLnBsXC93cC1jb250ZW50XC91cGxvYWRzXC8yMDIxXC8wOFwvUm96cG9jemVjaWUtdXJvY3p5c3Rvc2NpLW9kcHVzdG93eWNoLXNvYm90YS0xNC1zaWVycG5pYS0yMDIxLTE3LmpwZyIsInNsaWRlc2hvdyI6IjhjYTI3OGMifQ%3D%3D\">\n\t\t\t\t\t<div class=\"e-gallery-image elementor-gallery-item__image\" data-thumbnail=\"https:\/\/www.lichen.pl\/wp-content\/uploads\/2021\/08\/Rozpoczecie-uroczystosci-odpustowych-sobota-14-sierpnia-2021-17-200x300.jpg\" data-width=\"200\" data-height=\"300\" aria-label=\"\" role=\"img\" ><\/div>\n\t\t\t\t\t\t\t\t\t\t\t<div class=\"elementor-gallery-item__overlay\"><\/div>\n\t\t\t\t\t\t\t\t\t\t\t\t\t\t<\/a>\n\t\t\t\t\t\t\t<a class=\"e-gallery-item elementor-gallery-item elementor-animated-content\" href=\"https:\/\/www.lichen.pl\/wp-content\/uploads\/2021\/08\/Rozpoczecie-uroczystosci-odpustowych-sobota-14-sierpnia-2021-18.jpg\" data-elementor-open-lightbox=\"yes\" data-elementor-lightbox-slideshow=\"8ca278c\" data-elementor-lightbox-title=\"Rozpocz\u0119cie uroczysto\u015bci odpustowych, sobota, 14 sierpnia 2021 18\" data-e-action-hash=\"#elementor-action%3Aaction%3Dlightbox%26settings%3DeyJpZCI6Mjc4NzMsInVybCI6Imh0dHBzOlwvXC93d3cubGljaGVuLnBsXC93cC1jb250ZW50XC91cGxvYWRzXC8yMDIxXC8wOFwvUm96cG9jemVjaWUtdXJvY3p5c3Rvc2NpLW9kcHVzdG93eWNoLXNvYm90YS0xNC1zaWVycG5pYS0yMDIxLTE4LmpwZyIsInNsaWRlc2hvdyI6IjhjYTI3OGMifQ%3D%3D\">\n\t\t\t\t\t<div class=\"e-gallery-image elementor-gallery-item__image\" data-thumbnail=\"https:\/\/www.lichen.pl\/wp-content\/uploads\/2021\/08\/Rozpoczecie-uroczystosci-odpustowych-sobota-14-sierpnia-2021-18-200x300.jpg\" data-width=\"200\" data-height=\"300\" aria-label=\"\" role=\"img\" ><\/div>\n\t\t\t\t\t\t\t\t\t\t\t<div class=\"elementor-gallery-item__overlay\"><\/div>\n\t\t\t\t\t\t\t\t\t\t\t\t\t\t<\/a>\n\t\t\t\t\t\t\t<a class=\"e-gallery-item elementor-gallery-item elementor-animated-content\" href=\"https:\/\/www.lichen.pl\/wp-content\/uploads\/2021\/08\/Rozpoczecie-uroczystosci-odpustowych-sobota-14-sierpnia-2021-19.jpg\" data-elementor-open-lightbox=\"yes\" data-elementor-lightbox-slideshow=\"8ca278c\" data-elementor-lightbox-title=\"Rozpocz\u0119cie uroczysto\u015bci odpustowych, sobota, 14 sierpnia 2021 19\" data-e-action-hash=\"#elementor-action%3Aaction%3Dlightbox%26settings%3DeyJpZCI6Mjc4NzgsInVybCI6Imh0dHBzOlwvXC93d3cubGljaGVuLnBsXC93cC1jb250ZW50XC91cGxvYWRzXC8yMDIxXC8wOFwvUm96cG9jemVjaWUtdXJvY3p5c3Rvc2NpLW9kcHVzdG93eWNoLXNvYm90YS0xNC1zaWVycG5pYS0yMDIxLTE5LmpwZyIsInNsaWRlc2hvdyI6IjhjYTI3OGMifQ%3D%3D\">\n\t\t\t\t\t<div class=\"e-gallery-image elementor-gallery-item__image\" data-thumbnail=\"https:\/\/www.lichen.pl\/wp-content\/uploads\/2021\/08\/Rozpoczecie-uroczystosci-odpustowych-sobota-14-sierpnia-2021-19-200x300.jpg\" data-width=\"200\" data-height=\"300\" aria-label=\"\" role=\"img\" ><\/div>\n\t\t\t\t\t\t\t\t\t\t\t<div class=\"elementor-gallery-item__overlay\"><\/div>\n\t\t\t\t\t\t\t\t\t\t\t\t\t\t<\/a>\n\t\t\t\t\t\t\t<a class=\"e-gallery-item elementor-gallery-item elementor-animated-content\" href=\"https:\/\/www.lichen.pl\/wp-content\/uploads\/2021\/08\/Rozpoczecie-uroczystosci-odpustowych-sobota-14-sierpnia-2021-20.jpg\" data-elementor-open-lightbox=\"yes\" data-elementor-lightbox-slideshow=\"8ca278c\" data-elementor-lightbox-title=\"Rozpocz\u0119cie uroczysto\u015bci odpustowych, sobota, 14 sierpnia 2021 20\" data-e-action-hash=\"#elementor-action%3Aaction%3Dlightbox%26settings%3DeyJpZCI6Mjc4ODMsInVybCI6Imh0dHBzOlwvXC93d3cubGljaGVuLnBsXC93cC1jb250ZW50XC91cGxvYWRzXC8yMDIxXC8wOFwvUm96cG9jemVjaWUtdXJvY3p5c3Rvc2NpLW9kcHVzdG93eWNoLXNvYm90YS0xNC1zaWVycG5pYS0yMDIxLTIwLmpwZyIsInNsaWRlc2hvdyI6IjhjYTI3OGMifQ%3D%3D\">\n\t\t\t\t\t<div class=\"e-gallery-image elementor-gallery-item__image\" data-thumbnail=\"https:\/\/www.lichen.pl\/wp-content\/uploads\/2021\/08\/Rozpoczecie-uroczystosci-odpustowych-sobota-14-sierpnia-2021-20-200x300.jpg\" data-width=\"200\" data-height=\"300\" aria-label=\"\" role=\"img\" ><\/div>\n\t\t\t\t\t\t\t\t\t\t\t<div class=\"elementor-gallery-item__overlay\"><\/div>\n\t\t\t\t\t\t\t\t\t\t\t\t\t\t<\/a>\n\t\t\t\t\t\t\t<a class=\"e-gallery-item elementor-gallery-item elementor-animated-content\" href=\"https:\/\/www.lichen.pl\/wp-content\/uploads\/2021\/08\/Rozpoczecie-uroczystosci-odpustowych-sobota-14-sierpnia-2021-21.jpg\" data-elementor-open-lightbox=\"yes\" data-elementor-lightbox-slideshow=\"8ca278c\" data-elementor-lightbox-title=\"Rozpocz\u0119cie uroczysto\u015bci odpustowych, sobota, 14 sierpnia 2021 21\" data-e-action-hash=\"#elementor-action%3Aaction%3Dlightbox%26settings%3DeyJpZCI6Mjc4ODgsInVybCI6Imh0dHBzOlwvXC93d3cubGljaGVuLnBsXC93cC1jb250ZW50XC91cGxvYWRzXC8yMDIxXC8wOFwvUm96cG9jemVjaWUtdXJvY3p5c3Rvc2NpLW9kcHVzdG93eWNoLXNvYm90YS0xNC1zaWVycG5pYS0yMDIxLTIxLmpwZyIsInNsaWRlc2hvdyI6IjhjYTI3OGMifQ%3D%3D\">\n\t\t\t\t\t<div class=\"e-gallery-image elementor-gallery-item__image\" data-thumbnail=\"https:\/\/www.lichen.pl\/wp-content\/uploads\/2021\/08\/Rozpoczecie-uroczystosci-odpustowych-sobota-14-sierpnia-2021-21-200x300.jpg\" data-width=\"200\" data-height=\"300\" aria-label=\"\" role=\"img\" ><\/div>\n\t\t\t\t\t\t\t\t\t\t\t<div class=\"elementor-gallery-item__overlay\"><\/div>\n\t\t\t\t\t\t\t\t\t\t\t\t\t\t<\/a>\n\t\t\t\t\t\t\t<a class=\"e-gallery-item elementor-gallery-item elementor-animated-content\" href=\"https:\/\/www.lichen.pl\/wp-content\/uploads\/2021\/08\/Rozpoczecie-uroczystosci-odpustowych-sobota-14-sierpnia-2021-22.jpg\" data-elementor-open-lightbox=\"yes\" data-elementor-lightbox-slideshow=\"8ca278c\" data-elementor-lightbox-title=\"Rozpocz\u0119cie uroczysto\u015bci odpustowych, sobota, 14 sierpnia 2021 22\" data-e-action-hash=\"#elementor-action%3Aaction%3Dlightbox%26settings%3DeyJpZCI6Mjc4OTMsInVybCI6Imh0dHBzOlwvXC93d3cubGljaGVuLnBsXC93cC1jb250ZW50XC91cGxvYWRzXC8yMDIxXC8wOFwvUm96cG9jemVjaWUtdXJvY3p5c3Rvc2NpLW9kcHVzdG93eWNoLXNvYm90YS0xNC1zaWVycG5pYS0yMDIxLTIyLmpwZyIsInNsaWRlc2hvdyI6IjhjYTI3OGMifQ%3D%3D\">\n\t\t\t\t\t<div class=\"e-gallery-image elementor-gallery-item__image\" data-thumbnail=\"https:\/\/www.lichen.pl\/wp-content\/uploads\/2021\/08\/Rozpoczecie-uroczystosci-odpustowych-sobota-14-sierpnia-2021-22-200x300.jpg\" data-width=\"200\" data-height=\"300\" aria-label=\"\" role=\"img\" ><\/div>\n\t\t\t\t\t\t\t\t\t\t\t<div class=\"elementor-gallery-item__overlay\"><\/div>\n\t\t\t\t\t\t\t\t\t\t\t\t\t\t<\/a>\n\t\t\t\t\t\t\t<a class=\"e-gallery-item elementor-gallery-item elementor-animated-content\" href=\"https:\/\/www.lichen.pl\/wp-content\/uploads\/2021\/08\/Rozpoczecie-uroczystosci-odpustowych-sobota-14-sierpnia-2021-32.jpg\" data-elementor-open-lightbox=\"yes\" data-elementor-lightbox-slideshow=\"8ca278c\" data-elementor-lightbox-title=\"Rozpocz\u0119cie uroczysto\u015bci odpustowych, sobota, 14 sierpnia 2021 32\" data-e-action-hash=\"#elementor-action%3Aaction%3Dlightbox%26settings%3DeyJpZCI6Mjc5NDMsInVybCI6Imh0dHBzOlwvXC93d3cubGljaGVuLnBsXC93cC1jb250ZW50XC91cGxvYWRzXC8yMDIxXC8wOFwvUm96cG9jemVjaWUtdXJvY3p5c3Rvc2NpLW9kcHVzdG93eWNoLXNvYm90YS0xNC1zaWVycG5pYS0yMDIxLTMyLmpwZyIsInNsaWRlc2hvdyI6IjhjYTI3OGMifQ%3D%3D\">\n\t\t\t\t\t<div class=\"e-gallery-image elementor-gallery-item__image\" data-thumbnail=\"https:\/\/www.lichen.pl\/wp-content\/uploads\/2021\/08\/Rozpoczecie-uroczystosci-odpustowych-sobota-14-sierpnia-2021-32-200x300.jpg\" data-width=\"200\" data-height=\"300\" aria-label=\"\" role=\"img\" ><\/div>\n\t\t\t\t\t\t\t\t\t\t\t<div class=\"elementor-gallery-item__overlay\"><\/div>\n\t\t\t\t\t\t\t\t\t\t\t\t\t\t<\/a>\n\t\t\t\t\t\t\t<a class=\"e-gallery-item elementor-gallery-item elementor-animated-content\" href=\"https:\/\/www.lichen.pl\/wp-content\/uploads\/2021\/08\/Rozpoczecie-uroczystosci-odpustowych-sobota-14-sierpnia-2021-36.jpg\" data-elementor-open-lightbox=\"yes\" data-elementor-lightbox-slideshow=\"8ca278c\" data-elementor-lightbox-title=\"Rozpocz\u0119cie uroczysto\u015bci odpustowych, sobota, 14 sierpnia 2021 36\" data-e-action-hash=\"#elementor-action%3Aaction%3Dlightbox%26settings%3DeyJpZCI6Mjc5NjMsInVybCI6Imh0dHBzOlwvXC93d3cubGljaGVuLnBsXC93cC1jb250ZW50XC91cGxvYWRzXC8yMDIxXC8wOFwvUm96cG9jemVjaWUtdXJvY3p5c3Rvc2NpLW9kcHVzdG93eWNoLXNvYm90YS0xNC1zaWVycG5pYS0yMDIxLTM2LmpwZyIsInNsaWRlc2hvdyI6IjhjYTI3OGMifQ%3D%3D\">\n\t\t\t\t\t<div class=\"e-gallery-image elementor-gallery-item__image\" data-thumbnail=\"https:\/\/www.lichen.pl\/wp-content\/uploads\/2021\/08\/Rozpoczecie-uroczystosci-odpustowych-sobota-14-sierpnia-2021-36-200x300.jpg\" data-width=\"200\" data-height=\"300\" aria-label=\"\" role=\"img\" ><\/div>\n\t\t\t\t\t\t\t\t\t\t\t<div class=\"elementor-gallery-item__overlay\"><\/div>\n\t\t\t\t\t\t\t\t\t\t\t\t\t\t<\/a>\n\t\t\t\t\t\t\t<a class=\"e-gallery-item elementor-gallery-item elementor-animated-content\" href=\"https:\/\/www.lichen.pl\/wp-content\/uploads\/2021\/08\/Rozpoczecie-uroczystosci-odpustowych-sobota-14-sierpnia-2021-43.jpg\" data-elementor-open-lightbox=\"yes\" data-elementor-lightbox-slideshow=\"8ca278c\" data-elementor-lightbox-title=\"Rozpocz\u0119cie uroczysto\u015bci odpustowych, sobota, 14 sierpnia 2021 43\" data-e-action-hash=\"#elementor-action%3Aaction%3Dlightbox%26settings%3DeyJpZCI6Mjc5OTgsInVybCI6Imh0dHBzOlwvXC93d3cubGljaGVuLnBsXC93cC1jb250ZW50XC91cGxvYWRzXC8yMDIxXC8wOFwvUm96cG9jemVjaWUtdXJvY3p5c3Rvc2NpLW9kcHVzdG93eWNoLXNvYm90YS0xNC1zaWVycG5pYS0yMDIxLTQzLmpwZyIsInNsaWRlc2hvdyI6IjhjYTI3OGMifQ%3D%3D\">\n\t\t\t\t\t<div class=\"e-gallery-image elementor-gallery-item__image\" data-thumbnail=\"https:\/\/www.lichen.pl\/wp-content\/uploads\/2021\/08\/Rozpoczecie-uroczystosci-odpustowych-sobota-14-sierpnia-2021-43-200x300.jpg\" data-width=\"200\" data-height=\"300\" aria-label=\"\" role=\"img\" ><\/div>\n\t\t\t\t\t\t\t\t\t\t\t<div class=\"elementor-gallery-item__overlay\"><\/div>\n\t\t\t\t\t\t\t\t\t\t\t\t\t\t<\/a>\n\t\t\t\t\t\t\t<a class=\"e-gallery-item elementor-gallery-item elementor-animated-content\" href=\"https:\/\/www.lichen.pl\/wp-content\/uploads\/2021\/08\/Rozpoczecie-uroczystosci-odpustowych-sobota-14-sierpnia-2021-52.jpg\" data-elementor-open-lightbox=\"yes\" data-elementor-lightbox-slideshow=\"8ca278c\" data-elementor-lightbox-title=\"Rozpocz\u0119cie uroczysto\u015bci odpustowych, sobota, 14 sierpnia 2021 52\" data-e-action-hash=\"#elementor-action%3Aaction%3Dlightbox%26settings%3DeyJpZCI6MjgwNDMsInVybCI6Imh0dHBzOlwvXC93d3cubGljaGVuLnBsXC93cC1jb250ZW50XC91cGxvYWRzXC8yMDIxXC8wOFwvUm96cG9jemVjaWUtdXJvY3p5c3Rvc2NpLW9kcHVzdG93eWNoLXNvYm90YS0xNC1zaWVycG5pYS0yMDIxLTUyLmpwZyIsInNsaWRlc2hvdyI6IjhjYTI3OGMifQ%3D%3D\">\n\t\t\t\t\t<div class=\"e-gallery-image elementor-gallery-item__image\" data-thumbnail=\"https:\/\/www.lichen.pl\/wp-content\/uploads\/2021\/08\/Rozpoczecie-uroczystosci-odpustowych-sobota-14-sierpnia-2021-52-200x300.jpg\" data-width=\"200\" data-height=\"300\" aria-label=\"\" role=\"img\" ><\/div>\n\t\t\t\t\t\t\t\t\t\t\t<div class=\"elementor-gallery-item__overlay\"><\/div>\n\t\t\t\t\t\t\t\t\t\t\t\t\t\t<\/a>\n\t\t\t\t\t<\/div>\n\t\t\t\t\t<\/div>\n\t\t\t\t<\/div>\n\t\t\t\t\t<\/div>\n\t\t<\/div>\n\t\t\t\t\t<\/div>\n\t\t<\/section>\n\t\t\t\t<section class=\"elementor-section elementor-top-section elementor-element elementor-element-4b10594 elementor-section-boxed elementor-section-height-default elementor-section-height-default\" data-id=\"4b10594\" data-element_type=\"section\" data-e-type=\"section\">\n\t\t\t\t\t\t<div class=\"elementor-container elementor-column-gap-default\">\n\t\t\t\t\t<div class=\"elementor-column elementor-col-100 elementor-top-column elementor-element elementor-element-d6bc525\" data-id=\"d6bc525\" data-element_type=\"column\" data-e-type=\"column\">\n\t\t\t<div class=\"elementor-widget-wrap elementor-element-populated\">\n\t\t\t\t\t\t<div class=\"elementor-element elementor-element-8f9e8e2 elementor-widget-divider--view-line elementor-widget elementor-widget-divider\" data-id=\"8f9e8e2\" data-element_type=\"widget\" data-e-type=\"widget\" data-widget_type=\"divider.default\">\n\t\t\t\t<div class=\"elementor-widget-container\">\n\t\t\t\t\t\t\t<div class=\"elementor-divider\">\n\t\t\t<span class=\"elementor-divider-separator\">\n\t\t\t\t\t\t<\/span>\n\t\t<\/div>\n\t\t\t\t\t\t<\/div>\n\t\t\t\t<\/div>\n\t\t\t\t\t<\/div>\n\t\t<\/div>\n\t\t\t\t\t<\/div>\n\t\t<\/section>\n\t\t\t\t<\/div>","protected":false},"excerpt":{"rendered":"<p>Pierwszymi nieszporami Wniebowzi\u0119cia Naj\u015bwi\u0119tszej Maryi Panny rozpocz\u0119to w sobot\u0119, 14 sierpnia uroczysto\u015bci odpustowe w liche\u0144skim sanktuarium. Uroczysta liturgia odby\u0142a si\u0119 przy o\u0142tarzu koronacyjnym obok ko\u015bcio\u0142a parafialnego pw. \u015aw. Doroty. Mszy \u015awi\u0119tej przewodniczy\u0142 ks. Bogus\u0142aw Binda MIC, prze\u0142o\u017cony liche\u0144skiej wsp\u00f3lnoty zgromadzenia ksi\u0119\u017cy marian\u00f3w. Liturgi\u0119 koncelebrowali m.in.: ks. Janusz Kumala MIC i kustosz sanktuarium, ks. Rafa\u0142 Krauze [&hellip;]<\/p>\n","protected":false},"author":2,"featured_media":28053,"comment_status":"open","ping_status":"open","sticky":false,"template":"","format":"standard","meta":{"footnotes":""},"categories":[1],"tags":[],"class_list":["post-27786","post","type-post","status-publish","format-standard","has-post-thumbnail","hentry","category-aktualnosci","wpbf-post"],"yoast_head":"<!-- This site is optimized with the Yoast SEO plugin v27.4 - https:\/\/yoast.com\/product\/yoast-seo-wordpress\/ -->\n<title>Rozpocz\u0119cie uroczysto\u015bci odpustowych w liche\u0144skim sanktuarium - SANKTUARIUM W LICHENIU<\/title>\n<meta name=\"robots\" content=\"index, follow, max-snippet:-1, max-image-preview:large, max-video-preview:-1\" \/>\n<link rel=\"canonical\" href=\"http:\/\/www.lichen.pl\/en\/rozpoczecie-uroczystosci-odpustowych-w-lichenskim-sanktuarium\/\" \/>\n<meta property=\"og:locale\" content=\"en_GB\" \/>\n<meta property=\"og:type\" content=\"article\" \/>\n<meta property=\"og:title\" content=\"Rozpocz\u0119cie uroczysto\u015bci odpustowych w liche\u0144skim sanktuarium - SANKTUARIUM W LICHENIU\" \/>\n<meta property=\"og:description\" content=\"Pierwszymi nieszporami Wniebowzi\u0119cia Naj\u015bwi\u0119tszej Maryi Panny rozpocz\u0119to w sobot\u0119, 14 sierpnia uroczysto\u015bci odpustowe w liche\u0144skim sanktuarium. Uroczysta liturgia odby\u0142a si\u0119 przy o\u0142tarzu koronacyjnym obok ko\u015bcio\u0142a parafialnego pw. \u015aw. Doroty. Mszy \u015awi\u0119tej przewodniczy\u0142 ks. Bogus\u0142aw Binda MIC, prze\u0142o\u017cony liche\u0144skiej wsp\u00f3lnoty zgromadzenia ksi\u0119\u017cy marian\u00f3w. Liturgi\u0119 koncelebrowali m.in.: ks. Janusz Kumala MIC i kustosz sanktuarium, ks. Rafa\u0142 Krauze [&hellip;]\" \/>\n<meta property=\"og:url\" content=\"http:\/\/www.lichen.pl\/en\/rozpoczecie-uroczystosci-odpustowych-w-lichenskim-sanktuarium\/\" \/>\n<meta property=\"og:site_name\" content=\"SANKTUARIUM W LICHENIU\" \/>\n<meta property=\"article:published_time\" content=\"2021-08-14T20:30:41+00:00\" \/>\n<meta property=\"article:modified_time\" content=\"2021-08-17T19:39:24+00:00\" \/>\n<meta property=\"og:image\" content=\"http:\/\/www.lichen.pl\/wp-content\/uploads\/2021\/08\/Rozpoczecie-uroczystosci-odpustowych-sobota-14-sierpnia-2021-kadr.jpg\" \/>\n\t<meta property=\"og:image:width\" content=\"1333\" \/>\n\t<meta property=\"og:image:height\" content=\"1032\" \/>\n\t<meta property=\"og:image:type\" content=\"image\/jpeg\" \/>\n<meta name=\"author\" content=\"Arkadiusz Gorgolewski\" \/>\n<meta name=\"twitter:card\" content=\"summary_large_image\" \/>\n<meta name=\"twitter:label1\" content=\"Written by\" \/>\n\t<meta name=\"twitter:data1\" content=\"Arkadiusz Gorgolewski\" \/>\n\t<meta name=\"twitter:label2\" content=\"Estimated reading time\" \/>\n\t<meta name=\"twitter:data2\" content=\"2 minutes\" \/>\n<script type=\"application\/ld+json\" class=\"yoast-schema-graph\">{\"@context\":\"https:\\\/\\\/schema.org\",\"@graph\":[{\"@type\":\"Article\",\"@id\":\"http:\\\/\\\/www.lichen.pl\\\/en\\\/rozpoczecie-uroczystosci-odpustowych-w-lichenskim-sanktuarium\\\/#article\",\"isPartOf\":{\"@id\":\"http:\\\/\\\/www.lichen.pl\\\/en\\\/rozpoczecie-uroczystosci-odpustowych-w-lichenskim-sanktuarium\\\/\"},\"author\":{\"name\":\"Arkadiusz Gorgolewski\",\"@id\":\"https:\\\/\\\/www.lichen.pl\\\/fr\\\/#\\\/schema\\\/person\\\/56fc5b38d70a2b34983408f9a457fd9d\"},\"headline\":\"Rozpocz\u0119cie uroczysto\u015bci odpustowych w liche\u0144skim sanktuarium\",\"datePublished\":\"2021-08-14T20:30:41+00:00\",\"dateModified\":\"2021-08-17T19:39:24+00:00\",\"mainEntityOfPage\":{\"@id\":\"http:\\\/\\\/www.lichen.pl\\\/en\\\/rozpoczecie-uroczystosci-odpustowych-w-lichenskim-sanktuarium\\\/\"},\"wordCount\":466,\"commentCount\":0,\"image\":{\"@id\":\"http:\\\/\\\/www.lichen.pl\\\/en\\\/rozpoczecie-uroczystosci-odpustowych-w-lichenskim-sanktuarium\\\/#primaryimage\"},\"thumbnailUrl\":\"https:\\\/\\\/www.lichen.pl\\\/wp-content\\\/uploads\\\/2021\\\/08\\\/Rozpoczecie-uroczystosci-odpustowych-sobota-14-sierpnia-2021-kadr.jpg\",\"articleSection\":[\"Aktualno\u015bci\"],\"inLanguage\":\"en-GB\",\"potentialAction\":[{\"@type\":\"CommentAction\",\"name\":\"Comment\",\"target\":[\"http:\\\/\\\/www.lichen.pl\\\/en\\\/rozpoczecie-uroczystosci-odpustowych-w-lichenskim-sanktuarium\\\/#respond\"]}]},{\"@type\":\"WebPage\",\"@id\":\"http:\\\/\\\/www.lichen.pl\\\/en\\\/rozpoczecie-uroczystosci-odpustowych-w-lichenskim-sanktuarium\\\/\",\"url\":\"http:\\\/\\\/www.lichen.pl\\\/en\\\/rozpoczecie-uroczystosci-odpustowych-w-lichenskim-sanktuarium\\\/\",\"name\":\"Rozpocz\u0119cie uroczysto\u015bci odpustowych w liche\u0144skim sanktuarium - SANKTUARIUM W LICHENIU\",\"isPartOf\":{\"@id\":\"https:\\\/\\\/www.lichen.pl\\\/fr\\\/#website\"},\"primaryImageOfPage\":{\"@id\":\"http:\\\/\\\/www.lichen.pl\\\/en\\\/rozpoczecie-uroczystosci-odpustowych-w-lichenskim-sanktuarium\\\/#primaryimage\"},\"image\":{\"@id\":\"http:\\\/\\\/www.lichen.pl\\\/en\\\/rozpoczecie-uroczystosci-odpustowych-w-lichenskim-sanktuarium\\\/#primaryimage\"},\"thumbnailUrl\":\"https:\\\/\\\/www.lichen.pl\\\/wp-content\\\/uploads\\\/2021\\\/08\\\/Rozpoczecie-uroczystosci-odpustowych-sobota-14-sierpnia-2021-kadr.jpg\",\"datePublished\":\"2021-08-14T20:30:41+00:00\",\"dateModified\":\"2021-08-17T19:39:24+00:00\",\"author\":{\"@id\":\"https:\\\/\\\/www.lichen.pl\\\/fr\\\/#\\\/schema\\\/person\\\/56fc5b38d70a2b34983408f9a457fd9d\"},\"breadcrumb\":{\"@id\":\"http:\\\/\\\/www.lichen.pl\\\/en\\\/rozpoczecie-uroczystosci-odpustowych-w-lichenskim-sanktuarium\\\/#breadcrumb\"},\"inLanguage\":\"en-GB\",\"potentialAction\":[{\"@type\":\"ReadAction\",\"target\":[\"http:\\\/\\\/www.lichen.pl\\\/en\\\/rozpoczecie-uroczystosci-odpustowych-w-lichenskim-sanktuarium\\\/\"]}]},{\"@type\":\"ImageObject\",\"inLanguage\":\"en-GB\",\"@id\":\"http:\\\/\\\/www.lichen.pl\\\/en\\\/rozpoczecie-uroczystosci-odpustowych-w-lichenskim-sanktuarium\\\/#primaryimage\",\"url\":\"https:\\\/\\\/www.lichen.pl\\\/wp-content\\\/uploads\\\/2021\\\/08\\\/Rozpoczecie-uroczystosci-odpustowych-sobota-14-sierpnia-2021-kadr.jpg\",\"contentUrl\":\"https:\\\/\\\/www.lichen.pl\\\/wp-content\\\/uploads\\\/2021\\\/08\\\/Rozpoczecie-uroczystosci-odpustowych-sobota-14-sierpnia-2021-kadr.jpg\",\"width\":1333,\"height\":1032},{\"@type\":\"BreadcrumbList\",\"@id\":\"http:\\\/\\\/www.lichen.pl\\\/en\\\/rozpoczecie-uroczystosci-odpustowych-w-lichenskim-sanktuarium\\\/#breadcrumb\",\"itemListElement\":[{\"@type\":\"ListItem\",\"position\":1,\"name\":\"Strona g\u0142\u00f3wna\",\"item\":\"https:\\\/\\\/www.lichen.pl\\\/\"},{\"@type\":\"ListItem\",\"position\":2,\"name\":\"Rozpocz\u0119cie uroczysto\u015bci odpustowych w liche\u0144skim sanktuarium\"}]},{\"@type\":\"WebSite\",\"@id\":\"https:\\\/\\\/www.lichen.pl\\\/fr\\\/#website\",\"url\":\"https:\\\/\\\/www.lichen.pl\\\/fr\\\/\",\"name\":\"SANKTUARIUM W LICHENIU\",\"description\":\"MATKI BO\u017bEJ LICHE\u0143SKIEJ BOLESNEJ KR\u00d3LOWEJ POLSKI\",\"potentialAction\":[{\"@type\":\"SearchAction\",\"target\":{\"@type\":\"EntryPoint\",\"urlTemplate\":\"https:\\\/\\\/www.lichen.pl\\\/fr\\\/?s={search_term_string}\"},\"query-input\":{\"@type\":\"PropertyValueSpecification\",\"valueRequired\":true,\"valueName\":\"search_term_string\"}}],\"inLanguage\":\"en-GB\"},{\"@type\":\"Person\",\"@id\":\"https:\\\/\\\/www.lichen.pl\\\/fr\\\/#\\\/schema\\\/person\\\/56fc5b38d70a2b34983408f9a457fd9d\",\"name\":\"Arkadiusz Gorgolewski\",\"image\":{\"@type\":\"ImageObject\",\"inLanguage\":\"en-GB\",\"@id\":\"https:\\\/\\\/secure.gravatar.com\\\/avatar\\\/0f571b370f5aa245b1fd3b9c945511b004fe17579bdefd5054d99f0ba315149c?s=96&d=retro&r=g\",\"url\":\"https:\\\/\\\/secure.gravatar.com\\\/avatar\\\/0f571b370f5aa245b1fd3b9c945511b004fe17579bdefd5054d99f0ba315149c?s=96&d=retro&r=g\",\"contentUrl\":\"https:\\\/\\\/secure.gravatar.com\\\/avatar\\\/0f571b370f5aa245b1fd3b9c945511b004fe17579bdefd5054d99f0ba315149c?s=96&d=retro&r=g\",\"caption\":\"Arkadiusz Gorgolewski\"},\"url\":\"https:\\\/\\\/www.lichen.pl\\\/en\\\/author\\\/sanadmin\\\/\"}]}<\/script>\n<!-- \/ Yoast SEO plugin. -->","yoast_head_json":{"title":"Rozpocz\u0119cie uroczysto\u015bci odpustowych w liche\u0144skim sanktuarium - SANKTUARIUM W LICHENIU","robots":{"index":"index","follow":"follow","max-snippet":"max-snippet:-1","max-image-preview":"max-image-preview:large","max-video-preview":"max-video-preview:-1"},"canonical":"http:\/\/www.lichen.pl\/en\/rozpoczecie-uroczystosci-odpustowych-w-lichenskim-sanktuarium\/","og_locale":"en_GB","og_type":"article","og_title":"Rozpocz\u0119cie uroczysto\u015bci odpustowych w liche\u0144skim sanktuarium - SANKTUARIUM W LICHENIU","og_description":"Pierwszymi nieszporami Wniebowzi\u0119cia Naj\u015bwi\u0119tszej Maryi Panny rozpocz\u0119to w sobot\u0119, 14 sierpnia uroczysto\u015bci odpustowe w liche\u0144skim sanktuarium. Uroczysta liturgia odby\u0142a si\u0119 przy o\u0142tarzu koronacyjnym obok ko\u015bcio\u0142a parafialnego pw. \u015aw. Doroty. Mszy \u015awi\u0119tej przewodniczy\u0142 ks. Bogus\u0142aw Binda MIC, prze\u0142o\u017cony liche\u0144skiej wsp\u00f3lnoty zgromadzenia ksi\u0119\u017cy marian\u00f3w. Liturgi\u0119 koncelebrowali m.in.: ks. Janusz Kumala MIC i kustosz sanktuarium, ks. Rafa\u0142 Krauze [&hellip;]","og_url":"http:\/\/www.lichen.pl\/en\/rozpoczecie-uroczystosci-odpustowych-w-lichenskim-sanktuarium\/","og_site_name":"SANKTUARIUM W LICHENIU","article_published_time":"2021-08-14T20:30:41+00:00","article_modified_time":"2021-08-17T19:39:24+00:00","og_image":[{"width":1333,"height":1032,"url":"http:\/\/www.lichen.pl\/wp-content\/uploads\/2021\/08\/Rozpoczecie-uroczystosci-odpustowych-sobota-14-sierpnia-2021-kadr.jpg","type":"image\/jpeg"}],"author":"Arkadiusz Gorgolewski","twitter_card":"summary_large_image","twitter_misc":{"Written by":"Arkadiusz Gorgolewski","Estimated reading time":"2 minutes"},"schema":{"@context":"https:\/\/schema.org","@graph":[{"@type":"Article","@id":"http:\/\/www.lichen.pl\/en\/rozpoczecie-uroczystosci-odpustowych-w-lichenskim-sanktuarium\/#article","isPartOf":{"@id":"http:\/\/www.lichen.pl\/en\/rozpoczecie-uroczystosci-odpustowych-w-lichenskim-sanktuarium\/"},"author":{"name":"Arkadiusz Gorgolewski","@id":"https:\/\/www.lichen.pl\/fr\/#\/schema\/person\/56fc5b38d70a2b34983408f9a457fd9d"},"headline":"Rozpocz\u0119cie uroczysto\u015bci odpustowych w liche\u0144skim sanktuarium","datePublished":"2021-08-14T20:30:41+00:00","dateModified":"2021-08-17T19:39:24+00:00","mainEntityOfPage":{"@id":"http:\/\/www.lichen.pl\/en\/rozpoczecie-uroczystosci-odpustowych-w-lichenskim-sanktuarium\/"},"wordCount":466,"commentCount":0,"image":{"@id":"http:\/\/www.lichen.pl\/en\/rozpoczecie-uroczystosci-odpustowych-w-lichenskim-sanktuarium\/#primaryimage"},"thumbnailUrl":"https:\/\/www.lichen.pl\/wp-content\/uploads\/2021\/08\/Rozpoczecie-uroczystosci-odpustowych-sobota-14-sierpnia-2021-kadr.jpg","articleSection":["Aktualno\u015bci"],"inLanguage":"en-GB","potentialAction":[{"@type":"CommentAction","name":"Comment","target":["http:\/\/www.lichen.pl\/en\/rozpoczecie-uroczystosci-odpustowych-w-lichenskim-sanktuarium\/#respond"]}]},{"@type":"WebPage","@id":"http:\/\/www.lichen.pl\/en\/rozpoczecie-uroczystosci-odpustowych-w-lichenskim-sanktuarium\/","url":"http:\/\/www.lichen.pl\/en\/rozpoczecie-uroczystosci-odpustowych-w-lichenskim-sanktuarium\/","name":"Rozpocz\u0119cie uroczysto\u015bci odpustowych w liche\u0144skim sanktuarium - SANKTUARIUM W LICHENIU","isPartOf":{"@id":"https:\/\/www.lichen.pl\/fr\/#website"},"primaryImageOfPage":{"@id":"http:\/\/www.lichen.pl\/en\/rozpoczecie-uroczystosci-odpustowych-w-lichenskim-sanktuarium\/#primaryimage"},"image":{"@id":"http:\/\/www.lichen.pl\/en\/rozpoczecie-uroczystosci-odpustowych-w-lichenskim-sanktuarium\/#primaryimage"},"thumbnailUrl":"https:\/\/www.lichen.pl\/wp-content\/uploads\/2021\/08\/Rozpoczecie-uroczystosci-odpustowych-sobota-14-sierpnia-2021-kadr.jpg","datePublished":"2021-08-14T20:30:41+00:00","dateModified":"2021-08-17T19:39:24+00:00","author":{"@id":"https:\/\/www.lichen.pl\/fr\/#\/schema\/person\/56fc5b38d70a2b34983408f9a457fd9d"},"breadcrumb":{"@id":"http:\/\/www.lichen.pl\/en\/rozpoczecie-uroczystosci-odpustowych-w-lichenskim-sanktuarium\/#breadcrumb"},"inLanguage":"en-GB","potentialAction":[{"@type":"ReadAction","target":["http:\/\/www.lichen.pl\/en\/rozpoczecie-uroczystosci-odpustowych-w-lichenskim-sanktuarium\/"]}]},{"@type":"ImageObject","inLanguage":"en-GB","@id":"http:\/\/www.lichen.pl\/en\/rozpoczecie-uroczystosci-odpustowych-w-lichenskim-sanktuarium\/#primaryimage","url":"https:\/\/www.lichen.pl\/wp-content\/uploads\/2021\/08\/Rozpoczecie-uroczystosci-odpustowych-sobota-14-sierpnia-2021-kadr.jpg","contentUrl":"https:\/\/www.lichen.pl\/wp-content\/uploads\/2021\/08\/Rozpoczecie-uroczystosci-odpustowych-sobota-14-sierpnia-2021-kadr.jpg","width":1333,"height":1032},{"@type":"BreadcrumbList","@id":"http:\/\/www.lichen.pl\/en\/rozpoczecie-uroczystosci-odpustowych-w-lichenskim-sanktuarium\/#breadcrumb","itemListElement":[{"@type":"ListItem","position":1,"name":"Strona g\u0142\u00f3wna","item":"https:\/\/www.lichen.pl\/"},{"@type":"ListItem","position":2,"name":"Rozpocz\u0119cie uroczysto\u015bci odpustowych w liche\u0144skim sanktuarium"}]},{"@type":"WebSite","@id":"https:\/\/www.lichen.pl\/fr\/#website","url":"https:\/\/www.lichen.pl\/fr\/","name":"SANCTUARY IN LICHENIA","description":"OUR LICHEN&#039;S SORROWFUL QUEEN OF POLAND","potentialAction":[{"@type":"SearchAction","target":{"@type":"EntryPoint","urlTemplate":"https:\/\/www.lichen.pl\/fr\/?s={search_term_string}"},"query-input":{"@type":"PropertyValueSpecification","valueRequired":true,"valueName":"search_term_string"}}],"inLanguage":"en-GB"},{"@type":"Person","@id":"https:\/\/www.lichen.pl\/fr\/#\/schema\/person\/56fc5b38d70a2b34983408f9a457fd9d","name":"Arkadiusz Gorgolewski","image":{"@type":"ImageObject","inLanguage":"en-GB","@id":"https:\/\/secure.gravatar.com\/avatar\/0f571b370f5aa245b1fd3b9c945511b004fe17579bdefd5054d99f0ba315149c?s=96&d=retro&r=g","url":"https:\/\/secure.gravatar.com\/avatar\/0f571b370f5aa245b1fd3b9c945511b004fe17579bdefd5054d99f0ba315149c?s=96&d=retro&r=g","contentUrl":"https:\/\/secure.gravatar.com\/avatar\/0f571b370f5aa245b1fd3b9c945511b004fe17579bdefd5054d99f0ba315149c?s=96&d=retro&r=g","caption":"Arkadiusz Gorgolewski"},"url":"https:\/\/www.lichen.pl\/en\/author\/sanadmin\/"}]}},"_links":{"self":[{"href":"https:\/\/www.lichen.pl\/en\/wp-json\/wp\/v2\/posts\/27786","targetHints":{"allow":["GET"]}}],"collection":[{"href":"https:\/\/www.lichen.pl\/en\/wp-json\/wp\/v2\/posts"}],"about":[{"href":"https:\/\/www.lichen.pl\/en\/wp-json\/wp\/v2\/types\/post"}],"author":[{"embeddable":true,"href":"https:\/\/www.lichen.pl\/en\/wp-json\/wp\/v2\/users\/2"}],"replies":[{"embeddable":true,"href":"https:\/\/www.lichen.pl\/en\/wp-json\/wp\/v2\/comments?post=27786"}],"version-history":[{"count":4,"href":"https:\/\/www.lichen.pl\/en\/wp-json\/wp\/v2\/posts\/27786\/revisions"}],"predecessor-version":[{"id":28061,"href":"https:\/\/www.lichen.pl\/en\/wp-json\/wp\/v2\/posts\/27786\/revisions\/28061"}],"wp:featuredmedia":[{"embeddable":true,"href":"https:\/\/www.lichen.pl\/en\/wp-json\/wp\/v2\/media\/28053"}],"wp:attachment":[{"href":"https:\/\/www.lichen.pl\/en\/wp-json\/wp\/v2\/media?parent=27786"}],"wp:term":[{"taxonomy":"category","embeddable":true,"href":"https:\/\/www.lichen.pl\/en\/wp-json\/wp\/v2\/categories?post=27786"},{"taxonomy":"post_tag","embeddable":true,"href":"https:\/\/www.lichen.pl\/en\/wp-json\/wp\/v2\/tags?post=27786"}],"curies":[{"name":"wp","href":"https:\/\/api.w.org\/{rel}","templated":true}]}}