{"id":28953,"date":"2021-08-29T15:22:04","date_gmt":"2021-08-29T15:22:04","guid":{"rendered":"http:\/\/www.lichen.pl\/39-pielgrzymka-ludzi-pracy-do-matki-copy\/"},"modified":"2021-09-03T19:15:35","modified_gmt":"2021-09-03T19:15:35","slug":"lichenskie-spotkania-rodzin","status":"publish","type":"post","link":"https:\/\/www.lichen.pl\/en\/lichenskie-spotkania-rodzin\/","title":{"rendered":"Liche\u0144 Meetings of Families &quot;Sunday with Mom and Dad&quot; at the Liche\u0144 sanctuary"},"content":{"rendered":"<div data-elementor-type=\"wp-post\" data-elementor-id=\"28953\" class=\"elementor elementor-28953\" data-elementor-post-type=\"post\">\n\t\t\t\t\t\t<section class=\"elementor-section elementor-top-section elementor-element elementor-element-e194244 elementor-section-boxed elementor-section-height-default elementor-section-height-default\" data-id=\"e194244\" data-element_type=\"section\" data-e-type=\"section\">\n\t\t\t\t\t\t<div class=\"elementor-container elementor-column-gap-default\">\n\t\t\t\t\t<div class=\"elementor-column elementor-col-100 elementor-top-column elementor-element elementor-element-c75f5e0\" data-id=\"c75f5e0\" data-element_type=\"column\" data-e-type=\"column\">\n\t\t\t<div class=\"elementor-widget-wrap elementor-element-populated\">\n\t\t\t\t\t\t<div class=\"elementor-element elementor-element-631f588 elementor-widget elementor-widget-text-editor\" data-id=\"631f588\" data-element_type=\"widget\" data-e-type=\"widget\" data-widget_type=\"text-editor.default\">\n\t\t\t\t<div class=\"elementor-widget-container\">\n\t\t\t\t\t\t\t\t\t<p>On that day, two angels welcomed visitors to the Liche\u0144 sanctuary in front of the basilica. In addition to meeting stilt walkers, the sanctuary features movement and dance games, circus games, games with an animation scarf and other props.<\/p>\t\t\t\t\t\t\t\t<\/div>\n\t\t\t\t<\/div>\n\t\t\t\t<div class=\"elementor-element elementor-element-0ceded5 elementor-headline--style-rotate elementor-widget elementor-widget-animated-headline\" data-id=\"0ceded5\" data-element_type=\"widget\" data-e-type=\"widget\" data-settings=\"{&quot;headline_style&quot;:&quot;rotate&quot;,&quot;animation_type&quot;:&quot;drop-in&quot;,&quot;rotating_text&quot;:&quot;z Mam\\u0105\\nz Tat\\u0105\\nw Licheniu&quot;,&quot;loop&quot;:&quot;yes&quot;,&quot;rotate_iteration_delay&quot;:2500}\" data-widget_type=\"animated-headline.default\">\n\t\t\t\t<div class=\"elementor-widget-container\">\n\t\t\t\t\t\t\t<h3 class=\"elementor-headline elementor-headline-animation-type-drop-in\">\n\t\t\t\t\t<span class=\"elementor-headline-plain-text elementor-headline-text-wrapper\">Sunday<\/span>\n\t\t\t\t<span class=\"elementor-headline-dynamic-wrapper elementor-headline-text-wrapper\">\n\t\t\t\t\t<span class=\"elementor-headline-dynamic-text elementor-headline-text-active\">\n\t\t\t\twith mum\t\t\t<\/span>\n\t\t\t\t\t<span class=\"elementor-headline-dynamic-text\">\n\t\t\t\twith Dad\t\t\t<\/span>\n\t\t\t\t\t<span class=\"elementor-headline-dynamic-text\">\n\t\t\t\tin Liche\u0144\t\t\t<\/span>\n\t\t\t\t\t\t<\/span>\n\t\t\t\t<\/h3>\n\t\t\t\t\t\t<\/div>\n\t\t\t\t<\/div>\n\t\t\t\t<section class=\"elementor-section elementor-inner-section elementor-element elementor-element-80ab3fd elementor-section-boxed elementor-section-height-default elementor-section-height-default\" data-id=\"80ab3fd\" data-element_type=\"section\" data-e-type=\"section\">\n\t\t\t\t\t\t<div class=\"elementor-container elementor-column-gap-default\">\n\t\t\t\t\t<div class=\"elementor-column elementor-col-50 elementor-inner-column elementor-element elementor-element-ac09144\" data-id=\"ac09144\" data-element_type=\"column\" data-e-type=\"column\">\n\t\t\t<div class=\"elementor-widget-wrap elementor-element-populated\">\n\t\t\t\t\t\t<div class=\"elementor-element elementor-element-85bcdb5 elementor-widget elementor-widget-image\" data-id=\"85bcdb5\" data-element_type=\"widget\" data-e-type=\"widget\" data-widget_type=\"image.default\">\n\t\t\t\t<div class=\"elementor-widget-container\">\n\t\t\t\t\t\t\t\t\t\t\t\t\t\t\t<img fetchpriority=\"high\" decoding=\"async\" width=\"768\" height=\"512\" src=\"https:\/\/www.lichen.pl\/wp-content\/uploads\/2021\/09\/Lichenskie-Spotkania-Rodzin-29-sierpnia-2021-17-768x512.jpg\" class=\"attachment-medium_large size-medium_large wp-image-29310\" alt=\"\" srcset=\"https:\/\/www.lichen.pl\/wp-content\/uploads\/2021\/09\/Lichenskie-Spotkania-Rodzin-29-sierpnia-2021-17-768x512.jpg 768w, https:\/\/www.lichen.pl\/wp-content\/uploads\/2021\/09\/Lichenskie-Spotkania-Rodzin-29-sierpnia-2021-17-800x534.jpg 800w, https:\/\/www.lichen.pl\/wp-content\/uploads\/2021\/09\/Lichenskie-Spotkania-Rodzin-29-sierpnia-2021-17-300x200.jpg 300w, https:\/\/www.lichen.pl\/wp-content\/uploads\/2021\/09\/Lichenskie-Spotkania-Rodzin-29-sierpnia-2021-17-1024x683.jpg 1024w, https:\/\/www.lichen.pl\/wp-content\/uploads\/2021\/09\/Lichenskie-Spotkania-Rodzin-29-sierpnia-2021-17.jpg 1333w\" sizes=\"(max-width: 768px) 100vw, 768px\" \/>\t\t\t\t\t\t\t\t\t\t\t\t\t\t\t<\/div>\n\t\t\t\t<\/div>\n\t\t\t\t<div class=\"elementor-element elementor-element-710a9cb elementor-widget elementor-widget-image\" data-id=\"710a9cb\" data-element_type=\"widget\" data-e-type=\"widget\" data-widget_type=\"image.default\">\n\t\t\t\t<div class=\"elementor-widget-container\">\n\t\t\t\t\t\t\t\t\t\t\t\t\t\t\t<img decoding=\"async\" width=\"768\" height=\"512\" src=\"https:\/\/www.lichen.pl\/wp-content\/uploads\/2021\/09\/Lichenskie-Spotkania-Rodzin-29-sierpnia-2021-16-768x512.jpg\" class=\"attachment-medium_large size-medium_large wp-image-29305\" alt=\"\" srcset=\"https:\/\/www.lichen.pl\/wp-content\/uploads\/2021\/09\/Lichenskie-Spotkania-Rodzin-29-sierpnia-2021-16-768x512.jpg 768w, https:\/\/www.lichen.pl\/wp-content\/uploads\/2021\/09\/Lichenskie-Spotkania-Rodzin-29-sierpnia-2021-16-800x534.jpg 800w, https:\/\/www.lichen.pl\/wp-content\/uploads\/2021\/09\/Lichenskie-Spotkania-Rodzin-29-sierpnia-2021-16-300x200.jpg 300w, https:\/\/www.lichen.pl\/wp-content\/uploads\/2021\/09\/Lichenskie-Spotkania-Rodzin-29-sierpnia-2021-16-1024x683.jpg 1024w, https:\/\/www.lichen.pl\/wp-content\/uploads\/2021\/09\/Lichenskie-Spotkania-Rodzin-29-sierpnia-2021-16.jpg 1333w\" sizes=\"(max-width: 768px) 100vw, 768px\" \/>\t\t\t\t\t\t\t\t\t\t\t\t\t\t\t<\/div>\n\t\t\t\t<\/div>\n\t\t\t\t\t<\/div>\n\t\t<\/div>\n\t\t\t\t<div class=\"elementor-column elementor-col-50 elementor-inner-column elementor-element elementor-element-836ae0d\" data-id=\"836ae0d\" data-element_type=\"column\" data-e-type=\"column\">\n\t\t\t<div class=\"elementor-widget-wrap elementor-element-populated\">\n\t\t\t\t\t\t<div class=\"elementor-element elementor-element-7d24e8c elementor-widget elementor-widget-text-editor\" data-id=\"7d24e8c\" data-element_type=\"widget\" data-e-type=\"widget\" data-widget_type=\"text-editor.default\">\n\t\t\t\t<div class=\"elementor-widget-container\">\n\t\t\t\t\t\t\t\t\t<p>The last holiday Sunday was traditionally the day of the Liche\u0144 Families Meeting. This year, after the mass during which children and teenagers received a blessing for the new school year, the youngest could enjoy games and fun with the KRAPITA circus group.<\/p><p>\u201cToday we have a special intention - for God&#039;s blessing, health, needed favors, gifts of the Holy Spirit for children and young people who are about to start the school year. Also for teachers, educators and carers, that it would be a good time of cooperation and the best fruit, \u201dsaid Fr. Zbigniew Borkowski, MIC, director of the Center for Aid to the Family and Addicted People in Liche\u0144, starting the main Mass on that day.<\/p><p>A unique element of the liturgy was the dialogue with the children. - Children, we are very happy to see you. You are all welcome. Dear parents, I want to thank you for bringing the children to church, for showing them the way to God. This is extremely important. No religious sister, no catechist priest is able to do what you are doing. You are with them every day. You bring by the hand, you translate. Even if it sometimes fails, it does not matter. This path to the church must be trodden, said Fr. Borkowski.<\/p>\t\t\t\t\t\t\t\t<\/div>\n\t\t\t\t<\/div>\n\t\t\t\t\t<\/div>\n\t\t<\/div>\n\t\t\t\t\t<\/div>\n\t\t<\/section>\n\t\t\t\t<div class=\"elementor-element elementor-element-2f5a909 elementor-widget elementor-widget-spacer\" data-id=\"2f5a909\" data-element_type=\"widget\" data-e-type=\"widget\" data-widget_type=\"spacer.default\">\n\t\t\t\t<div class=\"elementor-widget-container\">\n\t\t\t\t\t\t\t<div class=\"elementor-spacer\">\n\t\t\t<div class=\"elementor-spacer-inner\"><\/div>\n\t\t<\/div>\n\t\t\t\t\t\t<\/div>\n\t\t\t\t<\/div>\n\t\t\t\t<div class=\"elementor-element elementor-element-43baef7 elementor-headline--style-highlight elementor-widget elementor-widget-animated-headline\" data-id=\"43baef7\" data-element_type=\"widget\" data-e-type=\"widget\" data-settings=\"{&quot;highlighted_text&quot;:&quot;tre\\u015bci&quot;,&quot;headline_style&quot;:&quot;highlight&quot;,&quot;marker&quot;:&quot;circle&quot;,&quot;loop&quot;:&quot;yes&quot;,&quot;highlight_animation_duration&quot;:1200,&quot;highlight_iteration_delay&quot;:8000}\" data-widget_type=\"animated-headline.default\">\n\t\t\t\t<div class=\"elementor-widget-container\">\n\t\t\t\t\t\t\t<h3 class=\"elementor-headline\">\n\t\t\t\t\t<span class=\"elementor-headline-plain-text elementor-headline-text-wrapper\">We can hear important<\/span>\n\t\t\t\t<span class=\"elementor-headline-dynamic-wrapper elementor-headline-text-wrapper\">\n\t\t\t\t\t<span class=\"elementor-headline-dynamic-text elementor-headline-text-active\">content<\/span>\n\t\t\t\t<\/span>\n\t\t\t\t<\/h3>\n\t\t\t\t\t\t<\/div>\n\t\t\t\t<\/div>\n\t\t\t\t<section class=\"elementor-section elementor-inner-section elementor-element elementor-element-2838042 elementor-section-boxed elementor-section-height-default elementor-section-height-default\" data-id=\"2838042\" data-element_type=\"section\" data-e-type=\"section\">\n\t\t\t\t\t\t<div class=\"elementor-container elementor-column-gap-default\">\n\t\t\t\t\t<div class=\"elementor-column elementor-col-50 elementor-inner-column elementor-element elementor-element-9153bdf\" data-id=\"9153bdf\" data-element_type=\"column\" data-e-type=\"column\">\n\t\t\t<div class=\"elementor-widget-wrap elementor-element-populated\">\n\t\t\t\t\t\t<div class=\"elementor-element elementor-element-3c3cff0 elementor-widget elementor-widget-text-editor\" data-id=\"3c3cff0\" data-element_type=\"widget\" data-e-type=\"widget\" data-widget_type=\"text-editor.default\">\n\t\t\t\t<div class=\"elementor-widget-container\">\n\t\t\t\t\t\t\t\t\t<p>- We are in the temple and there are so many of us. I have invited you, and now let us listen carefully to the Word of God. It is difficult for us to listen to our parents who are almost close to our ear. Listening here requires more concentration. Thanks to the fact that we listen carefully, we can hear important content - said the priest. - Today&#039;s Gospel invites us to have beautiful and pure hearts. Especially adults, because they are an example for children who watch. When a child sees a parent kneel to pray and does so systematically, there is no need to force him to pray. <br \/>During the liturgy, it was prayed for children and young people that by gaining knowledge, they would fulfill their duties with a sense of responsibility for themselves and others. Prayer was also extended to teachers and catechists, asking that their service would shape human hearts in accordance with God&#039;s will.<br \/>At the end of the liturgy, the children and young people were blessed: <span style=\"color: #003366;\"><em>\u201c... enlighten their minds, strengthen their wills, that they should always follow the way of Your commandments. Let them grow in age, wisdom and Your grace, let them boldly profess their faith in You and let them love You above all else. Protect them from all evil and danger, so that they can go to your kingdom with a clear conscience. &quot;<\/em><\/span><\/p>\t\t\t\t\t\t\t\t<\/div>\n\t\t\t\t<\/div>\n\t\t\t\t\t<\/div>\n\t\t<\/div>\n\t\t\t\t<div class=\"elementor-column elementor-col-50 elementor-inner-column elementor-element elementor-element-1afce36\" data-id=\"1afce36\" data-element_type=\"column\" data-e-type=\"column\">\n\t\t\t<div class=\"elementor-widget-wrap elementor-element-populated\">\n\t\t\t\t\t\t<div class=\"elementor-element elementor-element-4222fec elementor-widget elementor-widget-image\" data-id=\"4222fec\" data-element_type=\"widget\" data-e-type=\"widget\" data-widget_type=\"image.default\">\n\t\t\t\t<div class=\"elementor-widget-container\">\n\t\t\t\t\t\t\t\t\t\t\t\t\t\t\t<img decoding=\"async\" width=\"768\" height=\"1152\" src=\"https:\/\/www.lichen.pl\/wp-content\/uploads\/2021\/09\/Lichenskie-Spotkania-Rodzin-29-sierpnia-2021-18-768x1152.jpg\" class=\"attachment-medium_large size-medium_large wp-image-29315\" alt=\"\" srcset=\"https:\/\/www.lichen.pl\/wp-content\/uploads\/2021\/09\/Lichenskie-Spotkania-Rodzin-29-sierpnia-2021-18-768x1152.jpg 768w, https:\/\/www.lichen.pl\/wp-content\/uploads\/2021\/09\/Lichenskie-Spotkania-Rodzin-29-sierpnia-2021-18-800x1200.jpg 800w, https:\/\/www.lichen.pl\/wp-content\/uploads\/2021\/09\/Lichenskie-Spotkania-Rodzin-29-sierpnia-2021-18-200x300.jpg 200w, https:\/\/www.lichen.pl\/wp-content\/uploads\/2021\/09\/Lichenskie-Spotkania-Rodzin-29-sierpnia-2021-18-682x1024.jpg 682w, https:\/\/www.lichen.pl\/wp-content\/uploads\/2021\/09\/Lichenskie-Spotkania-Rodzin-29-sierpnia-2021-18-1024x1536.jpg 1024w, https:\/\/www.lichen.pl\/wp-content\/uploads\/2021\/09\/Lichenskie-Spotkania-Rodzin-29-sierpnia-2021-18.jpg 853w\" sizes=\"(max-width: 768px) 100vw, 768px\" \/>\t\t\t\t\t\t\t\t\t\t\t\t\t\t\t<\/div>\n\t\t\t\t<\/div>\n\t\t\t\t\t<\/div>\n\t\t<\/div>\n\t\t\t\t\t<\/div>\n\t\t<\/section>\n\t\t\t\t<div class=\"elementor-element elementor-element-58e09fa elementor-headline--style-rotate elementor-widget elementor-widget-animated-headline\" data-id=\"58e09fa\" data-element_type=\"widget\" data-e-type=\"widget\" data-settings=\"{&quot;headline_style&quot;:&quot;rotate&quot;,&quot;animation_type&quot;:&quot;clip&quot;,&quot;rotating_text&quot;:&quot;i anio\\u0142y\\n&quot;,&quot;loop&quot;:&quot;yes&quot;,&quot;rotate_iteration_delay&quot;:2500}\" data-widget_type=\"animated-headline.default\">\n\t\t\t\t<div class=\"elementor-widget-container\">\n\t\t\t\t\t\t\t<h3 class=\"elementor-headline elementor-headline-animation-type-clip\">\n\t\t\t\t\t<span class=\"elementor-headline-plain-text elementor-headline-text-wrapper\">Fun, games<\/span>\n\t\t\t\t<span class=\"elementor-headline-dynamic-wrapper elementor-headline-text-wrapper\">\n\t\t\t\t\t<span class=\"elementor-headline-dynamic-text elementor-headline-text-active\">\n\t\t\t\tand angels\t\t\t<\/span>\n\t\t\t\t\t<span class=\"elementor-headline-dynamic-text\">\n\t\t\t\t\t\t\t<\/span>\n\t\t\t\t\t\t<\/span>\n\t\t\t\t<\/h3>\n\t\t\t\t\t\t<\/div>\n\t\t\t\t<\/div>\n\t\t\t\t<div class=\"elementor-element elementor-element-3100e1c elementor-widget elementor-widget-text-editor\" data-id=\"3100e1c\" data-element_type=\"widget\" data-e-type=\"widget\" data-widget_type=\"text-editor.default\">\n\t\t\t\t<div class=\"elementor-widget-container\">\n\t\t\t\t\t\t\t\t\t<p>On that day, two angels welcomed visitors to the Liche\u0144 sanctuary in front of the basilica. In addition to meeting stilt walkers, the sanctuary offers movement and dance games, circus games, games with an animation scarf and other props. It was also possible to use games in the maxi version. After the Holy Mass, the children received pictures of Our Lady of Lichen.<\/p>\t\t\t\t\t\t\t\t<\/div>\n\t\t\t\t<\/div>\n\t\t\t\t<div class=\"elementor-element elementor-element-6dbba20 elementor-widget elementor-widget-text-editor\" data-id=\"6dbba20\" data-element_type=\"widget\" data-e-type=\"widget\" data-widget_type=\"text-editor.default\">\n\t\t\t\t<div class=\"elementor-widget-container\">\n\t\t\t\t\t\t\t\t\t<p>Text and photos: Sanctuary Press Office<\/p>\t\t\t\t\t\t\t\t<\/div>\n\t\t\t\t<\/div>\n\t\t\t\t<div class=\"elementor-element elementor-element-8bea09a elementor-view-default elementor-widget elementor-widget-icon\" data-id=\"8bea09a\" data-element_type=\"widget\" data-e-type=\"widget\" data-widget_type=\"icon.default\">\n\t\t\t\t<div class=\"elementor-widget-container\">\n\t\t\t\t\t\t\t<div class=\"elementor-icon-wrapper\">\n\t\t\t<div class=\"elementor-icon\">\n\t\t\t<i aria-hidden=\"true\" class=\"fas fa-camera\"><\/i>\t\t\t<\/div>\n\t\t<\/div>\n\t\t\t\t\t\t<\/div>\n\t\t\t\t<\/div>\n\t\t\t\t<div class=\"elementor-element elementor-element-f7777e2 elementor-widget-divider--view-line elementor-widget elementor-widget-divider\" data-id=\"f7777e2\" data-element_type=\"widget\" data-e-type=\"widget\" data-widget_type=\"divider.default\">\n\t\t\t\t<div class=\"elementor-widget-container\">\n\t\t\t\t\t\t\t<div class=\"elementor-divider\">\n\t\t\t<span class=\"elementor-divider-separator\">\n\t\t\t\t\t\t<\/span>\n\t\t<\/div>\n\t\t\t\t\t\t<\/div>\n\t\t\t\t<\/div>\n\t\t\t\t<div class=\"elementor-element elementor-element-ea8f25f elementor-widget elementor-widget-gallery\" data-id=\"ea8f25f\" data-element_type=\"widget\" data-e-type=\"widget\" data-settings=\"{&quot;columns&quot;:6,&quot;lazyload&quot;:&quot;yes&quot;,&quot;gallery_layout&quot;:&quot;grid&quot;,&quot;columns_tablet&quot;:2,&quot;columns_mobile&quot;:1,&quot;gap&quot;:{&quot;unit&quot;:&quot;px&quot;,&quot;size&quot;:10,&quot;sizes&quot;:[]},&quot;gap_tablet&quot;:{&quot;unit&quot;:&quot;px&quot;,&quot;size&quot;:10,&quot;sizes&quot;:[]},&quot;gap_mobile&quot;:{&quot;unit&quot;:&quot;px&quot;,&quot;size&quot;:10,&quot;sizes&quot;:[]},&quot;link_to&quot;:&quot;file&quot;,&quot;aspect_ratio&quot;:&quot;3:2&quot;,&quot;overlay_background&quot;:&quot;yes&quot;,&quot;content_hover_animation&quot;:&quot;fade-in&quot;}\" data-widget_type=\"gallery.default\">\n\t\t\t\t<div class=\"elementor-widget-container\">\n\t\t\t\t\t\t\t<div class=\"elementor-gallery__container\">\n\t\t\t\t\t\t\t<a class=\"e-gallery-item elementor-gallery-item elementor-animated-content\" href=\"https:\/\/www.lichen.pl\/wp-content\/uploads\/2021\/09\/Lichenskie-Spotkania-Rodzin-29-sierpnia-2021-1.jpg\" data-elementor-open-lightbox=\"yes\" data-elementor-lightbox-slideshow=\"ea8f25f\" data-elementor-lightbox-title=\"Liche\u0144skie Spotkania Rodzin, 29 sierpnia 2021 1\" data-e-action-hash=\"#elementor-action%3Aaction%3Dlightbox%26settings%3DeyJpZCI6MjkyMzAsInVybCI6Imh0dHBzOlwvXC93d3cubGljaGVuLnBsXC93cC1jb250ZW50XC91cGxvYWRzXC8yMDIxXC8wOVwvTGljaGVuc2tpZS1TcG90a2FuaWEtUm9kemluLTI5LXNpZXJwbmlhLTIwMjEtMS5qcGciLCJzbGlkZXNob3ciOiJlYThmMjVmIn0%3D\">\n\t\t\t\t\t<div class=\"e-gallery-image elementor-gallery-item__image\" data-thumbnail=\"https:\/\/www.lichen.pl\/wp-content\/uploads\/2021\/09\/Lichenskie-Spotkania-Rodzin-29-sierpnia-2021-1-300x200.jpg\" data-width=\"300\" data-height=\"200\" aria-label=\"\" role=\"img\" ><\/div>\n\t\t\t\t\t\t\t\t\t\t\t<div class=\"elementor-gallery-item__overlay\"><\/div>\n\t\t\t\t\t\t\t\t\t\t\t\t\t\t<\/a>\n\t\t\t\t\t\t\t<a class=\"e-gallery-item elementor-gallery-item elementor-animated-content\" href=\"https:\/\/www.lichen.pl\/wp-content\/uploads\/2021\/09\/Lichenskie-Spotkania-Rodzin-29-sierpnia-2021-2.jpg\" data-elementor-open-lightbox=\"yes\" data-elementor-lightbox-slideshow=\"ea8f25f\" data-elementor-lightbox-title=\"Liche\u0144skie Spotkania Rodzin, 29 sierpnia 2021 2\" data-e-action-hash=\"#elementor-action%3Aaction%3Dlightbox%26settings%3DeyJpZCI6MjkyMzUsInVybCI6Imh0dHBzOlwvXC93d3cubGljaGVuLnBsXC93cC1jb250ZW50XC91cGxvYWRzXC8yMDIxXC8wOVwvTGljaGVuc2tpZS1TcG90a2FuaWEtUm9kemluLTI5LXNpZXJwbmlhLTIwMjEtMi5qcGciLCJzbGlkZXNob3ciOiJlYThmMjVmIn0%3D\">\n\t\t\t\t\t<div class=\"e-gallery-image elementor-gallery-item__image\" data-thumbnail=\"https:\/\/www.lichen.pl\/wp-content\/uploads\/2021\/09\/Lichenskie-Spotkania-Rodzin-29-sierpnia-2021-2-300x200.jpg\" data-width=\"300\" data-height=\"200\" aria-label=\"\" role=\"img\" ><\/div>\n\t\t\t\t\t\t\t\t\t\t\t<div class=\"elementor-gallery-item__overlay\"><\/div>\n\t\t\t\t\t\t\t\t\t\t\t\t\t\t<\/a>\n\t\t\t\t\t\t\t<a class=\"e-gallery-item elementor-gallery-item elementor-animated-content\" href=\"https:\/\/www.lichen.pl\/wp-content\/uploads\/2021\/09\/Lichenskie-Spotkania-Rodzin-29-sierpnia-2021-18.jpg\" data-elementor-open-lightbox=\"yes\" data-elementor-lightbox-slideshow=\"ea8f25f\" data-elementor-lightbox-title=\"Liche\u0144skie Spotkania Rodzin, 29 sierpnia 2021 18\" data-e-action-hash=\"#elementor-action%3Aaction%3Dlightbox%26settings%3DeyJpZCI6MjkzMTUsInVybCI6Imh0dHBzOlwvXC93d3cubGljaGVuLnBsXC93cC1jb250ZW50XC91cGxvYWRzXC8yMDIxXC8wOVwvTGljaGVuc2tpZS1TcG90a2FuaWEtUm9kemluLTI5LXNpZXJwbmlhLTIwMjEtMTguanBnIiwic2xpZGVzaG93IjoiZWE4ZjI1ZiJ9\">\n\t\t\t\t\t<div class=\"e-gallery-image elementor-gallery-item__image\" data-thumbnail=\"https:\/\/www.lichen.pl\/wp-content\/uploads\/2021\/09\/Lichenskie-Spotkania-Rodzin-29-sierpnia-2021-18-200x300.jpg\" data-width=\"200\" data-height=\"300\" aria-label=\"\" role=\"img\" ><\/div>\n\t\t\t\t\t\t\t\t\t\t\t<div class=\"elementor-gallery-item__overlay\"><\/div>\n\t\t\t\t\t\t\t\t\t\t\t\t\t\t<\/a>\n\t\t\t\t\t\t\t<a class=\"e-gallery-item elementor-gallery-item elementor-animated-content\" href=\"https:\/\/www.lichen.pl\/wp-content\/uploads\/2021\/09\/Lichenskie-Spotkania-Rodzin-29-sierpnia-2021-10.jpg\" data-elementor-open-lightbox=\"yes\" data-elementor-lightbox-slideshow=\"ea8f25f\" data-elementor-lightbox-title=\"Liche\u0144skie Spotkania Rodzin, 29 sierpnia 2021 10\" data-e-action-hash=\"#elementor-action%3Aaction%3Dlightbox%26settings%3DeyJpZCI6MjkyNzUsInVybCI6Imh0dHBzOlwvXC93d3cubGljaGVuLnBsXC93cC1jb250ZW50XC91cGxvYWRzXC8yMDIxXC8wOVwvTGljaGVuc2tpZS1TcG90a2FuaWEtUm9kemluLTI5LXNpZXJwbmlhLTIwMjEtMTAuanBnIiwic2xpZGVzaG93IjoiZWE4ZjI1ZiJ9\">\n\t\t\t\t\t<div class=\"e-gallery-image elementor-gallery-item__image\" data-thumbnail=\"https:\/\/www.lichen.pl\/wp-content\/uploads\/2021\/09\/Lichenskie-Spotkania-Rodzin-29-sierpnia-2021-10-200x300.jpg\" data-width=\"200\" data-height=\"300\" aria-label=\"\" role=\"img\" ><\/div>\n\t\t\t\t\t\t\t\t\t\t\t<div class=\"elementor-gallery-item__overlay\"><\/div>\n\t\t\t\t\t\t\t\t\t\t\t\t\t\t<\/a>\n\t\t\t\t\t\t\t<a class=\"e-gallery-item elementor-gallery-item elementor-animated-content\" href=\"https:\/\/www.lichen.pl\/wp-content\/uploads\/2021\/09\/Lichenskie-Spotkania-Rodzin-29-sierpnia-2021-6.jpg\" data-elementor-open-lightbox=\"yes\" data-elementor-lightbox-slideshow=\"ea8f25f\" data-elementor-lightbox-title=\"Liche\u0144skie Spotkania Rodzin, 29 sierpnia 2021 6\" data-e-action-hash=\"#elementor-action%3Aaction%3Dlightbox%26settings%3DeyJpZCI6MjkyNTUsInVybCI6Imh0dHBzOlwvXC93d3cubGljaGVuLnBsXC93cC1jb250ZW50XC91cGxvYWRzXC8yMDIxXC8wOVwvTGljaGVuc2tpZS1TcG90a2FuaWEtUm9kemluLTI5LXNpZXJwbmlhLTIwMjEtNi5qcGciLCJzbGlkZXNob3ciOiJlYThmMjVmIn0%3D\">\n\t\t\t\t\t<div class=\"e-gallery-image elementor-gallery-item__image\" data-thumbnail=\"https:\/\/www.lichen.pl\/wp-content\/uploads\/2021\/09\/Lichenskie-Spotkania-Rodzin-29-sierpnia-2021-6-200x300.jpg\" data-width=\"200\" data-height=\"300\" aria-label=\"\" role=\"img\" ><\/div>\n\t\t\t\t\t\t\t\t\t\t\t<div class=\"elementor-gallery-item__overlay\"><\/div>\n\t\t\t\t\t\t\t\t\t\t\t\t\t\t<\/a>\n\t\t\t\t\t\t\t<a class=\"e-gallery-item elementor-gallery-item elementor-animated-content\" href=\"https:\/\/www.lichen.pl\/wp-content\/uploads\/2021\/09\/Lichenskie-Spotkania-Rodzin-29-sierpnia-2021-22.jpg\" data-elementor-open-lightbox=\"yes\" data-elementor-lightbox-slideshow=\"ea8f25f\" data-elementor-lightbox-title=\"Liche\u0144skie Spotkania Rodzin, 29 sierpnia 2021 22\" data-e-action-hash=\"#elementor-action%3Aaction%3Dlightbox%26settings%3DeyJpZCI6MjkzMzUsInVybCI6Imh0dHBzOlwvXC93d3cubGljaGVuLnBsXC93cC1jb250ZW50XC91cGxvYWRzXC8yMDIxXC8wOVwvTGljaGVuc2tpZS1TcG90a2FuaWEtUm9kemluLTI5LXNpZXJwbmlhLTIwMjEtMjIuanBnIiwic2xpZGVzaG93IjoiZWE4ZjI1ZiJ9\">\n\t\t\t\t\t<div class=\"e-gallery-image elementor-gallery-item__image\" data-thumbnail=\"https:\/\/www.lichen.pl\/wp-content\/uploads\/2021\/09\/Lichenskie-Spotkania-Rodzin-29-sierpnia-2021-22-200x300.jpg\" data-width=\"200\" data-height=\"300\" aria-label=\"\" role=\"img\" ><\/div>\n\t\t\t\t\t\t\t\t\t\t\t<div class=\"elementor-gallery-item__overlay\"><\/div>\n\t\t\t\t\t\t\t\t\t\t\t\t\t\t<\/a>\n\t\t\t\t\t\t\t<a class=\"e-gallery-item elementor-gallery-item elementor-animated-content\" href=\"https:\/\/www.lichen.pl\/wp-content\/uploads\/2021\/09\/Lichenskie-Spotkania-Rodzin-29-sierpnia-2021-21.jpg\" data-elementor-open-lightbox=\"yes\" data-elementor-lightbox-slideshow=\"ea8f25f\" data-elementor-lightbox-title=\"Liche\u0144skie Spotkania Rodzin, 29 sierpnia 2021 21\" data-e-action-hash=\"#elementor-action%3Aaction%3Dlightbox%26settings%3DeyJpZCI6MjkzMzAsInVybCI6Imh0dHBzOlwvXC93d3cubGljaGVuLnBsXC93cC1jb250ZW50XC91cGxvYWRzXC8yMDIxXC8wOVwvTGljaGVuc2tpZS1TcG90a2FuaWEtUm9kemluLTI5LXNpZXJwbmlhLTIwMjEtMjEuanBnIiwic2xpZGVzaG93IjoiZWE4ZjI1ZiJ9\">\n\t\t\t\t\t<div class=\"e-gallery-image elementor-gallery-item__image\" data-thumbnail=\"https:\/\/www.lichen.pl\/wp-content\/uploads\/2021\/09\/Lichenskie-Spotkania-Rodzin-29-sierpnia-2021-21-300x200.jpg\" data-width=\"300\" data-height=\"200\" aria-label=\"\" role=\"img\" ><\/div>\n\t\t\t\t\t\t\t\t\t\t\t<div class=\"elementor-gallery-item__overlay\"><\/div>\n\t\t\t\t\t\t\t\t\t\t\t\t\t\t<\/a>\n\t\t\t\t\t\t\t<a class=\"e-gallery-item elementor-gallery-item elementor-animated-content\" href=\"https:\/\/www.lichen.pl\/wp-content\/uploads\/2021\/09\/Lichenskie-Spotkania-Rodzin-29-sierpnia-2021-20.jpg\" data-elementor-open-lightbox=\"yes\" data-elementor-lightbox-slideshow=\"ea8f25f\" data-elementor-lightbox-title=\"Liche\u0144skie Spotkania Rodzin, 29 sierpnia 2021 20\" data-e-action-hash=\"#elementor-action%3Aaction%3Dlightbox%26settings%3DeyJpZCI6MjkzMjUsInVybCI6Imh0dHBzOlwvXC93d3cubGljaGVuLnBsXC93cC1jb250ZW50XC91cGxvYWRzXC8yMDIxXC8wOVwvTGljaGVuc2tpZS1TcG90a2FuaWEtUm9kemluLTI5LXNpZXJwbmlhLTIwMjEtMjAuanBnIiwic2xpZGVzaG93IjoiZWE4ZjI1ZiJ9\">\n\t\t\t\t\t<div class=\"e-gallery-image elementor-gallery-item__image\" data-thumbnail=\"https:\/\/www.lichen.pl\/wp-content\/uploads\/2021\/09\/Lichenskie-Spotkania-Rodzin-29-sierpnia-2021-20-200x300.jpg\" data-width=\"200\" data-height=\"300\" aria-label=\"\" role=\"img\" ><\/div>\n\t\t\t\t\t\t\t\t\t\t\t<div class=\"elementor-gallery-item__overlay\"><\/div>\n\t\t\t\t\t\t\t\t\t\t\t\t\t\t<\/a>\n\t\t\t\t\t\t\t<a class=\"e-gallery-item elementor-gallery-item elementor-animated-content\" href=\"https:\/\/www.lichen.pl\/wp-content\/uploads\/2021\/09\/Lichenskie-Spotkania-Rodzin-29-sierpnia-2021-19.jpg\" data-elementor-open-lightbox=\"yes\" data-elementor-lightbox-slideshow=\"ea8f25f\" data-elementor-lightbox-title=\"Liche\u0144skie Spotkania Rodzin, 29 sierpnia 2021 19\" data-e-action-hash=\"#elementor-action%3Aaction%3Dlightbox%26settings%3DeyJpZCI6MjkzMjAsInVybCI6Imh0dHBzOlwvXC93d3cubGljaGVuLnBsXC93cC1jb250ZW50XC91cGxvYWRzXC8yMDIxXC8wOVwvTGljaGVuc2tpZS1TcG90a2FuaWEtUm9kemluLTI5LXNpZXJwbmlhLTIwMjEtMTkuanBnIiwic2xpZGVzaG93IjoiZWE4ZjI1ZiJ9\">\n\t\t\t\t\t<div class=\"e-gallery-image elementor-gallery-item__image\" data-thumbnail=\"https:\/\/www.lichen.pl\/wp-content\/uploads\/2021\/09\/Lichenskie-Spotkania-Rodzin-29-sierpnia-2021-19-200x300.jpg\" data-width=\"200\" data-height=\"300\" aria-label=\"\" role=\"img\" ><\/div>\n\t\t\t\t\t\t\t\t\t\t\t<div class=\"elementor-gallery-item__overlay\"><\/div>\n\t\t\t\t\t\t\t\t\t\t\t\t\t\t<\/a>\n\t\t\t\t\t\t\t<a class=\"e-gallery-item elementor-gallery-item elementor-animated-content\" href=\"https:\/\/www.lichen.pl\/wp-content\/uploads\/2021\/09\/Lichenskie-Spotkania-Rodzin-29-sierpnia-2021-17.jpg\" data-elementor-open-lightbox=\"yes\" data-elementor-lightbox-slideshow=\"ea8f25f\" data-elementor-lightbox-title=\"Liche\u0144skie Spotkania Rodzin, 29 sierpnia 2021 17\" data-e-action-hash=\"#elementor-action%3Aaction%3Dlightbox%26settings%3DeyJpZCI6MjkzMTAsInVybCI6Imh0dHBzOlwvXC93d3cubGljaGVuLnBsXC93cC1jb250ZW50XC91cGxvYWRzXC8yMDIxXC8wOVwvTGljaGVuc2tpZS1TcG90a2FuaWEtUm9kemluLTI5LXNpZXJwbmlhLTIwMjEtMTcuanBnIiwic2xpZGVzaG93IjoiZWE4ZjI1ZiJ9\">\n\t\t\t\t\t<div class=\"e-gallery-image elementor-gallery-item__image\" data-thumbnail=\"https:\/\/www.lichen.pl\/wp-content\/uploads\/2021\/09\/Lichenskie-Spotkania-Rodzin-29-sierpnia-2021-17-300x200.jpg\" data-width=\"300\" data-height=\"200\" aria-label=\"\" role=\"img\" ><\/div>\n\t\t\t\t\t\t\t\t\t\t\t<div class=\"elementor-gallery-item__overlay\"><\/div>\n\t\t\t\t\t\t\t\t\t\t\t\t\t\t<\/a>\n\t\t\t\t\t\t\t<a class=\"e-gallery-item elementor-gallery-item elementor-animated-content\" href=\"https:\/\/www.lichen.pl\/wp-content\/uploads\/2021\/09\/Lichenskie-Spotkania-Rodzin-29-sierpnia-2021-16.jpg\" data-elementor-open-lightbox=\"yes\" data-elementor-lightbox-slideshow=\"ea8f25f\" data-elementor-lightbox-title=\"Liche\u0144skie Spotkania Rodzin, 29 sierpnia 2021 16\" data-e-action-hash=\"#elementor-action%3Aaction%3Dlightbox%26settings%3DeyJpZCI6MjkzMDUsInVybCI6Imh0dHBzOlwvXC93d3cubGljaGVuLnBsXC93cC1jb250ZW50XC91cGxvYWRzXC8yMDIxXC8wOVwvTGljaGVuc2tpZS1TcG90a2FuaWEtUm9kemluLTI5LXNpZXJwbmlhLTIwMjEtMTYuanBnIiwic2xpZGVzaG93IjoiZWE4ZjI1ZiJ9\">\n\t\t\t\t\t<div class=\"e-gallery-image elementor-gallery-item__image\" data-thumbnail=\"https:\/\/www.lichen.pl\/wp-content\/uploads\/2021\/09\/Lichenskie-Spotkania-Rodzin-29-sierpnia-2021-16-300x200.jpg\" data-width=\"300\" data-height=\"200\" aria-label=\"\" role=\"img\" ><\/div>\n\t\t\t\t\t\t\t\t\t\t\t<div class=\"elementor-gallery-item__overlay\"><\/div>\n\t\t\t\t\t\t\t\t\t\t\t\t\t\t<\/a>\n\t\t\t\t\t\t\t<a class=\"e-gallery-item elementor-gallery-item elementor-animated-content\" href=\"https:\/\/www.lichen.pl\/wp-content\/uploads\/2021\/09\/Lichenskie-Spotkania-Rodzin-29-sierpnia-2021-25.jpg\" data-elementor-open-lightbox=\"yes\" data-elementor-lightbox-slideshow=\"ea8f25f\" data-elementor-lightbox-title=\"Liche\u0144skie Spotkania Rodzin, 29 sierpnia 2021 25\" data-e-action-hash=\"#elementor-action%3Aaction%3Dlightbox%26settings%3DeyJpZCI6MjkzNTAsInVybCI6Imh0dHBzOlwvXC93d3cubGljaGVuLnBsXC93cC1jb250ZW50XC91cGxvYWRzXC8yMDIxXC8wOVwvTGljaGVuc2tpZS1TcG90a2FuaWEtUm9kemluLTI5LXNpZXJwbmlhLTIwMjEtMjUuanBnIiwic2xpZGVzaG93IjoiZWE4ZjI1ZiJ9\">\n\t\t\t\t\t<div class=\"e-gallery-image elementor-gallery-item__image\" data-thumbnail=\"https:\/\/www.lichen.pl\/wp-content\/uploads\/2021\/09\/Lichenskie-Spotkania-Rodzin-29-sierpnia-2021-25-300x200.jpg\" data-width=\"300\" data-height=\"200\" aria-label=\"\" role=\"img\" ><\/div>\n\t\t\t\t\t\t\t\t\t\t\t<div class=\"elementor-gallery-item__overlay\"><\/div>\n\t\t\t\t\t\t\t\t\t\t\t\t\t\t<\/a>\n\t\t\t\t\t\t\t<a class=\"e-gallery-item elementor-gallery-item elementor-animated-content\" href=\"https:\/\/www.lichen.pl\/wp-content\/uploads\/2021\/09\/Lichenskie-Spotkania-Rodzin-29-sierpnia-2021-47.jpg\" data-elementor-open-lightbox=\"yes\" data-elementor-lightbox-slideshow=\"ea8f25f\" data-elementor-lightbox-title=\"Liche\u0144skie Spotkania Rodzin, 29 sierpnia 2021 47\" data-e-action-hash=\"#elementor-action%3Aaction%3Dlightbox%26settings%3DeyJpZCI6Mjk0NjAsInVybCI6Imh0dHBzOlwvXC93d3cubGljaGVuLnBsXC93cC1jb250ZW50XC91cGxvYWRzXC8yMDIxXC8wOVwvTGljaGVuc2tpZS1TcG90a2FuaWEtUm9kemluLTI5LXNpZXJwbmlhLTIwMjEtNDcuanBnIiwic2xpZGVzaG93IjoiZWE4ZjI1ZiJ9\">\n\t\t\t\t\t<div class=\"e-gallery-image elementor-gallery-item__image\" data-thumbnail=\"https:\/\/www.lichen.pl\/wp-content\/uploads\/2021\/09\/Lichenskie-Spotkania-Rodzin-29-sierpnia-2021-47-300x200.jpg\" data-width=\"300\" data-height=\"200\" aria-label=\"\" role=\"img\" ><\/div>\n\t\t\t\t\t\t\t\t\t\t\t<div class=\"elementor-gallery-item__overlay\"><\/div>\n\t\t\t\t\t\t\t\t\t\t\t\t\t\t<\/a>\n\t\t\t\t\t\t\t<a class=\"e-gallery-item elementor-gallery-item elementor-animated-content\" href=\"https:\/\/www.lichen.pl\/wp-content\/uploads\/2021\/09\/Lichenskie-Spotkania-Rodzin-29-sierpnia-2021-43.jpg\" data-elementor-open-lightbox=\"yes\" data-elementor-lightbox-slideshow=\"ea8f25f\" data-elementor-lightbox-title=\"Liche\u0144skie Spotkania Rodzin, 29 sierpnia 2021 43\" data-e-action-hash=\"#elementor-action%3Aaction%3Dlightbox%26settings%3DeyJpZCI6Mjk0NDAsInVybCI6Imh0dHBzOlwvXC93d3cubGljaGVuLnBsXC93cC1jb250ZW50XC91cGxvYWRzXC8yMDIxXC8wOVwvTGljaGVuc2tpZS1TcG90a2FuaWEtUm9kemluLTI5LXNpZXJwbmlhLTIwMjEtNDMuanBnIiwic2xpZGVzaG93IjoiZWE4ZjI1ZiJ9\">\n\t\t\t\t\t<div class=\"e-gallery-image elementor-gallery-item__image\" data-thumbnail=\"https:\/\/www.lichen.pl\/wp-content\/uploads\/2021\/09\/Lichenskie-Spotkania-Rodzin-29-sierpnia-2021-43-200x300.jpg\" data-width=\"200\" data-height=\"300\" aria-label=\"\" role=\"img\" ><\/div>\n\t\t\t\t\t\t\t\t\t\t\t<div class=\"elementor-gallery-item__overlay\"><\/div>\n\t\t\t\t\t\t\t\t\t\t\t\t\t\t<\/a>\n\t\t\t\t\t\t\t<a class=\"e-gallery-item elementor-gallery-item elementor-animated-content\" href=\"https:\/\/www.lichen.pl\/wp-content\/uploads\/2021\/09\/Lichenskie-Spotkania-Rodzin-29-sierpnia-2021-36.jpg\" data-elementor-open-lightbox=\"yes\" data-elementor-lightbox-slideshow=\"ea8f25f\" data-elementor-lightbox-title=\"Liche\u0144skie Spotkania Rodzin, 29 sierpnia 2021 36\" data-e-action-hash=\"#elementor-action%3Aaction%3Dlightbox%26settings%3DeyJpZCI6Mjk0MDUsInVybCI6Imh0dHBzOlwvXC93d3cubGljaGVuLnBsXC93cC1jb250ZW50XC91cGxvYWRzXC8yMDIxXC8wOVwvTGljaGVuc2tpZS1TcG90a2FuaWEtUm9kemluLTI5LXNpZXJwbmlhLTIwMjEtMzYuanBnIiwic2xpZGVzaG93IjoiZWE4ZjI1ZiJ9\">\n\t\t\t\t\t<div class=\"e-gallery-image elementor-gallery-item__image\" data-thumbnail=\"https:\/\/www.lichen.pl\/wp-content\/uploads\/2021\/09\/Lichenskie-Spotkania-Rodzin-29-sierpnia-2021-36-200x300.jpg\" data-width=\"200\" data-height=\"300\" aria-label=\"\" role=\"img\" ><\/div>\n\t\t\t\t\t\t\t\t\t\t\t<div class=\"elementor-gallery-item__overlay\"><\/div>\n\t\t\t\t\t\t\t\t\t\t\t\t\t\t<\/a>\n\t\t\t\t\t\t\t<a class=\"e-gallery-item elementor-gallery-item elementor-animated-content\" href=\"https:\/\/www.lichen.pl\/wp-content\/uploads\/2021\/09\/Lichenskie-Spotkania-Rodzin-29-sierpnia-2021-34.jpg\" data-elementor-open-lightbox=\"yes\" data-elementor-lightbox-slideshow=\"ea8f25f\" data-elementor-lightbox-title=\"Liche\u0144skie Spotkania Rodzin, 29 sierpnia 2021 34\" data-e-action-hash=\"#elementor-action%3Aaction%3Dlightbox%26settings%3DeyJpZCI6MjkzOTUsInVybCI6Imh0dHBzOlwvXC93d3cubGljaGVuLnBsXC93cC1jb250ZW50XC91cGxvYWRzXC8yMDIxXC8wOVwvTGljaGVuc2tpZS1TcG90a2FuaWEtUm9kemluLTI5LXNpZXJwbmlhLTIwMjEtMzQuanBnIiwic2xpZGVzaG93IjoiZWE4ZjI1ZiJ9\">\n\t\t\t\t\t<div class=\"e-gallery-image elementor-gallery-item__image\" data-thumbnail=\"https:\/\/www.lichen.pl\/wp-content\/uploads\/2021\/09\/Lichenskie-Spotkania-Rodzin-29-sierpnia-2021-34-300x200.jpg\" data-width=\"300\" data-height=\"200\" aria-label=\"\" role=\"img\" ><\/div>\n\t\t\t\t\t\t\t\t\t\t\t<div class=\"elementor-gallery-item__overlay\"><\/div>\n\t\t\t\t\t\t\t\t\t\t\t\t\t\t<\/a>\n\t\t\t\t\t\t\t<a class=\"e-gallery-item elementor-gallery-item elementor-animated-content\" href=\"https:\/\/www.lichen.pl\/wp-content\/uploads\/2021\/09\/Lichenskie-Spotkania-Rodzin-29-sierpnia-2021-32.jpg\" data-elementor-open-lightbox=\"yes\" data-elementor-lightbox-slideshow=\"ea8f25f\" data-elementor-lightbox-title=\"Liche\u0144skie Spotkania Rodzin, 29 sierpnia 2021 32\" data-e-action-hash=\"#elementor-action%3Aaction%3Dlightbox%26settings%3DeyJpZCI6MjkzODUsInVybCI6Imh0dHBzOlwvXC93d3cubGljaGVuLnBsXC93cC1jb250ZW50XC91cGxvYWRzXC8yMDIxXC8wOVwvTGljaGVuc2tpZS1TcG90a2FuaWEtUm9kemluLTI5LXNpZXJwbmlhLTIwMjEtMzIuanBnIiwic2xpZGVzaG93IjoiZWE4ZjI1ZiJ9\">\n\t\t\t\t\t<div class=\"e-gallery-image elementor-gallery-item__image\" data-thumbnail=\"https:\/\/www.lichen.pl\/wp-content\/uploads\/2021\/09\/Lichenskie-Spotkania-Rodzin-29-sierpnia-2021-32-200x300.jpg\" data-width=\"200\" data-height=\"300\" aria-label=\"\" role=\"img\" ><\/div>\n\t\t\t\t\t\t\t\t\t\t\t<div class=\"elementor-gallery-item__overlay\"><\/div>\n\t\t\t\t\t\t\t\t\t\t\t\t\t\t<\/a>\n\t\t\t\t\t\t\t<a class=\"e-gallery-item elementor-gallery-item elementor-animated-content\" href=\"https:\/\/www.lichen.pl\/wp-content\/uploads\/2021\/09\/Lichenskie-Spotkania-Rodzin-29-sierpnia-2021-29.jpg\" data-elementor-open-lightbox=\"yes\" data-elementor-lightbox-slideshow=\"ea8f25f\" data-elementor-lightbox-title=\"Liche\u0144skie Spotkania Rodzin, 29 sierpnia 2021 29\" data-e-action-hash=\"#elementor-action%3Aaction%3Dlightbox%26settings%3DeyJpZCI6MjkzNzAsInVybCI6Imh0dHBzOlwvXC93d3cubGljaGVuLnBsXC93cC1jb250ZW50XC91cGxvYWRzXC8yMDIxXC8wOVwvTGljaGVuc2tpZS1TcG90a2FuaWEtUm9kemluLTI5LXNpZXJwbmlhLTIwMjEtMjkuanBnIiwic2xpZGVzaG93IjoiZWE4ZjI1ZiJ9\">\n\t\t\t\t\t<div class=\"e-gallery-image elementor-gallery-item__image\" data-thumbnail=\"https:\/\/www.lichen.pl\/wp-content\/uploads\/2021\/09\/Lichenskie-Spotkania-Rodzin-29-sierpnia-2021-29-200x300.jpg\" data-width=\"200\" data-height=\"300\" aria-label=\"\" role=\"img\" ><\/div>\n\t\t\t\t\t\t\t\t\t\t\t<div class=\"elementor-gallery-item__overlay\"><\/div>\n\t\t\t\t\t\t\t\t\t\t\t\t\t\t<\/a>\n\t\t\t\t\t<\/div>\n\t\t\t\t\t<\/div>\n\t\t\t\t<\/div>\n\t\t\t\t<div class=\"elementor-element elementor-element-027d743 elementor-widget-divider--view-line elementor-widget elementor-widget-divider\" data-id=\"027d743\" data-element_type=\"widget\" data-e-type=\"widget\" data-widget_type=\"divider.default\">\n\t\t\t\t<div class=\"elementor-widget-container\">\n\t\t\t\t\t\t\t<div class=\"elementor-divider\">\n\t\t\t<span class=\"elementor-divider-separator\">\n\t\t\t\t\t\t<\/span>\n\t\t<\/div>\n\t\t\t\t\t\t<\/div>\n\t\t\t\t<\/div>\n\t\t\t\t\t<\/div>\n\t\t<\/div>\n\t\t\t\t\t<\/div>\n\t\t<\/section>\n\t\t\t\t<\/div>","protected":false},"excerpt":{"rendered":"<p>Tego dnia odwiedzaj\u0105cych liche\u0144skie sanktuarium przed bazylik\u0105 wita\u0142y dwa anio\u0142y. Opr\u00f3cz spotkania ze szczudlarzami w sanktuarium przygotowano zabawy ruchowe i taneczne, zabawy cyrkowe, z chust\u0105 animacyjn\u0105 i innymi rekwizytami. Niedziela z&nbsp;Mam\u0105 z&nbsp;Tat\u0105 w&nbsp;Licheniu Ostatnia wakacyjna niedziela by\u0142a tradycyjnie dniem Liche\u0144skiego Spotkania Rodzin. W tym roku po mszy, podczas kt\u00f3rej dzieci i m\u0142odzie\u017c otrzyma\u0142y b\u0142ogos\u0142awie\u0144stwo na [&hellip;]<\/p>\n","protected":false},"author":2,"featured_media":29235,"comment_status":"open","ping_status":"open","sticky":false,"template":"","format":"standard","meta":{"footnotes":""},"categories":[1],"tags":[],"class_list":["post-28953","post","type-post","status-publish","format-standard","has-post-thumbnail","hentry","category-aktualnosci","wpbf-post"],"yoast_head":"<!-- This site is optimized with the Yoast SEO plugin v27.4 - https:\/\/yoast.com\/product\/yoast-seo-wordpress\/ -->\n<title>Liche\u0144skie Spotkania Rodzin &quot;Niedziela z Mam\u0105 i Tat\u0105&quot; w liche\u0144skim sanktuarium - SANKTUARIUM W LICHENIU<\/title>\n<meta name=\"robots\" content=\"index, follow, max-snippet:-1, max-image-preview:large, max-video-preview:-1\" \/>\n<link rel=\"canonical\" href=\"http:\/\/www.lichen.pl\/en\/lichenskie-spotkania-rodzin\/\" \/>\n<meta property=\"og:locale\" content=\"en_GB\" \/>\n<meta property=\"og:type\" content=\"article\" \/>\n<meta property=\"og:title\" content=\"Liche\u0144skie Spotkania Rodzin &quot;Niedziela z Mam\u0105 i Tat\u0105&quot; w liche\u0144skim sanktuarium - SANKTUARIUM W LICHENIU\" \/>\n<meta property=\"og:description\" content=\"Tego dnia odwiedzaj\u0105cych liche\u0144skie sanktuarium przed bazylik\u0105 wita\u0142y dwa anio\u0142y. Opr\u00f3cz spotkania ze szczudlarzami w sanktuarium przygotowano zabawy ruchowe i taneczne, zabawy cyrkowe, z chust\u0105 animacyjn\u0105 i innymi rekwizytami. Niedziela z&nbsp;Mam\u0105 z&nbsp;Tat\u0105 w&nbsp;Licheniu Ostatnia wakacyjna niedziela by\u0142a tradycyjnie dniem Liche\u0144skiego Spotkania Rodzin. W tym roku po mszy, podczas kt\u00f3rej dzieci i m\u0142odzie\u017c otrzyma\u0142y b\u0142ogos\u0142awie\u0144stwo na [&hellip;]\" \/>\n<meta property=\"og:url\" content=\"http:\/\/www.lichen.pl\/en\/lichenskie-spotkania-rodzin\/\" \/>\n<meta property=\"og:site_name\" content=\"SANKTUARIUM W LICHENIU\" \/>\n<meta property=\"article:published_time\" content=\"2021-08-29T15:22:04+00:00\" \/>\n<meta property=\"article:modified_time\" content=\"2021-09-03T19:15:35+00:00\" \/>\n<meta property=\"og:image\" content=\"http:\/\/www.lichen.pl\/wp-content\/uploads\/2021\/09\/Lichenskie-Spotkania-Rodzin-29-sierpnia-2021-2.jpg\" \/>\n\t<meta property=\"og:image:width\" content=\"1333\" \/>\n\t<meta property=\"og:image:height\" content=\"889\" \/>\n\t<meta property=\"og:image:type\" content=\"image\/jpeg\" \/>\n<meta name=\"author\" content=\"Arkadiusz Gorgolewski\" \/>\n<meta name=\"twitter:card\" content=\"summary_large_image\" \/>\n<meta name=\"twitter:label1\" content=\"Written by\" \/>\n\t<meta name=\"twitter:data1\" content=\"Arkadiusz Gorgolewski\" \/>\n\t<meta name=\"twitter:label2\" content=\"Estimated reading time\" \/>\n\t<meta name=\"twitter:data2\" content=\"3 minutes\" \/>\n<script type=\"application\/ld+json\" class=\"yoast-schema-graph\">{\"@context\":\"https:\\\/\\\/schema.org\",\"@graph\":[{\"@type\":\"Article\",\"@id\":\"http:\\\/\\\/www.lichen.pl\\\/de\\\/lichenskie-spotkania-rodzin\\\/#article\",\"isPartOf\":{\"@id\":\"http:\\\/\\\/www.lichen.pl\\\/de\\\/lichenskie-spotkania-rodzin\\\/\"},\"author\":{\"name\":\"Arkadiusz Gorgolewski\",\"@id\":\"https:\\\/\\\/www.lichen.pl\\\/fr\\\/#\\\/schema\\\/person\\\/56fc5b38d70a2b34983408f9a457fd9d\"},\"headline\":\"Liche\u0144skie Spotkania Rodzin &#8220;Niedziela z Mam\u0105 i Tat\u0105&#8221; w liche\u0144skim sanktuarium\",\"datePublished\":\"2021-08-29T15:22:04+00:00\",\"dateModified\":\"2021-09-03T19:15:35+00:00\",\"mainEntityOfPage\":{\"@id\":\"http:\\\/\\\/www.lichen.pl\\\/de\\\/lichenskie-spotkania-rodzin\\\/\"},\"wordCount\":596,\"commentCount\":0,\"image\":{\"@id\":\"http:\\\/\\\/www.lichen.pl\\\/de\\\/lichenskie-spotkania-rodzin\\\/#primaryimage\"},\"thumbnailUrl\":\"https:\\\/\\\/www.lichen.pl\\\/wp-content\\\/uploads\\\/2021\\\/09\\\/Lichenskie-Spotkania-Rodzin-29-sierpnia-2021-2.jpg\",\"articleSection\":[\"Aktualno\u015bci\"],\"inLanguage\":\"en-GB\",\"potentialAction\":[{\"@type\":\"CommentAction\",\"name\":\"Comment\",\"target\":[\"http:\\\/\\\/www.lichen.pl\\\/de\\\/lichenskie-spotkania-rodzin\\\/#respond\"]}]},{\"@type\":\"WebPage\",\"@id\":\"http:\\\/\\\/www.lichen.pl\\\/de\\\/lichenskie-spotkania-rodzin\\\/\",\"url\":\"http:\\\/\\\/www.lichen.pl\\\/de\\\/lichenskie-spotkania-rodzin\\\/\",\"name\":\"Liche\u0144skie Spotkania Rodzin \\\"Niedziela z Mam\u0105 i Tat\u0105\\\" w liche\u0144skim sanktuarium - SANKTUARIUM W LICHENIU\",\"isPartOf\":{\"@id\":\"https:\\\/\\\/www.lichen.pl\\\/fr\\\/#website\"},\"primaryImageOfPage\":{\"@id\":\"http:\\\/\\\/www.lichen.pl\\\/de\\\/lichenskie-spotkania-rodzin\\\/#primaryimage\"},\"image\":{\"@id\":\"http:\\\/\\\/www.lichen.pl\\\/de\\\/lichenskie-spotkania-rodzin\\\/#primaryimage\"},\"thumbnailUrl\":\"https:\\\/\\\/www.lichen.pl\\\/wp-content\\\/uploads\\\/2021\\\/09\\\/Lichenskie-Spotkania-Rodzin-29-sierpnia-2021-2.jpg\",\"datePublished\":\"2021-08-29T15:22:04+00:00\",\"dateModified\":\"2021-09-03T19:15:35+00:00\",\"author\":{\"@id\":\"https:\\\/\\\/www.lichen.pl\\\/fr\\\/#\\\/schema\\\/person\\\/56fc5b38d70a2b34983408f9a457fd9d\"},\"breadcrumb\":{\"@id\":\"http:\\\/\\\/www.lichen.pl\\\/de\\\/lichenskie-spotkania-rodzin\\\/#breadcrumb\"},\"inLanguage\":\"en-GB\",\"potentialAction\":[{\"@type\":\"ReadAction\",\"target\":[\"http:\\\/\\\/www.lichen.pl\\\/de\\\/lichenskie-spotkania-rodzin\\\/\"]}]},{\"@type\":\"ImageObject\",\"inLanguage\":\"en-GB\",\"@id\":\"http:\\\/\\\/www.lichen.pl\\\/de\\\/lichenskie-spotkania-rodzin\\\/#primaryimage\",\"url\":\"https:\\\/\\\/www.lichen.pl\\\/wp-content\\\/uploads\\\/2021\\\/09\\\/Lichenskie-Spotkania-Rodzin-29-sierpnia-2021-2.jpg\",\"contentUrl\":\"https:\\\/\\\/www.lichen.pl\\\/wp-content\\\/uploads\\\/2021\\\/09\\\/Lichenskie-Spotkania-Rodzin-29-sierpnia-2021-2.jpg\",\"width\":1333,\"height\":889},{\"@type\":\"BreadcrumbList\",\"@id\":\"http:\\\/\\\/www.lichen.pl\\\/de\\\/lichenskie-spotkania-rodzin\\\/#breadcrumb\",\"itemListElement\":[{\"@type\":\"ListItem\",\"position\":1,\"name\":\"Strona g\u0142\u00f3wna\",\"item\":\"https:\\\/\\\/www.lichen.pl\\\/\"},{\"@type\":\"ListItem\",\"position\":2,\"name\":\"Liche\u0144skie Spotkania Rodzin &#8220;Niedziela z Mam\u0105 i Tat\u0105&#8221; w liche\u0144skim sanktuarium\"}]},{\"@type\":\"WebSite\",\"@id\":\"https:\\\/\\\/www.lichen.pl\\\/fr\\\/#website\",\"url\":\"https:\\\/\\\/www.lichen.pl\\\/fr\\\/\",\"name\":\"SANKTUARIUM W LICHENIU\",\"description\":\"MATKI BO\u017bEJ LICHE\u0143SKIEJ BOLESNEJ KR\u00d3LOWEJ POLSKI\",\"potentialAction\":[{\"@type\":\"SearchAction\",\"target\":{\"@type\":\"EntryPoint\",\"urlTemplate\":\"https:\\\/\\\/www.lichen.pl\\\/fr\\\/?s={search_term_string}\"},\"query-input\":{\"@type\":\"PropertyValueSpecification\",\"valueRequired\":true,\"valueName\":\"search_term_string\"}}],\"inLanguage\":\"en-GB\"},{\"@type\":\"Person\",\"@id\":\"https:\\\/\\\/www.lichen.pl\\\/fr\\\/#\\\/schema\\\/person\\\/56fc5b38d70a2b34983408f9a457fd9d\",\"name\":\"Arkadiusz Gorgolewski\",\"image\":{\"@type\":\"ImageObject\",\"inLanguage\":\"en-GB\",\"@id\":\"https:\\\/\\\/secure.gravatar.com\\\/avatar\\\/0f571b370f5aa245b1fd3b9c945511b004fe17579bdefd5054d99f0ba315149c?s=96&d=retro&r=g\",\"url\":\"https:\\\/\\\/secure.gravatar.com\\\/avatar\\\/0f571b370f5aa245b1fd3b9c945511b004fe17579bdefd5054d99f0ba315149c?s=96&d=retro&r=g\",\"contentUrl\":\"https:\\\/\\\/secure.gravatar.com\\\/avatar\\\/0f571b370f5aa245b1fd3b9c945511b004fe17579bdefd5054d99f0ba315149c?s=96&d=retro&r=g\",\"caption\":\"Arkadiusz Gorgolewski\"},\"url\":\"https:\\\/\\\/www.lichen.pl\\\/en\\\/author\\\/sanadmin\\\/\"}]}<\/script>\n<!-- \/ Yoast SEO plugin. -->","yoast_head_json":{"title":"Liche\u0144skie Spotkania Rodzin \"Niedziela z Mam\u0105 i Tat\u0105\" w liche\u0144skim sanktuarium - SANKTUARIUM W LICHENIU","robots":{"index":"index","follow":"follow","max-snippet":"max-snippet:-1","max-image-preview":"max-image-preview:large","max-video-preview":"max-video-preview:-1"},"canonical":"http:\/\/www.lichen.pl\/en\/lichenskie-spotkania-rodzin\/","og_locale":"en_GB","og_type":"article","og_title":"Liche\u0144skie Spotkania Rodzin \"Niedziela z Mam\u0105 i Tat\u0105\" w liche\u0144skim sanktuarium - SANKTUARIUM W LICHENIU","og_description":"Tego dnia odwiedzaj\u0105cych liche\u0144skie sanktuarium przed bazylik\u0105 wita\u0142y dwa anio\u0142y. Opr\u00f3cz spotkania ze szczudlarzami w sanktuarium przygotowano zabawy ruchowe i taneczne, zabawy cyrkowe, z chust\u0105 animacyjn\u0105 i innymi rekwizytami. Niedziela z&nbsp;Mam\u0105 z&nbsp;Tat\u0105 w&nbsp;Licheniu Ostatnia wakacyjna niedziela by\u0142a tradycyjnie dniem Liche\u0144skiego Spotkania Rodzin. W tym roku po mszy, podczas kt\u00f3rej dzieci i m\u0142odzie\u017c otrzyma\u0142y b\u0142ogos\u0142awie\u0144stwo na [&hellip;]","og_url":"http:\/\/www.lichen.pl\/en\/lichenskie-spotkania-rodzin\/","og_site_name":"SANKTUARIUM W LICHENIU","article_published_time":"2021-08-29T15:22:04+00:00","article_modified_time":"2021-09-03T19:15:35+00:00","og_image":[{"width":1333,"height":889,"url":"http:\/\/www.lichen.pl\/wp-content\/uploads\/2021\/09\/Lichenskie-Spotkania-Rodzin-29-sierpnia-2021-2.jpg","type":"image\/jpeg"}],"author":"Arkadiusz Gorgolewski","twitter_card":"summary_large_image","twitter_misc":{"Written by":"Arkadiusz Gorgolewski","Estimated reading time":"3 minutes"},"schema":{"@context":"https:\/\/schema.org","@graph":[{"@type":"Article","@id":"http:\/\/www.lichen.pl\/de\/lichenskie-spotkania-rodzin\/#article","isPartOf":{"@id":"http:\/\/www.lichen.pl\/de\/lichenskie-spotkania-rodzin\/"},"author":{"name":"Arkadiusz Gorgolewski","@id":"https:\/\/www.lichen.pl\/fr\/#\/schema\/person\/56fc5b38d70a2b34983408f9a457fd9d"},"headline":"Liche\u0144skie Spotkania Rodzin &#8220;Niedziela z Mam\u0105 i Tat\u0105&#8221; w liche\u0144skim sanktuarium","datePublished":"2021-08-29T15:22:04+00:00","dateModified":"2021-09-03T19:15:35+00:00","mainEntityOfPage":{"@id":"http:\/\/www.lichen.pl\/de\/lichenskie-spotkania-rodzin\/"},"wordCount":596,"commentCount":0,"image":{"@id":"http:\/\/www.lichen.pl\/de\/lichenskie-spotkania-rodzin\/#primaryimage"},"thumbnailUrl":"https:\/\/www.lichen.pl\/wp-content\/uploads\/2021\/09\/Lichenskie-Spotkania-Rodzin-29-sierpnia-2021-2.jpg","articleSection":["Aktualno\u015bci"],"inLanguage":"en-GB","potentialAction":[{"@type":"CommentAction","name":"Comment","target":["http:\/\/www.lichen.pl\/de\/lichenskie-spotkania-rodzin\/#respond"]}]},{"@type":"WebPage","@id":"http:\/\/www.lichen.pl\/de\/lichenskie-spotkania-rodzin\/","url":"http:\/\/www.lichen.pl\/de\/lichenskie-spotkania-rodzin\/","name":"Liche\u0144skie Spotkania Rodzin \"Niedziela z Mam\u0105 i Tat\u0105\" w liche\u0144skim sanktuarium - SANKTUARIUM W LICHENIU","isPartOf":{"@id":"https:\/\/www.lichen.pl\/fr\/#website"},"primaryImageOfPage":{"@id":"http:\/\/www.lichen.pl\/de\/lichenskie-spotkania-rodzin\/#primaryimage"},"image":{"@id":"http:\/\/www.lichen.pl\/de\/lichenskie-spotkania-rodzin\/#primaryimage"},"thumbnailUrl":"https:\/\/www.lichen.pl\/wp-content\/uploads\/2021\/09\/Lichenskie-Spotkania-Rodzin-29-sierpnia-2021-2.jpg","datePublished":"2021-08-29T15:22:04+00:00","dateModified":"2021-09-03T19:15:35+00:00","author":{"@id":"https:\/\/www.lichen.pl\/fr\/#\/schema\/person\/56fc5b38d70a2b34983408f9a457fd9d"},"breadcrumb":{"@id":"http:\/\/www.lichen.pl\/de\/lichenskie-spotkania-rodzin\/#breadcrumb"},"inLanguage":"en-GB","potentialAction":[{"@type":"ReadAction","target":["http:\/\/www.lichen.pl\/de\/lichenskie-spotkania-rodzin\/"]}]},{"@type":"ImageObject","inLanguage":"en-GB","@id":"http:\/\/www.lichen.pl\/de\/lichenskie-spotkania-rodzin\/#primaryimage","url":"https:\/\/www.lichen.pl\/wp-content\/uploads\/2021\/09\/Lichenskie-Spotkania-Rodzin-29-sierpnia-2021-2.jpg","contentUrl":"https:\/\/www.lichen.pl\/wp-content\/uploads\/2021\/09\/Lichenskie-Spotkania-Rodzin-29-sierpnia-2021-2.jpg","width":1333,"height":889},{"@type":"BreadcrumbList","@id":"http:\/\/www.lichen.pl\/de\/lichenskie-spotkania-rodzin\/#breadcrumb","itemListElement":[{"@type":"ListItem","position":1,"name":"Strona g\u0142\u00f3wna","item":"https:\/\/www.lichen.pl\/"},{"@type":"ListItem","position":2,"name":"Liche\u0144skie Spotkania Rodzin &#8220;Niedziela z Mam\u0105 i Tat\u0105&#8221; w liche\u0144skim sanktuarium"}]},{"@type":"WebSite","@id":"https:\/\/www.lichen.pl\/fr\/#website","url":"https:\/\/www.lichen.pl\/fr\/","name":"SANCTUARY IN LICHENIA","description":"OUR LICHEN&#039;S SORROWFUL QUEEN OF POLAND","potentialAction":[{"@type":"SearchAction","target":{"@type":"EntryPoint","urlTemplate":"https:\/\/www.lichen.pl\/fr\/?s={search_term_string}"},"query-input":{"@type":"PropertyValueSpecification","valueRequired":true,"valueName":"search_term_string"}}],"inLanguage":"en-GB"},{"@type":"Person","@id":"https:\/\/www.lichen.pl\/fr\/#\/schema\/person\/56fc5b38d70a2b34983408f9a457fd9d","name":"Arkadiusz Gorgolewski","image":{"@type":"ImageObject","inLanguage":"en-GB","@id":"https:\/\/secure.gravatar.com\/avatar\/0f571b370f5aa245b1fd3b9c945511b004fe17579bdefd5054d99f0ba315149c?s=96&d=retro&r=g","url":"https:\/\/secure.gravatar.com\/avatar\/0f571b370f5aa245b1fd3b9c945511b004fe17579bdefd5054d99f0ba315149c?s=96&d=retro&r=g","contentUrl":"https:\/\/secure.gravatar.com\/avatar\/0f571b370f5aa245b1fd3b9c945511b004fe17579bdefd5054d99f0ba315149c?s=96&d=retro&r=g","caption":"Arkadiusz Gorgolewski"},"url":"https:\/\/www.lichen.pl\/en\/author\/sanadmin\/"}]}},"_links":{"self":[{"href":"https:\/\/www.lichen.pl\/en\/wp-json\/wp\/v2\/posts\/28953","targetHints":{"allow":["GET"]}}],"collection":[{"href":"https:\/\/www.lichen.pl\/en\/wp-json\/wp\/v2\/posts"}],"about":[{"href":"https:\/\/www.lichen.pl\/en\/wp-json\/wp\/v2\/types\/post"}],"author":[{"embeddable":true,"href":"https:\/\/www.lichen.pl\/en\/wp-json\/wp\/v2\/users\/2"}],"replies":[{"embeddable":true,"href":"https:\/\/www.lichen.pl\/en\/wp-json\/wp\/v2\/comments?post=28953"}],"version-history":[{"count":19,"href":"https:\/\/www.lichen.pl\/en\/wp-json\/wp\/v2\/posts\/28953\/revisions"}],"predecessor-version":[{"id":29906,"href":"https:\/\/www.lichen.pl\/en\/wp-json\/wp\/v2\/posts\/28953\/revisions\/29906"}],"wp:featuredmedia":[{"embeddable":true,"href":"https:\/\/www.lichen.pl\/en\/wp-json\/wp\/v2\/media\/29235"}],"wp:attachment":[{"href":"https:\/\/www.lichen.pl\/en\/wp-json\/wp\/v2\/media?parent=28953"}],"wp:term":[{"taxonomy":"category","embeddable":true,"href":"https:\/\/www.lichen.pl\/en\/wp-json\/wp\/v2\/categories?post=28953"},{"taxonomy":"post_tag","embeddable":true,"href":"https:\/\/www.lichen.pl\/en\/wp-json\/wp\/v2\/tags?post=28953"}],"curies":[{"name":"wp","href":"https:\/\/api.w.org\/{rel}","templated":true}]}}