{"id":49709,"date":"2023-02-04T16:24:18","date_gmt":"2023-02-04T15:24:18","guid":{"rendered":"https:\/\/www.lichen.pl\/ofiarowanie-panskie-2023-copy\/"},"modified":"2023-02-04T16:29:52","modified_gmt":"2023-02-04T15:29:52","slug":"dzien-braterstwa-2023","status":"publish","type":"post","link":"https:\/\/www.lichen.pl\/en\/dzien-braterstwa-2023\/","title":{"rendered":"Braterstwo drog\u0105 pokoju. Mi\u0119dzynarodowy Dzie\u0144 Braterstwa Mi\u0119dzyludzkiego"},"content":{"rendered":"<div data-elementor-type=\"wp-post\" data-elementor-id=\"49709\" class=\"elementor elementor-49709\" data-elementor-post-type=\"post\">\n\t\t\t\t\t\t<section class=\"elementor-section elementor-top-section elementor-element elementor-element-a482be5 elementor-section-boxed elementor-section-height-default elementor-section-height-default\" data-id=\"a482be5\" data-element_type=\"section\" data-e-type=\"section\">\n\t\t\t\t\t\t<div class=\"elementor-container elementor-column-gap-default\">\n\t\t\t\t\t<div class=\"elementor-column elementor-col-100 elementor-top-column elementor-element elementor-element-d07a658\" data-id=\"d07a658\" data-element_type=\"column\" data-e-type=\"column\">\n\t\t\t<div class=\"elementor-widget-wrap elementor-element-populated\">\n\t\t\t\t\t\t<div class=\"elementor-element elementor-element-560b426 elementor-widget elementor-widget-text-editor\" data-id=\"560b426\" data-element_type=\"widget\" data-e-type=\"widget\" data-widget_type=\"text-editor.default\">\n\t\t\t\t<div class=\"elementor-widget-container\">\n\t\t\t\t\t\t\t\t\t<p><strong>\u2013 Braterstwo jest drog\u0105 pokoju \u2013 stwierdzi\u0142 ks. Janusz Kumala MIC, kustosz liche\u0144skiego sanktuarium podczas g\u0142\u00f3wnej Mszy \u015awi\u0119tej w bazylice liche\u0144skiej w Mi\u0119dzynarodowy Dzie\u0144 Braterstwa Mi\u0119dzyludzkiego.<\/strong><\/p>\t\t\t\t\t\t\t\t<\/div>\n\t\t\t\t<\/div>\n\t\t\t\t<section class=\"elementor-section elementor-inner-section elementor-element elementor-element-af56cd9 elementor-section-boxed elementor-section-height-default elementor-section-height-default\" data-id=\"af56cd9\" data-element_type=\"section\" data-e-type=\"section\">\n\t\t\t\t\t\t<div class=\"elementor-container elementor-column-gap-default\">\n\t\t\t\t\t<div class=\"elementor-column elementor-col-50 elementor-inner-column elementor-element elementor-element-6b30530\" data-id=\"6b30530\" data-element_type=\"column\" data-e-type=\"column\">\n\t\t\t<div class=\"elementor-widget-wrap elementor-element-populated\">\n\t\t\t\t\t\t<div class=\"elementor-element elementor-element-0795885 elementor-widget elementor-widget-image\" data-id=\"0795885\" data-element_type=\"widget\" data-e-type=\"widget\" data-widget_type=\"image.default\">\n\t\t\t\t<div class=\"elementor-widget-container\">\n\t\t\t\t\t\t\t\t\t\t\t\t\t\t\t<img fetchpriority=\"high\" decoding=\"async\" width=\"1024\" height=\"683\" src=\"https:\/\/www.lichen.pl\/wp-content\/uploads\/2023\/02\/IMG_1367-1-1024x683.jpg\" class=\"attachment-large size-large wp-image-49713\" alt=\"\" srcset=\"https:\/\/www.lichen.pl\/wp-content\/uploads\/2023\/02\/IMG_1367-1-1024x683.jpg 1024w, https:\/\/www.lichen.pl\/wp-content\/uploads\/2023\/02\/IMG_1367-1-800x533.jpg 800w, https:\/\/www.lichen.pl\/wp-content\/uploads\/2023\/02\/IMG_1367-1-300x200.jpg 300w, https:\/\/www.lichen.pl\/wp-content\/uploads\/2023\/02\/IMG_1367-1-768x512.jpg 768w, https:\/\/www.lichen.pl\/wp-content\/uploads\/2023\/02\/IMG_1367-1-1536x1024.jpg 1536w, https:\/\/www.lichen.pl\/wp-content\/uploads\/2023\/02\/IMG_1367-1-2048x1365.jpg 2048w, https:\/\/www.lichen.pl\/wp-content\/uploads\/2023\/02\/IMG_1367-1-18x12.jpg 18w, https:\/\/www.lichen.pl\/wp-content\/uploads\/2023\/02\/IMG_1367-1.jpg 1920w\" sizes=\"(max-width: 1024px) 100vw, 1024px\" \/>\t\t\t\t\t\t\t\t\t\t\t\t\t\t\t<\/div>\n\t\t\t\t<\/div>\n\t\t\t\t\t<\/div>\n\t\t<\/div>\n\t\t\t\t<div class=\"elementor-column elementor-col-50 elementor-inner-column elementor-element elementor-element-6729c1a\" data-id=\"6729c1a\" data-element_type=\"column\" data-e-type=\"column\">\n\t\t\t<div class=\"elementor-widget-wrap elementor-element-populated\">\n\t\t\t\t\t\t<div class=\"elementor-element elementor-element-c6ec7fc elementor-widget elementor-widget-text-editor\" data-id=\"c6ec7fc\" data-element_type=\"widget\" data-e-type=\"widget\" data-widget_type=\"text-editor.default\">\n\t\t\t\t<div class=\"elementor-widget-container\">\n\t\t\t\t\t\t\t\t\t<p>Obchodzony 4 lutego Mi\u0119dzynarodowy Dzie\u0144 Braterstwa Mi\u0119dzyludzkiego zosta\u0142 ustanowiony w rocznic\u0119 spotkania, jakie odby\u0142o si\u0119 w Abu Dhabi, 4 lutego 2019 r. Cztery lata temu papie\u017c Franciszek i wielki imam Al-Azharu podpisali <em>Dokument o braterstwie ludzi na rzecz pokoju i wsp\u00f3lnego wsp\u00f3\u0142istnienia<\/em>. Dokument ten jest wyrazem pragnienia ludzkiej solidarno\u015bci, a \u015bwi\u0119to stanowi wezwanie do wzajemnego szacunku i budowania most\u00f3w \u0142\u0105cz\u0105ce r\u00f3\u017cne grupy wyznaniowe. W promowanie dialogu, harmonii i wzajemnego szacunku w\u0142\u0105cza si\u0119 tak\u017ce Sanktuarium Matki Bo\u017cej Liche\u0144skiej, gdzie wo\u0142anie o pok\u00f3j obecne jest ka\u017cdego dnia.<\/p>\t\t\t\t\t\t\t\t<\/div>\n\t\t\t\t<\/div>\n\t\t\t\t\t<\/div>\n\t\t<\/div>\n\t\t\t\t\t<\/div>\n\t\t<\/section>\n\t\t\t\t<div class=\"elementor-element elementor-element-e012c85 elementor-widget elementor-widget-text-editor\" data-id=\"e012c85\" data-element_type=\"widget\" data-e-type=\"widget\" data-widget_type=\"text-editor.default\">\n\t\t\t\t<div class=\"elementor-widget-container\">\n\t\t\t\t\t\t\t\t\t<p>\u2013 W spos\u00f3b szczeg\u00f3lny chcemy dzi\u015b popatrze\u0107 na \u015bwiat w tej perspektywie, kt\u00f3r\u0105 objawi\u0142 nam Jezus. \u015awiat, kt\u00f3ry \u015bledzimy poprzez media, ukazuje si\u0119 nam jako pe\u0142en konflikt\u00f3w. Znajdziemy je w\u0142a\u015bciwie na ka\u017cdym kontynencie. Czy jest jaki\u015b spos\u00f3b, by im zapobiec, by ich unikn\u0105\u0107? \u2013 pyta\u0142 ksi\u0105dz kustosz w homilii.<\/p><p>\u2013\u00a0 \u0179r\u00f3d\u0142em ka\u017cdej wojny jest grzech, czyli zerwanie wi\u0119zi z Bogiem. Je\u015bli jeste\u015bmy zjednoczeni z Nim, jeste\u015bmy lud\u017ami pokoju. Dzi\u0119ki wi\u0119zi z Bogiem, nie wchodzimy na \u015bcie\u017ck\u0119 wojenn\u0105 \u2013 wyja\u015bnia\u0142 tajemnic\u0119 pokoju ksi\u0105dz Kumala \u2013 Jeste\u015bmy dzie\u0107mi jednego Ojca, dlatego jeste\u015bmy bra\u0107mi i siostrami! W \u015bwiecie jednak nie wszyscy znaj\u0105 Ewangeli\u0119, nie wszyscy uwierzyli Jezusowi. Maj\u0105 inne spojrzenie, do\u015bwiadczenia. Ich droga do Boga jest nieco inna, mo\u017ce trudniejsza, tego nie wiemy. Nie maj\u0105 pe\u0142ni objawienia, kt\u00f3r\u0105 my, dzi\u0119ki Ewangelii mamy.<\/p><p>Kap\u0142an przypomnia\u0142, \u017ce B\u00f3g chce, by ka\u017cdy go pozna\u0142. \u2013Do\u015bwiadczenie braterstwa jest drog\u0105 pokoju. B\u00f3g poprzez sumienie m\u00f3wi ka\u017cdemu z nas podstawow\u0105 prawd\u0119, czy\u0144 dobro, nie zabijaj, kochaj bli\u017aniego. Wierni swojemu sumieniu b\u0119dziemy potrafili pokona\u0107 pokusy do czynienia z\u0142a \u2013 stwierdzi\u0142 marianin zach\u0119caj\u0105c, by\u015bmy uczyli si\u0119 patrze\u0107 na innych ludzi jako na dzieci Bo\u017ce, swoich braci i siostry.<\/p><p>Zauwa\u017cy\u0142, jak wa\u017cne jest d\u0105\u017cenie do prze\u017cywania braterstwa mi\u0119dzyludzkiego na wszelkich poziomach, w rodzinach, s\u0105siedztwie, pracy czy z innymi narodami. \u2013 Ko\u015bci\u00f3\u0142 nieustannie nam przypomina, kim mamy si\u0119 stawa\u0107 dla dobra spo\u0142ecze\u0144stwa i ca\u0142ego \u015bwiata. B\u00f3g jest Bogiem pokoju. W wielu rodzinach spotykana jest przemoc: psychiczna, fizyczna, finansowa. Tego, \u017ce kto\u015b cierpi czasem nie wida\u0107, nie s\u0142ycha\u0107. Przemocy przeciwdzia\u0142a wi\u0119\u017a z Bogiem, do\u015bwiadczenie, \u017ce jeste\u015bmy sobie bliscy. To powinno inspirowa\u0107 do \u017cycia w pokoju.<\/p>\t\t\t\t\t\t\t\t<\/div>\n\t\t\t\t<\/div>\n\t\t\t\t\t<\/div>\n\t\t<\/div>\n\t\t\t\t\t<\/div>\n\t\t<\/section>\n\t\t\t\t<\/div>","protected":false},"excerpt":{"rendered":"<p>\u2013 Braterstwo jest drog\u0105 pokoju \u2013 stwierdzi\u0142 ks. Janusz Kumala MIC, kustosz liche\u0144skiego sanktuarium podczas g\u0142\u00f3wnej Mszy \u015awi\u0119tej w bazylice liche\u0144skiej w Mi\u0119dzynarodowy Dzie\u0144 Braterstwa Mi\u0119dzyludzkiego. Obchodzony 4 lutego Mi\u0119dzynarodowy Dzie\u0144 Braterstwa Mi\u0119dzyludzkiego zosta\u0142 ustanowiony w rocznic\u0119 spotkania, jakie odby\u0142o si\u0119 w Abu Dhabi, 4 lutego 2019 r. Cztery lata temu papie\u017c Franciszek i wielki [&hellip;]<\/p>\n","protected":false},"author":5,"featured_media":49710,"comment_status":"open","ping_status":"open","sticky":false,"template":"","format":"standard","meta":{"footnotes":""},"categories":[1],"tags":[],"class_list":["post-49709","post","type-post","status-publish","format-standard","has-post-thumbnail","hentry","category-aktualnosci","wpbf-post"],"yoast_head":"<!-- This site is optimized with the Yoast SEO plugin v27.5 - https:\/\/yoast.com\/product\/yoast-seo-wordpress\/ -->\n<title>Braterstwo drog\u0105 pokoju. Mi\u0119dzynarodowy Dzie\u0144 Braterstwa Mi\u0119dzyludzkiego - SANKTUARIUM W LICHENIU<\/title>\n<meta name=\"robots\" content=\"index, follow, max-snippet:-1, max-image-preview:large, max-video-preview:-1\" \/>\n<link rel=\"canonical\" href=\"https:\/\/www.lichen.pl\/en\/dzien-braterstwa-2023\/\" \/>\n<meta property=\"og:locale\" content=\"en_GB\" \/>\n<meta property=\"og:type\" content=\"article\" \/>\n<meta property=\"og:title\" content=\"Braterstwo drog\u0105 pokoju. Mi\u0119dzynarodowy Dzie\u0144 Braterstwa Mi\u0119dzyludzkiego - SANKTUARIUM W LICHENIU\" \/>\n<meta property=\"og:description\" content=\"\u2013 Braterstwo jest drog\u0105 pokoju \u2013 stwierdzi\u0142 ks. Janusz Kumala MIC, kustosz liche\u0144skiego sanktuarium podczas g\u0142\u00f3wnej Mszy \u015awi\u0119tej w bazylice liche\u0144skiej w Mi\u0119dzynarodowy Dzie\u0144 Braterstwa Mi\u0119dzyludzkiego. Obchodzony 4 lutego Mi\u0119dzynarodowy Dzie\u0144 Braterstwa Mi\u0119dzyludzkiego zosta\u0142 ustanowiony w rocznic\u0119 spotkania, jakie odby\u0142o si\u0119 w Abu Dhabi, 4 lutego 2019 r. Cztery lata temu papie\u017c Franciszek i wielki [&hellip;]\" \/>\n<meta property=\"og:url\" content=\"https:\/\/www.lichen.pl\/en\/dzien-braterstwa-2023\/\" \/>\n<meta property=\"og:site_name\" content=\"SANKTUARIUM W LICHENIU\" \/>\n<meta property=\"article:published_time\" content=\"2023-02-04T15:24:18+00:00\" \/>\n<meta property=\"article:modified_time\" content=\"2023-02-04T15:29:52+00:00\" \/>\n<meta property=\"og:image\" content=\"https:\/\/www.lichen.pl\/wp-content\/uploads\/2023\/02\/IMG_1367-1024x683.jpg\" \/>\n\t<meta property=\"og:image:width\" content=\"1024\" \/>\n\t<meta property=\"og:image:height\" content=\"683\" \/>\n\t<meta property=\"og:image:type\" content=\"image\/jpeg\" \/>\n<meta name=\"author\" content=\"Justyna Zacharek\" \/>\n<meta name=\"twitter:card\" content=\"summary_large_image\" \/>\n<meta name=\"twitter:label1\" content=\"Written by\" \/>\n\t<meta name=\"twitter:data1\" content=\"Justyna Zacharek\" \/>\n\t<meta name=\"twitter:label2\" content=\"Estimated reading time\" \/>\n\t<meta name=\"twitter:data2\" content=\"3 minutes\" \/>\n<script type=\"application\/ld+json\" class=\"yoast-schema-graph\">{\"@context\":\"https:\\\/\\\/schema.org\",\"@graph\":[{\"@type\":\"Article\",\"@id\":\"https:\\\/\\\/www.lichen.pl\\\/dzien-braterstwa-2023\\\/#article\",\"isPartOf\":{\"@id\":\"https:\\\/\\\/www.lichen.pl\\\/dzien-braterstwa-2023\\\/\"},\"author\":{\"name\":\"Justyna Zacharek\",\"@id\":\"https:\\\/\\\/www.lichen.pl\\\/fr\\\/#\\\/schema\\\/person\\\/9f57a1408d363022abd305da0323b703\"},\"headline\":\"Braterstwo drog\u0105 pokoju. Mi\u0119dzynarodowy Dzie\u0144 Braterstwa Mi\u0119dzyludzkiego\",\"datePublished\":\"2023-02-04T15:24:18+00:00\",\"dateModified\":\"2023-02-04T15:29:52+00:00\",\"mainEntityOfPage\":{\"@id\":\"https:\\\/\\\/www.lichen.pl\\\/dzien-braterstwa-2023\\\/\"},\"wordCount\":454,\"commentCount\":0,\"image\":{\"@id\":\"https:\\\/\\\/www.lichen.pl\\\/dzien-braterstwa-2023\\\/#primaryimage\"},\"thumbnailUrl\":\"https:\\\/\\\/www.lichen.pl\\\/wp-content\\\/uploads\\\/2023\\\/02\\\/IMG_1367.jpg\",\"articleSection\":[\"Aktualno\u015bci\"],\"inLanguage\":\"en-GB\",\"potentialAction\":[{\"@type\":\"CommentAction\",\"name\":\"Comment\",\"target\":[\"https:\\\/\\\/www.lichen.pl\\\/dzien-braterstwa-2023\\\/#respond\"]}]},{\"@type\":\"WebPage\",\"@id\":\"https:\\\/\\\/www.lichen.pl\\\/dzien-braterstwa-2023\\\/\",\"url\":\"https:\\\/\\\/www.lichen.pl\\\/dzien-braterstwa-2023\\\/\",\"name\":\"Braterstwo drog\u0105 pokoju. Mi\u0119dzynarodowy Dzie\u0144 Braterstwa Mi\u0119dzyludzkiego - SANKTUARIUM W LICHENIU\",\"isPartOf\":{\"@id\":\"https:\\\/\\\/www.lichen.pl\\\/fr\\\/#website\"},\"primaryImageOfPage\":{\"@id\":\"https:\\\/\\\/www.lichen.pl\\\/dzien-braterstwa-2023\\\/#primaryimage\"},\"image\":{\"@id\":\"https:\\\/\\\/www.lichen.pl\\\/dzien-braterstwa-2023\\\/#primaryimage\"},\"thumbnailUrl\":\"https:\\\/\\\/www.lichen.pl\\\/wp-content\\\/uploads\\\/2023\\\/02\\\/IMG_1367.jpg\",\"datePublished\":\"2023-02-04T15:24:18+00:00\",\"dateModified\":\"2023-02-04T15:29:52+00:00\",\"author\":{\"@id\":\"https:\\\/\\\/www.lichen.pl\\\/fr\\\/#\\\/schema\\\/person\\\/9f57a1408d363022abd305da0323b703\"},\"breadcrumb\":{\"@id\":\"https:\\\/\\\/www.lichen.pl\\\/dzien-braterstwa-2023\\\/#breadcrumb\"},\"inLanguage\":\"en-GB\",\"potentialAction\":[{\"@type\":\"ReadAction\",\"target\":[\"https:\\\/\\\/www.lichen.pl\\\/dzien-braterstwa-2023\\\/\"]}]},{\"@type\":\"ImageObject\",\"inLanguage\":\"en-GB\",\"@id\":\"https:\\\/\\\/www.lichen.pl\\\/dzien-braterstwa-2023\\\/#primaryimage\",\"url\":\"https:\\\/\\\/www.lichen.pl\\\/wp-content\\\/uploads\\\/2023\\\/02\\\/IMG_1367.jpg\",\"contentUrl\":\"https:\\\/\\\/www.lichen.pl\\\/wp-content\\\/uploads\\\/2023\\\/02\\\/IMG_1367.jpg\",\"width\":1920,\"height\":1280,\"caption\":\"Msza w bazylice\"},{\"@type\":\"BreadcrumbList\",\"@id\":\"https:\\\/\\\/www.lichen.pl\\\/dzien-braterstwa-2023\\\/#breadcrumb\",\"itemListElement\":[{\"@type\":\"ListItem\",\"position\":1,\"name\":\"Strona g\u0142\u00f3wna\",\"item\":\"https:\\\/\\\/www.lichen.pl\\\/\"},{\"@type\":\"ListItem\",\"position\":2,\"name\":\"Braterstwo drog\u0105 pokoju. Mi\u0119dzynarodowy Dzie\u0144 Braterstwa Mi\u0119dzyludzkiego\"}]},{\"@type\":\"WebSite\",\"@id\":\"https:\\\/\\\/www.lichen.pl\\\/fr\\\/#website\",\"url\":\"https:\\\/\\\/www.lichen.pl\\\/fr\\\/\",\"name\":\"SANKTUARIUM W LICHENIU\",\"description\":\"MATKI BO\u017bEJ LICHE\u0143SKIEJ BOLESNEJ KR\u00d3LOWEJ POLSKI\",\"potentialAction\":[{\"@type\":\"SearchAction\",\"target\":{\"@type\":\"EntryPoint\",\"urlTemplate\":\"https:\\\/\\\/www.lichen.pl\\\/fr\\\/?s={search_term_string}\"},\"query-input\":{\"@type\":\"PropertyValueSpecification\",\"valueRequired\":true,\"valueName\":\"search_term_string\"}}],\"inLanguage\":\"en-GB\"},{\"@type\":\"Person\",\"@id\":\"https:\\\/\\\/www.lichen.pl\\\/fr\\\/#\\\/schema\\\/person\\\/9f57a1408d363022abd305da0323b703\",\"name\":\"Justyna Zacharek\",\"image\":{\"@type\":\"ImageObject\",\"inLanguage\":\"en-GB\",\"@id\":\"https:\\\/\\\/secure.gravatar.com\\\/avatar\\\/7be193626a4fb4d6a7d53a7686c3bbf938efff653c427e0182457b838e9d2c3b?s=96&d=retro&r=g\",\"url\":\"https:\\\/\\\/secure.gravatar.com\\\/avatar\\\/7be193626a4fb4d6a7d53a7686c3bbf938efff653c427e0182457b838e9d2c3b?s=96&d=retro&r=g\",\"contentUrl\":\"https:\\\/\\\/secure.gravatar.com\\\/avatar\\\/7be193626a4fb4d6a7d53a7686c3bbf938efff653c427e0182457b838e9d2c3b?s=96&d=retro&r=g\",\"caption\":\"Justyna Zacharek\"},\"url\":\"https:\\\/\\\/www.lichen.pl\\\/en\\\/author\\\/justyna\\\/\"}]}<\/script>\n<!-- \/ Yoast SEO plugin. -->","yoast_head_json":{"title":"Braterstwo drog\u0105 pokoju. Mi\u0119dzynarodowy Dzie\u0144 Braterstwa Mi\u0119dzyludzkiego - SANKTUARIUM W LICHENIU","robots":{"index":"index","follow":"follow","max-snippet":"max-snippet:-1","max-image-preview":"max-image-preview:large","max-video-preview":"max-video-preview:-1"},"canonical":"https:\/\/www.lichen.pl\/en\/dzien-braterstwa-2023\/","og_locale":"en_GB","og_type":"article","og_title":"Braterstwo drog\u0105 pokoju. Mi\u0119dzynarodowy Dzie\u0144 Braterstwa Mi\u0119dzyludzkiego - SANKTUARIUM W LICHENIU","og_description":"\u2013 Braterstwo jest drog\u0105 pokoju \u2013 stwierdzi\u0142 ks. Janusz Kumala MIC, kustosz liche\u0144skiego sanktuarium podczas g\u0142\u00f3wnej Mszy \u015awi\u0119tej w bazylice liche\u0144skiej w Mi\u0119dzynarodowy Dzie\u0144 Braterstwa Mi\u0119dzyludzkiego. Obchodzony 4 lutego Mi\u0119dzynarodowy Dzie\u0144 Braterstwa Mi\u0119dzyludzkiego zosta\u0142 ustanowiony w rocznic\u0119 spotkania, jakie odby\u0142o si\u0119 w Abu Dhabi, 4 lutego 2019 r. Cztery lata temu papie\u017c Franciszek i wielki [&hellip;]","og_url":"https:\/\/www.lichen.pl\/en\/dzien-braterstwa-2023\/","og_site_name":"SANKTUARIUM W LICHENIU","article_published_time":"2023-02-04T15:24:18+00:00","article_modified_time":"2023-02-04T15:29:52+00:00","og_image":[{"width":1024,"height":683,"url":"https:\/\/www.lichen.pl\/wp-content\/uploads\/2023\/02\/IMG_1367-1024x683.jpg","type":"image\/jpeg"}],"author":"Justyna Zacharek","twitter_card":"summary_large_image","twitter_misc":{"Written by":"Justyna Zacharek","Estimated reading time":"3 minutes"},"schema":{"@context":"https:\/\/schema.org","@graph":[{"@type":"Article","@id":"https:\/\/www.lichen.pl\/dzien-braterstwa-2023\/#article","isPartOf":{"@id":"https:\/\/www.lichen.pl\/dzien-braterstwa-2023\/"},"author":{"name":"Justyna Zacharek","@id":"https:\/\/www.lichen.pl\/fr\/#\/schema\/person\/9f57a1408d363022abd305da0323b703"},"headline":"Braterstwo drog\u0105 pokoju. Mi\u0119dzynarodowy Dzie\u0144 Braterstwa Mi\u0119dzyludzkiego","datePublished":"2023-02-04T15:24:18+00:00","dateModified":"2023-02-04T15:29:52+00:00","mainEntityOfPage":{"@id":"https:\/\/www.lichen.pl\/dzien-braterstwa-2023\/"},"wordCount":454,"commentCount":0,"image":{"@id":"https:\/\/www.lichen.pl\/dzien-braterstwa-2023\/#primaryimage"},"thumbnailUrl":"https:\/\/www.lichen.pl\/wp-content\/uploads\/2023\/02\/IMG_1367.jpg","articleSection":["Aktualno\u015bci"],"inLanguage":"en-GB","potentialAction":[{"@type":"CommentAction","name":"Comment","target":["https:\/\/www.lichen.pl\/dzien-braterstwa-2023\/#respond"]}]},{"@type":"WebPage","@id":"https:\/\/www.lichen.pl\/dzien-braterstwa-2023\/","url":"https:\/\/www.lichen.pl\/dzien-braterstwa-2023\/","name":"Braterstwo drog\u0105 pokoju. Mi\u0119dzynarodowy Dzie\u0144 Braterstwa Mi\u0119dzyludzkiego - SANKTUARIUM W LICHENIU","isPartOf":{"@id":"https:\/\/www.lichen.pl\/fr\/#website"},"primaryImageOfPage":{"@id":"https:\/\/www.lichen.pl\/dzien-braterstwa-2023\/#primaryimage"},"image":{"@id":"https:\/\/www.lichen.pl\/dzien-braterstwa-2023\/#primaryimage"},"thumbnailUrl":"https:\/\/www.lichen.pl\/wp-content\/uploads\/2023\/02\/IMG_1367.jpg","datePublished":"2023-02-04T15:24:18+00:00","dateModified":"2023-02-04T15:29:52+00:00","author":{"@id":"https:\/\/www.lichen.pl\/fr\/#\/schema\/person\/9f57a1408d363022abd305da0323b703"},"breadcrumb":{"@id":"https:\/\/www.lichen.pl\/dzien-braterstwa-2023\/#breadcrumb"},"inLanguage":"en-GB","potentialAction":[{"@type":"ReadAction","target":["https:\/\/www.lichen.pl\/dzien-braterstwa-2023\/"]}]},{"@type":"ImageObject","inLanguage":"en-GB","@id":"https:\/\/www.lichen.pl\/dzien-braterstwa-2023\/#primaryimage","url":"https:\/\/www.lichen.pl\/wp-content\/uploads\/2023\/02\/IMG_1367.jpg","contentUrl":"https:\/\/www.lichen.pl\/wp-content\/uploads\/2023\/02\/IMG_1367.jpg","width":1920,"height":1280,"caption":"Msza w bazylice"},{"@type":"BreadcrumbList","@id":"https:\/\/www.lichen.pl\/dzien-braterstwa-2023\/#breadcrumb","itemListElement":[{"@type":"ListItem","position":1,"name":"Strona g\u0142\u00f3wna","item":"https:\/\/www.lichen.pl\/"},{"@type":"ListItem","position":2,"name":"Braterstwo drog\u0105 pokoju. Mi\u0119dzynarodowy Dzie\u0144 Braterstwa Mi\u0119dzyludzkiego"}]},{"@type":"WebSite","@id":"https:\/\/www.lichen.pl\/fr\/#website","url":"https:\/\/www.lichen.pl\/fr\/","name":"SANCTUARY IN LICHENIA","description":"OUR LICHEN&#039;S SORROWFUL QUEEN OF POLAND","potentialAction":[{"@type":"SearchAction","target":{"@type":"EntryPoint","urlTemplate":"https:\/\/www.lichen.pl\/fr\/?s={search_term_string}"},"query-input":{"@type":"PropertyValueSpecification","valueRequired":true,"valueName":"search_term_string"}}],"inLanguage":"en-GB"},{"@type":"Person","@id":"https:\/\/www.lichen.pl\/fr\/#\/schema\/person\/9f57a1408d363022abd305da0323b703","name":"Justyna Zacharek","image":{"@type":"ImageObject","inLanguage":"en-GB","@id":"https:\/\/secure.gravatar.com\/avatar\/7be193626a4fb4d6a7d53a7686c3bbf938efff653c427e0182457b838e9d2c3b?s=96&d=retro&r=g","url":"https:\/\/secure.gravatar.com\/avatar\/7be193626a4fb4d6a7d53a7686c3bbf938efff653c427e0182457b838e9d2c3b?s=96&d=retro&r=g","contentUrl":"https:\/\/secure.gravatar.com\/avatar\/7be193626a4fb4d6a7d53a7686c3bbf938efff653c427e0182457b838e9d2c3b?s=96&d=retro&r=g","caption":"Justyna Zacharek"},"url":"https:\/\/www.lichen.pl\/en\/author\/justyna\/"}]}},"_links":{"self":[{"href":"https:\/\/www.lichen.pl\/en\/wp-json\/wp\/v2\/posts\/49709","targetHints":{"allow":["GET"]}}],"collection":[{"href":"https:\/\/www.lichen.pl\/en\/wp-json\/wp\/v2\/posts"}],"about":[{"href":"https:\/\/www.lichen.pl\/en\/wp-json\/wp\/v2\/types\/post"}],"author":[{"embeddable":true,"href":"https:\/\/www.lichen.pl\/en\/wp-json\/wp\/v2\/users\/5"}],"replies":[{"embeddable":true,"href":"https:\/\/www.lichen.pl\/en\/wp-json\/wp\/v2\/comments?post=49709"}],"version-history":[{"count":5,"href":"https:\/\/www.lichen.pl\/en\/wp-json\/wp\/v2\/posts\/49709\/revisions"}],"predecessor-version":[{"id":49716,"href":"https:\/\/www.lichen.pl\/en\/wp-json\/wp\/v2\/posts\/49709\/revisions\/49716"}],"wp:featuredmedia":[{"embeddable":true,"href":"https:\/\/www.lichen.pl\/en\/wp-json\/wp\/v2\/media\/49710"}],"wp:attachment":[{"href":"https:\/\/www.lichen.pl\/en\/wp-json\/wp\/v2\/media?parent=49709"}],"wp:term":[{"taxonomy":"category","embeddable":true,"href":"https:\/\/www.lichen.pl\/en\/wp-json\/wp\/v2\/categories?post=49709"},{"taxonomy":"post_tag","embeddable":true,"href":"https:\/\/www.lichen.pl\/en\/wp-json\/wp\/v2\/tags?post=49709"}],"curies":[{"name":"wp","href":"https:\/\/api.w.org\/{rel}","templated":true}]}}