{"id":51656,"date":"2023-04-02T17:52:05","date_gmt":"2023-04-02T15:52:05","guid":{"rendered":"https:\/\/www.lichen.pl\/warsztaty-wielkanoc-23-copy\/"},"modified":"2023-04-03T00:10:52","modified_gmt":"2023-04-02T22:10:52","slug":"niedziela-palmowa-2023","status":"publish","type":"post","link":"https:\/\/www.lichen.pl\/en\/niedziela-palmowa-2023\/","title":{"rendered":"Otw\u00f3rzcie drzwi Chrystusowi. Niedziela M\u0119ki Pa\u0144skiej"},"content":{"rendered":"<div data-elementor-type=\"wp-post\" data-elementor-id=\"51656\" class=\"elementor elementor-51656\" data-elementor-post-type=\"post\">\n\t\t\t\t\t\t<section class=\"elementor-section elementor-top-section elementor-element elementor-element-a482be5 elementor-section-boxed elementor-section-height-default elementor-section-height-default\" data-id=\"a482be5\" data-element_type=\"section\" data-e-type=\"section\">\n\t\t\t\t\t\t<div class=\"elementor-container elementor-column-gap-default\">\n\t\t\t\t\t<div class=\"elementor-column elementor-col-100 elementor-top-column elementor-element elementor-element-d07a658\" data-id=\"d07a658\" data-element_type=\"column\" data-e-type=\"column\">\n\t\t\t<div class=\"elementor-widget-wrap elementor-element-populated\">\n\t\t\t\t\t\t<div class=\"elementor-element elementor-element-560b426 elementor-widget elementor-widget-text-editor\" data-id=\"560b426\" data-element_type=\"widget\" data-e-type=\"widget\" data-widget_type=\"text-editor.default\">\n\t\t\t\t<div class=\"elementor-widget-container\">\n\t\t\t\t\t\t\t\t\t<p><strong>Na\u015bladuj\u0105c rzesze, kt\u00f3re uroczy\u015bcie wita\u0142y Pana Jezusa, w Niedziel\u0119 M\u0119ki Pa\u0144skiej, wierni z palmami w r\u0119kach, czcz\u0105 zwyci\u0119stwo Chrystusa. Niedziela Palmowa otwiera Wielki Tydzie\u0144 czyli czas bezpo\u015brednio poprzedzaj\u0105cy wielkanocne uroczysto\u015bci paschalne. Dzie\u0144 ten w szczeg\u00f3lny spos\u00f3b przeznaczony jest na uczczenie M\u0119ki Chrystusa.<\/strong><\/p>\t\t\t\t\t\t\t\t<\/div>\n\t\t\t\t<\/div>\n\t\t\t\t<section class=\"elementor-section elementor-inner-section elementor-element elementor-element-af56cd9 elementor-section-boxed elementor-section-height-default elementor-section-height-default\" data-id=\"af56cd9\" data-element_type=\"section\" data-e-type=\"section\">\n\t\t\t\t\t\t<div class=\"elementor-container elementor-column-gap-default\">\n\t\t\t\t\t<div class=\"elementor-column elementor-col-50 elementor-inner-column elementor-element elementor-element-6b30530\" data-id=\"6b30530\" data-element_type=\"column\" data-e-type=\"column\">\n\t\t\t<div class=\"elementor-widget-wrap elementor-element-populated\">\n\t\t\t\t\t\t<div class=\"elementor-element elementor-element-4d86618 elementor-widget elementor-widget-image\" data-id=\"4d86618\" data-element_type=\"widget\" data-e-type=\"widget\" data-widget_type=\"image.default\">\n\t\t\t\t<div class=\"elementor-widget-container\">\n\t\t\t\t\t\t\t\t\t\t\t\t\t\t\t<img fetchpriority=\"high\" decoding=\"async\" width=\"683\" height=\"1024\" src=\"https:\/\/www.lichen.pl\/wp-content\/uploads\/2023\/04\/IMG_5443-683x1024.jpg\" class=\"attachment-large size-large wp-image-51662\" alt=\"\" srcset=\"https:\/\/www.lichen.pl\/wp-content\/uploads\/2023\/04\/IMG_5443-683x1024.jpg 683w, https:\/\/www.lichen.pl\/wp-content\/uploads\/2023\/04\/IMG_5443-scaled-800x1199.jpg 800w, https:\/\/www.lichen.pl\/wp-content\/uploads\/2023\/04\/IMG_5443-200x300.jpg 200w, https:\/\/www.lichen.pl\/wp-content\/uploads\/2023\/04\/IMG_5443-768x1152.jpg 768w, https:\/\/www.lichen.pl\/wp-content\/uploads\/2023\/04\/IMG_5443-1024x1536.jpg 1024w, https:\/\/www.lichen.pl\/wp-content\/uploads\/2023\/04\/IMG_5443-1365x2048.jpg 1365w, https:\/\/www.lichen.pl\/wp-content\/uploads\/2023\/04\/IMG_5443-8x12.jpg 8w, https:\/\/www.lichen.pl\/wp-content\/uploads\/2023\/04\/IMG_5443-scaled.jpg 854w\" sizes=\"(max-width: 683px) 100vw, 683px\" \/>\t\t\t\t\t\t\t\t\t\t\t\t\t\t\t<\/div>\n\t\t\t\t<\/div>\n\t\t\t\t\t<\/div>\n\t\t<\/div>\n\t\t\t\t<div class=\"elementor-column elementor-col-50 elementor-inner-column elementor-element elementor-element-6729c1a\" data-id=\"6729c1a\" data-element_type=\"column\" data-e-type=\"column\">\n\t\t\t<div class=\"elementor-widget-wrap elementor-element-populated\">\n\t\t\t\t\t\t<div class=\"elementor-element elementor-element-c6ec7fc elementor-widget elementor-widget-text-editor\" data-id=\"c6ec7fc\" data-element_type=\"widget\" data-e-type=\"widget\" data-widget_type=\"text-editor.default\">\n\t\t\t\t<div class=\"elementor-widget-container\">\n\t\t\t\t\t\t\t\t\t<p>G\u0142\u00f3wn\u0105 Msz\u0119 \u015awi\u0119t\u0105 w liche\u0144skiej bazylice poprzedzi\u0142a procesja z palmami, kt\u00f3ra wyruszy\u0142a od pomnika Jana Paw\u0142a II znajduj\u0105cego si\u0119 przed \u015bwi\u0105tyni\u0105. W ten spos\u00f3b upami\u0119tniono wjazd Chrystusa do Jerozolimy, poprzedzaj\u0105cy bezpo\u015brednio Jego \u015bmier\u0107. \u2013 Wszechmog\u0105cy, wieczny Bo\u017ce, u\u015bwi\u0119\u0107 te ga\u0142\u0105zki swoim b\u0142ogos\u0142awie\u0144stwem i spraw, aby\u015bmy id\u0105c z rado\u015bci\u0105 za Chrystusem Kr\u00f3lem, mogli przez Niego doj\u015b\u0107 do wiecznego Jeruzalem \u2013 modlono si\u0119. 2 kwietnia przypada 18. rocznica \u015bmierci \u015bw. Jana Paw\u0142a II. W zwi\u0105zku z tym liturgii towarzyszy\u0142y relikwie krwi Ojca \u015awi\u0119tego, kt\u00f3re na co dzie\u0144 umieszczone s\u0105 dedykowanej mu w kaplicy w bazylice dolnej. \u2013 Chcemy w ten szczeg\u00f3lny dzie\u0144 dzi\u0119kowa\u0107 Bogu za \u017cycie Jana Paw\u0142a II i jego pos\u0142ug\u0119 w Ko\u015bciele \u2013 wyja\u015bni\u0142 przewodnicz\u0105cy po\u0142udniowej Mszy \u015awi\u0119tej ks. Janusz Kumala MIC, kustosz sanktuarium. Po mszy wierni mieli mo\u017cliwo\u015b\u0107 osobistego oddania czci relikwiom poprzez uca\u0142owanie. Jest to wyraz szacunku wobec jego \u015bwi\u0119to\u015bci oraz wobec roli i znaczenia, jakie mia\u0142 dla naszej ojczyzny. Podczas Mszy \u015awi\u0119tej o 12.00 w bazylice modlono si\u0119, by Polska by\u0142a zawsze zjednoczona wok\u00f3\u0142 warto\u015bci, jakie \u015bw. Jan Pawe\u0142 II g\u0142osi\u0142. Ks. Kumala zach\u0119ca\u0142 do ws\u0142uchiwania si\u0119 w nauczanie pochodz\u0105cego z Polski papie\u017ca. Przypomnia\u0142 wypowiedziane przez niego s\u0142owa podczas pielgrzymki do Lichenia w 1999 r.: \u201eDzi\u0119kujemy Ci Maryjo, \u017ce nieustannie prowadzisz nas do Chrystusa\u201d.<\/p>\t\t\t\t\t\t\t\t<\/div>\n\t\t\t\t<\/div>\n\t\t\t\t\t<\/div>\n\t\t<\/div>\n\t\t\t\t\t<\/div>\n\t\t<\/section>\n\t\t\t\t<div class=\"elementor-element elementor-element-e012c85 elementor-widget elementor-widget-text-editor\" data-id=\"e012c85\" data-element_type=\"widget\" data-e-type=\"widget\" data-widget_type=\"text-editor.default\">\n\t\t\t\t<div class=\"elementor-widget-container\">\n\t\t\t\t\t\t\t\t\t<p><strong>\u2013 \u201e<\/strong>Nie l\u0119kajcie si\u0119. Otw\u00f3rzcie drzwi Chrystusowi!\u201d Tymi s\u0142owami rozpocz\u0105\u0142 sw\u00f3j pontyfikat \u015bw. Jan Pawe\u0142 II \u2013 przypomnia\u0142 w homilii ks. Janusz Kumala MIC. \u2013 S\u0105 one kluczem do zrozumienia jego osoby, ale te\u017c do zrozumienia naszej to\u017csamo\u015bci. \u017byjemy w \u015bwiecie pe\u0142nym l\u0119ku i obaw, kt\u00f3re wkradaj\u0105 si\u0119 do naszych serc. Potrzebujemy kogo\u015b, kto b\u0119dzie nas zapewnia\u0142, by\u015bmy si\u0119 nie l\u0119kali, aby patrze\u0107 z nadziej\u0105 w przysz\u0142o\u015b\u0107. W przeciwnym razie \u0142atwo popa\u015b\u0107 w zniech\u0119cenie, zrezygnowa\u0107 z wysi\u0142ku budowania pi\u0119knego \u015bwiata, czyli takiego, gdzie wszyscy s\u0105 dla siebie, a nie przeciw sobie \u2013 zauwa\u017cy\u0142 ksi\u0105dz kustosz, podkre\u015blaj\u0105c, \u017ce tak\u0105 osob\u0105 jest B\u00f3g. \u2013 Otworzy\u0107 serce dla Chrystusa to jedyne, co mamy zrobi\u0107. On dokona reszty, wska\u017ce drog\u0119, umocni, rozwi\u0105\u017ce nasze problemy \u2013 m\u00f3wi\u0142.<\/p>\t\t\t\t\t\t\t\t<\/div>\n\t\t\t\t<\/div>\n\t\t\t\t<section class=\"elementor-section elementor-inner-section elementor-element elementor-element-9fa594b elementor-section-boxed elementor-section-height-default elementor-section-height-default\" data-id=\"9fa594b\" data-element_type=\"section\" data-e-type=\"section\">\n\t\t\t\t\t\t<div class=\"elementor-container elementor-column-gap-default\">\n\t\t\t\t\t<div class=\"elementor-column elementor-col-50 elementor-inner-column elementor-element elementor-element-de4591e\" data-id=\"de4591e\" data-element_type=\"column\" data-e-type=\"column\">\n\t\t\t<div class=\"elementor-widget-wrap elementor-element-populated\">\n\t\t\t\t\t\t<div class=\"elementor-element elementor-element-1b1c06a elementor-widget elementor-widget-text-editor\" data-id=\"1b1c06a\" data-element_type=\"widget\" data-e-type=\"widget\" data-widget_type=\"text-editor.default\">\n\t\t\t\t<div class=\"elementor-widget-container\">\n\t\t\t\t\t\t\t\t\t<p>Odnosz\u0105c si\u0119 do rozpocz\u0119tego w\u0142a\u015bnie Wielkiego Tygodnia, kap\u0142an stwierdzi\u0142 \u2013 To czas zadumy nad najwa\u017cniejszym wydarzeniem w dziejach \u015bwiata. Nasze \u017cycie nie mia\u0142oby sensu, gdyby nie \u015bmier\u0107 i zmartwychwstanie Chrystusa. \u017bycie nie ma sensu, je\u015bli patrzymy na krzy\u017c jako na znak kl\u0119ski a nie zwyci\u0119stwa. Chrystus zwyci\u0119\u017cy\u0142 \u015bmier\u0107 i grzech. Da\u0142 nam nowe \u017cycie. W tym okresie liturgicznym mamy od\u015bwie\u017cy\u0107 to spojrzenie na Chrystusa. Chcemy sobie przypomnie\u0107, \u017ce zwyci\u0119\u017cy\u0142 Szatana. Je\u015bli jestem z Chrystusem, jestem zwyci\u0119zc\u0105 \u2013 podkre\u015bla\u0142 marianin.<\/p><p>\u00a0<\/p><p>W Niedziel\u0119 Palmow\u0105 \u2013 M\u0119ki Pa\u0144skiej w kruchcie bazyliki oraz w ko\u015bciele parafialnym odbywa\u0142 si\u0119 kiermasz wielkanocny zorganizowany przez wolontariuszy Hospicjum im. \u015bw. Stanis\u0142awa Papczy\u0144skiego dzia\u0142aj\u0105cego w liche\u0144skim sanktuarium. Mo\u017cna by\u0142o na nim naby\u0107 palmy i inne ozdoby. Doch\u00f3d zostanie w ca\u0142o\u015bci przeznaczony na potrzeby podopiecznych liche\u0144skiego plac\u00f3wki. Do hospicjum w Licheniu Starym trafiaj\u0105 osoby b\u0119d\u0105ce u schy\u0142ku ziemskiego \u017cycia. W\u015br\u00f3d schorze\u0144 u pacjent\u00f3w najwi\u0119ksz\u0105 liczb\u0119 stanowi\u0105 choroby nowotworowe w nieuleczalnym stadium. Obecnie w hospicjum przebywa 22 pacjent\u00f3w.<\/p>\t\t\t\t\t\t\t\t<\/div>\n\t\t\t\t<\/div>\n\t\t\t\t\t<\/div>\n\t\t<\/div>\n\t\t\t\t<div class=\"elementor-column elementor-col-50 elementor-inner-column elementor-element elementor-element-9d3cf72\" data-id=\"9d3cf72\" data-element_type=\"column\" data-e-type=\"column\">\n\t\t\t<div class=\"elementor-widget-wrap elementor-element-populated\">\n\t\t\t\t\t\t<div class=\"elementor-element elementor-element-d313d18 elementor-widget elementor-widget-image\" data-id=\"d313d18\" data-element_type=\"widget\" data-e-type=\"widget\" data-widget_type=\"image.default\">\n\t\t\t\t<div class=\"elementor-widget-container\">\n\t\t\t\t\t\t\t\t\t\t\t\t\t\t\t<img decoding=\"async\" width=\"1024\" height=\"683\" src=\"https:\/\/www.lichen.pl\/wp-content\/uploads\/2023\/04\/IMG_5410-1024x683.jpg\" class=\"attachment-large size-large wp-image-51673\" alt=\"\" srcset=\"https:\/\/www.lichen.pl\/wp-content\/uploads\/2023\/04\/IMG_5410-1024x683.jpg 1024w, https:\/\/www.lichen.pl\/wp-content\/uploads\/2023\/04\/IMG_5410-800x533.jpg 800w, https:\/\/www.lichen.pl\/wp-content\/uploads\/2023\/04\/IMG_5410-300x200.jpg 300w, https:\/\/www.lichen.pl\/wp-content\/uploads\/2023\/04\/IMG_5410-768x512.jpg 768w, https:\/\/www.lichen.pl\/wp-content\/uploads\/2023\/04\/IMG_5410-1536x1024.jpg 1536w, https:\/\/www.lichen.pl\/wp-content\/uploads\/2023\/04\/IMG_5410-2048x1365.jpg 2048w, https:\/\/www.lichen.pl\/wp-content\/uploads\/2023\/04\/IMG_5410-18x12.jpg 18w, https:\/\/www.lichen.pl\/wp-content\/uploads\/2023\/04\/IMG_5410.jpg 1920w\" sizes=\"(max-width: 1024px) 100vw, 1024px\" \/>\t\t\t\t\t\t\t\t\t\t\t\t\t\t\t<\/div>\n\t\t\t\t<\/div>\n\t\t\t\t<div class=\"elementor-element elementor-element-5130bed elementor-widget elementor-widget-image\" data-id=\"5130bed\" data-element_type=\"widget\" data-e-type=\"widget\" data-widget_type=\"image.default\">\n\t\t\t\t<div class=\"elementor-widget-container\">\n\t\t\t\t\t\t\t\t\t\t\t\t\t\t\t<img decoding=\"async\" width=\"1024\" height=\"683\" src=\"https:\/\/www.lichen.pl\/wp-content\/uploads\/2023\/04\/IMG_5438-1024x683.jpg\" class=\"attachment-large size-large wp-image-51671\" alt=\"\" srcset=\"https:\/\/www.lichen.pl\/wp-content\/uploads\/2023\/04\/IMG_5438-1024x683.jpg 1024w, https:\/\/www.lichen.pl\/wp-content\/uploads\/2023\/04\/IMG_5438-800x533.jpg 800w, https:\/\/www.lichen.pl\/wp-content\/uploads\/2023\/04\/IMG_5438-300x200.jpg 300w, https:\/\/www.lichen.pl\/wp-content\/uploads\/2023\/04\/IMG_5438-768x512.jpg 768w, https:\/\/www.lichen.pl\/wp-content\/uploads\/2023\/04\/IMG_5438-1536x1024.jpg 1536w, https:\/\/www.lichen.pl\/wp-content\/uploads\/2023\/04\/IMG_5438-2048x1365.jpg 2048w, https:\/\/www.lichen.pl\/wp-content\/uploads\/2023\/04\/IMG_5438-18x12.jpg 18w, https:\/\/www.lichen.pl\/wp-content\/uploads\/2023\/04\/IMG_5438.jpg 1920w\" sizes=\"(max-width: 1024px) 100vw, 1024px\" \/>\t\t\t\t\t\t\t\t\t\t\t\t\t\t\t<\/div>\n\t\t\t\t<\/div>\n\t\t\t\t\t<\/div>\n\t\t<\/div>\n\t\t\t\t\t<\/div>\n\t\t<\/section>\n\t\t\t\t<div class=\"elementor-element elementor-element-ff4dda0 elementor-widget-divider--view-line_icon elementor-view-default elementor-widget-divider--element-align-center elementor-widget elementor-widget-divider\" data-id=\"ff4dda0\" data-element_type=\"widget\" data-e-type=\"widget\" data-widget_type=\"divider.default\">\n\t\t\t\t<div class=\"elementor-widget-container\">\n\t\t\t\t\t\t\t<div class=\"elementor-divider\">\n\t\t\t<span class=\"elementor-divider-separator\">\n\t\t\t\t\t\t\t<div class=\"elementor-icon elementor-divider__element\">\n\t\t\t\t\t<i aria-hidden=\"true\" class=\"fas fa-camera\"><\/i><\/div>\n\t\t\t\t\t\t<\/span>\n\t\t<\/div>\n\t\t\t\t\t\t<\/div>\n\t\t\t\t<\/div>\n\t\t\t\t<div class=\"elementor-element elementor-element-7fedd6f elementor-widget elementor-widget-image-gallery\" data-id=\"7fedd6f\" data-element_type=\"widget\" data-e-type=\"widget\" data-widget_type=\"image-gallery.default\">\n\t\t\t\t<div class=\"elementor-widget-container\">\n\t\t\t\t\t\t\t<div class=\"elementor-image-gallery\">\n\t\t\t<div id='gallery-1' class='gallery galleryid-51656 gallery-columns-5 gallery-size-thumbnail'><figure class='gallery-item'>\n\t\t\t<div class='gallery-icon landscape'>\n\t\t\t\t<a data-elementor-open-lightbox=\"yes\" data-elementor-lightbox-slideshow=\"7fedd6f\" data-elementor-lightbox-title=\"kiermasz wielkanocny\" data-e-action-hash=\"#elementor-action%3Aaction%3Dlightbox%26settings%3DeyJpZCI6NTE2NzcsInVybCI6Imh0dHBzOlwvXC93d3cubGljaGVuLnBsXC93cC1jb250ZW50XC91cGxvYWRzXC8yMDIzXC8wNFwvSU1HXzU1NjMuanBnIiwic2xpZGVzaG93IjoiN2ZlZGQ2ZiJ9\" href='https:\/\/www.lichen.pl\/wp-content\/uploads\/2023\/04\/IMG_5563.jpg'><img loading=\"lazy\" width=\"150\" height=\"150\" src=\"https:\/\/www.lichen.pl\/wp-content\/uploads\/2023\/04\/IMG_5563-150x150.jpg\" class=\"attachment-thumbnail size-thumbnail\" alt=\"\" decoding=\"async\" srcset=\"https:\/\/www.lichen.pl\/wp-content\/uploads\/2023\/04\/IMG_5563-150x150.jpg 150w, https:\/\/www.lichen.pl\/wp-content\/uploads\/2023\/04\/IMG_5563-300x300.jpg 300w\" sizes=\"(max-width: 150px) 100vw, 150px\" \/><\/a>\n\t\t\t<\/div><\/figure><figure class='gallery-item'>\n\t\t\t<div class='gallery-icon landscape'>\n\t\t\t\t<a data-elementor-open-lightbox=\"yes\" data-elementor-lightbox-slideshow=\"7fedd6f\" data-elementor-lightbox-title=\"kiermasz wielkanocny\" data-e-action-hash=\"#elementor-action%3Aaction%3Dlightbox%26settings%3DeyJpZCI6NTE2NzYsInVybCI6Imh0dHBzOlwvXC93d3cubGljaGVuLnBsXC93cC1jb250ZW50XC91cGxvYWRzXC8yMDIzXC8wNFwvSU1HXzU1MTAuanBnIiwic2xpZGVzaG93IjoiN2ZlZGQ2ZiJ9\" href='https:\/\/www.lichen.pl\/wp-content\/uploads\/2023\/04\/IMG_5510.jpg'><img loading=\"lazy\" width=\"150\" height=\"150\" src=\"https:\/\/www.lichen.pl\/wp-content\/uploads\/2023\/04\/IMG_5510-150x150.jpg\" class=\"attachment-thumbnail size-thumbnail\" alt=\"\" decoding=\"async\" srcset=\"https:\/\/www.lichen.pl\/wp-content\/uploads\/2023\/04\/IMG_5510-150x150.jpg 150w, https:\/\/www.lichen.pl\/wp-content\/uploads\/2023\/04\/IMG_5510-300x300.jpg 300w\" sizes=\"(max-width: 150px) 100vw, 150px\" \/><\/a>\n\t\t\t<\/div><\/figure><figure class='gallery-item'>\n\t\t\t<div class='gallery-icon landscape'>\n\t\t\t\t<a data-elementor-open-lightbox=\"yes\" data-elementor-lightbox-slideshow=\"7fedd6f\" data-elementor-lightbox-title=\"kiermasz wielkanocny\" data-e-action-hash=\"#elementor-action%3Aaction%3Dlightbox%26settings%3DeyJpZCI6NTE2NzUsInVybCI6Imh0dHBzOlwvXC93d3cubGljaGVuLnBsXC93cC1jb250ZW50XC91cGxvYWRzXC8yMDIzXC8wNFwvSU1HXzU0NTEuanBnIiwic2xpZGVzaG93IjoiN2ZlZGQ2ZiJ9\" href='https:\/\/www.lichen.pl\/wp-content\/uploads\/2023\/04\/IMG_5451.jpg'><img loading=\"lazy\" width=\"150\" height=\"150\" src=\"https:\/\/www.lichen.pl\/wp-content\/uploads\/2023\/04\/IMG_5451-150x150.jpg\" class=\"attachment-thumbnail size-thumbnail\" alt=\"\" decoding=\"async\" srcset=\"https:\/\/www.lichen.pl\/wp-content\/uploads\/2023\/04\/IMG_5451-150x150.jpg 150w, https:\/\/www.lichen.pl\/wp-content\/uploads\/2023\/04\/IMG_5451-300x300.jpg 300w\" sizes=\"(max-width: 150px) 100vw, 150px\" \/><\/a>\n\t\t\t<\/div><\/figure><figure class='gallery-item'>\n\t\t\t<div class='gallery-icon landscape'>\n\t\t\t\t<a data-elementor-open-lightbox=\"yes\" data-elementor-lightbox-slideshow=\"7fedd6f\" data-elementor-lightbox-title=\"kiermasz wielkanocny\" data-e-action-hash=\"#elementor-action%3Aaction%3Dlightbox%26settings%3DeyJpZCI6NTE2NzQsInVybCI6Imh0dHBzOlwvXC93d3cubGljaGVuLnBsXC93cC1jb250ZW50XC91cGxvYWRzXC8yMDIzXC8wNFwvSU1HXzU0NDkuanBnIiwic2xpZGVzaG93IjoiN2ZlZGQ2ZiJ9\" href='https:\/\/www.lichen.pl\/wp-content\/uploads\/2023\/04\/IMG_5449.jpg'><img loading=\"lazy\" width=\"150\" height=\"150\" src=\"https:\/\/www.lichen.pl\/wp-content\/uploads\/2023\/04\/IMG_5449-150x150.jpg\" class=\"attachment-thumbnail size-thumbnail\" alt=\"\" decoding=\"async\" srcset=\"https:\/\/www.lichen.pl\/wp-content\/uploads\/2023\/04\/IMG_5449-150x150.jpg 150w, https:\/\/www.lichen.pl\/wp-content\/uploads\/2023\/04\/IMG_5449-300x300.jpg 300w\" sizes=\"(max-width: 150px) 100vw, 150px\" \/><\/a>\n\t\t\t<\/div><\/figure><figure class='gallery-item'>\n\t\t\t<div class='gallery-icon landscape'>\n\t\t\t\t<a data-elementor-open-lightbox=\"yes\" data-elementor-lightbox-slideshow=\"7fedd6f\" data-elementor-lightbox-title=\"Niedziela Palmowa\" data-e-action-hash=\"#elementor-action%3Aaction%3Dlightbox%26settings%3DeyJpZCI6NTE2NzIsInVybCI6Imh0dHBzOlwvXC93d3cubGljaGVuLnBsXC93cC1jb250ZW50XC91cGxvYWRzXC8yMDIzXC8wNFwvSU1HXzU0MjUuanBnIiwic2xpZGVzaG93IjoiN2ZlZGQ2ZiJ9\" href='https:\/\/www.lichen.pl\/wp-content\/uploads\/2023\/04\/IMG_5425.jpg'><img loading=\"lazy\" width=\"150\" height=\"150\" src=\"https:\/\/www.lichen.pl\/wp-content\/uploads\/2023\/04\/IMG_5425-150x150.jpg\" class=\"attachment-thumbnail size-thumbnail\" alt=\"\" decoding=\"async\" srcset=\"https:\/\/www.lichen.pl\/wp-content\/uploads\/2023\/04\/IMG_5425-150x150.jpg 150w, https:\/\/www.lichen.pl\/wp-content\/uploads\/2023\/04\/IMG_5425-300x300.jpg 300w\" sizes=\"(max-width: 150px) 100vw, 150px\" \/><\/a>\n\t\t\t<\/div><\/figure><figure class='gallery-item'>\n\t\t\t<div class='gallery-icon landscape'>\n\t\t\t\t<a data-elementor-open-lightbox=\"yes\" data-elementor-lightbox-slideshow=\"7fedd6f\" data-elementor-lightbox-title=\"Niedziela Palmowa\" data-e-action-hash=\"#elementor-action%3Aaction%3Dlightbox%26settings%3DeyJpZCI6NTE2NzAsInVybCI6Imh0dHBzOlwvXC93d3cubGljaGVuLnBsXC93cC1jb250ZW50XC91cGxvYWRzXC8yMDIzXC8wNFwvSU1HXzU0NjAuanBnIiwic2xpZGVzaG93IjoiN2ZlZGQ2ZiJ9\" href='https:\/\/www.lichen.pl\/wp-content\/uploads\/2023\/04\/IMG_5460.jpg'><img loading=\"lazy\" width=\"150\" height=\"150\" src=\"https:\/\/www.lichen.pl\/wp-content\/uploads\/2023\/04\/IMG_5460-150x150.jpg\" class=\"attachment-thumbnail size-thumbnail\" alt=\"\" decoding=\"async\" srcset=\"https:\/\/www.lichen.pl\/wp-content\/uploads\/2023\/04\/IMG_5460-150x150.jpg 150w, https:\/\/www.lichen.pl\/wp-content\/uploads\/2023\/04\/IMG_5460-300x300.jpg 300w\" sizes=\"(max-width: 150px) 100vw, 150px\" \/><\/a>\n\t\t\t<\/div><\/figure><figure class='gallery-item'>\n\t\t\t<div class='gallery-icon landscape'>\n\t\t\t\t<a data-elementor-open-lightbox=\"yes\" data-elementor-lightbox-slideshow=\"7fedd6f\" data-elementor-lightbox-title=\"Niedziela Palmowa\" data-e-action-hash=\"#elementor-action%3Aaction%3Dlightbox%26settings%3DeyJpZCI6NTE2NjksInVybCI6Imh0dHBzOlwvXC93d3cubGljaGVuLnBsXC93cC1jb250ZW50XC91cGxvYWRzXC8yMDIzXC8wNFwvSU1HXzU0NjEuanBnIiwic2xpZGVzaG93IjoiN2ZlZGQ2ZiJ9\" href='https:\/\/www.lichen.pl\/wp-content\/uploads\/2023\/04\/IMG_5461.jpg'><img loading=\"lazy\" width=\"150\" height=\"150\" src=\"https:\/\/www.lichen.pl\/wp-content\/uploads\/2023\/04\/IMG_5461-150x150.jpg\" class=\"attachment-thumbnail size-thumbnail\" alt=\"\" decoding=\"async\" srcset=\"https:\/\/www.lichen.pl\/wp-content\/uploads\/2023\/04\/IMG_5461-150x150.jpg 150w, https:\/\/www.lichen.pl\/wp-content\/uploads\/2023\/04\/IMG_5461-300x300.jpg 300w\" sizes=\"(max-width: 150px) 100vw, 150px\" \/><\/a>\n\t\t\t<\/div><\/figure><figure class='gallery-item'>\n\t\t\t<div class='gallery-icon landscape'>\n\t\t\t\t<a data-elementor-open-lightbox=\"yes\" data-elementor-lightbox-slideshow=\"7fedd6f\" data-elementor-lightbox-title=\"Niedziela Palmowa\" data-e-action-hash=\"#elementor-action%3Aaction%3Dlightbox%26settings%3DeyJpZCI6NTE2NjgsInVybCI6Imh0dHBzOlwvXC93d3cubGljaGVuLnBsXC93cC1jb250ZW50XC91cGxvYWRzXC8yMDIzXC8wNFwvSU1HXzU0NzMuanBnIiwic2xpZGVzaG93IjoiN2ZlZGQ2ZiJ9\" href='https:\/\/www.lichen.pl\/wp-content\/uploads\/2023\/04\/IMG_5473.jpg'><img loading=\"lazy\" width=\"150\" height=\"150\" src=\"https:\/\/www.lichen.pl\/wp-content\/uploads\/2023\/04\/IMG_5473-150x150.jpg\" class=\"attachment-thumbnail size-thumbnail\" alt=\"\" decoding=\"async\" srcset=\"https:\/\/www.lichen.pl\/wp-content\/uploads\/2023\/04\/IMG_5473-150x150.jpg 150w, https:\/\/www.lichen.pl\/wp-content\/uploads\/2023\/04\/IMG_5473-300x300.jpg 300w\" sizes=\"(max-width: 150px) 100vw, 150px\" \/><\/a>\n\t\t\t<\/div><\/figure><figure class='gallery-item'>\n\t\t\t<div class='gallery-icon landscape'>\n\t\t\t\t<a data-elementor-open-lightbox=\"yes\" data-elementor-lightbox-slideshow=\"7fedd6f\" data-elementor-lightbox-title=\"Niedziela Palmowa\" data-e-action-hash=\"#elementor-action%3Aaction%3Dlightbox%26settings%3DeyJpZCI6NTE2NjcsInVybCI6Imh0dHBzOlwvXC93d3cubGljaGVuLnBsXC93cC1jb250ZW50XC91cGxvYWRzXC8yMDIzXC8wNFwvSU1HXzU0NzkuanBnIiwic2xpZGVzaG93IjoiN2ZlZGQ2ZiJ9\" href='https:\/\/www.lichen.pl\/wp-content\/uploads\/2023\/04\/IMG_5479.jpg'><img loading=\"lazy\" width=\"150\" height=\"150\" src=\"https:\/\/www.lichen.pl\/wp-content\/uploads\/2023\/04\/IMG_5479-150x150.jpg\" class=\"attachment-thumbnail size-thumbnail\" alt=\"\" decoding=\"async\" srcset=\"https:\/\/www.lichen.pl\/wp-content\/uploads\/2023\/04\/IMG_5479-150x150.jpg 150w, https:\/\/www.lichen.pl\/wp-content\/uploads\/2023\/04\/IMG_5479-300x300.jpg 300w\" sizes=\"(max-width: 150px) 100vw, 150px\" \/><\/a>\n\t\t\t<\/div><\/figure><figure class='gallery-item'>\n\t\t\t<div class='gallery-icon landscape'>\n\t\t\t\t<a data-elementor-open-lightbox=\"yes\" data-elementor-lightbox-slideshow=\"7fedd6f\" data-elementor-lightbox-title=\"Niedziela Palmowa\" data-e-action-hash=\"#elementor-action%3Aaction%3Dlightbox%26settings%3DeyJpZCI6NTE2NjYsInVybCI6Imh0dHBzOlwvXC93d3cubGljaGVuLnBsXC93cC1jb250ZW50XC91cGxvYWRzXC8yMDIzXC8wNFwvSU1HXzU0ODEuanBnIiwic2xpZGVzaG93IjoiN2ZlZGQ2ZiJ9\" href='https:\/\/www.lichen.pl\/wp-content\/uploads\/2023\/04\/IMG_5481.jpg'><img loading=\"lazy\" width=\"150\" height=\"150\" src=\"https:\/\/www.lichen.pl\/wp-content\/uploads\/2023\/04\/IMG_5481-150x150.jpg\" class=\"attachment-thumbnail size-thumbnail\" alt=\"\" decoding=\"async\" srcset=\"https:\/\/www.lichen.pl\/wp-content\/uploads\/2023\/04\/IMG_5481-150x150.jpg 150w, https:\/\/www.lichen.pl\/wp-content\/uploads\/2023\/04\/IMG_5481-300x300.jpg 300w\" sizes=\"(max-width: 150px) 100vw, 150px\" \/><\/a>\n\t\t\t<\/div><\/figure><figure class='gallery-item'>\n\t\t\t<div class='gallery-icon landscape'>\n\t\t\t\t<a data-elementor-open-lightbox=\"yes\" data-elementor-lightbox-slideshow=\"7fedd6f\" data-elementor-lightbox-title=\"Niedziela Palmowa\" data-e-action-hash=\"#elementor-action%3Aaction%3Dlightbox%26settings%3DeyJpZCI6NTE2NjUsInVybCI6Imh0dHBzOlwvXC93d3cubGljaGVuLnBsXC93cC1jb250ZW50XC91cGxvYWRzXC8yMDIzXC8wNFwvSU1HXzU1MzAuanBnIiwic2xpZGVzaG93IjoiN2ZlZGQ2ZiJ9\" href='https:\/\/www.lichen.pl\/wp-content\/uploads\/2023\/04\/IMG_5530.jpg'><img loading=\"lazy\" width=\"150\" height=\"150\" src=\"https:\/\/www.lichen.pl\/wp-content\/uploads\/2023\/04\/IMG_5530-150x150.jpg\" class=\"attachment-thumbnail size-thumbnail\" alt=\"\" decoding=\"async\" srcset=\"https:\/\/www.lichen.pl\/wp-content\/uploads\/2023\/04\/IMG_5530-150x150.jpg 150w, https:\/\/www.lichen.pl\/wp-content\/uploads\/2023\/04\/IMG_5530-300x300.jpg 300w\" sizes=\"(max-width: 150px) 100vw, 150px\" \/><\/a>\n\t\t\t<\/div><\/figure><figure class='gallery-item'>\n\t\t\t<div class='gallery-icon portrait'>\n\t\t\t\t<a data-elementor-open-lightbox=\"yes\" data-elementor-lightbox-slideshow=\"7fedd6f\" data-elementor-lightbox-title=\"Relikwie Jana Paw\u0142a II\" data-e-action-hash=\"#elementor-action%3Aaction%3Dlightbox%26settings%3DeyJpZCI6NTE2NjQsInVybCI6Imh0dHBzOlwvXC93d3cubGljaGVuLnBsXC93cC1jb250ZW50XC91cGxvYWRzXC8yMDIzXC8wNFwvSU1HXzU1MzEuanBnIiwic2xpZGVzaG93IjoiN2ZlZGQ2ZiJ9\" href='https:\/\/www.lichen.pl\/wp-content\/uploads\/2023\/04\/IMG_5531.jpg'><img loading=\"lazy\" width=\"150\" height=\"150\" src=\"https:\/\/www.lichen.pl\/wp-content\/uploads\/2023\/04\/IMG_5531-150x150.jpg\" class=\"attachment-thumbnail size-thumbnail\" alt=\"\" decoding=\"async\" srcset=\"https:\/\/www.lichen.pl\/wp-content\/uploads\/2023\/04\/IMG_5531-150x150.jpg 150w, https:\/\/www.lichen.pl\/wp-content\/uploads\/2023\/04\/IMG_5531-300x300.jpg 300w\" sizes=\"(max-width: 150px) 100vw, 150px\" \/><\/a>\n\t\t\t<\/div><\/figure><figure class='gallery-item'>\n\t\t\t<div class='gallery-icon landscape'>\n\t\t\t\t<a data-elementor-open-lightbox=\"yes\" data-elementor-lightbox-slideshow=\"7fedd6f\" data-elementor-lightbox-title=\"Niedziela Palmowa\" data-e-action-hash=\"#elementor-action%3Aaction%3Dlightbox%26settings%3DeyJpZCI6NTE2NjMsInVybCI6Imh0dHBzOlwvXC93d3cubGljaGVuLnBsXC93cC1jb250ZW50XC91cGxvYWRzXC8yMDIzXC8wNFwvSU1HXzU1MzYuanBnIiwic2xpZGVzaG93IjoiN2ZlZGQ2ZiJ9\" href='https:\/\/www.lichen.pl\/wp-content\/uploads\/2023\/04\/IMG_5536.jpg'><img loading=\"lazy\" width=\"150\" height=\"150\" src=\"https:\/\/www.lichen.pl\/wp-content\/uploads\/2023\/04\/IMG_5536-150x150.jpg\" class=\"attachment-thumbnail size-thumbnail\" alt=\"\" decoding=\"async\" srcset=\"https:\/\/www.lichen.pl\/wp-content\/uploads\/2023\/04\/IMG_5536-150x150.jpg 150w, https:\/\/www.lichen.pl\/wp-content\/uploads\/2023\/04\/IMG_5536-300x300.jpg 300w\" sizes=\"(max-width: 150px) 100vw, 150px\" \/><\/a>\n\t\t\t<\/div><\/figure><figure class='gallery-item'>\n\t\t\t<div class='gallery-icon landscape'>\n\t\t\t\t<a data-elementor-open-lightbox=\"yes\" data-elementor-lightbox-slideshow=\"7fedd6f\" data-elementor-lightbox-title=\"niedziela palmowa\" data-e-action-hash=\"#elementor-action%3Aaction%3Dlightbox%26settings%3DeyJpZCI6NTE2NTgsInVybCI6Imh0dHBzOlwvXC93d3cubGljaGVuLnBsXC93cC1jb250ZW50XC91cGxvYWRzXC8yMDIzXC8wNFwvSU1HXzU0NDQuanBnIiwic2xpZGVzaG93IjoiN2ZlZGQ2ZiJ9\" href='https:\/\/www.lichen.pl\/wp-content\/uploads\/2023\/04\/IMG_5444.jpg'><img loading=\"lazy\" width=\"150\" height=\"150\" src=\"https:\/\/www.lichen.pl\/wp-content\/uploads\/2023\/04\/IMG_5444-150x150.jpg\" class=\"attachment-thumbnail size-thumbnail\" alt=\"\" decoding=\"async\" srcset=\"https:\/\/www.lichen.pl\/wp-content\/uploads\/2023\/04\/IMG_5444-150x150.jpg 150w, https:\/\/www.lichen.pl\/wp-content\/uploads\/2023\/04\/IMG_5444-300x300.jpg 300w\" sizes=\"(max-width: 150px) 100vw, 150px\" \/><\/a>\n\t\t\t<\/div><\/figure><figure class='gallery-item'>\n\t\t\t<div class='gallery-icon landscape'>\n\t\t\t\t<a data-elementor-open-lightbox=\"yes\" data-elementor-lightbox-slideshow=\"7fedd6f\" data-elementor-lightbox-title=\"Niedziela Palmowa\" data-e-action-hash=\"#elementor-action%3Aaction%3Dlightbox%26settings%3DeyJpZCI6NTE2NzgsInVybCI6Imh0dHBzOlwvXC93d3cubGljaGVuLnBsXC93cC1jb250ZW50XC91cGxvYWRzXC8yMDIzXC8wNFwvSU1HXzU1NDIuanBnIiwic2xpZGVzaG93IjoiN2ZlZGQ2ZiJ9\" href='https:\/\/www.lichen.pl\/wp-content\/uploads\/2023\/04\/IMG_5542.jpg'><img loading=\"lazy\" width=\"150\" height=\"150\" src=\"https:\/\/www.lichen.pl\/wp-content\/uploads\/2023\/04\/IMG_5542-150x150.jpg\" class=\"attachment-thumbnail size-thumbnail\" alt=\"\" decoding=\"async\" srcset=\"https:\/\/www.lichen.pl\/wp-content\/uploads\/2023\/04\/IMG_5542-150x150.jpg 150w, https:\/\/www.lichen.pl\/wp-content\/uploads\/2023\/04\/IMG_5542-300x300.jpg 300w\" sizes=\"(max-width: 150px) 100vw, 150px\" \/><\/a>\n\t\t\t<\/div><\/figure>\n\t\t<\/div>\n\t\t<\/div>\n\t\t\t\t\t\t<\/div>\n\t\t\t\t<\/div>\n\t\t\t\t\t<\/div>\n\t\t<\/div>\n\t\t\t\t\t<\/div>\n\t\t<\/section>\n\t\t\t\t<\/div>","protected":false},"excerpt":{"rendered":"<p>Na\u015bladuj\u0105c rzesze, kt\u00f3re uroczy\u015bcie wita\u0142y Pana Jezusa, w Niedziel\u0119 M\u0119ki Pa\u0144skiej, wierni z palmami w r\u0119kach, czcz\u0105 zwyci\u0119stwo Chrystusa. Niedziela Palmowa otwiera Wielki Tydzie\u0144 czyli czas bezpo\u015brednio poprzedzaj\u0105cy wielkanocne uroczysto\u015bci paschalne. Dzie\u0144 ten w szczeg\u00f3lny spos\u00f3b przeznaczony jest na uczczenie M\u0119ki Chrystusa. G\u0142\u00f3wn\u0105 Msz\u0119 \u015awi\u0119t\u0105 w liche\u0144skiej bazylice poprzedzi\u0142a procesja z palmami, kt\u00f3ra wyruszy\u0142a od [&hellip;]<\/p>\n","protected":false},"author":5,"featured_media":51660,"comment_status":"open","ping_status":"open","sticky":false,"template":"","format":"standard","meta":{"footnotes":""},"categories":[1],"tags":[],"class_list":["post-51656","post","type-post","status-publish","format-standard","has-post-thumbnail","hentry","category-aktualnosci","wpbf-post"],"yoast_head":"<!-- This site is optimized with the Yoast SEO plugin v27.4 - https:\/\/yoast.com\/product\/yoast-seo-wordpress\/ -->\n<title>Otw\u00f3rzcie drzwi Chrystusowi. Niedziela M\u0119ki Pa\u0144skiej - SANKTUARIUM W LICHENIU<\/title>\n<meta name=\"robots\" content=\"index, follow, max-snippet:-1, max-image-preview:large, max-video-preview:-1\" \/>\n<link rel=\"canonical\" href=\"https:\/\/www.lichen.pl\/en\/niedziela-palmowa-2023\/\" \/>\n<meta property=\"og:locale\" content=\"en_GB\" \/>\n<meta property=\"og:type\" content=\"article\" \/>\n<meta property=\"og:title\" content=\"Otw\u00f3rzcie drzwi Chrystusowi. Niedziela M\u0119ki Pa\u0144skiej - SANKTUARIUM W LICHENIU\" \/>\n<meta property=\"og:description\" content=\"Na\u015bladuj\u0105c rzesze, kt\u00f3re uroczy\u015bcie wita\u0142y Pana Jezusa, w Niedziel\u0119 M\u0119ki Pa\u0144skiej, wierni z palmami w r\u0119kach, czcz\u0105 zwyci\u0119stwo Chrystusa. Niedziela Palmowa otwiera Wielki Tydzie\u0144 czyli czas bezpo\u015brednio poprzedzaj\u0105cy wielkanocne uroczysto\u015bci paschalne. Dzie\u0144 ten w szczeg\u00f3lny spos\u00f3b przeznaczony jest na uczczenie M\u0119ki Chrystusa. G\u0142\u00f3wn\u0105 Msz\u0119 \u015awi\u0119t\u0105 w liche\u0144skiej bazylice poprzedzi\u0142a procesja z palmami, kt\u00f3ra wyruszy\u0142a od [&hellip;]\" \/>\n<meta property=\"og:url\" content=\"https:\/\/www.lichen.pl\/en\/niedziela-palmowa-2023\/\" \/>\n<meta property=\"og:site_name\" content=\"SANKTUARIUM W LICHENIU\" \/>\n<meta property=\"article:published_time\" content=\"2023-04-02T15:52:05+00:00\" \/>\n<meta property=\"article:modified_time\" content=\"2023-04-02T22:10:52+00:00\" \/>\n<meta property=\"og:image\" content=\"https:\/\/www.lichen.pl\/wp-content\/uploads\/2023\/04\/IMG_5443-\u2014-kopia-683x1024.jpg\" \/>\n\t<meta property=\"og:image:width\" content=\"683\" \/>\n\t<meta property=\"og:image:height\" content=\"1024\" \/>\n\t<meta property=\"og:image:type\" content=\"image\/jpeg\" \/>\n<meta name=\"author\" content=\"Justyna Zacharek\" \/>\n<meta name=\"twitter:card\" content=\"summary_large_image\" \/>\n<meta name=\"twitter:label1\" content=\"Written by\" \/>\n\t<meta name=\"twitter:data1\" content=\"Justyna Zacharek\" \/>\n\t<meta name=\"twitter:label2\" content=\"Estimated reading time\" \/>\n\t<meta name=\"twitter:data2\" content=\"10 minutes\" \/>\n<script type=\"application\/ld+json\" class=\"yoast-schema-graph\">{\"@context\":\"https:\\\/\\\/schema.org\",\"@graph\":[{\"@type\":\"Article\",\"@id\":\"https:\\\/\\\/www.lichen.pl\\\/niedziela-palmowa-2023\\\/#article\",\"isPartOf\":{\"@id\":\"https:\\\/\\\/www.lichen.pl\\\/niedziela-palmowa-2023\\\/\"},\"author\":{\"name\":\"Justyna Zacharek\",\"@id\":\"https:\\\/\\\/www.lichen.pl\\\/fr\\\/#\\\/schema\\\/person\\\/9f57a1408d363022abd305da0323b703\"},\"headline\":\"Otw\u00f3rzcie drzwi Chrystusowi. Niedziela M\u0119ki Pa\u0144skiej\",\"datePublished\":\"2023-04-02T15:52:05+00:00\",\"dateModified\":\"2023-04-02T22:10:52+00:00\",\"mainEntityOfPage\":{\"@id\":\"https:\\\/\\\/www.lichen.pl\\\/niedziela-palmowa-2023\\\/\"},\"wordCount\":650,\"commentCount\":0,\"image\":{\"@id\":\"https:\\\/\\\/www.lichen.pl\\\/niedziela-palmowa-2023\\\/#primaryimage\"},\"thumbnailUrl\":\"https:\\\/\\\/www.lichen.pl\\\/wp-content\\\/uploads\\\/2023\\\/04\\\/IMG_5443-\u2014-kopia-e1680472680882.jpg\",\"articleSection\":[\"Aktualno\u015bci\"],\"inLanguage\":\"en-GB\",\"potentialAction\":[{\"@type\":\"CommentAction\",\"name\":\"Comment\",\"target\":[\"https:\\\/\\\/www.lichen.pl\\\/niedziela-palmowa-2023\\\/#respond\"]}]},{\"@type\":\"WebPage\",\"@id\":\"https:\\\/\\\/www.lichen.pl\\\/niedziela-palmowa-2023\\\/\",\"url\":\"https:\\\/\\\/www.lichen.pl\\\/niedziela-palmowa-2023\\\/\",\"name\":\"Otw\u00f3rzcie drzwi Chrystusowi. Niedziela M\u0119ki Pa\u0144skiej - SANKTUARIUM W LICHENIU\",\"isPartOf\":{\"@id\":\"https:\\\/\\\/www.lichen.pl\\\/fr\\\/#website\"},\"primaryImageOfPage\":{\"@id\":\"https:\\\/\\\/www.lichen.pl\\\/niedziela-palmowa-2023\\\/#primaryimage\"},\"image\":{\"@id\":\"https:\\\/\\\/www.lichen.pl\\\/niedziela-palmowa-2023\\\/#primaryimage\"},\"thumbnailUrl\":\"https:\\\/\\\/www.lichen.pl\\\/wp-content\\\/uploads\\\/2023\\\/04\\\/IMG_5443-\u2014-kopia-e1680472680882.jpg\",\"datePublished\":\"2023-04-02T15:52:05+00:00\",\"dateModified\":\"2023-04-02T22:10:52+00:00\",\"author\":{\"@id\":\"https:\\\/\\\/www.lichen.pl\\\/fr\\\/#\\\/schema\\\/person\\\/9f57a1408d363022abd305da0323b703\"},\"breadcrumb\":{\"@id\":\"https:\\\/\\\/www.lichen.pl\\\/niedziela-palmowa-2023\\\/#breadcrumb\"},\"inLanguage\":\"en-GB\",\"potentialAction\":[{\"@type\":\"ReadAction\",\"target\":[\"https:\\\/\\\/www.lichen.pl\\\/niedziela-palmowa-2023\\\/\"]}]},{\"@type\":\"ImageObject\",\"inLanguage\":\"en-GB\",\"@id\":\"https:\\\/\\\/www.lichen.pl\\\/niedziela-palmowa-2023\\\/#primaryimage\",\"url\":\"https:\\\/\\\/www.lichen.pl\\\/wp-content\\\/uploads\\\/2023\\\/04\\\/IMG_5443-\u2014-kopia-e1680472680882.jpg\",\"contentUrl\":\"https:\\\/\\\/www.lichen.pl\\\/wp-content\\\/uploads\\\/2023\\\/04\\\/IMG_5443-\u2014-kopia-e1680472680882.jpg\",\"width\":853,\"height\":480},{\"@type\":\"BreadcrumbList\",\"@id\":\"https:\\\/\\\/www.lichen.pl\\\/niedziela-palmowa-2023\\\/#breadcrumb\",\"itemListElement\":[{\"@type\":\"ListItem\",\"position\":1,\"name\":\"Strona g\u0142\u00f3wna\",\"item\":\"https:\\\/\\\/www.lichen.pl\\\/\"},{\"@type\":\"ListItem\",\"position\":2,\"name\":\"Otw\u00f3rzcie drzwi Chrystusowi. Niedziela M\u0119ki Pa\u0144skiej\"}]},{\"@type\":\"WebSite\",\"@id\":\"https:\\\/\\\/www.lichen.pl\\\/fr\\\/#website\",\"url\":\"https:\\\/\\\/www.lichen.pl\\\/fr\\\/\",\"name\":\"SANKTUARIUM W LICHENIU\",\"description\":\"MATKI BO\u017bEJ LICHE\u0143SKIEJ BOLESNEJ KR\u00d3LOWEJ POLSKI\",\"potentialAction\":[{\"@type\":\"SearchAction\",\"target\":{\"@type\":\"EntryPoint\",\"urlTemplate\":\"https:\\\/\\\/www.lichen.pl\\\/fr\\\/?s={search_term_string}\"},\"query-input\":{\"@type\":\"PropertyValueSpecification\",\"valueRequired\":true,\"valueName\":\"search_term_string\"}}],\"inLanguage\":\"en-GB\"},{\"@type\":\"Person\",\"@id\":\"https:\\\/\\\/www.lichen.pl\\\/fr\\\/#\\\/schema\\\/person\\\/9f57a1408d363022abd305da0323b703\",\"name\":\"Justyna Zacharek\",\"image\":{\"@type\":\"ImageObject\",\"inLanguage\":\"en-GB\",\"@id\":\"https:\\\/\\\/secure.gravatar.com\\\/avatar\\\/7be193626a4fb4d6a7d53a7686c3bbf938efff653c427e0182457b838e9d2c3b?s=96&d=retro&r=g\",\"url\":\"https:\\\/\\\/secure.gravatar.com\\\/avatar\\\/7be193626a4fb4d6a7d53a7686c3bbf938efff653c427e0182457b838e9d2c3b?s=96&d=retro&r=g\",\"contentUrl\":\"https:\\\/\\\/secure.gravatar.com\\\/avatar\\\/7be193626a4fb4d6a7d53a7686c3bbf938efff653c427e0182457b838e9d2c3b?s=96&d=retro&r=g\",\"caption\":\"Justyna Zacharek\"},\"url\":\"https:\\\/\\\/www.lichen.pl\\\/en\\\/author\\\/justyna\\\/\"}]}<\/script>\n<!-- \/ Yoast SEO plugin. -->","yoast_head_json":{"title":"Otw\u00f3rzcie drzwi Chrystusowi. Niedziela M\u0119ki Pa\u0144skiej - SANKTUARIUM W LICHENIU","robots":{"index":"index","follow":"follow","max-snippet":"max-snippet:-1","max-image-preview":"max-image-preview:large","max-video-preview":"max-video-preview:-1"},"canonical":"https:\/\/www.lichen.pl\/en\/niedziela-palmowa-2023\/","og_locale":"en_GB","og_type":"article","og_title":"Otw\u00f3rzcie drzwi Chrystusowi. Niedziela M\u0119ki Pa\u0144skiej - SANKTUARIUM W LICHENIU","og_description":"Na\u015bladuj\u0105c rzesze, kt\u00f3re uroczy\u015bcie wita\u0142y Pana Jezusa, w Niedziel\u0119 M\u0119ki Pa\u0144skiej, wierni z palmami w r\u0119kach, czcz\u0105 zwyci\u0119stwo Chrystusa. Niedziela Palmowa otwiera Wielki Tydzie\u0144 czyli czas bezpo\u015brednio poprzedzaj\u0105cy wielkanocne uroczysto\u015bci paschalne. Dzie\u0144 ten w szczeg\u00f3lny spos\u00f3b przeznaczony jest na uczczenie M\u0119ki Chrystusa. G\u0142\u00f3wn\u0105 Msz\u0119 \u015awi\u0119t\u0105 w liche\u0144skiej bazylice poprzedzi\u0142a procesja z palmami, kt\u00f3ra wyruszy\u0142a od [&hellip;]","og_url":"https:\/\/www.lichen.pl\/en\/niedziela-palmowa-2023\/","og_site_name":"SANKTUARIUM W LICHENIU","article_published_time":"2023-04-02T15:52:05+00:00","article_modified_time":"2023-04-02T22:10:52+00:00","og_image":[{"width":683,"height":1024,"url":"https:\/\/www.lichen.pl\/wp-content\/uploads\/2023\/04\/IMG_5443-\u2014-kopia-683x1024.jpg","type":"image\/jpeg"}],"author":"Justyna Zacharek","twitter_card":"summary_large_image","twitter_misc":{"Written by":"Justyna Zacharek","Estimated reading time":"10 minutes"},"schema":{"@context":"https:\/\/schema.org","@graph":[{"@type":"Article","@id":"https:\/\/www.lichen.pl\/niedziela-palmowa-2023\/#article","isPartOf":{"@id":"https:\/\/www.lichen.pl\/niedziela-palmowa-2023\/"},"author":{"name":"Justyna Zacharek","@id":"https:\/\/www.lichen.pl\/fr\/#\/schema\/person\/9f57a1408d363022abd305da0323b703"},"headline":"Otw\u00f3rzcie drzwi Chrystusowi. Niedziela M\u0119ki Pa\u0144skiej","datePublished":"2023-04-02T15:52:05+00:00","dateModified":"2023-04-02T22:10:52+00:00","mainEntityOfPage":{"@id":"https:\/\/www.lichen.pl\/niedziela-palmowa-2023\/"},"wordCount":650,"commentCount":0,"image":{"@id":"https:\/\/www.lichen.pl\/niedziela-palmowa-2023\/#primaryimage"},"thumbnailUrl":"https:\/\/www.lichen.pl\/wp-content\/uploads\/2023\/04\/IMG_5443-\u2014-kopia-e1680472680882.jpg","articleSection":["Aktualno\u015bci"],"inLanguage":"en-GB","potentialAction":[{"@type":"CommentAction","name":"Comment","target":["https:\/\/www.lichen.pl\/niedziela-palmowa-2023\/#respond"]}]},{"@type":"WebPage","@id":"https:\/\/www.lichen.pl\/niedziela-palmowa-2023\/","url":"https:\/\/www.lichen.pl\/niedziela-palmowa-2023\/","name":"Otw\u00f3rzcie drzwi Chrystusowi. Niedziela M\u0119ki Pa\u0144skiej - SANKTUARIUM W LICHENIU","isPartOf":{"@id":"https:\/\/www.lichen.pl\/fr\/#website"},"primaryImageOfPage":{"@id":"https:\/\/www.lichen.pl\/niedziela-palmowa-2023\/#primaryimage"},"image":{"@id":"https:\/\/www.lichen.pl\/niedziela-palmowa-2023\/#primaryimage"},"thumbnailUrl":"https:\/\/www.lichen.pl\/wp-content\/uploads\/2023\/04\/IMG_5443-\u2014-kopia-e1680472680882.jpg","datePublished":"2023-04-02T15:52:05+00:00","dateModified":"2023-04-02T22:10:52+00:00","author":{"@id":"https:\/\/www.lichen.pl\/fr\/#\/schema\/person\/9f57a1408d363022abd305da0323b703"},"breadcrumb":{"@id":"https:\/\/www.lichen.pl\/niedziela-palmowa-2023\/#breadcrumb"},"inLanguage":"en-GB","potentialAction":[{"@type":"ReadAction","target":["https:\/\/www.lichen.pl\/niedziela-palmowa-2023\/"]}]},{"@type":"ImageObject","inLanguage":"en-GB","@id":"https:\/\/www.lichen.pl\/niedziela-palmowa-2023\/#primaryimage","url":"https:\/\/www.lichen.pl\/wp-content\/uploads\/2023\/04\/IMG_5443-\u2014-kopia-e1680472680882.jpg","contentUrl":"https:\/\/www.lichen.pl\/wp-content\/uploads\/2023\/04\/IMG_5443-\u2014-kopia-e1680472680882.jpg","width":853,"height":480},{"@type":"BreadcrumbList","@id":"https:\/\/www.lichen.pl\/niedziela-palmowa-2023\/#breadcrumb","itemListElement":[{"@type":"ListItem","position":1,"name":"Strona g\u0142\u00f3wna","item":"https:\/\/www.lichen.pl\/"},{"@type":"ListItem","position":2,"name":"Otw\u00f3rzcie drzwi Chrystusowi. Niedziela M\u0119ki Pa\u0144skiej"}]},{"@type":"WebSite","@id":"https:\/\/www.lichen.pl\/fr\/#website","url":"https:\/\/www.lichen.pl\/fr\/","name":"SANCTUARY IN LICHENIA","description":"OUR LICHEN&#039;S SORROWFUL QUEEN OF POLAND","potentialAction":[{"@type":"SearchAction","target":{"@type":"EntryPoint","urlTemplate":"https:\/\/www.lichen.pl\/fr\/?s={search_term_string}"},"query-input":{"@type":"PropertyValueSpecification","valueRequired":true,"valueName":"search_term_string"}}],"inLanguage":"en-GB"},{"@type":"Person","@id":"https:\/\/www.lichen.pl\/fr\/#\/schema\/person\/9f57a1408d363022abd305da0323b703","name":"Justyna Zacharek","image":{"@type":"ImageObject","inLanguage":"en-GB","@id":"https:\/\/secure.gravatar.com\/avatar\/7be193626a4fb4d6a7d53a7686c3bbf938efff653c427e0182457b838e9d2c3b?s=96&d=retro&r=g","url":"https:\/\/secure.gravatar.com\/avatar\/7be193626a4fb4d6a7d53a7686c3bbf938efff653c427e0182457b838e9d2c3b?s=96&d=retro&r=g","contentUrl":"https:\/\/secure.gravatar.com\/avatar\/7be193626a4fb4d6a7d53a7686c3bbf938efff653c427e0182457b838e9d2c3b?s=96&d=retro&r=g","caption":"Justyna Zacharek"},"url":"https:\/\/www.lichen.pl\/en\/author\/justyna\/"}]}},"_links":{"self":[{"href":"https:\/\/www.lichen.pl\/en\/wp-json\/wp\/v2\/posts\/51656","targetHints":{"allow":["GET"]}}],"collection":[{"href":"https:\/\/www.lichen.pl\/en\/wp-json\/wp\/v2\/posts"}],"about":[{"href":"https:\/\/www.lichen.pl\/en\/wp-json\/wp\/v2\/types\/post"}],"author":[{"embeddable":true,"href":"https:\/\/www.lichen.pl\/en\/wp-json\/wp\/v2\/users\/5"}],"replies":[{"embeddable":true,"href":"https:\/\/www.lichen.pl\/en\/wp-json\/wp\/v2\/comments?post=51656"}],"version-history":[{"count":5,"href":"https:\/\/www.lichen.pl\/en\/wp-json\/wp\/v2\/posts\/51656\/revisions"}],"predecessor-version":[{"id":51681,"href":"https:\/\/www.lichen.pl\/en\/wp-json\/wp\/v2\/posts\/51656\/revisions\/51681"}],"wp:featuredmedia":[{"embeddable":true,"href":"https:\/\/www.lichen.pl\/en\/wp-json\/wp\/v2\/media\/51660"}],"wp:attachment":[{"href":"https:\/\/www.lichen.pl\/en\/wp-json\/wp\/v2\/media?parent=51656"}],"wp:term":[{"taxonomy":"category","embeddable":true,"href":"https:\/\/www.lichen.pl\/en\/wp-json\/wp\/v2\/categories?post=51656"},{"taxonomy":"post_tag","embeddable":true,"href":"https:\/\/www.lichen.pl\/en\/wp-json\/wp\/v2\/tags?post=51656"}],"curies":[{"name":"wp","href":"https:\/\/api.w.org\/{rel}","templated":true}]}}