{"id":52987,"date":"2023-05-07T21:40:25","date_gmt":"2023-05-07T19:40:25","guid":{"rendered":"https:\/\/www.lichen.pl\/otwarcie-sezonu-moto-2023-copy\/"},"modified":"2023-05-07T21:59:54","modified_gmt":"2023-05-07T19:59:54","slug":"160-rocznica-powstania-styczniowego","status":"publish","type":"post","link":"https:\/\/www.lichen.pl\/en\/160-rocznica-powstania-styczniowego\/","title":{"rendered":"Ojczyzna znaczy bycie razem &#8211; 160. rocznica Powstania Styczniowego"},"content":{"rendered":"<div data-elementor-type=\"wp-post\" data-elementor-id=\"52987\" class=\"elementor elementor-52987\" data-elementor-post-type=\"post\">\n\t\t\t\t\t\t<section class=\"elementor-section elementor-top-section elementor-element elementor-element-a482be5 elementor-section-boxed elementor-section-height-default elementor-section-height-default\" data-id=\"a482be5\" data-element_type=\"section\" data-e-type=\"section\">\n\t\t\t\t\t\t<div class=\"elementor-container elementor-column-gap-default\">\n\t\t\t\t\t<div class=\"elementor-column elementor-col-100 elementor-top-column elementor-element elementor-element-d07a658\" data-id=\"d07a658\" data-element_type=\"column\" data-e-type=\"column\">\n\t\t\t<div class=\"elementor-widget-wrap elementor-element-populated\">\n\t\t\t\t\t\t<div class=\"elementor-element elementor-element-560b426 elementor-widget elementor-widget-text-editor\" data-id=\"560b426\" data-element_type=\"widget\" data-e-type=\"widget\" data-widget_type=\"text-editor.default\">\n\t\t\t\t<div class=\"elementor-widget-container\">\n\t\t\t\t\t\t\t\t\t<p><strong>\u2013 Chcemy modli\u0107 si\u0119 za tych, kt\u00f3rzy oddali \u017cycie za nasz\u0105 Ojczyzn\u0119, walcz\u0105c o wolno\u015b\u0107 i niepodleg\u0142o\u015b\u0107 \u2013 wyja\u015bnia\u0142 ks. Janusz Kumala MIC, kustosz liche\u0144skiego sanktuarium rozpoczynaj\u0105c po\u0142udniow\u0105 Msz\u0119 \u015awi\u0119t\u0105 podczas obchod\u00f3w 160. rocznicy Powstania Styczniowego na Ziemi Koni\u0144skiej.<\/strong><\/p>\t\t\t\t\t\t\t\t<\/div>\n\t\t\t\t<\/div>\n\t\t\t\t<section class=\"elementor-section elementor-inner-section elementor-element elementor-element-af56cd9 elementor-section-boxed elementor-section-height-default elementor-section-height-default\" data-id=\"af56cd9\" data-element_type=\"section\" data-e-type=\"section\">\n\t\t\t\t\t\t<div class=\"elementor-container elementor-column-gap-default\">\n\t\t\t\t\t<div class=\"elementor-column elementor-col-50 elementor-inner-column elementor-element elementor-element-6b30530\" data-id=\"6b30530\" data-element_type=\"column\" data-e-type=\"column\">\n\t\t\t<div class=\"elementor-widget-wrap elementor-element-populated\">\n\t\t\t\t\t\t<div class=\"elementor-element elementor-element-0795885 elementor-widget elementor-widget-image\" data-id=\"0795885\" data-element_type=\"widget\" data-e-type=\"widget\" data-widget_type=\"image.default\">\n\t\t\t\t<div class=\"elementor-widget-container\">\n\t\t\t\t\t\t\t\t\t\t\t\t\t\t\t<img fetchpriority=\"high\" decoding=\"async\" width=\"1024\" height=\"683\" src=\"https:\/\/www.lichen.pl\/wp-content\/uploads\/2023\/05\/IMG_9789-1024x683.jpg\" class=\"attachment-large size-large wp-image-52991\" alt=\"\" srcset=\"https:\/\/www.lichen.pl\/wp-content\/uploads\/2023\/05\/IMG_9789-1024x683.jpg 1024w, https:\/\/www.lichen.pl\/wp-content\/uploads\/2023\/05\/IMG_9789-800x533.jpg 800w, https:\/\/www.lichen.pl\/wp-content\/uploads\/2023\/05\/IMG_9789-300x200.jpg 300w, https:\/\/www.lichen.pl\/wp-content\/uploads\/2023\/05\/IMG_9789-768x512.jpg 768w, https:\/\/www.lichen.pl\/wp-content\/uploads\/2023\/05\/IMG_9789-1536x1024.jpg 1536w, https:\/\/www.lichen.pl\/wp-content\/uploads\/2023\/05\/IMG_9789-2048x1365.jpg 2048w, https:\/\/www.lichen.pl\/wp-content\/uploads\/2023\/05\/IMG_9789-18x12.jpg 18w, https:\/\/www.lichen.pl\/wp-content\/uploads\/2023\/05\/IMG_9789.jpg 1920w\" sizes=\"(max-width: 1024px) 100vw, 1024px\" \/>\t\t\t\t\t\t\t\t\t\t\t\t\t\t\t<\/div>\n\t\t\t\t<\/div>\n\t\t\t\t\t<\/div>\n\t\t<\/div>\n\t\t\t\t<div class=\"elementor-column elementor-col-50 elementor-inner-column elementor-element elementor-element-6729c1a\" data-id=\"6729c1a\" data-element_type=\"column\" data-e-type=\"column\">\n\t\t\t<div class=\"elementor-widget-wrap elementor-element-populated\">\n\t\t\t\t\t\t<div class=\"elementor-element elementor-element-bf01789 elementor-widget elementor-widget-text-editor\" data-id=\"bf01789\" data-element_type=\"widget\" data-e-type=\"widget\" data-widget_type=\"text-editor.default\">\n\t\t\t\t<div class=\"elementor-widget-container\">\n\t\t\t\t\t\t\t\t\t<p>\u2013 Jest to zew autentycznego patriotyzmu, wspomnienie tych, dzi\u0119ki kt\u00f3rym mo\u017cemy dzi\u015b \u017cy\u0107 w wolnej Polsce. Bez Insurekcji Ko\u015bciuszkowskiej, bez epizodu Ksi\u0119stwa Warszawskiego, bez Powstania Listopadowego i w\u0142a\u015bnie Styczniowego, nie odrodzi\u0142aby si\u0119 Polska. Flaga to najwa\u017cniejszy symbol, kt\u00f3ry \u0142\u0105czy nas, Polak\u00f3w. Powinna nas \u0142\u0105czy\u0107 ponad wszelkimi podzia\u0142ami. Nie tylko w stosunku do naszej historii, ale te\u017c tera\u017aniejszo\u015bci i przysz\u0142o\u015bci \u2013 wyja\u015bnia\u0142 organizator spotkania, Andrzej Obalski z Fundacji Mielnica.<\/p><p>Podczas po\u0142udniowej Mszy \u015awi\u0119tej odprawionej w bazylice Naj\u015bwi\u0119tszej Maryi Panny Liche\u0144skiej, Bolesnej Kr\u00f3lowej Polski rozwini\u0119to 160-metrow\u0105 flag\u0119 Polski. Trzymali j\u0105 strzelcy, harcerze i inne osoby, kt\u00f3re do nich spontanicznie do\u0142\u0105czy\u0142y.<\/p>\t\t\t\t\t\t\t\t<\/div>\n\t\t\t\t<\/div>\n\t\t\t\t\t<\/div>\n\t\t<\/div>\n\t\t\t\t\t<\/div>\n\t\t<\/section>\n\t\t\t\t<div class=\"elementor-element elementor-element-172006f elementor-widget elementor-widget-text-editor\" data-id=\"172006f\" data-element_type=\"widget\" data-e-type=\"widget\" data-widget_type=\"text-editor.default\">\n\t\t\t\t<div class=\"elementor-widget-container\">\n\t\t\t\t\t\t\t\t\t<p>\u2013 Jeste\u015bmy tutaj, bo to \u017cywa lekcja historii oraz czysty patriotyzm. To, \u017ce niesiemy dzi\u015b flag\u0119, nie jest \u0142atwe ani proste. To potwierdzenie tego, \u017ce gdy jest nas wielu, mo\u017cemy zrobi\u0107 razem fantastyczne rzeczy \u2013 wyja\u015bnia\u0142a Kamila Oblizajek, dru\u017cynowa 25. Dru\u017cyny Harcerskiej \u201eW\u0142\u00f3czykije\u201d w Krzymowie, kt\u00f3ra 160-metrow\u0105 flag\u0119 nios\u0142a wraz z krzymowskimi harcerzami.<\/p><p>Uroczysto\u015bci, kt\u00f3re odbywa\u0142y si\u0119 w niedziel\u0119, 7 maja by\u0142y zwi\u0105zane z rocznic\u0105 jednej z najkrwawszych i najtragiczniejszych bitew tego powstania, kt\u00f3ra mia\u0142a miejsce pod Ignacewem, 8 maja 1863 r.<\/p>\t\t\t\t\t\t\t\t<\/div>\n\t\t\t\t<\/div>\n\t\t\t\t<section class=\"elementor-section elementor-inner-section elementor-element elementor-element-9a4930e elementor-section-boxed elementor-section-height-default elementor-section-height-default\" data-id=\"9a4930e\" data-element_type=\"section\" data-e-type=\"section\">\n\t\t\t\t\t\t<div class=\"elementor-container elementor-column-gap-default\">\n\t\t\t\t\t<div class=\"elementor-column elementor-col-50 elementor-inner-column elementor-element elementor-element-cfa3d96\" data-id=\"cfa3d96\" data-element_type=\"column\" data-e-type=\"column\">\n\t\t\t<div class=\"elementor-widget-wrap elementor-element-populated\">\n\t\t\t\t\t\t<div class=\"elementor-element elementor-element-e0fe9c1 elementor-widget elementor-widget-text-editor\" data-id=\"e0fe9c1\" data-element_type=\"widget\" data-e-type=\"widget\" data-widget_type=\"text-editor.default\">\n\t\t\t\t<div class=\"elementor-widget-container\">\n\t\t\t\t\t\t\t\t\t<p>\u2013 Powsta\u0144cy przegrali, ale ta krew nie posz\u0142a na marne. Tak samo jak krew powsta\u0144c\u00f3w w innych miejscach \u00ad\u2013 stwierdzi\u0142 ks. Kumala. Przypomnia\u0142, \u017ce walki o niepodleg\u0142o\u015b\u0107 toczy\u0142y si\u0119 w\u00f3wczas tak\u017ce w Bieniszewie, pod Kleczewem, w \u015alesinie czy w Licheniu. Potyczka, kt\u00f3ra mia\u0142a miejsce pod Ignacewem jest szczeg\u00f3lnie wspominana w Licheniu, poniewa\u017c jeden z jej bohater\u00f3w i przyw\u00f3dc\u00f3w, Witold Turno jest pochowany na terenie liche\u0144skiego sanktuarium. Powstaniec by\u0142 tak\u017ce kuzynem \u00f3wczesnego w\u0142a\u015bciciela Lichenia, W\u0142adys\u0142awa Kwileckiego.<\/p><p>\u2013 Zatrzymujemy si\u0119 dzi\u015b w liche\u0144skim sanktuarium, przy Matce Bo\u017cej, Bolesnej Kr\u00f3lowej Polski \u2013 m\u00f3wi\u0142 w homilii ks. Kumala. Jego zdaniem dzisiejsza uroczysto\u015b\u0107 przypomina w spos\u00f3b symboliczny, \u017ce w takich miejscach zatrzymujemy si\u0119 jako ca\u0142a nasza Ojczyzna, kt\u00f3ra jest r\u00f3wnie\u017c w drodze. \u2013 Ojczyzna znaczy bycie razem. Ojczyzna to ja i ty. Ty i ja \u2013 My. To bycie dla siebie nawzajem. Ojczyzna to pi\u0119kne krajobrazy, historia, kultura i j\u0119zyk. Ojczyzna to groby i pami\u0119\u0107. Bez pami\u0119ci historycznej nie ma Ojczyzny. Bez pami\u0119ci przesz\u0142o\u015bci nie ma prawdziwej mi\u0142o\u015bci do Ojczyzny, dlatego potrzebujemy dba\u0107 o pami\u0119\u0107 o ludziach pokole\u0144, kt\u00f3re przemin\u0119\u0142y. Dzi\u0119ki nim jeste\u015bmy wolnym narodem. Trzeba by\u0142o do tego wiele krwi, cierpienia i t\u0119sknoty \u2013 podkre\u015bla\u0142 marianin.<\/p><p>Ksi\u0105dz Kumala przypomnia\u0142, \u017ce zgodnie z inspiracj\u0105 b\u0142. kard. Stefana Wyszy\u0144skiego, liche\u0144skie sanktuarium jest specyficzn\u0105 szko\u0142\u0105 mi\u0142o\u015bci Ojczyzny. Prymas Tysi\u0105clecia podczas koronacji liche\u0144skiego wizerunku (15.08.1967 r.) Matk\u0119 Bo\u017c\u0105 Liche\u0144sk\u0105 nazwa\u0142 tak\u017ce Pani\u0105 Ziemi Koni\u0144skiej.<\/p>\t\t\t\t\t\t\t\t<\/div>\n\t\t\t\t<\/div>\n\t\t\t\t\t<\/div>\n\t\t<\/div>\n\t\t\t\t<div class=\"elementor-column elementor-col-50 elementor-inner-column elementor-element elementor-element-bf690a7\" data-id=\"bf690a7\" data-element_type=\"column\" data-e-type=\"column\">\n\t\t\t<div class=\"elementor-widget-wrap elementor-element-populated\">\n\t\t\t\t\t\t<div class=\"elementor-element elementor-element-4a9e9c3 elementor-widget elementor-widget-image\" data-id=\"4a9e9c3\" data-element_type=\"widget\" data-e-type=\"widget\" data-widget_type=\"image.default\">\n\t\t\t\t<div class=\"elementor-widget-container\">\n\t\t\t\t\t\t\t\t\t\t\t\t\t\t\t<img decoding=\"async\" width=\"683\" height=\"1024\" src=\"https:\/\/www.lichen.pl\/wp-content\/uploads\/2023\/05\/IMG_9849-683x1024.jpg\" class=\"attachment-large size-large wp-image-52992\" alt=\"\" srcset=\"https:\/\/www.lichen.pl\/wp-content\/uploads\/2023\/05\/IMG_9849-683x1024.jpg 683w, https:\/\/www.lichen.pl\/wp-content\/uploads\/2023\/05\/IMG_9849-800x1200.jpg 800w, https:\/\/www.lichen.pl\/wp-content\/uploads\/2023\/05\/IMG_9849-200x300.jpg 200w, https:\/\/www.lichen.pl\/wp-content\/uploads\/2023\/05\/IMG_9849-768x1152.jpg 768w, https:\/\/www.lichen.pl\/wp-content\/uploads\/2023\/05\/IMG_9849-1024x1536.jpg 1024w, https:\/\/www.lichen.pl\/wp-content\/uploads\/2023\/05\/IMG_9849-1365x2048.jpg 1365w, https:\/\/www.lichen.pl\/wp-content\/uploads\/2023\/05\/IMG_9849-8x12.jpg 8w, https:\/\/www.lichen.pl\/wp-content\/uploads\/2023\/05\/IMG_9849.jpg 853w\" sizes=\"(max-width: 683px) 100vw, 683px\" \/>\t\t\t\t\t\t\t\t\t\t\t\t\t\t\t<\/div>\n\t\t\t\t<\/div>\n\t\t\t\t\t<\/div>\n\t\t<\/div>\n\t\t\t\t\t<\/div>\n\t\t<\/section>\n\t\t\t\t<section class=\"elementor-section elementor-inner-section elementor-element elementor-element-e06e565 elementor-section-boxed elementor-section-height-default elementor-section-height-default\" data-id=\"e06e565\" data-element_type=\"section\" data-e-type=\"section\">\n\t\t\t\t\t\t<div class=\"elementor-container elementor-column-gap-default\">\n\t\t\t\t\t<div class=\"elementor-column elementor-col-50 elementor-inner-column elementor-element elementor-element-a87abd6\" data-id=\"a87abd6\" data-element_type=\"column\" data-e-type=\"column\">\n\t\t\t<div class=\"elementor-widget-wrap elementor-element-populated\">\n\t\t\t\t\t\t<div class=\"elementor-element elementor-element-28f8f6c elementor-widget elementor-widget-image\" data-id=\"28f8f6c\" data-element_type=\"widget\" data-e-type=\"widget\" data-widget_type=\"image.default\">\n\t\t\t\t<div class=\"elementor-widget-container\">\n\t\t\t\t\t\t\t\t\t\t\t\t\t\t\t<img decoding=\"async\" width=\"683\" height=\"1024\" src=\"https:\/\/www.lichen.pl\/wp-content\/uploads\/2023\/05\/IMG_9909-683x1024.jpg\" class=\"attachment-large size-large wp-image-52993\" alt=\"\" srcset=\"https:\/\/www.lichen.pl\/wp-content\/uploads\/2023\/05\/IMG_9909-683x1024.jpg 683w, https:\/\/www.lichen.pl\/wp-content\/uploads\/2023\/05\/IMG_9909-800x1200.jpg 800w, https:\/\/www.lichen.pl\/wp-content\/uploads\/2023\/05\/IMG_9909-200x300.jpg 200w, https:\/\/www.lichen.pl\/wp-content\/uploads\/2023\/05\/IMG_9909-768x1152.jpg 768w, https:\/\/www.lichen.pl\/wp-content\/uploads\/2023\/05\/IMG_9909-1024x1536.jpg 1024w, https:\/\/www.lichen.pl\/wp-content\/uploads\/2023\/05\/IMG_9909-1365x2048.jpg 1365w, https:\/\/www.lichen.pl\/wp-content\/uploads\/2023\/05\/IMG_9909-8x12.jpg 8w, https:\/\/www.lichen.pl\/wp-content\/uploads\/2023\/05\/IMG_9909.jpg 853w\" sizes=\"(max-width: 683px) 100vw, 683px\" \/>\t\t\t\t\t\t\t\t\t\t\t\t\t\t\t<\/div>\n\t\t\t\t<\/div>\n\t\t\t\t\t<\/div>\n\t\t<\/div>\n\t\t\t\t<div class=\"elementor-column elementor-col-50 elementor-inner-column elementor-element elementor-element-0d01b11\" data-id=\"0d01b11\" data-element_type=\"column\" data-e-type=\"column\">\n\t\t\t<div class=\"elementor-widget-wrap elementor-element-populated\">\n\t\t\t\t\t\t<div class=\"elementor-element elementor-element-942fa96 elementor-widget elementor-widget-text-editor\" data-id=\"942fa96\" data-element_type=\"widget\" data-e-type=\"widget\" data-widget_type=\"text-editor.default\">\n\t\t\t\t<div class=\"elementor-widget-container\">\n\t\t\t\t\t\t\t\t\t<p>W swojej homilii ksi\u0105dz kustosz zach\u0119ca\u0142, by nie wstydzi\u0107 si\u0119 Ojczyzny i bycia Polakiem. <br \/>\u2013 Mamy j\u0105 kocha\u0107 i mie\u0107 w swoim sercu. Broni\u0107 Ojczyzny znaczy broni\u0107 granic swojego serca przed z\u0142em, zniewoleniem. Wtedy jestem cz\u0142owiekiem wolnym. Tylko ludzie wolni potrafi\u0105 broni\u0107 Ojczyzny i j\u0105 kocha\u0107. Silna rodzina jest gwarantem niepodleg\u0142o\u015bci i wolno\u015bci Ojczyzny \u2013 Zauwa\u017cy\u0142 tak\u017ce, \u017ce naszym powo\u0142aniem jest troszczy\u0107 si\u0119 o Ko\u015bci\u00f3\u0142 \u2013 Je\u015bli nie b\u0119dziemy mieli warto\u015bci chrze\u015bcija\u0144skich, to na czym b\u0119dziemy budowali dzi\u015b i jutro?<\/p><p>Po Mszy \u015awi\u0119tej uczestnicy przeszli z flag\u0105 narodow\u0105 o symbolicznej d\u0142ugo\u015bci 160 metr\u00f3w pod gr\u00f3b Powsta\u0144c\u00f3w Styczniowych poleg\u0142ych w dniu 8.05.1863 r. podczas bitwy pod Ignacewem, gdzie z\u0142o\u017cono kwiaty. W uroczysto\u015bciach udzia\u0142 wzi\u0119li m.in. Ryszard Nawrocki, Przewodnicz\u0105cy Rady Powiatu Koni\u0144skiego, Stanis\u0142aw Bielik, Starosta Koni\u0144ski, Mariusz Zaborowski, Burmistrz Miasta i Gminy \u015alesin oraz Roman Bednarek, Burmistrz Miasta i Gminy Sompolno oraz przedstawiciele Rady Miejskiej Gminy \u015alesin i Rady Gminy Kramsk.<\/p><p>Uroczysto\u015b\u0107 obchod\u00f3w 160. rocznicy Powstania Styczniowego (1863-1864) na Ziemi Koni\u0144skiej rozpocz\u0119\u0142a si\u0119 ju\u017c rano w ko\u015bciele pw. \u015bw. Jakuba Aposto\u0142a w Dobros\u0142owie, gdzie modlono si\u0119 podczas Mszy \u015awi\u0119tej w intencji Bohater\u00f3w Bitwy pod Dobros\u0142owem.<\/p><p>\u00a0<\/p>\t\t\t\t\t\t\t\t<\/div>\n\t\t\t\t<\/div>\n\t\t\t\t\t<\/div>\n\t\t<\/div>\n\t\t\t\t\t<\/div>\n\t\t<\/section>\n\t\t\t\t<div class=\"elementor-element elementor-element-415e877 elementor-widget elementor-widget-text-editor\" data-id=\"415e877\" data-element_type=\"widget\" data-e-type=\"widget\" data-widget_type=\"text-editor.default\">\n\t\t\t\t<div class=\"elementor-widget-container\">\n\t\t\t\t\t\t\t\t\t<p>Z Lichenia uczestnicy udali si\u0119 do Ignacewa pod Pomnik Powsta\u0144c\u00f3w Styczniowych, a nast\u0119pnie do \u015alesina,\u00a0 gdzie na rynku odbywa\u0142y si\u0119 prezentacje Stowarzyszenia Mi\u0142o\u015bnik\u00f3w Zabytkowych Pojazd\u00f3w Mechanicznych Cywilnych i Wojskowych ZAJEZDNIA oraz Oddzia\u0142\u00f3w Strzelc\u00f3w.<\/p>\t\t\t\t\t\t\t\t<\/div>\n\t\t\t\t<\/div>\n\t\t\t\t<div class=\"elementor-element elementor-element-84ce61a elementor-widget-divider--view-line_icon elementor-view-default elementor-widget-divider--element-align-center elementor-widget elementor-widget-divider\" data-id=\"84ce61a\" data-element_type=\"widget\" data-e-type=\"widget\" data-widget_type=\"divider.default\">\n\t\t\t\t<div class=\"elementor-widget-container\">\n\t\t\t\t\t\t\t<div class=\"elementor-divider\">\n\t\t\t<span class=\"elementor-divider-separator\">\n\t\t\t\t\t\t\t<div class=\"elementor-icon elementor-divider__element\">\n\t\t\t\t\t<i aria-hidden=\"true\" class=\"fas fa-camera\"><\/i><\/div>\n\t\t\t\t\t\t<\/span>\n\t\t<\/div>\n\t\t\t\t\t\t<\/div>\n\t\t\t\t<\/div>\n\t\t\t\t<div class=\"elementor-element elementor-element-4befba1 elementor-widget elementor-widget-image-gallery\" data-id=\"4befba1\" data-element_type=\"widget\" data-e-type=\"widget\" data-widget_type=\"image-gallery.default\">\n\t\t\t\t<div class=\"elementor-widget-container\">\n\t\t\t\t\t\t\t<div class=\"elementor-image-gallery\">\n\t\t\t<div id='gallery-1' class='gallery galleryid-52987 gallery-columns-6 gallery-size-thumbnail'><figure class='gallery-item'>\n\t\t\t<div class='gallery-icon landscape'>\n\t\t\t\t<a data-elementor-open-lightbox=\"yes\" data-elementor-lightbox-slideshow=\"4befba1\" data-elementor-lightbox-title=\"Rocznica powstania styczniowego\" data-e-action-hash=\"#elementor-action%3Aaction%3Dlightbox%26settings%3DeyJpZCI6NTI5OTQsInVybCI6Imh0dHBzOlwvXC93d3cubGljaGVuLnBsXC93cC1jb250ZW50XC91cGxvYWRzXC8yMDIzXC8wNVwvSU1HXzk3MjcuanBnIiwic2xpZGVzaG93IjoiNGJlZmJhMSJ9\" href='https:\/\/www.lichen.pl\/wp-content\/uploads\/2023\/05\/IMG_9727.jpg'><img loading=\"lazy\" width=\"150\" height=\"150\" src=\"https:\/\/www.lichen.pl\/wp-content\/uploads\/2023\/05\/IMG_9727-150x150.jpg\" class=\"attachment-thumbnail size-thumbnail\" alt=\"\" decoding=\"async\" srcset=\"https:\/\/www.lichen.pl\/wp-content\/uploads\/2023\/05\/IMG_9727-150x150.jpg 150w, https:\/\/www.lichen.pl\/wp-content\/uploads\/2023\/05\/IMG_9727-300x300.jpg 300w\" sizes=\"(max-width: 150px) 100vw, 150px\" \/><\/a>\n\t\t\t<\/div><\/figure><figure class='gallery-item'>\n\t\t\t<div class='gallery-icon landscape'>\n\t\t\t\t<a data-elementor-open-lightbox=\"yes\" data-elementor-lightbox-slideshow=\"4befba1\" data-elementor-lightbox-title=\"Rocznica powstania styczniowego\" data-e-action-hash=\"#elementor-action%3Aaction%3Dlightbox%26settings%3DeyJpZCI6NTI5OTUsInVybCI6Imh0dHBzOlwvXC93d3cubGljaGVuLnBsXC93cC1jb250ZW50XC91cGxvYWRzXC8yMDIzXC8wNVwvSU1HXzk3NDkuanBnIiwic2xpZGVzaG93IjoiNGJlZmJhMSJ9\" href='https:\/\/www.lichen.pl\/wp-content\/uploads\/2023\/05\/IMG_9749.jpg'><img loading=\"lazy\" width=\"150\" height=\"150\" src=\"https:\/\/www.lichen.pl\/wp-content\/uploads\/2023\/05\/IMG_9749-150x150.jpg\" class=\"attachment-thumbnail size-thumbnail\" alt=\"\" decoding=\"async\" srcset=\"https:\/\/www.lichen.pl\/wp-content\/uploads\/2023\/05\/IMG_9749-150x150.jpg 150w, https:\/\/www.lichen.pl\/wp-content\/uploads\/2023\/05\/IMG_9749-300x300.jpg 300w\" sizes=\"(max-width: 150px) 100vw, 150px\" \/><\/a>\n\t\t\t<\/div><\/figure><figure class='gallery-item'>\n\t\t\t<div class='gallery-icon landscape'>\n\t\t\t\t<a data-elementor-open-lightbox=\"yes\" data-elementor-lightbox-slideshow=\"4befba1\" data-elementor-lightbox-title=\"Rocznica powstania styczniowego\" data-e-action-hash=\"#elementor-action%3Aaction%3Dlightbox%26settings%3DeyJpZCI6NTI5OTYsInVybCI6Imh0dHBzOlwvXC93d3cubGljaGVuLnBsXC93cC1jb250ZW50XC91cGxvYWRzXC8yMDIzXC8wNVwvSU1HXzk3NTEuanBnIiwic2xpZGVzaG93IjoiNGJlZmJhMSJ9\" href='https:\/\/www.lichen.pl\/wp-content\/uploads\/2023\/05\/IMG_9751.jpg'><img loading=\"lazy\" width=\"150\" height=\"150\" src=\"https:\/\/www.lichen.pl\/wp-content\/uploads\/2023\/05\/IMG_9751-150x150.jpg\" class=\"attachment-thumbnail size-thumbnail\" alt=\"\" decoding=\"async\" srcset=\"https:\/\/www.lichen.pl\/wp-content\/uploads\/2023\/05\/IMG_9751-150x150.jpg 150w, https:\/\/www.lichen.pl\/wp-content\/uploads\/2023\/05\/IMG_9751-300x300.jpg 300w\" sizes=\"(max-width: 150px) 100vw, 150px\" \/><\/a>\n\t\t\t<\/div><\/figure><figure class='gallery-item'>\n\t\t\t<div class='gallery-icon landscape'>\n\t\t\t\t<a data-elementor-open-lightbox=\"yes\" data-elementor-lightbox-slideshow=\"4befba1\" data-elementor-lightbox-title=\"Rocznica powstania styczniowego\" data-e-action-hash=\"#elementor-action%3Aaction%3Dlightbox%26settings%3DeyJpZCI6NTI5OTcsInVybCI6Imh0dHBzOlwvXC93d3cubGljaGVuLnBsXC93cC1jb250ZW50XC91cGxvYWRzXC8yMDIzXC8wNVwvSU1HXzk3NjQuanBnIiwic2xpZGVzaG93IjoiNGJlZmJhMSJ9\" href='https:\/\/www.lichen.pl\/wp-content\/uploads\/2023\/05\/IMG_9764.jpg'><img loading=\"lazy\" width=\"150\" height=\"150\" src=\"https:\/\/www.lichen.pl\/wp-content\/uploads\/2023\/05\/IMG_9764-150x150.jpg\" class=\"attachment-thumbnail size-thumbnail\" alt=\"\" decoding=\"async\" srcset=\"https:\/\/www.lichen.pl\/wp-content\/uploads\/2023\/05\/IMG_9764-150x150.jpg 150w, https:\/\/www.lichen.pl\/wp-content\/uploads\/2023\/05\/IMG_9764-300x300.jpg 300w\" sizes=\"(max-width: 150px) 100vw, 150px\" \/><\/a>\n\t\t\t<\/div><\/figure><figure class='gallery-item'>\n\t\t\t<div class='gallery-icon landscape'>\n\t\t\t\t<a data-elementor-open-lightbox=\"yes\" data-elementor-lightbox-slideshow=\"4befba1\" data-elementor-lightbox-title=\"160-metrowa flaga Polski w bazylice\" data-e-action-hash=\"#elementor-action%3Aaction%3Dlightbox%26settings%3DeyJpZCI6NTI5OTgsInVybCI6Imh0dHBzOlwvXC93d3cubGljaGVuLnBsXC93cC1jb250ZW50XC91cGxvYWRzXC8yMDIzXC8wNVwvSU1HXzk3NzAuanBnIiwic2xpZGVzaG93IjoiNGJlZmJhMSJ9\" href='https:\/\/www.lichen.pl\/wp-content\/uploads\/2023\/05\/IMG_9770.jpg'><img loading=\"lazy\" width=\"150\" height=\"150\" src=\"https:\/\/www.lichen.pl\/wp-content\/uploads\/2023\/05\/IMG_9770-150x150.jpg\" class=\"attachment-thumbnail size-thumbnail\" alt=\"\" decoding=\"async\" srcset=\"https:\/\/www.lichen.pl\/wp-content\/uploads\/2023\/05\/IMG_9770-150x150.jpg 150w, https:\/\/www.lichen.pl\/wp-content\/uploads\/2023\/05\/IMG_9770-300x300.jpg 300w\" sizes=\"(max-width: 150px) 100vw, 150px\" \/><\/a>\n\t\t\t<\/div><\/figure><figure class='gallery-item'>\n\t\t\t<div class='gallery-icon landscape'>\n\t\t\t\t<a data-elementor-open-lightbox=\"yes\" data-elementor-lightbox-slideshow=\"4befba1\" data-elementor-lightbox-title=\"160-metrowa flaga Polski w bazylice\" data-e-action-hash=\"#elementor-action%3Aaction%3Dlightbox%26settings%3DeyJpZCI6NTI5OTksInVybCI6Imh0dHBzOlwvXC93d3cubGljaGVuLnBsXC93cC1jb250ZW50XC91cGxvYWRzXC8yMDIzXC8wNVwvSU1HXzk3NzUuanBnIiwic2xpZGVzaG93IjoiNGJlZmJhMSJ9\" href='https:\/\/www.lichen.pl\/wp-content\/uploads\/2023\/05\/IMG_9775.jpg'><img loading=\"lazy\" width=\"150\" height=\"150\" src=\"https:\/\/www.lichen.pl\/wp-content\/uploads\/2023\/05\/IMG_9775-150x150.jpg\" class=\"attachment-thumbnail size-thumbnail\" alt=\"\" decoding=\"async\" srcset=\"https:\/\/www.lichen.pl\/wp-content\/uploads\/2023\/05\/IMG_9775-150x150.jpg 150w, https:\/\/www.lichen.pl\/wp-content\/uploads\/2023\/05\/IMG_9775-300x300.jpg 300w\" sizes=\"(max-width: 150px) 100vw, 150px\" \/><\/a>\n\t\t\t<\/div><\/figure><figure class='gallery-item'>\n\t\t\t<div class='gallery-icon portrait'>\n\t\t\t\t<a data-elementor-open-lightbox=\"yes\" data-elementor-lightbox-slideshow=\"4befba1\" data-elementor-lightbox-title=\"Rocznica powstania styczniowego\" data-e-action-hash=\"#elementor-action%3Aaction%3Dlightbox%26settings%3DeyJpZCI6NTMwMDAsInVybCI6Imh0dHBzOlwvXC93d3cubGljaGVuLnBsXC93cC1jb250ZW50XC91cGxvYWRzXC8yMDIzXC8wNVwvSU1HXzk3NzYuanBnIiwic2xpZGVzaG93IjoiNGJlZmJhMSJ9\" href='https:\/\/www.lichen.pl\/wp-content\/uploads\/2023\/05\/IMG_9776.jpg'><img loading=\"lazy\" width=\"150\" height=\"150\" src=\"https:\/\/www.lichen.pl\/wp-content\/uploads\/2023\/05\/IMG_9776-150x150.jpg\" class=\"attachment-thumbnail size-thumbnail\" alt=\"\" decoding=\"async\" srcset=\"https:\/\/www.lichen.pl\/wp-content\/uploads\/2023\/05\/IMG_9776-150x150.jpg 150w, https:\/\/www.lichen.pl\/wp-content\/uploads\/2023\/05\/IMG_9776-300x300.jpg 300w\" sizes=\"(max-width: 150px) 100vw, 150px\" \/><\/a>\n\t\t\t<\/div><\/figure><figure class='gallery-item'>\n\t\t\t<div class='gallery-icon landscape'>\n\t\t\t\t<a data-elementor-open-lightbox=\"yes\" data-elementor-lightbox-slideshow=\"4befba1\" data-elementor-lightbox-title=\"Rocznic160-metrowa flaga Polski w bazylicea powstania styczniowego\" data-e-action-hash=\"#elementor-action%3Aaction%3Dlightbox%26settings%3DeyJpZCI6NTMwMDEsInVybCI6Imh0dHBzOlwvXC93d3cubGljaGVuLnBsXC93cC1jb250ZW50XC91cGxvYWRzXC8yMDIzXC8wNVwvSU1HXzk3ODIuanBnIiwic2xpZGVzaG93IjoiNGJlZmJhMSJ9\" href='https:\/\/www.lichen.pl\/wp-content\/uploads\/2023\/05\/IMG_9782.jpg'><img loading=\"lazy\" width=\"150\" height=\"150\" src=\"https:\/\/www.lichen.pl\/wp-content\/uploads\/2023\/05\/IMG_9782-150x150.jpg\" class=\"attachment-thumbnail size-thumbnail\" alt=\"\" decoding=\"async\" srcset=\"https:\/\/www.lichen.pl\/wp-content\/uploads\/2023\/05\/IMG_9782-150x150.jpg 150w, https:\/\/www.lichen.pl\/wp-content\/uploads\/2023\/05\/IMG_9782-300x300.jpg 300w\" sizes=\"(max-width: 150px) 100vw, 150px\" \/><\/a>\n\t\t\t<\/div><\/figure><figure class='gallery-item'>\n\t\t\t<div class='gallery-icon portrait'>\n\t\t\t\t<a data-elementor-open-lightbox=\"yes\" data-elementor-lightbox-slideshow=\"4befba1\" data-elementor-lightbox-title=\"Homilia ks. Janusza Kumali MIC\" data-e-action-hash=\"#elementor-action%3Aaction%3Dlightbox%26settings%3DeyJpZCI6NTMwMDIsInVybCI6Imh0dHBzOlwvXC93d3cubGljaGVuLnBsXC93cC1jb250ZW50XC91cGxvYWRzXC8yMDIzXC8wNVwvSU1HXzk3ODUuanBnIiwic2xpZGVzaG93IjoiNGJlZmJhMSJ9\" href='https:\/\/www.lichen.pl\/wp-content\/uploads\/2023\/05\/IMG_9785.jpg'><img loading=\"lazy\" width=\"150\" height=\"150\" src=\"https:\/\/www.lichen.pl\/wp-content\/uploads\/2023\/05\/IMG_9785-150x150.jpg\" class=\"attachment-thumbnail size-thumbnail\" alt=\"\" decoding=\"async\" srcset=\"https:\/\/www.lichen.pl\/wp-content\/uploads\/2023\/05\/IMG_9785-150x150.jpg 150w, https:\/\/www.lichen.pl\/wp-content\/uploads\/2023\/05\/IMG_9785-300x300.jpg 300w\" sizes=\"(max-width: 150px) 100vw, 150px\" \/><\/a>\n\t\t\t<\/div><\/figure><figure class='gallery-item'>\n\t\t\t<div class='gallery-icon landscape'>\n\t\t\t\t<a data-elementor-open-lightbox=\"yes\" data-elementor-lightbox-slideshow=\"4befba1\" data-elementor-lightbox-title=\"160-metrowa flaga Polski w bazylice\" data-e-action-hash=\"#elementor-action%3Aaction%3Dlightbox%26settings%3DeyJpZCI6NTMwMDMsInVybCI6Imh0dHBzOlwvXC93d3cubGljaGVuLnBsXC93cC1jb250ZW50XC91cGxvYWRzXC8yMDIzXC8wNVwvSU1HXzk4MTIuanBnIiwic2xpZGVzaG93IjoiNGJlZmJhMSJ9\" href='https:\/\/www.lichen.pl\/wp-content\/uploads\/2023\/05\/IMG_9812.jpg'><img loading=\"lazy\" width=\"150\" height=\"150\" src=\"https:\/\/www.lichen.pl\/wp-content\/uploads\/2023\/05\/IMG_9812-150x150.jpg\" class=\"attachment-thumbnail size-thumbnail\" alt=\"\" decoding=\"async\" srcset=\"https:\/\/www.lichen.pl\/wp-content\/uploads\/2023\/05\/IMG_9812-150x150.jpg 150w, https:\/\/www.lichen.pl\/wp-content\/uploads\/2023\/05\/IMG_9812-300x300.jpg 300w\" sizes=\"(max-width: 150px) 100vw, 150px\" \/><\/a>\n\t\t\t<\/div><\/figure><figure class='gallery-item'>\n\t\t\t<div class='gallery-icon landscape'>\n\t\t\t\t<a data-elementor-open-lightbox=\"yes\" data-elementor-lightbox-slideshow=\"4befba1\" data-elementor-lightbox-title=\"Roc160-metrowa flaga Polski w bazyliceznica powstania styczniowego\" data-e-action-hash=\"#elementor-action%3Aaction%3Dlightbox%26settings%3DeyJpZCI6NTMwMDQsInVybCI6Imh0dHBzOlwvXC93d3cubGljaGVuLnBsXC93cC1jb250ZW50XC91cGxvYWRzXC8yMDIzXC8wNVwvSU1HXzk4MjMuanBnIiwic2xpZGVzaG93IjoiNGJlZmJhMSJ9\" href='https:\/\/www.lichen.pl\/wp-content\/uploads\/2023\/05\/IMG_9823.jpg'><img loading=\"lazy\" width=\"150\" height=\"150\" src=\"https:\/\/www.lichen.pl\/wp-content\/uploads\/2023\/05\/IMG_9823-150x150.jpg\" class=\"attachment-thumbnail size-thumbnail\" alt=\"\" decoding=\"async\" srcset=\"https:\/\/www.lichen.pl\/wp-content\/uploads\/2023\/05\/IMG_9823-150x150.jpg 150w, https:\/\/www.lichen.pl\/wp-content\/uploads\/2023\/05\/IMG_9823-300x300.jpg 300w\" sizes=\"(max-width: 150px) 100vw, 150px\" \/><\/a>\n\t\t\t<\/div><\/figure><figure class='gallery-item'>\n\t\t\t<div class='gallery-icon portrait'>\n\t\t\t\t<a data-elementor-open-lightbox=\"yes\" data-elementor-lightbox-slideshow=\"4befba1\" data-elementor-lightbox-title=\"160-metrowa flaga Polski w bazylice\" data-e-action-hash=\"#elementor-action%3Aaction%3Dlightbox%26settings%3DeyJpZCI6NTMwMDUsInVybCI6Imh0dHBzOlwvXC93d3cubGljaGVuLnBsXC93cC1jb250ZW50XC91cGxvYWRzXC8yMDIzXC8wNVwvSU1HXzk4MzIuanBnIiwic2xpZGVzaG93IjoiNGJlZmJhMSJ9\" href='https:\/\/www.lichen.pl\/wp-content\/uploads\/2023\/05\/IMG_9832.jpg'><img loading=\"lazy\" width=\"150\" height=\"150\" src=\"https:\/\/www.lichen.pl\/wp-content\/uploads\/2023\/05\/IMG_9832-150x150.jpg\" class=\"attachment-thumbnail size-thumbnail\" alt=\"\" decoding=\"async\" srcset=\"https:\/\/www.lichen.pl\/wp-content\/uploads\/2023\/05\/IMG_9832-150x150.jpg 150w, https:\/\/www.lichen.pl\/wp-content\/uploads\/2023\/05\/IMG_9832-300x300.jpg 300w\" sizes=\"(max-width: 150px) 100vw, 150px\" \/><\/a>\n\t\t\t<\/div><\/figure><figure class='gallery-item'>\n\t\t\t<div class='gallery-icon landscape'>\n\t\t\t\t<a data-elementor-open-lightbox=\"yes\" data-elementor-lightbox-slideshow=\"4befba1\" data-elementor-lightbox-title=\"160-metrowa flaga Polski przed bazylik\u0105\" data-e-action-hash=\"#elementor-action%3Aaction%3Dlightbox%26settings%3DeyJpZCI6NTMwMDYsInVybCI6Imh0dHBzOlwvXC93d3cubGljaGVuLnBsXC93cC1jb250ZW50XC91cGxvYWRzXC8yMDIzXC8wNVwvSU1HXzk4NTUuanBnIiwic2xpZGVzaG93IjoiNGJlZmJhMSJ9\" href='https:\/\/www.lichen.pl\/wp-content\/uploads\/2023\/05\/IMG_9855.jpg'><img loading=\"lazy\" width=\"150\" height=\"150\" src=\"https:\/\/www.lichen.pl\/wp-content\/uploads\/2023\/05\/IMG_9855-150x150.jpg\" class=\"attachment-thumbnail size-thumbnail\" alt=\"\" decoding=\"async\" srcset=\"https:\/\/www.lichen.pl\/wp-content\/uploads\/2023\/05\/IMG_9855-150x150.jpg 150w, https:\/\/www.lichen.pl\/wp-content\/uploads\/2023\/05\/IMG_9855-300x300.jpg 300w\" sizes=\"(max-width: 150px) 100vw, 150px\" \/><\/a>\n\t\t\t<\/div><\/figure><figure class='gallery-item'>\n\t\t\t<div class='gallery-icon landscape'>\n\t\t\t\t<a data-elementor-open-lightbox=\"yes\" data-elementor-lightbox-slideshow=\"4befba1\" data-elementor-lightbox-title=\"Roc160-metrowa flaga Polski przed bazylik\u0105znica powstania styczniowego\" data-e-action-hash=\"#elementor-action%3Aaction%3Dlightbox%26settings%3DeyJpZCI6NTMwMDcsInVybCI6Imh0dHBzOlwvXC93d3cubGljaGVuLnBsXC93cC1jb250ZW50XC91cGxvYWRzXC8yMDIzXC8wNVwvSU1HXzk4NjIuanBnIiwic2xpZGVzaG93IjoiNGJlZmJhMSJ9\" href='https:\/\/www.lichen.pl\/wp-content\/uploads\/2023\/05\/IMG_9862.jpg'><img loading=\"lazy\" width=\"150\" height=\"150\" src=\"https:\/\/www.lichen.pl\/wp-content\/uploads\/2023\/05\/IMG_9862-150x150.jpg\" class=\"attachment-thumbnail size-thumbnail\" alt=\"\" decoding=\"async\" srcset=\"https:\/\/www.lichen.pl\/wp-content\/uploads\/2023\/05\/IMG_9862-150x150.jpg 150w, https:\/\/www.lichen.pl\/wp-content\/uploads\/2023\/05\/IMG_9862-300x300.jpg 300w\" sizes=\"(max-width: 150px) 100vw, 150px\" \/><\/a>\n\t\t\t<\/div><\/figure><figure class='gallery-item'>\n\t\t\t<div class='gallery-icon landscape'>\n\t\t\t\t<a data-elementor-open-lightbox=\"yes\" data-elementor-lightbox-slideshow=\"4befba1\" data-elementor-lightbox-title=\"160-metrowa flaga Polski przed bazylik\u0105\" data-e-action-hash=\"#elementor-action%3Aaction%3Dlightbox%26settings%3DeyJpZCI6NTMwMDgsInVybCI6Imh0dHBzOlwvXC93d3cubGljaGVuLnBsXC93cC1jb250ZW50XC91cGxvYWRzXC8yMDIzXC8wNVwvSU1HXzk4NjUuanBnIiwic2xpZGVzaG93IjoiNGJlZmJhMSJ9\" href='https:\/\/www.lichen.pl\/wp-content\/uploads\/2023\/05\/IMG_9865.jpg'><img loading=\"lazy\" width=\"150\" height=\"150\" src=\"https:\/\/www.lichen.pl\/wp-content\/uploads\/2023\/05\/IMG_9865-150x150.jpg\" class=\"attachment-thumbnail size-thumbnail\" alt=\"\" decoding=\"async\" srcset=\"https:\/\/www.lichen.pl\/wp-content\/uploads\/2023\/05\/IMG_9865-150x150.jpg 150w, https:\/\/www.lichen.pl\/wp-content\/uploads\/2023\/05\/IMG_9865-300x300.jpg 300w\" sizes=\"(max-width: 150px) 100vw, 150px\" \/><\/a>\n\t\t\t<\/div><\/figure><figure class='gallery-item'>\n\t\t\t<div class='gallery-icon portrait'>\n\t\t\t\t<a data-elementor-open-lightbox=\"yes\" data-elementor-lightbox-slideshow=\"4befba1\" data-elementor-lightbox-title=\"Z\u0142ozenie kwiat\u00f3w pod grobem Powsta\u0144c\u00f3w Styczniowych\" data-e-action-hash=\"#elementor-action%3Aaction%3Dlightbox%26settings%3DeyJpZCI6NTMwMDksInVybCI6Imh0dHBzOlwvXC93d3cubGljaGVuLnBsXC93cC1jb250ZW50XC91cGxvYWRzXC8yMDIzXC8wNVwvSU1HXzk4NzAuanBnIiwic2xpZGVzaG93IjoiNGJlZmJhMSJ9\" href='https:\/\/www.lichen.pl\/wp-content\/uploads\/2023\/05\/IMG_9870.jpg'><img loading=\"lazy\" width=\"150\" height=\"150\" src=\"https:\/\/www.lichen.pl\/wp-content\/uploads\/2023\/05\/IMG_9870-150x150.jpg\" class=\"attachment-thumbnail size-thumbnail\" alt=\"\" decoding=\"async\" srcset=\"https:\/\/www.lichen.pl\/wp-content\/uploads\/2023\/05\/IMG_9870-150x150.jpg 150w, https:\/\/www.lichen.pl\/wp-content\/uploads\/2023\/05\/IMG_9870-300x300.jpg 300w\" sizes=\"(max-width: 150px) 100vw, 150px\" \/><\/a>\n\t\t\t<\/div><\/figure><figure class='gallery-item'>\n\t\t\t<div class='gallery-icon landscape'>\n\t\t\t\t<a data-elementor-open-lightbox=\"yes\" data-elementor-lightbox-slideshow=\"4befba1\" data-elementor-lightbox-title=\"Z\u0142ozenie kwiat\u00f3w pod grobem Powsta\u0144c\u00f3w Styczniowych\" data-e-action-hash=\"#elementor-action%3Aaction%3Dlightbox%26settings%3DeyJpZCI6NTMwMTAsInVybCI6Imh0dHBzOlwvXC93d3cubGljaGVuLnBsXC93cC1jb250ZW50XC91cGxvYWRzXC8yMDIzXC8wNVwvSU1HXzk4NzUuanBnIiwic2xpZGVzaG93IjoiNGJlZmJhMSJ9\" href='https:\/\/www.lichen.pl\/wp-content\/uploads\/2023\/05\/IMG_9875.jpg'><img loading=\"lazy\" width=\"150\" height=\"150\" src=\"https:\/\/www.lichen.pl\/wp-content\/uploads\/2023\/05\/IMG_9875-150x150.jpg\" class=\"attachment-thumbnail size-thumbnail\" alt=\"\" decoding=\"async\" srcset=\"https:\/\/www.lichen.pl\/wp-content\/uploads\/2023\/05\/IMG_9875-150x150.jpg 150w, https:\/\/www.lichen.pl\/wp-content\/uploads\/2023\/05\/IMG_9875-300x300.jpg 300w\" sizes=\"(max-width: 150px) 100vw, 150px\" \/><\/a>\n\t\t\t<\/div><\/figure><figure class='gallery-item'>\n\t\t\t<div class='gallery-icon landscape'>\n\t\t\t\t<a data-elementor-open-lightbox=\"yes\" data-elementor-lightbox-slideshow=\"4befba1\" data-elementor-lightbox-title=\"Z\u0142ozenie kwiat\u00f3w pod grobem Powsta\u0144c\u00f3w Styczniowych\" data-e-action-hash=\"#elementor-action%3Aaction%3Dlightbox%26settings%3DeyJpZCI6NTMwMTEsInVybCI6Imh0dHBzOlwvXC93d3cubGljaGVuLnBsXC93cC1jb250ZW50XC91cGxvYWRzXC8yMDIzXC8wNVwvSU1HXzk4ODIuanBnIiwic2xpZGVzaG93IjoiNGJlZmJhMSJ9\" href='https:\/\/www.lichen.pl\/wp-content\/uploads\/2023\/05\/IMG_9882.jpg'><img loading=\"lazy\" width=\"150\" height=\"150\" src=\"https:\/\/www.lichen.pl\/wp-content\/uploads\/2023\/05\/IMG_9882-150x150.jpg\" class=\"attachment-thumbnail size-thumbnail\" alt=\"\" decoding=\"async\" srcset=\"https:\/\/www.lichen.pl\/wp-content\/uploads\/2023\/05\/IMG_9882-150x150.jpg 150w, https:\/\/www.lichen.pl\/wp-content\/uploads\/2023\/05\/IMG_9882-300x300.jpg 300w\" sizes=\"(max-width: 150px) 100vw, 150px\" \/><\/a>\n\t\t\t<\/div><\/figure><figure class='gallery-item'>\n\t\t\t<div class='gallery-icon landscape'>\n\t\t\t\t<a data-elementor-open-lightbox=\"yes\" data-elementor-lightbox-slideshow=\"4befba1\" data-elementor-lightbox-title=\"Z\u0142ozenie kwiat\u00f3w pod grobem Powsta\u0144c\u00f3w Styczniowych\" data-e-action-hash=\"#elementor-action%3Aaction%3Dlightbox%26settings%3DeyJpZCI6NTMwMTIsInVybCI6Imh0dHBzOlwvXC93d3cubGljaGVuLnBsXC93cC1jb250ZW50XC91cGxvYWRzXC8yMDIzXC8wNVwvSU1HXzk4ODkuanBnIiwic2xpZGVzaG93IjoiNGJlZmJhMSJ9\" href='https:\/\/www.lichen.pl\/wp-content\/uploads\/2023\/05\/IMG_9889.jpg'><img loading=\"lazy\" width=\"150\" height=\"150\" src=\"https:\/\/www.lichen.pl\/wp-content\/uploads\/2023\/05\/IMG_9889-150x150.jpg\" class=\"attachment-thumbnail size-thumbnail\" alt=\"\" decoding=\"async\" srcset=\"https:\/\/www.lichen.pl\/wp-content\/uploads\/2023\/05\/IMG_9889-150x150.jpg 150w, https:\/\/www.lichen.pl\/wp-content\/uploads\/2023\/05\/IMG_9889-300x300.jpg 300w\" sizes=\"(max-width: 150px) 100vw, 150px\" \/><\/a>\n\t\t\t<\/div><\/figure><figure class='gallery-item'>\n\t\t\t<div class='gallery-icon portrait'>\n\t\t\t\t<a data-elementor-open-lightbox=\"yes\" data-elementor-lightbox-slideshow=\"4befba1\" data-elementor-lightbox-title=\"Z\u0142ozenie kwiat\u00f3w pod grobem Powsta\u0144c\u00f3w Styczniowych\" data-e-action-hash=\"#elementor-action%3Aaction%3Dlightbox%26settings%3DeyJpZCI6NTMwMTQsInVybCI6Imh0dHBzOlwvXC93d3cubGljaGVuLnBsXC93cC1jb250ZW50XC91cGxvYWRzXC8yMDIzXC8wNVwvSU1HXzk4OTUuanBnIiwic2xpZGVzaG93IjoiNGJlZmJhMSJ9\" href='https:\/\/www.lichen.pl\/wp-content\/uploads\/2023\/05\/IMG_9895.jpg'><img loading=\"lazy\" width=\"150\" height=\"150\" src=\"https:\/\/www.lichen.pl\/wp-content\/uploads\/2023\/05\/IMG_9895-150x150.jpg\" class=\"attachment-thumbnail size-thumbnail\" alt=\"\" decoding=\"async\" srcset=\"https:\/\/www.lichen.pl\/wp-content\/uploads\/2023\/05\/IMG_9895-150x150.jpg 150w, https:\/\/www.lichen.pl\/wp-content\/uploads\/2023\/05\/IMG_9895-300x300.jpg 300w\" sizes=\"(max-width: 150px) 100vw, 150px\" \/><\/a>\n\t\t\t<\/div><\/figure><figure class='gallery-item'>\n\t\t\t<div class='gallery-icon landscape'>\n\t\t\t\t<a data-elementor-open-lightbox=\"yes\" data-elementor-lightbox-slideshow=\"4befba1\" data-elementor-lightbox-title=\"Z\u0142ozenie kwiat\u00f3w pod grobem Powsta\u0144c\u00f3w Styczniowych\" data-e-action-hash=\"#elementor-action%3Aaction%3Dlightbox%26settings%3DeyJpZCI6NTMwMTUsInVybCI6Imh0dHBzOlwvXC93d3cubGljaGVuLnBsXC93cC1jb250ZW50XC91cGxvYWRzXC8yMDIzXC8wNVwvSU1HXzk4OTkuanBnIiwic2xpZGVzaG93IjoiNGJlZmJhMSJ9\" href='https:\/\/www.lichen.pl\/wp-content\/uploads\/2023\/05\/IMG_9899.jpg'><img loading=\"lazy\" width=\"150\" height=\"150\" src=\"https:\/\/www.lichen.pl\/wp-content\/uploads\/2023\/05\/IMG_9899-150x150.jpg\" class=\"attachment-thumbnail size-thumbnail\" alt=\"\" decoding=\"async\" srcset=\"https:\/\/www.lichen.pl\/wp-content\/uploads\/2023\/05\/IMG_9899-150x150.jpg 150w, https:\/\/www.lichen.pl\/wp-content\/uploads\/2023\/05\/IMG_9899-300x300.jpg 300w\" sizes=\"(max-width: 150px) 100vw, 150px\" \/><\/a>\n\t\t\t<\/div><\/figure><figure class='gallery-item'>\n\t\t\t<div class='gallery-icon landscape'>\n\t\t\t\t<a data-elementor-open-lightbox=\"yes\" data-elementor-lightbox-slideshow=\"4befba1\" data-elementor-lightbox-title=\"160-metrowa flaga przed bazylik\u0105\" data-e-action-hash=\"#elementor-action%3Aaction%3Dlightbox%26settings%3DeyJpZCI6NTI5ODgsInVybCI6Imh0dHBzOlwvXC93d3cubGljaGVuLnBsXC93cC1jb250ZW50XC91cGxvYWRzXC8yMDIzXC8wNVwvSU1HXzk4NTkuanBnIiwic2xpZGVzaG93IjoiNGJlZmJhMSJ9\" href='https:\/\/www.lichen.pl\/wp-content\/uploads\/2023\/05\/IMG_9859.jpg'><img loading=\"lazy\" width=\"150\" height=\"150\" src=\"https:\/\/www.lichen.pl\/wp-content\/uploads\/2023\/05\/IMG_9859-150x150.jpg\" class=\"attachment-thumbnail size-thumbnail\" alt=\"\" decoding=\"async\" srcset=\"https:\/\/www.lichen.pl\/wp-content\/uploads\/2023\/05\/IMG_9859-150x150.jpg 150w, https:\/\/www.lichen.pl\/wp-content\/uploads\/2023\/05\/IMG_9859-300x300.jpg 300w\" sizes=\"(max-width: 150px) 100vw, 150px\" \/><\/a>\n\t\t\t<\/div><\/figure><figure class='gallery-item'>\n\t\t\t<div class='gallery-icon portrait'>\n\t\t\t\t<a data-elementor-open-lightbox=\"yes\" data-elementor-lightbox-slideshow=\"4befba1\" data-elementor-lightbox-title=\"Rocznica powstania styczniowego\" data-e-action-hash=\"#elementor-action%3Aaction%3Dlightbox%26settings%3DeyJpZCI6NTI5OTMsInVybCI6Imh0dHBzOlwvXC93d3cubGljaGVuLnBsXC93cC1jb250ZW50XC91cGxvYWRzXC8yMDIzXC8wNVwvSU1HXzk5MDkuanBnIiwic2xpZGVzaG93IjoiNGJlZmJhMSJ9\" href='https:\/\/www.lichen.pl\/wp-content\/uploads\/2023\/05\/IMG_9909.jpg'><img loading=\"lazy\" width=\"150\" height=\"150\" src=\"https:\/\/www.lichen.pl\/wp-content\/uploads\/2023\/05\/IMG_9909-150x150.jpg\" class=\"attachment-thumbnail size-thumbnail\" alt=\"\" decoding=\"async\" srcset=\"https:\/\/www.lichen.pl\/wp-content\/uploads\/2023\/05\/IMG_9909-150x150.jpg 150w, https:\/\/www.lichen.pl\/wp-content\/uploads\/2023\/05\/IMG_9909-300x300.jpg 300w\" sizes=\"(max-width: 150px) 100vw, 150px\" \/><\/a>\n\t\t\t<\/div><\/figure><figure class='gallery-item'>\n\t\t\t<div class='gallery-icon landscape'>\n\t\t\t\t<a data-elementor-open-lightbox=\"yes\" data-elementor-lightbox-slideshow=\"4befba1\" data-elementor-lightbox-title=\"Z\u0142ozenie kwiat\u00f3w pod grobem Powsta\u0144c\u00f3w Styczniowych\" data-e-action-hash=\"#elementor-action%3Aaction%3Dlightbox%26settings%3DeyJpZCI6NTMwMTMsInVybCI6Imh0dHBzOlwvXC93d3cubGljaGVuLnBsXC93cC1jb250ZW50XC91cGxvYWRzXC8yMDIzXC8wNVwvSU1HXzk4OTEuanBnIiwic2xpZGVzaG93IjoiNGJlZmJhMSJ9\" href='https:\/\/www.lichen.pl\/wp-content\/uploads\/2023\/05\/IMG_9891.jpg'><img loading=\"lazy\" width=\"150\" height=\"150\" src=\"https:\/\/www.lichen.pl\/wp-content\/uploads\/2023\/05\/IMG_9891-150x150.jpg\" class=\"attachment-thumbnail size-thumbnail\" alt=\"\" decoding=\"async\" srcset=\"https:\/\/www.lichen.pl\/wp-content\/uploads\/2023\/05\/IMG_9891-150x150.jpg 150w, https:\/\/www.lichen.pl\/wp-content\/uploads\/2023\/05\/IMG_9891-300x300.jpg 300w\" sizes=\"(max-width: 150px) 100vw, 150px\" \/><\/a>\n\t\t\t<\/div><\/figure>\n\t\t<\/div>\n\t\t<\/div>\n\t\t\t\t\t\t<\/div>\n\t\t\t\t<\/div>\n\t\t\t\t\t<\/div>\n\t\t<\/div>\n\t\t\t\t\t<\/div>\n\t\t<\/section>\n\t\t\t\t<\/div>","protected":false},"excerpt":{"rendered":"<p>\u2013 Chcemy modli\u0107 si\u0119 za tych, kt\u00f3rzy oddali \u017cycie za nasz\u0105 Ojczyzn\u0119, walcz\u0105c o wolno\u015b\u0107 i niepodleg\u0142o\u015b\u0107 \u2013 wyja\u015bnia\u0142 ks. Janusz Kumala MIC, kustosz liche\u0144skiego sanktuarium rozpoczynaj\u0105c po\u0142udniow\u0105 Msz\u0119 \u015awi\u0119t\u0105 podczas obchod\u00f3w 160. rocznicy Powstania Styczniowego na Ziemi Koni\u0144skiej. \u2013 Jest to zew autentycznego patriotyzmu, wspomnienie tych, dzi\u0119ki kt\u00f3rym mo\u017cemy dzi\u015b \u017cy\u0107 w wolnej Polsce. [&hellip;]<\/p>\n","protected":false},"author":5,"featured_media":52988,"comment_status":"open","ping_status":"open","sticky":false,"template":"","format":"standard","meta":{"footnotes":""},"categories":[1],"tags":[],"class_list":["post-52987","post","type-post","status-publish","format-standard","has-post-thumbnail","hentry","category-aktualnosci","wpbf-post"],"yoast_head":"<!-- This site is optimized with the Yoast SEO plugin v27.4 - https:\/\/yoast.com\/product\/yoast-seo-wordpress\/ -->\n<title>Ojczyzna znaczy bycie razem - 160. rocznica Powstania Styczniowego - SANKTUARIUM W LICHENIU<\/title>\n<meta name=\"robots\" content=\"index, follow, max-snippet:-1, max-image-preview:large, max-video-preview:-1\" \/>\n<link rel=\"canonical\" href=\"https:\/\/www.lichen.pl\/en\/160-rocznica-powstania-styczniowego\/\" \/>\n<meta property=\"og:locale\" content=\"en_GB\" \/>\n<meta property=\"og:type\" content=\"article\" \/>\n<meta property=\"og:title\" content=\"Ojczyzna znaczy bycie razem - 160. rocznica Powstania Styczniowego - SANKTUARIUM W LICHENIU\" \/>\n<meta property=\"og:description\" content=\"\u2013 Chcemy modli\u0107 si\u0119 za tych, kt\u00f3rzy oddali \u017cycie za nasz\u0105 Ojczyzn\u0119, walcz\u0105c o wolno\u015b\u0107 i niepodleg\u0142o\u015b\u0107 \u2013 wyja\u015bnia\u0142 ks. Janusz Kumala MIC, kustosz liche\u0144skiego sanktuarium rozpoczynaj\u0105c po\u0142udniow\u0105 Msz\u0119 \u015awi\u0119t\u0105 podczas obchod\u00f3w 160. rocznicy Powstania Styczniowego na Ziemi Koni\u0144skiej. \u2013 Jest to zew autentycznego patriotyzmu, wspomnienie tych, dzi\u0119ki kt\u00f3rym mo\u017cemy dzi\u015b \u017cy\u0107 w wolnej Polsce. [&hellip;]\" \/>\n<meta property=\"og:url\" content=\"https:\/\/www.lichen.pl\/en\/160-rocznica-powstania-styczniowego\/\" \/>\n<meta property=\"og:site_name\" content=\"SANKTUARIUM W LICHENIU\" \/>\n<meta property=\"article:published_time\" content=\"2023-05-07T19:40:25+00:00\" \/>\n<meta property=\"article:modified_time\" content=\"2023-05-07T19:59:54+00:00\" \/>\n<meta property=\"og:image\" content=\"https:\/\/www.lichen.pl\/wp-content\/uploads\/2023\/05\/IMG_9859-1024x683.jpg\" \/>\n\t<meta property=\"og:image:width\" content=\"1024\" \/>\n\t<meta property=\"og:image:height\" content=\"683\" \/>\n\t<meta property=\"og:image:type\" content=\"image\/jpeg\" \/>\n<meta name=\"author\" content=\"Justyna Zacharek\" \/>\n<meta name=\"twitter:card\" content=\"summary_large_image\" \/>\n<meta name=\"twitter:label1\" content=\"Written by\" \/>\n\t<meta name=\"twitter:data1\" content=\"Justyna Zacharek\" \/>\n\t<meta name=\"twitter:label2\" content=\"Estimated reading time\" \/>\n\t<meta name=\"twitter:data2\" content=\"5 minutes\" \/>\n<script type=\"application\/ld+json\" class=\"yoast-schema-graph\">{\"@context\":\"https:\\\/\\\/schema.org\",\"@graph\":[{\"@type\":\"Article\",\"@id\":\"https:\\\/\\\/www.lichen.pl\\\/160-rocznica-powstania-styczniowego\\\/#article\",\"isPartOf\":{\"@id\":\"https:\\\/\\\/www.lichen.pl\\\/160-rocznica-powstania-styczniowego\\\/\"},\"author\":{\"name\":\"Justyna Zacharek\",\"@id\":\"https:\\\/\\\/www.lichen.pl\\\/fr\\\/#\\\/schema\\\/person\\\/9f57a1408d363022abd305da0323b703\"},\"headline\":\"Ojczyzna znaczy bycie razem &#8211; 160. rocznica Powstania Styczniowego\",\"datePublished\":\"2023-05-07T19:40:25+00:00\",\"dateModified\":\"2023-05-07T19:59:54+00:00\",\"mainEntityOfPage\":{\"@id\":\"https:\\\/\\\/www.lichen.pl\\\/160-rocznica-powstania-styczniowego\\\/\"},\"wordCount\":803,\"commentCount\":0,\"image\":{\"@id\":\"https:\\\/\\\/www.lichen.pl\\\/160-rocznica-powstania-styczniowego\\\/#primaryimage\"},\"thumbnailUrl\":\"https:\\\/\\\/www.lichen.pl\\\/wp-content\\\/uploads\\\/2023\\\/05\\\/IMG_9859.jpg\",\"articleSection\":[\"Aktualno\u015bci\"],\"inLanguage\":\"en-GB\",\"potentialAction\":[{\"@type\":\"CommentAction\",\"name\":\"Comment\",\"target\":[\"https:\\\/\\\/www.lichen.pl\\\/160-rocznica-powstania-styczniowego\\\/#respond\"]}]},{\"@type\":\"WebPage\",\"@id\":\"https:\\\/\\\/www.lichen.pl\\\/160-rocznica-powstania-styczniowego\\\/\",\"url\":\"https:\\\/\\\/www.lichen.pl\\\/160-rocznica-powstania-styczniowego\\\/\",\"name\":\"Ojczyzna znaczy bycie razem - 160. rocznica Powstania Styczniowego - SANKTUARIUM W LICHENIU\",\"isPartOf\":{\"@id\":\"https:\\\/\\\/www.lichen.pl\\\/fr\\\/#website\"},\"primaryImageOfPage\":{\"@id\":\"https:\\\/\\\/www.lichen.pl\\\/160-rocznica-powstania-styczniowego\\\/#primaryimage\"},\"image\":{\"@id\":\"https:\\\/\\\/www.lichen.pl\\\/160-rocznica-powstania-styczniowego\\\/#primaryimage\"},\"thumbnailUrl\":\"https:\\\/\\\/www.lichen.pl\\\/wp-content\\\/uploads\\\/2023\\\/05\\\/IMG_9859.jpg\",\"datePublished\":\"2023-05-07T19:40:25+00:00\",\"dateModified\":\"2023-05-07T19:59:54+00:00\",\"author\":{\"@id\":\"https:\\\/\\\/www.lichen.pl\\\/fr\\\/#\\\/schema\\\/person\\\/9f57a1408d363022abd305da0323b703\"},\"breadcrumb\":{\"@id\":\"https:\\\/\\\/www.lichen.pl\\\/160-rocznica-powstania-styczniowego\\\/#breadcrumb\"},\"inLanguage\":\"en-GB\",\"potentialAction\":[{\"@type\":\"ReadAction\",\"target\":[\"https:\\\/\\\/www.lichen.pl\\\/160-rocznica-powstania-styczniowego\\\/\"]}]},{\"@type\":\"ImageObject\",\"inLanguage\":\"en-GB\",\"@id\":\"https:\\\/\\\/www.lichen.pl\\\/160-rocznica-powstania-styczniowego\\\/#primaryimage\",\"url\":\"https:\\\/\\\/www.lichen.pl\\\/wp-content\\\/uploads\\\/2023\\\/05\\\/IMG_9859.jpg\",\"contentUrl\":\"https:\\\/\\\/www.lichen.pl\\\/wp-content\\\/uploads\\\/2023\\\/05\\\/IMG_9859.jpg\",\"width\":1920,\"height\":1280},{\"@type\":\"BreadcrumbList\",\"@id\":\"https:\\\/\\\/www.lichen.pl\\\/160-rocznica-powstania-styczniowego\\\/#breadcrumb\",\"itemListElement\":[{\"@type\":\"ListItem\",\"position\":1,\"name\":\"Strona g\u0142\u00f3wna\",\"item\":\"https:\\\/\\\/www.lichen.pl\\\/\"},{\"@type\":\"ListItem\",\"position\":2,\"name\":\"Ojczyzna znaczy bycie razem &#8211; 160. rocznica Powstania Styczniowego\"}]},{\"@type\":\"WebSite\",\"@id\":\"https:\\\/\\\/www.lichen.pl\\\/fr\\\/#website\",\"url\":\"https:\\\/\\\/www.lichen.pl\\\/fr\\\/\",\"name\":\"SANKTUARIUM W LICHENIU\",\"description\":\"MATKI BO\u017bEJ LICHE\u0143SKIEJ BOLESNEJ KR\u00d3LOWEJ POLSKI\",\"potentialAction\":[{\"@type\":\"SearchAction\",\"target\":{\"@type\":\"EntryPoint\",\"urlTemplate\":\"https:\\\/\\\/www.lichen.pl\\\/fr\\\/?s={search_term_string}\"},\"query-input\":{\"@type\":\"PropertyValueSpecification\",\"valueRequired\":true,\"valueName\":\"search_term_string\"}}],\"inLanguage\":\"en-GB\"},{\"@type\":\"Person\",\"@id\":\"https:\\\/\\\/www.lichen.pl\\\/fr\\\/#\\\/schema\\\/person\\\/9f57a1408d363022abd305da0323b703\",\"name\":\"Justyna Zacharek\",\"image\":{\"@type\":\"ImageObject\",\"inLanguage\":\"en-GB\",\"@id\":\"https:\\\/\\\/secure.gravatar.com\\\/avatar\\\/7be193626a4fb4d6a7d53a7686c3bbf938efff653c427e0182457b838e9d2c3b?s=96&d=retro&r=g\",\"url\":\"https:\\\/\\\/secure.gravatar.com\\\/avatar\\\/7be193626a4fb4d6a7d53a7686c3bbf938efff653c427e0182457b838e9d2c3b?s=96&d=retro&r=g\",\"contentUrl\":\"https:\\\/\\\/secure.gravatar.com\\\/avatar\\\/7be193626a4fb4d6a7d53a7686c3bbf938efff653c427e0182457b838e9d2c3b?s=96&d=retro&r=g\",\"caption\":\"Justyna Zacharek\"},\"url\":\"https:\\\/\\\/www.lichen.pl\\\/en\\\/author\\\/justyna\\\/\"}]}<\/script>\n<!-- \/ Yoast SEO plugin. -->","yoast_head_json":{"title":"Ojczyzna znaczy bycie razem - 160. rocznica Powstania Styczniowego - SANKTUARIUM W LICHENIU","robots":{"index":"index","follow":"follow","max-snippet":"max-snippet:-1","max-image-preview":"max-image-preview:large","max-video-preview":"max-video-preview:-1"},"canonical":"https:\/\/www.lichen.pl\/en\/160-rocznica-powstania-styczniowego\/","og_locale":"en_GB","og_type":"article","og_title":"Ojczyzna znaczy bycie razem - 160. rocznica Powstania Styczniowego - SANKTUARIUM W LICHENIU","og_description":"\u2013 Chcemy modli\u0107 si\u0119 za tych, kt\u00f3rzy oddali \u017cycie za nasz\u0105 Ojczyzn\u0119, walcz\u0105c o wolno\u015b\u0107 i niepodleg\u0142o\u015b\u0107 \u2013 wyja\u015bnia\u0142 ks. Janusz Kumala MIC, kustosz liche\u0144skiego sanktuarium rozpoczynaj\u0105c po\u0142udniow\u0105 Msz\u0119 \u015awi\u0119t\u0105 podczas obchod\u00f3w 160. rocznicy Powstania Styczniowego na Ziemi Koni\u0144skiej. \u2013 Jest to zew autentycznego patriotyzmu, wspomnienie tych, dzi\u0119ki kt\u00f3rym mo\u017cemy dzi\u015b \u017cy\u0107 w wolnej Polsce. [&hellip;]","og_url":"https:\/\/www.lichen.pl\/en\/160-rocznica-powstania-styczniowego\/","og_site_name":"SANKTUARIUM W LICHENIU","article_published_time":"2023-05-07T19:40:25+00:00","article_modified_time":"2023-05-07T19:59:54+00:00","og_image":[{"width":1024,"height":683,"url":"https:\/\/www.lichen.pl\/wp-content\/uploads\/2023\/05\/IMG_9859-1024x683.jpg","type":"image\/jpeg"}],"author":"Justyna Zacharek","twitter_card":"summary_large_image","twitter_misc":{"Written by":"Justyna Zacharek","Estimated reading time":"5 minutes"},"schema":{"@context":"https:\/\/schema.org","@graph":[{"@type":"Article","@id":"https:\/\/www.lichen.pl\/160-rocznica-powstania-styczniowego\/#article","isPartOf":{"@id":"https:\/\/www.lichen.pl\/160-rocznica-powstania-styczniowego\/"},"author":{"name":"Justyna Zacharek","@id":"https:\/\/www.lichen.pl\/fr\/#\/schema\/person\/9f57a1408d363022abd305da0323b703"},"headline":"Ojczyzna znaczy bycie razem &#8211; 160. rocznica Powstania Styczniowego","datePublished":"2023-05-07T19:40:25+00:00","dateModified":"2023-05-07T19:59:54+00:00","mainEntityOfPage":{"@id":"https:\/\/www.lichen.pl\/160-rocznica-powstania-styczniowego\/"},"wordCount":803,"commentCount":0,"image":{"@id":"https:\/\/www.lichen.pl\/160-rocznica-powstania-styczniowego\/#primaryimage"},"thumbnailUrl":"https:\/\/www.lichen.pl\/wp-content\/uploads\/2023\/05\/IMG_9859.jpg","articleSection":["Aktualno\u015bci"],"inLanguage":"en-GB","potentialAction":[{"@type":"CommentAction","name":"Comment","target":["https:\/\/www.lichen.pl\/160-rocznica-powstania-styczniowego\/#respond"]}]},{"@type":"WebPage","@id":"https:\/\/www.lichen.pl\/160-rocznica-powstania-styczniowego\/","url":"https:\/\/www.lichen.pl\/160-rocznica-powstania-styczniowego\/","name":"Ojczyzna znaczy bycie razem - 160. rocznica Powstania Styczniowego - SANKTUARIUM W LICHENIU","isPartOf":{"@id":"https:\/\/www.lichen.pl\/fr\/#website"},"primaryImageOfPage":{"@id":"https:\/\/www.lichen.pl\/160-rocznica-powstania-styczniowego\/#primaryimage"},"image":{"@id":"https:\/\/www.lichen.pl\/160-rocznica-powstania-styczniowego\/#primaryimage"},"thumbnailUrl":"https:\/\/www.lichen.pl\/wp-content\/uploads\/2023\/05\/IMG_9859.jpg","datePublished":"2023-05-07T19:40:25+00:00","dateModified":"2023-05-07T19:59:54+00:00","author":{"@id":"https:\/\/www.lichen.pl\/fr\/#\/schema\/person\/9f57a1408d363022abd305da0323b703"},"breadcrumb":{"@id":"https:\/\/www.lichen.pl\/160-rocznica-powstania-styczniowego\/#breadcrumb"},"inLanguage":"en-GB","potentialAction":[{"@type":"ReadAction","target":["https:\/\/www.lichen.pl\/160-rocznica-powstania-styczniowego\/"]}]},{"@type":"ImageObject","inLanguage":"en-GB","@id":"https:\/\/www.lichen.pl\/160-rocznica-powstania-styczniowego\/#primaryimage","url":"https:\/\/www.lichen.pl\/wp-content\/uploads\/2023\/05\/IMG_9859.jpg","contentUrl":"https:\/\/www.lichen.pl\/wp-content\/uploads\/2023\/05\/IMG_9859.jpg","width":1920,"height":1280},{"@type":"BreadcrumbList","@id":"https:\/\/www.lichen.pl\/160-rocznica-powstania-styczniowego\/#breadcrumb","itemListElement":[{"@type":"ListItem","position":1,"name":"Strona g\u0142\u00f3wna","item":"https:\/\/www.lichen.pl\/"},{"@type":"ListItem","position":2,"name":"Ojczyzna znaczy bycie razem &#8211; 160. rocznica Powstania Styczniowego"}]},{"@type":"WebSite","@id":"https:\/\/www.lichen.pl\/fr\/#website","url":"https:\/\/www.lichen.pl\/fr\/","name":"SANCTUARY IN LICHENIA","description":"OUR LICHEN&#039;S SORROWFUL QUEEN OF POLAND","potentialAction":[{"@type":"SearchAction","target":{"@type":"EntryPoint","urlTemplate":"https:\/\/www.lichen.pl\/fr\/?s={search_term_string}"},"query-input":{"@type":"PropertyValueSpecification","valueRequired":true,"valueName":"search_term_string"}}],"inLanguage":"en-GB"},{"@type":"Person","@id":"https:\/\/www.lichen.pl\/fr\/#\/schema\/person\/9f57a1408d363022abd305da0323b703","name":"Justyna Zacharek","image":{"@type":"ImageObject","inLanguage":"en-GB","@id":"https:\/\/secure.gravatar.com\/avatar\/7be193626a4fb4d6a7d53a7686c3bbf938efff653c427e0182457b838e9d2c3b?s=96&d=retro&r=g","url":"https:\/\/secure.gravatar.com\/avatar\/7be193626a4fb4d6a7d53a7686c3bbf938efff653c427e0182457b838e9d2c3b?s=96&d=retro&r=g","contentUrl":"https:\/\/secure.gravatar.com\/avatar\/7be193626a4fb4d6a7d53a7686c3bbf938efff653c427e0182457b838e9d2c3b?s=96&d=retro&r=g","caption":"Justyna Zacharek"},"url":"https:\/\/www.lichen.pl\/en\/author\/justyna\/"}]}},"_links":{"self":[{"href":"https:\/\/www.lichen.pl\/en\/wp-json\/wp\/v2\/posts\/52987","targetHints":{"allow":["GET"]}}],"collection":[{"href":"https:\/\/www.lichen.pl\/en\/wp-json\/wp\/v2\/posts"}],"about":[{"href":"https:\/\/www.lichen.pl\/en\/wp-json\/wp\/v2\/types\/post"}],"author":[{"embeddable":true,"href":"https:\/\/www.lichen.pl\/en\/wp-json\/wp\/v2\/users\/5"}],"replies":[{"embeddable":true,"href":"https:\/\/www.lichen.pl\/en\/wp-json\/wp\/v2\/comments?post=52987"}],"version-history":[{"count":4,"href":"https:\/\/www.lichen.pl\/en\/wp-json\/wp\/v2\/posts\/52987\/revisions"}],"predecessor-version":[{"id":53018,"href":"https:\/\/www.lichen.pl\/en\/wp-json\/wp\/v2\/posts\/52987\/revisions\/53018"}],"wp:featuredmedia":[{"embeddable":true,"href":"https:\/\/www.lichen.pl\/en\/wp-json\/wp\/v2\/media\/52988"}],"wp:attachment":[{"href":"https:\/\/www.lichen.pl\/en\/wp-json\/wp\/v2\/media?parent=52987"}],"wp:term":[{"taxonomy":"category","embeddable":true,"href":"https:\/\/www.lichen.pl\/en\/wp-json\/wp\/v2\/categories?post=52987"},{"taxonomy":"post_tag","embeddable":true,"href":"https:\/\/www.lichen.pl\/en\/wp-json\/wp\/v2\/tags?post=52987"}],"curies":[{"name":"wp","href":"https:\/\/api.w.org\/{rel}","templated":true}]}}