{"id":54098,"date":"2023-06-23T14:30:30","date_gmt":"2023-06-23T12:30:30","guid":{"rendered":"https:\/\/www.lichen.pl\/?p=54098"},"modified":"2023-06-29T09:22:58","modified_gmt":"2023-06-29T07:22:58","slug":"wywiad-z-ks-jaroslawem-hybza-mic-nowym-dyrektorem-lichenskiego-centrum-pomocy","status":"publish","type":"post","link":"https:\/\/www.lichen.pl\/en\/wywiad-z-ks-jaroslawem-hybza-mic-nowym-dyrektorem-lichenskiego-centrum-pomocy\/","title":{"rendered":"Wywiad z ks. Jaros\u0142awem Hybz\u0105 MIC, nowym dyrektorem Liche\u0144skiego Centrum Pomocy"},"content":{"rendered":"<div data-elementor-type=\"wp-post\" data-elementor-id=\"54098\" class=\"elementor elementor-54098\" data-elementor-post-type=\"post\">\n\t\t\t\t\t\t<section class=\"elementor-section elementor-top-section elementor-element elementor-element-5276618 elementor-section-boxed elementor-section-height-default elementor-section-height-default\" data-id=\"5276618\" data-element_type=\"section\" data-e-type=\"section\">\n\t\t\t\t\t\t<div class=\"elementor-container elementor-column-gap-default\">\n\t\t\t\t\t<div class=\"elementor-column elementor-col-100 elementor-top-column elementor-element elementor-element-87cb4b8\" data-id=\"87cb4b8\" data-element_type=\"column\" data-e-type=\"column\">\n\t\t\t<div class=\"elementor-widget-wrap elementor-element-populated\">\n\t\t\t\t\t\t<div class=\"elementor-element elementor-element-a399660 elementor-widget elementor-widget-text-editor\" data-id=\"a399660\" data-element_type=\"widget\" data-e-type=\"widget\" data-widget_type=\"text-editor.default\">\n\t\t\t\t<div class=\"elementor-widget-container\">\n\t\t\t\t\t\t\t\t\t<p><strong><span style=\"color: #000000;\">Z ks. Jaros\u0142awem Hybz\u0105 MIC, dyrektorem Centrum Pomocy i Osobom Uzale\u017cnionym w liche\u0144skim sanktuarium, rozmawia Robert Adamczyk.<\/span><\/strong><\/p>\t\t\t\t\t\t\t\t<\/div>\n\t\t\t\t<\/div>\n\t\t\t\t<div class=\"elementor-element elementor-element-22e5b66 elementor-widget elementor-widget-image\" data-id=\"22e5b66\" data-element_type=\"widget\" data-e-type=\"widget\" data-widget_type=\"image.default\">\n\t\t\t\t<div class=\"elementor-widget-container\">\n\t\t\t\t\t\t\t\t\t\t\t\t\t\t\t<img fetchpriority=\"high\" decoding=\"async\" width=\"1024\" height=\"759\" src=\"https:\/\/www.lichen.pl\/wp-content\/uploads\/2023\/06\/jaro-hybza-1024x759.jpg\" class=\"attachment-large size-large wp-image-54099\" alt=\"\" srcset=\"https:\/\/www.lichen.pl\/wp-content\/uploads\/2023\/06\/jaro-hybza-1024x759.jpg 1024w, https:\/\/www.lichen.pl\/wp-content\/uploads\/2023\/06\/jaro-hybza-800x593.jpg 800w, https:\/\/www.lichen.pl\/wp-content\/uploads\/2023\/06\/jaro-hybza-300x223.jpg 300w, https:\/\/www.lichen.pl\/wp-content\/uploads\/2023\/06\/jaro-hybza-768x570.jpg 768w, https:\/\/www.lichen.pl\/wp-content\/uploads\/2023\/06\/jaro-hybza-1536x1139.jpg 1536w, https:\/\/www.lichen.pl\/wp-content\/uploads\/2023\/06\/jaro-hybza-2048x1519.jpg 2048w, https:\/\/www.lichen.pl\/wp-content\/uploads\/2023\/06\/jaro-hybza-16x12.jpg 16w, https:\/\/www.lichen.pl\/wp-content\/uploads\/2023\/06\/jaro-hybza.jpg 1920w\" sizes=\"(max-width: 1024px) 100vw, 1024px\" \/>\t\t\t\t\t\t\t\t\t\t\t\t\t\t\t<\/div>\n\t\t\t\t<\/div>\n\t\t\t\t\t<\/div>\n\t\t<\/div>\n\t\t\t\t\t<\/div>\n\t\t<\/section>\n\t\t\t\t<section class=\"elementor-section elementor-top-section elementor-element elementor-element-814df87 elementor-section-boxed elementor-section-height-default elementor-section-height-default\" data-id=\"814df87\" data-element_type=\"section\" data-e-type=\"section\">\n\t\t\t\t\t\t<div class=\"elementor-container elementor-column-gap-default\">\n\t\t\t\t\t<div class=\"elementor-column elementor-col-100 elementor-top-column elementor-element elementor-element-fe719f8\" data-id=\"fe719f8\" data-element_type=\"column\" data-e-type=\"column\">\n\t\t\t<div class=\"elementor-widget-wrap elementor-element-populated\">\n\t\t\t\t\t\t<div class=\"elementor-element elementor-element-3a73bfd elementor-widget elementor-widget-text-editor\" data-id=\"3a73bfd\" data-element_type=\"widget\" data-e-type=\"widget\" data-widget_type=\"text-editor.default\">\n\t\t\t\t<div class=\"elementor-widget-container\">\n\t\t\t\t\t\t\t\t\t<p><span style=\"color: #000000;\"><strong>Czy spodziewa\u0142 si\u0119 Ksi\u0105dz powo\u0142ania na funkcj\u0119 dyrektora Liche\u0144skiego Centrum Pomocy?<\/strong><\/span><\/p><p><span style=\"color: #000000;\">Nie, decyzja spad\u0142a na mnie jak grom z jasnego nieba. Zupe\u0142nie si\u0119 tego nie spodziewa\u0142em. Zosta\u0142em dyrektorem, poniewa\u017c mam du\u017ce do\u015bwiadczenie w pracy duszpasterskiej w parafiach \u2013 na Bia\u0142orusi, w Kazachstanie i w Polsce. Prowadzi\u0142em r\u00f3\u017cne wsp\u00f3lnoty, m.in. rodzin, os\u00f3b uzale\u017cnionych. W Karagandzie przez dwa lata uczestniczy\u0142em w mitingach AA, Al-Anon czy z dzie\u0107mi alkoholik\u00f3w. Pracowa\u0142em z rozbitymi rodzinami, kt\u00f3re prze\u017cywa\u0142y r\u00f3\u017cne kryzysy. Pomaga\u0142em na Bia\u0142orusi, w Kazachstanie czy w Warszawie, gdzie rodziny borykaj\u0105 si\u0119 z podobnymi problemami, kt\u00f3re trzeba rozwi\u0105zywa\u0107 na bie\u017c\u0105co. Zg\u0142asza\u0142y si\u0119 te\u017c do mnie osoby na wspieraj\u0105ce rozmowy, by\u0142em kierownikiem duchowym wielu os\u00f3b, kt\u00f3rych \u017cycie z\u0142ama\u0142y r\u00f3\u017cne trudne sytuacje i uzale\u017cnienia od narkotyk\u00f3w czy hazardu. Dlatego w centrum pomocy czuj\u0119 si\u0119 dobrze, bo mog\u0119 podzieli\u0107 si\u0119 moim bogatym do\u015bwiadczeniem. B\u0119d\u0119 prowadzi\u0142 rekolekcje dla os\u00f3b, kt\u00f3re prze\u017cywaj\u0105 depresj\u0119, \u017ca\u0142ob\u0119 czy kryzysy ma\u0142\u017ce\u0144skie. Dla mnie to ciekawe wyzwania i inspiruj\u0105ca praca duszpasterska.<\/span><\/p><p><span style=\"color: #000000;\"><strong>Do liche\u0144skiego sanktuarium przyje\u017cd\u017caj\u0105 pielgrzymi z ca\u0142ego kraju, to zupe\u0142nie inne miejsce pos\u0142ugiwania ni\u017c parafia. Czy nie obawia si\u0119 Ksi\u0105dz du\u017cej liczby zg\u0142osze\u0144 po pomoc, spraw z kt\u00f3rymi b\u0119dzie si\u0119 Ksi\u0105dz styka\u0142?<\/strong><\/span><\/p><p><span style=\"color: #000000;\">Poznawanie nowych ludzi i problem\u00f3w, to wielkie bogactwo dla nas. Pielgrzymi przyje\u017cd\u017caj\u0105 z r\u00f3\u017cnymi trudno\u015bciami, kt\u00f3re powierzaj\u0105 Matce Bo\u017cej Liche\u0144skiej i przedstawiaj\u0105 w rozmowie z ksi\u0119\u017cmi. Parafia jest pewnym wycinkiem, natomiast w sanktuarium mamy szerokie spektrum. Mo\u017cemy dzia\u0142a\u0107 na r\u00f3\u017cnych p\u0142aszczyznach, pomagaj\u0105c ludziom w r\u00f3\u017cnym wieku.<\/span><\/p><p><span style=\"color: #000000;\"><strong>Liche\u0144skie Centrum Pomocy jest \u017cywym pomnikiem wzniesionym przez ksi\u0119\u017cy marian\u00f3w, jako dzi\u0119kczynienie za pielgrzymk\u0119 \u015bw. Jana Paw\u0142a II. To zobowi\u0105zuje. <\/strong><\/span><\/p><p><span style=\"color: #000000;\">To prawda, papie\u017c Jan Pawe\u0142 II by\u0142 w Licheniu w 1999 r., a centrum powsta\u0142o w 2000 r. Misj\u0105 liche\u0144skiego sanktuarium i charyzmatem ksi\u0119\u017cy marian\u00f3w jest niesienie pomocy tym, kt\u00f3rzy jej potrzebuj\u0105.<\/span><\/p><p><span style=\"color: #000000;\"><strong>Prowadzone s\u0105 r\u00f3\u017cnego rodzaju warsztaty, rekolekcje, terapie dla ludzi, kt\u00f3rzy maj\u0105 problemy lub chc\u0105 poprawi\u0107 jako\u015b\u0107 swojego \u017cycia duchowego. Czy nasuwa si\u0119 Ksi\u0119dzu nowy temat rekolekcji, kt\u00f3ry jest wa\u017cny w naszym spo\u0142ecze\u0144stwie? <\/strong><\/span><\/p><p><span style=\"color: #000000;\">B\u0119d\u0119 podejmowa\u0142 r\u00f3\u017cne tematy. Np. prowadz\u0119 rekolekcje \u201eJak pokocha\u0107, zaakceptowa\u0107 siebie?\u201d. My\u015bl\u0119 te\u017c nad tematem warto\u015bci cz\u0142owieka, by uczestnicy przeszli od niskiego poczucia w\u0142asnej warto\u015bci, do pewno\u015bci, \u017ce w oczach Boga jeste\u015bmy cenni. Chcia\u0142bym wzbudza\u0107 w ludziach poczucie dobra i pi\u0119kna, kt\u00f3re jest w nas, jako dar od Boga. W oczach Boga mamy wielk\u0105 warto\u015b\u0107, za nas Chrystus odda\u0142 \u017cycie. Trzeba bardzo podkre\u015bla\u0107 warto\u015b\u0107 ka\u017cdego cz\u0142owieka.<\/span><\/p><p><span style=\"color: #000000;\"><strong>A co z grup\u0105 spo\u0142eczn\u0105 uzale\u017cnionych od r\u00f3\u017cnych medi\u00f3w, r\u00f3wnie\u017c spo\u0142eczno\u015bciowych?<\/strong><\/span><\/p><p><span style=\"color: #000000;\">Cz\u0119sto podkre\u015blam, \u017ce aby w naszym \u017cyciu nast\u0105pi\u0142a przemiana, musimy zamieni\u0107 adoracj\u0119 ekran\u00f3w na adoracj\u0119 Pisma \u015awi\u0119tego. Nie adoruj ekranu, gdzie nie zawsze jest wszystko cenne dla rozwoju duchowego, ale przyjd\u017a na adoracj\u0119 Naj\u015bwi\u0119tszego Sakramentu i adoruj Jezusa obecnego w Pi\u015bmie \u015awi\u0119tym. Papie\u017c Grzegorz Wielki powiedzia\u0142, \u017ce Pismo \u015awi\u0119tego jest dla nas lustrem, w kt\u00f3rym widzimy nasz\u0105 wewn\u0119trzn\u0105 twarz, nasze odbicie. My\u015bl\u0119, \u017ce dobr\u0105 propozycj\u0105 s\u0105 rekolekcje biblijne, kt\u00f3re pokazuj\u0105 pi\u0119kno S\u0142owa Bo\u017cego. Poprzedni dyrektor centrum ks. Zbigniew Borkowski MIC podkre\u015bli\u0142 pi\u0119knie wag\u0119 <em>lectio divina<\/em>, czyli Bo\u017cego czytania Pisma \u015awi\u0119tego. Opr\u00f3cz formacji 12 krok\u00f3w AA, warto podj\u0105\u0107 formacj\u0119 duchow\u0105 poprzez <em>lectio divina<\/em>, by ludzie zachwycili si\u0119 S\u0142owem Boga.<\/span><\/p><p><span style=\"color: #000000;\"><strong>Za miesi\u0105c odb\u0119dzie si\u0119 du\u017ce wydarzenie, kt\u00f3re organizuje Liche\u0144skie Centrum Pomocy \u2013 Liche\u0144skie Spotkania Trze\u017awo\u015bciowe, czyli mityng pod gwiazdami. Co Ksi\u0105dz my\u015bli o tym spotkaniu?<\/strong><\/span><\/p><p><span style=\"color: #000000;\">Czekam na to wydarzenie z niepokojem, chocia\u017c obserwowa\u0142em je w ubieg\u0142ych latach, bo przyjecha\u0142em do Lichenia 5 lat temu. Tym razem jako dyrektor konkretnie si\u0119 w nie zaanga\u017cuj\u0119. Uwa\u017cam, \u017ce to pi\u0119kne spotkania, kt\u00f3re jednocz\u0105 ludzi. Ludzie podczas tych spotka\u0144 tworz\u0105 jedn\u0105, wielk\u0105 i wspania\u0142\u0105 rodzin\u0119, powstaje wsp\u00f3lnota, kt\u00f3ra zwyci\u0119\u017cy\u0142a z\u0142o i nadal z nim walczy \u2013 ze swoimi grzechami i na\u0142ogami. Cz\u0119sto uzale\u017cnieni odnosz\u0105 sukcesy, kt\u00f3rymi si\u0119 dziel\u0105. Spotkania trze\u017awo\u015bciowe s\u0105 bardzo buduj\u0105ce dzi\u0119ki ich \u015bwiadectwom przemiany, nowego \u017cycia, kt\u00f3re rodzi si\u0119 niejednokrotnie tu, przed obrazem Matki Bo\u017cej Liche\u0144skiej, a kontynuowane jest w grupach AA, w swoich miejscowo\u015bciach.<\/span><\/p><p><span style=\"color: #000000;\"><strong>\u017bycz\u0119, by ta praca by\u0142a dla Ksi\u0119dza satysfakcjonuj\u0105ca, a przede wszystkim dla ludzi, kt\u00f3rzy poszukuj\u0105 pomocy.<\/strong><\/span><\/p><p><span style=\"color: #000000;\">Mam wielkie nadzieje, \u017ce b\u0119d\u0119 tu potrzeby. Jestem otwarty na wszelk\u0105 pomoc, chc\u0119, by ludzie otrzymywali nowe \u017cycie, wsparcie duchowe. Wszyscy potrzebujemy, by kto\u015b nas pokocha\u0142, zaakceptowa\u0142, zauwa\u017cy\u0142 i nam doradzi\u0142. Chcemy nie\u015b\u0107 ludziom praktyczn\u0105 mi\u0142o\u015b\u0107, kt\u00f3rej na co dzie\u0144 brakuje, chcemy okazywa\u0107 serce. Wierz\u0119, \u017ce moja misja tutaj b\u0119dzie cennym do\u015bwiadczeniem dla ludzi, kt\u00f3rzy potrzebuj\u0105 pomocy.<\/span><\/p><p>\u00a0<\/p><p><span style=\"color: #000000;\">Ks. Jaros\u0142aw Hybza MIC,\u00a0 nowy dyrektor Liche\u0144skiego Centrum Pomocy Rodzinie i Osobom Uzale\u017cnionym, otrzyma\u0142 \u015bwi\u0119cenia kap\u0142a\u0144skie w roku 1992 r. w Licheniu z r\u0105k biskupa w\u0142oc\u0142awskiego Bronis\u0142awa Dembowskiego. Pod koniec sierpnia 1992 r. zosta\u0142 skierowany do pracy na Bia\u0142orusi w Borysowie, gdzie proboszczem by\u0142 ks. J\u00f3zef Pietuszko MIC. Po dw\u00f3ch latach pos\u0142ugi jako wikariusz zosta\u0142 mianowany proboszczem parafii w Orszy na Bia\u0142orusi. Pe\u0142ni\u0142 t\u0119 pos\u0142ug\u0119 przez 8 lat do roku 2002. Na pocz\u0105tku wrze\u015bnia wr\u00f3ci\u0142 do Polski do Lichenia, gdzie pe\u0142ni\u0142 pos\u0142ug\u0119 wikariusza parafii i katechety w miejscowej szkole podstawowej.<\/span><\/p><p><span style=\"color: #000000;\">Po dw\u00f3ch latach pracy w liche\u0144skiej parafii zosta\u0142 skierowany do pracy misyjnej w Kazachstanie w Karagandzie, jako wikariusz w parafii prowadzonej od wielu lat przez ksi\u0119\u017cy marian\u00f3w. Tutaj uczestniczy\u0142 aktywnie w spotkaniach trze\u017awo\u015bciowych przy parafii. Bra\u0142 czynny udzia\u0142 w mitingach\u00a0 AA,\u00a0 Al-Anon i Alateen. Po dw\u00f3ch latach pos\u0142ugi w Karagandzie wr\u00f3ci\u0142 do Polski do Warszawy i podj\u0105\u0142 pos\u0142ug\u0119 duszpastersk\u0105 jako wikariusz w maria\u0144skiej parafii na Stegnach przy ko\u015bciele Matki Bo\u017cej Mi\u0142osierdzia. Przez 12 lat pracy duszpasterskiej, b\u0119d\u0105c opiekunem 6 wsp\u00f3lnot dzia\u0142aj\u0105cych przy parafii, wyg\u0142osi\u0142 wiele rekolekcji i konferencji duchowych dla r\u00f3\u017cnych grup i wsp\u00f3lnot parafialnych. Po 12 latach tej pos\u0142ugi zosta\u0142 skierowany w roku 2018 do pos\u0142ugi w Licheniu w Sanktuarium Matki Bo\u017cej Liche\u0144skiej Bolesnej Kr\u00f3lowej Polski. W tym roku 1 czerwca zosta\u0142 mianowany dyrektorem Liche\u0144skiego Centrum Pomocy Rodzinie i Osobom Uzale\u017cnionym. Niech Dobry B\u00f3g Ksi\u0119dza b\u0142ogos\u0142awi i obdarza potrzebnymi \u0142askami na ka\u017cdy dzie\u0144 pos\u0142ugi.\u00a0<\/span><\/p><p>\u00a0<\/p>\t\t\t\t\t\t\t\t<\/div>\n\t\t\t\t<\/div>\n\t\t\t\t\t<\/div>\n\t\t<\/div>\n\t\t\t\t\t<\/div>\n\t\t<\/section>\n\t\t\t\t<\/div>","protected":false},"excerpt":{"rendered":"<p>Z ks. Jaros\u0142awem Hybz\u0105 MIC, dyrektorem Centrum Pomocy i Osobom Uzale\u017cnionym w liche\u0144skim sanktuarium, rozmawia Robert Adamczyk. Czy spodziewa\u0142 si\u0119 Ksi\u0105dz powo\u0142ania na funkcj\u0119 dyrektora Liche\u0144skiego Centrum Pomocy? Nie, decyzja spad\u0142a na mnie jak grom z jasnego nieba. Zupe\u0142nie si\u0119 tego nie spodziewa\u0142em. Zosta\u0142em dyrektorem, poniewa\u017c mam du\u017ce do\u015bwiadczenie w pracy duszpasterskiej w parafiach \u2013 [&hellip;]<\/p>\n","protected":false},"author":6,"featured_media":54099,"comment_status":"closed","ping_status":"closed","sticky":false,"template":"","format":"standard","meta":{"footnotes":""},"categories":[1],"tags":[],"class_list":["post-54098","post","type-post","status-publish","format-standard","has-post-thumbnail","hentry","category-aktualnosci","wpbf-post"],"yoast_head":"<!-- This site is optimized with the Yoast SEO plugin v27.4 - https:\/\/yoast.com\/product\/yoast-seo-wordpress\/ -->\n<title>Wywiad z ks. Jaros\u0142awem Hybz\u0105 MIC, nowym dyrektorem Liche\u0144skiego Centrum Pomocy - SANKTUARIUM W LICHENIU<\/title>\n<meta name=\"robots\" content=\"index, follow, max-snippet:-1, max-image-preview:large, max-video-preview:-1\" \/>\n<link rel=\"canonical\" href=\"https:\/\/www.lichen.pl\/en\/wywiad-z-ks-jaroslawem-hybza-mic-nowym-dyrektorem-lichenskiego-centrum-pomocy\/\" \/>\n<meta property=\"og:locale\" content=\"en_GB\" \/>\n<meta property=\"og:type\" content=\"article\" \/>\n<meta property=\"og:title\" content=\"Wywiad z ks. Jaros\u0142awem Hybz\u0105 MIC, nowym dyrektorem Liche\u0144skiego Centrum Pomocy - SANKTUARIUM W LICHENIU\" \/>\n<meta property=\"og:description\" content=\"Z ks. Jaros\u0142awem Hybz\u0105 MIC, dyrektorem Centrum Pomocy i Osobom Uzale\u017cnionym w liche\u0144skim sanktuarium, rozmawia Robert Adamczyk. Czy spodziewa\u0142 si\u0119 Ksi\u0105dz powo\u0142ania na funkcj\u0119 dyrektora Liche\u0144skiego Centrum Pomocy? Nie, decyzja spad\u0142a na mnie jak grom z jasnego nieba. Zupe\u0142nie si\u0119 tego nie spodziewa\u0142em. Zosta\u0142em dyrektorem, poniewa\u017c mam du\u017ce do\u015bwiadczenie w pracy duszpasterskiej w parafiach \u2013 [&hellip;]\" \/>\n<meta property=\"og:url\" content=\"https:\/\/www.lichen.pl\/en\/wywiad-z-ks-jaroslawem-hybza-mic-nowym-dyrektorem-lichenskiego-centrum-pomocy\/\" \/>\n<meta property=\"og:site_name\" content=\"SANKTUARIUM W LICHENIU\" \/>\n<meta property=\"article:published_time\" content=\"2023-06-23T12:30:30+00:00\" \/>\n<meta property=\"article:modified_time\" content=\"2023-06-29T07:22:58+00:00\" \/>\n<meta property=\"og:image\" content=\"https:\/\/www.lichen.pl\/wp-content\/uploads\/2023\/06\/jaro-hybza-1024x759.jpg\" \/>\n\t<meta property=\"og:image:width\" content=\"1024\" \/>\n\t<meta property=\"og:image:height\" content=\"759\" \/>\n\t<meta property=\"og:image:type\" content=\"image\/jpeg\" \/>\n<meta name=\"author\" content=\"AMELIA SIUDA-KOSZELA\" \/>\n<meta name=\"twitter:card\" content=\"summary_large_image\" \/>\n<meta name=\"twitter:label1\" content=\"Written by\" \/>\n\t<meta name=\"twitter:data1\" content=\"AMELIA SIUDA-KOSZELA\" \/>\n\t<meta name=\"twitter:label2\" content=\"Estimated reading time\" \/>\n\t<meta name=\"twitter:data2\" content=\"6 minutes\" \/>\n<script type=\"application\/ld+json\" class=\"yoast-schema-graph\">{\"@context\":\"https:\\\/\\\/schema.org\",\"@graph\":[{\"@type\":\"Article\",\"@id\":\"https:\\\/\\\/www.lichen.pl\\\/wywiad-z-ks-jaroslawem-hybza-mic-nowym-dyrektorem-lichenskiego-centrum-pomocy\\\/#article\",\"isPartOf\":{\"@id\":\"https:\\\/\\\/www.lichen.pl\\\/wywiad-z-ks-jaroslawem-hybza-mic-nowym-dyrektorem-lichenskiego-centrum-pomocy\\\/\"},\"author\":{\"name\":\"AMELIA SIUDA-KOSZELA\",\"@id\":\"https:\\\/\\\/www.lichen.pl\\\/fr\\\/#\\\/schema\\\/person\\\/70bf824c102f176cf976b0d90af0d62a\"},\"headline\":\"Wywiad z ks. Jaros\u0142awem Hybz\u0105 MIC, nowym dyrektorem Liche\u0144skiego Centrum Pomocy\",\"datePublished\":\"2023-06-23T12:30:30+00:00\",\"dateModified\":\"2023-06-29T07:22:58+00:00\",\"mainEntityOfPage\":{\"@id\":\"https:\\\/\\\/www.lichen.pl\\\/wywiad-z-ks-jaroslawem-hybza-mic-nowym-dyrektorem-lichenskiego-centrum-pomocy\\\/\"},\"wordCount\":1194,\"image\":{\"@id\":\"https:\\\/\\\/www.lichen.pl\\\/wywiad-z-ks-jaroslawem-hybza-mic-nowym-dyrektorem-lichenskiego-centrum-pomocy\\\/#primaryimage\"},\"thumbnailUrl\":\"https:\\\/\\\/www.lichen.pl\\\/wp-content\\\/uploads\\\/2023\\\/06\\\/jaro-hybza.jpg\",\"articleSection\":[\"Aktualno\u015bci\"],\"inLanguage\":\"en-GB\"},{\"@type\":\"WebPage\",\"@id\":\"https:\\\/\\\/www.lichen.pl\\\/wywiad-z-ks-jaroslawem-hybza-mic-nowym-dyrektorem-lichenskiego-centrum-pomocy\\\/\",\"url\":\"https:\\\/\\\/www.lichen.pl\\\/wywiad-z-ks-jaroslawem-hybza-mic-nowym-dyrektorem-lichenskiego-centrum-pomocy\\\/\",\"name\":\"Wywiad z ks. Jaros\u0142awem Hybz\u0105 MIC, nowym dyrektorem Liche\u0144skiego Centrum Pomocy - SANKTUARIUM W LICHENIU\",\"isPartOf\":{\"@id\":\"https:\\\/\\\/www.lichen.pl\\\/fr\\\/#website\"},\"primaryImageOfPage\":{\"@id\":\"https:\\\/\\\/www.lichen.pl\\\/wywiad-z-ks-jaroslawem-hybza-mic-nowym-dyrektorem-lichenskiego-centrum-pomocy\\\/#primaryimage\"},\"image\":{\"@id\":\"https:\\\/\\\/www.lichen.pl\\\/wywiad-z-ks-jaroslawem-hybza-mic-nowym-dyrektorem-lichenskiego-centrum-pomocy\\\/#primaryimage\"},\"thumbnailUrl\":\"https:\\\/\\\/www.lichen.pl\\\/wp-content\\\/uploads\\\/2023\\\/06\\\/jaro-hybza.jpg\",\"datePublished\":\"2023-06-23T12:30:30+00:00\",\"dateModified\":\"2023-06-29T07:22:58+00:00\",\"author\":{\"@id\":\"https:\\\/\\\/www.lichen.pl\\\/fr\\\/#\\\/schema\\\/person\\\/70bf824c102f176cf976b0d90af0d62a\"},\"breadcrumb\":{\"@id\":\"https:\\\/\\\/www.lichen.pl\\\/wywiad-z-ks-jaroslawem-hybza-mic-nowym-dyrektorem-lichenskiego-centrum-pomocy\\\/#breadcrumb\"},\"inLanguage\":\"en-GB\",\"potentialAction\":[{\"@type\":\"ReadAction\",\"target\":[\"https:\\\/\\\/www.lichen.pl\\\/wywiad-z-ks-jaroslawem-hybza-mic-nowym-dyrektorem-lichenskiego-centrum-pomocy\\\/\"]}]},{\"@type\":\"ImageObject\",\"inLanguage\":\"en-GB\",\"@id\":\"https:\\\/\\\/www.lichen.pl\\\/wywiad-z-ks-jaroslawem-hybza-mic-nowym-dyrektorem-lichenskiego-centrum-pomocy\\\/#primaryimage\",\"url\":\"https:\\\/\\\/www.lichen.pl\\\/wp-content\\\/uploads\\\/2023\\\/06\\\/jaro-hybza.jpg\",\"contentUrl\":\"https:\\\/\\\/www.lichen.pl\\\/wp-content\\\/uploads\\\/2023\\\/06\\\/jaro-hybza.jpg\",\"width\":1920,\"height\":1424},{\"@type\":\"BreadcrumbList\",\"@id\":\"https:\\\/\\\/www.lichen.pl\\\/wywiad-z-ks-jaroslawem-hybza-mic-nowym-dyrektorem-lichenskiego-centrum-pomocy\\\/#breadcrumb\",\"itemListElement\":[{\"@type\":\"ListItem\",\"position\":1,\"name\":\"Strona g\u0142\u00f3wna\",\"item\":\"https:\\\/\\\/www.lichen.pl\\\/\"},{\"@type\":\"ListItem\",\"position\":2,\"name\":\"Wywiad z ks. Jaros\u0142awem Hybz\u0105 MIC, nowym dyrektorem Liche\u0144skiego Centrum Pomocy\"}]},{\"@type\":\"WebSite\",\"@id\":\"https:\\\/\\\/www.lichen.pl\\\/fr\\\/#website\",\"url\":\"https:\\\/\\\/www.lichen.pl\\\/fr\\\/\",\"name\":\"SANKTUARIUM W LICHENIU\",\"description\":\"MATKI BO\u017bEJ LICHE\u0143SKIEJ BOLESNEJ KR\u00d3LOWEJ POLSKI\",\"potentialAction\":[{\"@type\":\"SearchAction\",\"target\":{\"@type\":\"EntryPoint\",\"urlTemplate\":\"https:\\\/\\\/www.lichen.pl\\\/fr\\\/?s={search_term_string}\"},\"query-input\":{\"@type\":\"PropertyValueSpecification\",\"valueRequired\":true,\"valueName\":\"search_term_string\"}}],\"inLanguage\":\"en-GB\"},{\"@type\":\"Person\",\"@id\":\"https:\\\/\\\/www.lichen.pl\\\/fr\\\/#\\\/schema\\\/person\\\/70bf824c102f176cf976b0d90af0d62a\",\"name\":\"AMELIA SIUDA-KOSZELA\",\"image\":{\"@type\":\"ImageObject\",\"inLanguage\":\"en-GB\",\"@id\":\"https:\\\/\\\/secure.gravatar.com\\\/avatar\\\/a0f9a92186ab02fb8db116f5388e3bc7280dd7bd01565c5d6b7ceb07ff27d6d9?s=96&d=retro&r=g\",\"url\":\"https:\\\/\\\/secure.gravatar.com\\\/avatar\\\/a0f9a92186ab02fb8db116f5388e3bc7280dd7bd01565c5d6b7ceb07ff27d6d9?s=96&d=retro&r=g\",\"contentUrl\":\"https:\\\/\\\/secure.gravatar.com\\\/avatar\\\/a0f9a92186ab02fb8db116f5388e3bc7280dd7bd01565c5d6b7ceb07ff27d6d9?s=96&d=retro&r=g\",\"caption\":\"AMELIA SIUDA-KOSZELA\"},\"url\":\"https:\\\/\\\/www.lichen.pl\\\/en\\\/author\\\/amelia\\\/\"}]}<\/script>\n<!-- \/ Yoast SEO plugin. -->","yoast_head_json":{"title":"Wywiad z ks. Jaros\u0142awem Hybz\u0105 MIC, nowym dyrektorem Liche\u0144skiego Centrum Pomocy - SANKTUARIUM W LICHENIU","robots":{"index":"index","follow":"follow","max-snippet":"max-snippet:-1","max-image-preview":"max-image-preview:large","max-video-preview":"max-video-preview:-1"},"canonical":"https:\/\/www.lichen.pl\/en\/wywiad-z-ks-jaroslawem-hybza-mic-nowym-dyrektorem-lichenskiego-centrum-pomocy\/","og_locale":"en_GB","og_type":"article","og_title":"Wywiad z ks. Jaros\u0142awem Hybz\u0105 MIC, nowym dyrektorem Liche\u0144skiego Centrum Pomocy - SANKTUARIUM W LICHENIU","og_description":"Z ks. Jaros\u0142awem Hybz\u0105 MIC, dyrektorem Centrum Pomocy i Osobom Uzale\u017cnionym w liche\u0144skim sanktuarium, rozmawia Robert Adamczyk. Czy spodziewa\u0142 si\u0119 Ksi\u0105dz powo\u0142ania na funkcj\u0119 dyrektora Liche\u0144skiego Centrum Pomocy? Nie, decyzja spad\u0142a na mnie jak grom z jasnego nieba. Zupe\u0142nie si\u0119 tego nie spodziewa\u0142em. Zosta\u0142em dyrektorem, poniewa\u017c mam du\u017ce do\u015bwiadczenie w pracy duszpasterskiej w parafiach \u2013 [&hellip;]","og_url":"https:\/\/www.lichen.pl\/en\/wywiad-z-ks-jaroslawem-hybza-mic-nowym-dyrektorem-lichenskiego-centrum-pomocy\/","og_site_name":"SANKTUARIUM W LICHENIU","article_published_time":"2023-06-23T12:30:30+00:00","article_modified_time":"2023-06-29T07:22:58+00:00","og_image":[{"width":1024,"height":759,"url":"https:\/\/www.lichen.pl\/wp-content\/uploads\/2023\/06\/jaro-hybza-1024x759.jpg","type":"image\/jpeg"}],"author":"AMELIA SIUDA-KOSZELA","twitter_card":"summary_large_image","twitter_misc":{"Written by":"AMELIA SIUDA-KOSZELA","Estimated reading time":"6 minutes"},"schema":{"@context":"https:\/\/schema.org","@graph":[{"@type":"Article","@id":"https:\/\/www.lichen.pl\/wywiad-z-ks-jaroslawem-hybza-mic-nowym-dyrektorem-lichenskiego-centrum-pomocy\/#article","isPartOf":{"@id":"https:\/\/www.lichen.pl\/wywiad-z-ks-jaroslawem-hybza-mic-nowym-dyrektorem-lichenskiego-centrum-pomocy\/"},"author":{"name":"AMELIA SIUDA-KOSZELA","@id":"https:\/\/www.lichen.pl\/fr\/#\/schema\/person\/70bf824c102f176cf976b0d90af0d62a"},"headline":"Wywiad z ks. Jaros\u0142awem Hybz\u0105 MIC, nowym dyrektorem Liche\u0144skiego Centrum Pomocy","datePublished":"2023-06-23T12:30:30+00:00","dateModified":"2023-06-29T07:22:58+00:00","mainEntityOfPage":{"@id":"https:\/\/www.lichen.pl\/wywiad-z-ks-jaroslawem-hybza-mic-nowym-dyrektorem-lichenskiego-centrum-pomocy\/"},"wordCount":1194,"image":{"@id":"https:\/\/www.lichen.pl\/wywiad-z-ks-jaroslawem-hybza-mic-nowym-dyrektorem-lichenskiego-centrum-pomocy\/#primaryimage"},"thumbnailUrl":"https:\/\/www.lichen.pl\/wp-content\/uploads\/2023\/06\/jaro-hybza.jpg","articleSection":["Aktualno\u015bci"],"inLanguage":"en-GB"},{"@type":"WebPage","@id":"https:\/\/www.lichen.pl\/wywiad-z-ks-jaroslawem-hybza-mic-nowym-dyrektorem-lichenskiego-centrum-pomocy\/","url":"https:\/\/www.lichen.pl\/wywiad-z-ks-jaroslawem-hybza-mic-nowym-dyrektorem-lichenskiego-centrum-pomocy\/","name":"Wywiad z ks. Jaros\u0142awem Hybz\u0105 MIC, nowym dyrektorem Liche\u0144skiego Centrum Pomocy - SANKTUARIUM W LICHENIU","isPartOf":{"@id":"https:\/\/www.lichen.pl\/fr\/#website"},"primaryImageOfPage":{"@id":"https:\/\/www.lichen.pl\/wywiad-z-ks-jaroslawem-hybza-mic-nowym-dyrektorem-lichenskiego-centrum-pomocy\/#primaryimage"},"image":{"@id":"https:\/\/www.lichen.pl\/wywiad-z-ks-jaroslawem-hybza-mic-nowym-dyrektorem-lichenskiego-centrum-pomocy\/#primaryimage"},"thumbnailUrl":"https:\/\/www.lichen.pl\/wp-content\/uploads\/2023\/06\/jaro-hybza.jpg","datePublished":"2023-06-23T12:30:30+00:00","dateModified":"2023-06-29T07:22:58+00:00","author":{"@id":"https:\/\/www.lichen.pl\/fr\/#\/schema\/person\/70bf824c102f176cf976b0d90af0d62a"},"breadcrumb":{"@id":"https:\/\/www.lichen.pl\/wywiad-z-ks-jaroslawem-hybza-mic-nowym-dyrektorem-lichenskiego-centrum-pomocy\/#breadcrumb"},"inLanguage":"en-GB","potentialAction":[{"@type":"ReadAction","target":["https:\/\/www.lichen.pl\/wywiad-z-ks-jaroslawem-hybza-mic-nowym-dyrektorem-lichenskiego-centrum-pomocy\/"]}]},{"@type":"ImageObject","inLanguage":"en-GB","@id":"https:\/\/www.lichen.pl\/wywiad-z-ks-jaroslawem-hybza-mic-nowym-dyrektorem-lichenskiego-centrum-pomocy\/#primaryimage","url":"https:\/\/www.lichen.pl\/wp-content\/uploads\/2023\/06\/jaro-hybza.jpg","contentUrl":"https:\/\/www.lichen.pl\/wp-content\/uploads\/2023\/06\/jaro-hybza.jpg","width":1920,"height":1424},{"@type":"BreadcrumbList","@id":"https:\/\/www.lichen.pl\/wywiad-z-ks-jaroslawem-hybza-mic-nowym-dyrektorem-lichenskiego-centrum-pomocy\/#breadcrumb","itemListElement":[{"@type":"ListItem","position":1,"name":"Strona g\u0142\u00f3wna","item":"https:\/\/www.lichen.pl\/"},{"@type":"ListItem","position":2,"name":"Wywiad z ks. Jaros\u0142awem Hybz\u0105 MIC, nowym dyrektorem Liche\u0144skiego Centrum Pomocy"}]},{"@type":"WebSite","@id":"https:\/\/www.lichen.pl\/fr\/#website","url":"https:\/\/www.lichen.pl\/fr\/","name":"SANCTUARY IN LICHENIA","description":"OUR LICHEN&#039;S SORROWFUL QUEEN OF POLAND","potentialAction":[{"@type":"SearchAction","target":{"@type":"EntryPoint","urlTemplate":"https:\/\/www.lichen.pl\/fr\/?s={search_term_string}"},"query-input":{"@type":"PropertyValueSpecification","valueRequired":true,"valueName":"search_term_string"}}],"inLanguage":"en-GB"},{"@type":"Person","@id":"https:\/\/www.lichen.pl\/fr\/#\/schema\/person\/70bf824c102f176cf976b0d90af0d62a","name":"AMELIA SIUDA-KOSZELA","image":{"@type":"ImageObject","inLanguage":"en-GB","@id":"https:\/\/secure.gravatar.com\/avatar\/a0f9a92186ab02fb8db116f5388e3bc7280dd7bd01565c5d6b7ceb07ff27d6d9?s=96&d=retro&r=g","url":"https:\/\/secure.gravatar.com\/avatar\/a0f9a92186ab02fb8db116f5388e3bc7280dd7bd01565c5d6b7ceb07ff27d6d9?s=96&d=retro&r=g","contentUrl":"https:\/\/secure.gravatar.com\/avatar\/a0f9a92186ab02fb8db116f5388e3bc7280dd7bd01565c5d6b7ceb07ff27d6d9?s=96&d=retro&r=g","caption":"AMELIA SIUDA-KOSZELA"},"url":"https:\/\/www.lichen.pl\/en\/author\/amelia\/"}]}},"_links":{"self":[{"href":"https:\/\/www.lichen.pl\/en\/wp-json\/wp\/v2\/posts\/54098","targetHints":{"allow":["GET"]}}],"collection":[{"href":"https:\/\/www.lichen.pl\/en\/wp-json\/wp\/v2\/posts"}],"about":[{"href":"https:\/\/www.lichen.pl\/en\/wp-json\/wp\/v2\/types\/post"}],"author":[{"embeddable":true,"href":"https:\/\/www.lichen.pl\/en\/wp-json\/wp\/v2\/users\/6"}],"replies":[{"embeddable":true,"href":"https:\/\/www.lichen.pl\/en\/wp-json\/wp\/v2\/comments?post=54098"}],"version-history":[{"count":7,"href":"https:\/\/www.lichen.pl\/en\/wp-json\/wp\/v2\/posts\/54098\/revisions"}],"predecessor-version":[{"id":54259,"href":"https:\/\/www.lichen.pl\/en\/wp-json\/wp\/v2\/posts\/54098\/revisions\/54259"}],"wp:featuredmedia":[{"embeddable":true,"href":"https:\/\/www.lichen.pl\/en\/wp-json\/wp\/v2\/media\/54099"}],"wp:attachment":[{"href":"https:\/\/www.lichen.pl\/en\/wp-json\/wp\/v2\/media?parent=54098"}],"wp:term":[{"taxonomy":"category","embeddable":true,"href":"https:\/\/www.lichen.pl\/en\/wp-json\/wp\/v2\/categories?post=54098"},{"taxonomy":"post_tag","embeddable":true,"href":"https:\/\/www.lichen.pl\/en\/wp-json\/wp\/v2\/tags?post=54098"}],"curies":[{"name":"wp","href":"https:\/\/api.w.org\/{rel}","templated":true}]}}