{"id":56875,"date":"2023-08-04T21:29:39","date_gmt":"2023-08-04T19:29:39","guid":{"rendered":"https:\/\/www.lichen.pl\/?p=56875"},"modified":"2023-08-06T11:39:54","modified_gmt":"2023-08-06T09:39:54","slug":"38-gdynska","status":"publish","type":"post","link":"https:\/\/www.lichen.pl\/en\/38-gdynska\/","title":{"rendered":"38. Gdy\u0144ska Piesza Pielgrzymka na Jasn\u0105 G\u00f3r\u0119"},"content":{"rendered":"<div data-elementor-type=\"wp-post\" data-elementor-id=\"56875\" class=\"elementor elementor-56875\" data-elementor-post-type=\"post\">\n\t\t\t\t\t\t<section class=\"elementor-section elementor-top-section elementor-element elementor-element-8ab0231 elementor-section-boxed elementor-section-height-default elementor-section-height-default\" data-id=\"8ab0231\" data-element_type=\"section\" data-e-type=\"section\">\n\t\t\t\t\t\t<div class=\"elementor-container elementor-column-gap-default\">\n\t\t\t\t\t<div class=\"elementor-column elementor-col-100 elementor-top-column elementor-element elementor-element-303f246\" data-id=\"303f246\" data-element_type=\"column\" data-e-type=\"column\">\n\t\t\t<div class=\"elementor-widget-wrap elementor-element-populated\">\n\t\t\t\t\t\t<div class=\"elementor-element elementor-element-a7121c3 elementor-widget elementor-widget-heading\" data-id=\"a7121c3\" data-element_type=\"widget\" data-e-type=\"widget\" data-widget_type=\"heading.default\">\n\t\t\t\t<div class=\"elementor-widget-container\">\n\t\t\t\t\t<h2 class=\"elementor-heading-title elementor-size-default\">Biegiem, z u\u015bmiechem i \u015bpiewem na ustach do Lichenia dotar\u0142a jedna z najd\u0142u\u017cszych polskich pieszych pielgrzymek. Grupa p\u0105tnik\u00f3w zd\u0105\u017caj\u0105ca na Jasn\u0105 G\u00f3r\u0119 z Gdyni tradycyjnie ju\u017c wbieg\u0142a po wysokich schodach prowadz\u0105cych do ko\u015bcio\u0142a \u015bw. Doroty w Licheniu, gdzie zostali powitani przez proboszcza parafii, ks. Rafa\u0142a Krauzego MIC.<\/h2>\t\t\t\t<\/div>\n\t\t\t\t<\/div>\n\t\t\t\t\t<\/div>\n\t\t<\/div>\n\t\t\t\t\t<\/div>\n\t\t<\/section>\n\t\t\t\t<section class=\"elementor-section elementor-top-section elementor-element elementor-element-fcf8f37 elementor-section-boxed elementor-section-height-default elementor-section-height-default\" data-id=\"fcf8f37\" data-element_type=\"section\" data-e-type=\"section\">\n\t\t\t\t\t\t<div class=\"elementor-container elementor-column-gap-default\">\n\t\t\t\t\t<div class=\"elementor-column elementor-col-100 elementor-top-column elementor-element elementor-element-a85e176\" data-id=\"a85e176\" data-element_type=\"column\" data-e-type=\"column\">\n\t\t\t<div class=\"elementor-widget-wrap elementor-element-populated\">\n\t\t\t\t\t\t<section class=\"elementor-section elementor-inner-section elementor-element elementor-element-ba66b3d elementor-section-boxed elementor-section-height-default elementor-section-height-default\" data-id=\"ba66b3d\" data-element_type=\"section\" data-e-type=\"section\">\n\t\t\t\t\t\t<div class=\"elementor-container elementor-column-gap-default\">\n\t\t\t\t\t<div class=\"elementor-column elementor-col-50 elementor-inner-column elementor-element elementor-element-a85c657\" data-id=\"a85c657\" data-element_type=\"column\" data-e-type=\"column\">\n\t\t\t<div class=\"elementor-widget-wrap elementor-element-populated\">\n\t\t\t\t\t\t<div class=\"elementor-element elementor-element-eea341f elementor-widget elementor-widget-image\" data-id=\"eea341f\" data-element_type=\"widget\" data-e-type=\"widget\" data-widget_type=\"image.default\">\n\t\t\t\t<div class=\"elementor-widget-container\">\n\t\t\t\t\t\t\t\t\t\t\t\t\t\t\t<img fetchpriority=\"high\" decoding=\"async\" width=\"1024\" height=\"683\" src=\"https:\/\/www.lichen.pl\/wp-content\/uploads\/2023\/08\/38.-Gdynska-Piesza-Pielgrzymka-na-Jasna-Gore-22-1024x683.jpg\" class=\"attachment-large size-large wp-image-56896\" alt=\"\" srcset=\"https:\/\/www.lichen.pl\/wp-content\/uploads\/2023\/08\/38.-Gdynska-Piesza-Pielgrzymka-na-Jasna-Gore-22-1024x683.jpg 1024w, https:\/\/www.lichen.pl\/wp-content\/uploads\/2023\/08\/38.-Gdynska-Piesza-Pielgrzymka-na-Jasna-Gore-22-800x533.jpg 800w, https:\/\/www.lichen.pl\/wp-content\/uploads\/2023\/08\/38.-Gdynska-Piesza-Pielgrzymka-na-Jasna-Gore-22-300x200.jpg 300w, https:\/\/www.lichen.pl\/wp-content\/uploads\/2023\/08\/38.-Gdynska-Piesza-Pielgrzymka-na-Jasna-Gore-22-768x512.jpg 768w, https:\/\/www.lichen.pl\/wp-content\/uploads\/2023\/08\/38.-Gdynska-Piesza-Pielgrzymka-na-Jasna-Gore-22-1536x1024.jpg 1536w, https:\/\/www.lichen.pl\/wp-content\/uploads\/2023\/08\/38.-Gdynska-Piesza-Pielgrzymka-na-Jasna-Gore-22-2048x1365.jpg 2048w, https:\/\/www.lichen.pl\/wp-content\/uploads\/2023\/08\/38.-Gdynska-Piesza-Pielgrzymka-na-Jasna-Gore-22-18x12.jpg 18w, https:\/\/www.lichen.pl\/wp-content\/uploads\/2023\/08\/38.-Gdynska-Piesza-Pielgrzymka-na-Jasna-Gore-22.jpg 1920w\" sizes=\"(max-width: 1024px) 100vw, 1024px\" \/>\t\t\t\t\t\t\t\t\t\t\t\t\t\t\t<\/div>\n\t\t\t\t<\/div>\n\t\t\t\t\t<\/div>\n\t\t<\/div>\n\t\t\t\t<div class=\"elementor-column elementor-col-50 elementor-inner-column elementor-element elementor-element-cbf8cb1\" data-id=\"cbf8cb1\" data-element_type=\"column\" data-e-type=\"column\">\n\t\t\t<div class=\"elementor-widget-wrap elementor-element-populated\">\n\t\t\t\t\t\t<div class=\"elementor-element elementor-element-71474ca elementor-widget elementor-widget-text-editor\" data-id=\"71474ca\" data-element_type=\"widget\" data-e-type=\"widget\" data-widget_type=\"text-editor.default\">\n\t\t\t\t<div class=\"elementor-widget-container\">\n\t\t\t\t\t\t\t\t\t<div class=\"x11i5rnm xat24cr x1mh8g0r x1vvkbs xtlvy1s x126k92a\"><div dir=\"auto\">\u2013 Wbiegamy w dw\u00f3ch wyj\u0105tkowych miejscach. U celu naszej drogi \u2013 na Jasn\u0105 G\u00f3r\u0119 i w Licheniu, gdzie jest sanktuarium. Wbiegamy dlatego, by pokaza\u0107, \u017ce mamy si\u0142\u0119 i\u015b\u0107 dalej. Cz\u0119sto porz\u0105dkowi robi\u0105 nawet pompki, by pokaza\u0107, jak s\u0105 dzielni. Dzi\u015b przeszli\u015bmy 47 kilometr\u00f3w, kt\u00f3re da\u0142y si\u0119 we znaki. To dla wielu bywa dzie\u0144 kryzysowy. To tak\u017ce zwie\u0144czenie naszego trudu, bo wczoraj prze\u017cywali\u015bmy przej\u015bcie po\u0142owy naszej trasy \u2013 wyja\u015bnia Zuzia Filipska, kt\u00f3ra z gdy\u0144sk\u0105 pielgrzymk\u0105 idzie si\u00f3dmy raz, ale po raz pierwszy jako kieruj\u0105ca ruchem.<\/div><div dir=\"auto\">Has\u0142em XXXVIII <span class=\"xt0psk2\">Gdy\u0144ska Piesza Pielgrzymka na Jasn\u0105 G\u00f3r\u0119<\/span> s\u0105 s\u0142owa: \u201eWierz\u0119 w Ko\u015bci\u00f3\u0142 Chrystusowy\u201d. Uczestnicy pokonaj\u0105 w sumie 553 kilometry. W\u015br\u00f3d pielgrzym\u00f3w s\u0105 tak\u017ce rodziny, m.in. id\u0105ca z czw\u00f3rk\u0105 dzieci, z kt\u00f3rych najm\u0142odsze ma 9 miesi\u0119cy.<\/div><\/div>\t\t\t\t\t\t\t\t<\/div>\n\t\t\t\t<\/div>\n\t\t\t\t\t<\/div>\n\t\t<\/div>\n\t\t\t\t\t<\/div>\n\t\t<\/section>\n\t\t\t\t\t<\/div>\n\t\t<\/div>\n\t\t\t\t\t<\/div>\n\t\t<\/section>\n\t\t\t\t<section class=\"elementor-section elementor-top-section elementor-element elementor-element-5bf6e86 elementor-section-boxed elementor-section-height-default elementor-section-height-default\" data-id=\"5bf6e86\" data-element_type=\"section\" data-e-type=\"section\">\n\t\t\t\t\t\t<div class=\"elementor-container elementor-column-gap-default\">\n\t\t\t\t\t<div class=\"elementor-column elementor-col-100 elementor-top-column elementor-element elementor-element-b5ec3d7\" data-id=\"b5ec3d7\" data-element_type=\"column\" data-e-type=\"column\">\n\t\t\t<div class=\"elementor-widget-wrap elementor-element-populated\">\n\t\t\t\t\t\t<div class=\"elementor-element elementor-element-ca81b70 elementor-widget elementor-widget-text-editor\" data-id=\"ca81b70\" data-element_type=\"widget\" data-e-type=\"widget\" data-widget_type=\"text-editor.default\">\n\t\t\t\t<div class=\"elementor-widget-container\">\n\t\t\t\t\t\t\t\t\t<div class=\"x11i5rnm xat24cr x1mh8g0r x1vvkbs xtlvy1s x126k92a\"><div dir=\"auto\">\u2013 Nasza pielgrzymka jest bardzo d\u0142uga. Trwa 18 dni. Bywa \u017ce niekt\u00f3rzy doje\u017cd\u017caj\u0105, bior\u0105 udzia\u0142 w jej fragmencie. Ruszali\u015bmy w oko\u0142o 150 os\u00f3b. Nie ka\u017cdy mo\u017ce sobie pozwoli\u0107 na tak d\u0142ugi urlop. \u015arednio idzie nas ko\u0142o 90 \u2013 opowiada jedna z organizatorek, Ma\u0142gorzata Gutteter. Kobieta pomaga w sekretariacie oraz kwatermistrzowi, zajmuje si\u0119 przygotowaniem przyj\u015bcia pielgrzym\u00f3w, posi\u0142k\u00f3w, nocleg\u00f3w, ale sama te\u017c chodzi w pielgrzymce. W tym roku wyruszy\u0142a ju\u017c 15 raz. \u2013 Udzia\u0142 w pielgrzymce daje mi ogromn\u0105 si\u0142\u0119. Przesz\u0142am nowotw\u00f3r i r\u00f3\u017cne sytuacje, teraz chodz\u0119 i dzi\u0119kuj\u0119 za to, co otrzyma\u0142am. Po ka\u017cdej pielgrzymce czuj\u0119 si\u0119 silniejsza.<\/div><\/div><div class=\"x11i5rnm xat24cr x1mh8g0r x1vvkbs xtlvy1s x126k92a\"><div dir=\"auto\">Jedna z kieruj\u0105cych ruchem, Zuzia po raz pierwszy posz\u0142a na pielgrzymk\u0119 nam\u00f3wiona przez przyjaci\u00f3\u0142k\u0119. By\u0142o to tu\u017c po bierzmowaniu, gdy czu\u0142a, \u017ce jej wiara zamiast wzrasta\u0107, s\u0142ab\u0142a. Chcia\u0142a zobaczy\u0107 inny wymiar wiary \u2013 To, co zobaczy\u0142am i prze\u017cy\u0142am jest niesamowite. Ogrom dobroci ludzkiej, pomocy bezinteresownej. Nikt nie chcia\u0142 nic w zamian. Ludzie daj\u0105 ca\u0142e swoje serce, ca\u0142e swoje domy. S\u0105 przewspaniali. Cz\u0119sto si\u0119 m\u00f3wi, \u017ce ludzie s\u0105 teraz \u017ali, niedobrzy, tutaj niczego takiego nie wida\u0107. To czysta mi\u0142o\u015b\u0107 i dobro.<\/div><\/div><div class=\"x11i5rnm xat24cr x1mh8g0r x1vvkbs xtlvy1s x126k92a\"><div dir=\"auto\">Pielgrzymi z Gdyni na Jasn\u0105 G\u00f3r\u0119 dotr\u0105 w sobot\u0119, 12 sierpnia.<\/div><\/div>\t\t\t\t\t\t\t\t<\/div>\n\t\t\t\t<\/div>\n\t\t\t\t<div class=\"elementor-element elementor-element-2a65b7f elementor-widget elementor-widget-image-gallery\" data-id=\"2a65b7f\" data-element_type=\"widget\" data-e-type=\"widget\" data-widget_type=\"image-gallery.default\">\n\t\t\t\t<div class=\"elementor-widget-container\">\n\t\t\t\t\t\t\t<div class=\"elementor-image-gallery\">\n\t\t\t<div id='gallery-1' class='gallery galleryid-56875 gallery-columns-7 gallery-size-thumbnail'><figure class='gallery-item'>\n\t\t\t<div class='gallery-icon portrait'>\n\t\t\t\t<a data-elementor-open-lightbox=\"yes\" data-elementor-lightbox-slideshow=\"2a65b7f\" data-elementor-lightbox-title=\"38. Gdy\u0144\u015bka Piesza Pielgrzymka na Jasn\u0105 G\u00f3r\u0119 (1)\" data-e-action-hash=\"#elementor-action%3Aaction%3Dlightbox%26settings%3DeyJpZCI6NTY5MDksInVybCI6Imh0dHBzOlwvXC93d3cubGljaGVuLnBsXC93cC1jb250ZW50XC91cGxvYWRzXC8yMDIzXC8wOFwvMzguLUdkeW5za2EtUGllc3phLVBpZWxncnp5bWthLW5hLUphc25hLUdvcmUtMS5qcGciLCJzbGlkZXNob3ciOiIyYTY1YjdmIn0%3D\" href='https:\/\/www.lichen.pl\/wp-content\/uploads\/2023\/08\/38.-Gdynska-Piesza-Pielgrzymka-na-Jasna-Gore-1.jpg'><img width=\"150\" height=\"150\" src=\"https:\/\/www.lichen.pl\/wp-content\/uploads\/2023\/08\/38.-Gdynska-Piesza-Pielgrzymka-na-Jasna-Gore-1-150x150.jpg\" class=\"attachment-thumbnail size-thumbnail\" alt=\"\" decoding=\"async\" srcset=\"https:\/\/www.lichen.pl\/wp-content\/uploads\/2023\/08\/38.-Gdynska-Piesza-Pielgrzymka-na-Jasna-Gore-1-150x150.jpg 150w, https:\/\/www.lichen.pl\/wp-content\/uploads\/2023\/08\/38.-Gdynska-Piesza-Pielgrzymka-na-Jasna-Gore-1-300x300.jpg 300w\" sizes=\"(max-width: 150px) 100vw, 150px\" \/><\/a>\n\t\t\t<\/div><\/figure><figure class='gallery-item'>\n\t\t\t<div class='gallery-icon landscape'>\n\t\t\t\t<a data-elementor-open-lightbox=\"yes\" data-elementor-lightbox-slideshow=\"2a65b7f\" data-elementor-lightbox-title=\"38. Gdy\u0144\u015bka Piesza Pielgrzymka na Jasn\u0105 G\u00f3r\u0119 (34)\" data-e-action-hash=\"#elementor-action%3Aaction%3Dlightbox%26settings%3DeyJpZCI6NTY5MDgsInVybCI6Imh0dHBzOlwvXC93d3cubGljaGVuLnBsXC93cC1jb250ZW50XC91cGxvYWRzXC8yMDIzXC8wOFwvMzguLUdkeW5za2EtUGllc3phLVBpZWxncnp5bWthLW5hLUphc25hLUdvcmUtMzQuanBnIiwic2xpZGVzaG93IjoiMmE2NWI3ZiJ9\" href='https:\/\/www.lichen.pl\/wp-content\/uploads\/2023\/08\/38.-Gdynska-Piesza-Pielgrzymka-na-Jasna-Gore-34.jpg'><img width=\"150\" height=\"150\" src=\"https:\/\/www.lichen.pl\/wp-content\/uploads\/2023\/08\/38.-Gdynska-Piesza-Pielgrzymka-na-Jasna-Gore-34-150x150.jpg\" class=\"attachment-thumbnail size-thumbnail\" alt=\"\" decoding=\"async\" srcset=\"https:\/\/www.lichen.pl\/wp-content\/uploads\/2023\/08\/38.-Gdynska-Piesza-Pielgrzymka-na-Jasna-Gore-34-150x150.jpg 150w, https:\/\/www.lichen.pl\/wp-content\/uploads\/2023\/08\/38.-Gdynska-Piesza-Pielgrzymka-na-Jasna-Gore-34-300x300.jpg 300w\" sizes=\"(max-width: 150px) 100vw, 150px\" \/><\/a>\n\t\t\t<\/div><\/figure><figure class='gallery-item'>\n\t\t\t<div class='gallery-icon landscape'>\n\t\t\t\t<a data-elementor-open-lightbox=\"yes\" data-elementor-lightbox-slideshow=\"2a65b7f\" data-elementor-lightbox-title=\"38. Gdy\u0144\u015bka Piesza Pielgrzymka na Jasn\u0105 G\u00f3r\u0119 (33)\" data-e-action-hash=\"#elementor-action%3Aaction%3Dlightbox%26settings%3DeyJpZCI6NTY5MDcsInVybCI6Imh0dHBzOlwvXC93d3cubGljaGVuLnBsXC93cC1jb250ZW50XC91cGxvYWRzXC8yMDIzXC8wOFwvMzguLUdkeW5za2EtUGllc3phLVBpZWxncnp5bWthLW5hLUphc25hLUdvcmUtMzMuanBnIiwic2xpZGVzaG93IjoiMmE2NWI3ZiJ9\" href='https:\/\/www.lichen.pl\/wp-content\/uploads\/2023\/08\/38.-Gdynska-Piesza-Pielgrzymka-na-Jasna-Gore-33.jpg'><img loading=\"lazy\" width=\"150\" height=\"150\" src=\"https:\/\/www.lichen.pl\/wp-content\/uploads\/2023\/08\/38.-Gdynska-Piesza-Pielgrzymka-na-Jasna-Gore-33-150x150.jpg\" class=\"attachment-thumbnail size-thumbnail\" alt=\"\" decoding=\"async\" srcset=\"https:\/\/www.lichen.pl\/wp-content\/uploads\/2023\/08\/38.-Gdynska-Piesza-Pielgrzymka-na-Jasna-Gore-33-150x150.jpg 150w, https:\/\/www.lichen.pl\/wp-content\/uploads\/2023\/08\/38.-Gdynska-Piesza-Pielgrzymka-na-Jasna-Gore-33-300x300.jpg 300w\" sizes=\"(max-width: 150px) 100vw, 150px\" \/><\/a>\n\t\t\t<\/div><\/figure><figure class='gallery-item'>\n\t\t\t<div class='gallery-icon landscape'>\n\t\t\t\t<a data-elementor-open-lightbox=\"yes\" data-elementor-lightbox-slideshow=\"2a65b7f\" data-elementor-lightbox-title=\"38. Gdy\u0144\u015bka Piesza Pielgrzymka na Jasn\u0105 G\u00f3r\u0119 (31)\" data-e-action-hash=\"#elementor-action%3Aaction%3Dlightbox%26settings%3DeyJpZCI6NTY5MDUsInVybCI6Imh0dHBzOlwvXC93d3cubGljaGVuLnBsXC93cC1jb250ZW50XC91cGxvYWRzXC8yMDIzXC8wOFwvMzguLUdkeW5za2EtUGllc3phLVBpZWxncnp5bWthLW5hLUphc25hLUdvcmUtMzEuanBnIiwic2xpZGVzaG93IjoiMmE2NWI3ZiJ9\" href='https:\/\/www.lichen.pl\/wp-content\/uploads\/2023\/08\/38.-Gdynska-Piesza-Pielgrzymka-na-Jasna-Gore-31.jpg'><img loading=\"lazy\" width=\"150\" height=\"150\" src=\"https:\/\/www.lichen.pl\/wp-content\/uploads\/2023\/08\/38.-Gdynska-Piesza-Pielgrzymka-na-Jasna-Gore-31-150x150.jpg\" class=\"attachment-thumbnail size-thumbnail\" alt=\"\" decoding=\"async\" srcset=\"https:\/\/www.lichen.pl\/wp-content\/uploads\/2023\/08\/38.-Gdynska-Piesza-Pielgrzymka-na-Jasna-Gore-31-150x150.jpg 150w, https:\/\/www.lichen.pl\/wp-content\/uploads\/2023\/08\/38.-Gdynska-Piesza-Pielgrzymka-na-Jasna-Gore-31-300x300.jpg 300w\" sizes=\"(max-width: 150px) 100vw, 150px\" \/><\/a>\n\t\t\t<\/div><\/figure><figure class='gallery-item'>\n\t\t\t<div class='gallery-icon landscape'>\n\t\t\t\t<a data-elementor-open-lightbox=\"yes\" data-elementor-lightbox-slideshow=\"2a65b7f\" data-elementor-lightbox-title=\"38. Gdy\u0144\u015bka Piesza Pielgrzymka na Jasn\u0105 G\u00f3r\u0119 (29)\" data-e-action-hash=\"#elementor-action%3Aaction%3Dlightbox%26settings%3DeyJpZCI6NTY5MDMsInVybCI6Imh0dHBzOlwvXC93d3cubGljaGVuLnBsXC93cC1jb250ZW50XC91cGxvYWRzXC8yMDIzXC8wOFwvMzguLUdkeW5za2EtUGllc3phLVBpZWxncnp5bWthLW5hLUphc25hLUdvcmUtMjkuanBnIiwic2xpZGVzaG93IjoiMmE2NWI3ZiJ9\" href='https:\/\/www.lichen.pl\/wp-content\/uploads\/2023\/08\/38.-Gdynska-Piesza-Pielgrzymka-na-Jasna-Gore-29.jpg'><img loading=\"lazy\" width=\"150\" height=\"150\" src=\"https:\/\/www.lichen.pl\/wp-content\/uploads\/2023\/08\/38.-Gdynska-Piesza-Pielgrzymka-na-Jasna-Gore-29-150x150.jpg\" class=\"attachment-thumbnail size-thumbnail\" alt=\"\" decoding=\"async\" srcset=\"https:\/\/www.lichen.pl\/wp-content\/uploads\/2023\/08\/38.-Gdynska-Piesza-Pielgrzymka-na-Jasna-Gore-29-150x150.jpg 150w, https:\/\/www.lichen.pl\/wp-content\/uploads\/2023\/08\/38.-Gdynska-Piesza-Pielgrzymka-na-Jasna-Gore-29-300x300.jpg 300w\" sizes=\"(max-width: 150px) 100vw, 150px\" \/><\/a>\n\t\t\t<\/div><\/figure><figure class='gallery-item'>\n\t\t\t<div class='gallery-icon landscape'>\n\t\t\t\t<a data-elementor-open-lightbox=\"yes\" data-elementor-lightbox-slideshow=\"2a65b7f\" data-elementor-lightbox-title=\"38. Gdy\u0144\u015bka Piesza Pielgrzymka na Jasn\u0105 G\u00f3r\u0119 (28)\" data-e-action-hash=\"#elementor-action%3Aaction%3Dlightbox%26settings%3DeyJpZCI6NTY5MDIsInVybCI6Imh0dHBzOlwvXC93d3cubGljaGVuLnBsXC93cC1jb250ZW50XC91cGxvYWRzXC8yMDIzXC8wOFwvMzguLUdkeW5za2EtUGllc3phLVBpZWxncnp5bWthLW5hLUphc25hLUdvcmUtMjguanBnIiwic2xpZGVzaG93IjoiMmE2NWI3ZiJ9\" href='https:\/\/www.lichen.pl\/wp-content\/uploads\/2023\/08\/38.-Gdynska-Piesza-Pielgrzymka-na-Jasna-Gore-28.jpg'><img loading=\"lazy\" width=\"150\" height=\"150\" src=\"https:\/\/www.lichen.pl\/wp-content\/uploads\/2023\/08\/38.-Gdynska-Piesza-Pielgrzymka-na-Jasna-Gore-28-150x150.jpg\" class=\"attachment-thumbnail size-thumbnail\" alt=\"\" decoding=\"async\" srcset=\"https:\/\/www.lichen.pl\/wp-content\/uploads\/2023\/08\/38.-Gdynska-Piesza-Pielgrzymka-na-Jasna-Gore-28-150x150.jpg 150w, https:\/\/www.lichen.pl\/wp-content\/uploads\/2023\/08\/38.-Gdynska-Piesza-Pielgrzymka-na-Jasna-Gore-28-300x300.jpg 300w\" sizes=\"(max-width: 150px) 100vw, 150px\" \/><\/a>\n\t\t\t<\/div><\/figure><figure class='gallery-item'>\n\t\t\t<div class='gallery-icon landscape'>\n\t\t\t\t<a data-elementor-open-lightbox=\"yes\" data-elementor-lightbox-slideshow=\"2a65b7f\" data-elementor-lightbox-title=\"38. Gdy\u0144\u015bka Piesza Pielgrzymka na Jasn\u0105 G\u00f3r\u0119 (27)\" data-e-action-hash=\"#elementor-action%3Aaction%3Dlightbox%26settings%3DeyJpZCI6NTY5MDEsInVybCI6Imh0dHBzOlwvXC93d3cubGljaGVuLnBsXC93cC1jb250ZW50XC91cGxvYWRzXC8yMDIzXC8wOFwvMzguLUdkeW5za2EtUGllc3phLVBpZWxncnp5bWthLW5hLUphc25hLUdvcmUtMjcuanBnIiwic2xpZGVzaG93IjoiMmE2NWI3ZiJ9\" href='https:\/\/www.lichen.pl\/wp-content\/uploads\/2023\/08\/38.-Gdynska-Piesza-Pielgrzymka-na-Jasna-Gore-27.jpg'><img loading=\"lazy\" width=\"150\" height=\"150\" src=\"https:\/\/www.lichen.pl\/wp-content\/uploads\/2023\/08\/38.-Gdynska-Piesza-Pielgrzymka-na-Jasna-Gore-27-150x150.jpg\" class=\"attachment-thumbnail size-thumbnail\" alt=\"\" decoding=\"async\" srcset=\"https:\/\/www.lichen.pl\/wp-content\/uploads\/2023\/08\/38.-Gdynska-Piesza-Pielgrzymka-na-Jasna-Gore-27-150x150.jpg 150w, https:\/\/www.lichen.pl\/wp-content\/uploads\/2023\/08\/38.-Gdynska-Piesza-Pielgrzymka-na-Jasna-Gore-27-300x300.jpg 300w\" sizes=\"(max-width: 150px) 100vw, 150px\" \/><\/a>\n\t\t\t<\/div><\/figure><figure class='gallery-item'>\n\t\t\t<div class='gallery-icon landscape'>\n\t\t\t\t<a data-elementor-open-lightbox=\"yes\" data-elementor-lightbox-slideshow=\"2a65b7f\" data-elementor-lightbox-title=\"38. Gdy\u0144\u015bka Piesza Pielgrzymka na Jasn\u0105 G\u00f3r\u0119 (26)\" data-e-action-hash=\"#elementor-action%3Aaction%3Dlightbox%26settings%3DeyJpZCI6NTY5MDAsInVybCI6Imh0dHBzOlwvXC93d3cubGljaGVuLnBsXC93cC1jb250ZW50XC91cGxvYWRzXC8yMDIzXC8wOFwvMzguLUdkeW5za2EtUGllc3phLVBpZWxncnp5bWthLW5hLUphc25hLUdvcmUtMjYuanBnIiwic2xpZGVzaG93IjoiMmE2NWI3ZiJ9\" href='https:\/\/www.lichen.pl\/wp-content\/uploads\/2023\/08\/38.-Gdynska-Piesza-Pielgrzymka-na-Jasna-Gore-26.jpg'><img loading=\"lazy\" width=\"150\" height=\"150\" src=\"https:\/\/www.lichen.pl\/wp-content\/uploads\/2023\/08\/38.-Gdynska-Piesza-Pielgrzymka-na-Jasna-Gore-26-150x150.jpg\" class=\"attachment-thumbnail size-thumbnail\" alt=\"\" decoding=\"async\" srcset=\"https:\/\/www.lichen.pl\/wp-content\/uploads\/2023\/08\/38.-Gdynska-Piesza-Pielgrzymka-na-Jasna-Gore-26-150x150.jpg 150w, https:\/\/www.lichen.pl\/wp-content\/uploads\/2023\/08\/38.-Gdynska-Piesza-Pielgrzymka-na-Jasna-Gore-26-300x300.jpg 300w\" sizes=\"(max-width: 150px) 100vw, 150px\" \/><\/a>\n\t\t\t<\/div><\/figure><figure class='gallery-item'>\n\t\t\t<div class='gallery-icon landscape'>\n\t\t\t\t<a data-elementor-open-lightbox=\"yes\" data-elementor-lightbox-slideshow=\"2a65b7f\" data-elementor-lightbox-title=\"38. Gdy\u0144\u015bka Piesza Pielgrzymka na Jasn\u0105 G\u00f3r\u0119 (25)\" data-e-action-hash=\"#elementor-action%3Aaction%3Dlightbox%26settings%3DeyJpZCI6NTY4OTksInVybCI6Imh0dHBzOlwvXC93d3cubGljaGVuLnBsXC93cC1jb250ZW50XC91cGxvYWRzXC8yMDIzXC8wOFwvMzguLUdkeW5za2EtUGllc3phLVBpZWxncnp5bWthLW5hLUphc25hLUdvcmUtMjUuanBnIiwic2xpZGVzaG93IjoiMmE2NWI3ZiJ9\" href='https:\/\/www.lichen.pl\/wp-content\/uploads\/2023\/08\/38.-Gdynska-Piesza-Pielgrzymka-na-Jasna-Gore-25.jpg'><img loading=\"lazy\" width=\"150\" height=\"150\" src=\"https:\/\/www.lichen.pl\/wp-content\/uploads\/2023\/08\/38.-Gdynska-Piesza-Pielgrzymka-na-Jasna-Gore-25-150x150.jpg\" class=\"attachment-thumbnail size-thumbnail\" alt=\"\" decoding=\"async\" srcset=\"https:\/\/www.lichen.pl\/wp-content\/uploads\/2023\/08\/38.-Gdynska-Piesza-Pielgrzymka-na-Jasna-Gore-25-150x150.jpg 150w, https:\/\/www.lichen.pl\/wp-content\/uploads\/2023\/08\/38.-Gdynska-Piesza-Pielgrzymka-na-Jasna-Gore-25-300x300.jpg 300w\" sizes=\"(max-width: 150px) 100vw, 150px\" \/><\/a>\n\t\t\t<\/div><\/figure><figure class='gallery-item'>\n\t\t\t<div class='gallery-icon landscape'>\n\t\t\t\t<a data-elementor-open-lightbox=\"yes\" data-elementor-lightbox-slideshow=\"2a65b7f\" data-elementor-lightbox-title=\"38. Gdy\u0144\u015bka Piesza Pielgrzymka na Jasn\u0105 G\u00f3r\u0119 (32)\" data-e-action-hash=\"#elementor-action%3Aaction%3Dlightbox%26settings%3DeyJpZCI6NTY5MDYsInVybCI6Imh0dHBzOlwvXC93d3cubGljaGVuLnBsXC93cC1jb250ZW50XC91cGxvYWRzXC8yMDIzXC8wOFwvMzguLUdkeW5za2EtUGllc3phLVBpZWxncnp5bWthLW5hLUphc25hLUdvcmUtMzIuanBnIiwic2xpZGVzaG93IjoiMmE2NWI3ZiJ9\" href='https:\/\/www.lichen.pl\/wp-content\/uploads\/2023\/08\/38.-Gdynska-Piesza-Pielgrzymka-na-Jasna-Gore-32.jpg'><img loading=\"lazy\" width=\"150\" height=\"150\" src=\"https:\/\/www.lichen.pl\/wp-content\/uploads\/2023\/08\/38.-Gdynska-Piesza-Pielgrzymka-na-Jasna-Gore-32-150x150.jpg\" class=\"attachment-thumbnail size-thumbnail\" alt=\"\" decoding=\"async\" srcset=\"https:\/\/www.lichen.pl\/wp-content\/uploads\/2023\/08\/38.-Gdynska-Piesza-Pielgrzymka-na-Jasna-Gore-32-150x150.jpg 150w, https:\/\/www.lichen.pl\/wp-content\/uploads\/2023\/08\/38.-Gdynska-Piesza-Pielgrzymka-na-Jasna-Gore-32-300x300.jpg 300w\" sizes=\"(max-width: 150px) 100vw, 150px\" \/><\/a>\n\t\t\t<\/div><\/figure><figure class='gallery-item'>\n\t\t\t<div class='gallery-icon landscape'>\n\t\t\t\t<a data-elementor-open-lightbox=\"yes\" data-elementor-lightbox-slideshow=\"2a65b7f\" data-elementor-lightbox-title=\"38. Gdy\u0144\u015bka Piesza Pielgrzymka na Jasn\u0105 G\u00f3r\u0119 (24)\" data-e-action-hash=\"#elementor-action%3Aaction%3Dlightbox%26settings%3DeyJpZCI6NTY4OTgsInVybCI6Imh0dHBzOlwvXC93d3cubGljaGVuLnBsXC93cC1jb250ZW50XC91cGxvYWRzXC8yMDIzXC8wOFwvMzguLUdkeW5za2EtUGllc3phLVBpZWxncnp5bWthLW5hLUphc25hLUdvcmUtMjQuanBnIiwic2xpZGVzaG93IjoiMmE2NWI3ZiJ9\" href='https:\/\/www.lichen.pl\/wp-content\/uploads\/2023\/08\/38.-Gdynska-Piesza-Pielgrzymka-na-Jasna-Gore-24.jpg'><img loading=\"lazy\" width=\"150\" height=\"150\" src=\"https:\/\/www.lichen.pl\/wp-content\/uploads\/2023\/08\/38.-Gdynska-Piesza-Pielgrzymka-na-Jasna-Gore-24-150x150.jpg\" class=\"attachment-thumbnail size-thumbnail\" alt=\"\" decoding=\"async\" srcset=\"https:\/\/www.lichen.pl\/wp-content\/uploads\/2023\/08\/38.-Gdynska-Piesza-Pielgrzymka-na-Jasna-Gore-24-150x150.jpg 150w, https:\/\/www.lichen.pl\/wp-content\/uploads\/2023\/08\/38.-Gdynska-Piesza-Pielgrzymka-na-Jasna-Gore-24-300x300.jpg 300w\" sizes=\"(max-width: 150px) 100vw, 150px\" \/><\/a>\n\t\t\t<\/div><\/figure><figure class='gallery-item'>\n\t\t\t<div class='gallery-icon landscape'>\n\t\t\t\t<a data-elementor-open-lightbox=\"yes\" data-elementor-lightbox-slideshow=\"2a65b7f\" data-elementor-lightbox-title=\"38. Gdy\u0144\u015bka Piesza Pielgrzymka na Jasn\u0105 G\u00f3r\u0119 (30)\" data-e-action-hash=\"#elementor-action%3Aaction%3Dlightbox%26settings%3DeyJpZCI6NTY5MDQsInVybCI6Imh0dHBzOlwvXC93d3cubGljaGVuLnBsXC93cC1jb250ZW50XC91cGxvYWRzXC8yMDIzXC8wOFwvMzguLUdkeW5za2EtUGllc3phLVBpZWxncnp5bWthLW5hLUphc25hLUdvcmUtMzAuanBnIiwic2xpZGVzaG93IjoiMmE2NWI3ZiJ9\" href='https:\/\/www.lichen.pl\/wp-content\/uploads\/2023\/08\/38.-Gdynska-Piesza-Pielgrzymka-na-Jasna-Gore-30.jpg'><img loading=\"lazy\" width=\"150\" height=\"150\" src=\"https:\/\/www.lichen.pl\/wp-content\/uploads\/2023\/08\/38.-Gdynska-Piesza-Pielgrzymka-na-Jasna-Gore-30-150x150.jpg\" class=\"attachment-thumbnail size-thumbnail\" alt=\"\" decoding=\"async\" srcset=\"https:\/\/www.lichen.pl\/wp-content\/uploads\/2023\/08\/38.-Gdynska-Piesza-Pielgrzymka-na-Jasna-Gore-30-150x150.jpg 150w, https:\/\/www.lichen.pl\/wp-content\/uploads\/2023\/08\/38.-Gdynska-Piesza-Pielgrzymka-na-Jasna-Gore-30-300x300.jpg 300w\" sizes=\"(max-width: 150px) 100vw, 150px\" \/><\/a>\n\t\t\t<\/div><\/figure><figure class='gallery-item'>\n\t\t\t<div class='gallery-icon landscape'>\n\t\t\t\t<a data-elementor-open-lightbox=\"yes\" data-elementor-lightbox-slideshow=\"2a65b7f\" data-elementor-lightbox-title=\"38. Gdy\u0144\u015bka Piesza Pielgrzymka na Jasn\u0105 G\u00f3r\u0119 (23)\" data-e-action-hash=\"#elementor-action%3Aaction%3Dlightbox%26settings%3DeyJpZCI6NTY4OTcsInVybCI6Imh0dHBzOlwvXC93d3cubGljaGVuLnBsXC93cC1jb250ZW50XC91cGxvYWRzXC8yMDIzXC8wOFwvMzguLUdkeW5za2EtUGllc3phLVBpZWxncnp5bWthLW5hLUphc25hLUdvcmUtMjMuanBnIiwic2xpZGVzaG93IjoiMmE2NWI3ZiJ9\" href='https:\/\/www.lichen.pl\/wp-content\/uploads\/2023\/08\/38.-Gdynska-Piesza-Pielgrzymka-na-Jasna-Gore-23.jpg'><img loading=\"lazy\" width=\"150\" height=\"150\" src=\"https:\/\/www.lichen.pl\/wp-content\/uploads\/2023\/08\/38.-Gdynska-Piesza-Pielgrzymka-na-Jasna-Gore-23-150x150.jpg\" class=\"attachment-thumbnail size-thumbnail\" alt=\"\" decoding=\"async\" srcset=\"https:\/\/www.lichen.pl\/wp-content\/uploads\/2023\/08\/38.-Gdynska-Piesza-Pielgrzymka-na-Jasna-Gore-23-150x150.jpg 150w, https:\/\/www.lichen.pl\/wp-content\/uploads\/2023\/08\/38.-Gdynska-Piesza-Pielgrzymka-na-Jasna-Gore-23-300x300.jpg 300w\" sizes=\"(max-width: 150px) 100vw, 150px\" \/><\/a>\n\t\t\t<\/div><\/figure><figure class='gallery-item'>\n\t\t\t<div class='gallery-icon landscape'>\n\t\t\t\t<a data-elementor-open-lightbox=\"yes\" data-elementor-lightbox-slideshow=\"2a65b7f\" data-elementor-lightbox-title=\"38. Gdy\u0144\u015bka Piesza Pielgrzymka na Jasn\u0105 G\u00f3r\u0119 (22)\" data-e-action-hash=\"#elementor-action%3Aaction%3Dlightbox%26settings%3DeyJpZCI6NTY4OTYsInVybCI6Imh0dHBzOlwvXC93d3cubGljaGVuLnBsXC93cC1jb250ZW50XC91cGxvYWRzXC8yMDIzXC8wOFwvMzguLUdkeW5za2EtUGllc3phLVBpZWxncnp5bWthLW5hLUphc25hLUdvcmUtMjIuanBnIiwic2xpZGVzaG93IjoiMmE2NWI3ZiJ9\" href='https:\/\/www.lichen.pl\/wp-content\/uploads\/2023\/08\/38.-Gdynska-Piesza-Pielgrzymka-na-Jasna-Gore-22.jpg'><img loading=\"lazy\" width=\"150\" height=\"150\" src=\"https:\/\/www.lichen.pl\/wp-content\/uploads\/2023\/08\/38.-Gdynska-Piesza-Pielgrzymka-na-Jasna-Gore-22-150x150.jpg\" class=\"attachment-thumbnail size-thumbnail\" alt=\"\" decoding=\"async\" srcset=\"https:\/\/www.lichen.pl\/wp-content\/uploads\/2023\/08\/38.-Gdynska-Piesza-Pielgrzymka-na-Jasna-Gore-22-150x150.jpg 150w, https:\/\/www.lichen.pl\/wp-content\/uploads\/2023\/08\/38.-Gdynska-Piesza-Pielgrzymka-na-Jasna-Gore-22-300x300.jpg 300w\" sizes=\"(max-width: 150px) 100vw, 150px\" \/><\/a>\n\t\t\t<\/div><\/figure><figure class='gallery-item'>\n\t\t\t<div class='gallery-icon landscape'>\n\t\t\t\t<a data-elementor-open-lightbox=\"yes\" data-elementor-lightbox-slideshow=\"2a65b7f\" data-elementor-lightbox-title=\"38. Gdy\u0144\u015bka Piesza Pielgrzymka na Jasn\u0105 G\u00f3r\u0119 (21)\" data-e-action-hash=\"#elementor-action%3Aaction%3Dlightbox%26settings%3DeyJpZCI6NTY4OTUsInVybCI6Imh0dHBzOlwvXC93d3cubGljaGVuLnBsXC93cC1jb250ZW50XC91cGxvYWRzXC8yMDIzXC8wOFwvMzguLUdkeW5za2EtUGllc3phLVBpZWxncnp5bWthLW5hLUphc25hLUdvcmUtMjEuanBnIiwic2xpZGVzaG93IjoiMmE2NWI3ZiJ9\" href='https:\/\/www.lichen.pl\/wp-content\/uploads\/2023\/08\/38.-Gdynska-Piesza-Pielgrzymka-na-Jasna-Gore-21.jpg'><img loading=\"lazy\" width=\"150\" height=\"150\" src=\"https:\/\/www.lichen.pl\/wp-content\/uploads\/2023\/08\/38.-Gdynska-Piesza-Pielgrzymka-na-Jasna-Gore-21-150x150.jpg\" class=\"attachment-thumbnail size-thumbnail\" alt=\"\" decoding=\"async\" srcset=\"https:\/\/www.lichen.pl\/wp-content\/uploads\/2023\/08\/38.-Gdynska-Piesza-Pielgrzymka-na-Jasna-Gore-21-150x150.jpg 150w, https:\/\/www.lichen.pl\/wp-content\/uploads\/2023\/08\/38.-Gdynska-Piesza-Pielgrzymka-na-Jasna-Gore-21-300x300.jpg 300w\" sizes=\"(max-width: 150px) 100vw, 150px\" \/><\/a>\n\t\t\t<\/div><\/figure><figure class='gallery-item'>\n\t\t\t<div class='gallery-icon landscape'>\n\t\t\t\t<a data-elementor-open-lightbox=\"yes\" data-elementor-lightbox-slideshow=\"2a65b7f\" data-elementor-lightbox-title=\"38. Gdy\u0144\u015bka Piesza Pielgrzymka na Jasn\u0105 G\u00f3r\u0119 (20)\" data-e-action-hash=\"#elementor-action%3Aaction%3Dlightbox%26settings%3DeyJpZCI6NTY4OTQsInVybCI6Imh0dHBzOlwvXC93d3cubGljaGVuLnBsXC93cC1jb250ZW50XC91cGxvYWRzXC8yMDIzXC8wOFwvMzguLUdkeW5za2EtUGllc3phLVBpZWxncnp5bWthLW5hLUphc25hLUdvcmUtMjAuanBnIiwic2xpZGVzaG93IjoiMmE2NWI3ZiJ9\" href='https:\/\/www.lichen.pl\/wp-content\/uploads\/2023\/08\/38.-Gdynska-Piesza-Pielgrzymka-na-Jasna-Gore-20.jpg'><img loading=\"lazy\" width=\"150\" height=\"150\" src=\"https:\/\/www.lichen.pl\/wp-content\/uploads\/2023\/08\/38.-Gdynska-Piesza-Pielgrzymka-na-Jasna-Gore-20-150x150.jpg\" class=\"attachment-thumbnail size-thumbnail\" alt=\"\" decoding=\"async\" srcset=\"https:\/\/www.lichen.pl\/wp-content\/uploads\/2023\/08\/38.-Gdynska-Piesza-Pielgrzymka-na-Jasna-Gore-20-150x150.jpg 150w, https:\/\/www.lichen.pl\/wp-content\/uploads\/2023\/08\/38.-Gdynska-Piesza-Pielgrzymka-na-Jasna-Gore-20-300x300.jpg 300w\" sizes=\"(max-width: 150px) 100vw, 150px\" \/><\/a>\n\t\t\t<\/div><\/figure><figure class='gallery-item'>\n\t\t\t<div class='gallery-icon landscape'>\n\t\t\t\t<a data-elementor-open-lightbox=\"yes\" data-elementor-lightbox-slideshow=\"2a65b7f\" data-elementor-lightbox-title=\"38. Gdy\u0144\u015bka Piesza Pielgrzymka na Jasn\u0105 G\u00f3r\u0119 (19)\" data-e-action-hash=\"#elementor-action%3Aaction%3Dlightbox%26settings%3DeyJpZCI6NTY4OTMsInVybCI6Imh0dHBzOlwvXC93d3cubGljaGVuLnBsXC93cC1jb250ZW50XC91cGxvYWRzXC8yMDIzXC8wOFwvMzguLUdkeW5za2EtUGllc3phLVBpZWxncnp5bWthLW5hLUphc25hLUdvcmUtMTkuanBnIiwic2xpZGVzaG93IjoiMmE2NWI3ZiJ9\" href='https:\/\/www.lichen.pl\/wp-content\/uploads\/2023\/08\/38.-Gdynska-Piesza-Pielgrzymka-na-Jasna-Gore-19.jpg'><img loading=\"lazy\" width=\"150\" height=\"150\" src=\"https:\/\/www.lichen.pl\/wp-content\/uploads\/2023\/08\/38.-Gdynska-Piesza-Pielgrzymka-na-Jasna-Gore-19-150x150.jpg\" class=\"attachment-thumbnail size-thumbnail\" alt=\"\" decoding=\"async\" srcset=\"https:\/\/www.lichen.pl\/wp-content\/uploads\/2023\/08\/38.-Gdynska-Piesza-Pielgrzymka-na-Jasna-Gore-19-150x150.jpg 150w, https:\/\/www.lichen.pl\/wp-content\/uploads\/2023\/08\/38.-Gdynska-Piesza-Pielgrzymka-na-Jasna-Gore-19-300x300.jpg 300w\" sizes=\"(max-width: 150px) 100vw, 150px\" \/><\/a>\n\t\t\t<\/div><\/figure><figure class='gallery-item'>\n\t\t\t<div class='gallery-icon landscape'>\n\t\t\t\t<a data-elementor-open-lightbox=\"yes\" data-elementor-lightbox-slideshow=\"2a65b7f\" data-elementor-lightbox-title=\"38. Gdy\u0144\u015bka Piesza Pielgrzymka na Jasn\u0105 G\u00f3r\u0119 (18)\" data-e-action-hash=\"#elementor-action%3Aaction%3Dlightbox%26settings%3DeyJpZCI6NTY4OTIsInVybCI6Imh0dHBzOlwvXC93d3cubGljaGVuLnBsXC93cC1jb250ZW50XC91cGxvYWRzXC8yMDIzXC8wOFwvMzguLUdkeW5za2EtUGllc3phLVBpZWxncnp5bWthLW5hLUphc25hLUdvcmUtMTguanBnIiwic2xpZGVzaG93IjoiMmE2NWI3ZiJ9\" href='https:\/\/www.lichen.pl\/wp-content\/uploads\/2023\/08\/38.-Gdynska-Piesza-Pielgrzymka-na-Jasna-Gore-18.jpg'><img loading=\"lazy\" width=\"150\" height=\"150\" src=\"https:\/\/www.lichen.pl\/wp-content\/uploads\/2023\/08\/38.-Gdynska-Piesza-Pielgrzymka-na-Jasna-Gore-18-150x150.jpg\" class=\"attachment-thumbnail size-thumbnail\" alt=\"\" decoding=\"async\" srcset=\"https:\/\/www.lichen.pl\/wp-content\/uploads\/2023\/08\/38.-Gdynska-Piesza-Pielgrzymka-na-Jasna-Gore-18-150x150.jpg 150w, https:\/\/www.lichen.pl\/wp-content\/uploads\/2023\/08\/38.-Gdynska-Piesza-Pielgrzymka-na-Jasna-Gore-18-300x300.jpg 300w\" sizes=\"(max-width: 150px) 100vw, 150px\" \/><\/a>\n\t\t\t<\/div><\/figure><figure class='gallery-item'>\n\t\t\t<div class='gallery-icon landscape'>\n\t\t\t\t<a data-elementor-open-lightbox=\"yes\" data-elementor-lightbox-slideshow=\"2a65b7f\" data-elementor-lightbox-title=\"38. Gdy\u0144\u015bka Piesza Pielgrzymka na Jasn\u0105 G\u00f3r\u0119 (11)\" data-e-action-hash=\"#elementor-action%3Aaction%3Dlightbox%26settings%3DeyJpZCI6NTY4ODUsInVybCI6Imh0dHBzOlwvXC93d3cubGljaGVuLnBsXC93cC1jb250ZW50XC91cGxvYWRzXC8yMDIzXC8wOFwvMzguLUdkeW5za2EtUGllc3phLVBpZWxncnp5bWthLW5hLUphc25hLUdvcmUtMTEuanBnIiwic2xpZGVzaG93IjoiMmE2NWI3ZiJ9\" href='https:\/\/www.lichen.pl\/wp-content\/uploads\/2023\/08\/38.-Gdynska-Piesza-Pielgrzymka-na-Jasna-Gore-11.jpg'><img loading=\"lazy\" width=\"150\" height=\"150\" src=\"https:\/\/www.lichen.pl\/wp-content\/uploads\/2023\/08\/38.-Gdynska-Piesza-Pielgrzymka-na-Jasna-Gore-11-150x150.jpg\" class=\"attachment-thumbnail size-thumbnail\" alt=\"\" decoding=\"async\" srcset=\"https:\/\/www.lichen.pl\/wp-content\/uploads\/2023\/08\/38.-Gdynska-Piesza-Pielgrzymka-na-Jasna-Gore-11-150x150.jpg 150w, https:\/\/www.lichen.pl\/wp-content\/uploads\/2023\/08\/38.-Gdynska-Piesza-Pielgrzymka-na-Jasna-Gore-11-300x300.jpg 300w\" sizes=\"(max-width: 150px) 100vw, 150px\" \/><\/a>\n\t\t\t<\/div><\/figure><figure class='gallery-item'>\n\t\t\t<div class='gallery-icon landscape'>\n\t\t\t\t<a data-elementor-open-lightbox=\"yes\" data-elementor-lightbox-slideshow=\"2a65b7f\" data-elementor-lightbox-title=\"38. Gdy\u0144\u015bka Piesza Pielgrzymka na Jasn\u0105 G\u00f3r\u0119 (10)\" data-e-action-hash=\"#elementor-action%3Aaction%3Dlightbox%26settings%3DeyJpZCI6NTY4ODQsInVybCI6Imh0dHBzOlwvXC93d3cubGljaGVuLnBsXC93cC1jb250ZW50XC91cGxvYWRzXC8yMDIzXC8wOFwvMzguLUdkeW5za2EtUGllc3phLVBpZWxncnp5bWthLW5hLUphc25hLUdvcmUtMTAuanBnIiwic2xpZGVzaG93IjoiMmE2NWI3ZiJ9\" href='https:\/\/www.lichen.pl\/wp-content\/uploads\/2023\/08\/38.-Gdynska-Piesza-Pielgrzymka-na-Jasna-Gore-10.jpg'><img loading=\"lazy\" width=\"150\" height=\"150\" src=\"https:\/\/www.lichen.pl\/wp-content\/uploads\/2023\/08\/38.-Gdynska-Piesza-Pielgrzymka-na-Jasna-Gore-10-150x150.jpg\" class=\"attachment-thumbnail size-thumbnail\" alt=\"\" decoding=\"async\" srcset=\"https:\/\/www.lichen.pl\/wp-content\/uploads\/2023\/08\/38.-Gdynska-Piesza-Pielgrzymka-na-Jasna-Gore-10-150x150.jpg 150w, https:\/\/www.lichen.pl\/wp-content\/uploads\/2023\/08\/38.-Gdynska-Piesza-Pielgrzymka-na-Jasna-Gore-10-300x300.jpg 300w\" sizes=\"(max-width: 150px) 100vw, 150px\" \/><\/a>\n\t\t\t<\/div><\/figure><figure class='gallery-item'>\n\t\t\t<div class='gallery-icon landscape'>\n\t\t\t\t<a data-elementor-open-lightbox=\"yes\" data-elementor-lightbox-slideshow=\"2a65b7f\" data-elementor-lightbox-title=\"38. Gdy\u0144\u015bka Piesza Pielgrzymka na Jasn\u0105 G\u00f3r\u0119 (9)\" data-e-action-hash=\"#elementor-action%3Aaction%3Dlightbox%26settings%3DeyJpZCI6NTY4ODMsInVybCI6Imh0dHBzOlwvXC93d3cubGljaGVuLnBsXC93cC1jb250ZW50XC91cGxvYWRzXC8yMDIzXC8wOFwvMzguLUdkeW5za2EtUGllc3phLVBpZWxncnp5bWthLW5hLUphc25hLUdvcmUtOS5qcGciLCJzbGlkZXNob3ciOiIyYTY1YjdmIn0%3D\" href='https:\/\/www.lichen.pl\/wp-content\/uploads\/2023\/08\/38.-Gdynska-Piesza-Pielgrzymka-na-Jasna-Gore-9.jpg'><img loading=\"lazy\" width=\"150\" height=\"150\" src=\"https:\/\/www.lichen.pl\/wp-content\/uploads\/2023\/08\/38.-Gdynska-Piesza-Pielgrzymka-na-Jasna-Gore-9-150x150.jpg\" class=\"attachment-thumbnail size-thumbnail\" alt=\"\" decoding=\"async\" srcset=\"https:\/\/www.lichen.pl\/wp-content\/uploads\/2023\/08\/38.-Gdynska-Piesza-Pielgrzymka-na-Jasna-Gore-9-150x150.jpg 150w, https:\/\/www.lichen.pl\/wp-content\/uploads\/2023\/08\/38.-Gdynska-Piesza-Pielgrzymka-na-Jasna-Gore-9-300x300.jpg 300w\" sizes=\"(max-width: 150px) 100vw, 150px\" \/><\/a>\n\t\t\t<\/div><\/figure><figure class='gallery-item'>\n\t\t\t<div class='gallery-icon landscape'>\n\t\t\t\t<a data-elementor-open-lightbox=\"yes\" data-elementor-lightbox-slideshow=\"2a65b7f\" data-elementor-lightbox-title=\"38. Gdy\u0144\u015bka Piesza Pielgrzymka na Jasn\u0105 G\u00f3r\u0119 (8)\" data-e-action-hash=\"#elementor-action%3Aaction%3Dlightbox%26settings%3DeyJpZCI6NTY4ODIsInVybCI6Imh0dHBzOlwvXC93d3cubGljaGVuLnBsXC93cC1jb250ZW50XC91cGxvYWRzXC8yMDIzXC8wOFwvMzguLUdkeW5za2EtUGllc3phLVBpZWxncnp5bWthLW5hLUphc25hLUdvcmUtOC5qcGciLCJzbGlkZXNob3ciOiIyYTY1YjdmIn0%3D\" href='https:\/\/www.lichen.pl\/wp-content\/uploads\/2023\/08\/38.-Gdynska-Piesza-Pielgrzymka-na-Jasna-Gore-8.jpg'><img loading=\"lazy\" width=\"150\" height=\"150\" src=\"https:\/\/www.lichen.pl\/wp-content\/uploads\/2023\/08\/38.-Gdynska-Piesza-Pielgrzymka-na-Jasna-Gore-8-150x150.jpg\" class=\"attachment-thumbnail size-thumbnail\" alt=\"\" decoding=\"async\" srcset=\"https:\/\/www.lichen.pl\/wp-content\/uploads\/2023\/08\/38.-Gdynska-Piesza-Pielgrzymka-na-Jasna-Gore-8-150x150.jpg 150w, https:\/\/www.lichen.pl\/wp-content\/uploads\/2023\/08\/38.-Gdynska-Piesza-Pielgrzymka-na-Jasna-Gore-8-300x300.jpg 300w\" sizes=\"(max-width: 150px) 100vw, 150px\" \/><\/a>\n\t\t\t<\/div><\/figure><figure class='gallery-item'>\n\t\t\t<div class='gallery-icon portrait'>\n\t\t\t\t<a data-elementor-open-lightbox=\"yes\" data-elementor-lightbox-slideshow=\"2a65b7f\" data-elementor-lightbox-title=\"38. Gdy\u0144\u015bka Piesza Pielgrzymka na Jasn\u0105 G\u00f3r\u0119 (7)\" data-e-action-hash=\"#elementor-action%3Aaction%3Dlightbox%26settings%3DeyJpZCI6NTY4ODEsInVybCI6Imh0dHBzOlwvXC93d3cubGljaGVuLnBsXC93cC1jb250ZW50XC91cGxvYWRzXC8yMDIzXC8wOFwvMzguLUdkeW5za2EtUGllc3phLVBpZWxncnp5bWthLW5hLUphc25hLUdvcmUtNy5qcGciLCJzbGlkZXNob3ciOiIyYTY1YjdmIn0%3D\" href='https:\/\/www.lichen.pl\/wp-content\/uploads\/2023\/08\/38.-Gdynska-Piesza-Pielgrzymka-na-Jasna-Gore-7.jpg'><img loading=\"lazy\" width=\"150\" height=\"150\" src=\"https:\/\/www.lichen.pl\/wp-content\/uploads\/2023\/08\/38.-Gdynska-Piesza-Pielgrzymka-na-Jasna-Gore-7-150x150.jpg\" class=\"attachment-thumbnail size-thumbnail\" alt=\"\" decoding=\"async\" srcset=\"https:\/\/www.lichen.pl\/wp-content\/uploads\/2023\/08\/38.-Gdynska-Piesza-Pielgrzymka-na-Jasna-Gore-7-150x150.jpg 150w, https:\/\/www.lichen.pl\/wp-content\/uploads\/2023\/08\/38.-Gdynska-Piesza-Pielgrzymka-na-Jasna-Gore-7-300x300.jpg 300w\" sizes=\"(max-width: 150px) 100vw, 150px\" \/><\/a>\n\t\t\t<\/div><\/figure><figure class='gallery-item'>\n\t\t\t<div class='gallery-icon landscape'>\n\t\t\t\t<a data-elementor-open-lightbox=\"yes\" data-elementor-lightbox-slideshow=\"2a65b7f\" data-elementor-lightbox-title=\"38. Gdy\u0144\u015bka Piesza Pielgrzymka na Jasn\u0105 G\u00f3r\u0119 (6)\" data-e-action-hash=\"#elementor-action%3Aaction%3Dlightbox%26settings%3DeyJpZCI6NTY4ODAsInVybCI6Imh0dHBzOlwvXC93d3cubGljaGVuLnBsXC93cC1jb250ZW50XC91cGxvYWRzXC8yMDIzXC8wOFwvMzguLUdkeW5za2EtUGllc3phLVBpZWxncnp5bWthLW5hLUphc25hLUdvcmUtNi5qcGciLCJzbGlkZXNob3ciOiIyYTY1YjdmIn0%3D\" href='https:\/\/www.lichen.pl\/wp-content\/uploads\/2023\/08\/38.-Gdynska-Piesza-Pielgrzymka-na-Jasna-Gore-6.jpg'><img loading=\"lazy\" width=\"150\" height=\"150\" src=\"https:\/\/www.lichen.pl\/wp-content\/uploads\/2023\/08\/38.-Gdynska-Piesza-Pielgrzymka-na-Jasna-Gore-6-150x150.jpg\" class=\"attachment-thumbnail size-thumbnail\" alt=\"\" decoding=\"async\" srcset=\"https:\/\/www.lichen.pl\/wp-content\/uploads\/2023\/08\/38.-Gdynska-Piesza-Pielgrzymka-na-Jasna-Gore-6-150x150.jpg 150w, https:\/\/www.lichen.pl\/wp-content\/uploads\/2023\/08\/38.-Gdynska-Piesza-Pielgrzymka-na-Jasna-Gore-6-300x300.jpg 300w\" sizes=\"(max-width: 150px) 100vw, 150px\" \/><\/a>\n\t\t\t<\/div><\/figure><figure class='gallery-item'>\n\t\t\t<div class='gallery-icon portrait'>\n\t\t\t\t<a data-elementor-open-lightbox=\"yes\" data-elementor-lightbox-slideshow=\"2a65b7f\" data-elementor-lightbox-title=\"38. Gdy\u0144\u015bka Piesza Pielgrzymka na Jasn\u0105 G\u00f3r\u0119 (5)\" data-e-action-hash=\"#elementor-action%3Aaction%3Dlightbox%26settings%3DeyJpZCI6NTY4NzksInVybCI6Imh0dHBzOlwvXC93d3cubGljaGVuLnBsXC93cC1jb250ZW50XC91cGxvYWRzXC8yMDIzXC8wOFwvMzguLUdkeW5za2EtUGllc3phLVBpZWxncnp5bWthLW5hLUphc25hLUdvcmUtNS5qcGciLCJzbGlkZXNob3ciOiIyYTY1YjdmIn0%3D\" href='https:\/\/www.lichen.pl\/wp-content\/uploads\/2023\/08\/38.-Gdynska-Piesza-Pielgrzymka-na-Jasna-Gore-5.jpg'><img loading=\"lazy\" width=\"150\" height=\"150\" src=\"https:\/\/www.lichen.pl\/wp-content\/uploads\/2023\/08\/38.-Gdynska-Piesza-Pielgrzymka-na-Jasna-Gore-5-150x150.jpg\" class=\"attachment-thumbnail size-thumbnail\" alt=\"\" decoding=\"async\" srcset=\"https:\/\/www.lichen.pl\/wp-content\/uploads\/2023\/08\/38.-Gdynska-Piesza-Pielgrzymka-na-Jasna-Gore-5-150x150.jpg 150w, https:\/\/www.lichen.pl\/wp-content\/uploads\/2023\/08\/38.-Gdynska-Piesza-Pielgrzymka-na-Jasna-Gore-5-300x300.jpg 300w\" sizes=\"(max-width: 150px) 100vw, 150px\" \/><\/a>\n\t\t\t<\/div><\/figure><figure class='gallery-item'>\n\t\t\t<div class='gallery-icon landscape'>\n\t\t\t\t<a data-elementor-open-lightbox=\"yes\" data-elementor-lightbox-slideshow=\"2a65b7f\" data-elementor-lightbox-title=\"38. Gdy\u0144\u015bka Piesza Pielgrzymka na Jasn\u0105 G\u00f3r\u0119 (4)\" data-e-action-hash=\"#elementor-action%3Aaction%3Dlightbox%26settings%3DeyJpZCI6NTY4NzgsInVybCI6Imh0dHBzOlwvXC93d3cubGljaGVuLnBsXC93cC1jb250ZW50XC91cGxvYWRzXC8yMDIzXC8wOFwvMzguLUdkeW5za2EtUGllc3phLVBpZWxncnp5bWthLW5hLUphc25hLUdvcmUtNC5qcGciLCJzbGlkZXNob3ciOiIyYTY1YjdmIn0%3D\" href='https:\/\/www.lichen.pl\/wp-content\/uploads\/2023\/08\/38.-Gdynska-Piesza-Pielgrzymka-na-Jasna-Gore-4.jpg'><img loading=\"lazy\" width=\"150\" height=\"150\" src=\"https:\/\/www.lichen.pl\/wp-content\/uploads\/2023\/08\/38.-Gdynska-Piesza-Pielgrzymka-na-Jasna-Gore-4-150x150.jpg\" class=\"attachment-thumbnail size-thumbnail\" alt=\"\" decoding=\"async\" srcset=\"https:\/\/www.lichen.pl\/wp-content\/uploads\/2023\/08\/38.-Gdynska-Piesza-Pielgrzymka-na-Jasna-Gore-4-150x150.jpg 150w, https:\/\/www.lichen.pl\/wp-content\/uploads\/2023\/08\/38.-Gdynska-Piesza-Pielgrzymka-na-Jasna-Gore-4-300x300.jpg 300w\" sizes=\"(max-width: 150px) 100vw, 150px\" \/><\/a>\n\t\t\t<\/div><\/figure><figure class='gallery-item'>\n\t\t\t<div class='gallery-icon landscape'>\n\t\t\t\t<a data-elementor-open-lightbox=\"yes\" data-elementor-lightbox-slideshow=\"2a65b7f\" data-elementor-lightbox-title=\"38. Gdy\u0144\u015bka Piesza Pielgrzymka na Jasn\u0105 G\u00f3r\u0119 (3)\" data-e-action-hash=\"#elementor-action%3Aaction%3Dlightbox%26settings%3DeyJpZCI6NTY4NzcsInVybCI6Imh0dHBzOlwvXC93d3cubGljaGVuLnBsXC93cC1jb250ZW50XC91cGxvYWRzXC8yMDIzXC8wOFwvMzguLUdkeW5za2EtUGllc3phLVBpZWxncnp5bWthLW5hLUphc25hLUdvcmUtMy5qcGciLCJzbGlkZXNob3ciOiIyYTY1YjdmIn0%3D\" href='https:\/\/www.lichen.pl\/wp-content\/uploads\/2023\/08\/38.-Gdynska-Piesza-Pielgrzymka-na-Jasna-Gore-3.jpg'><img loading=\"lazy\" width=\"150\" height=\"150\" src=\"https:\/\/www.lichen.pl\/wp-content\/uploads\/2023\/08\/38.-Gdynska-Piesza-Pielgrzymka-na-Jasna-Gore-3-150x150.jpg\" class=\"attachment-thumbnail size-thumbnail\" alt=\"\" decoding=\"async\" srcset=\"https:\/\/www.lichen.pl\/wp-content\/uploads\/2023\/08\/38.-Gdynska-Piesza-Pielgrzymka-na-Jasna-Gore-3-150x150.jpg 150w, https:\/\/www.lichen.pl\/wp-content\/uploads\/2023\/08\/38.-Gdynska-Piesza-Pielgrzymka-na-Jasna-Gore-3-300x300.jpg 300w\" sizes=\"(max-width: 150px) 100vw, 150px\" \/><\/a>\n\t\t\t<\/div><\/figure><figure class='gallery-item'>\n\t\t\t<div class='gallery-icon portrait'>\n\t\t\t\t<a data-elementor-open-lightbox=\"yes\" data-elementor-lightbox-slideshow=\"2a65b7f\" data-elementor-lightbox-title=\"38. Gdy\u0144\u015bka Piesza Pielgrzymka na Jasn\u0105 G\u00f3r\u0119 (2)\" data-e-action-hash=\"#elementor-action%3Aaction%3Dlightbox%26settings%3DeyJpZCI6NTY4NzYsInVybCI6Imh0dHBzOlwvXC93d3cubGljaGVuLnBsXC93cC1jb250ZW50XC91cGxvYWRzXC8yMDIzXC8wOFwvMzguLUdkeW5za2EtUGllc3phLVBpZWxncnp5bWthLW5hLUphc25hLUdvcmUtMi5qcGciLCJzbGlkZXNob3ciOiIyYTY1YjdmIn0%3D\" href='https:\/\/www.lichen.pl\/wp-content\/uploads\/2023\/08\/38.-Gdynska-Piesza-Pielgrzymka-na-Jasna-Gore-2.jpg'><img loading=\"lazy\" width=\"150\" height=\"150\" src=\"https:\/\/www.lichen.pl\/wp-content\/uploads\/2023\/08\/38.-Gdynska-Piesza-Pielgrzymka-na-Jasna-Gore-2-150x150.jpg\" class=\"attachment-thumbnail size-thumbnail\" alt=\"\" decoding=\"async\" srcset=\"https:\/\/www.lichen.pl\/wp-content\/uploads\/2023\/08\/38.-Gdynska-Piesza-Pielgrzymka-na-Jasna-Gore-2-150x150.jpg 150w, https:\/\/www.lichen.pl\/wp-content\/uploads\/2023\/08\/38.-Gdynska-Piesza-Pielgrzymka-na-Jasna-Gore-2-300x300.jpg 300w\" sizes=\"(max-width: 150px) 100vw, 150px\" \/><\/a>\n\t\t\t<\/div><\/figure>\n\t\t<\/div>\n\t\t<\/div>\n\t\t\t\t\t\t<\/div>\n\t\t\t\t<\/div>\n\t\t\t\t\t<\/div>\n\t\t<\/div>\n\t\t\t\t\t<\/div>\n\t\t<\/section>\n\t\t\t\t<\/div>","protected":false},"excerpt":{"rendered":"<p>Biegiem, z u\u015bmiechem i \u015bpiewem na ustach do Lichenia dotar\u0142a jedna z najd\u0142u\u017cszych polskich pieszych pielgrzymek. Grupa p\u0105tnik\u00f3w zd\u0105\u017caj\u0105ca na Jasn\u0105 G\u00f3r\u0119 z Gdyni tradycyjnie ju\u017c wbieg\u0142a po wysokich schodach prowadz\u0105cych do ko\u015bcio\u0142a \u015bw. Doroty w Licheniu, gdzie zostali powitani przez proboszcza parafii, ks. Rafa\u0142a Krauzego MIC. \u2013 Wbiegamy w dw\u00f3ch wyj\u0105tkowych miejscach. U celu [&hellip;]<\/p>\n","protected":false},"author":5,"featured_media":56897,"comment_status":"closed","ping_status":"closed","sticky":false,"template":"","format":"standard","meta":{"footnotes":""},"categories":[1],"tags":[],"class_list":["post-56875","post","type-post","status-publish","format-standard","has-post-thumbnail","hentry","category-aktualnosci","wpbf-post"],"yoast_head":"<!-- This site is optimized with the Yoast SEO plugin v27.4 - https:\/\/yoast.com\/product\/yoast-seo-wordpress\/ -->\n<title>38. Gdy\u0144ska Piesza Pielgrzymka na Jasn\u0105 G\u00f3r\u0119 - SANKTUARIUM W LICHENIU<\/title>\n<meta name=\"robots\" content=\"index, follow, max-snippet:-1, max-image-preview:large, max-video-preview:-1\" \/>\n<link rel=\"canonical\" href=\"https:\/\/www.lichen.pl\/en\/38-gdynska\/\" \/>\n<meta property=\"og:locale\" content=\"en_GB\" \/>\n<meta property=\"og:type\" content=\"article\" \/>\n<meta property=\"og:title\" content=\"38. Gdy\u0144ska Piesza Pielgrzymka na Jasn\u0105 G\u00f3r\u0119 - SANKTUARIUM W LICHENIU\" \/>\n<meta property=\"og:description\" content=\"Biegiem, z u\u015bmiechem i \u015bpiewem na ustach do Lichenia dotar\u0142a jedna z najd\u0142u\u017cszych polskich pieszych pielgrzymek. Grupa p\u0105tnik\u00f3w zd\u0105\u017caj\u0105ca na Jasn\u0105 G\u00f3r\u0119 z Gdyni tradycyjnie ju\u017c wbieg\u0142a po wysokich schodach prowadz\u0105cych do ko\u015bcio\u0142a \u015bw. Doroty w Licheniu, gdzie zostali powitani przez proboszcza parafii, ks. Rafa\u0142a Krauzego MIC. \u2013 Wbiegamy w dw\u00f3ch wyj\u0105tkowych miejscach. U celu [&hellip;]\" \/>\n<meta property=\"og:url\" content=\"https:\/\/www.lichen.pl\/en\/38-gdynska\/\" \/>\n<meta property=\"og:site_name\" content=\"SANKTUARIUM W LICHENIU\" \/>\n<meta property=\"article:published_time\" content=\"2023-08-04T19:29:39+00:00\" \/>\n<meta property=\"article:modified_time\" content=\"2023-08-06T09:39:54+00:00\" \/>\n<meta property=\"og:image\" content=\"https:\/\/www.lichen.pl\/wp-content\/uploads\/2023\/08\/38.-Gdynska-Piesza-Pielgrzymka-na-Jasna-Gore-23-1024x683.jpg\" \/>\n\t<meta property=\"og:image:width\" content=\"1024\" \/>\n\t<meta property=\"og:image:height\" content=\"683\" \/>\n\t<meta property=\"og:image:type\" content=\"image\/jpeg\" \/>\n<meta name=\"author\" content=\"Justyna Zacharek\" \/>\n<meta name=\"twitter:card\" content=\"summary_large_image\" \/>\n<meta name=\"twitter:label1\" content=\"Written by\" \/>\n\t<meta name=\"twitter:data1\" content=\"Justyna Zacharek\" \/>\n\t<meta name=\"twitter:label2\" content=\"Estimated reading time\" \/>\n\t<meta name=\"twitter:data2\" content=\"8 minutes\" \/>\n<script type=\"application\/ld+json\" class=\"yoast-schema-graph\">{\"@context\":\"https:\\\/\\\/schema.org\",\"@graph\":[{\"@type\":\"Article\",\"@id\":\"https:\\\/\\\/www.lichen.pl\\\/38-gdynska\\\/#article\",\"isPartOf\":{\"@id\":\"https:\\\/\\\/www.lichen.pl\\\/38-gdynska\\\/\"},\"author\":{\"name\":\"Justyna Zacharek\",\"@id\":\"https:\\\/\\\/www.lichen.pl\\\/fr\\\/#\\\/schema\\\/person\\\/9f57a1408d363022abd305da0323b703\"},\"headline\":\"38. Gdy\u0144ska Piesza Pielgrzymka na Jasn\u0105 G\u00f3r\u0119\",\"datePublished\":\"2023-08-04T19:29:39+00:00\",\"dateModified\":\"2023-08-06T09:39:54+00:00\",\"mainEntityOfPage\":{\"@id\":\"https:\\\/\\\/www.lichen.pl\\\/38-gdynska\\\/\"},\"wordCount\":439,\"image\":{\"@id\":\"https:\\\/\\\/www.lichen.pl\\\/38-gdynska\\\/#primaryimage\"},\"thumbnailUrl\":\"https:\\\/\\\/www.lichen.pl\\\/wp-content\\\/uploads\\\/2023\\\/08\\\/38.-Gdynska-Piesza-Pielgrzymka-na-Jasna-Gore-23.jpg\",\"articleSection\":[\"Aktualno\u015bci\"],\"inLanguage\":\"en-GB\"},{\"@type\":\"WebPage\",\"@id\":\"https:\\\/\\\/www.lichen.pl\\\/38-gdynska\\\/\",\"url\":\"https:\\\/\\\/www.lichen.pl\\\/38-gdynska\\\/\",\"name\":\"38. Gdy\u0144ska Piesza Pielgrzymka na Jasn\u0105 G\u00f3r\u0119 - SANKTUARIUM W LICHENIU\",\"isPartOf\":{\"@id\":\"https:\\\/\\\/www.lichen.pl\\\/fr\\\/#website\"},\"primaryImageOfPage\":{\"@id\":\"https:\\\/\\\/www.lichen.pl\\\/38-gdynska\\\/#primaryimage\"},\"image\":{\"@id\":\"https:\\\/\\\/www.lichen.pl\\\/38-gdynska\\\/#primaryimage\"},\"thumbnailUrl\":\"https:\\\/\\\/www.lichen.pl\\\/wp-content\\\/uploads\\\/2023\\\/08\\\/38.-Gdynska-Piesza-Pielgrzymka-na-Jasna-Gore-23.jpg\",\"datePublished\":\"2023-08-04T19:29:39+00:00\",\"dateModified\":\"2023-08-06T09:39:54+00:00\",\"author\":{\"@id\":\"https:\\\/\\\/www.lichen.pl\\\/fr\\\/#\\\/schema\\\/person\\\/9f57a1408d363022abd305da0323b703\"},\"breadcrumb\":{\"@id\":\"https:\\\/\\\/www.lichen.pl\\\/38-gdynska\\\/#breadcrumb\"},\"inLanguage\":\"en-GB\",\"potentialAction\":[{\"@type\":\"ReadAction\",\"target\":[\"https:\\\/\\\/www.lichen.pl\\\/38-gdynska\\\/\"]}]},{\"@type\":\"ImageObject\",\"inLanguage\":\"en-GB\",\"@id\":\"https:\\\/\\\/www.lichen.pl\\\/38-gdynska\\\/#primaryimage\",\"url\":\"https:\\\/\\\/www.lichen.pl\\\/wp-content\\\/uploads\\\/2023\\\/08\\\/38.-Gdynska-Piesza-Pielgrzymka-na-Jasna-Gore-23.jpg\",\"contentUrl\":\"https:\\\/\\\/www.lichen.pl\\\/wp-content\\\/uploads\\\/2023\\\/08\\\/38.-Gdynska-Piesza-Pielgrzymka-na-Jasna-Gore-23.jpg\",\"width\":1920,\"height\":1280},{\"@type\":\"BreadcrumbList\",\"@id\":\"https:\\\/\\\/www.lichen.pl\\\/38-gdynska\\\/#breadcrumb\",\"itemListElement\":[{\"@type\":\"ListItem\",\"position\":1,\"name\":\"Strona g\u0142\u00f3wna\",\"item\":\"https:\\\/\\\/www.lichen.pl\\\/\"},{\"@type\":\"ListItem\",\"position\":2,\"name\":\"38. Gdy\u0144ska Piesza Pielgrzymka na Jasn\u0105 G\u00f3r\u0119\"}]},{\"@type\":\"WebSite\",\"@id\":\"https:\\\/\\\/www.lichen.pl\\\/fr\\\/#website\",\"url\":\"https:\\\/\\\/www.lichen.pl\\\/fr\\\/\",\"name\":\"SANKTUARIUM W LICHENIU\",\"description\":\"MATKI BO\u017bEJ LICHE\u0143SKIEJ BOLESNEJ KR\u00d3LOWEJ POLSKI\",\"potentialAction\":[{\"@type\":\"SearchAction\",\"target\":{\"@type\":\"EntryPoint\",\"urlTemplate\":\"https:\\\/\\\/www.lichen.pl\\\/fr\\\/?s={search_term_string}\"},\"query-input\":{\"@type\":\"PropertyValueSpecification\",\"valueRequired\":true,\"valueName\":\"search_term_string\"}}],\"inLanguage\":\"en-GB\"},{\"@type\":\"Person\",\"@id\":\"https:\\\/\\\/www.lichen.pl\\\/fr\\\/#\\\/schema\\\/person\\\/9f57a1408d363022abd305da0323b703\",\"name\":\"Justyna Zacharek\",\"image\":{\"@type\":\"ImageObject\",\"inLanguage\":\"en-GB\",\"@id\":\"https:\\\/\\\/secure.gravatar.com\\\/avatar\\\/7be193626a4fb4d6a7d53a7686c3bbf938efff653c427e0182457b838e9d2c3b?s=96&d=retro&r=g\",\"url\":\"https:\\\/\\\/secure.gravatar.com\\\/avatar\\\/7be193626a4fb4d6a7d53a7686c3bbf938efff653c427e0182457b838e9d2c3b?s=96&d=retro&r=g\",\"contentUrl\":\"https:\\\/\\\/secure.gravatar.com\\\/avatar\\\/7be193626a4fb4d6a7d53a7686c3bbf938efff653c427e0182457b838e9d2c3b?s=96&d=retro&r=g\",\"caption\":\"Justyna Zacharek\"},\"url\":\"https:\\\/\\\/www.lichen.pl\\\/en\\\/author\\\/justyna\\\/\"}]}<\/script>\n<!-- \/ Yoast SEO plugin. -->","yoast_head_json":{"title":"38. Gdy\u0144ska Piesza Pielgrzymka na Jasn\u0105 G\u00f3r\u0119 - SANKTUARIUM W LICHENIU","robots":{"index":"index","follow":"follow","max-snippet":"max-snippet:-1","max-image-preview":"max-image-preview:large","max-video-preview":"max-video-preview:-1"},"canonical":"https:\/\/www.lichen.pl\/en\/38-gdynska\/","og_locale":"en_GB","og_type":"article","og_title":"38. Gdy\u0144ska Piesza Pielgrzymka na Jasn\u0105 G\u00f3r\u0119 - SANKTUARIUM W LICHENIU","og_description":"Biegiem, z u\u015bmiechem i \u015bpiewem na ustach do Lichenia dotar\u0142a jedna z najd\u0142u\u017cszych polskich pieszych pielgrzymek. Grupa p\u0105tnik\u00f3w zd\u0105\u017caj\u0105ca na Jasn\u0105 G\u00f3r\u0119 z Gdyni tradycyjnie ju\u017c wbieg\u0142a po wysokich schodach prowadz\u0105cych do ko\u015bcio\u0142a \u015bw. Doroty w Licheniu, gdzie zostali powitani przez proboszcza parafii, ks. Rafa\u0142a Krauzego MIC. \u2013 Wbiegamy w dw\u00f3ch wyj\u0105tkowych miejscach. U celu [&hellip;]","og_url":"https:\/\/www.lichen.pl\/en\/38-gdynska\/","og_site_name":"SANKTUARIUM W LICHENIU","article_published_time":"2023-08-04T19:29:39+00:00","article_modified_time":"2023-08-06T09:39:54+00:00","og_image":[{"width":1024,"height":683,"url":"https:\/\/www.lichen.pl\/wp-content\/uploads\/2023\/08\/38.-Gdynska-Piesza-Pielgrzymka-na-Jasna-Gore-23-1024x683.jpg","type":"image\/jpeg"}],"author":"Justyna Zacharek","twitter_card":"summary_large_image","twitter_misc":{"Written by":"Justyna Zacharek","Estimated reading time":"8 minutes"},"schema":{"@context":"https:\/\/schema.org","@graph":[{"@type":"Article","@id":"https:\/\/www.lichen.pl\/38-gdynska\/#article","isPartOf":{"@id":"https:\/\/www.lichen.pl\/38-gdynska\/"},"author":{"name":"Justyna Zacharek","@id":"https:\/\/www.lichen.pl\/fr\/#\/schema\/person\/9f57a1408d363022abd305da0323b703"},"headline":"38. Gdy\u0144ska Piesza Pielgrzymka na Jasn\u0105 G\u00f3r\u0119","datePublished":"2023-08-04T19:29:39+00:00","dateModified":"2023-08-06T09:39:54+00:00","mainEntityOfPage":{"@id":"https:\/\/www.lichen.pl\/38-gdynska\/"},"wordCount":439,"image":{"@id":"https:\/\/www.lichen.pl\/38-gdynska\/#primaryimage"},"thumbnailUrl":"https:\/\/www.lichen.pl\/wp-content\/uploads\/2023\/08\/38.-Gdynska-Piesza-Pielgrzymka-na-Jasna-Gore-23.jpg","articleSection":["Aktualno\u015bci"],"inLanguage":"en-GB"},{"@type":"WebPage","@id":"https:\/\/www.lichen.pl\/38-gdynska\/","url":"https:\/\/www.lichen.pl\/38-gdynska\/","name":"38. Gdy\u0144ska Piesza Pielgrzymka na Jasn\u0105 G\u00f3r\u0119 - SANKTUARIUM W LICHENIU","isPartOf":{"@id":"https:\/\/www.lichen.pl\/fr\/#website"},"primaryImageOfPage":{"@id":"https:\/\/www.lichen.pl\/38-gdynska\/#primaryimage"},"image":{"@id":"https:\/\/www.lichen.pl\/38-gdynska\/#primaryimage"},"thumbnailUrl":"https:\/\/www.lichen.pl\/wp-content\/uploads\/2023\/08\/38.-Gdynska-Piesza-Pielgrzymka-na-Jasna-Gore-23.jpg","datePublished":"2023-08-04T19:29:39+00:00","dateModified":"2023-08-06T09:39:54+00:00","author":{"@id":"https:\/\/www.lichen.pl\/fr\/#\/schema\/person\/9f57a1408d363022abd305da0323b703"},"breadcrumb":{"@id":"https:\/\/www.lichen.pl\/38-gdynska\/#breadcrumb"},"inLanguage":"en-GB","potentialAction":[{"@type":"ReadAction","target":["https:\/\/www.lichen.pl\/38-gdynska\/"]}]},{"@type":"ImageObject","inLanguage":"en-GB","@id":"https:\/\/www.lichen.pl\/38-gdynska\/#primaryimage","url":"https:\/\/www.lichen.pl\/wp-content\/uploads\/2023\/08\/38.-Gdynska-Piesza-Pielgrzymka-na-Jasna-Gore-23.jpg","contentUrl":"https:\/\/www.lichen.pl\/wp-content\/uploads\/2023\/08\/38.-Gdynska-Piesza-Pielgrzymka-na-Jasna-Gore-23.jpg","width":1920,"height":1280},{"@type":"BreadcrumbList","@id":"https:\/\/www.lichen.pl\/38-gdynska\/#breadcrumb","itemListElement":[{"@type":"ListItem","position":1,"name":"Strona g\u0142\u00f3wna","item":"https:\/\/www.lichen.pl\/"},{"@type":"ListItem","position":2,"name":"38. Gdy\u0144ska Piesza Pielgrzymka na Jasn\u0105 G\u00f3r\u0119"}]},{"@type":"WebSite","@id":"https:\/\/www.lichen.pl\/fr\/#website","url":"https:\/\/www.lichen.pl\/fr\/","name":"SANCTUARY IN LICHENIA","description":"OUR LICHEN&#039;S SORROWFUL QUEEN OF POLAND","potentialAction":[{"@type":"SearchAction","target":{"@type":"EntryPoint","urlTemplate":"https:\/\/www.lichen.pl\/fr\/?s={search_term_string}"},"query-input":{"@type":"PropertyValueSpecification","valueRequired":true,"valueName":"search_term_string"}}],"inLanguage":"en-GB"},{"@type":"Person","@id":"https:\/\/www.lichen.pl\/fr\/#\/schema\/person\/9f57a1408d363022abd305da0323b703","name":"Justyna Zacharek","image":{"@type":"ImageObject","inLanguage":"en-GB","@id":"https:\/\/secure.gravatar.com\/avatar\/7be193626a4fb4d6a7d53a7686c3bbf938efff653c427e0182457b838e9d2c3b?s=96&d=retro&r=g","url":"https:\/\/secure.gravatar.com\/avatar\/7be193626a4fb4d6a7d53a7686c3bbf938efff653c427e0182457b838e9d2c3b?s=96&d=retro&r=g","contentUrl":"https:\/\/secure.gravatar.com\/avatar\/7be193626a4fb4d6a7d53a7686c3bbf938efff653c427e0182457b838e9d2c3b?s=96&d=retro&r=g","caption":"Justyna Zacharek"},"url":"https:\/\/www.lichen.pl\/en\/author\/justyna\/"}]}},"_links":{"self":[{"href":"https:\/\/www.lichen.pl\/en\/wp-json\/wp\/v2\/posts\/56875","targetHints":{"allow":["GET"]}}],"collection":[{"href":"https:\/\/www.lichen.pl\/en\/wp-json\/wp\/v2\/posts"}],"about":[{"href":"https:\/\/www.lichen.pl\/en\/wp-json\/wp\/v2\/types\/post"}],"author":[{"embeddable":true,"href":"https:\/\/www.lichen.pl\/en\/wp-json\/wp\/v2\/users\/5"}],"replies":[{"embeddable":true,"href":"https:\/\/www.lichen.pl\/en\/wp-json\/wp\/v2\/comments?post=56875"}],"version-history":[{"count":4,"href":"https:\/\/www.lichen.pl\/en\/wp-json\/wp\/v2\/posts\/56875\/revisions"}],"predecessor-version":[{"id":56913,"href":"https:\/\/www.lichen.pl\/en\/wp-json\/wp\/v2\/posts\/56875\/revisions\/56913"}],"wp:featuredmedia":[{"embeddable":true,"href":"https:\/\/www.lichen.pl\/en\/wp-json\/wp\/v2\/media\/56897"}],"wp:attachment":[{"href":"https:\/\/www.lichen.pl\/en\/wp-json\/wp\/v2\/media?parent=56875"}],"wp:term":[{"taxonomy":"category","embeddable":true,"href":"https:\/\/www.lichen.pl\/en\/wp-json\/wp\/v2\/categories?post=56875"},{"taxonomy":"post_tag","embeddable":true,"href":"https:\/\/www.lichen.pl\/en\/wp-json\/wp\/v2\/tags?post=56875"}],"curies":[{"name":"wp","href":"https:\/\/api.w.org\/{rel}","templated":true}]}}