{"id":57108,"date":"2023-08-10T14:09:20","date_gmt":"2023-08-10T12:09:20","guid":{"rendered":"https:\/\/www.lichen.pl\/?p=57108"},"modified":"2023-08-10T15:03:55","modified_gmt":"2023-08-10T13:03:55","slug":"25-rowerowa-pielgrzymka-diecezji-pelplinskiej-na-jasna-gore","status":"publish","type":"post","link":"https:\/\/www.lichen.pl\/en\/25-rowerowa-pielgrzymka-diecezji-pelplinskiej-na-jasna-gore\/","title":{"rendered":"25. Rowerowa Pielgrzymka Diecezji Pelpli\u0144skiej na Jasn\u0105 G\u00f3r\u0119"},"content":{"rendered":"<div data-elementor-type=\"wp-post\" data-elementor-id=\"57108\" class=\"elementor elementor-57108\" data-elementor-post-type=\"post\">\n\t\t\t\t\t\t<section class=\"elementor-section elementor-top-section elementor-element elementor-element-00f5be9 elementor-section-boxed elementor-section-height-default elementor-section-height-default\" data-id=\"00f5be9\" data-element_type=\"section\" data-e-type=\"section\">\n\t\t\t\t\t\t<div class=\"elementor-container elementor-column-gap-default\">\n\t\t\t\t\t<div class=\"elementor-column elementor-col-100 elementor-top-column elementor-element elementor-element-cec9057\" data-id=\"cec9057\" data-element_type=\"column\" data-e-type=\"column\">\n\t\t\t<div class=\"elementor-widget-wrap elementor-element-populated\">\n\t\t\t\t\t\t<div class=\"elementor-element elementor-element-b1ae854 elementor-widget elementor-widget-heading\" data-id=\"b1ae854\" data-element_type=\"widget\" data-e-type=\"widget\" data-widget_type=\"heading.default\">\n\t\t\t\t<div class=\"elementor-widget-container\">\n\t\t\t\t\t<h2 class=\"elementor-heading-title elementor-size-default\">\u2013 \u201eLepiej mie\u0107 na nogach sanda\u0142y ni\u017c pe\u0142ne buty, bo wtedy szybciej si\u0119 schnie\u201d \u2013 powiedzia\u0142 ks. Tomasz Syldatk, przewodnik 25. Rowerowej Pielgrzymki Diecezji Pelpli\u0144skiej na Jasn\u0105 G\u00f3r\u0119, nawi\u0105zuj\u0105c do trudnych warunk\u00f3w atmosferycznych, jakie podczas tegorocznego pielgrzymowania spotykaj\u0105 pielgrzym\u00f3w pod\u0105\u017caj\u0105cych przez Polsk\u0119 do Cz\u0119stochowy. <\/h2>\t\t\t\t<\/div>\n\t\t\t\t<\/div>\n\t\t\t\t\t<\/div>\n\t\t<\/div>\n\t\t\t\t\t<\/div>\n\t\t<\/section>\n\t\t\t\t<section class=\"elementor-section elementor-top-section elementor-element elementor-element-cb42d6c elementor-section-boxed elementor-section-height-default elementor-section-height-default\" data-id=\"cb42d6c\" data-element_type=\"section\" data-e-type=\"section\">\n\t\t\t\t\t\t<div class=\"elementor-container elementor-column-gap-default\">\n\t\t\t\t\t<div class=\"elementor-column elementor-col-100 elementor-top-column elementor-element elementor-element-2dfbeff\" data-id=\"2dfbeff\" data-element_type=\"column\" data-e-type=\"column\">\n\t\t\t<div class=\"elementor-widget-wrap elementor-element-populated\">\n\t\t\t\t\t\t<section class=\"elementor-section elementor-inner-section elementor-element elementor-element-ae27697 elementor-section-boxed elementor-section-height-default elementor-section-height-default\" data-id=\"ae27697\" data-element_type=\"section\" data-e-type=\"section\">\n\t\t\t\t\t\t<div class=\"elementor-container elementor-column-gap-default\">\n\t\t\t\t\t<div class=\"elementor-column elementor-col-50 elementor-inner-column elementor-element elementor-element-514ec58\" data-id=\"514ec58\" data-element_type=\"column\" data-e-type=\"column\">\n\t\t\t<div class=\"elementor-widget-wrap elementor-element-populated\">\n\t\t\t\t\t\t<div class=\"elementor-element elementor-element-14bc145 elementor-widget elementor-widget-image\" data-id=\"14bc145\" data-element_type=\"widget\" data-e-type=\"widget\" data-widget_type=\"image.default\">\n\t\t\t\t<div class=\"elementor-widget-container\">\n\t\t\t\t\t\t\t\t\t\t\t\t\t\t\t<img fetchpriority=\"high\" decoding=\"async\" width=\"1024\" height=\"768\" src=\"https:\/\/www.lichen.pl\/wp-content\/uploads\/2023\/08\/25.-Rowerowa-Pielgrzymka-Diecezji-Pelplinskiej-na-Jasna-Gore-1024x768.jpg\" class=\"attachment-large size-large wp-image-57127\" alt=\"\" srcset=\"https:\/\/www.lichen.pl\/wp-content\/uploads\/2023\/08\/25.-Rowerowa-Pielgrzymka-Diecezji-Pelplinskiej-na-Jasna-Gore-1024x768.jpg 1024w, https:\/\/www.lichen.pl\/wp-content\/uploads\/2023\/08\/25.-Rowerowa-Pielgrzymka-Diecezji-Pelplinskiej-na-Jasna-Gore-800x600.jpg 800w, https:\/\/www.lichen.pl\/wp-content\/uploads\/2023\/08\/25.-Rowerowa-Pielgrzymka-Diecezji-Pelplinskiej-na-Jasna-Gore-300x225.jpg 300w, https:\/\/www.lichen.pl\/wp-content\/uploads\/2023\/08\/25.-Rowerowa-Pielgrzymka-Diecezji-Pelplinskiej-na-Jasna-Gore-768x576.jpg 768w, https:\/\/www.lichen.pl\/wp-content\/uploads\/2023\/08\/25.-Rowerowa-Pielgrzymka-Diecezji-Pelplinskiej-na-Jasna-Gore-1536x1151.jpg 1536w, https:\/\/www.lichen.pl\/wp-content\/uploads\/2023\/08\/25.-Rowerowa-Pielgrzymka-Diecezji-Pelplinskiej-na-Jasna-Gore-16x12.jpg 16w, https:\/\/www.lichen.pl\/wp-content\/uploads\/2023\/08\/25.-Rowerowa-Pielgrzymka-Diecezji-Pelplinskiej-na-Jasna-Gore.jpg 1920w\" sizes=\"(max-width: 1024px) 100vw, 1024px\" \/>\t\t\t\t\t\t\t\t\t\t\t\t\t\t\t<\/div>\n\t\t\t\t<\/div>\n\t\t\t\t\t<\/div>\n\t\t<\/div>\n\t\t\t\t<div class=\"elementor-column elementor-col-50 elementor-inner-column elementor-element elementor-element-1e50ad4\" data-id=\"1e50ad4\" data-element_type=\"column\" data-e-type=\"column\">\n\t\t\t<div class=\"elementor-widget-wrap elementor-element-populated\">\n\t\t\t\t\t\t<div class=\"elementor-element elementor-element-b86ceb6 elementor-widget elementor-widget-text-editor\" data-id=\"b86ceb6\" data-element_type=\"widget\" data-e-type=\"widget\" data-widget_type=\"text-editor.default\">\n\t\t\t\t<div class=\"elementor-widget-container\">\n\t\t\t\t\t\t\t\t\t<div class=\"x11i5rnm xat24cr x1mh8g0r x1vvkbs xtlvy1s x126k92a\"><div dir=\"auto\">\u2013 W tym roku prze\u017cywamy jubileusz naszego rowerowego pielgrzymowania. To ju\u017c 25 lat, jak przedstawiciele diecezji pelpli\u0144skiej je\u017cd\u017c\u0105 na Jasn\u0105 G\u00f3r\u0119 w pielgrzymce rowerowej. Podczas pierwszej z nich, w roku 1999, by\u0142o zaledwie 13 cyklist\u00f3w. Teraz jest nas niemal\u017ce 250. To bardzo cieszy zw\u0142aszcza, \u017ce do pokonania mamy niemal ca\u0142\u0105 Polsk\u0119, a pogoda w tym roku nas nie rozpieszcza \u2013 doda\u0142 ks. Tomasz.<\/div><\/div><div class=\"x11i5rnm xat24cr x1mh8g0r x1vvkbs xtlvy1s x126k92a\"><div dir=\"auto\">W podobnym tonie wypowiada si\u0119 pani Asia \u0141awicka, jedna z uczestniczek pielgrzymki.<\/div><div dir=\"auto\">\u2013 Wyruszyli\u015bmy 5 sierpnia z Grzybna i jeste\u015bmy cz\u0119\u015bci\u0105 grupy kartuskiej. W drodze jak dot\u0105d do\u015bwiadczyli\u015bmy r\u00f3\u017cnych warunk\u00f3w atmosferycznych \u2013 wiatru, deszczu, ch\u0142odu, jednak nie poddajemy si\u0119 i wytrwale, z u\u015bmiechem na ustach, pod\u0105\u017camy na Jasn\u0105 G\u00f3r\u0119, do celu naszego pielgrzymowania. A dzi\u015b mamy przyjemno\u015b\u0107 go\u015bci\u0107 w pi\u0119knym sanktuarium liche\u0144skim.<\/div><\/div><div class=\"x11i5rnm xat24cr x1mh8g0r x1vvkbs xtlvy1s x126k92a\">\u00a0<\/div>\t\t\t\t\t\t\t\t<\/div>\n\t\t\t\t<\/div>\n\t\t\t\t\t<\/div>\n\t\t<\/div>\n\t\t\t\t\t<\/div>\n\t\t<\/section>\n\t\t\t\t<div class=\"elementor-element elementor-element-1807cf4 elementor-widget elementor-widget-text-editor\" data-id=\"1807cf4\" data-element_type=\"widget\" data-e-type=\"widget\" data-widget_type=\"text-editor.default\">\n\t\t\t\t<div class=\"elementor-widget-container\">\n\t\t\t\t\t\t\t\t\t<div class=\"x11i5rnm xat24cr x1mh8g0r x1vvkbs xtlvy1s x126k92a\"><div dir=\"auto\"><div class=\"x11i5rnm xat24cr x1mh8g0r x1vvkbs xtlvy1s x126k92a\"><div dir=\"auto\">Has\u0142o tegorocznego pielgrzymowania brzmi \u201eKocham Ko\u015bci\u00f3\u0142\u201d.<\/div><div dir=\"auto\">\u2013 To has\u0142o nam przy\u015bwieca i w roku jubileuszu naszej pielgrzymki bardzo t\u0119 wsp\u00f3lnot\u0119 wida\u0107. Wczoraj mieli\u015bmy spotkanie wszystkich grup pielgrzymkowych i to has\u0142o bardzo mocno wybrzmia\u0142o. Po godz. 20 wsp\u00f3lnie modlili\u015bmy si\u0119 na naszym pielgrzymkowym wieczorze uwielbienia, a nast\u0119pnie udali\u015bmy si\u0119 do bazyliki na apel maryjny o 21 \u2013 doda\u0142 kap\u0142an.<\/div><\/div><div class=\"x11i5rnm xat24cr x1mh8g0r x1vvkbs xtlvy1s x126k92a\"><div dir=\"auto\">Dzi\u015b, w czwartkowy poranek, pielgrzymi z diecezji pelpli\u0144skiej modlili si\u0119 podczas Mszy \u015awi\u0119tej sprawowanej o godz. 8.30 w Kaplicy Tr\u00f3jcy \u015awi\u0119tej w dolnej bazylice, a nast\u0119pnie udali si\u0119 w dalsz\u0105 drog\u0119. Do pokonania dzi\u015b maj\u0105 90 km, po przejechaniu kt\u00f3rych, dotr\u0105 do Warty. Wraz z pielgrzymk\u0105 rowerow\u0105 diecezji pelpli\u0144skiej jedzie 7 kap\u0142an\u00f3w.<\/div><\/div><\/div><\/div>\t\t\t\t\t\t\t\t<\/div>\n\t\t\t\t<\/div>\n\t\t\t\t<div class=\"elementor-element elementor-element-6ce801d elementor-widget elementor-widget-image-gallery\" data-id=\"6ce801d\" data-element_type=\"widget\" data-e-type=\"widget\" data-widget_type=\"image-gallery.default\">\n\t\t\t\t<div class=\"elementor-widget-container\">\n\t\t\t\t\t\t\t<div class=\"elementor-image-gallery\">\n\t\t\t<div id='gallery-1' class='gallery galleryid-57108 gallery-columns-6 gallery-size-thumbnail'><figure class='gallery-item'>\n\t\t\t<div class='gallery-icon landscape'>\n\t\t\t\t<a data-elementor-open-lightbox=\"yes\" data-elementor-lightbox-slideshow=\"6ce801d\" data-elementor-lightbox-title=\"25. Rowerowa Pielgrzymka Diecezji Pelpli\u0144skiej na Jasn\u0105 G\u00f3r\u0119\" data-e-action-hash=\"#elementor-action%3Aaction%3Dlightbox%26settings%3DeyJpZCI6NTcxMjcsInVybCI6Imh0dHBzOlwvXC93d3cubGljaGVuLnBsXC93cC1jb250ZW50XC91cGxvYWRzXC8yMDIzXC8wOFwvMjUuLVJvd2Vyb3dhLVBpZWxncnp5bWthLURpZWNlemppLVBlbHBsaW5za2llai1uYS1KYXNuYS1Hb3JlLmpwZyIsInNsaWRlc2hvdyI6IjZjZTgwMWQifQ%3D%3D\" href='https:\/\/www.lichen.pl\/wp-content\/uploads\/2023\/08\/25.-Rowerowa-Pielgrzymka-Diecezji-Pelplinskiej-na-Jasna-Gore.jpg'><img width=\"150\" height=\"150\" src=\"https:\/\/www.lichen.pl\/wp-content\/uploads\/2023\/08\/25.-Rowerowa-Pielgrzymka-Diecezji-Pelplinskiej-na-Jasna-Gore-150x150.jpg\" class=\"attachment-thumbnail size-thumbnail\" alt=\"\" decoding=\"async\" srcset=\"https:\/\/www.lichen.pl\/wp-content\/uploads\/2023\/08\/25.-Rowerowa-Pielgrzymka-Diecezji-Pelplinskiej-na-Jasna-Gore-150x150.jpg 150w, https:\/\/www.lichen.pl\/wp-content\/uploads\/2023\/08\/25.-Rowerowa-Pielgrzymka-Diecezji-Pelplinskiej-na-Jasna-Gore-300x300.jpg 300w\" sizes=\"(max-width: 150px) 100vw, 150px\" \/><\/a>\n\t\t\t<\/div><\/figure><figure class='gallery-item'>\n\t\t\t<div class='gallery-icon landscape'>\n\t\t\t\t<a data-elementor-open-lightbox=\"yes\" data-elementor-lightbox-slideshow=\"6ce801d\" data-elementor-lightbox-title=\"25. Rowerowa Pielgrzymka Diecezji Pelpli\u0144skiej na Jasn\u0105 G\u00f3r\u0119 (6)\" data-e-action-hash=\"#elementor-action%3Aaction%3Dlightbox%26settings%3DeyJpZCI6NTcxMTksInVybCI6Imh0dHBzOlwvXC93d3cubGljaGVuLnBsXC93cC1jb250ZW50XC91cGxvYWRzXC8yMDIzXC8wOFwvMjUuLVJvd2Vyb3dhLVBpZWxncnp5bWthLURpZWNlemppLVBlbHBsaW5za2llai1uYS1KYXNuYS1Hb3JlLTYuanBnIiwic2xpZGVzaG93IjoiNmNlODAxZCJ9\" href='https:\/\/www.lichen.pl\/wp-content\/uploads\/2023\/08\/25.-Rowerowa-Pielgrzymka-Diecezji-Pelplinskiej-na-Jasna-Gore-6.jpg'><img width=\"150\" height=\"150\" src=\"https:\/\/www.lichen.pl\/wp-content\/uploads\/2023\/08\/25.-Rowerowa-Pielgrzymka-Diecezji-Pelplinskiej-na-Jasna-Gore-6-150x150.jpg\" class=\"attachment-thumbnail size-thumbnail\" alt=\"\" decoding=\"async\" srcset=\"https:\/\/www.lichen.pl\/wp-content\/uploads\/2023\/08\/25.-Rowerowa-Pielgrzymka-Diecezji-Pelplinskiej-na-Jasna-Gore-6-150x150.jpg 150w, https:\/\/www.lichen.pl\/wp-content\/uploads\/2023\/08\/25.-Rowerowa-Pielgrzymka-Diecezji-Pelplinskiej-na-Jasna-Gore-6-300x300.jpg 300w\" sizes=\"(max-width: 150px) 100vw, 150px\" \/><\/a>\n\t\t\t<\/div><\/figure><figure class='gallery-item'>\n\t\t\t<div class='gallery-icon landscape'>\n\t\t\t\t<a data-elementor-open-lightbox=\"yes\" data-elementor-lightbox-slideshow=\"6ce801d\" data-elementor-lightbox-title=\"25. Rowerowa Pielgrzymka Diecezji Pelpli\u0144skiej na Jasn\u0105 G\u00f3r\u0119 (2)\" data-e-action-hash=\"#elementor-action%3Aaction%3Dlightbox%26settings%3DeyJpZCI6NTcxMTUsInVybCI6Imh0dHBzOlwvXC93d3cubGljaGVuLnBsXC93cC1jb250ZW50XC91cGxvYWRzXC8yMDIzXC8wOFwvMjUuLVJvd2Vyb3dhLVBpZWxncnp5bWthLURpZWNlemppLVBlbHBsaW5za2llai1uYS1KYXNuYS1Hb3JlLTIuanBnIiwic2xpZGVzaG93IjoiNmNlODAxZCJ9\" href='https:\/\/www.lichen.pl\/wp-content\/uploads\/2023\/08\/25.-Rowerowa-Pielgrzymka-Diecezji-Pelplinskiej-na-Jasna-Gore-2.jpg'><img loading=\"lazy\" width=\"150\" height=\"150\" src=\"https:\/\/www.lichen.pl\/wp-content\/uploads\/2023\/08\/25.-Rowerowa-Pielgrzymka-Diecezji-Pelplinskiej-na-Jasna-Gore-2-150x150.jpg\" class=\"attachment-thumbnail size-thumbnail\" alt=\"\" decoding=\"async\" srcset=\"https:\/\/www.lichen.pl\/wp-content\/uploads\/2023\/08\/25.-Rowerowa-Pielgrzymka-Diecezji-Pelplinskiej-na-Jasna-Gore-2-150x150.jpg 150w, https:\/\/www.lichen.pl\/wp-content\/uploads\/2023\/08\/25.-Rowerowa-Pielgrzymka-Diecezji-Pelplinskiej-na-Jasna-Gore-2-300x300.jpg 300w\" sizes=\"(max-width: 150px) 100vw, 150px\" \/><\/a>\n\t\t\t<\/div><\/figure><figure class='gallery-item'>\n\t\t\t<div class='gallery-icon landscape'>\n\t\t\t\t<a data-elementor-open-lightbox=\"yes\" data-elementor-lightbox-slideshow=\"6ce801d\" data-elementor-lightbox-title=\"25. Rowerowa Pielgrzymka Diecezji Pelpli\u0144skiej na Jasn\u0105 G\u00f3r\u0119 (4)\" data-e-action-hash=\"#elementor-action%3Aaction%3Dlightbox%26settings%3DeyJpZCI6NTcxMTcsInVybCI6Imh0dHBzOlwvXC93d3cubGljaGVuLnBsXC93cC1jb250ZW50XC91cGxvYWRzXC8yMDIzXC8wOFwvMjUuLVJvd2Vyb3dhLVBpZWxncnp5bWthLURpZWNlemppLVBlbHBsaW5za2llai1uYS1KYXNuYS1Hb3JlLTQuanBnIiwic2xpZGVzaG93IjoiNmNlODAxZCJ9\" href='https:\/\/www.lichen.pl\/wp-content\/uploads\/2023\/08\/25.-Rowerowa-Pielgrzymka-Diecezji-Pelplinskiej-na-Jasna-Gore-4.jpg'><img loading=\"lazy\" width=\"150\" height=\"150\" src=\"https:\/\/www.lichen.pl\/wp-content\/uploads\/2023\/08\/25.-Rowerowa-Pielgrzymka-Diecezji-Pelplinskiej-na-Jasna-Gore-4-150x150.jpg\" class=\"attachment-thumbnail size-thumbnail\" alt=\"\" decoding=\"async\" srcset=\"https:\/\/www.lichen.pl\/wp-content\/uploads\/2023\/08\/25.-Rowerowa-Pielgrzymka-Diecezji-Pelplinskiej-na-Jasna-Gore-4-150x150.jpg 150w, https:\/\/www.lichen.pl\/wp-content\/uploads\/2023\/08\/25.-Rowerowa-Pielgrzymka-Diecezji-Pelplinskiej-na-Jasna-Gore-4-300x300.jpg 300w\" sizes=\"(max-width: 150px) 100vw, 150px\" \/><\/a>\n\t\t\t<\/div><\/figure><figure class='gallery-item'>\n\t\t\t<div class='gallery-icon landscape'>\n\t\t\t\t<a data-elementor-open-lightbox=\"yes\" data-elementor-lightbox-slideshow=\"6ce801d\" data-elementor-lightbox-title=\"25. Rowerowa Pielgrzymka Diecezji Pelpli\u0144skiej na Jasn\u0105 G\u00f3r\u0119 (3)\" data-e-action-hash=\"#elementor-action%3Aaction%3Dlightbox%26settings%3DeyJpZCI6NTcxMTYsInVybCI6Imh0dHBzOlwvXC93d3cubGljaGVuLnBsXC93cC1jb250ZW50XC91cGxvYWRzXC8yMDIzXC8wOFwvMjUuLVJvd2Vyb3dhLVBpZWxncnp5bWthLURpZWNlemppLVBlbHBsaW5za2llai1uYS1KYXNuYS1Hb3JlLTMuanBnIiwic2xpZGVzaG93IjoiNmNlODAxZCJ9\" href='https:\/\/www.lichen.pl\/wp-content\/uploads\/2023\/08\/25.-Rowerowa-Pielgrzymka-Diecezji-Pelplinskiej-na-Jasna-Gore-3.jpg'><img loading=\"lazy\" width=\"150\" height=\"150\" src=\"https:\/\/www.lichen.pl\/wp-content\/uploads\/2023\/08\/25.-Rowerowa-Pielgrzymka-Diecezji-Pelplinskiej-na-Jasna-Gore-3-150x150.jpg\" class=\"attachment-thumbnail size-thumbnail\" alt=\"\" decoding=\"async\" srcset=\"https:\/\/www.lichen.pl\/wp-content\/uploads\/2023\/08\/25.-Rowerowa-Pielgrzymka-Diecezji-Pelplinskiej-na-Jasna-Gore-3-150x150.jpg 150w, https:\/\/www.lichen.pl\/wp-content\/uploads\/2023\/08\/25.-Rowerowa-Pielgrzymka-Diecezji-Pelplinskiej-na-Jasna-Gore-3-300x300.jpg 300w\" sizes=\"(max-width: 150px) 100vw, 150px\" \/><\/a>\n\t\t\t<\/div><\/figure><figure class='gallery-item'>\n\t\t\t<div class='gallery-icon landscape'>\n\t\t\t\t<a data-elementor-open-lightbox=\"yes\" data-elementor-lightbox-slideshow=\"6ce801d\" data-elementor-lightbox-title=\"25. Rowerowa Pielgrzymka Diecezji Pelpli\u0144skiej na Jasn\u0105 G\u00f3r\u0119 (5)\" data-e-action-hash=\"#elementor-action%3Aaction%3Dlightbox%26settings%3DeyJpZCI6NTcxMTgsInVybCI6Imh0dHBzOlwvXC93d3cubGljaGVuLnBsXC93cC1jb250ZW50XC91cGxvYWRzXC8yMDIzXC8wOFwvMjUuLVJvd2Vyb3dhLVBpZWxncnp5bWthLURpZWNlemppLVBlbHBsaW5za2llai1uYS1KYXNuYS1Hb3JlLTUuanBnIiwic2xpZGVzaG93IjoiNmNlODAxZCJ9\" href='https:\/\/www.lichen.pl\/wp-content\/uploads\/2023\/08\/25.-Rowerowa-Pielgrzymka-Diecezji-Pelplinskiej-na-Jasna-Gore-5.jpg'><img loading=\"lazy\" width=\"150\" height=\"150\" src=\"https:\/\/www.lichen.pl\/wp-content\/uploads\/2023\/08\/25.-Rowerowa-Pielgrzymka-Diecezji-Pelplinskiej-na-Jasna-Gore-5-150x150.jpg\" class=\"attachment-thumbnail size-thumbnail\" alt=\"\" decoding=\"async\" srcset=\"https:\/\/www.lichen.pl\/wp-content\/uploads\/2023\/08\/25.-Rowerowa-Pielgrzymka-Diecezji-Pelplinskiej-na-Jasna-Gore-5-150x150.jpg 150w, https:\/\/www.lichen.pl\/wp-content\/uploads\/2023\/08\/25.-Rowerowa-Pielgrzymka-Diecezji-Pelplinskiej-na-Jasna-Gore-5-300x300.jpg 300w\" sizes=\"(max-width: 150px) 100vw, 150px\" \/><\/a>\n\t\t\t<\/div><\/figure><figure class='gallery-item'>\n\t\t\t<div class='gallery-icon landscape'>\n\t\t\t\t<a data-elementor-open-lightbox=\"yes\" data-elementor-lightbox-slideshow=\"6ce801d\" data-elementor-lightbox-title=\"25. Rowerowa Pielgrzymka Diecezji Pelpli\u0144skiej na Jasn\u0105 G\u00f3r\u0119 (7)\" data-e-action-hash=\"#elementor-action%3Aaction%3Dlightbox%26settings%3DeyJpZCI6NTcxMjAsInVybCI6Imh0dHBzOlwvXC93d3cubGljaGVuLnBsXC93cC1jb250ZW50XC91cGxvYWRzXC8yMDIzXC8wOFwvMjUuLVJvd2Vyb3dhLVBpZWxncnp5bWthLURpZWNlemppLVBlbHBsaW5za2llai1uYS1KYXNuYS1Hb3JlLTcuanBnIiwic2xpZGVzaG93IjoiNmNlODAxZCJ9\" href='https:\/\/www.lichen.pl\/wp-content\/uploads\/2023\/08\/25.-Rowerowa-Pielgrzymka-Diecezji-Pelplinskiej-na-Jasna-Gore-7.jpg'><img loading=\"lazy\" width=\"150\" height=\"150\" src=\"https:\/\/www.lichen.pl\/wp-content\/uploads\/2023\/08\/25.-Rowerowa-Pielgrzymka-Diecezji-Pelplinskiej-na-Jasna-Gore-7-150x150.jpg\" class=\"attachment-thumbnail size-thumbnail\" alt=\"\" decoding=\"async\" srcset=\"https:\/\/www.lichen.pl\/wp-content\/uploads\/2023\/08\/25.-Rowerowa-Pielgrzymka-Diecezji-Pelplinskiej-na-Jasna-Gore-7-150x150.jpg 150w, https:\/\/www.lichen.pl\/wp-content\/uploads\/2023\/08\/25.-Rowerowa-Pielgrzymka-Diecezji-Pelplinskiej-na-Jasna-Gore-7-300x300.jpg 300w\" sizes=\"(max-width: 150px) 100vw, 150px\" \/><\/a>\n\t\t\t<\/div><\/figure><figure class='gallery-item'>\n\t\t\t<div class='gallery-icon landscape'>\n\t\t\t\t<a data-elementor-open-lightbox=\"yes\" data-elementor-lightbox-slideshow=\"6ce801d\" data-elementor-lightbox-title=\"25. Rowerowa Pielgrzymka Diecezji Pelpli\u0144skiej na Jasn\u0105 G\u00f3r\u0119 (8)\" data-e-action-hash=\"#elementor-action%3Aaction%3Dlightbox%26settings%3DeyJpZCI6NTcxMjEsInVybCI6Imh0dHBzOlwvXC93d3cubGljaGVuLnBsXC93cC1jb250ZW50XC91cGxvYWRzXC8yMDIzXC8wOFwvMjUuLVJvd2Vyb3dhLVBpZWxncnp5bWthLURpZWNlemppLVBlbHBsaW5za2llai1uYS1KYXNuYS1Hb3JlLTguanBnIiwic2xpZGVzaG93IjoiNmNlODAxZCJ9\" href='https:\/\/www.lichen.pl\/wp-content\/uploads\/2023\/08\/25.-Rowerowa-Pielgrzymka-Diecezji-Pelplinskiej-na-Jasna-Gore-8.jpg'><img loading=\"lazy\" width=\"150\" height=\"150\" src=\"https:\/\/www.lichen.pl\/wp-content\/uploads\/2023\/08\/25.-Rowerowa-Pielgrzymka-Diecezji-Pelplinskiej-na-Jasna-Gore-8-150x150.jpg\" class=\"attachment-thumbnail size-thumbnail\" alt=\"\" decoding=\"async\" srcset=\"https:\/\/www.lichen.pl\/wp-content\/uploads\/2023\/08\/25.-Rowerowa-Pielgrzymka-Diecezji-Pelplinskiej-na-Jasna-Gore-8-150x150.jpg 150w, https:\/\/www.lichen.pl\/wp-content\/uploads\/2023\/08\/25.-Rowerowa-Pielgrzymka-Diecezji-Pelplinskiej-na-Jasna-Gore-8-300x300.jpg 300w\" sizes=\"(max-width: 150px) 100vw, 150px\" \/><\/a>\n\t\t\t<\/div><\/figure><figure class='gallery-item'>\n\t\t\t<div class='gallery-icon landscape'>\n\t\t\t\t<a data-elementor-open-lightbox=\"yes\" data-elementor-lightbox-slideshow=\"6ce801d\" data-elementor-lightbox-title=\"25. Rowerowa Pielgrzymka Diecezji Pelpli\u0144skiej na Jasn\u0105 G\u00f3r\u0119 (9)\" data-e-action-hash=\"#elementor-action%3Aaction%3Dlightbox%26settings%3DeyJpZCI6NTcxMjMsInVybCI6Imh0dHBzOlwvXC93d3cubGljaGVuLnBsXC93cC1jb250ZW50XC91cGxvYWRzXC8yMDIzXC8wOFwvMjUuLVJvd2Vyb3dhLVBpZWxncnp5bWthLURpZWNlemppLVBlbHBsaW5za2llai1uYS1KYXNuYS1Hb3JlLTkuanBnIiwic2xpZGVzaG93IjoiNmNlODAxZCJ9\" href='https:\/\/www.lichen.pl\/wp-content\/uploads\/2023\/08\/25.-Rowerowa-Pielgrzymka-Diecezji-Pelplinskiej-na-Jasna-Gore-9.jpg'><img loading=\"lazy\" width=\"150\" height=\"150\" src=\"https:\/\/www.lichen.pl\/wp-content\/uploads\/2023\/08\/25.-Rowerowa-Pielgrzymka-Diecezji-Pelplinskiej-na-Jasna-Gore-9-150x150.jpg\" class=\"attachment-thumbnail size-thumbnail\" alt=\"\" decoding=\"async\" srcset=\"https:\/\/www.lichen.pl\/wp-content\/uploads\/2023\/08\/25.-Rowerowa-Pielgrzymka-Diecezji-Pelplinskiej-na-Jasna-Gore-9-150x150.jpg 150w, https:\/\/www.lichen.pl\/wp-content\/uploads\/2023\/08\/25.-Rowerowa-Pielgrzymka-Diecezji-Pelplinskiej-na-Jasna-Gore-9-300x300.jpg 300w\" sizes=\"(max-width: 150px) 100vw, 150px\" \/><\/a>\n\t\t\t<\/div><\/figure><figure class='gallery-item'>\n\t\t\t<div class='gallery-icon portrait'>\n\t\t\t\t<a data-elementor-open-lightbox=\"yes\" data-elementor-lightbox-slideshow=\"6ce801d\" data-elementor-lightbox-title=\"25. Rowerowa Pielgrzymka Diecezji Pelpli\u0144skiej na Jasn\u0105 G\u00f3r\u0119 (10)\" data-e-action-hash=\"#elementor-action%3Aaction%3Dlightbox%26settings%3DeyJpZCI6NTcxMjQsInVybCI6Imh0dHBzOlwvXC93d3cubGljaGVuLnBsXC93cC1jb250ZW50XC91cGxvYWRzXC8yMDIzXC8wOFwvMjUuLVJvd2Vyb3dhLVBpZWxncnp5bWthLURpZWNlemppLVBlbHBsaW5za2llai1uYS1KYXNuYS1Hb3JlLTEwLmpwZyIsInNsaWRlc2hvdyI6IjZjZTgwMWQifQ%3D%3D\" href='https:\/\/www.lichen.pl\/wp-content\/uploads\/2023\/08\/25.-Rowerowa-Pielgrzymka-Diecezji-Pelplinskiej-na-Jasna-Gore-10.jpg'><img loading=\"lazy\" width=\"150\" height=\"150\" src=\"https:\/\/www.lichen.pl\/wp-content\/uploads\/2023\/08\/25.-Rowerowa-Pielgrzymka-Diecezji-Pelplinskiej-na-Jasna-Gore-10-150x150.jpg\" class=\"attachment-thumbnail size-thumbnail\" alt=\"\" decoding=\"async\" srcset=\"https:\/\/www.lichen.pl\/wp-content\/uploads\/2023\/08\/25.-Rowerowa-Pielgrzymka-Diecezji-Pelplinskiej-na-Jasna-Gore-10-150x150.jpg 150w, https:\/\/www.lichen.pl\/wp-content\/uploads\/2023\/08\/25.-Rowerowa-Pielgrzymka-Diecezji-Pelplinskiej-na-Jasna-Gore-10-300x300.jpg 300w\" sizes=\"(max-width: 150px) 100vw, 150px\" \/><\/a>\n\t\t\t<\/div><\/figure><figure class='gallery-item'>\n\t\t\t<div class='gallery-icon landscape'>\n\t\t\t\t<a data-elementor-open-lightbox=\"yes\" data-elementor-lightbox-slideshow=\"6ce801d\" data-elementor-lightbox-title=\"25. Rowerowa Pielgrzymka Diecezji Pelpli\u0144skiej na Jasn\u0105 G\u00f3r\u0119 (11)\" data-e-action-hash=\"#elementor-action%3Aaction%3Dlightbox%26settings%3DeyJpZCI6NTcxMjUsInVybCI6Imh0dHBzOlwvXC93d3cubGljaGVuLnBsXC93cC1jb250ZW50XC91cGxvYWRzXC8yMDIzXC8wOFwvMjUuLVJvd2Vyb3dhLVBpZWxncnp5bWthLURpZWNlemppLVBlbHBsaW5za2llai1uYS1KYXNuYS1Hb3JlLTExLmpwZyIsInNsaWRlc2hvdyI6IjZjZTgwMWQifQ%3D%3D\" href='https:\/\/www.lichen.pl\/wp-content\/uploads\/2023\/08\/25.-Rowerowa-Pielgrzymka-Diecezji-Pelplinskiej-na-Jasna-Gore-11.jpg'><img loading=\"lazy\" width=\"150\" height=\"150\" src=\"https:\/\/www.lichen.pl\/wp-content\/uploads\/2023\/08\/25.-Rowerowa-Pielgrzymka-Diecezji-Pelplinskiej-na-Jasna-Gore-11-150x150.jpg\" class=\"attachment-thumbnail size-thumbnail\" alt=\"\" decoding=\"async\" srcset=\"https:\/\/www.lichen.pl\/wp-content\/uploads\/2023\/08\/25.-Rowerowa-Pielgrzymka-Diecezji-Pelplinskiej-na-Jasna-Gore-11-150x150.jpg 150w, https:\/\/www.lichen.pl\/wp-content\/uploads\/2023\/08\/25.-Rowerowa-Pielgrzymka-Diecezji-Pelplinskiej-na-Jasna-Gore-11-300x300.jpg 300w\" sizes=\"(max-width: 150px) 100vw, 150px\" \/><\/a>\n\t\t\t<\/div><\/figure><figure class='gallery-item'>\n\t\t\t<div class='gallery-icon landscape'>\n\t\t\t\t<a data-elementor-open-lightbox=\"yes\" data-elementor-lightbox-slideshow=\"6ce801d\" data-elementor-lightbox-title=\"25. Rowerowa Pielgrzymka Diecezji Pelpli\u0144skiej na Jasn\u0105 G\u00f3r\u0119 (1)\" data-e-action-hash=\"#elementor-action%3Aaction%3Dlightbox%26settings%3DeyJpZCI6NTcxMjYsInVybCI6Imh0dHBzOlwvXC93d3cubGljaGVuLnBsXC93cC1jb250ZW50XC91cGxvYWRzXC8yMDIzXC8wOFwvMjUuLVJvd2Vyb3dhLVBpZWxncnp5bWthLURpZWNlemppLVBlbHBsaW5za2llai1uYS1KYXNuYS1Hb3JlLTEuanBnIiwic2xpZGVzaG93IjoiNmNlODAxZCJ9\" href='https:\/\/www.lichen.pl\/wp-content\/uploads\/2023\/08\/25.-Rowerowa-Pielgrzymka-Diecezji-Pelplinskiej-na-Jasna-Gore-1.jpg'><img loading=\"lazy\" width=\"150\" height=\"150\" src=\"https:\/\/www.lichen.pl\/wp-content\/uploads\/2023\/08\/25.-Rowerowa-Pielgrzymka-Diecezji-Pelplinskiej-na-Jasna-Gore-1-150x150.jpg\" class=\"attachment-thumbnail size-thumbnail\" alt=\"\" decoding=\"async\" srcset=\"https:\/\/www.lichen.pl\/wp-content\/uploads\/2023\/08\/25.-Rowerowa-Pielgrzymka-Diecezji-Pelplinskiej-na-Jasna-Gore-1-150x150.jpg 150w, https:\/\/www.lichen.pl\/wp-content\/uploads\/2023\/08\/25.-Rowerowa-Pielgrzymka-Diecezji-Pelplinskiej-na-Jasna-Gore-1-300x300.jpg 300w\" sizes=\"(max-width: 150px) 100vw, 150px\" \/><\/a>\n\t\t\t<\/div><\/figure>\n\t\t<\/div>\n\t\t<\/div>\n\t\t\t\t\t\t<\/div>\n\t\t\t\t<\/div>\n\t\t\t\t\t<\/div>\n\t\t<\/div>\n\t\t\t\t\t<\/div>\n\t\t<\/section>\n\t\t\t\t<\/div>","protected":false},"excerpt":{"rendered":"<p>\u2013 \u201eLepiej mie\u0107 na nogach sanda\u0142y ni\u017c pe\u0142ne buty, bo wtedy szybciej si\u0119 schnie\u201d \u2013 powiedzia\u0142 ks. Tomasz Syldatk, przewodnik 25. Rowerowej Pielgrzymki Diecezji Pelpli\u0144skiej na Jasn\u0105 G\u00f3r\u0119, nawi\u0105zuj\u0105c do trudnych warunk\u00f3w atmosferycznych, jakie podczas tegorocznego pielgrzymowania spotykaj\u0105 pielgrzym\u00f3w pod\u0105\u017caj\u0105cych przez Polsk\u0119 do Cz\u0119stochowy. \u2013 W tym roku prze\u017cywamy jubileusz naszego rowerowego pielgrzymowania. To ju\u017c [&hellip;]<\/p>\n","protected":false},"author":4,"featured_media":57127,"comment_status":"closed","ping_status":"closed","sticky":false,"template":"","format":"standard","meta":{"footnotes":""},"categories":[1],"tags":[],"class_list":["post-57108","post","type-post","status-publish","format-standard","has-post-thumbnail","hentry","category-aktualnosci","wpbf-post"],"yoast_head":"<!-- This site is optimized with the Yoast SEO plugin v27.4 - https:\/\/yoast.com\/product\/yoast-seo-wordpress\/ -->\n<title>25. Rowerowa Pielgrzymka Diecezji Pelpli\u0144skiej na Jasn\u0105 G\u00f3r\u0119 - SANKTUARIUM W LICHENIU<\/title>\n<meta name=\"robots\" content=\"index, follow, max-snippet:-1, max-image-preview:large, max-video-preview:-1\" \/>\n<link rel=\"canonical\" href=\"https:\/\/www.lichen.pl\/en\/25-rowerowa-pielgrzymka-diecezji-pelplinskiej-na-jasna-gore\/\" \/>\n<meta property=\"og:locale\" content=\"en_GB\" \/>\n<meta property=\"og:type\" content=\"article\" \/>\n<meta property=\"og:title\" content=\"25. Rowerowa Pielgrzymka Diecezji Pelpli\u0144skiej na Jasn\u0105 G\u00f3r\u0119 - SANKTUARIUM W LICHENIU\" \/>\n<meta property=\"og:description\" content=\"\u2013 \u201eLepiej mie\u0107 na nogach sanda\u0142y ni\u017c pe\u0142ne buty, bo wtedy szybciej si\u0119 schnie\u201d \u2013 powiedzia\u0142 ks. Tomasz Syldatk, przewodnik 25. Rowerowej Pielgrzymki Diecezji Pelpli\u0144skiej na Jasn\u0105 G\u00f3r\u0119, nawi\u0105zuj\u0105c do trudnych warunk\u00f3w atmosferycznych, jakie podczas tegorocznego pielgrzymowania spotykaj\u0105 pielgrzym\u00f3w pod\u0105\u017caj\u0105cych przez Polsk\u0119 do Cz\u0119stochowy. \u2013 W tym roku prze\u017cywamy jubileusz naszego rowerowego pielgrzymowania. To ju\u017c [&hellip;]\" \/>\n<meta property=\"og:url\" content=\"https:\/\/www.lichen.pl\/en\/25-rowerowa-pielgrzymka-diecezji-pelplinskiej-na-jasna-gore\/\" \/>\n<meta property=\"og:site_name\" content=\"SANKTUARIUM W LICHENIU\" \/>\n<meta property=\"article:published_time\" content=\"2023-08-10T12:09:20+00:00\" \/>\n<meta property=\"article:modified_time\" content=\"2023-08-10T13:03:55+00:00\" \/>\n<meta property=\"og:image\" content=\"https:\/\/www.lichen.pl\/wp-content\/uploads\/2023\/08\/25.-Rowerowa-Pielgrzymka-Diecezji-Pelplinskiej-na-Jasna-Gore.jpg\" \/>\n\t<meta property=\"og:image:width\" content=\"2048\" \/>\n\t<meta property=\"og:image:height\" content=\"1535\" \/>\n\t<meta property=\"og:image:type\" content=\"image\/jpeg\" \/>\n<meta name=\"author\" content=\"ROBERT ADAMCZYK\" \/>\n<meta name=\"twitter:card\" content=\"summary_large_image\" \/>\n<meta name=\"twitter:label1\" content=\"Written by\" \/>\n\t<meta name=\"twitter:data1\" content=\"ROBERT ADAMCZYK\" \/>\n\t<meta name=\"twitter:label2\" content=\"Estimated reading time\" \/>\n\t<meta name=\"twitter:data2\" content=\"5 minutes\" \/>\n<script type=\"application\/ld+json\" class=\"yoast-schema-graph\">{\"@context\":\"https:\\\/\\\/schema.org\",\"@graph\":[{\"@type\":\"Article\",\"@id\":\"https:\\\/\\\/www.lichen.pl\\\/25-rowerowa-pielgrzymka-diecezji-pelplinskiej-na-jasna-gore\\\/#article\",\"isPartOf\":{\"@id\":\"https:\\\/\\\/www.lichen.pl\\\/25-rowerowa-pielgrzymka-diecezji-pelplinskiej-na-jasna-gore\\\/\"},\"author\":{\"name\":\"ROBERT ADAMCZYK\",\"@id\":\"https:\\\/\\\/www.lichen.pl\\\/fr\\\/#\\\/schema\\\/person\\\/c06cd926b95870cc59f18d6ee6e33da5\"},\"headline\":\"25. Rowerowa Pielgrzymka Diecezji Pelpli\u0144skiej na Jasn\u0105 G\u00f3r\u0119\",\"datePublished\":\"2023-08-10T12:09:20+00:00\",\"dateModified\":\"2023-08-10T13:03:55+00:00\",\"mainEntityOfPage\":{\"@id\":\"https:\\\/\\\/www.lichen.pl\\\/25-rowerowa-pielgrzymka-diecezji-pelplinskiej-na-jasna-gore\\\/\"},\"wordCount\":325,\"image\":{\"@id\":\"https:\\\/\\\/www.lichen.pl\\\/25-rowerowa-pielgrzymka-diecezji-pelplinskiej-na-jasna-gore\\\/#primaryimage\"},\"thumbnailUrl\":\"https:\\\/\\\/www.lichen.pl\\\/wp-content\\\/uploads\\\/2023\\\/08\\\/25.-Rowerowa-Pielgrzymka-Diecezji-Pelplinskiej-na-Jasna-Gore.jpg\",\"articleSection\":[\"Aktualno\u015bci\"],\"inLanguage\":\"en-GB\"},{\"@type\":\"WebPage\",\"@id\":\"https:\\\/\\\/www.lichen.pl\\\/25-rowerowa-pielgrzymka-diecezji-pelplinskiej-na-jasna-gore\\\/\",\"url\":\"https:\\\/\\\/www.lichen.pl\\\/25-rowerowa-pielgrzymka-diecezji-pelplinskiej-na-jasna-gore\\\/\",\"name\":\"25. Rowerowa Pielgrzymka Diecezji Pelpli\u0144skiej na Jasn\u0105 G\u00f3r\u0119 - SANKTUARIUM W LICHENIU\",\"isPartOf\":{\"@id\":\"https:\\\/\\\/www.lichen.pl\\\/fr\\\/#website\"},\"primaryImageOfPage\":{\"@id\":\"https:\\\/\\\/www.lichen.pl\\\/25-rowerowa-pielgrzymka-diecezji-pelplinskiej-na-jasna-gore\\\/#primaryimage\"},\"image\":{\"@id\":\"https:\\\/\\\/www.lichen.pl\\\/25-rowerowa-pielgrzymka-diecezji-pelplinskiej-na-jasna-gore\\\/#primaryimage\"},\"thumbnailUrl\":\"https:\\\/\\\/www.lichen.pl\\\/wp-content\\\/uploads\\\/2023\\\/08\\\/25.-Rowerowa-Pielgrzymka-Diecezji-Pelplinskiej-na-Jasna-Gore.jpg\",\"datePublished\":\"2023-08-10T12:09:20+00:00\",\"dateModified\":\"2023-08-10T13:03:55+00:00\",\"author\":{\"@id\":\"https:\\\/\\\/www.lichen.pl\\\/fr\\\/#\\\/schema\\\/person\\\/c06cd926b95870cc59f18d6ee6e33da5\"},\"breadcrumb\":{\"@id\":\"https:\\\/\\\/www.lichen.pl\\\/25-rowerowa-pielgrzymka-diecezji-pelplinskiej-na-jasna-gore\\\/#breadcrumb\"},\"inLanguage\":\"en-GB\",\"potentialAction\":[{\"@type\":\"ReadAction\",\"target\":[\"https:\\\/\\\/www.lichen.pl\\\/25-rowerowa-pielgrzymka-diecezji-pelplinskiej-na-jasna-gore\\\/\"]}]},{\"@type\":\"ImageObject\",\"inLanguage\":\"en-GB\",\"@id\":\"https:\\\/\\\/www.lichen.pl\\\/25-rowerowa-pielgrzymka-diecezji-pelplinskiej-na-jasna-gore\\\/#primaryimage\",\"url\":\"https:\\\/\\\/www.lichen.pl\\\/wp-content\\\/uploads\\\/2023\\\/08\\\/25.-Rowerowa-Pielgrzymka-Diecezji-Pelplinskiej-na-Jasna-Gore.jpg\",\"contentUrl\":\"https:\\\/\\\/www.lichen.pl\\\/wp-content\\\/uploads\\\/2023\\\/08\\\/25.-Rowerowa-Pielgrzymka-Diecezji-Pelplinskiej-na-Jasna-Gore.jpg\",\"width\":1920,\"height\":1439},{\"@type\":\"BreadcrumbList\",\"@id\":\"https:\\\/\\\/www.lichen.pl\\\/25-rowerowa-pielgrzymka-diecezji-pelplinskiej-na-jasna-gore\\\/#breadcrumb\",\"itemListElement\":[{\"@type\":\"ListItem\",\"position\":1,\"name\":\"Strona g\u0142\u00f3wna\",\"item\":\"https:\\\/\\\/www.lichen.pl\\\/\"},{\"@type\":\"ListItem\",\"position\":2,\"name\":\"25. Rowerowa Pielgrzymka Diecezji Pelpli\u0144skiej na Jasn\u0105 G\u00f3r\u0119\"}]},{\"@type\":\"WebSite\",\"@id\":\"https:\\\/\\\/www.lichen.pl\\\/fr\\\/#website\",\"url\":\"https:\\\/\\\/www.lichen.pl\\\/fr\\\/\",\"name\":\"SANKTUARIUM W LICHENIU\",\"description\":\"MATKI BO\u017bEJ LICHE\u0143SKIEJ BOLESNEJ KR\u00d3LOWEJ POLSKI\",\"potentialAction\":[{\"@type\":\"SearchAction\",\"target\":{\"@type\":\"EntryPoint\",\"urlTemplate\":\"https:\\\/\\\/www.lichen.pl\\\/fr\\\/?s={search_term_string}\"},\"query-input\":{\"@type\":\"PropertyValueSpecification\",\"valueRequired\":true,\"valueName\":\"search_term_string\"}}],\"inLanguage\":\"en-GB\"},{\"@type\":\"Person\",\"@id\":\"https:\\\/\\\/www.lichen.pl\\\/fr\\\/#\\\/schema\\\/person\\\/c06cd926b95870cc59f18d6ee6e33da5\",\"name\":\"ROBERT ADAMCZYK\",\"image\":{\"@type\":\"ImageObject\",\"inLanguage\":\"en-GB\",\"@id\":\"https:\\\/\\\/secure.gravatar.com\\\/avatar\\\/53c330430596e73552f4c356c2e47c209ff8f6352a5106011c9b6abcce5e00df?s=96&d=retro&r=g\",\"url\":\"https:\\\/\\\/secure.gravatar.com\\\/avatar\\\/53c330430596e73552f4c356c2e47c209ff8f6352a5106011c9b6abcce5e00df?s=96&d=retro&r=g\",\"contentUrl\":\"https:\\\/\\\/secure.gravatar.com\\\/avatar\\\/53c330430596e73552f4c356c2e47c209ff8f6352a5106011c9b6abcce5e00df?s=96&d=retro&r=g\",\"caption\":\"ROBERT ADAMCZYK\"},\"url\":\"https:\\\/\\\/www.lichen.pl\\\/en\\\/author\\\/press\\\/\"}]}<\/script>\n<!-- \/ Yoast SEO plugin. -->","yoast_head_json":{"title":"25. Rowerowa Pielgrzymka Diecezji Pelpli\u0144skiej na Jasn\u0105 G\u00f3r\u0119 - SANKTUARIUM W LICHENIU","robots":{"index":"index","follow":"follow","max-snippet":"max-snippet:-1","max-image-preview":"max-image-preview:large","max-video-preview":"max-video-preview:-1"},"canonical":"https:\/\/www.lichen.pl\/en\/25-rowerowa-pielgrzymka-diecezji-pelplinskiej-na-jasna-gore\/","og_locale":"en_GB","og_type":"article","og_title":"25. Rowerowa Pielgrzymka Diecezji Pelpli\u0144skiej na Jasn\u0105 G\u00f3r\u0119 - SANKTUARIUM W LICHENIU","og_description":"\u2013 \u201eLepiej mie\u0107 na nogach sanda\u0142y ni\u017c pe\u0142ne buty, bo wtedy szybciej si\u0119 schnie\u201d \u2013 powiedzia\u0142 ks. Tomasz Syldatk, przewodnik 25. Rowerowej Pielgrzymki Diecezji Pelpli\u0144skiej na Jasn\u0105 G\u00f3r\u0119, nawi\u0105zuj\u0105c do trudnych warunk\u00f3w atmosferycznych, jakie podczas tegorocznego pielgrzymowania spotykaj\u0105 pielgrzym\u00f3w pod\u0105\u017caj\u0105cych przez Polsk\u0119 do Cz\u0119stochowy. \u2013 W tym roku prze\u017cywamy jubileusz naszego rowerowego pielgrzymowania. To ju\u017c [&hellip;]","og_url":"https:\/\/www.lichen.pl\/en\/25-rowerowa-pielgrzymka-diecezji-pelplinskiej-na-jasna-gore\/","og_site_name":"SANKTUARIUM W LICHENIU","article_published_time":"2023-08-10T12:09:20+00:00","article_modified_time":"2023-08-10T13:03:55+00:00","og_image":[{"width":2048,"height":1535,"url":"https:\/\/www.lichen.pl\/wp-content\/uploads\/2023\/08\/25.-Rowerowa-Pielgrzymka-Diecezji-Pelplinskiej-na-Jasna-Gore.jpg","type":"image\/jpeg"}],"author":"ROBERT ADAMCZYK","twitter_card":"summary_large_image","twitter_misc":{"Written by":"ROBERT ADAMCZYK","Estimated reading time":"5 minutes"},"schema":{"@context":"https:\/\/schema.org","@graph":[{"@type":"Article","@id":"https:\/\/www.lichen.pl\/25-rowerowa-pielgrzymka-diecezji-pelplinskiej-na-jasna-gore\/#article","isPartOf":{"@id":"https:\/\/www.lichen.pl\/25-rowerowa-pielgrzymka-diecezji-pelplinskiej-na-jasna-gore\/"},"author":{"name":"ROBERT ADAMCZYK","@id":"https:\/\/www.lichen.pl\/fr\/#\/schema\/person\/c06cd926b95870cc59f18d6ee6e33da5"},"headline":"25. Rowerowa Pielgrzymka Diecezji Pelpli\u0144skiej na Jasn\u0105 G\u00f3r\u0119","datePublished":"2023-08-10T12:09:20+00:00","dateModified":"2023-08-10T13:03:55+00:00","mainEntityOfPage":{"@id":"https:\/\/www.lichen.pl\/25-rowerowa-pielgrzymka-diecezji-pelplinskiej-na-jasna-gore\/"},"wordCount":325,"image":{"@id":"https:\/\/www.lichen.pl\/25-rowerowa-pielgrzymka-diecezji-pelplinskiej-na-jasna-gore\/#primaryimage"},"thumbnailUrl":"https:\/\/www.lichen.pl\/wp-content\/uploads\/2023\/08\/25.-Rowerowa-Pielgrzymka-Diecezji-Pelplinskiej-na-Jasna-Gore.jpg","articleSection":["Aktualno\u015bci"],"inLanguage":"en-GB"},{"@type":"WebPage","@id":"https:\/\/www.lichen.pl\/25-rowerowa-pielgrzymka-diecezji-pelplinskiej-na-jasna-gore\/","url":"https:\/\/www.lichen.pl\/25-rowerowa-pielgrzymka-diecezji-pelplinskiej-na-jasna-gore\/","name":"25. Rowerowa Pielgrzymka Diecezji Pelpli\u0144skiej na Jasn\u0105 G\u00f3r\u0119 - SANKTUARIUM W LICHENIU","isPartOf":{"@id":"https:\/\/www.lichen.pl\/fr\/#website"},"primaryImageOfPage":{"@id":"https:\/\/www.lichen.pl\/25-rowerowa-pielgrzymka-diecezji-pelplinskiej-na-jasna-gore\/#primaryimage"},"image":{"@id":"https:\/\/www.lichen.pl\/25-rowerowa-pielgrzymka-diecezji-pelplinskiej-na-jasna-gore\/#primaryimage"},"thumbnailUrl":"https:\/\/www.lichen.pl\/wp-content\/uploads\/2023\/08\/25.-Rowerowa-Pielgrzymka-Diecezji-Pelplinskiej-na-Jasna-Gore.jpg","datePublished":"2023-08-10T12:09:20+00:00","dateModified":"2023-08-10T13:03:55+00:00","author":{"@id":"https:\/\/www.lichen.pl\/fr\/#\/schema\/person\/c06cd926b95870cc59f18d6ee6e33da5"},"breadcrumb":{"@id":"https:\/\/www.lichen.pl\/25-rowerowa-pielgrzymka-diecezji-pelplinskiej-na-jasna-gore\/#breadcrumb"},"inLanguage":"en-GB","potentialAction":[{"@type":"ReadAction","target":["https:\/\/www.lichen.pl\/25-rowerowa-pielgrzymka-diecezji-pelplinskiej-na-jasna-gore\/"]}]},{"@type":"ImageObject","inLanguage":"en-GB","@id":"https:\/\/www.lichen.pl\/25-rowerowa-pielgrzymka-diecezji-pelplinskiej-na-jasna-gore\/#primaryimage","url":"https:\/\/www.lichen.pl\/wp-content\/uploads\/2023\/08\/25.-Rowerowa-Pielgrzymka-Diecezji-Pelplinskiej-na-Jasna-Gore.jpg","contentUrl":"https:\/\/www.lichen.pl\/wp-content\/uploads\/2023\/08\/25.-Rowerowa-Pielgrzymka-Diecezji-Pelplinskiej-na-Jasna-Gore.jpg","width":1920,"height":1439},{"@type":"BreadcrumbList","@id":"https:\/\/www.lichen.pl\/25-rowerowa-pielgrzymka-diecezji-pelplinskiej-na-jasna-gore\/#breadcrumb","itemListElement":[{"@type":"ListItem","position":1,"name":"Strona g\u0142\u00f3wna","item":"https:\/\/www.lichen.pl\/"},{"@type":"ListItem","position":2,"name":"25. Rowerowa Pielgrzymka Diecezji Pelpli\u0144skiej na Jasn\u0105 G\u00f3r\u0119"}]},{"@type":"WebSite","@id":"https:\/\/www.lichen.pl\/fr\/#website","url":"https:\/\/www.lichen.pl\/fr\/","name":"SANCTUARY IN LICHENIA","description":"OUR LICHEN&#039;S SORROWFUL QUEEN OF POLAND","potentialAction":[{"@type":"SearchAction","target":{"@type":"EntryPoint","urlTemplate":"https:\/\/www.lichen.pl\/fr\/?s={search_term_string}"},"query-input":{"@type":"PropertyValueSpecification","valueRequired":true,"valueName":"search_term_string"}}],"inLanguage":"en-GB"},{"@type":"Person","@id":"https:\/\/www.lichen.pl\/fr\/#\/schema\/person\/c06cd926b95870cc59f18d6ee6e33da5","name":"ROBERT ADAMCZYK","image":{"@type":"ImageObject","inLanguage":"en-GB","@id":"https:\/\/secure.gravatar.com\/avatar\/53c330430596e73552f4c356c2e47c209ff8f6352a5106011c9b6abcce5e00df?s=96&d=retro&r=g","url":"https:\/\/secure.gravatar.com\/avatar\/53c330430596e73552f4c356c2e47c209ff8f6352a5106011c9b6abcce5e00df?s=96&d=retro&r=g","contentUrl":"https:\/\/secure.gravatar.com\/avatar\/53c330430596e73552f4c356c2e47c209ff8f6352a5106011c9b6abcce5e00df?s=96&d=retro&r=g","caption":"ROBERT ADAMCZYK"},"url":"https:\/\/www.lichen.pl\/en\/author\/press\/"}]}},"_links":{"self":[{"href":"https:\/\/www.lichen.pl\/en\/wp-json\/wp\/v2\/posts\/57108","targetHints":{"allow":["GET"]}}],"collection":[{"href":"https:\/\/www.lichen.pl\/en\/wp-json\/wp\/v2\/posts"}],"about":[{"href":"https:\/\/www.lichen.pl\/en\/wp-json\/wp\/v2\/types\/post"}],"author":[{"embeddable":true,"href":"https:\/\/www.lichen.pl\/en\/wp-json\/wp\/v2\/users\/4"}],"replies":[{"embeddable":true,"href":"https:\/\/www.lichen.pl\/en\/wp-json\/wp\/v2\/comments?post=57108"}],"version-history":[{"count":7,"href":"https:\/\/www.lichen.pl\/en\/wp-json\/wp\/v2\/posts\/57108\/revisions"}],"predecessor-version":[{"id":57201,"href":"https:\/\/www.lichen.pl\/en\/wp-json\/wp\/v2\/posts\/57108\/revisions\/57201"}],"wp:featuredmedia":[{"embeddable":true,"href":"https:\/\/www.lichen.pl\/en\/wp-json\/wp\/v2\/media\/57127"}],"wp:attachment":[{"href":"https:\/\/www.lichen.pl\/en\/wp-json\/wp\/v2\/media?parent=57108"}],"wp:term":[{"taxonomy":"category","embeddable":true,"href":"https:\/\/www.lichen.pl\/en\/wp-json\/wp\/v2\/categories?post=57108"},{"taxonomy":"post_tag","embeddable":true,"href":"https:\/\/www.lichen.pl\/en\/wp-json\/wp\/v2\/tags?post=57108"}],"curies":[{"name":"wp","href":"https:\/\/api.w.org\/{rel}","templated":true}]}}