{"id":57603,"date":"2023-08-22T15:12:59","date_gmt":"2023-08-22T13:12:59","guid":{"rendered":"https:\/\/www.lichen.pl\/?p=57603"},"modified":"2023-08-23T15:16:00","modified_gmt":"2023-08-23T13:16:00","slug":"rekolekcje-dla-mezczyzn-o-sw-jozefie-w-lichenskim-sanktuarium","status":"publish","type":"post","link":"https:\/\/www.lichen.pl\/en\/rekolekcje-dla-mezczyzn-o-sw-jozefie-w-lichenskim-sanktuarium\/","title":{"rendered":"Rekolekcje dla m\u0119\u017cczyzn o \u015bw. J\u00f3zefie w liche\u0144skim sanktuarium"},"content":{"rendered":"<div data-elementor-type=\"wp-post\" data-elementor-id=\"57603\" class=\"elementor elementor-57603\" data-elementor-post-type=\"post\">\n\t\t\t\t\t\t<section class=\"elementor-section elementor-top-section elementor-element elementor-element-6c255cf elementor-section-boxed elementor-section-height-default elementor-section-height-default\" data-id=\"6c255cf\" data-element_type=\"section\" data-e-type=\"section\">\n\t\t\t\t\t\t<div class=\"elementor-container elementor-column-gap-default\">\n\t\t\t\t\t<div class=\"elementor-column elementor-col-100 elementor-top-column elementor-element elementor-element-f0c5b20\" data-id=\"f0c5b20\" data-element_type=\"column\" data-e-type=\"column\">\n\t\t\t<div class=\"elementor-widget-wrap elementor-element-populated\">\n\t\t\t\t\t\t<div class=\"elementor-element elementor-element-68104d3 elementor-widget elementor-widget-text-editor\" data-id=\"68104d3\" data-element_type=\"widget\" data-e-type=\"widget\" data-widget_type=\"text-editor.default\">\n\t\t\t\t<div class=\"elementor-widget-container\">\n\t\t\t\t\t\t\t\t\t<p><strong><span style=\"color: #000000;\">Posta\u0107 \u015bw. J\u00f3zefa, opiekuna Pana Jezusa i m\u0119\u017ca Maryi, by\u0142a centralnym punktem rekolekcji zatytu\u0142owanych \u201eW szkole \u015bw. J\u00f3zefa\u201d, jakie w miniony weekend odby\u0142y si\u0119 w liche\u0144skim sanktuarium. Spotkanie, kt\u00f3re by\u0142o skierowane wy\u0142\u0105cznie dla m\u0119\u017cczyzn, poprowadzi\u0142 ks. Jaros\u0142aw Hybza MIC, sanktuaryjny duszpasterz.<\/span><\/strong><\/p>\t\t\t\t\t\t\t\t<\/div>\n\t\t\t\t<\/div>\n\t\t\t\t\t<\/div>\n\t\t<\/div>\n\t\t\t\t\t<\/div>\n\t\t<\/section>\n\t\t\t\t<section class=\"elementor-section elementor-top-section elementor-element elementor-element-5af3089 elementor-section-boxed elementor-section-height-default elementor-section-height-default\" data-id=\"5af3089\" data-element_type=\"section\" data-e-type=\"section\">\n\t\t\t\t\t\t<div class=\"elementor-container elementor-column-gap-default\">\n\t\t\t\t\t<div class=\"elementor-column elementor-col-100 elementor-top-column elementor-element elementor-element-dec8465\" data-id=\"dec8465\" data-element_type=\"column\" data-e-type=\"column\">\n\t\t\t<div class=\"elementor-widget-wrap elementor-element-populated\">\n\t\t\t\t\t\t<section class=\"elementor-section elementor-inner-section elementor-element elementor-element-4427a60 elementor-section-boxed elementor-section-height-default elementor-section-height-default\" data-id=\"4427a60\" data-element_type=\"section\" data-e-type=\"section\">\n\t\t\t\t\t\t<div class=\"elementor-container elementor-column-gap-default\">\n\t\t\t\t\t<div class=\"elementor-column elementor-col-50 elementor-inner-column elementor-element elementor-element-68f5216\" data-id=\"68f5216\" data-element_type=\"column\" data-e-type=\"column\">\n\t\t\t<div class=\"elementor-widget-wrap elementor-element-populated\">\n\t\t\t\t\t\t<div class=\"elementor-element elementor-element-06fc9b4 elementor-widget elementor-widget-image\" data-id=\"06fc9b4\" data-element_type=\"widget\" data-e-type=\"widget\" data-widget_type=\"image.default\">\n\t\t\t\t<div class=\"elementor-widget-container\">\n\t\t\t\t\t\t\t\t\t\t\t\t\t\t\t<img fetchpriority=\"high\" decoding=\"async\" width=\"1024\" height=\"683\" src=\"https:\/\/www.lichen.pl\/wp-content\/uploads\/2023\/08\/369704624_688835396603343_661229894360757325_n-1024x683.jpg\" class=\"attachment-large size-large wp-image-57604\" alt=\"\" srcset=\"https:\/\/www.lichen.pl\/wp-content\/uploads\/2023\/08\/369704624_688835396603343_661229894360757325_n-1024x683.jpg 1024w, https:\/\/www.lichen.pl\/wp-content\/uploads\/2023\/08\/369704624_688835396603343_661229894360757325_n-800x533.jpg 800w, https:\/\/www.lichen.pl\/wp-content\/uploads\/2023\/08\/369704624_688835396603343_661229894360757325_n-300x200.jpg 300w, https:\/\/www.lichen.pl\/wp-content\/uploads\/2023\/08\/369704624_688835396603343_661229894360757325_n-768x512.jpg 768w, https:\/\/www.lichen.pl\/wp-content\/uploads\/2023\/08\/369704624_688835396603343_661229894360757325_n-1536x1024.jpg 1536w, https:\/\/www.lichen.pl\/wp-content\/uploads\/2023\/08\/369704624_688835396603343_661229894360757325_n-18x12.jpg 18w, https:\/\/www.lichen.pl\/wp-content\/uploads\/2023\/08\/369704624_688835396603343_661229894360757325_n.jpg 1920w\" sizes=\"(max-width: 1024px) 100vw, 1024px\" \/>\t\t\t\t\t\t\t\t\t\t\t\t\t\t\t<\/div>\n\t\t\t\t<\/div>\n\t\t\t\t\t<\/div>\n\t\t<\/div>\n\t\t\t\t<div class=\"elementor-column elementor-col-50 elementor-inner-column elementor-element elementor-element-64c750c\" data-id=\"64c750c\" data-element_type=\"column\" data-e-type=\"column\">\n\t\t\t<div class=\"elementor-widget-wrap elementor-element-populated\">\n\t\t\t\t\t\t<div class=\"elementor-element elementor-element-138bb15 elementor-widget elementor-widget-text-editor\" data-id=\"138bb15\" data-element_type=\"widget\" data-e-type=\"widget\" data-widget_type=\"text-editor.default\">\n\t\t\t\t<div class=\"elementor-widget-container\">\n\t\t\t\t\t\t\t\t\t<p><span style=\"color: #000000;\">&#8211; Rekolekcje dla m\u0119\u017cczyzn maj\u0105 za zadanie pokaza\u0107 wz\u00f3r dla ojc\u00f3w i m\u0119\u017cczyzn, kt\u00f3rym jest \u015bw. J\u00f3zef. Dzi\u015b \u017cyjemy w \u015bwiecie, w kt\u00f3rym niezwykle widoczny jest kryzys ojcostwa i m\u0119sko\u015bci.<\/span><br \/><span style=\"color: #000000;\">\u015aw. J\u00f3zef jest biblijnym wzorem, kt\u00f3ry s\u0142ucha Boga, jest pos\u0142uszny Jego woli. Milczy, nie wypowiada ani jednego s\u0142owa na kartach Biblii. Jednak przez swoje czyny pokazuje trosk\u0119 o Maryj\u0119 i Jezusa \u2013 wyja\u015bnia ks. Hybza dodaj\u0105c, \u017ce w trakcie rekolekcji stara si\u0119 pokaza\u0107 cz\u0142owieka pi\u0119knego i dobrego, stworzonego na obraz i podobie\u0144stwo samego Boga.<\/span><\/p>\t\t\t\t\t\t\t\t<\/div>\n\t\t\t\t<\/div>\n\t\t\t\t\t<\/div>\n\t\t<\/div>\n\t\t\t\t\t<\/div>\n\t\t<\/section>\n\t\t\t\t<div class=\"elementor-element elementor-element-f58414d elementor-widget elementor-widget-text-editor\" data-id=\"f58414d\" data-element_type=\"widget\" data-e-type=\"widget\" data-widget_type=\"text-editor.default\">\n\t\t\t\t<div class=\"elementor-widget-container\">\n\t\t\t\t\t\t\t\t\t<p><span style=\"color: #000000;\">Podczas pi\u0119ciu wyg\u0142oszonych konferencji \u2013 weekendowych \u0107wicze\u0144 duchowych, marianin chcia\u0142 wzbudzi\u0107 w uczestnikach poczucie warto\u015bci; aby na nowo odkryli w sobie pok\u0142ady ufno\u015bci w to, \u017ce zostali stworzeni na obraz i podobie\u0144stwo Boga, i s\u0105 pos\u0142ani, jak \u015bw. J\u00f3zef, do dbania o swoje rodziny.<\/span><br \/><span style=\"color: #000000;\">&#8211; \u015aw. J\u00f3zef jest przyk\u0142adem cz\u0142owieka pracowitego, zatroskanego o rodzin\u0119; jest cz\u0142owiekiem modlitwy, milcz\u0105cym i dyskretnym, ale zarazem m\u00f3wi\u0105cym poprzez swoje dobre czyny; to jest jego skromno\u015b\u0107 i pokora; i te w\u0142a\u015bnie cechy staram si\u0119 pokaza\u0107 m\u0119\u017cczyznom uczestnicz\u0105cym w rekolekcjach.<\/span><\/p><p><span style=\"color: #000000;\">Rozwa\u017cania rekolekcyjne zosta\u0142y oparte o wybrane fragmenty Pisma \u015awi\u0119tego, w kt\u00f3rych jest mowa o \u015bw. J\u00f3zefie. W relacji ks. Hybzy niezwykle istotne s\u0105 te cz\u0119\u015bci, kt\u00f3re dotycz\u0105 4 sn\u00f3w \u015bw. J\u00f3zefa: gdy dowiaduje si\u0119, \u017ce Maryja jest brzemienna; gdy zagro\u017cone jest \u017cycie Jezusa; gdy otrzymuje polecenie powrotu do domu po uciecze do Egiptu oraz gdy otrzymuje nakaz udania si\u0119 do Nazaretu.<\/span><\/p><p><span style=\"color: #000000;\">Organizatorem rekolekcji by\u0142o Sanktuarium Matki Bo\u017cej Liche\u0144skiej. W spotkaniu wzi\u0119\u0142o udzia\u0142 20 m\u0119\u017cczyzn z ca\u0142ej Polski. Rekolekcje \u201eW szkole \u015bw. J\u00f3zefa\u201d organizowane s\u0105 od 2019 roku, a ich pomys\u0142odawc\u0105 jest ks. Janusz Kumala MIC, kustosz liche\u0144skiego sanktuarium.<\/span><\/p>\t\t\t\t\t\t\t\t<\/div>\n\t\t\t\t<\/div>\n\t\t\t\t\t<\/div>\n\t\t<\/div>\n\t\t\t\t\t<\/div>\n\t\t<\/section>\n\t\t\t\t<\/div>","protected":false},"excerpt":{"rendered":"<p>Posta\u0107 \u015bw. J\u00f3zefa, opiekuna Pana Jezusa i m\u0119\u017ca Maryi, by\u0142a centralnym punktem rekolekcji zatytu\u0142owanych \u201eW szkole \u015bw. J\u00f3zefa\u201d, jakie w miniony weekend odby\u0142y si\u0119 w liche\u0144skim sanktuarium. Spotkanie, kt\u00f3re by\u0142o skierowane wy\u0142\u0105cznie dla m\u0119\u017cczyzn, poprowadzi\u0142 ks. Jaros\u0142aw Hybza MIC, sanktuaryjny duszpasterz. &#8211; Rekolekcje dla m\u0119\u017cczyzn maj\u0105 za zadanie pokaza\u0107 wz\u00f3r dla ojc\u00f3w i m\u0119\u017cczyzn, kt\u00f3rym [&hellip;]<\/p>\n","protected":false},"author":6,"featured_media":57604,"comment_status":"closed","ping_status":"closed","sticky":false,"template":"","format":"standard","meta":{"footnotes":""},"categories":[1],"tags":[],"class_list":["post-57603","post","type-post","status-publish","format-standard","has-post-thumbnail","hentry","category-aktualnosci","wpbf-post"],"yoast_head":"<!-- This site is optimized with the Yoast SEO plugin v27.4 - https:\/\/yoast.com\/product\/yoast-seo-wordpress\/ -->\n<title>Rekolekcje dla m\u0119\u017cczyzn o \u015bw. J\u00f3zefie w liche\u0144skim sanktuarium - SANKTUARIUM W LICHENIU<\/title>\n<meta name=\"robots\" content=\"index, follow, max-snippet:-1, max-image-preview:large, max-video-preview:-1\" \/>\n<link rel=\"canonical\" href=\"https:\/\/www.lichen.pl\/en\/rekolekcje-dla-mezczyzn-o-sw-jozefie-w-lichenskim-sanktuarium\/\" \/>\n<meta property=\"og:locale\" content=\"en_GB\" \/>\n<meta property=\"og:type\" content=\"article\" \/>\n<meta property=\"og:title\" content=\"Rekolekcje dla m\u0119\u017cczyzn o \u015bw. J\u00f3zefie w liche\u0144skim sanktuarium - SANKTUARIUM W LICHENIU\" \/>\n<meta property=\"og:description\" content=\"Posta\u0107 \u015bw. J\u00f3zefa, opiekuna Pana Jezusa i m\u0119\u017ca Maryi, by\u0142a centralnym punktem rekolekcji zatytu\u0142owanych \u201eW szkole \u015bw. J\u00f3zefa\u201d, jakie w miniony weekend odby\u0142y si\u0119 w liche\u0144skim sanktuarium. Spotkanie, kt\u00f3re by\u0142o skierowane wy\u0142\u0105cznie dla m\u0119\u017cczyzn, poprowadzi\u0142 ks. Jaros\u0142aw Hybza MIC, sanktuaryjny duszpasterz. &#8211; Rekolekcje dla m\u0119\u017cczyzn maj\u0105 za zadanie pokaza\u0107 wz\u00f3r dla ojc\u00f3w i m\u0119\u017cczyzn, kt\u00f3rym [&hellip;]\" \/>\n<meta property=\"og:url\" content=\"https:\/\/www.lichen.pl\/en\/rekolekcje-dla-mezczyzn-o-sw-jozefie-w-lichenskim-sanktuarium\/\" \/>\n<meta property=\"og:site_name\" content=\"SANKTUARIUM W LICHENIU\" \/>\n<meta property=\"article:published_time\" content=\"2023-08-22T13:12:59+00:00\" \/>\n<meta property=\"article:modified_time\" content=\"2023-08-23T13:16:00+00:00\" \/>\n<meta property=\"og:image\" content=\"https:\/\/www.lichen.pl\/wp-content\/uploads\/2023\/08\/369704624_688835396603343_661229894360757325_n.jpg\" \/>\n\t<meta property=\"og:image:width\" content=\"1920\" \/>\n\t<meta property=\"og:image:height\" content=\"1280\" \/>\n\t<meta property=\"og:image:type\" content=\"image\/jpeg\" \/>\n<meta name=\"author\" content=\"AMELIA SIUDA-KOSZELA\" \/>\n<meta name=\"twitter:card\" content=\"summary_large_image\" \/>\n<meta name=\"twitter:label1\" content=\"Written by\" \/>\n\t<meta name=\"twitter:data1\" content=\"AMELIA SIUDA-KOSZELA\" \/>\n\t<meta name=\"twitter:label2\" content=\"Estimated reading time\" \/>\n\t<meta name=\"twitter:data2\" content=\"3 minutes\" \/>\n<script type=\"application\/ld+json\" class=\"yoast-schema-graph\">{\"@context\":\"https:\\\/\\\/schema.org\",\"@graph\":[{\"@type\":\"Article\",\"@id\":\"https:\\\/\\\/www.lichen.pl\\\/rekolekcje-dla-mezczyzn-o-sw-jozefie-w-lichenskim-sanktuarium\\\/#article\",\"isPartOf\":{\"@id\":\"https:\\\/\\\/www.lichen.pl\\\/rekolekcje-dla-mezczyzn-o-sw-jozefie-w-lichenskim-sanktuarium\\\/\"},\"author\":{\"name\":\"AMELIA SIUDA-KOSZELA\",\"@id\":\"https:\\\/\\\/www.lichen.pl\\\/fr\\\/#\\\/schema\\\/person\\\/70bf824c102f176cf976b0d90af0d62a\"},\"headline\":\"Rekolekcje dla m\u0119\u017cczyzn o \u015bw. J\u00f3zefie w liche\u0144skim sanktuarium\",\"datePublished\":\"2023-08-22T13:12:59+00:00\",\"dateModified\":\"2023-08-23T13:16:00+00:00\",\"mainEntityOfPage\":{\"@id\":\"https:\\\/\\\/www.lichen.pl\\\/rekolekcje-dla-mezczyzn-o-sw-jozefie-w-lichenskim-sanktuarium\\\/\"},\"wordCount\":383,\"image\":{\"@id\":\"https:\\\/\\\/www.lichen.pl\\\/rekolekcje-dla-mezczyzn-o-sw-jozefie-w-lichenskim-sanktuarium\\\/#primaryimage\"},\"thumbnailUrl\":\"https:\\\/\\\/www.lichen.pl\\\/wp-content\\\/uploads\\\/2023\\\/08\\\/369704624_688835396603343_661229894360757325_n.jpg\",\"articleSection\":[\"Aktualno\u015bci\"],\"inLanguage\":\"en-GB\"},{\"@type\":\"WebPage\",\"@id\":\"https:\\\/\\\/www.lichen.pl\\\/rekolekcje-dla-mezczyzn-o-sw-jozefie-w-lichenskim-sanktuarium\\\/\",\"url\":\"https:\\\/\\\/www.lichen.pl\\\/rekolekcje-dla-mezczyzn-o-sw-jozefie-w-lichenskim-sanktuarium\\\/\",\"name\":\"Rekolekcje dla m\u0119\u017cczyzn o \u015bw. J\u00f3zefie w liche\u0144skim sanktuarium - SANKTUARIUM W LICHENIU\",\"isPartOf\":{\"@id\":\"https:\\\/\\\/www.lichen.pl\\\/fr\\\/#website\"},\"primaryImageOfPage\":{\"@id\":\"https:\\\/\\\/www.lichen.pl\\\/rekolekcje-dla-mezczyzn-o-sw-jozefie-w-lichenskim-sanktuarium\\\/#primaryimage\"},\"image\":{\"@id\":\"https:\\\/\\\/www.lichen.pl\\\/rekolekcje-dla-mezczyzn-o-sw-jozefie-w-lichenskim-sanktuarium\\\/#primaryimage\"},\"thumbnailUrl\":\"https:\\\/\\\/www.lichen.pl\\\/wp-content\\\/uploads\\\/2023\\\/08\\\/369704624_688835396603343_661229894360757325_n.jpg\",\"datePublished\":\"2023-08-22T13:12:59+00:00\",\"dateModified\":\"2023-08-23T13:16:00+00:00\",\"author\":{\"@id\":\"https:\\\/\\\/www.lichen.pl\\\/fr\\\/#\\\/schema\\\/person\\\/70bf824c102f176cf976b0d90af0d62a\"},\"breadcrumb\":{\"@id\":\"https:\\\/\\\/www.lichen.pl\\\/rekolekcje-dla-mezczyzn-o-sw-jozefie-w-lichenskim-sanktuarium\\\/#breadcrumb\"},\"inLanguage\":\"en-GB\",\"potentialAction\":[{\"@type\":\"ReadAction\",\"target\":[\"https:\\\/\\\/www.lichen.pl\\\/rekolekcje-dla-mezczyzn-o-sw-jozefie-w-lichenskim-sanktuarium\\\/\"]}]},{\"@type\":\"ImageObject\",\"inLanguage\":\"en-GB\",\"@id\":\"https:\\\/\\\/www.lichen.pl\\\/rekolekcje-dla-mezczyzn-o-sw-jozefie-w-lichenskim-sanktuarium\\\/#primaryimage\",\"url\":\"https:\\\/\\\/www.lichen.pl\\\/wp-content\\\/uploads\\\/2023\\\/08\\\/369704624_688835396603343_661229894360757325_n.jpg\",\"contentUrl\":\"https:\\\/\\\/www.lichen.pl\\\/wp-content\\\/uploads\\\/2023\\\/08\\\/369704624_688835396603343_661229894360757325_n.jpg\",\"width\":1920,\"height\":1280},{\"@type\":\"BreadcrumbList\",\"@id\":\"https:\\\/\\\/www.lichen.pl\\\/rekolekcje-dla-mezczyzn-o-sw-jozefie-w-lichenskim-sanktuarium\\\/#breadcrumb\",\"itemListElement\":[{\"@type\":\"ListItem\",\"position\":1,\"name\":\"Strona g\u0142\u00f3wna\",\"item\":\"https:\\\/\\\/www.lichen.pl\\\/\"},{\"@type\":\"ListItem\",\"position\":2,\"name\":\"Rekolekcje dla m\u0119\u017cczyzn o \u015bw. J\u00f3zefie w liche\u0144skim sanktuarium\"}]},{\"@type\":\"WebSite\",\"@id\":\"https:\\\/\\\/www.lichen.pl\\\/fr\\\/#website\",\"url\":\"https:\\\/\\\/www.lichen.pl\\\/fr\\\/\",\"name\":\"SANKTUARIUM W LICHENIU\",\"description\":\"MATKI BO\u017bEJ LICHE\u0143SKIEJ BOLESNEJ KR\u00d3LOWEJ POLSKI\",\"potentialAction\":[{\"@type\":\"SearchAction\",\"target\":{\"@type\":\"EntryPoint\",\"urlTemplate\":\"https:\\\/\\\/www.lichen.pl\\\/fr\\\/?s={search_term_string}\"},\"query-input\":{\"@type\":\"PropertyValueSpecification\",\"valueRequired\":true,\"valueName\":\"search_term_string\"}}],\"inLanguage\":\"en-GB\"},{\"@type\":\"Person\",\"@id\":\"https:\\\/\\\/www.lichen.pl\\\/fr\\\/#\\\/schema\\\/person\\\/70bf824c102f176cf976b0d90af0d62a\",\"name\":\"AMELIA SIUDA-KOSZELA\",\"image\":{\"@type\":\"ImageObject\",\"inLanguage\":\"en-GB\",\"@id\":\"https:\\\/\\\/secure.gravatar.com\\\/avatar\\\/a0f9a92186ab02fb8db116f5388e3bc7280dd7bd01565c5d6b7ceb07ff27d6d9?s=96&d=retro&r=g\",\"url\":\"https:\\\/\\\/secure.gravatar.com\\\/avatar\\\/a0f9a92186ab02fb8db116f5388e3bc7280dd7bd01565c5d6b7ceb07ff27d6d9?s=96&d=retro&r=g\",\"contentUrl\":\"https:\\\/\\\/secure.gravatar.com\\\/avatar\\\/a0f9a92186ab02fb8db116f5388e3bc7280dd7bd01565c5d6b7ceb07ff27d6d9?s=96&d=retro&r=g\",\"caption\":\"AMELIA SIUDA-KOSZELA\"},\"url\":\"https:\\\/\\\/www.lichen.pl\\\/en\\\/author\\\/amelia\\\/\"}]}<\/script>\n<!-- \/ Yoast SEO plugin. -->","yoast_head_json":{"title":"Rekolekcje dla m\u0119\u017cczyzn o \u015bw. J\u00f3zefie w liche\u0144skim sanktuarium - SANKTUARIUM W LICHENIU","robots":{"index":"index","follow":"follow","max-snippet":"max-snippet:-1","max-image-preview":"max-image-preview:large","max-video-preview":"max-video-preview:-1"},"canonical":"https:\/\/www.lichen.pl\/en\/rekolekcje-dla-mezczyzn-o-sw-jozefie-w-lichenskim-sanktuarium\/","og_locale":"en_GB","og_type":"article","og_title":"Rekolekcje dla m\u0119\u017cczyzn o \u015bw. J\u00f3zefie w liche\u0144skim sanktuarium - SANKTUARIUM W LICHENIU","og_description":"Posta\u0107 \u015bw. J\u00f3zefa, opiekuna Pana Jezusa i m\u0119\u017ca Maryi, by\u0142a centralnym punktem rekolekcji zatytu\u0142owanych \u201eW szkole \u015bw. J\u00f3zefa\u201d, jakie w miniony weekend odby\u0142y si\u0119 w liche\u0144skim sanktuarium. Spotkanie, kt\u00f3re by\u0142o skierowane wy\u0142\u0105cznie dla m\u0119\u017cczyzn, poprowadzi\u0142 ks. Jaros\u0142aw Hybza MIC, sanktuaryjny duszpasterz. &#8211; Rekolekcje dla m\u0119\u017cczyzn maj\u0105 za zadanie pokaza\u0107 wz\u00f3r dla ojc\u00f3w i m\u0119\u017cczyzn, kt\u00f3rym [&hellip;]","og_url":"https:\/\/www.lichen.pl\/en\/rekolekcje-dla-mezczyzn-o-sw-jozefie-w-lichenskim-sanktuarium\/","og_site_name":"SANKTUARIUM W LICHENIU","article_published_time":"2023-08-22T13:12:59+00:00","article_modified_time":"2023-08-23T13:16:00+00:00","og_image":[{"width":1920,"height":1280,"url":"https:\/\/www.lichen.pl\/wp-content\/uploads\/2023\/08\/369704624_688835396603343_661229894360757325_n.jpg","type":"image\/jpeg"}],"author":"AMELIA SIUDA-KOSZELA","twitter_card":"summary_large_image","twitter_misc":{"Written by":"AMELIA SIUDA-KOSZELA","Estimated reading time":"3 minutes"},"schema":{"@context":"https:\/\/schema.org","@graph":[{"@type":"Article","@id":"https:\/\/www.lichen.pl\/rekolekcje-dla-mezczyzn-o-sw-jozefie-w-lichenskim-sanktuarium\/#article","isPartOf":{"@id":"https:\/\/www.lichen.pl\/rekolekcje-dla-mezczyzn-o-sw-jozefie-w-lichenskim-sanktuarium\/"},"author":{"name":"AMELIA SIUDA-KOSZELA","@id":"https:\/\/www.lichen.pl\/fr\/#\/schema\/person\/70bf824c102f176cf976b0d90af0d62a"},"headline":"Rekolekcje dla m\u0119\u017cczyzn o \u015bw. J\u00f3zefie w liche\u0144skim sanktuarium","datePublished":"2023-08-22T13:12:59+00:00","dateModified":"2023-08-23T13:16:00+00:00","mainEntityOfPage":{"@id":"https:\/\/www.lichen.pl\/rekolekcje-dla-mezczyzn-o-sw-jozefie-w-lichenskim-sanktuarium\/"},"wordCount":383,"image":{"@id":"https:\/\/www.lichen.pl\/rekolekcje-dla-mezczyzn-o-sw-jozefie-w-lichenskim-sanktuarium\/#primaryimage"},"thumbnailUrl":"https:\/\/www.lichen.pl\/wp-content\/uploads\/2023\/08\/369704624_688835396603343_661229894360757325_n.jpg","articleSection":["Aktualno\u015bci"],"inLanguage":"en-GB"},{"@type":"WebPage","@id":"https:\/\/www.lichen.pl\/rekolekcje-dla-mezczyzn-o-sw-jozefie-w-lichenskim-sanktuarium\/","url":"https:\/\/www.lichen.pl\/rekolekcje-dla-mezczyzn-o-sw-jozefie-w-lichenskim-sanktuarium\/","name":"Rekolekcje dla m\u0119\u017cczyzn o \u015bw. J\u00f3zefie w liche\u0144skim sanktuarium - SANKTUARIUM W LICHENIU","isPartOf":{"@id":"https:\/\/www.lichen.pl\/fr\/#website"},"primaryImageOfPage":{"@id":"https:\/\/www.lichen.pl\/rekolekcje-dla-mezczyzn-o-sw-jozefie-w-lichenskim-sanktuarium\/#primaryimage"},"image":{"@id":"https:\/\/www.lichen.pl\/rekolekcje-dla-mezczyzn-o-sw-jozefie-w-lichenskim-sanktuarium\/#primaryimage"},"thumbnailUrl":"https:\/\/www.lichen.pl\/wp-content\/uploads\/2023\/08\/369704624_688835396603343_661229894360757325_n.jpg","datePublished":"2023-08-22T13:12:59+00:00","dateModified":"2023-08-23T13:16:00+00:00","author":{"@id":"https:\/\/www.lichen.pl\/fr\/#\/schema\/person\/70bf824c102f176cf976b0d90af0d62a"},"breadcrumb":{"@id":"https:\/\/www.lichen.pl\/rekolekcje-dla-mezczyzn-o-sw-jozefie-w-lichenskim-sanktuarium\/#breadcrumb"},"inLanguage":"en-GB","potentialAction":[{"@type":"ReadAction","target":["https:\/\/www.lichen.pl\/rekolekcje-dla-mezczyzn-o-sw-jozefie-w-lichenskim-sanktuarium\/"]}]},{"@type":"ImageObject","inLanguage":"en-GB","@id":"https:\/\/www.lichen.pl\/rekolekcje-dla-mezczyzn-o-sw-jozefie-w-lichenskim-sanktuarium\/#primaryimage","url":"https:\/\/www.lichen.pl\/wp-content\/uploads\/2023\/08\/369704624_688835396603343_661229894360757325_n.jpg","contentUrl":"https:\/\/www.lichen.pl\/wp-content\/uploads\/2023\/08\/369704624_688835396603343_661229894360757325_n.jpg","width":1920,"height":1280},{"@type":"BreadcrumbList","@id":"https:\/\/www.lichen.pl\/rekolekcje-dla-mezczyzn-o-sw-jozefie-w-lichenskim-sanktuarium\/#breadcrumb","itemListElement":[{"@type":"ListItem","position":1,"name":"Strona g\u0142\u00f3wna","item":"https:\/\/www.lichen.pl\/"},{"@type":"ListItem","position":2,"name":"Rekolekcje dla m\u0119\u017cczyzn o \u015bw. J\u00f3zefie w liche\u0144skim sanktuarium"}]},{"@type":"WebSite","@id":"https:\/\/www.lichen.pl\/fr\/#website","url":"https:\/\/www.lichen.pl\/fr\/","name":"SANCTUARY IN LICHENIA","description":"OUR LICHEN&#039;S SORROWFUL QUEEN OF POLAND","potentialAction":[{"@type":"SearchAction","target":{"@type":"EntryPoint","urlTemplate":"https:\/\/www.lichen.pl\/fr\/?s={search_term_string}"},"query-input":{"@type":"PropertyValueSpecification","valueRequired":true,"valueName":"search_term_string"}}],"inLanguage":"en-GB"},{"@type":"Person","@id":"https:\/\/www.lichen.pl\/fr\/#\/schema\/person\/70bf824c102f176cf976b0d90af0d62a","name":"AMELIA SIUDA-KOSZELA","image":{"@type":"ImageObject","inLanguage":"en-GB","@id":"https:\/\/secure.gravatar.com\/avatar\/a0f9a92186ab02fb8db116f5388e3bc7280dd7bd01565c5d6b7ceb07ff27d6d9?s=96&d=retro&r=g","url":"https:\/\/secure.gravatar.com\/avatar\/a0f9a92186ab02fb8db116f5388e3bc7280dd7bd01565c5d6b7ceb07ff27d6d9?s=96&d=retro&r=g","contentUrl":"https:\/\/secure.gravatar.com\/avatar\/a0f9a92186ab02fb8db116f5388e3bc7280dd7bd01565c5d6b7ceb07ff27d6d9?s=96&d=retro&r=g","caption":"AMELIA SIUDA-KOSZELA"},"url":"https:\/\/www.lichen.pl\/en\/author\/amelia\/"}]}},"_links":{"self":[{"href":"https:\/\/www.lichen.pl\/en\/wp-json\/wp\/v2\/posts\/57603","targetHints":{"allow":["GET"]}}],"collection":[{"href":"https:\/\/www.lichen.pl\/en\/wp-json\/wp\/v2\/posts"}],"about":[{"href":"https:\/\/www.lichen.pl\/en\/wp-json\/wp\/v2\/types\/post"}],"author":[{"embeddable":true,"href":"https:\/\/www.lichen.pl\/en\/wp-json\/wp\/v2\/users\/6"}],"replies":[{"embeddable":true,"href":"https:\/\/www.lichen.pl\/en\/wp-json\/wp\/v2\/comments?post=57603"}],"version-history":[{"count":4,"href":"https:\/\/www.lichen.pl\/en\/wp-json\/wp\/v2\/posts\/57603\/revisions"}],"predecessor-version":[{"id":57608,"href":"https:\/\/www.lichen.pl\/en\/wp-json\/wp\/v2\/posts\/57603\/revisions\/57608"}],"wp:featuredmedia":[{"embeddable":true,"href":"https:\/\/www.lichen.pl\/en\/wp-json\/wp\/v2\/media\/57604"}],"wp:attachment":[{"href":"https:\/\/www.lichen.pl\/en\/wp-json\/wp\/v2\/media?parent=57603"}],"wp:term":[{"taxonomy":"category","embeddable":true,"href":"https:\/\/www.lichen.pl\/en\/wp-json\/wp\/v2\/categories?post=57603"},{"taxonomy":"post_tag","embeddable":true,"href":"https:\/\/www.lichen.pl\/en\/wp-json\/wp\/v2\/tags?post=57603"}],"curies":[{"name":"wp","href":"https:\/\/api.w.org\/{rel}","templated":true}]}}