{"id":59149,"date":"2023-10-03T14:59:37","date_gmt":"2023-10-03T12:59:37","guid":{"rendered":"https:\/\/www.lichen.pl\/?p=59149"},"modified":"2023-10-03T15:03:55","modified_gmt":"2023-10-03T13:03:55","slug":"w-obecnosci-chrystusa","status":"publish","type":"post","link":"https:\/\/www.lichen.pl\/en\/w-obecnosci-chrystusa\/","title":{"rendered":"W obecno\u015bci Chrystusa \u2013 rekolekcje \u201eEucharystia \u2013 studnia bez dna i przepis na \u017cycie\u201d"},"content":{"rendered":"<div data-elementor-type=\"wp-post\" data-elementor-id=\"59149\" class=\"elementor elementor-59149\" data-elementor-post-type=\"post\">\n\t\t\t\t\t\t<section class=\"elementor-section elementor-top-section elementor-element elementor-element-3dc1095 elementor-section-boxed elementor-section-height-default elementor-section-height-default\" data-id=\"3dc1095\" data-element_type=\"section\" data-e-type=\"section\">\n\t\t\t\t\t\t<div class=\"elementor-container elementor-column-gap-default\">\n\t\t\t\t\t<div class=\"elementor-column elementor-col-100 elementor-top-column elementor-element elementor-element-34c6598\" data-id=\"34c6598\" data-element_type=\"column\" data-e-type=\"column\">\n\t\t\t<div class=\"elementor-widget-wrap elementor-element-populated\">\n\t\t\t\t\t\t<div class=\"elementor-element elementor-element-152694c elementor-widget elementor-widget-text-editor\" data-id=\"152694c\" data-element_type=\"widget\" data-e-type=\"widget\" data-widget_type=\"text-editor.default\">\n\t\t\t\t<div class=\"elementor-widget-container\">\n\t\t\t\t\t\t\t\t\t<p><span style=\"color: #000000;\"><strong>Na spotkanie z Panem Jezusem przygotowywa\u0142o si\u0119 16 uczestnik\u00f3w drugiej cz\u0119\u015bci rekolekcji \u201eEucharystia \u2013 studnia bez dna i przepis na \u017cycie\u201d w dniach od 29 wrze\u015bnia do 1 pa\u017adziernika.<\/strong><\/span><\/p>\t\t\t\t\t\t\t\t<\/div>\n\t\t\t\t<\/div>\n\t\t\t\t\t<\/div>\n\t\t<\/div>\n\t\t\t\t\t<\/div>\n\t\t<\/section>\n\t\t\t\t<section class=\"elementor-section elementor-top-section elementor-element elementor-element-362d36b elementor-section-boxed elementor-section-height-default elementor-section-height-default\" data-id=\"362d36b\" data-element_type=\"section\" data-e-type=\"section\">\n\t\t\t\t\t\t<div class=\"elementor-container elementor-column-gap-default\">\n\t\t\t\t\t<div class=\"elementor-column elementor-col-100 elementor-top-column elementor-element elementor-element-42425fb\" data-id=\"42425fb\" data-element_type=\"column\" data-e-type=\"column\">\n\t\t\t<div class=\"elementor-widget-wrap elementor-element-populated\">\n\t\t\t\t\t\t<section class=\"elementor-section elementor-inner-section elementor-element elementor-element-ef470f2 elementor-section-boxed elementor-section-height-default elementor-section-height-default\" data-id=\"ef470f2\" data-element_type=\"section\" data-e-type=\"section\">\n\t\t\t\t\t\t<div class=\"elementor-container elementor-column-gap-default\">\n\t\t\t\t\t<div class=\"elementor-column elementor-col-50 elementor-inner-column elementor-element elementor-element-3767a5c\" data-id=\"3767a5c\" data-element_type=\"column\" data-e-type=\"column\">\n\t\t\t<div class=\"elementor-widget-wrap elementor-element-populated\">\n\t\t\t\t\t\t<div class=\"elementor-element elementor-element-09d725c elementor-widget elementor-widget-image\" data-id=\"09d725c\" data-element_type=\"widget\" data-e-type=\"widget\" data-widget_type=\"image.default\">\n\t\t\t\t<div class=\"elementor-widget-container\">\n\t\t\t\t\t\t\t\t\t\t\t\t\t\t\t<img fetchpriority=\"high\" decoding=\"async\" width=\"770\" height=\"1024\" src=\"https:\/\/www.lichen.pl\/wp-content\/uploads\/2023\/10\/IMG_3015-770x1024.jpg\" class=\"attachment-large size-large wp-image-59153\" alt=\"\" srcset=\"https:\/\/www.lichen.pl\/wp-content\/uploads\/2023\/10\/IMG_3015-770x1024.jpg 770w, https:\/\/www.lichen.pl\/wp-content\/uploads\/2023\/10\/IMG_3015-800x1064.jpg 800w, https:\/\/www.lichen.pl\/wp-content\/uploads\/2023\/10\/IMG_3015-225x300.jpg 225w, https:\/\/www.lichen.pl\/wp-content\/uploads\/2023\/10\/IMG_3015-768x1022.jpg 768w, https:\/\/www.lichen.pl\/wp-content\/uploads\/2023\/10\/IMG_3015-1154x1536.jpg 1154w, https:\/\/www.lichen.pl\/wp-content\/uploads\/2023\/10\/IMG_3015-9x12.jpg 9w, https:\/\/www.lichen.pl\/wp-content\/uploads\/2023\/10\/IMG_3015.jpg 962w\" sizes=\"(max-width: 770px) 100vw, 770px\" \/>\t\t\t\t\t\t\t\t\t\t\t\t\t\t\t<\/div>\n\t\t\t\t<\/div>\n\t\t\t\t\t<\/div>\n\t\t<\/div>\n\t\t\t\t<div class=\"elementor-column elementor-col-50 elementor-inner-column elementor-element elementor-element-4c3bf23\" data-id=\"4c3bf23\" data-element_type=\"column\" data-e-type=\"column\">\n\t\t\t<div class=\"elementor-widget-wrap elementor-element-populated\">\n\t\t\t\t\t\t<div class=\"elementor-element elementor-element-2066adb elementor-widget elementor-widget-text-editor\" data-id=\"2066adb\" data-element_type=\"widget\" data-e-type=\"widget\" data-widget_type=\"text-editor.default\">\n\t\t\t\t<div class=\"elementor-widget-container\">\n\t\t\t\t\t\t\t\t\t<p><span style=\"color: #000000;\">Pomys\u0142 na tematyk\u0119 rozwa\u017ca\u0144 podsun\u0119\u0142y rekolekcje przygotowuj\u0105ce do spowiedzi generalnej, kt\u00f3ra nie jest celem, ale w\u0142a\u015bnie wprowadzeniem do pe\u0142nego uczestnictwa w Eucharystii. Pierwsza cz\u0119\u015b\u0107 rekolekcji dotycz\u0105cych Eucharystii wyja\u015bnia znaki i symbole Mszy \u015bw. Natomiast druga prowadzi uczestnik\u00f3w rekolekcji do spotkania z Chrystusem. To czas g\u0142\u0119bszego do\u015bwiadczenia, refleksji, odbierania obecno\u015bci Chrystusa zmys\u0142ami. Rozwa\u017cania prowadzi\u0142 ks. S\u0142awomir Homoncik MIC, kustosz liche\u0144skiego sanktuarium.<\/span><\/p><p><span style=\"color: #000000;\">Dagmara z Kalisza przyznaje, \u017ce z roku na rok pracuje nad sob\u0105 i czuje, \u017ce jest coraz bli\u017cej Chrystusa. \u2013 Chc\u0119 poznawa\u0107 Pana Boga przez Eucharysti\u0119. Je\u015bli kogo\u015b kocham, to mam pragnienie przebywa\u0107 jak najbli\u017cej tej osoby. Druga cz\u0119\u015b\u0107 rekolekcji o Eucharystii u\u015bwiadomi\u0142a mi, \u017ce cisza jest bardzo pozytywna. Ten czas pom\u00f3g\u0142 mi zatrzyma\u0107 si\u0119 w miejscu i cieszy\u0107 si\u0119 cisz\u0105 duchow\u0105, wtedy czuj\u0119, \u017ce moje serce zbli\u017ca si\u0119 do Chrystusa. Identyfikuj\u0119 si\u0119 teraz z \u0141azarzem, bo mimo, \u017ce wiele zrobi\u0142am, to du\u017co krok\u00f3w wiary jest jeszcze przede mn\u0105. Ciesz\u0119 si\u0119, \u017ce mieszkam tak blisko liche\u0144skiego sanktuarium, zawierzam siebie i chor\u0105 na borelioz\u0119 c\u00f3rk\u0119 Panu Bogu \u2013 m\u00f3wi Dagmara z Kalisza.<\/span><\/p>\t\t\t\t\t\t\t\t<\/div>\n\t\t\t\t<\/div>\n\t\t\t\t\t<\/div>\n\t\t<\/div>\n\t\t\t\t\t<\/div>\n\t\t<\/section>\n\t\t\t\t<div class=\"elementor-element elementor-element-963f295 elementor-widget elementor-widget-text-editor\" data-id=\"963f295\" data-element_type=\"widget\" data-e-type=\"widget\" data-widget_type=\"text-editor.default\">\n\t\t\t\t<div class=\"elementor-widget-container\">\n\t\t\t\t\t\t\t\t\t<p><span style=\"color: #000000;\">Ryszard z Gdyni przyje\u017cd\u017ca\u0142 do liche\u0144skiego sanktuarium na rekolekcje maryjne z \u017con\u0105 przez 5 lat. \u2013 Moja droga do Boga rozpocz\u0119\u0142a si\u0119 przed krzy\u017cem Chrystusa w Gdyni w 2007 r. By\u0142em wtedy pogr\u0105\u017conym w uzale\u017cnieniu alkoholikiem. Najpierw B\u00f3g pokaza\u0142 mi wsp\u00f3lnot\u0119 AA, terapi\u0119 i kolejne rekolekcje. Mocno uchwyci\u0142em si\u0119 nadziei w Bogu, prosi\u0142em, \u017ceby wyci\u0105gn\u0105\u0142 mnie z tego dna, a pocz\u0105tki by\u0142y bardzo trudne. Podczas pielgrzymowania us\u0142ysza\u0142em, \u017ce jestem ukochanym dzieckiem Boga \u2013 opowiada pan Ryszard i przyznaje, \u017ce dzi\u015b z \u017con\u0105 s\u0105 szcz\u0119\u015bliwi. \u2013 Zapami\u0119ta\u0142em z konferencji rekolekcji nt. Eucharystii, \u017ce w sercu mamy trzech przyjaci\u00f3\u0142 Jezusa \u2013 \u0141azarza, Mari\u0119 i Mart\u0119, to mnie wzruszy\u0142o. Por\u00f3wna\u0142em siebie do nich \u2013 staram si\u0119 s\u0142ucha\u0107 Jezusa jak Maria, Chrystus dwa razy mnie uzdrowi\u0142 podobnie jak \u0141azarza i jestem uczynny dla bliskich i znajomych jak Marta. D\u0105\u017c\u0119 do tego, by ca\u0142ym sercem pokocha\u0107 Chrystusa \u2013 dzieli si\u0119 prze\u017cyciami pan Ryszard i podkre\u015bla, \u017ce papieski dom rekolekcyjny sprzyja wyciszeniu i refleksji.<\/span><\/p><p><span style=\"color: #000000;\">G\u0142\u0119bokim prze\u017cyciem dla pani Ewy, uczestniczki rekolekcji, by\u0142o obmycie n\u00f3g przez ksi\u0119dza, kt\u00f3re jest znakiem mi\u0142o\u015bci Chrystusa do cz\u0142owieka, ale tak\u017ce g\u0142\u0119bokiego oczyszczenia oraz wezwaniem do na\u015bladowania Mistrza. Zaznacza, \u017ce bardzo w prze\u017cyciach duchowych pomaga\u0142o prowadzenie ksi\u0119dza kustosza \u2013 konferencje, modlitwy, jego dost\u0119pno\u015b\u0107 i brak po\u015bpiechu. \u2013 Chcia\u0142am wg\u0142\u0119bi\u0107 si\u0119 w relacj\u0119 z Chrystusem, kt\u00f3rego spotykam w Eucharystii \u2013 m\u00f3wi pani Ewa.<\/span><\/p><p><span style=\"color: #000000;\">Kolejne rekolekcje planowane w pa\u017adzierniku dost\u0119pne s\u0105 na stronie internetowej liche\u0144skiego sanktuarium, zapraszamy: www.lichen.pl\/rekolekcje.<\/span><\/p>\t\t\t\t\t\t\t\t<\/div>\n\t\t\t\t<\/div>\n\t\t\t\t<div class=\"elementor-element elementor-element-16322d7 elementor-widget elementor-widget-image\" data-id=\"16322d7\" data-element_type=\"widget\" data-e-type=\"widget\" data-widget_type=\"image.default\">\n\t\t\t\t<div class=\"elementor-widget-container\">\n\t\t\t\t\t\t\t\t\t\t\t\t\t\t\t<img decoding=\"async\" width=\"1024\" height=\"770\" src=\"https:\/\/www.lichen.pl\/wp-content\/uploads\/2023\/10\/IMG_3017-1024x770.jpg\" class=\"attachment-large size-large wp-image-59150\" alt=\"\" srcset=\"https:\/\/www.lichen.pl\/wp-content\/uploads\/2023\/10\/IMG_3017-1024x770.jpg 1024w, https:\/\/www.lichen.pl\/wp-content\/uploads\/2023\/10\/IMG_3017-800x601.jpg 800w, https:\/\/www.lichen.pl\/wp-content\/uploads\/2023\/10\/IMG_3017-300x225.jpg 300w, https:\/\/www.lichen.pl\/wp-content\/uploads\/2023\/10\/IMG_3017-768x577.jpg 768w, https:\/\/www.lichen.pl\/wp-content\/uploads\/2023\/10\/IMG_3017-1536x1154.jpg 1536w, https:\/\/www.lichen.pl\/wp-content\/uploads\/2023\/10\/IMG_3017-16x12.jpg 16w, https:\/\/www.lichen.pl\/wp-content\/uploads\/2023\/10\/IMG_3017.jpg 1920w\" sizes=\"(max-width: 1024px) 100vw, 1024px\" \/>\t\t\t\t\t\t\t\t\t\t\t\t\t\t\t<\/div>\n\t\t\t\t<\/div>\n\t\t\t\t<div class=\"elementor-element elementor-element-1e801da elementor-widget-divider--view-line elementor-widget elementor-widget-divider\" data-id=\"1e801da\" data-element_type=\"widget\" data-e-type=\"widget\" data-widget_type=\"divider.default\">\n\t\t\t\t<div class=\"elementor-widget-container\">\n\t\t\t\t\t\t\t<div class=\"elementor-divider\">\n\t\t\t<span class=\"elementor-divider-separator\">\n\t\t\t\t\t\t<\/span>\n\t\t<\/div>\n\t\t\t\t\t\t<\/div>\n\t\t\t\t<\/div>\n\t\t\t\t<div class=\"elementor-element elementor-element-d8badaf elementor-widget elementor-widget-gallery\" data-id=\"d8badaf\" data-element_type=\"widget\" data-e-type=\"widget\" data-settings=\"{&quot;lazyload&quot;:&quot;yes&quot;,&quot;gallery_layout&quot;:&quot;grid&quot;,&quot;columns&quot;:4,&quot;columns_tablet&quot;:2,&quot;columns_mobile&quot;:1,&quot;gap&quot;:{&quot;unit&quot;:&quot;px&quot;,&quot;size&quot;:10,&quot;sizes&quot;:[]},&quot;gap_tablet&quot;:{&quot;unit&quot;:&quot;px&quot;,&quot;size&quot;:10,&quot;sizes&quot;:[]},&quot;gap_mobile&quot;:{&quot;unit&quot;:&quot;px&quot;,&quot;size&quot;:10,&quot;sizes&quot;:[]},&quot;link_to&quot;:&quot;file&quot;,&quot;aspect_ratio&quot;:&quot;3:2&quot;,&quot;overlay_background&quot;:&quot;yes&quot;,&quot;content_hover_animation&quot;:&quot;fade-in&quot;}\" data-widget_type=\"gallery.default\">\n\t\t\t\t<div class=\"elementor-widget-container\">\n\t\t\t\t\t\t\t<div class=\"elementor-gallery__container\">\n\t\t\t\t\t\t\t<a class=\"e-gallery-item elementor-gallery-item elementor-animated-content\" href=\"https:\/\/www.lichen.pl\/wp-content\/uploads\/2023\/10\/IMG_3017.jpg\" data-elementor-open-lightbox=\"yes\" data-elementor-lightbox-slideshow=\"d8badaf\" data-elementor-lightbox-title=\"IMG_3017\" data-e-action-hash=\"#elementor-action%3Aaction%3Dlightbox%26settings%3DeyJpZCI6NTkxNTAsInVybCI6Imh0dHBzOlwvXC93d3cubGljaGVuLnBsXC93cC1jb250ZW50XC91cGxvYWRzXC8yMDIzXC8xMFwvSU1HXzMwMTcuanBnIiwic2xpZGVzaG93IjoiZDhiYWRhZiJ9\">\n\t\t\t\t\t<div class=\"e-gallery-image elementor-gallery-item__image\" data-thumbnail=\"https:\/\/www.lichen.pl\/wp-content\/uploads\/2023\/10\/IMG_3017-300x225.jpg\" data-width=\"300\" data-height=\"225\" aria-label=\"\" role=\"img\" ><\/div>\n\t\t\t\t\t\t\t\t\t\t\t<div class=\"elementor-gallery-item__overlay\"><\/div>\n\t\t\t\t\t\t\t\t\t\t\t\t\t\t<\/a>\n\t\t\t\t\t\t\t<a class=\"e-gallery-item elementor-gallery-item elementor-animated-content\" href=\"https:\/\/www.lichen.pl\/wp-content\/uploads\/2023\/10\/IMG_3014.jpg\" data-elementor-open-lightbox=\"yes\" data-elementor-lightbox-slideshow=\"d8badaf\" data-elementor-lightbox-title=\"IMG_3014\" data-e-action-hash=\"#elementor-action%3Aaction%3Dlightbox%26settings%3DeyJpZCI6NTkxNTIsInVybCI6Imh0dHBzOlwvXC93d3cubGljaGVuLnBsXC93cC1jb250ZW50XC91cGxvYWRzXC8yMDIzXC8xMFwvSU1HXzMwMTQuanBnIiwic2xpZGVzaG93IjoiZDhiYWRhZiJ9\">\n\t\t\t\t\t<div class=\"e-gallery-image elementor-gallery-item__image\" data-thumbnail=\"https:\/\/www.lichen.pl\/wp-content\/uploads\/2023\/10\/IMG_3014-300x225.jpg\" data-width=\"300\" data-height=\"225\" aria-label=\"\" role=\"img\" ><\/div>\n\t\t\t\t\t\t\t\t\t\t\t<div class=\"elementor-gallery-item__overlay\"><\/div>\n\t\t\t\t\t\t\t\t\t\t\t\t\t\t<\/a>\n\t\t\t\t\t\t\t<a class=\"e-gallery-item elementor-gallery-item elementor-animated-content\" href=\"https:\/\/www.lichen.pl\/wp-content\/uploads\/2023\/10\/IMG_3015.jpg\" data-elementor-open-lightbox=\"yes\" data-elementor-lightbox-slideshow=\"d8badaf\" data-elementor-lightbox-title=\"IMG_3015\" data-e-action-hash=\"#elementor-action%3Aaction%3Dlightbox%26settings%3DeyJpZCI6NTkxNTMsInVybCI6Imh0dHBzOlwvXC93d3cubGljaGVuLnBsXC93cC1jb250ZW50XC91cGxvYWRzXC8yMDIzXC8xMFwvSU1HXzMwMTUuanBnIiwic2xpZGVzaG93IjoiZDhiYWRhZiJ9\">\n\t\t\t\t\t<div class=\"e-gallery-image elementor-gallery-item__image\" data-thumbnail=\"https:\/\/www.lichen.pl\/wp-content\/uploads\/2023\/10\/IMG_3015-225x300.jpg\" data-width=\"225\" data-height=\"300\" aria-label=\"\" role=\"img\" ><\/div>\n\t\t\t\t\t\t\t\t\t\t\t<div class=\"elementor-gallery-item__overlay\"><\/div>\n\t\t\t\t\t\t\t\t\t\t\t\t\t\t<\/a>\n\t\t\t\t\t<\/div>\n\t\t\t\t\t<\/div>\n\t\t\t\t<\/div>\n\t\t\t\t\t<\/div>\n\t\t<\/div>\n\t\t\t\t\t<\/div>\n\t\t<\/section>\n\t\t\t\t<\/div>","protected":false},"excerpt":{"rendered":"<p>Na spotkanie z Panem Jezusem przygotowywa\u0142o si\u0119 16 uczestnik\u00f3w drugiej cz\u0119\u015bci rekolekcji \u201eEucharystia \u2013 studnia bez dna i przepis na \u017cycie\u201d w dniach od 29 wrze\u015bnia do 1 pa\u017adziernika. Pomys\u0142 na tematyk\u0119 rozwa\u017ca\u0144 podsun\u0119\u0142y rekolekcje przygotowuj\u0105ce do spowiedzi generalnej, kt\u00f3ra nie jest celem, ale w\u0142a\u015bnie wprowadzeniem do pe\u0142nego uczestnictwa w Eucharystii. Pierwsza cz\u0119\u015b\u0107 rekolekcji dotycz\u0105cych [&hellip;]<\/p>\n","protected":false},"author":6,"featured_media":59150,"comment_status":"closed","ping_status":"closed","sticky":false,"template":"","format":"standard","meta":{"footnotes":""},"categories":[1],"tags":[],"class_list":["post-59149","post","type-post","status-publish","format-standard","has-post-thumbnail","hentry","category-aktualnosci","wpbf-post"],"yoast_head":"<!-- This site is optimized with the Yoast SEO plugin v27.4 - https:\/\/yoast.com\/product\/yoast-seo-wordpress\/ -->\n<title>W obecno\u015bci Chrystusa \u2013 rekolekcje \u201eEucharystia \u2013 studnia bez dna i przepis na \u017cycie\u201d - SANKTUARIUM W LICHENIU<\/title>\n<meta name=\"robots\" content=\"index, follow, max-snippet:-1, max-image-preview:large, max-video-preview:-1\" \/>\n<link rel=\"canonical\" href=\"https:\/\/www.lichen.pl\/en\/w-obecnosci-chrystusa\/\" \/>\n<meta property=\"og:locale\" content=\"en_GB\" \/>\n<meta property=\"og:type\" content=\"article\" \/>\n<meta property=\"og:title\" content=\"W obecno\u015bci Chrystusa \u2013 rekolekcje \u201eEucharystia \u2013 studnia bez dna i przepis na \u017cycie\u201d - SANKTUARIUM W LICHENIU\" \/>\n<meta property=\"og:description\" content=\"Na spotkanie z Panem Jezusem przygotowywa\u0142o si\u0119 16 uczestnik\u00f3w drugiej cz\u0119\u015bci rekolekcji \u201eEucharystia \u2013 studnia bez dna i przepis na \u017cycie\u201d w dniach od 29 wrze\u015bnia do 1 pa\u017adziernika. Pomys\u0142 na tematyk\u0119 rozwa\u017ca\u0144 podsun\u0119\u0142y rekolekcje przygotowuj\u0105ce do spowiedzi generalnej, kt\u00f3ra nie jest celem, ale w\u0142a\u015bnie wprowadzeniem do pe\u0142nego uczestnictwa w Eucharystii. Pierwsza cz\u0119\u015b\u0107 rekolekcji dotycz\u0105cych [&hellip;]\" \/>\n<meta property=\"og:url\" content=\"https:\/\/www.lichen.pl\/en\/w-obecnosci-chrystusa\/\" \/>\n<meta property=\"og:site_name\" content=\"SANKTUARIUM W LICHENIU\" \/>\n<meta property=\"article:published_time\" content=\"2023-10-03T12:59:37+00:00\" \/>\n<meta property=\"article:modified_time\" content=\"2023-10-03T13:03:55+00:00\" \/>\n<meta property=\"og:image\" content=\"https:\/\/www.lichen.pl\/wp-content\/uploads\/2023\/10\/IMG_3017-1024x770.jpg\" \/>\n\t<meta property=\"og:image:width\" content=\"1024\" \/>\n\t<meta property=\"og:image:height\" content=\"770\" \/>\n\t<meta property=\"og:image:type\" content=\"image\/jpeg\" \/>\n<meta name=\"author\" content=\"AMELIA SIUDA-KOSZELA\" \/>\n<meta name=\"twitter:card\" content=\"summary_large_image\" \/>\n<meta name=\"twitter:label1\" content=\"Written by\" \/>\n\t<meta name=\"twitter:data1\" content=\"AMELIA SIUDA-KOSZELA\" \/>\n\t<meta name=\"twitter:label2\" content=\"Estimated reading time\" \/>\n\t<meta name=\"twitter:data2\" content=\"3 minutes\" \/>\n<script type=\"application\/ld+json\" class=\"yoast-schema-graph\">{\"@context\":\"https:\\\/\\\/schema.org\",\"@graph\":[{\"@type\":\"Article\",\"@id\":\"https:\\\/\\\/www.lichen.pl\\\/w-obecnosci-chrystusa\\\/#article\",\"isPartOf\":{\"@id\":\"https:\\\/\\\/www.lichen.pl\\\/w-obecnosci-chrystusa\\\/\"},\"author\":{\"name\":\"AMELIA SIUDA-KOSZELA\",\"@id\":\"https:\\\/\\\/www.lichen.pl\\\/fr\\\/#\\\/schema\\\/person\\\/70bf824c102f176cf976b0d90af0d62a\"},\"headline\":\"W obecno\u015bci Chrystusa \u2013 rekolekcje \u201eEucharystia \u2013 studnia bez dna i przepis na \u017cycie\u201d\",\"datePublished\":\"2023-10-03T12:59:37+00:00\",\"dateModified\":\"2023-10-03T13:03:55+00:00\",\"mainEntityOfPage\":{\"@id\":\"https:\\\/\\\/www.lichen.pl\\\/w-obecnosci-chrystusa\\\/\"},\"wordCount\":519,\"image\":{\"@id\":\"https:\\\/\\\/www.lichen.pl\\\/w-obecnosci-chrystusa\\\/#primaryimage\"},\"thumbnailUrl\":\"https:\\\/\\\/www.lichen.pl\\\/wp-content\\\/uploads\\\/2023\\\/10\\\/IMG_3017.jpg\",\"articleSection\":[\"Aktualno\u015bci\"],\"inLanguage\":\"en-GB\"},{\"@type\":\"WebPage\",\"@id\":\"https:\\\/\\\/www.lichen.pl\\\/w-obecnosci-chrystusa\\\/\",\"url\":\"https:\\\/\\\/www.lichen.pl\\\/w-obecnosci-chrystusa\\\/\",\"name\":\"W obecno\u015bci Chrystusa \u2013 rekolekcje \u201eEucharystia \u2013 studnia bez dna i przepis na \u017cycie\u201d - SANKTUARIUM W LICHENIU\",\"isPartOf\":{\"@id\":\"https:\\\/\\\/www.lichen.pl\\\/fr\\\/#website\"},\"primaryImageOfPage\":{\"@id\":\"https:\\\/\\\/www.lichen.pl\\\/w-obecnosci-chrystusa\\\/#primaryimage\"},\"image\":{\"@id\":\"https:\\\/\\\/www.lichen.pl\\\/w-obecnosci-chrystusa\\\/#primaryimage\"},\"thumbnailUrl\":\"https:\\\/\\\/www.lichen.pl\\\/wp-content\\\/uploads\\\/2023\\\/10\\\/IMG_3017.jpg\",\"datePublished\":\"2023-10-03T12:59:37+00:00\",\"dateModified\":\"2023-10-03T13:03:55+00:00\",\"author\":{\"@id\":\"https:\\\/\\\/www.lichen.pl\\\/fr\\\/#\\\/schema\\\/person\\\/70bf824c102f176cf976b0d90af0d62a\"},\"breadcrumb\":{\"@id\":\"https:\\\/\\\/www.lichen.pl\\\/w-obecnosci-chrystusa\\\/#breadcrumb\"},\"inLanguage\":\"en-GB\",\"potentialAction\":[{\"@type\":\"ReadAction\",\"target\":[\"https:\\\/\\\/www.lichen.pl\\\/w-obecnosci-chrystusa\\\/\"]}]},{\"@type\":\"ImageObject\",\"inLanguage\":\"en-GB\",\"@id\":\"https:\\\/\\\/www.lichen.pl\\\/w-obecnosci-chrystusa\\\/#primaryimage\",\"url\":\"https:\\\/\\\/www.lichen.pl\\\/wp-content\\\/uploads\\\/2023\\\/10\\\/IMG_3017.jpg\",\"contentUrl\":\"https:\\\/\\\/www.lichen.pl\\\/wp-content\\\/uploads\\\/2023\\\/10\\\/IMG_3017.jpg\",\"width\":1920,\"height\":1443},{\"@type\":\"BreadcrumbList\",\"@id\":\"https:\\\/\\\/www.lichen.pl\\\/w-obecnosci-chrystusa\\\/#breadcrumb\",\"itemListElement\":[{\"@type\":\"ListItem\",\"position\":1,\"name\":\"Strona g\u0142\u00f3wna\",\"item\":\"https:\\\/\\\/www.lichen.pl\\\/\"},{\"@type\":\"ListItem\",\"position\":2,\"name\":\"W obecno\u015bci Chrystusa \u2013 rekolekcje \u201eEucharystia \u2013 studnia bez dna i przepis na \u017cycie\u201d\"}]},{\"@type\":\"WebSite\",\"@id\":\"https:\\\/\\\/www.lichen.pl\\\/fr\\\/#website\",\"url\":\"https:\\\/\\\/www.lichen.pl\\\/fr\\\/\",\"name\":\"SANKTUARIUM W LICHENIU\",\"description\":\"MATKI BO\u017bEJ LICHE\u0143SKIEJ BOLESNEJ KR\u00d3LOWEJ POLSKI\",\"potentialAction\":[{\"@type\":\"SearchAction\",\"target\":{\"@type\":\"EntryPoint\",\"urlTemplate\":\"https:\\\/\\\/www.lichen.pl\\\/fr\\\/?s={search_term_string}\"},\"query-input\":{\"@type\":\"PropertyValueSpecification\",\"valueRequired\":true,\"valueName\":\"search_term_string\"}}],\"inLanguage\":\"en-GB\"},{\"@type\":\"Person\",\"@id\":\"https:\\\/\\\/www.lichen.pl\\\/fr\\\/#\\\/schema\\\/person\\\/70bf824c102f176cf976b0d90af0d62a\",\"name\":\"AMELIA SIUDA-KOSZELA\",\"image\":{\"@type\":\"ImageObject\",\"inLanguage\":\"en-GB\",\"@id\":\"https:\\\/\\\/secure.gravatar.com\\\/avatar\\\/a0f9a92186ab02fb8db116f5388e3bc7280dd7bd01565c5d6b7ceb07ff27d6d9?s=96&d=retro&r=g\",\"url\":\"https:\\\/\\\/secure.gravatar.com\\\/avatar\\\/a0f9a92186ab02fb8db116f5388e3bc7280dd7bd01565c5d6b7ceb07ff27d6d9?s=96&d=retro&r=g\",\"contentUrl\":\"https:\\\/\\\/secure.gravatar.com\\\/avatar\\\/a0f9a92186ab02fb8db116f5388e3bc7280dd7bd01565c5d6b7ceb07ff27d6d9?s=96&d=retro&r=g\",\"caption\":\"AMELIA SIUDA-KOSZELA\"},\"url\":\"https:\\\/\\\/www.lichen.pl\\\/en\\\/author\\\/amelia\\\/\"}]}<\/script>\n<!-- \/ Yoast SEO plugin. -->","yoast_head_json":{"title":"W obecno\u015bci Chrystusa \u2013 rekolekcje \u201eEucharystia \u2013 studnia bez dna i przepis na \u017cycie\u201d - SANKTUARIUM W LICHENIU","robots":{"index":"index","follow":"follow","max-snippet":"max-snippet:-1","max-image-preview":"max-image-preview:large","max-video-preview":"max-video-preview:-1"},"canonical":"https:\/\/www.lichen.pl\/en\/w-obecnosci-chrystusa\/","og_locale":"en_GB","og_type":"article","og_title":"W obecno\u015bci Chrystusa \u2013 rekolekcje \u201eEucharystia \u2013 studnia bez dna i przepis na \u017cycie\u201d - SANKTUARIUM W LICHENIU","og_description":"Na spotkanie z Panem Jezusem przygotowywa\u0142o si\u0119 16 uczestnik\u00f3w drugiej cz\u0119\u015bci rekolekcji \u201eEucharystia \u2013 studnia bez dna i przepis na \u017cycie\u201d w dniach od 29 wrze\u015bnia do 1 pa\u017adziernika. Pomys\u0142 na tematyk\u0119 rozwa\u017ca\u0144 podsun\u0119\u0142y rekolekcje przygotowuj\u0105ce do spowiedzi generalnej, kt\u00f3ra nie jest celem, ale w\u0142a\u015bnie wprowadzeniem do pe\u0142nego uczestnictwa w Eucharystii. Pierwsza cz\u0119\u015b\u0107 rekolekcji dotycz\u0105cych [&hellip;]","og_url":"https:\/\/www.lichen.pl\/en\/w-obecnosci-chrystusa\/","og_site_name":"SANKTUARIUM W LICHENIU","article_published_time":"2023-10-03T12:59:37+00:00","article_modified_time":"2023-10-03T13:03:55+00:00","og_image":[{"width":1024,"height":770,"url":"https:\/\/www.lichen.pl\/wp-content\/uploads\/2023\/10\/IMG_3017-1024x770.jpg","type":"image\/jpeg"}],"author":"AMELIA SIUDA-KOSZELA","twitter_card":"summary_large_image","twitter_misc":{"Written by":"AMELIA SIUDA-KOSZELA","Estimated reading time":"3 minutes"},"schema":{"@context":"https:\/\/schema.org","@graph":[{"@type":"Article","@id":"https:\/\/www.lichen.pl\/w-obecnosci-chrystusa\/#article","isPartOf":{"@id":"https:\/\/www.lichen.pl\/w-obecnosci-chrystusa\/"},"author":{"name":"AMELIA SIUDA-KOSZELA","@id":"https:\/\/www.lichen.pl\/fr\/#\/schema\/person\/70bf824c102f176cf976b0d90af0d62a"},"headline":"W obecno\u015bci Chrystusa \u2013 rekolekcje \u201eEucharystia \u2013 studnia bez dna i przepis na \u017cycie\u201d","datePublished":"2023-10-03T12:59:37+00:00","dateModified":"2023-10-03T13:03:55+00:00","mainEntityOfPage":{"@id":"https:\/\/www.lichen.pl\/w-obecnosci-chrystusa\/"},"wordCount":519,"image":{"@id":"https:\/\/www.lichen.pl\/w-obecnosci-chrystusa\/#primaryimage"},"thumbnailUrl":"https:\/\/www.lichen.pl\/wp-content\/uploads\/2023\/10\/IMG_3017.jpg","articleSection":["Aktualno\u015bci"],"inLanguage":"en-GB"},{"@type":"WebPage","@id":"https:\/\/www.lichen.pl\/w-obecnosci-chrystusa\/","url":"https:\/\/www.lichen.pl\/w-obecnosci-chrystusa\/","name":"W obecno\u015bci Chrystusa \u2013 rekolekcje \u201eEucharystia \u2013 studnia bez dna i przepis na \u017cycie\u201d - SANKTUARIUM W LICHENIU","isPartOf":{"@id":"https:\/\/www.lichen.pl\/fr\/#website"},"primaryImageOfPage":{"@id":"https:\/\/www.lichen.pl\/w-obecnosci-chrystusa\/#primaryimage"},"image":{"@id":"https:\/\/www.lichen.pl\/w-obecnosci-chrystusa\/#primaryimage"},"thumbnailUrl":"https:\/\/www.lichen.pl\/wp-content\/uploads\/2023\/10\/IMG_3017.jpg","datePublished":"2023-10-03T12:59:37+00:00","dateModified":"2023-10-03T13:03:55+00:00","author":{"@id":"https:\/\/www.lichen.pl\/fr\/#\/schema\/person\/70bf824c102f176cf976b0d90af0d62a"},"breadcrumb":{"@id":"https:\/\/www.lichen.pl\/w-obecnosci-chrystusa\/#breadcrumb"},"inLanguage":"en-GB","potentialAction":[{"@type":"ReadAction","target":["https:\/\/www.lichen.pl\/w-obecnosci-chrystusa\/"]}]},{"@type":"ImageObject","inLanguage":"en-GB","@id":"https:\/\/www.lichen.pl\/w-obecnosci-chrystusa\/#primaryimage","url":"https:\/\/www.lichen.pl\/wp-content\/uploads\/2023\/10\/IMG_3017.jpg","contentUrl":"https:\/\/www.lichen.pl\/wp-content\/uploads\/2023\/10\/IMG_3017.jpg","width":1920,"height":1443},{"@type":"BreadcrumbList","@id":"https:\/\/www.lichen.pl\/w-obecnosci-chrystusa\/#breadcrumb","itemListElement":[{"@type":"ListItem","position":1,"name":"Strona g\u0142\u00f3wna","item":"https:\/\/www.lichen.pl\/"},{"@type":"ListItem","position":2,"name":"W obecno\u015bci Chrystusa \u2013 rekolekcje \u201eEucharystia \u2013 studnia bez dna i przepis na \u017cycie\u201d"}]},{"@type":"WebSite","@id":"https:\/\/www.lichen.pl\/fr\/#website","url":"https:\/\/www.lichen.pl\/fr\/","name":"SANCTUARY IN LICHENIA","description":"OUR LICHEN&#039;S SORROWFUL QUEEN OF POLAND","potentialAction":[{"@type":"SearchAction","target":{"@type":"EntryPoint","urlTemplate":"https:\/\/www.lichen.pl\/fr\/?s={search_term_string}"},"query-input":{"@type":"PropertyValueSpecification","valueRequired":true,"valueName":"search_term_string"}}],"inLanguage":"en-GB"},{"@type":"Person","@id":"https:\/\/www.lichen.pl\/fr\/#\/schema\/person\/70bf824c102f176cf976b0d90af0d62a","name":"AMELIA SIUDA-KOSZELA","image":{"@type":"ImageObject","inLanguage":"en-GB","@id":"https:\/\/secure.gravatar.com\/avatar\/a0f9a92186ab02fb8db116f5388e3bc7280dd7bd01565c5d6b7ceb07ff27d6d9?s=96&d=retro&r=g","url":"https:\/\/secure.gravatar.com\/avatar\/a0f9a92186ab02fb8db116f5388e3bc7280dd7bd01565c5d6b7ceb07ff27d6d9?s=96&d=retro&r=g","contentUrl":"https:\/\/secure.gravatar.com\/avatar\/a0f9a92186ab02fb8db116f5388e3bc7280dd7bd01565c5d6b7ceb07ff27d6d9?s=96&d=retro&r=g","caption":"AMELIA SIUDA-KOSZELA"},"url":"https:\/\/www.lichen.pl\/en\/author\/amelia\/"}]}},"_links":{"self":[{"href":"https:\/\/www.lichen.pl\/en\/wp-json\/wp\/v2\/posts\/59149","targetHints":{"allow":["GET"]}}],"collection":[{"href":"https:\/\/www.lichen.pl\/en\/wp-json\/wp\/v2\/posts"}],"about":[{"href":"https:\/\/www.lichen.pl\/en\/wp-json\/wp\/v2\/types\/post"}],"author":[{"embeddable":true,"href":"https:\/\/www.lichen.pl\/en\/wp-json\/wp\/v2\/users\/6"}],"replies":[{"embeddable":true,"href":"https:\/\/www.lichen.pl\/en\/wp-json\/wp\/v2\/comments?post=59149"}],"version-history":[{"count":5,"href":"https:\/\/www.lichen.pl\/en\/wp-json\/wp\/v2\/posts\/59149\/revisions"}],"predecessor-version":[{"id":59157,"href":"https:\/\/www.lichen.pl\/en\/wp-json\/wp\/v2\/posts\/59149\/revisions\/59157"}],"wp:featuredmedia":[{"embeddable":true,"href":"https:\/\/www.lichen.pl\/en\/wp-json\/wp\/v2\/media\/59150"}],"wp:attachment":[{"href":"https:\/\/www.lichen.pl\/en\/wp-json\/wp\/v2\/media?parent=59149"}],"wp:term":[{"taxonomy":"category","embeddable":true,"href":"https:\/\/www.lichen.pl\/en\/wp-json\/wp\/v2\/categories?post=59149"},{"taxonomy":"post_tag","embeddable":true,"href":"https:\/\/www.lichen.pl\/en\/wp-json\/wp\/v2\/tags?post=59149"}],"curies":[{"name":"wp","href":"https:\/\/api.w.org\/{rel}","templated":true}]}}