{"id":71785,"date":"2024-07-15T15:00:40","date_gmt":"2024-07-15T13:00:40","guid":{"rendered":"https:\/\/www.lichen.pl\/?p=71785"},"modified":"2024-07-15T16:37:47","modified_gmt":"2024-07-15T14:37:47","slug":"festiwal-radosci-2024","status":"publish","type":"post","link":"https:\/\/www.lichen.pl\/en\/festiwal-radosci-2024\/","title":{"rendered":"Jam jest chleb \u017cycia &#8211; Festiwal Rado\u015bci 2024"},"content":{"rendered":"<div data-elementor-type=\"wp-post\" data-elementor-id=\"71785\" class=\"elementor elementor-71785\" data-elementor-post-type=\"post\">\n\t\t\t\t\t\t<section class=\"elementor-section elementor-top-section elementor-element elementor-element-dd2e90c elementor-section-boxed elementor-section-height-default elementor-section-height-default\" data-id=\"dd2e90c\" data-element_type=\"section\" data-e-type=\"section\">\n\t\t\t\t\t\t<div class=\"elementor-container elementor-column-gap-default\">\n\t\t\t\t\t<div class=\"elementor-column elementor-col-100 elementor-top-column elementor-element elementor-element-20677a5\" data-id=\"20677a5\" data-element_type=\"column\" data-e-type=\"column\">\n\t\t\t<div class=\"elementor-widget-wrap elementor-element-populated\">\n\t\t\t\t\t\t<div class=\"elementor-element elementor-element-9abad20 elementor-widget elementor-widget-heading\" data-id=\"9abad20\" data-element_type=\"widget\" data-e-type=\"widget\" data-widget_type=\"heading.default\">\n\t\t\t\t<div class=\"elementor-widget-container\">\n\t\t\t\t\t<h2 class=\"elementor-heading-title elementor-size-default\">Prawdziwe \u015bwi\u0119to rado\u015bci i m\u0142odych mia\u0142o miejsce w Licheniu Starym w sobot\u0119, 13 lipca. Po raz czwarty na placu koronacyjnym przed ko\u015bcio\u0142em pw. \u015bw. Doroty odby\u0142 si\u0119 Festiwal Rado\u015bci.<\/h2>\t\t\t\t<\/div>\n\t\t\t\t<\/div>\n\t\t\t\t\t<\/div>\n\t\t<\/div>\n\t\t\t\t\t<\/div>\n\t\t<\/section>\n\t\t\t\t<section class=\"elementor-section elementor-top-section elementor-element elementor-element-eb44691 elementor-section-boxed elementor-section-height-default elementor-section-height-default\" data-id=\"eb44691\" data-element_type=\"section\" data-e-type=\"section\">\n\t\t\t\t\t\t<div class=\"elementor-container elementor-column-gap-default\">\n\t\t\t\t\t<div class=\"elementor-column elementor-col-100 elementor-top-column elementor-element elementor-element-c5f7316\" data-id=\"c5f7316\" data-element_type=\"column\" data-e-type=\"column\">\n\t\t\t<div class=\"elementor-widget-wrap elementor-element-populated\">\n\t\t\t\t\t\t<div class=\"elementor-element elementor-element-a2abd1c elementor-widget elementor-widget-text-editor\" data-id=\"a2abd1c\" data-element_type=\"widget\" data-e-type=\"widget\" data-widget_type=\"text-editor.default\">\n\t\t\t\t<div class=\"elementor-widget-container\">\n\t\t\t\t\t\t\t\t\t<p>Inicjatywa zbudowana zosta\u0142a na kanwie ewangelicznej opowie\u015bci o weselu w Kanie Galilejskiej, ale te\u017c nawi\u0105zuj\u0105ce do tradycyjnego wesela. Rozpocz\u0119\u0142o si\u0119 wi\u0119c powitaniem chlebem. Ksi\u0119\u017ca marianie przekazali bochen m\u0142odym ludziom, kt\u00f3rzy rozdzielili go pomi\u0119dzy wszystkich obecnych. W tym roku wydarzeniu towarzyszy\u0142 w\u0142a\u015bnie symbol chleba i s\u0142owa z Ewangelii wg \u015bw. Jana: \u201eJam jest chleb \u017cycia\u201d.<\/p><p>Organizatorzy m\u00f3wi\u0105c o miejscu festiwalu jako Liche\u0144skiej Kanie wychodzili z za\u0142o\u017cenia, \u017ce to Matka Bo\u017ca zaprasza uczestnik\u00f3w na wesele do swojego sanktuarium. Celem Festiwalu co roku jest odkrycie rado\u015bci w Ko\u015bciele, pokazanie, \u017ce s\u0105 w nim m\u0142odzi ludzie. Rado\u015b\u0107 wynika z przebywania z Jezusem, a powo\u0142aniem ka\u017cdego chrze\u015bcijanina jest nie tylko bycie radosnym, ale te\u017c misja ewangelizacji \u2013 by przyprowadzi\u0107 innych, aby i oni mogli spotka\u0107 Boga.<\/p>\t\t\t\t\t\t\t\t<\/div>\n\t\t\t\t<\/div>\n\t\t\t\t<section class=\"elementor-section elementor-inner-section elementor-element elementor-element-7a102c6 elementor-section-boxed elementor-section-height-default elementor-section-height-default\" data-id=\"7a102c6\" data-element_type=\"section\" data-e-type=\"section\">\n\t\t\t\t\t\t<div class=\"elementor-container elementor-column-gap-default\">\n\t\t\t\t\t<div class=\"elementor-column elementor-col-50 elementor-inner-column elementor-element elementor-element-684dc7d\" data-id=\"684dc7d\" data-element_type=\"column\" data-e-type=\"column\">\n\t\t\t<div class=\"elementor-widget-wrap elementor-element-populated\">\n\t\t\t\t\t\t<div class=\"elementor-element elementor-element-9f105c5 elementor-widget elementor-widget-image\" data-id=\"9f105c5\" data-element_type=\"widget\" data-e-type=\"widget\" data-widget_type=\"image.default\">\n\t\t\t\t<div class=\"elementor-widget-container\">\n\t\t\t\t\t\t\t\t\t\t\t\t\t\t\t<img fetchpriority=\"high\" decoding=\"async\" width=\"1024\" height=\"683\" src=\"https:\/\/www.lichen.pl\/wp-content\/uploads\/2024\/07\/Festiwal-radosci-97-1024x683.jpg\" class=\"attachment-large size-large wp-image-71888\" alt=\"\" srcset=\"https:\/\/www.lichen.pl\/wp-content\/uploads\/2024\/07\/Festiwal-radosci-97-1024x683.jpg 1024w, https:\/\/www.lichen.pl\/wp-content\/uploads\/2024\/07\/Festiwal-radosci-97-800x533.jpg 800w, https:\/\/www.lichen.pl\/wp-content\/uploads\/2024\/07\/Festiwal-radosci-97-300x200.jpg 300w, https:\/\/www.lichen.pl\/wp-content\/uploads\/2024\/07\/Festiwal-radosci-97-768x512.jpg 768w, https:\/\/www.lichen.pl\/wp-content\/uploads\/2024\/07\/Festiwal-radosci-97-1536x1024.jpg 1536w, https:\/\/www.lichen.pl\/wp-content\/uploads\/2024\/07\/Festiwal-radosci-97-2048x1365.jpg 2048w, https:\/\/www.lichen.pl\/wp-content\/uploads\/2024\/07\/Festiwal-radosci-97-18x12.jpg 18w, https:\/\/www.lichen.pl\/wp-content\/uploads\/2024\/07\/Festiwal-radosci-97.jpg 1920w\" sizes=\"(max-width: 1024px) 100vw, 1024px\" \/>\t\t\t\t\t\t\t\t\t\t\t\t\t\t\t<\/div>\n\t\t\t\t<\/div>\n\t\t\t\t\t<\/div>\n\t\t<\/div>\n\t\t\t\t<div class=\"elementor-column elementor-col-50 elementor-inner-column elementor-element elementor-element-9989455\" data-id=\"9989455\" data-element_type=\"column\" data-e-type=\"column\">\n\t\t\t<div class=\"elementor-widget-wrap elementor-element-populated\">\n\t\t\t\t\t\t<div class=\"elementor-element elementor-element-beb90c6 elementor-widget elementor-widget-text-editor\" data-id=\"beb90c6\" data-element_type=\"widget\" data-e-type=\"widget\" data-widget_type=\"text-editor.default\">\n\t\t\t\t<div class=\"elementor-widget-container\">\n\t\t\t\t\t\t\t\t\t<p>Weselnicy zbierali si\u0119 w Licheniu ju\u017c od po\u0142udnia. Mieli wtedy okazj\u0119 wzi\u0105\u0107 udzia\u0142 w kooperacyjnej grze terenowej i przy okazji wesprze\u0107 Hospicjum im. \u015bw. Jana Paw\u0142a II. Tu\u017c po rozpocz\u0119ciu obecni stworzyli na placu r\u00f3\u017caniec staj\u0105c si\u0119 jego paciorkami. Pierwsz\u0105 cz\u0119\u015b\u0107 nazwano kawalersko-panie\u0144skim nawi\u0105zuj\u0105c do wieczoru sp\u0119dzanego przez narzeczonych ze znajomymi przed za\u015blubinami. Mo\u017cna by\u0142o skorzysta\u0107 z atrakcji w strefach grywalizacji czy r\u00f3\u017cnorodnych warsztat\u00f3w, m.in. plecenia wiank\u00f3w czy r\u00f3\u017ca\u0144c\u00f3w, wykona\u0107 pachn\u0105ce myd\u0142a i ozdobi\u0107 pierniczki. Bawiono si\u0119 pod czas Katoliady, czyli katolickiej Familiady. Konkurencj\u0119 zgodnie z telewizyjn\u0105 tradycj\u0105 rozpocz\u0119to \u201esucharem\u201d prowadz\u0105cego.<\/p>\t\t\t\t\t\t\t\t<\/div>\n\t\t\t\t<\/div>\n\t\t\t\t\t<\/div>\n\t\t<\/div>\n\t\t\t\t\t<\/div>\n\t\t<\/section>\n\t\t\t\t<div class=\"elementor-element elementor-element-9f379cd elementor-widget elementor-widget-text-editor\" data-id=\"9f379cd\" data-element_type=\"widget\" data-e-type=\"widget\" data-widget_type=\"text-editor.default\">\n\t\t\t\t<div class=\"elementor-widget-container\">\n\t\t\t\t\t\t\t\t\t<p>Podczas koncertu grupy profilaktyczno-ewangelizacyjnej \u201eWyrwani z niewoli\u201d Piotr Zalewski podzieli\u0142 si\u0119 swoim do\u015bwiadczeniem odnalezienia Boga, gdy by\u0142 zagubiony m.in. w \u015bwiecie narkotyk\u00f3w. \u2013 Szuka\u0142em mi\u0142o\u015bci byle gdzie. Za wszelk\u0105 cen\u0119 chcia\u0142em si\u0119 dowarto\u015bciowa\u0107. Mia\u0142em \u0142atk\u0119 na sobie, \u017ce jestem czarn\u0105 owc\u0105. Widzia\u0142em w oczach koleg\u00f3w z marginesu, \u017ce mnie podziwiaj\u0105. My\u015bla\u0142em, \u017ce aby by\u0107 kim\u015b, musz\u0119 robi\u0107 rzeczy z\u0142e, ryzykowne \u2013 wspomina\u0142. \u2013 Ka\u017cdy z nas potrzebuje wsp\u00f3lnoty, drugiego cz\u0142owieka, przed kt\u00f3rym mo\u017ce by\u0107 sob\u0105, pokaza\u0107 ciemn\u0105 stron\u0119 i b\u0119dzie przyj\u0119ty ze swoim b\u00f3lem i cierpieniem. Szuka\u0142em pomocy, widzia\u0142em, \u017ce sam nie dam rady. Wierz\u0119, \u017ce to B\u00f3g stawia na mojej drodze ludzi. Zacz\u0105\u0142 si\u0119 proces otaczania si\u0119 lud\u017ami, kt\u00f3rzy chcieli i\u015b\u0107 w podobnym kierunku, by\u0107 trze\u017awi, i\u015b\u0107 pod pr\u0105d. \u015awiadectwo swojego nawr\u00f3cenia da\u0142 tak\u017ce Grzegorz Miecznikowski. Opowiedzia\u0142 o uwolnieniu z uzale\u017cnie\u0144 od u\u017cywek, pornografii i hazardu. \u2013 Czy wiecie, \u017ce Duch \u015awi\u0119ty jest realny? \u2013 pyta\u0142. \u2013 Mo\u017cemy mie\u0107 z Nim relacj\u0119, jest naszym Pocieszycielem, Adwokatem. Przez ca\u0142y festiwal trwa\u0142a adoracja Naj\u015bwi\u0119tszego Sakramentu. Ch\u0119tni mogli w specjalnie przygotowanym namiocie poby\u0107 w blisko\u015bci Jezusa i pomodli\u0107 si\u0119.<\/p><p>G\u0142\u00f3wnym momentem wydarzenia by\u0142y za\u015blubiny, czyli Msza \u015awi\u0119ta. Na miejsce sprawowania Eucharystii wyruszy\u0142 radosny i kolorowy korow\u00f3d. Mszy \u015awi\u0119tej przewodniczy\u0142 ks. S\u0142awomir Homoncik MIC, kustosz sanktuarium, kt\u00f3ry wyg\u0142osi\u0142 do zebranych homili\u0119. Zauwa\u017cy\u0142 w niej, jak \u0142atwo zrani\u0107 drugiego cz\u0142owieka s\u0142owem. \u2013 Czasem takie s\u0142owo wypowiedziane o nas mo\u017ce sprawi\u0107, \u017ce nosimy w sobie poczucie bycia cz\u0142owiekiem z\u0142amanym. B\u00f3g si\u0119 nie gorszy cz\u0142owiekiem, kt\u00f3ry ma poczucie jakiej\u015b nieczysto\u015bci w sobie, nios\u0105cym pi\u0119tna, kt\u00f3re mo\u017ce kto\u015b w\u0142o\u017cy\u0142 na jego barki. B\u00f3g chce nas dotyka\u0107 swoj\u0105 \u0142ask\u0105, by\u015bmy mieli wewn\u0119trzne przekonanie, \u017ce si\u0119 nami nie gorszy, nie jest zawiedziony nami \u2013 m\u00f3wi\u0142 marianin. \u2013 Nie musisz by\u0107 \u201enaj\u201d, doskakiwa\u0107 do jakiej\u015b poprzeczki. Wystarczy, \u017ce b\u0119dziesz wpatrywa\u0142 si\u0119 w Jezusa Chrystusa, pr\u00f3bowa\u0142 Go na\u015bladowa\u0107, mia\u0142 \u015bwiadomo\u015b\u0107, \u017ce zna Twoje \u017cycie, przenika je i twoje serce. Jest Panem ca\u0142ego wszech\u015bwiata \u2013 stwierdzi\u0142 ks. Homoncik. Kap\u0142an podkre\u015bli\u0142, \u017ce B\u00f3g w Eucharystii karmi cz\u0142owieka samym sob\u0105, by go pos\u0142a\u0107 w misji g\u0142oszenia.<\/p><p>Podczas mszy ponad 30 par odnowi\u0142o swoje przyrzeczenia ma\u0142\u017ce\u0144skie. Po liturgii ka\u017cdy otrzyma\u0142 chlebek z cytatem biblijnym. Nast\u0119pnie tradycyjnym polonezem rozpocz\u0119\u0142a si\u0119 weselna zabawa. Dla uczestnik\u00f3w zagrali Siewcy Lednicy. Wydarzenie zako\u0144czy\u0142a nocna modlitwa uwielbienia i b\u0142ogos\u0142awie\u0144stwo Naj\u015bwi\u0119tszym Sakramentem.<\/p><p>\u00a0<\/p><p>Patronatem honorowym wydarzenie obj\u0105\u0142 JE Krzysztof W\u0119tkowski, biskup ordynariusz diecezji w\u0142oc\u0142awskiej. Patronatu medialnego udzielili: Radio Emaus, ESKA2 Konin, Radio KONIN, Radio Niepokalan\u00f3w, \u0141ad Bo\u017cy, Tygodnik Idziemy, portal Stacja7.pl i lm.pl oraz Telewizja Wielkopolska.<\/p>\t\t\t\t\t\t\t\t<\/div>\n\t\t\t\t<\/div>\n\t\t\t\t\t<\/div>\n\t\t<\/div>\n\t\t\t\t\t<\/div>\n\t\t<\/section>\n\t\t\t\t<section class=\"elementor-section elementor-top-section elementor-element elementor-element-900473f elementor-section-boxed elementor-section-height-default elementor-section-height-default\" data-id=\"900473f\" data-element_type=\"section\" data-e-type=\"section\">\n\t\t\t\t\t\t<div class=\"elementor-container elementor-column-gap-default\">\n\t\t\t\t\t<div class=\"elementor-column elementor-col-100 elementor-top-column elementor-element elementor-element-82b77c9\" data-id=\"82b77c9\" data-element_type=\"column\" data-e-type=\"column\">\n\t\t\t<div class=\"elementor-widget-wrap elementor-element-populated\">\n\t\t\t\t\t\t<div class=\"elementor-element elementor-element-5c18869 elementor-widget elementor-widget-image-gallery\" data-id=\"5c18869\" data-element_type=\"widget\" data-e-type=\"widget\" data-widget_type=\"image-gallery.default\">\n\t\t\t\t<div class=\"elementor-widget-container\">\n\t\t\t\t\t\t\t<div class=\"elementor-image-gallery\">\n\t\t\t<div id='gallery-1' class='gallery galleryid-71785 gallery-columns-7 gallery-size-thumbnail'><figure class='gallery-item'>\n\t\t\t<div class='gallery-icon landscape'>\n\t\t\t\t<a data-elementor-open-lightbox=\"yes\" data-elementor-lightbox-slideshow=\"5c18869\" data-elementor-lightbox-title=\"Festiwal rado\u015bci (1)\" data-e-action-hash=\"#elementor-action%3Aaction%3Dlightbox%26settings%3DeyJpZCI6NzE3OTIsInVybCI6Imh0dHBzOlwvXC93d3cubGljaGVuLnBsXC93cC1jb250ZW50XC91cGxvYWRzXC8yMDI0XC8wN1wvRmVzdGl3YWwtcmFkb3NjaS0xLmpwZyIsInNsaWRlc2hvdyI6IjVjMTg4NjkifQ%3D%3D\" href='https:\/\/www.lichen.pl\/wp-content\/uploads\/2024\/07\/Festiwal-radosci-1.jpg'><img width=\"150\" height=\"150\" src=\"https:\/\/www.lichen.pl\/wp-content\/uploads\/2024\/07\/Festiwal-radosci-1-150x150.jpg\" class=\"attachment-thumbnail size-thumbnail\" alt=\"\" decoding=\"async\" srcset=\"https:\/\/www.lichen.pl\/wp-content\/uploads\/2024\/07\/Festiwal-radosci-1-150x150.jpg 150w, https:\/\/www.lichen.pl\/wp-content\/uploads\/2024\/07\/Festiwal-radosci-1-300x300.jpg 300w\" sizes=\"(max-width: 150px) 100vw, 150px\" \/><\/a>\n\t\t\t<\/div><\/figure><figure class='gallery-item'>\n\t\t\t<div class='gallery-icon portrait'>\n\t\t\t\t<a data-elementor-open-lightbox=\"yes\" data-elementor-lightbox-slideshow=\"5c18869\" data-elementor-lightbox-title=\"Festiwal rado\u015bci (2)\" data-e-action-hash=\"#elementor-action%3Aaction%3Dlightbox%26settings%3DeyJpZCI6NzE3OTMsInVybCI6Imh0dHBzOlwvXC93d3cubGljaGVuLnBsXC93cC1jb250ZW50XC91cGxvYWRzXC8yMDI0XC8wN1wvRmVzdGl3YWwtcmFkb3NjaS0yLmpwZyIsInNsaWRlc2hvdyI6IjVjMTg4NjkifQ%3D%3D\" href='https:\/\/www.lichen.pl\/wp-content\/uploads\/2024\/07\/Festiwal-radosci-2.jpg'><img width=\"150\" height=\"150\" src=\"https:\/\/www.lichen.pl\/wp-content\/uploads\/2024\/07\/Festiwal-radosci-2-150x150.jpg\" class=\"attachment-thumbnail size-thumbnail\" alt=\"\" decoding=\"async\" srcset=\"https:\/\/www.lichen.pl\/wp-content\/uploads\/2024\/07\/Festiwal-radosci-2-150x150.jpg 150w, https:\/\/www.lichen.pl\/wp-content\/uploads\/2024\/07\/Festiwal-radosci-2-300x300.jpg 300w\" sizes=\"(max-width: 150px) 100vw, 150px\" \/><\/a>\n\t\t\t<\/div><\/figure><figure class='gallery-item'>\n\t\t\t<div class='gallery-icon landscape'>\n\t\t\t\t<a data-elementor-open-lightbox=\"yes\" data-elementor-lightbox-slideshow=\"5c18869\" data-elementor-lightbox-title=\"Festiwal rado\u015bci (3)\" data-e-action-hash=\"#elementor-action%3Aaction%3Dlightbox%26settings%3DeyJpZCI6NzE3OTQsInVybCI6Imh0dHBzOlwvXC93d3cubGljaGVuLnBsXC93cC1jb250ZW50XC91cGxvYWRzXC8yMDI0XC8wN1wvRmVzdGl3YWwtcmFkb3NjaS0zLmpwZyIsInNsaWRlc2hvdyI6IjVjMTg4NjkifQ%3D%3D\" href='https:\/\/www.lichen.pl\/wp-content\/uploads\/2024\/07\/Festiwal-radosci-3.jpg'><img loading=\"lazy\" width=\"150\" height=\"150\" src=\"https:\/\/www.lichen.pl\/wp-content\/uploads\/2024\/07\/Festiwal-radosci-3-150x150.jpg\" class=\"attachment-thumbnail size-thumbnail\" alt=\"\" decoding=\"async\" srcset=\"https:\/\/www.lichen.pl\/wp-content\/uploads\/2024\/07\/Festiwal-radosci-3-150x150.jpg 150w, https:\/\/www.lichen.pl\/wp-content\/uploads\/2024\/07\/Festiwal-radosci-3-300x300.jpg 300w\" sizes=\"(max-width: 150px) 100vw, 150px\" \/><\/a>\n\t\t\t<\/div><\/figure><figure class='gallery-item'>\n\t\t\t<div class='gallery-icon landscape'>\n\t\t\t\t<a data-elementor-open-lightbox=\"yes\" data-elementor-lightbox-slideshow=\"5c18869\" data-elementor-lightbox-title=\"Festiwal rado\u015bci (4)\" data-e-action-hash=\"#elementor-action%3Aaction%3Dlightbox%26settings%3DeyJpZCI6NzE3OTUsInVybCI6Imh0dHBzOlwvXC93d3cubGljaGVuLnBsXC93cC1jb250ZW50XC91cGxvYWRzXC8yMDI0XC8wN1wvRmVzdGl3YWwtcmFkb3NjaS00LmpwZyIsInNsaWRlc2hvdyI6IjVjMTg4NjkifQ%3D%3D\" href='https:\/\/www.lichen.pl\/wp-content\/uploads\/2024\/07\/Festiwal-radosci-4.jpg'><img loading=\"lazy\" width=\"150\" height=\"150\" src=\"https:\/\/www.lichen.pl\/wp-content\/uploads\/2024\/07\/Festiwal-radosci-4-150x150.jpg\" class=\"attachment-thumbnail size-thumbnail\" alt=\"\" decoding=\"async\" srcset=\"https:\/\/www.lichen.pl\/wp-content\/uploads\/2024\/07\/Festiwal-radosci-4-150x150.jpg 150w, https:\/\/www.lichen.pl\/wp-content\/uploads\/2024\/07\/Festiwal-radosci-4-300x300.jpg 300w\" sizes=\"(max-width: 150px) 100vw, 150px\" \/><\/a>\n\t\t\t<\/div><\/figure><figure class='gallery-item'>\n\t\t\t<div class='gallery-icon landscape'>\n\t\t\t\t<a data-elementor-open-lightbox=\"yes\" data-elementor-lightbox-slideshow=\"5c18869\" data-elementor-lightbox-title=\"Festiwal rado\u015bci (5)\" data-e-action-hash=\"#elementor-action%3Aaction%3Dlightbox%26settings%3DeyJpZCI6NzE3OTYsInVybCI6Imh0dHBzOlwvXC93d3cubGljaGVuLnBsXC93cC1jb250ZW50XC91cGxvYWRzXC8yMDI0XC8wN1wvRmVzdGl3YWwtcmFkb3NjaS01LmpwZyIsInNsaWRlc2hvdyI6IjVjMTg4NjkifQ%3D%3D\" href='https:\/\/www.lichen.pl\/wp-content\/uploads\/2024\/07\/Festiwal-radosci-5.jpg'><img loading=\"lazy\" width=\"150\" height=\"150\" src=\"https:\/\/www.lichen.pl\/wp-content\/uploads\/2024\/07\/Festiwal-radosci-5-150x150.jpg\" class=\"attachment-thumbnail size-thumbnail\" alt=\"\" decoding=\"async\" srcset=\"https:\/\/www.lichen.pl\/wp-content\/uploads\/2024\/07\/Festiwal-radosci-5-150x150.jpg 150w, https:\/\/www.lichen.pl\/wp-content\/uploads\/2024\/07\/Festiwal-radosci-5-300x300.jpg 300w\" sizes=\"(max-width: 150px) 100vw, 150px\" \/><\/a>\n\t\t\t<\/div><\/figure><figure class='gallery-item'>\n\t\t\t<div class='gallery-icon portrait'>\n\t\t\t\t<a data-elementor-open-lightbox=\"yes\" data-elementor-lightbox-slideshow=\"5c18869\" data-elementor-lightbox-title=\"Festiwal rado\u015bci (6)\" data-e-action-hash=\"#elementor-action%3Aaction%3Dlightbox%26settings%3DeyJpZCI6NzE3OTcsInVybCI6Imh0dHBzOlwvXC93d3cubGljaGVuLnBsXC93cC1jb250ZW50XC91cGxvYWRzXC8yMDI0XC8wN1wvRmVzdGl3YWwtcmFkb3NjaS02LmpwZyIsInNsaWRlc2hvdyI6IjVjMTg4NjkifQ%3D%3D\" href='https:\/\/www.lichen.pl\/wp-content\/uploads\/2024\/07\/Festiwal-radosci-6.jpg'><img loading=\"lazy\" width=\"150\" height=\"150\" src=\"https:\/\/www.lichen.pl\/wp-content\/uploads\/2024\/07\/Festiwal-radosci-6-150x150.jpg\" class=\"attachment-thumbnail size-thumbnail\" alt=\"\" decoding=\"async\" srcset=\"https:\/\/www.lichen.pl\/wp-content\/uploads\/2024\/07\/Festiwal-radosci-6-150x150.jpg 150w, https:\/\/www.lichen.pl\/wp-content\/uploads\/2024\/07\/Festiwal-radosci-6-300x300.jpg 300w\" sizes=\"(max-width: 150px) 100vw, 150px\" \/><\/a>\n\t\t\t<\/div><\/figure><figure class='gallery-item'>\n\t\t\t<div class='gallery-icon landscape'>\n\t\t\t\t<a data-elementor-open-lightbox=\"yes\" data-elementor-lightbox-slideshow=\"5c18869\" data-elementor-lightbox-title=\"Festiwal rado\u015bci (7)\" data-e-action-hash=\"#elementor-action%3Aaction%3Dlightbox%26settings%3DeyJpZCI6NzE3OTgsInVybCI6Imh0dHBzOlwvXC93d3cubGljaGVuLnBsXC93cC1jb250ZW50XC91cGxvYWRzXC8yMDI0XC8wN1wvRmVzdGl3YWwtcmFkb3NjaS03LmpwZyIsInNsaWRlc2hvdyI6IjVjMTg4NjkifQ%3D%3D\" href='https:\/\/www.lichen.pl\/wp-content\/uploads\/2024\/07\/Festiwal-radosci-7.jpg'><img loading=\"lazy\" width=\"150\" height=\"150\" src=\"https:\/\/www.lichen.pl\/wp-content\/uploads\/2024\/07\/Festiwal-radosci-7-150x150.jpg\" class=\"attachment-thumbnail size-thumbnail\" alt=\"\" decoding=\"async\" srcset=\"https:\/\/www.lichen.pl\/wp-content\/uploads\/2024\/07\/Festiwal-radosci-7-150x150.jpg 150w, https:\/\/www.lichen.pl\/wp-content\/uploads\/2024\/07\/Festiwal-radosci-7-300x300.jpg 300w\" sizes=\"(max-width: 150px) 100vw, 150px\" \/><\/a>\n\t\t\t<\/div><\/figure><figure class='gallery-item'>\n\t\t\t<div class='gallery-icon landscape'>\n\t\t\t\t<a data-elementor-open-lightbox=\"yes\" data-elementor-lightbox-slideshow=\"5c18869\" data-elementor-lightbox-title=\"Festiwal rado\u015bci (8)\" data-e-action-hash=\"#elementor-action%3Aaction%3Dlightbox%26settings%3DeyJpZCI6NzE3OTksInVybCI6Imh0dHBzOlwvXC93d3cubGljaGVuLnBsXC93cC1jb250ZW50XC91cGxvYWRzXC8yMDI0XC8wN1wvRmVzdGl3YWwtcmFkb3NjaS04LmpwZyIsInNsaWRlc2hvdyI6IjVjMTg4NjkifQ%3D%3D\" href='https:\/\/www.lichen.pl\/wp-content\/uploads\/2024\/07\/Festiwal-radosci-8.jpg'><img loading=\"lazy\" width=\"150\" height=\"150\" src=\"https:\/\/www.lichen.pl\/wp-content\/uploads\/2024\/07\/Festiwal-radosci-8-150x150.jpg\" class=\"attachment-thumbnail size-thumbnail\" alt=\"\" decoding=\"async\" srcset=\"https:\/\/www.lichen.pl\/wp-content\/uploads\/2024\/07\/Festiwal-radosci-8-150x150.jpg 150w, https:\/\/www.lichen.pl\/wp-content\/uploads\/2024\/07\/Festiwal-radosci-8-300x300.jpg 300w\" sizes=\"(max-width: 150px) 100vw, 150px\" \/><\/a>\n\t\t\t<\/div><\/figure><figure class='gallery-item'>\n\t\t\t<div class='gallery-icon portrait'>\n\t\t\t\t<a data-elementor-open-lightbox=\"yes\" data-elementor-lightbox-slideshow=\"5c18869\" data-elementor-lightbox-title=\"Festiwal rado\u015bci (9)\" data-e-action-hash=\"#elementor-action%3Aaction%3Dlightbox%26settings%3DeyJpZCI6NzE4MDAsInVybCI6Imh0dHBzOlwvXC93d3cubGljaGVuLnBsXC93cC1jb250ZW50XC91cGxvYWRzXC8yMDI0XC8wN1wvRmVzdGl3YWwtcmFkb3NjaS05LmpwZyIsInNsaWRlc2hvdyI6IjVjMTg4NjkifQ%3D%3D\" href='https:\/\/www.lichen.pl\/wp-content\/uploads\/2024\/07\/Festiwal-radosci-9.jpg'><img loading=\"lazy\" width=\"150\" height=\"150\" src=\"https:\/\/www.lichen.pl\/wp-content\/uploads\/2024\/07\/Festiwal-radosci-9-150x150.jpg\" class=\"attachment-thumbnail size-thumbnail\" alt=\"\" decoding=\"async\" srcset=\"https:\/\/www.lichen.pl\/wp-content\/uploads\/2024\/07\/Festiwal-radosci-9-150x150.jpg 150w, https:\/\/www.lichen.pl\/wp-content\/uploads\/2024\/07\/Festiwal-radosci-9-300x300.jpg 300w\" sizes=\"(max-width: 150px) 100vw, 150px\" \/><\/a>\n\t\t\t<\/div><\/figure><figure class='gallery-item'>\n\t\t\t<div class='gallery-icon landscape'>\n\t\t\t\t<a data-elementor-open-lightbox=\"yes\" data-elementor-lightbox-slideshow=\"5c18869\" data-elementor-lightbox-title=\"Festiwal rado\u015bci (10)\" data-e-action-hash=\"#elementor-action%3Aaction%3Dlightbox%26settings%3DeyJpZCI6NzE4MDEsInVybCI6Imh0dHBzOlwvXC93d3cubGljaGVuLnBsXC93cC1jb250ZW50XC91cGxvYWRzXC8yMDI0XC8wN1wvRmVzdGl3YWwtcmFkb3NjaS0xMC5qcGciLCJzbGlkZXNob3ciOiI1YzE4ODY5In0%3D\" href='https:\/\/www.lichen.pl\/wp-content\/uploads\/2024\/07\/Festiwal-radosci-10.jpg'><img loading=\"lazy\" width=\"150\" height=\"150\" src=\"https:\/\/www.lichen.pl\/wp-content\/uploads\/2024\/07\/Festiwal-radosci-10-150x150.jpg\" class=\"attachment-thumbnail size-thumbnail\" alt=\"\" decoding=\"async\" srcset=\"https:\/\/www.lichen.pl\/wp-content\/uploads\/2024\/07\/Festiwal-radosci-10-150x150.jpg 150w, https:\/\/www.lichen.pl\/wp-content\/uploads\/2024\/07\/Festiwal-radosci-10-300x300.jpg 300w\" sizes=\"(max-width: 150px) 100vw, 150px\" \/><\/a>\n\t\t\t<\/div><\/figure><figure class='gallery-item'>\n\t\t\t<div class='gallery-icon portrait'>\n\t\t\t\t<a data-elementor-open-lightbox=\"yes\" data-elementor-lightbox-slideshow=\"5c18869\" data-elementor-lightbox-title=\"Festiwal rado\u015bci (11)\" data-e-action-hash=\"#elementor-action%3Aaction%3Dlightbox%26settings%3DeyJpZCI6NzE4MDIsInVybCI6Imh0dHBzOlwvXC93d3cubGljaGVuLnBsXC93cC1jb250ZW50XC91cGxvYWRzXC8yMDI0XC8wN1wvRmVzdGl3YWwtcmFkb3NjaS0xMS5qcGciLCJzbGlkZXNob3ciOiI1YzE4ODY5In0%3D\" href='https:\/\/www.lichen.pl\/wp-content\/uploads\/2024\/07\/Festiwal-radosci-11.jpg'><img loading=\"lazy\" width=\"150\" height=\"150\" src=\"https:\/\/www.lichen.pl\/wp-content\/uploads\/2024\/07\/Festiwal-radosci-11-150x150.jpg\" class=\"attachment-thumbnail size-thumbnail\" alt=\"\" decoding=\"async\" srcset=\"https:\/\/www.lichen.pl\/wp-content\/uploads\/2024\/07\/Festiwal-radosci-11-150x150.jpg 150w, https:\/\/www.lichen.pl\/wp-content\/uploads\/2024\/07\/Festiwal-radosci-11-300x300.jpg 300w\" sizes=\"(max-width: 150px) 100vw, 150px\" \/><\/a>\n\t\t\t<\/div><\/figure><figure class='gallery-item'>\n\t\t\t<div class='gallery-icon landscape'>\n\t\t\t\t<a data-elementor-open-lightbox=\"yes\" data-elementor-lightbox-slideshow=\"5c18869\" data-elementor-lightbox-title=\"Festiwal rado\u015bci (12)\" data-e-action-hash=\"#elementor-action%3Aaction%3Dlightbox%26settings%3DeyJpZCI6NzE4MDMsInVybCI6Imh0dHBzOlwvXC93d3cubGljaGVuLnBsXC93cC1jb250ZW50XC91cGxvYWRzXC8yMDI0XC8wN1wvRmVzdGl3YWwtcmFkb3NjaS0xMi5qcGciLCJzbGlkZXNob3ciOiI1YzE4ODY5In0%3D\" href='https:\/\/www.lichen.pl\/wp-content\/uploads\/2024\/07\/Festiwal-radosci-12.jpg'><img loading=\"lazy\" width=\"150\" height=\"150\" src=\"https:\/\/www.lichen.pl\/wp-content\/uploads\/2024\/07\/Festiwal-radosci-12-150x150.jpg\" class=\"attachment-thumbnail size-thumbnail\" alt=\"\" decoding=\"async\" srcset=\"https:\/\/www.lichen.pl\/wp-content\/uploads\/2024\/07\/Festiwal-radosci-12-150x150.jpg 150w, https:\/\/www.lichen.pl\/wp-content\/uploads\/2024\/07\/Festiwal-radosci-12-300x300.jpg 300w\" sizes=\"(max-width: 150px) 100vw, 150px\" \/><\/a>\n\t\t\t<\/div><\/figure><figure class='gallery-item'>\n\t\t\t<div class='gallery-icon landscape'>\n\t\t\t\t<a data-elementor-open-lightbox=\"yes\" data-elementor-lightbox-slideshow=\"5c18869\" data-elementor-lightbox-title=\"Festiwal rado\u015bci (13)\" data-e-action-hash=\"#elementor-action%3Aaction%3Dlightbox%26settings%3DeyJpZCI6NzE4MDQsInVybCI6Imh0dHBzOlwvXC93d3cubGljaGVuLnBsXC93cC1jb250ZW50XC91cGxvYWRzXC8yMDI0XC8wN1wvRmVzdGl3YWwtcmFkb3NjaS0xMy5qcGciLCJzbGlkZXNob3ciOiI1YzE4ODY5In0%3D\" href='https:\/\/www.lichen.pl\/wp-content\/uploads\/2024\/07\/Festiwal-radosci-13.jpg'><img loading=\"lazy\" width=\"150\" height=\"150\" src=\"https:\/\/www.lichen.pl\/wp-content\/uploads\/2024\/07\/Festiwal-radosci-13-150x150.jpg\" class=\"attachment-thumbnail size-thumbnail\" alt=\"\" decoding=\"async\" srcset=\"https:\/\/www.lichen.pl\/wp-content\/uploads\/2024\/07\/Festiwal-radosci-13-150x150.jpg 150w, https:\/\/www.lichen.pl\/wp-content\/uploads\/2024\/07\/Festiwal-radosci-13-300x300.jpg 300w\" sizes=\"(max-width: 150px) 100vw, 150px\" \/><\/a>\n\t\t\t<\/div><\/figure><figure class='gallery-item'>\n\t\t\t<div class='gallery-icon landscape'>\n\t\t\t\t<a data-elementor-open-lightbox=\"yes\" data-elementor-lightbox-slideshow=\"5c18869\" data-elementor-lightbox-title=\"Festiwal rado\u015bci (14)\" data-e-action-hash=\"#elementor-action%3Aaction%3Dlightbox%26settings%3DeyJpZCI6NzE4MDUsInVybCI6Imh0dHBzOlwvXC93d3cubGljaGVuLnBsXC93cC1jb250ZW50XC91cGxvYWRzXC8yMDI0XC8wN1wvRmVzdGl3YWwtcmFkb3NjaS0xNC5qcGciLCJzbGlkZXNob3ciOiI1YzE4ODY5In0%3D\" href='https:\/\/www.lichen.pl\/wp-content\/uploads\/2024\/07\/Festiwal-radosci-14.jpg'><img loading=\"lazy\" width=\"150\" height=\"150\" src=\"https:\/\/www.lichen.pl\/wp-content\/uploads\/2024\/07\/Festiwal-radosci-14-150x150.jpg\" class=\"attachment-thumbnail size-thumbnail\" alt=\"\" decoding=\"async\" srcset=\"https:\/\/www.lichen.pl\/wp-content\/uploads\/2024\/07\/Festiwal-radosci-14-150x150.jpg 150w, https:\/\/www.lichen.pl\/wp-content\/uploads\/2024\/07\/Festiwal-radosci-14-300x300.jpg 300w\" sizes=\"(max-width: 150px) 100vw, 150px\" \/><\/a>\n\t\t\t<\/div><\/figure><figure class='gallery-item'>\n\t\t\t<div class='gallery-icon landscape'>\n\t\t\t\t<a data-elementor-open-lightbox=\"yes\" data-elementor-lightbox-slideshow=\"5c18869\" data-elementor-lightbox-title=\"Festiwal rado\u015bci (15)\" data-e-action-hash=\"#elementor-action%3Aaction%3Dlightbox%26settings%3DeyJpZCI6NzE4MDYsInVybCI6Imh0dHBzOlwvXC93d3cubGljaGVuLnBsXC93cC1jb250ZW50XC91cGxvYWRzXC8yMDI0XC8wN1wvRmVzdGl3YWwtcmFkb3NjaS0xNS5qcGciLCJzbGlkZXNob3ciOiI1YzE4ODY5In0%3D\" href='https:\/\/www.lichen.pl\/wp-content\/uploads\/2024\/07\/Festiwal-radosci-15.jpg'><img loading=\"lazy\" width=\"150\" height=\"150\" src=\"https:\/\/www.lichen.pl\/wp-content\/uploads\/2024\/07\/Festiwal-radosci-15-150x150.jpg\" class=\"attachment-thumbnail size-thumbnail\" alt=\"\" decoding=\"async\" srcset=\"https:\/\/www.lichen.pl\/wp-content\/uploads\/2024\/07\/Festiwal-radosci-15-150x150.jpg 150w, https:\/\/www.lichen.pl\/wp-content\/uploads\/2024\/07\/Festiwal-radosci-15-300x300.jpg 300w\" sizes=\"(max-width: 150px) 100vw, 150px\" \/><\/a>\n\t\t\t<\/div><\/figure><figure class='gallery-item'>\n\t\t\t<div class='gallery-icon landscape'>\n\t\t\t\t<a data-elementor-open-lightbox=\"yes\" data-elementor-lightbox-slideshow=\"5c18869\" data-elementor-lightbox-title=\"Festiwal rado\u015bci (16)\" data-e-action-hash=\"#elementor-action%3Aaction%3Dlightbox%26settings%3DeyJpZCI6NzE4MDcsInVybCI6Imh0dHBzOlwvXC93d3cubGljaGVuLnBsXC93cC1jb250ZW50XC91cGxvYWRzXC8yMDI0XC8wN1wvRmVzdGl3YWwtcmFkb3NjaS0xNi5qcGciLCJzbGlkZXNob3ciOiI1YzE4ODY5In0%3D\" href='https:\/\/www.lichen.pl\/wp-content\/uploads\/2024\/07\/Festiwal-radosci-16.jpg'><img loading=\"lazy\" width=\"150\" height=\"150\" src=\"https:\/\/www.lichen.pl\/wp-content\/uploads\/2024\/07\/Festiwal-radosci-16-150x150.jpg\" class=\"attachment-thumbnail size-thumbnail\" alt=\"\" decoding=\"async\" srcset=\"https:\/\/www.lichen.pl\/wp-content\/uploads\/2024\/07\/Festiwal-radosci-16-150x150.jpg 150w, https:\/\/www.lichen.pl\/wp-content\/uploads\/2024\/07\/Festiwal-radosci-16-300x300.jpg 300w\" sizes=\"(max-width: 150px) 100vw, 150px\" \/><\/a>\n\t\t\t<\/div><\/figure><figure class='gallery-item'>\n\t\t\t<div class='gallery-icon landscape'>\n\t\t\t\t<a data-elementor-open-lightbox=\"yes\" data-elementor-lightbox-slideshow=\"5c18869\" data-elementor-lightbox-title=\"Festiwal rado\u015bci (17)\" data-e-action-hash=\"#elementor-action%3Aaction%3Dlightbox%26settings%3DeyJpZCI6NzE4MDgsInVybCI6Imh0dHBzOlwvXC93d3cubGljaGVuLnBsXC93cC1jb250ZW50XC91cGxvYWRzXC8yMDI0XC8wN1wvRmVzdGl3YWwtcmFkb3NjaS0xNy5qcGciLCJzbGlkZXNob3ciOiI1YzE4ODY5In0%3D\" href='https:\/\/www.lichen.pl\/wp-content\/uploads\/2024\/07\/Festiwal-radosci-17.jpg'><img loading=\"lazy\" width=\"150\" height=\"150\" src=\"https:\/\/www.lichen.pl\/wp-content\/uploads\/2024\/07\/Festiwal-radosci-17-150x150.jpg\" class=\"attachment-thumbnail size-thumbnail\" alt=\"\" decoding=\"async\" srcset=\"https:\/\/www.lichen.pl\/wp-content\/uploads\/2024\/07\/Festiwal-radosci-17-150x150.jpg 150w, https:\/\/www.lichen.pl\/wp-content\/uploads\/2024\/07\/Festiwal-radosci-17-300x300.jpg 300w\" sizes=\"(max-width: 150px) 100vw, 150px\" \/><\/a>\n\t\t\t<\/div><\/figure><figure class='gallery-item'>\n\t\t\t<div class='gallery-icon portrait'>\n\t\t\t\t<a data-elementor-open-lightbox=\"yes\" data-elementor-lightbox-slideshow=\"5c18869\" data-elementor-lightbox-title=\"Festiwal rado\u015bci (18)\" data-e-action-hash=\"#elementor-action%3Aaction%3Dlightbox%26settings%3DeyJpZCI6NzE4MDksInVybCI6Imh0dHBzOlwvXC93d3cubGljaGVuLnBsXC93cC1jb250ZW50XC91cGxvYWRzXC8yMDI0XC8wN1wvRmVzdGl3YWwtcmFkb3NjaS0xOC5qcGciLCJzbGlkZXNob3ciOiI1YzE4ODY5In0%3D\" href='https:\/\/www.lichen.pl\/wp-content\/uploads\/2024\/07\/Festiwal-radosci-18.jpg'><img loading=\"lazy\" width=\"150\" height=\"150\" src=\"https:\/\/www.lichen.pl\/wp-content\/uploads\/2024\/07\/Festiwal-radosci-18-150x150.jpg\" class=\"attachment-thumbnail size-thumbnail\" alt=\"\" decoding=\"async\" srcset=\"https:\/\/www.lichen.pl\/wp-content\/uploads\/2024\/07\/Festiwal-radosci-18-150x150.jpg 150w, https:\/\/www.lichen.pl\/wp-content\/uploads\/2024\/07\/Festiwal-radosci-18-300x300.jpg 300w\" sizes=\"(max-width: 150px) 100vw, 150px\" \/><\/a>\n\t\t\t<\/div><\/figure><figure class='gallery-item'>\n\t\t\t<div class='gallery-icon landscape'>\n\t\t\t\t<a data-elementor-open-lightbox=\"yes\" data-elementor-lightbox-slideshow=\"5c18869\" data-elementor-lightbox-title=\"Festiwal rado\u015bci (19)\" data-e-action-hash=\"#elementor-action%3Aaction%3Dlightbox%26settings%3DeyJpZCI6NzE4MTAsInVybCI6Imh0dHBzOlwvXC93d3cubGljaGVuLnBsXC93cC1jb250ZW50XC91cGxvYWRzXC8yMDI0XC8wN1wvRmVzdGl3YWwtcmFkb3NjaS0xOS5qcGciLCJzbGlkZXNob3ciOiI1YzE4ODY5In0%3D\" href='https:\/\/www.lichen.pl\/wp-content\/uploads\/2024\/07\/Festiwal-radosci-19.jpg'><img loading=\"lazy\" width=\"150\" height=\"150\" src=\"https:\/\/www.lichen.pl\/wp-content\/uploads\/2024\/07\/Festiwal-radosci-19-150x150.jpg\" class=\"attachment-thumbnail size-thumbnail\" alt=\"\" decoding=\"async\" srcset=\"https:\/\/www.lichen.pl\/wp-content\/uploads\/2024\/07\/Festiwal-radosci-19-150x150.jpg 150w, https:\/\/www.lichen.pl\/wp-content\/uploads\/2024\/07\/Festiwal-radosci-19-300x300.jpg 300w\" sizes=\"(max-width: 150px) 100vw, 150px\" \/><\/a>\n\t\t\t<\/div><\/figure><figure class='gallery-item'>\n\t\t\t<div class='gallery-icon landscape'>\n\t\t\t\t<a data-elementor-open-lightbox=\"yes\" data-elementor-lightbox-slideshow=\"5c18869\" data-elementor-lightbox-title=\"Festiwal rado\u015bci (20)\" data-e-action-hash=\"#elementor-action%3Aaction%3Dlightbox%26settings%3DeyJpZCI6NzE4MTEsInVybCI6Imh0dHBzOlwvXC93d3cubGljaGVuLnBsXC93cC1jb250ZW50XC91cGxvYWRzXC8yMDI0XC8wN1wvRmVzdGl3YWwtcmFkb3NjaS0yMC5qcGciLCJzbGlkZXNob3ciOiI1YzE4ODY5In0%3D\" href='https:\/\/www.lichen.pl\/wp-content\/uploads\/2024\/07\/Festiwal-radosci-20.jpg'><img loading=\"lazy\" width=\"150\" height=\"150\" src=\"https:\/\/www.lichen.pl\/wp-content\/uploads\/2024\/07\/Festiwal-radosci-20-150x150.jpg\" class=\"attachment-thumbnail size-thumbnail\" alt=\"\" decoding=\"async\" srcset=\"https:\/\/www.lichen.pl\/wp-content\/uploads\/2024\/07\/Festiwal-radosci-20-150x150.jpg 150w, https:\/\/www.lichen.pl\/wp-content\/uploads\/2024\/07\/Festiwal-radosci-20-300x300.jpg 300w\" sizes=\"(max-width: 150px) 100vw, 150px\" \/><\/a>\n\t\t\t<\/div><\/figure><figure class='gallery-item'>\n\t\t\t<div class='gallery-icon landscape'>\n\t\t\t\t<a data-elementor-open-lightbox=\"yes\" data-elementor-lightbox-slideshow=\"5c18869\" data-elementor-lightbox-title=\"Festiwal rado\u015bci (21)\" data-e-action-hash=\"#elementor-action%3Aaction%3Dlightbox%26settings%3DeyJpZCI6NzE4MTIsInVybCI6Imh0dHBzOlwvXC93d3cubGljaGVuLnBsXC93cC1jb250ZW50XC91cGxvYWRzXC8yMDI0XC8wN1wvRmVzdGl3YWwtcmFkb3NjaS0yMS5qcGciLCJzbGlkZXNob3ciOiI1YzE4ODY5In0%3D\" href='https:\/\/www.lichen.pl\/wp-content\/uploads\/2024\/07\/Festiwal-radosci-21.jpg'><img loading=\"lazy\" width=\"150\" height=\"150\" src=\"https:\/\/www.lichen.pl\/wp-content\/uploads\/2024\/07\/Festiwal-radosci-21-150x150.jpg\" class=\"attachment-thumbnail size-thumbnail\" alt=\"\" decoding=\"async\" srcset=\"https:\/\/www.lichen.pl\/wp-content\/uploads\/2024\/07\/Festiwal-radosci-21-150x150.jpg 150w, https:\/\/www.lichen.pl\/wp-content\/uploads\/2024\/07\/Festiwal-radosci-21-300x300.jpg 300w\" sizes=\"(max-width: 150px) 100vw, 150px\" \/><\/a>\n\t\t\t<\/div><\/figure><figure class='gallery-item'>\n\t\t\t<div class='gallery-icon portrait'>\n\t\t\t\t<a data-elementor-open-lightbox=\"yes\" data-elementor-lightbox-slideshow=\"5c18869\" data-elementor-lightbox-title=\"Festiwal rado\u015bci (22)\" data-e-action-hash=\"#elementor-action%3Aaction%3Dlightbox%26settings%3DeyJpZCI6NzE4MTMsInVybCI6Imh0dHBzOlwvXC93d3cubGljaGVuLnBsXC93cC1jb250ZW50XC91cGxvYWRzXC8yMDI0XC8wN1wvRmVzdGl3YWwtcmFkb3NjaS0yMi5qcGciLCJzbGlkZXNob3ciOiI1YzE4ODY5In0%3D\" href='https:\/\/www.lichen.pl\/wp-content\/uploads\/2024\/07\/Festiwal-radosci-22.jpg'><img loading=\"lazy\" width=\"150\" height=\"150\" src=\"https:\/\/www.lichen.pl\/wp-content\/uploads\/2024\/07\/Festiwal-radosci-22-150x150.jpg\" class=\"attachment-thumbnail size-thumbnail\" alt=\"\" decoding=\"async\" srcset=\"https:\/\/www.lichen.pl\/wp-content\/uploads\/2024\/07\/Festiwal-radosci-22-150x150.jpg 150w, https:\/\/www.lichen.pl\/wp-content\/uploads\/2024\/07\/Festiwal-radosci-22-300x300.jpg 300w\" sizes=\"(max-width: 150px) 100vw, 150px\" \/><\/a>\n\t\t\t<\/div><\/figure><figure class='gallery-item'>\n\t\t\t<div class='gallery-icon landscape'>\n\t\t\t\t<a data-elementor-open-lightbox=\"yes\" data-elementor-lightbox-slideshow=\"5c18869\" data-elementor-lightbox-title=\"Festiwal rado\u015bci (23)\" data-e-action-hash=\"#elementor-action%3Aaction%3Dlightbox%26settings%3DeyJpZCI6NzE4MTQsInVybCI6Imh0dHBzOlwvXC93d3cubGljaGVuLnBsXC93cC1jb250ZW50XC91cGxvYWRzXC8yMDI0XC8wN1wvRmVzdGl3YWwtcmFkb3NjaS0yMy5qcGciLCJzbGlkZXNob3ciOiI1YzE4ODY5In0%3D\" href='https:\/\/www.lichen.pl\/wp-content\/uploads\/2024\/07\/Festiwal-radosci-23.jpg'><img loading=\"lazy\" width=\"150\" height=\"150\" src=\"https:\/\/www.lichen.pl\/wp-content\/uploads\/2024\/07\/Festiwal-radosci-23-150x150.jpg\" class=\"attachment-thumbnail size-thumbnail\" alt=\"\" decoding=\"async\" srcset=\"https:\/\/www.lichen.pl\/wp-content\/uploads\/2024\/07\/Festiwal-radosci-23-150x150.jpg 150w, https:\/\/www.lichen.pl\/wp-content\/uploads\/2024\/07\/Festiwal-radosci-23-300x300.jpg 300w\" sizes=\"(max-width: 150px) 100vw, 150px\" \/><\/a>\n\t\t\t<\/div><\/figure><figure class='gallery-item'>\n\t\t\t<div class='gallery-icon portrait'>\n\t\t\t\t<a data-elementor-open-lightbox=\"yes\" data-elementor-lightbox-slideshow=\"5c18869\" data-elementor-lightbox-title=\"Festiwal rado\u015bci (24)\" data-e-action-hash=\"#elementor-action%3Aaction%3Dlightbox%26settings%3DeyJpZCI6NzE4MTUsInVybCI6Imh0dHBzOlwvXC93d3cubGljaGVuLnBsXC93cC1jb250ZW50XC91cGxvYWRzXC8yMDI0XC8wN1wvRmVzdGl3YWwtcmFkb3NjaS0yNC5qcGciLCJzbGlkZXNob3ciOiI1YzE4ODY5In0%3D\" href='https:\/\/www.lichen.pl\/wp-content\/uploads\/2024\/07\/Festiwal-radosci-24.jpg'><img loading=\"lazy\" width=\"150\" height=\"150\" src=\"https:\/\/www.lichen.pl\/wp-content\/uploads\/2024\/07\/Festiwal-radosci-24-150x150.jpg\" class=\"attachment-thumbnail size-thumbnail\" alt=\"\" decoding=\"async\" srcset=\"https:\/\/www.lichen.pl\/wp-content\/uploads\/2024\/07\/Festiwal-radosci-24-150x150.jpg 150w, https:\/\/www.lichen.pl\/wp-content\/uploads\/2024\/07\/Festiwal-radosci-24-300x300.jpg 300w\" sizes=\"(max-width: 150px) 100vw, 150px\" \/><\/a>\n\t\t\t<\/div><\/figure><figure class='gallery-item'>\n\t\t\t<div class='gallery-icon landscape'>\n\t\t\t\t<a data-elementor-open-lightbox=\"yes\" data-elementor-lightbox-slideshow=\"5c18869\" data-elementor-lightbox-title=\"Festiwal rado\u015bci (25)\" data-e-action-hash=\"#elementor-action%3Aaction%3Dlightbox%26settings%3DeyJpZCI6NzE4MTYsInVybCI6Imh0dHBzOlwvXC93d3cubGljaGVuLnBsXC93cC1jb250ZW50XC91cGxvYWRzXC8yMDI0XC8wN1wvRmVzdGl3YWwtcmFkb3NjaS0yNS5qcGciLCJzbGlkZXNob3ciOiI1YzE4ODY5In0%3D\" href='https:\/\/www.lichen.pl\/wp-content\/uploads\/2024\/07\/Festiwal-radosci-25.jpg'><img loading=\"lazy\" width=\"150\" height=\"150\" src=\"https:\/\/www.lichen.pl\/wp-content\/uploads\/2024\/07\/Festiwal-radosci-25-150x150.jpg\" class=\"attachment-thumbnail size-thumbnail\" alt=\"\" decoding=\"async\" srcset=\"https:\/\/www.lichen.pl\/wp-content\/uploads\/2024\/07\/Festiwal-radosci-25-150x150.jpg 150w, https:\/\/www.lichen.pl\/wp-content\/uploads\/2024\/07\/Festiwal-radosci-25-300x300.jpg 300w\" sizes=\"(max-width: 150px) 100vw, 150px\" \/><\/a>\n\t\t\t<\/div><\/figure><figure class='gallery-item'>\n\t\t\t<div class='gallery-icon landscape'>\n\t\t\t\t<a data-elementor-open-lightbox=\"yes\" data-elementor-lightbox-slideshow=\"5c18869\" data-elementor-lightbox-title=\"Festiwal rado\u015bci (26)\" data-e-action-hash=\"#elementor-action%3Aaction%3Dlightbox%26settings%3DeyJpZCI6NzE4MTcsInVybCI6Imh0dHBzOlwvXC93d3cubGljaGVuLnBsXC93cC1jb250ZW50XC91cGxvYWRzXC8yMDI0XC8wN1wvRmVzdGl3YWwtcmFkb3NjaS0yNi5qcGciLCJzbGlkZXNob3ciOiI1YzE4ODY5In0%3D\" href='https:\/\/www.lichen.pl\/wp-content\/uploads\/2024\/07\/Festiwal-radosci-26.jpg'><img loading=\"lazy\" width=\"150\" height=\"150\" src=\"https:\/\/www.lichen.pl\/wp-content\/uploads\/2024\/07\/Festiwal-radosci-26-150x150.jpg\" class=\"attachment-thumbnail size-thumbnail\" alt=\"\" decoding=\"async\" srcset=\"https:\/\/www.lichen.pl\/wp-content\/uploads\/2024\/07\/Festiwal-radosci-26-150x150.jpg 150w, https:\/\/www.lichen.pl\/wp-content\/uploads\/2024\/07\/Festiwal-radosci-26-300x300.jpg 300w\" sizes=\"(max-width: 150px) 100vw, 150px\" \/><\/a>\n\t\t\t<\/div><\/figure><figure class='gallery-item'>\n\t\t\t<div class='gallery-icon landscape'>\n\t\t\t\t<a data-elementor-open-lightbox=\"yes\" data-elementor-lightbox-slideshow=\"5c18869\" data-elementor-lightbox-title=\"Festiwal rado\u015bci (27)\" data-e-action-hash=\"#elementor-action%3Aaction%3Dlightbox%26settings%3DeyJpZCI6NzE4MTgsInVybCI6Imh0dHBzOlwvXC93d3cubGljaGVuLnBsXC93cC1jb250ZW50XC91cGxvYWRzXC8yMDI0XC8wN1wvRmVzdGl3YWwtcmFkb3NjaS0yNy5qcGciLCJzbGlkZXNob3ciOiI1YzE4ODY5In0%3D\" href='https:\/\/www.lichen.pl\/wp-content\/uploads\/2024\/07\/Festiwal-radosci-27.jpg'><img loading=\"lazy\" width=\"150\" height=\"150\" src=\"https:\/\/www.lichen.pl\/wp-content\/uploads\/2024\/07\/Festiwal-radosci-27-150x150.jpg\" class=\"attachment-thumbnail size-thumbnail\" alt=\"\" decoding=\"async\" srcset=\"https:\/\/www.lichen.pl\/wp-content\/uploads\/2024\/07\/Festiwal-radosci-27-150x150.jpg 150w, https:\/\/www.lichen.pl\/wp-content\/uploads\/2024\/07\/Festiwal-radosci-27-300x300.jpg 300w\" sizes=\"(max-width: 150px) 100vw, 150px\" \/><\/a>\n\t\t\t<\/div><\/figure><figure class='gallery-item'>\n\t\t\t<div class='gallery-icon portrait'>\n\t\t\t\t<a data-elementor-open-lightbox=\"yes\" data-elementor-lightbox-slideshow=\"5c18869\" data-elementor-lightbox-title=\"Festiwal rado\u015bci (28)\" data-e-action-hash=\"#elementor-action%3Aaction%3Dlightbox%26settings%3DeyJpZCI6NzE4MTksInVybCI6Imh0dHBzOlwvXC93d3cubGljaGVuLnBsXC93cC1jb250ZW50XC91cGxvYWRzXC8yMDI0XC8wN1wvRmVzdGl3YWwtcmFkb3NjaS0yOC5qcGciLCJzbGlkZXNob3ciOiI1YzE4ODY5In0%3D\" href='https:\/\/www.lichen.pl\/wp-content\/uploads\/2024\/07\/Festiwal-radosci-28.jpg'><img loading=\"lazy\" width=\"150\" height=\"150\" src=\"https:\/\/www.lichen.pl\/wp-content\/uploads\/2024\/07\/Festiwal-radosci-28-150x150.jpg\" class=\"attachment-thumbnail size-thumbnail\" alt=\"\" decoding=\"async\" srcset=\"https:\/\/www.lichen.pl\/wp-content\/uploads\/2024\/07\/Festiwal-radosci-28-150x150.jpg 150w, https:\/\/www.lichen.pl\/wp-content\/uploads\/2024\/07\/Festiwal-radosci-28-300x300.jpg 300w\" sizes=\"(max-width: 150px) 100vw, 150px\" \/><\/a>\n\t\t\t<\/div><\/figure><figure class='gallery-item'>\n\t\t\t<div class='gallery-icon portrait'>\n\t\t\t\t<a data-elementor-open-lightbox=\"yes\" data-elementor-lightbox-slideshow=\"5c18869\" data-elementor-lightbox-title=\"Festiwal rado\u015bci (29)\" data-e-action-hash=\"#elementor-action%3Aaction%3Dlightbox%26settings%3DeyJpZCI6NzE4MjAsInVybCI6Imh0dHBzOlwvXC93d3cubGljaGVuLnBsXC93cC1jb250ZW50XC91cGxvYWRzXC8yMDI0XC8wN1wvRmVzdGl3YWwtcmFkb3NjaS0yOS5qcGciLCJzbGlkZXNob3ciOiI1YzE4ODY5In0%3D\" href='https:\/\/www.lichen.pl\/wp-content\/uploads\/2024\/07\/Festiwal-radosci-29.jpg'><img loading=\"lazy\" width=\"150\" height=\"150\" src=\"https:\/\/www.lichen.pl\/wp-content\/uploads\/2024\/07\/Festiwal-radosci-29-150x150.jpg\" class=\"attachment-thumbnail size-thumbnail\" alt=\"\" decoding=\"async\" srcset=\"https:\/\/www.lichen.pl\/wp-content\/uploads\/2024\/07\/Festiwal-radosci-29-150x150.jpg 150w, https:\/\/www.lichen.pl\/wp-content\/uploads\/2024\/07\/Festiwal-radosci-29-300x300.jpg 300w\" sizes=\"(max-width: 150px) 100vw, 150px\" \/><\/a>\n\t\t\t<\/div><\/figure><figure class='gallery-item'>\n\t\t\t<div class='gallery-icon landscape'>\n\t\t\t\t<a data-elementor-open-lightbox=\"yes\" data-elementor-lightbox-slideshow=\"5c18869\" data-elementor-lightbox-title=\"Festiwal rado\u015bci (30)\" data-e-action-hash=\"#elementor-action%3Aaction%3Dlightbox%26settings%3DeyJpZCI6NzE4MjEsInVybCI6Imh0dHBzOlwvXC93d3cubGljaGVuLnBsXC93cC1jb250ZW50XC91cGxvYWRzXC8yMDI0XC8wN1wvRmVzdGl3YWwtcmFkb3NjaS0zMC5qcGciLCJzbGlkZXNob3ciOiI1YzE4ODY5In0%3D\" href='https:\/\/www.lichen.pl\/wp-content\/uploads\/2024\/07\/Festiwal-radosci-30.jpg'><img loading=\"lazy\" width=\"150\" height=\"150\" src=\"https:\/\/www.lichen.pl\/wp-content\/uploads\/2024\/07\/Festiwal-radosci-30-150x150.jpg\" class=\"attachment-thumbnail size-thumbnail\" alt=\"\" decoding=\"async\" srcset=\"https:\/\/www.lichen.pl\/wp-content\/uploads\/2024\/07\/Festiwal-radosci-30-150x150.jpg 150w, https:\/\/www.lichen.pl\/wp-content\/uploads\/2024\/07\/Festiwal-radosci-30-300x300.jpg 300w\" sizes=\"(max-width: 150px) 100vw, 150px\" \/><\/a>\n\t\t\t<\/div><\/figure><figure class='gallery-item'>\n\t\t\t<div class='gallery-icon landscape'>\n\t\t\t\t<a data-elementor-open-lightbox=\"yes\" data-elementor-lightbox-slideshow=\"5c18869\" data-elementor-lightbox-title=\"Festiwal rado\u015bci (31)\" data-e-action-hash=\"#elementor-action%3Aaction%3Dlightbox%26settings%3DeyJpZCI6NzE4MjIsInVybCI6Imh0dHBzOlwvXC93d3cubGljaGVuLnBsXC93cC1jb250ZW50XC91cGxvYWRzXC8yMDI0XC8wN1wvRmVzdGl3YWwtcmFkb3NjaS0zMS5qcGciLCJzbGlkZXNob3ciOiI1YzE4ODY5In0%3D\" href='https:\/\/www.lichen.pl\/wp-content\/uploads\/2024\/07\/Festiwal-radosci-31.jpg'><img loading=\"lazy\" width=\"150\" height=\"150\" src=\"https:\/\/www.lichen.pl\/wp-content\/uploads\/2024\/07\/Festiwal-radosci-31-150x150.jpg\" class=\"attachment-thumbnail size-thumbnail\" alt=\"\" decoding=\"async\" srcset=\"https:\/\/www.lichen.pl\/wp-content\/uploads\/2024\/07\/Festiwal-radosci-31-150x150.jpg 150w, https:\/\/www.lichen.pl\/wp-content\/uploads\/2024\/07\/Festiwal-radosci-31-300x300.jpg 300w\" sizes=\"(max-width: 150px) 100vw, 150px\" \/><\/a>\n\t\t\t<\/div><\/figure><figure class='gallery-item'>\n\t\t\t<div class='gallery-icon landscape'>\n\t\t\t\t<a data-elementor-open-lightbox=\"yes\" data-elementor-lightbox-slideshow=\"5c18869\" data-elementor-lightbox-title=\"Festiwal rado\u015bci (32)\" data-e-action-hash=\"#elementor-action%3Aaction%3Dlightbox%26settings%3DeyJpZCI6NzE4MjMsInVybCI6Imh0dHBzOlwvXC93d3cubGljaGVuLnBsXC93cC1jb250ZW50XC91cGxvYWRzXC8yMDI0XC8wN1wvRmVzdGl3YWwtcmFkb3NjaS0zMi5qcGciLCJzbGlkZXNob3ciOiI1YzE4ODY5In0%3D\" href='https:\/\/www.lichen.pl\/wp-content\/uploads\/2024\/07\/Festiwal-radosci-32.jpg'><img loading=\"lazy\" width=\"150\" height=\"150\" src=\"https:\/\/www.lichen.pl\/wp-content\/uploads\/2024\/07\/Festiwal-radosci-32-150x150.jpg\" class=\"attachment-thumbnail size-thumbnail\" alt=\"\" decoding=\"async\" srcset=\"https:\/\/www.lichen.pl\/wp-content\/uploads\/2024\/07\/Festiwal-radosci-32-150x150.jpg 150w, https:\/\/www.lichen.pl\/wp-content\/uploads\/2024\/07\/Festiwal-radosci-32-300x300.jpg 300w\" sizes=\"(max-width: 150px) 100vw, 150px\" \/><\/a>\n\t\t\t<\/div><\/figure><figure class='gallery-item'>\n\t\t\t<div class='gallery-icon landscape'>\n\t\t\t\t<a data-elementor-open-lightbox=\"yes\" data-elementor-lightbox-slideshow=\"5c18869\" data-elementor-lightbox-title=\"Festiwal rado\u015bci (33)\" data-e-action-hash=\"#elementor-action%3Aaction%3Dlightbox%26settings%3DeyJpZCI6NzE4MjQsInVybCI6Imh0dHBzOlwvXC93d3cubGljaGVuLnBsXC93cC1jb250ZW50XC91cGxvYWRzXC8yMDI0XC8wN1wvRmVzdGl3YWwtcmFkb3NjaS0zMy5qcGciLCJzbGlkZXNob3ciOiI1YzE4ODY5In0%3D\" href='https:\/\/www.lichen.pl\/wp-content\/uploads\/2024\/07\/Festiwal-radosci-33.jpg'><img loading=\"lazy\" width=\"150\" height=\"150\" src=\"https:\/\/www.lichen.pl\/wp-content\/uploads\/2024\/07\/Festiwal-radosci-33-150x150.jpg\" class=\"attachment-thumbnail size-thumbnail\" alt=\"\" decoding=\"async\" srcset=\"https:\/\/www.lichen.pl\/wp-content\/uploads\/2024\/07\/Festiwal-radosci-33-150x150.jpg 150w, https:\/\/www.lichen.pl\/wp-content\/uploads\/2024\/07\/Festiwal-radosci-33-300x300.jpg 300w\" sizes=\"(max-width: 150px) 100vw, 150px\" \/><\/a>\n\t\t\t<\/div><\/figure><figure class='gallery-item'>\n\t\t\t<div class='gallery-icon landscape'>\n\t\t\t\t<a data-elementor-open-lightbox=\"yes\" data-elementor-lightbox-slideshow=\"5c18869\" data-elementor-lightbox-title=\"Festiwal rado\u015bci (34)\" data-e-action-hash=\"#elementor-action%3Aaction%3Dlightbox%26settings%3DeyJpZCI6NzE4MjUsInVybCI6Imh0dHBzOlwvXC93d3cubGljaGVuLnBsXC93cC1jb250ZW50XC91cGxvYWRzXC8yMDI0XC8wN1wvRmVzdGl3YWwtcmFkb3NjaS0zNC5qcGciLCJzbGlkZXNob3ciOiI1YzE4ODY5In0%3D\" href='https:\/\/www.lichen.pl\/wp-content\/uploads\/2024\/07\/Festiwal-radosci-34.jpg'><img loading=\"lazy\" width=\"150\" height=\"150\" src=\"https:\/\/www.lichen.pl\/wp-content\/uploads\/2024\/07\/Festiwal-radosci-34-150x150.jpg\" class=\"attachment-thumbnail size-thumbnail\" alt=\"\" decoding=\"async\" srcset=\"https:\/\/www.lichen.pl\/wp-content\/uploads\/2024\/07\/Festiwal-radosci-34-150x150.jpg 150w, https:\/\/www.lichen.pl\/wp-content\/uploads\/2024\/07\/Festiwal-radosci-34-300x300.jpg 300w\" sizes=\"(max-width: 150px) 100vw, 150px\" \/><\/a>\n\t\t\t<\/div><\/figure><figure class='gallery-item'>\n\t\t\t<div class='gallery-icon landscape'>\n\t\t\t\t<a data-elementor-open-lightbox=\"yes\" data-elementor-lightbox-slideshow=\"5c18869\" data-elementor-lightbox-title=\"Festiwal rado\u015bci (35)\" data-e-action-hash=\"#elementor-action%3Aaction%3Dlightbox%26settings%3DeyJpZCI6NzE4MjYsInVybCI6Imh0dHBzOlwvXC93d3cubGljaGVuLnBsXC93cC1jb250ZW50XC91cGxvYWRzXC8yMDI0XC8wN1wvRmVzdGl3YWwtcmFkb3NjaS0zNS5qcGciLCJzbGlkZXNob3ciOiI1YzE4ODY5In0%3D\" href='https:\/\/www.lichen.pl\/wp-content\/uploads\/2024\/07\/Festiwal-radosci-35.jpg'><img loading=\"lazy\" width=\"150\" height=\"150\" src=\"https:\/\/www.lichen.pl\/wp-content\/uploads\/2024\/07\/Festiwal-radosci-35-150x150.jpg\" class=\"attachment-thumbnail size-thumbnail\" alt=\"\" decoding=\"async\" srcset=\"https:\/\/www.lichen.pl\/wp-content\/uploads\/2024\/07\/Festiwal-radosci-35-150x150.jpg 150w, https:\/\/www.lichen.pl\/wp-content\/uploads\/2024\/07\/Festiwal-radosci-35-300x300.jpg 300w\" sizes=\"(max-width: 150px) 100vw, 150px\" \/><\/a>\n\t\t\t<\/div><\/figure><figure class='gallery-item'>\n\t\t\t<div class='gallery-icon landscape'>\n\t\t\t\t<a data-elementor-open-lightbox=\"yes\" data-elementor-lightbox-slideshow=\"5c18869\" data-elementor-lightbox-title=\"Festiwal rado\u015bci (36)\" data-e-action-hash=\"#elementor-action%3Aaction%3Dlightbox%26settings%3DeyJpZCI6NzE4MjcsInVybCI6Imh0dHBzOlwvXC93d3cubGljaGVuLnBsXC93cC1jb250ZW50XC91cGxvYWRzXC8yMDI0XC8wN1wvRmVzdGl3YWwtcmFkb3NjaS0zNi5qcGciLCJzbGlkZXNob3ciOiI1YzE4ODY5In0%3D\" href='https:\/\/www.lichen.pl\/wp-content\/uploads\/2024\/07\/Festiwal-radosci-36.jpg'><img loading=\"lazy\" width=\"150\" height=\"150\" src=\"https:\/\/www.lichen.pl\/wp-content\/uploads\/2024\/07\/Festiwal-radosci-36-150x150.jpg\" class=\"attachment-thumbnail size-thumbnail\" alt=\"\" decoding=\"async\" srcset=\"https:\/\/www.lichen.pl\/wp-content\/uploads\/2024\/07\/Festiwal-radosci-36-150x150.jpg 150w, https:\/\/www.lichen.pl\/wp-content\/uploads\/2024\/07\/Festiwal-radosci-36-300x300.jpg 300w\" sizes=\"(max-width: 150px) 100vw, 150px\" \/><\/a>\n\t\t\t<\/div><\/figure><figure class='gallery-item'>\n\t\t\t<div class='gallery-icon landscape'>\n\t\t\t\t<a data-elementor-open-lightbox=\"yes\" data-elementor-lightbox-slideshow=\"5c18869\" data-elementor-lightbox-title=\"Festiwal rado\u015bci (37)\" data-e-action-hash=\"#elementor-action%3Aaction%3Dlightbox%26settings%3DeyJpZCI6NzE4MjgsInVybCI6Imh0dHBzOlwvXC93d3cubGljaGVuLnBsXC93cC1jb250ZW50XC91cGxvYWRzXC8yMDI0XC8wN1wvRmVzdGl3YWwtcmFkb3NjaS0zNy5qcGciLCJzbGlkZXNob3ciOiI1YzE4ODY5In0%3D\" href='https:\/\/www.lichen.pl\/wp-content\/uploads\/2024\/07\/Festiwal-radosci-37.jpg'><img loading=\"lazy\" width=\"150\" height=\"150\" src=\"https:\/\/www.lichen.pl\/wp-content\/uploads\/2024\/07\/Festiwal-radosci-37-150x150.jpg\" class=\"attachment-thumbnail size-thumbnail\" alt=\"\" decoding=\"async\" srcset=\"https:\/\/www.lichen.pl\/wp-content\/uploads\/2024\/07\/Festiwal-radosci-37-150x150.jpg 150w, https:\/\/www.lichen.pl\/wp-content\/uploads\/2024\/07\/Festiwal-radosci-37-300x300.jpg 300w\" sizes=\"(max-width: 150px) 100vw, 150px\" \/><\/a>\n\t\t\t<\/div><\/figure><figure class='gallery-item'>\n\t\t\t<div class='gallery-icon portrait'>\n\t\t\t\t<a data-elementor-open-lightbox=\"yes\" data-elementor-lightbox-slideshow=\"5c18869\" data-elementor-lightbox-title=\"Festiwal rado\u015bci (38)\" data-e-action-hash=\"#elementor-action%3Aaction%3Dlightbox%26settings%3DeyJpZCI6NzE4MjksInVybCI6Imh0dHBzOlwvXC93d3cubGljaGVuLnBsXC93cC1jb250ZW50XC91cGxvYWRzXC8yMDI0XC8wN1wvRmVzdGl3YWwtcmFkb3NjaS0zOC5qcGciLCJzbGlkZXNob3ciOiI1YzE4ODY5In0%3D\" href='https:\/\/www.lichen.pl\/wp-content\/uploads\/2024\/07\/Festiwal-radosci-38.jpg'><img loading=\"lazy\" width=\"150\" height=\"150\" src=\"https:\/\/www.lichen.pl\/wp-content\/uploads\/2024\/07\/Festiwal-radosci-38-150x150.jpg\" class=\"attachment-thumbnail size-thumbnail\" alt=\"\" decoding=\"async\" srcset=\"https:\/\/www.lichen.pl\/wp-content\/uploads\/2024\/07\/Festiwal-radosci-38-150x150.jpg 150w, https:\/\/www.lichen.pl\/wp-content\/uploads\/2024\/07\/Festiwal-radosci-38-300x300.jpg 300w\" sizes=\"(max-width: 150px) 100vw, 150px\" \/><\/a>\n\t\t\t<\/div><\/figure><figure class='gallery-item'>\n\t\t\t<div class='gallery-icon landscape'>\n\t\t\t\t<a data-elementor-open-lightbox=\"yes\" data-elementor-lightbox-slideshow=\"5c18869\" data-elementor-lightbox-title=\"Festiwal rado\u015bci (39)\" data-e-action-hash=\"#elementor-action%3Aaction%3Dlightbox%26settings%3DeyJpZCI6NzE4MzAsInVybCI6Imh0dHBzOlwvXC93d3cubGljaGVuLnBsXC93cC1jb250ZW50XC91cGxvYWRzXC8yMDI0XC8wN1wvRmVzdGl3YWwtcmFkb3NjaS0zOS5qcGciLCJzbGlkZXNob3ciOiI1YzE4ODY5In0%3D\" href='https:\/\/www.lichen.pl\/wp-content\/uploads\/2024\/07\/Festiwal-radosci-39.jpg'><img loading=\"lazy\" width=\"150\" height=\"150\" src=\"https:\/\/www.lichen.pl\/wp-content\/uploads\/2024\/07\/Festiwal-radosci-39-150x150.jpg\" class=\"attachment-thumbnail size-thumbnail\" alt=\"\" decoding=\"async\" srcset=\"https:\/\/www.lichen.pl\/wp-content\/uploads\/2024\/07\/Festiwal-radosci-39-150x150.jpg 150w, https:\/\/www.lichen.pl\/wp-content\/uploads\/2024\/07\/Festiwal-radosci-39-300x300.jpg 300w\" sizes=\"(max-width: 150px) 100vw, 150px\" \/><\/a>\n\t\t\t<\/div><\/figure><figure class='gallery-item'>\n\t\t\t<div class='gallery-icon landscape'>\n\t\t\t\t<a data-elementor-open-lightbox=\"yes\" data-elementor-lightbox-slideshow=\"5c18869\" data-elementor-lightbox-title=\"Festiwal rado\u015bci (40)\" data-e-action-hash=\"#elementor-action%3Aaction%3Dlightbox%26settings%3DeyJpZCI6NzE4MzEsInVybCI6Imh0dHBzOlwvXC93d3cubGljaGVuLnBsXC93cC1jb250ZW50XC91cGxvYWRzXC8yMDI0XC8wN1wvRmVzdGl3YWwtcmFkb3NjaS00MC5qcGciLCJzbGlkZXNob3ciOiI1YzE4ODY5In0%3D\" href='https:\/\/www.lichen.pl\/wp-content\/uploads\/2024\/07\/Festiwal-radosci-40.jpg'><img loading=\"lazy\" width=\"150\" height=\"150\" src=\"https:\/\/www.lichen.pl\/wp-content\/uploads\/2024\/07\/Festiwal-radosci-40-150x150.jpg\" class=\"attachment-thumbnail size-thumbnail\" alt=\"\" decoding=\"async\" srcset=\"https:\/\/www.lichen.pl\/wp-content\/uploads\/2024\/07\/Festiwal-radosci-40-150x150.jpg 150w, https:\/\/www.lichen.pl\/wp-content\/uploads\/2024\/07\/Festiwal-radosci-40-300x300.jpg 300w\" sizes=\"(max-width: 150px) 100vw, 150px\" \/><\/a>\n\t\t\t<\/div><\/figure><figure class='gallery-item'>\n\t\t\t<div class='gallery-icon landscape'>\n\t\t\t\t<a data-elementor-open-lightbox=\"yes\" data-elementor-lightbox-slideshow=\"5c18869\" data-elementor-lightbox-title=\"Festiwal rado\u015bci (41)\" data-e-action-hash=\"#elementor-action%3Aaction%3Dlightbox%26settings%3DeyJpZCI6NzE4MzIsInVybCI6Imh0dHBzOlwvXC93d3cubGljaGVuLnBsXC93cC1jb250ZW50XC91cGxvYWRzXC8yMDI0XC8wN1wvRmVzdGl3YWwtcmFkb3NjaS00MS5qcGciLCJzbGlkZXNob3ciOiI1YzE4ODY5In0%3D\" href='https:\/\/www.lichen.pl\/wp-content\/uploads\/2024\/07\/Festiwal-radosci-41.jpg'><img loading=\"lazy\" width=\"150\" height=\"150\" src=\"https:\/\/www.lichen.pl\/wp-content\/uploads\/2024\/07\/Festiwal-radosci-41-150x150.jpg\" class=\"attachment-thumbnail size-thumbnail\" alt=\"\" decoding=\"async\" srcset=\"https:\/\/www.lichen.pl\/wp-content\/uploads\/2024\/07\/Festiwal-radosci-41-150x150.jpg 150w, https:\/\/www.lichen.pl\/wp-content\/uploads\/2024\/07\/Festiwal-radosci-41-300x300.jpg 300w\" sizes=\"(max-width: 150px) 100vw, 150px\" \/><\/a>\n\t\t\t<\/div><\/figure><figure class='gallery-item'>\n\t\t\t<div class='gallery-icon landscape'>\n\t\t\t\t<a data-elementor-open-lightbox=\"yes\" data-elementor-lightbox-slideshow=\"5c18869\" data-elementor-lightbox-title=\"Festiwal rado\u015bci (42)\" data-e-action-hash=\"#elementor-action%3Aaction%3Dlightbox%26settings%3DeyJpZCI6NzE4MzMsInVybCI6Imh0dHBzOlwvXC93d3cubGljaGVuLnBsXC93cC1jb250ZW50XC91cGxvYWRzXC8yMDI0XC8wN1wvRmVzdGl3YWwtcmFkb3NjaS00Mi5qcGciLCJzbGlkZXNob3ciOiI1YzE4ODY5In0%3D\" href='https:\/\/www.lichen.pl\/wp-content\/uploads\/2024\/07\/Festiwal-radosci-42.jpg'><img loading=\"lazy\" width=\"150\" height=\"150\" src=\"https:\/\/www.lichen.pl\/wp-content\/uploads\/2024\/07\/Festiwal-radosci-42-150x150.jpg\" class=\"attachment-thumbnail size-thumbnail\" alt=\"\" decoding=\"async\" srcset=\"https:\/\/www.lichen.pl\/wp-content\/uploads\/2024\/07\/Festiwal-radosci-42-150x150.jpg 150w, https:\/\/www.lichen.pl\/wp-content\/uploads\/2024\/07\/Festiwal-radosci-42-300x300.jpg 300w\" sizes=\"(max-width: 150px) 100vw, 150px\" \/><\/a>\n\t\t\t<\/div><\/figure><figure class='gallery-item'>\n\t\t\t<div class='gallery-icon landscape'>\n\t\t\t\t<a data-elementor-open-lightbox=\"yes\" data-elementor-lightbox-slideshow=\"5c18869\" data-elementor-lightbox-title=\"Festiwal rado\u015bci (43)\" data-e-action-hash=\"#elementor-action%3Aaction%3Dlightbox%26settings%3DeyJpZCI6NzE4MzQsInVybCI6Imh0dHBzOlwvXC93d3cubGljaGVuLnBsXC93cC1jb250ZW50XC91cGxvYWRzXC8yMDI0XC8wN1wvRmVzdGl3YWwtcmFkb3NjaS00My5qcGciLCJzbGlkZXNob3ciOiI1YzE4ODY5In0%3D\" href='https:\/\/www.lichen.pl\/wp-content\/uploads\/2024\/07\/Festiwal-radosci-43.jpg'><img loading=\"lazy\" width=\"150\" height=\"150\" src=\"https:\/\/www.lichen.pl\/wp-content\/uploads\/2024\/07\/Festiwal-radosci-43-150x150.jpg\" class=\"attachment-thumbnail size-thumbnail\" alt=\"\" decoding=\"async\" srcset=\"https:\/\/www.lichen.pl\/wp-content\/uploads\/2024\/07\/Festiwal-radosci-43-150x150.jpg 150w, https:\/\/www.lichen.pl\/wp-content\/uploads\/2024\/07\/Festiwal-radosci-43-300x300.jpg 300w\" sizes=\"(max-width: 150px) 100vw, 150px\" \/><\/a>\n\t\t\t<\/div><\/figure><figure class='gallery-item'>\n\t\t\t<div class='gallery-icon landscape'>\n\t\t\t\t<a data-elementor-open-lightbox=\"yes\" data-elementor-lightbox-slideshow=\"5c18869\" data-elementor-lightbox-title=\"Festiwal rado\u015bci (44)\" data-e-action-hash=\"#elementor-action%3Aaction%3Dlightbox%26settings%3DeyJpZCI6NzE4MzUsInVybCI6Imh0dHBzOlwvXC93d3cubGljaGVuLnBsXC93cC1jb250ZW50XC91cGxvYWRzXC8yMDI0XC8wN1wvRmVzdGl3YWwtcmFkb3NjaS00NC5qcGciLCJzbGlkZXNob3ciOiI1YzE4ODY5In0%3D\" href='https:\/\/www.lichen.pl\/wp-content\/uploads\/2024\/07\/Festiwal-radosci-44.jpg'><img loading=\"lazy\" width=\"150\" height=\"150\" src=\"https:\/\/www.lichen.pl\/wp-content\/uploads\/2024\/07\/Festiwal-radosci-44-150x150.jpg\" class=\"attachment-thumbnail size-thumbnail\" alt=\"\" decoding=\"async\" srcset=\"https:\/\/www.lichen.pl\/wp-content\/uploads\/2024\/07\/Festiwal-radosci-44-150x150.jpg 150w, https:\/\/www.lichen.pl\/wp-content\/uploads\/2024\/07\/Festiwal-radosci-44-300x300.jpg 300w\" sizes=\"(max-width: 150px) 100vw, 150px\" \/><\/a>\n\t\t\t<\/div><\/figure><figure class='gallery-item'>\n\t\t\t<div class='gallery-icon landscape'>\n\t\t\t\t<a data-elementor-open-lightbox=\"yes\" data-elementor-lightbox-slideshow=\"5c18869\" data-elementor-lightbox-title=\"Festiwal rado\u015bci (45)\" data-e-action-hash=\"#elementor-action%3Aaction%3Dlightbox%26settings%3DeyJpZCI6NzE4MzYsInVybCI6Imh0dHBzOlwvXC93d3cubGljaGVuLnBsXC93cC1jb250ZW50XC91cGxvYWRzXC8yMDI0XC8wN1wvRmVzdGl3YWwtcmFkb3NjaS00NS5qcGciLCJzbGlkZXNob3ciOiI1YzE4ODY5In0%3D\" href='https:\/\/www.lichen.pl\/wp-content\/uploads\/2024\/07\/Festiwal-radosci-45.jpg'><img loading=\"lazy\" width=\"150\" height=\"150\" src=\"https:\/\/www.lichen.pl\/wp-content\/uploads\/2024\/07\/Festiwal-radosci-45-150x150.jpg\" class=\"attachment-thumbnail size-thumbnail\" alt=\"\" decoding=\"async\" srcset=\"https:\/\/www.lichen.pl\/wp-content\/uploads\/2024\/07\/Festiwal-radosci-45-150x150.jpg 150w, https:\/\/www.lichen.pl\/wp-content\/uploads\/2024\/07\/Festiwal-radosci-45-300x300.jpg 300w\" sizes=\"(max-width: 150px) 100vw, 150px\" \/><\/a>\n\t\t\t<\/div><\/figure><figure class='gallery-item'>\n\t\t\t<div class='gallery-icon landscape'>\n\t\t\t\t<a data-elementor-open-lightbox=\"yes\" data-elementor-lightbox-slideshow=\"5c18869\" data-elementor-lightbox-title=\"Festiwal rado\u015bci (46)\" data-e-action-hash=\"#elementor-action%3Aaction%3Dlightbox%26settings%3DeyJpZCI6NzE4MzcsInVybCI6Imh0dHBzOlwvXC93d3cubGljaGVuLnBsXC93cC1jb250ZW50XC91cGxvYWRzXC8yMDI0XC8wN1wvRmVzdGl3YWwtcmFkb3NjaS00Ni5qcGciLCJzbGlkZXNob3ciOiI1YzE4ODY5In0%3D\" href='https:\/\/www.lichen.pl\/wp-content\/uploads\/2024\/07\/Festiwal-radosci-46.jpg'><img loading=\"lazy\" width=\"150\" height=\"150\" src=\"https:\/\/www.lichen.pl\/wp-content\/uploads\/2024\/07\/Festiwal-radosci-46-150x150.jpg\" class=\"attachment-thumbnail size-thumbnail\" alt=\"\" decoding=\"async\" srcset=\"https:\/\/www.lichen.pl\/wp-content\/uploads\/2024\/07\/Festiwal-radosci-46-150x150.jpg 150w, https:\/\/www.lichen.pl\/wp-content\/uploads\/2024\/07\/Festiwal-radosci-46-300x300.jpg 300w\" sizes=\"(max-width: 150px) 100vw, 150px\" \/><\/a>\n\t\t\t<\/div><\/figure><figure class='gallery-item'>\n\t\t\t<div class='gallery-icon landscape'>\n\t\t\t\t<a data-elementor-open-lightbox=\"yes\" data-elementor-lightbox-slideshow=\"5c18869\" data-elementor-lightbox-title=\"Festiwal rado\u015bci (47)\" data-e-action-hash=\"#elementor-action%3Aaction%3Dlightbox%26settings%3DeyJpZCI6NzE4MzgsInVybCI6Imh0dHBzOlwvXC93d3cubGljaGVuLnBsXC93cC1jb250ZW50XC91cGxvYWRzXC8yMDI0XC8wN1wvRmVzdGl3YWwtcmFkb3NjaS00Ny5qcGciLCJzbGlkZXNob3ciOiI1YzE4ODY5In0%3D\" href='https:\/\/www.lichen.pl\/wp-content\/uploads\/2024\/07\/Festiwal-radosci-47.jpg'><img loading=\"lazy\" width=\"150\" height=\"150\" src=\"https:\/\/www.lichen.pl\/wp-content\/uploads\/2024\/07\/Festiwal-radosci-47-150x150.jpg\" class=\"attachment-thumbnail size-thumbnail\" alt=\"\" decoding=\"async\" srcset=\"https:\/\/www.lichen.pl\/wp-content\/uploads\/2024\/07\/Festiwal-radosci-47-150x150.jpg 150w, https:\/\/www.lichen.pl\/wp-content\/uploads\/2024\/07\/Festiwal-radosci-47-300x300.jpg 300w\" sizes=\"(max-width: 150px) 100vw, 150px\" \/><\/a>\n\t\t\t<\/div><\/figure><figure class='gallery-item'>\n\t\t\t<div class='gallery-icon landscape'>\n\t\t\t\t<a data-elementor-open-lightbox=\"yes\" data-elementor-lightbox-slideshow=\"5c18869\" data-elementor-lightbox-title=\"Festiwal rado\u015bci (48)\" data-e-action-hash=\"#elementor-action%3Aaction%3Dlightbox%26settings%3DeyJpZCI6NzE4MzksInVybCI6Imh0dHBzOlwvXC93d3cubGljaGVuLnBsXC93cC1jb250ZW50XC91cGxvYWRzXC8yMDI0XC8wN1wvRmVzdGl3YWwtcmFkb3NjaS00OC5qcGciLCJzbGlkZXNob3ciOiI1YzE4ODY5In0%3D\" href='https:\/\/www.lichen.pl\/wp-content\/uploads\/2024\/07\/Festiwal-radosci-48.jpg'><img loading=\"lazy\" width=\"150\" height=\"150\" src=\"https:\/\/www.lichen.pl\/wp-content\/uploads\/2024\/07\/Festiwal-radosci-48-150x150.jpg\" class=\"attachment-thumbnail size-thumbnail\" alt=\"\" decoding=\"async\" srcset=\"https:\/\/www.lichen.pl\/wp-content\/uploads\/2024\/07\/Festiwal-radosci-48-150x150.jpg 150w, https:\/\/www.lichen.pl\/wp-content\/uploads\/2024\/07\/Festiwal-radosci-48-300x300.jpg 300w\" sizes=\"(max-width: 150px) 100vw, 150px\" \/><\/a>\n\t\t\t<\/div><\/figure><figure class='gallery-item'>\n\t\t\t<div class='gallery-icon portrait'>\n\t\t\t\t<a data-elementor-open-lightbox=\"yes\" data-elementor-lightbox-slideshow=\"5c18869\" data-elementor-lightbox-title=\"Festiwal rado\u015bci (49)\" data-e-action-hash=\"#elementor-action%3Aaction%3Dlightbox%26settings%3DeyJpZCI6NzE4NDAsInVybCI6Imh0dHBzOlwvXC93d3cubGljaGVuLnBsXC93cC1jb250ZW50XC91cGxvYWRzXC8yMDI0XC8wN1wvRmVzdGl3YWwtcmFkb3NjaS00OS5qcGciLCJzbGlkZXNob3ciOiI1YzE4ODY5In0%3D\" href='https:\/\/www.lichen.pl\/wp-content\/uploads\/2024\/07\/Festiwal-radosci-49.jpg'><img loading=\"lazy\" width=\"150\" height=\"150\" src=\"https:\/\/www.lichen.pl\/wp-content\/uploads\/2024\/07\/Festiwal-radosci-49-150x150.jpg\" class=\"attachment-thumbnail size-thumbnail\" alt=\"\" decoding=\"async\" srcset=\"https:\/\/www.lichen.pl\/wp-content\/uploads\/2024\/07\/Festiwal-radosci-49-150x150.jpg 150w, https:\/\/www.lichen.pl\/wp-content\/uploads\/2024\/07\/Festiwal-radosci-49-300x300.jpg 300w\" sizes=\"(max-width: 150px) 100vw, 150px\" \/><\/a>\n\t\t\t<\/div><\/figure><figure class='gallery-item'>\n\t\t\t<div class='gallery-icon portrait'>\n\t\t\t\t<a data-elementor-open-lightbox=\"yes\" data-elementor-lightbox-slideshow=\"5c18869\" data-elementor-lightbox-title=\"Festiwal rado\u015bci (50)\" data-e-action-hash=\"#elementor-action%3Aaction%3Dlightbox%26settings%3DeyJpZCI6NzE4NDEsInVybCI6Imh0dHBzOlwvXC93d3cubGljaGVuLnBsXC93cC1jb250ZW50XC91cGxvYWRzXC8yMDI0XC8wN1wvRmVzdGl3YWwtcmFkb3NjaS01MC5qcGciLCJzbGlkZXNob3ciOiI1YzE4ODY5In0%3D\" href='https:\/\/www.lichen.pl\/wp-content\/uploads\/2024\/07\/Festiwal-radosci-50.jpg'><img loading=\"lazy\" width=\"150\" height=\"150\" src=\"https:\/\/www.lichen.pl\/wp-content\/uploads\/2024\/07\/Festiwal-radosci-50-150x150.jpg\" class=\"attachment-thumbnail size-thumbnail\" alt=\"\" decoding=\"async\" srcset=\"https:\/\/www.lichen.pl\/wp-content\/uploads\/2024\/07\/Festiwal-radosci-50-150x150.jpg 150w, https:\/\/www.lichen.pl\/wp-content\/uploads\/2024\/07\/Festiwal-radosci-50-300x300.jpg 300w\" sizes=\"(max-width: 150px) 100vw, 150px\" \/><\/a>\n\t\t\t<\/div><\/figure><figure class='gallery-item'>\n\t\t\t<div class='gallery-icon landscape'>\n\t\t\t\t<a data-elementor-open-lightbox=\"yes\" data-elementor-lightbox-slideshow=\"5c18869\" data-elementor-lightbox-title=\"Festiwal rado\u015bci (51)\" data-e-action-hash=\"#elementor-action%3Aaction%3Dlightbox%26settings%3DeyJpZCI6NzE4NDIsInVybCI6Imh0dHBzOlwvXC93d3cubGljaGVuLnBsXC93cC1jb250ZW50XC91cGxvYWRzXC8yMDI0XC8wN1wvRmVzdGl3YWwtcmFkb3NjaS01MS5qcGciLCJzbGlkZXNob3ciOiI1YzE4ODY5In0%3D\" href='https:\/\/www.lichen.pl\/wp-content\/uploads\/2024\/07\/Festiwal-radosci-51.jpg'><img loading=\"lazy\" width=\"150\" height=\"150\" src=\"https:\/\/www.lichen.pl\/wp-content\/uploads\/2024\/07\/Festiwal-radosci-51-150x150.jpg\" class=\"attachment-thumbnail size-thumbnail\" alt=\"\" decoding=\"async\" srcset=\"https:\/\/www.lichen.pl\/wp-content\/uploads\/2024\/07\/Festiwal-radosci-51-150x150.jpg 150w, https:\/\/www.lichen.pl\/wp-content\/uploads\/2024\/07\/Festiwal-radosci-51-300x300.jpg 300w\" sizes=\"(max-width: 150px) 100vw, 150px\" \/><\/a>\n\t\t\t<\/div><\/figure><figure class='gallery-item'>\n\t\t\t<div class='gallery-icon portrait'>\n\t\t\t\t<a data-elementor-open-lightbox=\"yes\" data-elementor-lightbox-slideshow=\"5c18869\" data-elementor-lightbox-title=\"Festiwal rado\u015bci (52)\" data-e-action-hash=\"#elementor-action%3Aaction%3Dlightbox%26settings%3DeyJpZCI6NzE4NDMsInVybCI6Imh0dHBzOlwvXC93d3cubGljaGVuLnBsXC93cC1jb250ZW50XC91cGxvYWRzXC8yMDI0XC8wN1wvRmVzdGl3YWwtcmFkb3NjaS01Mi5qcGciLCJzbGlkZXNob3ciOiI1YzE4ODY5In0%3D\" href='https:\/\/www.lichen.pl\/wp-content\/uploads\/2024\/07\/Festiwal-radosci-52.jpg'><img loading=\"lazy\" width=\"150\" height=\"150\" src=\"https:\/\/www.lichen.pl\/wp-content\/uploads\/2024\/07\/Festiwal-radosci-52-150x150.jpg\" class=\"attachment-thumbnail size-thumbnail\" alt=\"\" decoding=\"async\" srcset=\"https:\/\/www.lichen.pl\/wp-content\/uploads\/2024\/07\/Festiwal-radosci-52-150x150.jpg 150w, https:\/\/www.lichen.pl\/wp-content\/uploads\/2024\/07\/Festiwal-radosci-52-300x300.jpg 300w\" sizes=\"(max-width: 150px) 100vw, 150px\" \/><\/a>\n\t\t\t<\/div><\/figure><figure class='gallery-item'>\n\t\t\t<div class='gallery-icon portrait'>\n\t\t\t\t<a data-elementor-open-lightbox=\"yes\" data-elementor-lightbox-slideshow=\"5c18869\" data-elementor-lightbox-title=\"Festiwal rado\u015bci (53)\" data-e-action-hash=\"#elementor-action%3Aaction%3Dlightbox%26settings%3DeyJpZCI6NzE4NDQsInVybCI6Imh0dHBzOlwvXC93d3cubGljaGVuLnBsXC93cC1jb250ZW50XC91cGxvYWRzXC8yMDI0XC8wN1wvRmVzdGl3YWwtcmFkb3NjaS01My5qcGciLCJzbGlkZXNob3ciOiI1YzE4ODY5In0%3D\" href='https:\/\/www.lichen.pl\/wp-content\/uploads\/2024\/07\/Festiwal-radosci-53.jpg'><img loading=\"lazy\" width=\"150\" height=\"150\" src=\"https:\/\/www.lichen.pl\/wp-content\/uploads\/2024\/07\/Festiwal-radosci-53-150x150.jpg\" class=\"attachment-thumbnail size-thumbnail\" alt=\"\" decoding=\"async\" srcset=\"https:\/\/www.lichen.pl\/wp-content\/uploads\/2024\/07\/Festiwal-radosci-53-150x150.jpg 150w, https:\/\/www.lichen.pl\/wp-content\/uploads\/2024\/07\/Festiwal-radosci-53-300x300.jpg 300w\" sizes=\"(max-width: 150px) 100vw, 150px\" \/><\/a>\n\t\t\t<\/div><\/figure><figure class='gallery-item'>\n\t\t\t<div class='gallery-icon portrait'>\n\t\t\t\t<a data-elementor-open-lightbox=\"yes\" data-elementor-lightbox-slideshow=\"5c18869\" data-elementor-lightbox-title=\"Festiwal rado\u015bci (54)\" data-e-action-hash=\"#elementor-action%3Aaction%3Dlightbox%26settings%3DeyJpZCI6NzE4NDUsInVybCI6Imh0dHBzOlwvXC93d3cubGljaGVuLnBsXC93cC1jb250ZW50XC91cGxvYWRzXC8yMDI0XC8wN1wvRmVzdGl3YWwtcmFkb3NjaS01NC5qcGciLCJzbGlkZXNob3ciOiI1YzE4ODY5In0%3D\" href='https:\/\/www.lichen.pl\/wp-content\/uploads\/2024\/07\/Festiwal-radosci-54.jpg'><img loading=\"lazy\" width=\"150\" height=\"150\" src=\"https:\/\/www.lichen.pl\/wp-content\/uploads\/2024\/07\/Festiwal-radosci-54-150x150.jpg\" class=\"attachment-thumbnail size-thumbnail\" alt=\"\" decoding=\"async\" srcset=\"https:\/\/www.lichen.pl\/wp-content\/uploads\/2024\/07\/Festiwal-radosci-54-150x150.jpg 150w, https:\/\/www.lichen.pl\/wp-content\/uploads\/2024\/07\/Festiwal-radosci-54-300x300.jpg 300w\" sizes=\"(max-width: 150px) 100vw, 150px\" \/><\/a>\n\t\t\t<\/div><\/figure><figure class='gallery-item'>\n\t\t\t<div class='gallery-icon landscape'>\n\t\t\t\t<a data-elementor-open-lightbox=\"yes\" data-elementor-lightbox-slideshow=\"5c18869\" data-elementor-lightbox-title=\"Festiwal rado\u015bci (55)\" data-e-action-hash=\"#elementor-action%3Aaction%3Dlightbox%26settings%3DeyJpZCI6NzE4NDYsInVybCI6Imh0dHBzOlwvXC93d3cubGljaGVuLnBsXC93cC1jb250ZW50XC91cGxvYWRzXC8yMDI0XC8wN1wvRmVzdGl3YWwtcmFkb3NjaS01NS5qcGciLCJzbGlkZXNob3ciOiI1YzE4ODY5In0%3D\" href='https:\/\/www.lichen.pl\/wp-content\/uploads\/2024\/07\/Festiwal-radosci-55.jpg'><img loading=\"lazy\" width=\"150\" height=\"150\" src=\"https:\/\/www.lichen.pl\/wp-content\/uploads\/2024\/07\/Festiwal-radosci-55-150x150.jpg\" class=\"attachment-thumbnail size-thumbnail\" alt=\"\" decoding=\"async\" srcset=\"https:\/\/www.lichen.pl\/wp-content\/uploads\/2024\/07\/Festiwal-radosci-55-150x150.jpg 150w, https:\/\/www.lichen.pl\/wp-content\/uploads\/2024\/07\/Festiwal-radosci-55-300x300.jpg 300w\" sizes=\"(max-width: 150px) 100vw, 150px\" \/><\/a>\n\t\t\t<\/div><\/figure><figure class='gallery-item'>\n\t\t\t<div class='gallery-icon landscape'>\n\t\t\t\t<a data-elementor-open-lightbox=\"yes\" data-elementor-lightbox-slideshow=\"5c18869\" data-elementor-lightbox-title=\"Festiwal rado\u015bci (56)\" data-e-action-hash=\"#elementor-action%3Aaction%3Dlightbox%26settings%3DeyJpZCI6NzE4NDcsInVybCI6Imh0dHBzOlwvXC93d3cubGljaGVuLnBsXC93cC1jb250ZW50XC91cGxvYWRzXC8yMDI0XC8wN1wvRmVzdGl3YWwtcmFkb3NjaS01Ni5qcGciLCJzbGlkZXNob3ciOiI1YzE4ODY5In0%3D\" href='https:\/\/www.lichen.pl\/wp-content\/uploads\/2024\/07\/Festiwal-radosci-56.jpg'><img loading=\"lazy\" width=\"150\" height=\"150\" src=\"https:\/\/www.lichen.pl\/wp-content\/uploads\/2024\/07\/Festiwal-radosci-56-150x150.jpg\" class=\"attachment-thumbnail size-thumbnail\" alt=\"\" decoding=\"async\" srcset=\"https:\/\/www.lichen.pl\/wp-content\/uploads\/2024\/07\/Festiwal-radosci-56-150x150.jpg 150w, https:\/\/www.lichen.pl\/wp-content\/uploads\/2024\/07\/Festiwal-radosci-56-300x300.jpg 300w\" sizes=\"(max-width: 150px) 100vw, 150px\" \/><\/a>\n\t\t\t<\/div><\/figure><figure class='gallery-item'>\n\t\t\t<div class='gallery-icon portrait'>\n\t\t\t\t<a data-elementor-open-lightbox=\"yes\" data-elementor-lightbox-slideshow=\"5c18869\" data-elementor-lightbox-title=\"Festiwal rado\u015bci (57)\" data-e-action-hash=\"#elementor-action%3Aaction%3Dlightbox%26settings%3DeyJpZCI6NzE4NDgsInVybCI6Imh0dHBzOlwvXC93d3cubGljaGVuLnBsXC93cC1jb250ZW50XC91cGxvYWRzXC8yMDI0XC8wN1wvRmVzdGl3YWwtcmFkb3NjaS01Ny5qcGciLCJzbGlkZXNob3ciOiI1YzE4ODY5In0%3D\" href='https:\/\/www.lichen.pl\/wp-content\/uploads\/2024\/07\/Festiwal-radosci-57.jpg'><img loading=\"lazy\" width=\"150\" height=\"150\" src=\"https:\/\/www.lichen.pl\/wp-content\/uploads\/2024\/07\/Festiwal-radosci-57-150x150.jpg\" class=\"attachment-thumbnail size-thumbnail\" alt=\"\" decoding=\"async\" srcset=\"https:\/\/www.lichen.pl\/wp-content\/uploads\/2024\/07\/Festiwal-radosci-57-150x150.jpg 150w, https:\/\/www.lichen.pl\/wp-content\/uploads\/2024\/07\/Festiwal-radosci-57-300x300.jpg 300w\" sizes=\"(max-width: 150px) 100vw, 150px\" \/><\/a>\n\t\t\t<\/div><\/figure><figure class='gallery-item'>\n\t\t\t<div class='gallery-icon portrait'>\n\t\t\t\t<a data-elementor-open-lightbox=\"yes\" data-elementor-lightbox-slideshow=\"5c18869\" data-elementor-lightbox-title=\"Festiwal rado\u015bci (58)\" data-e-action-hash=\"#elementor-action%3Aaction%3Dlightbox%26settings%3DeyJpZCI6NzE4NDksInVybCI6Imh0dHBzOlwvXC93d3cubGljaGVuLnBsXC93cC1jb250ZW50XC91cGxvYWRzXC8yMDI0XC8wN1wvRmVzdGl3YWwtcmFkb3NjaS01OC5qcGciLCJzbGlkZXNob3ciOiI1YzE4ODY5In0%3D\" href='https:\/\/www.lichen.pl\/wp-content\/uploads\/2024\/07\/Festiwal-radosci-58.jpg'><img loading=\"lazy\" width=\"150\" height=\"150\" src=\"https:\/\/www.lichen.pl\/wp-content\/uploads\/2024\/07\/Festiwal-radosci-58-150x150.jpg\" class=\"attachment-thumbnail size-thumbnail\" alt=\"\" decoding=\"async\" srcset=\"https:\/\/www.lichen.pl\/wp-content\/uploads\/2024\/07\/Festiwal-radosci-58-150x150.jpg 150w, https:\/\/www.lichen.pl\/wp-content\/uploads\/2024\/07\/Festiwal-radosci-58-300x300.jpg 300w\" sizes=\"(max-width: 150px) 100vw, 150px\" \/><\/a>\n\t\t\t<\/div><\/figure><figure class='gallery-item'>\n\t\t\t<div class='gallery-icon landscape'>\n\t\t\t\t<a data-elementor-open-lightbox=\"yes\" data-elementor-lightbox-slideshow=\"5c18869\" data-elementor-lightbox-title=\"Festiwal rado\u015bci (59)\" data-e-action-hash=\"#elementor-action%3Aaction%3Dlightbox%26settings%3DeyJpZCI6NzE4NTAsInVybCI6Imh0dHBzOlwvXC93d3cubGljaGVuLnBsXC93cC1jb250ZW50XC91cGxvYWRzXC8yMDI0XC8wN1wvRmVzdGl3YWwtcmFkb3NjaS01OS5qcGciLCJzbGlkZXNob3ciOiI1YzE4ODY5In0%3D\" href='https:\/\/www.lichen.pl\/wp-content\/uploads\/2024\/07\/Festiwal-radosci-59.jpg'><img loading=\"lazy\" width=\"150\" height=\"150\" src=\"https:\/\/www.lichen.pl\/wp-content\/uploads\/2024\/07\/Festiwal-radosci-59-150x150.jpg\" class=\"attachment-thumbnail size-thumbnail\" alt=\"\" decoding=\"async\" srcset=\"https:\/\/www.lichen.pl\/wp-content\/uploads\/2024\/07\/Festiwal-radosci-59-150x150.jpg 150w, https:\/\/www.lichen.pl\/wp-content\/uploads\/2024\/07\/Festiwal-radosci-59-300x300.jpg 300w\" sizes=\"(max-width: 150px) 100vw, 150px\" \/><\/a>\n\t\t\t<\/div><\/figure><figure class='gallery-item'>\n\t\t\t<div class='gallery-icon landscape'>\n\t\t\t\t<a data-elementor-open-lightbox=\"yes\" data-elementor-lightbox-slideshow=\"5c18869\" data-elementor-lightbox-title=\"Festiwal rado\u015bci (60)\" data-e-action-hash=\"#elementor-action%3Aaction%3Dlightbox%26settings%3DeyJpZCI6NzE4NTEsInVybCI6Imh0dHBzOlwvXC93d3cubGljaGVuLnBsXC93cC1jb250ZW50XC91cGxvYWRzXC8yMDI0XC8wN1wvRmVzdGl3YWwtcmFkb3NjaS02MC5qcGciLCJzbGlkZXNob3ciOiI1YzE4ODY5In0%3D\" href='https:\/\/www.lichen.pl\/wp-content\/uploads\/2024\/07\/Festiwal-radosci-60.jpg'><img loading=\"lazy\" width=\"150\" height=\"150\" src=\"https:\/\/www.lichen.pl\/wp-content\/uploads\/2024\/07\/Festiwal-radosci-60-150x150.jpg\" class=\"attachment-thumbnail size-thumbnail\" alt=\"\" decoding=\"async\" srcset=\"https:\/\/www.lichen.pl\/wp-content\/uploads\/2024\/07\/Festiwal-radosci-60-150x150.jpg 150w, https:\/\/www.lichen.pl\/wp-content\/uploads\/2024\/07\/Festiwal-radosci-60-300x300.jpg 300w\" sizes=\"(max-width: 150px) 100vw, 150px\" \/><\/a>\n\t\t\t<\/div><\/figure><figure class='gallery-item'>\n\t\t\t<div class='gallery-icon landscape'>\n\t\t\t\t<a data-elementor-open-lightbox=\"yes\" data-elementor-lightbox-slideshow=\"5c18869\" data-elementor-lightbox-title=\"Festiwal rado\u015bci (61)\" data-e-action-hash=\"#elementor-action%3Aaction%3Dlightbox%26settings%3DeyJpZCI6NzE4NTIsInVybCI6Imh0dHBzOlwvXC93d3cubGljaGVuLnBsXC93cC1jb250ZW50XC91cGxvYWRzXC8yMDI0XC8wN1wvRmVzdGl3YWwtcmFkb3NjaS02MS5qcGciLCJzbGlkZXNob3ciOiI1YzE4ODY5In0%3D\" href='https:\/\/www.lichen.pl\/wp-content\/uploads\/2024\/07\/Festiwal-radosci-61.jpg'><img loading=\"lazy\" width=\"150\" height=\"150\" src=\"https:\/\/www.lichen.pl\/wp-content\/uploads\/2024\/07\/Festiwal-radosci-61-150x150.jpg\" class=\"attachment-thumbnail size-thumbnail\" alt=\"\" decoding=\"async\" srcset=\"https:\/\/www.lichen.pl\/wp-content\/uploads\/2024\/07\/Festiwal-radosci-61-150x150.jpg 150w, https:\/\/www.lichen.pl\/wp-content\/uploads\/2024\/07\/Festiwal-radosci-61-300x300.jpg 300w\" sizes=\"(max-width: 150px) 100vw, 150px\" \/><\/a>\n\t\t\t<\/div><\/figure><figure class='gallery-item'>\n\t\t\t<div class='gallery-icon landscape'>\n\t\t\t\t<a data-elementor-open-lightbox=\"yes\" data-elementor-lightbox-slideshow=\"5c18869\" data-elementor-lightbox-title=\"Festiwal rado\u015bci (62)\" data-e-action-hash=\"#elementor-action%3Aaction%3Dlightbox%26settings%3DeyJpZCI6NzE4NTMsInVybCI6Imh0dHBzOlwvXC93d3cubGljaGVuLnBsXC93cC1jb250ZW50XC91cGxvYWRzXC8yMDI0XC8wN1wvRmVzdGl3YWwtcmFkb3NjaS02Mi5qcGciLCJzbGlkZXNob3ciOiI1YzE4ODY5In0%3D\" href='https:\/\/www.lichen.pl\/wp-content\/uploads\/2024\/07\/Festiwal-radosci-62.jpg'><img loading=\"lazy\" width=\"150\" height=\"150\" src=\"https:\/\/www.lichen.pl\/wp-content\/uploads\/2024\/07\/Festiwal-radosci-62-150x150.jpg\" class=\"attachment-thumbnail size-thumbnail\" alt=\"\" decoding=\"async\" srcset=\"https:\/\/www.lichen.pl\/wp-content\/uploads\/2024\/07\/Festiwal-radosci-62-150x150.jpg 150w, https:\/\/www.lichen.pl\/wp-content\/uploads\/2024\/07\/Festiwal-radosci-62-300x300.jpg 300w\" sizes=\"(max-width: 150px) 100vw, 150px\" \/><\/a>\n\t\t\t<\/div><\/figure><figure class='gallery-item'>\n\t\t\t<div class='gallery-icon portrait'>\n\t\t\t\t<a data-elementor-open-lightbox=\"yes\" data-elementor-lightbox-slideshow=\"5c18869\" data-elementor-lightbox-title=\"Festiwal rado\u015bci (63)\" data-e-action-hash=\"#elementor-action%3Aaction%3Dlightbox%26settings%3DeyJpZCI6NzE4NTQsInVybCI6Imh0dHBzOlwvXC93d3cubGljaGVuLnBsXC93cC1jb250ZW50XC91cGxvYWRzXC8yMDI0XC8wN1wvRmVzdGl3YWwtcmFkb3NjaS02My5qcGciLCJzbGlkZXNob3ciOiI1YzE4ODY5In0%3D\" href='https:\/\/www.lichen.pl\/wp-content\/uploads\/2024\/07\/Festiwal-radosci-63.jpg'><img loading=\"lazy\" width=\"150\" height=\"150\" src=\"https:\/\/www.lichen.pl\/wp-content\/uploads\/2024\/07\/Festiwal-radosci-63-150x150.jpg\" class=\"attachment-thumbnail size-thumbnail\" alt=\"\" decoding=\"async\" srcset=\"https:\/\/www.lichen.pl\/wp-content\/uploads\/2024\/07\/Festiwal-radosci-63-150x150.jpg 150w, https:\/\/www.lichen.pl\/wp-content\/uploads\/2024\/07\/Festiwal-radosci-63-300x300.jpg 300w\" sizes=\"(max-width: 150px) 100vw, 150px\" \/><\/a>\n\t\t\t<\/div><\/figure><figure class='gallery-item'>\n\t\t\t<div class='gallery-icon landscape'>\n\t\t\t\t<a data-elementor-open-lightbox=\"yes\" data-elementor-lightbox-slideshow=\"5c18869\" data-elementor-lightbox-title=\"Festiwal rado\u015bci (64)\" data-e-action-hash=\"#elementor-action%3Aaction%3Dlightbox%26settings%3DeyJpZCI6NzE4NTUsInVybCI6Imh0dHBzOlwvXC93d3cubGljaGVuLnBsXC93cC1jb250ZW50XC91cGxvYWRzXC8yMDI0XC8wN1wvRmVzdGl3YWwtcmFkb3NjaS02NC5qcGciLCJzbGlkZXNob3ciOiI1YzE4ODY5In0%3D\" href='https:\/\/www.lichen.pl\/wp-content\/uploads\/2024\/07\/Festiwal-radosci-64.jpg'><img loading=\"lazy\" width=\"150\" height=\"150\" src=\"https:\/\/www.lichen.pl\/wp-content\/uploads\/2024\/07\/Festiwal-radosci-64-150x150.jpg\" class=\"attachment-thumbnail size-thumbnail\" alt=\"\" decoding=\"async\" srcset=\"https:\/\/www.lichen.pl\/wp-content\/uploads\/2024\/07\/Festiwal-radosci-64-150x150.jpg 150w, https:\/\/www.lichen.pl\/wp-content\/uploads\/2024\/07\/Festiwal-radosci-64-300x300.jpg 300w\" sizes=\"(max-width: 150px) 100vw, 150px\" \/><\/a>\n\t\t\t<\/div><\/figure><figure class='gallery-item'>\n\t\t\t<div class='gallery-icon landscape'>\n\t\t\t\t<a data-elementor-open-lightbox=\"yes\" data-elementor-lightbox-slideshow=\"5c18869\" data-elementor-lightbox-title=\"Festiwal rado\u015bci (65)\" data-e-action-hash=\"#elementor-action%3Aaction%3Dlightbox%26settings%3DeyJpZCI6NzE4NTYsInVybCI6Imh0dHBzOlwvXC93d3cubGljaGVuLnBsXC93cC1jb250ZW50XC91cGxvYWRzXC8yMDI0XC8wN1wvRmVzdGl3YWwtcmFkb3NjaS02NS5qcGciLCJzbGlkZXNob3ciOiI1YzE4ODY5In0%3D\" href='https:\/\/www.lichen.pl\/wp-content\/uploads\/2024\/07\/Festiwal-radosci-65.jpg'><img loading=\"lazy\" width=\"150\" height=\"150\" src=\"https:\/\/www.lichen.pl\/wp-content\/uploads\/2024\/07\/Festiwal-radosci-65-150x150.jpg\" class=\"attachment-thumbnail size-thumbnail\" alt=\"\" decoding=\"async\" srcset=\"https:\/\/www.lichen.pl\/wp-content\/uploads\/2024\/07\/Festiwal-radosci-65-150x150.jpg 150w, https:\/\/www.lichen.pl\/wp-content\/uploads\/2024\/07\/Festiwal-radosci-65-300x300.jpg 300w\" sizes=\"(max-width: 150px) 100vw, 150px\" \/><\/a>\n\t\t\t<\/div><\/figure><figure class='gallery-item'>\n\t\t\t<div class='gallery-icon portrait'>\n\t\t\t\t<a data-elementor-open-lightbox=\"yes\" data-elementor-lightbox-slideshow=\"5c18869\" data-elementor-lightbox-title=\"Festiwal rado\u015bci (66)\" data-e-action-hash=\"#elementor-action%3Aaction%3Dlightbox%26settings%3DeyJpZCI6NzE4NTcsInVybCI6Imh0dHBzOlwvXC93d3cubGljaGVuLnBsXC93cC1jb250ZW50XC91cGxvYWRzXC8yMDI0XC8wN1wvRmVzdGl3YWwtcmFkb3NjaS02Ni5qcGciLCJzbGlkZXNob3ciOiI1YzE4ODY5In0%3D\" href='https:\/\/www.lichen.pl\/wp-content\/uploads\/2024\/07\/Festiwal-radosci-66.jpg'><img loading=\"lazy\" width=\"150\" height=\"150\" src=\"https:\/\/www.lichen.pl\/wp-content\/uploads\/2024\/07\/Festiwal-radosci-66-150x150.jpg\" class=\"attachment-thumbnail size-thumbnail\" alt=\"\" decoding=\"async\" srcset=\"https:\/\/www.lichen.pl\/wp-content\/uploads\/2024\/07\/Festiwal-radosci-66-150x150.jpg 150w, https:\/\/www.lichen.pl\/wp-content\/uploads\/2024\/07\/Festiwal-radosci-66-300x300.jpg 300w\" sizes=\"(max-width: 150px) 100vw, 150px\" \/><\/a>\n\t\t\t<\/div><\/figure><figure class='gallery-item'>\n\t\t\t<div class='gallery-icon landscape'>\n\t\t\t\t<a data-elementor-open-lightbox=\"yes\" data-elementor-lightbox-slideshow=\"5c18869\" data-elementor-lightbox-title=\"Festiwal rado\u015bci (67)\" data-e-action-hash=\"#elementor-action%3Aaction%3Dlightbox%26settings%3DeyJpZCI6NzE4NTgsInVybCI6Imh0dHBzOlwvXC93d3cubGljaGVuLnBsXC93cC1jb250ZW50XC91cGxvYWRzXC8yMDI0XC8wN1wvRmVzdGl3YWwtcmFkb3NjaS02Ny5qcGciLCJzbGlkZXNob3ciOiI1YzE4ODY5In0%3D\" href='https:\/\/www.lichen.pl\/wp-content\/uploads\/2024\/07\/Festiwal-radosci-67.jpg'><img loading=\"lazy\" width=\"150\" height=\"150\" src=\"https:\/\/www.lichen.pl\/wp-content\/uploads\/2024\/07\/Festiwal-radosci-67-150x150.jpg\" class=\"attachment-thumbnail size-thumbnail\" alt=\"\" decoding=\"async\" srcset=\"https:\/\/www.lichen.pl\/wp-content\/uploads\/2024\/07\/Festiwal-radosci-67-150x150.jpg 150w, https:\/\/www.lichen.pl\/wp-content\/uploads\/2024\/07\/Festiwal-radosci-67-300x300.jpg 300w\" sizes=\"(max-width: 150px) 100vw, 150px\" \/><\/a>\n\t\t\t<\/div><\/figure><figure class='gallery-item'>\n\t\t\t<div class='gallery-icon portrait'>\n\t\t\t\t<a data-elementor-open-lightbox=\"yes\" data-elementor-lightbox-slideshow=\"5c18869\" data-elementor-lightbox-title=\"Festiwal rado\u015bci (68)\" data-e-action-hash=\"#elementor-action%3Aaction%3Dlightbox%26settings%3DeyJpZCI6NzE4NTksInVybCI6Imh0dHBzOlwvXC93d3cubGljaGVuLnBsXC93cC1jb250ZW50XC91cGxvYWRzXC8yMDI0XC8wN1wvRmVzdGl3YWwtcmFkb3NjaS02OC5qcGciLCJzbGlkZXNob3ciOiI1YzE4ODY5In0%3D\" href='https:\/\/www.lichen.pl\/wp-content\/uploads\/2024\/07\/Festiwal-radosci-68.jpg'><img loading=\"lazy\" width=\"150\" height=\"150\" src=\"https:\/\/www.lichen.pl\/wp-content\/uploads\/2024\/07\/Festiwal-radosci-68-150x150.jpg\" class=\"attachment-thumbnail size-thumbnail\" alt=\"\" decoding=\"async\" srcset=\"https:\/\/www.lichen.pl\/wp-content\/uploads\/2024\/07\/Festiwal-radosci-68-150x150.jpg 150w, https:\/\/www.lichen.pl\/wp-content\/uploads\/2024\/07\/Festiwal-radosci-68-300x300.jpg 300w\" sizes=\"(max-width: 150px) 100vw, 150px\" \/><\/a>\n\t\t\t<\/div><\/figure><figure class='gallery-item'>\n\t\t\t<div class='gallery-icon landscape'>\n\t\t\t\t<a data-elementor-open-lightbox=\"yes\" data-elementor-lightbox-slideshow=\"5c18869\" data-elementor-lightbox-title=\"Festiwal rado\u015bci (69)\" data-e-action-hash=\"#elementor-action%3Aaction%3Dlightbox%26settings%3DeyJpZCI6NzE4NjAsInVybCI6Imh0dHBzOlwvXC93d3cubGljaGVuLnBsXC93cC1jb250ZW50XC91cGxvYWRzXC8yMDI0XC8wN1wvRmVzdGl3YWwtcmFkb3NjaS02OS5qcGciLCJzbGlkZXNob3ciOiI1YzE4ODY5In0%3D\" href='https:\/\/www.lichen.pl\/wp-content\/uploads\/2024\/07\/Festiwal-radosci-69.jpg'><img loading=\"lazy\" width=\"150\" height=\"150\" src=\"https:\/\/www.lichen.pl\/wp-content\/uploads\/2024\/07\/Festiwal-radosci-69-150x150.jpg\" class=\"attachment-thumbnail size-thumbnail\" alt=\"\" decoding=\"async\" srcset=\"https:\/\/www.lichen.pl\/wp-content\/uploads\/2024\/07\/Festiwal-radosci-69-150x150.jpg 150w, https:\/\/www.lichen.pl\/wp-content\/uploads\/2024\/07\/Festiwal-radosci-69-300x300.jpg 300w\" sizes=\"(max-width: 150px) 100vw, 150px\" \/><\/a>\n\t\t\t<\/div><\/figure><figure class='gallery-item'>\n\t\t\t<div class='gallery-icon landscape'>\n\t\t\t\t<a data-elementor-open-lightbox=\"yes\" data-elementor-lightbox-slideshow=\"5c18869\" data-elementor-lightbox-title=\"Festiwal rado\u015bci (70)\" data-e-action-hash=\"#elementor-action%3Aaction%3Dlightbox%26settings%3DeyJpZCI6NzE4NjEsInVybCI6Imh0dHBzOlwvXC93d3cubGljaGVuLnBsXC93cC1jb250ZW50XC91cGxvYWRzXC8yMDI0XC8wN1wvRmVzdGl3YWwtcmFkb3NjaS03MC5qcGciLCJzbGlkZXNob3ciOiI1YzE4ODY5In0%3D\" href='https:\/\/www.lichen.pl\/wp-content\/uploads\/2024\/07\/Festiwal-radosci-70.jpg'><img loading=\"lazy\" width=\"150\" height=\"150\" src=\"https:\/\/www.lichen.pl\/wp-content\/uploads\/2024\/07\/Festiwal-radosci-70-150x150.jpg\" class=\"attachment-thumbnail size-thumbnail\" alt=\"\" decoding=\"async\" srcset=\"https:\/\/www.lichen.pl\/wp-content\/uploads\/2024\/07\/Festiwal-radosci-70-150x150.jpg 150w, https:\/\/www.lichen.pl\/wp-content\/uploads\/2024\/07\/Festiwal-radosci-70-300x300.jpg 300w\" sizes=\"(max-width: 150px) 100vw, 150px\" \/><\/a>\n\t\t\t<\/div><\/figure><figure class='gallery-item'>\n\t\t\t<div class='gallery-icon landscape'>\n\t\t\t\t<a data-elementor-open-lightbox=\"yes\" data-elementor-lightbox-slideshow=\"5c18869\" data-elementor-lightbox-title=\"Festiwal rado\u015bci (71)\" data-e-action-hash=\"#elementor-action%3Aaction%3Dlightbox%26settings%3DeyJpZCI6NzE4NjIsInVybCI6Imh0dHBzOlwvXC93d3cubGljaGVuLnBsXC93cC1jb250ZW50XC91cGxvYWRzXC8yMDI0XC8wN1wvRmVzdGl3YWwtcmFkb3NjaS03MS5qcGciLCJzbGlkZXNob3ciOiI1YzE4ODY5In0%3D\" href='https:\/\/www.lichen.pl\/wp-content\/uploads\/2024\/07\/Festiwal-radosci-71.jpg'><img loading=\"lazy\" width=\"150\" height=\"150\" src=\"https:\/\/www.lichen.pl\/wp-content\/uploads\/2024\/07\/Festiwal-radosci-71-150x150.jpg\" class=\"attachment-thumbnail size-thumbnail\" alt=\"\" decoding=\"async\" srcset=\"https:\/\/www.lichen.pl\/wp-content\/uploads\/2024\/07\/Festiwal-radosci-71-150x150.jpg 150w, https:\/\/www.lichen.pl\/wp-content\/uploads\/2024\/07\/Festiwal-radosci-71-300x300.jpg 300w\" sizes=\"(max-width: 150px) 100vw, 150px\" \/><\/a>\n\t\t\t<\/div><\/figure><figure class='gallery-item'>\n\t\t\t<div class='gallery-icon landscape'>\n\t\t\t\t<a data-elementor-open-lightbox=\"yes\" data-elementor-lightbox-slideshow=\"5c18869\" data-elementor-lightbox-title=\"Festiwal rado\u015bci (72)\" data-e-action-hash=\"#elementor-action%3Aaction%3Dlightbox%26settings%3DeyJpZCI6NzE4NjMsInVybCI6Imh0dHBzOlwvXC93d3cubGljaGVuLnBsXC93cC1jb250ZW50XC91cGxvYWRzXC8yMDI0XC8wN1wvRmVzdGl3YWwtcmFkb3NjaS03Mi5qcGciLCJzbGlkZXNob3ciOiI1YzE4ODY5In0%3D\" href='https:\/\/www.lichen.pl\/wp-content\/uploads\/2024\/07\/Festiwal-radosci-72.jpg'><img loading=\"lazy\" width=\"150\" height=\"150\" src=\"https:\/\/www.lichen.pl\/wp-content\/uploads\/2024\/07\/Festiwal-radosci-72-150x150.jpg\" class=\"attachment-thumbnail size-thumbnail\" alt=\"\" decoding=\"async\" srcset=\"https:\/\/www.lichen.pl\/wp-content\/uploads\/2024\/07\/Festiwal-radosci-72-150x150.jpg 150w, https:\/\/www.lichen.pl\/wp-content\/uploads\/2024\/07\/Festiwal-radosci-72-300x300.jpg 300w\" sizes=\"(max-width: 150px) 100vw, 150px\" \/><\/a>\n\t\t\t<\/div><\/figure><figure class='gallery-item'>\n\t\t\t<div class='gallery-icon landscape'>\n\t\t\t\t<a data-elementor-open-lightbox=\"yes\" data-elementor-lightbox-slideshow=\"5c18869\" data-elementor-lightbox-title=\"Festiwal rado\u015bci (73)\" data-e-action-hash=\"#elementor-action%3Aaction%3Dlightbox%26settings%3DeyJpZCI6NzE4NjQsInVybCI6Imh0dHBzOlwvXC93d3cubGljaGVuLnBsXC93cC1jb250ZW50XC91cGxvYWRzXC8yMDI0XC8wN1wvRmVzdGl3YWwtcmFkb3NjaS03My5qcGciLCJzbGlkZXNob3ciOiI1YzE4ODY5In0%3D\" href='https:\/\/www.lichen.pl\/wp-content\/uploads\/2024\/07\/Festiwal-radosci-73.jpg'><img loading=\"lazy\" width=\"150\" height=\"150\" src=\"https:\/\/www.lichen.pl\/wp-content\/uploads\/2024\/07\/Festiwal-radosci-73-150x150.jpg\" class=\"attachment-thumbnail size-thumbnail\" alt=\"\" decoding=\"async\" srcset=\"https:\/\/www.lichen.pl\/wp-content\/uploads\/2024\/07\/Festiwal-radosci-73-150x150.jpg 150w, https:\/\/www.lichen.pl\/wp-content\/uploads\/2024\/07\/Festiwal-radosci-73-300x300.jpg 300w\" sizes=\"(max-width: 150px) 100vw, 150px\" \/><\/a>\n\t\t\t<\/div><\/figure><figure class='gallery-item'>\n\t\t\t<div class='gallery-icon landscape'>\n\t\t\t\t<a data-elementor-open-lightbox=\"yes\" data-elementor-lightbox-slideshow=\"5c18869\" data-elementor-lightbox-title=\"Festiwal rado\u015bci (74)\" data-e-action-hash=\"#elementor-action%3Aaction%3Dlightbox%26settings%3DeyJpZCI6NzE4NjUsInVybCI6Imh0dHBzOlwvXC93d3cubGljaGVuLnBsXC93cC1jb250ZW50XC91cGxvYWRzXC8yMDI0XC8wN1wvRmVzdGl3YWwtcmFkb3NjaS03NC5qcGciLCJzbGlkZXNob3ciOiI1YzE4ODY5In0%3D\" href='https:\/\/www.lichen.pl\/wp-content\/uploads\/2024\/07\/Festiwal-radosci-74.jpg'><img loading=\"lazy\" width=\"150\" height=\"150\" src=\"https:\/\/www.lichen.pl\/wp-content\/uploads\/2024\/07\/Festiwal-radosci-74-150x150.jpg\" class=\"attachment-thumbnail size-thumbnail\" alt=\"\" decoding=\"async\" srcset=\"https:\/\/www.lichen.pl\/wp-content\/uploads\/2024\/07\/Festiwal-radosci-74-150x150.jpg 150w, https:\/\/www.lichen.pl\/wp-content\/uploads\/2024\/07\/Festiwal-radosci-74-300x300.jpg 300w\" sizes=\"(max-width: 150px) 100vw, 150px\" \/><\/a>\n\t\t\t<\/div><\/figure><figure class='gallery-item'>\n\t\t\t<div class='gallery-icon landscape'>\n\t\t\t\t<a data-elementor-open-lightbox=\"yes\" data-elementor-lightbox-slideshow=\"5c18869\" data-elementor-lightbox-title=\"Festiwal rado\u015bci (75)\" data-e-action-hash=\"#elementor-action%3Aaction%3Dlightbox%26settings%3DeyJpZCI6NzE4NjYsInVybCI6Imh0dHBzOlwvXC93d3cubGljaGVuLnBsXC93cC1jb250ZW50XC91cGxvYWRzXC8yMDI0XC8wN1wvRmVzdGl3YWwtcmFkb3NjaS03NS5qcGciLCJzbGlkZXNob3ciOiI1YzE4ODY5In0%3D\" href='https:\/\/www.lichen.pl\/wp-content\/uploads\/2024\/07\/Festiwal-radosci-75.jpg'><img loading=\"lazy\" width=\"150\" height=\"150\" src=\"https:\/\/www.lichen.pl\/wp-content\/uploads\/2024\/07\/Festiwal-radosci-75-150x150.jpg\" class=\"attachment-thumbnail size-thumbnail\" alt=\"\" decoding=\"async\" srcset=\"https:\/\/www.lichen.pl\/wp-content\/uploads\/2024\/07\/Festiwal-radosci-75-150x150.jpg 150w, https:\/\/www.lichen.pl\/wp-content\/uploads\/2024\/07\/Festiwal-radosci-75-300x300.jpg 300w\" sizes=\"(max-width: 150px) 100vw, 150px\" \/><\/a>\n\t\t\t<\/div><\/figure><figure class='gallery-item'>\n\t\t\t<div class='gallery-icon landscape'>\n\t\t\t\t<a data-elementor-open-lightbox=\"yes\" data-elementor-lightbox-slideshow=\"5c18869\" data-elementor-lightbox-title=\"Festiwal rado\u015bci (76)\" data-e-action-hash=\"#elementor-action%3Aaction%3Dlightbox%26settings%3DeyJpZCI6NzE4NjcsInVybCI6Imh0dHBzOlwvXC93d3cubGljaGVuLnBsXC93cC1jb250ZW50XC91cGxvYWRzXC8yMDI0XC8wN1wvRmVzdGl3YWwtcmFkb3NjaS03Ni5qcGciLCJzbGlkZXNob3ciOiI1YzE4ODY5In0%3D\" href='https:\/\/www.lichen.pl\/wp-content\/uploads\/2024\/07\/Festiwal-radosci-76.jpg'><img loading=\"lazy\" width=\"150\" height=\"150\" src=\"https:\/\/www.lichen.pl\/wp-content\/uploads\/2024\/07\/Festiwal-radosci-76-150x150.jpg\" class=\"attachment-thumbnail size-thumbnail\" alt=\"\" decoding=\"async\" srcset=\"https:\/\/www.lichen.pl\/wp-content\/uploads\/2024\/07\/Festiwal-radosci-76-150x150.jpg 150w, https:\/\/www.lichen.pl\/wp-content\/uploads\/2024\/07\/Festiwal-radosci-76-300x300.jpg 300w\" sizes=\"(max-width: 150px) 100vw, 150px\" \/><\/a>\n\t\t\t<\/div><\/figure><figure class='gallery-item'>\n\t\t\t<div class='gallery-icon landscape'>\n\t\t\t\t<a data-elementor-open-lightbox=\"yes\" data-elementor-lightbox-slideshow=\"5c18869\" data-elementor-lightbox-title=\"Festiwal rado\u015bci (77)\" data-e-action-hash=\"#elementor-action%3Aaction%3Dlightbox%26settings%3DeyJpZCI6NzE4NjgsInVybCI6Imh0dHBzOlwvXC93d3cubGljaGVuLnBsXC93cC1jb250ZW50XC91cGxvYWRzXC8yMDI0XC8wN1wvRmVzdGl3YWwtcmFkb3NjaS03Ny5qcGciLCJzbGlkZXNob3ciOiI1YzE4ODY5In0%3D\" href='https:\/\/www.lichen.pl\/wp-content\/uploads\/2024\/07\/Festiwal-radosci-77.jpg'><img loading=\"lazy\" width=\"150\" height=\"150\" src=\"https:\/\/www.lichen.pl\/wp-content\/uploads\/2024\/07\/Festiwal-radosci-77-150x150.jpg\" class=\"attachment-thumbnail size-thumbnail\" alt=\"\" decoding=\"async\" srcset=\"https:\/\/www.lichen.pl\/wp-content\/uploads\/2024\/07\/Festiwal-radosci-77-150x150.jpg 150w, https:\/\/www.lichen.pl\/wp-content\/uploads\/2024\/07\/Festiwal-radosci-77-300x300.jpg 300w\" sizes=\"(max-width: 150px) 100vw, 150px\" \/><\/a>\n\t\t\t<\/div><\/figure><figure class='gallery-item'>\n\t\t\t<div class='gallery-icon landscape'>\n\t\t\t\t<a data-elementor-open-lightbox=\"yes\" data-elementor-lightbox-slideshow=\"5c18869\" data-elementor-lightbox-title=\"Festiwal rado\u015bci (78)\" data-e-action-hash=\"#elementor-action%3Aaction%3Dlightbox%26settings%3DeyJpZCI6NzE4NjksInVybCI6Imh0dHBzOlwvXC93d3cubGljaGVuLnBsXC93cC1jb250ZW50XC91cGxvYWRzXC8yMDI0XC8wN1wvRmVzdGl3YWwtcmFkb3NjaS03OC5qcGciLCJzbGlkZXNob3ciOiI1YzE4ODY5In0%3D\" href='https:\/\/www.lichen.pl\/wp-content\/uploads\/2024\/07\/Festiwal-radosci-78.jpg'><img loading=\"lazy\" width=\"150\" height=\"150\" src=\"https:\/\/www.lichen.pl\/wp-content\/uploads\/2024\/07\/Festiwal-radosci-78-150x150.jpg\" class=\"attachment-thumbnail size-thumbnail\" alt=\"\" decoding=\"async\" srcset=\"https:\/\/www.lichen.pl\/wp-content\/uploads\/2024\/07\/Festiwal-radosci-78-150x150.jpg 150w, https:\/\/www.lichen.pl\/wp-content\/uploads\/2024\/07\/Festiwal-radosci-78-300x300.jpg 300w\" sizes=\"(max-width: 150px) 100vw, 150px\" \/><\/a>\n\t\t\t<\/div><\/figure><figure class='gallery-item'>\n\t\t\t<div class='gallery-icon landscape'>\n\t\t\t\t<a data-elementor-open-lightbox=\"yes\" data-elementor-lightbox-slideshow=\"5c18869\" data-elementor-lightbox-title=\"Festiwal rado\u015bci (79)\" data-e-action-hash=\"#elementor-action%3Aaction%3Dlightbox%26settings%3DeyJpZCI6NzE4NzAsInVybCI6Imh0dHBzOlwvXC93d3cubGljaGVuLnBsXC93cC1jb250ZW50XC91cGxvYWRzXC8yMDI0XC8wN1wvRmVzdGl3YWwtcmFkb3NjaS03OS5qcGciLCJzbGlkZXNob3ciOiI1YzE4ODY5In0%3D\" href='https:\/\/www.lichen.pl\/wp-content\/uploads\/2024\/07\/Festiwal-radosci-79.jpg'><img loading=\"lazy\" width=\"150\" height=\"150\" src=\"https:\/\/www.lichen.pl\/wp-content\/uploads\/2024\/07\/Festiwal-radosci-79-150x150.jpg\" class=\"attachment-thumbnail size-thumbnail\" alt=\"\" decoding=\"async\" srcset=\"https:\/\/www.lichen.pl\/wp-content\/uploads\/2024\/07\/Festiwal-radosci-79-150x150.jpg 150w, https:\/\/www.lichen.pl\/wp-content\/uploads\/2024\/07\/Festiwal-radosci-79-300x300.jpg 300w\" sizes=\"(max-width: 150px) 100vw, 150px\" \/><\/a>\n\t\t\t<\/div><\/figure><figure class='gallery-item'>\n\t\t\t<div class='gallery-icon landscape'>\n\t\t\t\t<a data-elementor-open-lightbox=\"yes\" data-elementor-lightbox-slideshow=\"5c18869\" data-elementor-lightbox-title=\"Festiwal rado\u015bci (80)\" data-e-action-hash=\"#elementor-action%3Aaction%3Dlightbox%26settings%3DeyJpZCI6NzE4NzEsInVybCI6Imh0dHBzOlwvXC93d3cubGljaGVuLnBsXC93cC1jb250ZW50XC91cGxvYWRzXC8yMDI0XC8wN1wvRmVzdGl3YWwtcmFkb3NjaS04MC5qcGciLCJzbGlkZXNob3ciOiI1YzE4ODY5In0%3D\" href='https:\/\/www.lichen.pl\/wp-content\/uploads\/2024\/07\/Festiwal-radosci-80.jpg'><img loading=\"lazy\" width=\"150\" height=\"150\" src=\"https:\/\/www.lichen.pl\/wp-content\/uploads\/2024\/07\/Festiwal-radosci-80-150x150.jpg\" class=\"attachment-thumbnail size-thumbnail\" alt=\"\" decoding=\"async\" srcset=\"https:\/\/www.lichen.pl\/wp-content\/uploads\/2024\/07\/Festiwal-radosci-80-150x150.jpg 150w, https:\/\/www.lichen.pl\/wp-content\/uploads\/2024\/07\/Festiwal-radosci-80-300x300.jpg 300w\" sizes=\"(max-width: 150px) 100vw, 150px\" \/><\/a>\n\t\t\t<\/div><\/figure><figure class='gallery-item'>\n\t\t\t<div class='gallery-icon landscape'>\n\t\t\t\t<a data-elementor-open-lightbox=\"yes\" data-elementor-lightbox-slideshow=\"5c18869\" data-elementor-lightbox-title=\"Festiwal rado\u015bci (81)\" data-e-action-hash=\"#elementor-action%3Aaction%3Dlightbox%26settings%3DeyJpZCI6NzE4NzIsInVybCI6Imh0dHBzOlwvXC93d3cubGljaGVuLnBsXC93cC1jb250ZW50XC91cGxvYWRzXC8yMDI0XC8wN1wvRmVzdGl3YWwtcmFkb3NjaS04MS5qcGciLCJzbGlkZXNob3ciOiI1YzE4ODY5In0%3D\" href='https:\/\/www.lichen.pl\/wp-content\/uploads\/2024\/07\/Festiwal-radosci-81.jpg'><img loading=\"lazy\" width=\"150\" height=\"150\" src=\"https:\/\/www.lichen.pl\/wp-content\/uploads\/2024\/07\/Festiwal-radosci-81-150x150.jpg\" class=\"attachment-thumbnail size-thumbnail\" alt=\"\" decoding=\"async\" srcset=\"https:\/\/www.lichen.pl\/wp-content\/uploads\/2024\/07\/Festiwal-radosci-81-150x150.jpg 150w, https:\/\/www.lichen.pl\/wp-content\/uploads\/2024\/07\/Festiwal-radosci-81-300x300.jpg 300w\" sizes=\"(max-width: 150px) 100vw, 150px\" \/><\/a>\n\t\t\t<\/div><\/figure><figure class='gallery-item'>\n\t\t\t<div class='gallery-icon landscape'>\n\t\t\t\t<a data-elementor-open-lightbox=\"yes\" data-elementor-lightbox-slideshow=\"5c18869\" data-elementor-lightbox-title=\"Festiwal rado\u015bci (82)\" data-e-action-hash=\"#elementor-action%3Aaction%3Dlightbox%26settings%3DeyJpZCI6NzE4NzMsInVybCI6Imh0dHBzOlwvXC93d3cubGljaGVuLnBsXC93cC1jb250ZW50XC91cGxvYWRzXC8yMDI0XC8wN1wvRmVzdGl3YWwtcmFkb3NjaS04Mi5qcGciLCJzbGlkZXNob3ciOiI1YzE4ODY5In0%3D\" href='https:\/\/www.lichen.pl\/wp-content\/uploads\/2024\/07\/Festiwal-radosci-82.jpg'><img loading=\"lazy\" width=\"150\" height=\"150\" src=\"https:\/\/www.lichen.pl\/wp-content\/uploads\/2024\/07\/Festiwal-radosci-82-150x150.jpg\" class=\"attachment-thumbnail size-thumbnail\" alt=\"\" decoding=\"async\" srcset=\"https:\/\/www.lichen.pl\/wp-content\/uploads\/2024\/07\/Festiwal-radosci-82-150x150.jpg 150w, https:\/\/www.lichen.pl\/wp-content\/uploads\/2024\/07\/Festiwal-radosci-82-300x300.jpg 300w\" sizes=\"(max-width: 150px) 100vw, 150px\" \/><\/a>\n\t\t\t<\/div><\/figure><figure class='gallery-item'>\n\t\t\t<div class='gallery-icon landscape'>\n\t\t\t\t<a data-elementor-open-lightbox=\"yes\" data-elementor-lightbox-slideshow=\"5c18869\" data-elementor-lightbox-title=\"Festiwal rado\u015bci (83)\" data-e-action-hash=\"#elementor-action%3Aaction%3Dlightbox%26settings%3DeyJpZCI6NzE4NzQsInVybCI6Imh0dHBzOlwvXC93d3cubGljaGVuLnBsXC93cC1jb250ZW50XC91cGxvYWRzXC8yMDI0XC8wN1wvRmVzdGl3YWwtcmFkb3NjaS04My5qcGciLCJzbGlkZXNob3ciOiI1YzE4ODY5In0%3D\" href='https:\/\/www.lichen.pl\/wp-content\/uploads\/2024\/07\/Festiwal-radosci-83.jpg'><img loading=\"lazy\" width=\"150\" height=\"150\" src=\"https:\/\/www.lichen.pl\/wp-content\/uploads\/2024\/07\/Festiwal-radosci-83-150x150.jpg\" class=\"attachment-thumbnail size-thumbnail\" alt=\"\" decoding=\"async\" srcset=\"https:\/\/www.lichen.pl\/wp-content\/uploads\/2024\/07\/Festiwal-radosci-83-150x150.jpg 150w, https:\/\/www.lichen.pl\/wp-content\/uploads\/2024\/07\/Festiwal-radosci-83-300x300.jpg 300w\" sizes=\"(max-width: 150px) 100vw, 150px\" \/><\/a>\n\t\t\t<\/div><\/figure><figure class='gallery-item'>\n\t\t\t<div class='gallery-icon landscape'>\n\t\t\t\t<a data-elementor-open-lightbox=\"yes\" data-elementor-lightbox-slideshow=\"5c18869\" data-elementor-lightbox-title=\"Festiwal rado\u015bci (84)\" data-e-action-hash=\"#elementor-action%3Aaction%3Dlightbox%26settings%3DeyJpZCI6NzE4NzUsInVybCI6Imh0dHBzOlwvXC93d3cubGljaGVuLnBsXC93cC1jb250ZW50XC91cGxvYWRzXC8yMDI0XC8wN1wvRmVzdGl3YWwtcmFkb3NjaS04NC5qcGciLCJzbGlkZXNob3ciOiI1YzE4ODY5In0%3D\" href='https:\/\/www.lichen.pl\/wp-content\/uploads\/2024\/07\/Festiwal-radosci-84.jpg'><img loading=\"lazy\" width=\"150\" height=\"150\" src=\"https:\/\/www.lichen.pl\/wp-content\/uploads\/2024\/07\/Festiwal-radosci-84-150x150.jpg\" class=\"attachment-thumbnail size-thumbnail\" alt=\"\" decoding=\"async\" srcset=\"https:\/\/www.lichen.pl\/wp-content\/uploads\/2024\/07\/Festiwal-radosci-84-150x150.jpg 150w, https:\/\/www.lichen.pl\/wp-content\/uploads\/2024\/07\/Festiwal-radosci-84-300x300.jpg 300w\" sizes=\"(max-width: 150px) 100vw, 150px\" \/><\/a>\n\t\t\t<\/div><\/figure><figure class='gallery-item'>\n\t\t\t<div class='gallery-icon portrait'>\n\t\t\t\t<a data-elementor-open-lightbox=\"yes\" data-elementor-lightbox-slideshow=\"5c18869\" data-elementor-lightbox-title=\"Festiwal rado\u015bci (85)\" data-e-action-hash=\"#elementor-action%3Aaction%3Dlightbox%26settings%3DeyJpZCI6NzE4NzYsInVybCI6Imh0dHBzOlwvXC93d3cubGljaGVuLnBsXC93cC1jb250ZW50XC91cGxvYWRzXC8yMDI0XC8wN1wvRmVzdGl3YWwtcmFkb3NjaS04NS5qcGciLCJzbGlkZXNob3ciOiI1YzE4ODY5In0%3D\" href='https:\/\/www.lichen.pl\/wp-content\/uploads\/2024\/07\/Festiwal-radosci-85.jpg'><img loading=\"lazy\" width=\"150\" height=\"150\" src=\"https:\/\/www.lichen.pl\/wp-content\/uploads\/2024\/07\/Festiwal-radosci-85-150x150.jpg\" class=\"attachment-thumbnail size-thumbnail\" alt=\"\" decoding=\"async\" srcset=\"https:\/\/www.lichen.pl\/wp-content\/uploads\/2024\/07\/Festiwal-radosci-85-150x150.jpg 150w, https:\/\/www.lichen.pl\/wp-content\/uploads\/2024\/07\/Festiwal-radosci-85-300x300.jpg 300w\" sizes=\"(max-width: 150px) 100vw, 150px\" \/><\/a>\n\t\t\t<\/div><\/figure><figure class='gallery-item'>\n\t\t\t<div class='gallery-icon portrait'>\n\t\t\t\t<a data-elementor-open-lightbox=\"yes\" data-elementor-lightbox-slideshow=\"5c18869\" data-elementor-lightbox-title=\"Festiwal rado\u015bci (86)\" data-e-action-hash=\"#elementor-action%3Aaction%3Dlightbox%26settings%3DeyJpZCI6NzE4NzcsInVybCI6Imh0dHBzOlwvXC93d3cubGljaGVuLnBsXC93cC1jb250ZW50XC91cGxvYWRzXC8yMDI0XC8wN1wvRmVzdGl3YWwtcmFkb3NjaS04Ni5qcGciLCJzbGlkZXNob3ciOiI1YzE4ODY5In0%3D\" href='https:\/\/www.lichen.pl\/wp-content\/uploads\/2024\/07\/Festiwal-radosci-86.jpg'><img loading=\"lazy\" width=\"150\" height=\"150\" src=\"https:\/\/www.lichen.pl\/wp-content\/uploads\/2024\/07\/Festiwal-radosci-86-150x150.jpg\" class=\"attachment-thumbnail size-thumbnail\" alt=\"\" decoding=\"async\" srcset=\"https:\/\/www.lichen.pl\/wp-content\/uploads\/2024\/07\/Festiwal-radosci-86-150x150.jpg 150w, https:\/\/www.lichen.pl\/wp-content\/uploads\/2024\/07\/Festiwal-radosci-86-300x300.jpg 300w\" sizes=\"(max-width: 150px) 100vw, 150px\" \/><\/a>\n\t\t\t<\/div><\/figure><figure class='gallery-item'>\n\t\t\t<div class='gallery-icon landscape'>\n\t\t\t\t<a data-elementor-open-lightbox=\"yes\" data-elementor-lightbox-slideshow=\"5c18869\" data-elementor-lightbox-title=\"Festiwal rado\u015bci (87)\" data-e-action-hash=\"#elementor-action%3Aaction%3Dlightbox%26settings%3DeyJpZCI6NzE4NzgsInVybCI6Imh0dHBzOlwvXC93d3cubGljaGVuLnBsXC93cC1jb250ZW50XC91cGxvYWRzXC8yMDI0XC8wN1wvRmVzdGl3YWwtcmFkb3NjaS04Ny5qcGciLCJzbGlkZXNob3ciOiI1YzE4ODY5In0%3D\" href='https:\/\/www.lichen.pl\/wp-content\/uploads\/2024\/07\/Festiwal-radosci-87.jpg'><img loading=\"lazy\" width=\"150\" height=\"150\" src=\"https:\/\/www.lichen.pl\/wp-content\/uploads\/2024\/07\/Festiwal-radosci-87-150x150.jpg\" class=\"attachment-thumbnail size-thumbnail\" alt=\"\" decoding=\"async\" srcset=\"https:\/\/www.lichen.pl\/wp-content\/uploads\/2024\/07\/Festiwal-radosci-87-150x150.jpg 150w, https:\/\/www.lichen.pl\/wp-content\/uploads\/2024\/07\/Festiwal-radosci-87-300x300.jpg 300w\" sizes=\"(max-width: 150px) 100vw, 150px\" \/><\/a>\n\t\t\t<\/div><\/figure><figure class='gallery-item'>\n\t\t\t<div class='gallery-icon landscape'>\n\t\t\t\t<a data-elementor-open-lightbox=\"yes\" data-elementor-lightbox-slideshow=\"5c18869\" data-elementor-lightbox-title=\"Festiwal rado\u015bci (88)\" data-e-action-hash=\"#elementor-action%3Aaction%3Dlightbox%26settings%3DeyJpZCI6NzE4NzksInVybCI6Imh0dHBzOlwvXC93d3cubGljaGVuLnBsXC93cC1jb250ZW50XC91cGxvYWRzXC8yMDI0XC8wN1wvRmVzdGl3YWwtcmFkb3NjaS04OC5qcGciLCJzbGlkZXNob3ciOiI1YzE4ODY5In0%3D\" href='https:\/\/www.lichen.pl\/wp-content\/uploads\/2024\/07\/Festiwal-radosci-88.jpg'><img loading=\"lazy\" width=\"150\" height=\"150\" src=\"https:\/\/www.lichen.pl\/wp-content\/uploads\/2024\/07\/Festiwal-radosci-88-150x150.jpg\" class=\"attachment-thumbnail size-thumbnail\" alt=\"\" decoding=\"async\" srcset=\"https:\/\/www.lichen.pl\/wp-content\/uploads\/2024\/07\/Festiwal-radosci-88-150x150.jpg 150w, https:\/\/www.lichen.pl\/wp-content\/uploads\/2024\/07\/Festiwal-radosci-88-300x300.jpg 300w\" sizes=\"(max-width: 150px) 100vw, 150px\" \/><\/a>\n\t\t\t<\/div><\/figure><figure class='gallery-item'>\n\t\t\t<div class='gallery-icon portrait'>\n\t\t\t\t<a data-elementor-open-lightbox=\"yes\" data-elementor-lightbox-slideshow=\"5c18869\" data-elementor-lightbox-title=\"Festiwal rado\u015bci (89)\" data-e-action-hash=\"#elementor-action%3Aaction%3Dlightbox%26settings%3DeyJpZCI6NzE4ODAsInVybCI6Imh0dHBzOlwvXC93d3cubGljaGVuLnBsXC93cC1jb250ZW50XC91cGxvYWRzXC8yMDI0XC8wN1wvRmVzdGl3YWwtcmFkb3NjaS04OS5qcGciLCJzbGlkZXNob3ciOiI1YzE4ODY5In0%3D\" href='https:\/\/www.lichen.pl\/wp-content\/uploads\/2024\/07\/Festiwal-radosci-89.jpg'><img loading=\"lazy\" width=\"150\" height=\"150\" src=\"https:\/\/www.lichen.pl\/wp-content\/uploads\/2024\/07\/Festiwal-radosci-89-150x150.jpg\" class=\"attachment-thumbnail size-thumbnail\" alt=\"\" decoding=\"async\" srcset=\"https:\/\/www.lichen.pl\/wp-content\/uploads\/2024\/07\/Festiwal-radosci-89-150x150.jpg 150w, https:\/\/www.lichen.pl\/wp-content\/uploads\/2024\/07\/Festiwal-radosci-89-300x300.jpg 300w\" sizes=\"(max-width: 150px) 100vw, 150px\" \/><\/a>\n\t\t\t<\/div><\/figure><figure class='gallery-item'>\n\t\t\t<div class='gallery-icon landscape'>\n\t\t\t\t<a data-elementor-open-lightbox=\"yes\" data-elementor-lightbox-slideshow=\"5c18869\" data-elementor-lightbox-title=\"Festiwal rado\u015bci (90)\" data-e-action-hash=\"#elementor-action%3Aaction%3Dlightbox%26settings%3DeyJpZCI6NzE4ODEsInVybCI6Imh0dHBzOlwvXC93d3cubGljaGVuLnBsXC93cC1jb250ZW50XC91cGxvYWRzXC8yMDI0XC8wN1wvRmVzdGl3YWwtcmFkb3NjaS05MC5qcGciLCJzbGlkZXNob3ciOiI1YzE4ODY5In0%3D\" href='https:\/\/www.lichen.pl\/wp-content\/uploads\/2024\/07\/Festiwal-radosci-90.jpg'><img loading=\"lazy\" width=\"150\" height=\"150\" src=\"https:\/\/www.lichen.pl\/wp-content\/uploads\/2024\/07\/Festiwal-radosci-90-150x150.jpg\" class=\"attachment-thumbnail size-thumbnail\" alt=\"\" decoding=\"async\" srcset=\"https:\/\/www.lichen.pl\/wp-content\/uploads\/2024\/07\/Festiwal-radosci-90-150x150.jpg 150w, https:\/\/www.lichen.pl\/wp-content\/uploads\/2024\/07\/Festiwal-radosci-90-300x300.jpg 300w\" sizes=\"(max-width: 150px) 100vw, 150px\" \/><\/a>\n\t\t\t<\/div><\/figure><figure class='gallery-item'>\n\t\t\t<div class='gallery-icon landscape'>\n\t\t\t\t<a data-elementor-open-lightbox=\"yes\" data-elementor-lightbox-slideshow=\"5c18869\" data-elementor-lightbox-title=\"Festiwal rado\u015bci (91)\" data-e-action-hash=\"#elementor-action%3Aaction%3Dlightbox%26settings%3DeyJpZCI6NzE4ODIsInVybCI6Imh0dHBzOlwvXC93d3cubGljaGVuLnBsXC93cC1jb250ZW50XC91cGxvYWRzXC8yMDI0XC8wN1wvRmVzdGl3YWwtcmFkb3NjaS05MS5qcGciLCJzbGlkZXNob3ciOiI1YzE4ODY5In0%3D\" href='https:\/\/www.lichen.pl\/wp-content\/uploads\/2024\/07\/Festiwal-radosci-91.jpg'><img loading=\"lazy\" width=\"150\" height=\"150\" src=\"https:\/\/www.lichen.pl\/wp-content\/uploads\/2024\/07\/Festiwal-radosci-91-150x150.jpg\" class=\"attachment-thumbnail size-thumbnail\" alt=\"\" decoding=\"async\" srcset=\"https:\/\/www.lichen.pl\/wp-content\/uploads\/2024\/07\/Festiwal-radosci-91-150x150.jpg 150w, https:\/\/www.lichen.pl\/wp-content\/uploads\/2024\/07\/Festiwal-radosci-91-300x300.jpg 300w\" sizes=\"(max-width: 150px) 100vw, 150px\" \/><\/a>\n\t\t\t<\/div><\/figure><figure class='gallery-item'>\n\t\t\t<div class='gallery-icon landscape'>\n\t\t\t\t<a data-elementor-open-lightbox=\"yes\" data-elementor-lightbox-slideshow=\"5c18869\" data-elementor-lightbox-title=\"Festiwal rado\u015bci (92)\" data-e-action-hash=\"#elementor-action%3Aaction%3Dlightbox%26settings%3DeyJpZCI6NzE4ODMsInVybCI6Imh0dHBzOlwvXC93d3cubGljaGVuLnBsXC93cC1jb250ZW50XC91cGxvYWRzXC8yMDI0XC8wN1wvRmVzdGl3YWwtcmFkb3NjaS05Mi5qcGciLCJzbGlkZXNob3ciOiI1YzE4ODY5In0%3D\" href='https:\/\/www.lichen.pl\/wp-content\/uploads\/2024\/07\/Festiwal-radosci-92.jpg'><img loading=\"lazy\" width=\"150\" height=\"150\" src=\"https:\/\/www.lichen.pl\/wp-content\/uploads\/2024\/07\/Festiwal-radosci-92-150x150.jpg\" class=\"attachment-thumbnail size-thumbnail\" alt=\"\" decoding=\"async\" srcset=\"https:\/\/www.lichen.pl\/wp-content\/uploads\/2024\/07\/Festiwal-radosci-92-150x150.jpg 150w, https:\/\/www.lichen.pl\/wp-content\/uploads\/2024\/07\/Festiwal-radosci-92-300x300.jpg 300w\" sizes=\"(max-width: 150px) 100vw, 150px\" \/><\/a>\n\t\t\t<\/div><\/figure><figure class='gallery-item'>\n\t\t\t<div class='gallery-icon landscape'>\n\t\t\t\t<a data-elementor-open-lightbox=\"yes\" data-elementor-lightbox-slideshow=\"5c18869\" data-elementor-lightbox-title=\"Festiwal rado\u015bci (93)\" data-e-action-hash=\"#elementor-action%3Aaction%3Dlightbox%26settings%3DeyJpZCI6NzE4ODQsInVybCI6Imh0dHBzOlwvXC93d3cubGljaGVuLnBsXC93cC1jb250ZW50XC91cGxvYWRzXC8yMDI0XC8wN1wvRmVzdGl3YWwtcmFkb3NjaS05My5qcGciLCJzbGlkZXNob3ciOiI1YzE4ODY5In0%3D\" href='https:\/\/www.lichen.pl\/wp-content\/uploads\/2024\/07\/Festiwal-radosci-93.jpg'><img loading=\"lazy\" width=\"150\" height=\"150\" src=\"https:\/\/www.lichen.pl\/wp-content\/uploads\/2024\/07\/Festiwal-radosci-93-150x150.jpg\" class=\"attachment-thumbnail size-thumbnail\" alt=\"\" decoding=\"async\" srcset=\"https:\/\/www.lichen.pl\/wp-content\/uploads\/2024\/07\/Festiwal-radosci-93-150x150.jpg 150w, https:\/\/www.lichen.pl\/wp-content\/uploads\/2024\/07\/Festiwal-radosci-93-300x300.jpg 300w\" sizes=\"(max-width: 150px) 100vw, 150px\" \/><\/a>\n\t\t\t<\/div><\/figure><figure class='gallery-item'>\n\t\t\t<div class='gallery-icon landscape'>\n\t\t\t\t<a data-elementor-open-lightbox=\"yes\" data-elementor-lightbox-slideshow=\"5c18869\" data-elementor-lightbox-title=\"Festiwal rado\u015bci (94)\" data-e-action-hash=\"#elementor-action%3Aaction%3Dlightbox%26settings%3DeyJpZCI6NzE4ODUsInVybCI6Imh0dHBzOlwvXC93d3cubGljaGVuLnBsXC93cC1jb250ZW50XC91cGxvYWRzXC8yMDI0XC8wN1wvRmVzdGl3YWwtcmFkb3NjaS05NC5qcGciLCJzbGlkZXNob3ciOiI1YzE4ODY5In0%3D\" href='https:\/\/www.lichen.pl\/wp-content\/uploads\/2024\/07\/Festiwal-radosci-94.jpg'><img loading=\"lazy\" width=\"150\" height=\"150\" src=\"https:\/\/www.lichen.pl\/wp-content\/uploads\/2024\/07\/Festiwal-radosci-94-150x150.jpg\" class=\"attachment-thumbnail size-thumbnail\" alt=\"\" decoding=\"async\" srcset=\"https:\/\/www.lichen.pl\/wp-content\/uploads\/2024\/07\/Festiwal-radosci-94-150x150.jpg 150w, https:\/\/www.lichen.pl\/wp-content\/uploads\/2024\/07\/Festiwal-radosci-94-300x300.jpg 300w\" sizes=\"(max-width: 150px) 100vw, 150px\" \/><\/a>\n\t\t\t<\/div><\/figure><figure class='gallery-item'>\n\t\t\t<div class='gallery-icon landscape'>\n\t\t\t\t<a data-elementor-open-lightbox=\"yes\" data-elementor-lightbox-slideshow=\"5c18869\" data-elementor-lightbox-title=\"Festiwal rado\u015bci (95)\" data-e-action-hash=\"#elementor-action%3Aaction%3Dlightbox%26settings%3DeyJpZCI6NzE4ODYsInVybCI6Imh0dHBzOlwvXC93d3cubGljaGVuLnBsXC93cC1jb250ZW50XC91cGxvYWRzXC8yMDI0XC8wN1wvRmVzdGl3YWwtcmFkb3NjaS05NS5qcGciLCJzbGlkZXNob3ciOiI1YzE4ODY5In0%3D\" href='https:\/\/www.lichen.pl\/wp-content\/uploads\/2024\/07\/Festiwal-radosci-95.jpg'><img loading=\"lazy\" width=\"150\" height=\"150\" src=\"https:\/\/www.lichen.pl\/wp-content\/uploads\/2024\/07\/Festiwal-radosci-95-150x150.jpg\" class=\"attachment-thumbnail size-thumbnail\" alt=\"\" decoding=\"async\" srcset=\"https:\/\/www.lichen.pl\/wp-content\/uploads\/2024\/07\/Festiwal-radosci-95-150x150.jpg 150w, https:\/\/www.lichen.pl\/wp-content\/uploads\/2024\/07\/Festiwal-radosci-95-300x300.jpg 300w\" sizes=\"(max-width: 150px) 100vw, 150px\" \/><\/a>\n\t\t\t<\/div><\/figure><figure class='gallery-item'>\n\t\t\t<div class='gallery-icon landscape'>\n\t\t\t\t<a data-elementor-open-lightbox=\"yes\" data-elementor-lightbox-slideshow=\"5c18869\" data-elementor-lightbox-title=\"Festiwal rado\u015bci (96)\" data-e-action-hash=\"#elementor-action%3Aaction%3Dlightbox%26settings%3DeyJpZCI6NzE4ODcsInVybCI6Imh0dHBzOlwvXC93d3cubGljaGVuLnBsXC93cC1jb250ZW50XC91cGxvYWRzXC8yMDI0XC8wN1wvRmVzdGl3YWwtcmFkb3NjaS05Ni5qcGciLCJzbGlkZXNob3ciOiI1YzE4ODY5In0%3D\" href='https:\/\/www.lichen.pl\/wp-content\/uploads\/2024\/07\/Festiwal-radosci-96.jpg'><img loading=\"lazy\" width=\"150\" height=\"150\" src=\"https:\/\/www.lichen.pl\/wp-content\/uploads\/2024\/07\/Festiwal-radosci-96-150x150.jpg\" class=\"attachment-thumbnail size-thumbnail\" alt=\"\" decoding=\"async\" srcset=\"https:\/\/www.lichen.pl\/wp-content\/uploads\/2024\/07\/Festiwal-radosci-96-150x150.jpg 150w, https:\/\/www.lichen.pl\/wp-content\/uploads\/2024\/07\/Festiwal-radosci-96-300x300.jpg 300w\" sizes=\"(max-width: 150px) 100vw, 150px\" \/><\/a>\n\t\t\t<\/div><\/figure><figure class='gallery-item'>\n\t\t\t<div class='gallery-icon landscape'>\n\t\t\t\t<a data-elementor-open-lightbox=\"yes\" data-elementor-lightbox-slideshow=\"5c18869\" data-elementor-lightbox-title=\"Festiwal rado\u015bci (97)\" data-e-action-hash=\"#elementor-action%3Aaction%3Dlightbox%26settings%3DeyJpZCI6NzE4ODgsInVybCI6Imh0dHBzOlwvXC93d3cubGljaGVuLnBsXC93cC1jb250ZW50XC91cGxvYWRzXC8yMDI0XC8wN1wvRmVzdGl3YWwtcmFkb3NjaS05Ny5qcGciLCJzbGlkZXNob3ciOiI1YzE4ODY5In0%3D\" href='https:\/\/www.lichen.pl\/wp-content\/uploads\/2024\/07\/Festiwal-radosci-97.jpg'><img loading=\"lazy\" width=\"150\" height=\"150\" src=\"https:\/\/www.lichen.pl\/wp-content\/uploads\/2024\/07\/Festiwal-radosci-97-150x150.jpg\" class=\"attachment-thumbnail size-thumbnail\" alt=\"\" decoding=\"async\" srcset=\"https:\/\/www.lichen.pl\/wp-content\/uploads\/2024\/07\/Festiwal-radosci-97-150x150.jpg 150w, https:\/\/www.lichen.pl\/wp-content\/uploads\/2024\/07\/Festiwal-radosci-97-300x300.jpg 300w\" sizes=\"(max-width: 150px) 100vw, 150px\" \/><\/a>\n\t\t\t<\/div><\/figure>\n\t\t<\/div>\n\t\t<\/div>\n\t\t\t\t\t\t<\/div>\n\t\t\t\t<\/div>\n\t\t\t\t\t<\/div>\n\t\t<\/div>\n\t\t\t\t\t<\/div>\n\t\t<\/section>\n\t\t\t\t<\/div>","protected":false},"excerpt":{"rendered":"<p>Prawdziwe \u015bwi\u0119to rado\u015bci i m\u0142odych mia\u0142o miejsce w Licheniu Starym w sobot\u0119, 13 lipca. Po raz czwarty na placu koronacyjnym przed ko\u015bcio\u0142em pw. \u015bw. Doroty odby\u0142 si\u0119 Festiwal Rado\u015bci. Inicjatywa zbudowana zosta\u0142a na kanwie ewangelicznej opowie\u015bci o weselu w Kanie Galilejskiej, ale te\u017c nawi\u0105zuj\u0105ce do tradycyjnego wesela. Rozpocz\u0119\u0142o si\u0119 wi\u0119c powitaniem chlebem. Ksi\u0119\u017ca marianie przekazali [&hellip;]<\/p>\n","protected":false},"author":5,"featured_media":71787,"comment_status":"closed","ping_status":"closed","sticky":false,"template":"","format":"standard","meta":{"footnotes":""},"categories":[1],"tags":[],"class_list":["post-71785","post","type-post","status-publish","format-standard","has-post-thumbnail","hentry","category-aktualnosci","wpbf-post"],"yoast_head":"<!-- This site is optimized with the Yoast SEO plugin v27.4 - https:\/\/yoast.com\/product\/yoast-seo-wordpress\/ -->\n<title>Jam jest chleb \u017cycia - Festiwal Rado\u015bci 2024 - SANKTUARIUM W LICHENIU<\/title>\n<meta name=\"robots\" content=\"index, follow, max-snippet:-1, max-image-preview:large, max-video-preview:-1\" \/>\n<link rel=\"canonical\" href=\"https:\/\/www.lichen.pl\/en\/festiwal-radosci-2024\/\" \/>\n<meta property=\"og:locale\" content=\"en_GB\" \/>\n<meta property=\"og:type\" content=\"article\" \/>\n<meta property=\"og:title\" content=\"Jam jest chleb \u017cycia - Festiwal Rado\u015bci 2024 - SANKTUARIUM W LICHENIU\" \/>\n<meta property=\"og:description\" content=\"Prawdziwe \u015bwi\u0119to rado\u015bci i m\u0142odych mia\u0142o miejsce w Licheniu Starym w sobot\u0119, 13 lipca. Po raz czwarty na placu koronacyjnym przed ko\u015bcio\u0142em pw. \u015bw. Doroty odby\u0142 si\u0119 Festiwal Rado\u015bci. Inicjatywa zbudowana zosta\u0142a na kanwie ewangelicznej opowie\u015bci o weselu w Kanie Galilejskiej, ale te\u017c nawi\u0105zuj\u0105ce do tradycyjnego wesela. Rozpocz\u0119\u0142o si\u0119 wi\u0119c powitaniem chlebem. Ksi\u0119\u017ca marianie przekazali [&hellip;]\" \/>\n<meta property=\"og:url\" content=\"https:\/\/www.lichen.pl\/en\/festiwal-radosci-2024\/\" \/>\n<meta property=\"og:site_name\" content=\"SANKTUARIUM W LICHENIU\" \/>\n<meta property=\"article:published_time\" content=\"2024-07-15T13:00:40+00:00\" \/>\n<meta property=\"article:modified_time\" content=\"2024-07-15T14:37:47+00:00\" \/>\n<meta property=\"og:image\" content=\"https:\/\/www.lichen.pl\/wp-content\/uploads\/2024\/07\/20240713_191503-1024x577.jpg\" \/>\n\t<meta property=\"og:image:width\" content=\"1024\" \/>\n\t<meta property=\"og:image:height\" content=\"577\" \/>\n\t<meta property=\"og:image:type\" content=\"image\/jpeg\" \/>\n<meta name=\"author\" content=\"Justyna Zacharek\" \/>\n<meta name=\"twitter:card\" content=\"summary_large_image\" \/>\n<meta name=\"twitter:label1\" content=\"Written by\" \/>\n\t<meta name=\"twitter:data1\" content=\"Justyna Zacharek\" \/>\n\t<meta name=\"twitter:label2\" content=\"Estimated reading time\" \/>\n\t<meta name=\"twitter:data2\" content=\"24 minutes\" \/>\n<script type=\"application\/ld+json\" class=\"yoast-schema-graph\">{\"@context\":\"https:\\\/\\\/schema.org\",\"@graph\":[{\"@type\":\"Article\",\"@id\":\"https:\\\/\\\/www.lichen.pl\\\/festiwal-radosci-2024\\\/#article\",\"isPartOf\":{\"@id\":\"https:\\\/\\\/www.lichen.pl\\\/festiwal-radosci-2024\\\/\"},\"author\":{\"name\":\"Justyna Zacharek\",\"@id\":\"https:\\\/\\\/www.lichen.pl\\\/fr\\\/#\\\/schema\\\/person\\\/9f57a1408d363022abd305da0323b703\"},\"headline\":\"Jam jest chleb \u017cycia &#8211; Festiwal Rado\u015bci 2024\",\"datePublished\":\"2024-07-15T13:00:40+00:00\",\"dateModified\":\"2024-07-15T14:37:47+00:00\",\"mainEntityOfPage\":{\"@id\":\"https:\\\/\\\/www.lichen.pl\\\/festiwal-radosci-2024\\\/\"},\"wordCount\":798,\"image\":{\"@id\":\"https:\\\/\\\/www.lichen.pl\\\/festiwal-radosci-2024\\\/#primaryimage\"},\"thumbnailUrl\":\"https:\\\/\\\/www.lichen.pl\\\/wp-content\\\/uploads\\\/2024\\\/07\\\/20240713_191503.jpg\",\"articleSection\":[\"Aktualno\u015bci\"],\"inLanguage\":\"en-GB\"},{\"@type\":\"WebPage\",\"@id\":\"https:\\\/\\\/www.lichen.pl\\\/festiwal-radosci-2024\\\/\",\"url\":\"https:\\\/\\\/www.lichen.pl\\\/festiwal-radosci-2024\\\/\",\"name\":\"Jam jest chleb \u017cycia - Festiwal Rado\u015bci 2024 - SANKTUARIUM W LICHENIU\",\"isPartOf\":{\"@id\":\"https:\\\/\\\/www.lichen.pl\\\/fr\\\/#website\"},\"primaryImageOfPage\":{\"@id\":\"https:\\\/\\\/www.lichen.pl\\\/festiwal-radosci-2024\\\/#primaryimage\"},\"image\":{\"@id\":\"https:\\\/\\\/www.lichen.pl\\\/festiwal-radosci-2024\\\/#primaryimage\"},\"thumbnailUrl\":\"https:\\\/\\\/www.lichen.pl\\\/wp-content\\\/uploads\\\/2024\\\/07\\\/20240713_191503.jpg\",\"datePublished\":\"2024-07-15T13:00:40+00:00\",\"dateModified\":\"2024-07-15T14:37:47+00:00\",\"author\":{\"@id\":\"https:\\\/\\\/www.lichen.pl\\\/fr\\\/#\\\/schema\\\/person\\\/9f57a1408d363022abd305da0323b703\"},\"breadcrumb\":{\"@id\":\"https:\\\/\\\/www.lichen.pl\\\/festiwal-radosci-2024\\\/#breadcrumb\"},\"inLanguage\":\"en-GB\",\"potentialAction\":[{\"@type\":\"ReadAction\",\"target\":[\"https:\\\/\\\/www.lichen.pl\\\/festiwal-radosci-2024\\\/\"]}]},{\"@type\":\"ImageObject\",\"inLanguage\":\"en-GB\",\"@id\":\"https:\\\/\\\/www.lichen.pl\\\/festiwal-radosci-2024\\\/#primaryimage\",\"url\":\"https:\\\/\\\/www.lichen.pl\\\/wp-content\\\/uploads\\\/2024\\\/07\\\/20240713_191503.jpg\",\"contentUrl\":\"https:\\\/\\\/www.lichen.pl\\\/wp-content\\\/uploads\\\/2024\\\/07\\\/20240713_191503.jpg\",\"width\":1920,\"height\":1081},{\"@type\":\"BreadcrumbList\",\"@id\":\"https:\\\/\\\/www.lichen.pl\\\/festiwal-radosci-2024\\\/#breadcrumb\",\"itemListElement\":[{\"@type\":\"ListItem\",\"position\":1,\"name\":\"Strona g\u0142\u00f3wna\",\"item\":\"https:\\\/\\\/www.lichen.pl\\\/\"},{\"@type\":\"ListItem\",\"position\":2,\"name\":\"Jam jest chleb \u017cycia &#8211; Festiwal Rado\u015bci 2024\"}]},{\"@type\":\"WebSite\",\"@id\":\"https:\\\/\\\/www.lichen.pl\\\/fr\\\/#website\",\"url\":\"https:\\\/\\\/www.lichen.pl\\\/fr\\\/\",\"name\":\"SANKTUARIUM W LICHENIU\",\"description\":\"MATKI BO\u017bEJ LICHE\u0143SKIEJ BOLESNEJ KR\u00d3LOWEJ POLSKI\",\"potentialAction\":[{\"@type\":\"SearchAction\",\"target\":{\"@type\":\"EntryPoint\",\"urlTemplate\":\"https:\\\/\\\/www.lichen.pl\\\/fr\\\/?s={search_term_string}\"},\"query-input\":{\"@type\":\"PropertyValueSpecification\",\"valueRequired\":true,\"valueName\":\"search_term_string\"}}],\"inLanguage\":\"en-GB\"},{\"@type\":\"Person\",\"@id\":\"https:\\\/\\\/www.lichen.pl\\\/fr\\\/#\\\/schema\\\/person\\\/9f57a1408d363022abd305da0323b703\",\"name\":\"Justyna Zacharek\",\"image\":{\"@type\":\"ImageObject\",\"inLanguage\":\"en-GB\",\"@id\":\"https:\\\/\\\/secure.gravatar.com\\\/avatar\\\/7be193626a4fb4d6a7d53a7686c3bbf938efff653c427e0182457b838e9d2c3b?s=96&d=retro&r=g\",\"url\":\"https:\\\/\\\/secure.gravatar.com\\\/avatar\\\/7be193626a4fb4d6a7d53a7686c3bbf938efff653c427e0182457b838e9d2c3b?s=96&d=retro&r=g\",\"contentUrl\":\"https:\\\/\\\/secure.gravatar.com\\\/avatar\\\/7be193626a4fb4d6a7d53a7686c3bbf938efff653c427e0182457b838e9d2c3b?s=96&d=retro&r=g\",\"caption\":\"Justyna Zacharek\"},\"url\":\"https:\\\/\\\/www.lichen.pl\\\/en\\\/author\\\/justyna\\\/\"}]}<\/script>\n<!-- \/ Yoast SEO plugin. -->","yoast_head_json":{"title":"Jam jest chleb \u017cycia - Festiwal Rado\u015bci 2024 - SANKTUARIUM W LICHENIU","robots":{"index":"index","follow":"follow","max-snippet":"max-snippet:-1","max-image-preview":"max-image-preview:large","max-video-preview":"max-video-preview:-1"},"canonical":"https:\/\/www.lichen.pl\/en\/festiwal-radosci-2024\/","og_locale":"en_GB","og_type":"article","og_title":"Jam jest chleb \u017cycia - Festiwal Rado\u015bci 2024 - SANKTUARIUM W LICHENIU","og_description":"Prawdziwe \u015bwi\u0119to rado\u015bci i m\u0142odych mia\u0142o miejsce w Licheniu Starym w sobot\u0119, 13 lipca. Po raz czwarty na placu koronacyjnym przed ko\u015bcio\u0142em pw. \u015bw. Doroty odby\u0142 si\u0119 Festiwal Rado\u015bci. Inicjatywa zbudowana zosta\u0142a na kanwie ewangelicznej opowie\u015bci o weselu w Kanie Galilejskiej, ale te\u017c nawi\u0105zuj\u0105ce do tradycyjnego wesela. Rozpocz\u0119\u0142o si\u0119 wi\u0119c powitaniem chlebem. Ksi\u0119\u017ca marianie przekazali [&hellip;]","og_url":"https:\/\/www.lichen.pl\/en\/festiwal-radosci-2024\/","og_site_name":"SANKTUARIUM W LICHENIU","article_published_time":"2024-07-15T13:00:40+00:00","article_modified_time":"2024-07-15T14:37:47+00:00","og_image":[{"width":1024,"height":577,"url":"https:\/\/www.lichen.pl\/wp-content\/uploads\/2024\/07\/20240713_191503-1024x577.jpg","type":"image\/jpeg"}],"author":"Justyna Zacharek","twitter_card":"summary_large_image","twitter_misc":{"Written by":"Justyna Zacharek","Estimated reading time":"24 minutes"},"schema":{"@context":"https:\/\/schema.org","@graph":[{"@type":"Article","@id":"https:\/\/www.lichen.pl\/festiwal-radosci-2024\/#article","isPartOf":{"@id":"https:\/\/www.lichen.pl\/festiwal-radosci-2024\/"},"author":{"name":"Justyna Zacharek","@id":"https:\/\/www.lichen.pl\/fr\/#\/schema\/person\/9f57a1408d363022abd305da0323b703"},"headline":"Jam jest chleb \u017cycia &#8211; Festiwal Rado\u015bci 2024","datePublished":"2024-07-15T13:00:40+00:00","dateModified":"2024-07-15T14:37:47+00:00","mainEntityOfPage":{"@id":"https:\/\/www.lichen.pl\/festiwal-radosci-2024\/"},"wordCount":798,"image":{"@id":"https:\/\/www.lichen.pl\/festiwal-radosci-2024\/#primaryimage"},"thumbnailUrl":"https:\/\/www.lichen.pl\/wp-content\/uploads\/2024\/07\/20240713_191503.jpg","articleSection":["Aktualno\u015bci"],"inLanguage":"en-GB"},{"@type":"WebPage","@id":"https:\/\/www.lichen.pl\/festiwal-radosci-2024\/","url":"https:\/\/www.lichen.pl\/festiwal-radosci-2024\/","name":"Jam jest chleb \u017cycia - Festiwal Rado\u015bci 2024 - SANKTUARIUM W LICHENIU","isPartOf":{"@id":"https:\/\/www.lichen.pl\/fr\/#website"},"primaryImageOfPage":{"@id":"https:\/\/www.lichen.pl\/festiwal-radosci-2024\/#primaryimage"},"image":{"@id":"https:\/\/www.lichen.pl\/festiwal-radosci-2024\/#primaryimage"},"thumbnailUrl":"https:\/\/www.lichen.pl\/wp-content\/uploads\/2024\/07\/20240713_191503.jpg","datePublished":"2024-07-15T13:00:40+00:00","dateModified":"2024-07-15T14:37:47+00:00","author":{"@id":"https:\/\/www.lichen.pl\/fr\/#\/schema\/person\/9f57a1408d363022abd305da0323b703"},"breadcrumb":{"@id":"https:\/\/www.lichen.pl\/festiwal-radosci-2024\/#breadcrumb"},"inLanguage":"en-GB","potentialAction":[{"@type":"ReadAction","target":["https:\/\/www.lichen.pl\/festiwal-radosci-2024\/"]}]},{"@type":"ImageObject","inLanguage":"en-GB","@id":"https:\/\/www.lichen.pl\/festiwal-radosci-2024\/#primaryimage","url":"https:\/\/www.lichen.pl\/wp-content\/uploads\/2024\/07\/20240713_191503.jpg","contentUrl":"https:\/\/www.lichen.pl\/wp-content\/uploads\/2024\/07\/20240713_191503.jpg","width":1920,"height":1081},{"@type":"BreadcrumbList","@id":"https:\/\/www.lichen.pl\/festiwal-radosci-2024\/#breadcrumb","itemListElement":[{"@type":"ListItem","position":1,"name":"Strona g\u0142\u00f3wna","item":"https:\/\/www.lichen.pl\/"},{"@type":"ListItem","position":2,"name":"Jam jest chleb \u017cycia &#8211; Festiwal Rado\u015bci 2024"}]},{"@type":"WebSite","@id":"https:\/\/www.lichen.pl\/fr\/#website","url":"https:\/\/www.lichen.pl\/fr\/","name":"SANCTUARY IN LICHENIA","description":"OUR LICHEN&#039;S SORROWFUL QUEEN OF POLAND","potentialAction":[{"@type":"SearchAction","target":{"@type":"EntryPoint","urlTemplate":"https:\/\/www.lichen.pl\/fr\/?s={search_term_string}"},"query-input":{"@type":"PropertyValueSpecification","valueRequired":true,"valueName":"search_term_string"}}],"inLanguage":"en-GB"},{"@type":"Person","@id":"https:\/\/www.lichen.pl\/fr\/#\/schema\/person\/9f57a1408d363022abd305da0323b703","name":"Justyna Zacharek","image":{"@type":"ImageObject","inLanguage":"en-GB","@id":"https:\/\/secure.gravatar.com\/avatar\/7be193626a4fb4d6a7d53a7686c3bbf938efff653c427e0182457b838e9d2c3b?s=96&d=retro&r=g","url":"https:\/\/secure.gravatar.com\/avatar\/7be193626a4fb4d6a7d53a7686c3bbf938efff653c427e0182457b838e9d2c3b?s=96&d=retro&r=g","contentUrl":"https:\/\/secure.gravatar.com\/avatar\/7be193626a4fb4d6a7d53a7686c3bbf938efff653c427e0182457b838e9d2c3b?s=96&d=retro&r=g","caption":"Justyna Zacharek"},"url":"https:\/\/www.lichen.pl\/en\/author\/justyna\/"}]}},"_links":{"self":[{"href":"https:\/\/www.lichen.pl\/en\/wp-json\/wp\/v2\/posts\/71785","targetHints":{"allow":["GET"]}}],"collection":[{"href":"https:\/\/www.lichen.pl\/en\/wp-json\/wp\/v2\/posts"}],"about":[{"href":"https:\/\/www.lichen.pl\/en\/wp-json\/wp\/v2\/types\/post"}],"author":[{"embeddable":true,"href":"https:\/\/www.lichen.pl\/en\/wp-json\/wp\/v2\/users\/5"}],"replies":[{"embeddable":true,"href":"https:\/\/www.lichen.pl\/en\/wp-json\/wp\/v2\/comments?post=71785"}],"version-history":[{"count":10,"href":"https:\/\/www.lichen.pl\/en\/wp-json\/wp\/v2\/posts\/71785\/revisions"}],"predecessor-version":[{"id":71894,"href":"https:\/\/www.lichen.pl\/en\/wp-json\/wp\/v2\/posts\/71785\/revisions\/71894"}],"wp:featuredmedia":[{"embeddable":true,"href":"https:\/\/www.lichen.pl\/en\/wp-json\/wp\/v2\/media\/71787"}],"wp:attachment":[{"href":"https:\/\/www.lichen.pl\/en\/wp-json\/wp\/v2\/media?parent=71785"}],"wp:term":[{"taxonomy":"category","embeddable":true,"href":"https:\/\/www.lichen.pl\/en\/wp-json\/wp\/v2\/categories?post=71785"},{"taxonomy":"post_tag","embeddable":true,"href":"https:\/\/www.lichen.pl\/en\/wp-json\/wp\/v2\/tags?post=71785"}],"curies":[{"name":"wp","href":"https:\/\/api.w.org\/{rel}","templated":true}]}}