{"id":72188,"date":"2024-07-21T23:33:57","date_gmt":"2024-07-21T21:33:57","guid":{"rendered":"https:\/\/www.lichen.pl\/?p=72188"},"modified":"2024-07-23T23:38:36","modified_gmt":"2024-07-23T21:38:36","slug":"rekolekcje-przygotowujace-do-spowiedzi-generalnej-4","status":"publish","type":"post","link":"https:\/\/www.lichen.pl\/en\/rekolekcje-przygotowujace-do-spowiedzi-generalnej-4\/","title":{"rendered":"Retreats in preparation for general confession"},"content":{"rendered":"<div data-elementor-type=\"wp-post\" data-elementor-id=\"72188\" class=\"elementor elementor-72188\" data-elementor-post-type=\"post\">\n\t\t\t\t\t\t<section class=\"elementor-section elementor-top-section elementor-element elementor-element-fba0159 elementor-section-boxed elementor-section-height-default elementor-section-height-default\" data-id=\"fba0159\" data-element_type=\"section\" data-e-type=\"section\">\n\t\t\t\t\t\t<div class=\"elementor-container elementor-column-gap-default\">\n\t\t\t\t\t<div class=\"elementor-column elementor-col-100 elementor-top-column elementor-element elementor-element-e884632\" data-id=\"e884632\" data-element_type=\"column\" data-e-type=\"column\">\n\t\t\t<div class=\"elementor-widget-wrap elementor-element-populated\">\n\t\t\t\t\t\t<div class=\"elementor-element elementor-element-7ab184f elementor-widget elementor-widget-heading\" data-id=\"7ab184f\" data-element_type=\"widget\" data-e-type=\"widget\" data-widget_type=\"heading.default\">\n\t\t\t\t<div class=\"elementor-widget-container\">\n\t\t\t\t\t<h2 class=\"elementor-heading-title elementor-size-default\">W weekend 18-21 lipca w Papieskim Domu Rekolekcyjnym odby\u0142y si\u0119 kolejne rekolekcje przygotowuj\u0105ce do spowiedzi generalnej. W spotkaniu rekolekcyjnym wzi\u0119\u0142y udzia\u0142 24 osoby.<\/h2>\t\t\t\t<\/div>\n\t\t\t\t<\/div>\n\t\t\t\t<div class=\"elementor-element elementor-element-ebc9ca5 elementor-widget elementor-widget-text-editor\" data-id=\"ebc9ca5\" data-element_type=\"widget\" data-e-type=\"widget\" data-widget_type=\"text-editor.default\">\n\t\t\t\t<div class=\"elementor-widget-container\">\n\t\t\t\t\t\t\t\t\t<p>\u2013 To rekolekcje, kt\u00f3re maj\u0105 pom\u00f3c uczestnikom wyzna\u0107 grzechy, kt\u00f3rych nie wyznali, albo maj\u0105 w\u0105tpliwo\u015bci czy to zrobili, a ich grzechy si\u0119gaj\u0105 dzieci\u0144stwa czy m\u0142odo\u015bci \u2013 wyja\u015bni\u0142 ks. Jaros\u0142aw Hybza, prowadz\u0105cy. Kap\u0142an dodaje, \u017ce czasem w czasie rekolekcji uczestnicy dowiaduj\u0105 si\u0119, \u017ce co\u015b jest grzechem, jak np. uprawianie jogi, r\u00f3\u017cd\u017ckarstwa czy reiki. \u2013 Aby zaistnia\u0142 grzech musze mie\u0107 tego \u015bwiadomo\u015b\u0107, \u017ce co\u015b, co robi\u0119 jest z\u0142em \u2013 wyja\u015bnia marianin. \u00a0Pomoc\u0105 w rozeznawaniu jest robiony podczas czterodniowego spotkania rachunek sumienia, konferencje na tematy biblijne czy pi\u0119ciu warunk\u00f3w dobrej spowiedzi.<\/p><p>Pani Ma\u0142gorzata o rekolekcjach przygotowuj\u0105cych do spowiedzi generalnej dowiedzia\u0142a si\u0119 od swojej mamy. Przyjecha\u0142a na nie z Warszawy wraz z narzeczonym, Janem.<\/p><p>\u2013 To rekolekcje, kt\u00f3re przemieniaj\u0105 serce, wej\u015bcie w siebie i spojrzenie z perspektywy przemiany serca, przyj\u015bcia do siebie, by prosi\u0107 Pana Boga o nawr\u00f3cenie \u2013 m\u00f3wi\u0142a, podkre\u015blaj\u0105c, \u017ce wraz z narzeczonym przygotowuj\u0105 si\u0119 do wej\u015bcia w zwi\u0105zek ma\u0142\u017ce\u0144ski. \u2013 Chcieli\u015bmy zacz\u0105\u0107 \u017cycie od nowego rozdzia\u0142u, dlatego postanowili\u015bmy razem przyjecha\u0107 i odda\u0107 Bogu nasze doczesne sprawy i \u017cycie, kt\u00f3re prowadzili\u015bmy dotychczas.<\/p><p>Kobieta podzieli\u0142a si\u0119 swoim \u015bwiadectwem: \u2013 Po spowiedzi generalnej w moim \u017cyciu du\u017co si\u0119 zmieni\u0142o. Wiem, \u017ce od kiedy postawi\u0142am Boga na pierwszym miejscu, to wszystko si\u0119 zacz\u0119\u0142o uk\u0142ada\u0107.<\/p><p>Panu Janowi szczeg\u00f3lnie podoba\u0142 si\u0119 spos\u00f3b obja\u015bniania Pisma \u015awi\u0119tego przez prowadz\u0105cego. Dzi\u0119ki niemu m\u00f3g\u0142 znane rzeczy odkry\u0107 na nowo. W tak odkrywczy spos\u00f3b uczestnicy mogli us\u0142ysze\u0107 opowie\u015bci o synu marnotrawnym czy Samarytaninie. \u2013 Czasem cz\u0142owiek nie zastanawia si\u0119 nad pewnymi rzeczy. Dzi\u0119ki tym rekolekcjom przychodz\u0105 chwile refleksji. Rekolekcjonista odwo\u0142uje si\u0119 do j\u0119zyka greckiego, pokazuje, jak wiele znacze\u0144 maj\u0105 niekt\u00f3re s\u0142owa.<\/p>\t\t\t\t\t\t\t\t<\/div>\n\t\t\t\t<\/div>\n\t\t\t\t<section class=\"elementor-section elementor-inner-section elementor-element elementor-element-af54b04 elementor-section-boxed elementor-section-height-default elementor-section-height-default\" data-id=\"af54b04\" data-element_type=\"section\" data-e-type=\"section\">\n\t\t\t\t\t\t<div class=\"elementor-container elementor-column-gap-default\">\n\t\t\t\t\t<div class=\"elementor-column elementor-col-50 elementor-inner-column elementor-element elementor-element-b97845e\" data-id=\"b97845e\" data-element_type=\"column\" data-e-type=\"column\">\n\t\t\t<div class=\"elementor-widget-wrap elementor-element-populated\">\n\t\t\t\t\t\t<div class=\"elementor-element elementor-element-72c3c3d elementor-widget elementor-widget-image\" data-id=\"72c3c3d\" data-element_type=\"widget\" data-e-type=\"widget\" data-widget_type=\"image.default\">\n\t\t\t\t<div class=\"elementor-widget-container\">\n\t\t\t\t\t\t\t\t\t\t\t\t\t\t\t\t<a href=\"https:\/\/www.lichen.pl\/wp-content\/uploads\/2024\/07\/20240720_093459.jpg\" data-elementor-open-lightbox=\"yes\" data-elementor-lightbox-title=\"rekolekcje spowied\u017a generalna\" data-e-action-hash=\"#elementor-action%3Aaction%3Dlightbox%26settings%3DeyJpZCI6NzIxODksInVybCI6Imh0dHBzOlwvXC93d3cubGljaGVuLnBsXC93cC1jb250ZW50XC91cGxvYWRzXC8yMDI0XC8wN1wvMjAyNDA3MjBfMDkzNDU5LmpwZyJ9\">\n\t\t\t\t\t\t\t<img fetchpriority=\"high\" decoding=\"async\" width=\"683\" height=\"1024\" src=\"https:\/\/www.lichen.pl\/wp-content\/uploads\/2024\/07\/20240720_093459-683x1024.jpg\" class=\"attachment-large size-large wp-image-72189\" alt=\"\" srcset=\"https:\/\/www.lichen.pl\/wp-content\/uploads\/2024\/07\/20240720_093459-683x1024.jpg 683w, https:\/\/www.lichen.pl\/wp-content\/uploads\/2024\/07\/20240720_093459-800x1200.jpg 800w, https:\/\/www.lichen.pl\/wp-content\/uploads\/2024\/07\/20240720_093459-200x300.jpg 200w, https:\/\/www.lichen.pl\/wp-content\/uploads\/2024\/07\/20240720_093459-768x1152.jpg 768w, https:\/\/www.lichen.pl\/wp-content\/uploads\/2024\/07\/20240720_093459-1024x1536.jpg 1024w, https:\/\/www.lichen.pl\/wp-content\/uploads\/2024\/07\/20240720_093459-1365x2048.jpg 1365w, https:\/\/www.lichen.pl\/wp-content\/uploads\/2024\/07\/20240720_093459-8x12.jpg 8w, https:\/\/www.lichen.pl\/wp-content\/uploads\/2024\/07\/20240720_093459.jpg 853w\" sizes=\"(max-width: 683px) 100vw, 683px\" \/>\t\t\t\t\t\t\t\t<\/a>\n\t\t\t\t\t\t\t\t\t\t\t\t\t\t\t<\/div>\n\t\t\t\t<\/div>\n\t\t\t\t\t<\/div>\n\t\t<\/div>\n\t\t\t\t<div class=\"elementor-column elementor-col-50 elementor-inner-column elementor-element elementor-element-00af7ce\" data-id=\"00af7ce\" data-element_type=\"column\" data-e-type=\"column\">\n\t\t\t<div class=\"elementor-widget-wrap elementor-element-populated\">\n\t\t\t\t\t\t<div class=\"elementor-element elementor-element-b43f5cc elementor-widget elementor-widget-image\" data-id=\"b43f5cc\" data-element_type=\"widget\" data-e-type=\"widget\" data-widget_type=\"image.default\">\n\t\t\t\t<div class=\"elementor-widget-container\">\n\t\t\t\t\t\t\t\t\t\t\t\t\t\t\t\t<a href=\"https:\/\/www.lichen.pl\/wp-content\/uploads\/2024\/07\/20240720_100227.jpg\" data-elementor-open-lightbox=\"yes\" data-elementor-lightbox-title=\"rekolekcje spowied\u017a generalna\" data-e-action-hash=\"#elementor-action%3Aaction%3Dlightbox%26settings%3DeyJpZCI6NzIxOTAsInVybCI6Imh0dHBzOlwvXC93d3cubGljaGVuLnBsXC93cC1jb250ZW50XC91cGxvYWRzXC8yMDI0XC8wN1wvMjAyNDA3MjBfMTAwMjI3LmpwZyJ9\">\n\t\t\t\t\t\t\t<img decoding=\"async\" width=\"1024\" height=\"577\" src=\"https:\/\/www.lichen.pl\/wp-content\/uploads\/2024\/07\/20240720_100227-1024x577.jpg\" class=\"attachment-large size-large wp-image-72190\" alt=\"\" srcset=\"https:\/\/www.lichen.pl\/wp-content\/uploads\/2024\/07\/20240720_100227-1024x577.jpg 1024w, https:\/\/www.lichen.pl\/wp-content\/uploads\/2024\/07\/20240720_100227-800x450.jpg 800w, https:\/\/www.lichen.pl\/wp-content\/uploads\/2024\/07\/20240720_100227-300x169.jpg 300w, https:\/\/www.lichen.pl\/wp-content\/uploads\/2024\/07\/20240720_100227-768x432.jpg 768w, https:\/\/www.lichen.pl\/wp-content\/uploads\/2024\/07\/20240720_100227-1536x865.jpg 1536w, https:\/\/www.lichen.pl\/wp-content\/uploads\/2024\/07\/20240720_100227-2048x1153.jpg 2048w, https:\/\/www.lichen.pl\/wp-content\/uploads\/2024\/07\/20240720_100227-18x10.jpg 18w, https:\/\/www.lichen.pl\/wp-content\/uploads\/2024\/07\/20240720_100227.jpg 1920w\" sizes=\"(max-width: 1024px) 100vw, 1024px\" \/>\t\t\t\t\t\t\t\t<\/a>\n\t\t\t\t\t\t\t\t\t\t\t\t\t\t\t<\/div>\n\t\t\t\t<\/div>\n\t\t\t\t\t<\/div>\n\t\t<\/div>\n\t\t\t\t\t<\/div>\n\t\t<\/section>\n\t\t\t\t\t<\/div>\n\t\t<\/div>\n\t\t\t\t\t<\/div>\n\t\t<\/section>\n\t\t\t\t<section class=\"elementor-section elementor-top-section elementor-element elementor-element-a8f2ba9 elementor-section-boxed elementor-section-height-default elementor-section-height-default\" data-id=\"a8f2ba9\" data-element_type=\"section\" data-e-type=\"section\">\n\t\t\t\t\t\t<div class=\"elementor-container elementor-column-gap-default\">\n\t\t\t\t\t<div class=\"elementor-column elementor-col-100 elementor-top-column elementor-element elementor-element-1011acf\" data-id=\"1011acf\" data-element_type=\"column\" data-e-type=\"column\">\n\t\t\t<div class=\"elementor-widget-wrap\">\n\t\t\t\t\t\t\t<\/div>\n\t\t<\/div>\n\t\t\t\t\t<\/div>\n\t\t<\/section>\n\t\t\t\t<\/div>","protected":false},"excerpt":{"rendered":"<p>W weekend 18-21 lipca w Papieskim Domu Rekolekcyjnym odby\u0142y si\u0119 kolejne rekolekcje przygotowuj\u0105ce do spowiedzi generalnej. W spotkaniu rekolekcyjnym wzi\u0119\u0142y udzia\u0142 24 osoby. \u2013 To rekolekcje, kt\u00f3re maj\u0105 pom\u00f3c uczestnikom wyzna\u0107 grzechy, kt\u00f3rych nie wyznali, albo maj\u0105 w\u0105tpliwo\u015bci czy to zrobili, a ich grzechy si\u0119gaj\u0105 dzieci\u0144stwa czy m\u0142odo\u015bci \u2013 wyja\u015bni\u0142 ks. Jaros\u0142aw Hybza, prowadz\u0105cy. Kap\u0142an [&hellip;]<\/p>\n","protected":false},"author":5,"featured_media":72190,"comment_status":"closed","ping_status":"closed","sticky":false,"template":"","format":"standard","meta":{"footnotes":""},"categories":[1],"tags":[],"class_list":["post-72188","post","type-post","status-publish","format-standard","has-post-thumbnail","hentry","category-aktualnosci","wpbf-post"],"yoast_head":"<!-- This site is optimized with the Yoast SEO plugin v27.4 - https:\/\/yoast.com\/product\/yoast-seo-wordpress\/ -->\n<title>Rekolekcje przygotowuj\u0105ce do spowiedzi generalnej - SANKTUARIUM W LICHENIU<\/title>\n<meta name=\"robots\" content=\"index, follow, max-snippet:-1, max-image-preview:large, max-video-preview:-1\" \/>\n<link rel=\"canonical\" href=\"https:\/\/www.lichen.pl\/en\/rekolekcje-przygotowujace-do-spowiedzi-generalnej-4\/\" \/>\n<meta property=\"og:locale\" content=\"en_GB\" \/>\n<meta property=\"og:type\" content=\"article\" \/>\n<meta property=\"og:title\" content=\"Rekolekcje przygotowuj\u0105ce do spowiedzi generalnej - SANKTUARIUM W LICHENIU\" \/>\n<meta property=\"og:description\" content=\"W weekend 18-21 lipca w Papieskim Domu Rekolekcyjnym odby\u0142y si\u0119 kolejne rekolekcje przygotowuj\u0105ce do spowiedzi generalnej. W spotkaniu rekolekcyjnym wzi\u0119\u0142y udzia\u0142 24 osoby. \u2013 To rekolekcje, kt\u00f3re maj\u0105 pom\u00f3c uczestnikom wyzna\u0107 grzechy, kt\u00f3rych nie wyznali, albo maj\u0105 w\u0105tpliwo\u015bci czy to zrobili, a ich grzechy si\u0119gaj\u0105 dzieci\u0144stwa czy m\u0142odo\u015bci \u2013 wyja\u015bni\u0142 ks. Jaros\u0142aw Hybza, prowadz\u0105cy. Kap\u0142an [&hellip;]\" \/>\n<meta property=\"og:url\" content=\"https:\/\/www.lichen.pl\/en\/rekolekcje-przygotowujace-do-spowiedzi-generalnej-4\/\" \/>\n<meta property=\"og:site_name\" content=\"SANKTUARIUM W LICHENIU\" \/>\n<meta property=\"article:published_time\" content=\"2024-07-21T21:33:57+00:00\" \/>\n<meta property=\"article:modified_time\" content=\"2024-07-23T21:38:36+00:00\" \/>\n<meta property=\"og:image\" content=\"https:\/\/www.lichen.pl\/wp-content\/uploads\/2024\/07\/20240720_100227-1024x577.jpg\" \/>\n\t<meta property=\"og:image:width\" content=\"1024\" \/>\n\t<meta property=\"og:image:height\" content=\"577\" \/>\n\t<meta property=\"og:image:type\" content=\"image\/jpeg\" \/>\n<meta name=\"author\" content=\"Justyna Zacharek\" \/>\n<meta name=\"twitter:card\" content=\"summary_large_image\" \/>\n<meta name=\"twitter:label1\" content=\"Written by\" \/>\n\t<meta name=\"twitter:data1\" content=\"Justyna Zacharek\" \/>\n\t<meta name=\"twitter:label2\" content=\"Estimated reading time\" \/>\n\t<meta name=\"twitter:data2\" content=\"3 minutes\" \/>\n<script type=\"application\/ld+json\" class=\"yoast-schema-graph\">{\"@context\":\"https:\\\/\\\/schema.org\",\"@graph\":[{\"@type\":\"Article\",\"@id\":\"https:\\\/\\\/www.lichen.pl\\\/rekolekcje-przygotowujace-do-spowiedzi-generalnej-4\\\/#article\",\"isPartOf\":{\"@id\":\"https:\\\/\\\/www.lichen.pl\\\/rekolekcje-przygotowujace-do-spowiedzi-generalnej-4\\\/\"},\"author\":{\"name\":\"Justyna Zacharek\",\"@id\":\"https:\\\/\\\/www.lichen.pl\\\/fr\\\/#\\\/schema\\\/person\\\/9f57a1408d363022abd305da0323b703\"},\"headline\":\"Rekolekcje przygotowuj\u0105ce do spowiedzi generalnej\",\"datePublished\":\"2024-07-21T21:33:57+00:00\",\"dateModified\":\"2024-07-23T21:38:36+00:00\",\"mainEntityOfPage\":{\"@id\":\"https:\\\/\\\/www.lichen.pl\\\/rekolekcje-przygotowujace-do-spowiedzi-generalnej-4\\\/\"},\"wordCount\":343,\"image\":{\"@id\":\"https:\\\/\\\/www.lichen.pl\\\/rekolekcje-przygotowujace-do-spowiedzi-generalnej-4\\\/#primaryimage\"},\"thumbnailUrl\":\"https:\\\/\\\/www.lichen.pl\\\/wp-content\\\/uploads\\\/2024\\\/07\\\/20240720_100227.jpg\",\"articleSection\":[\"Aktualno\u015bci\"],\"inLanguage\":\"en-GB\"},{\"@type\":\"WebPage\",\"@id\":\"https:\\\/\\\/www.lichen.pl\\\/rekolekcje-przygotowujace-do-spowiedzi-generalnej-4\\\/\",\"url\":\"https:\\\/\\\/www.lichen.pl\\\/rekolekcje-przygotowujace-do-spowiedzi-generalnej-4\\\/\",\"name\":\"Rekolekcje przygotowuj\u0105ce do spowiedzi generalnej - SANKTUARIUM W LICHENIU\",\"isPartOf\":{\"@id\":\"https:\\\/\\\/www.lichen.pl\\\/fr\\\/#website\"},\"primaryImageOfPage\":{\"@id\":\"https:\\\/\\\/www.lichen.pl\\\/rekolekcje-przygotowujace-do-spowiedzi-generalnej-4\\\/#primaryimage\"},\"image\":{\"@id\":\"https:\\\/\\\/www.lichen.pl\\\/rekolekcje-przygotowujace-do-spowiedzi-generalnej-4\\\/#primaryimage\"},\"thumbnailUrl\":\"https:\\\/\\\/www.lichen.pl\\\/wp-content\\\/uploads\\\/2024\\\/07\\\/20240720_100227.jpg\",\"datePublished\":\"2024-07-21T21:33:57+00:00\",\"dateModified\":\"2024-07-23T21:38:36+00:00\",\"author\":{\"@id\":\"https:\\\/\\\/www.lichen.pl\\\/fr\\\/#\\\/schema\\\/person\\\/9f57a1408d363022abd305da0323b703\"},\"breadcrumb\":{\"@id\":\"https:\\\/\\\/www.lichen.pl\\\/rekolekcje-przygotowujace-do-spowiedzi-generalnej-4\\\/#breadcrumb\"},\"inLanguage\":\"en-GB\",\"potentialAction\":[{\"@type\":\"ReadAction\",\"target\":[\"https:\\\/\\\/www.lichen.pl\\\/rekolekcje-przygotowujace-do-spowiedzi-generalnej-4\\\/\"]}]},{\"@type\":\"ImageObject\",\"inLanguage\":\"en-GB\",\"@id\":\"https:\\\/\\\/www.lichen.pl\\\/rekolekcje-przygotowujace-do-spowiedzi-generalnej-4\\\/#primaryimage\",\"url\":\"https:\\\/\\\/www.lichen.pl\\\/wp-content\\\/uploads\\\/2024\\\/07\\\/20240720_100227.jpg\",\"contentUrl\":\"https:\\\/\\\/www.lichen.pl\\\/wp-content\\\/uploads\\\/2024\\\/07\\\/20240720_100227.jpg\",\"width\":1920,\"height\":1081,\"caption\":\"Rekolekcje spowied\u017a generalna lipiec 2024\"},{\"@type\":\"BreadcrumbList\",\"@id\":\"https:\\\/\\\/www.lichen.pl\\\/rekolekcje-przygotowujace-do-spowiedzi-generalnej-4\\\/#breadcrumb\",\"itemListElement\":[{\"@type\":\"ListItem\",\"position\":1,\"name\":\"Strona g\u0142\u00f3wna\",\"item\":\"https:\\\/\\\/www.lichen.pl\\\/\"},{\"@type\":\"ListItem\",\"position\":2,\"name\":\"Rekolekcje przygotowuj\u0105ce do spowiedzi generalnej\"}]},{\"@type\":\"WebSite\",\"@id\":\"https:\\\/\\\/www.lichen.pl\\\/fr\\\/#website\",\"url\":\"https:\\\/\\\/www.lichen.pl\\\/fr\\\/\",\"name\":\"SANKTUARIUM W LICHENIU\",\"description\":\"MATKI BO\u017bEJ LICHE\u0143SKIEJ BOLESNEJ KR\u00d3LOWEJ POLSKI\",\"potentialAction\":[{\"@type\":\"SearchAction\",\"target\":{\"@type\":\"EntryPoint\",\"urlTemplate\":\"https:\\\/\\\/www.lichen.pl\\\/fr\\\/?s={search_term_string}\"},\"query-input\":{\"@type\":\"PropertyValueSpecification\",\"valueRequired\":true,\"valueName\":\"search_term_string\"}}],\"inLanguage\":\"en-GB\"},{\"@type\":\"Person\",\"@id\":\"https:\\\/\\\/www.lichen.pl\\\/fr\\\/#\\\/schema\\\/person\\\/9f57a1408d363022abd305da0323b703\",\"name\":\"Justyna Zacharek\",\"image\":{\"@type\":\"ImageObject\",\"inLanguage\":\"en-GB\",\"@id\":\"https:\\\/\\\/secure.gravatar.com\\\/avatar\\\/7be193626a4fb4d6a7d53a7686c3bbf938efff653c427e0182457b838e9d2c3b?s=96&d=retro&r=g\",\"url\":\"https:\\\/\\\/secure.gravatar.com\\\/avatar\\\/7be193626a4fb4d6a7d53a7686c3bbf938efff653c427e0182457b838e9d2c3b?s=96&d=retro&r=g\",\"contentUrl\":\"https:\\\/\\\/secure.gravatar.com\\\/avatar\\\/7be193626a4fb4d6a7d53a7686c3bbf938efff653c427e0182457b838e9d2c3b?s=96&d=retro&r=g\",\"caption\":\"Justyna Zacharek\"},\"url\":\"https:\\\/\\\/www.lichen.pl\\\/en\\\/author\\\/justyna\\\/\"}]}<\/script>\n<!-- \/ Yoast SEO plugin. -->","yoast_head_json":{"title":"Rekolekcje przygotowuj\u0105ce do spowiedzi generalnej - SANKTUARIUM W LICHENIU","robots":{"index":"index","follow":"follow","max-snippet":"max-snippet:-1","max-image-preview":"max-image-preview:large","max-video-preview":"max-video-preview:-1"},"canonical":"https:\/\/www.lichen.pl\/en\/rekolekcje-przygotowujace-do-spowiedzi-generalnej-4\/","og_locale":"en_GB","og_type":"article","og_title":"Rekolekcje przygotowuj\u0105ce do spowiedzi generalnej - SANKTUARIUM W LICHENIU","og_description":"W weekend 18-21 lipca w Papieskim Domu Rekolekcyjnym odby\u0142y si\u0119 kolejne rekolekcje przygotowuj\u0105ce do spowiedzi generalnej. W spotkaniu rekolekcyjnym wzi\u0119\u0142y udzia\u0142 24 osoby. \u2013 To rekolekcje, kt\u00f3re maj\u0105 pom\u00f3c uczestnikom wyzna\u0107 grzechy, kt\u00f3rych nie wyznali, albo maj\u0105 w\u0105tpliwo\u015bci czy to zrobili, a ich grzechy si\u0119gaj\u0105 dzieci\u0144stwa czy m\u0142odo\u015bci \u2013 wyja\u015bni\u0142 ks. Jaros\u0142aw Hybza, prowadz\u0105cy. Kap\u0142an [&hellip;]","og_url":"https:\/\/www.lichen.pl\/en\/rekolekcje-przygotowujace-do-spowiedzi-generalnej-4\/","og_site_name":"SANKTUARIUM W LICHENIU","article_published_time":"2024-07-21T21:33:57+00:00","article_modified_time":"2024-07-23T21:38:36+00:00","og_image":[{"width":1024,"height":577,"url":"https:\/\/www.lichen.pl\/wp-content\/uploads\/2024\/07\/20240720_100227-1024x577.jpg","type":"image\/jpeg"}],"author":"Justyna Zacharek","twitter_card":"summary_large_image","twitter_misc":{"Written by":"Justyna Zacharek","Estimated reading time":"3 minutes"},"schema":{"@context":"https:\/\/schema.org","@graph":[{"@type":"Article","@id":"https:\/\/www.lichen.pl\/rekolekcje-przygotowujace-do-spowiedzi-generalnej-4\/#article","isPartOf":{"@id":"https:\/\/www.lichen.pl\/rekolekcje-przygotowujace-do-spowiedzi-generalnej-4\/"},"author":{"name":"Justyna Zacharek","@id":"https:\/\/www.lichen.pl\/fr\/#\/schema\/person\/9f57a1408d363022abd305da0323b703"},"headline":"Rekolekcje przygotowuj\u0105ce do spowiedzi generalnej","datePublished":"2024-07-21T21:33:57+00:00","dateModified":"2024-07-23T21:38:36+00:00","mainEntityOfPage":{"@id":"https:\/\/www.lichen.pl\/rekolekcje-przygotowujace-do-spowiedzi-generalnej-4\/"},"wordCount":343,"image":{"@id":"https:\/\/www.lichen.pl\/rekolekcje-przygotowujace-do-spowiedzi-generalnej-4\/#primaryimage"},"thumbnailUrl":"https:\/\/www.lichen.pl\/wp-content\/uploads\/2024\/07\/20240720_100227.jpg","articleSection":["Aktualno\u015bci"],"inLanguage":"en-GB"},{"@type":"WebPage","@id":"https:\/\/www.lichen.pl\/rekolekcje-przygotowujace-do-spowiedzi-generalnej-4\/","url":"https:\/\/www.lichen.pl\/rekolekcje-przygotowujace-do-spowiedzi-generalnej-4\/","name":"Rekolekcje przygotowuj\u0105ce do spowiedzi generalnej - SANKTUARIUM W LICHENIU","isPartOf":{"@id":"https:\/\/www.lichen.pl\/fr\/#website"},"primaryImageOfPage":{"@id":"https:\/\/www.lichen.pl\/rekolekcje-przygotowujace-do-spowiedzi-generalnej-4\/#primaryimage"},"image":{"@id":"https:\/\/www.lichen.pl\/rekolekcje-przygotowujace-do-spowiedzi-generalnej-4\/#primaryimage"},"thumbnailUrl":"https:\/\/www.lichen.pl\/wp-content\/uploads\/2024\/07\/20240720_100227.jpg","datePublished":"2024-07-21T21:33:57+00:00","dateModified":"2024-07-23T21:38:36+00:00","author":{"@id":"https:\/\/www.lichen.pl\/fr\/#\/schema\/person\/9f57a1408d363022abd305da0323b703"},"breadcrumb":{"@id":"https:\/\/www.lichen.pl\/rekolekcje-przygotowujace-do-spowiedzi-generalnej-4\/#breadcrumb"},"inLanguage":"en-GB","potentialAction":[{"@type":"ReadAction","target":["https:\/\/www.lichen.pl\/rekolekcje-przygotowujace-do-spowiedzi-generalnej-4\/"]}]},{"@type":"ImageObject","inLanguage":"en-GB","@id":"https:\/\/www.lichen.pl\/rekolekcje-przygotowujace-do-spowiedzi-generalnej-4\/#primaryimage","url":"https:\/\/www.lichen.pl\/wp-content\/uploads\/2024\/07\/20240720_100227.jpg","contentUrl":"https:\/\/www.lichen.pl\/wp-content\/uploads\/2024\/07\/20240720_100227.jpg","width":1920,"height":1081,"caption":"Rekolekcje spowied\u017a generalna lipiec 2024"},{"@type":"BreadcrumbList","@id":"https:\/\/www.lichen.pl\/rekolekcje-przygotowujace-do-spowiedzi-generalnej-4\/#breadcrumb","itemListElement":[{"@type":"ListItem","position":1,"name":"Strona g\u0142\u00f3wna","item":"https:\/\/www.lichen.pl\/"},{"@type":"ListItem","position":2,"name":"Rekolekcje przygotowuj\u0105ce do spowiedzi generalnej"}]},{"@type":"WebSite","@id":"https:\/\/www.lichen.pl\/fr\/#website","url":"https:\/\/www.lichen.pl\/fr\/","name":"SANCTUARY IN LICHENIA","description":"OUR LICHEN&#039;S SORROWFUL QUEEN OF POLAND","potentialAction":[{"@type":"SearchAction","target":{"@type":"EntryPoint","urlTemplate":"https:\/\/www.lichen.pl\/fr\/?s={search_term_string}"},"query-input":{"@type":"PropertyValueSpecification","valueRequired":true,"valueName":"search_term_string"}}],"inLanguage":"en-GB"},{"@type":"Person","@id":"https:\/\/www.lichen.pl\/fr\/#\/schema\/person\/9f57a1408d363022abd305da0323b703","name":"Justyna Zacharek","image":{"@type":"ImageObject","inLanguage":"en-GB","@id":"https:\/\/secure.gravatar.com\/avatar\/7be193626a4fb4d6a7d53a7686c3bbf938efff653c427e0182457b838e9d2c3b?s=96&d=retro&r=g","url":"https:\/\/secure.gravatar.com\/avatar\/7be193626a4fb4d6a7d53a7686c3bbf938efff653c427e0182457b838e9d2c3b?s=96&d=retro&r=g","contentUrl":"https:\/\/secure.gravatar.com\/avatar\/7be193626a4fb4d6a7d53a7686c3bbf938efff653c427e0182457b838e9d2c3b?s=96&d=retro&r=g","caption":"Justyna Zacharek"},"url":"https:\/\/www.lichen.pl\/en\/author\/justyna\/"}]}},"_links":{"self":[{"href":"https:\/\/www.lichen.pl\/en\/wp-json\/wp\/v2\/posts\/72188","targetHints":{"allow":["GET"]}}],"collection":[{"href":"https:\/\/www.lichen.pl\/en\/wp-json\/wp\/v2\/posts"}],"about":[{"href":"https:\/\/www.lichen.pl\/en\/wp-json\/wp\/v2\/types\/post"}],"author":[{"embeddable":true,"href":"https:\/\/www.lichen.pl\/en\/wp-json\/wp\/v2\/users\/5"}],"replies":[{"embeddable":true,"href":"https:\/\/www.lichen.pl\/en\/wp-json\/wp\/v2\/comments?post=72188"}],"version-history":[{"count":4,"href":"https:\/\/www.lichen.pl\/en\/wp-json\/wp\/v2\/posts\/72188\/revisions"}],"predecessor-version":[{"id":72194,"href":"https:\/\/www.lichen.pl\/en\/wp-json\/wp\/v2\/posts\/72188\/revisions\/72194"}],"wp:featuredmedia":[{"embeddable":true,"href":"https:\/\/www.lichen.pl\/en\/wp-json\/wp\/v2\/media\/72190"}],"wp:attachment":[{"href":"https:\/\/www.lichen.pl\/en\/wp-json\/wp\/v2\/media?parent=72188"}],"wp:term":[{"taxonomy":"category","embeddable":true,"href":"https:\/\/www.lichen.pl\/en\/wp-json\/wp\/v2\/categories?post=72188"},{"taxonomy":"post_tag","embeddable":true,"href":"https:\/\/www.lichen.pl\/en\/wp-json\/wp\/v2\/tags?post=72188"}],"curies":[{"name":"wp","href":"https:\/\/api.w.org\/{rel}","templated":true}]}}