{"id":73349,"date":"2024-08-19T01:30:17","date_gmt":"2024-08-18T23:30:17","guid":{"rendered":"https:\/\/www.lichen.pl\/?p=73349"},"modified":"2024-08-27T12:26:03","modified_gmt":"2024-08-27T10:26:03","slug":"z-mlodymi-i-dla-mlodych","status":"publish","type":"post","link":"https:\/\/www.lichen.pl\/en\/z-mlodymi-i-dla-mlodych\/","title":{"rendered":"Z m\u0142odymi i dla m\u0142odych"},"content":{"rendered":"<div data-elementor-type=\"wp-post\" data-elementor-id=\"73349\" class=\"elementor elementor-73349\" data-elementor-post-type=\"post\">\n\t\t\t\t\t\t<section class=\"elementor-section elementor-top-section elementor-element elementor-element-cf2ebda elementor-section-boxed elementor-section-height-default elementor-section-height-default\" data-id=\"cf2ebda\" data-element_type=\"section\" data-e-type=\"section\">\n\t\t\t\t\t\t<div class=\"elementor-container elementor-column-gap-default\">\n\t\t\t\t\t<div class=\"elementor-column elementor-col-100 elementor-top-column elementor-element elementor-element-51571a1\" data-id=\"51571a1\" data-element_type=\"column\" data-e-type=\"column\">\n\t\t\t<div class=\"elementor-widget-wrap elementor-element-populated\">\n\t\t\t\t\t\t<div class=\"elementor-element elementor-element-bc365df elementor-widget elementor-widget-heading\" data-id=\"bc365df\" data-element_type=\"widget\" data-e-type=\"widget\" data-widget_type=\"heading.default\">\n\t\t\t\t<div class=\"elementor-widget-container\">\n\t\t\t\t\t<h2 class=\"elementor-heading-title elementor-size-default\">Pod has\u0142em \u201eZ m\u0142odymi i dla m\u0142odych\u201d w sanktuarium Matki Bo\u017cej Liche\u0144skiej modlono si\u0119 podczas popo\u0142udniowej Eucharystii w niedziel\u0119, 18 sierpnia. Po Mszy \u015awi\u0119tej z homili\u0105 skierowan\u0105 do m\u0142odych ludzi, na placu przed bazylik\u0105 odby\u0142 si\u0119 koncert grupy Mocni w Duchu.<\/h2>\t\t\t\t<\/div>\n\t\t\t\t<\/div>\n\t\t\t\t\t<\/div>\n\t\t<\/div>\n\t\t\t\t\t<\/div>\n\t\t<\/section>\n\t\t\t\t<section class=\"elementor-section elementor-top-section elementor-element elementor-element-18d103e elementor-section-boxed elementor-section-height-default elementor-section-height-default\" data-id=\"18d103e\" data-element_type=\"section\" data-e-type=\"section\">\n\t\t\t\t\t\t<div class=\"elementor-container elementor-column-gap-default\">\n\t\t\t\t\t<div class=\"elementor-column elementor-col-100 elementor-top-column elementor-element elementor-element-a7e29ef\" data-id=\"a7e29ef\" data-element_type=\"column\" data-e-type=\"column\">\n\t\t\t<div class=\"elementor-widget-wrap elementor-element-populated\">\n\t\t\t\t\t\t<section class=\"elementor-section elementor-inner-section elementor-element elementor-element-b15a8a8 elementor-section-boxed elementor-section-height-default elementor-section-height-default\" data-id=\"b15a8a8\" data-element_type=\"section\" data-e-type=\"section\">\n\t\t\t\t\t\t<div class=\"elementor-container elementor-column-gap-default\">\n\t\t\t\t\t<div class=\"elementor-column elementor-col-50 elementor-inner-column elementor-element elementor-element-eb089b0\" data-id=\"eb089b0\" data-element_type=\"column\" data-e-type=\"column\">\n\t\t\t<div class=\"elementor-widget-wrap elementor-element-populated\">\n\t\t\t\t\t\t<div class=\"elementor-element elementor-element-26741b3 elementor-widget elementor-widget-facebook-embed\" data-id=\"26741b3\" data-element_type=\"widget\" data-e-type=\"widget\" data-widget_type=\"facebook-embed.default\">\n\t\t\t\t<div class=\"elementor-widget-container\">\n\t\t\t\t\t<div style=\"min-height: 1px\" class=\"elementor-facebook-widget fb-post\" data-href=\"https:\/\/www.facebook.com\/SanktuariumLichen\/videos\/3656158614714342\" data-show-text=\"false\"><\/div>\t\t\t\t<\/div>\n\t\t\t\t<\/div>\n\t\t\t\t\t<\/div>\n\t\t<\/div>\n\t\t\t\t<div class=\"elementor-column elementor-col-50 elementor-inner-column elementor-element elementor-element-862c427\" data-id=\"862c427\" data-element_type=\"column\" data-e-type=\"column\">\n\t\t\t<div class=\"elementor-widget-wrap elementor-element-populated\">\n\t\t\t\t\t\t<div class=\"elementor-element elementor-element-8bc6880 elementor-widget elementor-widget-text-editor\" data-id=\"8bc6880\" data-element_type=\"widget\" data-e-type=\"widget\" data-widget_type=\"text-editor.default\">\n\t\t\t\t<div class=\"elementor-widget-container\">\n\t\t\t\t\t\t\t\t\t<p>\u2013 Chcemy spotyka\u0107 si\u0119 tutaj, przy Matce Naj\u015bwi\u0119tszej, z m\u0142odymi nie tylko wiekem, ale tak\u017ce duchem. Prosi\u0107 Maryj\u0119, by wstawia\u0142a si\u0119 za nami \u2013 m\u00f3wi\u0142 ks. S\u0142awomir Homoncik MIC, kustosz sanktuarium, witaj\u0105c pielgrzym\u00f3w w bazylice liche\u0144skiej.<\/p><p>18 sierpnia odby\u0142a si\u0119 druga Eucharystia z cyklu spotka\u0144 \u201eZ m\u0142odymi i\u00a0dla m\u0142odych\u201d. Jest to zaproszenie do\u00a0wsp\u00f3lnego prze\u017cywania wiary, by\u00a0w\u00a0obecno\u015bci Jezusa i\u00a0Jego Matki, odnale\u017a\u0107 pok\u00f3j serca, nabra\u0107 si\u0142 do\u00a0codziennych wyzwa\u0144 i\u00a0pog\u0142\u0119bi\u0107 swoj\u0105 relacj\u0119 z\u00a0Bogiem.<\/p><p>Mszy \u015awi\u0119tej przewodniczy\u0142 ks. Jan Czupry\u0144ski MIC, najm\u0142odszy zakonnik z liche\u0144skiej wsp\u00f3lnoty ksi\u0119\u017cy marian\u00f3w. \u2013 Na jakiej zasadzie Chrystus nam obiecuje \u017cycie wieczne? \u2013 pyta\u0142 w homilii ks. Czupry\u0144ski. \u2013 Ka\u017cdy z nas kiedy\u015b umrze. Mo\u017cemy pracowa\u0107 nad czym\u015b ca\u0142e \u017cycie, ale te rzeczy nie b\u0119d\u0105 istnie\u0107 wiecznie. Nie da si\u0119 naje\u015b\u0107, odpocz\u0105\u0107 czy wyspa\u0107 na zawsze. Chrystus nam to obiecuje: \u201eKto spo\u017cywa moje Cia\u0142o i Krew moj\u0105 pije, trwa we Mnie, a Ja w nim\u201d.<\/p><p>Marianin zauwa\u017cy\u0142, \u017ce niekt\u00f3rzy uczniowie zgorszyli si\u0119 nauk\u0105 Chrystusa o spo\u017cywaniu Cia\u0142a i Krwi. Mimo tego Zbawiciel nie zmieni\u0142 sposobu opowiadania o niej. Sakrament Eucharystii ks. Jan nazwa\u0142 przebywaniem Boga w nas. Podkre\u015bli\u0142, \u017ce B\u00f3g trwa w naszych sercach.<\/p>\t\t\t\t\t\t\t\t<\/div>\n\t\t\t\t<\/div>\n\t\t\t\t\t<\/div>\n\t\t<\/div>\n\t\t\t\t\t<\/div>\n\t\t<\/section>\n\t\t\t\t\t<\/div>\n\t\t<\/div>\n\t\t\t\t\t<\/div>\n\t\t<\/section>\n\t\t\t\t<section class=\"elementor-section elementor-top-section elementor-element elementor-element-5e5adf8 elementor-section-boxed elementor-section-height-default elementor-section-height-default\" data-id=\"5e5adf8\" data-element_type=\"section\" data-e-type=\"section\">\n\t\t\t\t\t\t<div class=\"elementor-container elementor-column-gap-default\">\n\t\t\t\t\t<div class=\"elementor-column elementor-col-100 elementor-top-column elementor-element elementor-element-c2c045d\" data-id=\"c2c045d\" data-element_type=\"column\" data-e-type=\"column\">\n\t\t\t<div class=\"elementor-widget-wrap elementor-element-populated\">\n\t\t\t\t\t\t<div class=\"elementor-element elementor-element-fd8e6b4 elementor-widget elementor-widget-text-editor\" data-id=\"fd8e6b4\" data-element_type=\"widget\" data-e-type=\"widget\" data-widget_type=\"text-editor.default\">\n\t\t\t\t<div class=\"elementor-widget-container\">\n\t\t\t\t\t\t\t\t\t<p>Podczas Mszy \u015awi\u0119tej mo\u017cna by\u0142o us\u0142ysze\u0107 \u015bpiew Adrianny Maciejewskiej, m\u0142odej liche\u0144skiej parafianki. Po Eucharystii, na placu przed bazylik\u0105 liche\u0144sk\u0105 odby\u0142 si\u0119 koncert Mocnych w Duchu. \u0141\u00f3dzki zesp\u00f3\u0142 ewangelizacyjny zaprosi\u0142 pielgrzym\u00f3w do wsp\u00f3lnego \u015bpiewu i wielbienia Boga.<\/p><p>\u2013 Kiedy ostatnio rozmawia\u0142e\u015b z Jezusem? Czy w og\u00f3le z Nim rozmawiasz? \u2013 zach\u0119ca\u0142a do zadania sobie pytania jedna z wokalistek zapraszaj\u0105c do modlitwy o dar \u017cywej wiary. \u2013 Prosz\u0119 Ci\u0119 dzisiaj o dar spotkania \u017cywego Boga, by nasze serca spotka\u0142y Twoje Serce. Daj nam poczu\u0107, jak blisko jeste\u015b nas, jak bardzo nas kochasz \u2013 modli\u0142a si\u0119.<\/p><p>Kolejne spotkanie z cyklu \u201eZ m\u0142odymi i dla m\u0142odych\u201d zaplanowano na 15 wrze\u015bnia. B\u0119d\u0105 si\u0119 one odbywa\u0107 w\u00a0ka\u017cd\u0105 trzeci\u0105 niedziel\u0119 miesi\u0105ca.<\/p>\t\t\t\t\t\t\t\t<\/div>\n\t\t\t\t<\/div>\n\t\t\t\t\t<\/div>\n\t\t<\/div>\n\t\t\t\t\t<\/div>\n\t\t<\/section>\n\t\t\t\t<section class=\"elementor-section elementor-top-section elementor-element elementor-element-4374474 elementor-section-boxed elementor-section-height-default elementor-section-height-default\" data-id=\"4374474\" data-element_type=\"section\" data-e-type=\"section\">\n\t\t\t\t\t\t<div class=\"elementor-container elementor-column-gap-default\">\n\t\t\t\t\t<div class=\"elementor-column elementor-col-100 elementor-top-column elementor-element elementor-element-6d99899\" data-id=\"6d99899\" data-element_type=\"column\" data-e-type=\"column\">\n\t\t\t<div class=\"elementor-widget-wrap elementor-element-populated\">\n\t\t\t\t\t\t<div class=\"elementor-element elementor-element-7d79a81 elementor-widget elementor-widget-image-gallery\" data-id=\"7d79a81\" data-element_type=\"widget\" data-e-type=\"widget\" data-widget_type=\"image-gallery.default\">\n\t\t\t\t<div class=\"elementor-widget-container\">\n\t\t\t\t\t\t\t<div class=\"elementor-image-gallery\">\n\t\t\t<div id='gallery-1' class='gallery galleryid-73349 gallery-columns-6 gallery-size-thumbnail'><figure class='gallery-item'>\n\t\t\t<div class='gallery-icon landscape'>\n\t\t\t\t<a data-elementor-open-lightbox=\"yes\" data-elementor-lightbox-slideshow=\"7d79a81\" data-elementor-lightbox-title=\"Eucharystia z m\u0142odymi i dla m\u0142odych (3)\" data-e-action-hash=\"#elementor-action%3Aaction%3Dlightbox%26settings%3DeyJpZCI6NzMzNTEsInVybCI6Imh0dHBzOlwvXC93d3cubGljaGVuLnBsXC93cC1jb250ZW50XC91cGxvYWRzXC8yMDI0XC8wOFwvRXVjaGFyeXN0aWEtei1tbG9keW1pLWktZGxhLW1sb2R5Y2gtMy5qcGciLCJzbGlkZXNob3ciOiI3ZDc5YTgxIn0%3D\" href='https:\/\/www.lichen.pl\/wp-content\/uploads\/2024\/08\/Eucharystia-z-mlodymi-i-dla-mlodych-3.jpg'><img width=\"150\" height=\"150\" src=\"https:\/\/www.lichen.pl\/wp-content\/uploads\/2024\/08\/Eucharystia-z-mlodymi-i-dla-mlodych-3-150x150.jpg\" class=\"attachment-thumbnail size-thumbnail\" alt=\"\" decoding=\"async\" srcset=\"https:\/\/www.lichen.pl\/wp-content\/uploads\/2024\/08\/Eucharystia-z-mlodymi-i-dla-mlodych-3-150x150.jpg 150w, https:\/\/www.lichen.pl\/wp-content\/uploads\/2024\/08\/Eucharystia-z-mlodymi-i-dla-mlodych-3-300x300.jpg 300w\" sizes=\"(max-width: 150px) 100vw, 150px\" \/><\/a>\n\t\t\t<\/div><\/figure><figure class='gallery-item'>\n\t\t\t<div class='gallery-icon landscape'>\n\t\t\t\t<a data-elementor-open-lightbox=\"yes\" data-elementor-lightbox-slideshow=\"7d79a81\" data-elementor-lightbox-title=\"Eucharystia z m\u0142odymi i dla m\u0142odych (11)\" data-e-action-hash=\"#elementor-action%3Aaction%3Dlightbox%26settings%3DeyJpZCI6NzMzNTksInVybCI6Imh0dHBzOlwvXC93d3cubGljaGVuLnBsXC93cC1jb250ZW50XC91cGxvYWRzXC8yMDI0XC8wOFwvRXVjaGFyeXN0aWEtei1tbG9keW1pLWktZGxhLW1sb2R5Y2gtMTEuanBnIiwic2xpZGVzaG93IjoiN2Q3OWE4MSJ9\" href='https:\/\/www.lichen.pl\/wp-content\/uploads\/2024\/08\/Eucharystia-z-mlodymi-i-dla-mlodych-11.jpg'><img width=\"150\" height=\"150\" src=\"https:\/\/www.lichen.pl\/wp-content\/uploads\/2024\/08\/Eucharystia-z-mlodymi-i-dla-mlodych-11-150x150.jpg\" class=\"attachment-thumbnail size-thumbnail\" alt=\"\" decoding=\"async\" srcset=\"https:\/\/www.lichen.pl\/wp-content\/uploads\/2024\/08\/Eucharystia-z-mlodymi-i-dla-mlodych-11-150x150.jpg 150w, https:\/\/www.lichen.pl\/wp-content\/uploads\/2024\/08\/Eucharystia-z-mlodymi-i-dla-mlodych-11-300x300.jpg 300w\" sizes=\"(max-width: 150px) 100vw, 150px\" \/><\/a>\n\t\t\t<\/div><\/figure><figure class='gallery-item'>\n\t\t\t<div class='gallery-icon portrait'>\n\t\t\t\t<a data-elementor-open-lightbox=\"yes\" data-elementor-lightbox-slideshow=\"7d79a81\" data-elementor-lightbox-title=\"Eucharystia z m\u0142odymi i dla m\u0142odych (2)\" data-e-action-hash=\"#elementor-action%3Aaction%3Dlightbox%26settings%3DeyJpZCI6NzMzNTAsInVybCI6Imh0dHBzOlwvXC93d3cubGljaGVuLnBsXC93cC1jb250ZW50XC91cGxvYWRzXC8yMDI0XC8wOFwvRXVjaGFyeXN0aWEtei1tbG9keW1pLWktZGxhLW1sb2R5Y2gtMi5qcGciLCJzbGlkZXNob3ciOiI3ZDc5YTgxIn0%3D\" href='https:\/\/www.lichen.pl\/wp-content\/uploads\/2024\/08\/Eucharystia-z-mlodymi-i-dla-mlodych-2.jpg'><img width=\"150\" height=\"150\" src=\"https:\/\/www.lichen.pl\/wp-content\/uploads\/2024\/08\/Eucharystia-z-mlodymi-i-dla-mlodych-2-150x150.jpg\" class=\"attachment-thumbnail size-thumbnail\" alt=\"\" decoding=\"async\" srcset=\"https:\/\/www.lichen.pl\/wp-content\/uploads\/2024\/08\/Eucharystia-z-mlodymi-i-dla-mlodych-2-150x150.jpg 150w, https:\/\/www.lichen.pl\/wp-content\/uploads\/2024\/08\/Eucharystia-z-mlodymi-i-dla-mlodych-2-300x300.jpg 300w\" sizes=\"(max-width: 150px) 100vw, 150px\" \/><\/a>\n\t\t\t<\/div><\/figure><figure class='gallery-item'>\n\t\t\t<div class='gallery-icon portrait'>\n\t\t\t\t<a data-elementor-open-lightbox=\"yes\" data-elementor-lightbox-slideshow=\"7d79a81\" data-elementor-lightbox-title=\"Eucharystia z m\u0142odymi i dla m\u0142odych (4)\" data-e-action-hash=\"#elementor-action%3Aaction%3Dlightbox%26settings%3DeyJpZCI6NzMzNTIsInVybCI6Imh0dHBzOlwvXC93d3cubGljaGVuLnBsXC93cC1jb250ZW50XC91cGxvYWRzXC8yMDI0XC8wOFwvRXVjaGFyeXN0aWEtei1tbG9keW1pLWktZGxhLW1sb2R5Y2gtNC5qcGciLCJzbGlkZXNob3ciOiI3ZDc5YTgxIn0%3D\" href='https:\/\/www.lichen.pl\/wp-content\/uploads\/2024\/08\/Eucharystia-z-mlodymi-i-dla-mlodych-4.jpg'><img loading=\"lazy\" width=\"150\" height=\"150\" src=\"https:\/\/www.lichen.pl\/wp-content\/uploads\/2024\/08\/Eucharystia-z-mlodymi-i-dla-mlodych-4-150x150.jpg\" class=\"attachment-thumbnail size-thumbnail\" alt=\"\" decoding=\"async\" srcset=\"https:\/\/www.lichen.pl\/wp-content\/uploads\/2024\/08\/Eucharystia-z-mlodymi-i-dla-mlodych-4-150x150.jpg 150w, https:\/\/www.lichen.pl\/wp-content\/uploads\/2024\/08\/Eucharystia-z-mlodymi-i-dla-mlodych-4-300x300.jpg 300w\" sizes=\"(max-width: 150px) 100vw, 150px\" \/><\/a>\n\t\t\t<\/div><\/figure><figure class='gallery-item'>\n\t\t\t<div class='gallery-icon portrait'>\n\t\t\t\t<a data-elementor-open-lightbox=\"yes\" data-elementor-lightbox-slideshow=\"7d79a81\" data-elementor-lightbox-title=\"Eucharystia z m\u0142odymi i dla m\u0142odych (5)\" data-e-action-hash=\"#elementor-action%3Aaction%3Dlightbox%26settings%3DeyJpZCI6NzMzNTMsInVybCI6Imh0dHBzOlwvXC93d3cubGljaGVuLnBsXC93cC1jb250ZW50XC91cGxvYWRzXC8yMDI0XC8wOFwvRXVjaGFyeXN0aWEtei1tbG9keW1pLWktZGxhLW1sb2R5Y2gtNS5qcGciLCJzbGlkZXNob3ciOiI3ZDc5YTgxIn0%3D\" href='https:\/\/www.lichen.pl\/wp-content\/uploads\/2024\/08\/Eucharystia-z-mlodymi-i-dla-mlodych-5.jpg'><img loading=\"lazy\" width=\"150\" height=\"150\" src=\"https:\/\/www.lichen.pl\/wp-content\/uploads\/2024\/08\/Eucharystia-z-mlodymi-i-dla-mlodych-5-150x150.jpg\" class=\"attachment-thumbnail size-thumbnail\" alt=\"\" decoding=\"async\" srcset=\"https:\/\/www.lichen.pl\/wp-content\/uploads\/2024\/08\/Eucharystia-z-mlodymi-i-dla-mlodych-5-150x150.jpg 150w, https:\/\/www.lichen.pl\/wp-content\/uploads\/2024\/08\/Eucharystia-z-mlodymi-i-dla-mlodych-5-300x300.jpg 300w\" sizes=\"(max-width: 150px) 100vw, 150px\" \/><\/a>\n\t\t\t<\/div><\/figure><figure class='gallery-item'>\n\t\t\t<div class='gallery-icon landscape'>\n\t\t\t\t<a data-elementor-open-lightbox=\"yes\" data-elementor-lightbox-slideshow=\"7d79a81\" data-elementor-lightbox-title=\"Eucharystia z m\u0142odymi i dla m\u0142odych (6)\" data-e-action-hash=\"#elementor-action%3Aaction%3Dlightbox%26settings%3DeyJpZCI6NzMzNTQsInVybCI6Imh0dHBzOlwvXC93d3cubGljaGVuLnBsXC93cC1jb250ZW50XC91cGxvYWRzXC8yMDI0XC8wOFwvRXVjaGFyeXN0aWEtei1tbG9keW1pLWktZGxhLW1sb2R5Y2gtNi5qcGciLCJzbGlkZXNob3ciOiI3ZDc5YTgxIn0%3D\" href='https:\/\/www.lichen.pl\/wp-content\/uploads\/2024\/08\/Eucharystia-z-mlodymi-i-dla-mlodych-6.jpg'><img loading=\"lazy\" width=\"150\" height=\"150\" src=\"https:\/\/www.lichen.pl\/wp-content\/uploads\/2024\/08\/Eucharystia-z-mlodymi-i-dla-mlodych-6-150x150.jpg\" class=\"attachment-thumbnail size-thumbnail\" alt=\"\" decoding=\"async\" srcset=\"https:\/\/www.lichen.pl\/wp-content\/uploads\/2024\/08\/Eucharystia-z-mlodymi-i-dla-mlodych-6-150x150.jpg 150w, https:\/\/www.lichen.pl\/wp-content\/uploads\/2024\/08\/Eucharystia-z-mlodymi-i-dla-mlodych-6-300x300.jpg 300w\" sizes=\"(max-width: 150px) 100vw, 150px\" \/><\/a>\n\t\t\t<\/div><\/figure><figure class='gallery-item'>\n\t\t\t<div class='gallery-icon landscape'>\n\t\t\t\t<a data-elementor-open-lightbox=\"yes\" data-elementor-lightbox-slideshow=\"7d79a81\" data-elementor-lightbox-title=\"Eucharystia z m\u0142odymi i dla m\u0142odych (7)\" data-e-action-hash=\"#elementor-action%3Aaction%3Dlightbox%26settings%3DeyJpZCI6NzMzNTUsInVybCI6Imh0dHBzOlwvXC93d3cubGljaGVuLnBsXC93cC1jb250ZW50XC91cGxvYWRzXC8yMDI0XC8wOFwvRXVjaGFyeXN0aWEtei1tbG9keW1pLWktZGxhLW1sb2R5Y2gtNy5qcGciLCJzbGlkZXNob3ciOiI3ZDc5YTgxIn0%3D\" href='https:\/\/www.lichen.pl\/wp-content\/uploads\/2024\/08\/Eucharystia-z-mlodymi-i-dla-mlodych-7.jpg'><img loading=\"lazy\" width=\"150\" height=\"150\" src=\"https:\/\/www.lichen.pl\/wp-content\/uploads\/2024\/08\/Eucharystia-z-mlodymi-i-dla-mlodych-7-150x150.jpg\" class=\"attachment-thumbnail size-thumbnail\" alt=\"\" decoding=\"async\" srcset=\"https:\/\/www.lichen.pl\/wp-content\/uploads\/2024\/08\/Eucharystia-z-mlodymi-i-dla-mlodych-7-150x150.jpg 150w, https:\/\/www.lichen.pl\/wp-content\/uploads\/2024\/08\/Eucharystia-z-mlodymi-i-dla-mlodych-7-300x300.jpg 300w\" sizes=\"(max-width: 150px) 100vw, 150px\" \/><\/a>\n\t\t\t<\/div><\/figure><figure class='gallery-item'>\n\t\t\t<div class='gallery-icon portrait'>\n\t\t\t\t<a data-elementor-open-lightbox=\"yes\" data-elementor-lightbox-slideshow=\"7d79a81\" data-elementor-lightbox-title=\"Eucharystia z m\u0142odymi i dla m\u0142odych (13)\" data-e-action-hash=\"#elementor-action%3Aaction%3Dlightbox%26settings%3DeyJpZCI6NzMzNjEsInVybCI6Imh0dHBzOlwvXC93d3cubGljaGVuLnBsXC93cC1jb250ZW50XC91cGxvYWRzXC8yMDI0XC8wOFwvRXVjaGFyeXN0aWEtei1tbG9keW1pLWktZGxhLW1sb2R5Y2gtMTMuanBnIiwic2xpZGVzaG93IjoiN2Q3OWE4MSJ9\" href='https:\/\/www.lichen.pl\/wp-content\/uploads\/2024\/08\/Eucharystia-z-mlodymi-i-dla-mlodych-13.jpg'><img loading=\"lazy\" width=\"150\" height=\"150\" src=\"https:\/\/www.lichen.pl\/wp-content\/uploads\/2024\/08\/Eucharystia-z-mlodymi-i-dla-mlodych-13-150x150.jpg\" class=\"attachment-thumbnail size-thumbnail\" alt=\"\" decoding=\"async\" srcset=\"https:\/\/www.lichen.pl\/wp-content\/uploads\/2024\/08\/Eucharystia-z-mlodymi-i-dla-mlodych-13-150x150.jpg 150w, https:\/\/www.lichen.pl\/wp-content\/uploads\/2024\/08\/Eucharystia-z-mlodymi-i-dla-mlodych-13-300x300.jpg 300w\" sizes=\"(max-width: 150px) 100vw, 150px\" \/><\/a>\n\t\t\t<\/div><\/figure><figure class='gallery-item'>\n\t\t\t<div class='gallery-icon portrait'>\n\t\t\t\t<a data-elementor-open-lightbox=\"yes\" data-elementor-lightbox-slideshow=\"7d79a81\" data-elementor-lightbox-title=\"Eucharystia z m\u0142odymi i dla m\u0142odych (8)\" data-e-action-hash=\"#elementor-action%3Aaction%3Dlightbox%26settings%3DeyJpZCI6NzMzNTYsInVybCI6Imh0dHBzOlwvXC93d3cubGljaGVuLnBsXC93cC1jb250ZW50XC91cGxvYWRzXC8yMDI0XC8wOFwvRXVjaGFyeXN0aWEtei1tbG9keW1pLWktZGxhLW1sb2R5Y2gtOC5qcGciLCJzbGlkZXNob3ciOiI3ZDc5YTgxIn0%3D\" href='https:\/\/www.lichen.pl\/wp-content\/uploads\/2024\/08\/Eucharystia-z-mlodymi-i-dla-mlodych-8.jpg'><img loading=\"lazy\" width=\"150\" height=\"150\" src=\"https:\/\/www.lichen.pl\/wp-content\/uploads\/2024\/08\/Eucharystia-z-mlodymi-i-dla-mlodych-8-150x150.jpg\" class=\"attachment-thumbnail size-thumbnail\" alt=\"\" decoding=\"async\" srcset=\"https:\/\/www.lichen.pl\/wp-content\/uploads\/2024\/08\/Eucharystia-z-mlodymi-i-dla-mlodych-8-150x150.jpg 150w, https:\/\/www.lichen.pl\/wp-content\/uploads\/2024\/08\/Eucharystia-z-mlodymi-i-dla-mlodych-8-300x300.jpg 300w\" sizes=\"(max-width: 150px) 100vw, 150px\" \/><\/a>\n\t\t\t<\/div><\/figure><figure class='gallery-item'>\n\t\t\t<div class='gallery-icon landscape'>\n\t\t\t\t<a data-elementor-open-lightbox=\"yes\" data-elementor-lightbox-slideshow=\"7d79a81\" data-elementor-lightbox-title=\"Eucharystia z m\u0142odymi i dla m\u0142odych (9)\" data-e-action-hash=\"#elementor-action%3Aaction%3Dlightbox%26settings%3DeyJpZCI6NzMzNTcsInVybCI6Imh0dHBzOlwvXC93d3cubGljaGVuLnBsXC93cC1jb250ZW50XC91cGxvYWRzXC8yMDI0XC8wOFwvRXVjaGFyeXN0aWEtei1tbG9keW1pLWktZGxhLW1sb2R5Y2gtOS5qcGciLCJzbGlkZXNob3ciOiI3ZDc5YTgxIn0%3D\" href='https:\/\/www.lichen.pl\/wp-content\/uploads\/2024\/08\/Eucharystia-z-mlodymi-i-dla-mlodych-9.jpg'><img loading=\"lazy\" width=\"150\" height=\"150\" src=\"https:\/\/www.lichen.pl\/wp-content\/uploads\/2024\/08\/Eucharystia-z-mlodymi-i-dla-mlodych-9-150x150.jpg\" class=\"attachment-thumbnail size-thumbnail\" alt=\"\" decoding=\"async\" srcset=\"https:\/\/www.lichen.pl\/wp-content\/uploads\/2024\/08\/Eucharystia-z-mlodymi-i-dla-mlodych-9-150x150.jpg 150w, https:\/\/www.lichen.pl\/wp-content\/uploads\/2024\/08\/Eucharystia-z-mlodymi-i-dla-mlodych-9-300x300.jpg 300w\" sizes=\"(max-width: 150px) 100vw, 150px\" \/><\/a>\n\t\t\t<\/div><\/figure><figure class='gallery-item'>\n\t\t\t<div class='gallery-icon landscape'>\n\t\t\t\t<a data-elementor-open-lightbox=\"yes\" data-elementor-lightbox-slideshow=\"7d79a81\" data-elementor-lightbox-title=\"Eucharystia z m\u0142odymi i dla m\u0142odych (10)\" data-e-action-hash=\"#elementor-action%3Aaction%3Dlightbox%26settings%3DeyJpZCI6NzMzNTgsInVybCI6Imh0dHBzOlwvXC93d3cubGljaGVuLnBsXC93cC1jb250ZW50XC91cGxvYWRzXC8yMDI0XC8wOFwvRXVjaGFyeXN0aWEtei1tbG9keW1pLWktZGxhLW1sb2R5Y2gtMTAuanBnIiwic2xpZGVzaG93IjoiN2Q3OWE4MSJ9\" href='https:\/\/www.lichen.pl\/wp-content\/uploads\/2024\/08\/Eucharystia-z-mlodymi-i-dla-mlodych-10.jpg'><img loading=\"lazy\" width=\"150\" height=\"150\" src=\"https:\/\/www.lichen.pl\/wp-content\/uploads\/2024\/08\/Eucharystia-z-mlodymi-i-dla-mlodych-10-150x150.jpg\" class=\"attachment-thumbnail size-thumbnail\" alt=\"\" decoding=\"async\" srcset=\"https:\/\/www.lichen.pl\/wp-content\/uploads\/2024\/08\/Eucharystia-z-mlodymi-i-dla-mlodych-10-150x150.jpg 150w, https:\/\/www.lichen.pl\/wp-content\/uploads\/2024\/08\/Eucharystia-z-mlodymi-i-dla-mlodych-10-300x300.jpg 300w\" sizes=\"(max-width: 150px) 100vw, 150px\" \/><\/a>\n\t\t\t<\/div><\/figure><figure class='gallery-item'>\n\t\t\t<div class='gallery-icon portrait'>\n\t\t\t\t<a data-elementor-open-lightbox=\"yes\" data-elementor-lightbox-slideshow=\"7d79a81\" data-elementor-lightbox-title=\"Eucharystia z m\u0142odymi i dla m\u0142odych (12)\" data-e-action-hash=\"#elementor-action%3Aaction%3Dlightbox%26settings%3DeyJpZCI6NzMzNjAsInVybCI6Imh0dHBzOlwvXC93d3cubGljaGVuLnBsXC93cC1jb250ZW50XC91cGxvYWRzXC8yMDI0XC8wOFwvRXVjaGFyeXN0aWEtei1tbG9keW1pLWktZGxhLW1sb2R5Y2gtMTIuanBnIiwic2xpZGVzaG93IjoiN2Q3OWE4MSJ9\" href='https:\/\/www.lichen.pl\/wp-content\/uploads\/2024\/08\/Eucharystia-z-mlodymi-i-dla-mlodych-12.jpg'><img loading=\"lazy\" width=\"150\" height=\"150\" src=\"https:\/\/www.lichen.pl\/wp-content\/uploads\/2024\/08\/Eucharystia-z-mlodymi-i-dla-mlodych-12-150x150.jpg\" class=\"attachment-thumbnail size-thumbnail\" alt=\"\" decoding=\"async\" srcset=\"https:\/\/www.lichen.pl\/wp-content\/uploads\/2024\/08\/Eucharystia-z-mlodymi-i-dla-mlodych-12-150x150.jpg 150w, https:\/\/www.lichen.pl\/wp-content\/uploads\/2024\/08\/Eucharystia-z-mlodymi-i-dla-mlodych-12-300x300.jpg 300w\" sizes=\"(max-width: 150px) 100vw, 150px\" \/><\/a>\n\t\t\t<\/div><\/figure><figure class='gallery-item'>\n\t\t\t<div class='gallery-icon portrait'>\n\t\t\t\t<a data-elementor-open-lightbox=\"yes\" data-elementor-lightbox-slideshow=\"7d79a81\" data-elementor-lightbox-title=\"Koncert Mocnych w Duchu w sanktuarium Matki Bo\u017cej Liche\u0144skiej (1)\" data-e-action-hash=\"#elementor-action%3Aaction%3Dlightbox%26settings%3DeyJpZCI6NzMzNjYsInVybCI6Imh0dHBzOlwvXC93d3cubGljaGVuLnBsXC93cC1jb250ZW50XC91cGxvYWRzXC8yMDI0XC8wOFwvS29uY2VydC1Nb2NueWNoLXctRHVjaHUtdy1zYW5rdHVhcml1bS1NYXRraS1Cb3plai1MaWNoZW5za2llai0xLmpwZyIsInNsaWRlc2hvdyI6IjdkNzlhODEifQ%3D%3D\" href='https:\/\/www.lichen.pl\/wp-content\/uploads\/2024\/08\/Koncert-Mocnych-w-Duchu-w-sanktuarium-Matki-Bozej-Lichenskiej-1.jpg'><img loading=\"lazy\" width=\"150\" height=\"150\" src=\"https:\/\/www.lichen.pl\/wp-content\/uploads\/2024\/08\/Koncert-Mocnych-w-Duchu-w-sanktuarium-Matki-Bozej-Lichenskiej-1-150x150.jpg\" class=\"attachment-thumbnail size-thumbnail\" alt=\"\" decoding=\"async\" srcset=\"https:\/\/www.lichen.pl\/wp-content\/uploads\/2024\/08\/Koncert-Mocnych-w-Duchu-w-sanktuarium-Matki-Bozej-Lichenskiej-1-150x150.jpg 150w, https:\/\/www.lichen.pl\/wp-content\/uploads\/2024\/08\/Koncert-Mocnych-w-Duchu-w-sanktuarium-Matki-Bozej-Lichenskiej-1-300x300.jpg 300w\" sizes=\"(max-width: 150px) 100vw, 150px\" \/><\/a>\n\t\t\t<\/div><\/figure><figure class='gallery-item'>\n\t\t\t<div class='gallery-icon portrait'>\n\t\t\t\t<a data-elementor-open-lightbox=\"yes\" data-elementor-lightbox-slideshow=\"7d79a81\" data-elementor-lightbox-title=\"Koncert Mocnych w Duchu w sanktuarium Matki Bo\u017cej Liche\u0144skiej (2)\" data-e-action-hash=\"#elementor-action%3Aaction%3Dlightbox%26settings%3DeyJpZCI6NzMzNjcsInVybCI6Imh0dHBzOlwvXC93d3cubGljaGVuLnBsXC93cC1jb250ZW50XC91cGxvYWRzXC8yMDI0XC8wOFwvS29uY2VydC1Nb2NueWNoLXctRHVjaHUtdy1zYW5rdHVhcml1bS1NYXRraS1Cb3plai1MaWNoZW5za2llai0yLmpwZyIsInNsaWRlc2hvdyI6IjdkNzlhODEifQ%3D%3D\" href='https:\/\/www.lichen.pl\/wp-content\/uploads\/2024\/08\/Koncert-Mocnych-w-Duchu-w-sanktuarium-Matki-Bozej-Lichenskiej-2.jpg'><img loading=\"lazy\" width=\"150\" height=\"150\" src=\"https:\/\/www.lichen.pl\/wp-content\/uploads\/2024\/08\/Koncert-Mocnych-w-Duchu-w-sanktuarium-Matki-Bozej-Lichenskiej-2-150x150.jpg\" class=\"attachment-thumbnail size-thumbnail\" alt=\"\" decoding=\"async\" srcset=\"https:\/\/www.lichen.pl\/wp-content\/uploads\/2024\/08\/Koncert-Mocnych-w-Duchu-w-sanktuarium-Matki-Bozej-Lichenskiej-2-150x150.jpg 150w, https:\/\/www.lichen.pl\/wp-content\/uploads\/2024\/08\/Koncert-Mocnych-w-Duchu-w-sanktuarium-Matki-Bozej-Lichenskiej-2-300x300.jpg 300w\" sizes=\"(max-width: 150px) 100vw, 150px\" \/><\/a>\n\t\t\t<\/div><\/figure><figure class='gallery-item'>\n\t\t\t<div class='gallery-icon portrait'>\n\t\t\t\t<a data-elementor-open-lightbox=\"yes\" data-elementor-lightbox-slideshow=\"7d79a81\" data-elementor-lightbox-title=\"Koncert Mocnych w Duchu w sanktuarium Matki Bo\u017cej Liche\u0144skiej (3)\" data-e-action-hash=\"#elementor-action%3Aaction%3Dlightbox%26settings%3DeyJpZCI6NzMzNjgsInVybCI6Imh0dHBzOlwvXC93d3cubGljaGVuLnBsXC93cC1jb250ZW50XC91cGxvYWRzXC8yMDI0XC8wOFwvS29uY2VydC1Nb2NueWNoLXctRHVjaHUtdy1zYW5rdHVhcml1bS1NYXRraS1Cb3plai1MaWNoZW5za2llai0zLmpwZyIsInNsaWRlc2hvdyI6IjdkNzlhODEifQ%3D%3D\" href='https:\/\/www.lichen.pl\/wp-content\/uploads\/2024\/08\/Koncert-Mocnych-w-Duchu-w-sanktuarium-Matki-Bozej-Lichenskiej-3.jpg'><img loading=\"lazy\" width=\"150\" height=\"150\" src=\"https:\/\/www.lichen.pl\/wp-content\/uploads\/2024\/08\/Koncert-Mocnych-w-Duchu-w-sanktuarium-Matki-Bozej-Lichenskiej-3-150x150.jpg\" class=\"attachment-thumbnail size-thumbnail\" alt=\"\" decoding=\"async\" srcset=\"https:\/\/www.lichen.pl\/wp-content\/uploads\/2024\/08\/Koncert-Mocnych-w-Duchu-w-sanktuarium-Matki-Bozej-Lichenskiej-3-150x150.jpg 150w, https:\/\/www.lichen.pl\/wp-content\/uploads\/2024\/08\/Koncert-Mocnych-w-Duchu-w-sanktuarium-Matki-Bozej-Lichenskiej-3-300x300.jpg 300w\" sizes=\"(max-width: 150px) 100vw, 150px\" \/><\/a>\n\t\t\t<\/div><\/figure><figure class='gallery-item'>\n\t\t\t<div class='gallery-icon landscape'>\n\t\t\t\t<a data-elementor-open-lightbox=\"yes\" data-elementor-lightbox-slideshow=\"7d79a81\" data-elementor-lightbox-title=\"Koncert Mocnych w Duchu w sanktuarium Matki Bo\u017cej Liche\u0144skiej (4)\" data-e-action-hash=\"#elementor-action%3Aaction%3Dlightbox%26settings%3DeyJpZCI6NzMzNjksInVybCI6Imh0dHBzOlwvXC93d3cubGljaGVuLnBsXC93cC1jb250ZW50XC91cGxvYWRzXC8yMDI0XC8wOFwvS29uY2VydC1Nb2NueWNoLXctRHVjaHUtdy1zYW5rdHVhcml1bS1NYXRraS1Cb3plai1MaWNoZW5za2llai00LmpwZyIsInNsaWRlc2hvdyI6IjdkNzlhODEifQ%3D%3D\" href='https:\/\/www.lichen.pl\/wp-content\/uploads\/2024\/08\/Koncert-Mocnych-w-Duchu-w-sanktuarium-Matki-Bozej-Lichenskiej-4.jpg'><img loading=\"lazy\" width=\"150\" height=\"150\" src=\"https:\/\/www.lichen.pl\/wp-content\/uploads\/2024\/08\/Koncert-Mocnych-w-Duchu-w-sanktuarium-Matki-Bozej-Lichenskiej-4-150x150.jpg\" class=\"attachment-thumbnail size-thumbnail\" alt=\"\" decoding=\"async\" srcset=\"https:\/\/www.lichen.pl\/wp-content\/uploads\/2024\/08\/Koncert-Mocnych-w-Duchu-w-sanktuarium-Matki-Bozej-Lichenskiej-4-150x150.jpg 150w, https:\/\/www.lichen.pl\/wp-content\/uploads\/2024\/08\/Koncert-Mocnych-w-Duchu-w-sanktuarium-Matki-Bozej-Lichenskiej-4-300x300.jpg 300w\" sizes=\"(max-width: 150px) 100vw, 150px\" \/><\/a>\n\t\t\t<\/div><\/figure><figure class='gallery-item'>\n\t\t\t<div class='gallery-icon portrait'>\n\t\t\t\t<a data-elementor-open-lightbox=\"yes\" data-elementor-lightbox-slideshow=\"7d79a81\" data-elementor-lightbox-title=\"Koncert Mocnych w Duchu w sanktuarium Matki Bo\u017cej Liche\u0144skiej (5)\" data-e-action-hash=\"#elementor-action%3Aaction%3Dlightbox%26settings%3DeyJpZCI6NzMzNzAsInVybCI6Imh0dHBzOlwvXC93d3cubGljaGVuLnBsXC93cC1jb250ZW50XC91cGxvYWRzXC8yMDI0XC8wOFwvS29uY2VydC1Nb2NueWNoLXctRHVjaHUtdy1zYW5rdHVhcml1bS1NYXRraS1Cb3plai1MaWNoZW5za2llai01LmpwZyIsInNsaWRlc2hvdyI6IjdkNzlhODEifQ%3D%3D\" href='https:\/\/www.lichen.pl\/wp-content\/uploads\/2024\/08\/Koncert-Mocnych-w-Duchu-w-sanktuarium-Matki-Bozej-Lichenskiej-5.jpg'><img loading=\"lazy\" width=\"150\" height=\"150\" src=\"https:\/\/www.lichen.pl\/wp-content\/uploads\/2024\/08\/Koncert-Mocnych-w-Duchu-w-sanktuarium-Matki-Bozej-Lichenskiej-5-150x150.jpg\" class=\"attachment-thumbnail size-thumbnail\" alt=\"\" decoding=\"async\" srcset=\"https:\/\/www.lichen.pl\/wp-content\/uploads\/2024\/08\/Koncert-Mocnych-w-Duchu-w-sanktuarium-Matki-Bozej-Lichenskiej-5-150x150.jpg 150w, https:\/\/www.lichen.pl\/wp-content\/uploads\/2024\/08\/Koncert-Mocnych-w-Duchu-w-sanktuarium-Matki-Bozej-Lichenskiej-5-300x300.jpg 300w\" sizes=\"(max-width: 150px) 100vw, 150px\" \/><\/a>\n\t\t\t<\/div><\/figure><figure class='gallery-item'>\n\t\t\t<div class='gallery-icon landscape'>\n\t\t\t\t<a data-elementor-open-lightbox=\"yes\" data-elementor-lightbox-slideshow=\"7d79a81\" data-elementor-lightbox-title=\"Koncert Mocnych w Duchu w sanktuarium Matki Bo\u017cej Liche\u0144skiej (6)\" data-e-action-hash=\"#elementor-action%3Aaction%3Dlightbox%26settings%3DeyJpZCI6NzMzNzEsInVybCI6Imh0dHBzOlwvXC93d3cubGljaGVuLnBsXC93cC1jb250ZW50XC91cGxvYWRzXC8yMDI0XC8wOFwvS29uY2VydC1Nb2NueWNoLXctRHVjaHUtdy1zYW5rdHVhcml1bS1NYXRraS1Cb3plai1MaWNoZW5za2llai02LmpwZyIsInNsaWRlc2hvdyI6IjdkNzlhODEifQ%3D%3D\" href='https:\/\/www.lichen.pl\/wp-content\/uploads\/2024\/08\/Koncert-Mocnych-w-Duchu-w-sanktuarium-Matki-Bozej-Lichenskiej-6.jpg'><img loading=\"lazy\" width=\"150\" height=\"150\" src=\"https:\/\/www.lichen.pl\/wp-content\/uploads\/2024\/08\/Koncert-Mocnych-w-Duchu-w-sanktuarium-Matki-Bozej-Lichenskiej-6-150x150.jpg\" class=\"attachment-thumbnail size-thumbnail\" alt=\"\" decoding=\"async\" srcset=\"https:\/\/www.lichen.pl\/wp-content\/uploads\/2024\/08\/Koncert-Mocnych-w-Duchu-w-sanktuarium-Matki-Bozej-Lichenskiej-6-150x150.jpg 150w, https:\/\/www.lichen.pl\/wp-content\/uploads\/2024\/08\/Koncert-Mocnych-w-Duchu-w-sanktuarium-Matki-Bozej-Lichenskiej-6-300x300.jpg 300w\" sizes=\"(max-width: 150px) 100vw, 150px\" \/><\/a>\n\t\t\t<\/div><\/figure><figure class='gallery-item'>\n\t\t\t<div class='gallery-icon portrait'>\n\t\t\t\t<a data-elementor-open-lightbox=\"yes\" data-elementor-lightbox-slideshow=\"7d79a81\" data-elementor-lightbox-title=\"Koncert Mocnych w Duchu w sanktuarium Matki Bo\u017cej Liche\u0144skiej (7)\" data-e-action-hash=\"#elementor-action%3Aaction%3Dlightbox%26settings%3DeyJpZCI6NzMzNzIsInVybCI6Imh0dHBzOlwvXC93d3cubGljaGVuLnBsXC93cC1jb250ZW50XC91cGxvYWRzXC8yMDI0XC8wOFwvS29uY2VydC1Nb2NueWNoLXctRHVjaHUtdy1zYW5rdHVhcml1bS1NYXRraS1Cb3plai1MaWNoZW5za2llai03LmpwZyIsInNsaWRlc2hvdyI6IjdkNzlhODEifQ%3D%3D\" href='https:\/\/www.lichen.pl\/wp-content\/uploads\/2024\/08\/Koncert-Mocnych-w-Duchu-w-sanktuarium-Matki-Bozej-Lichenskiej-7.jpg'><img loading=\"lazy\" width=\"150\" height=\"150\" src=\"https:\/\/www.lichen.pl\/wp-content\/uploads\/2024\/08\/Koncert-Mocnych-w-Duchu-w-sanktuarium-Matki-Bozej-Lichenskiej-7-150x150.jpg\" class=\"attachment-thumbnail size-thumbnail\" alt=\"\" decoding=\"async\" srcset=\"https:\/\/www.lichen.pl\/wp-content\/uploads\/2024\/08\/Koncert-Mocnych-w-Duchu-w-sanktuarium-Matki-Bozej-Lichenskiej-7-150x150.jpg 150w, https:\/\/www.lichen.pl\/wp-content\/uploads\/2024\/08\/Koncert-Mocnych-w-Duchu-w-sanktuarium-Matki-Bozej-Lichenskiej-7-300x300.jpg 300w\" sizes=\"(max-width: 150px) 100vw, 150px\" \/><\/a>\n\t\t\t<\/div><\/figure><figure class='gallery-item'>\n\t\t\t<div class='gallery-icon landscape'>\n\t\t\t\t<a data-elementor-open-lightbox=\"yes\" data-elementor-lightbox-slideshow=\"7d79a81\" data-elementor-lightbox-title=\"Koncert Mocnych w Duchu w sanktuarium Matki Bo\u017cej Liche\u0144skiej (8)\" data-e-action-hash=\"#elementor-action%3Aaction%3Dlightbox%26settings%3DeyJpZCI6NzMzNzMsInVybCI6Imh0dHBzOlwvXC93d3cubGljaGVuLnBsXC93cC1jb250ZW50XC91cGxvYWRzXC8yMDI0XC8wOFwvS29uY2VydC1Nb2NueWNoLXctRHVjaHUtdy1zYW5rdHVhcml1bS1NYXRraS1Cb3plai1MaWNoZW5za2llai04LmpwZyIsInNsaWRlc2hvdyI6IjdkNzlhODEifQ%3D%3D\" href='https:\/\/www.lichen.pl\/wp-content\/uploads\/2024\/08\/Koncert-Mocnych-w-Duchu-w-sanktuarium-Matki-Bozej-Lichenskiej-8.jpg'><img loading=\"lazy\" width=\"150\" height=\"150\" src=\"https:\/\/www.lichen.pl\/wp-content\/uploads\/2024\/08\/Koncert-Mocnych-w-Duchu-w-sanktuarium-Matki-Bozej-Lichenskiej-8-150x150.jpg\" class=\"attachment-thumbnail size-thumbnail\" alt=\"\" decoding=\"async\" srcset=\"https:\/\/www.lichen.pl\/wp-content\/uploads\/2024\/08\/Koncert-Mocnych-w-Duchu-w-sanktuarium-Matki-Bozej-Lichenskiej-8-150x150.jpg 150w, https:\/\/www.lichen.pl\/wp-content\/uploads\/2024\/08\/Koncert-Mocnych-w-Duchu-w-sanktuarium-Matki-Bozej-Lichenskiej-8-300x300.jpg 300w\" sizes=\"(max-width: 150px) 100vw, 150px\" \/><\/a>\n\t\t\t<\/div><\/figure><figure class='gallery-item'>\n\t\t\t<div class='gallery-icon landscape'>\n\t\t\t\t<a data-elementor-open-lightbox=\"yes\" data-elementor-lightbox-slideshow=\"7d79a81\" data-elementor-lightbox-title=\"Koncert Mocnych w Duchu w sanktuarium Matki Bo\u017cej Liche\u0144skiej (9)\" data-e-action-hash=\"#elementor-action%3Aaction%3Dlightbox%26settings%3DeyJpZCI6NzMzNzQsInVybCI6Imh0dHBzOlwvXC93d3cubGljaGVuLnBsXC93cC1jb250ZW50XC91cGxvYWRzXC8yMDI0XC8wOFwvS29uY2VydC1Nb2NueWNoLXctRHVjaHUtdy1zYW5rdHVhcml1bS1NYXRraS1Cb3plai1MaWNoZW5za2llai05LmpwZyIsInNsaWRlc2hvdyI6IjdkNzlhODEifQ%3D%3D\" href='https:\/\/www.lichen.pl\/wp-content\/uploads\/2024\/08\/Koncert-Mocnych-w-Duchu-w-sanktuarium-Matki-Bozej-Lichenskiej-9.jpg'><img loading=\"lazy\" width=\"150\" height=\"150\" src=\"https:\/\/www.lichen.pl\/wp-content\/uploads\/2024\/08\/Koncert-Mocnych-w-Duchu-w-sanktuarium-Matki-Bozej-Lichenskiej-9-150x150.jpg\" class=\"attachment-thumbnail size-thumbnail\" alt=\"\" decoding=\"async\" srcset=\"https:\/\/www.lichen.pl\/wp-content\/uploads\/2024\/08\/Koncert-Mocnych-w-Duchu-w-sanktuarium-Matki-Bozej-Lichenskiej-9-150x150.jpg 150w, https:\/\/www.lichen.pl\/wp-content\/uploads\/2024\/08\/Koncert-Mocnych-w-Duchu-w-sanktuarium-Matki-Bozej-Lichenskiej-9-300x300.jpg 300w\" sizes=\"(max-width: 150px) 100vw, 150px\" \/><\/a>\n\t\t\t<\/div><\/figure><figure class='gallery-item'>\n\t\t\t<div class='gallery-icon landscape'>\n\t\t\t\t<a data-elementor-open-lightbox=\"yes\" data-elementor-lightbox-slideshow=\"7d79a81\" data-elementor-lightbox-title=\"Koncert Mocnych w Duchu w sanktuarium Matki Bo\u017cej Liche\u0144skiej (10)\" data-e-action-hash=\"#elementor-action%3Aaction%3Dlightbox%26settings%3DeyJpZCI6NzMzNzUsInVybCI6Imh0dHBzOlwvXC93d3cubGljaGVuLnBsXC93cC1jb250ZW50XC91cGxvYWRzXC8yMDI0XC8wOFwvS29uY2VydC1Nb2NueWNoLXctRHVjaHUtdy1zYW5rdHVhcml1bS1NYXRraS1Cb3plai1MaWNoZW5za2llai0xMC5qcGciLCJzbGlkZXNob3ciOiI3ZDc5YTgxIn0%3D\" href='https:\/\/www.lichen.pl\/wp-content\/uploads\/2024\/08\/Koncert-Mocnych-w-Duchu-w-sanktuarium-Matki-Bozej-Lichenskiej-10.jpg'><img loading=\"lazy\" width=\"150\" height=\"150\" src=\"https:\/\/www.lichen.pl\/wp-content\/uploads\/2024\/08\/Koncert-Mocnych-w-Duchu-w-sanktuarium-Matki-Bozej-Lichenskiej-10-150x150.jpg\" class=\"attachment-thumbnail size-thumbnail\" alt=\"\" decoding=\"async\" srcset=\"https:\/\/www.lichen.pl\/wp-content\/uploads\/2024\/08\/Koncert-Mocnych-w-Duchu-w-sanktuarium-Matki-Bozej-Lichenskiej-10-150x150.jpg 150w, https:\/\/www.lichen.pl\/wp-content\/uploads\/2024\/08\/Koncert-Mocnych-w-Duchu-w-sanktuarium-Matki-Bozej-Lichenskiej-10-300x300.jpg 300w\" sizes=\"(max-width: 150px) 100vw, 150px\" \/><\/a>\n\t\t\t<\/div><\/figure><figure class='gallery-item'>\n\t\t\t<div class='gallery-icon landscape'>\n\t\t\t\t<a data-elementor-open-lightbox=\"yes\" data-elementor-lightbox-slideshow=\"7d79a81\" data-elementor-lightbox-title=\"Koncert Mocnych w Duchu w sanktuarium Matki Bo\u017cej Liche\u0144skiej (11)\" data-e-action-hash=\"#elementor-action%3Aaction%3Dlightbox%26settings%3DeyJpZCI6NzMzNzYsInVybCI6Imh0dHBzOlwvXC93d3cubGljaGVuLnBsXC93cC1jb250ZW50XC91cGxvYWRzXC8yMDI0XC8wOFwvS29uY2VydC1Nb2NueWNoLXctRHVjaHUtdy1zYW5rdHVhcml1bS1NYXRraS1Cb3plai1MaWNoZW5za2llai0xMS5qcGciLCJzbGlkZXNob3ciOiI3ZDc5YTgxIn0%3D\" href='https:\/\/www.lichen.pl\/wp-content\/uploads\/2024\/08\/Koncert-Mocnych-w-Duchu-w-sanktuarium-Matki-Bozej-Lichenskiej-11.jpg'><img loading=\"lazy\" width=\"150\" height=\"150\" src=\"https:\/\/www.lichen.pl\/wp-content\/uploads\/2024\/08\/Koncert-Mocnych-w-Duchu-w-sanktuarium-Matki-Bozej-Lichenskiej-11-150x150.jpg\" class=\"attachment-thumbnail size-thumbnail\" alt=\"\" decoding=\"async\" srcset=\"https:\/\/www.lichen.pl\/wp-content\/uploads\/2024\/08\/Koncert-Mocnych-w-Duchu-w-sanktuarium-Matki-Bozej-Lichenskiej-11-150x150.jpg 150w, https:\/\/www.lichen.pl\/wp-content\/uploads\/2024\/08\/Koncert-Mocnych-w-Duchu-w-sanktuarium-Matki-Bozej-Lichenskiej-11-300x300.jpg 300w\" sizes=\"(max-width: 150px) 100vw, 150px\" \/><\/a>\n\t\t\t<\/div><\/figure><figure class='gallery-item'>\n\t\t\t<div class='gallery-icon landscape'>\n\t\t\t\t<a data-elementor-open-lightbox=\"yes\" data-elementor-lightbox-slideshow=\"7d79a81\" data-elementor-lightbox-title=\"Koncert Mocnych w Duchu w sanktuarium Matki Bo\u017cej Liche\u0144skiej (12)\" data-e-action-hash=\"#elementor-action%3Aaction%3Dlightbox%26settings%3DeyJpZCI6NzMzNzcsInVybCI6Imh0dHBzOlwvXC93d3cubGljaGVuLnBsXC93cC1jb250ZW50XC91cGxvYWRzXC8yMDI0XC8wOFwvS29uY2VydC1Nb2NueWNoLXctRHVjaHUtdy1zYW5rdHVhcml1bS1NYXRraS1Cb3plai1MaWNoZW5za2llai0xMi5qcGciLCJzbGlkZXNob3ciOiI3ZDc5YTgxIn0%3D\" href='https:\/\/www.lichen.pl\/wp-content\/uploads\/2024\/08\/Koncert-Mocnych-w-Duchu-w-sanktuarium-Matki-Bozej-Lichenskiej-12.jpg'><img loading=\"lazy\" width=\"150\" height=\"150\" src=\"https:\/\/www.lichen.pl\/wp-content\/uploads\/2024\/08\/Koncert-Mocnych-w-Duchu-w-sanktuarium-Matki-Bozej-Lichenskiej-12-150x150.jpg\" class=\"attachment-thumbnail size-thumbnail\" alt=\"\" decoding=\"async\" srcset=\"https:\/\/www.lichen.pl\/wp-content\/uploads\/2024\/08\/Koncert-Mocnych-w-Duchu-w-sanktuarium-Matki-Bozej-Lichenskiej-12-150x150.jpg 150w, https:\/\/www.lichen.pl\/wp-content\/uploads\/2024\/08\/Koncert-Mocnych-w-Duchu-w-sanktuarium-Matki-Bozej-Lichenskiej-12-300x300.jpg 300w\" sizes=\"(max-width: 150px) 100vw, 150px\" \/><\/a>\n\t\t\t<\/div><\/figure><figure class='gallery-item'>\n\t\t\t<div class='gallery-icon landscape'>\n\t\t\t\t<a data-elementor-open-lightbox=\"yes\" data-elementor-lightbox-slideshow=\"7d79a81\" data-elementor-lightbox-title=\"Koncert Mocnych w Duchu w sanktuarium Matki Bo\u017cej Liche\u0144skiej (13)\" data-e-action-hash=\"#elementor-action%3Aaction%3Dlightbox%26settings%3DeyJpZCI6NzMzNzgsInVybCI6Imh0dHBzOlwvXC93d3cubGljaGVuLnBsXC93cC1jb250ZW50XC91cGxvYWRzXC8yMDI0XC8wOFwvS29uY2VydC1Nb2NueWNoLXctRHVjaHUtdy1zYW5rdHVhcml1bS1NYXRraS1Cb3plai1MaWNoZW5za2llai0xMy5qcGciLCJzbGlkZXNob3ciOiI3ZDc5YTgxIn0%3D\" href='https:\/\/www.lichen.pl\/wp-content\/uploads\/2024\/08\/Koncert-Mocnych-w-Duchu-w-sanktuarium-Matki-Bozej-Lichenskiej-13.jpg'><img loading=\"lazy\" width=\"150\" height=\"150\" src=\"https:\/\/www.lichen.pl\/wp-content\/uploads\/2024\/08\/Koncert-Mocnych-w-Duchu-w-sanktuarium-Matki-Bozej-Lichenskiej-13-150x150.jpg\" class=\"attachment-thumbnail size-thumbnail\" alt=\"\" decoding=\"async\" srcset=\"https:\/\/www.lichen.pl\/wp-content\/uploads\/2024\/08\/Koncert-Mocnych-w-Duchu-w-sanktuarium-Matki-Bozej-Lichenskiej-13-150x150.jpg 150w, https:\/\/www.lichen.pl\/wp-content\/uploads\/2024\/08\/Koncert-Mocnych-w-Duchu-w-sanktuarium-Matki-Bozej-Lichenskiej-13-300x300.jpg 300w\" sizes=\"(max-width: 150px) 100vw, 150px\" \/><\/a>\n\t\t\t<\/div><\/figure><figure class='gallery-item'>\n\t\t\t<div class='gallery-icon portrait'>\n\t\t\t\t<a data-elementor-open-lightbox=\"yes\" data-elementor-lightbox-slideshow=\"7d79a81\" data-elementor-lightbox-title=\"Koncert Mocnych w Duchu w sanktuarium Matki Bo\u017cej Liche\u0144skiej (14)\" data-e-action-hash=\"#elementor-action%3Aaction%3Dlightbox%26settings%3DeyJpZCI6NzMzNzksInVybCI6Imh0dHBzOlwvXC93d3cubGljaGVuLnBsXC93cC1jb250ZW50XC91cGxvYWRzXC8yMDI0XC8wOFwvS29uY2VydC1Nb2NueWNoLXctRHVjaHUtdy1zYW5rdHVhcml1bS1NYXRraS1Cb3plai1MaWNoZW5za2llai0xNC5qcGciLCJzbGlkZXNob3ciOiI3ZDc5YTgxIn0%3D\" href='https:\/\/www.lichen.pl\/wp-content\/uploads\/2024\/08\/Koncert-Mocnych-w-Duchu-w-sanktuarium-Matki-Bozej-Lichenskiej-14.jpg'><img loading=\"lazy\" width=\"150\" height=\"150\" src=\"https:\/\/www.lichen.pl\/wp-content\/uploads\/2024\/08\/Koncert-Mocnych-w-Duchu-w-sanktuarium-Matki-Bozej-Lichenskiej-14-150x150.jpg\" class=\"attachment-thumbnail size-thumbnail\" alt=\"\" decoding=\"async\" srcset=\"https:\/\/www.lichen.pl\/wp-content\/uploads\/2024\/08\/Koncert-Mocnych-w-Duchu-w-sanktuarium-Matki-Bozej-Lichenskiej-14-150x150.jpg 150w, https:\/\/www.lichen.pl\/wp-content\/uploads\/2024\/08\/Koncert-Mocnych-w-Duchu-w-sanktuarium-Matki-Bozej-Lichenskiej-14-300x300.jpg 300w\" sizes=\"(max-width: 150px) 100vw, 150px\" \/><\/a>\n\t\t\t<\/div><\/figure><figure class='gallery-item'>\n\t\t\t<div class='gallery-icon portrait'>\n\t\t\t\t<a data-elementor-open-lightbox=\"yes\" data-elementor-lightbox-slideshow=\"7d79a81\" data-elementor-lightbox-title=\"Koncert Mocnych w Duchu w sanktuarium Matki Bo\u017cej Liche\u0144skiej (15)\" data-e-action-hash=\"#elementor-action%3Aaction%3Dlightbox%26settings%3DeyJpZCI6NzMzODAsInVybCI6Imh0dHBzOlwvXC93d3cubGljaGVuLnBsXC93cC1jb250ZW50XC91cGxvYWRzXC8yMDI0XC8wOFwvS29uY2VydC1Nb2NueWNoLXctRHVjaHUtdy1zYW5rdHVhcml1bS1NYXRraS1Cb3plai1MaWNoZW5za2llai0xNS5qcGciLCJzbGlkZXNob3ciOiI3ZDc5YTgxIn0%3D\" href='https:\/\/www.lichen.pl\/wp-content\/uploads\/2024\/08\/Koncert-Mocnych-w-Duchu-w-sanktuarium-Matki-Bozej-Lichenskiej-15.jpg'><img loading=\"lazy\" width=\"150\" height=\"150\" src=\"https:\/\/www.lichen.pl\/wp-content\/uploads\/2024\/08\/Koncert-Mocnych-w-Duchu-w-sanktuarium-Matki-Bozej-Lichenskiej-15-150x150.jpg\" class=\"attachment-thumbnail size-thumbnail\" alt=\"\" decoding=\"async\" srcset=\"https:\/\/www.lichen.pl\/wp-content\/uploads\/2024\/08\/Koncert-Mocnych-w-Duchu-w-sanktuarium-Matki-Bozej-Lichenskiej-15-150x150.jpg 150w, https:\/\/www.lichen.pl\/wp-content\/uploads\/2024\/08\/Koncert-Mocnych-w-Duchu-w-sanktuarium-Matki-Bozej-Lichenskiej-15-300x300.jpg 300w\" sizes=\"(max-width: 150px) 100vw, 150px\" \/><\/a>\n\t\t\t<\/div><\/figure><figure class='gallery-item'>\n\t\t\t<div class='gallery-icon landscape'>\n\t\t\t\t<a data-elementor-open-lightbox=\"yes\" data-elementor-lightbox-slideshow=\"7d79a81\" data-elementor-lightbox-title=\"Koncert Mocnych w Duchu w sanktuarium Matki Bo\u017cej Liche\u0144skiej (16)\" data-e-action-hash=\"#elementor-action%3Aaction%3Dlightbox%26settings%3DeyJpZCI6NzMzODEsInVybCI6Imh0dHBzOlwvXC93d3cubGljaGVuLnBsXC93cC1jb250ZW50XC91cGxvYWRzXC8yMDI0XC8wOFwvS29uY2VydC1Nb2NueWNoLXctRHVjaHUtdy1zYW5rdHVhcml1bS1NYXRraS1Cb3plai1MaWNoZW5za2llai0xNi5qcGciLCJzbGlkZXNob3ciOiI3ZDc5YTgxIn0%3D\" href='https:\/\/www.lichen.pl\/wp-content\/uploads\/2024\/08\/Koncert-Mocnych-w-Duchu-w-sanktuarium-Matki-Bozej-Lichenskiej-16.jpg'><img loading=\"lazy\" width=\"150\" height=\"150\" src=\"https:\/\/www.lichen.pl\/wp-content\/uploads\/2024\/08\/Koncert-Mocnych-w-Duchu-w-sanktuarium-Matki-Bozej-Lichenskiej-16-150x150.jpg\" class=\"attachment-thumbnail size-thumbnail\" alt=\"\" decoding=\"async\" srcset=\"https:\/\/www.lichen.pl\/wp-content\/uploads\/2024\/08\/Koncert-Mocnych-w-Duchu-w-sanktuarium-Matki-Bozej-Lichenskiej-16-150x150.jpg 150w, https:\/\/www.lichen.pl\/wp-content\/uploads\/2024\/08\/Koncert-Mocnych-w-Duchu-w-sanktuarium-Matki-Bozej-Lichenskiej-16-300x300.jpg 300w\" sizes=\"(max-width: 150px) 100vw, 150px\" \/><\/a>\n\t\t\t<\/div><\/figure><figure class='gallery-item'>\n\t\t\t<div class='gallery-icon landscape'>\n\t\t\t\t<a data-elementor-open-lightbox=\"yes\" data-elementor-lightbox-slideshow=\"7d79a81\" data-elementor-lightbox-title=\"Koncert Mocnych w Duchu w sanktuarium Matki Bo\u017cej Liche\u0144skiej (17)\" data-e-action-hash=\"#elementor-action%3Aaction%3Dlightbox%26settings%3DeyJpZCI6NzMzODIsInVybCI6Imh0dHBzOlwvXC93d3cubGljaGVuLnBsXC93cC1jb250ZW50XC91cGxvYWRzXC8yMDI0XC8wOFwvS29uY2VydC1Nb2NueWNoLXctRHVjaHUtdy1zYW5rdHVhcml1bS1NYXRraS1Cb3plai1MaWNoZW5za2llai0xNy5qcGciLCJzbGlkZXNob3ciOiI3ZDc5YTgxIn0%3D\" href='https:\/\/www.lichen.pl\/wp-content\/uploads\/2024\/08\/Koncert-Mocnych-w-Duchu-w-sanktuarium-Matki-Bozej-Lichenskiej-17.jpg'><img loading=\"lazy\" width=\"150\" height=\"150\" src=\"https:\/\/www.lichen.pl\/wp-content\/uploads\/2024\/08\/Koncert-Mocnych-w-Duchu-w-sanktuarium-Matki-Bozej-Lichenskiej-17-150x150.jpg\" class=\"attachment-thumbnail size-thumbnail\" alt=\"\" decoding=\"async\" srcset=\"https:\/\/www.lichen.pl\/wp-content\/uploads\/2024\/08\/Koncert-Mocnych-w-Duchu-w-sanktuarium-Matki-Bozej-Lichenskiej-17-150x150.jpg 150w, https:\/\/www.lichen.pl\/wp-content\/uploads\/2024\/08\/Koncert-Mocnych-w-Duchu-w-sanktuarium-Matki-Bozej-Lichenskiej-17-300x300.jpg 300w\" sizes=\"(max-width: 150px) 100vw, 150px\" \/><\/a>\n\t\t\t<\/div><\/figure><figure class='gallery-item'>\n\t\t\t<div class='gallery-icon landscape'>\n\t\t\t\t<a data-elementor-open-lightbox=\"yes\" data-elementor-lightbox-slideshow=\"7d79a81\" data-elementor-lightbox-title=\"Koncert Mocnych w Duchu w sanktuarium Matki Bo\u017cej Liche\u0144skiej (18)\" data-e-action-hash=\"#elementor-action%3Aaction%3Dlightbox%26settings%3DeyJpZCI6NzMzODMsInVybCI6Imh0dHBzOlwvXC93d3cubGljaGVuLnBsXC93cC1jb250ZW50XC91cGxvYWRzXC8yMDI0XC8wOFwvS29uY2VydC1Nb2NueWNoLXctRHVjaHUtdy1zYW5rdHVhcml1bS1NYXRraS1Cb3plai1MaWNoZW5za2llai0xOC5qcGciLCJzbGlkZXNob3ciOiI3ZDc5YTgxIn0%3D\" href='https:\/\/www.lichen.pl\/wp-content\/uploads\/2024\/08\/Koncert-Mocnych-w-Duchu-w-sanktuarium-Matki-Bozej-Lichenskiej-18.jpg'><img loading=\"lazy\" width=\"150\" height=\"150\" src=\"https:\/\/www.lichen.pl\/wp-content\/uploads\/2024\/08\/Koncert-Mocnych-w-Duchu-w-sanktuarium-Matki-Bozej-Lichenskiej-18-150x150.jpg\" class=\"attachment-thumbnail size-thumbnail\" alt=\"\" decoding=\"async\" srcset=\"https:\/\/www.lichen.pl\/wp-content\/uploads\/2024\/08\/Koncert-Mocnych-w-Duchu-w-sanktuarium-Matki-Bozej-Lichenskiej-18-150x150.jpg 150w, https:\/\/www.lichen.pl\/wp-content\/uploads\/2024\/08\/Koncert-Mocnych-w-Duchu-w-sanktuarium-Matki-Bozej-Lichenskiej-18-300x300.jpg 300w\" sizes=\"(max-width: 150px) 100vw, 150px\" \/><\/a>\n\t\t\t<\/div><\/figure><figure class='gallery-item'>\n\t\t\t<div class='gallery-icon portrait'>\n\t\t\t\t<a data-elementor-open-lightbox=\"yes\" data-elementor-lightbox-slideshow=\"7d79a81\" data-elementor-lightbox-title=\"Koncert Mocnych w Duchu w sanktuarium Matki Bo\u017cej Liche\u0144skiej (19)\" data-e-action-hash=\"#elementor-action%3Aaction%3Dlightbox%26settings%3DeyJpZCI6NzMzODQsInVybCI6Imh0dHBzOlwvXC93d3cubGljaGVuLnBsXC93cC1jb250ZW50XC91cGxvYWRzXC8yMDI0XC8wOFwvS29uY2VydC1Nb2NueWNoLXctRHVjaHUtdy1zYW5rdHVhcml1bS1NYXRraS1Cb3plai1MaWNoZW5za2llai0xOS5qcGciLCJzbGlkZXNob3ciOiI3ZDc5YTgxIn0%3D\" href='https:\/\/www.lichen.pl\/wp-content\/uploads\/2024\/08\/Koncert-Mocnych-w-Duchu-w-sanktuarium-Matki-Bozej-Lichenskiej-19.jpg'><img loading=\"lazy\" width=\"150\" height=\"150\" src=\"https:\/\/www.lichen.pl\/wp-content\/uploads\/2024\/08\/Koncert-Mocnych-w-Duchu-w-sanktuarium-Matki-Bozej-Lichenskiej-19-150x150.jpg\" class=\"attachment-thumbnail size-thumbnail\" alt=\"\" decoding=\"async\" srcset=\"https:\/\/www.lichen.pl\/wp-content\/uploads\/2024\/08\/Koncert-Mocnych-w-Duchu-w-sanktuarium-Matki-Bozej-Lichenskiej-19-150x150.jpg 150w, https:\/\/www.lichen.pl\/wp-content\/uploads\/2024\/08\/Koncert-Mocnych-w-Duchu-w-sanktuarium-Matki-Bozej-Lichenskiej-19-300x300.jpg 300w\" sizes=\"(max-width: 150px) 100vw, 150px\" \/><\/a>\n\t\t\t<\/div><\/figure><figure class='gallery-item'>\n\t\t\t<div class='gallery-icon landscape'>\n\t\t\t\t<a data-elementor-open-lightbox=\"yes\" data-elementor-lightbox-slideshow=\"7d79a81\" data-elementor-lightbox-title=\"Koncert Mocnych w Duchu w sanktuarium Matki Bo\u017cej Liche\u0144skiej (20)\" data-e-action-hash=\"#elementor-action%3Aaction%3Dlightbox%26settings%3DeyJpZCI6NzMzODUsInVybCI6Imh0dHBzOlwvXC93d3cubGljaGVuLnBsXC93cC1jb250ZW50XC91cGxvYWRzXC8yMDI0XC8wOFwvS29uY2VydC1Nb2NueWNoLXctRHVjaHUtdy1zYW5rdHVhcml1bS1NYXRraS1Cb3plai1MaWNoZW5za2llai0yMC5qcGciLCJzbGlkZXNob3ciOiI3ZDc5YTgxIn0%3D\" href='https:\/\/www.lichen.pl\/wp-content\/uploads\/2024\/08\/Koncert-Mocnych-w-Duchu-w-sanktuarium-Matki-Bozej-Lichenskiej-20.jpg'><img loading=\"lazy\" width=\"150\" height=\"150\" src=\"https:\/\/www.lichen.pl\/wp-content\/uploads\/2024\/08\/Koncert-Mocnych-w-Duchu-w-sanktuarium-Matki-Bozej-Lichenskiej-20-150x150.jpg\" class=\"attachment-thumbnail size-thumbnail\" alt=\"\" decoding=\"async\" srcset=\"https:\/\/www.lichen.pl\/wp-content\/uploads\/2024\/08\/Koncert-Mocnych-w-Duchu-w-sanktuarium-Matki-Bozej-Lichenskiej-20-150x150.jpg 150w, https:\/\/www.lichen.pl\/wp-content\/uploads\/2024\/08\/Koncert-Mocnych-w-Duchu-w-sanktuarium-Matki-Bozej-Lichenskiej-20-300x300.jpg 300w\" sizes=\"(max-width: 150px) 100vw, 150px\" \/><\/a>\n\t\t\t<\/div><\/figure><figure class='gallery-item'>\n\t\t\t<div class='gallery-icon landscape'>\n\t\t\t\t<a data-elementor-open-lightbox=\"yes\" data-elementor-lightbox-slideshow=\"7d79a81\" data-elementor-lightbox-title=\"Koncert Mocnych w Duchu w sanktuarium Matki Bo\u017cej Liche\u0144skiej (21)\" data-e-action-hash=\"#elementor-action%3Aaction%3Dlightbox%26settings%3DeyJpZCI6NzMzODYsInVybCI6Imh0dHBzOlwvXC93d3cubGljaGVuLnBsXC93cC1jb250ZW50XC91cGxvYWRzXC8yMDI0XC8wOFwvS29uY2VydC1Nb2NueWNoLXctRHVjaHUtdy1zYW5rdHVhcml1bS1NYXRraS1Cb3plai1MaWNoZW5za2llai0yMS5qcGciLCJzbGlkZXNob3ciOiI3ZDc5YTgxIn0%3D\" href='https:\/\/www.lichen.pl\/wp-content\/uploads\/2024\/08\/Koncert-Mocnych-w-Duchu-w-sanktuarium-Matki-Bozej-Lichenskiej-21.jpg'><img loading=\"lazy\" width=\"150\" height=\"150\" src=\"https:\/\/www.lichen.pl\/wp-content\/uploads\/2024\/08\/Koncert-Mocnych-w-Duchu-w-sanktuarium-Matki-Bozej-Lichenskiej-21-150x150.jpg\" class=\"attachment-thumbnail size-thumbnail\" alt=\"\" decoding=\"async\" srcset=\"https:\/\/www.lichen.pl\/wp-content\/uploads\/2024\/08\/Koncert-Mocnych-w-Duchu-w-sanktuarium-Matki-Bozej-Lichenskiej-21-150x150.jpg 150w, https:\/\/www.lichen.pl\/wp-content\/uploads\/2024\/08\/Koncert-Mocnych-w-Duchu-w-sanktuarium-Matki-Bozej-Lichenskiej-21-300x300.jpg 300w\" sizes=\"(max-width: 150px) 100vw, 150px\" \/><\/a>\n\t\t\t<\/div><\/figure><figure class='gallery-item'>\n\t\t\t<div class='gallery-icon portrait'>\n\t\t\t\t<a data-elementor-open-lightbox=\"yes\" data-elementor-lightbox-slideshow=\"7d79a81\" data-elementor-lightbox-title=\"Koncert Mocnych w Duchu w sanktuarium Matki Bo\u017cej Liche\u0144skiej (22)\" data-e-action-hash=\"#elementor-action%3Aaction%3Dlightbox%26settings%3DeyJpZCI6NzMzODcsInVybCI6Imh0dHBzOlwvXC93d3cubGljaGVuLnBsXC93cC1jb250ZW50XC91cGxvYWRzXC8yMDI0XC8wOFwvS29uY2VydC1Nb2NueWNoLXctRHVjaHUtdy1zYW5rdHVhcml1bS1NYXRraS1Cb3plai1MaWNoZW5za2llai0yMi5qcGciLCJzbGlkZXNob3ciOiI3ZDc5YTgxIn0%3D\" href='https:\/\/www.lichen.pl\/wp-content\/uploads\/2024\/08\/Koncert-Mocnych-w-Duchu-w-sanktuarium-Matki-Bozej-Lichenskiej-22.jpg'><img loading=\"lazy\" width=\"150\" height=\"150\" src=\"https:\/\/www.lichen.pl\/wp-content\/uploads\/2024\/08\/Koncert-Mocnych-w-Duchu-w-sanktuarium-Matki-Bozej-Lichenskiej-22-150x150.jpg\" class=\"attachment-thumbnail size-thumbnail\" alt=\"\" decoding=\"async\" srcset=\"https:\/\/www.lichen.pl\/wp-content\/uploads\/2024\/08\/Koncert-Mocnych-w-Duchu-w-sanktuarium-Matki-Bozej-Lichenskiej-22-150x150.jpg 150w, https:\/\/www.lichen.pl\/wp-content\/uploads\/2024\/08\/Koncert-Mocnych-w-Duchu-w-sanktuarium-Matki-Bozej-Lichenskiej-22-300x300.jpg 300w\" sizes=\"(max-width: 150px) 100vw, 150px\" \/><\/a>\n\t\t\t<\/div><\/figure><figure class='gallery-item'>\n\t\t\t<div class='gallery-icon portrait'>\n\t\t\t\t<a data-elementor-open-lightbox=\"yes\" data-elementor-lightbox-slideshow=\"7d79a81\" data-elementor-lightbox-title=\"Koncert Mocnych w Duchu w sanktuarium Matki Bo\u017cej Liche\u0144skiej (23)\" data-e-action-hash=\"#elementor-action%3Aaction%3Dlightbox%26settings%3DeyJpZCI6NzMzODgsInVybCI6Imh0dHBzOlwvXC93d3cubGljaGVuLnBsXC93cC1jb250ZW50XC91cGxvYWRzXC8yMDI0XC8wOFwvS29uY2VydC1Nb2NueWNoLXctRHVjaHUtdy1zYW5rdHVhcml1bS1NYXRraS1Cb3plai1MaWNoZW5za2llai0yMy5qcGciLCJzbGlkZXNob3ciOiI3ZDc5YTgxIn0%3D\" href='https:\/\/www.lichen.pl\/wp-content\/uploads\/2024\/08\/Koncert-Mocnych-w-Duchu-w-sanktuarium-Matki-Bozej-Lichenskiej-23.jpg'><img loading=\"lazy\" width=\"150\" height=\"150\" src=\"https:\/\/www.lichen.pl\/wp-content\/uploads\/2024\/08\/Koncert-Mocnych-w-Duchu-w-sanktuarium-Matki-Bozej-Lichenskiej-23-150x150.jpg\" class=\"attachment-thumbnail size-thumbnail\" alt=\"\" decoding=\"async\" srcset=\"https:\/\/www.lichen.pl\/wp-content\/uploads\/2024\/08\/Koncert-Mocnych-w-Duchu-w-sanktuarium-Matki-Bozej-Lichenskiej-23-150x150.jpg 150w, https:\/\/www.lichen.pl\/wp-content\/uploads\/2024\/08\/Koncert-Mocnych-w-Duchu-w-sanktuarium-Matki-Bozej-Lichenskiej-23-300x300.jpg 300w\" sizes=\"(max-width: 150px) 100vw, 150px\" \/><\/a>\n\t\t\t<\/div><\/figure><figure class='gallery-item'>\n\t\t\t<div class='gallery-icon landscape'>\n\t\t\t\t<a data-elementor-open-lightbox=\"yes\" data-elementor-lightbox-slideshow=\"7d79a81\" data-elementor-lightbox-title=\"Koncert Mocnych w Duchu w sanktuarium Matki Bo\u017cej Liche\u0144skiej (24)\" data-e-action-hash=\"#elementor-action%3Aaction%3Dlightbox%26settings%3DeyJpZCI6NzMzODksInVybCI6Imh0dHBzOlwvXC93d3cubGljaGVuLnBsXC93cC1jb250ZW50XC91cGxvYWRzXC8yMDI0XC8wOFwvS29uY2VydC1Nb2NueWNoLXctRHVjaHUtdy1zYW5rdHVhcml1bS1NYXRraS1Cb3plai1MaWNoZW5za2llai0yNC5qcGciLCJzbGlkZXNob3ciOiI3ZDc5YTgxIn0%3D\" href='https:\/\/www.lichen.pl\/wp-content\/uploads\/2024\/08\/Koncert-Mocnych-w-Duchu-w-sanktuarium-Matki-Bozej-Lichenskiej-24.jpg'><img loading=\"lazy\" width=\"150\" height=\"150\" src=\"https:\/\/www.lichen.pl\/wp-content\/uploads\/2024\/08\/Koncert-Mocnych-w-Duchu-w-sanktuarium-Matki-Bozej-Lichenskiej-24-150x150.jpg\" class=\"attachment-thumbnail size-thumbnail\" alt=\"\" decoding=\"async\" srcset=\"https:\/\/www.lichen.pl\/wp-content\/uploads\/2024\/08\/Koncert-Mocnych-w-Duchu-w-sanktuarium-Matki-Bozej-Lichenskiej-24-150x150.jpg 150w, https:\/\/www.lichen.pl\/wp-content\/uploads\/2024\/08\/Koncert-Mocnych-w-Duchu-w-sanktuarium-Matki-Bozej-Lichenskiej-24-300x300.jpg 300w\" sizes=\"(max-width: 150px) 100vw, 150px\" \/><\/a>\n\t\t\t<\/div><\/figure><figure class='gallery-item'>\n\t\t\t<div class='gallery-icon landscape'>\n\t\t\t\t<a data-elementor-open-lightbox=\"yes\" data-elementor-lightbox-slideshow=\"7d79a81\" data-elementor-lightbox-title=\"Koncert Mocnych w Duchu w sanktuarium Matki Bo\u017cej Liche\u0144skiej (25)\" data-e-action-hash=\"#elementor-action%3Aaction%3Dlightbox%26settings%3DeyJpZCI6NzMzOTAsInVybCI6Imh0dHBzOlwvXC93d3cubGljaGVuLnBsXC93cC1jb250ZW50XC91cGxvYWRzXC8yMDI0XC8wOFwvS29uY2VydC1Nb2NueWNoLXctRHVjaHUtdy1zYW5rdHVhcml1bS1NYXRraS1Cb3plai1MaWNoZW5za2llai0yNS5qcGciLCJzbGlkZXNob3ciOiI3ZDc5YTgxIn0%3D\" href='https:\/\/www.lichen.pl\/wp-content\/uploads\/2024\/08\/Koncert-Mocnych-w-Duchu-w-sanktuarium-Matki-Bozej-Lichenskiej-25.jpg'><img loading=\"lazy\" width=\"150\" height=\"150\" src=\"https:\/\/www.lichen.pl\/wp-content\/uploads\/2024\/08\/Koncert-Mocnych-w-Duchu-w-sanktuarium-Matki-Bozej-Lichenskiej-25-150x150.jpg\" class=\"attachment-thumbnail size-thumbnail\" alt=\"\" decoding=\"async\" srcset=\"https:\/\/www.lichen.pl\/wp-content\/uploads\/2024\/08\/Koncert-Mocnych-w-Duchu-w-sanktuarium-Matki-Bozej-Lichenskiej-25-150x150.jpg 150w, https:\/\/www.lichen.pl\/wp-content\/uploads\/2024\/08\/Koncert-Mocnych-w-Duchu-w-sanktuarium-Matki-Bozej-Lichenskiej-25-300x300.jpg 300w\" sizes=\"(max-width: 150px) 100vw, 150px\" \/><\/a>\n\t\t\t<\/div><\/figure><figure class='gallery-item'>\n\t\t\t<div class='gallery-icon portrait'>\n\t\t\t\t<a data-elementor-open-lightbox=\"yes\" data-elementor-lightbox-slideshow=\"7d79a81\" data-elementor-lightbox-title=\"Koncert Mocnych w Duchu w sanktuarium Matki Bo\u017cej Liche\u0144skiej (26)\" data-e-action-hash=\"#elementor-action%3Aaction%3Dlightbox%26settings%3DeyJpZCI6NzMzOTEsInVybCI6Imh0dHBzOlwvXC93d3cubGljaGVuLnBsXC93cC1jb250ZW50XC91cGxvYWRzXC8yMDI0XC8wOFwvS29uY2VydC1Nb2NueWNoLXctRHVjaHUtdy1zYW5rdHVhcml1bS1NYXRraS1Cb3plai1MaWNoZW5za2llai0yNi5qcGciLCJzbGlkZXNob3ciOiI3ZDc5YTgxIn0%3D\" href='https:\/\/www.lichen.pl\/wp-content\/uploads\/2024\/08\/Koncert-Mocnych-w-Duchu-w-sanktuarium-Matki-Bozej-Lichenskiej-26.jpg'><img loading=\"lazy\" width=\"150\" height=\"150\" src=\"https:\/\/www.lichen.pl\/wp-content\/uploads\/2024\/08\/Koncert-Mocnych-w-Duchu-w-sanktuarium-Matki-Bozej-Lichenskiej-26-150x150.jpg\" class=\"attachment-thumbnail size-thumbnail\" alt=\"\" decoding=\"async\" srcset=\"https:\/\/www.lichen.pl\/wp-content\/uploads\/2024\/08\/Koncert-Mocnych-w-Duchu-w-sanktuarium-Matki-Bozej-Lichenskiej-26-150x150.jpg 150w, https:\/\/www.lichen.pl\/wp-content\/uploads\/2024\/08\/Koncert-Mocnych-w-Duchu-w-sanktuarium-Matki-Bozej-Lichenskiej-26-300x300.jpg 300w\" sizes=\"(max-width: 150px) 100vw, 150px\" \/><\/a>\n\t\t\t<\/div><\/figure><figure class='gallery-item'>\n\t\t\t<div class='gallery-icon landscape'>\n\t\t\t\t<a data-elementor-open-lightbox=\"yes\" data-elementor-lightbox-slideshow=\"7d79a81\" data-elementor-lightbox-title=\"Koncert Mocnych w Duchu w sanktuarium Matki Bo\u017cej Liche\u0144skiej (27)\" data-e-action-hash=\"#elementor-action%3Aaction%3Dlightbox%26settings%3DeyJpZCI6NzMzOTIsInVybCI6Imh0dHBzOlwvXC93d3cubGljaGVuLnBsXC93cC1jb250ZW50XC91cGxvYWRzXC8yMDI0XC8wOFwvS29uY2VydC1Nb2NueWNoLXctRHVjaHUtdy1zYW5rdHVhcml1bS1NYXRraS1Cb3plai1MaWNoZW5za2llai0yNy5qcGciLCJzbGlkZXNob3ciOiI3ZDc5YTgxIn0%3D\" href='https:\/\/www.lichen.pl\/wp-content\/uploads\/2024\/08\/Koncert-Mocnych-w-Duchu-w-sanktuarium-Matki-Bozej-Lichenskiej-27.jpg'><img loading=\"lazy\" width=\"150\" height=\"150\" src=\"https:\/\/www.lichen.pl\/wp-content\/uploads\/2024\/08\/Koncert-Mocnych-w-Duchu-w-sanktuarium-Matki-Bozej-Lichenskiej-27-150x150.jpg\" class=\"attachment-thumbnail size-thumbnail\" alt=\"\" decoding=\"async\" srcset=\"https:\/\/www.lichen.pl\/wp-content\/uploads\/2024\/08\/Koncert-Mocnych-w-Duchu-w-sanktuarium-Matki-Bozej-Lichenskiej-27-150x150.jpg 150w, https:\/\/www.lichen.pl\/wp-content\/uploads\/2024\/08\/Koncert-Mocnych-w-Duchu-w-sanktuarium-Matki-Bozej-Lichenskiej-27-300x300.jpg 300w\" sizes=\"(max-width: 150px) 100vw, 150px\" \/><\/a>\n\t\t\t<\/div><\/figure><figure class='gallery-item'>\n\t\t\t<div class='gallery-icon landscape'>\n\t\t\t\t<a data-elementor-open-lightbox=\"yes\" data-elementor-lightbox-slideshow=\"7d79a81\" data-elementor-lightbox-title=\"Koncert Mocnych w Duchu w sanktuarium Matki Bo\u017cej Liche\u0144skiej (28)\" data-e-action-hash=\"#elementor-action%3Aaction%3Dlightbox%26settings%3DeyJpZCI6NzMzOTMsInVybCI6Imh0dHBzOlwvXC93d3cubGljaGVuLnBsXC93cC1jb250ZW50XC91cGxvYWRzXC8yMDI0XC8wOFwvS29uY2VydC1Nb2NueWNoLXctRHVjaHUtdy1zYW5rdHVhcml1bS1NYXRraS1Cb3plai1MaWNoZW5za2llai0yOC5qcGciLCJzbGlkZXNob3ciOiI3ZDc5YTgxIn0%3D\" href='https:\/\/www.lichen.pl\/wp-content\/uploads\/2024\/08\/Koncert-Mocnych-w-Duchu-w-sanktuarium-Matki-Bozej-Lichenskiej-28.jpg'><img loading=\"lazy\" width=\"150\" height=\"150\" src=\"https:\/\/www.lichen.pl\/wp-content\/uploads\/2024\/08\/Koncert-Mocnych-w-Duchu-w-sanktuarium-Matki-Bozej-Lichenskiej-28-150x150.jpg\" class=\"attachment-thumbnail size-thumbnail\" alt=\"\" decoding=\"async\" srcset=\"https:\/\/www.lichen.pl\/wp-content\/uploads\/2024\/08\/Koncert-Mocnych-w-Duchu-w-sanktuarium-Matki-Bozej-Lichenskiej-28-150x150.jpg 150w, https:\/\/www.lichen.pl\/wp-content\/uploads\/2024\/08\/Koncert-Mocnych-w-Duchu-w-sanktuarium-Matki-Bozej-Lichenskiej-28-300x300.jpg 300w\" sizes=\"(max-width: 150px) 100vw, 150px\" \/><\/a>\n\t\t\t<\/div><\/figure><figure class='gallery-item'>\n\t\t\t<div class='gallery-icon landscape'>\n\t\t\t\t<a data-elementor-open-lightbox=\"yes\" data-elementor-lightbox-slideshow=\"7d79a81\" data-elementor-lightbox-title=\"Koncert Mocnych w Duchu w sanktuarium Matki Bo\u017cej Liche\u0144skiej (29)\" data-e-action-hash=\"#elementor-action%3Aaction%3Dlightbox%26settings%3DeyJpZCI6NzMzOTQsInVybCI6Imh0dHBzOlwvXC93d3cubGljaGVuLnBsXC93cC1jb250ZW50XC91cGxvYWRzXC8yMDI0XC8wOFwvS29uY2VydC1Nb2NueWNoLXctRHVjaHUtdy1zYW5rdHVhcml1bS1NYXRraS1Cb3plai1MaWNoZW5za2llai0yOS5qcGciLCJzbGlkZXNob3ciOiI3ZDc5YTgxIn0%3D\" href='https:\/\/www.lichen.pl\/wp-content\/uploads\/2024\/08\/Koncert-Mocnych-w-Duchu-w-sanktuarium-Matki-Bozej-Lichenskiej-29.jpg'><img loading=\"lazy\" width=\"150\" height=\"150\" src=\"https:\/\/www.lichen.pl\/wp-content\/uploads\/2024\/08\/Koncert-Mocnych-w-Duchu-w-sanktuarium-Matki-Bozej-Lichenskiej-29-150x150.jpg\" class=\"attachment-thumbnail size-thumbnail\" alt=\"\" decoding=\"async\" srcset=\"https:\/\/www.lichen.pl\/wp-content\/uploads\/2024\/08\/Koncert-Mocnych-w-Duchu-w-sanktuarium-Matki-Bozej-Lichenskiej-29-150x150.jpg 150w, https:\/\/www.lichen.pl\/wp-content\/uploads\/2024\/08\/Koncert-Mocnych-w-Duchu-w-sanktuarium-Matki-Bozej-Lichenskiej-29-300x300.jpg 300w\" sizes=\"(max-width: 150px) 100vw, 150px\" \/><\/a>\n\t\t\t<\/div><\/figure><figure class='gallery-item'>\n\t\t\t<div class='gallery-icon landscape'>\n\t\t\t\t<a data-elementor-open-lightbox=\"yes\" data-elementor-lightbox-slideshow=\"7d79a81\" data-elementor-lightbox-title=\"Koncert Mocnych w Duchu w sanktuarium Matki Bo\u017cej Liche\u0144skiej (30)\" data-e-action-hash=\"#elementor-action%3Aaction%3Dlightbox%26settings%3DeyJpZCI6NzMzOTUsInVybCI6Imh0dHBzOlwvXC93d3cubGljaGVuLnBsXC93cC1jb250ZW50XC91cGxvYWRzXC8yMDI0XC8wOFwvS29uY2VydC1Nb2NueWNoLXctRHVjaHUtdy1zYW5rdHVhcml1bS1NYXRraS1Cb3plai1MaWNoZW5za2llai0zMC5qcGciLCJzbGlkZXNob3ciOiI3ZDc5YTgxIn0%3D\" href='https:\/\/www.lichen.pl\/wp-content\/uploads\/2024\/08\/Koncert-Mocnych-w-Duchu-w-sanktuarium-Matki-Bozej-Lichenskiej-30.jpg'><img loading=\"lazy\" width=\"150\" height=\"150\" src=\"https:\/\/www.lichen.pl\/wp-content\/uploads\/2024\/08\/Koncert-Mocnych-w-Duchu-w-sanktuarium-Matki-Bozej-Lichenskiej-30-150x150.jpg\" class=\"attachment-thumbnail size-thumbnail\" alt=\"\" decoding=\"async\" srcset=\"https:\/\/www.lichen.pl\/wp-content\/uploads\/2024\/08\/Koncert-Mocnych-w-Duchu-w-sanktuarium-Matki-Bozej-Lichenskiej-30-150x150.jpg 150w, https:\/\/www.lichen.pl\/wp-content\/uploads\/2024\/08\/Koncert-Mocnych-w-Duchu-w-sanktuarium-Matki-Bozej-Lichenskiej-30-300x300.jpg 300w\" sizes=\"(max-width: 150px) 100vw, 150px\" \/><\/a>\n\t\t\t<\/div><\/figure><figure class='gallery-item'>\n\t\t\t<div class='gallery-icon landscape'>\n\t\t\t\t<a data-elementor-open-lightbox=\"yes\" data-elementor-lightbox-slideshow=\"7d79a81\" data-elementor-lightbox-title=\"Koncert Mocnych w Duchu w sanktuarium Matki Bo\u017cej Liche\u0144skiej (31)\" data-e-action-hash=\"#elementor-action%3Aaction%3Dlightbox%26settings%3DeyJpZCI6NzMzOTYsInVybCI6Imh0dHBzOlwvXC93d3cubGljaGVuLnBsXC93cC1jb250ZW50XC91cGxvYWRzXC8yMDI0XC8wOFwvS29uY2VydC1Nb2NueWNoLXctRHVjaHUtdy1zYW5rdHVhcml1bS1NYXRraS1Cb3plai1MaWNoZW5za2llai0zMS5qcGciLCJzbGlkZXNob3ciOiI3ZDc5YTgxIn0%3D\" href='https:\/\/www.lichen.pl\/wp-content\/uploads\/2024\/08\/Koncert-Mocnych-w-Duchu-w-sanktuarium-Matki-Bozej-Lichenskiej-31.jpg'><img loading=\"lazy\" width=\"150\" height=\"150\" src=\"https:\/\/www.lichen.pl\/wp-content\/uploads\/2024\/08\/Koncert-Mocnych-w-Duchu-w-sanktuarium-Matki-Bozej-Lichenskiej-31-150x150.jpg\" class=\"attachment-thumbnail size-thumbnail\" alt=\"\" decoding=\"async\" srcset=\"https:\/\/www.lichen.pl\/wp-content\/uploads\/2024\/08\/Koncert-Mocnych-w-Duchu-w-sanktuarium-Matki-Bozej-Lichenskiej-31-150x150.jpg 150w, https:\/\/www.lichen.pl\/wp-content\/uploads\/2024\/08\/Koncert-Mocnych-w-Duchu-w-sanktuarium-Matki-Bozej-Lichenskiej-31-300x300.jpg 300w\" sizes=\"(max-width: 150px) 100vw, 150px\" \/><\/a>\n\t\t\t<\/div><\/figure><figure class='gallery-item'>\n\t\t\t<div class='gallery-icon portrait'>\n\t\t\t\t<a data-elementor-open-lightbox=\"yes\" data-elementor-lightbox-slideshow=\"7d79a81\" data-elementor-lightbox-title=\"Koncert Mocnych w Duchu w sanktuarium Matki Bo\u017cej Liche\u0144skiej (32)\" data-e-action-hash=\"#elementor-action%3Aaction%3Dlightbox%26settings%3DeyJpZCI6NzMzOTcsInVybCI6Imh0dHBzOlwvXC93d3cubGljaGVuLnBsXC93cC1jb250ZW50XC91cGxvYWRzXC8yMDI0XC8wOFwvS29uY2VydC1Nb2NueWNoLXctRHVjaHUtdy1zYW5rdHVhcml1bS1NYXRraS1Cb3plai1MaWNoZW5za2llai0zMi5qcGciLCJzbGlkZXNob3ciOiI3ZDc5YTgxIn0%3D\" href='https:\/\/www.lichen.pl\/wp-content\/uploads\/2024\/08\/Koncert-Mocnych-w-Duchu-w-sanktuarium-Matki-Bozej-Lichenskiej-32.jpg'><img loading=\"lazy\" width=\"150\" height=\"150\" src=\"https:\/\/www.lichen.pl\/wp-content\/uploads\/2024\/08\/Koncert-Mocnych-w-Duchu-w-sanktuarium-Matki-Bozej-Lichenskiej-32-150x150.jpg\" class=\"attachment-thumbnail size-thumbnail\" alt=\"\" decoding=\"async\" srcset=\"https:\/\/www.lichen.pl\/wp-content\/uploads\/2024\/08\/Koncert-Mocnych-w-Duchu-w-sanktuarium-Matki-Bozej-Lichenskiej-32-150x150.jpg 150w, https:\/\/www.lichen.pl\/wp-content\/uploads\/2024\/08\/Koncert-Mocnych-w-Duchu-w-sanktuarium-Matki-Bozej-Lichenskiej-32-300x300.jpg 300w\" sizes=\"(max-width: 150px) 100vw, 150px\" \/><\/a>\n\t\t\t<\/div><\/figure><figure class='gallery-item'>\n\t\t\t<div class='gallery-icon portrait'>\n\t\t\t\t<a data-elementor-open-lightbox=\"yes\" data-elementor-lightbox-slideshow=\"7d79a81\" data-elementor-lightbox-title=\"Koncert Mocnych w Duchu w sanktuarium Matki Bo\u017cej Liche\u0144skiej (33)\" data-e-action-hash=\"#elementor-action%3Aaction%3Dlightbox%26settings%3DeyJpZCI6NzMzOTgsInVybCI6Imh0dHBzOlwvXC93d3cubGljaGVuLnBsXC93cC1jb250ZW50XC91cGxvYWRzXC8yMDI0XC8wOFwvS29uY2VydC1Nb2NueWNoLXctRHVjaHUtdy1zYW5rdHVhcml1bS1NYXRraS1Cb3plai1MaWNoZW5za2llai0zMy5qcGciLCJzbGlkZXNob3ciOiI3ZDc5YTgxIn0%3D\" href='https:\/\/www.lichen.pl\/wp-content\/uploads\/2024\/08\/Koncert-Mocnych-w-Duchu-w-sanktuarium-Matki-Bozej-Lichenskiej-33.jpg'><img loading=\"lazy\" width=\"150\" height=\"150\" src=\"https:\/\/www.lichen.pl\/wp-content\/uploads\/2024\/08\/Koncert-Mocnych-w-Duchu-w-sanktuarium-Matki-Bozej-Lichenskiej-33-150x150.jpg\" class=\"attachment-thumbnail size-thumbnail\" alt=\"\" decoding=\"async\" srcset=\"https:\/\/www.lichen.pl\/wp-content\/uploads\/2024\/08\/Koncert-Mocnych-w-Duchu-w-sanktuarium-Matki-Bozej-Lichenskiej-33-150x150.jpg 150w, https:\/\/www.lichen.pl\/wp-content\/uploads\/2024\/08\/Koncert-Mocnych-w-Duchu-w-sanktuarium-Matki-Bozej-Lichenskiej-33-300x300.jpg 300w\" sizes=\"(max-width: 150px) 100vw, 150px\" \/><\/a>\n\t\t\t<\/div><\/figure><figure class='gallery-item'>\n\t\t\t<div class='gallery-icon landscape'>\n\t\t\t\t<a data-elementor-open-lightbox=\"yes\" data-elementor-lightbox-slideshow=\"7d79a81\" data-elementor-lightbox-title=\"Koncert Mocnych w Duchu w sanktuarium Matki Bo\u017cej Liche\u0144skiej (34)\" data-e-action-hash=\"#elementor-action%3Aaction%3Dlightbox%26settings%3DeyJpZCI6NzMzOTksInVybCI6Imh0dHBzOlwvXC93d3cubGljaGVuLnBsXC93cC1jb250ZW50XC91cGxvYWRzXC8yMDI0XC8wOFwvS29uY2VydC1Nb2NueWNoLXctRHVjaHUtdy1zYW5rdHVhcml1bS1NYXRraS1Cb3plai1MaWNoZW5za2llai0zNC5qcGciLCJzbGlkZXNob3ciOiI3ZDc5YTgxIn0%3D\" href='https:\/\/www.lichen.pl\/wp-content\/uploads\/2024\/08\/Koncert-Mocnych-w-Duchu-w-sanktuarium-Matki-Bozej-Lichenskiej-34.jpg'><img loading=\"lazy\" width=\"150\" height=\"150\" src=\"https:\/\/www.lichen.pl\/wp-content\/uploads\/2024\/08\/Koncert-Mocnych-w-Duchu-w-sanktuarium-Matki-Bozej-Lichenskiej-34-150x150.jpg\" class=\"attachment-thumbnail size-thumbnail\" alt=\"\" decoding=\"async\" srcset=\"https:\/\/www.lichen.pl\/wp-content\/uploads\/2024\/08\/Koncert-Mocnych-w-Duchu-w-sanktuarium-Matki-Bozej-Lichenskiej-34-150x150.jpg 150w, https:\/\/www.lichen.pl\/wp-content\/uploads\/2024\/08\/Koncert-Mocnych-w-Duchu-w-sanktuarium-Matki-Bozej-Lichenskiej-34-300x300.jpg 300w\" sizes=\"(max-width: 150px) 100vw, 150px\" \/><\/a>\n\t\t\t<\/div><\/figure>\n\t\t<\/div>\n\t\t<\/div>\n\t\t\t\t\t\t<\/div>\n\t\t\t\t<\/div>\n\t\t\t\t\t<\/div>\n\t\t<\/div>\n\t\t\t\t\t<\/div>\n\t\t<\/section>\n\t\t\t\t<\/div>","protected":false},"excerpt":{"rendered":"<p>Pod has\u0142em \u201eZ m\u0142odymi i dla m\u0142odych\u201d w sanktuarium Matki Bo\u017cej Liche\u0144skiej modlono si\u0119 podczas popo\u0142udniowej Eucharystii w niedziel\u0119, 18 sierpnia. Po Mszy \u015awi\u0119tej z homili\u0105 skierowan\u0105 do m\u0142odych ludzi, na placu przed bazylik\u0105 odby\u0142 si\u0119 koncert grupy Mocni w Duchu. \u2013 Chcemy spotyka\u0107 si\u0119 tutaj, przy Matce Naj\u015bwi\u0119tszej, z m\u0142odymi nie tylko wiekem, ale [&hellip;]<\/p>\n","protected":false},"author":5,"featured_media":73374,"comment_status":"closed","ping_status":"closed","sticky":false,"template":"","format":"standard","meta":{"footnotes":""},"categories":[1],"tags":[],"class_list":["post-73349","post","type-post","status-publish","format-standard","has-post-thumbnail","hentry","category-aktualnosci","wpbf-post"],"yoast_head":"<!-- This site is optimized with the Yoast SEO plugin v27.5 - https:\/\/yoast.com\/product\/yoast-seo-wordpress\/ -->\n<title>Z m\u0142odymi i dla m\u0142odych - SANKTUARIUM W LICHENIU<\/title>\n<meta name=\"robots\" content=\"index, follow, max-snippet:-1, max-image-preview:large, max-video-preview:-1\" \/>\n<link rel=\"canonical\" href=\"https:\/\/www.lichen.pl\/en\/z-mlodymi-i-dla-mlodych\/\" \/>\n<meta property=\"og:locale\" content=\"en_GB\" \/>\n<meta property=\"og:type\" content=\"article\" \/>\n<meta property=\"og:title\" content=\"Z m\u0142odymi i dla m\u0142odych - SANKTUARIUM W LICHENIU\" \/>\n<meta property=\"og:description\" content=\"Pod has\u0142em \u201eZ m\u0142odymi i dla m\u0142odych\u201d w sanktuarium Matki Bo\u017cej Liche\u0144skiej modlono si\u0119 podczas popo\u0142udniowej Eucharystii w niedziel\u0119, 18 sierpnia. Po Mszy \u015awi\u0119tej z homili\u0105 skierowan\u0105 do m\u0142odych ludzi, na placu przed bazylik\u0105 odby\u0142 si\u0119 koncert grupy Mocni w Duchu. \u2013 Chcemy spotyka\u0107 si\u0119 tutaj, przy Matce Naj\u015bwi\u0119tszej, z m\u0142odymi nie tylko wiekem, ale [&hellip;]\" \/>\n<meta property=\"og:url\" content=\"https:\/\/www.lichen.pl\/en\/z-mlodymi-i-dla-mlodych\/\" \/>\n<meta property=\"og:site_name\" content=\"SANKTUARIUM W LICHENIU\" \/>\n<meta property=\"article:published_time\" content=\"2024-08-18T23:30:17+00:00\" \/>\n<meta property=\"article:modified_time\" content=\"2024-08-27T10:26:03+00:00\" \/>\n<meta property=\"og:image\" content=\"https:\/\/www.lichen.pl\/wp-content\/uploads\/2024\/08\/Koncert-Mocnych-w-Duchu-w-sanktuarium-Matki-Bozej-Lichenskiej-9-1024x683.jpg\" \/>\n\t<meta property=\"og:image:width\" content=\"1024\" \/>\n\t<meta property=\"og:image:height\" content=\"683\" \/>\n\t<meta property=\"og:image:type\" content=\"image\/jpeg\" \/>\n<meta name=\"author\" content=\"Justyna Zacharek\" \/>\n<meta name=\"twitter:card\" content=\"summary_large_image\" \/>\n<meta name=\"twitter:label1\" content=\"Written by\" \/>\n\t<meta name=\"twitter:data1\" content=\"Justyna Zacharek\" \/>\n\t<meta name=\"twitter:label2\" content=\"Estimated reading time\" \/>\n\t<meta name=\"twitter:data2\" content=\"12 minutes\" \/>\n<script type=\"application\/ld+json\" class=\"yoast-schema-graph\">{\"@context\":\"https:\\\/\\\/schema.org\",\"@graph\":[{\"@type\":\"Article\",\"@id\":\"https:\\\/\\\/www.lichen.pl\\\/z-mlodymi-i-dla-mlodych\\\/#article\",\"isPartOf\":{\"@id\":\"https:\\\/\\\/www.lichen.pl\\\/z-mlodymi-i-dla-mlodych\\\/\"},\"author\":{\"name\":\"Justyna Zacharek\",\"@id\":\"https:\\\/\\\/www.lichen.pl\\\/fr\\\/#\\\/schema\\\/person\\\/9f57a1408d363022abd305da0323b703\"},\"headline\":\"Z m\u0142odymi i dla m\u0142odych\",\"datePublished\":\"2024-08-18T23:30:17+00:00\",\"dateModified\":\"2024-08-27T10:26:03+00:00\",\"mainEntityOfPage\":{\"@id\":\"https:\\\/\\\/www.lichen.pl\\\/z-mlodymi-i-dla-mlodych\\\/\"},\"wordCount\":412,\"image\":{\"@id\":\"https:\\\/\\\/www.lichen.pl\\\/z-mlodymi-i-dla-mlodych\\\/#primaryimage\"},\"thumbnailUrl\":\"https:\\\/\\\/www.lichen.pl\\\/wp-content\\\/uploads\\\/2024\\\/08\\\/Koncert-Mocnych-w-Duchu-w-sanktuarium-Matki-Bozej-Lichenskiej-9.jpg\",\"articleSection\":[\"Aktualno\u015bci\"],\"inLanguage\":\"en-GB\"},{\"@type\":\"WebPage\",\"@id\":\"https:\\\/\\\/www.lichen.pl\\\/z-mlodymi-i-dla-mlodych\\\/\",\"url\":\"https:\\\/\\\/www.lichen.pl\\\/z-mlodymi-i-dla-mlodych\\\/\",\"name\":\"Z m\u0142odymi i dla m\u0142odych - SANKTUARIUM W LICHENIU\",\"isPartOf\":{\"@id\":\"https:\\\/\\\/www.lichen.pl\\\/fr\\\/#website\"},\"primaryImageOfPage\":{\"@id\":\"https:\\\/\\\/www.lichen.pl\\\/z-mlodymi-i-dla-mlodych\\\/#primaryimage\"},\"image\":{\"@id\":\"https:\\\/\\\/www.lichen.pl\\\/z-mlodymi-i-dla-mlodych\\\/#primaryimage\"},\"thumbnailUrl\":\"https:\\\/\\\/www.lichen.pl\\\/wp-content\\\/uploads\\\/2024\\\/08\\\/Koncert-Mocnych-w-Duchu-w-sanktuarium-Matki-Bozej-Lichenskiej-9.jpg\",\"datePublished\":\"2024-08-18T23:30:17+00:00\",\"dateModified\":\"2024-08-27T10:26:03+00:00\",\"author\":{\"@id\":\"https:\\\/\\\/www.lichen.pl\\\/fr\\\/#\\\/schema\\\/person\\\/9f57a1408d363022abd305da0323b703\"},\"breadcrumb\":{\"@id\":\"https:\\\/\\\/www.lichen.pl\\\/z-mlodymi-i-dla-mlodych\\\/#breadcrumb\"},\"inLanguage\":\"en-GB\",\"potentialAction\":[{\"@type\":\"ReadAction\",\"target\":[\"https:\\\/\\\/www.lichen.pl\\\/z-mlodymi-i-dla-mlodych\\\/\"]}]},{\"@type\":\"ImageObject\",\"inLanguage\":\"en-GB\",\"@id\":\"https:\\\/\\\/www.lichen.pl\\\/z-mlodymi-i-dla-mlodych\\\/#primaryimage\",\"url\":\"https:\\\/\\\/www.lichen.pl\\\/wp-content\\\/uploads\\\/2024\\\/08\\\/Koncert-Mocnych-w-Duchu-w-sanktuarium-Matki-Bozej-Lichenskiej-9.jpg\",\"contentUrl\":\"https:\\\/\\\/www.lichen.pl\\\/wp-content\\\/uploads\\\/2024\\\/08\\\/Koncert-Mocnych-w-Duchu-w-sanktuarium-Matki-Bozej-Lichenskiej-9.jpg\",\"width\":1920,\"height\":1280},{\"@type\":\"BreadcrumbList\",\"@id\":\"https:\\\/\\\/www.lichen.pl\\\/z-mlodymi-i-dla-mlodych\\\/#breadcrumb\",\"itemListElement\":[{\"@type\":\"ListItem\",\"position\":1,\"name\":\"Strona g\u0142\u00f3wna\",\"item\":\"https:\\\/\\\/www.lichen.pl\\\/\"},{\"@type\":\"ListItem\",\"position\":2,\"name\":\"Z m\u0142odymi i dla m\u0142odych\"}]},{\"@type\":\"WebSite\",\"@id\":\"https:\\\/\\\/www.lichen.pl\\\/fr\\\/#website\",\"url\":\"https:\\\/\\\/www.lichen.pl\\\/fr\\\/\",\"name\":\"SANKTUARIUM W LICHENIU\",\"description\":\"MATKI BO\u017bEJ LICHE\u0143SKIEJ BOLESNEJ KR\u00d3LOWEJ POLSKI\",\"potentialAction\":[{\"@type\":\"SearchAction\",\"target\":{\"@type\":\"EntryPoint\",\"urlTemplate\":\"https:\\\/\\\/www.lichen.pl\\\/fr\\\/?s={search_term_string}\"},\"query-input\":{\"@type\":\"PropertyValueSpecification\",\"valueRequired\":true,\"valueName\":\"search_term_string\"}}],\"inLanguage\":\"en-GB\"},{\"@type\":\"Person\",\"@id\":\"https:\\\/\\\/www.lichen.pl\\\/fr\\\/#\\\/schema\\\/person\\\/9f57a1408d363022abd305da0323b703\",\"name\":\"Justyna Zacharek\",\"image\":{\"@type\":\"ImageObject\",\"inLanguage\":\"en-GB\",\"@id\":\"https:\\\/\\\/secure.gravatar.com\\\/avatar\\\/7be193626a4fb4d6a7d53a7686c3bbf938efff653c427e0182457b838e9d2c3b?s=96&d=retro&r=g\",\"url\":\"https:\\\/\\\/secure.gravatar.com\\\/avatar\\\/7be193626a4fb4d6a7d53a7686c3bbf938efff653c427e0182457b838e9d2c3b?s=96&d=retro&r=g\",\"contentUrl\":\"https:\\\/\\\/secure.gravatar.com\\\/avatar\\\/7be193626a4fb4d6a7d53a7686c3bbf938efff653c427e0182457b838e9d2c3b?s=96&d=retro&r=g\",\"caption\":\"Justyna Zacharek\"},\"url\":\"https:\\\/\\\/www.lichen.pl\\\/en\\\/author\\\/justyna\\\/\"}]}<\/script>\n<!-- \/ Yoast SEO plugin. -->","yoast_head_json":{"title":"Z m\u0142odymi i dla m\u0142odych - SANKTUARIUM W LICHENIU","robots":{"index":"index","follow":"follow","max-snippet":"max-snippet:-1","max-image-preview":"max-image-preview:large","max-video-preview":"max-video-preview:-1"},"canonical":"https:\/\/www.lichen.pl\/en\/z-mlodymi-i-dla-mlodych\/","og_locale":"en_GB","og_type":"article","og_title":"Z m\u0142odymi i dla m\u0142odych - SANKTUARIUM W LICHENIU","og_description":"Pod has\u0142em \u201eZ m\u0142odymi i dla m\u0142odych\u201d w sanktuarium Matki Bo\u017cej Liche\u0144skiej modlono si\u0119 podczas popo\u0142udniowej Eucharystii w niedziel\u0119, 18 sierpnia. Po Mszy \u015awi\u0119tej z homili\u0105 skierowan\u0105 do m\u0142odych ludzi, na placu przed bazylik\u0105 odby\u0142 si\u0119 koncert grupy Mocni w Duchu. \u2013 Chcemy spotyka\u0107 si\u0119 tutaj, przy Matce Naj\u015bwi\u0119tszej, z m\u0142odymi nie tylko wiekem, ale [&hellip;]","og_url":"https:\/\/www.lichen.pl\/en\/z-mlodymi-i-dla-mlodych\/","og_site_name":"SANKTUARIUM W LICHENIU","article_published_time":"2024-08-18T23:30:17+00:00","article_modified_time":"2024-08-27T10:26:03+00:00","og_image":[{"width":1024,"height":683,"url":"https:\/\/www.lichen.pl\/wp-content\/uploads\/2024\/08\/Koncert-Mocnych-w-Duchu-w-sanktuarium-Matki-Bozej-Lichenskiej-9-1024x683.jpg","type":"image\/jpeg"}],"author":"Justyna Zacharek","twitter_card":"summary_large_image","twitter_misc":{"Written by":"Justyna Zacharek","Estimated reading time":"12 minutes"},"schema":{"@context":"https:\/\/schema.org","@graph":[{"@type":"Article","@id":"https:\/\/www.lichen.pl\/z-mlodymi-i-dla-mlodych\/#article","isPartOf":{"@id":"https:\/\/www.lichen.pl\/z-mlodymi-i-dla-mlodych\/"},"author":{"name":"Justyna Zacharek","@id":"https:\/\/www.lichen.pl\/fr\/#\/schema\/person\/9f57a1408d363022abd305da0323b703"},"headline":"Z m\u0142odymi i dla m\u0142odych","datePublished":"2024-08-18T23:30:17+00:00","dateModified":"2024-08-27T10:26:03+00:00","mainEntityOfPage":{"@id":"https:\/\/www.lichen.pl\/z-mlodymi-i-dla-mlodych\/"},"wordCount":412,"image":{"@id":"https:\/\/www.lichen.pl\/z-mlodymi-i-dla-mlodych\/#primaryimage"},"thumbnailUrl":"https:\/\/www.lichen.pl\/wp-content\/uploads\/2024\/08\/Koncert-Mocnych-w-Duchu-w-sanktuarium-Matki-Bozej-Lichenskiej-9.jpg","articleSection":["Aktualno\u015bci"],"inLanguage":"en-GB"},{"@type":"WebPage","@id":"https:\/\/www.lichen.pl\/z-mlodymi-i-dla-mlodych\/","url":"https:\/\/www.lichen.pl\/z-mlodymi-i-dla-mlodych\/","name":"Z m\u0142odymi i dla m\u0142odych - SANKTUARIUM W LICHENIU","isPartOf":{"@id":"https:\/\/www.lichen.pl\/fr\/#website"},"primaryImageOfPage":{"@id":"https:\/\/www.lichen.pl\/z-mlodymi-i-dla-mlodych\/#primaryimage"},"image":{"@id":"https:\/\/www.lichen.pl\/z-mlodymi-i-dla-mlodych\/#primaryimage"},"thumbnailUrl":"https:\/\/www.lichen.pl\/wp-content\/uploads\/2024\/08\/Koncert-Mocnych-w-Duchu-w-sanktuarium-Matki-Bozej-Lichenskiej-9.jpg","datePublished":"2024-08-18T23:30:17+00:00","dateModified":"2024-08-27T10:26:03+00:00","author":{"@id":"https:\/\/www.lichen.pl\/fr\/#\/schema\/person\/9f57a1408d363022abd305da0323b703"},"breadcrumb":{"@id":"https:\/\/www.lichen.pl\/z-mlodymi-i-dla-mlodych\/#breadcrumb"},"inLanguage":"en-GB","potentialAction":[{"@type":"ReadAction","target":["https:\/\/www.lichen.pl\/z-mlodymi-i-dla-mlodych\/"]}]},{"@type":"ImageObject","inLanguage":"en-GB","@id":"https:\/\/www.lichen.pl\/z-mlodymi-i-dla-mlodych\/#primaryimage","url":"https:\/\/www.lichen.pl\/wp-content\/uploads\/2024\/08\/Koncert-Mocnych-w-Duchu-w-sanktuarium-Matki-Bozej-Lichenskiej-9.jpg","contentUrl":"https:\/\/www.lichen.pl\/wp-content\/uploads\/2024\/08\/Koncert-Mocnych-w-Duchu-w-sanktuarium-Matki-Bozej-Lichenskiej-9.jpg","width":1920,"height":1280},{"@type":"BreadcrumbList","@id":"https:\/\/www.lichen.pl\/z-mlodymi-i-dla-mlodych\/#breadcrumb","itemListElement":[{"@type":"ListItem","position":1,"name":"Strona g\u0142\u00f3wna","item":"https:\/\/www.lichen.pl\/"},{"@type":"ListItem","position":2,"name":"Z m\u0142odymi i dla m\u0142odych"}]},{"@type":"WebSite","@id":"https:\/\/www.lichen.pl\/fr\/#website","url":"https:\/\/www.lichen.pl\/fr\/","name":"SANCTUARY IN LICHENIA","description":"OUR LICHEN&#039;S SORROWFUL QUEEN OF POLAND","potentialAction":[{"@type":"SearchAction","target":{"@type":"EntryPoint","urlTemplate":"https:\/\/www.lichen.pl\/fr\/?s={search_term_string}"},"query-input":{"@type":"PropertyValueSpecification","valueRequired":true,"valueName":"search_term_string"}}],"inLanguage":"en-GB"},{"@type":"Person","@id":"https:\/\/www.lichen.pl\/fr\/#\/schema\/person\/9f57a1408d363022abd305da0323b703","name":"Justyna Zacharek","image":{"@type":"ImageObject","inLanguage":"en-GB","@id":"https:\/\/secure.gravatar.com\/avatar\/7be193626a4fb4d6a7d53a7686c3bbf938efff653c427e0182457b838e9d2c3b?s=96&d=retro&r=g","url":"https:\/\/secure.gravatar.com\/avatar\/7be193626a4fb4d6a7d53a7686c3bbf938efff653c427e0182457b838e9d2c3b?s=96&d=retro&r=g","contentUrl":"https:\/\/secure.gravatar.com\/avatar\/7be193626a4fb4d6a7d53a7686c3bbf938efff653c427e0182457b838e9d2c3b?s=96&d=retro&r=g","caption":"Justyna Zacharek"},"url":"https:\/\/www.lichen.pl\/en\/author\/justyna\/"}]}},"_links":{"self":[{"href":"https:\/\/www.lichen.pl\/en\/wp-json\/wp\/v2\/posts\/73349","targetHints":{"allow":["GET"]}}],"collection":[{"href":"https:\/\/www.lichen.pl\/en\/wp-json\/wp\/v2\/posts"}],"about":[{"href":"https:\/\/www.lichen.pl\/en\/wp-json\/wp\/v2\/types\/post"}],"author":[{"embeddable":true,"href":"https:\/\/www.lichen.pl\/en\/wp-json\/wp\/v2\/users\/5"}],"replies":[{"embeddable":true,"href":"https:\/\/www.lichen.pl\/en\/wp-json\/wp\/v2\/comments?post=73349"}],"version-history":[{"count":14,"href":"https:\/\/www.lichen.pl\/en\/wp-json\/wp\/v2\/posts\/73349\/revisions"}],"predecessor-version":[{"id":73758,"href":"https:\/\/www.lichen.pl\/en\/wp-json\/wp\/v2\/posts\/73349\/revisions\/73758"}],"wp:featuredmedia":[{"embeddable":true,"href":"https:\/\/www.lichen.pl\/en\/wp-json\/wp\/v2\/media\/73374"}],"wp:attachment":[{"href":"https:\/\/www.lichen.pl\/en\/wp-json\/wp\/v2\/media?parent=73349"}],"wp:term":[{"taxonomy":"category","embeddable":true,"href":"https:\/\/www.lichen.pl\/en\/wp-json\/wp\/v2\/categories?post=73349"},{"taxonomy":"post_tag","embeddable":true,"href":"https:\/\/www.lichen.pl\/en\/wp-json\/wp\/v2\/tags?post=73349"}],"curies":[{"name":"wp","href":"https:\/\/api.w.org\/{rel}","templated":true}]}}