{"id":7842,"date":"2021-04-21T07:35:20","date_gmt":"2021-04-21T07:35:20","guid":{"rendered":"http:\/\/www.lichen.pl\/?p=7842"},"modified":"2021-05-25T12:12:12","modified_gmt":"2021-05-25T12:12:12","slug":"dzien-sw-jozefa","status":"publish","type":"post","link":"https:\/\/www.lichen.pl\/en\/dzien-sw-jozefa\/","title":{"rendered":"St. Joseph"},"content":{"rendered":"<div data-elementor-type=\"wp-post\" data-elementor-id=\"7842\" class=\"elementor elementor-7842\" data-elementor-post-type=\"post\">\n\t\t\t\t\t\t<section class=\"elementor-section elementor-top-section elementor-element elementor-element-51c57838 elementor-section-boxed elementor-section-height-default elementor-section-height-default\" data-id=\"51c57838\" data-element_type=\"section\" data-e-type=\"section\">\n\t\t\t\t\t\t<div class=\"elementor-container elementor-column-gap-default\">\n\t\t\t\t\t<div class=\"elementor-column elementor-col-100 elementor-top-column elementor-element elementor-element-464255e0\" data-id=\"464255e0\" data-element_type=\"column\" data-e-type=\"column\">\n\t\t\t<div class=\"elementor-widget-wrap elementor-element-populated\">\n\t\t\t\t\t\t<div class=\"elementor-element elementor-element-40bf89d3 elementor-drop-cap-yes elementor-drop-cap-view-default elementor-widget elementor-widget-text-editor\" data-id=\"40bf89d3\" data-element_type=\"widget\" data-e-type=\"widget\" data-settings=\"{&quot;drop_cap&quot;:&quot;yes&quot;}\" data-widget_type=\"text-editor.default\">\n\t\t\t\t<div class=\"elementor-widget-container\">\n\t\t\t\t\t\t\t\t\t<p>On Monday, April 19, in the Marian Sanctuary in Liche\u0144 Stary, in connection with the Year of Saint Joseph, Saint Joseph&#039;s Day is celebrated. Joseph. During the Holy Mass celebrated in the basilica in front of the Miraculous Image of Our Lady of Liche\u0144, Marian Fathers invite you to pray together and reflect on St. Joseph, guardian of the Lord Jesus and husband of Mary.<\/p>\n<p>Morning Eucharist at 7.30 in the chair was Fr. Bogus\u0142aw Binda, MIC, superior of the Lichen community of Marian priests and brothers. In the occasional word, the priest spoke of the person of St. Joseph not only as the best patron and protector, but as the most perfect model of Christian life.<\/p>\n<p>&quot;St. Joseph is characterized by virtues that we should follow: faith, hope, love of God and neighbor, purity of soul and body, justice, piety, prudence, peace, internal order. They never lose their relevance, \u201dsaid Fr. Binda.<\/p>\n<p>&quot;St. Joseph spent his entire life in poverty, which is why he is the patron of those who live in need and have difficulties, material difficulties. It teaches us not to be ashamed of any work, to combine an honest life with it &quot;- continued the Marian, pointing out that St. J\u00f3zef suffered a lot in his life and was persecuted. That is why he is so close to the fate of those persecuted, especially for their faith.<\/p>\n<p>The superior priest also added that St. Joseph shows families the way of love, harmony and mutual fidelity. - \u201cHe is also a saint for young people to follow. He is the model and guardian of immaculate purity. It allows you to make a choice, leave your calling and place in life. He is a patron of difficult matters, complicated situations, weak, uncertain and hesitating people. Therefore, in difficult and uncertain times, it is worth asking St. Joseph for intercession and intercession with God \u201d- concluded the priest.<\/p>\n<p>Even today, during the Mass. at. 12.00 and 18.00, in the Marian Sanctuary in Liche\u0144, the person of St. Joseph, and the priests during the homily will focus on the protector of Jesus and the husband of Mary.<\/p>\n<p><br><\/p>\t\t\t\t\t\t\t\t<\/div>\n\t\t\t\t<\/div>\n\t\t\t\t<div class=\"elementor-element elementor-element-52496b0 elementor-widget-divider--view-line elementor-widget elementor-widget-divider\" data-id=\"52496b0\" data-element_type=\"widget\" data-e-type=\"widget\" data-widget_type=\"divider.default\">\n\t\t\t\t<div class=\"elementor-widget-container\">\n\t\t\t\t\t\t\t<div class=\"elementor-divider\">\n\t\t\t<span class=\"elementor-divider-separator\">\n\t\t\t\t\t\t<\/span>\n\t\t<\/div>\n\t\t\t\t\t\t<\/div>\n\t\t\t\t<\/div>\n\t\t\t\t\t<\/div>\n\t\t<\/div>\n\t\t\t\t\t<\/div>\n\t\t<\/section>\n\t\t\t\t<\/div>","protected":false},"excerpt":{"rendered":"<p>W poniedzia\u0142ek, 19 kwietnia, w Sanktuarium Maryjnym w Licheniu Starym, w zwi\u0105zku z trwaj\u0105cym Rokiem \u015awi\u0119tego J\u00f3zefa, obchodzony jest Dzie\u0144 \u015bw. J\u00f3zefa. W trakcie Mszy \u015bw. sprawowanych w bazylice przed Cudownym Obrazem Matki Bo\u017cej Liche\u0144skiej ksi\u0119\u017ca marianie zapraszaj\u0105 do wsp\u00f3lnej modlitwy i refleksji o \u015bw. J\u00f3zefie, opiekunie Pana Jezusa i m\u0119\u017cu Maryi. Porannej Eucharystii o [&hellip;]<\/p>\n","protected":false},"author":4,"featured_media":7843,"comment_status":"open","ping_status":"open","sticky":false,"template":"","format":"standard","meta":{"footnotes":""},"categories":[1],"tags":[],"class_list":["post-7842","post","type-post","status-publish","format-standard","has-post-thumbnail","hentry","category-aktualnosci","wpbf-post"],"yoast_head":"<!-- This site is optimized with the Yoast SEO plugin v27.4 - https:\/\/yoast.com\/product\/yoast-seo-wordpress\/ -->\n<title>Dzie\u0144 \u015bw. J\u00f3zefa - SANKTUARIUM W LICHENIU<\/title>\n<meta name=\"robots\" content=\"index, follow, max-snippet:-1, max-image-preview:large, max-video-preview:-1\" \/>\n<link rel=\"canonical\" href=\"http:\/\/www.lichen.pl\/en\/dzien-sw-jozefa\/\" \/>\n<meta property=\"og:locale\" content=\"en_GB\" \/>\n<meta property=\"og:type\" content=\"article\" \/>\n<meta property=\"og:title\" content=\"Dzie\u0144 \u015bw. J\u00f3zefa - SANKTUARIUM W LICHENIU\" \/>\n<meta property=\"og:description\" content=\"W poniedzia\u0142ek, 19 kwietnia, w Sanktuarium Maryjnym w Licheniu Starym, w zwi\u0105zku z trwaj\u0105cym Rokiem \u015awi\u0119tego J\u00f3zefa, obchodzony jest Dzie\u0144 \u015bw. J\u00f3zefa. W trakcie Mszy \u015bw. sprawowanych w bazylice przed Cudownym Obrazem Matki Bo\u017cej Liche\u0144skiej ksi\u0119\u017ca marianie zapraszaj\u0105 do wsp\u00f3lnej modlitwy i refleksji o \u015bw. J\u00f3zefie, opiekunie Pana Jezusa i m\u0119\u017cu Maryi. Porannej Eucharystii o [&hellip;]\" \/>\n<meta property=\"og:url\" content=\"http:\/\/www.lichen.pl\/en\/dzien-sw-jozefa\/\" \/>\n<meta property=\"og:site_name\" content=\"SANKTUARIUM W LICHENIU\" \/>\n<meta property=\"article:published_time\" content=\"2021-04-21T07:35:20+00:00\" \/>\n<meta property=\"article:modified_time\" content=\"2021-05-25T12:12:12+00:00\" \/>\n<meta property=\"og:image\" content=\"http:\/\/www.lichen.pl\/wp-content\/uploads\/2021\/04\/IMG_0308.jpg\" \/>\n\t<meta property=\"og:image:width\" content=\"600\" \/>\n\t<meta property=\"og:image:height\" content=\"450\" \/>\n\t<meta property=\"og:image:type\" content=\"image\/jpeg\" \/>\n<meta name=\"author\" content=\"ROBERT ADAMCZYK\" \/>\n<meta name=\"twitter:card\" content=\"summary_large_image\" \/>\n<meta name=\"twitter:label1\" content=\"Written by\" \/>\n\t<meta name=\"twitter:data1\" content=\"ROBERT ADAMCZYK\" \/>\n\t<meta name=\"twitter:label2\" content=\"Estimated reading time\" \/>\n\t<meta name=\"twitter:data2\" content=\"2 minutes\" \/>\n<script type=\"application\/ld+json\" class=\"yoast-schema-graph\">{\"@context\":\"https:\\\/\\\/schema.org\",\"@graph\":[{\"@type\":\"Article\",\"@id\":\"http:\\\/\\\/www.lichen.pl\\\/it\\\/dzien-sw-jozefa\\\/#article\",\"isPartOf\":{\"@id\":\"http:\\\/\\\/www.lichen.pl\\\/it\\\/dzien-sw-jozefa\\\/\"},\"author\":{\"name\":\"ROBERT ADAMCZYK\",\"@id\":\"https:\\\/\\\/www.lichen.pl\\\/fr\\\/#\\\/schema\\\/person\\\/c06cd926b95870cc59f18d6ee6e33da5\"},\"headline\":\"Dzie\u0144 \u015bw. J\u00f3zefa\",\"datePublished\":\"2021-04-21T07:35:20+00:00\",\"dateModified\":\"2021-05-25T12:12:12+00:00\",\"mainEntityOfPage\":{\"@id\":\"http:\\\/\\\/www.lichen.pl\\\/it\\\/dzien-sw-jozefa\\\/\"},\"wordCount\":356,\"commentCount\":0,\"image\":{\"@id\":\"http:\\\/\\\/www.lichen.pl\\\/it\\\/dzien-sw-jozefa\\\/#primaryimage\"},\"thumbnailUrl\":\"https:\\\/\\\/www.lichen.pl\\\/wp-content\\\/uploads\\\/2021\\\/04\\\/IMG_0308.jpg\",\"articleSection\":[\"Aktualno\u015bci\"],\"inLanguage\":\"en-GB\",\"potentialAction\":[{\"@type\":\"CommentAction\",\"name\":\"Comment\",\"target\":[\"http:\\\/\\\/www.lichen.pl\\\/it\\\/dzien-sw-jozefa\\\/#respond\"]}]},{\"@type\":\"WebPage\",\"@id\":\"http:\\\/\\\/www.lichen.pl\\\/it\\\/dzien-sw-jozefa\\\/\",\"url\":\"http:\\\/\\\/www.lichen.pl\\\/it\\\/dzien-sw-jozefa\\\/\",\"name\":\"Dzie\u0144 \u015bw. J\u00f3zefa - SANKTUARIUM W LICHENIU\",\"isPartOf\":{\"@id\":\"https:\\\/\\\/www.lichen.pl\\\/fr\\\/#website\"},\"primaryImageOfPage\":{\"@id\":\"http:\\\/\\\/www.lichen.pl\\\/it\\\/dzien-sw-jozefa\\\/#primaryimage\"},\"image\":{\"@id\":\"http:\\\/\\\/www.lichen.pl\\\/it\\\/dzien-sw-jozefa\\\/#primaryimage\"},\"thumbnailUrl\":\"https:\\\/\\\/www.lichen.pl\\\/wp-content\\\/uploads\\\/2021\\\/04\\\/IMG_0308.jpg\",\"datePublished\":\"2021-04-21T07:35:20+00:00\",\"dateModified\":\"2021-05-25T12:12:12+00:00\",\"author\":{\"@id\":\"https:\\\/\\\/www.lichen.pl\\\/fr\\\/#\\\/schema\\\/person\\\/c06cd926b95870cc59f18d6ee6e33da5\"},\"breadcrumb\":{\"@id\":\"http:\\\/\\\/www.lichen.pl\\\/it\\\/dzien-sw-jozefa\\\/#breadcrumb\"},\"inLanguage\":\"en-GB\",\"potentialAction\":[{\"@type\":\"ReadAction\",\"target\":[\"http:\\\/\\\/www.lichen.pl\\\/it\\\/dzien-sw-jozefa\\\/\"]}]},{\"@type\":\"ImageObject\",\"inLanguage\":\"en-GB\",\"@id\":\"http:\\\/\\\/www.lichen.pl\\\/it\\\/dzien-sw-jozefa\\\/#primaryimage\",\"url\":\"https:\\\/\\\/www.lichen.pl\\\/wp-content\\\/uploads\\\/2021\\\/04\\\/IMG_0308.jpg\",\"contentUrl\":\"https:\\\/\\\/www.lichen.pl\\\/wp-content\\\/uploads\\\/2021\\\/04\\\/IMG_0308.jpg\",\"width\":600,\"height\":450},{\"@type\":\"BreadcrumbList\",\"@id\":\"http:\\\/\\\/www.lichen.pl\\\/it\\\/dzien-sw-jozefa\\\/#breadcrumb\",\"itemListElement\":[{\"@type\":\"ListItem\",\"position\":1,\"name\":\"Strona g\u0142\u00f3wna\",\"item\":\"https:\\\/\\\/www.lichen.pl\\\/\"},{\"@type\":\"ListItem\",\"position\":2,\"name\":\"Dzie\u0144 \u015bw. J\u00f3zefa\"}]},{\"@type\":\"WebSite\",\"@id\":\"https:\\\/\\\/www.lichen.pl\\\/fr\\\/#website\",\"url\":\"https:\\\/\\\/www.lichen.pl\\\/fr\\\/\",\"name\":\"SANKTUARIUM W LICHENIU\",\"description\":\"MATKI BO\u017bEJ LICHE\u0143SKIEJ BOLESNEJ KR\u00d3LOWEJ POLSKI\",\"potentialAction\":[{\"@type\":\"SearchAction\",\"target\":{\"@type\":\"EntryPoint\",\"urlTemplate\":\"https:\\\/\\\/www.lichen.pl\\\/fr\\\/?s={search_term_string}\"},\"query-input\":{\"@type\":\"PropertyValueSpecification\",\"valueRequired\":true,\"valueName\":\"search_term_string\"}}],\"inLanguage\":\"en-GB\"},{\"@type\":\"Person\",\"@id\":\"https:\\\/\\\/www.lichen.pl\\\/fr\\\/#\\\/schema\\\/person\\\/c06cd926b95870cc59f18d6ee6e33da5\",\"name\":\"ROBERT ADAMCZYK\",\"image\":{\"@type\":\"ImageObject\",\"inLanguage\":\"en-GB\",\"@id\":\"https:\\\/\\\/secure.gravatar.com\\\/avatar\\\/53c330430596e73552f4c356c2e47c209ff8f6352a5106011c9b6abcce5e00df?s=96&d=retro&r=g\",\"url\":\"https:\\\/\\\/secure.gravatar.com\\\/avatar\\\/53c330430596e73552f4c356c2e47c209ff8f6352a5106011c9b6abcce5e00df?s=96&d=retro&r=g\",\"contentUrl\":\"https:\\\/\\\/secure.gravatar.com\\\/avatar\\\/53c330430596e73552f4c356c2e47c209ff8f6352a5106011c9b6abcce5e00df?s=96&d=retro&r=g\",\"caption\":\"ROBERT ADAMCZYK\"},\"url\":\"https:\\\/\\\/www.lichen.pl\\\/en\\\/author\\\/press\\\/\"}]}<\/script>\n<!-- \/ Yoast SEO plugin. -->","yoast_head_json":{"title":"Dzie\u0144 \u015bw. J\u00f3zefa - SANKTUARIUM W LICHENIU","robots":{"index":"index","follow":"follow","max-snippet":"max-snippet:-1","max-image-preview":"max-image-preview:large","max-video-preview":"max-video-preview:-1"},"canonical":"http:\/\/www.lichen.pl\/en\/dzien-sw-jozefa\/","og_locale":"en_GB","og_type":"article","og_title":"Dzie\u0144 \u015bw. J\u00f3zefa - SANKTUARIUM W LICHENIU","og_description":"W poniedzia\u0142ek, 19 kwietnia, w Sanktuarium Maryjnym w Licheniu Starym, w zwi\u0105zku z trwaj\u0105cym Rokiem \u015awi\u0119tego J\u00f3zefa, obchodzony jest Dzie\u0144 \u015bw. J\u00f3zefa. W trakcie Mszy \u015bw. sprawowanych w bazylice przed Cudownym Obrazem Matki Bo\u017cej Liche\u0144skiej ksi\u0119\u017ca marianie zapraszaj\u0105 do wsp\u00f3lnej modlitwy i refleksji o \u015bw. J\u00f3zefie, opiekunie Pana Jezusa i m\u0119\u017cu Maryi. Porannej Eucharystii o [&hellip;]","og_url":"http:\/\/www.lichen.pl\/en\/dzien-sw-jozefa\/","og_site_name":"SANKTUARIUM W LICHENIU","article_published_time":"2021-04-21T07:35:20+00:00","article_modified_time":"2021-05-25T12:12:12+00:00","og_image":[{"width":600,"height":450,"url":"http:\/\/www.lichen.pl\/wp-content\/uploads\/2021\/04\/IMG_0308.jpg","type":"image\/jpeg"}],"author":"ROBERT ADAMCZYK","twitter_card":"summary_large_image","twitter_misc":{"Written by":"ROBERT ADAMCZYK","Estimated reading time":"2 minutes"},"schema":{"@context":"https:\/\/schema.org","@graph":[{"@type":"Article","@id":"http:\/\/www.lichen.pl\/it\/dzien-sw-jozefa\/#article","isPartOf":{"@id":"http:\/\/www.lichen.pl\/it\/dzien-sw-jozefa\/"},"author":{"name":"ROBERT ADAMCZYK","@id":"https:\/\/www.lichen.pl\/fr\/#\/schema\/person\/c06cd926b95870cc59f18d6ee6e33da5"},"headline":"Dzie\u0144 \u015bw. J\u00f3zefa","datePublished":"2021-04-21T07:35:20+00:00","dateModified":"2021-05-25T12:12:12+00:00","mainEntityOfPage":{"@id":"http:\/\/www.lichen.pl\/it\/dzien-sw-jozefa\/"},"wordCount":356,"commentCount":0,"image":{"@id":"http:\/\/www.lichen.pl\/it\/dzien-sw-jozefa\/#primaryimage"},"thumbnailUrl":"https:\/\/www.lichen.pl\/wp-content\/uploads\/2021\/04\/IMG_0308.jpg","articleSection":["Aktualno\u015bci"],"inLanguage":"en-GB","potentialAction":[{"@type":"CommentAction","name":"Comment","target":["http:\/\/www.lichen.pl\/it\/dzien-sw-jozefa\/#respond"]}]},{"@type":"WebPage","@id":"http:\/\/www.lichen.pl\/it\/dzien-sw-jozefa\/","url":"http:\/\/www.lichen.pl\/it\/dzien-sw-jozefa\/","name":"Dzie\u0144 \u015bw. J\u00f3zefa - SANKTUARIUM W LICHENIU","isPartOf":{"@id":"https:\/\/www.lichen.pl\/fr\/#website"},"primaryImageOfPage":{"@id":"http:\/\/www.lichen.pl\/it\/dzien-sw-jozefa\/#primaryimage"},"image":{"@id":"http:\/\/www.lichen.pl\/it\/dzien-sw-jozefa\/#primaryimage"},"thumbnailUrl":"https:\/\/www.lichen.pl\/wp-content\/uploads\/2021\/04\/IMG_0308.jpg","datePublished":"2021-04-21T07:35:20+00:00","dateModified":"2021-05-25T12:12:12+00:00","author":{"@id":"https:\/\/www.lichen.pl\/fr\/#\/schema\/person\/c06cd926b95870cc59f18d6ee6e33da5"},"breadcrumb":{"@id":"http:\/\/www.lichen.pl\/it\/dzien-sw-jozefa\/#breadcrumb"},"inLanguage":"en-GB","potentialAction":[{"@type":"ReadAction","target":["http:\/\/www.lichen.pl\/it\/dzien-sw-jozefa\/"]}]},{"@type":"ImageObject","inLanguage":"en-GB","@id":"http:\/\/www.lichen.pl\/it\/dzien-sw-jozefa\/#primaryimage","url":"https:\/\/www.lichen.pl\/wp-content\/uploads\/2021\/04\/IMG_0308.jpg","contentUrl":"https:\/\/www.lichen.pl\/wp-content\/uploads\/2021\/04\/IMG_0308.jpg","width":600,"height":450},{"@type":"BreadcrumbList","@id":"http:\/\/www.lichen.pl\/it\/dzien-sw-jozefa\/#breadcrumb","itemListElement":[{"@type":"ListItem","position":1,"name":"Strona g\u0142\u00f3wna","item":"https:\/\/www.lichen.pl\/"},{"@type":"ListItem","position":2,"name":"Dzie\u0144 \u015bw. J\u00f3zefa"}]},{"@type":"WebSite","@id":"https:\/\/www.lichen.pl\/fr\/#website","url":"https:\/\/www.lichen.pl\/fr\/","name":"SANCTUARY IN LICHENIA","description":"OUR LICHEN&#039;S SORROWFUL QUEEN OF POLAND","potentialAction":[{"@type":"SearchAction","target":{"@type":"EntryPoint","urlTemplate":"https:\/\/www.lichen.pl\/fr\/?s={search_term_string}"},"query-input":{"@type":"PropertyValueSpecification","valueRequired":true,"valueName":"search_term_string"}}],"inLanguage":"en-GB"},{"@type":"Person","@id":"https:\/\/www.lichen.pl\/fr\/#\/schema\/person\/c06cd926b95870cc59f18d6ee6e33da5","name":"ROBERT ADAMCZYK","image":{"@type":"ImageObject","inLanguage":"en-GB","@id":"https:\/\/secure.gravatar.com\/avatar\/53c330430596e73552f4c356c2e47c209ff8f6352a5106011c9b6abcce5e00df?s=96&d=retro&r=g","url":"https:\/\/secure.gravatar.com\/avatar\/53c330430596e73552f4c356c2e47c209ff8f6352a5106011c9b6abcce5e00df?s=96&d=retro&r=g","contentUrl":"https:\/\/secure.gravatar.com\/avatar\/53c330430596e73552f4c356c2e47c209ff8f6352a5106011c9b6abcce5e00df?s=96&d=retro&r=g","caption":"ROBERT ADAMCZYK"},"url":"https:\/\/www.lichen.pl\/en\/author\/press\/"}]}},"_links":{"self":[{"href":"https:\/\/www.lichen.pl\/en\/wp-json\/wp\/v2\/posts\/7842","targetHints":{"allow":["GET"]}}],"collection":[{"href":"https:\/\/www.lichen.pl\/en\/wp-json\/wp\/v2\/posts"}],"about":[{"href":"https:\/\/www.lichen.pl\/en\/wp-json\/wp\/v2\/types\/post"}],"author":[{"embeddable":true,"href":"https:\/\/www.lichen.pl\/en\/wp-json\/wp\/v2\/users\/4"}],"replies":[{"embeddable":true,"href":"https:\/\/www.lichen.pl\/en\/wp-json\/wp\/v2\/comments?post=7842"}],"version-history":[{"count":14,"href":"https:\/\/www.lichen.pl\/en\/wp-json\/wp\/v2\/posts\/7842\/revisions"}],"predecessor-version":[{"id":9511,"href":"https:\/\/www.lichen.pl\/en\/wp-json\/wp\/v2\/posts\/7842\/revisions\/9511"}],"wp:featuredmedia":[{"embeddable":true,"href":"https:\/\/www.lichen.pl\/en\/wp-json\/wp\/v2\/media\/7843"}],"wp:attachment":[{"href":"https:\/\/www.lichen.pl\/en\/wp-json\/wp\/v2\/media?parent=7842"}],"wp:term":[{"taxonomy":"category","embeddable":true,"href":"https:\/\/www.lichen.pl\/en\/wp-json\/wp\/v2\/categories?post=7842"},{"taxonomy":"post_tag","embeddable":true,"href":"https:\/\/www.lichen.pl\/en\/wp-json\/wp\/v2\/tags?post=7842"}],"curies":[{"name":"wp","href":"https:\/\/api.w.org\/{rel}","templated":true}]}}