{"id":84917,"date":"2025-06-12T13:44:43","date_gmt":"2025-06-12T11:44:43","guid":{"rendered":"https:\/\/www.lichen.pl\/?p=84917"},"modified":"2025-06-12T15:09:19","modified_gmt":"2025-06-12T13:09:19","slug":"wysiedleni-na-nieludzka-ziemie-ogolnopolska-pielgrzymka-sybirakow-do-lichenia","status":"publish","type":"post","link":"https:\/\/www.lichen.pl\/en\/wysiedleni-na-nieludzka-ziemie-ogolnopolska-pielgrzymka-sybirakow-do-lichenia\/","title":{"rendered":"Wysiedleni na \u201enieludzk\u0105 ziemi\u0119\u201d \u2013 Og\u00f3lnopolska Pielgrzymka Sybirak\u00f3w do Lichenia"},"content":{"rendered":"<div data-elementor-type=\"wp-post\" data-elementor-id=\"84917\" class=\"elementor elementor-84917\" data-elementor-post-type=\"post\">\n\t\t\t\t\t\t<section class=\"elementor-section elementor-top-section elementor-element elementor-element-e94d414 elementor-section-boxed elementor-section-height-default elementor-section-height-default\" data-id=\"e94d414\" data-element_type=\"section\" data-e-type=\"section\">\n\t\t\t\t\t\t<div class=\"elementor-container elementor-column-gap-default\">\n\t\t\t\t\t<div class=\"elementor-column elementor-col-100 elementor-top-column elementor-element elementor-element-2454d10\" data-id=\"2454d10\" data-element_type=\"column\" data-e-type=\"column\">\n\t\t\t<div class=\"elementor-widget-wrap elementor-element-populated\">\n\t\t\t\t\t\t<div class=\"elementor-element elementor-element-5c5cc42 elementor-widget elementor-widget-text-editor\" data-id=\"5c5cc42\" data-element_type=\"widget\" data-e-type=\"widget\" data-widget_type=\"text-editor.default\">\n\t\t\t\t<div class=\"elementor-widget-container\">\n\t\t\t\t\t\t\t\t\t<h2><span style=\"color: #000000;\">W dniach 11\u201312 czerwca do sanktuarium Matki Bo\u017cej Liche\u0144skiej przyby\u0142a XX Og\u00f3lnopolska\u00a0<\/span><span style=\"color: #000000;\">Pielgrzymka Sybirak\u00f3w, zorganizowana przez ks. Zdzis\u0142awa Banasia \u2013 Krajowego Duszpasterza\u00a0<\/span><span style=\"color: #000000;\">Sybirak\u00f3w. Wzi\u0119li w nim udzia\u0142 dawni zes\u0142a\u0144cy, poczty sztandarowe, harcerze oraz \u015brodowiska\u00a0<\/span><span style=\"color: #000000;\">kultywuj\u0105ce pami\u0119\u0107 o ofiarach sowieckich deportacji.<\/span><\/h2>\t\t\t\t\t\t\t\t<\/div>\n\t\t\t\t<\/div>\n\t\t\t\t\t<\/div>\n\t\t<\/div>\n\t\t\t\t\t<\/div>\n\t\t<\/section>\n\t\t\t\t<section class=\"elementor-section elementor-top-section elementor-element elementor-element-99c5a27 elementor-section-boxed elementor-section-height-default elementor-section-height-default\" data-id=\"99c5a27\" data-element_type=\"section\" data-e-type=\"section\">\n\t\t\t\t\t\t<div class=\"elementor-container elementor-column-gap-default\">\n\t\t\t\t\t<div class=\"elementor-column elementor-col-100 elementor-top-column elementor-element elementor-element-40cf4c0\" data-id=\"40cf4c0\" data-element_type=\"column\" data-e-type=\"column\">\n\t\t\t<div class=\"elementor-widget-wrap elementor-element-populated\">\n\t\t\t\t\t\t<div class=\"elementor-element elementor-element-17ffcd2 elementor-widget elementor-widget-text-editor\" data-id=\"17ffcd2\" data-element_type=\"widget\" data-e-type=\"widget\" data-widget_type=\"text-editor.default\">\n\t\t\t\t<div class=\"elementor-widget-container\">\n\t\t\t\t\t\t\t\t\t<p><span style=\"color: #000000;\">Pielgrzymka rozpocz\u0119\u0142a si\u0119 wieczorn\u0105 Msz\u0105 \u015bw., a nast\u0119pnego dnia uczestnicy zgromadzili si\u0119 przed\u00a0<\/span><span style=\"color: #000000;\">Pomnikiem Sybirak\u00f3w, gdzie odby\u0142a si\u0119 uroczysto\u015b\u0107 upami\u0119tniaj\u0105ca losy zes\u0142a\u0144c\u00f3w. W kr\u00f3tkich\u00a0<\/span><span style=\"color: #000000;\">przem\u00f3wieniach wspominano dramatyczne historie \u2013 nocne wyw\u00f3zki, cierpienie oraz zaznaczono\u00a0<\/span><span style=\"color: #000000;\">konieczno\u015b\u0107, aby pami\u0119\u0107 po nich nie przemin\u0119\u0142a. Od\u015bpiewano hymn Polski i Sybirak\u00f3w:<\/span><\/p>\t\t\t\t\t\t\t\t<\/div>\n\t\t\t\t<\/div>\n\t\t\t\t\t<\/div>\n\t\t<\/div>\n\t\t\t\t\t<\/div>\n\t\t<\/section>\n\t\t\t\t<section class=\"elementor-section elementor-top-section elementor-element elementor-element-f6f3b23 elementor-section-boxed elementor-section-height-default elementor-section-height-default\" data-id=\"f6f3b23\" data-element_type=\"section\" data-e-type=\"section\">\n\t\t\t\t\t\t<div class=\"elementor-container elementor-column-gap-default\">\n\t\t\t\t\t<div class=\"elementor-column elementor-col-100 elementor-top-column elementor-element elementor-element-afac56e\" data-id=\"afac56e\" data-element_type=\"column\" data-e-type=\"column\">\n\t\t\t<div class=\"elementor-widget-wrap elementor-element-populated\">\n\t\t\t\t\t\t<div class=\"elementor-element elementor-element-c994e1a elementor-widget elementor-widget-text-editor\" data-id=\"c994e1a\" data-element_type=\"widget\" data-e-type=\"widget\" data-widget_type=\"text-editor.default\">\n\t\t\t\t<div class=\"elementor-widget-container\">\n\t\t\t\t\t\t\t\t\t<p style=\"padding-left: 40px;\"><em><strong><span style=\"color: #000000;\">\u201eNa nieludzkiej ziemi znowu polski trakt, wyznaczy\u0142y bezimienne krzy\u017ce\u2026\u00a0<\/span><\/strong><\/em><span style=\"color: #000000;\"><em><strong>Nie zatrzyma\u0142 nas czerwony kat, bo przed nami Polska, coraz bli\u017cej!\u201d<\/strong><\/em> \u2013 wybrzmia\u0142o pod pomnikiem\u00a0<\/span><span style=\"color: #000000;\">po\u015br\u00f3d liche\u0144skich alejek. Pragnienie powrotu do Polski sta\u0142o si\u0119 dla wygna\u0144c\u00f3w jedyn\u0105 nadziej\u0105,\u00a0<\/span><span style=\"color: #000000;\">kt\u00f3ra otula\u0142a w\u015br\u00f3d mroz\u00f3w i ci\u0119\u017ckiej, fizycznej pracy.<\/span><\/p>\t\t\t\t\t\t\t\t<\/div>\n\t\t\t\t<\/div>\n\t\t\t\t\t<\/div>\n\t\t<\/div>\n\t\t\t\t\t<\/div>\n\t\t<\/section>\n\t\t\t\t<section class=\"elementor-section elementor-top-section elementor-element elementor-element-b33da40 elementor-section-boxed elementor-section-height-default elementor-section-height-default\" data-id=\"b33da40\" data-element_type=\"section\" data-e-type=\"section\">\n\t\t\t\t\t\t<div class=\"elementor-container elementor-column-gap-default\">\n\t\t\t\t\t<div class=\"elementor-column elementor-col-100 elementor-top-column elementor-element elementor-element-1b6e0ac\" data-id=\"1b6e0ac\" data-element_type=\"column\" data-e-type=\"column\">\n\t\t\t<div class=\"elementor-widget-wrap elementor-element-populated\">\n\t\t\t\t\t\t<div class=\"elementor-element elementor-element-efc4743 elementor-widget elementor-widget-text-editor\" data-id=\"efc4743\" data-element_type=\"widget\" data-e-type=\"widget\" data-widget_type=\"text-editor.default\">\n\t\t\t\t<div class=\"elementor-widget-container\">\n\t\t\t\t\t\t\t\t\t<p><span style=\"color: #000000;\">Podczas sk\u0142adania kwiat\u00f3w obecne by\u0142y delegacje m.in. z Opola, Legnicy, Wroc\u0142awia i Pi\u0142y.<\/span><\/p>\t\t\t\t\t\t\t\t<\/div>\n\t\t\t\t<\/div>\n\t\t\t\t\t<\/div>\n\t\t<\/div>\n\t\t\t\t\t<\/div>\n\t\t<\/section>\n\t\t\t\t<section class=\"elementor-section elementor-top-section elementor-element elementor-element-95dbeb1 elementor-section-boxed elementor-section-height-default elementor-section-height-default\" data-id=\"95dbeb1\" data-element_type=\"section\" data-e-type=\"section\">\n\t\t\t\t\t\t<div class=\"elementor-container elementor-column-gap-default\">\n\t\t\t\t\t<div class=\"elementor-column elementor-col-100 elementor-top-column elementor-element elementor-element-7cb9158\" data-id=\"7cb9158\" data-element_type=\"column\" data-e-type=\"column\">\n\t\t\t<div class=\"elementor-widget-wrap elementor-element-populated\">\n\t\t\t\t\t\t<div class=\"elementor-element elementor-element-aab62d5 elementor-widget elementor-widget-text-editor\" data-id=\"aab62d5\" data-element_type=\"widget\" data-e-type=\"widget\" data-widget_type=\"text-editor.default\">\n\t\t\t\t<div class=\"elementor-widget-container\">\n\t\t\t\t\t\t\t\t\t<p style=\"padding-left: 40px;\"><em><strong><span style=\"color: #000000;\">\u201eCz\u0119sto zapominamy, \u017ce s\u0105 jeszcze w\u015br\u00f3d nas \u017cywi \u015bwiadkowie tych wydarze\u0144. Polacy, kt\u00f3rzy s\u0105\u00a0<\/span><span style=\"color: #000000;\">zapomniani, kt\u00f3rzy byli wywo\u017ceni z ca\u0142ej \u015bciany wschodniej. Prawie 2 mln ludzi dozna\u0142o represji\u00a0<\/span><span style=\"color: #000000;\">sowieckich w latach 1945-1959. Te wszystkie grupy Sybirak\u00f3w znalaz\u0142y si\u0119 w otch\u0142aniach zimnej tajgi\u00a0<\/span><\/strong><\/em><span style=\"color: #000000;\"><em><strong>syberyjskiej i gor\u0105cych step\u00f3w Kazachstanu, tylko dlatego, \u017ce byli Polakami\u201d<\/strong> <\/em>\u2013 m\u00f3wi\u0142 uczestnik\u00a0<\/span><span style=\"color: #000000;\">wydarzenia.<\/span><\/p>\t\t\t\t\t\t\t\t<\/div>\n\t\t\t\t<\/div>\n\t\t\t\t\t<\/div>\n\t\t<\/div>\n\t\t\t\t\t<\/div>\n\t\t<\/section>\n\t\t\t\t<section class=\"elementor-section elementor-top-section elementor-element elementor-element-af6cf54 elementor-section-boxed elementor-section-height-default elementor-section-height-default\" data-id=\"af6cf54\" data-element_type=\"section\" data-e-type=\"section\">\n\t\t\t\t\t\t<div class=\"elementor-container elementor-column-gap-default\">\n\t\t\t\t\t<div class=\"elementor-column elementor-col-100 elementor-top-column elementor-element elementor-element-044a330\" data-id=\"044a330\" data-element_type=\"column\" data-e-type=\"column\">\n\t\t\t<div class=\"elementor-widget-wrap elementor-element-populated\">\n\t\t\t\t\t\t<div class=\"elementor-element elementor-element-c52675a elementor-widget elementor-widget-image\" data-id=\"c52675a\" data-element_type=\"widget\" data-e-type=\"widget\" data-widget_type=\"image.default\">\n\t\t\t\t<div class=\"elementor-widget-container\">\n\t\t\t\t\t\t\t\t\t\t\t\t\t\t\t<img fetchpriority=\"high\" decoding=\"async\" width=\"1024\" height=\"683\" src=\"https:\/\/www.lichen.pl\/wp-content\/uploads\/2025\/06\/Pielgrzymka_Sybirakow-18-1024x683.jpg\" class=\"attachment-large size-large wp-image-84935\" alt=\"\" srcset=\"https:\/\/www.lichen.pl\/wp-content\/uploads\/2025\/06\/Pielgrzymka_Sybirakow-18-1024x683.jpg 1024w, https:\/\/www.lichen.pl\/wp-content\/uploads\/2025\/06\/Pielgrzymka_Sybirakow-18-300x200.jpg 300w, https:\/\/www.lichen.pl\/wp-content\/uploads\/2025\/06\/Pielgrzymka_Sybirakow-18-768x512.jpg 768w, https:\/\/www.lichen.pl\/wp-content\/uploads\/2025\/06\/Pielgrzymka_Sybirakow-18-1536x1024.jpg 1536w, https:\/\/www.lichen.pl\/wp-content\/uploads\/2025\/06\/Pielgrzymka_Sybirakow-18-2048x1365.jpg 2048w, https:\/\/www.lichen.pl\/wp-content\/uploads\/2025\/06\/Pielgrzymka_Sybirakow-18-18x12.jpg 18w, https:\/\/www.lichen.pl\/wp-content\/uploads\/2025\/06\/Pielgrzymka_Sybirakow-18-800x533.jpg 800w\" sizes=\"(max-width: 1024px) 100vw, 1024px\" \/>\t\t\t\t\t\t\t\t\t\t\t\t\t\t\t<\/div>\n\t\t\t\t<\/div>\n\t\t\t\t\t<\/div>\n\t\t<\/div>\n\t\t\t\t\t<\/div>\n\t\t<\/section>\n\t\t\t\t<section class=\"elementor-section elementor-top-section elementor-element elementor-element-8e65b96 elementor-section-boxed elementor-section-height-default elementor-section-height-default\" data-id=\"8e65b96\" data-element_type=\"section\" data-e-type=\"section\">\n\t\t\t\t\t\t<div class=\"elementor-container elementor-column-gap-default\">\n\t\t\t\t\t<div class=\"elementor-column elementor-col-100 elementor-top-column elementor-element elementor-element-e2489a1\" data-id=\"e2489a1\" data-element_type=\"column\" data-e-type=\"column\">\n\t\t\t<div class=\"elementor-widget-wrap elementor-element-populated\">\n\t\t\t\t\t\t<div class=\"elementor-element elementor-element-13d332e elementor-widget elementor-widget-text-editor\" data-id=\"13d332e\" data-element_type=\"widget\" data-e-type=\"widget\" data-widget_type=\"text-editor.default\">\n\t\t\t\t<div class=\"elementor-widget-container\">\n\t\t\t\t\t\t\t\t\t<p><span style=\"color: #000000;\">Kolejnym punktem spotkania by\u0142a uroczysta Msza \u015bw., kt\u00f3rej przewodniczy\u0142 ks. Zdzis\u0142aw Bana\u015b.<\/span><\/p>\t\t\t\t\t\t\t\t<\/div>\n\t\t\t\t<\/div>\n\t\t\t\t\t<\/div>\n\t\t<\/div>\n\t\t\t\t\t<\/div>\n\t\t<\/section>\n\t\t\t\t<section class=\"elementor-section elementor-top-section elementor-element elementor-element-55e9c8e elementor-section-boxed elementor-section-height-default elementor-section-height-default\" data-id=\"55e9c8e\" data-element_type=\"section\" data-e-type=\"section\">\n\t\t\t\t\t\t<div class=\"elementor-container elementor-column-gap-default\">\n\t\t\t\t\t<div class=\"elementor-column elementor-col-100 elementor-top-column elementor-element elementor-element-5b273e7\" data-id=\"5b273e7\" data-element_type=\"column\" data-e-type=\"column\">\n\t\t\t<div class=\"elementor-widget-wrap elementor-element-populated\">\n\t\t\t\t\t\t<div class=\"elementor-element elementor-element-28fdaab elementor-widget elementor-widget-text-editor\" data-id=\"28fdaab\" data-element_type=\"widget\" data-e-type=\"widget\" data-widget_type=\"text-editor.default\">\n\t\t\t\t<div class=\"elementor-widget-container\">\n\t\t\t\t\t\t\t\t\t<p><span style=\"color: #000000;\">Pielgrzymka Sybirak\u00f3w w liche\u0144skim sanktuarium to okazja do budowania mi\u0119dzypokoleniowych\u00a0<\/span><span style=\"color: #000000;\">wi\u0119zi. Obecno\u015b\u0107 harcerzy z Kluczborka, pragn\u0105cych przed\u0142u\u017cy\u0107 pami\u0119\u0107 o Polakach okradanych ze\u00a0<\/span><span style=\"color: #000000;\">swojej godno\u015bci i to\u017csamo\u015bci, pozostawia nadziej\u0119, \u017ce trud i ofiara wygna\u0144c\u00f3w nie odejdzie w cie\u0144\u00a0<\/span><span style=\"color: #000000;\">przesz\u0142o\u015bci.<\/span><\/p>\t\t\t\t\t\t\t\t<\/div>\n\t\t\t\t<\/div>\n\t\t\t\t\t<\/div>\n\t\t<\/div>\n\t\t\t\t\t<\/div>\n\t\t<\/section>\n\t\t\t\t<section class=\"elementor-section elementor-top-section elementor-element elementor-element-95354f0 elementor-section-boxed elementor-section-height-default elementor-section-height-default\" data-id=\"95354f0\" data-element_type=\"section\" data-e-type=\"section\">\n\t\t\t\t\t\t<div class=\"elementor-container elementor-column-gap-default\">\n\t\t\t\t\t<div class=\"elementor-column elementor-col-100 elementor-top-column elementor-element elementor-element-3e3730c\" data-id=\"3e3730c\" data-element_type=\"column\" data-e-type=\"column\">\n\t\t\t<div class=\"elementor-widget-wrap elementor-element-populated\">\n\t\t\t\t\t\t<div class=\"elementor-element elementor-element-6f301ae elementor-widget elementor-widget-text-editor\" data-id=\"6f301ae\" data-element_type=\"widget\" data-e-type=\"widget\" data-widget_type=\"text-editor.default\">\n\t\t\t\t<div class=\"elementor-widget-container\">\n\t\t\t\t\t\t\t\t\t<p><span style=\"color: #000000;\">Refleksja nad \u015bmierci\u0105 i \u017cyciem, cierpieniem oraz niestrudzonym duchem walki o wolno\u015b\u0107\u00a0<\/span><span style=\"color: #000000;\">towarzyszy\u0142a przez ca\u0142y pobyt pielgrzym\u00f3w. <strong>\u201eWdzi\u0119czni Bogu za ocalenie i powr\u00f3t z nieludzkiej ziemi\u00a0<\/strong><\/span><span style=\"color: #000000;\"><strong>\u2013 sowieckiego piek\u0142a, pami\u0119ci zes\u0142a\u0144c\u00f3w i ofiar, ku przestrodze przysz\u0142ych pokole\u0144\u201d<\/strong> \u2013 g\u0142osi wyryty\u00a0<\/span><span style=\"color: #000000;\">tekst na pomniku ufundowanym przez ocala\u0142ych Sybirak\u00f3w.<\/span><\/p>\t\t\t\t\t\t\t\t<\/div>\n\t\t\t\t<\/div>\n\t\t\t\t\t<\/div>\n\t\t<\/div>\n\t\t\t\t\t<\/div>\n\t\t<\/section>\n\t\t\t\t<section class=\"elementor-section elementor-top-section elementor-element elementor-element-4a865ea elementor-section-boxed elementor-section-height-default elementor-section-height-default\" data-id=\"4a865ea\" data-element_type=\"section\" data-e-type=\"section\">\n\t\t\t\t\t\t<div class=\"elementor-container elementor-column-gap-default\">\n\t\t\t\t\t<div class=\"elementor-column elementor-col-100 elementor-top-column elementor-element elementor-element-9022b1b\" data-id=\"9022b1b\" data-element_type=\"column\" data-e-type=\"column\">\n\t\t\t<div class=\"elementor-widget-wrap elementor-element-populated\">\n\t\t\t\t\t\t<div class=\"elementor-element elementor-element-3aa87b7 elementor-widget elementor-widget-text-editor\" data-id=\"3aa87b7\" data-element_type=\"widget\" data-e-type=\"widget\" data-widget_type=\"text-editor.default\">\n\t\t\t\t<div class=\"elementor-widget-container\">\n\t\t\t\t\t\t\t\t\t<p><span style=\"color: #000000;\">Liche\u0144 sta\u0142 si\u0119 miejscem, gdzie historia spotyka si\u0119 z modlitw\u0105, a b\u00f3l przesz\u0142o\u015bci przemienia si\u0119 w si\u0142\u0119\u00a0<\/span><span style=\"color: #000000;\">przysz\u0142o\u015bci.<\/span><\/p>\t\t\t\t\t\t\t\t<\/div>\n\t\t\t\t<\/div>\n\t\t\t\t\t<\/div>\n\t\t<\/div>\n\t\t\t\t\t<\/div>\n\t\t<\/section>\n\t\t\t\t<section class=\"elementor-section elementor-top-section elementor-element elementor-element-571d6dc elementor-section-boxed elementor-section-height-default elementor-section-height-default\" data-id=\"571d6dc\" data-element_type=\"section\" data-e-type=\"section\">\n\t\t\t\t\t\t<div class=\"elementor-container elementor-column-gap-default\">\n\t\t\t\t\t<div class=\"elementor-column elementor-col-100 elementor-top-column elementor-element elementor-element-ae25ba4\" data-id=\"ae25ba4\" data-element_type=\"column\" data-e-type=\"column\">\n\t\t\t<div class=\"elementor-widget-wrap elementor-element-populated\">\n\t\t\t\t\t\t<div class=\"elementor-element elementor-element-e6f67c7 elementor-widget elementor-widget-image-gallery\" data-id=\"e6f67c7\" data-element_type=\"widget\" data-e-type=\"widget\" data-widget_type=\"image-gallery.default\">\n\t\t\t\t<div class=\"elementor-widget-container\">\n\t\t\t\t\t\t\t<div class=\"elementor-image-gallery\">\n\t\t\t<div id='gallery-1' class='gallery galleryid-84917 gallery-columns-4 gallery-size-medium'><figure class='gallery-item'>\n\t\t\t<div class='gallery-icon landscape'>\n\t\t\t\t<a data-elementor-open-lightbox=\"yes\" data-elementor-lightbox-slideshow=\"e6f67c7\" data-elementor-lightbox-title=\"Pielgrzymka_Sybirakow (1)\" data-e-action-hash=\"#elementor-action%3Aaction%3Dlightbox%26settings%3DeyJpZCI6ODQ5MTgsInVybCI6Imh0dHBzOlwvXC93d3cubGljaGVuLnBsXC93cC1jb250ZW50XC91cGxvYWRzXC8yMDI1XC8wNlwvUGllbGdyenlta2FfU3liaXJha293LTEuanBnIiwic2xpZGVzaG93IjoiZTZmNjdjNyJ9\" href='https:\/\/www.lichen.pl\/wp-content\/uploads\/2025\/06\/Pielgrzymka_Sybirakow-1.jpg'><img width=\"300\" height=\"200\" src=\"https:\/\/www.lichen.pl\/wp-content\/uploads\/2025\/06\/Pielgrzymka_Sybirakow-1-300x200.jpg\" class=\"attachment-medium size-medium\" alt=\"\" decoding=\"async\" srcset=\"https:\/\/www.lichen.pl\/wp-content\/uploads\/2025\/06\/Pielgrzymka_Sybirakow-1-300x200.jpg 300w, https:\/\/www.lichen.pl\/wp-content\/uploads\/2025\/06\/Pielgrzymka_Sybirakow-1-1024x683.jpg 1024w, https:\/\/www.lichen.pl\/wp-content\/uploads\/2025\/06\/Pielgrzymka_Sybirakow-1-768x512.jpg 768w, https:\/\/www.lichen.pl\/wp-content\/uploads\/2025\/06\/Pielgrzymka_Sybirakow-1-1536x1024.jpg 1536w, https:\/\/www.lichen.pl\/wp-content\/uploads\/2025\/06\/Pielgrzymka_Sybirakow-1-2048x1365.jpg 2048w, https:\/\/www.lichen.pl\/wp-content\/uploads\/2025\/06\/Pielgrzymka_Sybirakow-1-18x12.jpg 18w, https:\/\/www.lichen.pl\/wp-content\/uploads\/2025\/06\/Pielgrzymka_Sybirakow-1-800x533.jpg 800w\" sizes=\"(max-width: 300px) 100vw, 300px\" \/><\/a>\n\t\t\t<\/div><\/figure><figure class='gallery-item'>\n\t\t\t<div class='gallery-icon landscape'>\n\t\t\t\t<a data-elementor-open-lightbox=\"yes\" data-elementor-lightbox-slideshow=\"e6f67c7\" data-elementor-lightbox-title=\"Pielgrzymka_Sybirakow (2)\" data-e-action-hash=\"#elementor-action%3Aaction%3Dlightbox%26settings%3DeyJpZCI6ODQ5MTksInVybCI6Imh0dHBzOlwvXC93d3cubGljaGVuLnBsXC93cC1jb250ZW50XC91cGxvYWRzXC8yMDI1XC8wNlwvUGllbGdyenlta2FfU3liaXJha293LTIuanBnIiwic2xpZGVzaG93IjoiZTZmNjdjNyJ9\" href='https:\/\/www.lichen.pl\/wp-content\/uploads\/2025\/06\/Pielgrzymka_Sybirakow-2.jpg'><img width=\"300\" height=\"200\" src=\"https:\/\/www.lichen.pl\/wp-content\/uploads\/2025\/06\/Pielgrzymka_Sybirakow-2-300x200.jpg\" class=\"attachment-medium size-medium\" alt=\"\" decoding=\"async\" srcset=\"https:\/\/www.lichen.pl\/wp-content\/uploads\/2025\/06\/Pielgrzymka_Sybirakow-2-300x200.jpg 300w, https:\/\/www.lichen.pl\/wp-content\/uploads\/2025\/06\/Pielgrzymka_Sybirakow-2-1024x683.jpg 1024w, https:\/\/www.lichen.pl\/wp-content\/uploads\/2025\/06\/Pielgrzymka_Sybirakow-2-768x512.jpg 768w, https:\/\/www.lichen.pl\/wp-content\/uploads\/2025\/06\/Pielgrzymka_Sybirakow-2-1536x1024.jpg 1536w, https:\/\/www.lichen.pl\/wp-content\/uploads\/2025\/06\/Pielgrzymka_Sybirakow-2-2048x1365.jpg 2048w, https:\/\/www.lichen.pl\/wp-content\/uploads\/2025\/06\/Pielgrzymka_Sybirakow-2-18x12.jpg 18w, https:\/\/www.lichen.pl\/wp-content\/uploads\/2025\/06\/Pielgrzymka_Sybirakow-2-800x533.jpg 800w\" sizes=\"(max-width: 300px) 100vw, 300px\" \/><\/a>\n\t\t\t<\/div><\/figure><figure class='gallery-item'>\n\t\t\t<div class='gallery-icon landscape'>\n\t\t\t\t<a data-elementor-open-lightbox=\"yes\" data-elementor-lightbox-slideshow=\"e6f67c7\" data-elementor-lightbox-title=\"Pielgrzymka_Sybirakow (3)\" data-e-action-hash=\"#elementor-action%3Aaction%3Dlightbox%26settings%3DeyJpZCI6ODQ5MjAsInVybCI6Imh0dHBzOlwvXC93d3cubGljaGVuLnBsXC93cC1jb250ZW50XC91cGxvYWRzXC8yMDI1XC8wNlwvUGllbGdyenlta2FfU3liaXJha293LTMuanBnIiwic2xpZGVzaG93IjoiZTZmNjdjNyJ9\" href='https:\/\/www.lichen.pl\/wp-content\/uploads\/2025\/06\/Pielgrzymka_Sybirakow-3.jpg'><img loading=\"lazy\" width=\"300\" height=\"200\" src=\"https:\/\/www.lichen.pl\/wp-content\/uploads\/2025\/06\/Pielgrzymka_Sybirakow-3-300x200.jpg\" class=\"attachment-medium size-medium\" alt=\"\" decoding=\"async\" srcset=\"https:\/\/www.lichen.pl\/wp-content\/uploads\/2025\/06\/Pielgrzymka_Sybirakow-3-300x200.jpg 300w, https:\/\/www.lichen.pl\/wp-content\/uploads\/2025\/06\/Pielgrzymka_Sybirakow-3-1024x683.jpg 1024w, https:\/\/www.lichen.pl\/wp-content\/uploads\/2025\/06\/Pielgrzymka_Sybirakow-3-768x512.jpg 768w, https:\/\/www.lichen.pl\/wp-content\/uploads\/2025\/06\/Pielgrzymka_Sybirakow-3-1536x1024.jpg 1536w, https:\/\/www.lichen.pl\/wp-content\/uploads\/2025\/06\/Pielgrzymka_Sybirakow-3-2048x1365.jpg 2048w, https:\/\/www.lichen.pl\/wp-content\/uploads\/2025\/06\/Pielgrzymka_Sybirakow-3-18x12.jpg 18w, https:\/\/www.lichen.pl\/wp-content\/uploads\/2025\/06\/Pielgrzymka_Sybirakow-3-800x533.jpg 800w\" sizes=\"(max-width: 300px) 100vw, 300px\" \/><\/a>\n\t\t\t<\/div><\/figure><figure class='gallery-item'>\n\t\t\t<div class='gallery-icon landscape'>\n\t\t\t\t<a data-elementor-open-lightbox=\"yes\" data-elementor-lightbox-slideshow=\"e6f67c7\" data-elementor-lightbox-title=\"Pielgrzymka_Sybirakow (4)\" data-e-action-hash=\"#elementor-action%3Aaction%3Dlightbox%26settings%3DeyJpZCI6ODQ5MjEsInVybCI6Imh0dHBzOlwvXC93d3cubGljaGVuLnBsXC93cC1jb250ZW50XC91cGxvYWRzXC8yMDI1XC8wNlwvUGllbGdyenlta2FfU3liaXJha293LTQuanBnIiwic2xpZGVzaG93IjoiZTZmNjdjNyJ9\" href='https:\/\/www.lichen.pl\/wp-content\/uploads\/2025\/06\/Pielgrzymka_Sybirakow-4.jpg'><img loading=\"lazy\" width=\"300\" height=\"200\" src=\"https:\/\/www.lichen.pl\/wp-content\/uploads\/2025\/06\/Pielgrzymka_Sybirakow-4-300x200.jpg\" class=\"attachment-medium size-medium\" alt=\"\" decoding=\"async\" srcset=\"https:\/\/www.lichen.pl\/wp-content\/uploads\/2025\/06\/Pielgrzymka_Sybirakow-4-300x200.jpg 300w, https:\/\/www.lichen.pl\/wp-content\/uploads\/2025\/06\/Pielgrzymka_Sybirakow-4-1024x683.jpg 1024w, https:\/\/www.lichen.pl\/wp-content\/uploads\/2025\/06\/Pielgrzymka_Sybirakow-4-768x512.jpg 768w, https:\/\/www.lichen.pl\/wp-content\/uploads\/2025\/06\/Pielgrzymka_Sybirakow-4-1536x1024.jpg 1536w, https:\/\/www.lichen.pl\/wp-content\/uploads\/2025\/06\/Pielgrzymka_Sybirakow-4-2048x1365.jpg 2048w, https:\/\/www.lichen.pl\/wp-content\/uploads\/2025\/06\/Pielgrzymka_Sybirakow-4-18x12.jpg 18w, https:\/\/www.lichen.pl\/wp-content\/uploads\/2025\/06\/Pielgrzymka_Sybirakow-4-800x533.jpg 800w\" sizes=\"(max-width: 300px) 100vw, 300px\" \/><\/a>\n\t\t\t<\/div><\/figure><figure class='gallery-item'>\n\t\t\t<div class='gallery-icon landscape'>\n\t\t\t\t<a data-elementor-open-lightbox=\"yes\" data-elementor-lightbox-slideshow=\"e6f67c7\" data-elementor-lightbox-title=\"Pielgrzymka_Sybirakow (5)\" data-e-action-hash=\"#elementor-action%3Aaction%3Dlightbox%26settings%3DeyJpZCI6ODQ5MjIsInVybCI6Imh0dHBzOlwvXC93d3cubGljaGVuLnBsXC93cC1jb250ZW50XC91cGxvYWRzXC8yMDI1XC8wNlwvUGllbGdyenlta2FfU3liaXJha293LTUuanBnIiwic2xpZGVzaG93IjoiZTZmNjdjNyJ9\" href='https:\/\/www.lichen.pl\/wp-content\/uploads\/2025\/06\/Pielgrzymka_Sybirakow-5.jpg'><img loading=\"lazy\" width=\"300\" height=\"200\" src=\"https:\/\/www.lichen.pl\/wp-content\/uploads\/2025\/06\/Pielgrzymka_Sybirakow-5-300x200.jpg\" class=\"attachment-medium size-medium\" alt=\"\" decoding=\"async\" srcset=\"https:\/\/www.lichen.pl\/wp-content\/uploads\/2025\/06\/Pielgrzymka_Sybirakow-5-300x200.jpg 300w, https:\/\/www.lichen.pl\/wp-content\/uploads\/2025\/06\/Pielgrzymka_Sybirakow-5-1024x683.jpg 1024w, https:\/\/www.lichen.pl\/wp-content\/uploads\/2025\/06\/Pielgrzymka_Sybirakow-5-768x512.jpg 768w, https:\/\/www.lichen.pl\/wp-content\/uploads\/2025\/06\/Pielgrzymka_Sybirakow-5-1536x1024.jpg 1536w, https:\/\/www.lichen.pl\/wp-content\/uploads\/2025\/06\/Pielgrzymka_Sybirakow-5-2048x1365.jpg 2048w, https:\/\/www.lichen.pl\/wp-content\/uploads\/2025\/06\/Pielgrzymka_Sybirakow-5-18x12.jpg 18w, https:\/\/www.lichen.pl\/wp-content\/uploads\/2025\/06\/Pielgrzymka_Sybirakow-5-800x533.jpg 800w\" sizes=\"(max-width: 300px) 100vw, 300px\" \/><\/a>\n\t\t\t<\/div><\/figure><figure class='gallery-item'>\n\t\t\t<div class='gallery-icon landscape'>\n\t\t\t\t<a data-elementor-open-lightbox=\"yes\" data-elementor-lightbox-slideshow=\"e6f67c7\" data-elementor-lightbox-title=\"Pielgrzymka_Sybirakow (6)\" data-e-action-hash=\"#elementor-action%3Aaction%3Dlightbox%26settings%3DeyJpZCI6ODQ5MjMsInVybCI6Imh0dHBzOlwvXC93d3cubGljaGVuLnBsXC93cC1jb250ZW50XC91cGxvYWRzXC8yMDI1XC8wNlwvUGllbGdyenlta2FfU3liaXJha293LTYuanBnIiwic2xpZGVzaG93IjoiZTZmNjdjNyJ9\" href='https:\/\/www.lichen.pl\/wp-content\/uploads\/2025\/06\/Pielgrzymka_Sybirakow-6.jpg'><img loading=\"lazy\" width=\"300\" height=\"200\" src=\"https:\/\/www.lichen.pl\/wp-content\/uploads\/2025\/06\/Pielgrzymka_Sybirakow-6-300x200.jpg\" class=\"attachment-medium size-medium\" alt=\"\" decoding=\"async\" srcset=\"https:\/\/www.lichen.pl\/wp-content\/uploads\/2025\/06\/Pielgrzymka_Sybirakow-6-300x200.jpg 300w, https:\/\/www.lichen.pl\/wp-content\/uploads\/2025\/06\/Pielgrzymka_Sybirakow-6-1024x683.jpg 1024w, https:\/\/www.lichen.pl\/wp-content\/uploads\/2025\/06\/Pielgrzymka_Sybirakow-6-768x512.jpg 768w, https:\/\/www.lichen.pl\/wp-content\/uploads\/2025\/06\/Pielgrzymka_Sybirakow-6-1536x1024.jpg 1536w, https:\/\/www.lichen.pl\/wp-content\/uploads\/2025\/06\/Pielgrzymka_Sybirakow-6-2048x1365.jpg 2048w, https:\/\/www.lichen.pl\/wp-content\/uploads\/2025\/06\/Pielgrzymka_Sybirakow-6-18x12.jpg 18w, https:\/\/www.lichen.pl\/wp-content\/uploads\/2025\/06\/Pielgrzymka_Sybirakow-6-800x533.jpg 800w\" sizes=\"(max-width: 300px) 100vw, 300px\" \/><\/a>\n\t\t\t<\/div><\/figure><figure class='gallery-item'>\n\t\t\t<div class='gallery-icon landscape'>\n\t\t\t\t<a data-elementor-open-lightbox=\"yes\" data-elementor-lightbox-slideshow=\"e6f67c7\" data-elementor-lightbox-title=\"Pielgrzymka_Sybirakow (7)\" data-e-action-hash=\"#elementor-action%3Aaction%3Dlightbox%26settings%3DeyJpZCI6ODQ5MjQsInVybCI6Imh0dHBzOlwvXC93d3cubGljaGVuLnBsXC93cC1jb250ZW50XC91cGxvYWRzXC8yMDI1XC8wNlwvUGllbGdyenlta2FfU3liaXJha293LTcuanBnIiwic2xpZGVzaG93IjoiZTZmNjdjNyJ9\" href='https:\/\/www.lichen.pl\/wp-content\/uploads\/2025\/06\/Pielgrzymka_Sybirakow-7.jpg'><img loading=\"lazy\" width=\"300\" height=\"200\" src=\"https:\/\/www.lichen.pl\/wp-content\/uploads\/2025\/06\/Pielgrzymka_Sybirakow-7-300x200.jpg\" class=\"attachment-medium size-medium\" alt=\"\" decoding=\"async\" srcset=\"https:\/\/www.lichen.pl\/wp-content\/uploads\/2025\/06\/Pielgrzymka_Sybirakow-7-300x200.jpg 300w, https:\/\/www.lichen.pl\/wp-content\/uploads\/2025\/06\/Pielgrzymka_Sybirakow-7-1024x683.jpg 1024w, https:\/\/www.lichen.pl\/wp-content\/uploads\/2025\/06\/Pielgrzymka_Sybirakow-7-768x512.jpg 768w, https:\/\/www.lichen.pl\/wp-content\/uploads\/2025\/06\/Pielgrzymka_Sybirakow-7-1536x1024.jpg 1536w, https:\/\/www.lichen.pl\/wp-content\/uploads\/2025\/06\/Pielgrzymka_Sybirakow-7-2048x1365.jpg 2048w, https:\/\/www.lichen.pl\/wp-content\/uploads\/2025\/06\/Pielgrzymka_Sybirakow-7-18x12.jpg 18w, https:\/\/www.lichen.pl\/wp-content\/uploads\/2025\/06\/Pielgrzymka_Sybirakow-7-800x533.jpg 800w\" sizes=\"(max-width: 300px) 100vw, 300px\" \/><\/a>\n\t\t\t<\/div><\/figure><figure class='gallery-item'>\n\t\t\t<div class='gallery-icon landscape'>\n\t\t\t\t<a data-elementor-open-lightbox=\"yes\" data-elementor-lightbox-slideshow=\"e6f67c7\" data-elementor-lightbox-title=\"Pielgrzymka_Sybirakow (8)\" data-e-action-hash=\"#elementor-action%3Aaction%3Dlightbox%26settings%3DeyJpZCI6ODQ5MjUsInVybCI6Imh0dHBzOlwvXC93d3cubGljaGVuLnBsXC93cC1jb250ZW50XC91cGxvYWRzXC8yMDI1XC8wNlwvUGllbGdyenlta2FfU3liaXJha293LTguanBnIiwic2xpZGVzaG93IjoiZTZmNjdjNyJ9\" href='https:\/\/www.lichen.pl\/wp-content\/uploads\/2025\/06\/Pielgrzymka_Sybirakow-8.jpg'><img loading=\"lazy\" width=\"300\" height=\"200\" src=\"https:\/\/www.lichen.pl\/wp-content\/uploads\/2025\/06\/Pielgrzymka_Sybirakow-8-300x200.jpg\" class=\"attachment-medium size-medium\" alt=\"\" decoding=\"async\" srcset=\"https:\/\/www.lichen.pl\/wp-content\/uploads\/2025\/06\/Pielgrzymka_Sybirakow-8-300x200.jpg 300w, https:\/\/www.lichen.pl\/wp-content\/uploads\/2025\/06\/Pielgrzymka_Sybirakow-8-1024x683.jpg 1024w, https:\/\/www.lichen.pl\/wp-content\/uploads\/2025\/06\/Pielgrzymka_Sybirakow-8-768x512.jpg 768w, https:\/\/www.lichen.pl\/wp-content\/uploads\/2025\/06\/Pielgrzymka_Sybirakow-8-1536x1024.jpg 1536w, https:\/\/www.lichen.pl\/wp-content\/uploads\/2025\/06\/Pielgrzymka_Sybirakow-8-2048x1365.jpg 2048w, https:\/\/www.lichen.pl\/wp-content\/uploads\/2025\/06\/Pielgrzymka_Sybirakow-8-18x12.jpg 18w, https:\/\/www.lichen.pl\/wp-content\/uploads\/2025\/06\/Pielgrzymka_Sybirakow-8-800x533.jpg 800w, https:\/\/www.lichen.pl\/wp-content\/uploads\/2025\/06\/Pielgrzymka_Sybirakow-8.jpg 1920w\" sizes=\"(max-width: 300px) 100vw, 300px\" \/><\/a>\n\t\t\t<\/div><\/figure><figure class='gallery-item'>\n\t\t\t<div class='gallery-icon landscape'>\n\t\t\t\t<a data-elementor-open-lightbox=\"yes\" data-elementor-lightbox-slideshow=\"e6f67c7\" data-elementor-lightbox-title=\"Pielgrzymka_Sybirakow (9)\" data-e-action-hash=\"#elementor-action%3Aaction%3Dlightbox%26settings%3DeyJpZCI6ODQ5MjYsInVybCI6Imh0dHBzOlwvXC93d3cubGljaGVuLnBsXC93cC1jb250ZW50XC91cGxvYWRzXC8yMDI1XC8wNlwvUGllbGdyenlta2FfU3liaXJha293LTkuanBnIiwic2xpZGVzaG93IjoiZTZmNjdjNyJ9\" href='https:\/\/www.lichen.pl\/wp-content\/uploads\/2025\/06\/Pielgrzymka_Sybirakow-9.jpg'><img loading=\"lazy\" width=\"300\" height=\"200\" src=\"https:\/\/www.lichen.pl\/wp-content\/uploads\/2025\/06\/Pielgrzymka_Sybirakow-9-300x200.jpg\" class=\"attachment-medium size-medium\" alt=\"\" decoding=\"async\" srcset=\"https:\/\/www.lichen.pl\/wp-content\/uploads\/2025\/06\/Pielgrzymka_Sybirakow-9-300x200.jpg 300w, https:\/\/www.lichen.pl\/wp-content\/uploads\/2025\/06\/Pielgrzymka_Sybirakow-9-1024x683.jpg 1024w, https:\/\/www.lichen.pl\/wp-content\/uploads\/2025\/06\/Pielgrzymka_Sybirakow-9-768x512.jpg 768w, https:\/\/www.lichen.pl\/wp-content\/uploads\/2025\/06\/Pielgrzymka_Sybirakow-9-1536x1024.jpg 1536w, https:\/\/www.lichen.pl\/wp-content\/uploads\/2025\/06\/Pielgrzymka_Sybirakow-9-2048x1365.jpg 2048w, https:\/\/www.lichen.pl\/wp-content\/uploads\/2025\/06\/Pielgrzymka_Sybirakow-9-18x12.jpg 18w, https:\/\/www.lichen.pl\/wp-content\/uploads\/2025\/06\/Pielgrzymka_Sybirakow-9-800x533.jpg 800w, https:\/\/www.lichen.pl\/wp-content\/uploads\/2025\/06\/Pielgrzymka_Sybirakow-9.jpg 1920w\" sizes=\"(max-width: 300px) 100vw, 300px\" \/><\/a>\n\t\t\t<\/div><\/figure><figure class='gallery-item'>\n\t\t\t<div class='gallery-icon landscape'>\n\t\t\t\t<a data-elementor-open-lightbox=\"yes\" data-elementor-lightbox-slideshow=\"e6f67c7\" data-elementor-lightbox-title=\"Pielgrzymka_Sybirakow (10)\" data-e-action-hash=\"#elementor-action%3Aaction%3Dlightbox%26settings%3DeyJpZCI6ODQ5MjcsInVybCI6Imh0dHBzOlwvXC93d3cubGljaGVuLnBsXC93cC1jb250ZW50XC91cGxvYWRzXC8yMDI1XC8wNlwvUGllbGdyenlta2FfU3liaXJha293LTEwLmpwZyIsInNsaWRlc2hvdyI6ImU2ZjY3YzcifQ%3D%3D\" href='https:\/\/www.lichen.pl\/wp-content\/uploads\/2025\/06\/Pielgrzymka_Sybirakow-10.jpg'><img loading=\"lazy\" width=\"300\" height=\"200\" src=\"https:\/\/www.lichen.pl\/wp-content\/uploads\/2025\/06\/Pielgrzymka_Sybirakow-10-300x200.jpg\" class=\"attachment-medium size-medium\" alt=\"\" decoding=\"async\" srcset=\"https:\/\/www.lichen.pl\/wp-content\/uploads\/2025\/06\/Pielgrzymka_Sybirakow-10-300x200.jpg 300w, https:\/\/www.lichen.pl\/wp-content\/uploads\/2025\/06\/Pielgrzymka_Sybirakow-10-1024x683.jpg 1024w, https:\/\/www.lichen.pl\/wp-content\/uploads\/2025\/06\/Pielgrzymka_Sybirakow-10-768x512.jpg 768w, https:\/\/www.lichen.pl\/wp-content\/uploads\/2025\/06\/Pielgrzymka_Sybirakow-10-1536x1024.jpg 1536w, https:\/\/www.lichen.pl\/wp-content\/uploads\/2025\/06\/Pielgrzymka_Sybirakow-10-2048x1365.jpg 2048w, https:\/\/www.lichen.pl\/wp-content\/uploads\/2025\/06\/Pielgrzymka_Sybirakow-10-18x12.jpg 18w, https:\/\/www.lichen.pl\/wp-content\/uploads\/2025\/06\/Pielgrzymka_Sybirakow-10-800x533.jpg 800w\" sizes=\"(max-width: 300px) 100vw, 300px\" \/><\/a>\n\t\t\t<\/div><\/figure><figure class='gallery-item'>\n\t\t\t<div class='gallery-icon landscape'>\n\t\t\t\t<a data-elementor-open-lightbox=\"yes\" data-elementor-lightbox-slideshow=\"e6f67c7\" data-elementor-lightbox-title=\"Pielgrzymka_Sybirakow (11)\" data-e-action-hash=\"#elementor-action%3Aaction%3Dlightbox%26settings%3DeyJpZCI6ODQ5MjgsInVybCI6Imh0dHBzOlwvXC93d3cubGljaGVuLnBsXC93cC1jb250ZW50XC91cGxvYWRzXC8yMDI1XC8wNlwvUGllbGdyenlta2FfU3liaXJha293LTExLmpwZyIsInNsaWRlc2hvdyI6ImU2ZjY3YzcifQ%3D%3D\" href='https:\/\/www.lichen.pl\/wp-content\/uploads\/2025\/06\/Pielgrzymka_Sybirakow-11.jpg'><img loading=\"lazy\" width=\"300\" height=\"200\" src=\"https:\/\/www.lichen.pl\/wp-content\/uploads\/2025\/06\/Pielgrzymka_Sybirakow-11-300x200.jpg\" class=\"attachment-medium size-medium\" alt=\"\" decoding=\"async\" srcset=\"https:\/\/www.lichen.pl\/wp-content\/uploads\/2025\/06\/Pielgrzymka_Sybirakow-11-300x200.jpg 300w, https:\/\/www.lichen.pl\/wp-content\/uploads\/2025\/06\/Pielgrzymka_Sybirakow-11-1024x683.jpg 1024w, https:\/\/www.lichen.pl\/wp-content\/uploads\/2025\/06\/Pielgrzymka_Sybirakow-11-768x512.jpg 768w, https:\/\/www.lichen.pl\/wp-content\/uploads\/2025\/06\/Pielgrzymka_Sybirakow-11-1536x1024.jpg 1536w, https:\/\/www.lichen.pl\/wp-content\/uploads\/2025\/06\/Pielgrzymka_Sybirakow-11-2048x1365.jpg 2048w, https:\/\/www.lichen.pl\/wp-content\/uploads\/2025\/06\/Pielgrzymka_Sybirakow-11-18x12.jpg 18w, https:\/\/www.lichen.pl\/wp-content\/uploads\/2025\/06\/Pielgrzymka_Sybirakow-11-800x533.jpg 800w\" sizes=\"(max-width: 300px) 100vw, 300px\" \/><\/a>\n\t\t\t<\/div><\/figure><figure class='gallery-item'>\n\t\t\t<div class='gallery-icon landscape'>\n\t\t\t\t<a data-elementor-open-lightbox=\"yes\" data-elementor-lightbox-slideshow=\"e6f67c7\" data-elementor-lightbox-title=\"Pielgrzymka_Sybirakow (12)\" data-e-action-hash=\"#elementor-action%3Aaction%3Dlightbox%26settings%3DeyJpZCI6ODQ5MjksInVybCI6Imh0dHBzOlwvXC93d3cubGljaGVuLnBsXC93cC1jb250ZW50XC91cGxvYWRzXC8yMDI1XC8wNlwvUGllbGdyenlta2FfU3liaXJha293LTEyLmpwZyIsInNsaWRlc2hvdyI6ImU2ZjY3YzcifQ%3D%3D\" href='https:\/\/www.lichen.pl\/wp-content\/uploads\/2025\/06\/Pielgrzymka_Sybirakow-12.jpg'><img loading=\"lazy\" width=\"300\" height=\"200\" src=\"https:\/\/www.lichen.pl\/wp-content\/uploads\/2025\/06\/Pielgrzymka_Sybirakow-12-300x200.jpg\" class=\"attachment-medium size-medium\" alt=\"\" decoding=\"async\" srcset=\"https:\/\/www.lichen.pl\/wp-content\/uploads\/2025\/06\/Pielgrzymka_Sybirakow-12-300x200.jpg 300w, https:\/\/www.lichen.pl\/wp-content\/uploads\/2025\/06\/Pielgrzymka_Sybirakow-12-1024x683.jpg 1024w, https:\/\/www.lichen.pl\/wp-content\/uploads\/2025\/06\/Pielgrzymka_Sybirakow-12-768x512.jpg 768w, https:\/\/www.lichen.pl\/wp-content\/uploads\/2025\/06\/Pielgrzymka_Sybirakow-12-1536x1024.jpg 1536w, https:\/\/www.lichen.pl\/wp-content\/uploads\/2025\/06\/Pielgrzymka_Sybirakow-12-2048x1365.jpg 2048w, https:\/\/www.lichen.pl\/wp-content\/uploads\/2025\/06\/Pielgrzymka_Sybirakow-12-18x12.jpg 18w, https:\/\/www.lichen.pl\/wp-content\/uploads\/2025\/06\/Pielgrzymka_Sybirakow-12-800x533.jpg 800w\" sizes=\"(max-width: 300px) 100vw, 300px\" \/><\/a>\n\t\t\t<\/div><\/figure><figure class='gallery-item'>\n\t\t\t<div class='gallery-icon landscape'>\n\t\t\t\t<a data-elementor-open-lightbox=\"yes\" data-elementor-lightbox-slideshow=\"e6f67c7\" data-elementor-lightbox-title=\"Pielgrzymka_Sybirakow (13)\" data-e-action-hash=\"#elementor-action%3Aaction%3Dlightbox%26settings%3DeyJpZCI6ODQ5MzAsInVybCI6Imh0dHBzOlwvXC93d3cubGljaGVuLnBsXC93cC1jb250ZW50XC91cGxvYWRzXC8yMDI1XC8wNlwvUGllbGdyenlta2FfU3liaXJha293LTEzLmpwZyIsInNsaWRlc2hvdyI6ImU2ZjY3YzcifQ%3D%3D\" href='https:\/\/www.lichen.pl\/wp-content\/uploads\/2025\/06\/Pielgrzymka_Sybirakow-13.jpg'><img loading=\"lazy\" width=\"300\" height=\"200\" src=\"https:\/\/www.lichen.pl\/wp-content\/uploads\/2025\/06\/Pielgrzymka_Sybirakow-13-300x200.jpg\" class=\"attachment-medium size-medium\" alt=\"\" decoding=\"async\" srcset=\"https:\/\/www.lichen.pl\/wp-content\/uploads\/2025\/06\/Pielgrzymka_Sybirakow-13-300x200.jpg 300w, https:\/\/www.lichen.pl\/wp-content\/uploads\/2025\/06\/Pielgrzymka_Sybirakow-13-1024x683.jpg 1024w, https:\/\/www.lichen.pl\/wp-content\/uploads\/2025\/06\/Pielgrzymka_Sybirakow-13-768x512.jpg 768w, https:\/\/www.lichen.pl\/wp-content\/uploads\/2025\/06\/Pielgrzymka_Sybirakow-13-1536x1024.jpg 1536w, https:\/\/www.lichen.pl\/wp-content\/uploads\/2025\/06\/Pielgrzymka_Sybirakow-13-2048x1365.jpg 2048w, https:\/\/www.lichen.pl\/wp-content\/uploads\/2025\/06\/Pielgrzymka_Sybirakow-13-18x12.jpg 18w, https:\/\/www.lichen.pl\/wp-content\/uploads\/2025\/06\/Pielgrzymka_Sybirakow-13-800x533.jpg 800w\" sizes=\"(max-width: 300px) 100vw, 300px\" \/><\/a>\n\t\t\t<\/div><\/figure><figure class='gallery-item'>\n\t\t\t<div class='gallery-icon landscape'>\n\t\t\t\t<a data-elementor-open-lightbox=\"yes\" data-elementor-lightbox-slideshow=\"e6f67c7\" data-elementor-lightbox-title=\"Pielgrzymka_Sybirakow (14)\" data-e-action-hash=\"#elementor-action%3Aaction%3Dlightbox%26settings%3DeyJpZCI6ODQ5MzEsInVybCI6Imh0dHBzOlwvXC93d3cubGljaGVuLnBsXC93cC1jb250ZW50XC91cGxvYWRzXC8yMDI1XC8wNlwvUGllbGdyenlta2FfU3liaXJha293LTE0LmpwZyIsInNsaWRlc2hvdyI6ImU2ZjY3YzcifQ%3D%3D\" href='https:\/\/www.lichen.pl\/wp-content\/uploads\/2025\/06\/Pielgrzymka_Sybirakow-14.jpg'><img loading=\"lazy\" width=\"300\" height=\"200\" src=\"https:\/\/www.lichen.pl\/wp-content\/uploads\/2025\/06\/Pielgrzymka_Sybirakow-14-300x200.jpg\" class=\"attachment-medium size-medium\" alt=\"\" decoding=\"async\" srcset=\"https:\/\/www.lichen.pl\/wp-content\/uploads\/2025\/06\/Pielgrzymka_Sybirakow-14-300x200.jpg 300w, https:\/\/www.lichen.pl\/wp-content\/uploads\/2025\/06\/Pielgrzymka_Sybirakow-14-1024x683.jpg 1024w, https:\/\/www.lichen.pl\/wp-content\/uploads\/2025\/06\/Pielgrzymka_Sybirakow-14-768x512.jpg 768w, https:\/\/www.lichen.pl\/wp-content\/uploads\/2025\/06\/Pielgrzymka_Sybirakow-14-1536x1024.jpg 1536w, https:\/\/www.lichen.pl\/wp-content\/uploads\/2025\/06\/Pielgrzymka_Sybirakow-14-2048x1365.jpg 2048w, https:\/\/www.lichen.pl\/wp-content\/uploads\/2025\/06\/Pielgrzymka_Sybirakow-14-18x12.jpg 18w, https:\/\/www.lichen.pl\/wp-content\/uploads\/2025\/06\/Pielgrzymka_Sybirakow-14-800x533.jpg 800w\" sizes=\"(max-width: 300px) 100vw, 300px\" \/><\/a>\n\t\t\t<\/div><\/figure><figure class='gallery-item'>\n\t\t\t<div class='gallery-icon landscape'>\n\t\t\t\t<a data-elementor-open-lightbox=\"yes\" data-elementor-lightbox-slideshow=\"e6f67c7\" data-elementor-lightbox-title=\"Pielgrzymka_Sybirakow (15)\" data-e-action-hash=\"#elementor-action%3Aaction%3Dlightbox%26settings%3DeyJpZCI6ODQ5MzIsInVybCI6Imh0dHBzOlwvXC93d3cubGljaGVuLnBsXC93cC1jb250ZW50XC91cGxvYWRzXC8yMDI1XC8wNlwvUGllbGdyenlta2FfU3liaXJha293LTE1LmpwZyIsInNsaWRlc2hvdyI6ImU2ZjY3YzcifQ%3D%3D\" href='https:\/\/www.lichen.pl\/wp-content\/uploads\/2025\/06\/Pielgrzymka_Sybirakow-15.jpg'><img loading=\"lazy\" width=\"300\" height=\"200\" src=\"https:\/\/www.lichen.pl\/wp-content\/uploads\/2025\/06\/Pielgrzymka_Sybirakow-15-300x200.jpg\" class=\"attachment-medium size-medium\" alt=\"\" decoding=\"async\" srcset=\"https:\/\/www.lichen.pl\/wp-content\/uploads\/2025\/06\/Pielgrzymka_Sybirakow-15-300x200.jpg 300w, https:\/\/www.lichen.pl\/wp-content\/uploads\/2025\/06\/Pielgrzymka_Sybirakow-15-1024x683.jpg 1024w, https:\/\/www.lichen.pl\/wp-content\/uploads\/2025\/06\/Pielgrzymka_Sybirakow-15-768x512.jpg 768w, https:\/\/www.lichen.pl\/wp-content\/uploads\/2025\/06\/Pielgrzymka_Sybirakow-15-1536x1024.jpg 1536w, https:\/\/www.lichen.pl\/wp-content\/uploads\/2025\/06\/Pielgrzymka_Sybirakow-15-2048x1365.jpg 2048w, https:\/\/www.lichen.pl\/wp-content\/uploads\/2025\/06\/Pielgrzymka_Sybirakow-15-18x12.jpg 18w, https:\/\/www.lichen.pl\/wp-content\/uploads\/2025\/06\/Pielgrzymka_Sybirakow-15-800x533.jpg 800w\" sizes=\"(max-width: 300px) 100vw, 300px\" \/><\/a>\n\t\t\t<\/div><\/figure><figure class='gallery-item'>\n\t\t\t<div class='gallery-icon landscape'>\n\t\t\t\t<a data-elementor-open-lightbox=\"yes\" data-elementor-lightbox-slideshow=\"e6f67c7\" data-elementor-lightbox-title=\"Pielgrzymka_Sybirakow (16)\" data-e-action-hash=\"#elementor-action%3Aaction%3Dlightbox%26settings%3DeyJpZCI6ODQ5MzMsInVybCI6Imh0dHBzOlwvXC93d3cubGljaGVuLnBsXC93cC1jb250ZW50XC91cGxvYWRzXC8yMDI1XC8wNlwvUGllbGdyenlta2FfU3liaXJha293LTE2LmpwZyIsInNsaWRlc2hvdyI6ImU2ZjY3YzcifQ%3D%3D\" href='https:\/\/www.lichen.pl\/wp-content\/uploads\/2025\/06\/Pielgrzymka_Sybirakow-16.jpg'><img loading=\"lazy\" width=\"300\" height=\"200\" src=\"https:\/\/www.lichen.pl\/wp-content\/uploads\/2025\/06\/Pielgrzymka_Sybirakow-16-300x200.jpg\" class=\"attachment-medium size-medium\" alt=\"\" decoding=\"async\" srcset=\"https:\/\/www.lichen.pl\/wp-content\/uploads\/2025\/06\/Pielgrzymka_Sybirakow-16-300x200.jpg 300w, https:\/\/www.lichen.pl\/wp-content\/uploads\/2025\/06\/Pielgrzymka_Sybirakow-16-1024x683.jpg 1024w, https:\/\/www.lichen.pl\/wp-content\/uploads\/2025\/06\/Pielgrzymka_Sybirakow-16-768x512.jpg 768w, https:\/\/www.lichen.pl\/wp-content\/uploads\/2025\/06\/Pielgrzymka_Sybirakow-16-1536x1024.jpg 1536w, https:\/\/www.lichen.pl\/wp-content\/uploads\/2025\/06\/Pielgrzymka_Sybirakow-16-2048x1365.jpg 2048w, https:\/\/www.lichen.pl\/wp-content\/uploads\/2025\/06\/Pielgrzymka_Sybirakow-16-18x12.jpg 18w, https:\/\/www.lichen.pl\/wp-content\/uploads\/2025\/06\/Pielgrzymka_Sybirakow-16-800x533.jpg 800w\" sizes=\"(max-width: 300px) 100vw, 300px\" \/><\/a>\n\t\t\t<\/div><\/figure><figure class='gallery-item'>\n\t\t\t<div class='gallery-icon landscape'>\n\t\t\t\t<a data-elementor-open-lightbox=\"yes\" data-elementor-lightbox-slideshow=\"e6f67c7\" data-elementor-lightbox-title=\"Pielgrzymka_Sybirakow (17)\" data-e-action-hash=\"#elementor-action%3Aaction%3Dlightbox%26settings%3DeyJpZCI6ODQ5MzQsInVybCI6Imh0dHBzOlwvXC93d3cubGljaGVuLnBsXC93cC1jb250ZW50XC91cGxvYWRzXC8yMDI1XC8wNlwvUGllbGdyenlta2FfU3liaXJha293LTE3LmpwZyIsInNsaWRlc2hvdyI6ImU2ZjY3YzcifQ%3D%3D\" href='https:\/\/www.lichen.pl\/wp-content\/uploads\/2025\/06\/Pielgrzymka_Sybirakow-17.jpg'><img loading=\"lazy\" width=\"300\" height=\"200\" src=\"https:\/\/www.lichen.pl\/wp-content\/uploads\/2025\/06\/Pielgrzymka_Sybirakow-17-300x200.jpg\" class=\"attachment-medium size-medium\" alt=\"\" decoding=\"async\" srcset=\"https:\/\/www.lichen.pl\/wp-content\/uploads\/2025\/06\/Pielgrzymka_Sybirakow-17-300x200.jpg 300w, https:\/\/www.lichen.pl\/wp-content\/uploads\/2025\/06\/Pielgrzymka_Sybirakow-17-1024x683.jpg 1024w, https:\/\/www.lichen.pl\/wp-content\/uploads\/2025\/06\/Pielgrzymka_Sybirakow-17-768x512.jpg 768w, https:\/\/www.lichen.pl\/wp-content\/uploads\/2025\/06\/Pielgrzymka_Sybirakow-17-1536x1024.jpg 1536w, https:\/\/www.lichen.pl\/wp-content\/uploads\/2025\/06\/Pielgrzymka_Sybirakow-17-2048x1365.jpg 2048w, https:\/\/www.lichen.pl\/wp-content\/uploads\/2025\/06\/Pielgrzymka_Sybirakow-17-18x12.jpg 18w, https:\/\/www.lichen.pl\/wp-content\/uploads\/2025\/06\/Pielgrzymka_Sybirakow-17-800x533.jpg 800w\" sizes=\"(max-width: 300px) 100vw, 300px\" \/><\/a>\n\t\t\t<\/div><\/figure><figure class='gallery-item'>\n\t\t\t<div class='gallery-icon landscape'>\n\t\t\t\t<a data-elementor-open-lightbox=\"yes\" data-elementor-lightbox-slideshow=\"e6f67c7\" data-elementor-lightbox-title=\"Pielgrzymka_Sybirakow (18)\" data-e-action-hash=\"#elementor-action%3Aaction%3Dlightbox%26settings%3DeyJpZCI6ODQ5MzUsInVybCI6Imh0dHBzOlwvXC93d3cubGljaGVuLnBsXC93cC1jb250ZW50XC91cGxvYWRzXC8yMDI1XC8wNlwvUGllbGdyenlta2FfU3liaXJha293LTE4LmpwZyIsInNsaWRlc2hvdyI6ImU2ZjY3YzcifQ%3D%3D\" href='https:\/\/www.lichen.pl\/wp-content\/uploads\/2025\/06\/Pielgrzymka_Sybirakow-18.jpg'><img loading=\"lazy\" width=\"300\" height=\"200\" src=\"https:\/\/www.lichen.pl\/wp-content\/uploads\/2025\/06\/Pielgrzymka_Sybirakow-18-300x200.jpg\" class=\"attachment-medium size-medium\" alt=\"\" decoding=\"async\" srcset=\"https:\/\/www.lichen.pl\/wp-content\/uploads\/2025\/06\/Pielgrzymka_Sybirakow-18-300x200.jpg 300w, https:\/\/www.lichen.pl\/wp-content\/uploads\/2025\/06\/Pielgrzymka_Sybirakow-18-1024x683.jpg 1024w, https:\/\/www.lichen.pl\/wp-content\/uploads\/2025\/06\/Pielgrzymka_Sybirakow-18-768x512.jpg 768w, https:\/\/www.lichen.pl\/wp-content\/uploads\/2025\/06\/Pielgrzymka_Sybirakow-18-1536x1024.jpg 1536w, https:\/\/www.lichen.pl\/wp-content\/uploads\/2025\/06\/Pielgrzymka_Sybirakow-18-2048x1365.jpg 2048w, https:\/\/www.lichen.pl\/wp-content\/uploads\/2025\/06\/Pielgrzymka_Sybirakow-18-18x12.jpg 18w, https:\/\/www.lichen.pl\/wp-content\/uploads\/2025\/06\/Pielgrzymka_Sybirakow-18-800x533.jpg 800w\" sizes=\"(max-width: 300px) 100vw, 300px\" \/><\/a>\n\t\t\t<\/div><\/figure><figure class='gallery-item'>\n\t\t\t<div class='gallery-icon landscape'>\n\t\t\t\t<a data-elementor-open-lightbox=\"yes\" data-elementor-lightbox-slideshow=\"e6f67c7\" data-elementor-lightbox-title=\"Pielgrzymka_Sybirakow (19)\" data-e-action-hash=\"#elementor-action%3Aaction%3Dlightbox%26settings%3DeyJpZCI6ODQ5MzYsInVybCI6Imh0dHBzOlwvXC93d3cubGljaGVuLnBsXC93cC1jb250ZW50XC91cGxvYWRzXC8yMDI1XC8wNlwvUGllbGdyenlta2FfU3liaXJha293LTE5LmpwZyIsInNsaWRlc2hvdyI6ImU2ZjY3YzcifQ%3D%3D\" href='https:\/\/www.lichen.pl\/wp-content\/uploads\/2025\/06\/Pielgrzymka_Sybirakow-19.jpg'><img loading=\"lazy\" width=\"300\" height=\"200\" src=\"https:\/\/www.lichen.pl\/wp-content\/uploads\/2025\/06\/Pielgrzymka_Sybirakow-19-300x200.jpg\" class=\"attachment-medium size-medium\" alt=\"\" decoding=\"async\" srcset=\"https:\/\/www.lichen.pl\/wp-content\/uploads\/2025\/06\/Pielgrzymka_Sybirakow-19-300x200.jpg 300w, https:\/\/www.lichen.pl\/wp-content\/uploads\/2025\/06\/Pielgrzymka_Sybirakow-19-1024x683.jpg 1024w, https:\/\/www.lichen.pl\/wp-content\/uploads\/2025\/06\/Pielgrzymka_Sybirakow-19-768x512.jpg 768w, https:\/\/www.lichen.pl\/wp-content\/uploads\/2025\/06\/Pielgrzymka_Sybirakow-19-1536x1024.jpg 1536w, https:\/\/www.lichen.pl\/wp-content\/uploads\/2025\/06\/Pielgrzymka_Sybirakow-19-2048x1365.jpg 2048w, https:\/\/www.lichen.pl\/wp-content\/uploads\/2025\/06\/Pielgrzymka_Sybirakow-19-18x12.jpg 18w, https:\/\/www.lichen.pl\/wp-content\/uploads\/2025\/06\/Pielgrzymka_Sybirakow-19-800x533.jpg 800w\" sizes=\"(max-width: 300px) 100vw, 300px\" \/><\/a>\n\t\t\t<\/div><\/figure><figure class='gallery-item'>\n\t\t\t<div class='gallery-icon landscape'>\n\t\t\t\t<a data-elementor-open-lightbox=\"yes\" data-elementor-lightbox-slideshow=\"e6f67c7\" data-elementor-lightbox-title=\"Pielgrzymka_Sybirakow (20)\" data-e-action-hash=\"#elementor-action%3Aaction%3Dlightbox%26settings%3DeyJpZCI6ODQ5MzcsInVybCI6Imh0dHBzOlwvXC93d3cubGljaGVuLnBsXC93cC1jb250ZW50XC91cGxvYWRzXC8yMDI1XC8wNlwvUGllbGdyenlta2FfU3liaXJha293LTIwLmpwZyIsInNsaWRlc2hvdyI6ImU2ZjY3YzcifQ%3D%3D\" href='https:\/\/www.lichen.pl\/wp-content\/uploads\/2025\/06\/Pielgrzymka_Sybirakow-20.jpg'><img loading=\"lazy\" width=\"300\" height=\"200\" src=\"https:\/\/www.lichen.pl\/wp-content\/uploads\/2025\/06\/Pielgrzymka_Sybirakow-20-300x200.jpg\" class=\"attachment-medium size-medium\" alt=\"\" decoding=\"async\" srcset=\"https:\/\/www.lichen.pl\/wp-content\/uploads\/2025\/06\/Pielgrzymka_Sybirakow-20-300x200.jpg 300w, https:\/\/www.lichen.pl\/wp-content\/uploads\/2025\/06\/Pielgrzymka_Sybirakow-20-1024x683.jpg 1024w, https:\/\/www.lichen.pl\/wp-content\/uploads\/2025\/06\/Pielgrzymka_Sybirakow-20-768x512.jpg 768w, https:\/\/www.lichen.pl\/wp-content\/uploads\/2025\/06\/Pielgrzymka_Sybirakow-20-1536x1024.jpg 1536w, https:\/\/www.lichen.pl\/wp-content\/uploads\/2025\/06\/Pielgrzymka_Sybirakow-20-2048x1365.jpg 2048w, https:\/\/www.lichen.pl\/wp-content\/uploads\/2025\/06\/Pielgrzymka_Sybirakow-20-18x12.jpg 18w, https:\/\/www.lichen.pl\/wp-content\/uploads\/2025\/06\/Pielgrzymka_Sybirakow-20-800x533.jpg 800w, https:\/\/www.lichen.pl\/wp-content\/uploads\/2025\/06\/Pielgrzymka_Sybirakow-20.jpg 1920w\" sizes=\"(max-width: 300px) 100vw, 300px\" \/><\/a>\n\t\t\t<\/div><\/figure><figure class='gallery-item'>\n\t\t\t<div class='gallery-icon landscape'>\n\t\t\t\t<a data-elementor-open-lightbox=\"yes\" data-elementor-lightbox-slideshow=\"e6f67c7\" data-elementor-lightbox-title=\"Pielgrzymka_Sybirakow (21)\" data-e-action-hash=\"#elementor-action%3Aaction%3Dlightbox%26settings%3DeyJpZCI6ODQ5MzgsInVybCI6Imh0dHBzOlwvXC93d3cubGljaGVuLnBsXC93cC1jb250ZW50XC91cGxvYWRzXC8yMDI1XC8wNlwvUGllbGdyenlta2FfU3liaXJha293LTIxLmpwZyIsInNsaWRlc2hvdyI6ImU2ZjY3YzcifQ%3D%3D\" href='https:\/\/www.lichen.pl\/wp-content\/uploads\/2025\/06\/Pielgrzymka_Sybirakow-21.jpg'><img loading=\"lazy\" width=\"300\" height=\"200\" src=\"https:\/\/www.lichen.pl\/wp-content\/uploads\/2025\/06\/Pielgrzymka_Sybirakow-21-300x200.jpg\" class=\"attachment-medium size-medium\" alt=\"\" decoding=\"async\" srcset=\"https:\/\/www.lichen.pl\/wp-content\/uploads\/2025\/06\/Pielgrzymka_Sybirakow-21-300x200.jpg 300w, https:\/\/www.lichen.pl\/wp-content\/uploads\/2025\/06\/Pielgrzymka_Sybirakow-21-1024x683.jpg 1024w, https:\/\/www.lichen.pl\/wp-content\/uploads\/2025\/06\/Pielgrzymka_Sybirakow-21-768x512.jpg 768w, https:\/\/www.lichen.pl\/wp-content\/uploads\/2025\/06\/Pielgrzymka_Sybirakow-21-1536x1024.jpg 1536w, https:\/\/www.lichen.pl\/wp-content\/uploads\/2025\/06\/Pielgrzymka_Sybirakow-21-2048x1365.jpg 2048w, https:\/\/www.lichen.pl\/wp-content\/uploads\/2025\/06\/Pielgrzymka_Sybirakow-21-18x12.jpg 18w, https:\/\/www.lichen.pl\/wp-content\/uploads\/2025\/06\/Pielgrzymka_Sybirakow-21-800x533.jpg 800w, https:\/\/www.lichen.pl\/wp-content\/uploads\/2025\/06\/Pielgrzymka_Sybirakow-21.jpg 1920w\" sizes=\"(max-width: 300px) 100vw, 300px\" \/><\/a>\n\t\t\t<\/div><\/figure><figure class='gallery-item'>\n\t\t\t<div class='gallery-icon landscape'>\n\t\t\t\t<a data-elementor-open-lightbox=\"yes\" data-elementor-lightbox-slideshow=\"e6f67c7\" data-elementor-lightbox-title=\"Pielgrzymka_Sybirakow (22)\" data-e-action-hash=\"#elementor-action%3Aaction%3Dlightbox%26settings%3DeyJpZCI6ODQ5MzksInVybCI6Imh0dHBzOlwvXC93d3cubGljaGVuLnBsXC93cC1jb250ZW50XC91cGxvYWRzXC8yMDI1XC8wNlwvUGllbGdyenlta2FfU3liaXJha293LTIyLmpwZyIsInNsaWRlc2hvdyI6ImU2ZjY3YzcifQ%3D%3D\" href='https:\/\/www.lichen.pl\/wp-content\/uploads\/2025\/06\/Pielgrzymka_Sybirakow-22.jpg'><img loading=\"lazy\" width=\"300\" height=\"200\" src=\"https:\/\/www.lichen.pl\/wp-content\/uploads\/2025\/06\/Pielgrzymka_Sybirakow-22-300x200.jpg\" class=\"attachment-medium size-medium\" alt=\"\" decoding=\"async\" srcset=\"https:\/\/www.lichen.pl\/wp-content\/uploads\/2025\/06\/Pielgrzymka_Sybirakow-22-300x200.jpg 300w, https:\/\/www.lichen.pl\/wp-content\/uploads\/2025\/06\/Pielgrzymka_Sybirakow-22-1024x683.jpg 1024w, https:\/\/www.lichen.pl\/wp-content\/uploads\/2025\/06\/Pielgrzymka_Sybirakow-22-768x512.jpg 768w, https:\/\/www.lichen.pl\/wp-content\/uploads\/2025\/06\/Pielgrzymka_Sybirakow-22-1536x1024.jpg 1536w, https:\/\/www.lichen.pl\/wp-content\/uploads\/2025\/06\/Pielgrzymka_Sybirakow-22-2048x1365.jpg 2048w, https:\/\/www.lichen.pl\/wp-content\/uploads\/2025\/06\/Pielgrzymka_Sybirakow-22-18x12.jpg 18w, https:\/\/www.lichen.pl\/wp-content\/uploads\/2025\/06\/Pielgrzymka_Sybirakow-22-800x533.jpg 800w, https:\/\/www.lichen.pl\/wp-content\/uploads\/2025\/06\/Pielgrzymka_Sybirakow-22.jpg 1920w\" sizes=\"(max-width: 300px) 100vw, 300px\" \/><\/a>\n\t\t\t<\/div><\/figure><figure class='gallery-item'>\n\t\t\t<div class='gallery-icon landscape'>\n\t\t\t\t<a data-elementor-open-lightbox=\"yes\" data-elementor-lightbox-slideshow=\"e6f67c7\" data-elementor-lightbox-title=\"Pielgrzymka_Sybirakow (23)\" data-e-action-hash=\"#elementor-action%3Aaction%3Dlightbox%26settings%3DeyJpZCI6ODQ5NDAsInVybCI6Imh0dHBzOlwvXC93d3cubGljaGVuLnBsXC93cC1jb250ZW50XC91cGxvYWRzXC8yMDI1XC8wNlwvUGllbGdyenlta2FfU3liaXJha293LTIzLmpwZyIsInNsaWRlc2hvdyI6ImU2ZjY3YzcifQ%3D%3D\" href='https:\/\/www.lichen.pl\/wp-content\/uploads\/2025\/06\/Pielgrzymka_Sybirakow-23.jpg'><img loading=\"lazy\" width=\"300\" height=\"200\" src=\"https:\/\/www.lichen.pl\/wp-content\/uploads\/2025\/06\/Pielgrzymka_Sybirakow-23-300x200.jpg\" class=\"attachment-medium size-medium\" alt=\"\" decoding=\"async\" srcset=\"https:\/\/www.lichen.pl\/wp-content\/uploads\/2025\/06\/Pielgrzymka_Sybirakow-23-300x200.jpg 300w, https:\/\/www.lichen.pl\/wp-content\/uploads\/2025\/06\/Pielgrzymka_Sybirakow-23-1024x683.jpg 1024w, https:\/\/www.lichen.pl\/wp-content\/uploads\/2025\/06\/Pielgrzymka_Sybirakow-23-768x512.jpg 768w, https:\/\/www.lichen.pl\/wp-content\/uploads\/2025\/06\/Pielgrzymka_Sybirakow-23-1536x1024.jpg 1536w, https:\/\/www.lichen.pl\/wp-content\/uploads\/2025\/06\/Pielgrzymka_Sybirakow-23-2048x1365.jpg 2048w, https:\/\/www.lichen.pl\/wp-content\/uploads\/2025\/06\/Pielgrzymka_Sybirakow-23-18x12.jpg 18w, https:\/\/www.lichen.pl\/wp-content\/uploads\/2025\/06\/Pielgrzymka_Sybirakow-23-800x533.jpg 800w\" sizes=\"(max-width: 300px) 100vw, 300px\" \/><\/a>\n\t\t\t<\/div><\/figure><figure class='gallery-item'>\n\t\t\t<div class='gallery-icon landscape'>\n\t\t\t\t<a data-elementor-open-lightbox=\"yes\" data-elementor-lightbox-slideshow=\"e6f67c7\" data-elementor-lightbox-title=\"Pielgrzymka_Sybirakow (24)\" data-e-action-hash=\"#elementor-action%3Aaction%3Dlightbox%26settings%3DeyJpZCI6ODQ5NDEsInVybCI6Imh0dHBzOlwvXC93d3cubGljaGVuLnBsXC93cC1jb250ZW50XC91cGxvYWRzXC8yMDI1XC8wNlwvUGllbGdyenlta2FfU3liaXJha293LTI0LmpwZyIsInNsaWRlc2hvdyI6ImU2ZjY3YzcifQ%3D%3D\" href='https:\/\/www.lichen.pl\/wp-content\/uploads\/2025\/06\/Pielgrzymka_Sybirakow-24.jpg'><img loading=\"lazy\" width=\"300\" height=\"200\" src=\"https:\/\/www.lichen.pl\/wp-content\/uploads\/2025\/06\/Pielgrzymka_Sybirakow-24-300x200.jpg\" class=\"attachment-medium size-medium\" alt=\"\" decoding=\"async\" srcset=\"https:\/\/www.lichen.pl\/wp-content\/uploads\/2025\/06\/Pielgrzymka_Sybirakow-24-300x200.jpg 300w, https:\/\/www.lichen.pl\/wp-content\/uploads\/2025\/06\/Pielgrzymka_Sybirakow-24-1024x683.jpg 1024w, https:\/\/www.lichen.pl\/wp-content\/uploads\/2025\/06\/Pielgrzymka_Sybirakow-24-768x512.jpg 768w, https:\/\/www.lichen.pl\/wp-content\/uploads\/2025\/06\/Pielgrzymka_Sybirakow-24-1536x1024.jpg 1536w, https:\/\/www.lichen.pl\/wp-content\/uploads\/2025\/06\/Pielgrzymka_Sybirakow-24-2048x1365.jpg 2048w, https:\/\/www.lichen.pl\/wp-content\/uploads\/2025\/06\/Pielgrzymka_Sybirakow-24-18x12.jpg 18w, https:\/\/www.lichen.pl\/wp-content\/uploads\/2025\/06\/Pielgrzymka_Sybirakow-24-800x533.jpg 800w\" sizes=\"(max-width: 300px) 100vw, 300px\" \/><\/a>\n\t\t\t<\/div><\/figure><figure class='gallery-item'>\n\t\t\t<div class='gallery-icon landscape'>\n\t\t\t\t<a data-elementor-open-lightbox=\"yes\" data-elementor-lightbox-slideshow=\"e6f67c7\" data-elementor-lightbox-title=\"Pielgrzymka_Sybirakow (25)\" data-e-action-hash=\"#elementor-action%3Aaction%3Dlightbox%26settings%3DeyJpZCI6ODQ5NDIsInVybCI6Imh0dHBzOlwvXC93d3cubGljaGVuLnBsXC93cC1jb250ZW50XC91cGxvYWRzXC8yMDI1XC8wNlwvUGllbGdyenlta2FfU3liaXJha293LTI1LmpwZyIsInNsaWRlc2hvdyI6ImU2ZjY3YzcifQ%3D%3D\" href='https:\/\/www.lichen.pl\/wp-content\/uploads\/2025\/06\/Pielgrzymka_Sybirakow-25.jpg'><img loading=\"lazy\" width=\"300\" height=\"200\" src=\"https:\/\/www.lichen.pl\/wp-content\/uploads\/2025\/06\/Pielgrzymka_Sybirakow-25-300x200.jpg\" class=\"attachment-medium size-medium\" alt=\"\" decoding=\"async\" srcset=\"https:\/\/www.lichen.pl\/wp-content\/uploads\/2025\/06\/Pielgrzymka_Sybirakow-25-300x200.jpg 300w, https:\/\/www.lichen.pl\/wp-content\/uploads\/2025\/06\/Pielgrzymka_Sybirakow-25-1024x683.jpg 1024w, https:\/\/www.lichen.pl\/wp-content\/uploads\/2025\/06\/Pielgrzymka_Sybirakow-25-768x512.jpg 768w, https:\/\/www.lichen.pl\/wp-content\/uploads\/2025\/06\/Pielgrzymka_Sybirakow-25-1536x1024.jpg 1536w, https:\/\/www.lichen.pl\/wp-content\/uploads\/2025\/06\/Pielgrzymka_Sybirakow-25-2048x1365.jpg 2048w, https:\/\/www.lichen.pl\/wp-content\/uploads\/2025\/06\/Pielgrzymka_Sybirakow-25-18x12.jpg 18w, https:\/\/www.lichen.pl\/wp-content\/uploads\/2025\/06\/Pielgrzymka_Sybirakow-25-800x533.jpg 800w\" sizes=\"(max-width: 300px) 100vw, 300px\" \/><\/a>\n\t\t\t<\/div><\/figure><figure class='gallery-item'>\n\t\t\t<div class='gallery-icon landscape'>\n\t\t\t\t<a data-elementor-open-lightbox=\"yes\" data-elementor-lightbox-slideshow=\"e6f67c7\" data-elementor-lightbox-title=\"Pielgrzymka_Sybirakow (26)\" data-e-action-hash=\"#elementor-action%3Aaction%3Dlightbox%26settings%3DeyJpZCI6ODQ5NDMsInVybCI6Imh0dHBzOlwvXC93d3cubGljaGVuLnBsXC93cC1jb250ZW50XC91cGxvYWRzXC8yMDI1XC8wNlwvUGllbGdyenlta2FfU3liaXJha293LTI2LmpwZyIsInNsaWRlc2hvdyI6ImU2ZjY3YzcifQ%3D%3D\" href='https:\/\/www.lichen.pl\/wp-content\/uploads\/2025\/06\/Pielgrzymka_Sybirakow-26.jpg'><img loading=\"lazy\" width=\"300\" height=\"200\" src=\"https:\/\/www.lichen.pl\/wp-content\/uploads\/2025\/06\/Pielgrzymka_Sybirakow-26-300x200.jpg\" class=\"attachment-medium size-medium\" alt=\"\" decoding=\"async\" srcset=\"https:\/\/www.lichen.pl\/wp-content\/uploads\/2025\/06\/Pielgrzymka_Sybirakow-26-300x200.jpg 300w, https:\/\/www.lichen.pl\/wp-content\/uploads\/2025\/06\/Pielgrzymka_Sybirakow-26-1024x683.jpg 1024w, https:\/\/www.lichen.pl\/wp-content\/uploads\/2025\/06\/Pielgrzymka_Sybirakow-26-768x512.jpg 768w, https:\/\/www.lichen.pl\/wp-content\/uploads\/2025\/06\/Pielgrzymka_Sybirakow-26-1536x1024.jpg 1536w, https:\/\/www.lichen.pl\/wp-content\/uploads\/2025\/06\/Pielgrzymka_Sybirakow-26-2048x1365.jpg 2048w, https:\/\/www.lichen.pl\/wp-content\/uploads\/2025\/06\/Pielgrzymka_Sybirakow-26-18x12.jpg 18w, https:\/\/www.lichen.pl\/wp-content\/uploads\/2025\/06\/Pielgrzymka_Sybirakow-26-800x533.jpg 800w\" sizes=\"(max-width: 300px) 100vw, 300px\" \/><\/a>\n\t\t\t<\/div><\/figure><figure class='gallery-item'>\n\t\t\t<div class='gallery-icon landscape'>\n\t\t\t\t<a data-elementor-open-lightbox=\"yes\" data-elementor-lightbox-slideshow=\"e6f67c7\" data-elementor-lightbox-title=\"Pielgrzymka_Sybirakow (27)\" data-e-action-hash=\"#elementor-action%3Aaction%3Dlightbox%26settings%3DeyJpZCI6ODQ5NDQsInVybCI6Imh0dHBzOlwvXC93d3cubGljaGVuLnBsXC93cC1jb250ZW50XC91cGxvYWRzXC8yMDI1XC8wNlwvUGllbGdyenlta2FfU3liaXJha293LTI3LmpwZyIsInNsaWRlc2hvdyI6ImU2ZjY3YzcifQ%3D%3D\" href='https:\/\/www.lichen.pl\/wp-content\/uploads\/2025\/06\/Pielgrzymka_Sybirakow-27.jpg'><img loading=\"lazy\" width=\"300\" height=\"200\" src=\"https:\/\/www.lichen.pl\/wp-content\/uploads\/2025\/06\/Pielgrzymka_Sybirakow-27-300x200.jpg\" class=\"attachment-medium size-medium\" alt=\"\" decoding=\"async\" srcset=\"https:\/\/www.lichen.pl\/wp-content\/uploads\/2025\/06\/Pielgrzymka_Sybirakow-27-300x200.jpg 300w, https:\/\/www.lichen.pl\/wp-content\/uploads\/2025\/06\/Pielgrzymka_Sybirakow-27-1024x683.jpg 1024w, https:\/\/www.lichen.pl\/wp-content\/uploads\/2025\/06\/Pielgrzymka_Sybirakow-27-768x512.jpg 768w, https:\/\/www.lichen.pl\/wp-content\/uploads\/2025\/06\/Pielgrzymka_Sybirakow-27-1536x1024.jpg 1536w, https:\/\/www.lichen.pl\/wp-content\/uploads\/2025\/06\/Pielgrzymka_Sybirakow-27-2048x1365.jpg 2048w, https:\/\/www.lichen.pl\/wp-content\/uploads\/2025\/06\/Pielgrzymka_Sybirakow-27-18x12.jpg 18w, https:\/\/www.lichen.pl\/wp-content\/uploads\/2025\/06\/Pielgrzymka_Sybirakow-27-800x533.jpg 800w\" sizes=\"(max-width: 300px) 100vw, 300px\" \/><\/a>\n\t\t\t<\/div><\/figure><figure class='gallery-item'>\n\t\t\t<div class='gallery-icon landscape'>\n\t\t\t\t<a data-elementor-open-lightbox=\"yes\" data-elementor-lightbox-slideshow=\"e6f67c7\" data-elementor-lightbox-title=\"Pielgrzymka_Sybirakow (28)\" data-e-action-hash=\"#elementor-action%3Aaction%3Dlightbox%26settings%3DeyJpZCI6ODQ5NDUsInVybCI6Imh0dHBzOlwvXC93d3cubGljaGVuLnBsXC93cC1jb250ZW50XC91cGxvYWRzXC8yMDI1XC8wNlwvUGllbGdyenlta2FfU3liaXJha293LTI4LmpwZyIsInNsaWRlc2hvdyI6ImU2ZjY3YzcifQ%3D%3D\" href='https:\/\/www.lichen.pl\/wp-content\/uploads\/2025\/06\/Pielgrzymka_Sybirakow-28.jpg'><img loading=\"lazy\" width=\"300\" height=\"200\" src=\"https:\/\/www.lichen.pl\/wp-content\/uploads\/2025\/06\/Pielgrzymka_Sybirakow-28-300x200.jpg\" class=\"attachment-medium size-medium\" alt=\"\" decoding=\"async\" srcset=\"https:\/\/www.lichen.pl\/wp-content\/uploads\/2025\/06\/Pielgrzymka_Sybirakow-28-300x200.jpg 300w, https:\/\/www.lichen.pl\/wp-content\/uploads\/2025\/06\/Pielgrzymka_Sybirakow-28-1024x683.jpg 1024w, https:\/\/www.lichen.pl\/wp-content\/uploads\/2025\/06\/Pielgrzymka_Sybirakow-28-768x512.jpg 768w, https:\/\/www.lichen.pl\/wp-content\/uploads\/2025\/06\/Pielgrzymka_Sybirakow-28-1536x1024.jpg 1536w, https:\/\/www.lichen.pl\/wp-content\/uploads\/2025\/06\/Pielgrzymka_Sybirakow-28-2048x1365.jpg 2048w, https:\/\/www.lichen.pl\/wp-content\/uploads\/2025\/06\/Pielgrzymka_Sybirakow-28-18x12.jpg 18w, https:\/\/www.lichen.pl\/wp-content\/uploads\/2025\/06\/Pielgrzymka_Sybirakow-28-800x533.jpg 800w\" sizes=\"(max-width: 300px) 100vw, 300px\" \/><\/a>\n\t\t\t<\/div><\/figure><figure class='gallery-item'>\n\t\t\t<div class='gallery-icon landscape'>\n\t\t\t\t<a data-elementor-open-lightbox=\"yes\" data-elementor-lightbox-slideshow=\"e6f67c7\" data-elementor-lightbox-title=\"Pielgrzymka_Sybirakow (29)\" data-e-action-hash=\"#elementor-action%3Aaction%3Dlightbox%26settings%3DeyJpZCI6ODQ5NDYsInVybCI6Imh0dHBzOlwvXC93d3cubGljaGVuLnBsXC93cC1jb250ZW50XC91cGxvYWRzXC8yMDI1XC8wNlwvUGllbGdyenlta2FfU3liaXJha293LTI5LmpwZyIsInNsaWRlc2hvdyI6ImU2ZjY3YzcifQ%3D%3D\" href='https:\/\/www.lichen.pl\/wp-content\/uploads\/2025\/06\/Pielgrzymka_Sybirakow-29.jpg'><img loading=\"lazy\" width=\"300\" height=\"200\" src=\"https:\/\/www.lichen.pl\/wp-content\/uploads\/2025\/06\/Pielgrzymka_Sybirakow-29-300x200.jpg\" class=\"attachment-medium size-medium\" alt=\"\" decoding=\"async\" srcset=\"https:\/\/www.lichen.pl\/wp-content\/uploads\/2025\/06\/Pielgrzymka_Sybirakow-29-300x200.jpg 300w, https:\/\/www.lichen.pl\/wp-content\/uploads\/2025\/06\/Pielgrzymka_Sybirakow-29-1024x683.jpg 1024w, https:\/\/www.lichen.pl\/wp-content\/uploads\/2025\/06\/Pielgrzymka_Sybirakow-29-768x512.jpg 768w, https:\/\/www.lichen.pl\/wp-content\/uploads\/2025\/06\/Pielgrzymka_Sybirakow-29-1536x1024.jpg 1536w, https:\/\/www.lichen.pl\/wp-content\/uploads\/2025\/06\/Pielgrzymka_Sybirakow-29-2048x1365.jpg 2048w, https:\/\/www.lichen.pl\/wp-content\/uploads\/2025\/06\/Pielgrzymka_Sybirakow-29-18x12.jpg 18w, https:\/\/www.lichen.pl\/wp-content\/uploads\/2025\/06\/Pielgrzymka_Sybirakow-29-800x533.jpg 800w\" sizes=\"(max-width: 300px) 100vw, 300px\" \/><\/a>\n\t\t\t<\/div><\/figure><figure class='gallery-item'>\n\t\t\t<div class='gallery-icon landscape'>\n\t\t\t\t<a data-elementor-open-lightbox=\"yes\" data-elementor-lightbox-slideshow=\"e6f67c7\" data-elementor-lightbox-title=\"Pielgrzymka_Sybirakow (30)\" data-e-action-hash=\"#elementor-action%3Aaction%3Dlightbox%26settings%3DeyJpZCI6ODQ5NDcsInVybCI6Imh0dHBzOlwvXC93d3cubGljaGVuLnBsXC93cC1jb250ZW50XC91cGxvYWRzXC8yMDI1XC8wNlwvUGllbGdyenlta2FfU3liaXJha293LTMwLmpwZyIsInNsaWRlc2hvdyI6ImU2ZjY3YzcifQ%3D%3D\" href='https:\/\/www.lichen.pl\/wp-content\/uploads\/2025\/06\/Pielgrzymka_Sybirakow-30.jpg'><img loading=\"lazy\" width=\"300\" height=\"200\" src=\"https:\/\/www.lichen.pl\/wp-content\/uploads\/2025\/06\/Pielgrzymka_Sybirakow-30-300x200.jpg\" class=\"attachment-medium size-medium\" alt=\"\" decoding=\"async\" srcset=\"https:\/\/www.lichen.pl\/wp-content\/uploads\/2025\/06\/Pielgrzymka_Sybirakow-30-300x200.jpg 300w, https:\/\/www.lichen.pl\/wp-content\/uploads\/2025\/06\/Pielgrzymka_Sybirakow-30-1024x683.jpg 1024w, https:\/\/www.lichen.pl\/wp-content\/uploads\/2025\/06\/Pielgrzymka_Sybirakow-30-768x512.jpg 768w, https:\/\/www.lichen.pl\/wp-content\/uploads\/2025\/06\/Pielgrzymka_Sybirakow-30-1536x1024.jpg 1536w, https:\/\/www.lichen.pl\/wp-content\/uploads\/2025\/06\/Pielgrzymka_Sybirakow-30-2048x1365.jpg 2048w, https:\/\/www.lichen.pl\/wp-content\/uploads\/2025\/06\/Pielgrzymka_Sybirakow-30-18x12.jpg 18w, https:\/\/www.lichen.pl\/wp-content\/uploads\/2025\/06\/Pielgrzymka_Sybirakow-30-800x533.jpg 800w, https:\/\/www.lichen.pl\/wp-content\/uploads\/2025\/06\/Pielgrzymka_Sybirakow-30.jpg 1920w\" sizes=\"(max-width: 300px) 100vw, 300px\" \/><\/a>\n\t\t\t<\/div><\/figure><figure class='gallery-item'>\n\t\t\t<div class='gallery-icon landscape'>\n\t\t\t\t<a data-elementor-open-lightbox=\"yes\" data-elementor-lightbox-slideshow=\"e6f67c7\" data-elementor-lightbox-title=\"Pielgrzymka_Sybirakow (31)\" data-e-action-hash=\"#elementor-action%3Aaction%3Dlightbox%26settings%3DeyJpZCI6ODQ5NDgsInVybCI6Imh0dHBzOlwvXC93d3cubGljaGVuLnBsXC93cC1jb250ZW50XC91cGxvYWRzXC8yMDI1XC8wNlwvUGllbGdyenlta2FfU3liaXJha293LTMxLmpwZyIsInNsaWRlc2hvdyI6ImU2ZjY3YzcifQ%3D%3D\" href='https:\/\/www.lichen.pl\/wp-content\/uploads\/2025\/06\/Pielgrzymka_Sybirakow-31.jpg'><img loading=\"lazy\" width=\"300\" height=\"200\" src=\"https:\/\/www.lichen.pl\/wp-content\/uploads\/2025\/06\/Pielgrzymka_Sybirakow-31-300x200.jpg\" class=\"attachment-medium size-medium\" alt=\"\" decoding=\"async\" srcset=\"https:\/\/www.lichen.pl\/wp-content\/uploads\/2025\/06\/Pielgrzymka_Sybirakow-31-300x200.jpg 300w, https:\/\/www.lichen.pl\/wp-content\/uploads\/2025\/06\/Pielgrzymka_Sybirakow-31-1024x683.jpg 1024w, https:\/\/www.lichen.pl\/wp-content\/uploads\/2025\/06\/Pielgrzymka_Sybirakow-31-768x512.jpg 768w, https:\/\/www.lichen.pl\/wp-content\/uploads\/2025\/06\/Pielgrzymka_Sybirakow-31-1536x1024.jpg 1536w, https:\/\/www.lichen.pl\/wp-content\/uploads\/2025\/06\/Pielgrzymka_Sybirakow-31-2048x1365.jpg 2048w, https:\/\/www.lichen.pl\/wp-content\/uploads\/2025\/06\/Pielgrzymka_Sybirakow-31-18x12.jpg 18w, https:\/\/www.lichen.pl\/wp-content\/uploads\/2025\/06\/Pielgrzymka_Sybirakow-31-800x533.jpg 800w, https:\/\/www.lichen.pl\/wp-content\/uploads\/2025\/06\/Pielgrzymka_Sybirakow-31.jpg 1920w\" sizes=\"(max-width: 300px) 100vw, 300px\" \/><\/a>\n\t\t\t<\/div><\/figure><figure class='gallery-item'>\n\t\t\t<div class='gallery-icon landscape'>\n\t\t\t\t<a data-elementor-open-lightbox=\"yes\" data-elementor-lightbox-slideshow=\"e6f67c7\" data-elementor-lightbox-title=\"Pielgrzymka_Sybirakow (32)\" data-e-action-hash=\"#elementor-action%3Aaction%3Dlightbox%26settings%3DeyJpZCI6ODQ5NDksInVybCI6Imh0dHBzOlwvXC93d3cubGljaGVuLnBsXC93cC1jb250ZW50XC91cGxvYWRzXC8yMDI1XC8wNlwvUGllbGdyenlta2FfU3liaXJha293LTMyLmpwZyIsInNsaWRlc2hvdyI6ImU2ZjY3YzcifQ%3D%3D\" href='https:\/\/www.lichen.pl\/wp-content\/uploads\/2025\/06\/Pielgrzymka_Sybirakow-32.jpg'><img loading=\"lazy\" width=\"300\" height=\"200\" src=\"https:\/\/www.lichen.pl\/wp-content\/uploads\/2025\/06\/Pielgrzymka_Sybirakow-32-300x200.jpg\" class=\"attachment-medium size-medium\" alt=\"\" decoding=\"async\" srcset=\"https:\/\/www.lichen.pl\/wp-content\/uploads\/2025\/06\/Pielgrzymka_Sybirakow-32-300x200.jpg 300w, https:\/\/www.lichen.pl\/wp-content\/uploads\/2025\/06\/Pielgrzymka_Sybirakow-32-1024x683.jpg 1024w, https:\/\/www.lichen.pl\/wp-content\/uploads\/2025\/06\/Pielgrzymka_Sybirakow-32-768x512.jpg 768w, https:\/\/www.lichen.pl\/wp-content\/uploads\/2025\/06\/Pielgrzymka_Sybirakow-32-1536x1024.jpg 1536w, https:\/\/www.lichen.pl\/wp-content\/uploads\/2025\/06\/Pielgrzymka_Sybirakow-32-2048x1365.jpg 2048w, https:\/\/www.lichen.pl\/wp-content\/uploads\/2025\/06\/Pielgrzymka_Sybirakow-32-18x12.jpg 18w, https:\/\/www.lichen.pl\/wp-content\/uploads\/2025\/06\/Pielgrzymka_Sybirakow-32-800x533.jpg 800w, https:\/\/www.lichen.pl\/wp-content\/uploads\/2025\/06\/Pielgrzymka_Sybirakow-32.jpg 1920w\" sizes=\"(max-width: 300px) 100vw, 300px\" \/><\/a>\n\t\t\t<\/div><\/figure>\n\t\t<\/div>\n\t\t<\/div>\n\t\t\t\t\t\t<\/div>\n\t\t\t\t<\/div>\n\t\t\t\t\t<\/div>\n\t\t<\/div>\n\t\t\t\t\t<\/div>\n\t\t<\/section>\n\t\t\t\t<\/div>","protected":false},"excerpt":{"rendered":"<p>W dniach 11\u201312 czerwca do sanktuarium Matki Bo\u017cej Liche\u0144skiej przyby\u0142a XX Og\u00f3lnopolska\u00a0Pielgrzymka Sybirak\u00f3w, zorganizowana przez ks. Zdzis\u0142awa Banasia \u2013 Krajowego Duszpasterza\u00a0Sybirak\u00f3w. Wzi\u0119li w nim udzia\u0142 dawni zes\u0142a\u0144cy, poczty sztandarowe, harcerze oraz \u015brodowiska\u00a0kultywuj\u0105ce pami\u0119\u0107 o ofiarach sowieckich deportacji. Pielgrzymka rozpocz\u0119\u0142a si\u0119 wieczorn\u0105 Msz\u0105 \u015bw., a nast\u0119pnego dnia uczestnicy zgromadzili si\u0119 przed\u00a0Pomnikiem Sybirak\u00f3w, gdzie odby\u0142a si\u0119 uroczysto\u015b\u0107 [&hellip;]<\/p>\n","protected":false},"author":8,"featured_media":84932,"comment_status":"closed","ping_status":"closed","sticky":false,"template":"","format":"standard","meta":{"footnotes":""},"categories":[1],"tags":[],"class_list":["post-84917","post","type-post","status-publish","format-standard","has-post-thumbnail","hentry","category-aktualnosci","wpbf-post"],"yoast_head":"<!-- This site is optimized with the Yoast SEO plugin v27.4 - https:\/\/yoast.com\/product\/yoast-seo-wordpress\/ -->\n<title>Wysiedleni na \u201enieludzk\u0105 ziemi\u0119\u201d \u2013 Og\u00f3lnopolska Pielgrzymka Sybirak\u00f3w do Lichenia - SANKTUARIUM W LICHENIU<\/title>\n<meta name=\"robots\" content=\"index, follow, max-snippet:-1, max-image-preview:large, max-video-preview:-1\" \/>\n<link rel=\"canonical\" href=\"https:\/\/www.lichen.pl\/en\/wysiedleni-na-nieludzka-ziemie-ogolnopolska-pielgrzymka-sybirakow-do-lichenia\/\" \/>\n<meta property=\"og:locale\" content=\"en_GB\" \/>\n<meta property=\"og:type\" content=\"article\" \/>\n<meta property=\"og:title\" content=\"Wysiedleni na \u201enieludzk\u0105 ziemi\u0119\u201d \u2013 Og\u00f3lnopolska Pielgrzymka Sybirak\u00f3w do Lichenia - SANKTUARIUM W LICHENIU\" \/>\n<meta property=\"og:description\" content=\"W dniach 11\u201312 czerwca do sanktuarium Matki Bo\u017cej Liche\u0144skiej przyby\u0142a XX Og\u00f3lnopolska\u00a0Pielgrzymka Sybirak\u00f3w, zorganizowana przez ks. Zdzis\u0142awa Banasia \u2013 Krajowego Duszpasterza\u00a0Sybirak\u00f3w. Wzi\u0119li w nim udzia\u0142 dawni zes\u0142a\u0144cy, poczty sztandarowe, harcerze oraz \u015brodowiska\u00a0kultywuj\u0105ce pami\u0119\u0107 o ofiarach sowieckich deportacji. Pielgrzymka rozpocz\u0119\u0142a si\u0119 wieczorn\u0105 Msz\u0105 \u015bw., a nast\u0119pnego dnia uczestnicy zgromadzili si\u0119 przed\u00a0Pomnikiem Sybirak\u00f3w, gdzie odby\u0142a si\u0119 uroczysto\u015b\u0107 [&hellip;]\" \/>\n<meta property=\"og:url\" content=\"https:\/\/www.lichen.pl\/en\/wysiedleni-na-nieludzka-ziemie-ogolnopolska-pielgrzymka-sybirakow-do-lichenia\/\" \/>\n<meta property=\"og:site_name\" content=\"SANKTUARIUM W LICHENIU\" \/>\n<meta property=\"article:published_time\" content=\"2025-06-12T11:44:43+00:00\" \/>\n<meta property=\"article:modified_time\" content=\"2025-06-12T13:09:19+00:00\" \/>\n<meta property=\"og:image\" content=\"https:\/\/www.lichen.pl\/wp-content\/uploads\/2025\/06\/Pielgrzymka_Sybirakow-15-1024x683.jpg\" \/>\n\t<meta property=\"og:image:width\" content=\"1024\" \/>\n\t<meta property=\"og:image:height\" content=\"683\" \/>\n\t<meta property=\"og:image:type\" content=\"image\/jpeg\" \/>\n<meta name=\"author\" content=\"Biuro Prasowe\" \/>\n<meta name=\"twitter:card\" content=\"summary_large_image\" \/>\n<meta name=\"twitter:label1\" content=\"Written by\" \/>\n\t<meta name=\"twitter:data1\" content=\"Biuro Prasowe\" \/>\n\t<meta name=\"twitter:label2\" content=\"Estimated reading time\" \/>\n\t<meta name=\"twitter:data2\" content=\"9 minutes\" \/>\n<script type=\"application\/ld+json\" class=\"yoast-schema-graph\">{\"@context\":\"https:\\\/\\\/schema.org\",\"@graph\":[{\"@type\":\"Article\",\"@id\":\"https:\\\/\\\/www.lichen.pl\\\/wysiedleni-na-nieludzka-ziemie-ogolnopolska-pielgrzymka-sybirakow-do-lichenia\\\/#article\",\"isPartOf\":{\"@id\":\"https:\\\/\\\/www.lichen.pl\\\/wysiedleni-na-nieludzka-ziemie-ogolnopolska-pielgrzymka-sybirakow-do-lichenia\\\/\"},\"author\":{\"name\":\"Biuro Prasowe\",\"@id\":\"https:\\\/\\\/www.lichen.pl\\\/fr\\\/#\\\/schema\\\/person\\\/682b5cfa2f8a664a298ed0bc19782a02\"},\"headline\":\"Wysiedleni na \u201enieludzk\u0105 ziemi\u0119\u201d \u2013 Og\u00f3lnopolska Pielgrzymka Sybirak\u00f3w do Lichenia\",\"datePublished\":\"2025-06-12T11:44:43+00:00\",\"dateModified\":\"2025-06-12T13:09:19+00:00\",\"mainEntityOfPage\":{\"@id\":\"https:\\\/\\\/www.lichen.pl\\\/wysiedleni-na-nieludzka-ziemie-ogolnopolska-pielgrzymka-sybirakow-do-lichenia\\\/\"},\"wordCount\":416,\"image\":{\"@id\":\"https:\\\/\\\/www.lichen.pl\\\/wysiedleni-na-nieludzka-ziemie-ogolnopolska-pielgrzymka-sybirakow-do-lichenia\\\/#primaryimage\"},\"thumbnailUrl\":\"https:\\\/\\\/www.lichen.pl\\\/wp-content\\\/uploads\\\/2025\\\/06\\\/Pielgrzymka_Sybirakow-15.jpg\",\"articleSection\":[\"Aktualno\u015bci\"],\"inLanguage\":\"en-GB\"},{\"@type\":\"WebPage\",\"@id\":\"https:\\\/\\\/www.lichen.pl\\\/wysiedleni-na-nieludzka-ziemie-ogolnopolska-pielgrzymka-sybirakow-do-lichenia\\\/\",\"url\":\"https:\\\/\\\/www.lichen.pl\\\/wysiedleni-na-nieludzka-ziemie-ogolnopolska-pielgrzymka-sybirakow-do-lichenia\\\/\",\"name\":\"Wysiedleni na \u201enieludzk\u0105 ziemi\u0119\u201d \u2013 Og\u00f3lnopolska Pielgrzymka Sybirak\u00f3w do Lichenia - SANKTUARIUM W LICHENIU\",\"isPartOf\":{\"@id\":\"https:\\\/\\\/www.lichen.pl\\\/fr\\\/#website\"},\"primaryImageOfPage\":{\"@id\":\"https:\\\/\\\/www.lichen.pl\\\/wysiedleni-na-nieludzka-ziemie-ogolnopolska-pielgrzymka-sybirakow-do-lichenia\\\/#primaryimage\"},\"image\":{\"@id\":\"https:\\\/\\\/www.lichen.pl\\\/wysiedleni-na-nieludzka-ziemie-ogolnopolska-pielgrzymka-sybirakow-do-lichenia\\\/#primaryimage\"},\"thumbnailUrl\":\"https:\\\/\\\/www.lichen.pl\\\/wp-content\\\/uploads\\\/2025\\\/06\\\/Pielgrzymka_Sybirakow-15.jpg\",\"datePublished\":\"2025-06-12T11:44:43+00:00\",\"dateModified\":\"2025-06-12T13:09:19+00:00\",\"author\":{\"@id\":\"https:\\\/\\\/www.lichen.pl\\\/fr\\\/#\\\/schema\\\/person\\\/682b5cfa2f8a664a298ed0bc19782a02\"},\"breadcrumb\":{\"@id\":\"https:\\\/\\\/www.lichen.pl\\\/wysiedleni-na-nieludzka-ziemie-ogolnopolska-pielgrzymka-sybirakow-do-lichenia\\\/#breadcrumb\"},\"inLanguage\":\"en-GB\",\"potentialAction\":[{\"@type\":\"ReadAction\",\"target\":[\"https:\\\/\\\/www.lichen.pl\\\/wysiedleni-na-nieludzka-ziemie-ogolnopolska-pielgrzymka-sybirakow-do-lichenia\\\/\"]}]},{\"@type\":\"ImageObject\",\"inLanguage\":\"en-GB\",\"@id\":\"https:\\\/\\\/www.lichen.pl\\\/wysiedleni-na-nieludzka-ziemie-ogolnopolska-pielgrzymka-sybirakow-do-lichenia\\\/#primaryimage\",\"url\":\"https:\\\/\\\/www.lichen.pl\\\/wp-content\\\/uploads\\\/2025\\\/06\\\/Pielgrzymka_Sybirakow-15.jpg\",\"contentUrl\":\"https:\\\/\\\/www.lichen.pl\\\/wp-content\\\/uploads\\\/2025\\\/06\\\/Pielgrzymka_Sybirakow-15.jpg\",\"width\":5804,\"height\":3869},{\"@type\":\"BreadcrumbList\",\"@id\":\"https:\\\/\\\/www.lichen.pl\\\/wysiedleni-na-nieludzka-ziemie-ogolnopolska-pielgrzymka-sybirakow-do-lichenia\\\/#breadcrumb\",\"itemListElement\":[{\"@type\":\"ListItem\",\"position\":1,\"name\":\"Strona g\u0142\u00f3wna\",\"item\":\"https:\\\/\\\/www.lichen.pl\\\/\"},{\"@type\":\"ListItem\",\"position\":2,\"name\":\"Wysiedleni na \u201enieludzk\u0105 ziemi\u0119\u201d \u2013 Og\u00f3lnopolska Pielgrzymka Sybirak\u00f3w do Lichenia\"}]},{\"@type\":\"WebSite\",\"@id\":\"https:\\\/\\\/www.lichen.pl\\\/fr\\\/#website\",\"url\":\"https:\\\/\\\/www.lichen.pl\\\/fr\\\/\",\"name\":\"SANKTUARIUM W LICHENIU\",\"description\":\"MATKI BO\u017bEJ LICHE\u0143SKIEJ BOLESNEJ KR\u00d3LOWEJ POLSKI\",\"potentialAction\":[{\"@type\":\"SearchAction\",\"target\":{\"@type\":\"EntryPoint\",\"urlTemplate\":\"https:\\\/\\\/www.lichen.pl\\\/fr\\\/?s={search_term_string}\"},\"query-input\":{\"@type\":\"PropertyValueSpecification\",\"valueRequired\":true,\"valueName\":\"search_term_string\"}}],\"inLanguage\":\"en-GB\"},{\"@type\":\"Person\",\"@id\":\"https:\\\/\\\/www.lichen.pl\\\/fr\\\/#\\\/schema\\\/person\\\/682b5cfa2f8a664a298ed0bc19782a02\",\"name\":\"Biuro Prasowe\",\"image\":{\"@type\":\"ImageObject\",\"inLanguage\":\"en-GB\",\"@id\":\"https:\\\/\\\/secure.gravatar.com\\\/avatar\\\/07fa3449d37670fd38888cb2e3db27aa13df245d811ec65206e44888f202bb53?s=96&d=retro&r=g\",\"url\":\"https:\\\/\\\/secure.gravatar.com\\\/avatar\\\/07fa3449d37670fd38888cb2e3db27aa13df245d811ec65206e44888f202bb53?s=96&d=retro&r=g\",\"contentUrl\":\"https:\\\/\\\/secure.gravatar.com\\\/avatar\\\/07fa3449d37670fd38888cb2e3db27aa13df245d811ec65206e44888f202bb53?s=96&d=retro&r=g\",\"caption\":\"Biuro Prasowe\"},\"sameAs\":[\"http:\\\/\\\/www.lichen.pl\"],\"url\":\"https:\\\/\\\/www.lichen.pl\\\/en\\\/author\\\/biuro-prasowe\\\/\"}]}<\/script>\n<!-- \/ Yoast SEO plugin. -->","yoast_head_json":{"title":"Wysiedleni na \u201enieludzk\u0105 ziemi\u0119\u201d \u2013 Og\u00f3lnopolska Pielgrzymka Sybirak\u00f3w do Lichenia - SANKTUARIUM W LICHENIU","robots":{"index":"index","follow":"follow","max-snippet":"max-snippet:-1","max-image-preview":"max-image-preview:large","max-video-preview":"max-video-preview:-1"},"canonical":"https:\/\/www.lichen.pl\/en\/wysiedleni-na-nieludzka-ziemie-ogolnopolska-pielgrzymka-sybirakow-do-lichenia\/","og_locale":"en_GB","og_type":"article","og_title":"Wysiedleni na \u201enieludzk\u0105 ziemi\u0119\u201d \u2013 Og\u00f3lnopolska Pielgrzymka Sybirak\u00f3w do Lichenia - SANKTUARIUM W LICHENIU","og_description":"W dniach 11\u201312 czerwca do sanktuarium Matki Bo\u017cej Liche\u0144skiej przyby\u0142a XX Og\u00f3lnopolska\u00a0Pielgrzymka Sybirak\u00f3w, zorganizowana przez ks. Zdzis\u0142awa Banasia \u2013 Krajowego Duszpasterza\u00a0Sybirak\u00f3w. Wzi\u0119li w nim udzia\u0142 dawni zes\u0142a\u0144cy, poczty sztandarowe, harcerze oraz \u015brodowiska\u00a0kultywuj\u0105ce pami\u0119\u0107 o ofiarach sowieckich deportacji. Pielgrzymka rozpocz\u0119\u0142a si\u0119 wieczorn\u0105 Msz\u0105 \u015bw., a nast\u0119pnego dnia uczestnicy zgromadzili si\u0119 przed\u00a0Pomnikiem Sybirak\u00f3w, gdzie odby\u0142a si\u0119 uroczysto\u015b\u0107 [&hellip;]","og_url":"https:\/\/www.lichen.pl\/en\/wysiedleni-na-nieludzka-ziemie-ogolnopolska-pielgrzymka-sybirakow-do-lichenia\/","og_site_name":"SANKTUARIUM W LICHENIU","article_published_time":"2025-06-12T11:44:43+00:00","article_modified_time":"2025-06-12T13:09:19+00:00","og_image":[{"width":1024,"height":683,"url":"https:\/\/www.lichen.pl\/wp-content\/uploads\/2025\/06\/Pielgrzymka_Sybirakow-15-1024x683.jpg","type":"image\/jpeg"}],"author":"Biuro Prasowe","twitter_card":"summary_large_image","twitter_misc":{"Written by":"Biuro Prasowe","Estimated reading time":"9 minutes"},"schema":{"@context":"https:\/\/schema.org","@graph":[{"@type":"Article","@id":"https:\/\/www.lichen.pl\/wysiedleni-na-nieludzka-ziemie-ogolnopolska-pielgrzymka-sybirakow-do-lichenia\/#article","isPartOf":{"@id":"https:\/\/www.lichen.pl\/wysiedleni-na-nieludzka-ziemie-ogolnopolska-pielgrzymka-sybirakow-do-lichenia\/"},"author":{"name":"Biuro Prasowe","@id":"https:\/\/www.lichen.pl\/fr\/#\/schema\/person\/682b5cfa2f8a664a298ed0bc19782a02"},"headline":"Wysiedleni na \u201enieludzk\u0105 ziemi\u0119\u201d \u2013 Og\u00f3lnopolska Pielgrzymka Sybirak\u00f3w do Lichenia","datePublished":"2025-06-12T11:44:43+00:00","dateModified":"2025-06-12T13:09:19+00:00","mainEntityOfPage":{"@id":"https:\/\/www.lichen.pl\/wysiedleni-na-nieludzka-ziemie-ogolnopolska-pielgrzymka-sybirakow-do-lichenia\/"},"wordCount":416,"image":{"@id":"https:\/\/www.lichen.pl\/wysiedleni-na-nieludzka-ziemie-ogolnopolska-pielgrzymka-sybirakow-do-lichenia\/#primaryimage"},"thumbnailUrl":"https:\/\/www.lichen.pl\/wp-content\/uploads\/2025\/06\/Pielgrzymka_Sybirakow-15.jpg","articleSection":["Aktualno\u015bci"],"inLanguage":"en-GB"},{"@type":"WebPage","@id":"https:\/\/www.lichen.pl\/wysiedleni-na-nieludzka-ziemie-ogolnopolska-pielgrzymka-sybirakow-do-lichenia\/","url":"https:\/\/www.lichen.pl\/wysiedleni-na-nieludzka-ziemie-ogolnopolska-pielgrzymka-sybirakow-do-lichenia\/","name":"Wysiedleni na \u201enieludzk\u0105 ziemi\u0119\u201d \u2013 Og\u00f3lnopolska Pielgrzymka Sybirak\u00f3w do Lichenia - SANKTUARIUM W LICHENIU","isPartOf":{"@id":"https:\/\/www.lichen.pl\/fr\/#website"},"primaryImageOfPage":{"@id":"https:\/\/www.lichen.pl\/wysiedleni-na-nieludzka-ziemie-ogolnopolska-pielgrzymka-sybirakow-do-lichenia\/#primaryimage"},"image":{"@id":"https:\/\/www.lichen.pl\/wysiedleni-na-nieludzka-ziemie-ogolnopolska-pielgrzymka-sybirakow-do-lichenia\/#primaryimage"},"thumbnailUrl":"https:\/\/www.lichen.pl\/wp-content\/uploads\/2025\/06\/Pielgrzymka_Sybirakow-15.jpg","datePublished":"2025-06-12T11:44:43+00:00","dateModified":"2025-06-12T13:09:19+00:00","author":{"@id":"https:\/\/www.lichen.pl\/fr\/#\/schema\/person\/682b5cfa2f8a664a298ed0bc19782a02"},"breadcrumb":{"@id":"https:\/\/www.lichen.pl\/wysiedleni-na-nieludzka-ziemie-ogolnopolska-pielgrzymka-sybirakow-do-lichenia\/#breadcrumb"},"inLanguage":"en-GB","potentialAction":[{"@type":"ReadAction","target":["https:\/\/www.lichen.pl\/wysiedleni-na-nieludzka-ziemie-ogolnopolska-pielgrzymka-sybirakow-do-lichenia\/"]}]},{"@type":"ImageObject","inLanguage":"en-GB","@id":"https:\/\/www.lichen.pl\/wysiedleni-na-nieludzka-ziemie-ogolnopolska-pielgrzymka-sybirakow-do-lichenia\/#primaryimage","url":"https:\/\/www.lichen.pl\/wp-content\/uploads\/2025\/06\/Pielgrzymka_Sybirakow-15.jpg","contentUrl":"https:\/\/www.lichen.pl\/wp-content\/uploads\/2025\/06\/Pielgrzymka_Sybirakow-15.jpg","width":5804,"height":3869},{"@type":"BreadcrumbList","@id":"https:\/\/www.lichen.pl\/wysiedleni-na-nieludzka-ziemie-ogolnopolska-pielgrzymka-sybirakow-do-lichenia\/#breadcrumb","itemListElement":[{"@type":"ListItem","position":1,"name":"Strona g\u0142\u00f3wna","item":"https:\/\/www.lichen.pl\/"},{"@type":"ListItem","position":2,"name":"Wysiedleni na \u201enieludzk\u0105 ziemi\u0119\u201d \u2013 Og\u00f3lnopolska Pielgrzymka Sybirak\u00f3w do Lichenia"}]},{"@type":"WebSite","@id":"https:\/\/www.lichen.pl\/fr\/#website","url":"https:\/\/www.lichen.pl\/fr\/","name":"SANCTUARY IN LICHENIA","description":"OUR LICHEN&#039;S SORROWFUL QUEEN OF POLAND","potentialAction":[{"@type":"SearchAction","target":{"@type":"EntryPoint","urlTemplate":"https:\/\/www.lichen.pl\/fr\/?s={search_term_string}"},"query-input":{"@type":"PropertyValueSpecification","valueRequired":true,"valueName":"search_term_string"}}],"inLanguage":"en-GB"},{"@type":"Person","@id":"https:\/\/www.lichen.pl\/fr\/#\/schema\/person\/682b5cfa2f8a664a298ed0bc19782a02","name":"Biuro Prasowe","image":{"@type":"ImageObject","inLanguage":"en-GB","@id":"https:\/\/secure.gravatar.com\/avatar\/07fa3449d37670fd38888cb2e3db27aa13df245d811ec65206e44888f202bb53?s=96&d=retro&r=g","url":"https:\/\/secure.gravatar.com\/avatar\/07fa3449d37670fd38888cb2e3db27aa13df245d811ec65206e44888f202bb53?s=96&d=retro&r=g","contentUrl":"https:\/\/secure.gravatar.com\/avatar\/07fa3449d37670fd38888cb2e3db27aa13df245d811ec65206e44888f202bb53?s=96&d=retro&r=g","caption":"Biuro Prasowe"},"sameAs":["http:\/\/www.lichen.pl"],"url":"https:\/\/www.lichen.pl\/en\/author\/biuro-prasowe\/"}]}},"_links":{"self":[{"href":"https:\/\/www.lichen.pl\/en\/wp-json\/wp\/v2\/posts\/84917","targetHints":{"allow":["GET"]}}],"collection":[{"href":"https:\/\/www.lichen.pl\/en\/wp-json\/wp\/v2\/posts"}],"about":[{"href":"https:\/\/www.lichen.pl\/en\/wp-json\/wp\/v2\/types\/post"}],"author":[{"embeddable":true,"href":"https:\/\/www.lichen.pl\/en\/wp-json\/wp\/v2\/users\/8"}],"replies":[{"embeddable":true,"href":"https:\/\/www.lichen.pl\/en\/wp-json\/wp\/v2\/comments?post=84917"}],"version-history":[{"count":4,"href":"https:\/\/www.lichen.pl\/en\/wp-json\/wp\/v2\/posts\/84917\/revisions"}],"predecessor-version":[{"id":84954,"href":"https:\/\/www.lichen.pl\/en\/wp-json\/wp\/v2\/posts\/84917\/revisions\/84954"}],"wp:featuredmedia":[{"embeddable":true,"href":"https:\/\/www.lichen.pl\/en\/wp-json\/wp\/v2\/media\/84932"}],"wp:attachment":[{"href":"https:\/\/www.lichen.pl\/en\/wp-json\/wp\/v2\/media?parent=84917"}],"wp:term":[{"taxonomy":"category","embeddable":true,"href":"https:\/\/www.lichen.pl\/en\/wp-json\/wp\/v2\/categories?post=84917"},{"taxonomy":"post_tag","embeddable":true,"href":"https:\/\/www.lichen.pl\/en\/wp-json\/wp\/v2\/tags?post=84917"}],"curies":[{"name":"wp","href":"https:\/\/api.w.org\/{rel}","templated":true}]}}