{"id":88982,"date":"2025-09-19T17:32:39","date_gmt":"2025-09-19T15:32:39","guid":{"rendered":"https:\/\/www.lichen.pl\/?p=88982"},"modified":"2025-09-19T17:42:56","modified_gmt":"2025-09-19T15:42:56","slug":"rozpoczal-sie-v-kongres-mlodych-konsekrowanych-w-licheniu-oto-czlowiek","status":"publish","type":"post","link":"https:\/\/www.lichen.pl\/en\/rozpoczal-sie-v-kongres-mlodych-konsekrowanych-w-licheniu-oto-czlowiek\/","title":{"rendered":"Rozpocz\u0105\u0142 si\u0119 V Kongres M\u0142odych Konsekrowanych w Licheniu: \u201eOto  Cz\u0142owiek\u201d"},"content":{"rendered":"<div data-elementor-type=\"wp-post\" data-elementor-id=\"88982\" class=\"elementor elementor-88982\" data-elementor-post-type=\"post\">\n\t\t\t\t\t\t<section class=\"elementor-section elementor-top-section elementor-element elementor-element-51dc51c elementor-section-boxed elementor-section-height-default elementor-section-height-default\" data-id=\"51dc51c\" data-element_type=\"section\" data-e-type=\"section\">\n\t\t\t\t\t\t<div class=\"elementor-container elementor-column-gap-default\">\n\t\t\t\t\t<div class=\"elementor-column elementor-col-100 elementor-top-column elementor-element elementor-element-0d4f825\" data-id=\"0d4f825\" data-element_type=\"column\" data-e-type=\"column\">\n\t\t\t<div class=\"elementor-widget-wrap elementor-element-populated\">\n\t\t\t\t\t\t<div class=\"elementor-element elementor-element-e10503b elementor-widget elementor-widget-text-editor\" data-id=\"e10503b\" data-element_type=\"widget\" data-e-type=\"widget\" data-widget_type=\"text-editor.default\">\n\t\t\t\t<div class=\"elementor-widget-container\">\n\t\t\t\t\t\t\t\t\t<h2><span style=\"color: #000000;\">Prawie 600 os\u00f3b konsekrowanych, si\u00f3str, braci zakonnych, ksi\u0119\u017cy i os\u00f3b \u017cycia <\/span><br \/><span style=\"color: #000000;\">konsekrowanego, przyjecha\u0142o do Lichenia, by wsp\u00f3lnie prze\u017cywa\u0107 V Kongres M\u0142odych\u00a0<\/span><span style=\"color: #000000;\">Konsekrowanych. Has\u0142o wydarzenia: \u201eOto Cz\u0142owiek\u201d prowadzi uczestnik\u00f3w do pog\u0142\u0119bienia\u00a0<\/span><span style=\"color: #000000;\">zar\u00f3wno relacji z Bogiem, jak i odkrywania swojego cz\u0142owiecze\u0144stwa.<\/span><\/h2>\t\t\t\t\t\t\t\t<\/div>\n\t\t\t\t<\/div>\n\t\t\t\t\t<\/div>\n\t\t<\/div>\n\t\t\t\t\t<\/div>\n\t\t<\/section>\n\t\t\t\t<section class=\"elementor-section elementor-top-section elementor-element elementor-element-98b8cf9 elementor-section-boxed elementor-section-height-default elementor-section-height-default\" data-id=\"98b8cf9\" data-element_type=\"section\" data-e-type=\"section\">\n\t\t\t\t\t\t<div class=\"elementor-container elementor-column-gap-default\">\n\t\t\t\t\t<div class=\"elementor-column elementor-col-100 elementor-top-column elementor-element elementor-element-3a5a7b6\" data-id=\"3a5a7b6\" data-element_type=\"column\" data-e-type=\"column\">\n\t\t\t<div class=\"elementor-widget-wrap elementor-element-populated\">\n\t\t\t\t\t\t<div class=\"elementor-element elementor-element-f3b9e2c elementor-widget elementor-widget-text-editor\" data-id=\"f3b9e2c\" data-element_type=\"widget\" data-e-type=\"widget\" data-widget_type=\"text-editor.default\">\n\t\t\t\t<div class=\"elementor-widget-container\">\n\t\t\t\t\t\t\t\t\t<p><span style=\"color: #000000;\">W czwartek wieczorem, kongres oficjalnie si\u0119 rozpocz\u0105\u0142. Centralnym punktem dnia by\u0142a\u00a0<\/span><span style=\"color: #000000;\">Eucharystia o godz. 19:00, kt\u00f3rej przewodniczy\u0142 <strong>bp Krzysztof W\u0119tkowski<\/strong>, ordynariusz diecezji\u00a0<\/span><span style=\"color: #000000;\">w\u0142oc\u0142awskiej.<\/span><\/p>\t\t\t\t\t\t\t\t<\/div>\n\t\t\t\t<\/div>\n\t\t\t\t\t<\/div>\n\t\t<\/div>\n\t\t\t\t\t<\/div>\n\t\t<\/section>\n\t\t\t\t<section class=\"elementor-section elementor-top-section elementor-element elementor-element-9e6c1be elementor-section-boxed elementor-section-height-default elementor-section-height-default\" data-id=\"9e6c1be\" data-element_type=\"section\" data-e-type=\"section\">\n\t\t\t\t\t\t<div class=\"elementor-container elementor-column-gap-default\">\n\t\t\t\t\t<div class=\"elementor-column elementor-col-100 elementor-top-column elementor-element elementor-element-4fc218e\" data-id=\"4fc218e\" data-element_type=\"column\" data-e-type=\"column\">\n\t\t\t<div class=\"elementor-widget-wrap elementor-element-populated\">\n\t\t\t\t\t\t<div class=\"elementor-element elementor-element-41d6914 elementor-widget elementor-widget-text-editor\" data-id=\"41d6914\" data-element_type=\"widget\" data-e-type=\"widget\" data-widget_type=\"text-editor.default\">\n\t\t\t\t<div class=\"elementor-widget-container\">\n\t\t\t\t\t\t\t\t\t<p><span style=\"color: #000000;\">W swojej homilii odni\u00f3s\u0142 si\u0119 do s\u0142\u00f3w Ewangelii, podkre\u015blaj\u0105c znaczenie pos\u0142usze\u0144stwa jako formy\u00a0<\/span><span style=\"color: #000000;\">mi\u0142o\u015bci<\/span><\/p>\t\t\t\t\t\t\t\t<\/div>\n\t\t\t\t<\/div>\n\t\t\t\t\t<\/div>\n\t\t<\/div>\n\t\t\t\t\t<\/div>\n\t\t<\/section>\n\t\t\t\t<section class=\"elementor-section elementor-top-section elementor-element elementor-element-ae4f7f7 elementor-section-boxed elementor-section-height-default elementor-section-height-default\" data-id=\"ae4f7f7\" data-element_type=\"section\" data-e-type=\"section\">\n\t\t\t\t\t\t<div class=\"elementor-container elementor-column-gap-default\">\n\t\t\t\t\t<div class=\"elementor-column elementor-col-100 elementor-top-column elementor-element elementor-element-760bf8f\" data-id=\"760bf8f\" data-element_type=\"column\" data-e-type=\"column\">\n\t\t\t<div class=\"elementor-widget-wrap elementor-element-populated\">\n\t\t\t\t\t\t<div class=\"elementor-element elementor-element-f951839 elementor-widget elementor-widget-text-editor\" data-id=\"f951839\" data-element_type=\"widget\" data-e-type=\"widget\" data-widget_type=\"text-editor.default\">\n\t\t\t\t<div class=\"elementor-widget-container\">\n\t\t\t\t\t\t\t\t\t<p style=\"padding-left: 40px;\"><em><strong><span style=\"color: #000000;\">\u00a0\u201eCo nale\u017cy do Ojca? Albo inaczej, w czym Chrystus powinien by\u0107? Powinien by\u0107 w mi\u0142o\u015bci, to\u00a0<\/span><\/strong><\/em><em><strong><span style=\"color: #000000;\">jasne, do samego ko\u0144ca, ale mi\u0142o\u015b\u0107 wyra\u017ca si\u0119 w pos\u0142usze\u0144stwie. Pos\u0142usze\u0144stwie Ojcu,\u00a0<\/span><\/strong><\/em><em><strong><span style=\"color: #000000;\">pos\u0142usze\u0144stwie Bogu, pos\u0142usze\u0144stwie zw\u0142aszcza wtedy, gdy to, co trzeba zrobi\u0107 nie jest wcale dla\u00a0<\/span><\/strong><\/em><em><strong><span style=\"color: #000000;\">nas przyjemne i trwo\u017cy nas niekiedy i przestrasza, ale w ten spos\u00f3b wyra\u017ca si\u0119 mi\u0142o\u015b\u0107 wobec Boga i\u00a0<\/span><\/strong><\/em><em><strong><span style=\"color: #000000;\">czynienie tego, co powinni\u015bmy uczyni\u0107 i co do Niego nale\u017cy.\u201d<\/span><\/strong><\/em><\/p>\t\t\t\t\t\t\t\t<\/div>\n\t\t\t\t<\/div>\n\t\t\t\t\t<\/div>\n\t\t<\/div>\n\t\t\t\t\t<\/div>\n\t\t<\/section>\n\t\t\t\t<section class=\"elementor-section elementor-top-section elementor-element elementor-element-0feb07c elementor-section-boxed elementor-section-height-default elementor-section-height-default\" data-id=\"0feb07c\" data-element_type=\"section\" data-e-type=\"section\">\n\t\t\t\t\t\t<div class=\"elementor-container elementor-column-gap-default\">\n\t\t\t\t\t<div class=\"elementor-column elementor-col-100 elementor-top-column elementor-element elementor-element-4062016\" data-id=\"4062016\" data-element_type=\"column\" data-e-type=\"column\">\n\t\t\t<div class=\"elementor-widget-wrap elementor-element-populated\">\n\t\t\t\t\t\t<div class=\"elementor-element elementor-element-fd7d4e5 elementor-widget elementor-widget-image\" data-id=\"fd7d4e5\" data-element_type=\"widget\" data-e-type=\"widget\" data-widget_type=\"image.default\">\n\t\t\t\t<div class=\"elementor-widget-container\">\n\t\t\t\t\t\t\t\t\t\t\t\t\t\t\t<img fetchpriority=\"high\" decoding=\"async\" width=\"1024\" height=\"683\" src=\"https:\/\/www.lichen.pl\/wp-content\/uploads\/2025\/09\/IMG_2257-Poprawione-Szum-1024x683.jpg\" class=\"attachment-large size-large wp-image-88983\" alt=\"\" srcset=\"https:\/\/www.lichen.pl\/wp-content\/uploads\/2025\/09\/IMG_2257-Poprawione-Szum-1024x683.jpg 1024w, https:\/\/www.lichen.pl\/wp-content\/uploads\/2025\/09\/IMG_2257-Poprawione-Szum-300x200.jpg 300w, https:\/\/www.lichen.pl\/wp-content\/uploads\/2025\/09\/IMG_2257-Poprawione-Szum-768x512.jpg 768w, https:\/\/www.lichen.pl\/wp-content\/uploads\/2025\/09\/IMG_2257-Poprawione-Szum-1536x1024.jpg 1536w, https:\/\/www.lichen.pl\/wp-content\/uploads\/2025\/09\/IMG_2257-Poprawione-Szum-2048x1365.jpg 2048w, https:\/\/www.lichen.pl\/wp-content\/uploads\/2025\/09\/IMG_2257-Poprawione-Szum-18x12.jpg 18w, https:\/\/www.lichen.pl\/wp-content\/uploads\/2025\/09\/IMG_2257-Poprawione-Szum-800x533.jpg 800w, https:\/\/www.lichen.pl\/wp-content\/uploads\/2025\/09\/IMG_2257-Poprawione-Szum.jpg 1920w\" sizes=\"(max-width: 1024px) 100vw, 1024px\" \/>\t\t\t\t\t\t\t\t\t\t\t\t\t\t\t<\/div>\n\t\t\t\t<\/div>\n\t\t\t\t\t<\/div>\n\t\t<\/div>\n\t\t\t\t\t<\/div>\n\t\t<\/section>\n\t\t\t\t<section class=\"elementor-section elementor-top-section elementor-element elementor-element-0499fea elementor-section-boxed elementor-section-height-default elementor-section-height-default\" data-id=\"0499fea\" data-element_type=\"section\" data-e-type=\"section\">\n\t\t\t\t\t\t<div class=\"elementor-container elementor-column-gap-default\">\n\t\t\t\t\t<div class=\"elementor-column elementor-col-100 elementor-top-column elementor-element elementor-element-fa4a501\" data-id=\"fa4a501\" data-element_type=\"column\" data-e-type=\"column\">\n\t\t\t<div class=\"elementor-widget-wrap elementor-element-populated\">\n\t\t\t\t\t\t<div class=\"elementor-element elementor-element-cc68a45 elementor-widget elementor-widget-text-editor\" data-id=\"cc68a45\" data-element_type=\"widget\" data-e-type=\"widget\" data-widget_type=\"text-editor.default\">\n\t\t\t\t<div class=\"elementor-widget-container\">\n\t\t\t\t\t\t\t\t\t<p><span style=\"color: #000000;\">Ksi\u0105dz biskup podkre\u015bli\u0142 r\u00f3wnie\u017c, \u017ce relacja z Bogiem jako Ojcem jest fundamentem ca\u0142ego \u017cycia\u00a0<\/span><span style=\"color: #000000;\">duchowego:<\/span><\/p>\t\t\t\t\t\t\t\t<\/div>\n\t\t\t\t<\/div>\n\t\t\t\t\t<\/div>\n\t\t<\/div>\n\t\t\t\t\t<\/div>\n\t\t<\/section>\n\t\t\t\t<section class=\"elementor-section elementor-top-section elementor-element elementor-element-0fce844 elementor-section-boxed elementor-section-height-default elementor-section-height-default\" data-id=\"0fce844\" data-element_type=\"section\" data-e-type=\"section\">\n\t\t\t\t\t\t<div class=\"elementor-container elementor-column-gap-default\">\n\t\t\t\t\t<div class=\"elementor-column elementor-col-100 elementor-top-column elementor-element elementor-element-e3b5ab7\" data-id=\"e3b5ab7\" data-element_type=\"column\" data-e-type=\"column\">\n\t\t\t<div class=\"elementor-widget-wrap elementor-element-populated\">\n\t\t\t\t\t\t<div class=\"elementor-element elementor-element-e0fb50d elementor-widget elementor-widget-text-editor\" data-id=\"e0fb50d\" data-element_type=\"widget\" data-e-type=\"widget\" data-widget_type=\"text-editor.default\">\n\t\t\t\t<div class=\"elementor-widget-container\">\n\t\t\t\t\t\t\t\t\t<p style=\"padding-left: 40px;\"><em><strong><span style=\"color: #000000;\">\u00a0\u201eJe\u017celi zabraknie nam relacji z Bogiem, kt\u00f3ry jest Ojcem, a wi\u0119c tej relacji wertykalnej, to nie\u00a0<\/span><\/strong><\/em><em><strong><span style=\"color: #000000;\">udadz\u0105 si\u0119 nam te relacje horyzontalne, kt\u00f3re s\u0105 tak potrzebne w \u017cyciu w og\u00f3le, a w \u017cyciu\u00a0<\/span><\/strong><\/em><em><strong><span style=\"color: #000000;\">zakonnym w szczeg\u00f3lno\u015bci.\u201d<\/span><\/strong><\/em><\/p>\t\t\t\t\t\t\t\t<\/div>\n\t\t\t\t<\/div>\n\t\t\t\t\t<\/div>\n\t\t<\/div>\n\t\t\t\t\t<\/div>\n\t\t<\/section>\n\t\t\t\t<section class=\"elementor-section elementor-top-section elementor-element elementor-element-b69b612 elementor-section-boxed elementor-section-height-default elementor-section-height-default\" data-id=\"b69b612\" data-element_type=\"section\" data-e-type=\"section\">\n\t\t\t\t\t\t<div class=\"elementor-container elementor-column-gap-default\">\n\t\t\t\t\t<div class=\"elementor-column elementor-col-100 elementor-top-column elementor-element elementor-element-a8443eb\" data-id=\"a8443eb\" data-element_type=\"column\" data-e-type=\"column\">\n\t\t\t<div class=\"elementor-widget-wrap elementor-element-populated\">\n\t\t\t\t\t\t<div class=\"elementor-element elementor-element-00ff5d3 elementor-widget elementor-widget-text-editor\" data-id=\"00ff5d3\" data-element_type=\"widget\" data-e-type=\"widget\" data-widget_type=\"text-editor.default\">\n\t\t\t\t<div class=\"elementor-widget-container\">\n\t\t\t\t\t\t\t\t\t<h2><span style=\"color: #800000;\">Nie tylko konferencje, ale tak\u017ce wsp\u00f3lnota, spotkanie i konkretne narz\u0119dzia<\/span><\/h2>\t\t\t\t\t\t\t\t<\/div>\n\t\t\t\t<\/div>\n\t\t\t\t\t<\/div>\n\t\t<\/div>\n\t\t\t\t\t<\/div>\n\t\t<\/section>\n\t\t\t\t<section class=\"elementor-section elementor-top-section elementor-element elementor-element-369b97c elementor-section-boxed elementor-section-height-default elementor-section-height-default\" data-id=\"369b97c\" data-element_type=\"section\" data-e-type=\"section\">\n\t\t\t\t\t\t<div class=\"elementor-container elementor-column-gap-default\">\n\t\t\t\t\t<div class=\"elementor-column elementor-col-100 elementor-top-column elementor-element elementor-element-d8fa310\" data-id=\"d8fa310\" data-element_type=\"column\" data-e-type=\"column\">\n\t\t\t<div class=\"elementor-widget-wrap elementor-element-populated\">\n\t\t\t\t\t\t<div class=\"elementor-element elementor-element-cb57149 elementor-widget elementor-widget-text-editor\" data-id=\"cb57149\" data-element_type=\"widget\" data-e-type=\"widget\" data-widget_type=\"text-editor.default\">\n\t\t\t\t<div class=\"elementor-widget-container\">\n\t\t\t\t\t\t\t\t\t<p><span style=\"color: #000000;\">O tym, co czeka uczestnik\u00f3w kolejnych dni, opowiada s. Angelika Mr\u00f3wka, wsp\u00f3\u0142organizatorka\u00a0<\/span><span style=\"color: #000000;\">wydarzenia:<\/span><\/p>\t\t\t\t\t\t\t\t<\/div>\n\t\t\t\t<\/div>\n\t\t\t\t\t<\/div>\n\t\t<\/div>\n\t\t\t\t\t<\/div>\n\t\t<\/section>\n\t\t\t\t<section class=\"elementor-section elementor-top-section elementor-element elementor-element-3d56c8f elementor-section-boxed elementor-section-height-default elementor-section-height-default\" data-id=\"3d56c8f\" data-element_type=\"section\" data-e-type=\"section\">\n\t\t\t\t\t\t<div class=\"elementor-container elementor-column-gap-default\">\n\t\t\t\t\t<div class=\"elementor-column elementor-col-100 elementor-top-column elementor-element elementor-element-8a188ed\" data-id=\"8a188ed\" data-element_type=\"column\" data-e-type=\"column\">\n\t\t\t<div class=\"elementor-widget-wrap elementor-element-populated\">\n\t\t\t\t\t\t<div class=\"elementor-element elementor-element-6c086bb elementor-widget elementor-widget-text-editor\" data-id=\"6c086bb\" data-element_type=\"widget\" data-e-type=\"widget\" data-widget_type=\"text-editor.default\">\n\t\t\t\t<div class=\"elementor-widget-container\">\n\t\t\t\t\t\t\t\t\t<p style=\"padding-left: 40px;\"><strong><em><span style=\"color: #000000;\">&quot;<\/span><\/em><\/strong><em><strong><span style=\"color: #000000;\">Przede wszystkim tre\u015bci, kt\u00f3re mam nadziej\u0119, \u017ce oka\u017c\u0105 si\u0119 by\u0107 pomocne w drodze powo\u0142ania i\u00a0<\/span><\/strong><\/em><em><strong><span style=\"color: #000000;\">\u017cyciu konsekrowanym. Jednak opr\u00f3cz konferencji, przygotowali\u015bmy tak\u017ce warsztaty, kt\u00f3re s\u0105\u00a0<\/span><\/strong><\/em><em><strong><span style=\"color: #000000;\">podzielone na cztery r\u00f3\u017cne bloki tematyczne: katechetyczne, medialne, z dziedziny psychologii\u00a0<\/span><\/strong><\/em><em><strong><span style=\"color: #000000;\">oraz z dziedziny liturgii oraz modlitwy. My\u015bl\u0119, \u017ce ka\u017cdy znalaz\u0142 dla siebie co\u015b odpowiedniego. To,\u00a0<\/span><\/strong><\/em><em><strong><span style=\"color: #000000;\">czego uczestnicy mog\u0105 si\u0119 jeszcze spodziewa\u0107, to do\u015bwiadczenia wsp\u00f3lnoty i dobrego spotkania ze\u00a0<\/span><\/strong><\/em><em><strong><span style=\"color: #000000;\">sob\u0105. W jednym miejscu spotka si\u0119 prawie 600 os\u00f3b \u2014 my\u015bl\u0119, \u017ce to naturalnie wyzwala rado\u015b\u0107,\u00a0<\/span><\/strong><\/em><em><strong><span style=\"color: #000000;\">otwarto\u015b\u0107, ch\u0119\u0107 dzielenia si\u0119 i sp\u0119dzenia ze sob\u0105 czasu.\u201d<\/span><\/strong><\/em><\/p>\t\t\t\t\t\t\t\t<\/div>\n\t\t\t\t<\/div>\n\t\t\t\t\t<\/div>\n\t\t<\/div>\n\t\t\t\t\t<\/div>\n\t\t<\/section>\n\t\t\t\t<section class=\"elementor-section elementor-top-section elementor-element elementor-element-f538b54 elementor-section-boxed elementor-section-height-default elementor-section-height-default\" data-id=\"f538b54\" data-element_type=\"section\" data-e-type=\"section\">\n\t\t\t\t\t\t<div class=\"elementor-container elementor-column-gap-default\">\n\t\t\t\t\t<div class=\"elementor-column elementor-col-100 elementor-top-column elementor-element elementor-element-95061dc\" data-id=\"95061dc\" data-element_type=\"column\" data-e-type=\"column\">\n\t\t\t<div class=\"elementor-widget-wrap elementor-element-populated\">\n\t\t\t\t\t\t<div class=\"elementor-element elementor-element-7fe9565 elementor-widget elementor-widget-image\" data-id=\"7fe9565\" data-element_type=\"widget\" data-e-type=\"widget\" data-widget_type=\"image.default\">\n\t\t\t\t<div class=\"elementor-widget-container\">\n\t\t\t\t\t\t\t\t\t\t\t\t\t\t\t<img decoding=\"async\" width=\"1024\" height=\"683\" src=\"https:\/\/www.lichen.pl\/wp-content\/uploads\/2025\/09\/IMG_2127-Poprawione-Szum-1024x683.jpg\" class=\"attachment-large size-large wp-image-88984\" alt=\"\" srcset=\"https:\/\/www.lichen.pl\/wp-content\/uploads\/2025\/09\/IMG_2127-Poprawione-Szum-1024x683.jpg 1024w, https:\/\/www.lichen.pl\/wp-content\/uploads\/2025\/09\/IMG_2127-Poprawione-Szum-300x200.jpg 300w, https:\/\/www.lichen.pl\/wp-content\/uploads\/2025\/09\/IMG_2127-Poprawione-Szum-768x512.jpg 768w, https:\/\/www.lichen.pl\/wp-content\/uploads\/2025\/09\/IMG_2127-Poprawione-Szum-1536x1024.jpg 1536w, https:\/\/www.lichen.pl\/wp-content\/uploads\/2025\/09\/IMG_2127-Poprawione-Szum-2048x1365.jpg 2048w, https:\/\/www.lichen.pl\/wp-content\/uploads\/2025\/09\/IMG_2127-Poprawione-Szum-18x12.jpg 18w, https:\/\/www.lichen.pl\/wp-content\/uploads\/2025\/09\/IMG_2127-Poprawione-Szum-800x533.jpg 800w, https:\/\/www.lichen.pl\/wp-content\/uploads\/2025\/09\/IMG_2127-Poprawione-Szum.jpg 1920w\" sizes=\"(max-width: 1024px) 100vw, 1024px\" \/>\t\t\t\t\t\t\t\t\t\t\t\t\t\t\t<\/div>\n\t\t\t\t<\/div>\n\t\t\t\t\t<\/div>\n\t\t<\/div>\n\t\t\t\t\t<\/div>\n\t\t<\/section>\n\t\t\t\t<section class=\"elementor-section elementor-top-section elementor-element elementor-element-7e09f4a elementor-section-boxed elementor-section-height-default elementor-section-height-default\" data-id=\"7e09f4a\" data-element_type=\"section\" data-e-type=\"section\">\n\t\t\t\t\t\t<div class=\"elementor-container elementor-column-gap-default\">\n\t\t\t\t\t<div class=\"elementor-column elementor-col-100 elementor-top-column elementor-element elementor-element-0b23474\" data-id=\"0b23474\" data-element_type=\"column\" data-e-type=\"column\">\n\t\t\t<div class=\"elementor-widget-wrap elementor-element-populated\">\n\t\t\t\t\t\t<div class=\"elementor-element elementor-element-67e3dbb elementor-widget elementor-widget-text-editor\" data-id=\"67e3dbb\" data-element_type=\"widget\" data-e-type=\"widget\" data-widget_type=\"text-editor.default\">\n\t\t\t\t<div class=\"elementor-widget-container\">\n\t\t\t\t\t\t\t\t\t<h1><span style=\"color: #800000;\">\u00a0\u201eOto Cz\u0142owiek\u201d \u2013 spojrzenie w g\u0142\u0105b<\/span><\/h1>\t\t\t\t\t\t\t\t<\/div>\n\t\t\t\t<\/div>\n\t\t\t\t\t<\/div>\n\t\t<\/div>\n\t\t\t\t\t<\/div>\n\t\t<\/section>\n\t\t\t\t<section class=\"elementor-section elementor-top-section elementor-element elementor-element-ec9154d elementor-section-boxed elementor-section-height-default elementor-section-height-default\" data-id=\"ec9154d\" data-element_type=\"section\" data-e-type=\"section\">\n\t\t\t\t\t\t<div class=\"elementor-container elementor-column-gap-default\">\n\t\t\t\t\t<div class=\"elementor-column elementor-col-100 elementor-top-column elementor-element elementor-element-832b898\" data-id=\"832b898\" data-element_type=\"column\" data-e-type=\"column\">\n\t\t\t<div class=\"elementor-widget-wrap elementor-element-populated\">\n\t\t\t\t\t\t<div class=\"elementor-element elementor-element-39445bb elementor-widget elementor-widget-text-editor\" data-id=\"39445bb\" data-element_type=\"widget\" data-e-type=\"widget\" data-widget_type=\"text-editor.default\">\n\t\t\t\t<div class=\"elementor-widget-container\">\n\t\t\t\t\t\t\t\t\t<p><span style=\"color: #000000;\">Has\u0142o kongresu nie jest przypadkowe:<\/span><\/p>\t\t\t\t\t\t\t\t<\/div>\n\t\t\t\t<\/div>\n\t\t\t\t\t<\/div>\n\t\t<\/div>\n\t\t\t\t\t<\/div>\n\t\t<\/section>\n\t\t\t\t<section class=\"elementor-section elementor-top-section elementor-element elementor-element-5cf0ee2 elementor-section-boxed elementor-section-height-default elementor-section-height-default\" data-id=\"5cf0ee2\" data-element_type=\"section\" data-e-type=\"section\">\n\t\t\t\t\t\t<div class=\"elementor-container elementor-column-gap-default\">\n\t\t\t\t\t<div class=\"elementor-column elementor-col-100 elementor-top-column elementor-element elementor-element-a63995d\" data-id=\"a63995d\" data-element_type=\"column\" data-e-type=\"column\">\n\t\t\t<div class=\"elementor-widget-wrap elementor-element-populated\">\n\t\t\t\t\t\t<div class=\"elementor-element elementor-element-5cb089e elementor-widget elementor-widget-text-editor\" data-id=\"5cb089e\" data-element_type=\"widget\" data-e-type=\"widget\" data-widget_type=\"text-editor.default\">\n\t\t\t\t<div class=\"elementor-widget-container\">\n\t\t\t\t\t\t\t\t\t<p style=\"padding-left: 40px;\"><strong><em><span style=\"color: #000000;\"> \u201eHas\u0142o tegorocznego kongresu to dwa s\u0142owa: \u201eOto Cz\u0142owiek\u201d. Ma odwo\u0142ywa\u0107 si\u0119 do takich dw\u00f3ch\u00a0<\/span><\/em><\/strong><strong><em><span style=\"color: #000000;\">rzeczywisto\u015bci. Pierwsza to spojrzenie na Jezusa Chrystusa, kt\u00f3ry sta\u0142 si\u0119 prawdziwym\u00a0<\/span><\/em><\/strong><strong><em><span style=\"color: #000000;\">cz\u0142owiekiem- tego dotyczy\u0107 b\u0119dzie tak\u017ce pierwsza konferencja w czasie kongresu. Wyjdziemy od\u00a0<\/span><\/em><\/strong><strong><em><span style=\"color: #000000;\">tego, ale po to, aby przej\u015b\u0107 do naszego cz\u0142owiecze\u0144stwa, kt\u00f3re mimo \u017ce jest konsekrowane to <\/span><\/em><\/strong><br \/><strong><em><span style=\"color: #000000;\">pozostajemy w nim lud\u017ami w pe\u0142nym tego s\u0142owa znaczeniu. Chcemy zobaczy\u0107, jak my mo\u017cemy to\u00a0<\/span><\/em><\/strong><strong><em><span style=\"color: #000000;\">nasze cz\u0142owiecze\u0144stwo rozwija\u0107, \u017ceby by\u0142o ono coraz pi\u0119kniejsze i coraz bardziej podobne do\u00a0<\/span><\/em><\/strong><strong><em><span style=\"color: #000000;\">cz\u0142owiecze\u0144stwa Jezusa Chrystusa.\u201d<\/span><\/em><\/strong><\/p>\t\t\t\t\t\t\t\t<\/div>\n\t\t\t\t<\/div>\n\t\t\t\t\t<\/div>\n\t\t<\/div>\n\t\t\t\t\t<\/div>\n\t\t<\/section>\n\t\t\t\t<section class=\"elementor-section elementor-top-section elementor-element elementor-element-16de32a elementor-section-boxed elementor-section-height-default elementor-section-height-default\" data-id=\"16de32a\" data-element_type=\"section\" data-e-type=\"section\">\n\t\t\t\t\t\t<div class=\"elementor-container elementor-column-gap-default\">\n\t\t\t\t\t<div class=\"elementor-column elementor-col-100 elementor-top-column elementor-element elementor-element-7fa0a14\" data-id=\"7fa0a14\" data-element_type=\"column\" data-e-type=\"column\">\n\t\t\t<div class=\"elementor-widget-wrap elementor-element-populated\">\n\t\t\t\t\t\t<div class=\"elementor-element elementor-element-3609277 elementor-widget elementor-widget-text-editor\" data-id=\"3609277\" data-element_type=\"widget\" data-e-type=\"widget\" data-widget_type=\"text-editor.default\">\n\t\t\t\t<div class=\"elementor-widget-container\">\n\t\t\t\t\t\t\t\t\t<h2><span style=\"color: #800000;\">Go\u015bcie specjalni \u2013 o. Cencini, o. Nowak, H. Malinowski<\/span><\/h2>\t\t\t\t\t\t\t\t<\/div>\n\t\t\t\t<\/div>\n\t\t\t\t\t<\/div>\n\t\t<\/div>\n\t\t\t\t\t<\/div>\n\t\t<\/section>\n\t\t\t\t<section class=\"elementor-section elementor-top-section elementor-element elementor-element-35ba18e elementor-section-boxed elementor-section-height-default elementor-section-height-default\" data-id=\"35ba18e\" data-element_type=\"section\" data-e-type=\"section\">\n\t\t\t\t\t\t<div class=\"elementor-container elementor-column-gap-default\">\n\t\t\t\t\t<div class=\"elementor-column elementor-col-100 elementor-top-column elementor-element elementor-element-c9b165f\" data-id=\"c9b165f\" data-element_type=\"column\" data-e-type=\"column\">\n\t\t\t<div class=\"elementor-widget-wrap elementor-element-populated\">\n\t\t\t\t\t\t<div class=\"elementor-element elementor-element-62b4ec1 elementor-widget elementor-widget-text-editor\" data-id=\"62b4ec1\" data-element_type=\"widget\" data-e-type=\"widget\" data-widget_type=\"text-editor.default\">\n\t\t\t\t<div class=\"elementor-widget-container\">\n\t\t\t\t\t\t\t\t\t<p><span style=\"color: #000000;\">W kolejnych dniach uczestnicy wezm\u0105 udzia\u0142 w konferencjach i spotkaniach prowadzonych przez\u00a0<\/span><span style=\"color: #000000;\">wyj\u0105tkowych go\u015bci:<\/span><\/p>\t\t\t\t\t\t\t\t<\/div>\n\t\t\t\t<\/div>\n\t\t\t\t\t<\/div>\n\t\t<\/div>\n\t\t\t\t\t<\/div>\n\t\t<\/section>\n\t\t\t\t<section class=\"elementor-section elementor-top-section elementor-element elementor-element-a8654c4 elementor-section-boxed elementor-section-height-default elementor-section-height-default\" data-id=\"a8654c4\" data-element_type=\"section\" data-e-type=\"section\">\n\t\t\t\t\t\t<div class=\"elementor-container elementor-column-gap-default\">\n\t\t\t\t\t<div class=\"elementor-column elementor-col-100 elementor-top-column elementor-element elementor-element-3c49e61\" data-id=\"3c49e61\" data-element_type=\"column\" data-e-type=\"column\">\n\t\t\t<div class=\"elementor-widget-wrap elementor-element-populated\">\n\t\t\t\t\t\t<div class=\"elementor-element elementor-element-b8bf135 elementor-widget elementor-widget-text-editor\" data-id=\"b8bf135\" data-element_type=\"widget\" data-e-type=\"widget\" data-widget_type=\"text-editor.default\">\n\t\t\t\t<div class=\"elementor-widget-container\">\n\t\t\t\t\t\t\t\t\t<p style=\"padding-left: 40px;\"><span style=\"color: #000000;\">\u201eJednym z go\u015bci specjalnych b\u0119dzie <strong>o. Amadeo Cencini FdCC<\/strong>, kt\u00f3ry przyje\u017cd\u017ca do nas z W\u0142och.\u00a0<\/span><span style=\"color: #000000;\">Jego konferencje b\u0119d\u0105 dotyczy\u0107 prze\u017cywania \u015blub\u00f3w czysto\u015bci: kocha\u0107 Boga ludzkim sercem, aby\u00a0<\/span><span style=\"color: #000000;\">kocha\u0107 cz\u0142owieka boskim sercem. Z kolei druga konferencja b\u0119dzie dotyczy\u0107 relacyjno\u015bci. B\u0119dzie\u00a0<\/span><span style=\"color: #000000;\">tak\u017ce <strong>o. Tomasz Nowak OP<\/strong>, znany z Lednicy, kt\u00f3ry wyg\u0142osi konferencj\u0119 pt. \u201ePatrze\u0107 na\u00a0<\/span><span style=\"color: #000000;\">Cz\u0142owiecze\u0144stwo Jezusa\u201d oraz pan <strong>Hubert Malinowski<\/strong>, kt\u00f3ry wsp\u00f3\u0142pracuje z osobami zakonnymi\u00a0<\/span><span style=\"color: #000000;\">prowadz\u0105c warsztaty i zaj\u0119cia w dziedzinie psychologii, pokazuj\u0105c, jak dba\u0107 o nasze\u00a0<\/span><span style=\"color: #000000;\">cz\u0142owiecze\u0144stwo.\u201d<\/span><\/p>\t\t\t\t\t\t\t\t<\/div>\n\t\t\t\t<\/div>\n\t\t\t\t\t<\/div>\n\t\t<\/div>\n\t\t\t\t\t<\/div>\n\t\t<\/section>\n\t\t\t\t<section class=\"elementor-section elementor-top-section elementor-element elementor-element-3dceb68 elementor-section-boxed elementor-section-height-default elementor-section-height-default\" data-id=\"3dceb68\" data-element_type=\"section\" data-e-type=\"section\">\n\t\t\t\t\t\t<div class=\"elementor-container elementor-column-gap-default\">\n\t\t\t\t\t<div class=\"elementor-column elementor-col-100 elementor-top-column elementor-element elementor-element-82c2427\" data-id=\"82c2427\" data-element_type=\"column\" data-e-type=\"column\">\n\t\t\t<div class=\"elementor-widget-wrap elementor-element-populated\">\n\t\t\t\t\t\t<div class=\"elementor-element elementor-element-9c1a311 elementor-widget elementor-widget-text-editor\" data-id=\"9c1a311\" data-element_type=\"widget\" data-e-type=\"widget\" data-widget_type=\"text-editor.default\">\n\t\t\t\t<div class=\"elementor-widget-container\">\n\t\t\t\t\t\t\t\t\t<p><span style=\"color: #000000;\">Wspaniale jest m\u00f3c widzie\u0107 tak wielu- spaceruj\u0105cych po liche\u0144skich alejkach- m\u0142odych ludzi,\u00a0<\/span><span style=\"color: #000000;\">kt\u00f3rzy postanowili odda\u0107 swoje \u017cycie Bogu\u2026<\/span><\/p>\t\t\t\t\t\t\t\t<\/div>\n\t\t\t\t<\/div>\n\t\t\t\t\t<\/div>\n\t\t<\/div>\n\t\t\t\t\t<\/div>\n\t\t<\/section>\n\t\t\t\t<section class=\"elementor-section elementor-top-section elementor-element elementor-element-0402762 elementor-section-boxed elementor-section-height-default elementor-section-height-default\" data-id=\"0402762\" data-element_type=\"section\" data-e-type=\"section\">\n\t\t\t\t\t\t<div class=\"elementor-container elementor-column-gap-default\">\n\t\t\t\t\t<div class=\"elementor-column elementor-col-100 elementor-top-column elementor-element elementor-element-c4b6a34\" data-id=\"c4b6a34\" data-element_type=\"column\" data-e-type=\"column\">\n\t\t\t<div class=\"elementor-widget-wrap elementor-element-populated\">\n\t\t\t\t\t\t<div class=\"elementor-element elementor-element-55edfd4 elementor-widget elementor-widget-text-editor\" data-id=\"55edfd4\" data-element_type=\"widget\" data-e-type=\"widget\" data-widget_type=\"text-editor.default\">\n\t\t\t\t<div class=\"elementor-widget-container\">\n\t\t\t\t\t\t\t\t\t<p><span style=\"color: #000000;\">Kolejne dni zapowiadaj\u0105 si\u0119 jako przestrze\u0144 duchowego wzrostu i wymiany do\u015bwiadcze\u0144.\u00a0<\/span><span style=\"color: #000000;\">Tymczasem zach\u0119camy do \u015bledzenia naszych medi\u00f3w spo\u0142eczno\u015bciowych. Wyczekujcie, bo to nie\u00a0<\/span><span style=\"color: #000000;\">jest ostatni artyku\u0142 dotycz\u0105cy kongresu!<\/span><\/p>\t\t\t\t\t\t\t\t<\/div>\n\t\t\t\t<\/div>\n\t\t\t\t\t<\/div>\n\t\t<\/div>\n\t\t\t\t\t<\/div>\n\t\t<\/section>\n\t\t\t\t<section class=\"elementor-section elementor-top-section elementor-element elementor-element-583b220 elementor-section-boxed elementor-section-height-default elementor-section-height-default\" data-id=\"583b220\" data-element_type=\"section\" data-e-type=\"section\">\n\t\t\t\t\t\t<div class=\"elementor-container elementor-column-gap-default\">\n\t\t\t\t\t<div class=\"elementor-column elementor-col-100 elementor-top-column elementor-element elementor-element-273d7f4\" data-id=\"273d7f4\" data-element_type=\"column\" data-e-type=\"column\">\n\t\t\t<div class=\"elementor-widget-wrap elementor-element-populated\">\n\t\t\t\t\t\t<div class=\"elementor-element elementor-element-73198ee elementor-widget elementor-widget-image-gallery\" data-id=\"73198ee\" data-element_type=\"widget\" data-e-type=\"widget\" data-widget_type=\"image-gallery.default\">\n\t\t\t\t<div class=\"elementor-widget-container\">\n\t\t\t\t\t\t\t<div class=\"elementor-image-gallery\">\n\t\t\t<div id='gallery-1' class='gallery galleryid-88982 gallery-columns-5 gallery-size-medium'><figure class='gallery-item'>\n\t\t\t<div class='gallery-icon landscape'>\n\t\t\t\t<a data-elementor-open-lightbox=\"yes\" data-elementor-lightbox-slideshow=\"73198ee\" data-elementor-lightbox-title=\"IMG_2096-Poprawione-Szum\" data-e-action-hash=\"#elementor-action%3Aaction%3Dlightbox%26settings%3DeyJpZCI6ODg5ODYsInVybCI6Imh0dHBzOlwvXC93d3cubGljaGVuLnBsXC93cC1jb250ZW50XC91cGxvYWRzXC8yMDI1XC8wOVwvSU1HXzIwOTYtUG9wcmF3aW9uZS1TenVtLmpwZyIsInNsaWRlc2hvdyI6IjczMTk4ZWUifQ%3D%3D\" href='https:\/\/www.lichen.pl\/wp-content\/uploads\/2025\/09\/IMG_2096-Poprawione-Szum.jpg'><img width=\"300\" height=\"200\" src=\"https:\/\/www.lichen.pl\/wp-content\/uploads\/2025\/09\/IMG_2096-Poprawione-Szum-300x200.jpg\" class=\"attachment-medium size-medium\" alt=\"\" decoding=\"async\" srcset=\"https:\/\/www.lichen.pl\/wp-content\/uploads\/2025\/09\/IMG_2096-Poprawione-Szum-300x200.jpg 300w, https:\/\/www.lichen.pl\/wp-content\/uploads\/2025\/09\/IMG_2096-Poprawione-Szum-1024x683.jpg 1024w, https:\/\/www.lichen.pl\/wp-content\/uploads\/2025\/09\/IMG_2096-Poprawione-Szum-768x512.jpg 768w, https:\/\/www.lichen.pl\/wp-content\/uploads\/2025\/09\/IMG_2096-Poprawione-Szum-1536x1024.jpg 1536w, https:\/\/www.lichen.pl\/wp-content\/uploads\/2025\/09\/IMG_2096-Poprawione-Szum-2048x1365.jpg 2048w, https:\/\/www.lichen.pl\/wp-content\/uploads\/2025\/09\/IMG_2096-Poprawione-Szum-18x12.jpg 18w, https:\/\/www.lichen.pl\/wp-content\/uploads\/2025\/09\/IMG_2096-Poprawione-Szum-800x533.jpg 800w\" sizes=\"(max-width: 300px) 100vw, 300px\" \/><\/a>\n\t\t\t<\/div><\/figure><figure class='gallery-item'>\n\t\t\t<div class='gallery-icon landscape'>\n\t\t\t\t<a data-elementor-open-lightbox=\"yes\" data-elementor-lightbox-slideshow=\"73198ee\" data-elementor-lightbox-title=\"IMG_2076-Poprawione-Szum\" data-e-action-hash=\"#elementor-action%3Aaction%3Dlightbox%26settings%3DeyJpZCI6ODg5ODcsInVybCI6Imh0dHBzOlwvXC93d3cubGljaGVuLnBsXC93cC1jb250ZW50XC91cGxvYWRzXC8yMDI1XC8wOVwvSU1HXzIwNzYtUG9wcmF3aW9uZS1TenVtLmpwZyIsInNsaWRlc2hvdyI6IjczMTk4ZWUifQ%3D%3D\" href='https:\/\/www.lichen.pl\/wp-content\/uploads\/2025\/09\/IMG_2076-Poprawione-Szum.jpg'><img loading=\"lazy\" width=\"300\" height=\"200\" src=\"https:\/\/www.lichen.pl\/wp-content\/uploads\/2025\/09\/IMG_2076-Poprawione-Szum-300x200.jpg\" class=\"attachment-medium size-medium\" alt=\"\" decoding=\"async\" srcset=\"https:\/\/www.lichen.pl\/wp-content\/uploads\/2025\/09\/IMG_2076-Poprawione-Szum-300x200.jpg 300w, https:\/\/www.lichen.pl\/wp-content\/uploads\/2025\/09\/IMG_2076-Poprawione-Szum-1024x683.jpg 1024w, https:\/\/www.lichen.pl\/wp-content\/uploads\/2025\/09\/IMG_2076-Poprawione-Szum-768x512.jpg 768w, https:\/\/www.lichen.pl\/wp-content\/uploads\/2025\/09\/IMG_2076-Poprawione-Szum-1536x1024.jpg 1536w, https:\/\/www.lichen.pl\/wp-content\/uploads\/2025\/09\/IMG_2076-Poprawione-Szum-2048x1365.jpg 2048w, https:\/\/www.lichen.pl\/wp-content\/uploads\/2025\/09\/IMG_2076-Poprawione-Szum-18x12.jpg 18w, https:\/\/www.lichen.pl\/wp-content\/uploads\/2025\/09\/IMG_2076-Poprawione-Szum-800x533.jpg 800w\" sizes=\"(max-width: 300px) 100vw, 300px\" \/><\/a>\n\t\t\t<\/div><\/figure><figure class='gallery-item'>\n\t\t\t<div class='gallery-icon landscape'>\n\t\t\t\t<a data-elementor-open-lightbox=\"yes\" data-elementor-lightbox-slideshow=\"73198ee\" data-elementor-lightbox-title=\"IMG_2083-Poprawione-Szum\" data-e-action-hash=\"#elementor-action%3Aaction%3Dlightbox%26settings%3DeyJpZCI6ODg5ODgsInVybCI6Imh0dHBzOlwvXC93d3cubGljaGVuLnBsXC93cC1jb250ZW50XC91cGxvYWRzXC8yMDI1XC8wOVwvSU1HXzIwODMtUG9wcmF3aW9uZS1TenVtLmpwZyIsInNsaWRlc2hvdyI6IjczMTk4ZWUifQ%3D%3D\" href='https:\/\/www.lichen.pl\/wp-content\/uploads\/2025\/09\/IMG_2083-Poprawione-Szum.jpg'><img loading=\"lazy\" width=\"300\" height=\"200\" src=\"https:\/\/www.lichen.pl\/wp-content\/uploads\/2025\/09\/IMG_2083-Poprawione-Szum-300x200.jpg\" class=\"attachment-medium size-medium\" alt=\"\" decoding=\"async\" srcset=\"https:\/\/www.lichen.pl\/wp-content\/uploads\/2025\/09\/IMG_2083-Poprawione-Szum-300x200.jpg 300w, https:\/\/www.lichen.pl\/wp-content\/uploads\/2025\/09\/IMG_2083-Poprawione-Szum-1024x683.jpg 1024w, https:\/\/www.lichen.pl\/wp-content\/uploads\/2025\/09\/IMG_2083-Poprawione-Szum-768x512.jpg 768w, https:\/\/www.lichen.pl\/wp-content\/uploads\/2025\/09\/IMG_2083-Poprawione-Szum-1536x1024.jpg 1536w, https:\/\/www.lichen.pl\/wp-content\/uploads\/2025\/09\/IMG_2083-Poprawione-Szum-2048x1365.jpg 2048w, https:\/\/www.lichen.pl\/wp-content\/uploads\/2025\/09\/IMG_2083-Poprawione-Szum-18x12.jpg 18w, https:\/\/www.lichen.pl\/wp-content\/uploads\/2025\/09\/IMG_2083-Poprawione-Szum-800x533.jpg 800w\" sizes=\"(max-width: 300px) 100vw, 300px\" \/><\/a>\n\t\t\t<\/div><\/figure><figure class='gallery-item'>\n\t\t\t<div class='gallery-icon landscape'>\n\t\t\t\t<a data-elementor-open-lightbox=\"yes\" data-elementor-lightbox-slideshow=\"73198ee\" data-elementor-lightbox-title=\"IMG_2088-Poprawione-Szum\" data-e-action-hash=\"#elementor-action%3Aaction%3Dlightbox%26settings%3DeyJpZCI6ODg5ODksInVybCI6Imh0dHBzOlwvXC93d3cubGljaGVuLnBsXC93cC1jb250ZW50XC91cGxvYWRzXC8yMDI1XC8wOVwvSU1HXzIwODgtUG9wcmF3aW9uZS1TenVtLmpwZyIsInNsaWRlc2hvdyI6IjczMTk4ZWUifQ%3D%3D\" href='https:\/\/www.lichen.pl\/wp-content\/uploads\/2025\/09\/IMG_2088-Poprawione-Szum.jpg'><img loading=\"lazy\" width=\"300\" height=\"200\" src=\"https:\/\/www.lichen.pl\/wp-content\/uploads\/2025\/09\/IMG_2088-Poprawione-Szum-300x200.jpg\" class=\"attachment-medium size-medium\" alt=\"\" decoding=\"async\" srcset=\"https:\/\/www.lichen.pl\/wp-content\/uploads\/2025\/09\/IMG_2088-Poprawione-Szum-300x200.jpg 300w, https:\/\/www.lichen.pl\/wp-content\/uploads\/2025\/09\/IMG_2088-Poprawione-Szum-1024x683.jpg 1024w, https:\/\/www.lichen.pl\/wp-content\/uploads\/2025\/09\/IMG_2088-Poprawione-Szum-768x512.jpg 768w, https:\/\/www.lichen.pl\/wp-content\/uploads\/2025\/09\/IMG_2088-Poprawione-Szum-1536x1024.jpg 1536w, https:\/\/www.lichen.pl\/wp-content\/uploads\/2025\/09\/IMG_2088-Poprawione-Szum-2048x1365.jpg 2048w, https:\/\/www.lichen.pl\/wp-content\/uploads\/2025\/09\/IMG_2088-Poprawione-Szum-18x12.jpg 18w, https:\/\/www.lichen.pl\/wp-content\/uploads\/2025\/09\/IMG_2088-Poprawione-Szum-800x533.jpg 800w\" sizes=\"(max-width: 300px) 100vw, 300px\" \/><\/a>\n\t\t\t<\/div><\/figure><figure class='gallery-item'>\n\t\t\t<div class='gallery-icon landscape'>\n\t\t\t\t<a data-elementor-open-lightbox=\"yes\" data-elementor-lightbox-slideshow=\"73198ee\" data-elementor-lightbox-title=\"IMG_2114-Poprawione-Szum\" data-e-action-hash=\"#elementor-action%3Aaction%3Dlightbox%26settings%3DeyJpZCI6ODg5OTAsInVybCI6Imh0dHBzOlwvXC93d3cubGljaGVuLnBsXC93cC1jb250ZW50XC91cGxvYWRzXC8yMDI1XC8wOVwvSU1HXzIxMTQtUG9wcmF3aW9uZS1TenVtLmpwZyIsInNsaWRlc2hvdyI6IjczMTk4ZWUifQ%3D%3D\" href='https:\/\/www.lichen.pl\/wp-content\/uploads\/2025\/09\/IMG_2114-Poprawione-Szum.jpg'><img loading=\"lazy\" width=\"300\" height=\"200\" src=\"https:\/\/www.lichen.pl\/wp-content\/uploads\/2025\/09\/IMG_2114-Poprawione-Szum-300x200.jpg\" class=\"attachment-medium size-medium\" alt=\"\" decoding=\"async\" srcset=\"https:\/\/www.lichen.pl\/wp-content\/uploads\/2025\/09\/IMG_2114-Poprawione-Szum-300x200.jpg 300w, https:\/\/www.lichen.pl\/wp-content\/uploads\/2025\/09\/IMG_2114-Poprawione-Szum-1024x683.jpg 1024w, https:\/\/www.lichen.pl\/wp-content\/uploads\/2025\/09\/IMG_2114-Poprawione-Szum-768x512.jpg 768w, https:\/\/www.lichen.pl\/wp-content\/uploads\/2025\/09\/IMG_2114-Poprawione-Szum-1536x1024.jpg 1536w, https:\/\/www.lichen.pl\/wp-content\/uploads\/2025\/09\/IMG_2114-Poprawione-Szum-2048x1365.jpg 2048w, https:\/\/www.lichen.pl\/wp-content\/uploads\/2025\/09\/IMG_2114-Poprawione-Szum-18x12.jpg 18w, https:\/\/www.lichen.pl\/wp-content\/uploads\/2025\/09\/IMG_2114-Poprawione-Szum-800x533.jpg 800w\" sizes=\"(max-width: 300px) 100vw, 300px\" \/><\/a>\n\t\t\t<\/div><\/figure><figure class='gallery-item'>\n\t\t\t<div class='gallery-icon landscape'>\n\t\t\t\t<a data-elementor-open-lightbox=\"yes\" data-elementor-lightbox-slideshow=\"73198ee\" data-elementor-lightbox-title=\"IMG_2099-Poprawione-Szum\" data-e-action-hash=\"#elementor-action%3Aaction%3Dlightbox%26settings%3DeyJpZCI6ODg5OTEsInVybCI6Imh0dHBzOlwvXC93d3cubGljaGVuLnBsXC93cC1jb250ZW50XC91cGxvYWRzXC8yMDI1XC8wOVwvSU1HXzIwOTktUG9wcmF3aW9uZS1TenVtLmpwZyIsInNsaWRlc2hvdyI6IjczMTk4ZWUifQ%3D%3D\" href='https:\/\/www.lichen.pl\/wp-content\/uploads\/2025\/09\/IMG_2099-Poprawione-Szum.jpg'><img loading=\"lazy\" width=\"300\" height=\"200\" src=\"https:\/\/www.lichen.pl\/wp-content\/uploads\/2025\/09\/IMG_2099-Poprawione-Szum-300x200.jpg\" class=\"attachment-medium size-medium\" alt=\"\" decoding=\"async\" srcset=\"https:\/\/www.lichen.pl\/wp-content\/uploads\/2025\/09\/IMG_2099-Poprawione-Szum-300x200.jpg 300w, https:\/\/www.lichen.pl\/wp-content\/uploads\/2025\/09\/IMG_2099-Poprawione-Szum-1024x683.jpg 1024w, https:\/\/www.lichen.pl\/wp-content\/uploads\/2025\/09\/IMG_2099-Poprawione-Szum-768x512.jpg 768w, https:\/\/www.lichen.pl\/wp-content\/uploads\/2025\/09\/IMG_2099-Poprawione-Szum-1536x1024.jpg 1536w, https:\/\/www.lichen.pl\/wp-content\/uploads\/2025\/09\/IMG_2099-Poprawione-Szum-2048x1365.jpg 2048w, https:\/\/www.lichen.pl\/wp-content\/uploads\/2025\/09\/IMG_2099-Poprawione-Szum-18x12.jpg 18w, https:\/\/www.lichen.pl\/wp-content\/uploads\/2025\/09\/IMG_2099-Poprawione-Szum-800x533.jpg 800w\" sizes=\"(max-width: 300px) 100vw, 300px\" \/><\/a>\n\t\t\t<\/div><\/figure><figure class='gallery-item'>\n\t\t\t<div class='gallery-icon landscape'>\n\t\t\t\t<a data-elementor-open-lightbox=\"yes\" data-elementor-lightbox-slideshow=\"73198ee\" data-elementor-lightbox-title=\"IMG_2107-Poprawione-Szum\" data-e-action-hash=\"#elementor-action%3Aaction%3Dlightbox%26settings%3DeyJpZCI6ODg5OTIsInVybCI6Imh0dHBzOlwvXC93d3cubGljaGVuLnBsXC93cC1jb250ZW50XC91cGxvYWRzXC8yMDI1XC8wOVwvSU1HXzIxMDctUG9wcmF3aW9uZS1TenVtLmpwZyIsInNsaWRlc2hvdyI6IjczMTk4ZWUifQ%3D%3D\" href='https:\/\/www.lichen.pl\/wp-content\/uploads\/2025\/09\/IMG_2107-Poprawione-Szum.jpg'><img loading=\"lazy\" width=\"300\" height=\"200\" src=\"https:\/\/www.lichen.pl\/wp-content\/uploads\/2025\/09\/IMG_2107-Poprawione-Szum-300x200.jpg\" class=\"attachment-medium size-medium\" alt=\"\" decoding=\"async\" srcset=\"https:\/\/www.lichen.pl\/wp-content\/uploads\/2025\/09\/IMG_2107-Poprawione-Szum-300x200.jpg 300w, https:\/\/www.lichen.pl\/wp-content\/uploads\/2025\/09\/IMG_2107-Poprawione-Szum-1024x683.jpg 1024w, https:\/\/www.lichen.pl\/wp-content\/uploads\/2025\/09\/IMG_2107-Poprawione-Szum-768x512.jpg 768w, https:\/\/www.lichen.pl\/wp-content\/uploads\/2025\/09\/IMG_2107-Poprawione-Szum-1536x1024.jpg 1536w, https:\/\/www.lichen.pl\/wp-content\/uploads\/2025\/09\/IMG_2107-Poprawione-Szum-2048x1365.jpg 2048w, https:\/\/www.lichen.pl\/wp-content\/uploads\/2025\/09\/IMG_2107-Poprawione-Szum-18x12.jpg 18w, https:\/\/www.lichen.pl\/wp-content\/uploads\/2025\/09\/IMG_2107-Poprawione-Szum-800x533.jpg 800w\" sizes=\"(max-width: 300px) 100vw, 300px\" \/><\/a>\n\t\t\t<\/div><\/figure><figure class='gallery-item'>\n\t\t\t<div class='gallery-icon landscape'>\n\t\t\t\t<a data-elementor-open-lightbox=\"yes\" data-elementor-lightbox-slideshow=\"73198ee\" data-elementor-lightbox-title=\"IMG_2109-Poprawione-Szum\" data-e-action-hash=\"#elementor-action%3Aaction%3Dlightbox%26settings%3DeyJpZCI6ODg5OTMsInVybCI6Imh0dHBzOlwvXC93d3cubGljaGVuLnBsXC93cC1jb250ZW50XC91cGxvYWRzXC8yMDI1XC8wOVwvSU1HXzIxMDktUG9wcmF3aW9uZS1TenVtLmpwZyIsInNsaWRlc2hvdyI6IjczMTk4ZWUifQ%3D%3D\" href='https:\/\/www.lichen.pl\/wp-content\/uploads\/2025\/09\/IMG_2109-Poprawione-Szum.jpg'><img loading=\"lazy\" width=\"300\" height=\"200\" src=\"https:\/\/www.lichen.pl\/wp-content\/uploads\/2025\/09\/IMG_2109-Poprawione-Szum-300x200.jpg\" class=\"attachment-medium size-medium\" alt=\"\" decoding=\"async\" srcset=\"https:\/\/www.lichen.pl\/wp-content\/uploads\/2025\/09\/IMG_2109-Poprawione-Szum-300x200.jpg 300w, https:\/\/www.lichen.pl\/wp-content\/uploads\/2025\/09\/IMG_2109-Poprawione-Szum-1024x683.jpg 1024w, https:\/\/www.lichen.pl\/wp-content\/uploads\/2025\/09\/IMG_2109-Poprawione-Szum-768x512.jpg 768w, https:\/\/www.lichen.pl\/wp-content\/uploads\/2025\/09\/IMG_2109-Poprawione-Szum-1536x1024.jpg 1536w, https:\/\/www.lichen.pl\/wp-content\/uploads\/2025\/09\/IMG_2109-Poprawione-Szum-2048x1365.jpg 2048w, https:\/\/www.lichen.pl\/wp-content\/uploads\/2025\/09\/IMG_2109-Poprawione-Szum-18x12.jpg 18w, https:\/\/www.lichen.pl\/wp-content\/uploads\/2025\/09\/IMG_2109-Poprawione-Szum-800x533.jpg 800w\" sizes=\"(max-width: 300px) 100vw, 300px\" \/><\/a>\n\t\t\t<\/div><\/figure><figure class='gallery-item'>\n\t\t\t<div class='gallery-icon landscape'>\n\t\t\t\t<a data-elementor-open-lightbox=\"yes\" data-elementor-lightbox-slideshow=\"73198ee\" data-elementor-lightbox-title=\"IMG_2129-Poprawione-Szum\" data-e-action-hash=\"#elementor-action%3Aaction%3Dlightbox%26settings%3DeyJpZCI6ODg5OTQsInVybCI6Imh0dHBzOlwvXC93d3cubGljaGVuLnBsXC93cC1jb250ZW50XC91cGxvYWRzXC8yMDI1XC8wOVwvSU1HXzIxMjktUG9wcmF3aW9uZS1TenVtLmpwZyIsInNsaWRlc2hvdyI6IjczMTk4ZWUifQ%3D%3D\" href='https:\/\/www.lichen.pl\/wp-content\/uploads\/2025\/09\/IMG_2129-Poprawione-Szum.jpg'><img loading=\"lazy\" width=\"300\" height=\"200\" src=\"https:\/\/www.lichen.pl\/wp-content\/uploads\/2025\/09\/IMG_2129-Poprawione-Szum-300x200.jpg\" class=\"attachment-medium size-medium\" alt=\"\" decoding=\"async\" srcset=\"https:\/\/www.lichen.pl\/wp-content\/uploads\/2025\/09\/IMG_2129-Poprawione-Szum-300x200.jpg 300w, https:\/\/www.lichen.pl\/wp-content\/uploads\/2025\/09\/IMG_2129-Poprawione-Szum-1024x683.jpg 1024w, https:\/\/www.lichen.pl\/wp-content\/uploads\/2025\/09\/IMG_2129-Poprawione-Szum-768x512.jpg 768w, https:\/\/www.lichen.pl\/wp-content\/uploads\/2025\/09\/IMG_2129-Poprawione-Szum-1536x1024.jpg 1536w, https:\/\/www.lichen.pl\/wp-content\/uploads\/2025\/09\/IMG_2129-Poprawione-Szum-2048x1365.jpg 2048w, https:\/\/www.lichen.pl\/wp-content\/uploads\/2025\/09\/IMG_2129-Poprawione-Szum-18x12.jpg 18w, https:\/\/www.lichen.pl\/wp-content\/uploads\/2025\/09\/IMG_2129-Poprawione-Szum-800x533.jpg 800w\" sizes=\"(max-width: 300px) 100vw, 300px\" \/><\/a>\n\t\t\t<\/div><\/figure><figure class='gallery-item'>\n\t\t\t<div class='gallery-icon landscape'>\n\t\t\t\t<a data-elementor-open-lightbox=\"yes\" data-elementor-lightbox-slideshow=\"73198ee\" data-elementor-lightbox-title=\"IMG_2149-Poprawione-Szum\" data-e-action-hash=\"#elementor-action%3Aaction%3Dlightbox%26settings%3DeyJpZCI6ODg5OTUsInVybCI6Imh0dHBzOlwvXC93d3cubGljaGVuLnBsXC93cC1jb250ZW50XC91cGxvYWRzXC8yMDI1XC8wOVwvSU1HXzIxNDktUG9wcmF3aW9uZS1TenVtLmpwZyIsInNsaWRlc2hvdyI6IjczMTk4ZWUifQ%3D%3D\" href='https:\/\/www.lichen.pl\/wp-content\/uploads\/2025\/09\/IMG_2149-Poprawione-Szum.jpg'><img loading=\"lazy\" width=\"300\" height=\"200\" src=\"https:\/\/www.lichen.pl\/wp-content\/uploads\/2025\/09\/IMG_2149-Poprawione-Szum-300x200.jpg\" class=\"attachment-medium size-medium\" alt=\"\" decoding=\"async\" srcset=\"https:\/\/www.lichen.pl\/wp-content\/uploads\/2025\/09\/IMG_2149-Poprawione-Szum-300x200.jpg 300w, https:\/\/www.lichen.pl\/wp-content\/uploads\/2025\/09\/IMG_2149-Poprawione-Szum-1024x683.jpg 1024w, https:\/\/www.lichen.pl\/wp-content\/uploads\/2025\/09\/IMG_2149-Poprawione-Szum-768x512.jpg 768w, https:\/\/www.lichen.pl\/wp-content\/uploads\/2025\/09\/IMG_2149-Poprawione-Szum-1536x1024.jpg 1536w, https:\/\/www.lichen.pl\/wp-content\/uploads\/2025\/09\/IMG_2149-Poprawione-Szum-2048x1365.jpg 2048w, https:\/\/www.lichen.pl\/wp-content\/uploads\/2025\/09\/IMG_2149-Poprawione-Szum-18x12.jpg 18w, https:\/\/www.lichen.pl\/wp-content\/uploads\/2025\/09\/IMG_2149-Poprawione-Szum-800x533.jpg 800w\" sizes=\"(max-width: 300px) 100vw, 300px\" \/><\/a>\n\t\t\t<\/div><\/figure><figure class='gallery-item'>\n\t\t\t<div class='gallery-icon landscape'>\n\t\t\t\t<a data-elementor-open-lightbox=\"yes\" data-elementor-lightbox-slideshow=\"73198ee\" data-elementor-lightbox-title=\"IMG_2188-Poprawione-Szum\" data-e-action-hash=\"#elementor-action%3Aaction%3Dlightbox%26settings%3DeyJpZCI6ODg5OTYsInVybCI6Imh0dHBzOlwvXC93d3cubGljaGVuLnBsXC93cC1jb250ZW50XC91cGxvYWRzXC8yMDI1XC8wOVwvSU1HXzIxODgtUG9wcmF3aW9uZS1TenVtLmpwZyIsInNsaWRlc2hvdyI6IjczMTk4ZWUifQ%3D%3D\" href='https:\/\/www.lichen.pl\/wp-content\/uploads\/2025\/09\/IMG_2188-Poprawione-Szum.jpg'><img loading=\"lazy\" width=\"300\" height=\"200\" src=\"https:\/\/www.lichen.pl\/wp-content\/uploads\/2025\/09\/IMG_2188-Poprawione-Szum-300x200.jpg\" class=\"attachment-medium size-medium\" alt=\"\" decoding=\"async\" srcset=\"https:\/\/www.lichen.pl\/wp-content\/uploads\/2025\/09\/IMG_2188-Poprawione-Szum-300x200.jpg 300w, https:\/\/www.lichen.pl\/wp-content\/uploads\/2025\/09\/IMG_2188-Poprawione-Szum-1024x683.jpg 1024w, https:\/\/www.lichen.pl\/wp-content\/uploads\/2025\/09\/IMG_2188-Poprawione-Szum-768x512.jpg 768w, https:\/\/www.lichen.pl\/wp-content\/uploads\/2025\/09\/IMG_2188-Poprawione-Szum-1536x1024.jpg 1536w, https:\/\/www.lichen.pl\/wp-content\/uploads\/2025\/09\/IMG_2188-Poprawione-Szum-2048x1365.jpg 2048w, https:\/\/www.lichen.pl\/wp-content\/uploads\/2025\/09\/IMG_2188-Poprawione-Szum-18x12.jpg 18w, https:\/\/www.lichen.pl\/wp-content\/uploads\/2025\/09\/IMG_2188-Poprawione-Szum-800x533.jpg 800w\" sizes=\"(max-width: 300px) 100vw, 300px\" \/><\/a>\n\t\t\t<\/div><\/figure><figure class='gallery-item'>\n\t\t\t<div class='gallery-icon landscape'>\n\t\t\t\t<a data-elementor-open-lightbox=\"yes\" data-elementor-lightbox-slideshow=\"73198ee\" data-elementor-lightbox-title=\"IMG_2231-Poprawione-Szum\" data-e-action-hash=\"#elementor-action%3Aaction%3Dlightbox%26settings%3DeyJpZCI6ODg5OTcsInVybCI6Imh0dHBzOlwvXC93d3cubGljaGVuLnBsXC93cC1jb250ZW50XC91cGxvYWRzXC8yMDI1XC8wOVwvSU1HXzIyMzEtUG9wcmF3aW9uZS1TenVtLmpwZyIsInNsaWRlc2hvdyI6IjczMTk4ZWUifQ%3D%3D\" href='https:\/\/www.lichen.pl\/wp-content\/uploads\/2025\/09\/IMG_2231-Poprawione-Szum.jpg'><img loading=\"lazy\" width=\"300\" height=\"200\" src=\"https:\/\/www.lichen.pl\/wp-content\/uploads\/2025\/09\/IMG_2231-Poprawione-Szum-300x200.jpg\" class=\"attachment-medium size-medium\" alt=\"\" decoding=\"async\" srcset=\"https:\/\/www.lichen.pl\/wp-content\/uploads\/2025\/09\/IMG_2231-Poprawione-Szum-300x200.jpg 300w, https:\/\/www.lichen.pl\/wp-content\/uploads\/2025\/09\/IMG_2231-Poprawione-Szum-1024x683.jpg 1024w, https:\/\/www.lichen.pl\/wp-content\/uploads\/2025\/09\/IMG_2231-Poprawione-Szum-768x512.jpg 768w, https:\/\/www.lichen.pl\/wp-content\/uploads\/2025\/09\/IMG_2231-Poprawione-Szum-1536x1024.jpg 1536w, https:\/\/www.lichen.pl\/wp-content\/uploads\/2025\/09\/IMG_2231-Poprawione-Szum-2048x1365.jpg 2048w, https:\/\/www.lichen.pl\/wp-content\/uploads\/2025\/09\/IMG_2231-Poprawione-Szum-18x12.jpg 18w, https:\/\/www.lichen.pl\/wp-content\/uploads\/2025\/09\/IMG_2231-Poprawione-Szum-800x533.jpg 800w\" sizes=\"(max-width: 300px) 100vw, 300px\" \/><\/a>\n\t\t\t<\/div><\/figure><figure class='gallery-item'>\n\t\t\t<div class='gallery-icon landscape'>\n\t\t\t\t<a data-elementor-open-lightbox=\"yes\" data-elementor-lightbox-slideshow=\"73198ee\" data-elementor-lightbox-title=\"IMG_2245-Poprawione-Szum\" data-e-action-hash=\"#elementor-action%3Aaction%3Dlightbox%26settings%3DeyJpZCI6ODg5OTgsInVybCI6Imh0dHBzOlwvXC93d3cubGljaGVuLnBsXC93cC1jb250ZW50XC91cGxvYWRzXC8yMDI1XC8wOVwvSU1HXzIyNDUtUG9wcmF3aW9uZS1TenVtLmpwZyIsInNsaWRlc2hvdyI6IjczMTk4ZWUifQ%3D%3D\" href='https:\/\/www.lichen.pl\/wp-content\/uploads\/2025\/09\/IMG_2245-Poprawione-Szum.jpg'><img loading=\"lazy\" width=\"300\" height=\"200\" src=\"https:\/\/www.lichen.pl\/wp-content\/uploads\/2025\/09\/IMG_2245-Poprawione-Szum-300x200.jpg\" class=\"attachment-medium size-medium\" alt=\"\" decoding=\"async\" srcset=\"https:\/\/www.lichen.pl\/wp-content\/uploads\/2025\/09\/IMG_2245-Poprawione-Szum-300x200.jpg 300w, https:\/\/www.lichen.pl\/wp-content\/uploads\/2025\/09\/IMG_2245-Poprawione-Szum-1024x683.jpg 1024w, https:\/\/www.lichen.pl\/wp-content\/uploads\/2025\/09\/IMG_2245-Poprawione-Szum-768x512.jpg 768w, https:\/\/www.lichen.pl\/wp-content\/uploads\/2025\/09\/IMG_2245-Poprawione-Szum-1536x1024.jpg 1536w, https:\/\/www.lichen.pl\/wp-content\/uploads\/2025\/09\/IMG_2245-Poprawione-Szum-2048x1365.jpg 2048w, https:\/\/www.lichen.pl\/wp-content\/uploads\/2025\/09\/IMG_2245-Poprawione-Szum-18x12.jpg 18w, https:\/\/www.lichen.pl\/wp-content\/uploads\/2025\/09\/IMG_2245-Poprawione-Szum-800x533.jpg 800w\" sizes=\"(max-width: 300px) 100vw, 300px\" \/><\/a>\n\t\t\t<\/div><\/figure><figure class='gallery-item'>\n\t\t\t<div class='gallery-icon landscape'>\n\t\t\t\t<a data-elementor-open-lightbox=\"yes\" data-elementor-lightbox-slideshow=\"73198ee\" data-elementor-lightbox-title=\"IMG_2255-Poprawione-Szum\" data-e-action-hash=\"#elementor-action%3Aaction%3Dlightbox%26settings%3DeyJpZCI6ODg5OTksInVybCI6Imh0dHBzOlwvXC93d3cubGljaGVuLnBsXC93cC1jb250ZW50XC91cGxvYWRzXC8yMDI1XC8wOVwvSU1HXzIyNTUtUG9wcmF3aW9uZS1TenVtLmpwZyIsInNsaWRlc2hvdyI6IjczMTk4ZWUifQ%3D%3D\" href='https:\/\/www.lichen.pl\/wp-content\/uploads\/2025\/09\/IMG_2255-Poprawione-Szum.jpg'><img loading=\"lazy\" width=\"300\" height=\"200\" src=\"https:\/\/www.lichen.pl\/wp-content\/uploads\/2025\/09\/IMG_2255-Poprawione-Szum-300x200.jpg\" class=\"attachment-medium size-medium\" alt=\"\" decoding=\"async\" srcset=\"https:\/\/www.lichen.pl\/wp-content\/uploads\/2025\/09\/IMG_2255-Poprawione-Szum-300x200.jpg 300w, https:\/\/www.lichen.pl\/wp-content\/uploads\/2025\/09\/IMG_2255-Poprawione-Szum-1024x683.jpg 1024w, https:\/\/www.lichen.pl\/wp-content\/uploads\/2025\/09\/IMG_2255-Poprawione-Szum-768x512.jpg 768w, https:\/\/www.lichen.pl\/wp-content\/uploads\/2025\/09\/IMG_2255-Poprawione-Szum-1536x1024.jpg 1536w, https:\/\/www.lichen.pl\/wp-content\/uploads\/2025\/09\/IMG_2255-Poprawione-Szum-2048x1365.jpg 2048w, https:\/\/www.lichen.pl\/wp-content\/uploads\/2025\/09\/IMG_2255-Poprawione-Szum-18x12.jpg 18w, https:\/\/www.lichen.pl\/wp-content\/uploads\/2025\/09\/IMG_2255-Poprawione-Szum-800x533.jpg 800w, https:\/\/www.lichen.pl\/wp-content\/uploads\/2025\/09\/IMG_2255-Poprawione-Szum.jpg 1920w\" sizes=\"(max-width: 300px) 100vw, 300px\" \/><\/a>\n\t\t\t<\/div><\/figure><figure class='gallery-item'>\n\t\t\t<div class='gallery-icon landscape'>\n\t\t\t\t<a data-elementor-open-lightbox=\"yes\" data-elementor-lightbox-slideshow=\"73198ee\" data-elementor-lightbox-title=\"IMG_2161-Poprawione-Szum\" data-e-action-hash=\"#elementor-action%3Aaction%3Dlightbox%26settings%3DeyJpZCI6ODkwMDAsInVybCI6Imh0dHBzOlwvXC93d3cubGljaGVuLnBsXC93cC1jb250ZW50XC91cGxvYWRzXC8yMDI1XC8wOVwvSU1HXzIxNjEtUG9wcmF3aW9uZS1TenVtLmpwZyIsInNsaWRlc2hvdyI6IjczMTk4ZWUifQ%3D%3D\" href='https:\/\/www.lichen.pl\/wp-content\/uploads\/2025\/09\/IMG_2161-Poprawione-Szum.jpg'><img loading=\"lazy\" width=\"300\" height=\"200\" src=\"https:\/\/www.lichen.pl\/wp-content\/uploads\/2025\/09\/IMG_2161-Poprawione-Szum-300x200.jpg\" class=\"attachment-medium size-medium\" alt=\"\" decoding=\"async\" srcset=\"https:\/\/www.lichen.pl\/wp-content\/uploads\/2025\/09\/IMG_2161-Poprawione-Szum-300x200.jpg 300w, https:\/\/www.lichen.pl\/wp-content\/uploads\/2025\/09\/IMG_2161-Poprawione-Szum-1024x683.jpg 1024w, https:\/\/www.lichen.pl\/wp-content\/uploads\/2025\/09\/IMG_2161-Poprawione-Szum-768x512.jpg 768w, https:\/\/www.lichen.pl\/wp-content\/uploads\/2025\/09\/IMG_2161-Poprawione-Szum-1536x1024.jpg 1536w, https:\/\/www.lichen.pl\/wp-content\/uploads\/2025\/09\/IMG_2161-Poprawione-Szum-2048x1365.jpg 2048w, https:\/\/www.lichen.pl\/wp-content\/uploads\/2025\/09\/IMG_2161-Poprawione-Szum-18x12.jpg 18w, https:\/\/www.lichen.pl\/wp-content\/uploads\/2025\/09\/IMG_2161-Poprawione-Szum-800x533.jpg 800w, https:\/\/www.lichen.pl\/wp-content\/uploads\/2025\/09\/IMG_2161-Poprawione-Szum.jpg 1920w\" sizes=\"(max-width: 300px) 100vw, 300px\" \/><\/a>\n\t\t\t<\/div><\/figure><figure class='gallery-item'>\n\t\t\t<div class='gallery-icon landscape'>\n\t\t\t\t<a data-elementor-open-lightbox=\"yes\" data-elementor-lightbox-slideshow=\"73198ee\" data-elementor-lightbox-title=\"IMG_2166-Poprawione-Szum\" data-e-action-hash=\"#elementor-action%3Aaction%3Dlightbox%26settings%3DeyJpZCI6ODkwMDEsInVybCI6Imh0dHBzOlwvXC93d3cubGljaGVuLnBsXC93cC1jb250ZW50XC91cGxvYWRzXC8yMDI1XC8wOVwvSU1HXzIxNjYtUG9wcmF3aW9uZS1TenVtLmpwZyIsInNsaWRlc2hvdyI6IjczMTk4ZWUifQ%3D%3D\" href='https:\/\/www.lichen.pl\/wp-content\/uploads\/2025\/09\/IMG_2166-Poprawione-Szum.jpg'><img loading=\"lazy\" width=\"300\" height=\"200\" src=\"https:\/\/www.lichen.pl\/wp-content\/uploads\/2025\/09\/IMG_2166-Poprawione-Szum-300x200.jpg\" class=\"attachment-medium size-medium\" alt=\"\" decoding=\"async\" srcset=\"https:\/\/www.lichen.pl\/wp-content\/uploads\/2025\/09\/IMG_2166-Poprawione-Szum-300x200.jpg 300w, https:\/\/www.lichen.pl\/wp-content\/uploads\/2025\/09\/IMG_2166-Poprawione-Szum-1024x683.jpg 1024w, https:\/\/www.lichen.pl\/wp-content\/uploads\/2025\/09\/IMG_2166-Poprawione-Szum-768x512.jpg 768w, https:\/\/www.lichen.pl\/wp-content\/uploads\/2025\/09\/IMG_2166-Poprawione-Szum-1536x1024.jpg 1536w, https:\/\/www.lichen.pl\/wp-content\/uploads\/2025\/09\/IMG_2166-Poprawione-Szum-2048x1365.jpg 2048w, https:\/\/www.lichen.pl\/wp-content\/uploads\/2025\/09\/IMG_2166-Poprawione-Szum-18x12.jpg 18w, https:\/\/www.lichen.pl\/wp-content\/uploads\/2025\/09\/IMG_2166-Poprawione-Szum-800x533.jpg 800w\" sizes=\"(max-width: 300px) 100vw, 300px\" \/><\/a>\n\t\t\t<\/div><\/figure><figure class='gallery-item'>\n\t\t\t<div class='gallery-icon landscape'>\n\t\t\t\t<a data-elementor-open-lightbox=\"yes\" data-elementor-lightbox-slideshow=\"73198ee\" data-elementor-lightbox-title=\"IMG_2170-Poprawione-Szum\" data-e-action-hash=\"#elementor-action%3Aaction%3Dlightbox%26settings%3DeyJpZCI6ODkwMDIsInVybCI6Imh0dHBzOlwvXC93d3cubGljaGVuLnBsXC93cC1jb250ZW50XC91cGxvYWRzXC8yMDI1XC8wOVwvSU1HXzIxNzAtUG9wcmF3aW9uZS1TenVtLmpwZyIsInNsaWRlc2hvdyI6IjczMTk4ZWUifQ%3D%3D\" href='https:\/\/www.lichen.pl\/wp-content\/uploads\/2025\/09\/IMG_2170-Poprawione-Szum.jpg'><img loading=\"lazy\" width=\"300\" height=\"200\" src=\"https:\/\/www.lichen.pl\/wp-content\/uploads\/2025\/09\/IMG_2170-Poprawione-Szum-300x200.jpg\" class=\"attachment-medium size-medium\" alt=\"\" decoding=\"async\" srcset=\"https:\/\/www.lichen.pl\/wp-content\/uploads\/2025\/09\/IMG_2170-Poprawione-Szum-300x200.jpg 300w, https:\/\/www.lichen.pl\/wp-content\/uploads\/2025\/09\/IMG_2170-Poprawione-Szum-1024x683.jpg 1024w, https:\/\/www.lichen.pl\/wp-content\/uploads\/2025\/09\/IMG_2170-Poprawione-Szum-768x512.jpg 768w, https:\/\/www.lichen.pl\/wp-content\/uploads\/2025\/09\/IMG_2170-Poprawione-Szum-1536x1024.jpg 1536w, https:\/\/www.lichen.pl\/wp-content\/uploads\/2025\/09\/IMG_2170-Poprawione-Szum-2048x1365.jpg 2048w, https:\/\/www.lichen.pl\/wp-content\/uploads\/2025\/09\/IMG_2170-Poprawione-Szum-18x12.jpg 18w, https:\/\/www.lichen.pl\/wp-content\/uploads\/2025\/09\/IMG_2170-Poprawione-Szum-800x533.jpg 800w\" sizes=\"(max-width: 300px) 100vw, 300px\" \/><\/a>\n\t\t\t<\/div><\/figure><figure class='gallery-item'>\n\t\t\t<div class='gallery-icon landscape'>\n\t\t\t\t<a data-elementor-open-lightbox=\"yes\" data-elementor-lightbox-slideshow=\"73198ee\" data-elementor-lightbox-title=\"IMG_2185-Poprawione-Szum\" data-e-action-hash=\"#elementor-action%3Aaction%3Dlightbox%26settings%3DeyJpZCI6ODkwMDMsInVybCI6Imh0dHBzOlwvXC93d3cubGljaGVuLnBsXC93cC1jb250ZW50XC91cGxvYWRzXC8yMDI1XC8wOVwvSU1HXzIxODUtUG9wcmF3aW9uZS1TenVtLmpwZyIsInNsaWRlc2hvdyI6IjczMTk4ZWUifQ%3D%3D\" href='https:\/\/www.lichen.pl\/wp-content\/uploads\/2025\/09\/IMG_2185-Poprawione-Szum.jpg'><img loading=\"lazy\" width=\"300\" height=\"200\" src=\"https:\/\/www.lichen.pl\/wp-content\/uploads\/2025\/09\/IMG_2185-Poprawione-Szum-300x200.jpg\" class=\"attachment-medium size-medium\" alt=\"\" decoding=\"async\" srcset=\"https:\/\/www.lichen.pl\/wp-content\/uploads\/2025\/09\/IMG_2185-Poprawione-Szum-300x200.jpg 300w, https:\/\/www.lichen.pl\/wp-content\/uploads\/2025\/09\/IMG_2185-Poprawione-Szum-1024x683.jpg 1024w, https:\/\/www.lichen.pl\/wp-content\/uploads\/2025\/09\/IMG_2185-Poprawione-Szum-768x512.jpg 768w, https:\/\/www.lichen.pl\/wp-content\/uploads\/2025\/09\/IMG_2185-Poprawione-Szum-1536x1024.jpg 1536w, https:\/\/www.lichen.pl\/wp-content\/uploads\/2025\/09\/IMG_2185-Poprawione-Szum-2048x1365.jpg 2048w, https:\/\/www.lichen.pl\/wp-content\/uploads\/2025\/09\/IMG_2185-Poprawione-Szum-18x12.jpg 18w, https:\/\/www.lichen.pl\/wp-content\/uploads\/2025\/09\/IMG_2185-Poprawione-Szum-800x533.jpg 800w\" sizes=\"(max-width: 300px) 100vw, 300px\" \/><\/a>\n\t\t\t<\/div><\/figure><figure class='gallery-item'>\n\t\t\t<div class='gallery-icon landscape'>\n\t\t\t\t<a data-elementor-open-lightbox=\"yes\" data-elementor-lightbox-slideshow=\"73198ee\" data-elementor-lightbox-title=\"IMG_2272-Poprawione-Szum\" data-e-action-hash=\"#elementor-action%3Aaction%3Dlightbox%26settings%3DeyJpZCI6ODkwMDQsInVybCI6Imh0dHBzOlwvXC93d3cubGljaGVuLnBsXC93cC1jb250ZW50XC91cGxvYWRzXC8yMDI1XC8wOVwvSU1HXzIyNzItUG9wcmF3aW9uZS1TenVtLmpwZyIsInNsaWRlc2hvdyI6IjczMTk4ZWUifQ%3D%3D\" href='https:\/\/www.lichen.pl\/wp-content\/uploads\/2025\/09\/IMG_2272-Poprawione-Szum.jpg'><img loading=\"lazy\" width=\"300\" height=\"200\" src=\"https:\/\/www.lichen.pl\/wp-content\/uploads\/2025\/09\/IMG_2272-Poprawione-Szum-300x200.jpg\" class=\"attachment-medium size-medium\" alt=\"\" decoding=\"async\" srcset=\"https:\/\/www.lichen.pl\/wp-content\/uploads\/2025\/09\/IMG_2272-Poprawione-Szum-300x200.jpg 300w, https:\/\/www.lichen.pl\/wp-content\/uploads\/2025\/09\/IMG_2272-Poprawione-Szum-1024x683.jpg 1024w, https:\/\/www.lichen.pl\/wp-content\/uploads\/2025\/09\/IMG_2272-Poprawione-Szum-768x512.jpg 768w, https:\/\/www.lichen.pl\/wp-content\/uploads\/2025\/09\/IMG_2272-Poprawione-Szum-1536x1024.jpg 1536w, https:\/\/www.lichen.pl\/wp-content\/uploads\/2025\/09\/IMG_2272-Poprawione-Szum-2048x1365.jpg 2048w, https:\/\/www.lichen.pl\/wp-content\/uploads\/2025\/09\/IMG_2272-Poprawione-Szum-18x12.jpg 18w, https:\/\/www.lichen.pl\/wp-content\/uploads\/2025\/09\/IMG_2272-Poprawione-Szum-800x533.jpg 800w\" sizes=\"(max-width: 300px) 100vw, 300px\" \/><\/a>\n\t\t\t<\/div><\/figure><figure class='gallery-item'>\n\t\t\t<div class='gallery-icon landscape'>\n\t\t\t\t<a data-elementor-open-lightbox=\"yes\" data-elementor-lightbox-slideshow=\"73198ee\" data-elementor-lightbox-title=\"IMG_2263-Poprawione-Szum\" data-e-action-hash=\"#elementor-action%3Aaction%3Dlightbox%26settings%3DeyJpZCI6ODkwMDUsInVybCI6Imh0dHBzOlwvXC93d3cubGljaGVuLnBsXC93cC1jb250ZW50XC91cGxvYWRzXC8yMDI1XC8wOVwvSU1HXzIyNjMtUG9wcmF3aW9uZS1TenVtLmpwZyIsInNsaWRlc2hvdyI6IjczMTk4ZWUifQ%3D%3D\" href='https:\/\/www.lichen.pl\/wp-content\/uploads\/2025\/09\/IMG_2263-Poprawione-Szum.jpg'><img loading=\"lazy\" width=\"300\" height=\"200\" src=\"https:\/\/www.lichen.pl\/wp-content\/uploads\/2025\/09\/IMG_2263-Poprawione-Szum-300x200.jpg\" class=\"attachment-medium size-medium\" alt=\"\" decoding=\"async\" srcset=\"https:\/\/www.lichen.pl\/wp-content\/uploads\/2025\/09\/IMG_2263-Poprawione-Szum-300x200.jpg 300w, https:\/\/www.lichen.pl\/wp-content\/uploads\/2025\/09\/IMG_2263-Poprawione-Szum-1024x683.jpg 1024w, https:\/\/www.lichen.pl\/wp-content\/uploads\/2025\/09\/IMG_2263-Poprawione-Szum-768x512.jpg 768w, https:\/\/www.lichen.pl\/wp-content\/uploads\/2025\/09\/IMG_2263-Poprawione-Szum-1536x1024.jpg 1536w, https:\/\/www.lichen.pl\/wp-content\/uploads\/2025\/09\/IMG_2263-Poprawione-Szum-2048x1365.jpg 2048w, https:\/\/www.lichen.pl\/wp-content\/uploads\/2025\/09\/IMG_2263-Poprawione-Szum-18x12.jpg 18w, https:\/\/www.lichen.pl\/wp-content\/uploads\/2025\/09\/IMG_2263-Poprawione-Szum-800x533.jpg 800w, https:\/\/www.lichen.pl\/wp-content\/uploads\/2025\/09\/IMG_2263-Poprawione-Szum.jpg 1920w\" sizes=\"(max-width: 300px) 100vw, 300px\" \/><\/a>\n\t\t\t<\/div><\/figure>\n\t\t<\/div>\n\t\t<\/div>\n\t\t\t\t\t\t<\/div>\n\t\t\t\t<\/div>\n\t\t\t\t\t<\/div>\n\t\t<\/div>\n\t\t\t\t\t<\/div>\n\t\t<\/section>\n\t\t\t\t<\/div>","protected":false},"excerpt":{"rendered":"<p>Prawie 600 os\u00f3b konsekrowanych, si\u00f3str, braci zakonnych, ksi\u0119\u017cy i os\u00f3b \u017cycia konsekrowanego, przyjecha\u0142o do Lichenia, by wsp\u00f3lnie prze\u017cywa\u0107 V Kongres M\u0142odych\u00a0Konsekrowanych. Has\u0142o wydarzenia: \u201eOto Cz\u0142owiek\u201d prowadzi uczestnik\u00f3w do pog\u0142\u0119bienia\u00a0zar\u00f3wno relacji z Bogiem, jak i odkrywania swojego cz\u0142owiecze\u0144stwa. W czwartek wieczorem, kongres oficjalnie si\u0119 rozpocz\u0105\u0142. Centralnym punktem dnia by\u0142a\u00a0Eucharystia o godz. 19:00, kt\u00f3rej przewodniczy\u0142 bp Krzysztof [&hellip;]<\/p>\n","protected":false},"author":8,"featured_media":89003,"comment_status":"closed","ping_status":"closed","sticky":false,"template":"","format":"standard","meta":{"footnotes":""},"categories":[1],"tags":[],"class_list":["post-88982","post","type-post","status-publish","format-standard","has-post-thumbnail","hentry","category-aktualnosci","wpbf-post"],"yoast_head":"<!-- This site is optimized with the Yoast SEO plugin v27.4 - https:\/\/yoast.com\/product\/yoast-seo-wordpress\/ -->\n<title>Rozpocz\u0105\u0142 si\u0119 V Kongres M\u0142odych Konsekrowanych w Licheniu: \u201eOto Cz\u0142owiek\u201d - SANKTUARIUM W LICHENIU<\/title>\n<meta name=\"robots\" content=\"index, follow, max-snippet:-1, max-image-preview:large, max-video-preview:-1\" \/>\n<link rel=\"canonical\" href=\"https:\/\/www.lichen.pl\/en\/rozpoczal-sie-v-kongres-mlodych-konsekrowanych-w-licheniu-oto-czlowiek\/\" \/>\n<meta property=\"og:locale\" content=\"en_GB\" \/>\n<meta property=\"og:type\" content=\"article\" \/>\n<meta property=\"og:title\" content=\"Rozpocz\u0105\u0142 si\u0119 V Kongres M\u0142odych Konsekrowanych w Licheniu: \u201eOto Cz\u0142owiek\u201d - SANKTUARIUM W LICHENIU\" \/>\n<meta property=\"og:description\" content=\"Prawie 600 os\u00f3b konsekrowanych, si\u00f3str, braci zakonnych, ksi\u0119\u017cy i os\u00f3b \u017cycia konsekrowanego, przyjecha\u0142o do Lichenia, by wsp\u00f3lnie prze\u017cywa\u0107 V Kongres M\u0142odych\u00a0Konsekrowanych. Has\u0142o wydarzenia: \u201eOto Cz\u0142owiek\u201d prowadzi uczestnik\u00f3w do pog\u0142\u0119bienia\u00a0zar\u00f3wno relacji z Bogiem, jak i odkrywania swojego cz\u0142owiecze\u0144stwa. W czwartek wieczorem, kongres oficjalnie si\u0119 rozpocz\u0105\u0142. Centralnym punktem dnia by\u0142a\u00a0Eucharystia o godz. 19:00, kt\u00f3rej przewodniczy\u0142 bp Krzysztof [&hellip;]\" \/>\n<meta property=\"og:url\" content=\"https:\/\/www.lichen.pl\/en\/rozpoczal-sie-v-kongres-mlodych-konsekrowanych-w-licheniu-oto-czlowiek\/\" \/>\n<meta property=\"og:site_name\" content=\"SANKTUARIUM W LICHENIU\" \/>\n<meta property=\"article:published_time\" content=\"2025-09-19T15:32:39+00:00\" \/>\n<meta property=\"article:modified_time\" content=\"2025-09-19T15:42:56+00:00\" \/>\n<meta property=\"og:image\" content=\"https:\/\/www.lichen.pl\/wp-content\/uploads\/2025\/09\/IMG_2185-Poprawione-Szum-1024x683.jpg\" \/>\n\t<meta property=\"og:image:width\" content=\"1024\" \/>\n\t<meta property=\"og:image:height\" content=\"683\" \/>\n\t<meta property=\"og:image:type\" content=\"image\/jpeg\" \/>\n<meta name=\"author\" content=\"Biuro Prasowe\" \/>\n<meta name=\"twitter:card\" content=\"summary_large_image\" \/>\n<meta name=\"twitter:label1\" content=\"Written by\" \/>\n\t<meta name=\"twitter:data1\" content=\"Biuro Prasowe\" \/>\n\t<meta name=\"twitter:label2\" content=\"Estimated reading time\" \/>\n\t<meta name=\"twitter:data2\" content=\"8 minutes\" \/>\n<script type=\"application\/ld+json\" class=\"yoast-schema-graph\">{\"@context\":\"https:\\\/\\\/schema.org\",\"@graph\":[{\"@type\":\"Article\",\"@id\":\"https:\\\/\\\/www.lichen.pl\\\/rozpoczal-sie-v-kongres-mlodych-konsekrowanych-w-licheniu-oto-czlowiek\\\/#article\",\"isPartOf\":{\"@id\":\"https:\\\/\\\/www.lichen.pl\\\/rozpoczal-sie-v-kongres-mlodych-konsekrowanych-w-licheniu-oto-czlowiek\\\/\"},\"author\":{\"name\":\"Biuro Prasowe\",\"@id\":\"https:\\\/\\\/www.lichen.pl\\\/fr\\\/#\\\/schema\\\/person\\\/682b5cfa2f8a664a298ed0bc19782a02\"},\"headline\":\"Rozpocz\u0105\u0142 si\u0119 V Kongres M\u0142odych Konsekrowanych w Licheniu: \u201eOto Cz\u0142owiek\u201d\",\"datePublished\":\"2025-09-19T15:32:39+00:00\",\"dateModified\":\"2025-09-19T15:42:56+00:00\",\"mainEntityOfPage\":{\"@id\":\"https:\\\/\\\/www.lichen.pl\\\/rozpoczal-sie-v-kongres-mlodych-konsekrowanych-w-licheniu-oto-czlowiek\\\/\"},\"wordCount\":701,\"image\":{\"@id\":\"https:\\\/\\\/www.lichen.pl\\\/rozpoczal-sie-v-kongres-mlodych-konsekrowanych-w-licheniu-oto-czlowiek\\\/#primaryimage\"},\"thumbnailUrl\":\"https:\\\/\\\/www.lichen.pl\\\/wp-content\\\/uploads\\\/2025\\\/09\\\/IMG_2185-Poprawione-Szum.jpg\",\"articleSection\":[\"Aktualno\u015bci\"],\"inLanguage\":\"en-GB\"},{\"@type\":\"WebPage\",\"@id\":\"https:\\\/\\\/www.lichen.pl\\\/rozpoczal-sie-v-kongres-mlodych-konsekrowanych-w-licheniu-oto-czlowiek\\\/\",\"url\":\"https:\\\/\\\/www.lichen.pl\\\/rozpoczal-sie-v-kongres-mlodych-konsekrowanych-w-licheniu-oto-czlowiek\\\/\",\"name\":\"Rozpocz\u0105\u0142 si\u0119 V Kongres M\u0142odych Konsekrowanych w Licheniu: \u201eOto Cz\u0142owiek\u201d - SANKTUARIUM W LICHENIU\",\"isPartOf\":{\"@id\":\"https:\\\/\\\/www.lichen.pl\\\/fr\\\/#website\"},\"primaryImageOfPage\":{\"@id\":\"https:\\\/\\\/www.lichen.pl\\\/rozpoczal-sie-v-kongres-mlodych-konsekrowanych-w-licheniu-oto-czlowiek\\\/#primaryimage\"},\"image\":{\"@id\":\"https:\\\/\\\/www.lichen.pl\\\/rozpoczal-sie-v-kongres-mlodych-konsekrowanych-w-licheniu-oto-czlowiek\\\/#primaryimage\"},\"thumbnailUrl\":\"https:\\\/\\\/www.lichen.pl\\\/wp-content\\\/uploads\\\/2025\\\/09\\\/IMG_2185-Poprawione-Szum.jpg\",\"datePublished\":\"2025-09-19T15:32:39+00:00\",\"dateModified\":\"2025-09-19T15:42:56+00:00\",\"author\":{\"@id\":\"https:\\\/\\\/www.lichen.pl\\\/fr\\\/#\\\/schema\\\/person\\\/682b5cfa2f8a664a298ed0bc19782a02\"},\"breadcrumb\":{\"@id\":\"https:\\\/\\\/www.lichen.pl\\\/rozpoczal-sie-v-kongres-mlodych-konsekrowanych-w-licheniu-oto-czlowiek\\\/#breadcrumb\"},\"inLanguage\":\"en-GB\",\"potentialAction\":[{\"@type\":\"ReadAction\",\"target\":[\"https:\\\/\\\/www.lichen.pl\\\/rozpoczal-sie-v-kongres-mlodych-konsekrowanych-w-licheniu-oto-czlowiek\\\/\"]}]},{\"@type\":\"ImageObject\",\"inLanguage\":\"en-GB\",\"@id\":\"https:\\\/\\\/www.lichen.pl\\\/rozpoczal-sie-v-kongres-mlodych-konsekrowanych-w-licheniu-oto-czlowiek\\\/#primaryimage\",\"url\":\"https:\\\/\\\/www.lichen.pl\\\/wp-content\\\/uploads\\\/2025\\\/09\\\/IMG_2185-Poprawione-Szum.jpg\",\"contentUrl\":\"https:\\\/\\\/www.lichen.pl\\\/wp-content\\\/uploads\\\/2025\\\/09\\\/IMG_2185-Poprawione-Szum.jpg\",\"width\":5430,\"height\":3620},{\"@type\":\"BreadcrumbList\",\"@id\":\"https:\\\/\\\/www.lichen.pl\\\/rozpoczal-sie-v-kongres-mlodych-konsekrowanych-w-licheniu-oto-czlowiek\\\/#breadcrumb\",\"itemListElement\":[{\"@type\":\"ListItem\",\"position\":1,\"name\":\"Strona g\u0142\u00f3wna\",\"item\":\"https:\\\/\\\/www.lichen.pl\\\/\"},{\"@type\":\"ListItem\",\"position\":2,\"name\":\"Rozpocz\u0105\u0142 si\u0119 V Kongres M\u0142odych Konsekrowanych w Licheniu: \u201eOto Cz\u0142owiek\u201d\"}]},{\"@type\":\"WebSite\",\"@id\":\"https:\\\/\\\/www.lichen.pl\\\/fr\\\/#website\",\"url\":\"https:\\\/\\\/www.lichen.pl\\\/fr\\\/\",\"name\":\"SANKTUARIUM W LICHENIU\",\"description\":\"MATKI BO\u017bEJ LICHE\u0143SKIEJ BOLESNEJ KR\u00d3LOWEJ POLSKI\",\"potentialAction\":[{\"@type\":\"SearchAction\",\"target\":{\"@type\":\"EntryPoint\",\"urlTemplate\":\"https:\\\/\\\/www.lichen.pl\\\/fr\\\/?s={search_term_string}\"},\"query-input\":{\"@type\":\"PropertyValueSpecification\",\"valueRequired\":true,\"valueName\":\"search_term_string\"}}],\"inLanguage\":\"en-GB\"},{\"@type\":\"Person\",\"@id\":\"https:\\\/\\\/www.lichen.pl\\\/fr\\\/#\\\/schema\\\/person\\\/682b5cfa2f8a664a298ed0bc19782a02\",\"name\":\"Biuro Prasowe\",\"image\":{\"@type\":\"ImageObject\",\"inLanguage\":\"en-GB\",\"@id\":\"https:\\\/\\\/secure.gravatar.com\\\/avatar\\\/07fa3449d37670fd38888cb2e3db27aa13df245d811ec65206e44888f202bb53?s=96&d=retro&r=g\",\"url\":\"https:\\\/\\\/secure.gravatar.com\\\/avatar\\\/07fa3449d37670fd38888cb2e3db27aa13df245d811ec65206e44888f202bb53?s=96&d=retro&r=g\",\"contentUrl\":\"https:\\\/\\\/secure.gravatar.com\\\/avatar\\\/07fa3449d37670fd38888cb2e3db27aa13df245d811ec65206e44888f202bb53?s=96&d=retro&r=g\",\"caption\":\"Biuro Prasowe\"},\"sameAs\":[\"http:\\\/\\\/www.lichen.pl\"],\"url\":\"https:\\\/\\\/www.lichen.pl\\\/en\\\/author\\\/biuro-prasowe\\\/\"}]}<\/script>\n<!-- \/ Yoast SEO plugin. -->","yoast_head_json":{"title":"Rozpocz\u0105\u0142 si\u0119 V Kongres M\u0142odych Konsekrowanych w Licheniu: \u201eOto Cz\u0142owiek\u201d - SANKTUARIUM W LICHENIU","robots":{"index":"index","follow":"follow","max-snippet":"max-snippet:-1","max-image-preview":"max-image-preview:large","max-video-preview":"max-video-preview:-1"},"canonical":"https:\/\/www.lichen.pl\/en\/rozpoczal-sie-v-kongres-mlodych-konsekrowanych-w-licheniu-oto-czlowiek\/","og_locale":"en_GB","og_type":"article","og_title":"Rozpocz\u0105\u0142 si\u0119 V Kongres M\u0142odych Konsekrowanych w Licheniu: \u201eOto Cz\u0142owiek\u201d - SANKTUARIUM W LICHENIU","og_description":"Prawie 600 os\u00f3b konsekrowanych, si\u00f3str, braci zakonnych, ksi\u0119\u017cy i os\u00f3b \u017cycia konsekrowanego, przyjecha\u0142o do Lichenia, by wsp\u00f3lnie prze\u017cywa\u0107 V Kongres M\u0142odych\u00a0Konsekrowanych. Has\u0142o wydarzenia: \u201eOto Cz\u0142owiek\u201d prowadzi uczestnik\u00f3w do pog\u0142\u0119bienia\u00a0zar\u00f3wno relacji z Bogiem, jak i odkrywania swojego cz\u0142owiecze\u0144stwa. W czwartek wieczorem, kongres oficjalnie si\u0119 rozpocz\u0105\u0142. Centralnym punktem dnia by\u0142a\u00a0Eucharystia o godz. 19:00, kt\u00f3rej przewodniczy\u0142 bp Krzysztof [&hellip;]","og_url":"https:\/\/www.lichen.pl\/en\/rozpoczal-sie-v-kongres-mlodych-konsekrowanych-w-licheniu-oto-czlowiek\/","og_site_name":"SANKTUARIUM W LICHENIU","article_published_time":"2025-09-19T15:32:39+00:00","article_modified_time":"2025-09-19T15:42:56+00:00","og_image":[{"width":1024,"height":683,"url":"https:\/\/www.lichen.pl\/wp-content\/uploads\/2025\/09\/IMG_2185-Poprawione-Szum-1024x683.jpg","type":"image\/jpeg"}],"author":"Biuro Prasowe","twitter_card":"summary_large_image","twitter_misc":{"Written by":"Biuro Prasowe","Estimated reading time":"8 minutes"},"schema":{"@context":"https:\/\/schema.org","@graph":[{"@type":"Article","@id":"https:\/\/www.lichen.pl\/rozpoczal-sie-v-kongres-mlodych-konsekrowanych-w-licheniu-oto-czlowiek\/#article","isPartOf":{"@id":"https:\/\/www.lichen.pl\/rozpoczal-sie-v-kongres-mlodych-konsekrowanych-w-licheniu-oto-czlowiek\/"},"author":{"name":"Biuro Prasowe","@id":"https:\/\/www.lichen.pl\/fr\/#\/schema\/person\/682b5cfa2f8a664a298ed0bc19782a02"},"headline":"Rozpocz\u0105\u0142 si\u0119 V Kongres M\u0142odych Konsekrowanych w Licheniu: \u201eOto Cz\u0142owiek\u201d","datePublished":"2025-09-19T15:32:39+00:00","dateModified":"2025-09-19T15:42:56+00:00","mainEntityOfPage":{"@id":"https:\/\/www.lichen.pl\/rozpoczal-sie-v-kongres-mlodych-konsekrowanych-w-licheniu-oto-czlowiek\/"},"wordCount":701,"image":{"@id":"https:\/\/www.lichen.pl\/rozpoczal-sie-v-kongres-mlodych-konsekrowanych-w-licheniu-oto-czlowiek\/#primaryimage"},"thumbnailUrl":"https:\/\/www.lichen.pl\/wp-content\/uploads\/2025\/09\/IMG_2185-Poprawione-Szum.jpg","articleSection":["Aktualno\u015bci"],"inLanguage":"en-GB"},{"@type":"WebPage","@id":"https:\/\/www.lichen.pl\/rozpoczal-sie-v-kongres-mlodych-konsekrowanych-w-licheniu-oto-czlowiek\/","url":"https:\/\/www.lichen.pl\/rozpoczal-sie-v-kongres-mlodych-konsekrowanych-w-licheniu-oto-czlowiek\/","name":"Rozpocz\u0105\u0142 si\u0119 V Kongres M\u0142odych Konsekrowanych w Licheniu: \u201eOto Cz\u0142owiek\u201d - SANKTUARIUM W LICHENIU","isPartOf":{"@id":"https:\/\/www.lichen.pl\/fr\/#website"},"primaryImageOfPage":{"@id":"https:\/\/www.lichen.pl\/rozpoczal-sie-v-kongres-mlodych-konsekrowanych-w-licheniu-oto-czlowiek\/#primaryimage"},"image":{"@id":"https:\/\/www.lichen.pl\/rozpoczal-sie-v-kongres-mlodych-konsekrowanych-w-licheniu-oto-czlowiek\/#primaryimage"},"thumbnailUrl":"https:\/\/www.lichen.pl\/wp-content\/uploads\/2025\/09\/IMG_2185-Poprawione-Szum.jpg","datePublished":"2025-09-19T15:32:39+00:00","dateModified":"2025-09-19T15:42:56+00:00","author":{"@id":"https:\/\/www.lichen.pl\/fr\/#\/schema\/person\/682b5cfa2f8a664a298ed0bc19782a02"},"breadcrumb":{"@id":"https:\/\/www.lichen.pl\/rozpoczal-sie-v-kongres-mlodych-konsekrowanych-w-licheniu-oto-czlowiek\/#breadcrumb"},"inLanguage":"en-GB","potentialAction":[{"@type":"ReadAction","target":["https:\/\/www.lichen.pl\/rozpoczal-sie-v-kongres-mlodych-konsekrowanych-w-licheniu-oto-czlowiek\/"]}]},{"@type":"ImageObject","inLanguage":"en-GB","@id":"https:\/\/www.lichen.pl\/rozpoczal-sie-v-kongres-mlodych-konsekrowanych-w-licheniu-oto-czlowiek\/#primaryimage","url":"https:\/\/www.lichen.pl\/wp-content\/uploads\/2025\/09\/IMG_2185-Poprawione-Szum.jpg","contentUrl":"https:\/\/www.lichen.pl\/wp-content\/uploads\/2025\/09\/IMG_2185-Poprawione-Szum.jpg","width":5430,"height":3620},{"@type":"BreadcrumbList","@id":"https:\/\/www.lichen.pl\/rozpoczal-sie-v-kongres-mlodych-konsekrowanych-w-licheniu-oto-czlowiek\/#breadcrumb","itemListElement":[{"@type":"ListItem","position":1,"name":"Strona g\u0142\u00f3wna","item":"https:\/\/www.lichen.pl\/"},{"@type":"ListItem","position":2,"name":"Rozpocz\u0105\u0142 si\u0119 V Kongres M\u0142odych Konsekrowanych w Licheniu: \u201eOto Cz\u0142owiek\u201d"}]},{"@type":"WebSite","@id":"https:\/\/www.lichen.pl\/fr\/#website","url":"https:\/\/www.lichen.pl\/fr\/","name":"SANCTUARY IN LICHENIA","description":"OUR LICHEN&#039;S SORROWFUL QUEEN OF POLAND","potentialAction":[{"@type":"SearchAction","target":{"@type":"EntryPoint","urlTemplate":"https:\/\/www.lichen.pl\/fr\/?s={search_term_string}"},"query-input":{"@type":"PropertyValueSpecification","valueRequired":true,"valueName":"search_term_string"}}],"inLanguage":"en-GB"},{"@type":"Person","@id":"https:\/\/www.lichen.pl\/fr\/#\/schema\/person\/682b5cfa2f8a664a298ed0bc19782a02","name":"Biuro Prasowe","image":{"@type":"ImageObject","inLanguage":"en-GB","@id":"https:\/\/secure.gravatar.com\/avatar\/07fa3449d37670fd38888cb2e3db27aa13df245d811ec65206e44888f202bb53?s=96&d=retro&r=g","url":"https:\/\/secure.gravatar.com\/avatar\/07fa3449d37670fd38888cb2e3db27aa13df245d811ec65206e44888f202bb53?s=96&d=retro&r=g","contentUrl":"https:\/\/secure.gravatar.com\/avatar\/07fa3449d37670fd38888cb2e3db27aa13df245d811ec65206e44888f202bb53?s=96&d=retro&r=g","caption":"Biuro Prasowe"},"sameAs":["http:\/\/www.lichen.pl"],"url":"https:\/\/www.lichen.pl\/en\/author\/biuro-prasowe\/"}]}},"_links":{"self":[{"href":"https:\/\/www.lichen.pl\/en\/wp-json\/wp\/v2\/posts\/88982","targetHints":{"allow":["GET"]}}],"collection":[{"href":"https:\/\/www.lichen.pl\/en\/wp-json\/wp\/v2\/posts"}],"about":[{"href":"https:\/\/www.lichen.pl\/en\/wp-json\/wp\/v2\/types\/post"}],"author":[{"embeddable":true,"href":"https:\/\/www.lichen.pl\/en\/wp-json\/wp\/v2\/users\/8"}],"replies":[{"embeddable":true,"href":"https:\/\/www.lichen.pl\/en\/wp-json\/wp\/v2\/comments?post=88982"}],"version-history":[{"count":6,"href":"https:\/\/www.lichen.pl\/en\/wp-json\/wp\/v2\/posts\/88982\/revisions"}],"predecessor-version":[{"id":89012,"href":"https:\/\/www.lichen.pl\/en\/wp-json\/wp\/v2\/posts\/88982\/revisions\/89012"}],"wp:featuredmedia":[{"embeddable":true,"href":"https:\/\/www.lichen.pl\/en\/wp-json\/wp\/v2\/media\/89003"}],"wp:attachment":[{"href":"https:\/\/www.lichen.pl\/en\/wp-json\/wp\/v2\/media?parent=88982"}],"wp:term":[{"taxonomy":"category","embeddable":true,"href":"https:\/\/www.lichen.pl\/en\/wp-json\/wp\/v2\/categories?post=88982"},{"taxonomy":"post_tag","embeddable":true,"href":"https:\/\/www.lichen.pl\/en\/wp-json\/wp\/v2\/tags?post=88982"}],"curies":[{"name":"wp","href":"https:\/\/api.w.org\/{rel}","templated":true}]}}