{"id":92770,"date":"2025-11-15T19:28:09","date_gmt":"2025-11-15T18:28:09","guid":{"rendered":"https:\/\/www.lichen.pl\/?p=92770"},"modified":"2025-11-15T23:37:57","modified_gmt":"2025-11-15T22:37:57","slug":"szafarze-diecezji-wloclawskiej-spotkali-sie-w-licheniu-formacja-modlitwa-i-slowa-o-duchowej-drodze","status":"publish","type":"post","link":"https:\/\/www.lichen.pl\/en\/szafarze-diecezji-wloclawskiej-spotkali-sie-w-licheniu-formacja-modlitwa-i-slowa-o-duchowej-drodze\/","title":{"rendered":"Szafarze diecezji w\u0142oc\u0142awskiej spotkali si\u0119 w Licheniu. Formacja, modlitwa i s\u0142owa o duchowej drodze"},"content":{"rendered":"<div data-elementor-type=\"wp-post\" data-elementor-id=\"92770\" class=\"elementor elementor-92770\" data-elementor-post-type=\"post\">\n\t\t\t\t\t\t<section class=\"elementor-section elementor-top-section elementor-element elementor-element-b86618e elementor-section-boxed elementor-section-height-default elementor-section-height-default\" data-id=\"b86618e\" data-element_type=\"section\" data-e-type=\"section\">\n\t\t\t\t\t\t<div class=\"elementor-container elementor-column-gap-default\">\n\t\t\t\t\t<div class=\"elementor-column elementor-col-100 elementor-top-column elementor-element elementor-element-f1b87a6\" data-id=\"f1b87a6\" data-element_type=\"column\" data-e-type=\"column\">\n\t\t\t<div class=\"elementor-widget-wrap elementor-element-populated\">\n\t\t\t\t\t\t<div class=\"elementor-element elementor-element-33e00ee elementor-widget elementor-widget-text-editor\" data-id=\"33e00ee\" data-element_type=\"widget\" data-e-type=\"widget\" data-widget_type=\"text-editor.default\">\n\t\t\t\t<div class=\"elementor-widget-container\">\n\t\t\t\t\t\t\t\t\t<h3><span style=\"color: #000000;\">W sanktuarium Matki Bo\u017cej Liche\u0144skiej odby\u0142 si\u0119 jesienny zjazd Nadzwyczajnych Szafarzy Komunii\u00a0<\/span><span style=\"color: #000000;\">\u015awi\u0119tej Diecezji W\u0142oc\u0142awskiej. To wydarzenie na sta\u0142e wpisa\u0142o si\u0119 w kalendarz formacyjny diecezji i \u2013\u00a0<\/span><span style=\"color: #000000;\">jak podkre\u015blaj\u0105 organizatorzy \u2013 jest jednym z istotniejszych moment\u00f3w w ca\u0142orocznej pracy\u00a0<\/span><span style=\"color: #000000;\">duszpasterskiej. W spotkaniu uczestniczy\u0142o oko\u0142o 250 szafarzy, kt\u00f3rzy na co dzie\u0144 pos\u0142uguj\u0105 w\u00a0<\/span><span style=\"color: #000000;\">parafiach ca\u0142ej diecezji.<\/span><\/h3>\t\t\t\t\t\t\t\t<\/div>\n\t\t\t\t<\/div>\n\t\t\t\t\t<\/div>\n\t\t<\/div>\n\t\t\t\t\t<\/div>\n\t\t<\/section>\n\t\t\t\t<section class=\"elementor-section elementor-top-section elementor-element elementor-element-ea5007f elementor-section-boxed elementor-section-height-default elementor-section-height-default\" data-id=\"ea5007f\" data-element_type=\"section\" data-e-type=\"section\">\n\t\t\t\t\t\t<div class=\"elementor-container elementor-column-gap-default\">\n\t\t\t\t\t<div class=\"elementor-column elementor-col-100 elementor-top-column elementor-element elementor-element-a432d02\" data-id=\"a432d02\" data-element_type=\"column\" data-e-type=\"column\">\n\t\t\t<div class=\"elementor-widget-wrap elementor-element-populated\">\n\t\t\t\t\t\t<div class=\"elementor-element elementor-element-7e94e55 elementor-widget elementor-widget-text-editor\" data-id=\"7e94e55\" data-element_type=\"widget\" data-e-type=\"widget\" data-widget_type=\"text-editor.default\">\n\t\t\t\t<div class=\"elementor-widget-container\">\n\t\t\t\t\t\t\t\t\t<p><span style=\"color: #000000;\">Organizatorem zjazdu by\u0142 ks. Dariusz Fabisiak, diecezjalny duszpasterz nadzwyczajnych szafarzy. Jak\u00a0<\/span><span style=\"color: #000000;\">m\u00f3wi, regularno\u015b\u0107 takich spotka\u0144 ma kluczowe znaczenie. \u2013 <em><strong>Zjazd odbywa si\u0119 dwa razy w roku:\u00a0<\/strong><\/em><\/span><em><strong><span style=\"color: #000000;\">jesieni\u0105 w Licheniu, a wiosn\u0105 w katedrze we W\u0142oc\u0142awku. To ju\u017c kolejny raz, bo te spotkania\u00a0<\/span><\/strong><\/em><span style=\"color: #000000;\"><em><strong>organizujemy systematycznie, z przerw\u0105 jedynie w okresie pandemii<\/strong> <\/em>\u2013 podkre\u015bla.<\/span><\/p>\t\t\t\t\t\t\t\t<\/div>\n\t\t\t\t<\/div>\n\t\t\t\t\t<\/div>\n\t\t<\/div>\n\t\t\t\t\t<\/div>\n\t\t<\/section>\n\t\t\t\t<section class=\"elementor-section elementor-top-section elementor-element elementor-element-2fef08f elementor-section-boxed elementor-section-height-default elementor-section-height-default\" data-id=\"2fef08f\" data-element_type=\"section\" data-e-type=\"section\">\n\t\t\t\t\t\t<div class=\"elementor-container elementor-column-gap-default\">\n\t\t\t\t\t<div class=\"elementor-column elementor-col-100 elementor-top-column elementor-element elementor-element-e11365e\" data-id=\"e11365e\" data-element_type=\"column\" data-e-type=\"column\">\n\t\t\t<div class=\"elementor-widget-wrap elementor-element-populated\">\n\t\t\t\t\t\t<div class=\"elementor-element elementor-element-4b8bcde elementor-widget elementor-widget-image\" data-id=\"4b8bcde\" data-element_type=\"widget\" data-e-type=\"widget\" data-widget_type=\"image.default\">\n\t\t\t\t<div class=\"elementor-widget-container\">\n\t\t\t\t\t\t\t\t\t\t\t\t\t\t\t<img fetchpriority=\"high\" decoding=\"async\" width=\"1024\" height=\"683\" src=\"https:\/\/www.lichen.pl\/wp-content\/uploads\/2025\/11\/Nadzwyczajni-szafarze-Komunii-Swietej-3-1024x683.jpg\" class=\"attachment-large size-large wp-image-92771\" alt=\"\" srcset=\"https:\/\/www.lichen.pl\/wp-content\/uploads\/2025\/11\/Nadzwyczajni-szafarze-Komunii-Swietej-3-1024x683.jpg 1024w, https:\/\/www.lichen.pl\/wp-content\/uploads\/2025\/11\/Nadzwyczajni-szafarze-Komunii-Swietej-3-300x200.jpg 300w, https:\/\/www.lichen.pl\/wp-content\/uploads\/2025\/11\/Nadzwyczajni-szafarze-Komunii-Swietej-3-768x512.jpg 768w, https:\/\/www.lichen.pl\/wp-content\/uploads\/2025\/11\/Nadzwyczajni-szafarze-Komunii-Swietej-3-1536x1024.jpg 1536w, https:\/\/www.lichen.pl\/wp-content\/uploads\/2025\/11\/Nadzwyczajni-szafarze-Komunii-Swietej-3-2048x1365.jpg 2048w, https:\/\/www.lichen.pl\/wp-content\/uploads\/2025\/11\/Nadzwyczajni-szafarze-Komunii-Swietej-3-18x12.jpg 18w, https:\/\/www.lichen.pl\/wp-content\/uploads\/2025\/11\/Nadzwyczajni-szafarze-Komunii-Swietej-3-800x533.jpg 800w, https:\/\/www.lichen.pl\/wp-content\/uploads\/2025\/11\/Nadzwyczajni-szafarze-Komunii-Swietej-3.jpg 1920w\" sizes=\"(max-width: 1024px) 100vw, 1024px\" \/>\t\t\t\t\t\t\t\t\t\t\t\t\t\t\t<\/div>\n\t\t\t\t<\/div>\n\t\t\t\t\t<\/div>\n\t\t<\/div>\n\t\t\t\t\t<\/div>\n\t\t<\/section>\n\t\t\t\t<section class=\"elementor-section elementor-top-section elementor-element elementor-element-c3bc946 elementor-section-boxed elementor-section-height-default elementor-section-height-default\" data-id=\"c3bc946\" data-element_type=\"section\" data-e-type=\"section\">\n\t\t\t\t\t\t<div class=\"elementor-container elementor-column-gap-default\">\n\t\t\t\t\t<div class=\"elementor-column elementor-col-100 elementor-top-column elementor-element elementor-element-c97778a\" data-id=\"c97778a\" data-element_type=\"column\" data-e-type=\"column\">\n\t\t\t<div class=\"elementor-widget-wrap elementor-element-populated\">\n\t\t\t\t\t\t<div class=\"elementor-element elementor-element-79cf55d elementor-widget elementor-widget-text-editor\" data-id=\"79cf55d\" data-element_type=\"widget\" data-e-type=\"widget\" data-widget_type=\"text-editor.default\">\n\t\t\t\t<div class=\"elementor-widget-container\">\n\t\t\t\t\t\t\t\t\t<p><span style=\"color: #000000;\">Celem spotkania jest formacja. \u2013 <em><strong>Przekazujemy tre\u015bci dotycz\u0105ce liturgii, teologii dogmatycznej,\u00a0<\/strong><\/em><\/span><em><strong><span style=\"color: #000000;\">fundamentalnej. Ta wiedza jest nam potrzebna, ale r\u00f3wnie wa\u017cny jest wymiar duchowy: adoracja\u00a0<\/span><\/strong><\/em><span style=\"color: #000000;\"><em><strong>Naj\u015bwi\u0119tszego Sakramentu, spowied\u017a i Eucharystia. To przestrze\u0144, by przybli\u017cy\u0107 si\u0119 do Pana Boga<\/strong><\/em> -\u00a0<\/span><span style=\"color: #000000;\">dodaje ks. Fabisiak<\/span><\/p>\t\t\t\t\t\t\t\t<\/div>\n\t\t\t\t<\/div>\n\t\t\t\t\t<\/div>\n\t\t<\/div>\n\t\t\t\t\t<\/div>\n\t\t<\/section>\n\t\t\t\t<section class=\"elementor-section elementor-top-section elementor-element elementor-element-67042bf elementor-section-boxed elementor-section-height-default elementor-section-height-default\" data-id=\"67042bf\" data-element_type=\"section\" data-e-type=\"section\">\n\t\t\t\t\t\t<div class=\"elementor-container elementor-column-gap-default\">\n\t\t\t\t\t<div class=\"elementor-column elementor-col-100 elementor-top-column elementor-element elementor-element-b61123a\" data-id=\"b61123a\" data-element_type=\"column\" data-e-type=\"column\">\n\t\t\t<div class=\"elementor-widget-wrap elementor-element-populated\">\n\t\t\t\t\t\t<div class=\"elementor-element elementor-element-cff0aee elementor-widget elementor-widget-text-editor\" data-id=\"cff0aee\" data-element_type=\"widget\" data-e-type=\"widget\" data-widget_type=\"text-editor.default\">\n\t\t\t\t<div class=\"elementor-widget-container\">\n\t\t\t\t\t\t\t\t\t<p><span style=\"color: #000000;\">Szafarze pe\u0142ni\u0105 w parafiach wa\u017cn\u0105 rol\u0119, przede wszystkim nios\u0105c Komuni\u0119 \u015awi\u0119t\u0105 osobom chorym,\u00a0<\/span><span style=\"color: #000000;\">kt\u00f3re nie mog\u0105 uczestniczy\u0107 w niedzielnej Mszy \u015bw. \u2013 <em><strong>To ich pierwsze zadanie. Drugim jest pomoc w\u00a0<\/strong><\/em><\/span><span style=\"color: #000000;\"><em><strong>rozdzielaniu Komunii podczas liturgii, zawsze jako wsparcie, a nie zast\u0119pstwo kap\u0142ana<\/strong><\/em> \u2013 wyja\u015bnia\u00a0<\/span><span style=\"color: #000000;\">duszpasterz.<\/span><\/p>\t\t\t\t\t\t\t\t<\/div>\n\t\t\t\t<\/div>\n\t\t\t\t\t<\/div>\n\t\t<\/div>\n\t\t\t\t\t<\/div>\n\t\t<\/section>\n\t\t\t\t<section class=\"elementor-section elementor-top-section elementor-element elementor-element-9747e3e elementor-section-boxed elementor-section-height-default elementor-section-height-default\" data-id=\"9747e3e\" data-element_type=\"section\" data-e-type=\"section\">\n\t\t\t\t\t\t<div class=\"elementor-container elementor-column-gap-default\">\n\t\t\t\t\t<div class=\"elementor-column elementor-col-100 elementor-top-column elementor-element elementor-element-cc423e5\" data-id=\"cc423e5\" data-element_type=\"column\" data-e-type=\"column\">\n\t\t\t<div class=\"elementor-widget-wrap elementor-element-populated\">\n\t\t\t\t\t\t<div class=\"elementor-element elementor-element-3c7f3aa elementor-widget elementor-widget-image\" data-id=\"3c7f3aa\" data-element_type=\"widget\" data-e-type=\"widget\" data-widget_type=\"image.default\">\n\t\t\t\t<div class=\"elementor-widget-container\">\n\t\t\t\t\t\t\t\t\t\t\t\t\t\t\t<img decoding=\"async\" width=\"1024\" height=\"683\" src=\"https:\/\/www.lichen.pl\/wp-content\/uploads\/2025\/11\/Nadzwyczajni-szafarze-Komunii-Swietej-14-1024x683.jpg\" class=\"attachment-large size-large wp-image-92772\" alt=\"\" srcset=\"https:\/\/www.lichen.pl\/wp-content\/uploads\/2025\/11\/Nadzwyczajni-szafarze-Komunii-Swietej-14-1024x683.jpg 1024w, https:\/\/www.lichen.pl\/wp-content\/uploads\/2025\/11\/Nadzwyczajni-szafarze-Komunii-Swietej-14-300x200.jpg 300w, https:\/\/www.lichen.pl\/wp-content\/uploads\/2025\/11\/Nadzwyczajni-szafarze-Komunii-Swietej-14-768x512.jpg 768w, https:\/\/www.lichen.pl\/wp-content\/uploads\/2025\/11\/Nadzwyczajni-szafarze-Komunii-Swietej-14-1536x1024.jpg 1536w, https:\/\/www.lichen.pl\/wp-content\/uploads\/2025\/11\/Nadzwyczajni-szafarze-Komunii-Swietej-14-2048x1365.jpg 2048w, https:\/\/www.lichen.pl\/wp-content\/uploads\/2025\/11\/Nadzwyczajni-szafarze-Komunii-Swietej-14-18x12.jpg 18w, https:\/\/www.lichen.pl\/wp-content\/uploads\/2025\/11\/Nadzwyczajni-szafarze-Komunii-Swietej-14-800x533.jpg 800w, https:\/\/www.lichen.pl\/wp-content\/uploads\/2025\/11\/Nadzwyczajni-szafarze-Komunii-Swietej-14.jpg 1920w\" sizes=\"(max-width: 1024px) 100vw, 1024px\" \/>\t\t\t\t\t\t\t\t\t\t\t\t\t\t\t<\/div>\n\t\t\t\t<\/div>\n\t\t\t\t\t<\/div>\n\t\t<\/div>\n\t\t\t\t\t<\/div>\n\t\t<\/section>\n\t\t\t\t<section class=\"elementor-section elementor-top-section elementor-element elementor-element-7f39390 elementor-section-boxed elementor-section-height-default elementor-section-height-default\" data-id=\"7f39390\" data-element_type=\"section\" data-e-type=\"section\">\n\t\t\t\t\t\t<div class=\"elementor-container elementor-column-gap-default\">\n\t\t\t\t\t<div class=\"elementor-column elementor-col-100 elementor-top-column elementor-element elementor-element-cb4f110\" data-id=\"cb4f110\" data-element_type=\"column\" data-e-type=\"column\">\n\t\t\t<div class=\"elementor-widget-wrap elementor-element-populated\">\n\t\t\t\t\t\t<div class=\"elementor-element elementor-element-05bda71 elementor-widget elementor-widget-text-editor\" data-id=\"05bda71\" data-element_type=\"widget\" data-e-type=\"widget\" data-widget_type=\"text-editor.default\">\n\t\t\t\t<div class=\"elementor-widget-container\">\n\t\t\t\t\t\t\t\t\t<p><span style=\"color: #000000;\">Ostatnim punktem liche\u0144skiego spotkania by\u0142a Msza \u015awi\u0119ta, podczas kt\u00f3rej homili\u0119 wyg\u0142osi\u0142 ks.\u00a0<\/span><span style=\"color: #000000;\">Jaros\u0142aw Hybza MIC. W swoim s\u0142owie odwo\u0142a\u0142 si\u0119 do duchowo\u015bci \u015bw. Ignacego Loyoli, wskazuj\u0105c na\u00a0<\/span><span style=\"color: #000000;\">trzy etapy duchowej drogi: poznanie Boga, pokochanie Go i s\u0142u\u017cenie Mu w drugim cz\u0142owieku. \u2013 <em><strong>St.\u00a0<\/strong><\/em><\/span><em><strong><span style=\"color: #000000;\">Ignacy m\u00f3wi\u0142, \u017ce najd\u0142u\u017csza droga w \u017cyciu to ta z g\u0142owy do serca. Najpierw poznajemy Boga, ale\u00a0<\/span><span style=\"color: #000000;\">dopiero mi\u0142o\u015b\u0107 prowadzi nas do czyn\u00f3w i s\u0142u\u017cby. Nasze \u017cycie duchowe biegnie od g\u0142owy, przez serce,\u00a0<\/span><\/strong><\/em><span style=\"color: #000000;\"><em><strong>do r\u0105k, kt\u00f3re czyni\u0105 dobro<\/strong><\/em> \u2013 ukaza\u0142 podczas kazania t\u0119 pi\u0119kn\u0105 prawd\u0119 ks. Hybza.<\/span><\/p>\t\t\t\t\t\t\t\t<\/div>\n\t\t\t\t<\/div>\n\t\t\t\t\t<\/div>\n\t\t<\/div>\n\t\t\t\t\t<\/div>\n\t\t<\/section>\n\t\t\t\t<section class=\"elementor-section elementor-top-section elementor-element elementor-element-8e74445 elementor-section-boxed elementor-section-height-default elementor-section-height-default\" data-id=\"8e74445\" data-element_type=\"section\" data-e-type=\"section\">\n\t\t\t\t\t\t<div class=\"elementor-container elementor-column-gap-default\">\n\t\t\t\t\t<div class=\"elementor-column elementor-col-100 elementor-top-column elementor-element elementor-element-0b0adff\" data-id=\"0b0adff\" data-element_type=\"column\" data-e-type=\"column\">\n\t\t\t<div class=\"elementor-widget-wrap elementor-element-populated\">\n\t\t\t\t\t\t<div class=\"elementor-element elementor-element-63e4781 elementor-widget elementor-widget-text-editor\" data-id=\"63e4781\" data-element_type=\"widget\" data-e-type=\"widget\" data-widget_type=\"text-editor.default\">\n\t\t\t\t<div class=\"elementor-widget-container\">\n\t\t\t\t\t\t\t\t\t<p><span style=\"color: #000000;\">Te s\u0142owa mocno wybrzmia\u0142y w\u015br\u00f3d uczestnik\u00f3w, w tym u Artura Staciwy, nadzwyczajnego szafarza z\u00a0<\/span><span style=\"color: #000000;\">parafii \u015bw. Teresy od Dzieci\u0105tka Jezus w Koninie. \u2013 <em><strong>Najbardziej poruszy\u0142a mnie my\u015bl o trzech etapach:\u00a0<\/strong><\/em><\/span><em><strong><span style=\"color: #000000;\">S\u0142owo trafia najpierw do nas, potem do serca, a dopiero na ko\u0144cu do r\u0105k, kt\u00f3rymi mo\u017cemy\u00a0<\/span><\/strong><\/em><span style=\"color: #000000;\"><em><strong>przekazywa\u0107 dobro. To pi\u0119kna i bardzo prawdziwa droga<\/strong> <\/em>\u2013 m\u00f3wi pan Artur. Podkre\u015bla te\u017c, \u017ce jego\u00a0<\/span><span style=\"color: #000000;\">pos\u0142uga dojrzewa\u0142a stopniowo. \u2013<em><strong> Zosta\u0142em szafarzem, bo poprosi\u0142 mnie o to proboszcz. Na pocz\u0105tku\u00a0<\/strong><\/em><\/span><em><strong><span style=\"color: #000000;\">nie rozumia\u0142em jeszcze ca\u0142ej istoty tej funkcji, ale kierowa\u0142a mn\u0105 ciekawo\u015b\u0107. Z czasem odkry\u0142em, \u017ce\u00a0<\/span><span style=\"color: #000000;\">Pan B\u00f3g prowadzi mnie t\u0105 drog\u0105 i daje mi w niej rado\u015b\u0107.<\/span><\/strong><\/em><\/p>\t\t\t\t\t\t\t\t<\/div>\n\t\t\t\t<\/div>\n\t\t\t\t\t<\/div>\n\t\t<\/div>\n\t\t\t\t\t<\/div>\n\t\t<\/section>\n\t\t\t\t<section class=\"elementor-section elementor-top-section elementor-element elementor-element-484e6eb elementor-section-boxed elementor-section-height-default elementor-section-height-default\" data-id=\"484e6eb\" data-element_type=\"section\" data-e-type=\"section\">\n\t\t\t\t\t\t<div class=\"elementor-container elementor-column-gap-default\">\n\t\t\t\t\t<div class=\"elementor-column elementor-col-100 elementor-top-column elementor-element elementor-element-d1975e8\" data-id=\"d1975e8\" data-element_type=\"column\" data-e-type=\"column\">\n\t\t\t<div class=\"elementor-widget-wrap elementor-element-populated\">\n\t\t\t\t\t\t<div class=\"elementor-element elementor-element-4c0b64d elementor-widget elementor-widget-image\" data-id=\"4c0b64d\" data-element_type=\"widget\" data-e-type=\"widget\" data-widget_type=\"image.default\">\n\t\t\t\t<div class=\"elementor-widget-container\">\n\t\t\t\t\t\t\t\t\t\t\t\t\t\t\t<img decoding=\"async\" width=\"1024\" height=\"683\" src=\"https:\/\/www.lichen.pl\/wp-content\/uploads\/2025\/11\/Nadzwyczajni-szafarze-Komunii-Swietej-10-1024x683.jpg\" class=\"attachment-large size-large wp-image-92773\" alt=\"\" srcset=\"https:\/\/www.lichen.pl\/wp-content\/uploads\/2025\/11\/Nadzwyczajni-szafarze-Komunii-Swietej-10-1024x683.jpg 1024w, https:\/\/www.lichen.pl\/wp-content\/uploads\/2025\/11\/Nadzwyczajni-szafarze-Komunii-Swietej-10-300x200.jpg 300w, https:\/\/www.lichen.pl\/wp-content\/uploads\/2025\/11\/Nadzwyczajni-szafarze-Komunii-Swietej-10-768x512.jpg 768w, https:\/\/www.lichen.pl\/wp-content\/uploads\/2025\/11\/Nadzwyczajni-szafarze-Komunii-Swietej-10-1536x1024.jpg 1536w, https:\/\/www.lichen.pl\/wp-content\/uploads\/2025\/11\/Nadzwyczajni-szafarze-Komunii-Swietej-10-2048x1365.jpg 2048w, https:\/\/www.lichen.pl\/wp-content\/uploads\/2025\/11\/Nadzwyczajni-szafarze-Komunii-Swietej-10-18x12.jpg 18w, https:\/\/www.lichen.pl\/wp-content\/uploads\/2025\/11\/Nadzwyczajni-szafarze-Komunii-Swietej-10-800x533.jpg 800w, https:\/\/www.lichen.pl\/wp-content\/uploads\/2025\/11\/Nadzwyczajni-szafarze-Komunii-Swietej-10.jpg 1920w\" sizes=\"(max-width: 1024px) 100vw, 1024px\" \/>\t\t\t\t\t\t\t\t\t\t\t\t\t\t\t<\/div>\n\t\t\t\t<\/div>\n\t\t\t\t\t<\/div>\n\t\t<\/div>\n\t\t\t\t\t<\/div>\n\t\t<\/section>\n\t\t\t\t<section class=\"elementor-section elementor-top-section elementor-element elementor-element-d14aa4d elementor-section-boxed elementor-section-height-default elementor-section-height-default\" data-id=\"d14aa4d\" data-element_type=\"section\" data-e-type=\"section\">\n\t\t\t\t\t\t<div class=\"elementor-container elementor-column-gap-default\">\n\t\t\t\t\t<div class=\"elementor-column elementor-col-100 elementor-top-column elementor-element elementor-element-994e71f\" data-id=\"994e71f\" data-element_type=\"column\" data-e-type=\"column\">\n\t\t\t<div class=\"elementor-widget-wrap elementor-element-populated\">\n\t\t\t\t\t\t<div class=\"elementor-element elementor-element-9c297e5 elementor-widget elementor-widget-text-editor\" data-id=\"9c297e5\" data-element_type=\"widget\" data-e-type=\"widget\" data-widget_type=\"text-editor.default\">\n\t\t\t\t<div class=\"elementor-widget-container\">\n\t\t\t\t\t\t\t\t\t<p style=\"padding-left: 40px;\"><span style=\"color: #000000;\">Artur Staciwa zwraca tak\u017ce uwag\u0119 na znaczenie wsparcia rodziny. \u2013 <em><strong>Jestem wdzi\u0119czny \u017conie Basi,\u00a0<\/strong><\/em><\/span><em><strong><span style=\"color: #000000;\">kt\u00f3ra musia\u0142a wyrazi\u0107 zgod\u0119 na moj\u0105 pos\u0142ug\u0119, i moim dzieciom. Widz\u0119 w nich dzia\u0142anie Pana Boga.\u00a0<\/span><\/strong><\/em><span style=\"color: #000000;\"><em><strong>Podczas pos\u0142ugi przy o\u0142tarzu do\u015bwiadczam pokoju serca. To miejsce, gdzie mog\u0119 duchowo odpocz\u0105\u0107<\/strong><\/em> -\u00a0<\/span><span style=\"color: #000000;\">dodaje.<\/span><\/p>\t\t\t\t\t\t\t\t<\/div>\n\t\t\t\t<\/div>\n\t\t\t\t\t<\/div>\n\t\t<\/div>\n\t\t\t\t\t<\/div>\n\t\t<\/section>\n\t\t\t\t<section class=\"elementor-section elementor-top-section elementor-element elementor-element-230def4 elementor-section-boxed elementor-section-height-default elementor-section-height-default\" data-id=\"230def4\" data-element_type=\"section\" data-e-type=\"section\">\n\t\t\t\t\t\t<div class=\"elementor-container elementor-column-gap-default\">\n\t\t\t\t\t<div class=\"elementor-column elementor-col-100 elementor-top-column elementor-element elementor-element-c849565\" data-id=\"c849565\" data-element_type=\"column\" data-e-type=\"column\">\n\t\t\t<div class=\"elementor-widget-wrap elementor-element-populated\">\n\t\t\t\t\t\t<div class=\"elementor-element elementor-element-733254d elementor-widget elementor-widget-text-editor\" data-id=\"733254d\" data-element_type=\"widget\" data-e-type=\"widget\" data-widget_type=\"text-editor.default\">\n\t\t\t\t<div class=\"elementor-widget-container\">\n\t\t\t\t\t\t\t\t\t<p><span style=\"color: #000000;\">Zjazd w Licheniu ponownie pokaza\u0142, \u017ce pos\u0142uga szafarzy jest nie tylko praktyczn\u0105 pomoc\u0105 dla parafii,\u00a0<\/span><span style=\"color: #000000;\">ale przede wszystkim wa\u017cnym wymiarem \u017cycia duchowego \u2014 zar\u00f3wno dla tych, kt\u00f3rzy przyjmuj\u0105\u00a0<\/span><span style=\"color: #000000;\">Komuni\u0119 z ich r\u0105k, jak i dla samych pos\u0142uguj\u0105cych. Formacja, modlitwa i wsp\u00f3lnota pozostaj\u0105\u00a0<\/span><span style=\"color: #000000;\">fundamentem, na kt\u00f3rym buduj\u0105 swoj\u0105 s\u0142u\u017cb\u0119.<\/span><\/p>\t\t\t\t\t\t\t\t<\/div>\n\t\t\t\t<\/div>\n\t\t\t\t\t<\/div>\n\t\t<\/div>\n\t\t\t\t\t<\/div>\n\t\t<\/section>\n\t\t\t\t<section class=\"elementor-section elementor-top-section elementor-element elementor-element-4f92491 elementor-section-boxed elementor-section-height-default elementor-section-height-default\" data-id=\"4f92491\" data-element_type=\"section\" data-e-type=\"section\">\n\t\t\t\t\t\t<div class=\"elementor-container elementor-column-gap-default\">\n\t\t\t\t\t<div class=\"elementor-column elementor-col-100 elementor-top-column elementor-element elementor-element-7660c55\" data-id=\"7660c55\" data-element_type=\"column\" data-e-type=\"column\">\n\t\t\t<div class=\"elementor-widget-wrap elementor-element-populated\">\n\t\t\t\t\t\t<div class=\"elementor-element elementor-element-e3d3ba1 elementor-widget elementor-widget-image-gallery\" data-id=\"e3d3ba1\" data-element_type=\"widget\" data-e-type=\"widget\" data-widget_type=\"image-gallery.default\">\n\t\t\t\t<div class=\"elementor-widget-container\">\n\t\t\t\t\t\t\t<div class=\"elementor-image-gallery\">\n\t\t\t<div id='gallery-1' class='gallery galleryid-92770 gallery-columns-4 gallery-size-medium'><figure class='gallery-item'>\n\t\t\t<div class='gallery-icon landscape'>\n\t\t\t\t<a data-elementor-open-lightbox=\"yes\" data-elementor-lightbox-slideshow=\"e3d3ba1\" data-elementor-lightbox-title=\"Nadzwyczajni szafarze Komunii Swietej (1)\" data-e-action-hash=\"#elementor-action%3Aaction%3Dlightbox%26settings%3DeyJpZCI6OTI3NzQsInVybCI6Imh0dHBzOlwvXC93d3cubGljaGVuLnBsXC93cC1jb250ZW50XC91cGxvYWRzXC8yMDI1XC8xMVwvTmFkend5Y3pham5pLXN6YWZhcnplLUtvbXVuaWktU3dpZXRlai0xLmpwZyIsInNsaWRlc2hvdyI6ImUzZDNiYTEifQ%3D%3D\" href='https:\/\/www.lichen.pl\/wp-content\/uploads\/2025\/11\/Nadzwyczajni-szafarze-Komunii-Swietej-1.jpg'><img loading=\"lazy\" width=\"300\" height=\"200\" src=\"https:\/\/www.lichen.pl\/wp-content\/uploads\/2025\/11\/Nadzwyczajni-szafarze-Komunii-Swietej-1-300x200.jpg\" class=\"attachment-medium size-medium\" alt=\"\" decoding=\"async\" srcset=\"https:\/\/www.lichen.pl\/wp-content\/uploads\/2025\/11\/Nadzwyczajni-szafarze-Komunii-Swietej-1-300x200.jpg 300w, https:\/\/www.lichen.pl\/wp-content\/uploads\/2025\/11\/Nadzwyczajni-szafarze-Komunii-Swietej-1-1024x683.jpg 1024w, https:\/\/www.lichen.pl\/wp-content\/uploads\/2025\/11\/Nadzwyczajni-szafarze-Komunii-Swietej-1-768x512.jpg 768w, https:\/\/www.lichen.pl\/wp-content\/uploads\/2025\/11\/Nadzwyczajni-szafarze-Komunii-Swietej-1-1536x1024.jpg 1536w, https:\/\/www.lichen.pl\/wp-content\/uploads\/2025\/11\/Nadzwyczajni-szafarze-Komunii-Swietej-1-2048x1365.jpg 2048w, https:\/\/www.lichen.pl\/wp-content\/uploads\/2025\/11\/Nadzwyczajni-szafarze-Komunii-Swietej-1-18x12.jpg 18w, https:\/\/www.lichen.pl\/wp-content\/uploads\/2025\/11\/Nadzwyczajni-szafarze-Komunii-Swietej-1-800x533.jpg 800w, https:\/\/www.lichen.pl\/wp-content\/uploads\/2025\/11\/Nadzwyczajni-szafarze-Komunii-Swietej-1.jpg 1920w\" sizes=\"(max-width: 300px) 100vw, 300px\" \/><\/a>\n\t\t\t<\/div><\/figure><figure class='gallery-item'>\n\t\t\t<div class='gallery-icon landscape'>\n\t\t\t\t<a data-elementor-open-lightbox=\"yes\" data-elementor-lightbox-slideshow=\"e3d3ba1\" data-elementor-lightbox-title=\"Nadzwyczajni szafarze Komunii Swietej (2)\" data-e-action-hash=\"#elementor-action%3Aaction%3Dlightbox%26settings%3DeyJpZCI6OTI3NzUsInVybCI6Imh0dHBzOlwvXC93d3cubGljaGVuLnBsXC93cC1jb250ZW50XC91cGxvYWRzXC8yMDI1XC8xMVwvTmFkend5Y3pham5pLXN6YWZhcnplLUtvbXVuaWktU3dpZXRlai0yLmpwZyIsInNsaWRlc2hvdyI6ImUzZDNiYTEifQ%3D%3D\" href='https:\/\/www.lichen.pl\/wp-content\/uploads\/2025\/11\/Nadzwyczajni-szafarze-Komunii-Swietej-2.jpg'><img loading=\"lazy\" width=\"300\" height=\"200\" src=\"https:\/\/www.lichen.pl\/wp-content\/uploads\/2025\/11\/Nadzwyczajni-szafarze-Komunii-Swietej-2-300x200.jpg\" class=\"attachment-medium size-medium\" alt=\"\" decoding=\"async\" srcset=\"https:\/\/www.lichen.pl\/wp-content\/uploads\/2025\/11\/Nadzwyczajni-szafarze-Komunii-Swietej-2-300x200.jpg 300w, https:\/\/www.lichen.pl\/wp-content\/uploads\/2025\/11\/Nadzwyczajni-szafarze-Komunii-Swietej-2-1024x683.jpg 1024w, https:\/\/www.lichen.pl\/wp-content\/uploads\/2025\/11\/Nadzwyczajni-szafarze-Komunii-Swietej-2-768x512.jpg 768w, https:\/\/www.lichen.pl\/wp-content\/uploads\/2025\/11\/Nadzwyczajni-szafarze-Komunii-Swietej-2-1536x1024.jpg 1536w, https:\/\/www.lichen.pl\/wp-content\/uploads\/2025\/11\/Nadzwyczajni-szafarze-Komunii-Swietej-2-2048x1365.jpg 2048w, https:\/\/www.lichen.pl\/wp-content\/uploads\/2025\/11\/Nadzwyczajni-szafarze-Komunii-Swietej-2-18x12.jpg 18w, https:\/\/www.lichen.pl\/wp-content\/uploads\/2025\/11\/Nadzwyczajni-szafarze-Komunii-Swietej-2-800x533.jpg 800w, https:\/\/www.lichen.pl\/wp-content\/uploads\/2025\/11\/Nadzwyczajni-szafarze-Komunii-Swietej-2.jpg 1920w\" sizes=\"(max-width: 300px) 100vw, 300px\" \/><\/a>\n\t\t\t<\/div><\/figure><figure class='gallery-item'>\n\t\t\t<div class='gallery-icon landscape'>\n\t\t\t\t<a data-elementor-open-lightbox=\"yes\" data-elementor-lightbox-slideshow=\"e3d3ba1\" data-elementor-lightbox-title=\"Nadzwyczajni szafarze Komunii Swietej (3)\" data-e-action-hash=\"#elementor-action%3Aaction%3Dlightbox%26settings%3DeyJpZCI6OTI3NzYsInVybCI6Imh0dHBzOlwvXC93d3cubGljaGVuLnBsXC93cC1jb250ZW50XC91cGxvYWRzXC8yMDI1XC8xMVwvTmFkend5Y3pham5pLXN6YWZhcnplLUtvbXVuaWktU3dpZXRlai0zLTEuanBnIiwic2xpZGVzaG93IjoiZTNkM2JhMSJ9\" href='https:\/\/www.lichen.pl\/wp-content\/uploads\/2025\/11\/Nadzwyczajni-szafarze-Komunii-Swietej-3-1.jpg'><img loading=\"lazy\" width=\"300\" height=\"200\" src=\"https:\/\/www.lichen.pl\/wp-content\/uploads\/2025\/11\/Nadzwyczajni-szafarze-Komunii-Swietej-3-1-300x200.jpg\" class=\"attachment-medium size-medium\" alt=\"\" decoding=\"async\" srcset=\"https:\/\/www.lichen.pl\/wp-content\/uploads\/2025\/11\/Nadzwyczajni-szafarze-Komunii-Swietej-3-1-300x200.jpg 300w, https:\/\/www.lichen.pl\/wp-content\/uploads\/2025\/11\/Nadzwyczajni-szafarze-Komunii-Swietej-3-1-1024x683.jpg 1024w, https:\/\/www.lichen.pl\/wp-content\/uploads\/2025\/11\/Nadzwyczajni-szafarze-Komunii-Swietej-3-1-768x512.jpg 768w, https:\/\/www.lichen.pl\/wp-content\/uploads\/2025\/11\/Nadzwyczajni-szafarze-Komunii-Swietej-3-1-1536x1024.jpg 1536w, https:\/\/www.lichen.pl\/wp-content\/uploads\/2025\/11\/Nadzwyczajni-szafarze-Komunii-Swietej-3-1-2048x1365.jpg 2048w, https:\/\/www.lichen.pl\/wp-content\/uploads\/2025\/11\/Nadzwyczajni-szafarze-Komunii-Swietej-3-1-18x12.jpg 18w, https:\/\/www.lichen.pl\/wp-content\/uploads\/2025\/11\/Nadzwyczajni-szafarze-Komunii-Swietej-3-1-800x533.jpg 800w, https:\/\/www.lichen.pl\/wp-content\/uploads\/2025\/11\/Nadzwyczajni-szafarze-Komunii-Swietej-3-1.jpg 1920w\" sizes=\"(max-width: 300px) 100vw, 300px\" \/><\/a>\n\t\t\t<\/div><\/figure><figure class='gallery-item'>\n\t\t\t<div class='gallery-icon landscape'>\n\t\t\t\t<a data-elementor-open-lightbox=\"yes\" data-elementor-lightbox-slideshow=\"e3d3ba1\" data-elementor-lightbox-title=\"Nadzwyczajni szafarze Komunii Swietej (4)\" data-e-action-hash=\"#elementor-action%3Aaction%3Dlightbox%26settings%3DeyJpZCI6OTI3NzcsInVybCI6Imh0dHBzOlwvXC93d3cubGljaGVuLnBsXC93cC1jb250ZW50XC91cGxvYWRzXC8yMDI1XC8xMVwvTmFkend5Y3pham5pLXN6YWZhcnplLUtvbXVuaWktU3dpZXRlai00LmpwZyIsInNsaWRlc2hvdyI6ImUzZDNiYTEifQ%3D%3D\" href='https:\/\/www.lichen.pl\/wp-content\/uploads\/2025\/11\/Nadzwyczajni-szafarze-Komunii-Swietej-4.jpg'><img loading=\"lazy\" width=\"300\" height=\"200\" src=\"https:\/\/www.lichen.pl\/wp-content\/uploads\/2025\/11\/Nadzwyczajni-szafarze-Komunii-Swietej-4-300x200.jpg\" class=\"attachment-medium size-medium\" alt=\"\" decoding=\"async\" srcset=\"https:\/\/www.lichen.pl\/wp-content\/uploads\/2025\/11\/Nadzwyczajni-szafarze-Komunii-Swietej-4-300x200.jpg 300w, https:\/\/www.lichen.pl\/wp-content\/uploads\/2025\/11\/Nadzwyczajni-szafarze-Komunii-Swietej-4-1024x683.jpg 1024w, https:\/\/www.lichen.pl\/wp-content\/uploads\/2025\/11\/Nadzwyczajni-szafarze-Komunii-Swietej-4-768x512.jpg 768w, https:\/\/www.lichen.pl\/wp-content\/uploads\/2025\/11\/Nadzwyczajni-szafarze-Komunii-Swietej-4-1536x1024.jpg 1536w, https:\/\/www.lichen.pl\/wp-content\/uploads\/2025\/11\/Nadzwyczajni-szafarze-Komunii-Swietej-4-2048x1365.jpg 2048w, https:\/\/www.lichen.pl\/wp-content\/uploads\/2025\/11\/Nadzwyczajni-szafarze-Komunii-Swietej-4-18x12.jpg 18w, https:\/\/www.lichen.pl\/wp-content\/uploads\/2025\/11\/Nadzwyczajni-szafarze-Komunii-Swietej-4-800x533.jpg 800w, https:\/\/www.lichen.pl\/wp-content\/uploads\/2025\/11\/Nadzwyczajni-szafarze-Komunii-Swietej-4.jpg 1920w\" sizes=\"(max-width: 300px) 100vw, 300px\" \/><\/a>\n\t\t\t<\/div><\/figure><figure class='gallery-item'>\n\t\t\t<div class='gallery-icon landscape'>\n\t\t\t\t<a data-elementor-open-lightbox=\"yes\" data-elementor-lightbox-slideshow=\"e3d3ba1\" data-elementor-lightbox-title=\"Nadzwyczajni szafarze Komunii Swietej (5)\" data-e-action-hash=\"#elementor-action%3Aaction%3Dlightbox%26settings%3DeyJpZCI6OTI3NzgsInVybCI6Imh0dHBzOlwvXC93d3cubGljaGVuLnBsXC93cC1jb250ZW50XC91cGxvYWRzXC8yMDI1XC8xMVwvTmFkend5Y3pham5pLXN6YWZhcnplLUtvbXVuaWktU3dpZXRlai01LmpwZyIsInNsaWRlc2hvdyI6ImUzZDNiYTEifQ%3D%3D\" href='https:\/\/www.lichen.pl\/wp-content\/uploads\/2025\/11\/Nadzwyczajni-szafarze-Komunii-Swietej-5.jpg'><img loading=\"lazy\" width=\"300\" height=\"200\" src=\"https:\/\/www.lichen.pl\/wp-content\/uploads\/2025\/11\/Nadzwyczajni-szafarze-Komunii-Swietej-5-300x200.jpg\" class=\"attachment-medium size-medium\" alt=\"\" decoding=\"async\" srcset=\"https:\/\/www.lichen.pl\/wp-content\/uploads\/2025\/11\/Nadzwyczajni-szafarze-Komunii-Swietej-5-300x200.jpg 300w, https:\/\/www.lichen.pl\/wp-content\/uploads\/2025\/11\/Nadzwyczajni-szafarze-Komunii-Swietej-5-1024x683.jpg 1024w, https:\/\/www.lichen.pl\/wp-content\/uploads\/2025\/11\/Nadzwyczajni-szafarze-Komunii-Swietej-5-768x512.jpg 768w, https:\/\/www.lichen.pl\/wp-content\/uploads\/2025\/11\/Nadzwyczajni-szafarze-Komunii-Swietej-5-1536x1024.jpg 1536w, https:\/\/www.lichen.pl\/wp-content\/uploads\/2025\/11\/Nadzwyczajni-szafarze-Komunii-Swietej-5-2048x1365.jpg 2048w, https:\/\/www.lichen.pl\/wp-content\/uploads\/2025\/11\/Nadzwyczajni-szafarze-Komunii-Swietej-5-18x12.jpg 18w, https:\/\/www.lichen.pl\/wp-content\/uploads\/2025\/11\/Nadzwyczajni-szafarze-Komunii-Swietej-5-800x533.jpg 800w, https:\/\/www.lichen.pl\/wp-content\/uploads\/2025\/11\/Nadzwyczajni-szafarze-Komunii-Swietej-5.jpg 1920w\" sizes=\"(max-width: 300px) 100vw, 300px\" \/><\/a>\n\t\t\t<\/div><\/figure><figure class='gallery-item'>\n\t\t\t<div class='gallery-icon landscape'>\n\t\t\t\t<a data-elementor-open-lightbox=\"yes\" data-elementor-lightbox-slideshow=\"e3d3ba1\" data-elementor-lightbox-title=\"Nadzwyczajni szafarze Komunii Swietej (6)\" data-e-action-hash=\"#elementor-action%3Aaction%3Dlightbox%26settings%3DeyJpZCI6OTI3NzksInVybCI6Imh0dHBzOlwvXC93d3cubGljaGVuLnBsXC93cC1jb250ZW50XC91cGxvYWRzXC8yMDI1XC8xMVwvTmFkend5Y3pham5pLXN6YWZhcnplLUtvbXVuaWktU3dpZXRlai02LmpwZyIsInNsaWRlc2hvdyI6ImUzZDNiYTEifQ%3D%3D\" href='https:\/\/www.lichen.pl\/wp-content\/uploads\/2025\/11\/Nadzwyczajni-szafarze-Komunii-Swietej-6.jpg'><img loading=\"lazy\" width=\"300\" height=\"200\" src=\"https:\/\/www.lichen.pl\/wp-content\/uploads\/2025\/11\/Nadzwyczajni-szafarze-Komunii-Swietej-6-300x200.jpg\" class=\"attachment-medium size-medium\" alt=\"\" decoding=\"async\" srcset=\"https:\/\/www.lichen.pl\/wp-content\/uploads\/2025\/11\/Nadzwyczajni-szafarze-Komunii-Swietej-6-300x200.jpg 300w, https:\/\/www.lichen.pl\/wp-content\/uploads\/2025\/11\/Nadzwyczajni-szafarze-Komunii-Swietej-6-1024x683.jpg 1024w, https:\/\/www.lichen.pl\/wp-content\/uploads\/2025\/11\/Nadzwyczajni-szafarze-Komunii-Swietej-6-768x512.jpg 768w, https:\/\/www.lichen.pl\/wp-content\/uploads\/2025\/11\/Nadzwyczajni-szafarze-Komunii-Swietej-6-1536x1024.jpg 1536w, https:\/\/www.lichen.pl\/wp-content\/uploads\/2025\/11\/Nadzwyczajni-szafarze-Komunii-Swietej-6-2048x1365.jpg 2048w, https:\/\/www.lichen.pl\/wp-content\/uploads\/2025\/11\/Nadzwyczajni-szafarze-Komunii-Swietej-6-18x12.jpg 18w, https:\/\/www.lichen.pl\/wp-content\/uploads\/2025\/11\/Nadzwyczajni-szafarze-Komunii-Swietej-6-800x533.jpg 800w, https:\/\/www.lichen.pl\/wp-content\/uploads\/2025\/11\/Nadzwyczajni-szafarze-Komunii-Swietej-6.jpg 1920w\" sizes=\"(max-width: 300px) 100vw, 300px\" \/><\/a>\n\t\t\t<\/div><\/figure><figure class='gallery-item'>\n\t\t\t<div class='gallery-icon landscape'>\n\t\t\t\t<a data-elementor-open-lightbox=\"yes\" data-elementor-lightbox-slideshow=\"e3d3ba1\" data-elementor-lightbox-title=\"Nadzwyczajni szafarze Komunii Swietej (7)\" data-e-action-hash=\"#elementor-action%3Aaction%3Dlightbox%26settings%3DeyJpZCI6OTI3ODAsInVybCI6Imh0dHBzOlwvXC93d3cubGljaGVuLnBsXC93cC1jb250ZW50XC91cGxvYWRzXC8yMDI1XC8xMVwvTmFkend5Y3pham5pLXN6YWZhcnplLUtvbXVuaWktU3dpZXRlai03LmpwZyIsInNsaWRlc2hvdyI6ImUzZDNiYTEifQ%3D%3D\" href='https:\/\/www.lichen.pl\/wp-content\/uploads\/2025\/11\/Nadzwyczajni-szafarze-Komunii-Swietej-7.jpg'><img loading=\"lazy\" width=\"300\" height=\"200\" src=\"https:\/\/www.lichen.pl\/wp-content\/uploads\/2025\/11\/Nadzwyczajni-szafarze-Komunii-Swietej-7-300x200.jpg\" class=\"attachment-medium size-medium\" alt=\"\" decoding=\"async\" srcset=\"https:\/\/www.lichen.pl\/wp-content\/uploads\/2025\/11\/Nadzwyczajni-szafarze-Komunii-Swietej-7-300x200.jpg 300w, https:\/\/www.lichen.pl\/wp-content\/uploads\/2025\/11\/Nadzwyczajni-szafarze-Komunii-Swietej-7-1024x683.jpg 1024w, https:\/\/www.lichen.pl\/wp-content\/uploads\/2025\/11\/Nadzwyczajni-szafarze-Komunii-Swietej-7-768x512.jpg 768w, https:\/\/www.lichen.pl\/wp-content\/uploads\/2025\/11\/Nadzwyczajni-szafarze-Komunii-Swietej-7-1536x1024.jpg 1536w, https:\/\/www.lichen.pl\/wp-content\/uploads\/2025\/11\/Nadzwyczajni-szafarze-Komunii-Swietej-7-2048x1365.jpg 2048w, https:\/\/www.lichen.pl\/wp-content\/uploads\/2025\/11\/Nadzwyczajni-szafarze-Komunii-Swietej-7-18x12.jpg 18w, https:\/\/www.lichen.pl\/wp-content\/uploads\/2025\/11\/Nadzwyczajni-szafarze-Komunii-Swietej-7-800x533.jpg 800w, https:\/\/www.lichen.pl\/wp-content\/uploads\/2025\/11\/Nadzwyczajni-szafarze-Komunii-Swietej-7.jpg 1600w\" sizes=\"(max-width: 300px) 100vw, 300px\" \/><\/a>\n\t\t\t<\/div><\/figure><figure class='gallery-item'>\n\t\t\t<div class='gallery-icon landscape'>\n\t\t\t\t<a data-elementor-open-lightbox=\"yes\" data-elementor-lightbox-slideshow=\"e3d3ba1\" data-elementor-lightbox-title=\"Nadzwyczajni szafarze Komunii Swietej (8)\" data-e-action-hash=\"#elementor-action%3Aaction%3Dlightbox%26settings%3DeyJpZCI6OTI3ODEsInVybCI6Imh0dHBzOlwvXC93d3cubGljaGVuLnBsXC93cC1jb250ZW50XC91cGxvYWRzXC8yMDI1XC8xMVwvTmFkend5Y3pham5pLXN6YWZhcnplLUtvbXVuaWktU3dpZXRlai04LmpwZyIsInNsaWRlc2hvdyI6ImUzZDNiYTEifQ%3D%3D\" href='https:\/\/www.lichen.pl\/wp-content\/uploads\/2025\/11\/Nadzwyczajni-szafarze-Komunii-Swietej-8.jpg'><img loading=\"lazy\" width=\"300\" height=\"200\" src=\"https:\/\/www.lichen.pl\/wp-content\/uploads\/2025\/11\/Nadzwyczajni-szafarze-Komunii-Swietej-8-300x200.jpg\" class=\"attachment-medium size-medium\" alt=\"\" decoding=\"async\" srcset=\"https:\/\/www.lichen.pl\/wp-content\/uploads\/2025\/11\/Nadzwyczajni-szafarze-Komunii-Swietej-8-300x200.jpg 300w, https:\/\/www.lichen.pl\/wp-content\/uploads\/2025\/11\/Nadzwyczajni-szafarze-Komunii-Swietej-8-1024x683.jpg 1024w, https:\/\/www.lichen.pl\/wp-content\/uploads\/2025\/11\/Nadzwyczajni-szafarze-Komunii-Swietej-8-768x512.jpg 768w, https:\/\/www.lichen.pl\/wp-content\/uploads\/2025\/11\/Nadzwyczajni-szafarze-Komunii-Swietej-8-1536x1024.jpg 1536w, https:\/\/www.lichen.pl\/wp-content\/uploads\/2025\/11\/Nadzwyczajni-szafarze-Komunii-Swietej-8-2048x1365.jpg 2048w, https:\/\/www.lichen.pl\/wp-content\/uploads\/2025\/11\/Nadzwyczajni-szafarze-Komunii-Swietej-8-18x12.jpg 18w, https:\/\/www.lichen.pl\/wp-content\/uploads\/2025\/11\/Nadzwyczajni-szafarze-Komunii-Swietej-8-800x533.jpg 800w, https:\/\/www.lichen.pl\/wp-content\/uploads\/2025\/11\/Nadzwyczajni-szafarze-Komunii-Swietej-8.jpg 1600w\" sizes=\"(max-width: 300px) 100vw, 300px\" \/><\/a>\n\t\t\t<\/div><\/figure><figure class='gallery-item'>\n\t\t\t<div class='gallery-icon landscape'>\n\t\t\t\t<a data-elementor-open-lightbox=\"yes\" data-elementor-lightbox-slideshow=\"e3d3ba1\" data-elementor-lightbox-title=\"Nadzwyczajni szafarze Komunii Swietej (9)\" data-e-action-hash=\"#elementor-action%3Aaction%3Dlightbox%26settings%3DeyJpZCI6OTI3ODIsInVybCI6Imh0dHBzOlwvXC93d3cubGljaGVuLnBsXC93cC1jb250ZW50XC91cGxvYWRzXC8yMDI1XC8xMVwvTmFkend5Y3pham5pLXN6YWZhcnplLUtvbXVuaWktU3dpZXRlai05LmpwZyIsInNsaWRlc2hvdyI6ImUzZDNiYTEifQ%3D%3D\" href='https:\/\/www.lichen.pl\/wp-content\/uploads\/2025\/11\/Nadzwyczajni-szafarze-Komunii-Swietej-9.jpg'><img loading=\"lazy\" width=\"300\" height=\"200\" src=\"https:\/\/www.lichen.pl\/wp-content\/uploads\/2025\/11\/Nadzwyczajni-szafarze-Komunii-Swietej-9-300x200.jpg\" class=\"attachment-medium size-medium\" alt=\"\" decoding=\"async\" srcset=\"https:\/\/www.lichen.pl\/wp-content\/uploads\/2025\/11\/Nadzwyczajni-szafarze-Komunii-Swietej-9-300x200.jpg 300w, https:\/\/www.lichen.pl\/wp-content\/uploads\/2025\/11\/Nadzwyczajni-szafarze-Komunii-Swietej-9-1024x683.jpg 1024w, https:\/\/www.lichen.pl\/wp-content\/uploads\/2025\/11\/Nadzwyczajni-szafarze-Komunii-Swietej-9-768x512.jpg 768w, https:\/\/www.lichen.pl\/wp-content\/uploads\/2025\/11\/Nadzwyczajni-szafarze-Komunii-Swietej-9-1536x1024.jpg 1536w, https:\/\/www.lichen.pl\/wp-content\/uploads\/2025\/11\/Nadzwyczajni-szafarze-Komunii-Swietej-9-2048x1365.jpg 2048w, https:\/\/www.lichen.pl\/wp-content\/uploads\/2025\/11\/Nadzwyczajni-szafarze-Komunii-Swietej-9-18x12.jpg 18w, https:\/\/www.lichen.pl\/wp-content\/uploads\/2025\/11\/Nadzwyczajni-szafarze-Komunii-Swietej-9-800x533.jpg 800w, https:\/\/www.lichen.pl\/wp-content\/uploads\/2025\/11\/Nadzwyczajni-szafarze-Komunii-Swietej-9.jpg 1600w\" sizes=\"(max-width: 300px) 100vw, 300px\" \/><\/a>\n\t\t\t<\/div><\/figure><figure class='gallery-item'>\n\t\t\t<div class='gallery-icon landscape'>\n\t\t\t\t<a data-elementor-open-lightbox=\"yes\" data-elementor-lightbox-slideshow=\"e3d3ba1\" data-elementor-lightbox-title=\"Nadzwyczajni szafarze Komunii Swietej (10)\" data-e-action-hash=\"#elementor-action%3Aaction%3Dlightbox%26settings%3DeyJpZCI6OTI3ODMsInVybCI6Imh0dHBzOlwvXC93d3cubGljaGVuLnBsXC93cC1jb250ZW50XC91cGxvYWRzXC8yMDI1XC8xMVwvTmFkend5Y3pham5pLXN6YWZhcnplLUtvbXVuaWktU3dpZXRlai0xMC0xLmpwZyIsInNsaWRlc2hvdyI6ImUzZDNiYTEifQ%3D%3D\" href='https:\/\/www.lichen.pl\/wp-content\/uploads\/2025\/11\/Nadzwyczajni-szafarze-Komunii-Swietej-10-1.jpg'><img loading=\"lazy\" width=\"300\" height=\"200\" src=\"https:\/\/www.lichen.pl\/wp-content\/uploads\/2025\/11\/Nadzwyczajni-szafarze-Komunii-Swietej-10-1-300x200.jpg\" class=\"attachment-medium size-medium\" alt=\"\" decoding=\"async\" srcset=\"https:\/\/www.lichen.pl\/wp-content\/uploads\/2025\/11\/Nadzwyczajni-szafarze-Komunii-Swietej-10-1-300x200.jpg 300w, https:\/\/www.lichen.pl\/wp-content\/uploads\/2025\/11\/Nadzwyczajni-szafarze-Komunii-Swietej-10-1-1024x683.jpg 1024w, https:\/\/www.lichen.pl\/wp-content\/uploads\/2025\/11\/Nadzwyczajni-szafarze-Komunii-Swietej-10-1-768x512.jpg 768w, https:\/\/www.lichen.pl\/wp-content\/uploads\/2025\/11\/Nadzwyczajni-szafarze-Komunii-Swietej-10-1-1536x1024.jpg 1536w, https:\/\/www.lichen.pl\/wp-content\/uploads\/2025\/11\/Nadzwyczajni-szafarze-Komunii-Swietej-10-1-2048x1365.jpg 2048w, https:\/\/www.lichen.pl\/wp-content\/uploads\/2025\/11\/Nadzwyczajni-szafarze-Komunii-Swietej-10-1-18x12.jpg 18w, https:\/\/www.lichen.pl\/wp-content\/uploads\/2025\/11\/Nadzwyczajni-szafarze-Komunii-Swietej-10-1-800x533.jpg 800w, https:\/\/www.lichen.pl\/wp-content\/uploads\/2025\/11\/Nadzwyczajni-szafarze-Komunii-Swietej-10-1.jpg 1600w\" sizes=\"(max-width: 300px) 100vw, 300px\" \/><\/a>\n\t\t\t<\/div><\/figure><figure class='gallery-item'>\n\t\t\t<div class='gallery-icon landscape'>\n\t\t\t\t<a data-elementor-open-lightbox=\"yes\" data-elementor-lightbox-slideshow=\"e3d3ba1\" data-elementor-lightbox-title=\"Nadzwyczajni szafarze Komunii Swietej (11)\" data-e-action-hash=\"#elementor-action%3Aaction%3Dlightbox%26settings%3DeyJpZCI6OTI3ODQsInVybCI6Imh0dHBzOlwvXC93d3cubGljaGVuLnBsXC93cC1jb250ZW50XC91cGxvYWRzXC8yMDI1XC8xMVwvTmFkend5Y3pham5pLXN6YWZhcnplLUtvbXVuaWktU3dpZXRlai0xMS5qcGciLCJzbGlkZXNob3ciOiJlM2QzYmExIn0%3D\" href='https:\/\/www.lichen.pl\/wp-content\/uploads\/2025\/11\/Nadzwyczajni-szafarze-Komunii-Swietej-11.jpg'><img loading=\"lazy\" width=\"300\" height=\"200\" src=\"https:\/\/www.lichen.pl\/wp-content\/uploads\/2025\/11\/Nadzwyczajni-szafarze-Komunii-Swietej-11-300x200.jpg\" class=\"attachment-medium size-medium\" alt=\"\" decoding=\"async\" srcset=\"https:\/\/www.lichen.pl\/wp-content\/uploads\/2025\/11\/Nadzwyczajni-szafarze-Komunii-Swietej-11-300x200.jpg 300w, https:\/\/www.lichen.pl\/wp-content\/uploads\/2025\/11\/Nadzwyczajni-szafarze-Komunii-Swietej-11-1024x683.jpg 1024w, https:\/\/www.lichen.pl\/wp-content\/uploads\/2025\/11\/Nadzwyczajni-szafarze-Komunii-Swietej-11-768x512.jpg 768w, https:\/\/www.lichen.pl\/wp-content\/uploads\/2025\/11\/Nadzwyczajni-szafarze-Komunii-Swietej-11-1536x1024.jpg 1536w, https:\/\/www.lichen.pl\/wp-content\/uploads\/2025\/11\/Nadzwyczajni-szafarze-Komunii-Swietej-11-2048x1365.jpg 2048w, https:\/\/www.lichen.pl\/wp-content\/uploads\/2025\/11\/Nadzwyczajni-szafarze-Komunii-Swietej-11-18x12.jpg 18w, https:\/\/www.lichen.pl\/wp-content\/uploads\/2025\/11\/Nadzwyczajni-szafarze-Komunii-Swietej-11-800x533.jpg 800w, https:\/\/www.lichen.pl\/wp-content\/uploads\/2025\/11\/Nadzwyczajni-szafarze-Komunii-Swietej-11.jpg 1600w\" sizes=\"(max-width: 300px) 100vw, 300px\" \/><\/a>\n\t\t\t<\/div><\/figure><figure class='gallery-item'>\n\t\t\t<div class='gallery-icon landscape'>\n\t\t\t\t<a data-elementor-open-lightbox=\"yes\" data-elementor-lightbox-slideshow=\"e3d3ba1\" data-elementor-lightbox-title=\"Nadzwyczajni szafarze Komunii Swietej (12)\" data-e-action-hash=\"#elementor-action%3Aaction%3Dlightbox%26settings%3DeyJpZCI6OTI3ODUsInVybCI6Imh0dHBzOlwvXC93d3cubGljaGVuLnBsXC93cC1jb250ZW50XC91cGxvYWRzXC8yMDI1XC8xMVwvTmFkend5Y3pham5pLXN6YWZhcnplLUtvbXVuaWktU3dpZXRlai0xMi5qcGciLCJzbGlkZXNob3ciOiJlM2QzYmExIn0%3D\" href='https:\/\/www.lichen.pl\/wp-content\/uploads\/2025\/11\/Nadzwyczajni-szafarze-Komunii-Swietej-12.jpg'><img loading=\"lazy\" width=\"300\" height=\"200\" src=\"https:\/\/www.lichen.pl\/wp-content\/uploads\/2025\/11\/Nadzwyczajni-szafarze-Komunii-Swietej-12-300x200.jpg\" class=\"attachment-medium size-medium\" alt=\"\" decoding=\"async\" srcset=\"https:\/\/www.lichen.pl\/wp-content\/uploads\/2025\/11\/Nadzwyczajni-szafarze-Komunii-Swietej-12-300x200.jpg 300w, https:\/\/www.lichen.pl\/wp-content\/uploads\/2025\/11\/Nadzwyczajni-szafarze-Komunii-Swietej-12-1024x683.jpg 1024w, https:\/\/www.lichen.pl\/wp-content\/uploads\/2025\/11\/Nadzwyczajni-szafarze-Komunii-Swietej-12-768x512.jpg 768w, https:\/\/www.lichen.pl\/wp-content\/uploads\/2025\/11\/Nadzwyczajni-szafarze-Komunii-Swietej-12-1536x1024.jpg 1536w, https:\/\/www.lichen.pl\/wp-content\/uploads\/2025\/11\/Nadzwyczajni-szafarze-Komunii-Swietej-12-2048x1365.jpg 2048w, https:\/\/www.lichen.pl\/wp-content\/uploads\/2025\/11\/Nadzwyczajni-szafarze-Komunii-Swietej-12-18x12.jpg 18w, https:\/\/www.lichen.pl\/wp-content\/uploads\/2025\/11\/Nadzwyczajni-szafarze-Komunii-Swietej-12-800x533.jpg 800w, https:\/\/www.lichen.pl\/wp-content\/uploads\/2025\/11\/Nadzwyczajni-szafarze-Komunii-Swietej-12.jpg 1920w\" sizes=\"(max-width: 300px) 100vw, 300px\" \/><\/a>\n\t\t\t<\/div><\/figure><figure class='gallery-item'>\n\t\t\t<div class='gallery-icon landscape'>\n\t\t\t\t<a data-elementor-open-lightbox=\"yes\" data-elementor-lightbox-slideshow=\"e3d3ba1\" data-elementor-lightbox-title=\"Nadzwyczajni szafarze Komunii Swietej (13)\" data-e-action-hash=\"#elementor-action%3Aaction%3Dlightbox%26settings%3DeyJpZCI6OTI3ODYsInVybCI6Imh0dHBzOlwvXC93d3cubGljaGVuLnBsXC93cC1jb250ZW50XC91cGxvYWRzXC8yMDI1XC8xMVwvTmFkend5Y3pham5pLXN6YWZhcnplLUtvbXVuaWktU3dpZXRlai0xMy5qcGciLCJzbGlkZXNob3ciOiJlM2QzYmExIn0%3D\" href='https:\/\/www.lichen.pl\/wp-content\/uploads\/2025\/11\/Nadzwyczajni-szafarze-Komunii-Swietej-13.jpg'><img loading=\"lazy\" width=\"300\" height=\"200\" src=\"https:\/\/www.lichen.pl\/wp-content\/uploads\/2025\/11\/Nadzwyczajni-szafarze-Komunii-Swietej-13-300x200.jpg\" class=\"attachment-medium size-medium\" alt=\"\" decoding=\"async\" srcset=\"https:\/\/www.lichen.pl\/wp-content\/uploads\/2025\/11\/Nadzwyczajni-szafarze-Komunii-Swietej-13-300x200.jpg 300w, https:\/\/www.lichen.pl\/wp-content\/uploads\/2025\/11\/Nadzwyczajni-szafarze-Komunii-Swietej-13-1024x683.jpg 1024w, https:\/\/www.lichen.pl\/wp-content\/uploads\/2025\/11\/Nadzwyczajni-szafarze-Komunii-Swietej-13-768x512.jpg 768w, https:\/\/www.lichen.pl\/wp-content\/uploads\/2025\/11\/Nadzwyczajni-szafarze-Komunii-Swietej-13-1536x1024.jpg 1536w, https:\/\/www.lichen.pl\/wp-content\/uploads\/2025\/11\/Nadzwyczajni-szafarze-Komunii-Swietej-13-2048x1365.jpg 2048w, https:\/\/www.lichen.pl\/wp-content\/uploads\/2025\/11\/Nadzwyczajni-szafarze-Komunii-Swietej-13-18x12.jpg 18w, https:\/\/www.lichen.pl\/wp-content\/uploads\/2025\/11\/Nadzwyczajni-szafarze-Komunii-Swietej-13-800x533.jpg 800w, https:\/\/www.lichen.pl\/wp-content\/uploads\/2025\/11\/Nadzwyczajni-szafarze-Komunii-Swietej-13.jpg 1920w\" sizes=\"(max-width: 300px) 100vw, 300px\" \/><\/a>\n\t\t\t<\/div><\/figure><figure class='gallery-item'>\n\t\t\t<div class='gallery-icon landscape'>\n\t\t\t\t<a data-elementor-open-lightbox=\"yes\" data-elementor-lightbox-slideshow=\"e3d3ba1\" data-elementor-lightbox-title=\"Nadzwyczajni szafarze Komunii Swietej (14)\" data-e-action-hash=\"#elementor-action%3Aaction%3Dlightbox%26settings%3DeyJpZCI6OTI3ODcsInVybCI6Imh0dHBzOlwvXC93d3cubGljaGVuLnBsXC93cC1jb250ZW50XC91cGxvYWRzXC8yMDI1XC8xMVwvTmFkend5Y3pham5pLXN6YWZhcnplLUtvbXVuaWktU3dpZXRlai0xNC0xLmpwZyIsInNsaWRlc2hvdyI6ImUzZDNiYTEifQ%3D%3D\" href='https:\/\/www.lichen.pl\/wp-content\/uploads\/2025\/11\/Nadzwyczajni-szafarze-Komunii-Swietej-14-1.jpg'><img loading=\"lazy\" width=\"300\" height=\"200\" src=\"https:\/\/www.lichen.pl\/wp-content\/uploads\/2025\/11\/Nadzwyczajni-szafarze-Komunii-Swietej-14-1-300x200.jpg\" class=\"attachment-medium size-medium\" alt=\"\" decoding=\"async\" srcset=\"https:\/\/www.lichen.pl\/wp-content\/uploads\/2025\/11\/Nadzwyczajni-szafarze-Komunii-Swietej-14-1-300x200.jpg 300w, https:\/\/www.lichen.pl\/wp-content\/uploads\/2025\/11\/Nadzwyczajni-szafarze-Komunii-Swietej-14-1-1024x683.jpg 1024w, https:\/\/www.lichen.pl\/wp-content\/uploads\/2025\/11\/Nadzwyczajni-szafarze-Komunii-Swietej-14-1-768x512.jpg 768w, https:\/\/www.lichen.pl\/wp-content\/uploads\/2025\/11\/Nadzwyczajni-szafarze-Komunii-Swietej-14-1-1536x1024.jpg 1536w, https:\/\/www.lichen.pl\/wp-content\/uploads\/2025\/11\/Nadzwyczajni-szafarze-Komunii-Swietej-14-1-2048x1365.jpg 2048w, https:\/\/www.lichen.pl\/wp-content\/uploads\/2025\/11\/Nadzwyczajni-szafarze-Komunii-Swietej-14-1-18x12.jpg 18w, https:\/\/www.lichen.pl\/wp-content\/uploads\/2025\/11\/Nadzwyczajni-szafarze-Komunii-Swietej-14-1-800x533.jpg 800w, https:\/\/www.lichen.pl\/wp-content\/uploads\/2025\/11\/Nadzwyczajni-szafarze-Komunii-Swietej-14-1.jpg 1600w\" sizes=\"(max-width: 300px) 100vw, 300px\" \/><\/a>\n\t\t\t<\/div><\/figure><figure class='gallery-item'>\n\t\t\t<div class='gallery-icon landscape'>\n\t\t\t\t<a data-elementor-open-lightbox=\"yes\" data-elementor-lightbox-slideshow=\"e3d3ba1\" data-elementor-lightbox-title=\"Nadzwyczajni szafarze Komunii Swietej (15)\" data-e-action-hash=\"#elementor-action%3Aaction%3Dlightbox%26settings%3DeyJpZCI6OTI3ODgsInVybCI6Imh0dHBzOlwvXC93d3cubGljaGVuLnBsXC93cC1jb250ZW50XC91cGxvYWRzXC8yMDI1XC8xMVwvTmFkend5Y3pham5pLXN6YWZhcnplLUtvbXVuaWktU3dpZXRlai0xNS5qcGciLCJzbGlkZXNob3ciOiJlM2QzYmExIn0%3D\" href='https:\/\/www.lichen.pl\/wp-content\/uploads\/2025\/11\/Nadzwyczajni-szafarze-Komunii-Swietej-15.jpg'><img loading=\"lazy\" width=\"300\" height=\"200\" src=\"https:\/\/www.lichen.pl\/wp-content\/uploads\/2025\/11\/Nadzwyczajni-szafarze-Komunii-Swietej-15-300x200.jpg\" class=\"attachment-medium size-medium\" alt=\"\" decoding=\"async\" srcset=\"https:\/\/www.lichen.pl\/wp-content\/uploads\/2025\/11\/Nadzwyczajni-szafarze-Komunii-Swietej-15-300x200.jpg 300w, https:\/\/www.lichen.pl\/wp-content\/uploads\/2025\/11\/Nadzwyczajni-szafarze-Komunii-Swietej-15-1024x683.jpg 1024w, https:\/\/www.lichen.pl\/wp-content\/uploads\/2025\/11\/Nadzwyczajni-szafarze-Komunii-Swietej-15-768x512.jpg 768w, https:\/\/www.lichen.pl\/wp-content\/uploads\/2025\/11\/Nadzwyczajni-szafarze-Komunii-Swietej-15-1536x1024.jpg 1536w, https:\/\/www.lichen.pl\/wp-content\/uploads\/2025\/11\/Nadzwyczajni-szafarze-Komunii-Swietej-15-2048x1365.jpg 2048w, https:\/\/www.lichen.pl\/wp-content\/uploads\/2025\/11\/Nadzwyczajni-szafarze-Komunii-Swietej-15-18x12.jpg 18w, https:\/\/www.lichen.pl\/wp-content\/uploads\/2025\/11\/Nadzwyczajni-szafarze-Komunii-Swietej-15-800x533.jpg 800w, https:\/\/www.lichen.pl\/wp-content\/uploads\/2025\/11\/Nadzwyczajni-szafarze-Komunii-Swietej-15.jpg 1600w\" sizes=\"(max-width: 300px) 100vw, 300px\" \/><\/a>\n\t\t\t<\/div><\/figure><figure class='gallery-item'>\n\t\t\t<div class='gallery-icon landscape'>\n\t\t\t\t<a data-elementor-open-lightbox=\"yes\" data-elementor-lightbox-slideshow=\"e3d3ba1\" data-elementor-lightbox-title=\"Nadzwyczajni szafarze Komunii Swietej (16)\" data-e-action-hash=\"#elementor-action%3Aaction%3Dlightbox%26settings%3DeyJpZCI6OTI3ODksInVybCI6Imh0dHBzOlwvXC93d3cubGljaGVuLnBsXC93cC1jb250ZW50XC91cGxvYWRzXC8yMDI1XC8xMVwvTmFkend5Y3pham5pLXN6YWZhcnplLUtvbXVuaWktU3dpZXRlai0xNi5qcGciLCJzbGlkZXNob3ciOiJlM2QzYmExIn0%3D\" href='https:\/\/www.lichen.pl\/wp-content\/uploads\/2025\/11\/Nadzwyczajni-szafarze-Komunii-Swietej-16.jpg'><img loading=\"lazy\" width=\"300\" height=\"200\" src=\"https:\/\/www.lichen.pl\/wp-content\/uploads\/2025\/11\/Nadzwyczajni-szafarze-Komunii-Swietej-16-300x200.jpg\" class=\"attachment-medium size-medium\" alt=\"\" decoding=\"async\" srcset=\"https:\/\/www.lichen.pl\/wp-content\/uploads\/2025\/11\/Nadzwyczajni-szafarze-Komunii-Swietej-16-300x200.jpg 300w, https:\/\/www.lichen.pl\/wp-content\/uploads\/2025\/11\/Nadzwyczajni-szafarze-Komunii-Swietej-16-1024x683.jpg 1024w, https:\/\/www.lichen.pl\/wp-content\/uploads\/2025\/11\/Nadzwyczajni-szafarze-Komunii-Swietej-16-768x512.jpg 768w, https:\/\/www.lichen.pl\/wp-content\/uploads\/2025\/11\/Nadzwyczajni-szafarze-Komunii-Swietej-16-1536x1024.jpg 1536w, https:\/\/www.lichen.pl\/wp-content\/uploads\/2025\/11\/Nadzwyczajni-szafarze-Komunii-Swietej-16-2048x1365.jpg 2048w, https:\/\/www.lichen.pl\/wp-content\/uploads\/2025\/11\/Nadzwyczajni-szafarze-Komunii-Swietej-16-18x12.jpg 18w, https:\/\/www.lichen.pl\/wp-content\/uploads\/2025\/11\/Nadzwyczajni-szafarze-Komunii-Swietej-16-800x533.jpg 800w, https:\/\/www.lichen.pl\/wp-content\/uploads\/2025\/11\/Nadzwyczajni-szafarze-Komunii-Swietej-16.jpg 1920w\" sizes=\"(max-width: 300px) 100vw, 300px\" \/><\/a>\n\t\t\t<\/div><\/figure>\n\t\t<\/div>\n\t\t<\/div>\n\t\t\t\t\t\t<\/div>\n\t\t\t\t<\/div>\n\t\t\t\t\t<\/div>\n\t\t<\/div>\n\t\t\t\t\t<\/div>\n\t\t<\/section>\n\t\t\t\t<\/div>","protected":false},"excerpt":{"rendered":"<p>W sanktuarium Matki Bo\u017cej Liche\u0144skiej odby\u0142 si\u0119 jesienny zjazd Nadzwyczajnych Szafarzy Komunii\u00a0\u015awi\u0119tej Diecezji W\u0142oc\u0142awskiej. To wydarzenie na sta\u0142e wpisa\u0142o si\u0119 w kalendarz formacyjny diecezji i \u2013\u00a0jak podkre\u015blaj\u0105 organizatorzy \u2013 jest jednym z istotniejszych moment\u00f3w w ca\u0142orocznej pracy\u00a0duszpasterskiej. W spotkaniu uczestniczy\u0142o oko\u0142o 250 szafarzy, kt\u00f3rzy na co dzie\u0144 pos\u0142uguj\u0105 w\u00a0parafiach ca\u0142ej diecezji. Organizatorem zjazdu by\u0142 ks. [&hellip;]<\/p>\n","protected":false},"author":8,"featured_media":92787,"comment_status":"closed","ping_status":"closed","sticky":false,"template":"","format":"standard","meta":{"footnotes":""},"categories":[1],"tags":[],"class_list":["post-92770","post","type-post","status-publish","format-standard","has-post-thumbnail","hentry","category-aktualnosci","wpbf-post"],"yoast_head":"<!-- This site is optimized with the Yoast SEO plugin v27.5 - https:\/\/yoast.com\/product\/yoast-seo-wordpress\/ -->\n<title>Szafarze diecezji w\u0142oc\u0142awskiej spotkali si\u0119 w Licheniu. Formacja, modlitwa i s\u0142owa o duchowej drodze - SANKTUARIUM W LICHENIU<\/title>\n<meta name=\"robots\" content=\"index, follow, max-snippet:-1, max-image-preview:large, max-video-preview:-1\" \/>\n<link rel=\"canonical\" href=\"https:\/\/www.lichen.pl\/en\/szafarze-diecezji-wloclawskiej-spotkali-sie-w-licheniu-formacja-modlitwa-i-slowa-o-duchowej-drodze\/\" \/>\n<meta property=\"og:locale\" content=\"en_GB\" \/>\n<meta property=\"og:type\" content=\"article\" \/>\n<meta property=\"og:title\" content=\"Szafarze diecezji w\u0142oc\u0142awskiej spotkali si\u0119 w Licheniu. Formacja, modlitwa i s\u0142owa o duchowej drodze - SANKTUARIUM W LICHENIU\" \/>\n<meta property=\"og:description\" content=\"W sanktuarium Matki Bo\u017cej Liche\u0144skiej odby\u0142 si\u0119 jesienny zjazd Nadzwyczajnych Szafarzy Komunii\u00a0\u015awi\u0119tej Diecezji W\u0142oc\u0142awskiej. To wydarzenie na sta\u0142e wpisa\u0142o si\u0119 w kalendarz formacyjny diecezji i \u2013\u00a0jak podkre\u015blaj\u0105 organizatorzy \u2013 jest jednym z istotniejszych moment\u00f3w w ca\u0142orocznej pracy\u00a0duszpasterskiej. W spotkaniu uczestniczy\u0142o oko\u0142o 250 szafarzy, kt\u00f3rzy na co dzie\u0144 pos\u0142uguj\u0105 w\u00a0parafiach ca\u0142ej diecezji. Organizatorem zjazdu by\u0142 ks. [&hellip;]\" \/>\n<meta property=\"og:url\" content=\"https:\/\/www.lichen.pl\/en\/szafarze-diecezji-wloclawskiej-spotkali-sie-w-licheniu-formacja-modlitwa-i-slowa-o-duchowej-drodze\/\" \/>\n<meta property=\"og:site_name\" content=\"SANKTUARIUM W LICHENIU\" \/>\n<meta property=\"article:published_time\" content=\"2025-11-15T18:28:09+00:00\" \/>\n<meta property=\"article:modified_time\" content=\"2025-11-15T22:37:57+00:00\" \/>\n<meta property=\"og:image\" content=\"https:\/\/www.lichen.pl\/wp-content\/uploads\/2025\/11\/Nadzwyczajni-szafarze-Komunii-Swietej-14-1-1024x683.jpg\" \/>\n\t<meta property=\"og:image:width\" content=\"1024\" \/>\n\t<meta property=\"og:image:height\" content=\"683\" \/>\n\t<meta property=\"og:image:type\" content=\"image\/jpeg\" \/>\n<meta name=\"author\" content=\"Biuro Prasowe\" \/>\n<meta name=\"twitter:card\" content=\"summary_large_image\" \/>\n<meta name=\"twitter:label1\" content=\"Written by\" \/>\n\t<meta name=\"twitter:data1\" content=\"Biuro Prasowe\" \/>\n\t<meta name=\"twitter:label2\" content=\"Estimated reading time\" \/>\n\t<meta name=\"twitter:data2\" content=\"7 minutes\" \/>\n<script type=\"application\/ld+json\" class=\"yoast-schema-graph\">{\"@context\":\"https:\\\/\\\/schema.org\",\"@graph\":[{\"@type\":\"Article\",\"@id\":\"https:\\\/\\\/www.lichen.pl\\\/szafarze-diecezji-wloclawskiej-spotkali-sie-w-licheniu-formacja-modlitwa-i-slowa-o-duchowej-drodze\\\/#article\",\"isPartOf\":{\"@id\":\"https:\\\/\\\/www.lichen.pl\\\/szafarze-diecezji-wloclawskiej-spotkali-sie-w-licheniu-formacja-modlitwa-i-slowa-o-duchowej-drodze\\\/\"},\"author\":{\"name\":\"Biuro Prasowe\",\"@id\":\"https:\\\/\\\/www.lichen.pl\\\/fr\\\/#\\\/schema\\\/person\\\/682b5cfa2f8a664a298ed0bc19782a02\"},\"headline\":\"Szafarze diecezji w\u0142oc\u0142awskiej spotkali si\u0119 w Licheniu. Formacja, modlitwa i s\u0142owa o duchowej drodze\",\"datePublished\":\"2025-11-15T18:28:09+00:00\",\"dateModified\":\"2025-11-15T22:37:57+00:00\",\"mainEntityOfPage\":{\"@id\":\"https:\\\/\\\/www.lichen.pl\\\/szafarze-diecezji-wloclawskiej-spotkali-sie-w-licheniu-formacja-modlitwa-i-slowa-o-duchowej-drodze\\\/\"},\"wordCount\":582,\"image\":{\"@id\":\"https:\\\/\\\/www.lichen.pl\\\/szafarze-diecezji-wloclawskiej-spotkali-sie-w-licheniu-formacja-modlitwa-i-slowa-o-duchowej-drodze\\\/#primaryimage\"},\"thumbnailUrl\":\"https:\\\/\\\/www.lichen.pl\\\/wp-content\\\/uploads\\\/2025\\\/11\\\/Nadzwyczajni-szafarze-Komunii-Swietej-14-1.jpg\",\"articleSection\":[\"Aktualno\u015bci\"],\"inLanguage\":\"en-GB\"},{\"@type\":\"WebPage\",\"@id\":\"https:\\\/\\\/www.lichen.pl\\\/szafarze-diecezji-wloclawskiej-spotkali-sie-w-licheniu-formacja-modlitwa-i-slowa-o-duchowej-drodze\\\/\",\"url\":\"https:\\\/\\\/www.lichen.pl\\\/szafarze-diecezji-wloclawskiej-spotkali-sie-w-licheniu-formacja-modlitwa-i-slowa-o-duchowej-drodze\\\/\",\"name\":\"Szafarze diecezji w\u0142oc\u0142awskiej spotkali si\u0119 w Licheniu. Formacja, modlitwa i s\u0142owa o duchowej drodze - SANKTUARIUM W LICHENIU\",\"isPartOf\":{\"@id\":\"https:\\\/\\\/www.lichen.pl\\\/fr\\\/#website\"},\"primaryImageOfPage\":{\"@id\":\"https:\\\/\\\/www.lichen.pl\\\/szafarze-diecezji-wloclawskiej-spotkali-sie-w-licheniu-formacja-modlitwa-i-slowa-o-duchowej-drodze\\\/#primaryimage\"},\"image\":{\"@id\":\"https:\\\/\\\/www.lichen.pl\\\/szafarze-diecezji-wloclawskiej-spotkali-sie-w-licheniu-formacja-modlitwa-i-slowa-o-duchowej-drodze\\\/#primaryimage\"},\"thumbnailUrl\":\"https:\\\/\\\/www.lichen.pl\\\/wp-content\\\/uploads\\\/2025\\\/11\\\/Nadzwyczajni-szafarze-Komunii-Swietej-14-1.jpg\",\"datePublished\":\"2025-11-15T18:28:09+00:00\",\"dateModified\":\"2025-11-15T22:37:57+00:00\",\"author\":{\"@id\":\"https:\\\/\\\/www.lichen.pl\\\/fr\\\/#\\\/schema\\\/person\\\/682b5cfa2f8a664a298ed0bc19782a02\"},\"breadcrumb\":{\"@id\":\"https:\\\/\\\/www.lichen.pl\\\/szafarze-diecezji-wloclawskiej-spotkali-sie-w-licheniu-formacja-modlitwa-i-slowa-o-duchowej-drodze\\\/#breadcrumb\"},\"inLanguage\":\"en-GB\",\"potentialAction\":[{\"@type\":\"ReadAction\",\"target\":[\"https:\\\/\\\/www.lichen.pl\\\/szafarze-diecezji-wloclawskiej-spotkali-sie-w-licheniu-formacja-modlitwa-i-slowa-o-duchowej-drodze\\\/\"]}]},{\"@type\":\"ImageObject\",\"inLanguage\":\"en-GB\",\"@id\":\"https:\\\/\\\/www.lichen.pl\\\/szafarze-diecezji-wloclawskiej-spotkali-sie-w-licheniu-formacja-modlitwa-i-slowa-o-duchowej-drodze\\\/#primaryimage\",\"url\":\"https:\\\/\\\/www.lichen.pl\\\/wp-content\\\/uploads\\\/2025\\\/11\\\/Nadzwyczajni-szafarze-Komunii-Swietej-14-1.jpg\",\"contentUrl\":\"https:\\\/\\\/www.lichen.pl\\\/wp-content\\\/uploads\\\/2025\\\/11\\\/Nadzwyczajni-szafarze-Komunii-Swietej-14-1.jpg\",\"width\":1600,\"height\":1067},{\"@type\":\"BreadcrumbList\",\"@id\":\"https:\\\/\\\/www.lichen.pl\\\/szafarze-diecezji-wloclawskiej-spotkali-sie-w-licheniu-formacja-modlitwa-i-slowa-o-duchowej-drodze\\\/#breadcrumb\",\"itemListElement\":[{\"@type\":\"ListItem\",\"position\":1,\"name\":\"Strona g\u0142\u00f3wna\",\"item\":\"https:\\\/\\\/www.lichen.pl\\\/\"},{\"@type\":\"ListItem\",\"position\":2,\"name\":\"Szafarze diecezji w\u0142oc\u0142awskiej spotkali si\u0119 w Licheniu. Formacja, modlitwa i s\u0142owa o duchowej drodze\"}]},{\"@type\":\"WebSite\",\"@id\":\"https:\\\/\\\/www.lichen.pl\\\/fr\\\/#website\",\"url\":\"https:\\\/\\\/www.lichen.pl\\\/fr\\\/\",\"name\":\"SANKTUARIUM W LICHENIU\",\"description\":\"MATKI BO\u017bEJ LICHE\u0143SKIEJ BOLESNEJ KR\u00d3LOWEJ POLSKI\",\"potentialAction\":[{\"@type\":\"SearchAction\",\"target\":{\"@type\":\"EntryPoint\",\"urlTemplate\":\"https:\\\/\\\/www.lichen.pl\\\/fr\\\/?s={search_term_string}\"},\"query-input\":{\"@type\":\"PropertyValueSpecification\",\"valueRequired\":true,\"valueName\":\"search_term_string\"}}],\"inLanguage\":\"en-GB\"},{\"@type\":\"Person\",\"@id\":\"https:\\\/\\\/www.lichen.pl\\\/fr\\\/#\\\/schema\\\/person\\\/682b5cfa2f8a664a298ed0bc19782a02\",\"name\":\"Biuro Prasowe\",\"image\":{\"@type\":\"ImageObject\",\"inLanguage\":\"en-GB\",\"@id\":\"https:\\\/\\\/secure.gravatar.com\\\/avatar\\\/07fa3449d37670fd38888cb2e3db27aa13df245d811ec65206e44888f202bb53?s=96&d=retro&r=g\",\"url\":\"https:\\\/\\\/secure.gravatar.com\\\/avatar\\\/07fa3449d37670fd38888cb2e3db27aa13df245d811ec65206e44888f202bb53?s=96&d=retro&r=g\",\"contentUrl\":\"https:\\\/\\\/secure.gravatar.com\\\/avatar\\\/07fa3449d37670fd38888cb2e3db27aa13df245d811ec65206e44888f202bb53?s=96&d=retro&r=g\",\"caption\":\"Biuro Prasowe\"},\"sameAs\":[\"http:\\\/\\\/www.lichen.pl\"],\"url\":\"https:\\\/\\\/www.lichen.pl\\\/en\\\/author\\\/biuro-prasowe\\\/\"}]}<\/script>\n<!-- \/ Yoast SEO plugin. -->","yoast_head_json":{"title":"Szafarze diecezji w\u0142oc\u0142awskiej spotkali si\u0119 w Licheniu. Formacja, modlitwa i s\u0142owa o duchowej drodze - SANKTUARIUM W LICHENIU","robots":{"index":"index","follow":"follow","max-snippet":"max-snippet:-1","max-image-preview":"max-image-preview:large","max-video-preview":"max-video-preview:-1"},"canonical":"https:\/\/www.lichen.pl\/en\/szafarze-diecezji-wloclawskiej-spotkali-sie-w-licheniu-formacja-modlitwa-i-slowa-o-duchowej-drodze\/","og_locale":"en_GB","og_type":"article","og_title":"Szafarze diecezji w\u0142oc\u0142awskiej spotkali si\u0119 w Licheniu. Formacja, modlitwa i s\u0142owa o duchowej drodze - SANKTUARIUM W LICHENIU","og_description":"W sanktuarium Matki Bo\u017cej Liche\u0144skiej odby\u0142 si\u0119 jesienny zjazd Nadzwyczajnych Szafarzy Komunii\u00a0\u015awi\u0119tej Diecezji W\u0142oc\u0142awskiej. To wydarzenie na sta\u0142e wpisa\u0142o si\u0119 w kalendarz formacyjny diecezji i \u2013\u00a0jak podkre\u015blaj\u0105 organizatorzy \u2013 jest jednym z istotniejszych moment\u00f3w w ca\u0142orocznej pracy\u00a0duszpasterskiej. W spotkaniu uczestniczy\u0142o oko\u0142o 250 szafarzy, kt\u00f3rzy na co dzie\u0144 pos\u0142uguj\u0105 w\u00a0parafiach ca\u0142ej diecezji. Organizatorem zjazdu by\u0142 ks. [&hellip;]","og_url":"https:\/\/www.lichen.pl\/en\/szafarze-diecezji-wloclawskiej-spotkali-sie-w-licheniu-formacja-modlitwa-i-slowa-o-duchowej-drodze\/","og_site_name":"SANKTUARIUM W LICHENIU","article_published_time":"2025-11-15T18:28:09+00:00","article_modified_time":"2025-11-15T22:37:57+00:00","og_image":[{"width":1024,"height":683,"url":"https:\/\/www.lichen.pl\/wp-content\/uploads\/2025\/11\/Nadzwyczajni-szafarze-Komunii-Swietej-14-1-1024x683.jpg","type":"image\/jpeg"}],"author":"Biuro Prasowe","twitter_card":"summary_large_image","twitter_misc":{"Written by":"Biuro Prasowe","Estimated reading time":"7 minutes"},"schema":{"@context":"https:\/\/schema.org","@graph":[{"@type":"Article","@id":"https:\/\/www.lichen.pl\/szafarze-diecezji-wloclawskiej-spotkali-sie-w-licheniu-formacja-modlitwa-i-slowa-o-duchowej-drodze\/#article","isPartOf":{"@id":"https:\/\/www.lichen.pl\/szafarze-diecezji-wloclawskiej-spotkali-sie-w-licheniu-formacja-modlitwa-i-slowa-o-duchowej-drodze\/"},"author":{"name":"Biuro Prasowe","@id":"https:\/\/www.lichen.pl\/fr\/#\/schema\/person\/682b5cfa2f8a664a298ed0bc19782a02"},"headline":"Szafarze diecezji w\u0142oc\u0142awskiej spotkali si\u0119 w Licheniu. Formacja, modlitwa i s\u0142owa o duchowej drodze","datePublished":"2025-11-15T18:28:09+00:00","dateModified":"2025-11-15T22:37:57+00:00","mainEntityOfPage":{"@id":"https:\/\/www.lichen.pl\/szafarze-diecezji-wloclawskiej-spotkali-sie-w-licheniu-formacja-modlitwa-i-slowa-o-duchowej-drodze\/"},"wordCount":582,"image":{"@id":"https:\/\/www.lichen.pl\/szafarze-diecezji-wloclawskiej-spotkali-sie-w-licheniu-formacja-modlitwa-i-slowa-o-duchowej-drodze\/#primaryimage"},"thumbnailUrl":"https:\/\/www.lichen.pl\/wp-content\/uploads\/2025\/11\/Nadzwyczajni-szafarze-Komunii-Swietej-14-1.jpg","articleSection":["Aktualno\u015bci"],"inLanguage":"en-GB"},{"@type":"WebPage","@id":"https:\/\/www.lichen.pl\/szafarze-diecezji-wloclawskiej-spotkali-sie-w-licheniu-formacja-modlitwa-i-slowa-o-duchowej-drodze\/","url":"https:\/\/www.lichen.pl\/szafarze-diecezji-wloclawskiej-spotkali-sie-w-licheniu-formacja-modlitwa-i-slowa-o-duchowej-drodze\/","name":"Szafarze diecezji w\u0142oc\u0142awskiej spotkali si\u0119 w Licheniu. Formacja, modlitwa i s\u0142owa o duchowej drodze - SANKTUARIUM W LICHENIU","isPartOf":{"@id":"https:\/\/www.lichen.pl\/fr\/#website"},"primaryImageOfPage":{"@id":"https:\/\/www.lichen.pl\/szafarze-diecezji-wloclawskiej-spotkali-sie-w-licheniu-formacja-modlitwa-i-slowa-o-duchowej-drodze\/#primaryimage"},"image":{"@id":"https:\/\/www.lichen.pl\/szafarze-diecezji-wloclawskiej-spotkali-sie-w-licheniu-formacja-modlitwa-i-slowa-o-duchowej-drodze\/#primaryimage"},"thumbnailUrl":"https:\/\/www.lichen.pl\/wp-content\/uploads\/2025\/11\/Nadzwyczajni-szafarze-Komunii-Swietej-14-1.jpg","datePublished":"2025-11-15T18:28:09+00:00","dateModified":"2025-11-15T22:37:57+00:00","author":{"@id":"https:\/\/www.lichen.pl\/fr\/#\/schema\/person\/682b5cfa2f8a664a298ed0bc19782a02"},"breadcrumb":{"@id":"https:\/\/www.lichen.pl\/szafarze-diecezji-wloclawskiej-spotkali-sie-w-licheniu-formacja-modlitwa-i-slowa-o-duchowej-drodze\/#breadcrumb"},"inLanguage":"en-GB","potentialAction":[{"@type":"ReadAction","target":["https:\/\/www.lichen.pl\/szafarze-diecezji-wloclawskiej-spotkali-sie-w-licheniu-formacja-modlitwa-i-slowa-o-duchowej-drodze\/"]}]},{"@type":"ImageObject","inLanguage":"en-GB","@id":"https:\/\/www.lichen.pl\/szafarze-diecezji-wloclawskiej-spotkali-sie-w-licheniu-formacja-modlitwa-i-slowa-o-duchowej-drodze\/#primaryimage","url":"https:\/\/www.lichen.pl\/wp-content\/uploads\/2025\/11\/Nadzwyczajni-szafarze-Komunii-Swietej-14-1.jpg","contentUrl":"https:\/\/www.lichen.pl\/wp-content\/uploads\/2025\/11\/Nadzwyczajni-szafarze-Komunii-Swietej-14-1.jpg","width":1600,"height":1067},{"@type":"BreadcrumbList","@id":"https:\/\/www.lichen.pl\/szafarze-diecezji-wloclawskiej-spotkali-sie-w-licheniu-formacja-modlitwa-i-slowa-o-duchowej-drodze\/#breadcrumb","itemListElement":[{"@type":"ListItem","position":1,"name":"Strona g\u0142\u00f3wna","item":"https:\/\/www.lichen.pl\/"},{"@type":"ListItem","position":2,"name":"Szafarze diecezji w\u0142oc\u0142awskiej spotkali si\u0119 w Licheniu. Formacja, modlitwa i s\u0142owa o duchowej drodze"}]},{"@type":"WebSite","@id":"https:\/\/www.lichen.pl\/fr\/#website","url":"https:\/\/www.lichen.pl\/fr\/","name":"SANCTUARY IN LICHENIA","description":"OUR LICHEN&#039;S SORROWFUL QUEEN OF POLAND","potentialAction":[{"@type":"SearchAction","target":{"@type":"EntryPoint","urlTemplate":"https:\/\/www.lichen.pl\/fr\/?s={search_term_string}"},"query-input":{"@type":"PropertyValueSpecification","valueRequired":true,"valueName":"search_term_string"}}],"inLanguage":"en-GB"},{"@type":"Person","@id":"https:\/\/www.lichen.pl\/fr\/#\/schema\/person\/682b5cfa2f8a664a298ed0bc19782a02","name":"Biuro Prasowe","image":{"@type":"ImageObject","inLanguage":"en-GB","@id":"https:\/\/secure.gravatar.com\/avatar\/07fa3449d37670fd38888cb2e3db27aa13df245d811ec65206e44888f202bb53?s=96&d=retro&r=g","url":"https:\/\/secure.gravatar.com\/avatar\/07fa3449d37670fd38888cb2e3db27aa13df245d811ec65206e44888f202bb53?s=96&d=retro&r=g","contentUrl":"https:\/\/secure.gravatar.com\/avatar\/07fa3449d37670fd38888cb2e3db27aa13df245d811ec65206e44888f202bb53?s=96&d=retro&r=g","caption":"Biuro Prasowe"},"sameAs":["http:\/\/www.lichen.pl"],"url":"https:\/\/www.lichen.pl\/en\/author\/biuro-prasowe\/"}]}},"_links":{"self":[{"href":"https:\/\/www.lichen.pl\/en\/wp-json\/wp\/v2\/posts\/92770","targetHints":{"allow":["GET"]}}],"collection":[{"href":"https:\/\/www.lichen.pl\/en\/wp-json\/wp\/v2\/posts"}],"about":[{"href":"https:\/\/www.lichen.pl\/en\/wp-json\/wp\/v2\/types\/post"}],"author":[{"embeddable":true,"href":"https:\/\/www.lichen.pl\/en\/wp-json\/wp\/v2\/users\/8"}],"replies":[{"embeddable":true,"href":"https:\/\/www.lichen.pl\/en\/wp-json\/wp\/v2\/comments?post=92770"}],"version-history":[{"count":6,"href":"https:\/\/www.lichen.pl\/en\/wp-json\/wp\/v2\/posts\/92770\/revisions"}],"predecessor-version":[{"id":92797,"href":"https:\/\/www.lichen.pl\/en\/wp-json\/wp\/v2\/posts\/92770\/revisions\/92797"}],"wp:featuredmedia":[{"embeddable":true,"href":"https:\/\/www.lichen.pl\/en\/wp-json\/wp\/v2\/media\/92787"}],"wp:attachment":[{"href":"https:\/\/www.lichen.pl\/en\/wp-json\/wp\/v2\/media?parent=92770"}],"wp:term":[{"taxonomy":"category","embeddable":true,"href":"https:\/\/www.lichen.pl\/en\/wp-json\/wp\/v2\/categories?post=92770"},{"taxonomy":"post_tag","embeddable":true,"href":"https:\/\/www.lichen.pl\/en\/wp-json\/wp\/v2\/tags?post=92770"}],"curies":[{"name":"wp","href":"https:\/\/api.w.org\/{rel}","templated":true}]}}