{"id":93283,"date":"2025-12-01T15:06:46","date_gmt":"2025-12-01T14:06:46","guid":{"rendered":"https:\/\/www.lichen.pl\/?p=93283"},"modified":"2026-03-27T15:25:25","modified_gmt":"2026-03-27T14:25:25","slug":"warsztaty-bozonarodzeniowe-dla-dzieci-2","status":"publish","type":"post","link":"https:\/\/www.lichen.pl\/en\/warsztaty-bozonarodzeniowe-dla-dzieci-2\/","title":{"rendered":"Mi\u0119dzynarodowy Kongres Maryjny dla Polski i Polonii"},"content":{"rendered":"<div data-elementor-type=\"wp-post\" data-elementor-id=\"93283\" class=\"elementor elementor-93283\" data-elementor-post-type=\"post\">\n\t\t\t\t\t\t<section class=\"elementor-section elementor-top-section elementor-element elementor-element-c7de9fe elementor-section-boxed elementor-section-height-default elementor-section-height-default\" data-id=\"c7de9fe\" data-element_type=\"section\" data-e-type=\"section\">\n\t\t\t\t\t\t<div class=\"elementor-container elementor-column-gap-default\">\n\t\t\t\t\t<div class=\"elementor-column elementor-col-100 elementor-top-column elementor-element elementor-element-d40803e\" data-id=\"d40803e\" data-element_type=\"column\" data-e-type=\"column\">\n\t\t\t<div class=\"elementor-widget-wrap elementor-element-populated\">\n\t\t\t\t\t\t<div class=\"elementor-element elementor-element-fbbbcf5 elementor-widget elementor-widget-text-editor\" data-id=\"fbbbcf5\" data-element_type=\"widget\" data-e-type=\"widget\" data-widget_type=\"text-editor.default\">\n\t\t\t\t<div class=\"elementor-widget-container\">\n\t\t\t\t\t\t\t\t\t<h4><span style=\"color: #000000;\">Kongres jest skierowany do Rodak\u00f3w z Polski i zagranicy, wszystkich os\u00f3b pragn\u0105cych pog\u0142\u0119bia\u0107 wiar\u0119 ojc\u00f3w i umacnia\u0107 rodziny.<\/span><\/h4>\t\t\t\t\t\t\t\t<\/div>\n\t\t\t\t<\/div>\n\t\t\t\t\t<\/div>\n\t\t<\/div>\n\t\t\t\t\t<\/div>\n\t\t<\/section>\n\t\t\t\t<section class=\"elementor-section elementor-top-section elementor-element elementor-element-097e842 elementor-section-boxed elementor-section-height-default elementor-section-height-default\" data-id=\"097e842\" data-element_type=\"section\" data-e-type=\"section\">\n\t\t\t\t\t\t<div class=\"elementor-container elementor-column-gap-default\">\n\t\t\t\t\t<div class=\"elementor-column elementor-col-100 elementor-top-column elementor-element elementor-element-dd4b6fb\" data-id=\"dd4b6fb\" data-element_type=\"column\" data-e-type=\"column\">\n\t\t\t<div class=\"elementor-widget-wrap elementor-element-populated\">\n\t\t\t\t\t\t<div class=\"elementor-element elementor-element-c702d95 elementor-widget elementor-widget-text-editor\" data-id=\"c702d95\" data-element_type=\"widget\" data-e-type=\"widget\" data-widget_type=\"text-editor.default\">\n\t\t\t\t<div class=\"elementor-widget-container\">\n\t\t\t\t\t\t\t\t\t<div dir=\"auto\"><p><span style=\"color: #000000;\"><strong>W programie m.in.<\/strong><\/span><\/p><\/div>\t\t\t\t\t\t\t\t<\/div>\n\t\t\t\t<\/div>\n\t\t\t\t\t<\/div>\n\t\t<\/div>\n\t\t\t\t\t<\/div>\n\t\t<\/section>\n\t\t\t\t<section class=\"elementor-section elementor-top-section elementor-element elementor-element-8160361 elementor-section-boxed elementor-section-height-default elementor-section-height-default\" data-id=\"8160361\" data-element_type=\"section\" data-e-type=\"section\">\n\t\t\t\t\t\t<div class=\"elementor-container elementor-column-gap-default\">\n\t\t\t\t\t<div class=\"elementor-column elementor-col-100 elementor-top-column elementor-element elementor-element-54dd8b3\" data-id=\"54dd8b3\" data-element_type=\"column\" data-e-type=\"column\">\n\t\t\t<div class=\"elementor-widget-wrap elementor-element-populated\">\n\t\t\t\t\t\t<div class=\"elementor-element elementor-element-981834c elementor-widget elementor-widget-text-editor\" data-id=\"981834c\" data-element_type=\"widget\" data-e-type=\"widget\" data-widget_type=\"text-editor.default\">\n\t\t\t\t<div class=\"elementor-widget-container\">\n\t\t\t\t\t\t\t\t\t<ul><li><span style=\"color: #000000;\">Konferencje, warsztaty, spotkania, strefa dzieci i m\u0142odzie\u017cy<\/span><\/li><\/ul>\t\t\t\t\t\t\t\t<\/div>\n\t\t\t\t<\/div>\n\t\t\t\t\t<\/div>\n\t\t<\/div>\n\t\t\t\t\t<\/div>\n\t\t<\/section>\n\t\t\t\t<section class=\"elementor-section elementor-top-section elementor-element elementor-element-f94c098 elementor-section-boxed elementor-section-height-default elementor-section-height-default\" data-id=\"f94c098\" data-element_type=\"section\" data-e-type=\"section\">\n\t\t\t\t\t\t<div class=\"elementor-container elementor-column-gap-default\">\n\t\t\t\t\t<div class=\"elementor-column elementor-col-100 elementor-top-column elementor-element elementor-element-8e81cd2\" data-id=\"8e81cd2\" data-element_type=\"column\" data-e-type=\"column\">\n\t\t\t<div class=\"elementor-widget-wrap elementor-element-populated\">\n\t\t\t\t\t\t<div class=\"elementor-element elementor-element-783e5d8 elementor-widget elementor-widget-text-editor\" data-id=\"783e5d8\" data-element_type=\"widget\" data-e-type=\"widget\" data-widget_type=\"text-editor.default\">\n\t\t\t\t<div class=\"elementor-widget-container\">\n\t\t\t\t\t\t\t\t\t<ul><li><span style=\"color: #000000;\">Procesje \u015bwiat\u0142a<\/span><\/li><\/ul>\t\t\t\t\t\t\t\t<\/div>\n\t\t\t\t<\/div>\n\t\t\t\t\t<\/div>\n\t\t<\/div>\n\t\t\t\t\t<\/div>\n\t\t<\/section>\n\t\t\t\t<section class=\"elementor-section elementor-top-section elementor-element elementor-element-63c773d elementor-section-boxed elementor-section-height-default elementor-section-height-default\" data-id=\"63c773d\" data-element_type=\"section\" data-e-type=\"section\">\n\t\t\t\t\t\t<div class=\"elementor-container elementor-column-gap-default\">\n\t\t\t\t\t<div class=\"elementor-column elementor-col-100 elementor-top-column elementor-element elementor-element-20aeeea\" data-id=\"20aeeea\" data-element_type=\"column\" data-e-type=\"column\">\n\t\t\t<div class=\"elementor-widget-wrap elementor-element-populated\">\n\t\t\t\t\t\t<div class=\"elementor-element elementor-element-ebe1f59 elementor-widget elementor-widget-text-editor\" data-id=\"ebe1f59\" data-element_type=\"widget\" data-e-type=\"widget\" data-widget_type=\"text-editor.default\">\n\t\t\t\t<div class=\"elementor-widget-container\">\n\t\t\t\t\t\t\t\t\t<ul><li><span style=\"color: #000000;\">Spacer do Lasu Gr\u0105bli\u0144skiego \u2013 miejsca Objawie\u0144 Matki Bo\u017cej<\/span><\/li><\/ul>\t\t\t\t\t\t\t\t<\/div>\n\t\t\t\t<\/div>\n\t\t\t\t\t<\/div>\n\t\t<\/div>\n\t\t\t\t\t<\/div>\n\t\t<\/section>\n\t\t\t\t<section class=\"elementor-section elementor-top-section elementor-element elementor-element-7543b8d elementor-section-boxed elementor-section-height-default elementor-section-height-default\" data-id=\"7543b8d\" data-element_type=\"section\" data-e-type=\"section\">\n\t\t\t\t\t\t<div class=\"elementor-container elementor-column-gap-default\">\n\t\t\t\t\t<div class=\"elementor-column elementor-col-100 elementor-top-column elementor-element elementor-element-e863165\" data-id=\"e863165\" data-element_type=\"column\" data-e-type=\"column\">\n\t\t\t<div class=\"elementor-widget-wrap elementor-element-populated\">\n\t\t\t\t\t\t<div class=\"elementor-element elementor-element-5ddb218 elementor-widget elementor-widget-text-editor\" data-id=\"5ddb218\" data-element_type=\"widget\" data-e-type=\"widget\" data-widget_type=\"text-editor.default\">\n\t\t\t\t<div class=\"elementor-widget-container\">\n\t\t\t\t\t\t\t\t\t<ul><li><span style=\"color: #000000;\">Specjalna\u00a0cz\u0119\u015b\u0107: \u201eObjawienia\u00a0w\u00a0Kibeho\u00a0drog\u0105\u00a0ocalenia\u00a0na\u00a0nasze\u00a0czasy\u201d<\/span><\/li><\/ul>\t\t\t\t\t\t\t\t<\/div>\n\t\t\t\t<\/div>\n\t\t\t\t\t<\/div>\n\t\t<\/div>\n\t\t\t\t\t<\/div>\n\t\t<\/section>\n\t\t\t\t<section class=\"elementor-section elementor-top-section elementor-element elementor-element-5fa26bc elementor-section-boxed elementor-section-height-default elementor-section-height-default\" data-id=\"5fa26bc\" data-element_type=\"section\" data-e-type=\"section\">\n\t\t\t\t\t\t<div class=\"elementor-container elementor-column-gap-default\">\n\t\t\t\t\t<div class=\"elementor-column elementor-col-100 elementor-top-column elementor-element elementor-element-3e61f50\" data-id=\"3e61f50\" data-element_type=\"column\" data-e-type=\"column\">\n\t\t\t<div class=\"elementor-widget-wrap elementor-element-populated\">\n\t\t\t\t\t\t<div class=\"elementor-element elementor-element-f4d1b60 elementor-widget elementor-widget-text-editor\" data-id=\"f4d1b60\" data-element_type=\"widget\" data-e-type=\"widget\" data-widget_type=\"text-editor.default\">\n\t\t\t\t<div class=\"elementor-widget-container\">\n\t\t\t\t\t\t\t\t\t<ul><li><span style=\"color: #000000;\">Zawierzenie siebie i naszych rodzin\u00a0Bolesnej\u00a0Kr\u00f3lowej\u00a0Polski z Lichenia<\/span><\/li><\/ul>\t\t\t\t\t\t\t\t<\/div>\n\t\t\t\t<\/div>\n\t\t\t\t\t<\/div>\n\t\t<\/div>\n\t\t\t\t\t<\/div>\n\t\t<\/section>\n\t\t\t\t<section class=\"elementor-section elementor-top-section elementor-element elementor-element-5af7da9 elementor-section-boxed elementor-section-height-default elementor-section-height-default\" data-id=\"5af7da9\" data-element_type=\"section\" data-e-type=\"section\">\n\t\t\t\t\t\t<div class=\"elementor-container elementor-column-gap-default\">\n\t\t\t\t\t<div class=\"elementor-column elementor-col-100 elementor-top-column elementor-element elementor-element-5bb4a60\" data-id=\"5bb4a60\" data-element_type=\"column\" data-e-type=\"column\">\n\t\t\t<div class=\"elementor-widget-wrap elementor-element-populated\">\n\t\t\t\t\t\t<div class=\"elementor-element elementor-element-bede824 elementor-widget elementor-widget-text-editor\" data-id=\"bede824\" data-element_type=\"widget\" data-e-type=\"widget\" data-widget_type=\"text-editor.default\">\n\t\t\t\t<div class=\"elementor-widget-container\">\n\t\t\t\t\t\t\t\t\t<ul><li><span style=\"color: #000000;\">Nocne Czuwanie przed Zes\u0142aniem Ducha \u015awi\u0119tego<\/span><\/li><\/ul>\t\t\t\t\t\t\t\t<\/div>\n\t\t\t\t<\/div>\n\t\t\t\t\t<\/div>\n\t\t<\/div>\n\t\t\t\t\t<\/div>\n\t\t<\/section>\n\t\t\t\t<section class=\"elementor-section elementor-top-section elementor-element elementor-element-052bb86 elementor-section-boxed elementor-section-height-default elementor-section-height-default\" data-id=\"052bb86\" data-element_type=\"section\" data-e-type=\"section\">\n\t\t\t\t\t\t<div class=\"elementor-container elementor-column-gap-default\">\n\t\t\t\t\t<div class=\"elementor-column elementor-col-100 elementor-top-column elementor-element elementor-element-c13c534\" data-id=\"c13c534\" data-element_type=\"column\" data-e-type=\"column\">\n\t\t\t<div class=\"elementor-widget-wrap elementor-element-populated\">\n\t\t\t\t\t\t<div class=\"elementor-element elementor-element-2cf03f9 elementor-widget elementor-widget-text-editor\" data-id=\"2cf03f9\" data-element_type=\"widget\" data-e-type=\"widget\" data-widget_type=\"text-editor.default\">\n\t\t\t\t<div class=\"elementor-widget-container\">\n\t\t\t\t\t\t\t\t\t<ul><li><span style=\"color: #000000;\">Festyn\u00a0rodzinny\u00a0w\u00a0niedziel\u0119 \u2013\u00a0koncert,\u00a0animacje\u00a0dla\u00a0dzieci\u00a0i radosne spotkanie\u00a0rodzin\u00a0\u00a0<\/span><\/li><\/ul>\t\t\t\t\t\t\t\t<\/div>\n\t\t\t\t<\/div>\n\t\t\t\t\t<\/div>\n\t\t<\/div>\n\t\t\t\t\t<\/div>\n\t\t<\/section>\n\t\t\t\t<section class=\"elementor-section elementor-top-section elementor-element elementor-element-0aaaecc elementor-section-boxed elementor-section-height-default elementor-section-height-default\" data-id=\"0aaaecc\" data-element_type=\"section\" data-e-type=\"section\">\n\t\t\t\t\t\t<div class=\"elementor-container elementor-column-gap-default\">\n\t\t\t\t\t<div class=\"elementor-column elementor-col-100 elementor-top-column elementor-element elementor-element-c7f9cba\" data-id=\"c7f9cba\" data-element_type=\"column\" data-e-type=\"column\">\n\t\t\t<div class=\"elementor-widget-wrap elementor-element-populated\">\n\t\t\t\t\t\t<div class=\"elementor-element elementor-element-2ed0652 elementor-widget elementor-widget-text-editor\" data-id=\"2ed0652\" data-element_type=\"widget\" data-e-type=\"widget\" data-widget_type=\"text-editor.default\">\n\t\t\t\t<div class=\"elementor-widget-container\">\n\t\t\t\t\t\t\t\t\t<p><span style=\"color: #000000;\">W\u015br\u00f3d zaproszonych go\u015bci: ks. abp. Tadeusz <strong>Wojda<\/strong>, przewodnicz\u0105cy KEP, ks. prof. Robert <strong>Skrzypczak<\/strong>, red. Grzegorz <strong>G\u00f3rny<\/strong>, ks. prof. Kazimierz <strong>Pek<\/strong> MIC, ks. Leszek <strong>Czelu\u015bniak<\/strong> MIC \u2013 misjonarz z Rwandy, schola <strong>\u2018Armia Pana\u2019<\/strong> pod dyrekcj\u0105 Barbary Dawidowskiej.<\/span><\/p>\t\t\t\t\t\t\t\t<\/div>\n\t\t\t\t<\/div>\n\t\t\t\t\t<\/div>\n\t\t<\/div>\n\t\t\t\t\t<\/div>\n\t\t<\/section>\n\t\t\t\t<section class=\"elementor-section elementor-top-section elementor-element elementor-element-0b7a47c elementor-section-boxed elementor-section-height-default elementor-section-height-default\" data-id=\"0b7a47c\" data-element_type=\"section\" data-e-type=\"section\">\n\t\t\t\t\t\t<div class=\"elementor-container elementor-column-gap-default\">\n\t\t\t\t\t<div class=\"elementor-column elementor-col-100 elementor-top-column elementor-element elementor-element-ae7c62f\" data-id=\"ae7c62f\" data-element_type=\"column\" data-e-type=\"column\">\n\t\t\t<div class=\"elementor-widget-wrap elementor-element-populated\">\n\t\t\t\t\t\t<div class=\"elementor-element elementor-element-15cfe63 elementor-widget elementor-widget-text-editor\" data-id=\"15cfe63\" data-element_type=\"widget\" data-e-type=\"widget\" data-widget_type=\"text-editor.default\">\n\t\t\t\t<div class=\"elementor-widget-container\">\n\t\t\t\t\t\t\t\t\t<p><span style=\"color: #000000;\">Kongres rozpoczniemy w liche\u0144skiej bazylice wsp\u00f3lnym odm\u00f3wieniem r\u00f3\u017ca\u0144ca do Siedmiu Bole\u015bci Matki Bo\u017cej wed\u0142ug objawie\u0144 Matki S\u0142owa z Kibeho i <strong>Msz\u0105 \u015awi\u0119t\u0105<\/strong>.\u00a0 W sesj\u0119 pod has\u0142em<em> <strong>Z Maryj\u0105 budujemy cywilizacj\u0119 Mi\u0142o\u015bci i \u017bycia<\/strong><\/em> wprowadzi nas znakomity referent ks. prof. Robert Skrzypczak.<\/span><\/p>\t\t\t\t\t\t\t\t<\/div>\n\t\t\t\t<\/div>\n\t\t\t\t\t<\/div>\n\t\t<\/div>\n\t\t\t\t\t<\/div>\n\t\t<\/section>\n\t\t\t\t<section class=\"elementor-section elementor-top-section elementor-element elementor-element-5ca2d26 elementor-section-boxed elementor-section-height-default elementor-section-height-default\" data-id=\"5ca2d26\" data-element_type=\"section\" data-e-type=\"section\">\n\t\t\t\t\t\t<div class=\"elementor-container elementor-column-gap-default\">\n\t\t\t\t\t<div class=\"elementor-column elementor-col-100 elementor-top-column elementor-element elementor-element-77076c2\" data-id=\"77076c2\" data-element_type=\"column\" data-e-type=\"column\">\n\t\t\t<div class=\"elementor-widget-wrap elementor-element-populated\">\n\t\t\t\t\t\t<div class=\"elementor-element elementor-element-f0d3321 elementor-widget elementor-widget-text-editor\" data-id=\"f0d3321\" data-element_type=\"widget\" data-e-type=\"widget\" data-widget_type=\"text-editor.default\">\n\t\t\t\t<div class=\"elementor-widget-container\">\n\t\t\t\t\t\t\t\t\t<p><span style=\"color: #000000;\">W drugim dniu u st\u00f3p Matki Bo\u017cej Bolesnej wsp\u00f3lnie b\u0119dziemy odkrywa\u0107 przes\u0142anie Matki Bo\u017cej Bolesnej Kr\u00f3lowej Polski z Lichenia, z Fatimy, a szczeg\u00f3lnie z ostatniego uznanego objawienia <strong>Matki S\u0142owa z Kibeho<\/strong> jako ratunku dla \u015bwiata.<\/span><\/p>\t\t\t\t\t\t\t\t<\/div>\n\t\t\t\t<\/div>\n\t\t\t\t\t<\/div>\n\t\t<\/div>\n\t\t\t\t\t<\/div>\n\t\t<\/section>\n\t\t\t\t<section class=\"elementor-section elementor-top-section elementor-element elementor-element-0c9783e elementor-section-boxed elementor-section-height-default elementor-section-height-default\" data-id=\"0c9783e\" data-element_type=\"section\" data-e-type=\"section\">\n\t\t\t\t\t\t<div class=\"elementor-container elementor-column-gap-default\">\n\t\t\t\t\t<div class=\"elementor-column elementor-col-100 elementor-top-column elementor-element elementor-element-703d370\" data-id=\"703d370\" data-element_type=\"column\" data-e-type=\"column\">\n\t\t\t<div class=\"elementor-widget-wrap elementor-element-populated\">\n\t\t\t\t\t\t<div class=\"elementor-element elementor-element-331bd9e elementor-widget elementor-widget-text-editor\" data-id=\"331bd9e\" data-element_type=\"widget\" data-e-type=\"widget\" data-widget_type=\"text-editor.default\">\n\t\t\t\t<div class=\"elementor-widget-container\">\n\t\t\t\t\t\t\t\t\t<p><span style=\"color: #000000;\">Pomoc\u0105 w (od)budowie \u017cycia b\u0119dzie sesja ukazuj\u0105ca <strong>dom na skale<\/strong> przez Instytut Studi\u00f3w nad Rodzin\u0105 im. AKM w \u0141omiankach i <strong>wsparcie m\u0142odych rodzic\u00f3w w realizacji rodzicielstwa<\/strong> przez INER Polska.\u00a0 Warsztaty i dyskusje (do wyboru), ukazuj\u0105ce jak mo\u017cna <strong>towarzyszy\u0107 rodzinie w jej trudnych momentach<\/strong>, to spotkanie ze specjalistami r\u00f3\u017cnych dziedzin.<\/span><\/p>\t\t\t\t\t\t\t\t<\/div>\n\t\t\t\t<\/div>\n\t\t\t\t\t<\/div>\n\t\t<\/div>\n\t\t\t\t\t<\/div>\n\t\t<\/section>\n\t\t\t\t<section class=\"elementor-section elementor-top-section elementor-element elementor-element-fca3aa6 elementor-section-boxed elementor-section-height-default elementor-section-height-default\" data-id=\"fca3aa6\" data-element_type=\"section\" data-e-type=\"section\">\n\t\t\t\t\t\t<div class=\"elementor-container elementor-column-gap-default\">\n\t\t\t\t\t<div class=\"elementor-column elementor-col-100 elementor-top-column elementor-element elementor-element-f500d0c\" data-id=\"f500d0c\" data-element_type=\"column\" data-e-type=\"column\">\n\t\t\t<div class=\"elementor-widget-wrap elementor-element-populated\">\n\t\t\t\t\t\t<div class=\"elementor-element elementor-element-6c2bacf elementor-widget elementor-widget-text-editor\" data-id=\"6c2bacf\" data-element_type=\"widget\" data-e-type=\"widget\" data-widget_type=\"text-editor.default\">\n\t\t\t\t<div class=\"elementor-widget-container\">\n\t\t\t\t\t\t\t\t\t<p><span style=\"color: #000000;\"><strong>Procesja \u015bwiat\u0142a<\/strong>, <strong>Msza \u015awi\u0119ta<\/strong> w Wigili\u0119 Zes\u0142ania Ducha \u015awi\u0119tego wprowadzi nas w NOC CZUWANIA: jako PRZEB\u0141AGANIE ZA NASZE GRZECHY PRZECIW MI\u0141O\u015aCI i \u017bYCIU ze wsp\u00f3lnym odm\u00f3wieniem R\u00f3\u017ca\u0144ca do Siedmiu Bole\u015bci Matki Bo\u017cej.<\/span><\/p>\t\t\t\t\t\t\t\t<\/div>\n\t\t\t\t<\/div>\n\t\t\t\t\t<\/div>\n\t\t<\/div>\n\t\t\t\t\t<\/div>\n\t\t<\/section>\n\t\t\t\t<section class=\"elementor-section elementor-top-section elementor-element elementor-element-70fa710 elementor-section-boxed elementor-section-height-default elementor-section-height-default\" data-id=\"70fa710\" data-element_type=\"section\" data-e-type=\"section\">\n\t\t\t\t\t\t<div class=\"elementor-container elementor-column-gap-default\">\n\t\t\t\t\t<div class=\"elementor-column elementor-col-100 elementor-top-column elementor-element elementor-element-4872ee4\" data-id=\"4872ee4\" data-element_type=\"column\" data-e-type=\"column\">\n\t\t\t<div class=\"elementor-widget-wrap elementor-element-populated\">\n\t\t\t\t\t\t<div class=\"elementor-element elementor-element-a70c50d elementor-widget elementor-widget-text-editor\" data-id=\"a70c50d\" data-element_type=\"widget\" data-e-type=\"widget\" data-widget_type=\"text-editor.default\">\n\t\t\t\t<div class=\"elementor-widget-container\">\n\t\t\t\t\t\t\t\t\t<p><span style=\"color: #000000;\"><strong>Niedziela Zes\u0142ania Ducha \u015awi\u0119tego<\/strong> to wsp\u00f3lna uroczysta <strong>Msza \u015awi\u0119ta<\/strong> pod przewodnictwem ks. abp. Tadeusza Wojdy SAC, przewodnicz\u0105cego KEP, zawierzenie MATCE BO\u017bEJ BOLESNEJ KR\u00d3LOWEJ POLSKI: POLAK\u00d3W W KRAJU I ZA GRANIC\u0104 i wsp\u00f3lny R\u00f3\u017caniec do Siedmiu Bole\u015bci.<\/span><\/p>\t\t\t\t\t\t\t\t<\/div>\n\t\t\t\t<\/div>\n\t\t\t\t\t<\/div>\n\t\t<\/div>\n\t\t\t\t\t<\/div>\n\t\t<\/section>\n\t\t\t\t<section class=\"elementor-section elementor-top-section elementor-element elementor-element-d2bb528 elementor-section-boxed elementor-section-height-default elementor-section-height-default\" data-id=\"d2bb528\" data-element_type=\"section\" data-e-type=\"section\">\n\t\t\t\t\t\t<div class=\"elementor-container elementor-column-gap-default\">\n\t\t\t\t\t<div class=\"elementor-column elementor-col-100 elementor-top-column elementor-element elementor-element-46532da\" data-id=\"46532da\" data-element_type=\"column\" data-e-type=\"column\">\n\t\t\t<div class=\"elementor-widget-wrap elementor-element-populated\">\n\t\t\t\t\t\t<div class=\"elementor-element elementor-element-6ff14fb elementor-widget elementor-widget-text-editor\" data-id=\"6ff14fb\" data-element_type=\"widget\" data-e-type=\"widget\" data-widget_type=\"text-editor.default\">\n\t\t\t\t<div class=\"elementor-widget-container\">\n\t\t\t\t\t\t\t\t\t<p><span style=\"color: #000000;\">Nast\u0119pnie zapraszamy na spotkania autorskie grup, ruch\u00f3w i stowarzysze\u0144, festyn na Polance czy zwiedzanie sanktuarium (dla ch\u0119tnych).<\/span><\/p>\t\t\t\t\t\t\t\t<\/div>\n\t\t\t\t<\/div>\n\t\t\t\t\t<\/div>\n\t\t<\/div>\n\t\t\t\t\t<\/div>\n\t\t<\/section>\n\t\t\t\t<section class=\"elementor-section elementor-top-section elementor-element elementor-element-d5dd191 elementor-section-boxed elementor-section-height-default elementor-section-height-default\" data-id=\"d5dd191\" data-element_type=\"section\" data-e-type=\"section\">\n\t\t\t\t\t\t<div class=\"elementor-container elementor-column-gap-default\">\n\t\t\t\t\t<div class=\"elementor-column elementor-col-100 elementor-top-column elementor-element elementor-element-6614027\" data-id=\"6614027\" data-element_type=\"column\" data-e-type=\"column\">\n\t\t\t<div class=\"elementor-widget-wrap elementor-element-populated\">\n\t\t\t\t\t\t<div class=\"elementor-element elementor-element-674cafa elementor-widget elementor-widget-text-editor\" data-id=\"674cafa\" data-element_type=\"widget\" data-e-type=\"widget\" data-widget_type=\"text-editor.default\">\n\t\t\t\t<div class=\"elementor-widget-container\">\n\t\t\t\t\t\t\t\t\t<p style=\"text-align: center;\"><span style=\"color: #000000;\"><strong>Wi\u0119cej informacji i zapisy:<\/strong><\/span><\/p><p style=\"text-align: center;\"><span style=\"color: #ff0000;\"><strong><a style=\"color: #ff0000;\" href=\"https:\/\/maryja-kibeho.pl\/kongres\/\">https:\/\/maryja-kibeho.pl\/kongres\/<\/a><\/strong><\/span><\/p>\t\t\t\t\t\t\t\t<\/div>\n\t\t\t\t<\/div>\n\t\t\t\t\t<\/div>\n\t\t<\/div>\n\t\t\t\t\t<\/div>\n\t\t<\/section>\n\t\t\t\t<section class=\"elementor-section elementor-top-section elementor-element elementor-element-44c0980 elementor-section-boxed elementor-section-height-default elementor-section-height-default\" data-id=\"44c0980\" data-element_type=\"section\" data-e-type=\"section\">\n\t\t\t\t\t\t<div class=\"elementor-container elementor-column-gap-default\">\n\t\t\t\t\t<div class=\"elementor-column elementor-col-100 elementor-top-column elementor-element elementor-element-75c639d\" data-id=\"75c639d\" data-element_type=\"column\" data-e-type=\"column\">\n\t\t\t<div class=\"elementor-widget-wrap elementor-element-populated\">\n\t\t\t\t\t\t<div class=\"elementor-element elementor-element-1c423d2 elementor-widget elementor-widget-image\" data-id=\"1c423d2\" data-element_type=\"widget\" data-e-type=\"widget\" data-widget_type=\"image.default\">\n\t\t\t\t<div class=\"elementor-widget-container\">\n\t\t\t\t\t\t\t\t\t\t\t\t\t\t\t<img fetchpriority=\"high\" decoding=\"async\" width=\"768\" height=\"1085\" src=\"https:\/\/www.lichen.pl\/wp-content\/uploads\/2025\/12\/plakat-kongres-768x1085.jpg\" class=\"attachment-medium_large size-medium_large wp-image-98482\" alt=\"\" srcset=\"https:\/\/www.lichen.pl\/wp-content\/uploads\/2025\/12\/plakat-kongres-768x1085.jpg 768w, https:\/\/www.lichen.pl\/wp-content\/uploads\/2025\/12\/plakat-kongres-212x300.jpg 212w, https:\/\/www.lichen.pl\/wp-content\/uploads\/2025\/12\/plakat-kongres-725x1024.jpg 725w, https:\/\/www.lichen.pl\/wp-content\/uploads\/2025\/12\/plakat-kongres-1087x1536.jpg 1087w, https:\/\/www.lichen.pl\/wp-content\/uploads\/2025\/12\/plakat-kongres-1450x2048.jpg 1450w, https:\/\/www.lichen.pl\/wp-content\/uploads\/2025\/12\/plakat-kongres-8x12.jpg 8w, https:\/\/www.lichen.pl\/wp-content\/uploads\/2025\/12\/plakat-kongres-800x1130.jpg 800w, https:\/\/www.lichen.pl\/wp-content\/uploads\/2025\/12\/plakat-kongres.jpg 906w\" sizes=\"(max-width: 768px) 100vw, 768px\" \/>\t\t\t\t\t\t\t\t\t\t\t\t\t\t\t<\/div>\n\t\t\t\t<\/div>\n\t\t\t\t\t<\/div>\n\t\t<\/div>\n\t\t\t\t\t<\/div>\n\t\t<\/section>\n\t\t\t\t<\/div>","protected":false},"excerpt":{"rendered":"<p>Kongres jest skierowany do Rodak\u00f3w z Polski i zagranicy, wszystkich os\u00f3b pragn\u0105cych pog\u0142\u0119bia\u0107 wiar\u0119 ojc\u00f3w i umacnia\u0107 rodziny. W programie m.in. Konferencje, warsztaty, spotkania, strefa dzieci i m\u0142odzie\u017cy Procesje \u015bwiat\u0142a Spacer do Lasu Gr\u0105bli\u0144skiego \u2013 miejsca Objawie\u0144 Matki Bo\u017cej Specjalna\u00a0cz\u0119\u015b\u0107: \u201eObjawienia\u00a0w\u00a0Kibeho\u00a0drog\u0105\u00a0ocalenia\u00a0na\u00a0nasze\u00a0czasy\u201d Zawierzenie siebie i naszych rodzin\u00a0Bolesnej\u00a0Kr\u00f3lowej\u00a0Polski z Lichenia Nocne Czuwanie przed Zes\u0142aniem Ducha \u015awi\u0119tego Festyn\u00a0rodzinny\u00a0w\u00a0niedziel\u0119 [&hellip;]<\/p>\n","protected":false},"author":8,"featured_media":93906,"comment_status":"closed","ping_status":"closed","sticky":false,"template":"","format":"standard","meta":{"footnotes":""},"categories":[72],"tags":[],"class_list":["post-93283","post","type-post","status-publish","format-standard","has-post-thumbnail","hentry","category-zapowiedzi","wpbf-post"],"yoast_head":"<!-- This site is optimized with the Yoast SEO plugin v27.4 - https:\/\/yoast.com\/product\/yoast-seo-wordpress\/ -->\n<title>Mi\u0119dzynarodowy Kongres Maryjny dla Polski i Polonii - SANKTUARIUM W LICHENIU<\/title>\n<meta name=\"robots\" content=\"index, follow, max-snippet:-1, max-image-preview:large, max-video-preview:-1\" \/>\n<link rel=\"canonical\" href=\"https:\/\/www.lichen.pl\/en\/warsztaty-bozonarodzeniowe-dla-dzieci-2\/\" \/>\n<meta property=\"og:locale\" content=\"en_GB\" \/>\n<meta property=\"og:type\" content=\"article\" \/>\n<meta property=\"og:title\" content=\"Mi\u0119dzynarodowy Kongres Maryjny dla Polski i Polonii - SANKTUARIUM W LICHENIU\" \/>\n<meta property=\"og:description\" content=\"Kongres jest skierowany do Rodak\u00f3w z Polski i zagranicy, wszystkich os\u00f3b pragn\u0105cych pog\u0142\u0119bia\u0107 wiar\u0119 ojc\u00f3w i umacnia\u0107 rodziny. W programie m.in. Konferencje, warsztaty, spotkania, strefa dzieci i m\u0142odzie\u017cy Procesje \u015bwiat\u0142a Spacer do Lasu Gr\u0105bli\u0144skiego \u2013 miejsca Objawie\u0144 Matki Bo\u017cej Specjalna\u00a0cz\u0119\u015b\u0107: \u201eObjawienia\u00a0w\u00a0Kibeho\u00a0drog\u0105\u00a0ocalenia\u00a0na\u00a0nasze\u00a0czasy\u201d Zawierzenie siebie i naszych rodzin\u00a0Bolesnej\u00a0Kr\u00f3lowej\u00a0Polski z Lichenia Nocne Czuwanie przed Zes\u0142aniem Ducha \u015awi\u0119tego Festyn\u00a0rodzinny\u00a0w\u00a0niedziel\u0119 [&hellip;]\" \/>\n<meta property=\"og:url\" content=\"https:\/\/www.lichen.pl\/en\/warsztaty-bozonarodzeniowe-dla-dzieci-2\/\" \/>\n<meta property=\"og:site_name\" content=\"SANKTUARIUM W LICHENIU\" \/>\n<meta property=\"article:published_time\" content=\"2025-12-01T14:06:46+00:00\" \/>\n<meta property=\"article:modified_time\" content=\"2026-03-27T14:25:25+00:00\" \/>\n<meta property=\"og:image\" content=\"https:\/\/www.lichen.pl\/wp-content\/uploads\/2025\/12\/IMG_0743-Poprawione-Szum-1024x683.jpg\" \/>\n\t<meta property=\"og:image:width\" content=\"1024\" \/>\n\t<meta property=\"og:image:height\" content=\"683\" \/>\n\t<meta property=\"og:image:type\" content=\"image\/jpeg\" \/>\n<meta name=\"author\" content=\"Biuro Prasowe\" \/>\n<meta name=\"twitter:card\" content=\"summary_large_image\" \/>\n<meta name=\"twitter:label1\" content=\"Written by\" \/>\n\t<meta name=\"twitter:data1\" content=\"Biuro Prasowe\" \/>\n\t<meta name=\"twitter:label2\" content=\"Estimated reading time\" \/>\n\t<meta name=\"twitter:data2\" content=\"3 minutes\" \/>\n<script type=\"application\/ld+json\" class=\"yoast-schema-graph\">{\"@context\":\"https:\\\/\\\/schema.org\",\"@graph\":[{\"@type\":\"Article\",\"@id\":\"https:\\\/\\\/www.lichen.pl\\\/warsztaty-bozonarodzeniowe-dla-dzieci-2\\\/#article\",\"isPartOf\":{\"@id\":\"https:\\\/\\\/www.lichen.pl\\\/warsztaty-bozonarodzeniowe-dla-dzieci-2\\\/\"},\"author\":{\"name\":\"Biuro Prasowe\",\"@id\":\"https:\\\/\\\/www.lichen.pl\\\/fr\\\/#\\\/schema\\\/person\\\/682b5cfa2f8a664a298ed0bc19782a02\"},\"headline\":\"Mi\u0119dzynarodowy Kongres Maryjny dla Polski i Polonii\",\"datePublished\":\"2025-12-01T14:06:46+00:00\",\"dateModified\":\"2026-03-27T14:25:25+00:00\",\"mainEntityOfPage\":{\"@id\":\"https:\\\/\\\/www.lichen.pl\\\/warsztaty-bozonarodzeniowe-dla-dzieci-2\\\/\"},\"wordCount\":417,\"image\":{\"@id\":\"https:\\\/\\\/www.lichen.pl\\\/warsztaty-bozonarodzeniowe-dla-dzieci-2\\\/#primaryimage\"},\"thumbnailUrl\":\"https:\\\/\\\/www.lichen.pl\\\/wp-content\\\/uploads\\\/2025\\\/12\\\/IMG_0743-Poprawione-Szum.jpg\",\"articleSection\":[\"Zapowiedzi\"],\"inLanguage\":\"en-GB\"},{\"@type\":\"WebPage\",\"@id\":\"https:\\\/\\\/www.lichen.pl\\\/warsztaty-bozonarodzeniowe-dla-dzieci-2\\\/\",\"url\":\"https:\\\/\\\/www.lichen.pl\\\/warsztaty-bozonarodzeniowe-dla-dzieci-2\\\/\",\"name\":\"Mi\u0119dzynarodowy Kongres Maryjny dla Polski i Polonii - SANKTUARIUM W LICHENIU\",\"isPartOf\":{\"@id\":\"https:\\\/\\\/www.lichen.pl\\\/fr\\\/#website\"},\"primaryImageOfPage\":{\"@id\":\"https:\\\/\\\/www.lichen.pl\\\/warsztaty-bozonarodzeniowe-dla-dzieci-2\\\/#primaryimage\"},\"image\":{\"@id\":\"https:\\\/\\\/www.lichen.pl\\\/warsztaty-bozonarodzeniowe-dla-dzieci-2\\\/#primaryimage\"},\"thumbnailUrl\":\"https:\\\/\\\/www.lichen.pl\\\/wp-content\\\/uploads\\\/2025\\\/12\\\/IMG_0743-Poprawione-Szum.jpg\",\"datePublished\":\"2025-12-01T14:06:46+00:00\",\"dateModified\":\"2026-03-27T14:25:25+00:00\",\"author\":{\"@id\":\"https:\\\/\\\/www.lichen.pl\\\/fr\\\/#\\\/schema\\\/person\\\/682b5cfa2f8a664a298ed0bc19782a02\"},\"breadcrumb\":{\"@id\":\"https:\\\/\\\/www.lichen.pl\\\/warsztaty-bozonarodzeniowe-dla-dzieci-2\\\/#breadcrumb\"},\"inLanguage\":\"en-GB\",\"potentialAction\":[{\"@type\":\"ReadAction\",\"target\":[\"https:\\\/\\\/www.lichen.pl\\\/warsztaty-bozonarodzeniowe-dla-dzieci-2\\\/\"]}]},{\"@type\":\"ImageObject\",\"inLanguage\":\"en-GB\",\"@id\":\"https:\\\/\\\/www.lichen.pl\\\/warsztaty-bozonarodzeniowe-dla-dzieci-2\\\/#primaryimage\",\"url\":\"https:\\\/\\\/www.lichen.pl\\\/wp-content\\\/uploads\\\/2025\\\/12\\\/IMG_0743-Poprawione-Szum.jpg\",\"contentUrl\":\"https:\\\/\\\/www.lichen.pl\\\/wp-content\\\/uploads\\\/2025\\\/12\\\/IMG_0743-Poprawione-Szum.jpg\",\"width\":1920,\"height\":1280},{\"@type\":\"BreadcrumbList\",\"@id\":\"https:\\\/\\\/www.lichen.pl\\\/warsztaty-bozonarodzeniowe-dla-dzieci-2\\\/#breadcrumb\",\"itemListElement\":[{\"@type\":\"ListItem\",\"position\":1,\"name\":\"Strona g\u0142\u00f3wna\",\"item\":\"https:\\\/\\\/www.lichen.pl\\\/\"},{\"@type\":\"ListItem\",\"position\":2,\"name\":\"Mi\u0119dzynarodowy Kongres Maryjny dla Polski i Polonii\"}]},{\"@type\":\"WebSite\",\"@id\":\"https:\\\/\\\/www.lichen.pl\\\/fr\\\/#website\",\"url\":\"https:\\\/\\\/www.lichen.pl\\\/fr\\\/\",\"name\":\"SANKTUARIUM W LICHENIU\",\"description\":\"MATKI BO\u017bEJ LICHE\u0143SKIEJ BOLESNEJ KR\u00d3LOWEJ POLSKI\",\"potentialAction\":[{\"@type\":\"SearchAction\",\"target\":{\"@type\":\"EntryPoint\",\"urlTemplate\":\"https:\\\/\\\/www.lichen.pl\\\/fr\\\/?s={search_term_string}\"},\"query-input\":{\"@type\":\"PropertyValueSpecification\",\"valueRequired\":true,\"valueName\":\"search_term_string\"}}],\"inLanguage\":\"en-GB\"},{\"@type\":\"Person\",\"@id\":\"https:\\\/\\\/www.lichen.pl\\\/fr\\\/#\\\/schema\\\/person\\\/682b5cfa2f8a664a298ed0bc19782a02\",\"name\":\"Biuro Prasowe\",\"image\":{\"@type\":\"ImageObject\",\"inLanguage\":\"en-GB\",\"@id\":\"https:\\\/\\\/secure.gravatar.com\\\/avatar\\\/07fa3449d37670fd38888cb2e3db27aa13df245d811ec65206e44888f202bb53?s=96&d=retro&r=g\",\"url\":\"https:\\\/\\\/secure.gravatar.com\\\/avatar\\\/07fa3449d37670fd38888cb2e3db27aa13df245d811ec65206e44888f202bb53?s=96&d=retro&r=g\",\"contentUrl\":\"https:\\\/\\\/secure.gravatar.com\\\/avatar\\\/07fa3449d37670fd38888cb2e3db27aa13df245d811ec65206e44888f202bb53?s=96&d=retro&r=g\",\"caption\":\"Biuro Prasowe\"},\"sameAs\":[\"http:\\\/\\\/www.lichen.pl\"],\"url\":\"https:\\\/\\\/www.lichen.pl\\\/en\\\/author\\\/biuro-prasowe\\\/\"}]}<\/script>\n<!-- \/ Yoast SEO plugin. -->","yoast_head_json":{"title":"Mi\u0119dzynarodowy Kongres Maryjny dla Polski i Polonii - SANKTUARIUM W LICHENIU","robots":{"index":"index","follow":"follow","max-snippet":"max-snippet:-1","max-image-preview":"max-image-preview:large","max-video-preview":"max-video-preview:-1"},"canonical":"https:\/\/www.lichen.pl\/en\/warsztaty-bozonarodzeniowe-dla-dzieci-2\/","og_locale":"en_GB","og_type":"article","og_title":"Mi\u0119dzynarodowy Kongres Maryjny dla Polski i Polonii - SANKTUARIUM W LICHENIU","og_description":"Kongres jest skierowany do Rodak\u00f3w z Polski i zagranicy, wszystkich os\u00f3b pragn\u0105cych pog\u0142\u0119bia\u0107 wiar\u0119 ojc\u00f3w i umacnia\u0107 rodziny. W programie m.in. Konferencje, warsztaty, spotkania, strefa dzieci i m\u0142odzie\u017cy Procesje \u015bwiat\u0142a Spacer do Lasu Gr\u0105bli\u0144skiego \u2013 miejsca Objawie\u0144 Matki Bo\u017cej Specjalna\u00a0cz\u0119\u015b\u0107: \u201eObjawienia\u00a0w\u00a0Kibeho\u00a0drog\u0105\u00a0ocalenia\u00a0na\u00a0nasze\u00a0czasy\u201d Zawierzenie siebie i naszych rodzin\u00a0Bolesnej\u00a0Kr\u00f3lowej\u00a0Polski z Lichenia Nocne Czuwanie przed Zes\u0142aniem Ducha \u015awi\u0119tego Festyn\u00a0rodzinny\u00a0w\u00a0niedziel\u0119 [&hellip;]","og_url":"https:\/\/www.lichen.pl\/en\/warsztaty-bozonarodzeniowe-dla-dzieci-2\/","og_site_name":"SANKTUARIUM W LICHENIU","article_published_time":"2025-12-01T14:06:46+00:00","article_modified_time":"2026-03-27T14:25:25+00:00","og_image":[{"width":1024,"height":683,"url":"https:\/\/www.lichen.pl\/wp-content\/uploads\/2025\/12\/IMG_0743-Poprawione-Szum-1024x683.jpg","type":"image\/jpeg"}],"author":"Biuro Prasowe","twitter_card":"summary_large_image","twitter_misc":{"Written by":"Biuro Prasowe","Estimated reading time":"3 minutes"},"schema":{"@context":"https:\/\/schema.org","@graph":[{"@type":"Article","@id":"https:\/\/www.lichen.pl\/warsztaty-bozonarodzeniowe-dla-dzieci-2\/#article","isPartOf":{"@id":"https:\/\/www.lichen.pl\/warsztaty-bozonarodzeniowe-dla-dzieci-2\/"},"author":{"name":"Biuro Prasowe","@id":"https:\/\/www.lichen.pl\/fr\/#\/schema\/person\/682b5cfa2f8a664a298ed0bc19782a02"},"headline":"Mi\u0119dzynarodowy Kongres Maryjny dla Polski i Polonii","datePublished":"2025-12-01T14:06:46+00:00","dateModified":"2026-03-27T14:25:25+00:00","mainEntityOfPage":{"@id":"https:\/\/www.lichen.pl\/warsztaty-bozonarodzeniowe-dla-dzieci-2\/"},"wordCount":417,"image":{"@id":"https:\/\/www.lichen.pl\/warsztaty-bozonarodzeniowe-dla-dzieci-2\/#primaryimage"},"thumbnailUrl":"https:\/\/www.lichen.pl\/wp-content\/uploads\/2025\/12\/IMG_0743-Poprawione-Szum.jpg","articleSection":["Zapowiedzi"],"inLanguage":"en-GB"},{"@type":"WebPage","@id":"https:\/\/www.lichen.pl\/warsztaty-bozonarodzeniowe-dla-dzieci-2\/","url":"https:\/\/www.lichen.pl\/warsztaty-bozonarodzeniowe-dla-dzieci-2\/","name":"Mi\u0119dzynarodowy Kongres Maryjny dla Polski i Polonii - SANKTUARIUM W LICHENIU","isPartOf":{"@id":"https:\/\/www.lichen.pl\/fr\/#website"},"primaryImageOfPage":{"@id":"https:\/\/www.lichen.pl\/warsztaty-bozonarodzeniowe-dla-dzieci-2\/#primaryimage"},"image":{"@id":"https:\/\/www.lichen.pl\/warsztaty-bozonarodzeniowe-dla-dzieci-2\/#primaryimage"},"thumbnailUrl":"https:\/\/www.lichen.pl\/wp-content\/uploads\/2025\/12\/IMG_0743-Poprawione-Szum.jpg","datePublished":"2025-12-01T14:06:46+00:00","dateModified":"2026-03-27T14:25:25+00:00","author":{"@id":"https:\/\/www.lichen.pl\/fr\/#\/schema\/person\/682b5cfa2f8a664a298ed0bc19782a02"},"breadcrumb":{"@id":"https:\/\/www.lichen.pl\/warsztaty-bozonarodzeniowe-dla-dzieci-2\/#breadcrumb"},"inLanguage":"en-GB","potentialAction":[{"@type":"ReadAction","target":["https:\/\/www.lichen.pl\/warsztaty-bozonarodzeniowe-dla-dzieci-2\/"]}]},{"@type":"ImageObject","inLanguage":"en-GB","@id":"https:\/\/www.lichen.pl\/warsztaty-bozonarodzeniowe-dla-dzieci-2\/#primaryimage","url":"https:\/\/www.lichen.pl\/wp-content\/uploads\/2025\/12\/IMG_0743-Poprawione-Szum.jpg","contentUrl":"https:\/\/www.lichen.pl\/wp-content\/uploads\/2025\/12\/IMG_0743-Poprawione-Szum.jpg","width":1920,"height":1280},{"@type":"BreadcrumbList","@id":"https:\/\/www.lichen.pl\/warsztaty-bozonarodzeniowe-dla-dzieci-2\/#breadcrumb","itemListElement":[{"@type":"ListItem","position":1,"name":"Strona g\u0142\u00f3wna","item":"https:\/\/www.lichen.pl\/"},{"@type":"ListItem","position":2,"name":"Mi\u0119dzynarodowy Kongres Maryjny dla Polski i Polonii"}]},{"@type":"WebSite","@id":"https:\/\/www.lichen.pl\/fr\/#website","url":"https:\/\/www.lichen.pl\/fr\/","name":"SANCTUARY IN LICHENIA","description":"OUR LICHEN&#039;S SORROWFUL QUEEN OF POLAND","potentialAction":[{"@type":"SearchAction","target":{"@type":"EntryPoint","urlTemplate":"https:\/\/www.lichen.pl\/fr\/?s={search_term_string}"},"query-input":{"@type":"PropertyValueSpecification","valueRequired":true,"valueName":"search_term_string"}}],"inLanguage":"en-GB"},{"@type":"Person","@id":"https:\/\/www.lichen.pl\/fr\/#\/schema\/person\/682b5cfa2f8a664a298ed0bc19782a02","name":"Biuro Prasowe","image":{"@type":"ImageObject","inLanguage":"en-GB","@id":"https:\/\/secure.gravatar.com\/avatar\/07fa3449d37670fd38888cb2e3db27aa13df245d811ec65206e44888f202bb53?s=96&d=retro&r=g","url":"https:\/\/secure.gravatar.com\/avatar\/07fa3449d37670fd38888cb2e3db27aa13df245d811ec65206e44888f202bb53?s=96&d=retro&r=g","contentUrl":"https:\/\/secure.gravatar.com\/avatar\/07fa3449d37670fd38888cb2e3db27aa13df245d811ec65206e44888f202bb53?s=96&d=retro&r=g","caption":"Biuro Prasowe"},"sameAs":["http:\/\/www.lichen.pl"],"url":"https:\/\/www.lichen.pl\/en\/author\/biuro-prasowe\/"}]}},"_links":{"self":[{"href":"https:\/\/www.lichen.pl\/en\/wp-json\/wp\/v2\/posts\/93283","targetHints":{"allow":["GET"]}}],"collection":[{"href":"https:\/\/www.lichen.pl\/en\/wp-json\/wp\/v2\/posts"}],"about":[{"href":"https:\/\/www.lichen.pl\/en\/wp-json\/wp\/v2\/types\/post"}],"author":[{"embeddable":true,"href":"https:\/\/www.lichen.pl\/en\/wp-json\/wp\/v2\/users\/8"}],"replies":[{"embeddable":true,"href":"https:\/\/www.lichen.pl\/en\/wp-json\/wp\/v2\/comments?post=93283"}],"version-history":[{"count":11,"href":"https:\/\/www.lichen.pl\/en\/wp-json\/wp\/v2\/posts\/93283\/revisions"}],"predecessor-version":[{"id":98485,"href":"https:\/\/www.lichen.pl\/en\/wp-json\/wp\/v2\/posts\/93283\/revisions\/98485"}],"wp:featuredmedia":[{"embeddable":true,"href":"https:\/\/www.lichen.pl\/en\/wp-json\/wp\/v2\/media\/93906"}],"wp:attachment":[{"href":"https:\/\/www.lichen.pl\/en\/wp-json\/wp\/v2\/media?parent=93283"}],"wp:term":[{"taxonomy":"category","embeddable":true,"href":"https:\/\/www.lichen.pl\/en\/wp-json\/wp\/v2\/categories?post=93283"},{"taxonomy":"post_tag","embeddable":true,"href":"https:\/\/www.lichen.pl\/en\/wp-json\/wp\/v2\/tags?post=93283"}],"curies":[{"name":"wp","href":"https:\/\/api.w.org\/{rel}","templated":true}]}}