{"id":9381,"date":"2021-02-17T07:00:51","date_gmt":"2021-02-17T07:00:51","guid":{"rendered":"http:\/\/www.lichen.pl\/?p=9381"},"modified":"2021-06-29T14:59:42","modified_gmt":"2021-06-29T14:59:42","slug":"sroda-popielcowa","status":"publish","type":"post","link":"https:\/\/www.lichen.pl\/en\/sroda-popielcowa\/","title":{"rendered":"We begin Lent, Ash Wednesday February 17, 2021."},"content":{"rendered":"<div data-elementor-type=\"wp-post\" data-elementor-id=\"9381\" class=\"elementor elementor-9381\" data-elementor-post-type=\"post\">\n\t\t\t\t\t\t<section class=\"elementor-section elementor-top-section elementor-element elementor-element-3b1b65d7 elementor-section-boxed elementor-section-height-default elementor-section-height-default\" data-id=\"3b1b65d7\" data-element_type=\"section\" data-e-type=\"section\">\n\t\t\t\t\t\t<div class=\"elementor-container elementor-column-gap-default\">\n\t\t\t\t\t<div class=\"elementor-column elementor-col-100 elementor-top-column elementor-element elementor-element-1e88377b\" data-id=\"1e88377b\" data-element_type=\"column\" data-e-type=\"column\">\n\t\t\t<div class=\"elementor-widget-wrap elementor-element-populated\">\n\t\t\t\t\t\t<div class=\"elementor-element elementor-element-27d05f6 elementor-widget elementor-widget-heading\" data-id=\"27d05f6\" data-element_type=\"widget\" data-e-type=\"widget\" data-widget_type=\"heading.default\">\n\t\t\t\t<div class=\"elementor-widget-container\">\n\t\t\t\t\t<h2 class=\"elementor-heading-title elementor-size-default\">&quot;You are dust and to dust you shall return.&quot; These words will be heard by the faithful who will participate in Holy Masses today, during which the rite of sprinkling ashes on their heads will take place. Thus, the period of Lent begins in the Catholic Church.<\/h2>\t\t\t\t<\/div>\n\t\t\t\t<\/div>\n\t\t\t\t<div class=\"elementor-element elementor-element-e9979dd elementor-widget elementor-widget-text-editor\" data-id=\"e9979dd\" data-element_type=\"widget\" data-e-type=\"widget\" data-widget_type=\"text-editor.default\">\n\t\t\t\t<div class=\"elementor-widget-container\">\n\t\t\t\t\t\t\t\t\t<p>Ash Wednesday is the first day of Lent. At this time, the faithful are getting ready to experience Easter with dignity. In accordance with canons 1251-1252 of the Code of Canon Law, on Ash Wednesday abstention from meat and fast fasting is obligatory. This means that on this day you can eat three meals a day, including only one to fill your heart. Abstinence from meat is obligatory for the faithful over the age of 14, and fasting for the faithful from the age of 18 to 60.<\/p><p>This year, the Congregation for Divine Worship and the Discipline of the Sacraments published a Note on the imposition of ash during a pandemic. We read in it that the priest, after reciting the prayer of the blessing of ashes and after silently sprinkling it with holy water, &quot;turning to those present, says once to all the formula from the Roman Missal: + Convert and believe in the Gospel + or + Remember that you are dust and to dust you will return + &quot;.<\/p><p style=\"text-align: center;\">Order of Masses on Ash Wednesday at the Liche\u0144 sanctuary:<br \/>Basilica - 7.30, 12.00, 18.00<br \/>St. Dorothy - 7.00, 10.00, 17.00<br \/>Church in Gr\u0105blin - 7.30<\/p>\t\t\t\t\t\t\t\t<\/div>\n\t\t\t\t<\/div>\n\t\t\t\t<section class=\"elementor-section elementor-inner-section elementor-element elementor-element-3eebe3d elementor-section-boxed elementor-section-height-default elementor-section-height-default\" data-id=\"3eebe3d\" data-element_type=\"section\" data-e-type=\"section\">\n\t\t\t\t\t\t<div class=\"elementor-container elementor-column-gap-default\">\n\t\t\t\t\t<div class=\"elementor-column elementor-col-50 elementor-inner-column elementor-element elementor-element-055f99e\" data-id=\"055f99e\" data-element_type=\"column\" data-e-type=\"column\">\n\t\t\t<div class=\"elementor-widget-wrap elementor-element-populated\">\n\t\t\t\t\t\t<div class=\"elementor-element elementor-element-285b52d7 elementor-widget elementor-widget-text-editor\" data-id=\"285b52d7\" data-element_type=\"widget\" data-e-type=\"widget\" data-widget_type=\"text-editor.default\">\n\t\t\t\t<div class=\"elementor-widget-container\">\n\t\t\t\t\t\t\t\t\t<p>Ash Wednesday is the starting day of Lent in the Catholic Church. Ash Wednesday falls exactly 46 days before Easter. In the Catholic church, the priest sprinkles the heads of the faithful with ashes symbolizing penance and the transience of life. The ash should traditionally come from the palms blessed during the liturgy on Palm Sunday. In Poland, Ash Wednesday is not a day off from work. Due to the dependence on the date of Easter, it is a movable holiday.<\/p><p>\u00a0<\/p>\t\t\t\t\t\t\t\t<\/div>\n\t\t\t\t<\/div>\n\t\t\t\t\t<\/div>\n\t\t<\/div>\n\t\t\t\t<div class=\"elementor-column elementor-col-50 elementor-inner-column elementor-element elementor-element-cb2dcf3\" data-id=\"cb2dcf3\" data-element_type=\"column\" data-e-type=\"column\">\n\t\t\t<div class=\"elementor-widget-wrap elementor-element-populated\">\n\t\t\t\t\t\t<div class=\"elementor-element elementor-element-64e8314 elementor-widget elementor-widget-image\" data-id=\"64e8314\" data-element_type=\"widget\" data-e-type=\"widget\" data-widget_type=\"image.default\">\n\t\t\t\t<div class=\"elementor-widget-container\">\n\t\t\t\t\t\t\t\t\t\t\t\t\t\t\t<img fetchpriority=\"high\" decoding=\"async\" width=\"768\" height=\"432\" src=\"https:\/\/www.lichen.pl\/wp-content\/uploads\/2021\/02\/Sroda-Popielcowa-2020-768x432.jpg\" class=\"attachment-medium_large size-medium_large wp-image-15979\" alt=\"\" srcset=\"https:\/\/www.lichen.pl\/wp-content\/uploads\/2021\/02\/Sroda-Popielcowa-2020-768x432.jpg 768w, https:\/\/www.lichen.pl\/wp-content\/uploads\/2021\/02\/Sroda-Popielcowa-2020-800x450.jpg 800w, https:\/\/www.lichen.pl\/wp-content\/uploads\/2021\/02\/Sroda-Popielcowa-2020-300x169.jpg 300w, https:\/\/www.lichen.pl\/wp-content\/uploads\/2021\/02\/Sroda-Popielcowa-2020-1024x576.jpg 1024w, https:\/\/www.lichen.pl\/wp-content\/uploads\/2021\/02\/Sroda-Popielcowa-2020.jpg 1536w\" sizes=\"(max-width: 768px) 100vw, 768px\" \/>\t\t\t\t\t\t\t\t\t\t\t\t\t\t\t<\/div>\n\t\t\t\t<\/div>\n\t\t\t\t\t<\/div>\n\t\t<\/div>\n\t\t\t\t\t<\/div>\n\t\t<\/section>\n\t\t\t\t<div class=\"elementor-element elementor-element-b9e9b87 elementor-widget-divider--view-line elementor-widget elementor-widget-divider\" data-id=\"b9e9b87\" data-element_type=\"widget\" data-e-type=\"widget\" data-widget_type=\"divider.default\">\n\t\t\t\t<div class=\"elementor-widget-container\">\n\t\t\t\t\t\t\t<div class=\"elementor-divider\">\n\t\t\t<span class=\"elementor-divider-separator\">\n\t\t\t\t\t\t<\/span>\n\t\t<\/div>\n\t\t\t\t\t\t<\/div>\n\t\t\t\t<\/div>\n\t\t\t\t\t<\/div>\n\t\t<\/div>\n\t\t\t\t\t<\/div>\n\t\t<\/section>\n\t\t\t\t<\/div>","protected":false},"excerpt":{"rendered":"<p>\u201eProchem jeste\u015b i w proch si\u0119 obr\u00f3cisz\u201d. Te s\u0142owa us\u0142ysz\u0105 wierni, kt\u00f3rzy b\u0119d\u0105 dzi\u015b uczestniczy\u0107 we Mszach \u015awi\u0119tych, w trakcie kt\u00f3rych nast\u0105pi obrz\u0119d posypania g\u0142\u00f3w popio\u0142em. Tym samym w Ko\u015bciele katolickim rozpoczyna si\u0119 okres Wielkiego Postu. \u015aroda Popielcowa jest pierwszym dniem Wielkiego Postu. W tym czasie wierni przygotowuj\u0105 si\u0119 do godnego prze\u017cycia \u015awi\u0105t Wielkanocnych. Zgodnie [&hellip;]<\/p>\n","protected":false},"author":4,"featured_media":15979,"comment_status":"open","ping_status":"open","sticky":false,"template":"","format":"standard","meta":{"footnotes":""},"categories":[1],"tags":[],"class_list":["post-9381","post","type-post","status-publish","format-standard","has-post-thumbnail","hentry","category-aktualnosci","wpbf-post"],"yoast_head":"<!-- This site is optimized with the Yoast SEO plugin v27.4 - https:\/\/yoast.com\/product\/yoast-seo-wordpress\/ -->\n<title>Rozpoczynamy Wielki Post, \u015aroda Popielcowa 17 lutego 2021 r. - SANKTUARIUM W LICHENIU<\/title>\n<meta name=\"robots\" content=\"index, follow, max-snippet:-1, max-image-preview:large, max-video-preview:-1\" \/>\n<link rel=\"canonical\" href=\"https:\/\/www.lichen.pl\/en\/sroda-popielcowa\/\" \/>\n<meta property=\"og:locale\" content=\"en_GB\" \/>\n<meta property=\"og:type\" content=\"article\" \/>\n<meta property=\"og:title\" content=\"Rozpoczynamy Wielki Post, \u015aroda Popielcowa 17 lutego 2021 r. - SANKTUARIUM W LICHENIU\" \/>\n<meta property=\"og:description\" content=\"\u201eProchem jeste\u015b i w proch si\u0119 obr\u00f3cisz\u201d. Te s\u0142owa us\u0142ysz\u0105 wierni, kt\u00f3rzy b\u0119d\u0105 dzi\u015b uczestniczy\u0107 we Mszach \u015awi\u0119tych, w trakcie kt\u00f3rych nast\u0105pi obrz\u0119d posypania g\u0142\u00f3w popio\u0142em. Tym samym w Ko\u015bciele katolickim rozpoczyna si\u0119 okres Wielkiego Postu. \u015aroda Popielcowa jest pierwszym dniem Wielkiego Postu. W tym czasie wierni przygotowuj\u0105 si\u0119 do godnego prze\u017cycia \u015awi\u0105t Wielkanocnych. Zgodnie [&hellip;]\" \/>\n<meta property=\"og:url\" content=\"https:\/\/www.lichen.pl\/en\/sroda-popielcowa\/\" \/>\n<meta property=\"og:site_name\" content=\"SANKTUARIUM W LICHENIU\" \/>\n<meta property=\"article:published_time\" content=\"2021-02-17T07:00:51+00:00\" \/>\n<meta property=\"article:modified_time\" content=\"2021-06-29T14:59:42+00:00\" \/>\n<meta property=\"og:image\" content=\"https:\/\/www.lichen.pl\/wp-content\/uploads\/2021\/02\/Sroda-Popielcowa-2020.jpg\" \/>\n\t<meta property=\"og:image:width\" content=\"1536\" \/>\n\t<meta property=\"og:image:height\" content=\"864\" \/>\n\t<meta property=\"og:image:type\" content=\"image\/jpeg\" \/>\n<meta name=\"author\" content=\"ROBERT ADAMCZYK\" \/>\n<meta name=\"twitter:card\" content=\"summary_large_image\" \/>\n<meta name=\"twitter:label1\" content=\"Written by\" \/>\n\t<meta name=\"twitter:data1\" content=\"ROBERT ADAMCZYK\" \/>\n\t<meta name=\"twitter:label2\" content=\"Estimated reading time\" \/>\n\t<meta name=\"twitter:data2\" content=\"2 minutes\" \/>\n<script type=\"application\/ld+json\" class=\"yoast-schema-graph\">{\"@context\":\"https:\\\/\\\/schema.org\",\"@graph\":[{\"@type\":\"Article\",\"@id\":\"https:\\\/\\\/www.lichen.pl\\\/it\\\/sroda-popielcowa\\\/#article\",\"isPartOf\":{\"@id\":\"https:\\\/\\\/www.lichen.pl\\\/it\\\/sroda-popielcowa\\\/\"},\"author\":{\"name\":\"ROBERT ADAMCZYK\",\"@id\":\"https:\\\/\\\/www.lichen.pl\\\/fr\\\/#\\\/schema\\\/person\\\/c06cd926b95870cc59f18d6ee6e33da5\"},\"headline\":\"Rozpoczynamy Wielki Post, \u015aroda Popielcowa 17 lutego 2021 r.\",\"datePublished\":\"2021-02-17T07:00:51+00:00\",\"dateModified\":\"2021-06-29T14:59:42+00:00\",\"mainEntityOfPage\":{\"@id\":\"https:\\\/\\\/www.lichen.pl\\\/it\\\/sroda-popielcowa\\\/\"},\"wordCount\":325,\"commentCount\":0,\"image\":{\"@id\":\"https:\\\/\\\/www.lichen.pl\\\/it\\\/sroda-popielcowa\\\/#primaryimage\"},\"thumbnailUrl\":\"https:\\\/\\\/www.lichen.pl\\\/wp-content\\\/uploads\\\/2021\\\/02\\\/Sroda-Popielcowa-2020.jpg\",\"articleSection\":[\"Aktualno\u015bci\"],\"inLanguage\":\"en-GB\",\"potentialAction\":[{\"@type\":\"CommentAction\",\"name\":\"Comment\",\"target\":[\"https:\\\/\\\/www.lichen.pl\\\/it\\\/sroda-popielcowa\\\/#respond\"]}]},{\"@type\":\"WebPage\",\"@id\":\"https:\\\/\\\/www.lichen.pl\\\/it\\\/sroda-popielcowa\\\/\",\"url\":\"https:\\\/\\\/www.lichen.pl\\\/it\\\/sroda-popielcowa\\\/\",\"name\":\"Rozpoczynamy Wielki Post, \u015aroda Popielcowa 17 lutego 2021 r. - SANKTUARIUM W LICHENIU\",\"isPartOf\":{\"@id\":\"https:\\\/\\\/www.lichen.pl\\\/fr\\\/#website\"},\"primaryImageOfPage\":{\"@id\":\"https:\\\/\\\/www.lichen.pl\\\/it\\\/sroda-popielcowa\\\/#primaryimage\"},\"image\":{\"@id\":\"https:\\\/\\\/www.lichen.pl\\\/it\\\/sroda-popielcowa\\\/#primaryimage\"},\"thumbnailUrl\":\"https:\\\/\\\/www.lichen.pl\\\/wp-content\\\/uploads\\\/2021\\\/02\\\/Sroda-Popielcowa-2020.jpg\",\"datePublished\":\"2021-02-17T07:00:51+00:00\",\"dateModified\":\"2021-06-29T14:59:42+00:00\",\"author\":{\"@id\":\"https:\\\/\\\/www.lichen.pl\\\/fr\\\/#\\\/schema\\\/person\\\/c06cd926b95870cc59f18d6ee6e33da5\"},\"breadcrumb\":{\"@id\":\"https:\\\/\\\/www.lichen.pl\\\/it\\\/sroda-popielcowa\\\/#breadcrumb\"},\"inLanguage\":\"en-GB\",\"potentialAction\":[{\"@type\":\"ReadAction\",\"target\":[\"https:\\\/\\\/www.lichen.pl\\\/it\\\/sroda-popielcowa\\\/\"]}]},{\"@type\":\"ImageObject\",\"inLanguage\":\"en-GB\",\"@id\":\"https:\\\/\\\/www.lichen.pl\\\/it\\\/sroda-popielcowa\\\/#primaryimage\",\"url\":\"https:\\\/\\\/www.lichen.pl\\\/wp-content\\\/uploads\\\/2021\\\/02\\\/Sroda-Popielcowa-2020.jpg\",\"contentUrl\":\"https:\\\/\\\/www.lichen.pl\\\/wp-content\\\/uploads\\\/2021\\\/02\\\/Sroda-Popielcowa-2020.jpg\",\"width\":1536,\"height\":864},{\"@type\":\"BreadcrumbList\",\"@id\":\"https:\\\/\\\/www.lichen.pl\\\/it\\\/sroda-popielcowa\\\/#breadcrumb\",\"itemListElement\":[{\"@type\":\"ListItem\",\"position\":1,\"name\":\"Strona g\u0142\u00f3wna\",\"item\":\"https:\\\/\\\/www.lichen.pl\\\/\"},{\"@type\":\"ListItem\",\"position\":2,\"name\":\"Rozpoczynamy Wielki Post, \u015aroda Popielcowa 17 lutego 2021 r.\"}]},{\"@type\":\"WebSite\",\"@id\":\"https:\\\/\\\/www.lichen.pl\\\/fr\\\/#website\",\"url\":\"https:\\\/\\\/www.lichen.pl\\\/fr\\\/\",\"name\":\"SANKTUARIUM W LICHENIU\",\"description\":\"MATKI BO\u017bEJ LICHE\u0143SKIEJ BOLESNEJ KR\u00d3LOWEJ POLSKI\",\"potentialAction\":[{\"@type\":\"SearchAction\",\"target\":{\"@type\":\"EntryPoint\",\"urlTemplate\":\"https:\\\/\\\/www.lichen.pl\\\/fr\\\/?s={search_term_string}\"},\"query-input\":{\"@type\":\"PropertyValueSpecification\",\"valueRequired\":true,\"valueName\":\"search_term_string\"}}],\"inLanguage\":\"en-GB\"},{\"@type\":\"Person\",\"@id\":\"https:\\\/\\\/www.lichen.pl\\\/fr\\\/#\\\/schema\\\/person\\\/c06cd926b95870cc59f18d6ee6e33da5\",\"name\":\"ROBERT ADAMCZYK\",\"image\":{\"@type\":\"ImageObject\",\"inLanguage\":\"en-GB\",\"@id\":\"https:\\\/\\\/secure.gravatar.com\\\/avatar\\\/53c330430596e73552f4c356c2e47c209ff8f6352a5106011c9b6abcce5e00df?s=96&d=retro&r=g\",\"url\":\"https:\\\/\\\/secure.gravatar.com\\\/avatar\\\/53c330430596e73552f4c356c2e47c209ff8f6352a5106011c9b6abcce5e00df?s=96&d=retro&r=g\",\"contentUrl\":\"https:\\\/\\\/secure.gravatar.com\\\/avatar\\\/53c330430596e73552f4c356c2e47c209ff8f6352a5106011c9b6abcce5e00df?s=96&d=retro&r=g\",\"caption\":\"ROBERT ADAMCZYK\"},\"url\":\"https:\\\/\\\/www.lichen.pl\\\/en\\\/author\\\/press\\\/\"}]}<\/script>\n<!-- \/ Yoast SEO plugin. -->","yoast_head_json":{"title":"Rozpoczynamy Wielki Post, \u015aroda Popielcowa 17 lutego 2021 r. - SANKTUARIUM W LICHENIU","robots":{"index":"index","follow":"follow","max-snippet":"max-snippet:-1","max-image-preview":"max-image-preview:large","max-video-preview":"max-video-preview:-1"},"canonical":"https:\/\/www.lichen.pl\/en\/sroda-popielcowa\/","og_locale":"en_GB","og_type":"article","og_title":"Rozpoczynamy Wielki Post, \u015aroda Popielcowa 17 lutego 2021 r. - SANKTUARIUM W LICHENIU","og_description":"\u201eProchem jeste\u015b i w proch si\u0119 obr\u00f3cisz\u201d. Te s\u0142owa us\u0142ysz\u0105 wierni, kt\u00f3rzy b\u0119d\u0105 dzi\u015b uczestniczy\u0107 we Mszach \u015awi\u0119tych, w trakcie kt\u00f3rych nast\u0105pi obrz\u0119d posypania g\u0142\u00f3w popio\u0142em. Tym samym w Ko\u015bciele katolickim rozpoczyna si\u0119 okres Wielkiego Postu. \u015aroda Popielcowa jest pierwszym dniem Wielkiego Postu. W tym czasie wierni przygotowuj\u0105 si\u0119 do godnego prze\u017cycia \u015awi\u0105t Wielkanocnych. Zgodnie [&hellip;]","og_url":"https:\/\/www.lichen.pl\/en\/sroda-popielcowa\/","og_site_name":"SANKTUARIUM W LICHENIU","article_published_time":"2021-02-17T07:00:51+00:00","article_modified_time":"2021-06-29T14:59:42+00:00","og_image":[{"width":1536,"height":864,"url":"https:\/\/www.lichen.pl\/wp-content\/uploads\/2021\/02\/Sroda-Popielcowa-2020.jpg","type":"image\/jpeg"}],"author":"ROBERT ADAMCZYK","twitter_card":"summary_large_image","twitter_misc":{"Written by":"ROBERT ADAMCZYK","Estimated reading time":"2 minutes"},"schema":{"@context":"https:\/\/schema.org","@graph":[{"@type":"Article","@id":"https:\/\/www.lichen.pl\/it\/sroda-popielcowa\/#article","isPartOf":{"@id":"https:\/\/www.lichen.pl\/it\/sroda-popielcowa\/"},"author":{"name":"ROBERT ADAMCZYK","@id":"https:\/\/www.lichen.pl\/fr\/#\/schema\/person\/c06cd926b95870cc59f18d6ee6e33da5"},"headline":"Rozpoczynamy Wielki Post, \u015aroda Popielcowa 17 lutego 2021 r.","datePublished":"2021-02-17T07:00:51+00:00","dateModified":"2021-06-29T14:59:42+00:00","mainEntityOfPage":{"@id":"https:\/\/www.lichen.pl\/it\/sroda-popielcowa\/"},"wordCount":325,"commentCount":0,"image":{"@id":"https:\/\/www.lichen.pl\/it\/sroda-popielcowa\/#primaryimage"},"thumbnailUrl":"https:\/\/www.lichen.pl\/wp-content\/uploads\/2021\/02\/Sroda-Popielcowa-2020.jpg","articleSection":["Aktualno\u015bci"],"inLanguage":"en-GB","potentialAction":[{"@type":"CommentAction","name":"Comment","target":["https:\/\/www.lichen.pl\/it\/sroda-popielcowa\/#respond"]}]},{"@type":"WebPage","@id":"https:\/\/www.lichen.pl\/it\/sroda-popielcowa\/","url":"https:\/\/www.lichen.pl\/it\/sroda-popielcowa\/","name":"Rozpoczynamy Wielki Post, \u015aroda Popielcowa 17 lutego 2021 r. - SANKTUARIUM W LICHENIU","isPartOf":{"@id":"https:\/\/www.lichen.pl\/fr\/#website"},"primaryImageOfPage":{"@id":"https:\/\/www.lichen.pl\/it\/sroda-popielcowa\/#primaryimage"},"image":{"@id":"https:\/\/www.lichen.pl\/it\/sroda-popielcowa\/#primaryimage"},"thumbnailUrl":"https:\/\/www.lichen.pl\/wp-content\/uploads\/2021\/02\/Sroda-Popielcowa-2020.jpg","datePublished":"2021-02-17T07:00:51+00:00","dateModified":"2021-06-29T14:59:42+00:00","author":{"@id":"https:\/\/www.lichen.pl\/fr\/#\/schema\/person\/c06cd926b95870cc59f18d6ee6e33da5"},"breadcrumb":{"@id":"https:\/\/www.lichen.pl\/it\/sroda-popielcowa\/#breadcrumb"},"inLanguage":"en-GB","potentialAction":[{"@type":"ReadAction","target":["https:\/\/www.lichen.pl\/it\/sroda-popielcowa\/"]}]},{"@type":"ImageObject","inLanguage":"en-GB","@id":"https:\/\/www.lichen.pl\/it\/sroda-popielcowa\/#primaryimage","url":"https:\/\/www.lichen.pl\/wp-content\/uploads\/2021\/02\/Sroda-Popielcowa-2020.jpg","contentUrl":"https:\/\/www.lichen.pl\/wp-content\/uploads\/2021\/02\/Sroda-Popielcowa-2020.jpg","width":1536,"height":864},{"@type":"BreadcrumbList","@id":"https:\/\/www.lichen.pl\/it\/sroda-popielcowa\/#breadcrumb","itemListElement":[{"@type":"ListItem","position":1,"name":"Strona g\u0142\u00f3wna","item":"https:\/\/www.lichen.pl\/"},{"@type":"ListItem","position":2,"name":"Rozpoczynamy Wielki Post, \u015aroda Popielcowa 17 lutego 2021 r."}]},{"@type":"WebSite","@id":"https:\/\/www.lichen.pl\/fr\/#website","url":"https:\/\/www.lichen.pl\/fr\/","name":"SANCTUARY IN LICHENIA","description":"OUR LICHEN&#039;S SORROWFUL QUEEN OF POLAND","potentialAction":[{"@type":"SearchAction","target":{"@type":"EntryPoint","urlTemplate":"https:\/\/www.lichen.pl\/fr\/?s={search_term_string}"},"query-input":{"@type":"PropertyValueSpecification","valueRequired":true,"valueName":"search_term_string"}}],"inLanguage":"en-GB"},{"@type":"Person","@id":"https:\/\/www.lichen.pl\/fr\/#\/schema\/person\/c06cd926b95870cc59f18d6ee6e33da5","name":"ROBERT ADAMCZYK","image":{"@type":"ImageObject","inLanguage":"en-GB","@id":"https:\/\/secure.gravatar.com\/avatar\/53c330430596e73552f4c356c2e47c209ff8f6352a5106011c9b6abcce5e00df?s=96&d=retro&r=g","url":"https:\/\/secure.gravatar.com\/avatar\/53c330430596e73552f4c356c2e47c209ff8f6352a5106011c9b6abcce5e00df?s=96&d=retro&r=g","contentUrl":"https:\/\/secure.gravatar.com\/avatar\/53c330430596e73552f4c356c2e47c209ff8f6352a5106011c9b6abcce5e00df?s=96&d=retro&r=g","caption":"ROBERT ADAMCZYK"},"url":"https:\/\/www.lichen.pl\/en\/author\/press\/"}]}},"_links":{"self":[{"href":"https:\/\/www.lichen.pl\/en\/wp-json\/wp\/v2\/posts\/9381","targetHints":{"allow":["GET"]}}],"collection":[{"href":"https:\/\/www.lichen.pl\/en\/wp-json\/wp\/v2\/posts"}],"about":[{"href":"https:\/\/www.lichen.pl\/en\/wp-json\/wp\/v2\/types\/post"}],"author":[{"embeddable":true,"href":"https:\/\/www.lichen.pl\/en\/wp-json\/wp\/v2\/users\/4"}],"replies":[{"embeddable":true,"href":"https:\/\/www.lichen.pl\/en\/wp-json\/wp\/v2\/comments?post=9381"}],"version-history":[{"count":16,"href":"https:\/\/www.lichen.pl\/en\/wp-json\/wp\/v2\/posts\/9381\/revisions"}],"predecessor-version":[{"id":15994,"href":"https:\/\/www.lichen.pl\/en\/wp-json\/wp\/v2\/posts\/9381\/revisions\/15994"}],"wp:featuredmedia":[{"embeddable":true,"href":"https:\/\/www.lichen.pl\/en\/wp-json\/wp\/v2\/media\/15979"}],"wp:attachment":[{"href":"https:\/\/www.lichen.pl\/en\/wp-json\/wp\/v2\/media?parent=9381"}],"wp:term":[{"taxonomy":"category","embeddable":true,"href":"https:\/\/www.lichen.pl\/en\/wp-json\/wp\/v2\/categories?post=9381"},{"taxonomy":"post_tag","embeddable":true,"href":"https:\/\/www.lichen.pl\/en\/wp-json\/wp\/v2\/tags?post=9381"}],"curies":[{"name":"wp","href":"https:\/\/api.w.org\/{rel}","templated":true}]}}