{"id":11486,"date":"2021-05-23T10:45:01","date_gmt":"2021-05-23T10:45:01","guid":{"rendered":"http:\/\/www.lichen.pl\/?p=11486"},"modified":"2021-06-08T10:49:27","modified_gmt":"2021-06-08T10:49:27","slug":"msza-swieta-z-maryja-rekolekcje-maryjne","status":"publish","type":"post","link":"https:\/\/www.lichen.pl\/es\/msza-swieta-z-maryja-rekolekcje-maryjne\/","title":{"rendered":"Santa Misa con Mar\u00eda - retiro mariano"},"content":{"rendered":"<div data-elementor-type=\"wp-post\" data-elementor-id=\"11486\" class=\"elementor elementor-11486\" data-elementor-post-type=\"post\">\n\t\t\t\t\t\t<section class=\"elementor-section elementor-top-section elementor-element elementor-element-f5e8179 elementor-section-boxed elementor-section-height-default elementor-section-height-default\" data-id=\"f5e8179\" data-element_type=\"section\" data-e-type=\"section\">\n\t\t\t\t\t\t<div class=\"elementor-container elementor-column-gap-default\">\n\t\t\t\t\t<div class=\"elementor-column elementor-col-100 elementor-top-column elementor-element elementor-element-c265ebf\" data-id=\"c265ebf\" data-element_type=\"column\" data-e-type=\"column\">\n\t\t\t<div class=\"elementor-widget-wrap elementor-element-populated\">\n\t\t\t\t\t\t<div class=\"elementor-element elementor-element-e38afb5 elementor-widget elementor-widget-image\" data-id=\"e38afb5\" data-element_type=\"widget\" data-e-type=\"widget\" data-widget_type=\"image.default\">\n\t\t\t\t<div class=\"elementor-widget-container\">\n\t\t\t\t\t\t\t\t\t\t\t\t\t\t\t<img fetchpriority=\"high\" decoding=\"async\" width=\"1024\" height=\"769\" src=\"https:\/\/www.lichen.pl\/wp-content\/uploads\/2021\/06\/P1340890-1024x769.jpg\" class=\"attachment-large size-large wp-image-11492\" alt=\"\" srcset=\"https:\/\/www.lichen.pl\/wp-content\/uploads\/2021\/06\/P1340890-1024x769.jpg 1024w, https:\/\/www.lichen.pl\/wp-content\/uploads\/2021\/06\/P1340890-800x601.jpg 800w, https:\/\/www.lichen.pl\/wp-content\/uploads\/2021\/06\/P1340890-300x225.jpg 300w, https:\/\/www.lichen.pl\/wp-content\/uploads\/2021\/06\/P1340890-768x577.jpg 768w, https:\/\/www.lichen.pl\/wp-content\/uploads\/2021\/06\/P1340890.jpg 1200w\" sizes=\"(max-width: 1024px) 100vw, 1024px\" \/>\t\t\t\t\t\t\t\t\t\t\t\t\t\t\t<\/div>\n\t\t\t\t<\/div>\n\t\t\t\t<div class=\"elementor-element elementor-element-33b5de0 elementor-widget elementor-widget-text-editor\" data-id=\"33b5de0\" data-element_type=\"widget\" data-e-type=\"widget\" data-widget_type=\"text-editor.default\">\n\t\t\t\t<div class=\"elementor-widget-container\">\n\t\t\t\t\t\t\t\t\t<p style=\"text-align: justify;\"><span style=\"color: #000000;\"><b>Mayo Retiro Eucar\u00edstico Mariano en el Santuario de Nuestra Se\u00f1ora de Liche\u0144, dirigido por el P. Janusz Kumala, MIC, curador del santuario Lichen, reuni\u00f3 a 13 personas.<\/b><\/span><\/p><p style=\"text-align: justify;\"><span style=\"color: #000000;\">Durante la conferencia, el curador del santuario de Liche\u0144 explic\u00f3 c\u00f3mo vivir fruct\u00edferamente la Misa. por la cercan\u00eda a la Madre de Dios. - Nos estamos preparando para la Santa Misa. como Mar\u00eda, que esperaba la venida de Cristo, llena de gracia, de Esp\u00edritu Santo y de amor. Esta preparaci\u00f3n es para purificar el coraz\u00f3n, recibir el sacramento de la penitencia y la reconciliaci\u00f3n. Toda la semana nos lleva a la Eucarist\u00eda dominical. Mar\u00eda estuvo bajo la cruz de Cristo y nosotros participamos del amor de Jes\u00fas durante la Eucarist\u00eda. Entonces estamos cerca de Jes\u00fas, de quien acogemos a Mar\u00eda, nos hacemos hermanos y hermanas, para que miremos a los dem\u00e1s con amor - explic\u00f3 el p. Kumala. Tambi\u00e9n enfatiz\u00f3 la importancia del momento de adoraci\u00f3n despu\u00e9s de recibir la Sagrada Comuni\u00f3n, la bendici\u00f3n final y el despacho. - Dios nos env\u00eda, vamos en nuestra vida diaria con Cristo para llevarlo a la gente. Participaci\u00f3n en la Santa Misa es obligatorio - enfatiz\u00f3 el curador. - Es importante que seamos audaces en el testimonio de Dios, un ejemplo es la Sant\u00edsima Virgen, que va con el Se\u00f1or Jes\u00fas bajo su coraz\u00f3n para compartir la Buena Nueva con Isabel y Zacar\u00edas - a\u00f1adi\u00f3.<\/span><\/p>\t\t\t\t\t\t\t\t<\/div>\n\t\t\t\t<\/div>\n\t\t\t\t<div class=\"elementor-element elementor-element-28237b6 elementor-widget elementor-widget-gallery\" data-id=\"28237b6\" data-element_type=\"widget\" data-e-type=\"widget\" data-settings=\"{&quot;lazyload&quot;:&quot;yes&quot;,&quot;gallery_layout&quot;:&quot;grid&quot;,&quot;columns&quot;:4,&quot;columns_tablet&quot;:2,&quot;columns_mobile&quot;:1,&quot;gap&quot;:{&quot;unit&quot;:&quot;px&quot;,&quot;size&quot;:10,&quot;sizes&quot;:[]},&quot;gap_tablet&quot;:{&quot;unit&quot;:&quot;px&quot;,&quot;size&quot;:10,&quot;sizes&quot;:[]},&quot;gap_mobile&quot;:{&quot;unit&quot;:&quot;px&quot;,&quot;size&quot;:10,&quot;sizes&quot;:[]},&quot;link_to&quot;:&quot;file&quot;,&quot;aspect_ratio&quot;:&quot;3:2&quot;,&quot;overlay_background&quot;:&quot;yes&quot;,&quot;content_hover_animation&quot;:&quot;fade-in&quot;}\" data-widget_type=\"gallery.default\">\n\t\t\t\t<div class=\"elementor-widget-container\">\n\t\t\t\t\t\t\t<div class=\"elementor-gallery__container\">\n\t\t\t\t\t\t\t<a class=\"e-gallery-item elementor-gallery-item elementor-animated-content\" href=\"https:\/\/www.lichen.pl\/wp-content\/uploads\/2021\/06\/P1340895.jpg\" data-elementor-open-lightbox=\"yes\" data-elementor-lightbox-slideshow=\"28237b6\" data-elementor-lightbox-title=\"P1340895\" data-e-action-hash=\"#elementor-action%3Aaction%3Dlightbox%26settings%3DeyJpZCI6MTE1MDcsInVybCI6Imh0dHBzOlwvXC93d3cubGljaGVuLnBsXC93cC1jb250ZW50XC91cGxvYWRzXC8yMDIxXC8wNlwvUDEzNDA4OTUuanBnIiwic2xpZGVzaG93IjoiMjgyMzdiNiJ9\">\n\t\t\t\t\t<div class=\"e-gallery-image elementor-gallery-item__image\" data-thumbnail=\"https:\/\/www.lichen.pl\/wp-content\/uploads\/2021\/06\/P1340895-225x300.jpg\" data-width=\"225\" data-height=\"300\" aria-label=\"\" role=\"img\" ><\/div>\n\t\t\t\t\t\t\t\t\t\t\t<div class=\"elementor-gallery-item__overlay\"><\/div>\n\t\t\t\t\t\t\t\t\t\t\t\t\t\t<\/a>\n\t\t\t\t\t\t\t<a class=\"e-gallery-item elementor-gallery-item elementor-animated-content\" href=\"https:\/\/www.lichen.pl\/wp-content\/uploads\/2021\/06\/P1340891.jpg\" data-elementor-open-lightbox=\"yes\" data-elementor-lightbox-slideshow=\"28237b6\" data-elementor-lightbox-title=\"P1340891\" data-e-action-hash=\"#elementor-action%3Aaction%3Dlightbox%26settings%3DeyJpZCI6MTE0OTcsInVybCI6Imh0dHBzOlwvXC93d3cubGljaGVuLnBsXC93cC1jb250ZW50XC91cGxvYWRzXC8yMDIxXC8wNlwvUDEzNDA4OTEuanBnIiwic2xpZGVzaG93IjoiMjgyMzdiNiJ9\">\n\t\t\t\t\t<div class=\"e-gallery-image elementor-gallery-item__image\" data-thumbnail=\"https:\/\/www.lichen.pl\/wp-content\/uploads\/2021\/06\/P1340891-300x225.jpg\" data-width=\"300\" data-height=\"225\" aria-label=\"\" role=\"img\" ><\/div>\n\t\t\t\t\t\t\t\t\t\t\t<div class=\"elementor-gallery-item__overlay\"><\/div>\n\t\t\t\t\t\t\t\t\t\t\t\t\t\t<\/a>\n\t\t\t\t\t\t\t<a class=\"e-gallery-item elementor-gallery-item elementor-animated-content\" href=\"https:\/\/www.lichen.pl\/wp-content\/uploads\/2021\/06\/P1340894.jpg\" data-elementor-open-lightbox=\"yes\" data-elementor-lightbox-slideshow=\"28237b6\" data-elementor-lightbox-title=\"P1340894\" data-e-action-hash=\"#elementor-action%3Aaction%3Dlightbox%26settings%3DeyJpZCI6MTE1MDIsInVybCI6Imh0dHBzOlwvXC93d3cubGljaGVuLnBsXC93cC1jb250ZW50XC91cGxvYWRzXC8yMDIxXC8wNlwvUDEzNDA4OTQuanBnIiwic2xpZGVzaG93IjoiMjgyMzdiNiJ9\">\n\t\t\t\t\t<div class=\"e-gallery-image elementor-gallery-item__image\" data-thumbnail=\"https:\/\/www.lichen.pl\/wp-content\/uploads\/2021\/06\/P1340894-300x225.jpg\" data-width=\"300\" data-height=\"225\" aria-label=\"\" role=\"img\" ><\/div>\n\t\t\t\t\t\t\t\t\t\t\t<div class=\"elementor-gallery-item__overlay\"><\/div>\n\t\t\t\t\t\t\t\t\t\t\t\t\t\t<\/a>\n\t\t\t\t\t\t\t<a class=\"e-gallery-item elementor-gallery-item elementor-animated-content\" href=\"https:\/\/www.lichen.pl\/wp-content\/uploads\/2021\/06\/P1340888.jpg\" data-elementor-open-lightbox=\"yes\" data-elementor-lightbox-slideshow=\"28237b6\" data-elementor-lightbox-title=\"P1340888\" data-e-action-hash=\"#elementor-action%3Aaction%3Dlightbox%26settings%3DeyJpZCI6MTE0ODcsInVybCI6Imh0dHBzOlwvXC93d3cubGljaGVuLnBsXC93cC1jb250ZW50XC91cGxvYWRzXC8yMDIxXC8wNlwvUDEzNDA4ODguanBnIiwic2xpZGVzaG93IjoiMjgyMzdiNiJ9\">\n\t\t\t\t\t<div class=\"e-gallery-image elementor-gallery-item__image\" data-thumbnail=\"https:\/\/www.lichen.pl\/wp-content\/uploads\/2021\/06\/P1340888-300x225.jpg\" data-width=\"300\" data-height=\"225\" aria-label=\"\" role=\"img\" ><\/div>\n\t\t\t\t\t\t\t\t\t\t\t<div class=\"elementor-gallery-item__overlay\"><\/div>\n\t\t\t\t\t\t\t\t\t\t\t\t\t\t<\/a>\n\t\t\t\t\t<\/div>\n\t\t\t\t\t<\/div>\n\t\t\t\t<\/div>\n\t\t\t\t<div class=\"elementor-element elementor-element-7d0d111 elementor-widget elementor-widget-text-editor\" data-id=\"7d0d111\" data-element_type=\"widget\" data-e-type=\"widget\" data-widget_type=\"text-editor.default\">\n\t\t\t\t<div class=\"elementor-widget-container\">\n\t\t\t\t\t\t\t\t\t<p style=\"text-align: justify;\"><span style=\"color: #000000;\">La Sra. El\u017cbieta de Pi\u0142a peregrina al Santuario de Nuestra Se\u00f1ora de Liche\u0144 todos los a\u00f1os, desde hace m\u00e1s de 30 a\u00f1os. Por primera vez, en la d\u00e9cada de 1980, vino gracias a un vecino anciano. - Espero poder venir aqu\u00ed por el resto de mi vida, estoy viviendo el retiro muy espiritualmente. Cuando se acerca enero, tengo muchas ganas de ir a Liche\u0144, extra\u00f1o a la Madre de Dios - admiti\u00f3 la Sra. El\u017cbieta. Est\u00e1 contenta de poder participar en el retiro junto con su nieta Karolina.<\/span><\/p><p style=\"text-align: justify;\"><span style=\"color: #000000;\">Durante el retiro, Ryszard y Jolanta de Gdynia celebraron su 42\u00b0 aniversario de bodas y renovaron sus votos matrimoniales. - Estoy en una nueva forma de volver a la fe, estoy comenzando una nueva vida - comparti\u00f3 el Sr. Ryszard, quien participa en el retiro mariano por cuarta vez. - Padre Kumala es un retiro muy c\u00e1lido como un padre que nos lleva a Dios - agreg\u00f3.<\/span><\/p><p style=\"text-align: justify;\"><span style=\"color: #000000;\">La pareja tambi\u00e9n se llev\u00f3 a la Sra. Daniela de W\u0142oc\u0142awek con ellos. - Estoy muy feliz de haber podido venir al santuario de l\u00edquenes. Me siento espiritualmente enriquecido. Sol\u00edamos visitar a Nuestra Se\u00f1ora de Liche\u0144 con mi esposo, pero mi esposo muri\u00f3. Hoy puedo visitar los lugares de culto de Mari gracias a mis amigos - dice ella. - El Santuario de Nuestra Se\u00f1ora de Liche\u0144 es un gran lugar para calmarse y concentrarse en su espiritualidad. No existen tales posibilidades en ninguna parte. Incluso a pesar de los miles de peregrinos que caminan, siempre encontramos un lugar apartado, paz y contacto con Dios, admiten Ryszard y Jolanta.<\/span><\/p>\t\t\t\t\t\t\t\t<\/div>\n\t\t\t\t<\/div>\n\t\t\t\t\t<\/div>\n\t\t<\/div>\n\t\t\t\t\t<\/div>\n\t\t<\/section>\n\t\t\t\t<\/div>","protected":false},"excerpt":{"rendered":"<p>Majowe Eucharystyczne rekolekcje maryjne w Sanktuarium Matki Bo\u017cej Liche\u0144skiej, kt\u00f3re prowadzi\u0142 ks. Janusz Kumala MIC, kustosz liche\u0144skiego sanktuarium, zgromadzi\u0142y 13 os\u00f3b. Podczas konferencji kustosz liche\u0144skiego sanktuarium wyja\u015bnia\u0142, jak owocnie prze\u017cywa\u0107 Msz\u0119 \u015bw. z blisko\u015bci z Matk\u0105 Bo\u017c\u0105. \u2013 Przygotowujemy si\u0119 do Mszy \u015bw. jak Maryja, kt\u00f3ra czeka\u0142a na przyj\u015bcie Chrystusa pe\u0142na \u0142aski, Ducha \u015awi\u0119tego i [&hellip;]<\/p>\n","protected":false},"author":6,"featured_media":11492,"comment_status":"open","ping_status":"open","sticky":false,"template":"","format":"standard","meta":{"footnotes":""},"categories":[1],"tags":[],"class_list":["post-11486","post","type-post","status-publish","format-standard","has-post-thumbnail","hentry","category-aktualnosci","wpbf-post"],"yoast_head":"<!-- This site is optimized with the Yoast SEO plugin v27.4 - https:\/\/yoast.com\/product\/yoast-seo-wordpress\/ -->\n<title>Msza \u015awi\u0119ta z Maryj\u0105 - rekolekcje maryjne - SANKTUARIUM W LICHENIU<\/title>\n<meta name=\"robots\" content=\"index, follow, max-snippet:-1, max-image-preview:large, max-video-preview:-1\" \/>\n<link rel=\"canonical\" href=\"http:\/\/www.lichen.pl\/es\/msza-swieta-z-maryja-rekolekcje-maryjne\/\" \/>\n<meta property=\"og:locale\" content=\"es_ES\" \/>\n<meta property=\"og:type\" content=\"article\" \/>\n<meta property=\"og:title\" content=\"Msza \u015awi\u0119ta z Maryj\u0105 - rekolekcje maryjne - SANKTUARIUM W LICHENIU\" \/>\n<meta property=\"og:description\" content=\"Majowe Eucharystyczne rekolekcje maryjne w Sanktuarium Matki Bo\u017cej Liche\u0144skiej, kt\u00f3re prowadzi\u0142 ks. Janusz Kumala MIC, kustosz liche\u0144skiego sanktuarium, zgromadzi\u0142y 13 os\u00f3b. Podczas konferencji kustosz liche\u0144skiego sanktuarium wyja\u015bnia\u0142, jak owocnie prze\u017cywa\u0107 Msz\u0119 \u015bw. z blisko\u015bci z Matk\u0105 Bo\u017c\u0105. \u2013 Przygotowujemy si\u0119 do Mszy \u015bw. jak Maryja, kt\u00f3ra czeka\u0142a na przyj\u015bcie Chrystusa pe\u0142na \u0142aski, Ducha \u015awi\u0119tego i [&hellip;]\" \/>\n<meta property=\"og:url\" content=\"http:\/\/www.lichen.pl\/es\/msza-swieta-z-maryja-rekolekcje-maryjne\/\" \/>\n<meta property=\"og:site_name\" content=\"SANKTUARIUM W LICHENIU\" \/>\n<meta property=\"article:published_time\" content=\"2021-05-23T10:45:01+00:00\" \/>\n<meta property=\"article:modified_time\" content=\"2021-06-08T10:49:27+00:00\" \/>\n<meta property=\"og:image\" content=\"http:\/\/www.lichen.pl\/wp-content\/uploads\/2021\/06\/P1340890.jpg\" \/>\n\t<meta property=\"og:image:width\" content=\"1200\" \/>\n\t<meta property=\"og:image:height\" content=\"901\" \/>\n\t<meta property=\"og:image:type\" content=\"image\/jpeg\" \/>\n<meta name=\"author\" content=\"AMELIA SIUDA-KOSZELA\" \/>\n<meta name=\"twitter:card\" content=\"summary_large_image\" \/>\n<meta name=\"twitter:label1\" content=\"Escrito por\" \/>\n\t<meta name=\"twitter:data1\" content=\"AMELIA SIUDA-KOSZELA\" \/>\n\t<meta name=\"twitter:label2\" content=\"Tiempo de lectura\" \/>\n\t<meta name=\"twitter:data2\" content=\"2 minutos\" \/>\n<script type=\"application\/ld+json\" class=\"yoast-schema-graph\">{\"@context\":\"https:\\\/\\\/schema.org\",\"@graph\":[{\"@type\":\"Article\",\"@id\":\"http:\\\/\\\/www.lichen.pl\\\/it\\\/msza-swieta-z-maryja-rekolekcje-maryjne\\\/#article\",\"isPartOf\":{\"@id\":\"http:\\\/\\\/www.lichen.pl\\\/it\\\/msza-swieta-z-maryja-rekolekcje-maryjne\\\/\"},\"author\":{\"name\":\"AMELIA SIUDA-KOSZELA\",\"@id\":\"https:\\\/\\\/www.lichen.pl\\\/fr\\\/#\\\/schema\\\/person\\\/70bf824c102f176cf976b0d90af0d62a\"},\"headline\":\"Msza \u015awi\u0119ta z Maryj\u0105 &#8211; rekolekcje maryjne\",\"datePublished\":\"2021-05-23T10:45:01+00:00\",\"dateModified\":\"2021-06-08T10:49:27+00:00\",\"mainEntityOfPage\":{\"@id\":\"http:\\\/\\\/www.lichen.pl\\\/it\\\/msza-swieta-z-maryja-rekolekcje-maryjne\\\/\"},\"wordCount\":484,\"commentCount\":0,\"image\":{\"@id\":\"http:\\\/\\\/www.lichen.pl\\\/it\\\/msza-swieta-z-maryja-rekolekcje-maryjne\\\/#primaryimage\"},\"thumbnailUrl\":\"https:\\\/\\\/www.lichen.pl\\\/wp-content\\\/uploads\\\/2021\\\/06\\\/P1340890.jpg\",\"articleSection\":[\"Aktualno\u015bci\"],\"inLanguage\":\"es\",\"potentialAction\":[{\"@type\":\"CommentAction\",\"name\":\"Comment\",\"target\":[\"http:\\\/\\\/www.lichen.pl\\\/it\\\/msza-swieta-z-maryja-rekolekcje-maryjne\\\/#respond\"]}]},{\"@type\":\"WebPage\",\"@id\":\"http:\\\/\\\/www.lichen.pl\\\/it\\\/msza-swieta-z-maryja-rekolekcje-maryjne\\\/\",\"url\":\"http:\\\/\\\/www.lichen.pl\\\/it\\\/msza-swieta-z-maryja-rekolekcje-maryjne\\\/\",\"name\":\"Msza \u015awi\u0119ta z Maryj\u0105 - rekolekcje maryjne - SANKTUARIUM W LICHENIU\",\"isPartOf\":{\"@id\":\"https:\\\/\\\/www.lichen.pl\\\/fr\\\/#website\"},\"primaryImageOfPage\":{\"@id\":\"http:\\\/\\\/www.lichen.pl\\\/it\\\/msza-swieta-z-maryja-rekolekcje-maryjne\\\/#primaryimage\"},\"image\":{\"@id\":\"http:\\\/\\\/www.lichen.pl\\\/it\\\/msza-swieta-z-maryja-rekolekcje-maryjne\\\/#primaryimage\"},\"thumbnailUrl\":\"https:\\\/\\\/www.lichen.pl\\\/wp-content\\\/uploads\\\/2021\\\/06\\\/P1340890.jpg\",\"datePublished\":\"2021-05-23T10:45:01+00:00\",\"dateModified\":\"2021-06-08T10:49:27+00:00\",\"author\":{\"@id\":\"https:\\\/\\\/www.lichen.pl\\\/fr\\\/#\\\/schema\\\/person\\\/70bf824c102f176cf976b0d90af0d62a\"},\"breadcrumb\":{\"@id\":\"http:\\\/\\\/www.lichen.pl\\\/it\\\/msza-swieta-z-maryja-rekolekcje-maryjne\\\/#breadcrumb\"},\"inLanguage\":\"es\",\"potentialAction\":[{\"@type\":\"ReadAction\",\"target\":[\"http:\\\/\\\/www.lichen.pl\\\/it\\\/msza-swieta-z-maryja-rekolekcje-maryjne\\\/\"]}]},{\"@type\":\"ImageObject\",\"inLanguage\":\"es\",\"@id\":\"http:\\\/\\\/www.lichen.pl\\\/it\\\/msza-swieta-z-maryja-rekolekcje-maryjne\\\/#primaryimage\",\"url\":\"https:\\\/\\\/www.lichen.pl\\\/wp-content\\\/uploads\\\/2021\\\/06\\\/P1340890.jpg\",\"contentUrl\":\"https:\\\/\\\/www.lichen.pl\\\/wp-content\\\/uploads\\\/2021\\\/06\\\/P1340890.jpg\",\"width\":1200,\"height\":901},{\"@type\":\"BreadcrumbList\",\"@id\":\"http:\\\/\\\/www.lichen.pl\\\/it\\\/msza-swieta-z-maryja-rekolekcje-maryjne\\\/#breadcrumb\",\"itemListElement\":[{\"@type\":\"ListItem\",\"position\":1,\"name\":\"Strona g\u0142\u00f3wna\",\"item\":\"https:\\\/\\\/www.lichen.pl\\\/\"},{\"@type\":\"ListItem\",\"position\":2,\"name\":\"Msza \u015awi\u0119ta z Maryj\u0105 &#8211; rekolekcje maryjne\"}]},{\"@type\":\"WebSite\",\"@id\":\"https:\\\/\\\/www.lichen.pl\\\/fr\\\/#website\",\"url\":\"https:\\\/\\\/www.lichen.pl\\\/fr\\\/\",\"name\":\"SANKTUARIUM W LICHENIU\",\"description\":\"MATKI BO\u017bEJ LICHE\u0143SKIEJ BOLESNEJ KR\u00d3LOWEJ POLSKI\",\"potentialAction\":[{\"@type\":\"SearchAction\",\"target\":{\"@type\":\"EntryPoint\",\"urlTemplate\":\"https:\\\/\\\/www.lichen.pl\\\/fr\\\/?s={search_term_string}\"},\"query-input\":{\"@type\":\"PropertyValueSpecification\",\"valueRequired\":true,\"valueName\":\"search_term_string\"}}],\"inLanguage\":\"es\"},{\"@type\":\"Person\",\"@id\":\"https:\\\/\\\/www.lichen.pl\\\/fr\\\/#\\\/schema\\\/person\\\/70bf824c102f176cf976b0d90af0d62a\",\"name\":\"AMELIA SIUDA-KOSZELA\",\"image\":{\"@type\":\"ImageObject\",\"inLanguage\":\"es\",\"@id\":\"https:\\\/\\\/secure.gravatar.com\\\/avatar\\\/a0f9a92186ab02fb8db116f5388e3bc7280dd7bd01565c5d6b7ceb07ff27d6d9?s=96&d=retro&r=g\",\"url\":\"https:\\\/\\\/secure.gravatar.com\\\/avatar\\\/a0f9a92186ab02fb8db116f5388e3bc7280dd7bd01565c5d6b7ceb07ff27d6d9?s=96&d=retro&r=g\",\"contentUrl\":\"https:\\\/\\\/secure.gravatar.com\\\/avatar\\\/a0f9a92186ab02fb8db116f5388e3bc7280dd7bd01565c5d6b7ceb07ff27d6d9?s=96&d=retro&r=g\",\"caption\":\"AMELIA SIUDA-KOSZELA\"},\"url\":\"https:\\\/\\\/www.lichen.pl\\\/es\\\/author\\\/amelia\\\/\"}]}<\/script>\n<!-- \/ Yoast SEO plugin. -->","yoast_head_json":{"title":"Msza \u015awi\u0119ta z Maryj\u0105 - rekolekcje maryjne - SANKTUARIUM W LICHENIU","robots":{"index":"index","follow":"follow","max-snippet":"max-snippet:-1","max-image-preview":"max-image-preview:large","max-video-preview":"max-video-preview:-1"},"canonical":"http:\/\/www.lichen.pl\/es\/msza-swieta-z-maryja-rekolekcje-maryjne\/","og_locale":"es_ES","og_type":"article","og_title":"Msza \u015awi\u0119ta z Maryj\u0105 - rekolekcje maryjne - SANKTUARIUM W LICHENIU","og_description":"Majowe Eucharystyczne rekolekcje maryjne w Sanktuarium Matki Bo\u017cej Liche\u0144skiej, kt\u00f3re prowadzi\u0142 ks. Janusz Kumala MIC, kustosz liche\u0144skiego sanktuarium, zgromadzi\u0142y 13 os\u00f3b. Podczas konferencji kustosz liche\u0144skiego sanktuarium wyja\u015bnia\u0142, jak owocnie prze\u017cywa\u0107 Msz\u0119 \u015bw. z blisko\u015bci z Matk\u0105 Bo\u017c\u0105. \u2013 Przygotowujemy si\u0119 do Mszy \u015bw. jak Maryja, kt\u00f3ra czeka\u0142a na przyj\u015bcie Chrystusa pe\u0142na \u0142aski, Ducha \u015awi\u0119tego i [&hellip;]","og_url":"http:\/\/www.lichen.pl\/es\/msza-swieta-z-maryja-rekolekcje-maryjne\/","og_site_name":"SANKTUARIUM W LICHENIU","article_published_time":"2021-05-23T10:45:01+00:00","article_modified_time":"2021-06-08T10:49:27+00:00","og_image":[{"width":1200,"height":901,"url":"http:\/\/www.lichen.pl\/wp-content\/uploads\/2021\/06\/P1340890.jpg","type":"image\/jpeg"}],"author":"AMELIA SIUDA-KOSZELA","twitter_card":"summary_large_image","twitter_misc":{"Escrito por":"AMELIA SIUDA-KOSZELA","Tiempo de lectura":"2 minutos"},"schema":{"@context":"https:\/\/schema.org","@graph":[{"@type":"Article","@id":"http:\/\/www.lichen.pl\/it\/msza-swieta-z-maryja-rekolekcje-maryjne\/#article","isPartOf":{"@id":"http:\/\/www.lichen.pl\/it\/msza-swieta-z-maryja-rekolekcje-maryjne\/"},"author":{"name":"AMELIA SIUDA-KOSZELA","@id":"https:\/\/www.lichen.pl\/fr\/#\/schema\/person\/70bf824c102f176cf976b0d90af0d62a"},"headline":"Msza \u015awi\u0119ta z Maryj\u0105 &#8211; rekolekcje maryjne","datePublished":"2021-05-23T10:45:01+00:00","dateModified":"2021-06-08T10:49:27+00:00","mainEntityOfPage":{"@id":"http:\/\/www.lichen.pl\/it\/msza-swieta-z-maryja-rekolekcje-maryjne\/"},"wordCount":484,"commentCount":0,"image":{"@id":"http:\/\/www.lichen.pl\/it\/msza-swieta-z-maryja-rekolekcje-maryjne\/#primaryimage"},"thumbnailUrl":"https:\/\/www.lichen.pl\/wp-content\/uploads\/2021\/06\/P1340890.jpg","articleSection":["Aktualno\u015bci"],"inLanguage":"es","potentialAction":[{"@type":"CommentAction","name":"Comment","target":["http:\/\/www.lichen.pl\/it\/msza-swieta-z-maryja-rekolekcje-maryjne\/#respond"]}]},{"@type":"WebPage","@id":"http:\/\/www.lichen.pl\/it\/msza-swieta-z-maryja-rekolekcje-maryjne\/","url":"http:\/\/www.lichen.pl\/it\/msza-swieta-z-maryja-rekolekcje-maryjne\/","name":"Msza \u015awi\u0119ta z Maryj\u0105 - rekolekcje maryjne - SANKTUARIUM W LICHENIU","isPartOf":{"@id":"https:\/\/www.lichen.pl\/fr\/#website"},"primaryImageOfPage":{"@id":"http:\/\/www.lichen.pl\/it\/msza-swieta-z-maryja-rekolekcje-maryjne\/#primaryimage"},"image":{"@id":"http:\/\/www.lichen.pl\/it\/msza-swieta-z-maryja-rekolekcje-maryjne\/#primaryimage"},"thumbnailUrl":"https:\/\/www.lichen.pl\/wp-content\/uploads\/2021\/06\/P1340890.jpg","datePublished":"2021-05-23T10:45:01+00:00","dateModified":"2021-06-08T10:49:27+00:00","author":{"@id":"https:\/\/www.lichen.pl\/fr\/#\/schema\/person\/70bf824c102f176cf976b0d90af0d62a"},"breadcrumb":{"@id":"http:\/\/www.lichen.pl\/it\/msza-swieta-z-maryja-rekolekcje-maryjne\/#breadcrumb"},"inLanguage":"es","potentialAction":[{"@type":"ReadAction","target":["http:\/\/www.lichen.pl\/it\/msza-swieta-z-maryja-rekolekcje-maryjne\/"]}]},{"@type":"ImageObject","inLanguage":"es","@id":"http:\/\/www.lichen.pl\/it\/msza-swieta-z-maryja-rekolekcje-maryjne\/#primaryimage","url":"https:\/\/www.lichen.pl\/wp-content\/uploads\/2021\/06\/P1340890.jpg","contentUrl":"https:\/\/www.lichen.pl\/wp-content\/uploads\/2021\/06\/P1340890.jpg","width":1200,"height":901},{"@type":"BreadcrumbList","@id":"http:\/\/www.lichen.pl\/it\/msza-swieta-z-maryja-rekolekcje-maryjne\/#breadcrumb","itemListElement":[{"@type":"ListItem","position":1,"name":"Strona g\u0142\u00f3wna","item":"https:\/\/www.lichen.pl\/"},{"@type":"ListItem","position":2,"name":"Msza \u015awi\u0119ta z Maryj\u0105 &#8211; rekolekcje maryjne"}]},{"@type":"WebSite","@id":"https:\/\/www.lichen.pl\/fr\/#website","url":"https:\/\/www.lichen.pl\/fr\/","name":"SANTUARIO EN LICHENIA","description":"LA DOLOROSA REINA DE POLONIA DE NUESTRO LICHEN","potentialAction":[{"@type":"SearchAction","target":{"@type":"EntryPoint","urlTemplate":"https:\/\/www.lichen.pl\/fr\/?s={search_term_string}"},"query-input":{"@type":"PropertyValueSpecification","valueRequired":true,"valueName":"search_term_string"}}],"inLanguage":"es"},{"@type":"Person","@id":"https:\/\/www.lichen.pl\/fr\/#\/schema\/person\/70bf824c102f176cf976b0d90af0d62a","name":"AMELIA SIUDA-KOSZELA","image":{"@type":"ImageObject","inLanguage":"es","@id":"https:\/\/secure.gravatar.com\/avatar\/a0f9a92186ab02fb8db116f5388e3bc7280dd7bd01565c5d6b7ceb07ff27d6d9?s=96&d=retro&r=g","url":"https:\/\/secure.gravatar.com\/avatar\/a0f9a92186ab02fb8db116f5388e3bc7280dd7bd01565c5d6b7ceb07ff27d6d9?s=96&d=retro&r=g","contentUrl":"https:\/\/secure.gravatar.com\/avatar\/a0f9a92186ab02fb8db116f5388e3bc7280dd7bd01565c5d6b7ceb07ff27d6d9?s=96&d=retro&r=g","caption":"AMELIA SIUDA-KOSZELA"},"url":"https:\/\/www.lichen.pl\/es\/author\/amelia\/"}]}},"_links":{"self":[{"href":"https:\/\/www.lichen.pl\/es\/wp-json\/wp\/v2\/posts\/11486","targetHints":{"allow":["GET"]}}],"collection":[{"href":"https:\/\/www.lichen.pl\/es\/wp-json\/wp\/v2\/posts"}],"about":[{"href":"https:\/\/www.lichen.pl\/es\/wp-json\/wp\/v2\/types\/post"}],"author":[{"embeddable":true,"href":"https:\/\/www.lichen.pl\/es\/wp-json\/wp\/v2\/users\/6"}],"replies":[{"embeddable":true,"href":"https:\/\/www.lichen.pl\/es\/wp-json\/wp\/v2\/comments?post=11486"}],"version-history":[{"count":4,"href":"https:\/\/www.lichen.pl\/es\/wp-json\/wp\/v2\/posts\/11486\/revisions"}],"predecessor-version":[{"id":11515,"href":"https:\/\/www.lichen.pl\/es\/wp-json\/wp\/v2\/posts\/11486\/revisions\/11515"}],"wp:featuredmedia":[{"embeddable":true,"href":"https:\/\/www.lichen.pl\/es\/wp-json\/wp\/v2\/media\/11492"}],"wp:attachment":[{"href":"https:\/\/www.lichen.pl\/es\/wp-json\/wp\/v2\/media?parent=11486"}],"wp:term":[{"taxonomy":"category","embeddable":true,"href":"https:\/\/www.lichen.pl\/es\/wp-json\/wp\/v2\/categories?post=11486"},{"taxonomy":"post_tag","embeddable":true,"href":"https:\/\/www.lichen.pl\/es\/wp-json\/wp\/v2\/tags?post=11486"}],"curies":[{"name":"wp","href":"https:\/\/api.w.org\/{rel}","templated":true}]}}