{"id":12004,"date":"2018-09-08T12:47:17","date_gmt":"2018-09-08T12:47:17","guid":{"rendered":"http:\/\/www.lichen.pl\/ks-janusz-kumala-mic-nowym-kustoszem-sanktuarium-maryjnego-w-licheniu-starym-copy\/"},"modified":"2021-06-10T13:11:12","modified_gmt":"2021-06-10T13:11:12","slug":"swieto-narodzenia-najswietszej-maryi-panny","status":"publish","type":"post","link":"https:\/\/www.lichen.pl\/es\/swieto-narodzenia-najswietszej-maryi-panny\/","title":{"rendered":"Fiesta de la Natividad de la Sant\u00edsima Virgen Mar\u00eda"},"content":{"rendered":"<div data-elementor-type=\"wp-post\" data-elementor-id=\"12004\" class=\"elementor elementor-12004\" data-elementor-post-type=\"post\">\n\t\t\t\t\t\t<section class=\"elementor-section elementor-top-section elementor-element elementor-element-6148c50 elementor-section-boxed elementor-section-height-default elementor-section-height-default\" data-id=\"6148c50\" data-element_type=\"section\" data-e-type=\"section\">\n\t\t\t\t\t\t<div class=\"elementor-container elementor-column-gap-default\">\n\t\t\t\t\t<div class=\"elementor-column elementor-col-100 elementor-top-column elementor-element elementor-element-60aa1d5\" data-id=\"60aa1d5\" data-element_type=\"column\" data-e-type=\"column\">\n\t\t\t<div class=\"elementor-widget-wrap elementor-element-populated\">\n\t\t\t\t\t\t<div class=\"elementor-element elementor-element-ad01393 elementor-widget elementor-widget-heading\" data-id=\"ad01393\" data-element_type=\"widget\" data-e-type=\"widget\" data-widget_type=\"heading.default\">\n\t\t\t\t<div class=\"elementor-widget-container\">\n\t\t\t\t\t<h3 class=\"elementor-heading-title elementor-size-default\">El 8 de septiembre, fiesta de la Natividad de la Sant\u00edsima Virgen Mar\u00eda, los sacerdotes y hermanos marianos renovaron sus votos religiosos<\/h3>\t\t\t\t<\/div>\n\t\t\t\t<\/div>\n\t\t\t\t<div class=\"elementor-element elementor-element-be079e8 elementor-widget elementor-widget-image\" data-id=\"be079e8\" data-element_type=\"widget\" data-e-type=\"widget\" data-widget_type=\"image.default\">\n\t\t\t\t<div class=\"elementor-widget-container\">\n\t\t\t\t\t\t\t\t\t\t\t\t<figure class=\"wp-caption\">\n\t\t\t\t\t\t\t\t\t\t<img fetchpriority=\"high\" decoding=\"async\" width=\"640\" height=\"480\" src=\"https:\/\/www.lichen.pl\/wp-content\/uploads\/2018\/09\/Swieto-Narodzenia-NMP-sluby-8-wrz-2018.jpeg\" class=\"attachment-medium_large size-medium_large wp-image-12007\" alt=\"\u015awi\u0119to Narodzenia NMP \u015bluby 8 wrz 2018\" srcset=\"https:\/\/www.lichen.pl\/wp-content\/uploads\/2018\/09\/Swieto-Narodzenia-NMP-sluby-8-wrz-2018.jpeg 640w, https:\/\/www.lichen.pl\/wp-content\/uploads\/2018\/09\/Swieto-Narodzenia-NMP-sluby-8-wrz-2018-300x225.jpeg 300w\" sizes=\"(max-width: 640px) 100vw, 640px\" \/>\t\t\t\t\t\t\t\t\t\t\t<figcaption class=\"widget-image-caption wp-caption-text\">seminaristas del Seminario de la Congregaci\u00f3n de los Padres Marianos antes de tomar sus votos<\/figcaption>\n\t\t\t\t\t\t\t\t\t\t<\/figure>\n\t\t\t\t\t\t\t\t\t<\/div>\n\t\t\t\t<\/div>\n\t\t\t\t<section class=\"elementor-section elementor-inner-section elementor-element elementor-element-5c862d0 elementor-section-boxed elementor-section-height-default elementor-section-height-default\" data-id=\"5c862d0\" data-element_type=\"section\" data-e-type=\"section\">\n\t\t\t\t\t\t<div class=\"elementor-container elementor-column-gap-default\">\n\t\t\t\t\t<div class=\"elementor-column elementor-col-100 elementor-inner-column elementor-element elementor-element-f9b9744\" data-id=\"f9b9744\" data-element_type=\"column\" data-e-type=\"column\">\n\t\t\t<div class=\"elementor-widget-wrap elementor-element-populated\">\n\t\t\t\t\t\t<div class=\"elementor-element elementor-element-ad174d3 elementor-widget elementor-widget-text-editor\" data-id=\"ad174d3\" data-element_type=\"widget\" data-e-type=\"widget\" data-widget_type=\"text-editor.default\">\n\t\t\t\t<div class=\"elementor-widget-container\">\n\t\t\t\t\t\t\t\t\t<div>La Santa Misa fue presidida por el P. curador Janusz Kumala, MIC, curador del santuario. 4 seminaristas del Seminario de la Congregaci\u00f3n de los Padres Marianos renovaron sus votos. Cada uno de ellos hizo tres votos: castidad, pobreza y obediencia. Al final se cant\u00f3 el himno &quot;Madre de Dios Inmaculada&quot;.\u00a0\u00a0<\/div><div>\u00a0<\/div><div>Los marianos son una congregaci\u00f3n fundada en el siglo XVII por S. Padre Estanislao de Jes\u00fas Mar\u00eda Papczy\u0144ski, quien adoraba de manera especial a la Virgen Mar\u00eda Inmaculada. Hace exactamente 347 a\u00f1os, en 1671, St. El Padre Fundador adopt\u00f3 el h\u00e1bito blanco en honor a la Inmaculada Concepci\u00f3n de la Sant\u00edsima Virgen Mar\u00eda.\u00a0\u00a0<\/div><div>\u00a0<\/div><div>La Congregaci\u00f3n de Padres Marianos de la Inmaculada Concepci\u00f3n, por ser as\u00ed el nombre completo de la Orden de los Guardianes del Santuario de Liche\u0144, visti\u00f3 durante mucho tiempo h\u00e1bitos mon\u00e1sticos blancos. La sotana negra no se us\u00f3 hasta principios del siglo XX para parecerse al clero diocesano. Este cambio fue realizado por el Restaurador de la Congregaci\u00f3n, Bl. Jerzy Matulewicz.\u00a0\u00a0<\/div>\t\t\t\t\t\t\t\t<\/div>\n\t\t\t\t<\/div>\n\t\t\t\t\t<\/div>\n\t\t<\/div>\n\t\t\t\t\t<\/div>\n\t\t<\/section>\n\t\t\t\t\t<\/div>\n\t\t<\/div>\n\t\t\t\t\t<\/div>\n\t\t<\/section>\n\t\t\t\t<section class=\"elementor-section elementor-top-section elementor-element elementor-element-87ee3bf elementor-section-boxed elementor-section-height-default elementor-section-height-default\" data-id=\"87ee3bf\" data-element_type=\"section\" data-e-type=\"section\">\n\t\t\t\t\t\t<div class=\"elementor-container elementor-column-gap-default\">\n\t\t\t\t\t<div class=\"elementor-column elementor-col-100 elementor-top-column elementor-element elementor-element-06eb78d\" data-id=\"06eb78d\" data-element_type=\"column\" data-e-type=\"column\">\n\t\t\t<div class=\"elementor-widget-wrap elementor-element-populated\">\n\t\t\t\t\t\t<div class=\"elementor-element elementor-element-52cf5a9 elementor-widget-divider--view-line elementor-widget elementor-widget-divider\" data-id=\"52cf5a9\" data-element_type=\"widget\" data-e-type=\"widget\" data-widget_type=\"divider.default\">\n\t\t\t\t<div class=\"elementor-widget-container\">\n\t\t\t\t\t\t\t<div class=\"elementor-divider\">\n\t\t\t<span class=\"elementor-divider-separator\">\n\t\t\t\t\t\t<\/span>\n\t\t<\/div>\n\t\t\t\t\t\t<\/div>\n\t\t\t\t<\/div>\n\t\t\t\t\t<\/div>\n\t\t<\/div>\n\t\t\t\t\t<\/div>\n\t\t<\/section>\n\t\t\t\t<\/div>","protected":false},"excerpt":{"rendered":"<p>8. wrze\u015bnia w \u015bwi\u0119to Narodzenia Naj\u015bwi\u0119tszej Maryi Panny ksi\u0119\u017ca i bracia marianie odnowili swoje \u015bluby zakonne klerycy z Seminarium Zgromadzenia Ksi\u0119\u017cy Marian\u00f3w przed z\u0142o\u017ceniem \u015blub\u00f3w Mszy \u015awi\u0119tej przewodniczy\u0142 ks. kustosz Janusz Kumala MIC, kustosz sanktuarium. Swoje \u015bluby zakonne odnowi\u0142o 4 kleryk\u00f3w z Seminarium Zgromadzenia Ksi\u0119\u017cy Marian\u00f3w. Ka\u017cdy z nich z\u0142o\u017cy\u0142 trzy \u015bluby: czysto\u015bci, ub\u00f3stwa i [&hellip;]<\/p>\n","protected":false},"author":4,"featured_media":580,"comment_status":"open","ping_status":"open","sticky":false,"template":"","format":"standard","meta":{"footnotes":""},"categories":[1],"tags":[],"class_list":["post-12004","post","type-post","status-publish","format-standard","has-post-thumbnail","hentry","category-aktualnosci","wpbf-post"],"yoast_head":"<!-- This site is optimized with the Yoast SEO plugin v27.4 - https:\/\/yoast.com\/product\/yoast-seo-wordpress\/ -->\n<title>\u015awi\u0119to Narodzenia Naj\u015bwi\u0119tszej Maryi Panny - SANKTUARIUM W LICHENIU<\/title>\n<meta name=\"robots\" content=\"index, follow, max-snippet:-1, max-image-preview:large, max-video-preview:-1\" \/>\n<link rel=\"canonical\" href=\"http:\/\/www.lichen.pl\/es\/swieto-narodzenia-najswietszej-maryi-panny\/\" \/>\n<meta property=\"og:locale\" content=\"es_ES\" \/>\n<meta property=\"og:type\" content=\"article\" \/>\n<meta property=\"og:title\" content=\"\u015awi\u0119to Narodzenia Naj\u015bwi\u0119tszej Maryi Panny - SANKTUARIUM W LICHENIU\" \/>\n<meta property=\"og:description\" content=\"8. wrze\u015bnia w \u015bwi\u0119to Narodzenia Naj\u015bwi\u0119tszej Maryi Panny ksi\u0119\u017ca i bracia marianie odnowili swoje \u015bluby zakonne klerycy z Seminarium Zgromadzenia Ksi\u0119\u017cy Marian\u00f3w przed z\u0142o\u017ceniem \u015blub\u00f3w Mszy \u015awi\u0119tej przewodniczy\u0142 ks. kustosz Janusz Kumala MIC, kustosz sanktuarium. Swoje \u015bluby zakonne odnowi\u0142o 4 kleryk\u00f3w z Seminarium Zgromadzenia Ksi\u0119\u017cy Marian\u00f3w. Ka\u017cdy z nich z\u0142o\u017cy\u0142 trzy \u015bluby: czysto\u015bci, ub\u00f3stwa i [&hellip;]\" \/>\n<meta property=\"og:url\" content=\"http:\/\/www.lichen.pl\/es\/swieto-narodzenia-najswietszej-maryi-panny\/\" \/>\n<meta property=\"og:site_name\" content=\"SANKTUARIUM W LICHENIU\" \/>\n<meta property=\"article:published_time\" content=\"2018-09-08T12:47:17+00:00\" \/>\n<meta property=\"article:modified_time\" content=\"2021-06-10T13:11:12+00:00\" \/>\n<meta property=\"og:image\" content=\"http:\/\/www.lichen.pl\/wp-content\/uploads\/2020\/03\/OBRAZ_MBL.png\" \/>\n\t<meta property=\"og:image:width\" content=\"609\" \/>\n\t<meta property=\"og:image:height\" content=\"1119\" \/>\n\t<meta property=\"og:image:type\" content=\"image\/png\" \/>\n<meta name=\"author\" content=\"ROBERT ADAMCZYK\" \/>\n<meta name=\"twitter:card\" content=\"summary_large_image\" \/>\n<meta name=\"twitter:label1\" content=\"Escrito por\" \/>\n\t<meta name=\"twitter:data1\" content=\"ROBERT ADAMCZYK\" \/>\n\t<meta name=\"twitter:label2\" content=\"Tiempo de lectura\" \/>\n\t<meta name=\"twitter:data2\" content=\"1 minuto\" \/>\n<script type=\"application\/ld+json\" class=\"yoast-schema-graph\">{\"@context\":\"https:\\\/\\\/schema.org\",\"@graph\":[{\"@type\":\"Article\",\"@id\":\"http:\\\/\\\/www.lichen.pl\\\/de\\\/swieto-narodzenia-najswietszej-maryi-panny\\\/#article\",\"isPartOf\":{\"@id\":\"http:\\\/\\\/www.lichen.pl\\\/de\\\/swieto-narodzenia-najswietszej-maryi-panny\\\/\"},\"author\":{\"name\":\"ROBERT ADAMCZYK\",\"@id\":\"https:\\\/\\\/www.lichen.pl\\\/fr\\\/#\\\/schema\\\/person\\\/c06cd926b95870cc59f18d6ee6e33da5\"},\"headline\":\"\u015awi\u0119to Narodzenia Naj\u015bwi\u0119tszej Maryi Panny\",\"datePublished\":\"2018-09-08T12:47:17+00:00\",\"dateModified\":\"2021-06-10T13:11:12+00:00\",\"mainEntityOfPage\":{\"@id\":\"http:\\\/\\\/www.lichen.pl\\\/de\\\/swieto-narodzenia-najswietszej-maryi-panny\\\/\"},\"wordCount\":199,\"commentCount\":0,\"image\":{\"@id\":\"http:\\\/\\\/www.lichen.pl\\\/de\\\/swieto-narodzenia-najswietszej-maryi-panny\\\/#primaryimage\"},\"thumbnailUrl\":\"https:\\\/\\\/www.lichen.pl\\\/wp-content\\\/uploads\\\/2020\\\/03\\\/OBRAZ_MBL.png\",\"articleSection\":[\"Aktualno\u015bci\"],\"inLanguage\":\"es\",\"potentialAction\":[{\"@type\":\"CommentAction\",\"name\":\"Comment\",\"target\":[\"http:\\\/\\\/www.lichen.pl\\\/de\\\/swieto-narodzenia-najswietszej-maryi-panny\\\/#respond\"]}]},{\"@type\":\"WebPage\",\"@id\":\"http:\\\/\\\/www.lichen.pl\\\/de\\\/swieto-narodzenia-najswietszej-maryi-panny\\\/\",\"url\":\"http:\\\/\\\/www.lichen.pl\\\/de\\\/swieto-narodzenia-najswietszej-maryi-panny\\\/\",\"name\":\"\u015awi\u0119to Narodzenia Naj\u015bwi\u0119tszej Maryi Panny - SANKTUARIUM W LICHENIU\",\"isPartOf\":{\"@id\":\"https:\\\/\\\/www.lichen.pl\\\/fr\\\/#website\"},\"primaryImageOfPage\":{\"@id\":\"http:\\\/\\\/www.lichen.pl\\\/de\\\/swieto-narodzenia-najswietszej-maryi-panny\\\/#primaryimage\"},\"image\":{\"@id\":\"http:\\\/\\\/www.lichen.pl\\\/de\\\/swieto-narodzenia-najswietszej-maryi-panny\\\/#primaryimage\"},\"thumbnailUrl\":\"https:\\\/\\\/www.lichen.pl\\\/wp-content\\\/uploads\\\/2020\\\/03\\\/OBRAZ_MBL.png\",\"datePublished\":\"2018-09-08T12:47:17+00:00\",\"dateModified\":\"2021-06-10T13:11:12+00:00\",\"author\":{\"@id\":\"https:\\\/\\\/www.lichen.pl\\\/fr\\\/#\\\/schema\\\/person\\\/c06cd926b95870cc59f18d6ee6e33da5\"},\"breadcrumb\":{\"@id\":\"http:\\\/\\\/www.lichen.pl\\\/de\\\/swieto-narodzenia-najswietszej-maryi-panny\\\/#breadcrumb\"},\"inLanguage\":\"es\",\"potentialAction\":[{\"@type\":\"ReadAction\",\"target\":[\"http:\\\/\\\/www.lichen.pl\\\/de\\\/swieto-narodzenia-najswietszej-maryi-panny\\\/\"]}]},{\"@type\":\"ImageObject\",\"inLanguage\":\"es\",\"@id\":\"http:\\\/\\\/www.lichen.pl\\\/de\\\/swieto-narodzenia-najswietszej-maryi-panny\\\/#primaryimage\",\"url\":\"https:\\\/\\\/www.lichen.pl\\\/wp-content\\\/uploads\\\/2020\\\/03\\\/OBRAZ_MBL.png\",\"contentUrl\":\"https:\\\/\\\/www.lichen.pl\\\/wp-content\\\/uploads\\\/2020\\\/03\\\/OBRAZ_MBL.png\",\"width\":609,\"height\":1119},{\"@type\":\"BreadcrumbList\",\"@id\":\"http:\\\/\\\/www.lichen.pl\\\/de\\\/swieto-narodzenia-najswietszej-maryi-panny\\\/#breadcrumb\",\"itemListElement\":[{\"@type\":\"ListItem\",\"position\":1,\"name\":\"Strona g\u0142\u00f3wna\",\"item\":\"https:\\\/\\\/www.lichen.pl\\\/\"},{\"@type\":\"ListItem\",\"position\":2,\"name\":\"\u015awi\u0119to Narodzenia Naj\u015bwi\u0119tszej Maryi Panny\"}]},{\"@type\":\"WebSite\",\"@id\":\"https:\\\/\\\/www.lichen.pl\\\/fr\\\/#website\",\"url\":\"https:\\\/\\\/www.lichen.pl\\\/fr\\\/\",\"name\":\"SANKTUARIUM W LICHENIU\",\"description\":\"MATKI BO\u017bEJ LICHE\u0143SKIEJ BOLESNEJ KR\u00d3LOWEJ POLSKI\",\"potentialAction\":[{\"@type\":\"SearchAction\",\"target\":{\"@type\":\"EntryPoint\",\"urlTemplate\":\"https:\\\/\\\/www.lichen.pl\\\/fr\\\/?s={search_term_string}\"},\"query-input\":{\"@type\":\"PropertyValueSpecification\",\"valueRequired\":true,\"valueName\":\"search_term_string\"}}],\"inLanguage\":\"es\"},{\"@type\":\"Person\",\"@id\":\"https:\\\/\\\/www.lichen.pl\\\/fr\\\/#\\\/schema\\\/person\\\/c06cd926b95870cc59f18d6ee6e33da5\",\"name\":\"ROBERT ADAMCZYK\",\"image\":{\"@type\":\"ImageObject\",\"inLanguage\":\"es\",\"@id\":\"https:\\\/\\\/secure.gravatar.com\\\/avatar\\\/53c330430596e73552f4c356c2e47c209ff8f6352a5106011c9b6abcce5e00df?s=96&d=retro&r=g\",\"url\":\"https:\\\/\\\/secure.gravatar.com\\\/avatar\\\/53c330430596e73552f4c356c2e47c209ff8f6352a5106011c9b6abcce5e00df?s=96&d=retro&r=g\",\"contentUrl\":\"https:\\\/\\\/secure.gravatar.com\\\/avatar\\\/53c330430596e73552f4c356c2e47c209ff8f6352a5106011c9b6abcce5e00df?s=96&d=retro&r=g\",\"caption\":\"ROBERT ADAMCZYK\"},\"url\":\"https:\\\/\\\/www.lichen.pl\\\/es\\\/author\\\/press\\\/\"}]}<\/script>\n<!-- \/ Yoast SEO plugin. -->","yoast_head_json":{"title":"\u015awi\u0119to Narodzenia Naj\u015bwi\u0119tszej Maryi Panny - SANKTUARIUM W LICHENIU","robots":{"index":"index","follow":"follow","max-snippet":"max-snippet:-1","max-image-preview":"max-image-preview:large","max-video-preview":"max-video-preview:-1"},"canonical":"http:\/\/www.lichen.pl\/es\/swieto-narodzenia-najswietszej-maryi-panny\/","og_locale":"es_ES","og_type":"article","og_title":"\u015awi\u0119to Narodzenia Naj\u015bwi\u0119tszej Maryi Panny - SANKTUARIUM W LICHENIU","og_description":"8. wrze\u015bnia w \u015bwi\u0119to Narodzenia Naj\u015bwi\u0119tszej Maryi Panny ksi\u0119\u017ca i bracia marianie odnowili swoje \u015bluby zakonne klerycy z Seminarium Zgromadzenia Ksi\u0119\u017cy Marian\u00f3w przed z\u0142o\u017ceniem \u015blub\u00f3w Mszy \u015awi\u0119tej przewodniczy\u0142 ks. kustosz Janusz Kumala MIC, kustosz sanktuarium. Swoje \u015bluby zakonne odnowi\u0142o 4 kleryk\u00f3w z Seminarium Zgromadzenia Ksi\u0119\u017cy Marian\u00f3w. Ka\u017cdy z nich z\u0142o\u017cy\u0142 trzy \u015bluby: czysto\u015bci, ub\u00f3stwa i [&hellip;]","og_url":"http:\/\/www.lichen.pl\/es\/swieto-narodzenia-najswietszej-maryi-panny\/","og_site_name":"SANKTUARIUM W LICHENIU","article_published_time":"2018-09-08T12:47:17+00:00","article_modified_time":"2021-06-10T13:11:12+00:00","og_image":[{"width":609,"height":1119,"url":"http:\/\/www.lichen.pl\/wp-content\/uploads\/2020\/03\/OBRAZ_MBL.png","type":"image\/png"}],"author":"ROBERT ADAMCZYK","twitter_card":"summary_large_image","twitter_misc":{"Escrito por":"ROBERT ADAMCZYK","Tiempo de lectura":"1 minuto"},"schema":{"@context":"https:\/\/schema.org","@graph":[{"@type":"Article","@id":"http:\/\/www.lichen.pl\/de\/swieto-narodzenia-najswietszej-maryi-panny\/#article","isPartOf":{"@id":"http:\/\/www.lichen.pl\/de\/swieto-narodzenia-najswietszej-maryi-panny\/"},"author":{"name":"ROBERT ADAMCZYK","@id":"https:\/\/www.lichen.pl\/fr\/#\/schema\/person\/c06cd926b95870cc59f18d6ee6e33da5"},"headline":"\u015awi\u0119to Narodzenia Naj\u015bwi\u0119tszej Maryi Panny","datePublished":"2018-09-08T12:47:17+00:00","dateModified":"2021-06-10T13:11:12+00:00","mainEntityOfPage":{"@id":"http:\/\/www.lichen.pl\/de\/swieto-narodzenia-najswietszej-maryi-panny\/"},"wordCount":199,"commentCount":0,"image":{"@id":"http:\/\/www.lichen.pl\/de\/swieto-narodzenia-najswietszej-maryi-panny\/#primaryimage"},"thumbnailUrl":"https:\/\/www.lichen.pl\/wp-content\/uploads\/2020\/03\/OBRAZ_MBL.png","articleSection":["Aktualno\u015bci"],"inLanguage":"es","potentialAction":[{"@type":"CommentAction","name":"Comment","target":["http:\/\/www.lichen.pl\/de\/swieto-narodzenia-najswietszej-maryi-panny\/#respond"]}]},{"@type":"WebPage","@id":"http:\/\/www.lichen.pl\/de\/swieto-narodzenia-najswietszej-maryi-panny\/","url":"http:\/\/www.lichen.pl\/de\/swieto-narodzenia-najswietszej-maryi-panny\/","name":"\u015awi\u0119to Narodzenia Naj\u015bwi\u0119tszej Maryi Panny - SANKTUARIUM W LICHENIU","isPartOf":{"@id":"https:\/\/www.lichen.pl\/fr\/#website"},"primaryImageOfPage":{"@id":"http:\/\/www.lichen.pl\/de\/swieto-narodzenia-najswietszej-maryi-panny\/#primaryimage"},"image":{"@id":"http:\/\/www.lichen.pl\/de\/swieto-narodzenia-najswietszej-maryi-panny\/#primaryimage"},"thumbnailUrl":"https:\/\/www.lichen.pl\/wp-content\/uploads\/2020\/03\/OBRAZ_MBL.png","datePublished":"2018-09-08T12:47:17+00:00","dateModified":"2021-06-10T13:11:12+00:00","author":{"@id":"https:\/\/www.lichen.pl\/fr\/#\/schema\/person\/c06cd926b95870cc59f18d6ee6e33da5"},"breadcrumb":{"@id":"http:\/\/www.lichen.pl\/de\/swieto-narodzenia-najswietszej-maryi-panny\/#breadcrumb"},"inLanguage":"es","potentialAction":[{"@type":"ReadAction","target":["http:\/\/www.lichen.pl\/de\/swieto-narodzenia-najswietszej-maryi-panny\/"]}]},{"@type":"ImageObject","inLanguage":"es","@id":"http:\/\/www.lichen.pl\/de\/swieto-narodzenia-najswietszej-maryi-panny\/#primaryimage","url":"https:\/\/www.lichen.pl\/wp-content\/uploads\/2020\/03\/OBRAZ_MBL.png","contentUrl":"https:\/\/www.lichen.pl\/wp-content\/uploads\/2020\/03\/OBRAZ_MBL.png","width":609,"height":1119},{"@type":"BreadcrumbList","@id":"http:\/\/www.lichen.pl\/de\/swieto-narodzenia-najswietszej-maryi-panny\/#breadcrumb","itemListElement":[{"@type":"ListItem","position":1,"name":"Strona g\u0142\u00f3wna","item":"https:\/\/www.lichen.pl\/"},{"@type":"ListItem","position":2,"name":"\u015awi\u0119to Narodzenia Naj\u015bwi\u0119tszej Maryi Panny"}]},{"@type":"WebSite","@id":"https:\/\/www.lichen.pl\/fr\/#website","url":"https:\/\/www.lichen.pl\/fr\/","name":"SANTUARIO EN LICHENIA","description":"LA DOLOROSA REINA DE POLONIA DE NUESTRO LICHEN","potentialAction":[{"@type":"SearchAction","target":{"@type":"EntryPoint","urlTemplate":"https:\/\/www.lichen.pl\/fr\/?s={search_term_string}"},"query-input":{"@type":"PropertyValueSpecification","valueRequired":true,"valueName":"search_term_string"}}],"inLanguage":"es"},{"@type":"Person","@id":"https:\/\/www.lichen.pl\/fr\/#\/schema\/person\/c06cd926b95870cc59f18d6ee6e33da5","name":"ROBERT ADAMCZYK","image":{"@type":"ImageObject","inLanguage":"es","@id":"https:\/\/secure.gravatar.com\/avatar\/53c330430596e73552f4c356c2e47c209ff8f6352a5106011c9b6abcce5e00df?s=96&d=retro&r=g","url":"https:\/\/secure.gravatar.com\/avatar\/53c330430596e73552f4c356c2e47c209ff8f6352a5106011c9b6abcce5e00df?s=96&d=retro&r=g","contentUrl":"https:\/\/secure.gravatar.com\/avatar\/53c330430596e73552f4c356c2e47c209ff8f6352a5106011c9b6abcce5e00df?s=96&d=retro&r=g","caption":"ROBERT ADAMCZYK"},"url":"https:\/\/www.lichen.pl\/es\/author\/press\/"}]}},"_links":{"self":[{"href":"https:\/\/www.lichen.pl\/es\/wp-json\/wp\/v2\/posts\/12004","targetHints":{"allow":["GET"]}}],"collection":[{"href":"https:\/\/www.lichen.pl\/es\/wp-json\/wp\/v2\/posts"}],"about":[{"href":"https:\/\/www.lichen.pl\/es\/wp-json\/wp\/v2\/types\/post"}],"author":[{"embeddable":true,"href":"https:\/\/www.lichen.pl\/es\/wp-json\/wp\/v2\/users\/4"}],"replies":[{"embeddable":true,"href":"https:\/\/www.lichen.pl\/es\/wp-json\/wp\/v2\/comments?post=12004"}],"version-history":[{"count":7,"href":"https:\/\/www.lichen.pl\/es\/wp-json\/wp\/v2\/posts\/12004\/revisions"}],"predecessor-version":[{"id":12018,"href":"https:\/\/www.lichen.pl\/es\/wp-json\/wp\/v2\/posts\/12004\/revisions\/12018"}],"wp:featuredmedia":[{"embeddable":true,"href":"https:\/\/www.lichen.pl\/es\/wp-json\/wp\/v2\/media\/580"}],"wp:attachment":[{"href":"https:\/\/www.lichen.pl\/es\/wp-json\/wp\/v2\/media?parent=12004"}],"wp:term":[{"taxonomy":"category","embeddable":true,"href":"https:\/\/www.lichen.pl\/es\/wp-json\/wp\/v2\/categories?post=12004"},{"taxonomy":"post_tag","embeddable":true,"href":"https:\/\/www.lichen.pl\/es\/wp-json\/wp\/v2\/tags?post=12004"}],"curies":[{"name":"wp","href":"https:\/\/api.w.org\/{rel}","templated":true}]}}