{"id":13086,"date":"2018-09-03T16:21:34","date_gmt":"2018-09-03T16:21:34","guid":{"rendered":"http:\/\/www.lichen.pl\/?p=13086"},"modified":"2021-06-15T16:51:15","modified_gmt":"2021-06-15T16:51:15","slug":"ogolnopolskie-spotkanie-artystyczne","status":"publish","type":"post","link":"https:\/\/www.lichen.pl\/es\/ogolnopolskie-spotkanie-artystyczne\/","title":{"rendered":"Encuentro Art\u00edstico Nacional"},"content":{"rendered":"<div data-elementor-type=\"wp-post\" data-elementor-id=\"13086\" class=\"elementor elementor-13086\" data-elementor-post-type=\"post\">\n\t\t\t\t\t\t<section class=\"elementor-section elementor-top-section elementor-element elementor-element-6e317339 elementor-section-boxed elementor-section-height-default elementor-section-height-default\" data-id=\"6e317339\" data-element_type=\"section\" data-e-type=\"section\">\n\t\t\t\t\t\t<div class=\"elementor-container elementor-column-gap-default\">\n\t\t\t\t\t<div class=\"elementor-column elementor-col-100 elementor-top-column elementor-element elementor-element-318ebb0c\" data-id=\"318ebb0c\" data-element_type=\"column\" data-e-type=\"column\">\n\t\t\t<div class=\"elementor-widget-wrap elementor-element-populated\">\n\t\t\t\t\t\t<div class=\"elementor-element elementor-element-52820513 elementor-widget elementor-widget-text-editor\" data-id=\"52820513\" data-element_type=\"widget\" data-e-type=\"widget\" data-widget_type=\"text-editor.default\">\n\t\t\t\t<div class=\"elementor-widget-container\">\n\t\t\t\t\t\t\t\t\t<p>Como parte del plein-air anual de pintura en Liche\u0144, se reunieron los artistas que participan en los Encuentros de Arte Polaco. Los creadores en sus obras se centraron en el tema. <strong>&quot;Identidad del lugar&quot;<\/strong>, tratando de mostrar el santuario de Liche\u0144 en una perspectiva art\u00edstica.<\/p><p><em>\u201cTodav\u00eda estamos tratando de averiguar sobre el &#039;ADN&#039; del santuario de l\u00edquenes. Tratamos de notar cosas que influyen significativamente en este lugar, que son sus signos inalienables. En primer lugar me refiero a la bas\u00edlica, y en segundo lugar a todo el contenido que se inscribe en la especificidad de este lugar\u201d<\/em> - dijo Robert Brz\u0119cki, curador del liquen plein-air.<\/p><p>Los artistas se inspiraron, entre otros Museo de Padre J\u00f3zef Jarz\u0119bowski, que, adem\u00e1s de la exposici\u00f3n permanente, ofreci\u00f3 este a\u00f1o al premiado una exposici\u00f3n temporal dedicada a la recuperaci\u00f3n de la independencia de Polonia, titulada &quot;Polonia es el futuro 1795-1918&quot;.<\/p><p>Seg\u00fan Robert Brz\u0119cki, el elemento patri\u00f3tico es un componente extremadamente importante del contenido inscrito en el Santuario de Nuestra Se\u00f1ora de Liche\u0144.<\/p><p>Artistas que utilizan una amplia gama de t\u00e9cnicas de expresi\u00f3n creativa fueron invitados a participar en la edici\u00f3n de este a\u00f1o del plein-air: - <em>\u201cTratamos de invitar a las personas que pod\u00edan recoger el contenido disponible en el santuario de diversas maneras, para que lo incluyeran en sus propios trabajos. Por eso tanto escultores, acuarelistas como fot\u00f3grafos trabajaron al aire libre\u201d<\/em> - agreg\u00f3 Brz\u0119cki.<\/p><p>Este a\u00f1o aceptaron la invitaci\u00f3n: Jacek \u0141yd\u017cba, Sylwester Stabry\u0142a, Magdalena Szadkowska, Dorota To\u0142\u0142oczko-Femerling, Adam Molenda, Jaros\u0142aw Skutnik, Ela Barszcz, Gra\u017cyna Kieli\u0144ska, Izabela Rudzka, Alicja Majewska, Tomasz Olszewski y Franciszek Kupczyk.<\/p><p>Encuentro Art\u00edstico Nacional &quot;Identidad del lugar&quot; en Liche\u0144, con una duraci\u00f3n del 27<span style=\"text-decoration: line-through;\">.<\/span> Agosto terminar\u00e1 el 4<span style=\"text-decoration: line-through;\">.<\/span> Septiembre. La exhibici\u00f3n posterior al plein-air de las obras de los artistas estar\u00e1 a la vista en el Centro de Cultura y Arte &quot;Water Tower&quot; en Konin, a partir del 30 de noviembre de este a\u00f1o. hasta el 11 de enero de 2019 del pr\u00f3ximo a\u00f1o.<\/p><p>El organizador del evento es el Centro de Cultura y Arte de Konin en cooperaci\u00f3n con el Santuario de Nuestra Se\u00f1ora de Liche\u0144.<\/p>\t\t\t\t\t\t\t\t<\/div>\n\t\t\t\t<\/div>\n\t\t\t\t<div class=\"elementor-element elementor-element-c09c30b elementor-widget-divider--view-line elementor-widget elementor-widget-divider\" data-id=\"c09c30b\" data-element_type=\"widget\" data-e-type=\"widget\" data-widget_type=\"divider.default\">\n\t\t\t\t<div class=\"elementor-widget-container\">\n\t\t\t\t\t\t\t<div class=\"elementor-divider\">\n\t\t\t<span class=\"elementor-divider-separator\">\n\t\t\t\t\t\t<\/span>\n\t\t<\/div>\n\t\t\t\t\t\t<\/div>\n\t\t\t\t<\/div>\n\t\t\t\t\t<\/div>\n\t\t<\/div>\n\t\t\t\t\t<\/div>\n\t\t<\/section>\n\t\t\t\t<\/div>","protected":false},"excerpt":{"rendered":"<p>W ramach dorocznego pleneru malarskiego w Licheniu spotkali si\u0119 arty\u015bci uczestnicz\u0105cy w Og\u00f3lnopolskich Spotkaniach Artystycznych. Tw\u00f3rcy w swych pracach pochylali si\u0119 nad tematem \u201eTo\u017csamo\u015b\u0107 miejsca\u201d, pr\u00f3buj\u0105c w pokaza\u0107 liche\u0144skie sanktuarium w artystycznym uj\u0119ciu. \u201eCi\u0105gle pr\u00f3bujemy dociec \u201eDNA\u201d liche\u0144skiego sanktuarium. Staramy si\u0119 dostrzec rzeczy w spos\u00f3b istotny wp\u0142ywaj\u0105ce na to miejsce, kt\u00f3re s\u0105 jego niezbywalnymi znakami. [&hellip;]<\/p>\n","protected":false},"author":4,"featured_media":13092,"comment_status":"open","ping_status":"open","sticky":false,"template":"","format":"standard","meta":{"footnotes":""},"categories":[1],"tags":[],"class_list":["post-13086","post","type-post","status-publish","format-standard","has-post-thumbnail","hentry","category-aktualnosci","wpbf-post"],"yoast_head":"<!-- This site is optimized with the Yoast SEO plugin v27.4 - https:\/\/yoast.com\/product\/yoast-seo-wordpress\/ -->\n<title>Og\u00f3lnopolskie Spotkanie Artystyczne - SANKTUARIUM W LICHENIU<\/title>\n<meta name=\"robots\" content=\"index, follow, max-snippet:-1, max-image-preview:large, max-video-preview:-1\" \/>\n<link rel=\"canonical\" href=\"https:\/\/www.lichen.pl\/es\/ogolnopolskie-spotkanie-artystyczne\/\" \/>\n<meta property=\"og:locale\" content=\"es_ES\" \/>\n<meta property=\"og:type\" content=\"article\" \/>\n<meta property=\"og:title\" content=\"Og\u00f3lnopolskie Spotkanie Artystyczne - SANKTUARIUM W LICHENIU\" \/>\n<meta property=\"og:description\" content=\"W ramach dorocznego pleneru malarskiego w Licheniu spotkali si\u0119 arty\u015bci uczestnicz\u0105cy w Og\u00f3lnopolskich Spotkaniach Artystycznych. Tw\u00f3rcy w swych pracach pochylali si\u0119 nad tematem \u201eTo\u017csamo\u015b\u0107 miejsca\u201d, pr\u00f3buj\u0105c w pokaza\u0107 liche\u0144skie sanktuarium w artystycznym uj\u0119ciu. \u201eCi\u0105gle pr\u00f3bujemy dociec \u201eDNA\u201d liche\u0144skiego sanktuarium. Staramy si\u0119 dostrzec rzeczy w spos\u00f3b istotny wp\u0142ywaj\u0105ce na to miejsce, kt\u00f3re s\u0105 jego niezbywalnymi znakami. [&hellip;]\" \/>\n<meta property=\"og:url\" content=\"https:\/\/www.lichen.pl\/es\/ogolnopolskie-spotkanie-artystyczne\/\" \/>\n<meta property=\"og:site_name\" content=\"SANKTUARIUM W LICHENIU\" \/>\n<meta property=\"article:published_time\" content=\"2018-09-03T16:21:34+00:00\" \/>\n<meta property=\"article:modified_time\" content=\"2021-06-15T16:51:15+00:00\" \/>\n<meta property=\"og:image\" content=\"https:\/\/www.lichen.pl\/wp-content\/uploads\/2021\/06\/bazylika-cz-bb.jpg\" \/>\n\t<meta property=\"og:image:width\" content=\"600\" \/>\n\t<meta property=\"og:image:height\" content=\"450\" \/>\n\t<meta property=\"og:image:type\" content=\"image\/jpeg\" \/>\n<meta name=\"author\" content=\"ROBERT ADAMCZYK\" \/>\n<meta name=\"twitter:card\" content=\"summary_large_image\" \/>\n<meta name=\"twitter:label1\" content=\"Escrito por\" \/>\n\t<meta name=\"twitter:data1\" content=\"ROBERT ADAMCZYK\" \/>\n\t<meta name=\"twitter:label2\" content=\"Tiempo de lectura\" \/>\n\t<meta name=\"twitter:data2\" content=\"2 minutos\" \/>\n<script type=\"application\/ld+json\" class=\"yoast-schema-graph\">{\"@context\":\"https:\\\/\\\/schema.org\",\"@graph\":[{\"@type\":\"Article\",\"@id\":\"https:\\\/\\\/www.lichen.pl\\\/en\\\/ogolnopolskie-spotkanie-artystyczne\\\/#article\",\"isPartOf\":{\"@id\":\"https:\\\/\\\/www.lichen.pl\\\/en\\\/ogolnopolskie-spotkanie-artystyczne\\\/\"},\"author\":{\"name\":\"ROBERT ADAMCZYK\",\"@id\":\"https:\\\/\\\/www.lichen.pl\\\/fr\\\/#\\\/schema\\\/person\\\/c06cd926b95870cc59f18d6ee6e33da5\"},\"headline\":\"Og\u00f3lnopolskie Spotkanie Artystyczne\",\"datePublished\":\"2018-09-03T16:21:34+00:00\",\"dateModified\":\"2021-06-15T16:51:15+00:00\",\"mainEntityOfPage\":{\"@id\":\"https:\\\/\\\/www.lichen.pl\\\/en\\\/ogolnopolskie-spotkanie-artystyczne\\\/\"},\"wordCount\":345,\"commentCount\":0,\"image\":{\"@id\":\"https:\\\/\\\/www.lichen.pl\\\/en\\\/ogolnopolskie-spotkanie-artystyczne\\\/#primaryimage\"},\"thumbnailUrl\":\"https:\\\/\\\/www.lichen.pl\\\/wp-content\\\/uploads\\\/2021\\\/06\\\/bazylika-cz-bb.jpg\",\"articleSection\":[\"Aktualno\u015bci\"],\"inLanguage\":\"es\",\"potentialAction\":[{\"@type\":\"CommentAction\",\"name\":\"Comment\",\"target\":[\"https:\\\/\\\/www.lichen.pl\\\/en\\\/ogolnopolskie-spotkanie-artystyczne\\\/#respond\"]}]},{\"@type\":\"WebPage\",\"@id\":\"https:\\\/\\\/www.lichen.pl\\\/en\\\/ogolnopolskie-spotkanie-artystyczne\\\/\",\"url\":\"https:\\\/\\\/www.lichen.pl\\\/en\\\/ogolnopolskie-spotkanie-artystyczne\\\/\",\"name\":\"Og\u00f3lnopolskie Spotkanie Artystyczne - SANKTUARIUM W LICHENIU\",\"isPartOf\":{\"@id\":\"https:\\\/\\\/www.lichen.pl\\\/fr\\\/#website\"},\"primaryImageOfPage\":{\"@id\":\"https:\\\/\\\/www.lichen.pl\\\/en\\\/ogolnopolskie-spotkanie-artystyczne\\\/#primaryimage\"},\"image\":{\"@id\":\"https:\\\/\\\/www.lichen.pl\\\/en\\\/ogolnopolskie-spotkanie-artystyczne\\\/#primaryimage\"},\"thumbnailUrl\":\"https:\\\/\\\/www.lichen.pl\\\/wp-content\\\/uploads\\\/2021\\\/06\\\/bazylika-cz-bb.jpg\",\"datePublished\":\"2018-09-03T16:21:34+00:00\",\"dateModified\":\"2021-06-15T16:51:15+00:00\",\"author\":{\"@id\":\"https:\\\/\\\/www.lichen.pl\\\/fr\\\/#\\\/schema\\\/person\\\/c06cd926b95870cc59f18d6ee6e33da5\"},\"breadcrumb\":{\"@id\":\"https:\\\/\\\/www.lichen.pl\\\/en\\\/ogolnopolskie-spotkanie-artystyczne\\\/#breadcrumb\"},\"inLanguage\":\"es\",\"potentialAction\":[{\"@type\":\"ReadAction\",\"target\":[\"https:\\\/\\\/www.lichen.pl\\\/en\\\/ogolnopolskie-spotkanie-artystyczne\\\/\"]}]},{\"@type\":\"ImageObject\",\"inLanguage\":\"es\",\"@id\":\"https:\\\/\\\/www.lichen.pl\\\/en\\\/ogolnopolskie-spotkanie-artystyczne\\\/#primaryimage\",\"url\":\"https:\\\/\\\/www.lichen.pl\\\/wp-content\\\/uploads\\\/2021\\\/06\\\/bazylika-cz-bb.jpg\",\"contentUrl\":\"https:\\\/\\\/www.lichen.pl\\\/wp-content\\\/uploads\\\/2021\\\/06\\\/bazylika-cz-bb.jpg\",\"width\":600,\"height\":450},{\"@type\":\"BreadcrumbList\",\"@id\":\"https:\\\/\\\/www.lichen.pl\\\/en\\\/ogolnopolskie-spotkanie-artystyczne\\\/#breadcrumb\",\"itemListElement\":[{\"@type\":\"ListItem\",\"position\":1,\"name\":\"Strona g\u0142\u00f3wna\",\"item\":\"https:\\\/\\\/www.lichen.pl\\\/\"},{\"@type\":\"ListItem\",\"position\":2,\"name\":\"Og\u00f3lnopolskie Spotkanie Artystyczne\"}]},{\"@type\":\"WebSite\",\"@id\":\"https:\\\/\\\/www.lichen.pl\\\/fr\\\/#website\",\"url\":\"https:\\\/\\\/www.lichen.pl\\\/fr\\\/\",\"name\":\"SANKTUARIUM W LICHENIU\",\"description\":\"MATKI BO\u017bEJ LICHE\u0143SKIEJ BOLESNEJ KR\u00d3LOWEJ POLSKI\",\"potentialAction\":[{\"@type\":\"SearchAction\",\"target\":{\"@type\":\"EntryPoint\",\"urlTemplate\":\"https:\\\/\\\/www.lichen.pl\\\/fr\\\/?s={search_term_string}\"},\"query-input\":{\"@type\":\"PropertyValueSpecification\",\"valueRequired\":true,\"valueName\":\"search_term_string\"}}],\"inLanguage\":\"es\"},{\"@type\":\"Person\",\"@id\":\"https:\\\/\\\/www.lichen.pl\\\/fr\\\/#\\\/schema\\\/person\\\/c06cd926b95870cc59f18d6ee6e33da5\",\"name\":\"ROBERT ADAMCZYK\",\"image\":{\"@type\":\"ImageObject\",\"inLanguage\":\"es\",\"@id\":\"https:\\\/\\\/secure.gravatar.com\\\/avatar\\\/53c330430596e73552f4c356c2e47c209ff8f6352a5106011c9b6abcce5e00df?s=96&d=retro&r=g\",\"url\":\"https:\\\/\\\/secure.gravatar.com\\\/avatar\\\/53c330430596e73552f4c356c2e47c209ff8f6352a5106011c9b6abcce5e00df?s=96&d=retro&r=g\",\"contentUrl\":\"https:\\\/\\\/secure.gravatar.com\\\/avatar\\\/53c330430596e73552f4c356c2e47c209ff8f6352a5106011c9b6abcce5e00df?s=96&d=retro&r=g\",\"caption\":\"ROBERT ADAMCZYK\"},\"url\":\"https:\\\/\\\/www.lichen.pl\\\/es\\\/author\\\/press\\\/\"}]}<\/script>\n<!-- \/ Yoast SEO plugin. -->","yoast_head_json":{"title":"Og\u00f3lnopolskie Spotkanie Artystyczne - SANKTUARIUM W LICHENIU","robots":{"index":"index","follow":"follow","max-snippet":"max-snippet:-1","max-image-preview":"max-image-preview:large","max-video-preview":"max-video-preview:-1"},"canonical":"https:\/\/www.lichen.pl\/es\/ogolnopolskie-spotkanie-artystyczne\/","og_locale":"es_ES","og_type":"article","og_title":"Og\u00f3lnopolskie Spotkanie Artystyczne - SANKTUARIUM W LICHENIU","og_description":"W ramach dorocznego pleneru malarskiego w Licheniu spotkali si\u0119 arty\u015bci uczestnicz\u0105cy w Og\u00f3lnopolskich Spotkaniach Artystycznych. Tw\u00f3rcy w swych pracach pochylali si\u0119 nad tematem \u201eTo\u017csamo\u015b\u0107 miejsca\u201d, pr\u00f3buj\u0105c w pokaza\u0107 liche\u0144skie sanktuarium w artystycznym uj\u0119ciu. \u201eCi\u0105gle pr\u00f3bujemy dociec \u201eDNA\u201d liche\u0144skiego sanktuarium. Staramy si\u0119 dostrzec rzeczy w spos\u00f3b istotny wp\u0142ywaj\u0105ce na to miejsce, kt\u00f3re s\u0105 jego niezbywalnymi znakami. [&hellip;]","og_url":"https:\/\/www.lichen.pl\/es\/ogolnopolskie-spotkanie-artystyczne\/","og_site_name":"SANKTUARIUM W LICHENIU","article_published_time":"2018-09-03T16:21:34+00:00","article_modified_time":"2021-06-15T16:51:15+00:00","og_image":[{"width":600,"height":450,"url":"https:\/\/www.lichen.pl\/wp-content\/uploads\/2021\/06\/bazylika-cz-bb.jpg","type":"image\/jpeg"}],"author":"ROBERT ADAMCZYK","twitter_card":"summary_large_image","twitter_misc":{"Escrito por":"ROBERT ADAMCZYK","Tiempo de lectura":"2 minutos"},"schema":{"@context":"https:\/\/schema.org","@graph":[{"@type":"Article","@id":"https:\/\/www.lichen.pl\/en\/ogolnopolskie-spotkanie-artystyczne\/#article","isPartOf":{"@id":"https:\/\/www.lichen.pl\/en\/ogolnopolskie-spotkanie-artystyczne\/"},"author":{"name":"ROBERT ADAMCZYK","@id":"https:\/\/www.lichen.pl\/fr\/#\/schema\/person\/c06cd926b95870cc59f18d6ee6e33da5"},"headline":"Og\u00f3lnopolskie Spotkanie Artystyczne","datePublished":"2018-09-03T16:21:34+00:00","dateModified":"2021-06-15T16:51:15+00:00","mainEntityOfPage":{"@id":"https:\/\/www.lichen.pl\/en\/ogolnopolskie-spotkanie-artystyczne\/"},"wordCount":345,"commentCount":0,"image":{"@id":"https:\/\/www.lichen.pl\/en\/ogolnopolskie-spotkanie-artystyczne\/#primaryimage"},"thumbnailUrl":"https:\/\/www.lichen.pl\/wp-content\/uploads\/2021\/06\/bazylika-cz-bb.jpg","articleSection":["Aktualno\u015bci"],"inLanguage":"es","potentialAction":[{"@type":"CommentAction","name":"Comment","target":["https:\/\/www.lichen.pl\/en\/ogolnopolskie-spotkanie-artystyczne\/#respond"]}]},{"@type":"WebPage","@id":"https:\/\/www.lichen.pl\/en\/ogolnopolskie-spotkanie-artystyczne\/","url":"https:\/\/www.lichen.pl\/en\/ogolnopolskie-spotkanie-artystyczne\/","name":"Og\u00f3lnopolskie Spotkanie Artystyczne - SANKTUARIUM W LICHENIU","isPartOf":{"@id":"https:\/\/www.lichen.pl\/fr\/#website"},"primaryImageOfPage":{"@id":"https:\/\/www.lichen.pl\/en\/ogolnopolskie-spotkanie-artystyczne\/#primaryimage"},"image":{"@id":"https:\/\/www.lichen.pl\/en\/ogolnopolskie-spotkanie-artystyczne\/#primaryimage"},"thumbnailUrl":"https:\/\/www.lichen.pl\/wp-content\/uploads\/2021\/06\/bazylika-cz-bb.jpg","datePublished":"2018-09-03T16:21:34+00:00","dateModified":"2021-06-15T16:51:15+00:00","author":{"@id":"https:\/\/www.lichen.pl\/fr\/#\/schema\/person\/c06cd926b95870cc59f18d6ee6e33da5"},"breadcrumb":{"@id":"https:\/\/www.lichen.pl\/en\/ogolnopolskie-spotkanie-artystyczne\/#breadcrumb"},"inLanguage":"es","potentialAction":[{"@type":"ReadAction","target":["https:\/\/www.lichen.pl\/en\/ogolnopolskie-spotkanie-artystyczne\/"]}]},{"@type":"ImageObject","inLanguage":"es","@id":"https:\/\/www.lichen.pl\/en\/ogolnopolskie-spotkanie-artystyczne\/#primaryimage","url":"https:\/\/www.lichen.pl\/wp-content\/uploads\/2021\/06\/bazylika-cz-bb.jpg","contentUrl":"https:\/\/www.lichen.pl\/wp-content\/uploads\/2021\/06\/bazylika-cz-bb.jpg","width":600,"height":450},{"@type":"BreadcrumbList","@id":"https:\/\/www.lichen.pl\/en\/ogolnopolskie-spotkanie-artystyczne\/#breadcrumb","itemListElement":[{"@type":"ListItem","position":1,"name":"Strona g\u0142\u00f3wna","item":"https:\/\/www.lichen.pl\/"},{"@type":"ListItem","position":2,"name":"Og\u00f3lnopolskie Spotkanie Artystyczne"}]},{"@type":"WebSite","@id":"https:\/\/www.lichen.pl\/fr\/#website","url":"https:\/\/www.lichen.pl\/fr\/","name":"SANTUARIO EN LICHENIA","description":"LA DOLOROSA REINA DE POLONIA DE NUESTRO LICHEN","potentialAction":[{"@type":"SearchAction","target":{"@type":"EntryPoint","urlTemplate":"https:\/\/www.lichen.pl\/fr\/?s={search_term_string}"},"query-input":{"@type":"PropertyValueSpecification","valueRequired":true,"valueName":"search_term_string"}}],"inLanguage":"es"},{"@type":"Person","@id":"https:\/\/www.lichen.pl\/fr\/#\/schema\/person\/c06cd926b95870cc59f18d6ee6e33da5","name":"ROBERT ADAMCZYK","image":{"@type":"ImageObject","inLanguage":"es","@id":"https:\/\/secure.gravatar.com\/avatar\/53c330430596e73552f4c356c2e47c209ff8f6352a5106011c9b6abcce5e00df?s=96&d=retro&r=g","url":"https:\/\/secure.gravatar.com\/avatar\/53c330430596e73552f4c356c2e47c209ff8f6352a5106011c9b6abcce5e00df?s=96&d=retro&r=g","contentUrl":"https:\/\/secure.gravatar.com\/avatar\/53c330430596e73552f4c356c2e47c209ff8f6352a5106011c9b6abcce5e00df?s=96&d=retro&r=g","caption":"ROBERT ADAMCZYK"},"url":"https:\/\/www.lichen.pl\/es\/author\/press\/"}]}},"_links":{"self":[{"href":"https:\/\/www.lichen.pl\/es\/wp-json\/wp\/v2\/posts\/13086","targetHints":{"allow":["GET"]}}],"collection":[{"href":"https:\/\/www.lichen.pl\/es\/wp-json\/wp\/v2\/posts"}],"about":[{"href":"https:\/\/www.lichen.pl\/es\/wp-json\/wp\/v2\/types\/post"}],"author":[{"embeddable":true,"href":"https:\/\/www.lichen.pl\/es\/wp-json\/wp\/v2\/users\/4"}],"replies":[{"embeddable":true,"href":"https:\/\/www.lichen.pl\/es\/wp-json\/wp\/v2\/comments?post=13086"}],"version-history":[{"count":11,"href":"https:\/\/www.lichen.pl\/es\/wp-json\/wp\/v2\/posts\/13086\/revisions"}],"predecessor-version":[{"id":13886,"href":"https:\/\/www.lichen.pl\/es\/wp-json\/wp\/v2\/posts\/13086\/revisions\/13886"}],"wp:featuredmedia":[{"embeddable":true,"href":"https:\/\/www.lichen.pl\/es\/wp-json\/wp\/v2\/media\/13092"}],"wp:attachment":[{"href":"https:\/\/www.lichen.pl\/es\/wp-json\/wp\/v2\/media?parent=13086"}],"wp:term":[{"taxonomy":"category","embeddable":true,"href":"https:\/\/www.lichen.pl\/es\/wp-json\/wp\/v2\/categories?post=13086"},{"taxonomy":"post_tag","embeddable":true,"href":"https:\/\/www.lichen.pl\/es\/wp-json\/wp\/v2\/tags?post=13086"}],"curies":[{"name":"wp","href":"https:\/\/api.w.org\/{rel}","templated":true}]}}