{"id":13971,"date":"2018-10-18T15:22:02","date_gmt":"2018-10-18T15:22:02","guid":{"rendered":"http:\/\/www.lichen.pl\/?p=13971"},"modified":"2021-06-16T10:04:34","modified_gmt":"2021-06-16T10:04:34","slug":"24-pielgrzymka-uczniow-ze-szkoly-podstawowej-im-jana-pawla-ii-w-wysokiem","status":"publish","type":"post","link":"https:\/\/www.lichen.pl\/es\/24-pielgrzymka-uczniow-ze-szkoly-podstawowej-im-jana-pawla-ii-w-wysokiem\/","title":{"rendered":"24. peregrinaje de alumnos de la escuela primaria Juan Pablo II en Wysokie"},"content":{"rendered":"<div data-elementor-type=\"wp-post\" data-elementor-id=\"13971\" class=\"elementor elementor-13971\" data-elementor-post-type=\"post\">\n\t\t\t\t\t\t<section class=\"elementor-section elementor-top-section elementor-element elementor-element-1e225a4 elementor-section-boxed elementor-section-height-default elementor-section-height-default\" data-id=\"1e225a4\" data-element_type=\"section\" data-e-type=\"section\">\n\t\t\t\t\t\t<div class=\"elementor-container elementor-column-gap-default\">\n\t\t\t\t\t<div class=\"elementor-column elementor-col-100 elementor-top-column elementor-element elementor-element-6ed8402\" data-id=\"6ed8402\" data-element_type=\"column\" data-e-type=\"column\">\n\t\t\t<div class=\"elementor-widget-wrap elementor-element-populated\">\n\t\t\t\t\t\t<div class=\"elementor-element elementor-element-2517cea elementor-widget elementor-widget-heading\" data-id=\"2517cea\" data-element_type=\"widget\" data-e-type=\"widget\" data-widget_type=\"heading.default\">\n\t\t\t\t<div class=\"elementor-widget-container\">\n\t\t\t\t\t<h2 class=\"elementor-heading-title elementor-size-default\">En el 40 aniversario de la elecci\u00f3n del Card. Por 24\u00aa vez, una peregrinaci\u00f3n de alumnos de la Escuela Primaria de Juan Pablo II del pueblo de Wysokie en la comuna de Kramsk<\/h2>\t\t\t\t<\/div>\n\t\t\t\t<\/div>\n\t\t\t\t\t<\/div>\n\t\t<\/div>\n\t\t\t\t\t<\/div>\n\t\t<\/section>\n\t\t\t\t<section class=\"elementor-section elementor-top-section elementor-element elementor-element-9ebfa1a elementor-section-boxed elementor-section-height-default elementor-section-height-default\" data-id=\"9ebfa1a\" data-element_type=\"section\" data-e-type=\"section\">\n\t\t\t\t\t\t<div class=\"elementor-container elementor-column-gap-default\">\n\t\t\t\t\t<div class=\"elementor-column elementor-col-100 elementor-top-column elementor-element elementor-element-b8501c0\" data-id=\"b8501c0\" data-element_type=\"column\" data-e-type=\"column\">\n\t\t\t<div class=\"elementor-widget-wrap elementor-element-populated\">\n\t\t\t\t\t\t<div class=\"elementor-element elementor-element-1d9d347 elementor-blockquote--skin-quotation elementor-blockquote--align-center elementor-widget elementor-widget-blockquote\" data-id=\"1d9d347\" data-element_type=\"widget\" data-e-type=\"widget\" data-widget_type=\"blockquote.default\">\n\t\t\t\t<div class=\"elementor-widget-container\">\n\t\t\t\t\t\t\t<blockquote class=\"elementor-blockquote\">\n\t\t\t<p class=\"elementor-blockquote__content\">\n\t\t\t\tDe esta manera, deseamos honrar a nuestro patr\u00f3n, St. Juan Pablo II. Por eso, desde hace 24 a\u00f1os peregrinamos a Liche\u0144, donde estuvo y rez\u00f3 el Papa polaco en 1999.\t\t\t<\/p>\n\t\t\t\t\t\t\t<div class=\"e-q-footer\">\n\t\t\t\t\t\t\t\t\t\t\t<cite class=\"elementor-blockquote__author\">El\u017cbieta Bryl, directora de la Escuela Primaria Juan Pablo II en Wysokie<\/cite>\n\t\t\t\t\t\t\t\t\t\t\t\t\t\t<\/div>\n\t\t\t\t\t<\/blockquote>\n\t\t\t\t\t\t<\/div>\n\t\t\t\t<\/div>\n\t\t\t\t\t<\/div>\n\t\t<\/div>\n\t\t\t\t\t<\/div>\n\t\t<\/section>\n\t\t\t\t<section class=\"elementor-section elementor-top-section elementor-element elementor-element-b1b06fb elementor-section-boxed elementor-section-height-default elementor-section-height-default\" data-id=\"b1b06fb\" data-element_type=\"section\" data-e-type=\"section\">\n\t\t\t\t\t\t<div class=\"elementor-container elementor-column-gap-default\">\n\t\t\t\t\t<div class=\"elementor-column elementor-col-100 elementor-top-column elementor-element elementor-element-a3a0a5b\" data-id=\"a3a0a5b\" data-element_type=\"column\" data-e-type=\"column\">\n\t\t\t<div class=\"elementor-widget-wrap elementor-element-populated\">\n\t\t\t\t\t\t<section class=\"elementor-section elementor-inner-section elementor-element elementor-element-f2392fc elementor-section-boxed elementor-section-height-default elementor-section-height-default\" data-id=\"f2392fc\" data-element_type=\"section\" data-e-type=\"section\">\n\t\t\t\t\t\t<div class=\"elementor-container elementor-column-gap-default\">\n\t\t\t\t\t<div class=\"elementor-column elementor-col-50 elementor-inner-column elementor-element elementor-element-938a378\" data-id=\"938a378\" data-element_type=\"column\" data-e-type=\"column\">\n\t\t\t<div class=\"elementor-widget-wrap elementor-element-populated\">\n\t\t\t\t\t\t<div class=\"elementor-element elementor-element-79aab4f elementor-widget elementor-widget-image\" data-id=\"79aab4f\" data-element_type=\"widget\" data-e-type=\"widget\" data-widget_type=\"image.default\">\n\t\t\t\t<div class=\"elementor-widget-container\">\n\t\t\t\t\t\t\t\t\t\t\t\t<figure class=\"wp-caption\">\n\t\t\t\t\t\t\t\t\t\t<img fetchpriority=\"high\" decoding=\"async\" width=\"768\" height=\"512\" src=\"https:\/\/www.lichen.pl\/wp-content\/uploads\/2021\/06\/IMG_2398-768x512.jpg\" class=\"attachment-medium_large size-medium_large wp-image-13974\" alt=\"\" srcset=\"https:\/\/www.lichen.pl\/wp-content\/uploads\/2021\/06\/IMG_2398-768x512.jpg 768w, https:\/\/www.lichen.pl\/wp-content\/uploads\/2021\/06\/IMG_2398-800x533.jpg 800w, https:\/\/www.lichen.pl\/wp-content\/uploads\/2021\/06\/IMG_2398-300x200.jpg 300w, https:\/\/www.lichen.pl\/wp-content\/uploads\/2021\/06\/IMG_2398-1024x683.jpg 1024w, https:\/\/www.lichen.pl\/wp-content\/uploads\/2021\/06\/IMG_2398.jpg 1152w\" sizes=\"(max-width: 768px) 100vw, 768px\" \/>\t\t\t\t\t\t\t\t\t\t\t<figcaption class=\"widget-image-caption wp-caption-text\">Padre Adam Stankiewicz, MIC da la bienvenida a los estudiantes a Liche\u0144<\/figcaption>\n\t\t\t\t\t\t\t\t\t\t<\/figure>\n\t\t\t\t\t\t\t\t\t<\/div>\n\t\t\t\t<\/div>\n\t\t\t\t\t<\/div>\n\t\t<\/div>\n\t\t\t\t<div class=\"elementor-column elementor-col-50 elementor-inner-column elementor-element elementor-element-948e79e\" data-id=\"948e79e\" data-element_type=\"column\" data-e-type=\"column\">\n\t\t\t<div class=\"elementor-widget-wrap elementor-element-populated\">\n\t\t\t\t\t\t<div class=\"elementor-element elementor-element-a467dd2 elementor-widget elementor-widget-text-editor\" data-id=\"a467dd2\" data-element_type=\"widget\" data-e-type=\"widget\" data-widget_type=\"text-editor.default\">\n\t\t\t\t<div class=\"elementor-widget-container\">\n\t\t\t\t\t\t\t\t\t<p>como director agreg\u00f3 Bryl, la peregrinaci\u00f3n de este a\u00f1o tuvo un car\u00e1cter \u00fanico, ya que cay\u00f3 en la ronda, 40 aniversario de la elecci\u00f3n del Card. Karol Wojtyla como Papa. Adem\u00e1s, los alumnos de 3\u00ba de bachillerato participaron por \u00faltima vez en la peregrinaci\u00f3n.<\/p><p>Alumnos, profesores y padres fueron recibidos por el P. Adam Stankiewicz, MIC, custodio adjunto del Santuario de Nuestra Se\u00f1ora de Liche\u0144, anim\u00e1ndolos a usar el tiempo en el santuario para la oraci\u00f3n y un cambio de coraz\u00f3n, para agradar a Dios, siguiendo el ejemplo del patr\u00f3n de la escuela, St. Juan Pablo II.<\/p><p>Los estudiantes de los grados I a IV de la escuela primaria llegaron a Liche\u0144 en autocares. A su vez, los estudiantes de los grados de 5\u00ba de primaria a 3\u00ba de secundaria inferior peregrinaron a Liche\u0144 a pie, recorriendo la distancia de 15 km entre Wysokie y Liche\u0144.<\/p>\t\t\t\t\t\t\t\t<\/div>\n\t\t\t\t<\/div>\n\t\t\t\t\t<\/div>\n\t\t<\/div>\n\t\t\t\t\t<\/div>\n\t\t<\/section>\n\t\t\t\t<div class=\"elementor-element elementor-element-5bf81f1 elementor-widget elementor-widget-text-editor\" data-id=\"5bf81f1\" data-element_type=\"widget\" data-e-type=\"widget\" data-widget_type=\"text-editor.default\">\n\t\t\t\t<div class=\"elementor-widget-container\">\n\t\t\t\t\t\t\t\t\t<p>La Misa concelebrada en la Capilla de la Sant\u00edsima Trinidad estuvo presidida por el P. Przemys\u0142aw Strzelczak, vicario de la parroquia de S t. Stanis\u0142awa BM, catequista escolar. En la homil\u00eda, el sacerdote se refiri\u00f3 a la persona de S. Juan Pablo II, un gran polaco. Refiri\u00e9ndose a la lectura del Evangelio, el sacerdote se\u00f1al\u00f3 que no debemos ser hip\u00f3critas en la vida como los fariseos. Tambi\u00e9n se\u00f1al\u00f3 el mandamiento del amor a Dios y al pr\u00f3jimo como el mandamiento m\u00e1s importante que debemos seguir en nuestra vida. El sacerdote nos anim\u00f3 a ponerlos en pr\u00e1ctica, para que fu\u00e9ramos libres de la carga del pecado. - \u201cY aun cuando nos perdemos en la vida, Jes\u00fas nos tiende la mano y nos quiere recoger. Siempre nos da una nueva oportunidad\u201d, dijo el sacerdote. Foment\u00f3 la imitaci\u00f3n de St. Juan Pablo II, en su amor por las personas y el ejemplo cristiano, que mostrar\u00edamos a los perdidos el camino a Cristo.<\/p><p>Durante la Santa Misa, los alumnos de 1\u00b0 de primaria hicieron un juramento solemne en el estandarte del colegio en presencia de profesores, padres y amigos mayores.<\/p><p>La culminaci\u00f3n de la peregrinaci\u00f3n fue una fotograf\u00eda com\u00fan tomada frente a la entrada principal de la Bas\u00edlica de San Pedro. Sant\u00edsima Virgen Mar\u00eda de Liche\u0144.<\/p>\t\t\t\t\t\t\t\t<\/div>\n\t\t\t\t<\/div>\n\t\t\t\t<div class=\"elementor-element elementor-element-34de739 elementor-widget elementor-widget-image\" data-id=\"34de739\" data-element_type=\"widget\" data-e-type=\"widget\" data-widget_type=\"image.default\">\n\t\t\t\t<div class=\"elementor-widget-container\">\n\t\t\t\t\t\t\t\t\t\t\t\t<figure class=\"wp-caption\">\n\t\t\t\t\t\t\t\t\t\t<img decoding=\"async\" width=\"768\" height=\"512\" src=\"https:\/\/www.lichen.pl\/wp-content\/uploads\/2021\/06\/IMG_2518-768x512.jpg\" class=\"attachment-medium_large size-medium_large wp-image-13966\" alt=\"\" srcset=\"https:\/\/www.lichen.pl\/wp-content\/uploads\/2021\/06\/IMG_2518-768x512.jpg 768w, https:\/\/www.lichen.pl\/wp-content\/uploads\/2021\/06\/IMG_2518-800x533.jpg 800w, https:\/\/www.lichen.pl\/wp-content\/uploads\/2021\/06\/IMG_2518-300x200.jpg 300w, https:\/\/www.lichen.pl\/wp-content\/uploads\/2021\/06\/IMG_2518-1024x683.jpg 1024w, https:\/\/www.lichen.pl\/wp-content\/uploads\/2021\/06\/IMG_2518.jpg 1152w\" sizes=\"(max-width: 768px) 100vw, 768px\" \/>\t\t\t\t\t\t\t\t\t\t\t<figcaption class=\"widget-image-caption wp-caption-text\">Alumnos, profesores y padres frente a la bas\u00edlica<\/figcaption>\n\t\t\t\t\t\t\t\t\t\t<\/figure>\n\t\t\t\t\t\t\t\t\t<\/div>\n\t\t\t\t<\/div>\n\t\t\t\t<div class=\"elementor-element elementor-element-f973872 elementor-widget-divider--view-line elementor-widget elementor-widget-divider\" data-id=\"f973872\" data-element_type=\"widget\" data-e-type=\"widget\" data-widget_type=\"divider.default\">\n\t\t\t\t<div class=\"elementor-widget-container\">\n\t\t\t\t\t\t\t<div class=\"elementor-divider\">\n\t\t\t<span class=\"elementor-divider-separator\">\n\t\t\t\t\t\t<\/span>\n\t\t<\/div>\n\t\t\t\t\t\t<\/div>\n\t\t\t\t<\/div>\n\t\t\t\t\t<\/div>\n\t\t<\/div>\n\t\t\t\t\t<\/div>\n\t\t<\/section>\n\t\t\t\t<\/div>","protected":false},"excerpt":{"rendered":"<p>W 40. rocznic\u0119 wyboru kard. Karola Wojty\u0142y na Stolic\u0119 Piotrow\u0105 do liche\u0144skiego sanktuarium po raz 24. przyby\u0142a pielgrzymka uczni\u00f3w ze Szko\u0142y Podstawowej im. Jana Paw\u0142a II z miejscowo\u015bci Wysokie w gminie Kramsk W ten spos\u00f3b pragniemy odda\u0107 cze\u015b\u0107 naszemu patronowi, \u015bw. Janowi Paw\u0142owi II. Dlatego od 24 lat pielgrzymujemy do Lichenia, w kt\u00f3rym papie\u017c-Polak by\u0142 [&hellip;]<\/p>\n","protected":false},"author":4,"featured_media":13966,"comment_status":"open","ping_status":"open","sticky":false,"template":"","format":"standard","meta":{"footnotes":""},"categories":[1],"tags":[],"class_list":["post-13971","post","type-post","status-publish","format-standard","has-post-thumbnail","hentry","category-aktualnosci","wpbf-post"],"yoast_head":"<!-- This site is optimized with the Yoast SEO plugin v27.4 - https:\/\/yoast.com\/product\/yoast-seo-wordpress\/ -->\n<title>24. pielgrzymka uczni\u00f3w ze szko\u0142y podstawowej im. Jana Paw\u0142a II w Wysokiem - SANKTUARIUM W LICHENIU<\/title>\n<meta name=\"robots\" content=\"index, follow, max-snippet:-1, max-image-preview:large, max-video-preview:-1\" \/>\n<link rel=\"canonical\" href=\"http:\/\/www.lichen.pl\/es\/24-pielgrzymka-uczniow-ze-szkoly-podstawowej-im-jana-pawla-ii-w-wysokiem\/\" \/>\n<meta property=\"og:locale\" content=\"es_ES\" \/>\n<meta property=\"og:type\" content=\"article\" \/>\n<meta property=\"og:title\" content=\"24. pielgrzymka uczni\u00f3w ze szko\u0142y podstawowej im. Jana Paw\u0142a II w Wysokiem - SANKTUARIUM W LICHENIU\" \/>\n<meta property=\"og:description\" content=\"W 40. rocznic\u0119 wyboru kard. Karola Wojty\u0142y na Stolic\u0119 Piotrow\u0105 do liche\u0144skiego sanktuarium po raz 24. przyby\u0142a pielgrzymka uczni\u00f3w ze Szko\u0142y Podstawowej im. Jana Paw\u0142a II z miejscowo\u015bci Wysokie w gminie Kramsk W ten spos\u00f3b pragniemy odda\u0107 cze\u015b\u0107 naszemu patronowi, \u015bw. Janowi Paw\u0142owi II. Dlatego od 24 lat pielgrzymujemy do Lichenia, w kt\u00f3rym papie\u017c-Polak by\u0142 [&hellip;]\" \/>\n<meta property=\"og:url\" content=\"http:\/\/www.lichen.pl\/es\/24-pielgrzymka-uczniow-ze-szkoly-podstawowej-im-jana-pawla-ii-w-wysokiem\/\" \/>\n<meta property=\"og:site_name\" content=\"SANKTUARIUM W LICHENIU\" \/>\n<meta property=\"article:published_time\" content=\"2018-10-18T15:22:02+00:00\" \/>\n<meta property=\"article:modified_time\" content=\"2021-06-16T10:04:34+00:00\" \/>\n<meta property=\"og:image\" content=\"http:\/\/www.lichen.pl\/wp-content\/uploads\/2021\/06\/IMG_2518.jpg\" \/>\n\t<meta property=\"og:image:width\" content=\"1152\" \/>\n\t<meta property=\"og:image:height\" content=\"768\" \/>\n\t<meta property=\"og:image:type\" content=\"image\/jpeg\" \/>\n<meta name=\"author\" content=\"ROBERT ADAMCZYK\" \/>\n<meta name=\"twitter:card\" content=\"summary_large_image\" \/>\n<meta name=\"twitter:label1\" content=\"Escrito por\" \/>\n\t<meta name=\"twitter:data1\" content=\"ROBERT ADAMCZYK\" \/>\n\t<meta name=\"twitter:label2\" content=\"Tiempo de lectura\" \/>\n\t<meta name=\"twitter:data2\" content=\"2 minutos\" \/>\n<script type=\"application\/ld+json\" class=\"yoast-schema-graph\">{\"@context\":\"https:\\\/\\\/schema.org\",\"@graph\":[{\"@type\":\"Article\",\"@id\":\"http:\\\/\\\/www.lichen.pl\\\/it\\\/24-pielgrzymka-uczniow-ze-szkoly-podstawowej-im-jana-pawla-ii-w-wysokiem\\\/#article\",\"isPartOf\":{\"@id\":\"http:\\\/\\\/www.lichen.pl\\\/it\\\/24-pielgrzymka-uczniow-ze-szkoly-podstawowej-im-jana-pawla-ii-w-wysokiem\\\/\"},\"author\":{\"name\":\"ROBERT ADAMCZYK\",\"@id\":\"https:\\\/\\\/www.lichen.pl\\\/fr\\\/#\\\/schema\\\/person\\\/c06cd926b95870cc59f18d6ee6e33da5\"},\"headline\":\"24. pielgrzymka uczni\u00f3w ze szko\u0142y podstawowej im. Jana Paw\u0142a II w Wysokiem\",\"datePublished\":\"2018-10-18T15:22:02+00:00\",\"dateModified\":\"2021-06-16T10:04:34+00:00\",\"mainEntityOfPage\":{\"@id\":\"http:\\\/\\\/www.lichen.pl\\\/it\\\/24-pielgrzymka-uczniow-ze-szkoly-podstawowej-im-jana-pawla-ii-w-wysokiem\\\/\"},\"wordCount\":450,\"commentCount\":0,\"image\":{\"@id\":\"http:\\\/\\\/www.lichen.pl\\\/it\\\/24-pielgrzymka-uczniow-ze-szkoly-podstawowej-im-jana-pawla-ii-w-wysokiem\\\/#primaryimage\"},\"thumbnailUrl\":\"https:\\\/\\\/www.lichen.pl\\\/wp-content\\\/uploads\\\/2021\\\/06\\\/IMG_2518.jpg\",\"articleSection\":[\"Aktualno\u015bci\"],\"inLanguage\":\"es\",\"potentialAction\":[{\"@type\":\"CommentAction\",\"name\":\"Comment\",\"target\":[\"http:\\\/\\\/www.lichen.pl\\\/it\\\/24-pielgrzymka-uczniow-ze-szkoly-podstawowej-im-jana-pawla-ii-w-wysokiem\\\/#respond\"]}]},{\"@type\":\"WebPage\",\"@id\":\"http:\\\/\\\/www.lichen.pl\\\/it\\\/24-pielgrzymka-uczniow-ze-szkoly-podstawowej-im-jana-pawla-ii-w-wysokiem\\\/\",\"url\":\"http:\\\/\\\/www.lichen.pl\\\/it\\\/24-pielgrzymka-uczniow-ze-szkoly-podstawowej-im-jana-pawla-ii-w-wysokiem\\\/\",\"name\":\"24. pielgrzymka uczni\u00f3w ze szko\u0142y podstawowej im. Jana Paw\u0142a II w Wysokiem - SANKTUARIUM W LICHENIU\",\"isPartOf\":{\"@id\":\"https:\\\/\\\/www.lichen.pl\\\/fr\\\/#website\"},\"primaryImageOfPage\":{\"@id\":\"http:\\\/\\\/www.lichen.pl\\\/it\\\/24-pielgrzymka-uczniow-ze-szkoly-podstawowej-im-jana-pawla-ii-w-wysokiem\\\/#primaryimage\"},\"image\":{\"@id\":\"http:\\\/\\\/www.lichen.pl\\\/it\\\/24-pielgrzymka-uczniow-ze-szkoly-podstawowej-im-jana-pawla-ii-w-wysokiem\\\/#primaryimage\"},\"thumbnailUrl\":\"https:\\\/\\\/www.lichen.pl\\\/wp-content\\\/uploads\\\/2021\\\/06\\\/IMG_2518.jpg\",\"datePublished\":\"2018-10-18T15:22:02+00:00\",\"dateModified\":\"2021-06-16T10:04:34+00:00\",\"author\":{\"@id\":\"https:\\\/\\\/www.lichen.pl\\\/fr\\\/#\\\/schema\\\/person\\\/c06cd926b95870cc59f18d6ee6e33da5\"},\"breadcrumb\":{\"@id\":\"http:\\\/\\\/www.lichen.pl\\\/it\\\/24-pielgrzymka-uczniow-ze-szkoly-podstawowej-im-jana-pawla-ii-w-wysokiem\\\/#breadcrumb\"},\"inLanguage\":\"es\",\"potentialAction\":[{\"@type\":\"ReadAction\",\"target\":[\"http:\\\/\\\/www.lichen.pl\\\/it\\\/24-pielgrzymka-uczniow-ze-szkoly-podstawowej-im-jana-pawla-ii-w-wysokiem\\\/\"]}]},{\"@type\":\"ImageObject\",\"inLanguage\":\"es\",\"@id\":\"http:\\\/\\\/www.lichen.pl\\\/it\\\/24-pielgrzymka-uczniow-ze-szkoly-podstawowej-im-jana-pawla-ii-w-wysokiem\\\/#primaryimage\",\"url\":\"https:\\\/\\\/www.lichen.pl\\\/wp-content\\\/uploads\\\/2021\\\/06\\\/IMG_2518.jpg\",\"contentUrl\":\"https:\\\/\\\/www.lichen.pl\\\/wp-content\\\/uploads\\\/2021\\\/06\\\/IMG_2518.jpg\",\"width\":1152,\"height\":768},{\"@type\":\"BreadcrumbList\",\"@id\":\"http:\\\/\\\/www.lichen.pl\\\/it\\\/24-pielgrzymka-uczniow-ze-szkoly-podstawowej-im-jana-pawla-ii-w-wysokiem\\\/#breadcrumb\",\"itemListElement\":[{\"@type\":\"ListItem\",\"position\":1,\"name\":\"Strona g\u0142\u00f3wna\",\"item\":\"https:\\\/\\\/www.lichen.pl\\\/\"},{\"@type\":\"ListItem\",\"position\":2,\"name\":\"24. pielgrzymka uczni\u00f3w ze szko\u0142y podstawowej im. Jana Paw\u0142a II w Wysokiem\"}]},{\"@type\":\"WebSite\",\"@id\":\"https:\\\/\\\/www.lichen.pl\\\/fr\\\/#website\",\"url\":\"https:\\\/\\\/www.lichen.pl\\\/fr\\\/\",\"name\":\"SANKTUARIUM W LICHENIU\",\"description\":\"MATKI BO\u017bEJ LICHE\u0143SKIEJ BOLESNEJ KR\u00d3LOWEJ POLSKI\",\"potentialAction\":[{\"@type\":\"SearchAction\",\"target\":{\"@type\":\"EntryPoint\",\"urlTemplate\":\"https:\\\/\\\/www.lichen.pl\\\/fr\\\/?s={search_term_string}\"},\"query-input\":{\"@type\":\"PropertyValueSpecification\",\"valueRequired\":true,\"valueName\":\"search_term_string\"}}],\"inLanguage\":\"es\"},{\"@type\":\"Person\",\"@id\":\"https:\\\/\\\/www.lichen.pl\\\/fr\\\/#\\\/schema\\\/person\\\/c06cd926b95870cc59f18d6ee6e33da5\",\"name\":\"ROBERT ADAMCZYK\",\"image\":{\"@type\":\"ImageObject\",\"inLanguage\":\"es\",\"@id\":\"https:\\\/\\\/secure.gravatar.com\\\/avatar\\\/53c330430596e73552f4c356c2e47c209ff8f6352a5106011c9b6abcce5e00df?s=96&d=retro&r=g\",\"url\":\"https:\\\/\\\/secure.gravatar.com\\\/avatar\\\/53c330430596e73552f4c356c2e47c209ff8f6352a5106011c9b6abcce5e00df?s=96&d=retro&r=g\",\"contentUrl\":\"https:\\\/\\\/secure.gravatar.com\\\/avatar\\\/53c330430596e73552f4c356c2e47c209ff8f6352a5106011c9b6abcce5e00df?s=96&d=retro&r=g\",\"caption\":\"ROBERT ADAMCZYK\"},\"url\":\"https:\\\/\\\/www.lichen.pl\\\/es\\\/author\\\/press\\\/\"}]}<\/script>\n<!-- \/ Yoast SEO plugin. -->","yoast_head_json":{"title":"24. pielgrzymka uczni\u00f3w ze szko\u0142y podstawowej im. Jana Paw\u0142a II w Wysokiem - SANKTUARIUM W LICHENIU","robots":{"index":"index","follow":"follow","max-snippet":"max-snippet:-1","max-image-preview":"max-image-preview:large","max-video-preview":"max-video-preview:-1"},"canonical":"http:\/\/www.lichen.pl\/es\/24-pielgrzymka-uczniow-ze-szkoly-podstawowej-im-jana-pawla-ii-w-wysokiem\/","og_locale":"es_ES","og_type":"article","og_title":"24. pielgrzymka uczni\u00f3w ze szko\u0142y podstawowej im. Jana Paw\u0142a II w Wysokiem - SANKTUARIUM W LICHENIU","og_description":"W 40. rocznic\u0119 wyboru kard. Karola Wojty\u0142y na Stolic\u0119 Piotrow\u0105 do liche\u0144skiego sanktuarium po raz 24. przyby\u0142a pielgrzymka uczni\u00f3w ze Szko\u0142y Podstawowej im. Jana Paw\u0142a II z miejscowo\u015bci Wysokie w gminie Kramsk W ten spos\u00f3b pragniemy odda\u0107 cze\u015b\u0107 naszemu patronowi, \u015bw. Janowi Paw\u0142owi II. Dlatego od 24 lat pielgrzymujemy do Lichenia, w kt\u00f3rym papie\u017c-Polak by\u0142 [&hellip;]","og_url":"http:\/\/www.lichen.pl\/es\/24-pielgrzymka-uczniow-ze-szkoly-podstawowej-im-jana-pawla-ii-w-wysokiem\/","og_site_name":"SANKTUARIUM W LICHENIU","article_published_time":"2018-10-18T15:22:02+00:00","article_modified_time":"2021-06-16T10:04:34+00:00","og_image":[{"width":1152,"height":768,"url":"http:\/\/www.lichen.pl\/wp-content\/uploads\/2021\/06\/IMG_2518.jpg","type":"image\/jpeg"}],"author":"ROBERT ADAMCZYK","twitter_card":"summary_large_image","twitter_misc":{"Escrito por":"ROBERT ADAMCZYK","Tiempo de lectura":"2 minutos"},"schema":{"@context":"https:\/\/schema.org","@graph":[{"@type":"Article","@id":"http:\/\/www.lichen.pl\/it\/24-pielgrzymka-uczniow-ze-szkoly-podstawowej-im-jana-pawla-ii-w-wysokiem\/#article","isPartOf":{"@id":"http:\/\/www.lichen.pl\/it\/24-pielgrzymka-uczniow-ze-szkoly-podstawowej-im-jana-pawla-ii-w-wysokiem\/"},"author":{"name":"ROBERT ADAMCZYK","@id":"https:\/\/www.lichen.pl\/fr\/#\/schema\/person\/c06cd926b95870cc59f18d6ee6e33da5"},"headline":"24. pielgrzymka uczni\u00f3w ze szko\u0142y podstawowej im. Jana Paw\u0142a II w Wysokiem","datePublished":"2018-10-18T15:22:02+00:00","dateModified":"2021-06-16T10:04:34+00:00","mainEntityOfPage":{"@id":"http:\/\/www.lichen.pl\/it\/24-pielgrzymka-uczniow-ze-szkoly-podstawowej-im-jana-pawla-ii-w-wysokiem\/"},"wordCount":450,"commentCount":0,"image":{"@id":"http:\/\/www.lichen.pl\/it\/24-pielgrzymka-uczniow-ze-szkoly-podstawowej-im-jana-pawla-ii-w-wysokiem\/#primaryimage"},"thumbnailUrl":"https:\/\/www.lichen.pl\/wp-content\/uploads\/2021\/06\/IMG_2518.jpg","articleSection":["Aktualno\u015bci"],"inLanguage":"es","potentialAction":[{"@type":"CommentAction","name":"Comment","target":["http:\/\/www.lichen.pl\/it\/24-pielgrzymka-uczniow-ze-szkoly-podstawowej-im-jana-pawla-ii-w-wysokiem\/#respond"]}]},{"@type":"WebPage","@id":"http:\/\/www.lichen.pl\/it\/24-pielgrzymka-uczniow-ze-szkoly-podstawowej-im-jana-pawla-ii-w-wysokiem\/","url":"http:\/\/www.lichen.pl\/it\/24-pielgrzymka-uczniow-ze-szkoly-podstawowej-im-jana-pawla-ii-w-wysokiem\/","name":"24. pielgrzymka uczni\u00f3w ze szko\u0142y podstawowej im. Jana Paw\u0142a II w Wysokiem - SANKTUARIUM W LICHENIU","isPartOf":{"@id":"https:\/\/www.lichen.pl\/fr\/#website"},"primaryImageOfPage":{"@id":"http:\/\/www.lichen.pl\/it\/24-pielgrzymka-uczniow-ze-szkoly-podstawowej-im-jana-pawla-ii-w-wysokiem\/#primaryimage"},"image":{"@id":"http:\/\/www.lichen.pl\/it\/24-pielgrzymka-uczniow-ze-szkoly-podstawowej-im-jana-pawla-ii-w-wysokiem\/#primaryimage"},"thumbnailUrl":"https:\/\/www.lichen.pl\/wp-content\/uploads\/2021\/06\/IMG_2518.jpg","datePublished":"2018-10-18T15:22:02+00:00","dateModified":"2021-06-16T10:04:34+00:00","author":{"@id":"https:\/\/www.lichen.pl\/fr\/#\/schema\/person\/c06cd926b95870cc59f18d6ee6e33da5"},"breadcrumb":{"@id":"http:\/\/www.lichen.pl\/it\/24-pielgrzymka-uczniow-ze-szkoly-podstawowej-im-jana-pawla-ii-w-wysokiem\/#breadcrumb"},"inLanguage":"es","potentialAction":[{"@type":"ReadAction","target":["http:\/\/www.lichen.pl\/it\/24-pielgrzymka-uczniow-ze-szkoly-podstawowej-im-jana-pawla-ii-w-wysokiem\/"]}]},{"@type":"ImageObject","inLanguage":"es","@id":"http:\/\/www.lichen.pl\/it\/24-pielgrzymka-uczniow-ze-szkoly-podstawowej-im-jana-pawla-ii-w-wysokiem\/#primaryimage","url":"https:\/\/www.lichen.pl\/wp-content\/uploads\/2021\/06\/IMG_2518.jpg","contentUrl":"https:\/\/www.lichen.pl\/wp-content\/uploads\/2021\/06\/IMG_2518.jpg","width":1152,"height":768},{"@type":"BreadcrumbList","@id":"http:\/\/www.lichen.pl\/it\/24-pielgrzymka-uczniow-ze-szkoly-podstawowej-im-jana-pawla-ii-w-wysokiem\/#breadcrumb","itemListElement":[{"@type":"ListItem","position":1,"name":"Strona g\u0142\u00f3wna","item":"https:\/\/www.lichen.pl\/"},{"@type":"ListItem","position":2,"name":"24. pielgrzymka uczni\u00f3w ze szko\u0142y podstawowej im. Jana Paw\u0142a II w Wysokiem"}]},{"@type":"WebSite","@id":"https:\/\/www.lichen.pl\/fr\/#website","url":"https:\/\/www.lichen.pl\/fr\/","name":"SANTUARIO EN LICHENIA","description":"LA DOLOROSA REINA DE POLONIA DE NUESTRO LICHEN","potentialAction":[{"@type":"SearchAction","target":{"@type":"EntryPoint","urlTemplate":"https:\/\/www.lichen.pl\/fr\/?s={search_term_string}"},"query-input":{"@type":"PropertyValueSpecification","valueRequired":true,"valueName":"search_term_string"}}],"inLanguage":"es"},{"@type":"Person","@id":"https:\/\/www.lichen.pl\/fr\/#\/schema\/person\/c06cd926b95870cc59f18d6ee6e33da5","name":"ROBERT ADAMCZYK","image":{"@type":"ImageObject","inLanguage":"es","@id":"https:\/\/secure.gravatar.com\/avatar\/53c330430596e73552f4c356c2e47c209ff8f6352a5106011c9b6abcce5e00df?s=96&d=retro&r=g","url":"https:\/\/secure.gravatar.com\/avatar\/53c330430596e73552f4c356c2e47c209ff8f6352a5106011c9b6abcce5e00df?s=96&d=retro&r=g","contentUrl":"https:\/\/secure.gravatar.com\/avatar\/53c330430596e73552f4c356c2e47c209ff8f6352a5106011c9b6abcce5e00df?s=96&d=retro&r=g","caption":"ROBERT ADAMCZYK"},"url":"https:\/\/www.lichen.pl\/es\/author\/press\/"}]}},"_links":{"self":[{"href":"https:\/\/www.lichen.pl\/es\/wp-json\/wp\/v2\/posts\/13971","targetHints":{"allow":["GET"]}}],"collection":[{"href":"https:\/\/www.lichen.pl\/es\/wp-json\/wp\/v2\/posts"}],"about":[{"href":"https:\/\/www.lichen.pl\/es\/wp-json\/wp\/v2\/types\/post"}],"author":[{"embeddable":true,"href":"https:\/\/www.lichen.pl\/es\/wp-json\/wp\/v2\/users\/4"}],"replies":[{"embeddable":true,"href":"https:\/\/www.lichen.pl\/es\/wp-json\/wp\/v2\/comments?post=13971"}],"version-history":[{"count":8,"href":"https:\/\/www.lichen.pl\/es\/wp-json\/wp\/v2\/posts\/13971\/revisions"}],"predecessor-version":[{"id":13986,"href":"https:\/\/www.lichen.pl\/es\/wp-json\/wp\/v2\/posts\/13971\/revisions\/13986"}],"wp:featuredmedia":[{"embeddable":true,"href":"https:\/\/www.lichen.pl\/es\/wp-json\/wp\/v2\/media\/13966"}],"wp:attachment":[{"href":"https:\/\/www.lichen.pl\/es\/wp-json\/wp\/v2\/media?parent=13971"}],"wp:term":[{"taxonomy":"category","embeddable":true,"href":"https:\/\/www.lichen.pl\/es\/wp-json\/wp\/v2\/categories?post=13971"},{"taxonomy":"post_tag","embeddable":true,"href":"https:\/\/www.lichen.pl\/es\/wp-json\/wp\/v2\/tags?post=13971"}],"curies":[{"name":"wp","href":"https:\/\/api.w.org\/{rel}","templated":true}]}}