{"id":14068,"date":"2021-06-14T13:13:37","date_gmt":"2021-06-14T13:13:37","guid":{"rendered":"http:\/\/www.lichen.pl\/rekolekcje-zacheusz-chce-ujrzec-jezusa-copy\/"},"modified":"2021-06-17T08:03:44","modified_gmt":"2021-06-17T08:03:44","slug":"rekolekcje-byc-dla-innych-jak-maryja-11-13-czerwca","status":"publish","type":"post","link":"https:\/\/www.lichen.pl\/es\/rekolekcje-byc-dla-innych-jak-maryja-11-13-czerwca\/","title":{"rendered":"Retiro &quot;Ser para los dem\u00e1s como Mar\u00eda&quot;, 11-13 de junio"},"content":{"rendered":"<div data-elementor-type=\"wp-post\" data-elementor-id=\"14068\" class=\"elementor elementor-14068\" data-elementor-post-type=\"post\">\n\t\t\t\t\t\t<section class=\"elementor-section elementor-top-section elementor-element elementor-element-48d6ba3e elementor-section-boxed elementor-section-height-default elementor-section-height-default\" data-id=\"48d6ba3e\" data-element_type=\"section\" data-e-type=\"section\">\n\t\t\t\t\t\t<div class=\"elementor-container elementor-column-gap-default\">\n\t\t\t\t\t<div class=\"elementor-column elementor-col-100 elementor-top-column elementor-element elementor-element-96099bf\" data-id=\"96099bf\" data-element_type=\"column\" data-e-type=\"column\">\n\t\t\t<div class=\"elementor-widget-wrap elementor-element-populated\">\n\t\t\t\t\t\t<div class=\"elementor-element elementor-element-0c31ca4 elementor-widget elementor-widget-heading\" data-id=\"0c31ca4\" data-element_type=\"widget\" data-e-type=\"widget\" data-widget_type=\"heading.default\">\n\t\t\t\t<div class=\"elementor-widget-container\">\n\t\t\t\t\t<h2 class=\"elementor-heading-title elementor-size-default\">&quot;Ser para los dem\u00e1s como Mar\u00eda&quot; - en un encuentro presidido por el P. El Dr. Janusz Kumala, MIC, curador del Santuario, cont\u00f3 con la asistencia de 15 personas de toda Polonia<\/h2>\t\t\t\t<\/div>\n\t\t\t\t<\/div>\n\t\t\t\t<section class=\"elementor-section elementor-inner-section elementor-element elementor-element-04e976f elementor-section-boxed elementor-section-height-default elementor-section-height-default\" data-id=\"04e976f\" data-element_type=\"section\" data-e-type=\"section\">\n\t\t\t\t\t\t<div class=\"elementor-container elementor-column-gap-default\">\n\t\t\t\t\t<div class=\"elementor-column elementor-col-50 elementor-inner-column elementor-element elementor-element-2ecd1f1\" data-id=\"2ecd1f1\" data-element_type=\"column\" data-e-type=\"column\">\n\t\t\t<div class=\"elementor-widget-wrap elementor-element-populated\">\n\t\t\t\t\t\t<div class=\"elementor-element elementor-element-1837a94 elementor-widget elementor-widget-image\" data-id=\"1837a94\" data-element_type=\"widget\" data-e-type=\"widget\" data-widget_type=\"image.default\">\n\t\t\t\t<div class=\"elementor-widget-container\">\n\t\t\t\t\t\t\t\t\t\t\t\t<figure class=\"wp-caption\">\n\t\t\t\t\t\t\t\t\t\t<img fetchpriority=\"high\" decoding=\"async\" width=\"480\" height=\"320\" src=\"https:\/\/www.lichen.pl\/wp-content\/uploads\/2021\/06\/Byc-dla-innych-jak-Maryja.jpg\" class=\"attachment-medium_large size-medium_large wp-image-14070\" alt=\"\" srcset=\"https:\/\/www.lichen.pl\/wp-content\/uploads\/2021\/06\/Byc-dla-innych-jak-Maryja.jpg 480w, https:\/\/www.lichen.pl\/wp-content\/uploads\/2021\/06\/Byc-dla-innych-jak-Maryja-300x200.jpg 300w\" sizes=\"(max-width: 480px) 100vw, 480px\" \/>\t\t\t\t\t\t\t\t\t\t\t<figcaption class=\"widget-image-caption wp-caption-text\">Participantes del Retiro &quot;Ser para los dem\u00e1s como Mar\u00eda&quot;<\/figcaption>\n\t\t\t\t\t\t\t\t\t\t<\/figure>\n\t\t\t\t\t\t\t\t\t<\/div>\n\t\t\t\t<\/div>\n\t\t\t\t\t<\/div>\n\t\t<\/div>\n\t\t\t\t<div class=\"elementor-column elementor-col-50 elementor-inner-column elementor-element elementor-element-077e7e5\" data-id=\"077e7e5\" data-element_type=\"column\" data-e-type=\"column\">\n\t\t\t<div class=\"elementor-widget-wrap elementor-element-populated\">\n\t\t\t\t\t\t<div class=\"elementor-element elementor-element-f7a6e05 elementor-widget elementor-widget-text-editor\" data-id=\"f7a6e05\" data-element_type=\"widget\" data-e-type=\"widget\" data-widget_type=\"text-editor.default\">\n\t\t\t\t<div class=\"elementor-widget-container\">\n\t\t\t\t\t\t\t\t\t<p>Durante el retiro, que tuvo lugar en la casa del peregrino del Arca, se observaron escenas b\u00edblicas, entre ellas una boda en Can\u00e1 de Galilea, la presencia de Mar\u00eda con los disc\u00edpulos en el Cen\u00e1culo o la escena de la crucifixi\u00f3n de Jes\u00fas. \u201cMar\u00eda est\u00e1 completamente dedicada a Cristo: esta es una relaci\u00f3n ejemplar para nosotros. Por el hecho de ser toda Cristo, puede ser \u00edntegra para las personas. La fuente de nuestra relaci\u00f3n con las personas es nuestra relaci\u00f3n con Cristo &quot;- explica el p. Janusz Kumala, MIC. \u201cJes\u00fas, hablando del mandamiento del amor, nos habl\u00f3 a todos ya todas las situaciones de nuestra vida, no s\u00f3lo a las f\u00e1ciles. El amor es nuestra arma que afecta nuestras relaciones incluso cuando no lo vemos. El amor hace que nos quedemos con alguien sin importar las dificultades y las circunstancias \u201d- dijo el sacerdote explicando la importancia de nuestra presencia amorosa en el ejemplo de Nuestra Se\u00f1ora de pie bajo la cruz.<\/p>\t\t\t\t\t\t\t\t<\/div>\n\t\t\t\t<\/div>\n\t\t\t\t\t<\/div>\n\t\t<\/div>\n\t\t\t\t\t<\/div>\n\t\t<\/section>\n\t\t\t\t\t<\/div>\n\t\t<\/div>\n\t\t\t\t\t<\/div>\n\t\t<\/section>\n\t\t\t\t<section class=\"elementor-section elementor-top-section elementor-element elementor-element-5da5d9b elementor-section-boxed elementor-section-height-default elementor-section-height-default\" data-id=\"5da5d9b\" data-element_type=\"section\" data-e-type=\"section\">\n\t\t\t\t\t\t<div class=\"elementor-container elementor-column-gap-default\">\n\t\t\t\t\t<div class=\"elementor-column elementor-col-100 elementor-top-column elementor-element elementor-element-fcb59df\" data-id=\"fcb59df\" data-element_type=\"column\" data-e-type=\"column\">\n\t\t\t<div class=\"elementor-widget-wrap elementor-element-populated\">\n\t\t\t\t\t\t<div class=\"elementor-element elementor-element-1448482 elementor-widget elementor-widget-text-editor\" data-id=\"1448482\" data-element_type=\"widget\" data-e-type=\"widget\" data-widget_type=\"text-editor.default\">\n\t\t\t\t<div class=\"elementor-widget-container\">\n\t\t\t\t\t\t\t\t\t<p>La se\u00f1ora Genowefa de \u017barki-Letnisko particip\u00f3 por tercera vez en el retiro en el santuario. Vino a Liche\u0144 con su familia: hija, nietas y prima. Como ellos mismos aseguran, ya tienen una mayor tradici\u00f3n de peregrinaci\u00f3n conjunta. Esta vez el tema del retiro lo eligi\u00f3 Marta - U, una hija<em>Creo que las relaciones con otras personas est\u00e1n en el centro de nuestras vidas.<\/em> - explica el participante - <em>El primer encuentro durante el retiro fue muy importante para m\u00ed cuando escuch\u00e9 que la palabra latina &#039;yo soy&#039; tambi\u00e9n significa ayuda. Cosas tan simples pueden cambiar mucho en nuestra percepci\u00f3n y vida.<\/em>.<\/p><p>Uno de los participantes, el Sr. Jerzy de Szczecin, ha estado viniendo a Liche\u0144 durante muchos a\u00f1os -\u2026<em>orar no s\u00f3lo por la familia, los amigos y los sacerdotes. Estoy en este retiro para expresar mi gratitud a la Madre de Dios por su protecci\u00f3n. Liche\u0144 es un oasis mariano que da grandes frutos. Los temas tratados durante el retiro fueron muy edificantes, fortalecedores de la fe y gozosos apost\u00f3licos.<\/em>\u00a0 \u00a0 \u00a0 \u00a0 \u00a0 \u00a0 \u00a0 \u00a0 \u00a0<\/p><p>Liquen Stary, 13 de junio de 2021<\/p>\t\t\t\t\t\t\t\t<\/div>\n\t\t\t\t<\/div>\n\t\t\t\t<div class=\"elementor-element elementor-element-7fbf7f7 elementor-widget elementor-widget-text-editor\" data-id=\"7fbf7f7\" data-element_type=\"widget\" data-e-type=\"widget\" data-widget_type=\"text-editor.default\">\n\t\t\t\t<div class=\"elementor-widget-container\">\n\t\t\t\t\t\t\t\t\t<p>Texto: Oficina de prensa del Santuario<\/p>\t\t\t\t\t\t\t\t<\/div>\n\t\t\t\t<\/div>\n\t\t\t\t<div class=\"elementor-element elementor-element-6d03c19 elementor-widget-divider--view-line elementor-widget elementor-widget-divider\" data-id=\"6d03c19\" data-element_type=\"widget\" data-e-type=\"widget\" data-widget_type=\"divider.default\">\n\t\t\t\t<div class=\"elementor-widget-container\">\n\t\t\t\t\t\t\t<div class=\"elementor-divider\">\n\t\t\t<span class=\"elementor-divider-separator\">\n\t\t\t\t\t\t<\/span>\n\t\t<\/div>\n\t\t\t\t\t\t<\/div>\n\t\t\t\t<\/div>\n\t\t\t\t\t<\/div>\n\t\t<\/div>\n\t\t\t\t\t<\/div>\n\t\t<\/section>\n\t\t\t\t<\/div>","protected":false},"excerpt":{"rendered":"<p>\u201eBy\u0107 dla innych jak Maryja\u201d &#8211; w spotkaniu prowadzonym przez ks. dr Janusza Kumal\u0119 MIC, kustosza Sanktuarium, wzi\u0119\u0142o udzia\u0142 15 os\u00f3b z ca\u0142ej Polski Uczestnicy Rekolekcji &#8220;By\u0107 dla innych jak Maryja&#8221; Podczas rekolekcji, kt\u00f3re odbywa\u0142y si\u0119 w domu pielgrzyma Arka, przygl\u0105dano si\u0119 scenom biblijnym, m.in. weselu w Kanie Galilejskiej, trwaniu Maryi z uczniami w Wieczerniku [&hellip;]<\/p>\n","protected":false},"author":2,"featured_media":14070,"comment_status":"open","ping_status":"open","sticky":false,"template":"","format":"standard","meta":{"footnotes":""},"categories":[1],"tags":[],"class_list":["post-14068","post","type-post","status-publish","format-standard","has-post-thumbnail","hentry","category-aktualnosci","wpbf-post"],"yoast_head":"<!-- This site is optimized with the Yoast SEO plugin v27.4 - https:\/\/yoast.com\/product\/yoast-seo-wordpress\/ -->\n<title>Rekolekcje &quot;By\u0107 dla innych jak Maryja&quot;, 11-13 czerwca - SANKTUARIUM W LICHENIU<\/title>\n<meta name=\"robots\" content=\"index, follow, max-snippet:-1, max-image-preview:large, max-video-preview:-1\" \/>\n<link rel=\"canonical\" href=\"https:\/\/www.lichen.pl\/es\/rekolekcje-byc-dla-innych-jak-maryja-11-13-czerwca\/\" \/>\n<meta property=\"og:locale\" content=\"es_ES\" \/>\n<meta property=\"og:type\" content=\"article\" \/>\n<meta property=\"og:title\" content=\"Rekolekcje &quot;By\u0107 dla innych jak Maryja&quot;, 11-13 czerwca - SANKTUARIUM W LICHENIU\" \/>\n<meta property=\"og:description\" content=\"\u201eBy\u0107 dla innych jak Maryja\u201d &#8211; w spotkaniu prowadzonym przez ks. dr Janusza Kumal\u0119 MIC, kustosza Sanktuarium, wzi\u0119\u0142o udzia\u0142 15 os\u00f3b z ca\u0142ej Polski Uczestnicy Rekolekcji &#8220;By\u0107 dla innych jak Maryja&#8221; Podczas rekolekcji, kt\u00f3re odbywa\u0142y si\u0119 w domu pielgrzyma Arka, przygl\u0105dano si\u0119 scenom biblijnym, m.in. weselu w Kanie Galilejskiej, trwaniu Maryi z uczniami w Wieczerniku [&hellip;]\" \/>\n<meta property=\"og:url\" content=\"https:\/\/www.lichen.pl\/es\/rekolekcje-byc-dla-innych-jak-maryja-11-13-czerwca\/\" \/>\n<meta property=\"og:site_name\" content=\"SANKTUARIUM W LICHENIU\" \/>\n<meta property=\"article:published_time\" content=\"2021-06-14T13:13:37+00:00\" \/>\n<meta property=\"article:modified_time\" content=\"2021-06-17T08:03:44+00:00\" \/>\n<meta property=\"og:image\" content=\"https:\/\/www.lichen.pl\/wp-content\/uploads\/2021\/06\/Byc-dla-innych-jak-Maryja.jpg\" \/>\n\t<meta property=\"og:image:width\" content=\"480\" \/>\n\t<meta property=\"og:image:height\" content=\"320\" \/>\n\t<meta property=\"og:image:type\" content=\"image\/jpeg\" \/>\n<meta name=\"author\" content=\"Arkadiusz Gorgolewski\" \/>\n<meta name=\"twitter:card\" content=\"summary_large_image\" \/>\n<meta name=\"twitter:label1\" content=\"Escrito por\" \/>\n\t<meta name=\"twitter:data1\" content=\"Arkadiusz Gorgolewski\" \/>\n\t<meta name=\"twitter:label2\" content=\"Tiempo de lectura\" \/>\n\t<meta name=\"twitter:data2\" content=\"2 minutos\" \/>\n<script type=\"application\/ld+json\" class=\"yoast-schema-graph\">{\"@context\":\"https:\\\/\\\/schema.org\",\"@graph\":[{\"@type\":\"Article\",\"@id\":\"https:\\\/\\\/www.lichen.pl\\\/fr\\\/rekolekcje-byc-dla-innych-jak-maryja-11-13-czerwca\\\/#article\",\"isPartOf\":{\"@id\":\"https:\\\/\\\/www.lichen.pl\\\/fr\\\/rekolekcje-byc-dla-innych-jak-maryja-11-13-czerwca\\\/\"},\"author\":{\"name\":\"Arkadiusz Gorgolewski\",\"@id\":\"https:\\\/\\\/www.lichen.pl\\\/fr\\\/#\\\/schema\\\/person\\\/56fc5b38d70a2b34983408f9a457fd9d\"},\"headline\":\"Rekolekcje &#8220;By\u0107 dla innych jak Maryja&#8221;, 11-13 czerwca\",\"datePublished\":\"2021-06-14T13:13:37+00:00\",\"dateModified\":\"2021-06-17T08:03:44+00:00\",\"mainEntityOfPage\":{\"@id\":\"https:\\\/\\\/www.lichen.pl\\\/fr\\\/rekolekcje-byc-dla-innych-jak-maryja-11-13-czerwca\\\/\"},\"wordCount\":385,\"commentCount\":0,\"image\":{\"@id\":\"https:\\\/\\\/www.lichen.pl\\\/fr\\\/rekolekcje-byc-dla-innych-jak-maryja-11-13-czerwca\\\/#primaryimage\"},\"thumbnailUrl\":\"https:\\\/\\\/www.lichen.pl\\\/wp-content\\\/uploads\\\/2021\\\/06\\\/Byc-dla-innych-jak-Maryja.jpg\",\"articleSection\":[\"Aktualno\u015bci\"],\"inLanguage\":\"es\",\"potentialAction\":[{\"@type\":\"CommentAction\",\"name\":\"Comment\",\"target\":[\"https:\\\/\\\/www.lichen.pl\\\/fr\\\/rekolekcje-byc-dla-innych-jak-maryja-11-13-czerwca\\\/#respond\"]}]},{\"@type\":\"WebPage\",\"@id\":\"https:\\\/\\\/www.lichen.pl\\\/fr\\\/rekolekcje-byc-dla-innych-jak-maryja-11-13-czerwca\\\/\",\"url\":\"https:\\\/\\\/www.lichen.pl\\\/fr\\\/rekolekcje-byc-dla-innych-jak-maryja-11-13-czerwca\\\/\",\"name\":\"Rekolekcje \\\"By\u0107 dla innych jak Maryja\\\", 11-13 czerwca - SANKTUARIUM W LICHENIU\",\"isPartOf\":{\"@id\":\"https:\\\/\\\/www.lichen.pl\\\/fr\\\/#website\"},\"primaryImageOfPage\":{\"@id\":\"https:\\\/\\\/www.lichen.pl\\\/fr\\\/rekolekcje-byc-dla-innych-jak-maryja-11-13-czerwca\\\/#primaryimage\"},\"image\":{\"@id\":\"https:\\\/\\\/www.lichen.pl\\\/fr\\\/rekolekcje-byc-dla-innych-jak-maryja-11-13-czerwca\\\/#primaryimage\"},\"thumbnailUrl\":\"https:\\\/\\\/www.lichen.pl\\\/wp-content\\\/uploads\\\/2021\\\/06\\\/Byc-dla-innych-jak-Maryja.jpg\",\"datePublished\":\"2021-06-14T13:13:37+00:00\",\"dateModified\":\"2021-06-17T08:03:44+00:00\",\"author\":{\"@id\":\"https:\\\/\\\/www.lichen.pl\\\/fr\\\/#\\\/schema\\\/person\\\/56fc5b38d70a2b34983408f9a457fd9d\"},\"breadcrumb\":{\"@id\":\"https:\\\/\\\/www.lichen.pl\\\/fr\\\/rekolekcje-byc-dla-innych-jak-maryja-11-13-czerwca\\\/#breadcrumb\"},\"inLanguage\":\"es\",\"potentialAction\":[{\"@type\":\"ReadAction\",\"target\":[\"https:\\\/\\\/www.lichen.pl\\\/fr\\\/rekolekcje-byc-dla-innych-jak-maryja-11-13-czerwca\\\/\"]}]},{\"@type\":\"ImageObject\",\"inLanguage\":\"es\",\"@id\":\"https:\\\/\\\/www.lichen.pl\\\/fr\\\/rekolekcje-byc-dla-innych-jak-maryja-11-13-czerwca\\\/#primaryimage\",\"url\":\"https:\\\/\\\/www.lichen.pl\\\/wp-content\\\/uploads\\\/2021\\\/06\\\/Byc-dla-innych-jak-Maryja.jpg\",\"contentUrl\":\"https:\\\/\\\/www.lichen.pl\\\/wp-content\\\/uploads\\\/2021\\\/06\\\/Byc-dla-innych-jak-Maryja.jpg\",\"width\":480,\"height\":320},{\"@type\":\"BreadcrumbList\",\"@id\":\"https:\\\/\\\/www.lichen.pl\\\/fr\\\/rekolekcje-byc-dla-innych-jak-maryja-11-13-czerwca\\\/#breadcrumb\",\"itemListElement\":[{\"@type\":\"ListItem\",\"position\":1,\"name\":\"Strona g\u0142\u00f3wna\",\"item\":\"https:\\\/\\\/www.lichen.pl\\\/\"},{\"@type\":\"ListItem\",\"position\":2,\"name\":\"Rekolekcje &#8220;By\u0107 dla innych jak Maryja&#8221;, 11-13 czerwca\"}]},{\"@type\":\"WebSite\",\"@id\":\"https:\\\/\\\/www.lichen.pl\\\/fr\\\/#website\",\"url\":\"https:\\\/\\\/www.lichen.pl\\\/fr\\\/\",\"name\":\"SANKTUARIUM W LICHENIU\",\"description\":\"MATKI BO\u017bEJ LICHE\u0143SKIEJ BOLESNEJ KR\u00d3LOWEJ POLSKI\",\"potentialAction\":[{\"@type\":\"SearchAction\",\"target\":{\"@type\":\"EntryPoint\",\"urlTemplate\":\"https:\\\/\\\/www.lichen.pl\\\/fr\\\/?s={search_term_string}\"},\"query-input\":{\"@type\":\"PropertyValueSpecification\",\"valueRequired\":true,\"valueName\":\"search_term_string\"}}],\"inLanguage\":\"es\"},{\"@type\":\"Person\",\"@id\":\"https:\\\/\\\/www.lichen.pl\\\/fr\\\/#\\\/schema\\\/person\\\/56fc5b38d70a2b34983408f9a457fd9d\",\"name\":\"Arkadiusz Gorgolewski\",\"image\":{\"@type\":\"ImageObject\",\"inLanguage\":\"es\",\"@id\":\"https:\\\/\\\/secure.gravatar.com\\\/avatar\\\/0f571b370f5aa245b1fd3b9c945511b004fe17579bdefd5054d99f0ba315149c?s=96&d=retro&r=g\",\"url\":\"https:\\\/\\\/secure.gravatar.com\\\/avatar\\\/0f571b370f5aa245b1fd3b9c945511b004fe17579bdefd5054d99f0ba315149c?s=96&d=retro&r=g\",\"contentUrl\":\"https:\\\/\\\/secure.gravatar.com\\\/avatar\\\/0f571b370f5aa245b1fd3b9c945511b004fe17579bdefd5054d99f0ba315149c?s=96&d=retro&r=g\",\"caption\":\"Arkadiusz Gorgolewski\"},\"url\":\"https:\\\/\\\/www.lichen.pl\\\/es\\\/author\\\/sanadmin\\\/\"}]}<\/script>\n<!-- \/ Yoast SEO plugin. -->","yoast_head_json":{"title":"Rekolekcje \"By\u0107 dla innych jak Maryja\", 11-13 czerwca - SANKTUARIUM W LICHENIU","robots":{"index":"index","follow":"follow","max-snippet":"max-snippet:-1","max-image-preview":"max-image-preview:large","max-video-preview":"max-video-preview:-1"},"canonical":"https:\/\/www.lichen.pl\/es\/rekolekcje-byc-dla-innych-jak-maryja-11-13-czerwca\/","og_locale":"es_ES","og_type":"article","og_title":"Rekolekcje \"By\u0107 dla innych jak Maryja\", 11-13 czerwca - SANKTUARIUM W LICHENIU","og_description":"\u201eBy\u0107 dla innych jak Maryja\u201d &#8211; w spotkaniu prowadzonym przez ks. dr Janusza Kumal\u0119 MIC, kustosza Sanktuarium, wzi\u0119\u0142o udzia\u0142 15 os\u00f3b z ca\u0142ej Polski Uczestnicy Rekolekcji &#8220;By\u0107 dla innych jak Maryja&#8221; Podczas rekolekcji, kt\u00f3re odbywa\u0142y si\u0119 w domu pielgrzyma Arka, przygl\u0105dano si\u0119 scenom biblijnym, m.in. weselu w Kanie Galilejskiej, trwaniu Maryi z uczniami w Wieczerniku [&hellip;]","og_url":"https:\/\/www.lichen.pl\/es\/rekolekcje-byc-dla-innych-jak-maryja-11-13-czerwca\/","og_site_name":"SANKTUARIUM W LICHENIU","article_published_time":"2021-06-14T13:13:37+00:00","article_modified_time":"2021-06-17T08:03:44+00:00","og_image":[{"width":480,"height":320,"url":"https:\/\/www.lichen.pl\/wp-content\/uploads\/2021\/06\/Byc-dla-innych-jak-Maryja.jpg","type":"image\/jpeg"}],"author":"Arkadiusz Gorgolewski","twitter_card":"summary_large_image","twitter_misc":{"Escrito por":"Arkadiusz Gorgolewski","Tiempo de lectura":"2 minutos"},"schema":{"@context":"https:\/\/schema.org","@graph":[{"@type":"Article","@id":"https:\/\/www.lichen.pl\/fr\/rekolekcje-byc-dla-innych-jak-maryja-11-13-czerwca\/#article","isPartOf":{"@id":"https:\/\/www.lichen.pl\/fr\/rekolekcje-byc-dla-innych-jak-maryja-11-13-czerwca\/"},"author":{"name":"Arkadiusz Gorgolewski","@id":"https:\/\/www.lichen.pl\/fr\/#\/schema\/person\/56fc5b38d70a2b34983408f9a457fd9d"},"headline":"Rekolekcje &#8220;By\u0107 dla innych jak Maryja&#8221;, 11-13 czerwca","datePublished":"2021-06-14T13:13:37+00:00","dateModified":"2021-06-17T08:03:44+00:00","mainEntityOfPage":{"@id":"https:\/\/www.lichen.pl\/fr\/rekolekcje-byc-dla-innych-jak-maryja-11-13-czerwca\/"},"wordCount":385,"commentCount":0,"image":{"@id":"https:\/\/www.lichen.pl\/fr\/rekolekcje-byc-dla-innych-jak-maryja-11-13-czerwca\/#primaryimage"},"thumbnailUrl":"https:\/\/www.lichen.pl\/wp-content\/uploads\/2021\/06\/Byc-dla-innych-jak-Maryja.jpg","articleSection":["Aktualno\u015bci"],"inLanguage":"es","potentialAction":[{"@type":"CommentAction","name":"Comment","target":["https:\/\/www.lichen.pl\/fr\/rekolekcje-byc-dla-innych-jak-maryja-11-13-czerwca\/#respond"]}]},{"@type":"WebPage","@id":"https:\/\/www.lichen.pl\/fr\/rekolekcje-byc-dla-innych-jak-maryja-11-13-czerwca\/","url":"https:\/\/www.lichen.pl\/fr\/rekolekcje-byc-dla-innych-jak-maryja-11-13-czerwca\/","name":"Rekolekcje \"By\u0107 dla innych jak Maryja\", 11-13 czerwca - SANKTUARIUM W LICHENIU","isPartOf":{"@id":"https:\/\/www.lichen.pl\/fr\/#website"},"primaryImageOfPage":{"@id":"https:\/\/www.lichen.pl\/fr\/rekolekcje-byc-dla-innych-jak-maryja-11-13-czerwca\/#primaryimage"},"image":{"@id":"https:\/\/www.lichen.pl\/fr\/rekolekcje-byc-dla-innych-jak-maryja-11-13-czerwca\/#primaryimage"},"thumbnailUrl":"https:\/\/www.lichen.pl\/wp-content\/uploads\/2021\/06\/Byc-dla-innych-jak-Maryja.jpg","datePublished":"2021-06-14T13:13:37+00:00","dateModified":"2021-06-17T08:03:44+00:00","author":{"@id":"https:\/\/www.lichen.pl\/fr\/#\/schema\/person\/56fc5b38d70a2b34983408f9a457fd9d"},"breadcrumb":{"@id":"https:\/\/www.lichen.pl\/fr\/rekolekcje-byc-dla-innych-jak-maryja-11-13-czerwca\/#breadcrumb"},"inLanguage":"es","potentialAction":[{"@type":"ReadAction","target":["https:\/\/www.lichen.pl\/fr\/rekolekcje-byc-dla-innych-jak-maryja-11-13-czerwca\/"]}]},{"@type":"ImageObject","inLanguage":"es","@id":"https:\/\/www.lichen.pl\/fr\/rekolekcje-byc-dla-innych-jak-maryja-11-13-czerwca\/#primaryimage","url":"https:\/\/www.lichen.pl\/wp-content\/uploads\/2021\/06\/Byc-dla-innych-jak-Maryja.jpg","contentUrl":"https:\/\/www.lichen.pl\/wp-content\/uploads\/2021\/06\/Byc-dla-innych-jak-Maryja.jpg","width":480,"height":320},{"@type":"BreadcrumbList","@id":"https:\/\/www.lichen.pl\/fr\/rekolekcje-byc-dla-innych-jak-maryja-11-13-czerwca\/#breadcrumb","itemListElement":[{"@type":"ListItem","position":1,"name":"Strona g\u0142\u00f3wna","item":"https:\/\/www.lichen.pl\/"},{"@type":"ListItem","position":2,"name":"Rekolekcje &#8220;By\u0107 dla innych jak Maryja&#8221;, 11-13 czerwca"}]},{"@type":"WebSite","@id":"https:\/\/www.lichen.pl\/fr\/#website","url":"https:\/\/www.lichen.pl\/fr\/","name":"SANTUARIO EN LICHENIA","description":"LA DOLOROSA REINA DE POLONIA DE NUESTRO LICHEN","potentialAction":[{"@type":"SearchAction","target":{"@type":"EntryPoint","urlTemplate":"https:\/\/www.lichen.pl\/fr\/?s={search_term_string}"},"query-input":{"@type":"PropertyValueSpecification","valueRequired":true,"valueName":"search_term_string"}}],"inLanguage":"es"},{"@type":"Person","@id":"https:\/\/www.lichen.pl\/fr\/#\/schema\/person\/56fc5b38d70a2b34983408f9a457fd9d","name":"Arkadiusz Gorgolewski","image":{"@type":"ImageObject","inLanguage":"es","@id":"https:\/\/secure.gravatar.com\/avatar\/0f571b370f5aa245b1fd3b9c945511b004fe17579bdefd5054d99f0ba315149c?s=96&d=retro&r=g","url":"https:\/\/secure.gravatar.com\/avatar\/0f571b370f5aa245b1fd3b9c945511b004fe17579bdefd5054d99f0ba315149c?s=96&d=retro&r=g","contentUrl":"https:\/\/secure.gravatar.com\/avatar\/0f571b370f5aa245b1fd3b9c945511b004fe17579bdefd5054d99f0ba315149c?s=96&d=retro&r=g","caption":"Arkadiusz Gorgolewski"},"url":"https:\/\/www.lichen.pl\/es\/author\/sanadmin\/"}]}},"_links":{"self":[{"href":"https:\/\/www.lichen.pl\/es\/wp-json\/wp\/v2\/posts\/14068","targetHints":{"allow":["GET"]}}],"collection":[{"href":"https:\/\/www.lichen.pl\/es\/wp-json\/wp\/v2\/posts"}],"about":[{"href":"https:\/\/www.lichen.pl\/es\/wp-json\/wp\/v2\/types\/post"}],"author":[{"embeddable":true,"href":"https:\/\/www.lichen.pl\/es\/wp-json\/wp\/v2\/users\/2"}],"replies":[{"embeddable":true,"href":"https:\/\/www.lichen.pl\/es\/wp-json\/wp\/v2\/comments?post=14068"}],"version-history":[{"count":8,"href":"https:\/\/www.lichen.pl\/es\/wp-json\/wp\/v2\/posts\/14068\/revisions"}],"predecessor-version":[{"id":14201,"href":"https:\/\/www.lichen.pl\/es\/wp-json\/wp\/v2\/posts\/14068\/revisions\/14201"}],"wp:featuredmedia":[{"embeddable":true,"href":"https:\/\/www.lichen.pl\/es\/wp-json\/wp\/v2\/media\/14070"}],"wp:attachment":[{"href":"https:\/\/www.lichen.pl\/es\/wp-json\/wp\/v2\/media?parent=14068"}],"wp:term":[{"taxonomy":"category","embeddable":true,"href":"https:\/\/www.lichen.pl\/es\/wp-json\/wp\/v2\/categories?post=14068"},{"taxonomy":"post_tag","embeddable":true,"href":"https:\/\/www.lichen.pl\/es\/wp-json\/wp\/v2\/tags?post=14068"}],"curies":[{"name":"wp","href":"https:\/\/api.w.org\/{rel}","templated":true}]}}