{"id":14341,"date":"2019-01-17T22:55:34","date_gmt":"2019-01-17T22:55:34","guid":{"rendered":"http:\/\/www.lichen.pl\/?p=14341"},"modified":"2021-06-18T08:05:54","modified_gmt":"2021-06-18T08:05:54","slug":"rekolekcje-ruchu-rodzin-nazaretanskich","status":"publish","type":"post","link":"https:\/\/www.lichen.pl\/es\/rekolekcje-ruchu-rodzin-nazaretanskich\/","title":{"rendered":"Retiro del Movimiento Familias de Nazaret"},"content":{"rendered":"<div data-elementor-type=\"wp-post\" data-elementor-id=\"14341\" class=\"elementor elementor-14341\" data-elementor-post-type=\"post\">\n\t\t\t\t\t\t<section class=\"elementor-section elementor-top-section elementor-element elementor-element-74f6adc elementor-section-boxed elementor-section-height-default elementor-section-height-default\" data-id=\"74f6adc\" data-element_type=\"section\" data-e-type=\"section\">\n\t\t\t\t\t\t<div class=\"elementor-container elementor-column-gap-default\">\n\t\t\t\t\t<div class=\"elementor-column elementor-col-100 elementor-top-column elementor-element elementor-element-529a7e5\" data-id=\"529a7e5\" data-element_type=\"column\" data-e-type=\"column\">\n\t\t\t<div class=\"elementor-widget-wrap elementor-element-populated\">\n\t\t\t\t\t\t<div class=\"elementor-element elementor-element-e663078 elementor-widget elementor-widget-heading\" data-id=\"e663078\" data-element_type=\"widget\" data-e-type=\"widget\" data-widget_type=\"heading.default\">\n\t\t\t\t<div class=\"elementor-widget-container\">\n\t\t\t\t\t<h2 class=\"elementor-heading-title elementor-size-default\">En torno a los temas &quot;H\u00e1gase&quot; y &quot;Con Mar\u00eda, guiados por el Esp\u00edritu Santo&quot;, los miembros del Movimiento de las Familias de Nazaret (RRN) se reunieron en el Santuario Mariano de Liche\u0144 Stary para el retiro anual. Al encuentro, que se extender\u00e1 hasta el domingo 27 de enero, asisten 370 personas entre adultos, adolescentes y ni\u00f1os. <\/h2>\t\t\t\t<\/div>\n\t\t\t\t<\/div>\n\t\t\t\t<div class=\"elementor-element elementor-element-3943791 elementor-widget elementor-widget-text-editor\" data-id=\"3943791\" data-element_type=\"widget\" data-e-type=\"widget\" data-widget_type=\"text-editor.default\">\n\t\t\t\t<div class=\"elementor-widget-container\">\n\t\t\t\t\t\t\t\t\t<p>Cuando se le pregunt\u00f3 por qu\u00e9 las personas que pertenecen al Movimiento de las Familias de Nazaret vienen a Liche\u0144 para experimentar un retiro de formaci\u00f3n de invierno, el p. Krzysztof Dulny, organizador del retiro, responde:<\/p>\n<p>- \u201cEs cuesti\u00f3n de buscar algo que una persona busca en la vida. Tenemos muchas cosas en nuestra vida y nos hacen felices. Pero hay un vac\u00edo en lo profundo de nosotros que estamos tratando de llenar. Y venimos a Liche\u0144 para averiguar c\u00f3mo vamos a encontrar esta parte que falta. Me refiero a Dios. Queremos encontrarlo aqu\u00ed\u201d, explic\u00f3 el sacerdote.<\/p>\n<p>Seg\u00fan el p. Dulnego, a menudo se dice que un retiro es un momento para recargar las bater\u00edas para una mayor vida. A su vez, los miembros de RRN vienen a Liche\u0144 con un prop\u00f3sito completamente diferente: - &quot;Este es el momento para que descarguemos nuestras bater\u00edas, para querer buscar a Dios tambi\u00e9n en casa, para recargar nuestras bater\u00edas en la vida cotidiana&quot;.<\/p>\n<p>El comienzo de los preparativos para el retiro de Liquen comienza a principios de noviembre; el primer n\u00famero es para indicar los temas que los guiar\u00e1n. Entonces el trabajo organizativo pasa a manos de personas seleccionadas. Al mismo tiempo, se est\u00e1n preparando materiales para tres grupos: adultos, adolescentes y ni\u00f1os.<\/p>\n<p>En el relato del p. Dulny, durante los ejercicios espirituales, se discute el mismo tema, pero la presentaci\u00f3n del contenido en grupos individuales se ve diferente y se adapta a la edad y percepci\u00f3n de los destinatarios.<\/p>\n<p>El s\u00e1bado, los participantes del retiro RRN de Liche\u0144 se conectar\u00e1n a trav\u00e9s de Internet con el obispo Andrzej Siemieniewski, obispo auxiliar de la Arquidi\u00f3cesis de Wroc\u0142aw, quien se encuentra actualmente en Panam\u00e1 para la Jornada Mundial de la Juventud. Tambi\u00e9n el s\u00e1bado, durante la Santa Misa. en. A las 11.30, el obispo Pawe\u0142 Socha, obispo mayor de la di\u00f3cesis de Zielona G\u00f3ra y Gorz\u00f3w rezar\u00e1 junto con los participantes del retiro.<\/p>\n<p>Al retiro asisten miembros de la RRN de Polonia Occidental: incl. de Pozna\u0144, Szczecin, Gorz\u00f3w Wielkopolski, Zielona G\u00f3ra, Legnica y Wroc\u0142aw. Tambi\u00e9n ven\u00edan solteros de Cracovia y Varsovia.<\/p>\n<p>El Movimiento de las Familias de Nazaret es una comunidad mariana que act\u00faa en las parroquias. Las personas asociadas en la comunidad tratan de explorar la espiritualidad de la Sagrada Familia de Nazaret en sus vidas. Ponen especial \u00e9nfasis en la participaci\u00f3n frecuente en la Eucarist\u00eda y el sacramento de la reconciliaci\u00f3n.<\/p>\t\t\t\t\t\t\t\t<\/div>\n\t\t\t\t<\/div>\n\t\t\t\t\t<\/div>\n\t\t<\/div>\n\t\t\t\t\t<\/div>\n\t\t<\/section>\n\t\t\t\t<\/div>","protected":false},"excerpt":{"rendered":"<p>Pochylaj\u0105c si\u0119 na tematami \u201eNiech mi si\u0119 stanie\u201d oraz \u201eZ Maryj\u0105 prowadzeni przez Ducha \u015awi\u0119tego\u201d cz\u0142onkowie Ruchu Rodzin Nazareta\u0144skich (RRN) spotkali si\u0119 w Sanktuarium Maryjnym w Licheniu Starym na dorocznych rekolekcjach. W spotkaniu, kt\u00f3re potrwa do niedzieli, 27 stycznia, bierze udzia\u0142 370 os\u00f3b- doros\u0142ych, m\u0142odzie\u017cy i dzieci. Na pytanie dlaczego osoby nale\u017c\u0105ce do Ruchu Rodzin [&hellip;]<\/p>\n","protected":false},"author":4,"featured_media":14342,"comment_status":"open","ping_status":"open","sticky":false,"template":"","format":"standard","meta":{"footnotes":""},"categories":[1],"tags":[],"class_list":["post-14341","post","type-post","status-publish","format-standard","has-post-thumbnail","hentry","category-aktualnosci","wpbf-post"],"yoast_head":"<!-- This site is optimized with the Yoast SEO plugin v27.4 - https:\/\/yoast.com\/product\/yoast-seo-wordpress\/ -->\n<title>Rekolekcje Ruchu Rodzin Nazareta\u0144skich - SANKTUARIUM W LICHENIU<\/title>\n<meta name=\"robots\" content=\"index, follow, max-snippet:-1, max-image-preview:large, max-video-preview:-1\" \/>\n<link rel=\"canonical\" href=\"http:\/\/www.lichen.pl\/es\/rekolekcje-ruchu-rodzin-nazaretanskich\/\" \/>\n<meta property=\"og:locale\" content=\"es_ES\" \/>\n<meta property=\"og:type\" content=\"article\" \/>\n<meta property=\"og:title\" content=\"Rekolekcje Ruchu Rodzin Nazareta\u0144skich - SANKTUARIUM W LICHENIU\" \/>\n<meta property=\"og:description\" content=\"Pochylaj\u0105c si\u0119 na tematami \u201eNiech mi si\u0119 stanie\u201d oraz \u201eZ Maryj\u0105 prowadzeni przez Ducha \u015awi\u0119tego\u201d cz\u0142onkowie Ruchu Rodzin Nazareta\u0144skich (RRN) spotkali si\u0119 w Sanktuarium Maryjnym w Licheniu Starym na dorocznych rekolekcjach. W spotkaniu, kt\u00f3re potrwa do niedzieli, 27 stycznia, bierze udzia\u0142 370 os\u00f3b- doros\u0142ych, m\u0142odzie\u017cy i dzieci. Na pytanie dlaczego osoby nale\u017c\u0105ce do Ruchu Rodzin [&hellip;]\" \/>\n<meta property=\"og:url\" content=\"http:\/\/www.lichen.pl\/es\/rekolekcje-ruchu-rodzin-nazaretanskich\/\" \/>\n<meta property=\"og:site_name\" content=\"SANKTUARIUM W LICHENIU\" \/>\n<meta property=\"article:published_time\" content=\"2019-01-17T22:55:34+00:00\" \/>\n<meta property=\"article:modified_time\" content=\"2021-06-18T08:05:54+00:00\" \/>\n<meta property=\"og:image\" content=\"http:\/\/www.lichen.pl\/wp-content\/uploads\/2021\/06\/IMG_0168-scaled.jpg\" \/>\n\t<meta property=\"og:image:width\" content=\"1920\" \/>\n\t<meta property=\"og:image:height\" content=\"1280\" \/>\n\t<meta property=\"og:image:type\" content=\"image\/jpeg\" \/>\n<meta name=\"author\" content=\"ROBERT ADAMCZYK\" \/>\n<meta name=\"twitter:card\" content=\"summary_large_image\" \/>\n<meta name=\"twitter:label1\" content=\"Escrito por\" \/>\n\t<meta name=\"twitter:data1\" content=\"ROBERT ADAMCZYK\" \/>\n\t<meta name=\"twitter:label2\" content=\"Tiempo de lectura\" \/>\n\t<meta name=\"twitter:data2\" content=\"2 minutos\" \/>\n<script type=\"application\/ld+json\" class=\"yoast-schema-graph\">{\"@context\":\"https:\\\/\\\/schema.org\",\"@graph\":[{\"@type\":\"Article\",\"@id\":\"http:\\\/\\\/www.lichen.pl\\\/it\\\/rekolekcje-ruchu-rodzin-nazaretanskich\\\/#article\",\"isPartOf\":{\"@id\":\"http:\\\/\\\/www.lichen.pl\\\/it\\\/rekolekcje-ruchu-rodzin-nazaretanskich\\\/\"},\"author\":{\"name\":\"ROBERT ADAMCZYK\",\"@id\":\"https:\\\/\\\/www.lichen.pl\\\/fr\\\/#\\\/schema\\\/person\\\/c06cd926b95870cc59f18d6ee6e33da5\"},\"headline\":\"Rekolekcje Ruchu Rodzin Nazareta\u0144skich\",\"datePublished\":\"2019-01-17T22:55:34+00:00\",\"dateModified\":\"2021-06-18T08:05:54+00:00\",\"mainEntityOfPage\":{\"@id\":\"http:\\\/\\\/www.lichen.pl\\\/it\\\/rekolekcje-ruchu-rodzin-nazaretanskich\\\/\"},\"wordCount\":432,\"commentCount\":0,\"image\":{\"@id\":\"http:\\\/\\\/www.lichen.pl\\\/it\\\/rekolekcje-ruchu-rodzin-nazaretanskich\\\/#primaryimage\"},\"thumbnailUrl\":\"https:\\\/\\\/www.lichen.pl\\\/wp-content\\\/uploads\\\/2021\\\/06\\\/IMG_0168-scaled.jpg\",\"articleSection\":[\"Aktualno\u015bci\"],\"inLanguage\":\"es\",\"potentialAction\":[{\"@type\":\"CommentAction\",\"name\":\"Comment\",\"target\":[\"http:\\\/\\\/www.lichen.pl\\\/it\\\/rekolekcje-ruchu-rodzin-nazaretanskich\\\/#respond\"]}]},{\"@type\":\"WebPage\",\"@id\":\"http:\\\/\\\/www.lichen.pl\\\/it\\\/rekolekcje-ruchu-rodzin-nazaretanskich\\\/\",\"url\":\"http:\\\/\\\/www.lichen.pl\\\/it\\\/rekolekcje-ruchu-rodzin-nazaretanskich\\\/\",\"name\":\"Rekolekcje Ruchu Rodzin Nazareta\u0144skich - SANKTUARIUM W LICHENIU\",\"isPartOf\":{\"@id\":\"https:\\\/\\\/www.lichen.pl\\\/fr\\\/#website\"},\"primaryImageOfPage\":{\"@id\":\"http:\\\/\\\/www.lichen.pl\\\/it\\\/rekolekcje-ruchu-rodzin-nazaretanskich\\\/#primaryimage\"},\"image\":{\"@id\":\"http:\\\/\\\/www.lichen.pl\\\/it\\\/rekolekcje-ruchu-rodzin-nazaretanskich\\\/#primaryimage\"},\"thumbnailUrl\":\"https:\\\/\\\/www.lichen.pl\\\/wp-content\\\/uploads\\\/2021\\\/06\\\/IMG_0168-scaled.jpg\",\"datePublished\":\"2019-01-17T22:55:34+00:00\",\"dateModified\":\"2021-06-18T08:05:54+00:00\",\"author\":{\"@id\":\"https:\\\/\\\/www.lichen.pl\\\/fr\\\/#\\\/schema\\\/person\\\/c06cd926b95870cc59f18d6ee6e33da5\"},\"breadcrumb\":{\"@id\":\"http:\\\/\\\/www.lichen.pl\\\/it\\\/rekolekcje-ruchu-rodzin-nazaretanskich\\\/#breadcrumb\"},\"inLanguage\":\"es\",\"potentialAction\":[{\"@type\":\"ReadAction\",\"target\":[\"http:\\\/\\\/www.lichen.pl\\\/it\\\/rekolekcje-ruchu-rodzin-nazaretanskich\\\/\"]}]},{\"@type\":\"ImageObject\",\"inLanguage\":\"es\",\"@id\":\"http:\\\/\\\/www.lichen.pl\\\/it\\\/rekolekcje-ruchu-rodzin-nazaretanskich\\\/#primaryimage\",\"url\":\"https:\\\/\\\/www.lichen.pl\\\/wp-content\\\/uploads\\\/2021\\\/06\\\/IMG_0168-scaled.jpg\",\"contentUrl\":\"https:\\\/\\\/www.lichen.pl\\\/wp-content\\\/uploads\\\/2021\\\/06\\\/IMG_0168-scaled.jpg\",\"width\":1920,\"height\":1280},{\"@type\":\"BreadcrumbList\",\"@id\":\"http:\\\/\\\/www.lichen.pl\\\/it\\\/rekolekcje-ruchu-rodzin-nazaretanskich\\\/#breadcrumb\",\"itemListElement\":[{\"@type\":\"ListItem\",\"position\":1,\"name\":\"Strona g\u0142\u00f3wna\",\"item\":\"https:\\\/\\\/www.lichen.pl\\\/\"},{\"@type\":\"ListItem\",\"position\":2,\"name\":\"Rekolekcje Ruchu Rodzin Nazareta\u0144skich\"}]},{\"@type\":\"WebSite\",\"@id\":\"https:\\\/\\\/www.lichen.pl\\\/fr\\\/#website\",\"url\":\"https:\\\/\\\/www.lichen.pl\\\/fr\\\/\",\"name\":\"SANKTUARIUM W LICHENIU\",\"description\":\"MATKI BO\u017bEJ LICHE\u0143SKIEJ BOLESNEJ KR\u00d3LOWEJ POLSKI\",\"potentialAction\":[{\"@type\":\"SearchAction\",\"target\":{\"@type\":\"EntryPoint\",\"urlTemplate\":\"https:\\\/\\\/www.lichen.pl\\\/fr\\\/?s={search_term_string}\"},\"query-input\":{\"@type\":\"PropertyValueSpecification\",\"valueRequired\":true,\"valueName\":\"search_term_string\"}}],\"inLanguage\":\"es\"},{\"@type\":\"Person\",\"@id\":\"https:\\\/\\\/www.lichen.pl\\\/fr\\\/#\\\/schema\\\/person\\\/c06cd926b95870cc59f18d6ee6e33da5\",\"name\":\"ROBERT ADAMCZYK\",\"image\":{\"@type\":\"ImageObject\",\"inLanguage\":\"es\",\"@id\":\"https:\\\/\\\/secure.gravatar.com\\\/avatar\\\/53c330430596e73552f4c356c2e47c209ff8f6352a5106011c9b6abcce5e00df?s=96&d=retro&r=g\",\"url\":\"https:\\\/\\\/secure.gravatar.com\\\/avatar\\\/53c330430596e73552f4c356c2e47c209ff8f6352a5106011c9b6abcce5e00df?s=96&d=retro&r=g\",\"contentUrl\":\"https:\\\/\\\/secure.gravatar.com\\\/avatar\\\/53c330430596e73552f4c356c2e47c209ff8f6352a5106011c9b6abcce5e00df?s=96&d=retro&r=g\",\"caption\":\"ROBERT ADAMCZYK\"},\"url\":\"https:\\\/\\\/www.lichen.pl\\\/es\\\/author\\\/press\\\/\"}]}<\/script>\n<!-- \/ Yoast SEO plugin. -->","yoast_head_json":{"title":"Rekolekcje Ruchu Rodzin Nazareta\u0144skich - SANKTUARIUM W LICHENIU","robots":{"index":"index","follow":"follow","max-snippet":"max-snippet:-1","max-image-preview":"max-image-preview:large","max-video-preview":"max-video-preview:-1"},"canonical":"http:\/\/www.lichen.pl\/es\/rekolekcje-ruchu-rodzin-nazaretanskich\/","og_locale":"es_ES","og_type":"article","og_title":"Rekolekcje Ruchu Rodzin Nazareta\u0144skich - SANKTUARIUM W LICHENIU","og_description":"Pochylaj\u0105c si\u0119 na tematami \u201eNiech mi si\u0119 stanie\u201d oraz \u201eZ Maryj\u0105 prowadzeni przez Ducha \u015awi\u0119tego\u201d cz\u0142onkowie Ruchu Rodzin Nazareta\u0144skich (RRN) spotkali si\u0119 w Sanktuarium Maryjnym w Licheniu Starym na dorocznych rekolekcjach. W spotkaniu, kt\u00f3re potrwa do niedzieli, 27 stycznia, bierze udzia\u0142 370 os\u00f3b- doros\u0142ych, m\u0142odzie\u017cy i dzieci. Na pytanie dlaczego osoby nale\u017c\u0105ce do Ruchu Rodzin [&hellip;]","og_url":"http:\/\/www.lichen.pl\/es\/rekolekcje-ruchu-rodzin-nazaretanskich\/","og_site_name":"SANKTUARIUM W LICHENIU","article_published_time":"2019-01-17T22:55:34+00:00","article_modified_time":"2021-06-18T08:05:54+00:00","og_image":[{"width":1920,"height":1280,"url":"http:\/\/www.lichen.pl\/wp-content\/uploads\/2021\/06\/IMG_0168-scaled.jpg","type":"image\/jpeg"}],"author":"ROBERT ADAMCZYK","twitter_card":"summary_large_image","twitter_misc":{"Escrito por":"ROBERT ADAMCZYK","Tiempo de lectura":"2 minutos"},"schema":{"@context":"https:\/\/schema.org","@graph":[{"@type":"Article","@id":"http:\/\/www.lichen.pl\/it\/rekolekcje-ruchu-rodzin-nazaretanskich\/#article","isPartOf":{"@id":"http:\/\/www.lichen.pl\/it\/rekolekcje-ruchu-rodzin-nazaretanskich\/"},"author":{"name":"ROBERT ADAMCZYK","@id":"https:\/\/www.lichen.pl\/fr\/#\/schema\/person\/c06cd926b95870cc59f18d6ee6e33da5"},"headline":"Rekolekcje Ruchu Rodzin Nazareta\u0144skich","datePublished":"2019-01-17T22:55:34+00:00","dateModified":"2021-06-18T08:05:54+00:00","mainEntityOfPage":{"@id":"http:\/\/www.lichen.pl\/it\/rekolekcje-ruchu-rodzin-nazaretanskich\/"},"wordCount":432,"commentCount":0,"image":{"@id":"http:\/\/www.lichen.pl\/it\/rekolekcje-ruchu-rodzin-nazaretanskich\/#primaryimage"},"thumbnailUrl":"https:\/\/www.lichen.pl\/wp-content\/uploads\/2021\/06\/IMG_0168-scaled.jpg","articleSection":["Aktualno\u015bci"],"inLanguage":"es","potentialAction":[{"@type":"CommentAction","name":"Comment","target":["http:\/\/www.lichen.pl\/it\/rekolekcje-ruchu-rodzin-nazaretanskich\/#respond"]}]},{"@type":"WebPage","@id":"http:\/\/www.lichen.pl\/it\/rekolekcje-ruchu-rodzin-nazaretanskich\/","url":"http:\/\/www.lichen.pl\/it\/rekolekcje-ruchu-rodzin-nazaretanskich\/","name":"Rekolekcje Ruchu Rodzin Nazareta\u0144skich - SANKTUARIUM W LICHENIU","isPartOf":{"@id":"https:\/\/www.lichen.pl\/fr\/#website"},"primaryImageOfPage":{"@id":"http:\/\/www.lichen.pl\/it\/rekolekcje-ruchu-rodzin-nazaretanskich\/#primaryimage"},"image":{"@id":"http:\/\/www.lichen.pl\/it\/rekolekcje-ruchu-rodzin-nazaretanskich\/#primaryimage"},"thumbnailUrl":"https:\/\/www.lichen.pl\/wp-content\/uploads\/2021\/06\/IMG_0168-scaled.jpg","datePublished":"2019-01-17T22:55:34+00:00","dateModified":"2021-06-18T08:05:54+00:00","author":{"@id":"https:\/\/www.lichen.pl\/fr\/#\/schema\/person\/c06cd926b95870cc59f18d6ee6e33da5"},"breadcrumb":{"@id":"http:\/\/www.lichen.pl\/it\/rekolekcje-ruchu-rodzin-nazaretanskich\/#breadcrumb"},"inLanguage":"es","potentialAction":[{"@type":"ReadAction","target":["http:\/\/www.lichen.pl\/it\/rekolekcje-ruchu-rodzin-nazaretanskich\/"]}]},{"@type":"ImageObject","inLanguage":"es","@id":"http:\/\/www.lichen.pl\/it\/rekolekcje-ruchu-rodzin-nazaretanskich\/#primaryimage","url":"https:\/\/www.lichen.pl\/wp-content\/uploads\/2021\/06\/IMG_0168-scaled.jpg","contentUrl":"https:\/\/www.lichen.pl\/wp-content\/uploads\/2021\/06\/IMG_0168-scaled.jpg","width":1920,"height":1280},{"@type":"BreadcrumbList","@id":"http:\/\/www.lichen.pl\/it\/rekolekcje-ruchu-rodzin-nazaretanskich\/#breadcrumb","itemListElement":[{"@type":"ListItem","position":1,"name":"Strona g\u0142\u00f3wna","item":"https:\/\/www.lichen.pl\/"},{"@type":"ListItem","position":2,"name":"Rekolekcje Ruchu Rodzin Nazareta\u0144skich"}]},{"@type":"WebSite","@id":"https:\/\/www.lichen.pl\/fr\/#website","url":"https:\/\/www.lichen.pl\/fr\/","name":"SANTUARIO EN LICHENIA","description":"LA DOLOROSA REINA DE POLONIA DE NUESTRO LICHEN","potentialAction":[{"@type":"SearchAction","target":{"@type":"EntryPoint","urlTemplate":"https:\/\/www.lichen.pl\/fr\/?s={search_term_string}"},"query-input":{"@type":"PropertyValueSpecification","valueRequired":true,"valueName":"search_term_string"}}],"inLanguage":"es"},{"@type":"Person","@id":"https:\/\/www.lichen.pl\/fr\/#\/schema\/person\/c06cd926b95870cc59f18d6ee6e33da5","name":"ROBERT ADAMCZYK","image":{"@type":"ImageObject","inLanguage":"es","@id":"https:\/\/secure.gravatar.com\/avatar\/53c330430596e73552f4c356c2e47c209ff8f6352a5106011c9b6abcce5e00df?s=96&d=retro&r=g","url":"https:\/\/secure.gravatar.com\/avatar\/53c330430596e73552f4c356c2e47c209ff8f6352a5106011c9b6abcce5e00df?s=96&d=retro&r=g","contentUrl":"https:\/\/secure.gravatar.com\/avatar\/53c330430596e73552f4c356c2e47c209ff8f6352a5106011c9b6abcce5e00df?s=96&d=retro&r=g","caption":"ROBERT ADAMCZYK"},"url":"https:\/\/www.lichen.pl\/es\/author\/press\/"}]}},"_links":{"self":[{"href":"https:\/\/www.lichen.pl\/es\/wp-json\/wp\/v2\/posts\/14341","targetHints":{"allow":["GET"]}}],"collection":[{"href":"https:\/\/www.lichen.pl\/es\/wp-json\/wp\/v2\/posts"}],"about":[{"href":"https:\/\/www.lichen.pl\/es\/wp-json\/wp\/v2\/types\/post"}],"author":[{"embeddable":true,"href":"https:\/\/www.lichen.pl\/es\/wp-json\/wp\/v2\/users\/4"}],"replies":[{"embeddable":true,"href":"https:\/\/www.lichen.pl\/es\/wp-json\/wp\/v2\/comments?post=14341"}],"version-history":[{"count":5,"href":"https:\/\/www.lichen.pl\/es\/wp-json\/wp\/v2\/posts\/14341\/revisions"}],"predecessor-version":[{"id":14352,"href":"https:\/\/www.lichen.pl\/es\/wp-json\/wp\/v2\/posts\/14341\/revisions\/14352"}],"wp:featuredmedia":[{"embeddable":true,"href":"https:\/\/www.lichen.pl\/es\/wp-json\/wp\/v2\/media\/14342"}],"wp:attachment":[{"href":"https:\/\/www.lichen.pl\/es\/wp-json\/wp\/v2\/media?parent=14341"}],"wp:term":[{"taxonomy":"category","embeddable":true,"href":"https:\/\/www.lichen.pl\/es\/wp-json\/wp\/v2\/categories?post=14341"},{"taxonomy":"post_tag","embeddable":true,"href":"https:\/\/www.lichen.pl\/es\/wp-json\/wp\/v2\/tags?post=14341"}],"curies":[{"name":"wp","href":"https:\/\/api.w.org\/{rel}","templated":true}]}}