{"id":14507,"date":"2019-02-15T12:31:23","date_gmt":"2019-02-15T12:31:23","guid":{"rendered":"http:\/\/www.lichen.pl\/?p=14507"},"modified":"2021-06-18T12:52:05","modified_gmt":"2021-06-18T12:52:05","slug":"rekolekcje-przygotowujace-do-zawarcia-sakramentu-malzenstwa","status":"publish","type":"post","link":"https:\/\/www.lichen.pl\/es\/rekolekcje-przygotowujace-do-zawarcia-sakramentu-malzenstwa\/","title":{"rendered":"Finaliz\u00f3 el retiro en Liche\u0144 de preparaci\u00f3n para concluir el sacramento del matrimonio"},"content":{"rendered":"<div data-elementor-type=\"wp-post\" data-elementor-id=\"14507\" class=\"elementor elementor-14507\" data-elementor-post-type=\"post\">\n\t\t\t\t\t\t<section class=\"elementor-section elementor-top-section elementor-element elementor-element-c2788e8 elementor-section-boxed elementor-section-height-default elementor-section-height-default\" data-id=\"c2788e8\" data-element_type=\"section\" data-e-type=\"section\">\n\t\t\t\t\t\t<div class=\"elementor-container elementor-column-gap-default\">\n\t\t\t\t\t<div class=\"elementor-column elementor-col-100 elementor-top-column elementor-element elementor-element-3ae561a\" data-id=\"3ae561a\" data-element_type=\"column\" data-e-type=\"column\">\n\t\t\t<div class=\"elementor-widget-wrap elementor-element-populated\">\n\t\t\t\t\t\t<div class=\"elementor-element elementor-element-8d2c26e elementor-widget elementor-widget-heading\" data-id=\"8d2c26e\" data-element_type=\"widget\" data-e-type=\"widget\" data-widget_type=\"heading.default\">\n\t\t\t\t<div class=\"elementor-widget-container\">\n\t\t\t\t\t<h2 class=\"elementor-heading-title elementor-size-default\">Los novios, que tienen la intenci\u00f3n de casarse este a\u00f1o, participan en el Santuario Mariano de Liche\u0144 Stary en un retiro titulado &quot;Construimos el amor sobre la verdad&quot; (del 14 al 17 de febrero). <\/h2>\t\t\t\t<\/div>\n\t\t\t\t<\/div>\n\t\t\t\t<section class=\"elementor-section elementor-inner-section elementor-element elementor-element-3c47691 elementor-section-boxed elementor-section-height-default elementor-section-height-default\" data-id=\"3c47691\" data-element_type=\"section\" data-e-type=\"section\">\n\t\t\t\t\t\t<div class=\"elementor-container elementor-column-gap-default\">\n\t\t\t\t\t<div class=\"elementor-column elementor-col-50 elementor-inner-column elementor-element elementor-element-53512bc\" data-id=\"53512bc\" data-element_type=\"column\" data-e-type=\"column\">\n\t\t\t<div class=\"elementor-widget-wrap elementor-element-populated\">\n\t\t\t\t\t\t<div class=\"elementor-element elementor-element-491594e elementor-widget elementor-widget-image\" data-id=\"491594e\" data-element_type=\"widget\" data-e-type=\"widget\" data-widget_type=\"image.default\">\n\t\t\t\t<div class=\"elementor-widget-container\">\n\t\t\t\t\t\t\t\t\t\t\t\t<figure class=\"wp-caption\">\n\t\t\t\t\t\t\t\t\t\t<img fetchpriority=\"high\" decoding=\"async\" width=\"768\" height=\"512\" src=\"https:\/\/www.lichen.pl\/wp-content\/uploads\/2021\/06\/IMG_9099-768x512.jpg\" class=\"attachment-medium_large size-medium_large wp-image-14508\" alt=\"\" srcset=\"https:\/\/www.lichen.pl\/wp-content\/uploads\/2021\/06\/IMG_9099-768x512.jpg 768w, https:\/\/www.lichen.pl\/wp-content\/uploads\/2021\/06\/IMG_9099-800x533.jpg 800w, https:\/\/www.lichen.pl\/wp-content\/uploads\/2021\/06\/IMG_9099-300x200.jpg 300w, https:\/\/www.lichen.pl\/wp-content\/uploads\/2021\/06\/IMG_9099-1024x683.jpg 1024w, https:\/\/www.lichen.pl\/wp-content\/uploads\/2021\/06\/IMG_9099.jpg 1152w\" sizes=\"(max-width: 768px) 100vw, 768px\" \/>\t\t\t\t\t\t\t\t\t\t\t<figcaption class=\"widget-image-caption wp-caption-text\">La prometida Ewelina y Arkadiusz durante su entrenamiento de retiro<\/figcaption>\n\t\t\t\t\t\t\t\t\t\t<\/figure>\n\t\t\t\t\t\t\t\t\t<\/div>\n\t\t\t\t<\/div>\n\t\t\t\t\t<\/div>\n\t\t<\/div>\n\t\t\t\t<div class=\"elementor-column elementor-col-50 elementor-inner-column elementor-element elementor-element-6f228a0\" data-id=\"6f228a0\" data-element_type=\"column\" data-e-type=\"column\">\n\t\t\t<div class=\"elementor-widget-wrap elementor-element-populated\">\n\t\t\t\t\t\t<div class=\"elementor-element elementor-element-d5fbd3e elementor-widget elementor-widget-text-editor\" data-id=\"d5fbd3e\" data-element_type=\"widget\" data-e-type=\"widget\" data-widget_type=\"text-editor.default\">\n\t\t\t\t<div class=\"elementor-widget-container\">\n\t\t\t\t\t\t\t\t\t<p>Ewelina de Tuchola y Arkadiusz de Jastrz\u0119bie Zdr\u00f3j se encuentran entre las novias que participan en el curso de fin de semana. Los futuros c\u00f3nyuges se conocieron a trav\u00e9s de Internet hace 16 meses y en mayo de este a\u00f1o. se dir\u00e1n sacramentales <em>s\u00ed<\/em>. -<em>En el pasado, he participado a menudo en retiros porque era para m\u00ed una forma de profundizar mi relaci\u00f3n con Dios. Decidimos participar en este retiro para aprender algo nuevo sobre nosotros mismos que quiz\u00e1s a\u00fan no sepamos. Para m\u00ed personalmente, la forma en que mi prometido ve la fe es importante, porque estamos para construir un matrimonio y me gustar\u00eda que Jes\u00fas sea el fundamento de nuestra relaci\u00f3n. Gracias a esta reuni\u00f3n, estoy convencido de que tom\u00e9 la decisi\u00f3n correcta.<\/em>\u00a0dijo Ewelina.<\/p>\t\t\t\t\t\t\t\t<\/div>\n\t\t\t\t<\/div>\n\t\t\t\t\t<\/div>\n\t\t<\/div>\n\t\t\t\t\t<\/div>\n\t\t<\/section>\n\t\t\t\t<div class=\"elementor-element elementor-element-03a8512 elementor-widget elementor-widget-text-editor\" data-id=\"03a8512\" data-element_type=\"widget\" data-e-type=\"widget\" data-widget_type=\"text-editor.default\">\n\t\t\t\t<div class=\"elementor-widget-container\">\n\t\t\t\t\t\t\t\t\t<p>En opini\u00f3n de la familia Sta\u0144czuk, que dirigi\u00f3 el retiro, esta forma permite la participaci\u00f3n igualitaria de los novios. Adem\u00e1s, pueden centrarse en los temas propuestos y discutirlos durante las clases o durante el tiempo libre, que tambi\u00e9n se proporciona. En opini\u00f3n de los disertantes, no deja de ser significativo que hoy en d\u00eda los j\u00f3venes a menudo salen del pa\u00eds en busca de trabajo, y la forma de retiro de fin de semana permite planificarlos de la manera m\u00e1s conveniente. Esta tesis parece ser confirmada por Ewelina y Arkadiusz, pues el futuro novio se encuentra actualmente trabajando en Noruega. - <em>Al trabajar lejos de casa, no puedo participar en un curso de varias semanas. Cuando venimos a Liche\u0144, podemos desconectarnos de la vida cotidiana y pasar unos d\u00edas juntos. Adem\u00e1s, ahora tenemos la oportunidad y el tiempo para verificar si estamos mirando en la misma direcci\u00f3n y podemos fundamentarnos en nuestra decisi\u00f3n y decisi\u00f3n.<\/em>\u00a0explic\u00f3 Arkadiusz.<\/p><p>Retiro para novias titulado &quot;Construimos el amor sobre la verdad&quot;, organizado en el Santuario Mariano de Liche\u0144 Stary, responde a las exigencias de la Iglesia Cat\u00f3lica en el campo de las catequesis prematrimoniales. Despu\u00e9s de su finalizaci\u00f3n, los novios recibir\u00e1n un documento que ser\u00e1 la base para celebrar un matrimonio sacramental. Adem\u00e1s, los novios de Bystry, Jarocin, K\u0119dzierzyn-Ko\u017ale, Ko\u0142obrzeg, Konin, Pozna\u0144 y Wroc\u0142aw participan en el retiro de Liche\u0144.\u00a0<\/p>\t\t\t\t\t\t\t\t<\/div>\n\t\t\t\t<\/div>\n\t\t\t\t\t<\/div>\n\t\t<\/div>\n\t\t\t\t\t<\/div>\n\t\t<\/section>\n\t\t\t\t<\/div>","protected":false},"excerpt":{"rendered":"<p>Pary narzecze\u0144skie, kt\u00f3re w tym roku zamierzaj\u0105 zawrze\u0107 sakramentalny zwi\u0105zek ma\u0142\u017ce\u0144ski, uczestnicz\u0105 w Sanktuarium Maryjnym w Licheniu Starym w rekolekcjach zatytu\u0142owanych \u201eBudujemy mi\u0142o\u015b\u0107 na prawdzie\u201d (14-17.02). Narzeczeni Ewelina i Arkadiusz w trakcie nauk rekolekcyjnych W\u015br\u00f3d narzeczonych, kt\u00f3rzy bior\u0105 udzia\u0142 w weekendowym kursie, s\u0105 Ewelina z Tucholi oraz Arkadiusz z Jastrz\u0119bia Zdroju. Przyszli ma\u0142\u017conkowie poznali si\u0119 [&hellip;]<\/p>\n","protected":false},"author":4,"featured_media":14508,"comment_status":"open","ping_status":"open","sticky":false,"template":"","format":"standard","meta":{"footnotes":""},"categories":[1],"tags":[],"class_list":["post-14507","post","type-post","status-publish","format-standard","has-post-thumbnail","hentry","category-aktualnosci","wpbf-post"],"yoast_head":"<!-- This site is optimized with the Yoast SEO plugin v27.4 - https:\/\/yoast.com\/product\/yoast-seo-wordpress\/ -->\n<title>W Licheniu zako\u0144czy\u0142y si\u0119 rekolekcje przygotowuj\u0105ce do zawarcia sakramentu ma\u0142\u017ce\u0144stwa - SANKTUARIUM W LICHENIU<\/title>\n<meta name=\"robots\" content=\"index, follow, max-snippet:-1, max-image-preview:large, max-video-preview:-1\" \/>\n<link rel=\"canonical\" href=\"http:\/\/www.lichen.pl\/es\/rekolekcje-przygotowujace-do-zawarcia-sakramentu-malzenstwa\/\" \/>\n<meta property=\"og:locale\" content=\"es_ES\" \/>\n<meta property=\"og:type\" content=\"article\" \/>\n<meta property=\"og:title\" content=\"W Licheniu zako\u0144czy\u0142y si\u0119 rekolekcje przygotowuj\u0105ce do zawarcia sakramentu ma\u0142\u017ce\u0144stwa - SANKTUARIUM W LICHENIU\" \/>\n<meta property=\"og:description\" content=\"Pary narzecze\u0144skie, kt\u00f3re w tym roku zamierzaj\u0105 zawrze\u0107 sakramentalny zwi\u0105zek ma\u0142\u017ce\u0144ski, uczestnicz\u0105 w Sanktuarium Maryjnym w Licheniu Starym w rekolekcjach zatytu\u0142owanych \u201eBudujemy mi\u0142o\u015b\u0107 na prawdzie\u201d (14-17.02). Narzeczeni Ewelina i Arkadiusz w trakcie nauk rekolekcyjnych W\u015br\u00f3d narzeczonych, kt\u00f3rzy bior\u0105 udzia\u0142 w weekendowym kursie, s\u0105 Ewelina z Tucholi oraz Arkadiusz z Jastrz\u0119bia Zdroju. Przyszli ma\u0142\u017conkowie poznali si\u0119 [&hellip;]\" \/>\n<meta property=\"og:url\" content=\"http:\/\/www.lichen.pl\/es\/rekolekcje-przygotowujace-do-zawarcia-sakramentu-malzenstwa\/\" \/>\n<meta property=\"og:site_name\" content=\"SANKTUARIUM W LICHENIU\" \/>\n<meta property=\"article:published_time\" content=\"2019-02-15T12:31:23+00:00\" \/>\n<meta property=\"article:modified_time\" content=\"2021-06-18T12:52:05+00:00\" \/>\n<meta property=\"og:image\" content=\"http:\/\/www.lichen.pl\/wp-content\/uploads\/2021\/06\/IMG_9099.jpg\" \/>\n\t<meta property=\"og:image:width\" content=\"1152\" \/>\n\t<meta property=\"og:image:height\" content=\"768\" \/>\n\t<meta property=\"og:image:type\" content=\"image\/jpeg\" \/>\n<meta name=\"author\" content=\"ROBERT ADAMCZYK\" \/>\n<meta name=\"twitter:card\" content=\"summary_large_image\" \/>\n<meta name=\"twitter:label1\" content=\"Escrito por\" \/>\n\t<meta name=\"twitter:data1\" content=\"ROBERT ADAMCZYK\" \/>\n\t<meta name=\"twitter:label2\" content=\"Tiempo de lectura\" \/>\n\t<meta name=\"twitter:data2\" content=\"2 minutos\" \/>\n<script type=\"application\/ld+json\" class=\"yoast-schema-graph\">{\"@context\":\"https:\\\/\\\/schema.org\",\"@graph\":[{\"@type\":\"Article\",\"@id\":\"http:\\\/\\\/www.lichen.pl\\\/es\\\/rekolekcje-przygotowujace-do-zawarcia-sakramentu-malzenstwa\\\/#article\",\"isPartOf\":{\"@id\":\"http:\\\/\\\/www.lichen.pl\\\/es\\\/rekolekcje-przygotowujace-do-zawarcia-sakramentu-malzenstwa\\\/\"},\"author\":{\"name\":\"ROBERT ADAMCZYK\",\"@id\":\"https:\\\/\\\/www.lichen.pl\\\/fr\\\/#\\\/schema\\\/person\\\/c06cd926b95870cc59f18d6ee6e33da5\"},\"headline\":\"W Licheniu zako\u0144czy\u0142y si\u0119 rekolekcje przygotowuj\u0105ce do zawarcia sakramentu ma\u0142\u017ce\u0144stwa\",\"datePublished\":\"2019-02-15T12:31:23+00:00\",\"dateModified\":\"2021-06-18T12:52:05+00:00\",\"mainEntityOfPage\":{\"@id\":\"http:\\\/\\\/www.lichen.pl\\\/es\\\/rekolekcje-przygotowujace-do-zawarcia-sakramentu-malzenstwa\\\/\"},\"wordCount\":423,\"commentCount\":0,\"image\":{\"@id\":\"http:\\\/\\\/www.lichen.pl\\\/es\\\/rekolekcje-przygotowujace-do-zawarcia-sakramentu-malzenstwa\\\/#primaryimage\"},\"thumbnailUrl\":\"https:\\\/\\\/www.lichen.pl\\\/wp-content\\\/uploads\\\/2021\\\/06\\\/IMG_9099.jpg\",\"articleSection\":[\"Aktualno\u015bci\"],\"inLanguage\":\"es\",\"potentialAction\":[{\"@type\":\"CommentAction\",\"name\":\"Comment\",\"target\":[\"http:\\\/\\\/www.lichen.pl\\\/es\\\/rekolekcje-przygotowujace-do-zawarcia-sakramentu-malzenstwa\\\/#respond\"]}]},{\"@type\":\"WebPage\",\"@id\":\"http:\\\/\\\/www.lichen.pl\\\/es\\\/rekolekcje-przygotowujace-do-zawarcia-sakramentu-malzenstwa\\\/\",\"url\":\"http:\\\/\\\/www.lichen.pl\\\/es\\\/rekolekcje-przygotowujace-do-zawarcia-sakramentu-malzenstwa\\\/\",\"name\":\"W Licheniu zako\u0144czy\u0142y si\u0119 rekolekcje przygotowuj\u0105ce do zawarcia sakramentu ma\u0142\u017ce\u0144stwa - SANKTUARIUM W LICHENIU\",\"isPartOf\":{\"@id\":\"https:\\\/\\\/www.lichen.pl\\\/fr\\\/#website\"},\"primaryImageOfPage\":{\"@id\":\"http:\\\/\\\/www.lichen.pl\\\/es\\\/rekolekcje-przygotowujace-do-zawarcia-sakramentu-malzenstwa\\\/#primaryimage\"},\"image\":{\"@id\":\"http:\\\/\\\/www.lichen.pl\\\/es\\\/rekolekcje-przygotowujace-do-zawarcia-sakramentu-malzenstwa\\\/#primaryimage\"},\"thumbnailUrl\":\"https:\\\/\\\/www.lichen.pl\\\/wp-content\\\/uploads\\\/2021\\\/06\\\/IMG_9099.jpg\",\"datePublished\":\"2019-02-15T12:31:23+00:00\",\"dateModified\":\"2021-06-18T12:52:05+00:00\",\"author\":{\"@id\":\"https:\\\/\\\/www.lichen.pl\\\/fr\\\/#\\\/schema\\\/person\\\/c06cd926b95870cc59f18d6ee6e33da5\"},\"breadcrumb\":{\"@id\":\"http:\\\/\\\/www.lichen.pl\\\/es\\\/rekolekcje-przygotowujace-do-zawarcia-sakramentu-malzenstwa\\\/#breadcrumb\"},\"inLanguage\":\"es\",\"potentialAction\":[{\"@type\":\"ReadAction\",\"target\":[\"http:\\\/\\\/www.lichen.pl\\\/es\\\/rekolekcje-przygotowujace-do-zawarcia-sakramentu-malzenstwa\\\/\"]}]},{\"@type\":\"ImageObject\",\"inLanguage\":\"es\",\"@id\":\"http:\\\/\\\/www.lichen.pl\\\/es\\\/rekolekcje-przygotowujace-do-zawarcia-sakramentu-malzenstwa\\\/#primaryimage\",\"url\":\"https:\\\/\\\/www.lichen.pl\\\/wp-content\\\/uploads\\\/2021\\\/06\\\/IMG_9099.jpg\",\"contentUrl\":\"https:\\\/\\\/www.lichen.pl\\\/wp-content\\\/uploads\\\/2021\\\/06\\\/IMG_9099.jpg\",\"width\":1152,\"height\":768},{\"@type\":\"BreadcrumbList\",\"@id\":\"http:\\\/\\\/www.lichen.pl\\\/es\\\/rekolekcje-przygotowujace-do-zawarcia-sakramentu-malzenstwa\\\/#breadcrumb\",\"itemListElement\":[{\"@type\":\"ListItem\",\"position\":1,\"name\":\"Strona g\u0142\u00f3wna\",\"item\":\"https:\\\/\\\/www.lichen.pl\\\/\"},{\"@type\":\"ListItem\",\"position\":2,\"name\":\"W Licheniu zako\u0144czy\u0142y si\u0119 rekolekcje przygotowuj\u0105ce do zawarcia sakramentu ma\u0142\u017ce\u0144stwa\"}]},{\"@type\":\"WebSite\",\"@id\":\"https:\\\/\\\/www.lichen.pl\\\/fr\\\/#website\",\"url\":\"https:\\\/\\\/www.lichen.pl\\\/fr\\\/\",\"name\":\"SANKTUARIUM W LICHENIU\",\"description\":\"MATKI BO\u017bEJ LICHE\u0143SKIEJ BOLESNEJ KR\u00d3LOWEJ POLSKI\",\"potentialAction\":[{\"@type\":\"SearchAction\",\"target\":{\"@type\":\"EntryPoint\",\"urlTemplate\":\"https:\\\/\\\/www.lichen.pl\\\/fr\\\/?s={search_term_string}\"},\"query-input\":{\"@type\":\"PropertyValueSpecification\",\"valueRequired\":true,\"valueName\":\"search_term_string\"}}],\"inLanguage\":\"es\"},{\"@type\":\"Person\",\"@id\":\"https:\\\/\\\/www.lichen.pl\\\/fr\\\/#\\\/schema\\\/person\\\/c06cd926b95870cc59f18d6ee6e33da5\",\"name\":\"ROBERT ADAMCZYK\",\"image\":{\"@type\":\"ImageObject\",\"inLanguage\":\"es\",\"@id\":\"https:\\\/\\\/secure.gravatar.com\\\/avatar\\\/53c330430596e73552f4c356c2e47c209ff8f6352a5106011c9b6abcce5e00df?s=96&d=retro&r=g\",\"url\":\"https:\\\/\\\/secure.gravatar.com\\\/avatar\\\/53c330430596e73552f4c356c2e47c209ff8f6352a5106011c9b6abcce5e00df?s=96&d=retro&r=g\",\"contentUrl\":\"https:\\\/\\\/secure.gravatar.com\\\/avatar\\\/53c330430596e73552f4c356c2e47c209ff8f6352a5106011c9b6abcce5e00df?s=96&d=retro&r=g\",\"caption\":\"ROBERT ADAMCZYK\"},\"url\":\"https:\\\/\\\/www.lichen.pl\\\/es\\\/author\\\/press\\\/\"}]}<\/script>\n<!-- \/ Yoast SEO plugin. -->","yoast_head_json":{"title":"W Licheniu zako\u0144czy\u0142y si\u0119 rekolekcje przygotowuj\u0105ce do zawarcia sakramentu ma\u0142\u017ce\u0144stwa - SANKTUARIUM W LICHENIU","robots":{"index":"index","follow":"follow","max-snippet":"max-snippet:-1","max-image-preview":"max-image-preview:large","max-video-preview":"max-video-preview:-1"},"canonical":"http:\/\/www.lichen.pl\/es\/rekolekcje-przygotowujace-do-zawarcia-sakramentu-malzenstwa\/","og_locale":"es_ES","og_type":"article","og_title":"W Licheniu zako\u0144czy\u0142y si\u0119 rekolekcje przygotowuj\u0105ce do zawarcia sakramentu ma\u0142\u017ce\u0144stwa - SANKTUARIUM W LICHENIU","og_description":"Pary narzecze\u0144skie, kt\u00f3re w tym roku zamierzaj\u0105 zawrze\u0107 sakramentalny zwi\u0105zek ma\u0142\u017ce\u0144ski, uczestnicz\u0105 w Sanktuarium Maryjnym w Licheniu Starym w rekolekcjach zatytu\u0142owanych \u201eBudujemy mi\u0142o\u015b\u0107 na prawdzie\u201d (14-17.02). Narzeczeni Ewelina i Arkadiusz w trakcie nauk rekolekcyjnych W\u015br\u00f3d narzeczonych, kt\u00f3rzy bior\u0105 udzia\u0142 w weekendowym kursie, s\u0105 Ewelina z Tucholi oraz Arkadiusz z Jastrz\u0119bia Zdroju. Przyszli ma\u0142\u017conkowie poznali si\u0119 [&hellip;]","og_url":"http:\/\/www.lichen.pl\/es\/rekolekcje-przygotowujace-do-zawarcia-sakramentu-malzenstwa\/","og_site_name":"SANKTUARIUM W LICHENIU","article_published_time":"2019-02-15T12:31:23+00:00","article_modified_time":"2021-06-18T12:52:05+00:00","og_image":[{"width":1152,"height":768,"url":"http:\/\/www.lichen.pl\/wp-content\/uploads\/2021\/06\/IMG_9099.jpg","type":"image\/jpeg"}],"author":"ROBERT ADAMCZYK","twitter_card":"summary_large_image","twitter_misc":{"Escrito por":"ROBERT ADAMCZYK","Tiempo de lectura":"2 minutos"},"schema":{"@context":"https:\/\/schema.org","@graph":[{"@type":"Article","@id":"http:\/\/www.lichen.pl\/es\/rekolekcje-przygotowujace-do-zawarcia-sakramentu-malzenstwa\/#article","isPartOf":{"@id":"http:\/\/www.lichen.pl\/es\/rekolekcje-przygotowujace-do-zawarcia-sakramentu-malzenstwa\/"},"author":{"name":"ROBERT ADAMCZYK","@id":"https:\/\/www.lichen.pl\/fr\/#\/schema\/person\/c06cd926b95870cc59f18d6ee6e33da5"},"headline":"W Licheniu zako\u0144czy\u0142y si\u0119 rekolekcje przygotowuj\u0105ce do zawarcia sakramentu ma\u0142\u017ce\u0144stwa","datePublished":"2019-02-15T12:31:23+00:00","dateModified":"2021-06-18T12:52:05+00:00","mainEntityOfPage":{"@id":"http:\/\/www.lichen.pl\/es\/rekolekcje-przygotowujace-do-zawarcia-sakramentu-malzenstwa\/"},"wordCount":423,"commentCount":0,"image":{"@id":"http:\/\/www.lichen.pl\/es\/rekolekcje-przygotowujace-do-zawarcia-sakramentu-malzenstwa\/#primaryimage"},"thumbnailUrl":"https:\/\/www.lichen.pl\/wp-content\/uploads\/2021\/06\/IMG_9099.jpg","articleSection":["Aktualno\u015bci"],"inLanguage":"es","potentialAction":[{"@type":"CommentAction","name":"Comment","target":["http:\/\/www.lichen.pl\/es\/rekolekcje-przygotowujace-do-zawarcia-sakramentu-malzenstwa\/#respond"]}]},{"@type":"WebPage","@id":"http:\/\/www.lichen.pl\/es\/rekolekcje-przygotowujace-do-zawarcia-sakramentu-malzenstwa\/","url":"http:\/\/www.lichen.pl\/es\/rekolekcje-przygotowujace-do-zawarcia-sakramentu-malzenstwa\/","name":"W Licheniu zako\u0144czy\u0142y si\u0119 rekolekcje przygotowuj\u0105ce do zawarcia sakramentu ma\u0142\u017ce\u0144stwa - SANKTUARIUM W LICHENIU","isPartOf":{"@id":"https:\/\/www.lichen.pl\/fr\/#website"},"primaryImageOfPage":{"@id":"http:\/\/www.lichen.pl\/es\/rekolekcje-przygotowujace-do-zawarcia-sakramentu-malzenstwa\/#primaryimage"},"image":{"@id":"http:\/\/www.lichen.pl\/es\/rekolekcje-przygotowujace-do-zawarcia-sakramentu-malzenstwa\/#primaryimage"},"thumbnailUrl":"https:\/\/www.lichen.pl\/wp-content\/uploads\/2021\/06\/IMG_9099.jpg","datePublished":"2019-02-15T12:31:23+00:00","dateModified":"2021-06-18T12:52:05+00:00","author":{"@id":"https:\/\/www.lichen.pl\/fr\/#\/schema\/person\/c06cd926b95870cc59f18d6ee6e33da5"},"breadcrumb":{"@id":"http:\/\/www.lichen.pl\/es\/rekolekcje-przygotowujace-do-zawarcia-sakramentu-malzenstwa\/#breadcrumb"},"inLanguage":"es","potentialAction":[{"@type":"ReadAction","target":["http:\/\/www.lichen.pl\/es\/rekolekcje-przygotowujace-do-zawarcia-sakramentu-malzenstwa\/"]}]},{"@type":"ImageObject","inLanguage":"es","@id":"http:\/\/www.lichen.pl\/es\/rekolekcje-przygotowujace-do-zawarcia-sakramentu-malzenstwa\/#primaryimage","url":"https:\/\/www.lichen.pl\/wp-content\/uploads\/2021\/06\/IMG_9099.jpg","contentUrl":"https:\/\/www.lichen.pl\/wp-content\/uploads\/2021\/06\/IMG_9099.jpg","width":1152,"height":768},{"@type":"BreadcrumbList","@id":"http:\/\/www.lichen.pl\/es\/rekolekcje-przygotowujace-do-zawarcia-sakramentu-malzenstwa\/#breadcrumb","itemListElement":[{"@type":"ListItem","position":1,"name":"Strona g\u0142\u00f3wna","item":"https:\/\/www.lichen.pl\/"},{"@type":"ListItem","position":2,"name":"W Licheniu zako\u0144czy\u0142y si\u0119 rekolekcje przygotowuj\u0105ce do zawarcia sakramentu ma\u0142\u017ce\u0144stwa"}]},{"@type":"WebSite","@id":"https:\/\/www.lichen.pl\/fr\/#website","url":"https:\/\/www.lichen.pl\/fr\/","name":"SANTUARIO EN LICHENIA","description":"LA DOLOROSA REINA DE POLONIA DE NUESTRO LICHEN","potentialAction":[{"@type":"SearchAction","target":{"@type":"EntryPoint","urlTemplate":"https:\/\/www.lichen.pl\/fr\/?s={search_term_string}"},"query-input":{"@type":"PropertyValueSpecification","valueRequired":true,"valueName":"search_term_string"}}],"inLanguage":"es"},{"@type":"Person","@id":"https:\/\/www.lichen.pl\/fr\/#\/schema\/person\/c06cd926b95870cc59f18d6ee6e33da5","name":"ROBERT ADAMCZYK","image":{"@type":"ImageObject","inLanguage":"es","@id":"https:\/\/secure.gravatar.com\/avatar\/53c330430596e73552f4c356c2e47c209ff8f6352a5106011c9b6abcce5e00df?s=96&d=retro&r=g","url":"https:\/\/secure.gravatar.com\/avatar\/53c330430596e73552f4c356c2e47c209ff8f6352a5106011c9b6abcce5e00df?s=96&d=retro&r=g","contentUrl":"https:\/\/secure.gravatar.com\/avatar\/53c330430596e73552f4c356c2e47c209ff8f6352a5106011c9b6abcce5e00df?s=96&d=retro&r=g","caption":"ROBERT ADAMCZYK"},"url":"https:\/\/www.lichen.pl\/es\/author\/press\/"}]}},"_links":{"self":[{"href":"https:\/\/www.lichen.pl\/es\/wp-json\/wp\/v2\/posts\/14507","targetHints":{"allow":["GET"]}}],"collection":[{"href":"https:\/\/www.lichen.pl\/es\/wp-json\/wp\/v2\/posts"}],"about":[{"href":"https:\/\/www.lichen.pl\/es\/wp-json\/wp\/v2\/types\/post"}],"author":[{"embeddable":true,"href":"https:\/\/www.lichen.pl\/es\/wp-json\/wp\/v2\/users\/4"}],"replies":[{"embeddable":true,"href":"https:\/\/www.lichen.pl\/es\/wp-json\/wp\/v2\/comments?post=14507"}],"version-history":[{"count":5,"href":"https:\/\/www.lichen.pl\/es\/wp-json\/wp\/v2\/posts\/14507\/revisions"}],"predecessor-version":[{"id":14535,"href":"https:\/\/www.lichen.pl\/es\/wp-json\/wp\/v2\/posts\/14507\/revisions\/14535"}],"wp:featuredmedia":[{"embeddable":true,"href":"https:\/\/www.lichen.pl\/es\/wp-json\/wp\/v2\/media\/14508"}],"wp:attachment":[{"href":"https:\/\/www.lichen.pl\/es\/wp-json\/wp\/v2\/media?parent=14507"}],"wp:term":[{"taxonomy":"category","embeddable":true,"href":"https:\/\/www.lichen.pl\/es\/wp-json\/wp\/v2\/categories?post=14507"},{"taxonomy":"post_tag","embeddable":true,"href":"https:\/\/www.lichen.pl\/es\/wp-json\/wp\/v2\/tags?post=14507"}],"curies":[{"name":"wp","href":"https:\/\/api.w.org\/{rel}","templated":true}]}}