{"id":15136,"date":"2019-03-06T11:33:50","date_gmt":"2019-03-06T11:33:50","guid":{"rendered":"http:\/\/www.lichen.pl\/?p=15136"},"modified":"2021-06-29T14:30:38","modified_gmt":"2021-06-29T14:30:38","slug":"sroda-popielcowa-2","status":"publish","type":"post","link":"https:\/\/www.lichen.pl\/es\/sroda-popielcowa-2\/","title":{"rendered":"6 de marzo de 2019 - Mi\u00e9rcoles de Ceniza. Santas misas con el rociado de ceniza bendita sobre sus cabezas."},"content":{"rendered":"<div data-elementor-type=\"wp-post\" data-elementor-id=\"15136\" class=\"elementor elementor-15136\" data-elementor-post-type=\"post\">\n\t\t\t\t\t\t<section class=\"elementor-section elementor-top-section elementor-element elementor-element-1592520 elementor-section-boxed elementor-section-height-default elementor-section-height-default\" data-id=\"1592520\" data-element_type=\"section\" data-e-type=\"section\">\n\t\t\t\t\t\t<div class=\"elementor-container elementor-column-gap-default\">\n\t\t\t\t\t<div class=\"elementor-column elementor-col-100 elementor-top-column elementor-element elementor-element-d69af92\" data-id=\"d69af92\" data-element_type=\"column\" data-e-type=\"column\">\n\t\t\t<div class=\"elementor-widget-wrap elementor-element-populated\">\n\t\t\t\t\t\t<div class=\"elementor-element elementor-element-9468cca elementor-widget elementor-widget-heading\" data-id=\"9468cca\" data-element_type=\"widget\" data-e-type=\"widget\" data-widget_type=\"heading.default\">\n\t\t\t\t<div class=\"elementor-widget-container\">\n\t\t\t\t\t<h2 class=\"elementor-heading-title elementor-size-default\">Hoy la Iglesia Cat\u00f3lica celebra el Mi\u00e9rcoles de Ceniza. Durante cada misa, los sacerdotes esparcen cenizas sobre la cabeza de los fieles. Es signo de fragilidad de vida y actitud de conversi\u00f3n a Dios. <\/h2>\t\t\t\t<\/div>\n\t\t\t\t<\/div>\n\t\t\t\t<div class=\"elementor-element elementor-element-7fc7207 elementor-widget elementor-widget-text-editor\" data-id=\"7fc7207\" data-element_type=\"widget\" data-e-type=\"widget\" data-widget_type=\"text-editor.default\">\n\t\t\t\t<div class=\"elementor-widget-container\">\n\t\t\t\t\t\t\t\t\t<p>El Mi\u00e9rcoles de Ceniza es el primer d\u00eda de Cuaresma. En este momento, los fieles se est\u00e1n preparando para vivir la Pascua como es debido. El Mi\u00e9rcoles de Ceniza es uno de los dos d\u00edas (excepto el Viernes Santo) cuando los cat\u00f3licos est\u00e1n en ayuno estricto. En este d\u00eda, debe abstenerse de comer carne y la cantidad de comidas se limita a tres: una completa y dos menos.<\/p>\t\t\t\t\t\t\t\t<\/div>\n\t\t\t\t<\/div>\n\t\t\t\t<section class=\"elementor-section elementor-inner-section elementor-element elementor-element-bc8148a elementor-section-boxed elementor-section-height-default elementor-section-height-default\" data-id=\"bc8148a\" data-element_type=\"section\" data-e-type=\"section\">\n\t\t\t\t\t\t<div class=\"elementor-container elementor-column-gap-default\">\n\t\t\t\t\t<div class=\"elementor-column elementor-col-50 elementor-inner-column elementor-element elementor-element-6b7f135\" data-id=\"6b7f135\" data-element_type=\"column\" data-e-type=\"column\">\n\t\t\t<div class=\"elementor-widget-wrap elementor-element-populated\">\n\t\t\t\t\t\t<div class=\"elementor-element elementor-element-ea5a119 elementor-widget elementor-widget-image\" data-id=\"ea5a119\" data-element_type=\"widget\" data-e-type=\"widget\" data-widget_type=\"image.default\">\n\t\t\t\t<div class=\"elementor-widget-container\">\n\t\t\t\t\t\t\t\t\t\t\t\t<figure class=\"wp-caption\">\n\t\t\t\t\t\t\t\t\t\t<img fetchpriority=\"high\" decoding=\"async\" width=\"768\" height=\"451\" src=\"https:\/\/www.lichen.pl\/wp-content\/uploads\/2021\/06\/IMG_0698-e1624977027442-768x451.jpg\" class=\"attachment-medium_large size-medium_large wp-image-15137\" alt=\"\" srcset=\"https:\/\/www.lichen.pl\/wp-content\/uploads\/2021\/06\/IMG_0698-e1624977027442-768x451.jpg 768w, https:\/\/www.lichen.pl\/wp-content\/uploads\/2021\/06\/IMG_0698-e1624977027442-800x469.jpg 800w, https:\/\/www.lichen.pl\/wp-content\/uploads\/2021\/06\/IMG_0698-e1624977027442-300x176.jpg 300w, https:\/\/www.lichen.pl\/wp-content\/uploads\/2021\/06\/IMG_0698-e1624977027442.jpg 917w\" sizes=\"(max-width: 768px) 100vw, 768px\" \/>\t\t\t\t\t\t\t\t\t\t\t<figcaption class=\"widget-image-caption wp-caption-text\">Rito de rociar las cabezas con cenizas<\/figcaption>\n\t\t\t\t\t\t\t\t\t\t<\/figure>\n\t\t\t\t\t\t\t\t\t<\/div>\n\t\t\t\t<\/div>\n\t\t\t\t\t<\/div>\n\t\t<\/div>\n\t\t\t\t<div class=\"elementor-column elementor-col-50 elementor-inner-column elementor-element elementor-element-4f531f3\" data-id=\"4f531f3\" data-element_type=\"column\" data-e-type=\"column\">\n\t\t\t<div class=\"elementor-widget-wrap elementor-element-populated\">\n\t\t\t\t\t\t<div class=\"elementor-element elementor-element-ad8fba1 elementor-widget elementor-widget-text-editor\" data-id=\"ad8fba1\" data-element_type=\"widget\" data-e-type=\"widget\" data-widget_type=\"text-editor.default\">\n\t\t\t\t<div class=\"elementor-widget-container\">\n\t\t\t\t\t\t\t\t\t<p>Durante la santa misa seguido del rito de rociar las cabezas con cenizas. Los fieles se re\u00fanen en la etapa de la comuni\u00f3n, y el sacerdote, rociando sus cabezas sobre sus cabezas, dice las palabras: &quot;<strong>Eres polvo y al polvo volver\u00e1s<\/strong>&quot;O tambi\u00e9n&quot;<strong>Convi\u00e9rtete y cree en el evangelio<\/strong>&quot;.<\/p>\t\t\t\t\t\t\t\t<\/div>\n\t\t\t\t<\/div>\n\t\t\t\t\t<\/div>\n\t\t<\/div>\n\t\t\t\t\t<\/div>\n\t\t<\/section>\n\t\t\t\t<div class=\"elementor-element elementor-element-6063103 elementor-widget elementor-widget-spacer\" data-id=\"6063103\" data-element_type=\"widget\" data-e-type=\"widget\" data-widget_type=\"spacer.default\">\n\t\t\t\t<div class=\"elementor-widget-container\">\n\t\t\t\t\t\t\t<div class=\"elementor-spacer\">\n\t\t\t<div class=\"elementor-spacer-inner\"><\/div>\n\t\t<\/div>\n\t\t\t\t\t\t<\/div>\n\t\t\t\t<\/div>\n\t\t\t\t<div class=\"elementor-element elementor-element-822ab2d elementor-widget elementor-widget-text-editor\" data-id=\"822ab2d\" data-element_type=\"widget\" data-e-type=\"widget\" data-widget_type=\"text-editor.default\">\n\t\t\t\t<div class=\"elementor-widget-container\">\n\t\t\t\t\t\t\t\t\t<p style=\"text-align: center;\">Orden de la Misa. el Mi\u00e9rcoles de Ceniza en Liche\u0144:<\/p><p>Bas\u00edlica - 7.30, 12.00, 18.00<\/p><p>S t. Dorothy - 7.00, 10.30, 17.00<\/p><p>Iglesia en Gr\u0105blin - 7.30<\/p>\t\t\t\t\t\t\t\t<\/div>\n\t\t\t\t<\/div>\n\t\t\t\t<div class=\"elementor-element elementor-element-87673cc elementor-widget-divider--view-line elementor-widget elementor-widget-divider\" data-id=\"87673cc\" data-element_type=\"widget\" data-e-type=\"widget\" data-widget_type=\"divider.default\">\n\t\t\t\t<div class=\"elementor-widget-container\">\n\t\t\t\t\t\t\t<div class=\"elementor-divider\">\n\t\t\t<span class=\"elementor-divider-separator\">\n\t\t\t\t\t\t<\/span>\n\t\t<\/div>\n\t\t\t\t\t\t<\/div>\n\t\t\t\t<\/div>\n\t\t\t\t\t<\/div>\n\t\t<\/div>\n\t\t\t\t\t<\/div>\n\t\t<\/section>\n\t\t\t\t<\/div>","protected":false},"excerpt":{"rendered":"<p>Dzi\u015b Ko\u015bci\u00f3\u0142 katolicki obchodzi \u015arod\u0119 Popielcow\u0105. Podczas ka\u017cdej Mszy \u015bw. ksi\u0119\u017ca posypuj\u0105 g\u0142owy wiernych popio\u0142em. Jest to znak krucho\u015bci \u017cycia oraz postawy nawr\u00f3cenia do Boga \u015aroda Popielcowa jest pierwszym dniem Wielkiego Postu. W tym czasie wierni przygotowuj\u0105 si\u0119 do w\u0142a\u015bciwego prze\u017cycia \u015awi\u0105t Wielkanocnych. \u015aroda Popielcowa jest jednym z dw\u00f3ch dni (poza Wielkim Pi\u0105tkiem) kiedy katolik\u00f3w [&hellip;]<\/p>\n","protected":false},"author":4,"featured_media":15137,"comment_status":"open","ping_status":"open","sticky":false,"template":"","format":"standard","meta":{"footnotes":""},"categories":[1],"tags":[],"class_list":["post-15136","post","type-post","status-publish","format-standard","has-post-thumbnail","hentry","category-aktualnosci","wpbf-post"],"yoast_head":"<!-- This site is optimized with the Yoast SEO plugin v27.4 - https:\/\/yoast.com\/product\/yoast-seo-wordpress\/ -->\n<title>6 marca 2019 - \u015aroda Popielcowa. Msze \u015bw. z posypaniem g\u0142\u00f3w pob\u0142ogos\u0142awionym popio\u0142em. - SANKTUARIUM W LICHENIU<\/title>\n<meta name=\"robots\" content=\"index, follow, max-snippet:-1, max-image-preview:large, max-video-preview:-1\" \/>\n<link rel=\"canonical\" href=\"https:\/\/www.lichen.pl\/es\/sroda-popielcowa-2\/\" \/>\n<meta property=\"og:locale\" content=\"es_ES\" \/>\n<meta property=\"og:type\" content=\"article\" \/>\n<meta property=\"og:title\" content=\"6 marca 2019 - \u015aroda Popielcowa. Msze \u015bw. z posypaniem g\u0142\u00f3w pob\u0142ogos\u0142awionym popio\u0142em. - SANKTUARIUM W LICHENIU\" \/>\n<meta property=\"og:description\" content=\"Dzi\u015b Ko\u015bci\u00f3\u0142 katolicki obchodzi \u015arod\u0119 Popielcow\u0105. Podczas ka\u017cdej Mszy \u015bw. ksi\u0119\u017ca posypuj\u0105 g\u0142owy wiernych popio\u0142em. Jest to znak krucho\u015bci \u017cycia oraz postawy nawr\u00f3cenia do Boga \u015aroda Popielcowa jest pierwszym dniem Wielkiego Postu. W tym czasie wierni przygotowuj\u0105 si\u0119 do w\u0142a\u015bciwego prze\u017cycia \u015awi\u0105t Wielkanocnych. \u015aroda Popielcowa jest jednym z dw\u00f3ch dni (poza Wielkim Pi\u0105tkiem) kiedy katolik\u00f3w [&hellip;]\" \/>\n<meta property=\"og:url\" content=\"https:\/\/www.lichen.pl\/es\/sroda-popielcowa-2\/\" \/>\n<meta property=\"og:site_name\" content=\"SANKTUARIUM W LICHENIU\" \/>\n<meta property=\"article:published_time\" content=\"2019-03-06T11:33:50+00:00\" \/>\n<meta property=\"article:modified_time\" content=\"2021-06-29T14:30:38+00:00\" \/>\n<meta property=\"og:image\" content=\"https:\/\/www.lichen.pl\/wp-content\/uploads\/2021\/06\/IMG_0698-e1624977027442.jpg\" \/>\n\t<meta property=\"og:image:width\" content=\"917\" \/>\n\t<meta property=\"og:image:height\" content=\"538\" \/>\n\t<meta property=\"og:image:type\" content=\"image\/jpeg\" \/>\n<meta name=\"author\" content=\"ROBERT ADAMCZYK\" \/>\n<meta name=\"twitter:card\" content=\"summary_large_image\" \/>\n<meta name=\"twitter:label1\" content=\"Escrito por\" \/>\n\t<meta name=\"twitter:data1\" content=\"ROBERT ADAMCZYK\" \/>\n\t<meta name=\"twitter:label2\" content=\"Tiempo de lectura\" \/>\n\t<meta name=\"twitter:data2\" content=\"1 minuto\" \/>\n<script type=\"application\/ld+json\" class=\"yoast-schema-graph\">{\"@context\":\"https:\\\/\\\/schema.org\",\"@graph\":[{\"@type\":\"Article\",\"@id\":\"https:\\\/\\\/www.lichen.pl\\\/de\\\/sroda-popielcowa-2\\\/#article\",\"isPartOf\":{\"@id\":\"https:\\\/\\\/www.lichen.pl\\\/de\\\/sroda-popielcowa-2\\\/\"},\"author\":{\"name\":\"ROBERT ADAMCZYK\",\"@id\":\"https:\\\/\\\/www.lichen.pl\\\/fr\\\/#\\\/schema\\\/person\\\/c06cd926b95870cc59f18d6ee6e33da5\"},\"headline\":\"6 marca 2019 &#8211; \u015aroda Popielcowa. Msze \u015bw. z posypaniem g\u0142\u00f3w pob\u0142ogos\u0142awionym popio\u0142em.\",\"datePublished\":\"2019-03-06T11:33:50+00:00\",\"dateModified\":\"2021-06-29T14:30:38+00:00\",\"mainEntityOfPage\":{\"@id\":\"https:\\\/\\\/www.lichen.pl\\\/de\\\/sroda-popielcowa-2\\\/\"},\"wordCount\":189,\"commentCount\":0,\"image\":{\"@id\":\"https:\\\/\\\/www.lichen.pl\\\/de\\\/sroda-popielcowa-2\\\/#primaryimage\"},\"thumbnailUrl\":\"https:\\\/\\\/www.lichen.pl\\\/wp-content\\\/uploads\\\/2021\\\/06\\\/IMG_0698-e1624977027442.jpg\",\"articleSection\":[\"Aktualno\u015bci\"],\"inLanguage\":\"es\",\"potentialAction\":[{\"@type\":\"CommentAction\",\"name\":\"Comment\",\"target\":[\"https:\\\/\\\/www.lichen.pl\\\/de\\\/sroda-popielcowa-2\\\/#respond\"]}]},{\"@type\":\"WebPage\",\"@id\":\"https:\\\/\\\/www.lichen.pl\\\/de\\\/sroda-popielcowa-2\\\/\",\"url\":\"https:\\\/\\\/www.lichen.pl\\\/de\\\/sroda-popielcowa-2\\\/\",\"name\":\"6 marca 2019 - \u015aroda Popielcowa. Msze \u015bw. z posypaniem g\u0142\u00f3w pob\u0142ogos\u0142awionym popio\u0142em. - SANKTUARIUM W LICHENIU\",\"isPartOf\":{\"@id\":\"https:\\\/\\\/www.lichen.pl\\\/fr\\\/#website\"},\"primaryImageOfPage\":{\"@id\":\"https:\\\/\\\/www.lichen.pl\\\/de\\\/sroda-popielcowa-2\\\/#primaryimage\"},\"image\":{\"@id\":\"https:\\\/\\\/www.lichen.pl\\\/de\\\/sroda-popielcowa-2\\\/#primaryimage\"},\"thumbnailUrl\":\"https:\\\/\\\/www.lichen.pl\\\/wp-content\\\/uploads\\\/2021\\\/06\\\/IMG_0698-e1624977027442.jpg\",\"datePublished\":\"2019-03-06T11:33:50+00:00\",\"dateModified\":\"2021-06-29T14:30:38+00:00\",\"author\":{\"@id\":\"https:\\\/\\\/www.lichen.pl\\\/fr\\\/#\\\/schema\\\/person\\\/c06cd926b95870cc59f18d6ee6e33da5\"},\"breadcrumb\":{\"@id\":\"https:\\\/\\\/www.lichen.pl\\\/de\\\/sroda-popielcowa-2\\\/#breadcrumb\"},\"inLanguage\":\"es\",\"potentialAction\":[{\"@type\":\"ReadAction\",\"target\":[\"https:\\\/\\\/www.lichen.pl\\\/de\\\/sroda-popielcowa-2\\\/\"]}]},{\"@type\":\"ImageObject\",\"inLanguage\":\"es\",\"@id\":\"https:\\\/\\\/www.lichen.pl\\\/de\\\/sroda-popielcowa-2\\\/#primaryimage\",\"url\":\"https:\\\/\\\/www.lichen.pl\\\/wp-content\\\/uploads\\\/2021\\\/06\\\/IMG_0698-e1624977027442.jpg\",\"contentUrl\":\"https:\\\/\\\/www.lichen.pl\\\/wp-content\\\/uploads\\\/2021\\\/06\\\/IMG_0698-e1624977027442.jpg\",\"width\":917,\"height\":538},{\"@type\":\"BreadcrumbList\",\"@id\":\"https:\\\/\\\/www.lichen.pl\\\/de\\\/sroda-popielcowa-2\\\/#breadcrumb\",\"itemListElement\":[{\"@type\":\"ListItem\",\"position\":1,\"name\":\"Strona g\u0142\u00f3wna\",\"item\":\"https:\\\/\\\/www.lichen.pl\\\/\"},{\"@type\":\"ListItem\",\"position\":2,\"name\":\"6 marca 2019 &#8211; \u015aroda Popielcowa. Msze \u015bw. z posypaniem g\u0142\u00f3w pob\u0142ogos\u0142awionym popio\u0142em.\"}]},{\"@type\":\"WebSite\",\"@id\":\"https:\\\/\\\/www.lichen.pl\\\/fr\\\/#website\",\"url\":\"https:\\\/\\\/www.lichen.pl\\\/fr\\\/\",\"name\":\"SANKTUARIUM W LICHENIU\",\"description\":\"MATKI BO\u017bEJ LICHE\u0143SKIEJ BOLESNEJ KR\u00d3LOWEJ POLSKI\",\"potentialAction\":[{\"@type\":\"SearchAction\",\"target\":{\"@type\":\"EntryPoint\",\"urlTemplate\":\"https:\\\/\\\/www.lichen.pl\\\/fr\\\/?s={search_term_string}\"},\"query-input\":{\"@type\":\"PropertyValueSpecification\",\"valueRequired\":true,\"valueName\":\"search_term_string\"}}],\"inLanguage\":\"es\"},{\"@type\":\"Person\",\"@id\":\"https:\\\/\\\/www.lichen.pl\\\/fr\\\/#\\\/schema\\\/person\\\/c06cd926b95870cc59f18d6ee6e33da5\",\"name\":\"ROBERT ADAMCZYK\",\"image\":{\"@type\":\"ImageObject\",\"inLanguage\":\"es\",\"@id\":\"https:\\\/\\\/secure.gravatar.com\\\/avatar\\\/53c330430596e73552f4c356c2e47c209ff8f6352a5106011c9b6abcce5e00df?s=96&d=retro&r=g\",\"url\":\"https:\\\/\\\/secure.gravatar.com\\\/avatar\\\/53c330430596e73552f4c356c2e47c209ff8f6352a5106011c9b6abcce5e00df?s=96&d=retro&r=g\",\"contentUrl\":\"https:\\\/\\\/secure.gravatar.com\\\/avatar\\\/53c330430596e73552f4c356c2e47c209ff8f6352a5106011c9b6abcce5e00df?s=96&d=retro&r=g\",\"caption\":\"ROBERT ADAMCZYK\"},\"url\":\"https:\\\/\\\/www.lichen.pl\\\/es\\\/author\\\/press\\\/\"}]}<\/script>\n<!-- \/ Yoast SEO plugin. -->","yoast_head_json":{"title":"6 marca 2019 - \u015aroda Popielcowa. Msze \u015bw. z posypaniem g\u0142\u00f3w pob\u0142ogos\u0142awionym popio\u0142em. - SANKTUARIUM W LICHENIU","robots":{"index":"index","follow":"follow","max-snippet":"max-snippet:-1","max-image-preview":"max-image-preview:large","max-video-preview":"max-video-preview:-1"},"canonical":"https:\/\/www.lichen.pl\/es\/sroda-popielcowa-2\/","og_locale":"es_ES","og_type":"article","og_title":"6 marca 2019 - \u015aroda Popielcowa. Msze \u015bw. z posypaniem g\u0142\u00f3w pob\u0142ogos\u0142awionym popio\u0142em. - SANKTUARIUM W LICHENIU","og_description":"Dzi\u015b Ko\u015bci\u00f3\u0142 katolicki obchodzi \u015arod\u0119 Popielcow\u0105. Podczas ka\u017cdej Mszy \u015bw. ksi\u0119\u017ca posypuj\u0105 g\u0142owy wiernych popio\u0142em. Jest to znak krucho\u015bci \u017cycia oraz postawy nawr\u00f3cenia do Boga \u015aroda Popielcowa jest pierwszym dniem Wielkiego Postu. W tym czasie wierni przygotowuj\u0105 si\u0119 do w\u0142a\u015bciwego prze\u017cycia \u015awi\u0105t Wielkanocnych. \u015aroda Popielcowa jest jednym z dw\u00f3ch dni (poza Wielkim Pi\u0105tkiem) kiedy katolik\u00f3w [&hellip;]","og_url":"https:\/\/www.lichen.pl\/es\/sroda-popielcowa-2\/","og_site_name":"SANKTUARIUM W LICHENIU","article_published_time":"2019-03-06T11:33:50+00:00","article_modified_time":"2021-06-29T14:30:38+00:00","og_image":[{"width":917,"height":538,"url":"https:\/\/www.lichen.pl\/wp-content\/uploads\/2021\/06\/IMG_0698-e1624977027442.jpg","type":"image\/jpeg"}],"author":"ROBERT ADAMCZYK","twitter_card":"summary_large_image","twitter_misc":{"Escrito por":"ROBERT ADAMCZYK","Tiempo de lectura":"1 minuto"},"schema":{"@context":"https:\/\/schema.org","@graph":[{"@type":"Article","@id":"https:\/\/www.lichen.pl\/de\/sroda-popielcowa-2\/#article","isPartOf":{"@id":"https:\/\/www.lichen.pl\/de\/sroda-popielcowa-2\/"},"author":{"name":"ROBERT ADAMCZYK","@id":"https:\/\/www.lichen.pl\/fr\/#\/schema\/person\/c06cd926b95870cc59f18d6ee6e33da5"},"headline":"6 marca 2019 &#8211; \u015aroda Popielcowa. Msze \u015bw. z posypaniem g\u0142\u00f3w pob\u0142ogos\u0142awionym popio\u0142em.","datePublished":"2019-03-06T11:33:50+00:00","dateModified":"2021-06-29T14:30:38+00:00","mainEntityOfPage":{"@id":"https:\/\/www.lichen.pl\/de\/sroda-popielcowa-2\/"},"wordCount":189,"commentCount":0,"image":{"@id":"https:\/\/www.lichen.pl\/de\/sroda-popielcowa-2\/#primaryimage"},"thumbnailUrl":"https:\/\/www.lichen.pl\/wp-content\/uploads\/2021\/06\/IMG_0698-e1624977027442.jpg","articleSection":["Aktualno\u015bci"],"inLanguage":"es","potentialAction":[{"@type":"CommentAction","name":"Comment","target":["https:\/\/www.lichen.pl\/de\/sroda-popielcowa-2\/#respond"]}]},{"@type":"WebPage","@id":"https:\/\/www.lichen.pl\/de\/sroda-popielcowa-2\/","url":"https:\/\/www.lichen.pl\/de\/sroda-popielcowa-2\/","name":"6 marca 2019 - \u015aroda Popielcowa. Msze \u015bw. z posypaniem g\u0142\u00f3w pob\u0142ogos\u0142awionym popio\u0142em. - SANKTUARIUM W LICHENIU","isPartOf":{"@id":"https:\/\/www.lichen.pl\/fr\/#website"},"primaryImageOfPage":{"@id":"https:\/\/www.lichen.pl\/de\/sroda-popielcowa-2\/#primaryimage"},"image":{"@id":"https:\/\/www.lichen.pl\/de\/sroda-popielcowa-2\/#primaryimage"},"thumbnailUrl":"https:\/\/www.lichen.pl\/wp-content\/uploads\/2021\/06\/IMG_0698-e1624977027442.jpg","datePublished":"2019-03-06T11:33:50+00:00","dateModified":"2021-06-29T14:30:38+00:00","author":{"@id":"https:\/\/www.lichen.pl\/fr\/#\/schema\/person\/c06cd926b95870cc59f18d6ee6e33da5"},"breadcrumb":{"@id":"https:\/\/www.lichen.pl\/de\/sroda-popielcowa-2\/#breadcrumb"},"inLanguage":"es","potentialAction":[{"@type":"ReadAction","target":["https:\/\/www.lichen.pl\/de\/sroda-popielcowa-2\/"]}]},{"@type":"ImageObject","inLanguage":"es","@id":"https:\/\/www.lichen.pl\/de\/sroda-popielcowa-2\/#primaryimage","url":"https:\/\/www.lichen.pl\/wp-content\/uploads\/2021\/06\/IMG_0698-e1624977027442.jpg","contentUrl":"https:\/\/www.lichen.pl\/wp-content\/uploads\/2021\/06\/IMG_0698-e1624977027442.jpg","width":917,"height":538},{"@type":"BreadcrumbList","@id":"https:\/\/www.lichen.pl\/de\/sroda-popielcowa-2\/#breadcrumb","itemListElement":[{"@type":"ListItem","position":1,"name":"Strona g\u0142\u00f3wna","item":"https:\/\/www.lichen.pl\/"},{"@type":"ListItem","position":2,"name":"6 marca 2019 &#8211; \u015aroda Popielcowa. Msze \u015bw. z posypaniem g\u0142\u00f3w pob\u0142ogos\u0142awionym popio\u0142em."}]},{"@type":"WebSite","@id":"https:\/\/www.lichen.pl\/fr\/#website","url":"https:\/\/www.lichen.pl\/fr\/","name":"SANTUARIO EN LICHENIA","description":"LA DOLOROSA REINA DE POLONIA DE NUESTRO LICHEN","potentialAction":[{"@type":"SearchAction","target":{"@type":"EntryPoint","urlTemplate":"https:\/\/www.lichen.pl\/fr\/?s={search_term_string}"},"query-input":{"@type":"PropertyValueSpecification","valueRequired":true,"valueName":"search_term_string"}}],"inLanguage":"es"},{"@type":"Person","@id":"https:\/\/www.lichen.pl\/fr\/#\/schema\/person\/c06cd926b95870cc59f18d6ee6e33da5","name":"ROBERT ADAMCZYK","image":{"@type":"ImageObject","inLanguage":"es","@id":"https:\/\/secure.gravatar.com\/avatar\/53c330430596e73552f4c356c2e47c209ff8f6352a5106011c9b6abcce5e00df?s=96&d=retro&r=g","url":"https:\/\/secure.gravatar.com\/avatar\/53c330430596e73552f4c356c2e47c209ff8f6352a5106011c9b6abcce5e00df?s=96&d=retro&r=g","contentUrl":"https:\/\/secure.gravatar.com\/avatar\/53c330430596e73552f4c356c2e47c209ff8f6352a5106011c9b6abcce5e00df?s=96&d=retro&r=g","caption":"ROBERT ADAMCZYK"},"url":"https:\/\/www.lichen.pl\/es\/author\/press\/"}]}},"_links":{"self":[{"href":"https:\/\/www.lichen.pl\/es\/wp-json\/wp\/v2\/posts\/15136","targetHints":{"allow":["GET"]}}],"collection":[{"href":"https:\/\/www.lichen.pl\/es\/wp-json\/wp\/v2\/posts"}],"about":[{"href":"https:\/\/www.lichen.pl\/es\/wp-json\/wp\/v2\/types\/post"}],"author":[{"embeddable":true,"href":"https:\/\/www.lichen.pl\/es\/wp-json\/wp\/v2\/users\/4"}],"replies":[{"embeddable":true,"href":"https:\/\/www.lichen.pl\/es\/wp-json\/wp\/v2\/comments?post=15136"}],"version-history":[{"count":10,"href":"https:\/\/www.lichen.pl\/es\/wp-json\/wp\/v2\/posts\/15136\/revisions"}],"predecessor-version":[{"id":15975,"href":"https:\/\/www.lichen.pl\/es\/wp-json\/wp\/v2\/posts\/15136\/revisions\/15975"}],"wp:featuredmedia":[{"embeddable":true,"href":"https:\/\/www.lichen.pl\/es\/wp-json\/wp\/v2\/media\/15137"}],"wp:attachment":[{"href":"https:\/\/www.lichen.pl\/es\/wp-json\/wp\/v2\/media?parent=15136"}],"wp:term":[{"taxonomy":"category","embeddable":true,"href":"https:\/\/www.lichen.pl\/es\/wp-json\/wp\/v2\/categories?post=15136"},{"taxonomy":"post_tag","embeddable":true,"href":"https:\/\/www.lichen.pl\/es\/wp-json\/wp\/v2\/tags?post=15136"}],"curies":[{"name":"wp","href":"https:\/\/api.w.org\/{rel}","templated":true}]}}