{"id":16011,"date":"2021-06-24T19:00:26","date_gmt":"2021-06-24T19:00:26","guid":{"rendered":"http:\/\/www.lichen.pl\/?p=16011"},"modified":"2021-06-29T20:32:48","modified_gmt":"2021-06-29T20:32:48","slug":"rekolekcje-trzezwosciowe-ozywieni-slowem-18-20-czerwca-2021","status":"publish","type":"post","link":"https:\/\/www.lichen.pl\/es\/rekolekcje-trzezwosciowe-ozywieni-slowem-18-20-czerwca-2021\/","title":{"rendered":"Retiro de sobriedad &quot;Animado por la palabra&quot;, 18-20 de junio de 2021."},"content":{"rendered":"<div data-elementor-type=\"wp-post\" data-elementor-id=\"16011\" class=\"elementor elementor-16011\" data-elementor-post-type=\"post\">\n\t\t\t\t\t\t<section class=\"elementor-section elementor-top-section elementor-element elementor-element-7940e44 elementor-section-boxed elementor-section-height-default elementor-section-height-default\" data-id=\"7940e44\" data-element_type=\"section\" data-e-type=\"section\">\n\t\t\t\t\t\t<div class=\"elementor-container elementor-column-gap-default\">\n\t\t\t\t\t<div class=\"elementor-column elementor-col-100 elementor-top-column elementor-element elementor-element-e958e16\" data-id=\"e958e16\" data-element_type=\"column\" data-e-type=\"column\">\n\t\t\t<div class=\"elementor-widget-wrap elementor-element-populated\">\n\t\t\t\t\t\t<div class=\"elementor-element elementor-element-f9d992d elementor-widget elementor-widget-heading\" data-id=\"f9d992d\" data-element_type=\"widget\" data-e-type=\"widget\" data-widget_type=\"heading.default\">\n\t\t\t\t<div class=\"elementor-widget-container\">\n\t\t\t\t\t<h2 class=\"elementor-heading-title elementor-size-default\">Casi 60 personas de toda Polonia, el fin de semana del 18 al 20 de junio, participaron en el retiro de sobriedad &quot;Resucitado por la palabra&quot; organizado en el Santuario de Nuestra Se\u00f1ora de Liche\u0144.<\/h2>\t\t\t\t<\/div>\n\t\t\t\t<\/div>\n\t\t\t\t\t<\/div>\n\t\t<\/div>\n\t\t\t\t\t<\/div>\n\t\t<\/section>\n\t\t\t\t<section class=\"elementor-section elementor-top-section elementor-element elementor-element-dfaf7ed elementor-section-boxed elementor-section-height-default elementor-section-height-default\" data-id=\"dfaf7ed\" data-element_type=\"section\" data-e-type=\"section\">\n\t\t\t\t\t\t<div class=\"elementor-container elementor-column-gap-default\">\n\t\t\t\t\t<div class=\"elementor-column elementor-col-100 elementor-top-column elementor-element elementor-element-41c24f2\" data-id=\"41c24f2\" data-element_type=\"column\" data-e-type=\"column\">\n\t\t\t<div class=\"elementor-widget-wrap elementor-element-populated\">\n\t\t\t\t\t\t<div class=\"elementor-element elementor-element-bf578a4 elementor-widget elementor-widget-text-editor\" data-id=\"bf578a4\" data-element_type=\"widget\" data-e-type=\"widget\" data-widget_type=\"text-editor.default\">\n\t\t\t\t<div class=\"elementor-widget-container\">\n\t\t\t\t\t\t\t\t\t<p>Durante los tres d\u00edas del retiro, los participantes escucharon las conferencias que se llevaron a cabo en un ambiente de oraci\u00f3n. El viernes 18 de junio, en el Liquen G\u00f3lgota, tuvo lugar un V\u00eda Crucis \u00fanico, combinado con los testimonios de los participantes. El pr\u00f3ximo retiro de sobriedad en el santuario de Liche\u0144 tendr\u00e1 lugar este a\u00f1o del 10 al 12 de septiembre y del 10 al 12 de diciembre.<\/p>\t\t\t\t\t\t\t\t<\/div>\n\t\t\t\t<\/div>\n\t\t\t\t<div class=\"elementor-element elementor-element-dffcd92 elementor-widget elementor-widget-text-editor\" data-id=\"dffcd92\" data-element_type=\"widget\" data-e-type=\"widget\" data-widget_type=\"text-editor.default\">\n\t\t\t\t<div class=\"elementor-widget-container\">\n\t\t\t\t\t\t\t\t\t<p>&#8211; <em>\u201cEste retiro est\u00e1 dirigido a todos. Tuvimos un problema con el alcohol en casa, as\u00ed que pens\u00e9 que este era el lugar correcto &quot;<\/em> - dice Beata de W\u0142oc\u0142awek, que vino a Liche\u0144 con su marido. - <em>\u201cLa participaci\u00f3n en el retiro de sobriedad me confirm\u00f3 que el problema del alcohol que apareci\u00f3 en nuestra casa no es un castigo. Que tal vez est\u00e9 en el lugar correcto, en el sentido de esta familia, que tal vez pueda ayudar a mi esposo a superarlo, a sobrevivir. Tal vez no tenga que pasar por este llamado abajo, tal vez podamos hacerlo antes. Me desprend\u00ed de mis problemas, le di a la Madre de Dios lo que hab\u00eda pasado en nuestras vidas hasta ahora \u201d.<\/em><\/p>\t\t\t\t\t\t\t\t<\/div>\n\t\t\t\t<\/div>\n\t\t\t\t<section class=\"elementor-section elementor-inner-section elementor-element elementor-element-eb45066 elementor-section-boxed elementor-section-height-default elementor-section-height-default\" data-id=\"eb45066\" data-element_type=\"section\" data-e-type=\"section\">\n\t\t\t\t\t\t<div class=\"elementor-container elementor-column-gap-default\">\n\t\t\t\t\t<div class=\"elementor-column elementor-col-50 elementor-inner-column elementor-element elementor-element-e866386\" data-id=\"e866386\" data-element_type=\"column\" data-e-type=\"column\">\n\t\t\t<div class=\"elementor-widget-wrap elementor-element-populated\">\n\t\t\t\t\t\t<div class=\"elementor-element elementor-element-9b4dc91 elementor-blockquote--skin-boxed elementor-widget elementor-widget-blockquote\" data-id=\"9b4dc91\" data-element_type=\"widget\" data-e-type=\"widget\" data-widget_type=\"blockquote.default\">\n\t\t\t\t<div class=\"elementor-widget-container\">\n\t\t\t\t\t\t\t<blockquote class=\"elementor-blockquote\">\n\t\t\t<p class=\"elementor-blockquote__content\">\n\t\t\t\t\u201cComenzamos nuestros d\u00edas de retiro con Laudes, remont\u00e1ndonos a la Tradici\u00f3n de la Iglesia. Conocemos el m\u00e9todo de la Lectio Divina para que pueda utilizarse en el estudio de la Palabra de Dios. Hay una lectura com\u00fan de la Palabra de Dios, un comentario del l\u00edder y una invitaci\u00f3n a la meditaci\u00f3n uno a uno. El tema del retiro &quot;animado por la palabra&quot; est\u00e1 tomado de las pr\u00f3ximas reuniones de sobriedad de Liche\u0144. La palabra nos envuelve. Est\u00e1 presente en nuestra vida diaria. La palabra del hombre no siempre anima. A veces incluso es un asesino. Queremos mostrar la Palabra de Dios, que tiene el poder de sanar, levantar y resucitar. Todas las personas que han experimentado alg\u00fan tipo de adicci\u00f3n o esclavitud est\u00e1n invitadas al retiro. Hoy, esta gama de adicciones es muy amplia. Por lo general, asociamos la sobriedad con no beber. Sin embargo, esta es una gran simplificaci\u00f3n. Puede ser la libertad de las adicciones a la pornograf\u00eda, la comida, la computadora y los cigarrillos. Tambi\u00e9n son codependencias, donde los adictos que viven en nuestro entorno limitan nuestra libertad &quot;.\t\t\t<\/p>\n\t\t\t\t\t\t\t<div class=\"e-q-footer\">\n\t\t\t\t\t\t\t\t\t\t\t<cite class=\"elementor-blockquote__author\">P. Zbigniew Borkowski, MIC<\/cite>\n\t\t\t\t\t\t\t\t\t\t\t\t\t\t<\/div>\n\t\t\t\t\t<\/blockquote>\n\t\t\t\t\t\t<\/div>\n\t\t\t\t<\/div>\n\t\t\t\t\t<\/div>\n\t\t<\/div>\n\t\t\t\t<div class=\"elementor-column elementor-col-50 elementor-inner-column elementor-element elementor-element-4238968\" data-id=\"4238968\" data-element_type=\"column\" data-e-type=\"column\">\n\t\t\t<div class=\"elementor-widget-wrap elementor-element-populated\">\n\t\t\t\t\t\t<div class=\"elementor-element elementor-element-cb0a36c elementor-widget elementor-widget-image\" data-id=\"cb0a36c\" data-element_type=\"widget\" data-e-type=\"widget\" data-widget_type=\"image.default\">\n\t\t\t\t<div class=\"elementor-widget-container\">\n\t\t\t\t\t\t\t\t\t\t\t\t<figure class=\"wp-caption\">\n\t\t\t\t\t\t\t\t\t\t<img fetchpriority=\"high\" decoding=\"async\" width=\"512\" height=\"341\" src=\"https:\/\/www.lichen.pl\/wp-content\/uploads\/2021\/06\/Rekolekcje-trzezwosciowe-Ozywieni-Slowem-18-20-czerwca-2021-7.jpg\" class=\"attachment-medium_large size-medium_large wp-image-16013\" alt=\"\" srcset=\"https:\/\/www.lichen.pl\/wp-content\/uploads\/2021\/06\/Rekolekcje-trzezwosciowe-Ozywieni-Slowem-18-20-czerwca-2021-7.jpg 512w, https:\/\/www.lichen.pl\/wp-content\/uploads\/2021\/06\/Rekolekcje-trzezwosciowe-Ozywieni-Slowem-18-20-czerwca-2021-7-300x200.jpg 300w\" sizes=\"(max-width: 512px) 100vw, 512px\" \/>\t\t\t\t\t\t\t\t\t\t\t<figcaption class=\"widget-image-caption wp-caption-text\">P. Zbigniew Borkowski, MIC, director del Centro de asistencia a familias y adictos de Liche\u0144<\/figcaption>\n\t\t\t\t\t\t\t\t\t\t<\/figure>\n\t\t\t\t\t\t\t\t\t<\/div>\n\t\t\t\t<\/div>\n\t\t\t\t\t<\/div>\n\t\t<\/div>\n\t\t\t\t\t<\/div>\n\t\t<\/section>\n\t\t\t\t<div class=\"elementor-element elementor-element-6f45bcf elementor-widget elementor-widget-text-editor\" data-id=\"6f45bcf\" data-element_type=\"widget\" data-e-type=\"widget\" data-widget_type=\"text-editor.default\">\n\t\t\t\t<div class=\"elementor-widget-container\">\n\t\t\t\t\t\t\t\t\t<p>S t. Santiago - 12 Pasos para Cristianos es un lugar para profundizar la relaci\u00f3n con Dios y otras personas, donde al implementar los 12 Pasos, trata de cumplir la voluntad de Dios en su vida. El retiro de junio fue otra visita a Liche\u0144, tanto de la comunidad como del entorno asociado con el programa de TVP &quot;Supervivientes&quot;. Ambas realidades han estado involucradas en las Reuniones de Sobriedad anuales en Liche\u0144 durante varios a\u00f1os. - <em>&quot;Comunidad de St. Jakub me encant\u00f3 &quot;<\/em> - dice Beata - &quot;<em>los hombres adultos, en su mejor momento, despu\u00e9s de tal calvario que se me escapa que se pueda salir de \u00e9l, no tienen miedo de poner una cruz frente al altar \u201d.<\/em><\/p>\t\t\t\t\t\t\t\t<\/div>\n\t\t\t\t<\/div>\n\t\t\t\t<section class=\"elementor-section elementor-inner-section elementor-element elementor-element-9fff872 elementor-section-boxed elementor-section-height-default elementor-section-height-default\" data-id=\"9fff872\" data-element_type=\"section\" data-e-type=\"section\">\n\t\t\t\t\t\t<div class=\"elementor-container elementor-column-gap-default\">\n\t\t\t\t\t<div class=\"elementor-column elementor-col-50 elementor-inner-column elementor-element elementor-element-a1c6bab\" data-id=\"a1c6bab\" data-element_type=\"column\" data-e-type=\"column\">\n\t\t\t<div class=\"elementor-widget-wrap elementor-element-populated\">\n\t\t\t\t\t\t<div class=\"elementor-element elementor-element-9267ac0 elementor-widget elementor-widget-image\" data-id=\"9267ac0\" data-element_type=\"widget\" data-e-type=\"widget\" data-widget_type=\"image.default\">\n\t\t\t\t<div class=\"elementor-widget-container\">\n\t\t\t\t\t\t\t\t\t\t\t\t<figure class=\"wp-caption\">\n\t\t\t\t\t\t\t\t\t\t<img decoding=\"async\" width=\"900\" height=\"506\" src=\"https:\/\/www.lichen.pl\/wp-content\/uploads\/2021\/06\/Rekolekcje-trzezwosciowe-Ozywieni-Slowem-18-20-czerwca-2021-8.jpg\" class=\"attachment-large size-large wp-image-16019\" alt=\"\" srcset=\"https:\/\/www.lichen.pl\/wp-content\/uploads\/2021\/06\/Rekolekcje-trzezwosciowe-Ozywieni-Slowem-18-20-czerwca-2021-8.jpg 900w, https:\/\/www.lichen.pl\/wp-content\/uploads\/2021\/06\/Rekolekcje-trzezwosciowe-Ozywieni-Slowem-18-20-czerwca-2021-8-800x450.jpg 800w, https:\/\/www.lichen.pl\/wp-content\/uploads\/2021\/06\/Rekolekcje-trzezwosciowe-Ozywieni-Slowem-18-20-czerwca-2021-8-300x169.jpg 300w, https:\/\/www.lichen.pl\/wp-content\/uploads\/2021\/06\/Rekolekcje-trzezwosciowe-Ozywieni-Slowem-18-20-czerwca-2021-8-768x432.jpg 768w\" sizes=\"(max-width: 900px) 100vw, 900px\" \/>\t\t\t\t\t\t\t\t\t\t\t<figcaption class=\"widget-image-caption wp-caption-text\">Rafa\u0142 Porzezi\u0144ski, creador, creador y presentador del programa &quot;Supervivientes&quot; <\/figcaption>\n\t\t\t\t\t\t\t\t\t\t<\/figure>\n\t\t\t\t\t\t\t\t\t<\/div>\n\t\t\t\t<\/div>\n\t\t\t\t\t<\/div>\n\t\t<\/div>\n\t\t\t\t<div class=\"elementor-column elementor-col-50 elementor-inner-column elementor-element elementor-element-40f5bc1\" data-id=\"40f5bc1\" data-element_type=\"column\" data-e-type=\"column\">\n\t\t\t<div class=\"elementor-widget-wrap elementor-element-populated\">\n\t\t\t\t\t\t<div class=\"elementor-element elementor-element-7a43ff8 elementor-blockquote--skin-boxed elementor-widget elementor-widget-blockquote\" data-id=\"7a43ff8\" data-element_type=\"widget\" data-e-type=\"widget\" data-widget_type=\"blockquote.default\">\n\t\t\t\t<div class=\"elementor-widget-container\">\n\t\t\t\t\t\t\t<blockquote class=\"elementor-blockquote\">\n\t\t\t<p class=\"elementor-blockquote__content\">\n\t\t\t\t&quot;Vinimos con la Comunidad de St. James y la comunidad de Sobrevivientes para hablar sobre el programa de 12 Pasos: \u00bfde d\u00f3nde vino este incre\u00edble programa, escrito por alcoh\u00f3licos, y c\u00f3mo puede ayudar no solo a los alcoh\u00f3licos, sino tambi\u00e9n a todos a ser hermosos, sabios, buenos y honestos? Estamos hablando del camino de la crisis a la santidad &quot; \t\t\t<\/p>\n\t\t\t\t\t\t\t<div class=\"e-q-footer\">\n\t\t\t\t\t\t\t\t\t\t\t<cite class=\"elementor-blockquote__author\">Rafa\u0142 Porzezi\u0144ski<\/cite>\n\t\t\t\t\t\t\t\t\t\t\t\t\t\t<\/div>\n\t\t\t\t\t<\/blockquote>\n\t\t\t\t\t\t<\/div>\n\t\t\t\t<\/div>\n\t\t\t\t\t<\/div>\n\t\t<\/div>\n\t\t\t\t\t<\/div>\n\t\t<\/section>\n\t\t\t\t<div class=\"elementor-element elementor-element-6f04d09 elementor-widget elementor-widget-text-editor\" data-id=\"6f04d09\" data-element_type=\"widget\" data-e-type=\"widget\" data-widget_type=\"text-editor.default\">\n\t\t\t\t<div class=\"elementor-widget-container\">\n\t\t\t\t\t\t\t\t\t<p>Durante las conferencias impartidas, Rafa\u0142 Porzezi\u0144ski habl\u00f3 sobre la correlaci\u00f3n de la Carta de St. Jakub con el programa de 12 pasos. <em>&quot;Esta carta es s\u00f3lo 5 cap\u00edtulos del Nuevo Testamento, y fue el texto fuente del programa de 12 Pasos de AA&quot;<\/em> - explica el periodista - <em>\u201cQuienes lo han le\u00eddo saben lo cerca que est\u00e1 de lo que nos da felicidad; hay palabras de que la fe, por hermosa que sea, no significa nada sin obras. Podemos declarar la fe y vivir con maldad. La fe en Dios todav\u00eda no es nada, es importante creerle, arriesgarse, construir sobre roca \u201d.\u00a0<\/em>Refiri\u00e9ndose a las reuniones de sobriedad de Liche\u0144 planificadas para el 23 y 25 de julio, declar\u00f3 que: <em>\u201cSer\u00e1 una ocasi\u00f3n para notar la Palabra Eterna y la importancia de nuestras palabras. Para no desperdiciarlos a diestra y siniestra, no jure. La carta de James ense\u00f1a que la importancia de la palabra es importante. Cuando diga algo, c\u00famplalo. En lugar de decir mil veces que lo har\u00e1s, haz tu trabajo. Me alegro de que aqu\u00ed se presenten tantas realidades de sobriedad. Espero que este a\u00f1o se escuche la verdad, que nuestra sobriedad se base en el hecho de que nuestro discurso es coherente con nuestros pensamientos y lo que creemos. Creo que despu\u00e9s de un a\u00f1o de largo descanso, nos lanzaremos a los brazos del otro. El punto principal es caer en los brazos de Aquel que nos cre\u00f3, nos dio amor y contin\u00faa apoy\u00e1ndonos. \u00a1Ser\u00e1 un gran momento en Liche\u0144! &quot;<\/em><\/p>\t\t\t\t\t\t\t\t<\/div>\n\t\t\t\t<\/div>\n\t\t\t\t<div class=\"elementor-element elementor-element-5efb1b1 elementor-widget elementor-widget-text-editor\" data-id=\"5efb1b1\" data-element_type=\"widget\" data-e-type=\"widget\" data-widget_type=\"text-editor.default\">\n\t\t\t\t<div class=\"elementor-widget-container\">\n\t\t\t\t\t\t\t\t\t<p><strong>Lea tambi\u00e9n:<\/strong> <a href=\"http:\/\/www.pomoc.lichen.pl\/index.php?rekolekcje2\" target=\"_blank\" rel=\"noopener\"><span style=\"color: #ff0000;\">Retiro de sobriedad en el Centro de ayuda de Liche\u0144<\/span><\/a><\/p>\t\t\t\t\t\t\t\t<\/div>\n\t\t\t\t<\/div>\n\t\t\t\t<div class=\"elementor-element elementor-element-069d00f elementor-position-left elementor-vertical-align-middle elementor-widget elementor-widget-image-box\" data-id=\"069d00f\" data-element_type=\"widget\" data-e-type=\"widget\" data-widget_type=\"image-box.default\">\n\t\t\t\t<div class=\"elementor-widget-container\">\n\t\t\t\t\t<div class=\"elementor-image-box-wrapper\"><figure class=\"elementor-image-box-img\"><img decoding=\"async\" width=\"768\" height=\"1086\" src=\"https:\/\/www.lichen.pl\/wp-content\/uploads\/2021\/06\/Rekolekcje-trzezwosciowe-Ozywieni-Slowem-18-20-czerwca-2021-6-768x1086.jpg\" class=\"attachment-medium_large size-medium_large wp-image-16049\" alt=\"\" srcset=\"https:\/\/www.lichen.pl\/wp-content\/uploads\/2021\/06\/Rekolekcje-trzezwosciowe-Ozywieni-Slowem-18-20-czerwca-2021-6-768x1086.jpg 768w, https:\/\/www.lichen.pl\/wp-content\/uploads\/2021\/06\/Rekolekcje-trzezwosciowe-Ozywieni-Slowem-18-20-czerwca-2021-6-800x1131.jpg 800w, https:\/\/www.lichen.pl\/wp-content\/uploads\/2021\/06\/Rekolekcje-trzezwosciowe-Ozywieni-Slowem-18-20-czerwca-2021-6-212x300.jpg 212w, https:\/\/www.lichen.pl\/wp-content\/uploads\/2021\/06\/Rekolekcje-trzezwosciowe-Ozywieni-Slowem-18-20-czerwca-2021-6-724x1024.jpg 724w, https:\/\/www.lichen.pl\/wp-content\/uploads\/2021\/06\/Rekolekcje-trzezwosciowe-Ozywieni-Slowem-18-20-czerwca-2021-6.jpg 843w\" sizes=\"(max-width: 768px) 100vw, 768px\" \/><\/figure><div class=\"elementor-image-box-content\"><p class=\"elementor-image-box-description\">Se puede decir que el retiro de junio prepar\u00f3 el terreno para los Encuentros Nacionales de Sobriedad, que se llevar\u00e1n a cabo por 28\u00aa vez el \u00faltimo fin de semana (completo) de julio. Este a\u00f1o, el evento tendr\u00e1 lugar del 23 al 25 de julio. Los organizadores han planeado reuniones para Alcoh\u00f3licos An\u00f3nimos, adictos a las drogas, jugadores, nicotinistas, bebedores de alimentos, adictos al sexo y el amor, depresores, deudores, adictos al sexo y abusadores, y Al-Anon - Familiares y amigos de alcoh\u00f3licos, DDA \/ DDD - Hijos adultos of Alcoh\u00f3licos \/ Ni\u00f1os con Disfunci\u00f3n Disfuncional, Alateen - Hijos de Alcoh\u00f3licos, S-Anon - Familiares y Amigos, as\u00ed como St. Santiago: 12 pasos para los cristianos. El encuentro de la Comunidad de Sobrevivientes se llevar\u00e1 a cabo en el sal\u00f3n de la Casa del Peregrino &quot;Bel\u00e9n&quot; el 23 de julio a las. 15:00 y 25.07 a las 10:00. El invitado de los encuentros ser\u00e1 el P. Marek Dziewiecki, el galardonado con la estatuilla Pelican de este a\u00f1o: un premio para una persona que merece la sobriedad. Los encuentros son un espacio para experimentar a Dios: habr\u00e1 el V\u00eda Crucis y las Santas Misas. Tambi\u00e9n se les llama el &quot;Encuentro bajo las estrellas&quot; por el encuentro nocturno que tradicionalmente se realiza al aire libre frente a la bas\u00edlica.<\/p><\/div><\/div>\t\t\t\t<\/div>\n\t\t\t\t<\/div>\n\t\t\t\t<div class=\"elementor-element elementor-element-2f8996f elementor-widget elementor-widget-text-editor\" data-id=\"2f8996f\" data-element_type=\"widget\" data-e-type=\"widget\" data-widget_type=\"text-editor.default\">\n\t\t\t\t<div class=\"elementor-widget-container\">\n\t\t\t\t\t\t\t\t\t<p>Texto y fotos: Oficina de Prensa del Santuario<\/p>\t\t\t\t\t\t\t\t<\/div>\n\t\t\t\t<\/div>\n\t\t\t\t<div class=\"elementor-element elementor-element-06970e0 elementor-widget-divider--view-line_icon elementor-view-default elementor-widget-divider--element-align-center elementor-widget elementor-widget-divider\" data-id=\"06970e0\" data-element_type=\"widget\" data-e-type=\"widget\" data-widget_type=\"divider.default\">\n\t\t\t\t<div class=\"elementor-widget-container\">\n\t\t\t\t\t\t\t<div class=\"elementor-divider\">\n\t\t\t<span class=\"elementor-divider-separator\">\n\t\t\t\t\t\t\t<div class=\"elementor-icon elementor-divider__element\">\n\t\t\t\t\t<i aria-hidden=\"true\" class=\"fas fa-camera\"><\/i><\/div>\n\t\t\t\t\t\t<\/span>\n\t\t<\/div>\n\t\t\t\t\t\t<\/div>\n\t\t\t\t<\/div>\n\t\t\t\t<div class=\"elementor-element elementor-element-dad76c5 elementor-widget elementor-widget-gallery\" data-id=\"dad76c5\" data-element_type=\"widget\" data-e-type=\"widget\" data-settings=\"{&quot;columns&quot;:6,&quot;lazyload&quot;:&quot;yes&quot;,&quot;gallery_layout&quot;:&quot;grid&quot;,&quot;columns_tablet&quot;:2,&quot;columns_mobile&quot;:1,&quot;gap&quot;:{&quot;unit&quot;:&quot;px&quot;,&quot;size&quot;:10,&quot;sizes&quot;:[]},&quot;gap_tablet&quot;:{&quot;unit&quot;:&quot;px&quot;,&quot;size&quot;:10,&quot;sizes&quot;:[]},&quot;gap_mobile&quot;:{&quot;unit&quot;:&quot;px&quot;,&quot;size&quot;:10,&quot;sizes&quot;:[]},&quot;link_to&quot;:&quot;file&quot;,&quot;aspect_ratio&quot;:&quot;3:2&quot;,&quot;overlay_background&quot;:&quot;yes&quot;,&quot;content_hover_animation&quot;:&quot;fade-in&quot;}\" data-widget_type=\"gallery.default\">\n\t\t\t\t<div class=\"elementor-widget-container\">\n\t\t\t\t\t\t\t<div class=\"elementor-gallery__container\">\n\t\t\t\t\t\t\t<a class=\"e-gallery-item elementor-gallery-item elementor-animated-content\" href=\"https:\/\/www.lichen.pl\/wp-content\/uploads\/2021\/06\/Rekolekcje-trzezwosciowe-Ozywieni-Slowem-18-20-czerwca-2021-1.jpg\" data-elementor-open-lightbox=\"yes\" data-elementor-lightbox-slideshow=\"dad76c5\" data-elementor-lightbox-title=\"Rekolekcje trze\u017awo\u015bciowe O\u017cywieni S\u0142owem, 18-20 czerwca 2021 1\" data-e-action-hash=\"#elementor-action%3Aaction%3Dlightbox%26settings%3DeyJpZCI6MTYwMjQsInVybCI6Imh0dHBzOlwvXC93d3cubGljaGVuLnBsXC93cC1jb250ZW50XC91cGxvYWRzXC8yMDIxXC8wNlwvUmVrb2xla2NqZS10cnplendvc2Npb3dlLU96eXdpZW5pLVNsb3dlbS0xOC0yMC1jemVyd2NhLTIwMjEtMS5qcGciLCJzbGlkZXNob3ciOiJkYWQ3NmM1In0%3D\">\n\t\t\t\t\t<div class=\"e-gallery-image elementor-gallery-item__image\" data-thumbnail=\"https:\/\/www.lichen.pl\/wp-content\/uploads\/2021\/06\/Rekolekcje-trzezwosciowe-Ozywieni-Slowem-18-20-czerwca-2021-1-300x200.jpg\" data-width=\"300\" data-height=\"200\" aria-label=\"\" role=\"img\" ><\/div>\n\t\t\t\t\t\t\t\t\t\t\t<div class=\"elementor-gallery-item__overlay\"><\/div>\n\t\t\t\t\t\t\t\t\t\t\t\t\t\t<\/a>\n\t\t\t\t\t\t\t<a class=\"e-gallery-item elementor-gallery-item elementor-animated-content\" href=\"https:\/\/www.lichen.pl\/wp-content\/uploads\/2021\/06\/Rekolekcje-trzezwosciowe-Ozywieni-Slowem-18-20-czerwca-2021-2.jpg\" data-elementor-open-lightbox=\"yes\" data-elementor-lightbox-slideshow=\"dad76c5\" data-elementor-lightbox-title=\"Rekolekcje trze\u017awo\u015bciowe O\u017cywieni S\u0142owem, 18-20 czerwca 2021 2\" data-e-action-hash=\"#elementor-action%3Aaction%3Dlightbox%26settings%3DeyJpZCI6MTYwMjksInVybCI6Imh0dHBzOlwvXC93d3cubGljaGVuLnBsXC93cC1jb250ZW50XC91cGxvYWRzXC8yMDIxXC8wNlwvUmVrb2xla2NqZS10cnplendvc2Npb3dlLU96eXdpZW5pLVNsb3dlbS0xOC0yMC1jemVyd2NhLTIwMjEtMi5qcGciLCJzbGlkZXNob3ciOiJkYWQ3NmM1In0%3D\">\n\t\t\t\t\t<div class=\"e-gallery-image elementor-gallery-item__image\" data-thumbnail=\"https:\/\/www.lichen.pl\/wp-content\/uploads\/2021\/06\/Rekolekcje-trzezwosciowe-Ozywieni-Slowem-18-20-czerwca-2021-2-300x200.jpg\" data-width=\"300\" data-height=\"200\" aria-label=\"\" role=\"img\" ><\/div>\n\t\t\t\t\t\t\t\t\t\t\t<div class=\"elementor-gallery-item__overlay\"><\/div>\n\t\t\t\t\t\t\t\t\t\t\t\t\t\t<\/a>\n\t\t\t\t\t\t\t<a class=\"e-gallery-item elementor-gallery-item elementor-animated-content\" href=\"https:\/\/www.lichen.pl\/wp-content\/uploads\/2021\/06\/Rekolekcje-trzezwosciowe-Ozywieni-Slowem-18-20-czerwca-2021-3.jpg\" data-elementor-open-lightbox=\"yes\" data-elementor-lightbox-slideshow=\"dad76c5\" data-elementor-lightbox-title=\"Rekolekcje trze\u017awo\u015bciowe O\u017cywieni S\u0142owem, 18-20 czerwca 2021 3\" data-e-action-hash=\"#elementor-action%3Aaction%3Dlightbox%26settings%3DeyJpZCI6MTYwMzQsInVybCI6Imh0dHBzOlwvXC93d3cubGljaGVuLnBsXC93cC1jb250ZW50XC91cGxvYWRzXC8yMDIxXC8wNlwvUmVrb2xla2NqZS10cnplendvc2Npb3dlLU96eXdpZW5pLVNsb3dlbS0xOC0yMC1jemVyd2NhLTIwMjEtMy5qcGciLCJzbGlkZXNob3ciOiJkYWQ3NmM1In0%3D\">\n\t\t\t\t\t<div class=\"e-gallery-image elementor-gallery-item__image\" data-thumbnail=\"https:\/\/www.lichen.pl\/wp-content\/uploads\/2021\/06\/Rekolekcje-trzezwosciowe-Ozywieni-Slowem-18-20-czerwca-2021-3-200x300.jpg\" data-width=\"200\" data-height=\"300\" aria-label=\"\" role=\"img\" ><\/div>\n\t\t\t\t\t\t\t\t\t\t\t<div class=\"elementor-gallery-item__overlay\"><\/div>\n\t\t\t\t\t\t\t\t\t\t\t\t\t\t<\/a>\n\t\t\t\t\t\t\t<a class=\"e-gallery-item elementor-gallery-item elementor-animated-content\" href=\"https:\/\/www.lichen.pl\/wp-content\/uploads\/2021\/06\/Rekolekcje-trzezwosciowe-Ozywieni-Slowem-18-20-czerwca-2021-4.jpg\" data-elementor-open-lightbox=\"yes\" data-elementor-lightbox-slideshow=\"dad76c5\" data-elementor-lightbox-title=\"Rekolekcje trze\u017awo\u015bciowe O\u017cywieni S\u0142owem, 18-20 czerwca 2021 4\" data-e-action-hash=\"#elementor-action%3Aaction%3Dlightbox%26settings%3DeyJpZCI6MTYwMzksInVybCI6Imh0dHBzOlwvXC93d3cubGljaGVuLnBsXC93cC1jb250ZW50XC91cGxvYWRzXC8yMDIxXC8wNlwvUmVrb2xla2NqZS10cnplendvc2Npb3dlLU96eXdpZW5pLVNsb3dlbS0xOC0yMC1jemVyd2NhLTIwMjEtNC5qcGciLCJzbGlkZXNob3ciOiJkYWQ3NmM1In0%3D\">\n\t\t\t\t\t<div class=\"e-gallery-image elementor-gallery-item__image\" data-thumbnail=\"https:\/\/www.lichen.pl\/wp-content\/uploads\/2021\/06\/Rekolekcje-trzezwosciowe-Ozywieni-Slowem-18-20-czerwca-2021-4-200x300.jpg\" data-width=\"200\" data-height=\"300\" aria-label=\"\" role=\"img\" ><\/div>\n\t\t\t\t\t\t\t\t\t\t\t<div class=\"elementor-gallery-item__overlay\"><\/div>\n\t\t\t\t\t\t\t\t\t\t\t\t\t\t<\/a>\n\t\t\t\t\t\t\t<a class=\"e-gallery-item elementor-gallery-item elementor-animated-content\" href=\"https:\/\/www.lichen.pl\/wp-content\/uploads\/2021\/06\/Rekolekcje-trzezwosciowe-Ozywieni-Slowem-18-20-czerwca-2021-5.jpg\" data-elementor-open-lightbox=\"yes\" data-elementor-lightbox-slideshow=\"dad76c5\" data-elementor-lightbox-title=\"Rekolekcje trze\u017awo\u015bciowe O\u017cywieni S\u0142owem, 18-20 czerwca 2021 5\" data-e-action-hash=\"#elementor-action%3Aaction%3Dlightbox%26settings%3DeyJpZCI6MTYwNDQsInVybCI6Imh0dHBzOlwvXC93d3cubGljaGVuLnBsXC93cC1jb250ZW50XC91cGxvYWRzXC8yMDIxXC8wNlwvUmVrb2xla2NqZS10cnplendvc2Npb3dlLU96eXdpZW5pLVNsb3dlbS0xOC0yMC1jemVyd2NhLTIwMjEtNS5qcGciLCJzbGlkZXNob3ciOiJkYWQ3NmM1In0%3D\">\n\t\t\t\t\t<div class=\"e-gallery-image elementor-gallery-item__image\" data-thumbnail=\"https:\/\/www.lichen.pl\/wp-content\/uploads\/2021\/06\/Rekolekcje-trzezwosciowe-Ozywieni-Slowem-18-20-czerwca-2021-5-200x300.jpg\" data-width=\"200\" data-height=\"300\" aria-label=\"\" role=\"img\" ><\/div>\n\t\t\t\t\t\t\t\t\t\t\t<div class=\"elementor-gallery-item__overlay\"><\/div>\n\t\t\t\t\t\t\t\t\t\t\t\t\t\t<\/a>\n\t\t\t\t\t\t\t<a class=\"e-gallery-item elementor-gallery-item elementor-animated-content\" href=\"https:\/\/www.lichen.pl\/wp-content\/uploads\/2021\/06\/2021-plakat-rekolekcje-trzezwosciowe-scaled-1.jpg\" data-elementor-open-lightbox=\"yes\" data-elementor-lightbox-slideshow=\"dad76c5\" data-elementor-lightbox-title=\"lichen\u0301\" data-e-action-hash=\"#elementor-action%3Aaction%3Dlightbox%26settings%3DeyJpZCI6MTYwNTQsInVybCI6Imh0dHBzOlwvXC93d3cubGljaGVuLnBsXC93cC1jb250ZW50XC91cGxvYWRzXC8yMDIxXC8wNlwvMjAyMS1wbGFrYXQtcmVrb2xla2NqZS10cnplendvc2Npb3dlLXNjYWxlZC0xLmpwZyIsInNsaWRlc2hvdyI6ImRhZDc2YzUifQ%3D%3D\">\n\t\t\t\t\t<div class=\"e-gallery-image elementor-gallery-item__image\" data-thumbnail=\"https:\/\/www.lichen.pl\/wp-content\/uploads\/2021\/06\/2021-plakat-rekolekcje-trzezwosciowe-scaled-1-212x300.jpg\" data-width=\"212\" data-height=\"300\" aria-label=\"\" role=\"img\" ><\/div>\n\t\t\t\t\t\t\t\t\t\t\t<div class=\"elementor-gallery-item__overlay\"><\/div>\n\t\t\t\t\t\t\t\t\t\t\t\t\t\t<\/a>\n\t\t\t\t\t<\/div>\n\t\t\t\t\t<\/div>\n\t\t\t\t<\/div>\n\t\t\t\t\t<\/div>\n\t\t<\/div>\n\t\t\t\t\t<\/div>\n\t\t<\/section>\n\t\t\t\t<section class=\"elementor-section elementor-top-section elementor-element elementor-element-c3e49ff elementor-section-boxed elementor-section-height-default elementor-section-height-default\" data-id=\"c3e49ff\" data-element_type=\"section\" data-e-type=\"section\">\n\t\t\t\t\t\t<div class=\"elementor-container elementor-column-gap-default\">\n\t\t\t\t\t<div class=\"elementor-column elementor-col-100 elementor-top-column elementor-element elementor-element-333dc09\" data-id=\"333dc09\" data-element_type=\"column\" data-e-type=\"column\">\n\t\t\t<div class=\"elementor-widget-wrap elementor-element-populated\">\n\t\t\t\t\t\t<div class=\"elementor-element elementor-element-e77d162 elementor-widget-divider--view-line elementor-widget elementor-widget-divider\" data-id=\"e77d162\" data-element_type=\"widget\" data-e-type=\"widget\" data-widget_type=\"divider.default\">\n\t\t\t\t<div class=\"elementor-widget-container\">\n\t\t\t\t\t\t\t<div class=\"elementor-divider\">\n\t\t\t<span class=\"elementor-divider-separator\">\n\t\t\t\t\t\t<\/span>\n\t\t<\/div>\n\t\t\t\t\t\t<\/div>\n\t\t\t\t<\/div>\n\t\t\t\t\t<\/div>\n\t\t<\/div>\n\t\t\t\t\t<\/div>\n\t\t<\/section>\n\t\t\t\t<\/div>","protected":false},"excerpt":{"rendered":"<p>Niemal 60 os\u00f3b z ca\u0142ej Polski w weekend 18-20 czerwca, wzi\u0119\u0142o udzia\u0142 w rekolekcjach trze\u017awo\u015bciowych &#8220;O\u017cywieni S\u0142owem&#8221; organizowanych w Sanktuarium Matki Bo\u017cej Liche\u0144skiej W ci\u0105gu trzech dni rekolekcji uczestnicy wys\u0142uchali konferencji, kt\u00f3re odbywa\u0142y si\u0119 w klimacie modlitwy. W pi\u0105tek, 18 czerwca, na liche\u0144skiej Golgocie mia\u0142a miejsce wyj\u0105tkowa Droga Krzy\u017cowa po\u0142\u0105czona ze \u015bwiadectwami uczestnik\u00f3w. Kolejne rekolekcje [&hellip;]<\/p>\n","protected":false},"author":2,"featured_media":11985,"comment_status":"open","ping_status":"open","sticky":false,"template":"","format":"standard","meta":{"footnotes":""},"categories":[1],"tags":[],"class_list":["post-16011","post","type-post","status-publish","format-standard","has-post-thumbnail","hentry","category-aktualnosci","wpbf-post"],"yoast_head":"<!-- This site is optimized with the Yoast SEO plugin v27.4 - https:\/\/yoast.com\/product\/yoast-seo-wordpress\/ -->\n<title>Rekolekcje trze\u017awo\u015bciowe &quot;O\u017cywieni S\u0142owem&quot;, 18-20 czerwca 2021. - SANKTUARIUM W LICHENIU<\/title>\n<meta name=\"robots\" content=\"index, follow, max-snippet:-1, max-image-preview:large, max-video-preview:-1\" \/>\n<link rel=\"canonical\" href=\"http:\/\/www.lichen.pl\/es\/rekolekcje-trzezwosciowe-ozywieni-slowem-18-20-czerwca-2021\/\" \/>\n<meta property=\"og:locale\" content=\"es_ES\" \/>\n<meta property=\"og:type\" content=\"article\" \/>\n<meta property=\"og:title\" content=\"Rekolekcje trze\u017awo\u015bciowe &quot;O\u017cywieni S\u0142owem&quot;, 18-20 czerwca 2021. - SANKTUARIUM W LICHENIU\" \/>\n<meta property=\"og:description\" content=\"Niemal 60 os\u00f3b z ca\u0142ej Polski w weekend 18-20 czerwca, wzi\u0119\u0142o udzia\u0142 w rekolekcjach trze\u017awo\u015bciowych &#8220;O\u017cywieni S\u0142owem&#8221; organizowanych w Sanktuarium Matki Bo\u017cej Liche\u0144skiej W ci\u0105gu trzech dni rekolekcji uczestnicy wys\u0142uchali konferencji, kt\u00f3re odbywa\u0142y si\u0119 w klimacie modlitwy. W pi\u0105tek, 18 czerwca, na liche\u0144skiej Golgocie mia\u0142a miejsce wyj\u0105tkowa Droga Krzy\u017cowa po\u0142\u0105czona ze \u015bwiadectwami uczestnik\u00f3w. Kolejne rekolekcje [&hellip;]\" \/>\n<meta property=\"og:url\" content=\"http:\/\/www.lichen.pl\/es\/rekolekcje-trzezwosciowe-ozywieni-slowem-18-20-czerwca-2021\/\" \/>\n<meta property=\"og:site_name\" content=\"SANKTUARIUM W LICHENIU\" \/>\n<meta property=\"article:published_time\" content=\"2021-06-24T19:00:26+00:00\" \/>\n<meta property=\"article:modified_time\" content=\"2021-06-29T20:32:48+00:00\" \/>\n<meta property=\"og:image\" content=\"http:\/\/www.lichen.pl\/wp-content\/uploads\/2021\/04\/2021-plakat-rekolekcje-trzezwosciowe-scaled-e1624997896802.jpg\" \/>\n\t<meta property=\"og:image:width\" content=\"1810\" \/>\n\t<meta property=\"og:image:height\" content=\"837\" \/>\n\t<meta property=\"og:image:type\" content=\"image\/jpeg\" \/>\n<meta name=\"author\" content=\"Arkadiusz Gorgolewski\" \/>\n<meta name=\"twitter:card\" content=\"summary_large_image\" \/>\n<meta name=\"twitter:label1\" content=\"Escrito por\" \/>\n\t<meta name=\"twitter:data1\" content=\"Arkadiusz Gorgolewski\" \/>\n\t<meta name=\"twitter:label2\" content=\"Tiempo de lectura\" \/>\n\t<meta name=\"twitter:data2\" content=\"5 minutos\" \/>\n<script type=\"application\/ld+json\" class=\"yoast-schema-graph\">{\"@context\":\"https:\\\/\\\/schema.org\",\"@graph\":[{\"@type\":\"Article\",\"@id\":\"http:\\\/\\\/www.lichen.pl\\\/de\\\/rekolekcje-trzezwosciowe-ozywieni-slowem-18-20-czerwca-2021\\\/#article\",\"isPartOf\":{\"@id\":\"http:\\\/\\\/www.lichen.pl\\\/de\\\/rekolekcje-trzezwosciowe-ozywieni-slowem-18-20-czerwca-2021\\\/\"},\"author\":{\"name\":\"Arkadiusz Gorgolewski\",\"@id\":\"https:\\\/\\\/www.lichen.pl\\\/fr\\\/#\\\/schema\\\/person\\\/56fc5b38d70a2b34983408f9a457fd9d\"},\"headline\":\"Rekolekcje trze\u017awo\u015bciowe &#8220;O\u017cywieni S\u0142owem&#8221;, 18-20 czerwca 2021.\",\"datePublished\":\"2021-06-24T19:00:26+00:00\",\"dateModified\":\"2021-06-29T20:32:48+00:00\",\"mainEntityOfPage\":{\"@id\":\"http:\\\/\\\/www.lichen.pl\\\/de\\\/rekolekcje-trzezwosciowe-ozywieni-slowem-18-20-czerwca-2021\\\/\"},\"wordCount\":1145,\"commentCount\":0,\"image\":{\"@id\":\"http:\\\/\\\/www.lichen.pl\\\/de\\\/rekolekcje-trzezwosciowe-ozywieni-slowem-18-20-czerwca-2021\\\/#primaryimage\"},\"thumbnailUrl\":\"https:\\\/\\\/www.lichen.pl\\\/wp-content\\\/uploads\\\/2021\\\/04\\\/2021-plakat-rekolekcje-trzezwosciowe-scaled-e1624997896802.jpg\",\"articleSection\":[\"Aktualno\u015bci\"],\"inLanguage\":\"es\",\"potentialAction\":[{\"@type\":\"CommentAction\",\"name\":\"Comment\",\"target\":[\"http:\\\/\\\/www.lichen.pl\\\/de\\\/rekolekcje-trzezwosciowe-ozywieni-slowem-18-20-czerwca-2021\\\/#respond\"]}]},{\"@type\":\"WebPage\",\"@id\":\"http:\\\/\\\/www.lichen.pl\\\/de\\\/rekolekcje-trzezwosciowe-ozywieni-slowem-18-20-czerwca-2021\\\/\",\"url\":\"http:\\\/\\\/www.lichen.pl\\\/de\\\/rekolekcje-trzezwosciowe-ozywieni-slowem-18-20-czerwca-2021\\\/\",\"name\":\"Rekolekcje trze\u017awo\u015bciowe \\\"O\u017cywieni S\u0142owem\\\", 18-20 czerwca 2021. - SANKTUARIUM W LICHENIU\",\"isPartOf\":{\"@id\":\"https:\\\/\\\/www.lichen.pl\\\/fr\\\/#website\"},\"primaryImageOfPage\":{\"@id\":\"http:\\\/\\\/www.lichen.pl\\\/de\\\/rekolekcje-trzezwosciowe-ozywieni-slowem-18-20-czerwca-2021\\\/#primaryimage\"},\"image\":{\"@id\":\"http:\\\/\\\/www.lichen.pl\\\/de\\\/rekolekcje-trzezwosciowe-ozywieni-slowem-18-20-czerwca-2021\\\/#primaryimage\"},\"thumbnailUrl\":\"https:\\\/\\\/www.lichen.pl\\\/wp-content\\\/uploads\\\/2021\\\/04\\\/2021-plakat-rekolekcje-trzezwosciowe-scaled-e1624997896802.jpg\",\"datePublished\":\"2021-06-24T19:00:26+00:00\",\"dateModified\":\"2021-06-29T20:32:48+00:00\",\"author\":{\"@id\":\"https:\\\/\\\/www.lichen.pl\\\/fr\\\/#\\\/schema\\\/person\\\/56fc5b38d70a2b34983408f9a457fd9d\"},\"breadcrumb\":{\"@id\":\"http:\\\/\\\/www.lichen.pl\\\/de\\\/rekolekcje-trzezwosciowe-ozywieni-slowem-18-20-czerwca-2021\\\/#breadcrumb\"},\"inLanguage\":\"es\",\"potentialAction\":[{\"@type\":\"ReadAction\",\"target\":[\"http:\\\/\\\/www.lichen.pl\\\/de\\\/rekolekcje-trzezwosciowe-ozywieni-slowem-18-20-czerwca-2021\\\/\"]}]},{\"@type\":\"ImageObject\",\"inLanguage\":\"es\",\"@id\":\"http:\\\/\\\/www.lichen.pl\\\/de\\\/rekolekcje-trzezwosciowe-ozywieni-slowem-18-20-czerwca-2021\\\/#primaryimage\",\"url\":\"https:\\\/\\\/www.lichen.pl\\\/wp-content\\\/uploads\\\/2021\\\/04\\\/2021-plakat-rekolekcje-trzezwosciowe-scaled-e1624997896802.jpg\",\"contentUrl\":\"https:\\\/\\\/www.lichen.pl\\\/wp-content\\\/uploads\\\/2021\\\/04\\\/2021-plakat-rekolekcje-trzezwosciowe-scaled-e1624997896802.jpg\",\"width\":1810,\"height\":837},{\"@type\":\"BreadcrumbList\",\"@id\":\"http:\\\/\\\/www.lichen.pl\\\/de\\\/rekolekcje-trzezwosciowe-ozywieni-slowem-18-20-czerwca-2021\\\/#breadcrumb\",\"itemListElement\":[{\"@type\":\"ListItem\",\"position\":1,\"name\":\"Strona g\u0142\u00f3wna\",\"item\":\"https:\\\/\\\/www.lichen.pl\\\/\"},{\"@type\":\"ListItem\",\"position\":2,\"name\":\"Rekolekcje trze\u017awo\u015bciowe &#8220;O\u017cywieni S\u0142owem&#8221;, 18-20 czerwca 2021.\"}]},{\"@type\":\"WebSite\",\"@id\":\"https:\\\/\\\/www.lichen.pl\\\/fr\\\/#website\",\"url\":\"https:\\\/\\\/www.lichen.pl\\\/fr\\\/\",\"name\":\"SANKTUARIUM W LICHENIU\",\"description\":\"MATKI BO\u017bEJ LICHE\u0143SKIEJ BOLESNEJ KR\u00d3LOWEJ POLSKI\",\"potentialAction\":[{\"@type\":\"SearchAction\",\"target\":{\"@type\":\"EntryPoint\",\"urlTemplate\":\"https:\\\/\\\/www.lichen.pl\\\/fr\\\/?s={search_term_string}\"},\"query-input\":{\"@type\":\"PropertyValueSpecification\",\"valueRequired\":true,\"valueName\":\"search_term_string\"}}],\"inLanguage\":\"es\"},{\"@type\":\"Person\",\"@id\":\"https:\\\/\\\/www.lichen.pl\\\/fr\\\/#\\\/schema\\\/person\\\/56fc5b38d70a2b34983408f9a457fd9d\",\"name\":\"Arkadiusz Gorgolewski\",\"image\":{\"@type\":\"ImageObject\",\"inLanguage\":\"es\",\"@id\":\"https:\\\/\\\/secure.gravatar.com\\\/avatar\\\/0f571b370f5aa245b1fd3b9c945511b004fe17579bdefd5054d99f0ba315149c?s=96&d=retro&r=g\",\"url\":\"https:\\\/\\\/secure.gravatar.com\\\/avatar\\\/0f571b370f5aa245b1fd3b9c945511b004fe17579bdefd5054d99f0ba315149c?s=96&d=retro&r=g\",\"contentUrl\":\"https:\\\/\\\/secure.gravatar.com\\\/avatar\\\/0f571b370f5aa245b1fd3b9c945511b004fe17579bdefd5054d99f0ba315149c?s=96&d=retro&r=g\",\"caption\":\"Arkadiusz Gorgolewski\"},\"url\":\"https:\\\/\\\/www.lichen.pl\\\/es\\\/author\\\/sanadmin\\\/\"}]}<\/script>\n<!-- \/ Yoast SEO plugin. -->","yoast_head_json":{"title":"Rekolekcje trze\u017awo\u015bciowe \"O\u017cywieni S\u0142owem\", 18-20 czerwca 2021. - SANKTUARIUM W LICHENIU","robots":{"index":"index","follow":"follow","max-snippet":"max-snippet:-1","max-image-preview":"max-image-preview:large","max-video-preview":"max-video-preview:-1"},"canonical":"http:\/\/www.lichen.pl\/es\/rekolekcje-trzezwosciowe-ozywieni-slowem-18-20-czerwca-2021\/","og_locale":"es_ES","og_type":"article","og_title":"Rekolekcje trze\u017awo\u015bciowe \"O\u017cywieni S\u0142owem\", 18-20 czerwca 2021. - SANKTUARIUM W LICHENIU","og_description":"Niemal 60 os\u00f3b z ca\u0142ej Polski w weekend 18-20 czerwca, wzi\u0119\u0142o udzia\u0142 w rekolekcjach trze\u017awo\u015bciowych &#8220;O\u017cywieni S\u0142owem&#8221; organizowanych w Sanktuarium Matki Bo\u017cej Liche\u0144skiej W ci\u0105gu trzech dni rekolekcji uczestnicy wys\u0142uchali konferencji, kt\u00f3re odbywa\u0142y si\u0119 w klimacie modlitwy. W pi\u0105tek, 18 czerwca, na liche\u0144skiej Golgocie mia\u0142a miejsce wyj\u0105tkowa Droga Krzy\u017cowa po\u0142\u0105czona ze \u015bwiadectwami uczestnik\u00f3w. Kolejne rekolekcje [&hellip;]","og_url":"http:\/\/www.lichen.pl\/es\/rekolekcje-trzezwosciowe-ozywieni-slowem-18-20-czerwca-2021\/","og_site_name":"SANKTUARIUM W LICHENIU","article_published_time":"2021-06-24T19:00:26+00:00","article_modified_time":"2021-06-29T20:32:48+00:00","og_image":[{"width":1810,"height":837,"url":"http:\/\/www.lichen.pl\/wp-content\/uploads\/2021\/04\/2021-plakat-rekolekcje-trzezwosciowe-scaled-e1624997896802.jpg","type":"image\/jpeg"}],"author":"Arkadiusz Gorgolewski","twitter_card":"summary_large_image","twitter_misc":{"Escrito por":"Arkadiusz Gorgolewski","Tiempo de lectura":"5 minutos"},"schema":{"@context":"https:\/\/schema.org","@graph":[{"@type":"Article","@id":"http:\/\/www.lichen.pl\/de\/rekolekcje-trzezwosciowe-ozywieni-slowem-18-20-czerwca-2021\/#article","isPartOf":{"@id":"http:\/\/www.lichen.pl\/de\/rekolekcje-trzezwosciowe-ozywieni-slowem-18-20-czerwca-2021\/"},"author":{"name":"Arkadiusz Gorgolewski","@id":"https:\/\/www.lichen.pl\/fr\/#\/schema\/person\/56fc5b38d70a2b34983408f9a457fd9d"},"headline":"Rekolekcje trze\u017awo\u015bciowe &#8220;O\u017cywieni S\u0142owem&#8221;, 18-20 czerwca 2021.","datePublished":"2021-06-24T19:00:26+00:00","dateModified":"2021-06-29T20:32:48+00:00","mainEntityOfPage":{"@id":"http:\/\/www.lichen.pl\/de\/rekolekcje-trzezwosciowe-ozywieni-slowem-18-20-czerwca-2021\/"},"wordCount":1145,"commentCount":0,"image":{"@id":"http:\/\/www.lichen.pl\/de\/rekolekcje-trzezwosciowe-ozywieni-slowem-18-20-czerwca-2021\/#primaryimage"},"thumbnailUrl":"https:\/\/www.lichen.pl\/wp-content\/uploads\/2021\/04\/2021-plakat-rekolekcje-trzezwosciowe-scaled-e1624997896802.jpg","articleSection":["Aktualno\u015bci"],"inLanguage":"es","potentialAction":[{"@type":"CommentAction","name":"Comment","target":["http:\/\/www.lichen.pl\/de\/rekolekcje-trzezwosciowe-ozywieni-slowem-18-20-czerwca-2021\/#respond"]}]},{"@type":"WebPage","@id":"http:\/\/www.lichen.pl\/de\/rekolekcje-trzezwosciowe-ozywieni-slowem-18-20-czerwca-2021\/","url":"http:\/\/www.lichen.pl\/de\/rekolekcje-trzezwosciowe-ozywieni-slowem-18-20-czerwca-2021\/","name":"Rekolekcje trze\u017awo\u015bciowe \"O\u017cywieni S\u0142owem\", 18-20 czerwca 2021. - SANKTUARIUM W LICHENIU","isPartOf":{"@id":"https:\/\/www.lichen.pl\/fr\/#website"},"primaryImageOfPage":{"@id":"http:\/\/www.lichen.pl\/de\/rekolekcje-trzezwosciowe-ozywieni-slowem-18-20-czerwca-2021\/#primaryimage"},"image":{"@id":"http:\/\/www.lichen.pl\/de\/rekolekcje-trzezwosciowe-ozywieni-slowem-18-20-czerwca-2021\/#primaryimage"},"thumbnailUrl":"https:\/\/www.lichen.pl\/wp-content\/uploads\/2021\/04\/2021-plakat-rekolekcje-trzezwosciowe-scaled-e1624997896802.jpg","datePublished":"2021-06-24T19:00:26+00:00","dateModified":"2021-06-29T20:32:48+00:00","author":{"@id":"https:\/\/www.lichen.pl\/fr\/#\/schema\/person\/56fc5b38d70a2b34983408f9a457fd9d"},"breadcrumb":{"@id":"http:\/\/www.lichen.pl\/de\/rekolekcje-trzezwosciowe-ozywieni-slowem-18-20-czerwca-2021\/#breadcrumb"},"inLanguage":"es","potentialAction":[{"@type":"ReadAction","target":["http:\/\/www.lichen.pl\/de\/rekolekcje-trzezwosciowe-ozywieni-slowem-18-20-czerwca-2021\/"]}]},{"@type":"ImageObject","inLanguage":"es","@id":"http:\/\/www.lichen.pl\/de\/rekolekcje-trzezwosciowe-ozywieni-slowem-18-20-czerwca-2021\/#primaryimage","url":"https:\/\/www.lichen.pl\/wp-content\/uploads\/2021\/04\/2021-plakat-rekolekcje-trzezwosciowe-scaled-e1624997896802.jpg","contentUrl":"https:\/\/www.lichen.pl\/wp-content\/uploads\/2021\/04\/2021-plakat-rekolekcje-trzezwosciowe-scaled-e1624997896802.jpg","width":1810,"height":837},{"@type":"BreadcrumbList","@id":"http:\/\/www.lichen.pl\/de\/rekolekcje-trzezwosciowe-ozywieni-slowem-18-20-czerwca-2021\/#breadcrumb","itemListElement":[{"@type":"ListItem","position":1,"name":"Strona g\u0142\u00f3wna","item":"https:\/\/www.lichen.pl\/"},{"@type":"ListItem","position":2,"name":"Rekolekcje trze\u017awo\u015bciowe &#8220;O\u017cywieni S\u0142owem&#8221;, 18-20 czerwca 2021."}]},{"@type":"WebSite","@id":"https:\/\/www.lichen.pl\/fr\/#website","url":"https:\/\/www.lichen.pl\/fr\/","name":"SANTUARIO EN LICHENIA","description":"LA DOLOROSA REINA DE POLONIA DE NUESTRO LICHEN","potentialAction":[{"@type":"SearchAction","target":{"@type":"EntryPoint","urlTemplate":"https:\/\/www.lichen.pl\/fr\/?s={search_term_string}"},"query-input":{"@type":"PropertyValueSpecification","valueRequired":true,"valueName":"search_term_string"}}],"inLanguage":"es"},{"@type":"Person","@id":"https:\/\/www.lichen.pl\/fr\/#\/schema\/person\/56fc5b38d70a2b34983408f9a457fd9d","name":"Arkadiusz Gorgolewski","image":{"@type":"ImageObject","inLanguage":"es","@id":"https:\/\/secure.gravatar.com\/avatar\/0f571b370f5aa245b1fd3b9c945511b004fe17579bdefd5054d99f0ba315149c?s=96&d=retro&r=g","url":"https:\/\/secure.gravatar.com\/avatar\/0f571b370f5aa245b1fd3b9c945511b004fe17579bdefd5054d99f0ba315149c?s=96&d=retro&r=g","contentUrl":"https:\/\/secure.gravatar.com\/avatar\/0f571b370f5aa245b1fd3b9c945511b004fe17579bdefd5054d99f0ba315149c?s=96&d=retro&r=g","caption":"Arkadiusz Gorgolewski"},"url":"https:\/\/www.lichen.pl\/es\/author\/sanadmin\/"}]}},"_links":{"self":[{"href":"https:\/\/www.lichen.pl\/es\/wp-json\/wp\/v2\/posts\/16011","targetHints":{"allow":["GET"]}}],"collection":[{"href":"https:\/\/www.lichen.pl\/es\/wp-json\/wp\/v2\/posts"}],"about":[{"href":"https:\/\/www.lichen.pl\/es\/wp-json\/wp\/v2\/types\/post"}],"author":[{"embeddable":true,"href":"https:\/\/www.lichen.pl\/es\/wp-json\/wp\/v2\/users\/2"}],"replies":[{"embeddable":true,"href":"https:\/\/www.lichen.pl\/es\/wp-json\/wp\/v2\/comments?post=16011"}],"version-history":[{"count":23,"href":"https:\/\/www.lichen.pl\/es\/wp-json\/wp\/v2\/posts\/16011\/revisions"}],"predecessor-version":[{"id":16080,"href":"https:\/\/www.lichen.pl\/es\/wp-json\/wp\/v2\/posts\/16011\/revisions\/16080"}],"wp:featuredmedia":[{"embeddable":true,"href":"https:\/\/www.lichen.pl\/es\/wp-json\/wp\/v2\/media\/11985"}],"wp:attachment":[{"href":"https:\/\/www.lichen.pl\/es\/wp-json\/wp\/v2\/media?parent=16011"}],"wp:term":[{"taxonomy":"category","embeddable":true,"href":"https:\/\/www.lichen.pl\/es\/wp-json\/wp\/v2\/categories?post=16011"},{"taxonomy":"post_tag","embeddable":true,"href":"https:\/\/www.lichen.pl\/es\/wp-json\/wp\/v2\/tags?post=16011"}],"curies":[{"name":"wp","href":"https:\/\/api.w.org\/{rel}","templated":true}]}}