{"id":16364,"date":"2020-08-22T09:23:05","date_gmt":"2020-08-22T09:23:05","guid":{"rendered":"http:\/\/www.lichen.pl\/?p=16364"},"modified":"2021-06-30T10:20:30","modified_gmt":"2021-06-30T10:20:30","slug":"10-lecie-powstania-klasztoru-anuncjatek-w-grablinie","status":"publish","type":"post","link":"https:\/\/www.lichen.pl\/es\/10-lecie-powstania-klasztoru-anuncjatek-w-grablinie\/","title":{"rendered":"10\u00ba aniversario del Monasterio de la Anunciada en Gr\u0105blin"},"content":{"rendered":"<div data-elementor-type=\"wp-post\" data-elementor-id=\"16364\" class=\"elementor elementor-16364\" data-elementor-post-type=\"post\">\n\t\t\t\t\t\t<section class=\"elementor-section elementor-top-section elementor-element elementor-element-e5ed5c3 elementor-section-boxed elementor-section-height-default elementor-section-height-default\" data-id=\"e5ed5c3\" data-element_type=\"section\" data-e-type=\"section\">\n\t\t\t\t\t\t<div class=\"elementor-container elementor-column-gap-default\">\n\t\t\t\t\t<div class=\"elementor-column elementor-col-100 elementor-top-column elementor-element elementor-element-bb1d170\" data-id=\"bb1d170\" data-element_type=\"column\" data-e-type=\"column\">\n\t\t\t<div class=\"elementor-widget-wrap elementor-element-populated\">\n\t\t\t\t\t\t<div class=\"elementor-element elementor-element-7216d5e elementor-widget elementor-widget-image\" data-id=\"7216d5e\" data-element_type=\"widget\" data-e-type=\"widget\" data-widget_type=\"image.default\">\n\t\t\t\t<div class=\"elementor-widget-container\">\n\t\t\t\t\t\t\t\t\t\t\t\t\t\t\t<img fetchpriority=\"high\" decoding=\"async\" width=\"1024\" height=\"769\" src=\"https:\/\/www.lichen.pl\/wp-content\/uploads\/2020\/08\/22-sobota-anuncjatki192-1024x769.jpg\" class=\"attachment-large size-large wp-image-16532\" alt=\"\" srcset=\"https:\/\/www.lichen.pl\/wp-content\/uploads\/2020\/08\/22-sobota-anuncjatki192-1024x769.jpg 1024w, https:\/\/www.lichen.pl\/wp-content\/uploads\/2020\/08\/22-sobota-anuncjatki192-800x601.jpg 800w, https:\/\/www.lichen.pl\/wp-content\/uploads\/2020\/08\/22-sobota-anuncjatki192-300x225.jpg 300w, https:\/\/www.lichen.pl\/wp-content\/uploads\/2020\/08\/22-sobota-anuncjatki192-768x576.jpg 768w, https:\/\/www.lichen.pl\/wp-content\/uploads\/2020\/08\/22-sobota-anuncjatki192-1536x1153.jpg 1536w, https:\/\/www.lichen.pl\/wp-content\/uploads\/2020\/08\/22-sobota-anuncjatki192.jpg 1600w\" sizes=\"(max-width: 1024px) 100vw, 1024px\" \/>\t\t\t\t\t\t\t\t\t\t\t\t\t\t\t<\/div>\n\t\t\t\t<\/div>\n\t\t\t\t<div class=\"elementor-element elementor-element-7152a05 elementor-widget elementor-widget-text-editor\" data-id=\"7152a05\" data-element_type=\"widget\" data-e-type=\"widget\" data-widget_type=\"text-editor.default\">\n\t\t\t\t<div class=\"elementor-widget-container\">\n\t\t\t\t\t\t\t\t\t<p class=\"MsoNormal\" style=\"text-align: justify; text-indent: 35.4pt;\"><span style=\"color: #000000;\"><b>En memoria de la Sant\u00edsima Virgen Mar\u00eda Reina el 22 de agosto, cuando la Iglesia renueva la consagraci\u00f3n al Inmaculado Coraz\u00f3n de Mar\u00eda, las monjas Anunciadas agradecieron por el 10\u00ba aniversario de estancia en el Santuario de Nuestra Se\u00f1ora de Liche\u0144 y la dedicaci\u00f3n de la Iglesia de las 10 Virtudes Evang\u00e9licas de la Sant\u00edsima Virgen Mar\u00eda en Gr\u0105blin. Santa Misa estuvo presidida por el P. Wies\u0142aw Mering, obispo de W\u0142oc\u0142awek.<\/b><\/span><\/p><p class=\"MsoNormal\" style=\"text-align: justify; text-indent: 35.4pt;\"><span style=\"color: #000000;\">Los reunidos en la iglesia de Gr\u0105blin fueron recibidos por el P. Janusz Kumala, MIC, custodio del santuario Lichen. - Hace exactamente 10 a\u00f1os, el obispo consagr\u00f3 este templo, por lo que estamos agradecidos. La Iglesia de las 10 Virtudes Evang\u00e9licas de la Sant\u00edsima Virgen Mar\u00eda es un lugar santo en el lugar de las apariciones de Nuestra Se\u00f1ora de Liquen, santificado por la oraci\u00f3n y penitencia de millones de peregrinos. Las Hermanas de la Anunciada rezan por todos los peregrinos, la parroquia de Liche\u0144 y toda la di\u00f3cesis de W\u0142oc\u0142awek. Obispos, estamos agradecidos por el cuidado de la Iglesia local y las personas de vida consagrada en nuestra di\u00f3cesis - dijo el p. Janusz Kumala, recordando que hay tres comunidades de vida consagrada en Liche\u0144: las Hermanas de la Anunciada, las Hermanas del Santo Nombre de Jes\u00fas y los Padres Marianos de la Inmaculada Concepci\u00f3n de la Sant\u00edsima Virgen Mar\u00eda. El sacerdote custodio asegur\u00f3 al obispo de W\u0142oc\u0142awek sobre la oraci\u00f3n y tambi\u00e9n pidi\u00f3 apoyo en la oraci\u00f3n.<\/span><\/p>\t\t\t\t\t\t\t\t<\/div>\n\t\t\t\t<\/div>\n\t\t\t\t<div class=\"elementor-element elementor-element-4f174d3 elementor-skin-carousel elementor-arrows-yes elementor-pagination-type-bullets elementor-pagination-position-outside elementor-widget elementor-widget-media-carousel\" data-id=\"4f174d3\" data-element_type=\"widget\" data-e-type=\"widget\" data-settings=\"{&quot;skin&quot;:&quot;carousel&quot;,&quot;effect&quot;:&quot;slide&quot;,&quot;show_arrows&quot;:&quot;yes&quot;,&quot;pagination&quot;:&quot;bullets&quot;,&quot;speed&quot;:500,&quot;autoplay&quot;:&quot;yes&quot;,&quot;autoplay_speed&quot;:5000,&quot;loop&quot;:&quot;yes&quot;,&quot;pause_on_hover&quot;:&quot;yes&quot;,&quot;pause_on_interaction&quot;:&quot;yes&quot;,&quot;space_between&quot;:{&quot;unit&quot;:&quot;px&quot;,&quot;size&quot;:10,&quot;sizes&quot;:[]},&quot;space_between_tablet&quot;:{&quot;unit&quot;:&quot;px&quot;,&quot;size&quot;:10,&quot;sizes&quot;:[]},&quot;space_between_mobile&quot;:{&quot;unit&quot;:&quot;px&quot;,&quot;size&quot;:10,&quot;sizes&quot;:[]}}\" data-widget_type=\"media-carousel.default\">\n\t\t\t\t<div class=\"elementor-widget-container\">\n\t\t\t\t\t\t\t\t\t<div class=\"elementor-swiper\">\n\t\t\t\t\t<div class=\"elementor-main-swiper swiper\" role=\"region\" aria-roledescription=\"carousel\" aria-label=\"Slajdy\">\n\t\t\t\t<div class=\"swiper-wrapper\">\n\t\t\t\t\t\t\t\t\t\t\t<div class=\"swiper-slide\" role=\"group\" aria-roledescription=\"slide\">\n\t\t\t\t\t\t\t\t\t<div class=\"elementor-carousel-image\" role=\"img\" aria-label=\"22 sobota anuncjatki143\" style=\"background-image: url(&#039;https:\/\/www.lichen.pl\/wp-content\/uploads\/2020\/08\/22-sobota-anuncjatki143.jpg&#039;)\">\n\n\t\t\t\n\t\t\t\t\t<\/div>\n\t\t\t\t\t\t\t\t<\/div>\n\t\t\t\t\t\t\t\t\t\t\t<div class=\"swiper-slide\" role=\"group\" aria-roledescription=\"slide\">\n\t\t\t\t\t\t\t\t\t<div class=\"elementor-carousel-image\" role=\"img\" aria-label=\"22 sobota anuncjatki140\" style=\"background-image: url(&#039;https:\/\/www.lichen.pl\/wp-content\/uploads\/2020\/08\/22-sobota-anuncjatki140.jpg&#039;)\">\n\n\t\t\t\n\t\t\t\t\t<\/div>\n\t\t\t\t\t\t\t\t<\/div>\n\t\t\t\t\t\t\t\t\t\t\t<div class=\"swiper-slide\" role=\"group\" aria-roledescription=\"slide\">\n\t\t\t\t\t\t\t\t\t<div class=\"elementor-carousel-image\" role=\"img\" aria-label=\"22 sobota anuncjatki139\" style=\"background-image: url(&#039;https:\/\/www.lichen.pl\/wp-content\/uploads\/2020\/08\/22-sobota-anuncjatki139.jpg&#039;)\">\n\n\t\t\t\n\t\t\t\t\t<\/div>\n\t\t\t\t\t\t\t\t<\/div>\n\t\t\t\t\t\t\t\t\t\t\t<div class=\"swiper-slide\" role=\"group\" aria-roledescription=\"slide\">\n\t\t\t\t\t\t\t\t\t<div class=\"elementor-carousel-image\" role=\"img\" aria-label=\"22 sobota anuncjatki148\" style=\"background-image: url(&#039;https:\/\/www.lichen.pl\/wp-content\/uploads\/2020\/08\/22-sobota-anuncjatki148.jpg&#039;)\">\n\n\t\t\t\n\t\t\t\t\t<\/div>\n\t\t\t\t\t\t\t\t<\/div>\n\t\t\t\t\t\t\t\t\t\t\t<div class=\"swiper-slide\" role=\"group\" aria-roledescription=\"slide\">\n\t\t\t\t\t\t\t\t\t<div class=\"elementor-carousel-image\" role=\"img\" aria-label=\"22 sobota anuncjatki144\" style=\"background-image: url(&#039;https:\/\/www.lichen.pl\/wp-content\/uploads\/2020\/08\/22-sobota-anuncjatki144.jpg&#039;)\">\n\n\t\t\t\n\t\t\t\t\t<\/div>\n\t\t\t\t\t\t\t\t<\/div>\n\t\t\t\t\t\t\t\t\t<\/div>\n\t\t\t\t\t\t\t\t\t\t\t\t\t\t\t<div class=\"elementor-swiper-button elementor-swiper-button-prev\" role=\"button\" tabindex=\"0\" aria-label=\"Poprzedni\">\n\t\t\t\t\t\t\t<i aria-hidden=\"true\" class=\"eicon-chevron-left\"><\/i>\t\t\t\t\t\t<\/div>\n\t\t\t\t\t\t<div class=\"elementor-swiper-button elementor-swiper-button-next\" role=\"button\" tabindex=\"0\" aria-label=\"Nast\u0119pny\">\n\t\t\t\t\t\t\t<i aria-hidden=\"true\" class=\"eicon-chevron-right\"><\/i>\t\t\t\t\t\t<\/div>\n\t\t\t\t\t\t\t\t\t\t\t\t\t\t\t\t<div class=\"swiper-pagination\"><\/div>\n\t\t\t\t\t\t\t\t\t\t\t\t<\/div>\n\t\t\t\t<\/div>\n\t\t\t\t\t\t\t\t<\/div>\n\t\t\t\t<\/div>\n\t\t\t\t<div class=\"elementor-element elementor-element-554a389 elementor-widget elementor-widget-text-editor\" data-id=\"554a389\" data-element_type=\"widget\" data-e-type=\"widget\" data-widget_type=\"text-editor.default\">\n\t\t\t\t<div class=\"elementor-widget-container\">\n\t\t\t\t\t\t\t\t\t<p class=\"MsoNormal\" style=\"text-align: justify; text-indent: 35.4pt;\"><span style=\"color: #000000;\">La homil\u00eda fue pronunciada por el P. Eugeniusz Zarzeczny, MIC, sacerdote del Seminario Mayor de la Congregaci\u00f3n de los Padres Marianos en Lublin. Not\u00f3 que en el monasterio de Gr\u0105blin, los fieles experimentaban un profundo amor por Dios y la Madre de Dios. - Mar\u00eda muestra que se puede estar cerca de Dios y no perder nada - explic\u00f3, refiri\u00e9ndose al s\u00edmbolo del Antiguo Testamento de una zarza ardiente que ard\u00eda en llamas pero no ard\u00eda. - El fuego de Dios permiti\u00f3 a Mar\u00eda comprender el sentido de su vida. Dios est\u00e1 m\u00e1s complacido con un coraz\u00f3n abierto que conf\u00eda en \u00c9l. Agradecemos a las Hermanas que, en el silencio de la iglesia y del oratorio, oran y piden favores para todos. Bendito sea Dios por su presencia y rica espiritualidad, dijo la mariana.<\/span><\/p><p class=\"MsoNormal\" style=\"text-align: justify; text-indent: 35.4pt;\"><span style=\"color: #000000;\">Despu\u00e9s de la Eucarist\u00eda, las hermanas cantaron alegres\u00a0<i>magn\u00edficat<\/i>glorificando a Dios. Madre Mar\u00eda de las Bienaventuranzas, abadesa de Francia - la Virgen Mar\u00eda, que puso su fuerza en Dios, nos muestra el camino de la pobreza y la fragilidad, expresando su gratitud por los 10 a\u00f1os de estancia de las Hermanas Anunciadas en Gr\u0105blin. La Orden de las Anunciadas sigue siendo peque\u00f1a en n\u00famero, llamada a la oraci\u00f3n. Estamos agradecidos por la recepci\u00f3n de las Hermanas de la Anunciada por parte de los sacerdotes marianos y los habitantes locales de Gr\u0105blin. Gracias porque podemos llevar a cabo nuestra misi\u00f3n de dar gloria a Dios delante de Mar\u00eda, dijo una madre de Francia. La Hermana Ludwika Maria, Superiora de la Comunidad Liquen de las Anunciadas, tambi\u00e9n agradeci\u00f3 al P. pb. Mering por presidir la Eucarist\u00eda, y al P. Monse\u00f1or Zbigniew Caba\u0144ski, el vicario del obispo y los sacerdotes marianos por concelebrar la Santa Misa. Se alegr\u00f3 de ver a todos presentes.<\/span><\/p><p class=\"MsoNormal\" style=\"text-align: justify; text-indent: 35.4pt;\"><span style=\"color: #000000;\">Los representantes del consejo parroquial, las comunidades de evangelizaci\u00f3n por Internet y las autoridades del pueblo de Gr\u0105blin expresaron sus mejores deseos a las hermanas del cumplea\u00f1os. - Las Hermanas de la Anunciada no estar\u00edan aqu\u00ed si no fuera por el servicio de los sacerdotes marianos en Liche\u0144. Muchas palabras de agradecimiento a las hermanas, algo tenemos que agradecer. Ambas congregaciones son muy importantes en el mapa de la Iglesia de W\u0142oc\u0142awek, que tiene casi 900 a\u00f1os de historia. Me alegro de que se haya enriquecido con comunidades de vida consagrada -agradeci\u00f3 el obispo-.<\/span><\/p><p class=\"MsoNormal\" style=\"text-align: justify; text-indent: 35.4pt;\"><span style=\"color: #000000;\">Para el marco de la Santa Misa De ella se encarg\u00f3 el coro parroquial &quot;Virtus Dei&quot;, que desde hace muchos a\u00f1os acompa\u00f1a a las monjas de la Anunciada en sus celebraciones.<\/span><\/p><p class=\"MsoNormal\" style=\"text-align: justify; text-indent: 35.4pt;\"><span style=\"color: #000000;\">Se puede encontrar m\u00e1s informaci\u00f3n sobre la orden contemplativa de las Anunciadas en su sitio web: www.anuncjatki.pl.\u00a0<\/span><\/p>\t\t\t\t\t\t\t\t<\/div>\n\t\t\t\t<\/div>\n\t\t\t\t<div class=\"elementor-element elementor-element-3dfbe88 elementor-widget elementor-widget-image\" data-id=\"3dfbe88\" data-element_type=\"widget\" data-e-type=\"widget\" data-widget_type=\"image.default\">\n\t\t\t\t<div class=\"elementor-widget-container\">\n\t\t\t\t\t\t\t\t\t\t\t\t\t\t\t<img decoding=\"async\" width=\"769\" height=\"1024\" src=\"https:\/\/www.lichen.pl\/wp-content\/uploads\/2020\/08\/22-sobota-anuncjatki190-769x1024.jpg\" class=\"attachment-large size-large wp-image-16617\" alt=\"\" srcset=\"https:\/\/www.lichen.pl\/wp-content\/uploads\/2020\/08\/22-sobota-anuncjatki190-769x1024.jpg 769w, https:\/\/www.lichen.pl\/wp-content\/uploads\/2020\/08\/22-sobota-anuncjatki190-800x1066.jpg 800w, https:\/\/www.lichen.pl\/wp-content\/uploads\/2020\/08\/22-sobota-anuncjatki190-225x300.jpg 225w, https:\/\/www.lichen.pl\/wp-content\/uploads\/2020\/08\/22-sobota-anuncjatki190-768x1023.jpg 768w, https:\/\/www.lichen.pl\/wp-content\/uploads\/2020\/08\/22-sobota-anuncjatki190-1153x1536.jpg 1153w, https:\/\/www.lichen.pl\/wp-content\/uploads\/2020\/08\/22-sobota-anuncjatki190.jpg 961w\" sizes=\"(max-width: 769px) 100vw, 769px\" \/>\t\t\t\t\t\t\t\t\t\t\t\t\t\t\t<\/div>\n\t\t\t\t<\/div>\n\t\t\t\t\t<\/div>\n\t\t<\/div>\n\t\t\t\t\t<\/div>\n\t\t<\/section>\n\t\t\t\t<section class=\"elementor-section elementor-top-section elementor-element elementor-element-fd91aaf elementor-section-boxed elementor-section-height-default elementor-section-height-default\" data-id=\"fd91aaf\" data-element_type=\"section\" data-e-type=\"section\">\n\t\t\t\t\t\t<div class=\"elementor-container elementor-column-gap-default\">\n\t\t\t\t\t<div class=\"elementor-column elementor-col-100 elementor-top-column elementor-element elementor-element-b30ff46\" data-id=\"b30ff46\" data-element_type=\"column\" data-e-type=\"column\">\n\t\t\t<div class=\"elementor-widget-wrap elementor-element-populated\">\n\t\t\t\t\t\t<div class=\"elementor-element elementor-element-4127a21 elementor-widget elementor-widget-gallery\" data-id=\"4127a21\" data-element_type=\"widget\" data-e-type=\"widget\" data-settings=\"{&quot;lazyload&quot;:&quot;yes&quot;,&quot;gallery_layout&quot;:&quot;grid&quot;,&quot;columns&quot;:4,&quot;columns_tablet&quot;:2,&quot;columns_mobile&quot;:1,&quot;gap&quot;:{&quot;unit&quot;:&quot;px&quot;,&quot;size&quot;:10,&quot;sizes&quot;:[]},&quot;gap_tablet&quot;:{&quot;unit&quot;:&quot;px&quot;,&quot;size&quot;:10,&quot;sizes&quot;:[]},&quot;gap_mobile&quot;:{&quot;unit&quot;:&quot;px&quot;,&quot;size&quot;:10,&quot;sizes&quot;:[]},&quot;link_to&quot;:&quot;file&quot;,&quot;aspect_ratio&quot;:&quot;3:2&quot;,&quot;overlay_background&quot;:&quot;yes&quot;,&quot;content_hover_animation&quot;:&quot;fade-in&quot;}\" data-widget_type=\"gallery.default\">\n\t\t\t\t<div class=\"elementor-widget-container\">\n\t\t\t\t\t\t\t<div class=\"elementor-gallery__container\">\n\t\t\t\t\t\t\t<a class=\"e-gallery-item elementor-gallery-item elementor-animated-content\" href=\"https:\/\/www.lichen.pl\/wp-content\/uploads\/2020\/08\/22-sobota-anuncjatki140.jpg\" data-elementor-open-lightbox=\"yes\" data-elementor-lightbox-slideshow=\"4127a21\" data-elementor-lightbox-title=\"22 sobota anuncjatki140\" data-e-action-hash=\"#elementor-action%3Aaction%3Dlightbox%26settings%3DeyJpZCI6MTY1NDIsInVybCI6Imh0dHBzOlwvXC93d3cubGljaGVuLnBsXC93cC1jb250ZW50XC91cGxvYWRzXC8yMDIwXC8wOFwvMjItc29ib3RhLWFudW5jamF0a2kxNDAuanBnIiwic2xpZGVzaG93IjoiNDEyN2EyMSJ9\">\n\t\t\t\t\t<div class=\"e-gallery-image elementor-gallery-item__image\" data-thumbnail=\"https:\/\/www.lichen.pl\/wp-content\/uploads\/2020\/08\/22-sobota-anuncjatki140-225x300.jpg\" data-width=\"225\" data-height=\"300\" aria-label=\"\" role=\"img\" ><\/div>\n\t\t\t\t\t\t\t\t\t\t\t<div class=\"elementor-gallery-item__overlay\"><\/div>\n\t\t\t\t\t\t\t\t\t\t\t\t\t\t<\/a>\n\t\t\t\t\t\t\t<a class=\"e-gallery-item elementor-gallery-item elementor-animated-content\" href=\"https:\/\/www.lichen.pl\/wp-content\/uploads\/2020\/08\/22-sobota-anuncjatki152.jpg\" data-elementor-open-lightbox=\"yes\" data-elementor-lightbox-slideshow=\"4127a21\" data-elementor-lightbox-title=\"22 sobota anuncjatki152\" data-e-action-hash=\"#elementor-action%3Aaction%3Dlightbox%26settings%3DeyJpZCI6MTY1NjcsInVybCI6Imh0dHBzOlwvXC93d3cubGljaGVuLnBsXC93cC1jb250ZW50XC91cGxvYWRzXC8yMDIwXC8wOFwvMjItc29ib3RhLWFudW5jamF0a2kxNTIuanBnIiwic2xpZGVzaG93IjoiNDEyN2EyMSJ9\">\n\t\t\t\t\t<div class=\"e-gallery-image elementor-gallery-item__image\" data-thumbnail=\"https:\/\/www.lichen.pl\/wp-content\/uploads\/2020\/08\/22-sobota-anuncjatki152-225x300.jpg\" data-width=\"225\" data-height=\"300\" aria-label=\"\" role=\"img\" ><\/div>\n\t\t\t\t\t\t\t\t\t\t\t<div class=\"elementor-gallery-item__overlay\"><\/div>\n\t\t\t\t\t\t\t\t\t\t\t\t\t\t<\/a>\n\t\t\t\t\t\t\t<a class=\"e-gallery-item elementor-gallery-item elementor-animated-content\" href=\"https:\/\/www.lichen.pl\/wp-content\/uploads\/2020\/08\/22-sobota-anuncjatki153.jpg\" data-elementor-open-lightbox=\"yes\" data-elementor-lightbox-slideshow=\"4127a21\" data-elementor-lightbox-title=\"22 sobota anuncjatki153\" data-e-action-hash=\"#elementor-action%3Aaction%3Dlightbox%26settings%3DeyJpZCI6MTY1NzIsInVybCI6Imh0dHBzOlwvXC93d3cubGljaGVuLnBsXC93cC1jb250ZW50XC91cGxvYWRzXC8yMDIwXC8wOFwvMjItc29ib3RhLWFudW5jamF0a2kxNTMuanBnIiwic2xpZGVzaG93IjoiNDEyN2EyMSJ9\">\n\t\t\t\t\t<div class=\"e-gallery-image elementor-gallery-item__image\" data-thumbnail=\"https:\/\/www.lichen.pl\/wp-content\/uploads\/2020\/08\/22-sobota-anuncjatki153-300x225.jpg\" data-width=\"300\" data-height=\"225\" aria-label=\"\" role=\"img\" ><\/div>\n\t\t\t\t\t\t\t\t\t\t\t<div class=\"elementor-gallery-item__overlay\"><\/div>\n\t\t\t\t\t\t\t\t\t\t\t\t\t\t<\/a>\n\t\t\t\t\t\t\t<a class=\"e-gallery-item elementor-gallery-item elementor-animated-content\" href=\"https:\/\/www.lichen.pl\/wp-content\/uploads\/2020\/08\/22-sobota-anuncjatki157.jpg\" data-elementor-open-lightbox=\"yes\" data-elementor-lightbox-slideshow=\"4127a21\" data-elementor-lightbox-title=\"22 sobota anuncjatki157\" data-e-action-hash=\"#elementor-action%3Aaction%3Dlightbox%26settings%3DeyJpZCI6MTY1NzcsInVybCI6Imh0dHBzOlwvXC93d3cubGljaGVuLnBsXC93cC1jb250ZW50XC91cGxvYWRzXC8yMDIwXC8wOFwvMjItc29ib3RhLWFudW5jamF0a2kxNTcuanBnIiwic2xpZGVzaG93IjoiNDEyN2EyMSJ9\">\n\t\t\t\t\t<div class=\"e-gallery-image elementor-gallery-item__image\" data-thumbnail=\"https:\/\/www.lichen.pl\/wp-content\/uploads\/2020\/08\/22-sobota-anuncjatki157-225x300.jpg\" data-width=\"225\" data-height=\"300\" aria-label=\"\" role=\"img\" ><\/div>\n\t\t\t\t\t\t\t\t\t\t\t<div class=\"elementor-gallery-item__overlay\"><\/div>\n\t\t\t\t\t\t\t\t\t\t\t\t\t\t<\/a>\n\t\t\t\t\t\t\t<a class=\"e-gallery-item elementor-gallery-item elementor-animated-content\" href=\"https:\/\/www.lichen.pl\/wp-content\/uploads\/2020\/08\/22-sobota-anuncjatki158.jpg\" data-elementor-open-lightbox=\"yes\" data-elementor-lightbox-slideshow=\"4127a21\" data-elementor-lightbox-title=\"22 sobota anuncjatki158\" data-e-action-hash=\"#elementor-action%3Aaction%3Dlightbox%26settings%3DeyJpZCI6MTY1ODIsInVybCI6Imh0dHBzOlwvXC93d3cubGljaGVuLnBsXC93cC1jb250ZW50XC91cGxvYWRzXC8yMDIwXC8wOFwvMjItc29ib3RhLWFudW5jamF0a2kxNTguanBnIiwic2xpZGVzaG93IjoiNDEyN2EyMSJ9\">\n\t\t\t\t\t<div class=\"e-gallery-image elementor-gallery-item__image\" data-thumbnail=\"https:\/\/www.lichen.pl\/wp-content\/uploads\/2020\/08\/22-sobota-anuncjatki158-300x225.jpg\" data-width=\"300\" data-height=\"225\" aria-label=\"\" role=\"img\" ><\/div>\n\t\t\t\t\t\t\t\t\t\t\t<div class=\"elementor-gallery-item__overlay\"><\/div>\n\t\t\t\t\t\t\t\t\t\t\t\t\t\t<\/a>\n\t\t\t\t\t\t\t<a class=\"e-gallery-item elementor-gallery-item elementor-animated-content\" href=\"https:\/\/www.lichen.pl\/wp-content\/uploads\/2020\/08\/22-sobota-anuncjatki167.jpg\" data-elementor-open-lightbox=\"yes\" data-elementor-lightbox-slideshow=\"4127a21\" data-elementor-lightbox-title=\"22 sobota anuncjatki167\" data-e-action-hash=\"#elementor-action%3Aaction%3Dlightbox%26settings%3DeyJpZCI6MTY1ODcsInVybCI6Imh0dHBzOlwvXC93d3cubGljaGVuLnBsXC93cC1jb250ZW50XC91cGxvYWRzXC8yMDIwXC8wOFwvMjItc29ib3RhLWFudW5jamF0a2kxNjcuanBnIiwic2xpZGVzaG93IjoiNDEyN2EyMSJ9\">\n\t\t\t\t\t<div class=\"e-gallery-image elementor-gallery-item__image\" data-thumbnail=\"https:\/\/www.lichen.pl\/wp-content\/uploads\/2020\/08\/22-sobota-anuncjatki167-300x225.jpg\" data-width=\"300\" data-height=\"225\" aria-label=\"\" role=\"img\" ><\/div>\n\t\t\t\t\t\t\t\t\t\t\t<div class=\"elementor-gallery-item__overlay\"><\/div>\n\t\t\t\t\t\t\t\t\t\t\t\t\t\t<\/a>\n\t\t\t\t\t\t\t<a class=\"e-gallery-item elementor-gallery-item elementor-animated-content\" href=\"https:\/\/www.lichen.pl\/wp-content\/uploads\/2020\/08\/22-sobota-anuncjatki168.jpg\" data-elementor-open-lightbox=\"yes\" data-elementor-lightbox-slideshow=\"4127a21\" data-elementor-lightbox-title=\"22 sobota anuncjatki168\" data-e-action-hash=\"#elementor-action%3Aaction%3Dlightbox%26settings%3DeyJpZCI6MTY1OTIsInVybCI6Imh0dHBzOlwvXC93d3cubGljaGVuLnBsXC93cC1jb250ZW50XC91cGxvYWRzXC8yMDIwXC8wOFwvMjItc29ib3RhLWFudW5jamF0a2kxNjguanBnIiwic2xpZGVzaG93IjoiNDEyN2EyMSJ9\">\n\t\t\t\t\t<div class=\"e-gallery-image elementor-gallery-item__image\" data-thumbnail=\"https:\/\/www.lichen.pl\/wp-content\/uploads\/2020\/08\/22-sobota-anuncjatki168-300x225.jpg\" data-width=\"300\" data-height=\"225\" aria-label=\"\" role=\"img\" ><\/div>\n\t\t\t\t\t\t\t\t\t\t\t<div class=\"elementor-gallery-item__overlay\"><\/div>\n\t\t\t\t\t\t\t\t\t\t\t\t\t\t<\/a>\n\t\t\t\t\t\t\t<a class=\"e-gallery-item elementor-gallery-item elementor-animated-content\" href=\"https:\/\/www.lichen.pl\/wp-content\/uploads\/2020\/08\/22-sobota-anuncjatki171.jpg\" data-elementor-open-lightbox=\"yes\" data-elementor-lightbox-slideshow=\"4127a21\" data-elementor-lightbox-title=\"22 sobota anuncjatki171\" data-e-action-hash=\"#elementor-action%3Aaction%3Dlightbox%26settings%3DeyJpZCI6MTY1OTcsInVybCI6Imh0dHBzOlwvXC93d3cubGljaGVuLnBsXC93cC1jb250ZW50XC91cGxvYWRzXC8yMDIwXC8wOFwvMjItc29ib3RhLWFudW5jamF0a2kxNzEuanBnIiwic2xpZGVzaG93IjoiNDEyN2EyMSJ9\">\n\t\t\t\t\t<div class=\"e-gallery-image elementor-gallery-item__image\" data-thumbnail=\"https:\/\/www.lichen.pl\/wp-content\/uploads\/2020\/08\/22-sobota-anuncjatki171-300x225.jpg\" data-width=\"300\" data-height=\"225\" aria-label=\"\" role=\"img\" ><\/div>\n\t\t\t\t\t\t\t\t\t\t\t<div class=\"elementor-gallery-item__overlay\"><\/div>\n\t\t\t\t\t\t\t\t\t\t\t\t\t\t<\/a>\n\t\t\t\t\t<\/div>\n\t\t\t\t\t<\/div>\n\t\t\t\t<\/div>\n\t\t\t\t\t<\/div>\n\t\t<\/div>\n\t\t\t\t\t<\/div>\n\t\t<\/section>\n\t\t\t\t<\/div>","protected":false},"excerpt":{"rendered":"<p>We wspomnienie Naj\u015bwi\u0119tszej Maryi Panny Kr\u00f3lowej 22 sierpnia, kiedy Ko\u015bci\u00f3\u0142 odnawia po\u015bwi\u0119cenie si\u0119 Niepokalanemu Sercu Maryi, siostry anuncjatki dzi\u0119kowa\u0142y za jubileusz 10-lecia przebywania w Sanktuarium Matki Bo\u017cej Liche\u0144skiej i po\u015bwi\u0119cenia ko\u015bcio\u0142a 10 Cn\u00f3t Ewangelicznych Naj\u015bwi\u0119tszej Maryi Panny w Gr\u0105blinie. Mszy \u015aw. przewodniczy\u0142 ks. bp Wies\u0142aw Mering, ordynariusz w\u0142oc\u0142awski. Zgromadzonych w gr\u0105bli\u0144skim ko\u015bciele powita\u0142 ks. Janusz [&hellip;]<\/p>\n","protected":false},"author":6,"featured_media":16547,"comment_status":"open","ping_status":"open","sticky":false,"template":"","format":"standard","meta":{"footnotes":""},"categories":[1],"tags":[],"class_list":["post-16364","post","type-post","status-publish","format-standard","has-post-thumbnail","hentry","category-aktualnosci","wpbf-post"],"yoast_head":"<!-- This site is optimized with the Yoast SEO plugin v27.4 - https:\/\/yoast.com\/product\/yoast-seo-wordpress\/ -->\n<title>10-lecie powstania klasztoru anuncjatek w Gr\u0105blinie - SANKTUARIUM W LICHENIU<\/title>\n<meta name=\"robots\" content=\"index, follow, max-snippet:-1, max-image-preview:large, max-video-preview:-1\" \/>\n<link rel=\"canonical\" href=\"https:\/\/www.lichen.pl\/es\/10-lecie-powstania-klasztoru-anuncjatek-w-grablinie\/\" \/>\n<meta property=\"og:locale\" content=\"es_ES\" \/>\n<meta property=\"og:type\" content=\"article\" \/>\n<meta property=\"og:title\" content=\"10-lecie powstania klasztoru anuncjatek w Gr\u0105blinie - SANKTUARIUM W LICHENIU\" \/>\n<meta property=\"og:description\" content=\"We wspomnienie Naj\u015bwi\u0119tszej Maryi Panny Kr\u00f3lowej 22 sierpnia, kiedy Ko\u015bci\u00f3\u0142 odnawia po\u015bwi\u0119cenie si\u0119 Niepokalanemu Sercu Maryi, siostry anuncjatki dzi\u0119kowa\u0142y za jubileusz 10-lecia przebywania w Sanktuarium Matki Bo\u017cej Liche\u0144skiej i po\u015bwi\u0119cenia ko\u015bcio\u0142a 10 Cn\u00f3t Ewangelicznych Naj\u015bwi\u0119tszej Maryi Panny w Gr\u0105blinie. Mszy \u015aw. przewodniczy\u0142 ks. bp Wies\u0142aw Mering, ordynariusz w\u0142oc\u0142awski. Zgromadzonych w gr\u0105bli\u0144skim ko\u015bciele powita\u0142 ks. Janusz [&hellip;]\" \/>\n<meta property=\"og:url\" content=\"https:\/\/www.lichen.pl\/es\/10-lecie-powstania-klasztoru-anuncjatek-w-grablinie\/\" \/>\n<meta property=\"og:site_name\" content=\"SANKTUARIUM W LICHENIU\" \/>\n<meta property=\"article:published_time\" content=\"2020-08-22T09:23:05+00:00\" \/>\n<meta property=\"article:modified_time\" content=\"2021-06-30T10:20:30+00:00\" \/>\n<meta property=\"og:image\" content=\"https:\/\/www.lichen.pl\/wp-content\/uploads\/2020\/08\/22-sobota-anuncjatki143.jpg\" \/>\n\t<meta property=\"og:image:width\" content=\"1600\" \/>\n\t<meta property=\"og:image:height\" content=\"1201\" \/>\n\t<meta property=\"og:image:type\" content=\"image\/jpeg\" \/>\n<meta name=\"author\" content=\"AMELIA SIUDA-KOSZELA\" \/>\n<meta name=\"twitter:card\" content=\"summary_large_image\" \/>\n<meta name=\"twitter:label1\" content=\"Escrito por\" \/>\n\t<meta name=\"twitter:data1\" content=\"AMELIA SIUDA-KOSZELA\" \/>\n\t<meta name=\"twitter:label2\" content=\"Tiempo de lectura\" \/>\n\t<meta name=\"twitter:data2\" content=\"3 minutos\" \/>\n<script type=\"application\/ld+json\" class=\"yoast-schema-graph\">{\"@context\":\"https:\\\/\\\/schema.org\",\"@graph\":[{\"@type\":\"Article\",\"@id\":\"https:\\\/\\\/www.lichen.pl\\\/it\\\/10-lecie-powstania-klasztoru-anuncjatek-w-grablinie\\\/#article\",\"isPartOf\":{\"@id\":\"https:\\\/\\\/www.lichen.pl\\\/it\\\/10-lecie-powstania-klasztoru-anuncjatek-w-grablinie\\\/\"},\"author\":{\"name\":\"AMELIA SIUDA-KOSZELA\",\"@id\":\"https:\\\/\\\/www.lichen.pl\\\/fr\\\/#\\\/schema\\\/person\\\/70bf824c102f176cf976b0d90af0d62a\"},\"headline\":\"10-lecie powstania klasztoru anuncjatek w Gr\u0105blinie\",\"datePublished\":\"2020-08-22T09:23:05+00:00\",\"dateModified\":\"2021-06-30T10:20:30+00:00\",\"mainEntityOfPage\":{\"@id\":\"https:\\\/\\\/www.lichen.pl\\\/it\\\/10-lecie-powstania-klasztoru-anuncjatek-w-grablinie\\\/\"},\"wordCount\":652,\"commentCount\":0,\"image\":{\"@id\":\"https:\\\/\\\/www.lichen.pl\\\/it\\\/10-lecie-powstania-klasztoru-anuncjatek-w-grablinie\\\/#primaryimage\"},\"thumbnailUrl\":\"https:\\\/\\\/www.lichen.pl\\\/wp-content\\\/uploads\\\/2020\\\/08\\\/22-sobota-anuncjatki143.jpg\",\"articleSection\":[\"Aktualno\u015bci\"],\"inLanguage\":\"es\",\"potentialAction\":[{\"@type\":\"CommentAction\",\"name\":\"Comment\",\"target\":[\"https:\\\/\\\/www.lichen.pl\\\/it\\\/10-lecie-powstania-klasztoru-anuncjatek-w-grablinie\\\/#respond\"]}]},{\"@type\":\"WebPage\",\"@id\":\"https:\\\/\\\/www.lichen.pl\\\/it\\\/10-lecie-powstania-klasztoru-anuncjatek-w-grablinie\\\/\",\"url\":\"https:\\\/\\\/www.lichen.pl\\\/it\\\/10-lecie-powstania-klasztoru-anuncjatek-w-grablinie\\\/\",\"name\":\"10-lecie powstania klasztoru anuncjatek w Gr\u0105blinie - SANKTUARIUM W LICHENIU\",\"isPartOf\":{\"@id\":\"https:\\\/\\\/www.lichen.pl\\\/fr\\\/#website\"},\"primaryImageOfPage\":{\"@id\":\"https:\\\/\\\/www.lichen.pl\\\/it\\\/10-lecie-powstania-klasztoru-anuncjatek-w-grablinie\\\/#primaryimage\"},\"image\":{\"@id\":\"https:\\\/\\\/www.lichen.pl\\\/it\\\/10-lecie-powstania-klasztoru-anuncjatek-w-grablinie\\\/#primaryimage\"},\"thumbnailUrl\":\"https:\\\/\\\/www.lichen.pl\\\/wp-content\\\/uploads\\\/2020\\\/08\\\/22-sobota-anuncjatki143.jpg\",\"datePublished\":\"2020-08-22T09:23:05+00:00\",\"dateModified\":\"2021-06-30T10:20:30+00:00\",\"author\":{\"@id\":\"https:\\\/\\\/www.lichen.pl\\\/fr\\\/#\\\/schema\\\/person\\\/70bf824c102f176cf976b0d90af0d62a\"},\"breadcrumb\":{\"@id\":\"https:\\\/\\\/www.lichen.pl\\\/it\\\/10-lecie-powstania-klasztoru-anuncjatek-w-grablinie\\\/#breadcrumb\"},\"inLanguage\":\"es\",\"potentialAction\":[{\"@type\":\"ReadAction\",\"target\":[\"https:\\\/\\\/www.lichen.pl\\\/it\\\/10-lecie-powstania-klasztoru-anuncjatek-w-grablinie\\\/\"]}]},{\"@type\":\"ImageObject\",\"inLanguage\":\"es\",\"@id\":\"https:\\\/\\\/www.lichen.pl\\\/it\\\/10-lecie-powstania-klasztoru-anuncjatek-w-grablinie\\\/#primaryimage\",\"url\":\"https:\\\/\\\/www.lichen.pl\\\/wp-content\\\/uploads\\\/2020\\\/08\\\/22-sobota-anuncjatki143.jpg\",\"contentUrl\":\"https:\\\/\\\/www.lichen.pl\\\/wp-content\\\/uploads\\\/2020\\\/08\\\/22-sobota-anuncjatki143.jpg\",\"width\":1600,\"height\":1201},{\"@type\":\"BreadcrumbList\",\"@id\":\"https:\\\/\\\/www.lichen.pl\\\/it\\\/10-lecie-powstania-klasztoru-anuncjatek-w-grablinie\\\/#breadcrumb\",\"itemListElement\":[{\"@type\":\"ListItem\",\"position\":1,\"name\":\"Strona g\u0142\u00f3wna\",\"item\":\"https:\\\/\\\/www.lichen.pl\\\/\"},{\"@type\":\"ListItem\",\"position\":2,\"name\":\"10-lecie powstania klasztoru anuncjatek w Gr\u0105blinie\"}]},{\"@type\":\"WebSite\",\"@id\":\"https:\\\/\\\/www.lichen.pl\\\/fr\\\/#website\",\"url\":\"https:\\\/\\\/www.lichen.pl\\\/fr\\\/\",\"name\":\"SANKTUARIUM W LICHENIU\",\"description\":\"MATKI BO\u017bEJ LICHE\u0143SKIEJ BOLESNEJ KR\u00d3LOWEJ POLSKI\",\"potentialAction\":[{\"@type\":\"SearchAction\",\"target\":{\"@type\":\"EntryPoint\",\"urlTemplate\":\"https:\\\/\\\/www.lichen.pl\\\/fr\\\/?s={search_term_string}\"},\"query-input\":{\"@type\":\"PropertyValueSpecification\",\"valueRequired\":true,\"valueName\":\"search_term_string\"}}],\"inLanguage\":\"es\"},{\"@type\":\"Person\",\"@id\":\"https:\\\/\\\/www.lichen.pl\\\/fr\\\/#\\\/schema\\\/person\\\/70bf824c102f176cf976b0d90af0d62a\",\"name\":\"AMELIA SIUDA-KOSZELA\",\"image\":{\"@type\":\"ImageObject\",\"inLanguage\":\"es\",\"@id\":\"https:\\\/\\\/secure.gravatar.com\\\/avatar\\\/a0f9a92186ab02fb8db116f5388e3bc7280dd7bd01565c5d6b7ceb07ff27d6d9?s=96&d=retro&r=g\",\"url\":\"https:\\\/\\\/secure.gravatar.com\\\/avatar\\\/a0f9a92186ab02fb8db116f5388e3bc7280dd7bd01565c5d6b7ceb07ff27d6d9?s=96&d=retro&r=g\",\"contentUrl\":\"https:\\\/\\\/secure.gravatar.com\\\/avatar\\\/a0f9a92186ab02fb8db116f5388e3bc7280dd7bd01565c5d6b7ceb07ff27d6d9?s=96&d=retro&r=g\",\"caption\":\"AMELIA SIUDA-KOSZELA\"},\"url\":\"https:\\\/\\\/www.lichen.pl\\\/es\\\/author\\\/amelia\\\/\"}]}<\/script>\n<!-- \/ Yoast SEO plugin. -->","yoast_head_json":{"title":"10-lecie powstania klasztoru anuncjatek w Gr\u0105blinie - SANKTUARIUM W LICHENIU","robots":{"index":"index","follow":"follow","max-snippet":"max-snippet:-1","max-image-preview":"max-image-preview:large","max-video-preview":"max-video-preview:-1"},"canonical":"https:\/\/www.lichen.pl\/es\/10-lecie-powstania-klasztoru-anuncjatek-w-grablinie\/","og_locale":"es_ES","og_type":"article","og_title":"10-lecie powstania klasztoru anuncjatek w Gr\u0105blinie - SANKTUARIUM W LICHENIU","og_description":"We wspomnienie Naj\u015bwi\u0119tszej Maryi Panny Kr\u00f3lowej 22 sierpnia, kiedy Ko\u015bci\u00f3\u0142 odnawia po\u015bwi\u0119cenie si\u0119 Niepokalanemu Sercu Maryi, siostry anuncjatki dzi\u0119kowa\u0142y za jubileusz 10-lecia przebywania w Sanktuarium Matki Bo\u017cej Liche\u0144skiej i po\u015bwi\u0119cenia ko\u015bcio\u0142a 10 Cn\u00f3t Ewangelicznych Naj\u015bwi\u0119tszej Maryi Panny w Gr\u0105blinie. Mszy \u015aw. przewodniczy\u0142 ks. bp Wies\u0142aw Mering, ordynariusz w\u0142oc\u0142awski. Zgromadzonych w gr\u0105bli\u0144skim ko\u015bciele powita\u0142 ks. Janusz [&hellip;]","og_url":"https:\/\/www.lichen.pl\/es\/10-lecie-powstania-klasztoru-anuncjatek-w-grablinie\/","og_site_name":"SANKTUARIUM W LICHENIU","article_published_time":"2020-08-22T09:23:05+00:00","article_modified_time":"2021-06-30T10:20:30+00:00","og_image":[{"width":1600,"height":1201,"url":"https:\/\/www.lichen.pl\/wp-content\/uploads\/2020\/08\/22-sobota-anuncjatki143.jpg","type":"image\/jpeg"}],"author":"AMELIA SIUDA-KOSZELA","twitter_card":"summary_large_image","twitter_misc":{"Escrito por":"AMELIA SIUDA-KOSZELA","Tiempo de lectura":"3 minutos"},"schema":{"@context":"https:\/\/schema.org","@graph":[{"@type":"Article","@id":"https:\/\/www.lichen.pl\/it\/10-lecie-powstania-klasztoru-anuncjatek-w-grablinie\/#article","isPartOf":{"@id":"https:\/\/www.lichen.pl\/it\/10-lecie-powstania-klasztoru-anuncjatek-w-grablinie\/"},"author":{"name":"AMELIA SIUDA-KOSZELA","@id":"https:\/\/www.lichen.pl\/fr\/#\/schema\/person\/70bf824c102f176cf976b0d90af0d62a"},"headline":"10-lecie powstania klasztoru anuncjatek w Gr\u0105blinie","datePublished":"2020-08-22T09:23:05+00:00","dateModified":"2021-06-30T10:20:30+00:00","mainEntityOfPage":{"@id":"https:\/\/www.lichen.pl\/it\/10-lecie-powstania-klasztoru-anuncjatek-w-grablinie\/"},"wordCount":652,"commentCount":0,"image":{"@id":"https:\/\/www.lichen.pl\/it\/10-lecie-powstania-klasztoru-anuncjatek-w-grablinie\/#primaryimage"},"thumbnailUrl":"https:\/\/www.lichen.pl\/wp-content\/uploads\/2020\/08\/22-sobota-anuncjatki143.jpg","articleSection":["Aktualno\u015bci"],"inLanguage":"es","potentialAction":[{"@type":"CommentAction","name":"Comment","target":["https:\/\/www.lichen.pl\/it\/10-lecie-powstania-klasztoru-anuncjatek-w-grablinie\/#respond"]}]},{"@type":"WebPage","@id":"https:\/\/www.lichen.pl\/it\/10-lecie-powstania-klasztoru-anuncjatek-w-grablinie\/","url":"https:\/\/www.lichen.pl\/it\/10-lecie-powstania-klasztoru-anuncjatek-w-grablinie\/","name":"10-lecie powstania klasztoru anuncjatek w Gr\u0105blinie - SANKTUARIUM W LICHENIU","isPartOf":{"@id":"https:\/\/www.lichen.pl\/fr\/#website"},"primaryImageOfPage":{"@id":"https:\/\/www.lichen.pl\/it\/10-lecie-powstania-klasztoru-anuncjatek-w-grablinie\/#primaryimage"},"image":{"@id":"https:\/\/www.lichen.pl\/it\/10-lecie-powstania-klasztoru-anuncjatek-w-grablinie\/#primaryimage"},"thumbnailUrl":"https:\/\/www.lichen.pl\/wp-content\/uploads\/2020\/08\/22-sobota-anuncjatki143.jpg","datePublished":"2020-08-22T09:23:05+00:00","dateModified":"2021-06-30T10:20:30+00:00","author":{"@id":"https:\/\/www.lichen.pl\/fr\/#\/schema\/person\/70bf824c102f176cf976b0d90af0d62a"},"breadcrumb":{"@id":"https:\/\/www.lichen.pl\/it\/10-lecie-powstania-klasztoru-anuncjatek-w-grablinie\/#breadcrumb"},"inLanguage":"es","potentialAction":[{"@type":"ReadAction","target":["https:\/\/www.lichen.pl\/it\/10-lecie-powstania-klasztoru-anuncjatek-w-grablinie\/"]}]},{"@type":"ImageObject","inLanguage":"es","@id":"https:\/\/www.lichen.pl\/it\/10-lecie-powstania-klasztoru-anuncjatek-w-grablinie\/#primaryimage","url":"https:\/\/www.lichen.pl\/wp-content\/uploads\/2020\/08\/22-sobota-anuncjatki143.jpg","contentUrl":"https:\/\/www.lichen.pl\/wp-content\/uploads\/2020\/08\/22-sobota-anuncjatki143.jpg","width":1600,"height":1201},{"@type":"BreadcrumbList","@id":"https:\/\/www.lichen.pl\/it\/10-lecie-powstania-klasztoru-anuncjatek-w-grablinie\/#breadcrumb","itemListElement":[{"@type":"ListItem","position":1,"name":"Strona g\u0142\u00f3wna","item":"https:\/\/www.lichen.pl\/"},{"@type":"ListItem","position":2,"name":"10-lecie powstania klasztoru anuncjatek w Gr\u0105blinie"}]},{"@type":"WebSite","@id":"https:\/\/www.lichen.pl\/fr\/#website","url":"https:\/\/www.lichen.pl\/fr\/","name":"SANTUARIO EN LICHENIA","description":"LA DOLOROSA REINA DE POLONIA DE NUESTRO LICHEN","potentialAction":[{"@type":"SearchAction","target":{"@type":"EntryPoint","urlTemplate":"https:\/\/www.lichen.pl\/fr\/?s={search_term_string}"},"query-input":{"@type":"PropertyValueSpecification","valueRequired":true,"valueName":"search_term_string"}}],"inLanguage":"es"},{"@type":"Person","@id":"https:\/\/www.lichen.pl\/fr\/#\/schema\/person\/70bf824c102f176cf976b0d90af0d62a","name":"AMELIA SIUDA-KOSZELA","image":{"@type":"ImageObject","inLanguage":"es","@id":"https:\/\/secure.gravatar.com\/avatar\/a0f9a92186ab02fb8db116f5388e3bc7280dd7bd01565c5d6b7ceb07ff27d6d9?s=96&d=retro&r=g","url":"https:\/\/secure.gravatar.com\/avatar\/a0f9a92186ab02fb8db116f5388e3bc7280dd7bd01565c5d6b7ceb07ff27d6d9?s=96&d=retro&r=g","contentUrl":"https:\/\/secure.gravatar.com\/avatar\/a0f9a92186ab02fb8db116f5388e3bc7280dd7bd01565c5d6b7ceb07ff27d6d9?s=96&d=retro&r=g","caption":"AMELIA SIUDA-KOSZELA"},"url":"https:\/\/www.lichen.pl\/es\/author\/amelia\/"}]}},"_links":{"self":[{"href":"https:\/\/www.lichen.pl\/es\/wp-json\/wp\/v2\/posts\/16364","targetHints":{"allow":["GET"]}}],"collection":[{"href":"https:\/\/www.lichen.pl\/es\/wp-json\/wp\/v2\/posts"}],"about":[{"href":"https:\/\/www.lichen.pl\/es\/wp-json\/wp\/v2\/types\/post"}],"author":[{"embeddable":true,"href":"https:\/\/www.lichen.pl\/es\/wp-json\/wp\/v2\/users\/6"}],"replies":[{"embeddable":true,"href":"https:\/\/www.lichen.pl\/es\/wp-json\/wp\/v2\/comments?post=16364"}],"version-history":[{"count":8,"href":"https:\/\/www.lichen.pl\/es\/wp-json\/wp\/v2\/posts\/16364\/revisions"}],"predecessor-version":[{"id":16625,"href":"https:\/\/www.lichen.pl\/es\/wp-json\/wp\/v2\/posts\/16364\/revisions\/16625"}],"wp:featuredmedia":[{"embeddable":true,"href":"https:\/\/www.lichen.pl\/es\/wp-json\/wp\/v2\/media\/16547"}],"wp:attachment":[{"href":"https:\/\/www.lichen.pl\/es\/wp-json\/wp\/v2\/media?parent=16364"}],"wp:term":[{"taxonomy":"category","embeddable":true,"href":"https:\/\/www.lichen.pl\/es\/wp-json\/wp\/v2\/categories?post=16364"},{"taxonomy":"post_tag","embeddable":true,"href":"https:\/\/www.lichen.pl\/es\/wp-json\/wp\/v2\/tags?post=16364"}],"curies":[{"name":"wp","href":"https:\/\/api.w.org\/{rel}","templated":true}]}}