{"id":17113,"date":"2019-04-25T14:18:30","date_gmt":"2019-04-25T14:18:30","guid":{"rendered":"http:\/\/www.lichen.pl\/?p=17113"},"modified":"2021-06-30T11:26:22","modified_gmt":"2021-06-30T11:26:22","slug":"amerykanscy-i-europejscy-organisci-zwiedzili-lichenska-bazylike","status":"publish","type":"post","link":"https:\/\/www.lichen.pl\/es\/amerykanscy-i-europejscy-organisci-zwiedzili-lichenska-bazylike\/","title":{"rendered":"Organistas estadounidenses y europeos visitaron la bas\u00edlica de Lichen"},"content":{"rendered":"<div data-elementor-type=\"wp-post\" data-elementor-id=\"17113\" class=\"elementor elementor-17113\" data-elementor-post-type=\"post\">\n\t\t\t\t\t\t<section class=\"elementor-section elementor-top-section elementor-element elementor-element-9725c5e elementor-section-boxed elementor-section-height-default elementor-section-height-default\" data-id=\"9725c5e\" data-element_type=\"section\" data-e-type=\"section\">\n\t\t\t\t\t\t<div class=\"elementor-container elementor-column-gap-default\">\n\t\t\t\t\t<div class=\"elementor-column elementor-col-100 elementor-top-column elementor-element elementor-element-b14f5a9\" data-id=\"b14f5a9\" data-element_type=\"column\" data-e-type=\"column\">\n\t\t\t<div class=\"elementor-widget-wrap elementor-element-populated\">\n\t\t\t\t\t\t<div class=\"elementor-element elementor-element-7429daa elementor-widget elementor-widget-heading\" data-id=\"7429daa\" data-element_type=\"widget\" data-e-type=\"widget\" data-widget_type=\"heading.default\">\n\t\t\t\t<div class=\"elementor-widget-container\">\n\t\t\t\t\t<h2 class=\"elementor-heading-title elementor-size-default\">Organistas asociados en la rama europea de la Sociedad Americana de Organistas llegaron al Santuario Mariano en Lichen Stary, donde visitaron la bas\u00edlica y pudieron ver y escuchar el sonido del \u00f3rgano de St. Juan Pablo II, que a\u00f1aden esplendor a las ceremonias que se desarrollan en el templo. \n\n<\/h2>\t\t\t\t<\/div>\n\t\t\t\t<\/div>\n\t\t\t\t<div class=\"elementor-element elementor-element-c73c2a0 elementor-widget elementor-widget-text-editor\" data-id=\"c73c2a0\" data-element_type=\"widget\" data-e-type=\"widget\" data-widget_type=\"text-editor.default\">\n\t\t\t\t<div class=\"elementor-widget-container\">\n\t\t\t\t\t\t\t\t\t<p>Al encuentro, organizado por el Dr. Micha\u0142 Szostak, ex organista de la bas\u00edlica de Lichen, asisten m\u00fasicos de Europa y pertenecientes a la rama local de los antes mencionados. Asociaciones, es decir, de: Alemania, Francia, Italia, Gran Breta\u00f1a, Dinamarca, Finlandia, Pa\u00edses Bajos y B\u00e9lgica.<\/p>\t\t\t\t\t\t\t\t<\/div>\n\t\t\t\t<\/div>\n\t\t\t\t<div class=\"elementor-element elementor-element-d4a1f4c elementor-widget elementor-widget-image\" data-id=\"d4a1f4c\" data-element_type=\"widget\" data-e-type=\"widget\" data-widget_type=\"image.default\">\n\t\t\t\t<div class=\"elementor-widget-container\">\n\t\t\t\t\t\t\t\t\t\t\t\t<figure class=\"wp-caption\">\n\t\t\t\t\t\t\t\t\t\t<img fetchpriority=\"high\" decoding=\"async\" width=\"768\" height=\"511\" src=\"https:\/\/www.lichen.pl\/wp-content\/uploads\/2021\/06\/IMG_6508-768x511.jpg\" class=\"attachment-medium_large size-medium_large wp-image-17022\" alt=\"\" srcset=\"https:\/\/www.lichen.pl\/wp-content\/uploads\/2021\/06\/IMG_6508-768x511.jpg 768w, https:\/\/www.lichen.pl\/wp-content\/uploads\/2021\/06\/IMG_6508-800x532.jpg 800w, https:\/\/www.lichen.pl\/wp-content\/uploads\/2021\/06\/IMG_6508-300x200.jpg 300w, https:\/\/www.lichen.pl\/wp-content\/uploads\/2021\/06\/IMG_6508-1024x681.jpg 1024w, https:\/\/www.lichen.pl\/wp-content\/uploads\/2021\/06\/IMG_6508.jpg 1154w\" sizes=\"(max-width: 768px) 100vw, 768px\" \/>\t\t\t\t\t\t\t\t\t\t\t<figcaption class=\"widget-image-caption wp-caption-text\">Organistas frente a la bas\u00edlica de Liche\u0144<\/figcaption>\n\t\t\t\t\t\t\t\t\t\t<\/figure>\n\t\t\t\t\t\t\t\t\t<\/div>\n\t\t\t\t<\/div>\n\t\t\t\t<div class=\"elementor-element elementor-element-1bf4b00 elementor-widget elementor-widget-text-editor\" data-id=\"1bf4b00\" data-element_type=\"widget\" data-e-type=\"widget\" data-widget_type=\"text-editor.default\">\n\t\t\t\t<div class=\"elementor-widget-container\">\n\t\t\t\t\t\t\t\t\t<p>En Liche\u0144, aprendieron sobre la historia del santuario. Adem\u00e1s, escucharon un breve concierto del Dr. Szostak, gracias al cual pudieron experimentar el sonido del \u00f3rgano de liquen.<\/p><p>&#8211; <strong><em>Nos reunimos una vez al a\u00f1o en el lugar donde vive uno de nuestros miembros. Debido al hecho de que el Sr. Micha\u0142 pertenece a nuestra organizaci\u00f3n, este a\u00f1o especial decidimos reunirnos en Polonia. Estoy muy feliz de haber podido venir aqu\u00ed. Polonia es un pa\u00eds hermoso y definitivamente volveremos aqu\u00ed.<\/em>\u00a0<\/strong>Dijo Judy Riefel-Lindel, decana de la rama europea de la Asociaci\u00f3n Estadounidense de Organistas, que ha dirigido la organizaci\u00f3n en Europa durante 20 a\u00f1os y ha estado viviendo en los Pa\u00edses Bajos durante 30 a\u00f1os.<\/p>\t\t\t\t\t\t\t\t<\/div>\n\t\t\t\t<\/div>\n\t\t\t\t<div class=\"elementor-element elementor-element-07021a2 elementor-widget elementor-widget-text-editor\" data-id=\"07021a2\" data-element_type=\"widget\" data-e-type=\"widget\" data-widget_type=\"text-editor.default\">\n\t\t\t\t<div class=\"elementor-widget-container\">\n\t\t\t\t\t\t\t\t\t<p>La Asociaci\u00f3n Estadounidense de Organistas tiene 22.000 miembros. La mayor\u00eda vive en Estados Unidos. Sin embargo, durante los \u00faltimos 40 a\u00f1os, se han establecido sucursales en otros lugares del mundo, incluidos pa\u00edses europeos, donde 140 personas pertenecen a la Asociaci\u00f3n: organistas y personas que aman la m\u00fasica y apoyan a la organizaci\u00f3n.<\/p>\t\t\t\t\t\t\t\t<\/div>\n\t\t\t\t<\/div>\n\t\t\t\t<section class=\"elementor-section elementor-inner-section elementor-element elementor-element-a66d277 elementor-section-boxed elementor-section-height-default elementor-section-height-default\" data-id=\"a66d277\" data-element_type=\"section\" data-e-type=\"section\">\n\t\t\t\t\t\t<div class=\"elementor-container elementor-column-gap-default\">\n\t\t\t\t\t<div class=\"elementor-column elementor-col-50 elementor-inner-column elementor-element elementor-element-11c7f36\" data-id=\"11c7f36\" data-element_type=\"column\" data-e-type=\"column\">\n\t\t\t<div class=\"elementor-widget-wrap elementor-element-populated\">\n\t\t\t\t\t\t<div class=\"elementor-element elementor-element-52b22c9 elementor-widget elementor-widget-image\" data-id=\"52b22c9\" data-element_type=\"widget\" data-e-type=\"widget\" data-widget_type=\"image.default\">\n\t\t\t\t<div class=\"elementor-widget-container\">\n\t\t\t\t\t\t\t\t\t\t\t\t\t\t\t<img decoding=\"async\" width=\"1024\" height=\"681\" src=\"https:\/\/www.lichen.pl\/wp-content\/uploads\/2021\/06\/IMG_6514-1024x681.jpg\" class=\"attachment-large size-large wp-image-17027\" alt=\"\" srcset=\"https:\/\/www.lichen.pl\/wp-content\/uploads\/2021\/06\/IMG_6514-1024x681.jpg 1024w, https:\/\/www.lichen.pl\/wp-content\/uploads\/2021\/06\/IMG_6514-800x532.jpg 800w, https:\/\/www.lichen.pl\/wp-content\/uploads\/2021\/06\/IMG_6514-300x200.jpg 300w, https:\/\/www.lichen.pl\/wp-content\/uploads\/2021\/06\/IMG_6514-768x511.jpg 768w, https:\/\/www.lichen.pl\/wp-content\/uploads\/2021\/06\/IMG_6514.jpg 1154w\" sizes=\"(max-width: 1024px) 100vw, 1024px\" \/>\t\t\t\t\t\t\t\t\t\t\t\t\t\t\t<\/div>\n\t\t\t\t<\/div>\n\t\t\t\t\t<\/div>\n\t\t<\/div>\n\t\t\t\t<div class=\"elementor-column elementor-col-50 elementor-inner-column elementor-element elementor-element-08f11d7\" data-id=\"08f11d7\" data-element_type=\"column\" data-e-type=\"column\">\n\t\t\t<div class=\"elementor-widget-wrap elementor-element-populated\">\n\t\t\t\t\t\t<div class=\"elementor-element elementor-element-3bd4f2c elementor-widget elementor-widget-text-editor\" data-id=\"3bd4f2c\" data-element_type=\"widget\" data-e-type=\"widget\" data-widget_type=\"text-editor.default\">\n\t\t\t\t<div class=\"elementor-widget-container\">\n\t\t\t\t\t\t\t\t\t<p>Uno de los m\u00fasicos que visit\u00f3 Lichen fue Johan Hermans de B\u00e9lgica. Fue su duod\u00e9cima visita a Polonia. Anteriormente, tuvo la oportunidad de dar conciertos, entre otros. en Varsovia, Cracovia, Pozna\u0144 y Wroc\u0142aw. En relaci\u00f3n al m\u00fasico, Polonia es una especie de modelo para los pa\u00edses de Europa occidental en t\u00e9rminos de m\u00fasica para \u00f3rgano, que se asocia principalmente con la fe y la Iglesia. - <em>Muchos fieles vienen a las iglesias polacas. Por eso, recorrer el \u00f3rgano en tu pa\u00eds es muy gratificante cuando muchas personas escuchan m\u00fasica en vivo.<\/em>\u00a0- dijo el m\u00fasico, que compagina su labor profesional como organista en la catedral de Hasselt en B\u00e9lgica con la docencia en el conservatorio de organistas.<\/p>\t\t\t\t\t\t\t\t<\/div>\n\t\t\t\t<\/div>\n\t\t\t\t\t<\/div>\n\t\t<\/div>\n\t\t\t\t\t<\/div>\n\t\t<\/section>\n\t\t\t\t\t<\/div>\n\t\t<\/div>\n\t\t\t\t\t<\/div>\n\t\t<\/section>\n\t\t\t\t<\/div>","protected":false},"excerpt":{"rendered":"<p>Organi\u015bci zrzeszeni w europejskim oddziale Ameryka\u0144skiego Stowarzyszenia Organist\u00f3w przybyli do Sanktuarium Maryjnego w Licheniu Starym, gdzie zwiedzili bazylik\u0119 oraz mogli zobaczy\u0107 i pos\u0142ucha\u0107 brzmienia organ\u00f3w \u015bw. Jana Paw\u0142a II, kt\u00f3re u\u015bwietniaj\u0105 uroczysto\u015bci odbywaj\u0105ce si\u0119 w \u015bwi\u0105tyni. W spotkaniu, kt\u00f3re zosta\u0142o zorganizowane przez dra Micha\u0142a Szostaka, by\u0142ego organist\u0119 liche\u0144skiej bazyliki, bior\u0105 udzia\u0142 muzycy pochodz\u0105cy z Europy [&hellip;]<\/p>\n","protected":false},"author":4,"featured_media":17032,"comment_status":"open","ping_status":"open","sticky":false,"template":"","format":"standard","meta":{"footnotes":""},"categories":[1],"tags":[],"class_list":["post-17113","post","type-post","status-publish","format-standard","has-post-thumbnail","hentry","category-aktualnosci","wpbf-post"],"yoast_head":"<!-- This site is optimized with the Yoast SEO plugin v27.5 - https:\/\/yoast.com\/product\/yoast-seo-wordpress\/ -->\n<title>Ameryka\u0144scy i europejscy organi\u015bci zwiedzili liche\u0144sk\u0105 bazylik\u0119 - SANKTUARIUM W LICHENIU<\/title>\n<meta name=\"robots\" content=\"index, follow, max-snippet:-1, max-image-preview:large, max-video-preview:-1\" \/>\n<link rel=\"canonical\" href=\"http:\/\/www.lichen.pl\/es\/amerykanscy-i-europejscy-organisci-zwiedzili-lichenska-bazylike\/\" \/>\n<meta property=\"og:locale\" content=\"es_ES\" \/>\n<meta property=\"og:type\" content=\"article\" \/>\n<meta property=\"og:title\" content=\"Ameryka\u0144scy i europejscy organi\u015bci zwiedzili liche\u0144sk\u0105 bazylik\u0119 - SANKTUARIUM W LICHENIU\" \/>\n<meta property=\"og:description\" content=\"Organi\u015bci zrzeszeni w europejskim oddziale Ameryka\u0144skiego Stowarzyszenia Organist\u00f3w przybyli do Sanktuarium Maryjnego w Licheniu Starym, gdzie zwiedzili bazylik\u0119 oraz mogli zobaczy\u0107 i pos\u0142ucha\u0107 brzmienia organ\u00f3w \u015bw. Jana Paw\u0142a II, kt\u00f3re u\u015bwietniaj\u0105 uroczysto\u015bci odbywaj\u0105ce si\u0119 w \u015bwi\u0105tyni. W spotkaniu, kt\u00f3re zosta\u0142o zorganizowane przez dra Micha\u0142a Szostaka, by\u0142ego organist\u0119 liche\u0144skiej bazyliki, bior\u0105 udzia\u0142 muzycy pochodz\u0105cy z Europy [&hellip;]\" \/>\n<meta property=\"og:url\" content=\"http:\/\/www.lichen.pl\/es\/amerykanscy-i-europejscy-organisci-zwiedzili-lichenska-bazylike\/\" \/>\n<meta property=\"og:site_name\" content=\"SANKTUARIUM W LICHENIU\" \/>\n<meta property=\"article:published_time\" content=\"2019-04-25T14:18:30+00:00\" \/>\n<meta property=\"article:modified_time\" content=\"2021-06-30T11:26:22+00:00\" \/>\n<meta property=\"og:image\" content=\"http:\/\/www.lichen.pl\/wp-content\/uploads\/2021\/06\/IMG_6525.jpg\" \/>\n\t<meta property=\"og:image:width\" content=\"1154\" \/>\n\t<meta property=\"og:image:height\" content=\"768\" \/>\n\t<meta property=\"og:image:type\" content=\"image\/jpeg\" \/>\n<meta name=\"author\" content=\"ROBERT ADAMCZYK\" \/>\n<meta name=\"twitter:card\" content=\"summary_large_image\" \/>\n<meta name=\"twitter:label1\" content=\"Escrito por\" \/>\n\t<meta name=\"twitter:data1\" content=\"ROBERT ADAMCZYK\" \/>\n\t<meta name=\"twitter:label2\" content=\"Tiempo de lectura\" \/>\n\t<meta name=\"twitter:data2\" content=\"2 minutos\" \/>\n<script type=\"application\/ld+json\" class=\"yoast-schema-graph\">{\"@context\":\"https:\\\/\\\/schema.org\",\"@graph\":[{\"@type\":\"Article\",\"@id\":\"http:\\\/\\\/www.lichen.pl\\\/en\\\/amerykanscy-i-europejscy-organisci-zwiedzili-lichenska-bazylike\\\/#article\",\"isPartOf\":{\"@id\":\"http:\\\/\\\/www.lichen.pl\\\/en\\\/amerykanscy-i-europejscy-organisci-zwiedzili-lichenska-bazylike\\\/\"},\"author\":{\"name\":\"ROBERT ADAMCZYK\",\"@id\":\"https:\\\/\\\/www.lichen.pl\\\/fr\\\/#\\\/schema\\\/person\\\/c06cd926b95870cc59f18d6ee6e33da5\"},\"headline\":\"Ameryka\u0144scy i europejscy organi\u015bci zwiedzili liche\u0144sk\u0105 bazylik\u0119\",\"datePublished\":\"2019-04-25T14:18:30+00:00\",\"dateModified\":\"2021-06-30T11:26:22+00:00\",\"mainEntityOfPage\":{\"@id\":\"http:\\\/\\\/www.lichen.pl\\\/en\\\/amerykanscy-i-europejscy-organisci-zwiedzili-lichenska-bazylike\\\/\"},\"wordCount\":391,\"commentCount\":0,\"image\":{\"@id\":\"http:\\\/\\\/www.lichen.pl\\\/en\\\/amerykanscy-i-europejscy-organisci-zwiedzili-lichenska-bazylike\\\/#primaryimage\"},\"thumbnailUrl\":\"https:\\\/\\\/www.lichen.pl\\\/wp-content\\\/uploads\\\/2021\\\/06\\\/IMG_6525.jpg\",\"articleSection\":[\"Aktualno\u015bci\"],\"inLanguage\":\"es\",\"potentialAction\":[{\"@type\":\"CommentAction\",\"name\":\"Comment\",\"target\":[\"http:\\\/\\\/www.lichen.pl\\\/en\\\/amerykanscy-i-europejscy-organisci-zwiedzili-lichenska-bazylike\\\/#respond\"]}]},{\"@type\":\"WebPage\",\"@id\":\"http:\\\/\\\/www.lichen.pl\\\/en\\\/amerykanscy-i-europejscy-organisci-zwiedzili-lichenska-bazylike\\\/\",\"url\":\"http:\\\/\\\/www.lichen.pl\\\/en\\\/amerykanscy-i-europejscy-organisci-zwiedzili-lichenska-bazylike\\\/\",\"name\":\"Ameryka\u0144scy i europejscy organi\u015bci zwiedzili liche\u0144sk\u0105 bazylik\u0119 - SANKTUARIUM W LICHENIU\",\"isPartOf\":{\"@id\":\"https:\\\/\\\/www.lichen.pl\\\/fr\\\/#website\"},\"primaryImageOfPage\":{\"@id\":\"http:\\\/\\\/www.lichen.pl\\\/en\\\/amerykanscy-i-europejscy-organisci-zwiedzili-lichenska-bazylike\\\/#primaryimage\"},\"image\":{\"@id\":\"http:\\\/\\\/www.lichen.pl\\\/en\\\/amerykanscy-i-europejscy-organisci-zwiedzili-lichenska-bazylike\\\/#primaryimage\"},\"thumbnailUrl\":\"https:\\\/\\\/www.lichen.pl\\\/wp-content\\\/uploads\\\/2021\\\/06\\\/IMG_6525.jpg\",\"datePublished\":\"2019-04-25T14:18:30+00:00\",\"dateModified\":\"2021-06-30T11:26:22+00:00\",\"author\":{\"@id\":\"https:\\\/\\\/www.lichen.pl\\\/fr\\\/#\\\/schema\\\/person\\\/c06cd926b95870cc59f18d6ee6e33da5\"},\"breadcrumb\":{\"@id\":\"http:\\\/\\\/www.lichen.pl\\\/en\\\/amerykanscy-i-europejscy-organisci-zwiedzili-lichenska-bazylike\\\/#breadcrumb\"},\"inLanguage\":\"es\",\"potentialAction\":[{\"@type\":\"ReadAction\",\"target\":[\"http:\\\/\\\/www.lichen.pl\\\/en\\\/amerykanscy-i-europejscy-organisci-zwiedzili-lichenska-bazylike\\\/\"]}]},{\"@type\":\"ImageObject\",\"inLanguage\":\"es\",\"@id\":\"http:\\\/\\\/www.lichen.pl\\\/en\\\/amerykanscy-i-europejscy-organisci-zwiedzili-lichenska-bazylike\\\/#primaryimage\",\"url\":\"https:\\\/\\\/www.lichen.pl\\\/wp-content\\\/uploads\\\/2021\\\/06\\\/IMG_6525.jpg\",\"contentUrl\":\"https:\\\/\\\/www.lichen.pl\\\/wp-content\\\/uploads\\\/2021\\\/06\\\/IMG_6525.jpg\",\"width\":1154,\"height\":768},{\"@type\":\"BreadcrumbList\",\"@id\":\"http:\\\/\\\/www.lichen.pl\\\/en\\\/amerykanscy-i-europejscy-organisci-zwiedzili-lichenska-bazylike\\\/#breadcrumb\",\"itemListElement\":[{\"@type\":\"ListItem\",\"position\":1,\"name\":\"Strona g\u0142\u00f3wna\",\"item\":\"https:\\\/\\\/www.lichen.pl\\\/\"},{\"@type\":\"ListItem\",\"position\":2,\"name\":\"Ameryka\u0144scy i europejscy organi\u015bci zwiedzili liche\u0144sk\u0105 bazylik\u0119\"}]},{\"@type\":\"WebSite\",\"@id\":\"https:\\\/\\\/www.lichen.pl\\\/fr\\\/#website\",\"url\":\"https:\\\/\\\/www.lichen.pl\\\/fr\\\/\",\"name\":\"SANKTUARIUM W LICHENIU\",\"description\":\"MATKI BO\u017bEJ LICHE\u0143SKIEJ BOLESNEJ KR\u00d3LOWEJ POLSKI\",\"potentialAction\":[{\"@type\":\"SearchAction\",\"target\":{\"@type\":\"EntryPoint\",\"urlTemplate\":\"https:\\\/\\\/www.lichen.pl\\\/fr\\\/?s={search_term_string}\"},\"query-input\":{\"@type\":\"PropertyValueSpecification\",\"valueRequired\":true,\"valueName\":\"search_term_string\"}}],\"inLanguage\":\"es\"},{\"@type\":\"Person\",\"@id\":\"https:\\\/\\\/www.lichen.pl\\\/fr\\\/#\\\/schema\\\/person\\\/c06cd926b95870cc59f18d6ee6e33da5\",\"name\":\"ROBERT ADAMCZYK\",\"image\":{\"@type\":\"ImageObject\",\"inLanguage\":\"es\",\"@id\":\"https:\\\/\\\/secure.gravatar.com\\\/avatar\\\/53c330430596e73552f4c356c2e47c209ff8f6352a5106011c9b6abcce5e00df?s=96&d=retro&r=g\",\"url\":\"https:\\\/\\\/secure.gravatar.com\\\/avatar\\\/53c330430596e73552f4c356c2e47c209ff8f6352a5106011c9b6abcce5e00df?s=96&d=retro&r=g\",\"contentUrl\":\"https:\\\/\\\/secure.gravatar.com\\\/avatar\\\/53c330430596e73552f4c356c2e47c209ff8f6352a5106011c9b6abcce5e00df?s=96&d=retro&r=g\",\"caption\":\"ROBERT ADAMCZYK\"},\"url\":\"https:\\\/\\\/www.lichen.pl\\\/es\\\/author\\\/press\\\/\"}]}<\/script>\n<!-- \/ Yoast SEO plugin. -->","yoast_head_json":{"title":"Ameryka\u0144scy i europejscy organi\u015bci zwiedzili liche\u0144sk\u0105 bazylik\u0119 - SANKTUARIUM W LICHENIU","robots":{"index":"index","follow":"follow","max-snippet":"max-snippet:-1","max-image-preview":"max-image-preview:large","max-video-preview":"max-video-preview:-1"},"canonical":"http:\/\/www.lichen.pl\/es\/amerykanscy-i-europejscy-organisci-zwiedzili-lichenska-bazylike\/","og_locale":"es_ES","og_type":"article","og_title":"Ameryka\u0144scy i europejscy organi\u015bci zwiedzili liche\u0144sk\u0105 bazylik\u0119 - SANKTUARIUM W LICHENIU","og_description":"Organi\u015bci zrzeszeni w europejskim oddziale Ameryka\u0144skiego Stowarzyszenia Organist\u00f3w przybyli do Sanktuarium Maryjnego w Licheniu Starym, gdzie zwiedzili bazylik\u0119 oraz mogli zobaczy\u0107 i pos\u0142ucha\u0107 brzmienia organ\u00f3w \u015bw. Jana Paw\u0142a II, kt\u00f3re u\u015bwietniaj\u0105 uroczysto\u015bci odbywaj\u0105ce si\u0119 w \u015bwi\u0105tyni. W spotkaniu, kt\u00f3re zosta\u0142o zorganizowane przez dra Micha\u0142a Szostaka, by\u0142ego organist\u0119 liche\u0144skiej bazyliki, bior\u0105 udzia\u0142 muzycy pochodz\u0105cy z Europy [&hellip;]","og_url":"http:\/\/www.lichen.pl\/es\/amerykanscy-i-europejscy-organisci-zwiedzili-lichenska-bazylike\/","og_site_name":"SANKTUARIUM W LICHENIU","article_published_time":"2019-04-25T14:18:30+00:00","article_modified_time":"2021-06-30T11:26:22+00:00","og_image":[{"width":1154,"height":768,"url":"http:\/\/www.lichen.pl\/wp-content\/uploads\/2021\/06\/IMG_6525.jpg","type":"image\/jpeg"}],"author":"ROBERT ADAMCZYK","twitter_card":"summary_large_image","twitter_misc":{"Escrito por":"ROBERT ADAMCZYK","Tiempo de lectura":"2 minutos"},"schema":{"@context":"https:\/\/schema.org","@graph":[{"@type":"Article","@id":"http:\/\/www.lichen.pl\/en\/amerykanscy-i-europejscy-organisci-zwiedzili-lichenska-bazylike\/#article","isPartOf":{"@id":"http:\/\/www.lichen.pl\/en\/amerykanscy-i-europejscy-organisci-zwiedzili-lichenska-bazylike\/"},"author":{"name":"ROBERT ADAMCZYK","@id":"https:\/\/www.lichen.pl\/fr\/#\/schema\/person\/c06cd926b95870cc59f18d6ee6e33da5"},"headline":"Ameryka\u0144scy i europejscy organi\u015bci zwiedzili liche\u0144sk\u0105 bazylik\u0119","datePublished":"2019-04-25T14:18:30+00:00","dateModified":"2021-06-30T11:26:22+00:00","mainEntityOfPage":{"@id":"http:\/\/www.lichen.pl\/en\/amerykanscy-i-europejscy-organisci-zwiedzili-lichenska-bazylike\/"},"wordCount":391,"commentCount":0,"image":{"@id":"http:\/\/www.lichen.pl\/en\/amerykanscy-i-europejscy-organisci-zwiedzili-lichenska-bazylike\/#primaryimage"},"thumbnailUrl":"https:\/\/www.lichen.pl\/wp-content\/uploads\/2021\/06\/IMG_6525.jpg","articleSection":["Aktualno\u015bci"],"inLanguage":"es","potentialAction":[{"@type":"CommentAction","name":"Comment","target":["http:\/\/www.lichen.pl\/en\/amerykanscy-i-europejscy-organisci-zwiedzili-lichenska-bazylike\/#respond"]}]},{"@type":"WebPage","@id":"http:\/\/www.lichen.pl\/en\/amerykanscy-i-europejscy-organisci-zwiedzili-lichenska-bazylike\/","url":"http:\/\/www.lichen.pl\/en\/amerykanscy-i-europejscy-organisci-zwiedzili-lichenska-bazylike\/","name":"Ameryka\u0144scy i europejscy organi\u015bci zwiedzili liche\u0144sk\u0105 bazylik\u0119 - SANKTUARIUM W LICHENIU","isPartOf":{"@id":"https:\/\/www.lichen.pl\/fr\/#website"},"primaryImageOfPage":{"@id":"http:\/\/www.lichen.pl\/en\/amerykanscy-i-europejscy-organisci-zwiedzili-lichenska-bazylike\/#primaryimage"},"image":{"@id":"http:\/\/www.lichen.pl\/en\/amerykanscy-i-europejscy-organisci-zwiedzili-lichenska-bazylike\/#primaryimage"},"thumbnailUrl":"https:\/\/www.lichen.pl\/wp-content\/uploads\/2021\/06\/IMG_6525.jpg","datePublished":"2019-04-25T14:18:30+00:00","dateModified":"2021-06-30T11:26:22+00:00","author":{"@id":"https:\/\/www.lichen.pl\/fr\/#\/schema\/person\/c06cd926b95870cc59f18d6ee6e33da5"},"breadcrumb":{"@id":"http:\/\/www.lichen.pl\/en\/amerykanscy-i-europejscy-organisci-zwiedzili-lichenska-bazylike\/#breadcrumb"},"inLanguage":"es","potentialAction":[{"@type":"ReadAction","target":["http:\/\/www.lichen.pl\/en\/amerykanscy-i-europejscy-organisci-zwiedzili-lichenska-bazylike\/"]}]},{"@type":"ImageObject","inLanguage":"es","@id":"http:\/\/www.lichen.pl\/en\/amerykanscy-i-europejscy-organisci-zwiedzili-lichenska-bazylike\/#primaryimage","url":"https:\/\/www.lichen.pl\/wp-content\/uploads\/2021\/06\/IMG_6525.jpg","contentUrl":"https:\/\/www.lichen.pl\/wp-content\/uploads\/2021\/06\/IMG_6525.jpg","width":1154,"height":768},{"@type":"BreadcrumbList","@id":"http:\/\/www.lichen.pl\/en\/amerykanscy-i-europejscy-organisci-zwiedzili-lichenska-bazylike\/#breadcrumb","itemListElement":[{"@type":"ListItem","position":1,"name":"Strona g\u0142\u00f3wna","item":"https:\/\/www.lichen.pl\/"},{"@type":"ListItem","position":2,"name":"Ameryka\u0144scy i europejscy organi\u015bci zwiedzili liche\u0144sk\u0105 bazylik\u0119"}]},{"@type":"WebSite","@id":"https:\/\/www.lichen.pl\/fr\/#website","url":"https:\/\/www.lichen.pl\/fr\/","name":"SANTUARIO EN LICHENIA","description":"LA DOLOROSA REINA DE POLONIA DE NUESTRO LICHEN","potentialAction":[{"@type":"SearchAction","target":{"@type":"EntryPoint","urlTemplate":"https:\/\/www.lichen.pl\/fr\/?s={search_term_string}"},"query-input":{"@type":"PropertyValueSpecification","valueRequired":true,"valueName":"search_term_string"}}],"inLanguage":"es"},{"@type":"Person","@id":"https:\/\/www.lichen.pl\/fr\/#\/schema\/person\/c06cd926b95870cc59f18d6ee6e33da5","name":"ROBERT ADAMCZYK","image":{"@type":"ImageObject","inLanguage":"es","@id":"https:\/\/secure.gravatar.com\/avatar\/53c330430596e73552f4c356c2e47c209ff8f6352a5106011c9b6abcce5e00df?s=96&d=retro&r=g","url":"https:\/\/secure.gravatar.com\/avatar\/53c330430596e73552f4c356c2e47c209ff8f6352a5106011c9b6abcce5e00df?s=96&d=retro&r=g","contentUrl":"https:\/\/secure.gravatar.com\/avatar\/53c330430596e73552f4c356c2e47c209ff8f6352a5106011c9b6abcce5e00df?s=96&d=retro&r=g","caption":"ROBERT ADAMCZYK"},"url":"https:\/\/www.lichen.pl\/es\/author\/press\/"}]}},"_links":{"self":[{"href":"https:\/\/www.lichen.pl\/es\/wp-json\/wp\/v2\/posts\/17113","targetHints":{"allow":["GET"]}}],"collection":[{"href":"https:\/\/www.lichen.pl\/es\/wp-json\/wp\/v2\/posts"}],"about":[{"href":"https:\/\/www.lichen.pl\/es\/wp-json\/wp\/v2\/types\/post"}],"author":[{"embeddable":true,"href":"https:\/\/www.lichen.pl\/es\/wp-json\/wp\/v2\/users\/4"}],"replies":[{"embeddable":true,"href":"https:\/\/www.lichen.pl\/es\/wp-json\/wp\/v2\/comments?post=17113"}],"version-history":[{"count":4,"href":"https:\/\/www.lichen.pl\/es\/wp-json\/wp\/v2\/posts\/17113\/revisions"}],"predecessor-version":[{"id":17168,"href":"https:\/\/www.lichen.pl\/es\/wp-json\/wp\/v2\/posts\/17113\/revisions\/17168"}],"wp:featuredmedia":[{"embeddable":true,"href":"https:\/\/www.lichen.pl\/es\/wp-json\/wp\/v2\/media\/17032"}],"wp:attachment":[{"href":"https:\/\/www.lichen.pl\/es\/wp-json\/wp\/v2\/media?parent=17113"}],"wp:term":[{"taxonomy":"category","embeddable":true,"href":"https:\/\/www.lichen.pl\/es\/wp-json\/wp\/v2\/categories?post=17113"},{"taxonomy":"post_tag","embeddable":true,"href":"https:\/\/www.lichen.pl\/es\/wp-json\/wp\/v2\/tags?post=17113"}],"curies":[{"name":"wp","href":"https:\/\/api.w.org\/{rel}","templated":true}]}}