{"id":17138,"date":"2020-09-28T11:21:24","date_gmt":"2020-09-28T11:21:24","guid":{"rendered":"http:\/\/www.lichen.pl\/?p=17138"},"modified":"2021-06-30T11:24:08","modified_gmt":"2021-06-30T11:24:08","slug":"z-maryja-uczyli-sie-przebywania-z-jezusem","status":"publish","type":"post","link":"https:\/\/www.lichen.pl\/es\/z-maryja-uczyli-sie-przebywania-z-jezusem\/","title":{"rendered":"Con Mar\u00eda aprendieron a estar con Jes\u00fas"},"content":{"rendered":"<div data-elementor-type=\"wp-post\" data-elementor-id=\"17138\" class=\"elementor elementor-17138\" data-elementor-post-type=\"post\">\n\t\t\t\t\t\t<section class=\"elementor-section elementor-top-section elementor-element elementor-element-78f8106 elementor-section-boxed elementor-section-height-default elementor-section-height-default\" data-id=\"78f8106\" data-element_type=\"section\" data-e-type=\"section\">\n\t\t\t\t\t\t<div class=\"elementor-container elementor-column-gap-default\">\n\t\t\t\t\t<div class=\"elementor-column elementor-col-100 elementor-top-column elementor-element elementor-element-cd6768e\" data-id=\"cd6768e\" data-element_type=\"column\" data-e-type=\"column\">\n\t\t\t<div class=\"elementor-widget-wrap elementor-element-populated\">\n\t\t\t\t\t\t<div class=\"elementor-element elementor-element-e247b8a elementor-widget elementor-widget-text-editor\" data-id=\"e247b8a\" data-element_type=\"widget\" data-e-type=\"widget\" data-widget_type=\"text-editor.default\">\n\t\t\t\t<div class=\"elementor-widget-container\">\n\t\t\t\t\t\t\t\t\t<p><span style=\"color: #000000;\">Durante muchos a\u00f1os, los habitantes de Gorz\u00f3w Wielkopolski vienen a Nuestra Se\u00f1ora de los Liquen. Al principio, esta peregrinaci\u00f3n no era numerosa. Sin embargo, la tradici\u00f3n de la peregrinaci\u00f3n se ha arraigado entre los habitantes de Gorz\u00f3w y recientemente, incluso en un equipo de 60 personas, vienen a Nuestra Se\u00f1ora de Liche\u0144. Todo gracias a Anna Gali\u0144ska, que os invita a rezar juntos en Liche\u0144. Ella enfatiza que no quiere que el viaje sea una visita al santuario, sino un encuentro con Dios. - Al principio, yo mismo iba a los santuarios de la Madre de Dios. Durante uno de los retiros, promet\u00ed: &quot;Madre de Dios, nunca volver\u00e9 sola a ti&quot;, dice Anna. A partir de ese momento empez\u00f3 a organizar amigos ya visitar regularmente a Nuestra Se\u00f1ora de Liche\u0144.<\/span><\/p><p><span style=\"color: #000000;\">Para que la oraci\u00f3n sea m\u00e1s profunda y fruct\u00edfera, los peregrinos de Gorz\u00f3w Wielkopolski participan en retiros marianos organizados por el Centro de Formaci\u00f3n Mariana en el Santuario de Nuestra Se\u00f1ora de Liche\u0144. - Estos momentos de reflexi\u00f3n cambian a una persona. Esto no es lo mismo que un retiro parroquial. Luego corres a casa y piensas en tus deberes diarios. Y en Liche\u0144, el hombre est\u00e1 excluido y experimenta profunda e interiormente el encuentro con Dios. Muchas personas compartieron que estaban muy felices de venir al santuario. Me fortalece mucho - dice Anna Gali\u0144ska.<\/span><\/p>\t\t\t\t\t\t\t\t<\/div>\n\t\t\t\t<\/div>\n\t\t\t\t<div class=\"elementor-element elementor-element-aed614f elementor-widget elementor-widget-image\" data-id=\"aed614f\" data-element_type=\"widget\" data-e-type=\"widget\" data-widget_type=\"image.default\">\n\t\t\t\t<div class=\"elementor-widget-container\">\n\t\t\t\t\t\t\t\t\t\t\t\t\t\t\t<img fetchpriority=\"high\" decoding=\"async\" width=\"769\" height=\"1024\" src=\"https:\/\/www.lichen.pl\/wp-content\/uploads\/2020\/09\/P1300344-769x1024.jpg\" class=\"attachment-large size-large wp-image-17145\" alt=\"\" srcset=\"https:\/\/www.lichen.pl\/wp-content\/uploads\/2020\/09\/P1300344-769x1024.jpg 769w, https:\/\/www.lichen.pl\/wp-content\/uploads\/2020\/09\/P1300344-800x1065.jpg 800w, https:\/\/www.lichen.pl\/wp-content\/uploads\/2020\/09\/P1300344-225x300.jpg 225w, https:\/\/www.lichen.pl\/wp-content\/uploads\/2020\/09\/P1300344-768x1023.jpg 768w, https:\/\/www.lichen.pl\/wp-content\/uploads\/2020\/09\/P1300344.jpg 901w\" sizes=\"(max-width: 769px) 100vw, 769px\" \/>\t\t\t\t\t\t\t\t\t\t\t\t\t\t\t<\/div>\n\t\t\t\t<\/div>\n\t\t\t\t\t<\/div>\n\t\t<\/div>\n\t\t\t\t\t<\/div>\n\t\t<\/section>\n\t\t\t\t<section class=\"elementor-section elementor-top-section elementor-element elementor-element-4b426c9 elementor-section-boxed elementor-section-height-default elementor-section-height-default\" data-id=\"4b426c9\" data-element_type=\"section\" data-e-type=\"section\">\n\t\t\t\t\t\t<div class=\"elementor-container elementor-column-gap-default\">\n\t\t\t\t\t<div class=\"elementor-column elementor-col-100 elementor-top-column elementor-element elementor-element-131159e\" data-id=\"131159e\" data-element_type=\"column\" data-e-type=\"column\">\n\t\t\t<div class=\"elementor-widget-wrap elementor-element-populated\">\n\t\t\t\t\t\t<div class=\"elementor-element elementor-element-0ebcb0a elementor-widget elementor-widget-text-editor\" data-id=\"0ebcb0a\" data-element_type=\"widget\" data-e-type=\"widget\" data-widget_type=\"text-editor.default\">\n\t\t\t\t<div class=\"elementor-widget-container\">\n\t\t\t\t\t\t\t\t\t<p><span style=\"color: #000000;\">Esta vez, 35 participantes del retiro del rosario dirigido por el P. El Dr. Janusz Kumala, MIC, custodio del santuario Lichen y director del Centro de Formaci\u00f3n Mariana, se centr\u00f3 en el tema: &quot;Con Mar\u00eda, aprendemos a estar con Jes\u00fas&quot;. - El rosario es para acercarnos a Dios. Toda oraci\u00f3n es estar cerca de Dios, pero esta presencia debe ser consciente. Es importante que confiemos en la presencia de Dios en nuestra vida \u2013 explic\u00f3 el custodio del santuario que, como Mar\u00eda durante la Anunciaci\u00f3n, podemos descubrir nuestra identidad en las palabras del arc\u00e1ngel Gabriel. Tambi\u00e9n nosotros somos amados por Dios como Mar\u00eda, y como ella podemos experimentar que \u201cel Se\u00f1or est\u00e1 con nosotros\u201d - En el estar con Dios es importante escucharlo y sentir su amor. Como un ni\u00f1o peque\u00f1o que no comprende a sus padres pero se siente seguro por su amor. Descubriremos la plenitud del amor de Dios en el cielo. Y escuchar significa ser obediente - subray\u00f3 el p. Kumala. Tambi\u00e9n not\u00f3 que en la vida cotidiana Dios debe ser descubierto en otras personas. - El espacio de encuentro de Jes\u00fas es la iglesia. All\u00ed escuchamos la Palabra de Dios, hay tiempo para la reflexi\u00f3n y nuestra respuesta. Meditar los misterios del rosario ayudar\u00e1 a experimentar la presencia con Jes\u00fas - record\u00f3 el curador del santuario.<\/span><\/p><p><span style=\"color: #000000;\">Adem\u00e1s de la conferencia, hubo tiempo para la Santa Misa, adoraci\u00f3n al Sant\u00edsimo Sacramento, rosario, oraci\u00f3n personal y reflexi\u00f3n, as\u00ed como un coloquio con un retiro.<\/span><\/p><p><span style=\"color: #000000;\">En el santuario est\u00e1 la Comunidad de L\u00edquenes del Rosario. La informaci\u00f3n detallada est\u00e1 disponible en la Oficina de Atenci\u00f3n al Peregrino n\u00fam. Tel. (+48) 63 270 81 63, (+48) 63 270 81 42, (+48) 63 270 85 75 o escribiendo a la direcci\u00f3n liche\u0144@lichen.pl.<\/span><\/p>\t\t\t\t\t\t\t\t<\/div>\n\t\t\t\t<\/div>\n\t\t\t\t<div class=\"elementor-element elementor-element-cda3258 elementor-widget elementor-widget-gallery\" data-id=\"cda3258\" data-element_type=\"widget\" data-e-type=\"widget\" data-settings=\"{&quot;lazyload&quot;:&quot;yes&quot;,&quot;gallery_layout&quot;:&quot;grid&quot;,&quot;columns&quot;:4,&quot;columns_tablet&quot;:2,&quot;columns_mobile&quot;:1,&quot;gap&quot;:{&quot;unit&quot;:&quot;px&quot;,&quot;size&quot;:10,&quot;sizes&quot;:[]},&quot;gap_tablet&quot;:{&quot;unit&quot;:&quot;px&quot;,&quot;size&quot;:10,&quot;sizes&quot;:[]},&quot;gap_mobile&quot;:{&quot;unit&quot;:&quot;px&quot;,&quot;size&quot;:10,&quot;sizes&quot;:[]},&quot;link_to&quot;:&quot;file&quot;,&quot;aspect_ratio&quot;:&quot;3:2&quot;,&quot;overlay_background&quot;:&quot;yes&quot;,&quot;content_hover_animation&quot;:&quot;fade-in&quot;}\" data-widget_type=\"gallery.default\">\n\t\t\t\t<div class=\"elementor-widget-container\">\n\t\t\t\t\t\t\t<div class=\"elementor-gallery__container\">\n\t\t\t\t\t\t\t<a class=\"e-gallery-item elementor-gallery-item elementor-animated-content\" href=\"https:\/\/www.lichen.pl\/wp-content\/uploads\/2020\/09\/P1300347.jpg\" data-elementor-open-lightbox=\"yes\" data-elementor-lightbox-slideshow=\"cda3258\" data-elementor-lightbox-title=\"P1300347\" data-e-action-hash=\"#elementor-action%3Aaction%3Dlightbox%26settings%3DeyJpZCI6MTcxNTUsInVybCI6Imh0dHBzOlwvXC93d3cubGljaGVuLnBsXC93cC1jb250ZW50XC91cGxvYWRzXC8yMDIwXC8wOVwvUDEzMDAzNDcuanBnIiwic2xpZGVzaG93IjoiY2RhMzI1OCJ9\">\n\t\t\t\t\t<div class=\"e-gallery-image elementor-gallery-item__image\" data-thumbnail=\"https:\/\/www.lichen.pl\/wp-content\/uploads\/2020\/09\/P1300347-300x225.jpg\" data-width=\"300\" data-height=\"225\" aria-label=\"\" role=\"img\" ><\/div>\n\t\t\t\t\t\t\t\t\t\t\t<div class=\"elementor-gallery-item__overlay\"><\/div>\n\t\t\t\t\t\t\t\t\t\t\t\t\t\t<\/a>\n\t\t\t\t\t\t\t<a class=\"e-gallery-item elementor-gallery-item elementor-animated-content\" href=\"https:\/\/www.lichen.pl\/wp-content\/uploads\/2020\/09\/P1300345.jpg\" data-elementor-open-lightbox=\"yes\" data-elementor-lightbox-slideshow=\"cda3258\" data-elementor-lightbox-title=\"P1300345\" data-e-action-hash=\"#elementor-action%3Aaction%3Dlightbox%26settings%3DeyJpZCI6MTcxNTAsInVybCI6Imh0dHBzOlwvXC93d3cubGljaGVuLnBsXC93cC1jb250ZW50XC91cGxvYWRzXC8yMDIwXC8wOVwvUDEzMDAzNDUuanBnIiwic2xpZGVzaG93IjoiY2RhMzI1OCJ9\">\n\t\t\t\t\t<div class=\"e-gallery-image elementor-gallery-item__image\" data-thumbnail=\"https:\/\/www.lichen.pl\/wp-content\/uploads\/2020\/09\/P1300345-300x225.jpg\" data-width=\"300\" data-height=\"225\" aria-label=\"\" role=\"img\" ><\/div>\n\t\t\t\t\t\t\t\t\t\t\t<div class=\"elementor-gallery-item__overlay\"><\/div>\n\t\t\t\t\t\t\t\t\t\t\t\t\t\t<\/a>\n\t\t\t\t\t\t\t<a class=\"e-gallery-item elementor-gallery-item elementor-animated-content\" href=\"https:\/\/www.lichen.pl\/wp-content\/uploads\/2020\/09\/P1300342.jpg\" data-elementor-open-lightbox=\"yes\" data-elementor-lightbox-slideshow=\"cda3258\" data-elementor-lightbox-title=\"P1300342\" data-e-action-hash=\"#elementor-action%3Aaction%3Dlightbox%26settings%3DeyJpZCI6MTcxNDAsInVybCI6Imh0dHBzOlwvXC93d3cubGljaGVuLnBsXC93cC1jb250ZW50XC91cGxvYWRzXC8yMDIwXC8wOVwvUDEzMDAzNDIuanBnIiwic2xpZGVzaG93IjoiY2RhMzI1OCJ9\">\n\t\t\t\t\t<div class=\"e-gallery-image elementor-gallery-item__image\" data-thumbnail=\"https:\/\/www.lichen.pl\/wp-content\/uploads\/2020\/09\/P1300342-300x225.jpg\" data-width=\"300\" data-height=\"225\" aria-label=\"\" role=\"img\" ><\/div>\n\t\t\t\t\t\t\t\t\t\t\t<div class=\"elementor-gallery-item__overlay\"><\/div>\n\t\t\t\t\t\t\t\t\t\t\t\t\t\t<\/a>\n\t\t\t\t\t<\/div>\n\t\t\t\t\t<\/div>\n\t\t\t\t<\/div>\n\t\t\t\t\t<\/div>\n\t\t<\/div>\n\t\t\t\t\t<\/div>\n\t\t<\/section>\n\t\t\t\t<\/div>","protected":false},"excerpt":{"rendered":"<p>Od wielu lat do Matki Bo\u017cej Liche\u0144skiej przyje\u017cd\u017caj\u0105 mieszka\u0144cy Gorzowa Wielkopolskiego. Na samym pocz\u0105tku ta pielgrzymka nie by\u0142a liczna. Jednak tradycja pielgrzymowania zakorzeni\u0142a si\u0119 w\u015br\u00f3d gorzowian i w ostatnim czasie przyje\u017cd\u017caj\u0105 do Matki Bo\u017cej Liche\u0144skiej nawet w 60-osobowej ekipie. Wszystko dzi\u0119ki Annie Gali\u0144skiej, kt\u00f3ra zaprasza do wsp\u00f3lnej modlitwy w Licheniu. Podkre\u015bla, \u017ce nie chce, by [&hellip;]<\/p>\n","protected":false},"author":6,"featured_media":17145,"comment_status":"open","ping_status":"open","sticky":false,"template":"","format":"standard","meta":{"footnotes":""},"categories":[1],"tags":[],"class_list":["post-17138","post","type-post","status-publish","format-standard","has-post-thumbnail","hentry","category-aktualnosci","wpbf-post"],"yoast_head":"<!-- This site is optimized with the Yoast SEO plugin v27.4 - https:\/\/yoast.com\/product\/yoast-seo-wordpress\/ -->\n<title>Z Maryj\u0105 uczyli si\u0119 przebywania z Jezusem - SANKTUARIUM W LICHENIU<\/title>\n<meta name=\"robots\" content=\"index, follow, max-snippet:-1, max-image-preview:large, max-video-preview:-1\" \/>\n<link rel=\"canonical\" href=\"http:\/\/www.lichen.pl\/es\/z-maryja-uczyli-sie-przebywania-z-jezusem\/\" \/>\n<meta property=\"og:locale\" content=\"es_ES\" \/>\n<meta property=\"og:type\" content=\"article\" \/>\n<meta property=\"og:title\" content=\"Z Maryj\u0105 uczyli si\u0119 przebywania z Jezusem - SANKTUARIUM W LICHENIU\" \/>\n<meta property=\"og:description\" content=\"Od wielu lat do Matki Bo\u017cej Liche\u0144skiej przyje\u017cd\u017caj\u0105 mieszka\u0144cy Gorzowa Wielkopolskiego. Na samym pocz\u0105tku ta pielgrzymka nie by\u0142a liczna. Jednak tradycja pielgrzymowania zakorzeni\u0142a si\u0119 w\u015br\u00f3d gorzowian i w ostatnim czasie przyje\u017cd\u017caj\u0105 do Matki Bo\u017cej Liche\u0144skiej nawet w 60-osobowej ekipie. Wszystko dzi\u0119ki Annie Gali\u0144skiej, kt\u00f3ra zaprasza do wsp\u00f3lnej modlitwy w Licheniu. Podkre\u015bla, \u017ce nie chce, by [&hellip;]\" \/>\n<meta property=\"og:url\" content=\"http:\/\/www.lichen.pl\/es\/z-maryja-uczyli-sie-przebywania-z-jezusem\/\" \/>\n<meta property=\"og:site_name\" content=\"SANKTUARIUM W LICHENIU\" \/>\n<meta property=\"article:published_time\" content=\"2020-09-28T11:21:24+00:00\" \/>\n<meta property=\"article:modified_time\" content=\"2021-06-30T11:24:08+00:00\" \/>\n<meta property=\"og:image\" content=\"http:\/\/www.lichen.pl\/wp-content\/uploads\/2020\/09\/P1300344.jpg\" \/>\n\t<meta property=\"og:image:width\" content=\"901\" \/>\n\t<meta property=\"og:image:height\" content=\"1200\" \/>\n\t<meta property=\"og:image:type\" content=\"image\/jpeg\" \/>\n<meta name=\"author\" content=\"AMELIA SIUDA-KOSZELA\" \/>\n<meta name=\"twitter:card\" content=\"summary_large_image\" \/>\n<meta name=\"twitter:label1\" content=\"Escrito por\" \/>\n\t<meta name=\"twitter:data1\" content=\"AMELIA SIUDA-KOSZELA\" \/>\n\t<meta name=\"twitter:label2\" content=\"Tiempo de lectura\" \/>\n\t<meta name=\"twitter:data2\" content=\"3 minutos\" \/>\n<script type=\"application\/ld+json\" class=\"yoast-schema-graph\">{\"@context\":\"https:\\\/\\\/schema.org\",\"@graph\":[{\"@type\":\"Article\",\"@id\":\"http:\\\/\\\/www.lichen.pl\\\/en\\\/z-maryja-uczyli-sie-przebywania-z-jezusem\\\/#article\",\"isPartOf\":{\"@id\":\"http:\\\/\\\/www.lichen.pl\\\/en\\\/z-maryja-uczyli-sie-przebywania-z-jezusem\\\/\"},\"author\":{\"name\":\"AMELIA SIUDA-KOSZELA\",\"@id\":\"https:\\\/\\\/www.lichen.pl\\\/fr\\\/#\\\/schema\\\/person\\\/70bf824c102f176cf976b0d90af0d62a\"},\"headline\":\"Z Maryj\u0105 uczyli si\u0119 przebywania z Jezusem\",\"datePublished\":\"2020-09-28T11:21:24+00:00\",\"dateModified\":\"2021-06-30T11:24:08+00:00\",\"mainEntityOfPage\":{\"@id\":\"http:\\\/\\\/www.lichen.pl\\\/en\\\/z-maryja-uczyli-sie-przebywania-z-jezusem\\\/\"},\"wordCount\":527,\"commentCount\":0,\"image\":{\"@id\":\"http:\\\/\\\/www.lichen.pl\\\/en\\\/z-maryja-uczyli-sie-przebywania-z-jezusem\\\/#primaryimage\"},\"thumbnailUrl\":\"https:\\\/\\\/www.lichen.pl\\\/wp-content\\\/uploads\\\/2020\\\/09\\\/P1300344.jpg\",\"articleSection\":[\"Aktualno\u015bci\"],\"inLanguage\":\"es\",\"potentialAction\":[{\"@type\":\"CommentAction\",\"name\":\"Comment\",\"target\":[\"http:\\\/\\\/www.lichen.pl\\\/en\\\/z-maryja-uczyli-sie-przebywania-z-jezusem\\\/#respond\"]}]},{\"@type\":\"WebPage\",\"@id\":\"http:\\\/\\\/www.lichen.pl\\\/en\\\/z-maryja-uczyli-sie-przebywania-z-jezusem\\\/\",\"url\":\"http:\\\/\\\/www.lichen.pl\\\/en\\\/z-maryja-uczyli-sie-przebywania-z-jezusem\\\/\",\"name\":\"Z Maryj\u0105 uczyli si\u0119 przebywania z Jezusem - SANKTUARIUM W LICHENIU\",\"isPartOf\":{\"@id\":\"https:\\\/\\\/www.lichen.pl\\\/fr\\\/#website\"},\"primaryImageOfPage\":{\"@id\":\"http:\\\/\\\/www.lichen.pl\\\/en\\\/z-maryja-uczyli-sie-przebywania-z-jezusem\\\/#primaryimage\"},\"image\":{\"@id\":\"http:\\\/\\\/www.lichen.pl\\\/en\\\/z-maryja-uczyli-sie-przebywania-z-jezusem\\\/#primaryimage\"},\"thumbnailUrl\":\"https:\\\/\\\/www.lichen.pl\\\/wp-content\\\/uploads\\\/2020\\\/09\\\/P1300344.jpg\",\"datePublished\":\"2020-09-28T11:21:24+00:00\",\"dateModified\":\"2021-06-30T11:24:08+00:00\",\"author\":{\"@id\":\"https:\\\/\\\/www.lichen.pl\\\/fr\\\/#\\\/schema\\\/person\\\/70bf824c102f176cf976b0d90af0d62a\"},\"breadcrumb\":{\"@id\":\"http:\\\/\\\/www.lichen.pl\\\/en\\\/z-maryja-uczyli-sie-przebywania-z-jezusem\\\/#breadcrumb\"},\"inLanguage\":\"es\",\"potentialAction\":[{\"@type\":\"ReadAction\",\"target\":[\"http:\\\/\\\/www.lichen.pl\\\/en\\\/z-maryja-uczyli-sie-przebywania-z-jezusem\\\/\"]}]},{\"@type\":\"ImageObject\",\"inLanguage\":\"es\",\"@id\":\"http:\\\/\\\/www.lichen.pl\\\/en\\\/z-maryja-uczyli-sie-przebywania-z-jezusem\\\/#primaryimage\",\"url\":\"https:\\\/\\\/www.lichen.pl\\\/wp-content\\\/uploads\\\/2020\\\/09\\\/P1300344.jpg\",\"contentUrl\":\"https:\\\/\\\/www.lichen.pl\\\/wp-content\\\/uploads\\\/2020\\\/09\\\/P1300344.jpg\",\"width\":901,\"height\":1200},{\"@type\":\"BreadcrumbList\",\"@id\":\"http:\\\/\\\/www.lichen.pl\\\/en\\\/z-maryja-uczyli-sie-przebywania-z-jezusem\\\/#breadcrumb\",\"itemListElement\":[{\"@type\":\"ListItem\",\"position\":1,\"name\":\"Strona g\u0142\u00f3wna\",\"item\":\"https:\\\/\\\/www.lichen.pl\\\/\"},{\"@type\":\"ListItem\",\"position\":2,\"name\":\"Z Maryj\u0105 uczyli si\u0119 przebywania z Jezusem\"}]},{\"@type\":\"WebSite\",\"@id\":\"https:\\\/\\\/www.lichen.pl\\\/fr\\\/#website\",\"url\":\"https:\\\/\\\/www.lichen.pl\\\/fr\\\/\",\"name\":\"SANKTUARIUM W LICHENIU\",\"description\":\"MATKI BO\u017bEJ LICHE\u0143SKIEJ BOLESNEJ KR\u00d3LOWEJ POLSKI\",\"potentialAction\":[{\"@type\":\"SearchAction\",\"target\":{\"@type\":\"EntryPoint\",\"urlTemplate\":\"https:\\\/\\\/www.lichen.pl\\\/fr\\\/?s={search_term_string}\"},\"query-input\":{\"@type\":\"PropertyValueSpecification\",\"valueRequired\":true,\"valueName\":\"search_term_string\"}}],\"inLanguage\":\"es\"},{\"@type\":\"Person\",\"@id\":\"https:\\\/\\\/www.lichen.pl\\\/fr\\\/#\\\/schema\\\/person\\\/70bf824c102f176cf976b0d90af0d62a\",\"name\":\"AMELIA SIUDA-KOSZELA\",\"image\":{\"@type\":\"ImageObject\",\"inLanguage\":\"es\",\"@id\":\"https:\\\/\\\/secure.gravatar.com\\\/avatar\\\/a0f9a92186ab02fb8db116f5388e3bc7280dd7bd01565c5d6b7ceb07ff27d6d9?s=96&d=retro&r=g\",\"url\":\"https:\\\/\\\/secure.gravatar.com\\\/avatar\\\/a0f9a92186ab02fb8db116f5388e3bc7280dd7bd01565c5d6b7ceb07ff27d6d9?s=96&d=retro&r=g\",\"contentUrl\":\"https:\\\/\\\/secure.gravatar.com\\\/avatar\\\/a0f9a92186ab02fb8db116f5388e3bc7280dd7bd01565c5d6b7ceb07ff27d6d9?s=96&d=retro&r=g\",\"caption\":\"AMELIA SIUDA-KOSZELA\"},\"url\":\"https:\\\/\\\/www.lichen.pl\\\/es\\\/author\\\/amelia\\\/\"}]}<\/script>\n<!-- \/ Yoast SEO plugin. -->","yoast_head_json":{"title":"Z Maryj\u0105 uczyli si\u0119 przebywania z Jezusem - SANKTUARIUM W LICHENIU","robots":{"index":"index","follow":"follow","max-snippet":"max-snippet:-1","max-image-preview":"max-image-preview:large","max-video-preview":"max-video-preview:-1"},"canonical":"http:\/\/www.lichen.pl\/es\/z-maryja-uczyli-sie-przebywania-z-jezusem\/","og_locale":"es_ES","og_type":"article","og_title":"Z Maryj\u0105 uczyli si\u0119 przebywania z Jezusem - SANKTUARIUM W LICHENIU","og_description":"Od wielu lat do Matki Bo\u017cej Liche\u0144skiej przyje\u017cd\u017caj\u0105 mieszka\u0144cy Gorzowa Wielkopolskiego. Na samym pocz\u0105tku ta pielgrzymka nie by\u0142a liczna. Jednak tradycja pielgrzymowania zakorzeni\u0142a si\u0119 w\u015br\u00f3d gorzowian i w ostatnim czasie przyje\u017cd\u017caj\u0105 do Matki Bo\u017cej Liche\u0144skiej nawet w 60-osobowej ekipie. Wszystko dzi\u0119ki Annie Gali\u0144skiej, kt\u00f3ra zaprasza do wsp\u00f3lnej modlitwy w Licheniu. Podkre\u015bla, \u017ce nie chce, by [&hellip;]","og_url":"http:\/\/www.lichen.pl\/es\/z-maryja-uczyli-sie-przebywania-z-jezusem\/","og_site_name":"SANKTUARIUM W LICHENIU","article_published_time":"2020-09-28T11:21:24+00:00","article_modified_time":"2021-06-30T11:24:08+00:00","og_image":[{"width":901,"height":1200,"url":"http:\/\/www.lichen.pl\/wp-content\/uploads\/2020\/09\/P1300344.jpg","type":"image\/jpeg"}],"author":"AMELIA SIUDA-KOSZELA","twitter_card":"summary_large_image","twitter_misc":{"Escrito por":"AMELIA SIUDA-KOSZELA","Tiempo de lectura":"3 minutos"},"schema":{"@context":"https:\/\/schema.org","@graph":[{"@type":"Article","@id":"http:\/\/www.lichen.pl\/en\/z-maryja-uczyli-sie-przebywania-z-jezusem\/#article","isPartOf":{"@id":"http:\/\/www.lichen.pl\/en\/z-maryja-uczyli-sie-przebywania-z-jezusem\/"},"author":{"name":"AMELIA SIUDA-KOSZELA","@id":"https:\/\/www.lichen.pl\/fr\/#\/schema\/person\/70bf824c102f176cf976b0d90af0d62a"},"headline":"Z Maryj\u0105 uczyli si\u0119 przebywania z Jezusem","datePublished":"2020-09-28T11:21:24+00:00","dateModified":"2021-06-30T11:24:08+00:00","mainEntityOfPage":{"@id":"http:\/\/www.lichen.pl\/en\/z-maryja-uczyli-sie-przebywania-z-jezusem\/"},"wordCount":527,"commentCount":0,"image":{"@id":"http:\/\/www.lichen.pl\/en\/z-maryja-uczyli-sie-przebywania-z-jezusem\/#primaryimage"},"thumbnailUrl":"https:\/\/www.lichen.pl\/wp-content\/uploads\/2020\/09\/P1300344.jpg","articleSection":["Aktualno\u015bci"],"inLanguage":"es","potentialAction":[{"@type":"CommentAction","name":"Comment","target":["http:\/\/www.lichen.pl\/en\/z-maryja-uczyli-sie-przebywania-z-jezusem\/#respond"]}]},{"@type":"WebPage","@id":"http:\/\/www.lichen.pl\/en\/z-maryja-uczyli-sie-przebywania-z-jezusem\/","url":"http:\/\/www.lichen.pl\/en\/z-maryja-uczyli-sie-przebywania-z-jezusem\/","name":"Z Maryj\u0105 uczyli si\u0119 przebywania z Jezusem - SANKTUARIUM W LICHENIU","isPartOf":{"@id":"https:\/\/www.lichen.pl\/fr\/#website"},"primaryImageOfPage":{"@id":"http:\/\/www.lichen.pl\/en\/z-maryja-uczyli-sie-przebywania-z-jezusem\/#primaryimage"},"image":{"@id":"http:\/\/www.lichen.pl\/en\/z-maryja-uczyli-sie-przebywania-z-jezusem\/#primaryimage"},"thumbnailUrl":"https:\/\/www.lichen.pl\/wp-content\/uploads\/2020\/09\/P1300344.jpg","datePublished":"2020-09-28T11:21:24+00:00","dateModified":"2021-06-30T11:24:08+00:00","author":{"@id":"https:\/\/www.lichen.pl\/fr\/#\/schema\/person\/70bf824c102f176cf976b0d90af0d62a"},"breadcrumb":{"@id":"http:\/\/www.lichen.pl\/en\/z-maryja-uczyli-sie-przebywania-z-jezusem\/#breadcrumb"},"inLanguage":"es","potentialAction":[{"@type":"ReadAction","target":["http:\/\/www.lichen.pl\/en\/z-maryja-uczyli-sie-przebywania-z-jezusem\/"]}]},{"@type":"ImageObject","inLanguage":"es","@id":"http:\/\/www.lichen.pl\/en\/z-maryja-uczyli-sie-przebywania-z-jezusem\/#primaryimage","url":"https:\/\/www.lichen.pl\/wp-content\/uploads\/2020\/09\/P1300344.jpg","contentUrl":"https:\/\/www.lichen.pl\/wp-content\/uploads\/2020\/09\/P1300344.jpg","width":901,"height":1200},{"@type":"BreadcrumbList","@id":"http:\/\/www.lichen.pl\/en\/z-maryja-uczyli-sie-przebywania-z-jezusem\/#breadcrumb","itemListElement":[{"@type":"ListItem","position":1,"name":"Strona g\u0142\u00f3wna","item":"https:\/\/www.lichen.pl\/"},{"@type":"ListItem","position":2,"name":"Z Maryj\u0105 uczyli si\u0119 przebywania z Jezusem"}]},{"@type":"WebSite","@id":"https:\/\/www.lichen.pl\/fr\/#website","url":"https:\/\/www.lichen.pl\/fr\/","name":"SANTUARIO EN LICHENIA","description":"LA DOLOROSA REINA DE POLONIA DE NUESTRO LICHEN","potentialAction":[{"@type":"SearchAction","target":{"@type":"EntryPoint","urlTemplate":"https:\/\/www.lichen.pl\/fr\/?s={search_term_string}"},"query-input":{"@type":"PropertyValueSpecification","valueRequired":true,"valueName":"search_term_string"}}],"inLanguage":"es"},{"@type":"Person","@id":"https:\/\/www.lichen.pl\/fr\/#\/schema\/person\/70bf824c102f176cf976b0d90af0d62a","name":"AMELIA SIUDA-KOSZELA","image":{"@type":"ImageObject","inLanguage":"es","@id":"https:\/\/secure.gravatar.com\/avatar\/a0f9a92186ab02fb8db116f5388e3bc7280dd7bd01565c5d6b7ceb07ff27d6d9?s=96&d=retro&r=g","url":"https:\/\/secure.gravatar.com\/avatar\/a0f9a92186ab02fb8db116f5388e3bc7280dd7bd01565c5d6b7ceb07ff27d6d9?s=96&d=retro&r=g","contentUrl":"https:\/\/secure.gravatar.com\/avatar\/a0f9a92186ab02fb8db116f5388e3bc7280dd7bd01565c5d6b7ceb07ff27d6d9?s=96&d=retro&r=g","caption":"AMELIA SIUDA-KOSZELA"},"url":"https:\/\/www.lichen.pl\/es\/author\/amelia\/"}]}},"_links":{"self":[{"href":"https:\/\/www.lichen.pl\/es\/wp-json\/wp\/v2\/posts\/17138","targetHints":{"allow":["GET"]}}],"collection":[{"href":"https:\/\/www.lichen.pl\/es\/wp-json\/wp\/v2\/posts"}],"about":[{"href":"https:\/\/www.lichen.pl\/es\/wp-json\/wp\/v2\/types\/post"}],"author":[{"embeddable":true,"href":"https:\/\/www.lichen.pl\/es\/wp-json\/wp\/v2\/users\/6"}],"replies":[{"embeddable":true,"href":"https:\/\/www.lichen.pl\/es\/wp-json\/wp\/v2\/comments?post=17138"}],"version-history":[{"count":4,"href":"https:\/\/www.lichen.pl\/es\/wp-json\/wp\/v2\/posts\/17138\/revisions"}],"predecessor-version":[{"id":17162,"href":"https:\/\/www.lichen.pl\/es\/wp-json\/wp\/v2\/posts\/17138\/revisions\/17162"}],"wp:featuredmedia":[{"embeddable":true,"href":"https:\/\/www.lichen.pl\/es\/wp-json\/wp\/v2\/media\/17145"}],"wp:attachment":[{"href":"https:\/\/www.lichen.pl\/es\/wp-json\/wp\/v2\/media?parent=17138"}],"wp:term":[{"taxonomy":"category","embeddable":true,"href":"https:\/\/www.lichen.pl\/es\/wp-json\/wp\/v2\/categories?post=17138"},{"taxonomy":"post_tag","embeddable":true,"href":"https:\/\/www.lichen.pl\/es\/wp-json\/wp\/v2\/tags?post=17138"}],"curies":[{"name":"wp","href":"https:\/\/api.w.org\/{rel}","templated":true}]}}