{"id":19975,"date":"2021-07-25T16:40:52","date_gmt":"2021-07-25T16:40:52","guid":{"rendered":"http:\/\/www.lichen.pl\/28-ogolnopolskie-spotkania-trzezwosciowe-ozywieni-slowem-lichen-23-25-lipca-2021-r-copy\/"},"modified":"2021-07-28T12:19:20","modified_gmt":"2021-07-28T12:19:20","slug":"28-ogolnopolskie-spotkania-trzezwosciowe-ozywieni-slowem-lichen-23-25-lipca-2021-r-copy","status":"publish","type":"post","link":"https:\/\/www.lichen.pl\/es\/28-ogolnopolskie-spotkania-trzezwosciowe-ozywieni-slowem-lichen-23-25-lipca-2021-r-copy\/","title":{"rendered":"D\u00eda mundial de los abuelos y las personas mayores en Liche\u0144"},"content":{"rendered":"<div data-elementor-type=\"wp-post\" data-elementor-id=\"19975\" class=\"elementor elementor-19975\" data-elementor-post-type=\"post\">\n\t\t\t\t\t\t<section class=\"elementor-section elementor-top-section elementor-element elementor-element-f153ce1 elementor-section-boxed elementor-section-height-default elementor-section-height-default\" data-id=\"f153ce1\" data-element_type=\"section\" data-e-type=\"section\">\n\t\t\t\t\t\t<div class=\"elementor-container elementor-column-gap-default\">\n\t\t\t\t\t<div class=\"elementor-column elementor-col-100 elementor-top-column elementor-element elementor-element-4e46c03\" data-id=\"4e46c03\" data-element_type=\"column\" data-e-type=\"column\">\n\t\t\t<div class=\"elementor-widget-wrap elementor-element-populated\">\n\t\t\t\t\t\t<div class=\"elementor-element elementor-element-b9c8f25 elementor-blockquote--align-center elementor-blockquote--skin-border elementor-widget elementor-widget-blockquote\" data-id=\"b9c8f25\" data-element_type=\"widget\" data-e-type=\"widget\" data-widget_type=\"blockquote.default\">\n\t\t\t\t<div class=\"elementor-widget-container\">\n\t\t\t\t\t\t\t<blockquote class=\"elementor-blockquote\">\n\t\t\t<p class=\"elementor-blockquote__content\">\n\t\t\t\tMirando el desarrollo del santuario de Lichen, en sus inicios, se podr\u00eda decir que fue confiado a personas mayores. A la edad de 63 a\u00f1os, el pastor Miko\u0142aj Sikatka experiment\u00f3 la aparici\u00f3n de Nuestra Se\u00f1ora en el bosque de Gr\u0105blin. En aquellos d\u00edas, era un hombre realmente anciano (Rev. Janusz Kumala, MIC, 21 de octubre de 2019).\t\t\t<\/p>\n\t\t\t\t\t<\/blockquote>\n\t\t\t\t\t\t<\/div>\n\t\t\t\t<\/div>\n\t\t\t\t<section class=\"elementor-section elementor-inner-section elementor-element elementor-element-f42038b elementor-section-boxed elementor-section-height-default elementor-section-height-default\" data-id=\"f42038b\" data-element_type=\"section\" data-e-type=\"section\">\n\t\t\t\t\t\t<div class=\"elementor-container elementor-column-gap-default\">\n\t\t\t\t\t<div class=\"elementor-column elementor-col-100 elementor-inner-column elementor-element elementor-element-e1b118a\" data-id=\"e1b118a\" data-element_type=\"column\" data-e-type=\"column\">\n\t\t\t<div class=\"elementor-widget-wrap elementor-element-populated\">\n\t\t\t\t\t\t<div class=\"elementor-element elementor-element-eb51fd1 elementor-widget elementor-widget-text-editor\" data-id=\"eb51fd1\" data-element_type=\"widget\" data-e-type=\"widget\" data-widget_type=\"text-editor.default\">\n\t\t\t\t<div class=\"elementor-widget-container\">\n\t\t\t\t\t\t\t\t\t<p>El D\u00eda Mundial de los Abuelos y los Ancianos, que se celebra el 25 de julio en el santuario de Liche\u0144, se ha convertido en una oportunidad para agradecer a los mayores y rodearlos de sentida oraci\u00f3n. - <em>Necesitamos abuelos para aprender el amor desinteresado<\/em> - dijo el p. Janusz Kumala, MIC.<\/p><p>La Jornada de agradecimiento a padres y abuelos se llev\u00f3 a cabo por tercera vez en el Santuario de Nuestra Se\u00f1ora de Liche\u0144, y por primera vez la celebraci\u00f3n local se enmarc\u00f3 en el D\u00eda Mundial de los Abuelos y los Ancianos, instituido este a\u00f1o por el Papa Francisco.<\/p><p>En la Misa dominical del mediod\u00eda, presidida en la bas\u00edlica de Liquen, el P. Janusz Kumala, MIC, curador del santuario, particip\u00f3 en los Clubes de Mayores de la Gran Polonia. Los fieles pidieron a la Madre de Liche\u0144, Patrona de la felicidad familiar, fortalecer los lazos familiares e intergeneracionales. <br \/>En su homil\u00eda, el p\u00e1rroco custodio valor\u00f3 el cuidado de los adultos mayores, cuando gozan en su entorno de c\u00e1lidas relaciones familiares, respeto y paciencia. Sin embargo, enfatiz\u00f3 los peligros que enfrentan los ancianos: <em>en los pa\u00edses occidentales se utiliza la eutanasia, se les condena a la soledad, y en la familia se encuentran con el inter\u00e9s propio en lugar de la bondad. - Dios nos necesita en cada etapa de nuestra vida. No tengo que estar fuerte y en forma, incluso postrado en cama, puedo amar a Dios. \u00a1Dios espera amor del hombre!<\/em> \u00c9l dijo.<\/p>\t\t\t\t\t\t\t\t<\/div>\n\t\t\t\t<\/div>\n\t\t\t\t\t<\/div>\n\t\t<\/div>\n\t\t\t\t\t<\/div>\n\t\t<\/section>\n\t\t\t\t<div class=\"elementor-element elementor-element-9ec59f7 elementor-widget elementor-widget-text-editor\" data-id=\"9ec59f7\" data-element_type=\"widget\" data-e-type=\"widget\" data-widget_type=\"text-editor.default\">\n\t\t\t\t<div class=\"elementor-widget-container\">\n\t\t\t\t\t\t\t\t\t<p>Enfatiz\u00f3 que vale la pena considerar la relaci\u00f3n con los mayores cercanos que nos esperan. \u00bfLes dedicamos muy poco tiempo? - <em>Necesitamos personas mayores, \u00a1que vivan cien a\u00f1os! Son necesarios en las familias y en la vida de la Iglesia<\/em> - Padre Kumala. - <em>No tengamos miedo del mundo de hoy, pero escuchemos a Jes\u00fas, como Nuestra Se\u00f1ora de Liche\u0144 mira a los peregrinos y dice como en Can\u00e1 de Galilea: <strong>&quot;Haced lo que mi Hijo os diga&quot;.<\/strong><\/em><\/p><p>Los mayores participaron en la liturgia de la Palabra y la procesi\u00f3n con ofrendas, y la Santa Misa fue celebrada por fue agraciado por la banda de m\u00fasica del Centro Cultural Municipal y Comunitario en \u015alesin.<\/p>\t\t\t\t\t\t\t\t<\/div>\n\t\t\t\t<\/div>\n\t\t\t\t<div class=\"elementor-element elementor-element-f21bf89 elementor-widget-divider--view-line_icon elementor-view-default elementor-widget-divider--element-align-center elementor-widget elementor-widget-divider\" data-id=\"f21bf89\" data-element_type=\"widget\" data-e-type=\"widget\" data-widget_type=\"divider.default\">\n\t\t\t\t<div class=\"elementor-widget-container\">\n\t\t\t\t\t\t\t<div class=\"elementor-divider\">\n\t\t\t<span class=\"elementor-divider-separator\">\n\t\t\t\t\t\t\t<div class=\"elementor-icon elementor-divider__element\">\n\t\t\t\t\t<i aria-hidden=\"true\" class=\"fas fa-camera\"><\/i><\/div>\n\t\t\t\t\t\t<\/span>\n\t\t<\/div>\n\t\t\t\t\t\t<\/div>\n\t\t\t\t<\/div>\n\t\t\t\t<div class=\"elementor-element elementor-element-cd59e3d elementor-widget elementor-widget-gallery\" data-id=\"cd59e3d\" data-element_type=\"widget\" data-e-type=\"widget\" data-settings=\"{&quot;columns&quot;:6,&quot;lazyload&quot;:&quot;yes&quot;,&quot;gallery_layout&quot;:&quot;grid&quot;,&quot;columns_tablet&quot;:2,&quot;columns_mobile&quot;:1,&quot;gap&quot;:{&quot;unit&quot;:&quot;px&quot;,&quot;size&quot;:10,&quot;sizes&quot;:[]},&quot;gap_tablet&quot;:{&quot;unit&quot;:&quot;px&quot;,&quot;size&quot;:10,&quot;sizes&quot;:[]},&quot;gap_mobile&quot;:{&quot;unit&quot;:&quot;px&quot;,&quot;size&quot;:10,&quot;sizes&quot;:[]},&quot;link_to&quot;:&quot;file&quot;,&quot;aspect_ratio&quot;:&quot;3:2&quot;,&quot;overlay_background&quot;:&quot;yes&quot;,&quot;content_hover_animation&quot;:&quot;fade-in&quot;}\" data-widget_type=\"gallery.default\">\n\t\t\t\t<div class=\"elementor-widget-container\">\n\t\t\t\t\t\t\t<div class=\"elementor-gallery__container\">\n\t\t\t\t\t\t\t<a class=\"e-gallery-item elementor-gallery-item elementor-animated-content\" href=\"https:\/\/www.lichen.pl\/wp-content\/uploads\/2021\/04\/dzien-dziadkow-plakat-scaled.jpg\" data-elementor-open-lightbox=\"yes\" data-elementor-lightbox-slideshow=\"cd59e3d\" data-elementor-lightbox-title=\"dzie\u0144 dziadk\u00f3w plakat\" data-e-action-hash=\"#elementor-action%3Aaction%3Dlightbox%26settings%3DeyJpZCI6MTk5NjksInVybCI6Imh0dHBzOlwvXC93d3cubGljaGVuLnBsXC93cC1jb250ZW50XC91cGxvYWRzXC8yMDIxXC8wNFwvZHppZW4tZHppYWRrb3ctcGxha2F0LXNjYWxlZC5qcGciLCJzbGlkZXNob3ciOiJjZDU5ZTNkIn0%3D\">\n\t\t\t\t\t<div class=\"e-gallery-image elementor-gallery-item__image\" data-thumbnail=\"https:\/\/www.lichen.pl\/wp-content\/uploads\/2021\/04\/dzien-dziadkow-plakat-219x300.jpg\" data-width=\"219\" data-height=\"300\" aria-label=\"\" role=\"img\" ><\/div>\n\t\t\t\t\t\t\t\t\t\t\t<div class=\"elementor-gallery-item__overlay\"><\/div>\n\t\t\t\t\t\t\t\t\t\t\t\t\t\t<\/a>\n\t\t\t\t\t\t\t<a class=\"e-gallery-item elementor-gallery-item elementor-animated-content\" href=\"https:\/\/www.lichen.pl\/wp-content\/uploads\/2021\/07\/1-Dzien-Osob-Starszych-25-lipca-2021.jpg\" data-elementor-open-lightbox=\"yes\" data-elementor-lightbox-slideshow=\"cd59e3d\" data-elementor-lightbox-title=\"Dzie\u0144 Os\u00f3b Starszych 25 lipca 2021\" data-e-action-hash=\"#elementor-action%3Aaction%3Dlightbox%26settings%3DeyJpZCI6MjIwODAsInVybCI6Imh0dHBzOlwvXC93d3cubGljaGVuLnBsXC93cC1jb250ZW50XC91cGxvYWRzXC8yMDIxXC8wN1wvMS1Eemllbi1Pc29iLVN0YXJzenljaC0yNS1saXBjYS0yMDIxLmpwZyIsInNsaWRlc2hvdyI6ImNkNTllM2QifQ%3D%3D\">\n\t\t\t\t\t<div class=\"e-gallery-image elementor-gallery-item__image\" data-thumbnail=\"https:\/\/www.lichen.pl\/wp-content\/uploads\/2021\/07\/1-Dzien-Osob-Starszych-25-lipca-2021-300x225.jpg\" data-width=\"300\" data-height=\"225\" aria-label=\"\" role=\"img\" ><\/div>\n\t\t\t\t\t\t\t\t\t\t\t<div class=\"elementor-gallery-item__overlay\"><\/div>\n\t\t\t\t\t\t\t\t\t\t\t\t\t\t<\/a>\n\t\t\t\t\t\t\t<a class=\"e-gallery-item elementor-gallery-item elementor-animated-content\" href=\"https:\/\/www.lichen.pl\/wp-content\/uploads\/2021\/07\/2-Dzien-Osob-Starszych-25-lipca-2021.jpg\" data-elementor-open-lightbox=\"yes\" data-elementor-lightbox-slideshow=\"cd59e3d\" data-elementor-lightbox-title=\"Dzie\u0144 Os\u00f3b Starszych 25 lipca 2021\" data-e-action-hash=\"#elementor-action%3Aaction%3Dlightbox%26settings%3DeyJpZCI6MjIwODUsInVybCI6Imh0dHBzOlwvXC93d3cubGljaGVuLnBsXC93cC1jb250ZW50XC91cGxvYWRzXC8yMDIxXC8wN1wvMi1Eemllbi1Pc29iLVN0YXJzenljaC0yNS1saXBjYS0yMDIxLmpwZyIsInNsaWRlc2hvdyI6ImNkNTllM2QifQ%3D%3D\">\n\t\t\t\t\t<div class=\"e-gallery-image elementor-gallery-item__image\" data-thumbnail=\"https:\/\/www.lichen.pl\/wp-content\/uploads\/2021\/07\/2-Dzien-Osob-Starszych-25-lipca-2021-300x225.jpg\" data-width=\"300\" data-height=\"225\" aria-label=\"\" role=\"img\" ><\/div>\n\t\t\t\t\t\t\t\t\t\t\t<div class=\"elementor-gallery-item__overlay\"><\/div>\n\t\t\t\t\t\t\t\t\t\t\t\t\t\t<\/a>\n\t\t\t\t\t\t\t<a class=\"e-gallery-item elementor-gallery-item elementor-animated-content\" href=\"https:\/\/www.lichen.pl\/wp-content\/uploads\/2021\/07\/3-Dzien-Osob-Starszych-25-lipca-2021.jpg\" data-elementor-open-lightbox=\"yes\" data-elementor-lightbox-slideshow=\"cd59e3d\" data-elementor-lightbox-title=\"Dzie\u0144 Os\u00f3b Starszych 25 lipca 2021\" data-e-action-hash=\"#elementor-action%3Aaction%3Dlightbox%26settings%3DeyJpZCI6MjIwOTAsInVybCI6Imh0dHBzOlwvXC93d3cubGljaGVuLnBsXC93cC1jb250ZW50XC91cGxvYWRzXC8yMDIxXC8wN1wvMy1Eemllbi1Pc29iLVN0YXJzenljaC0yNS1saXBjYS0yMDIxLmpwZyIsInNsaWRlc2hvdyI6ImNkNTllM2QifQ%3D%3D\">\n\t\t\t\t\t<div class=\"e-gallery-image elementor-gallery-item__image\" data-thumbnail=\"https:\/\/www.lichen.pl\/wp-content\/uploads\/2021\/07\/3-Dzien-Osob-Starszych-25-lipca-2021-225x300.jpg\" data-width=\"225\" data-height=\"300\" aria-label=\"\" role=\"img\" ><\/div>\n\t\t\t\t\t\t\t\t\t\t\t<div class=\"elementor-gallery-item__overlay\"><\/div>\n\t\t\t\t\t\t\t\t\t\t\t\t\t\t<\/a>\n\t\t\t\t\t\t\t<a class=\"e-gallery-item elementor-gallery-item elementor-animated-content\" href=\"https:\/\/www.lichen.pl\/wp-content\/uploads\/2021\/07\/5-Dzien-Osob-Starszych-25-lipca-2021.jpg\" data-elementor-open-lightbox=\"yes\" data-elementor-lightbox-slideshow=\"cd59e3d\" data-elementor-lightbox-title=\"2 Dzie\u0144 Os\u00f3b Starszych 25 lipca 2021\" data-e-action-hash=\"#elementor-action%3Aaction%3Dlightbox%26settings%3DeyJpZCI6MjIxMDAsInVybCI6Imh0dHBzOlwvXC93d3cubGljaGVuLnBsXC93cC1jb250ZW50XC91cGxvYWRzXC8yMDIxXC8wN1wvNS1Eemllbi1Pc29iLVN0YXJzenljaC0yNS1saXBjYS0yMDIxLmpwZyIsInNsaWRlc2hvdyI6ImNkNTllM2QifQ%3D%3D\">\n\t\t\t\t\t<div class=\"e-gallery-image elementor-gallery-item__image\" data-thumbnail=\"https:\/\/www.lichen.pl\/wp-content\/uploads\/2021\/07\/5-Dzien-Osob-Starszych-25-lipca-2021-225x300.jpg\" data-width=\"225\" data-height=\"300\" aria-label=\"\" role=\"img\" ><\/div>\n\t\t\t\t\t\t\t\t\t\t\t<div class=\"elementor-gallery-item__overlay\"><\/div>\n\t\t\t\t\t\t\t\t\t\t\t\t\t\t<\/a>\n\t\t\t\t\t\t\t<a class=\"e-gallery-item elementor-gallery-item elementor-animated-content\" href=\"https:\/\/www.lichen.pl\/wp-content\/uploads\/2021\/07\/6-Dzien-Osob-Starszych-25-lipca-2021.jpg\" data-elementor-open-lightbox=\"yes\" data-elementor-lightbox-slideshow=\"cd59e3d\" data-elementor-lightbox-title=\"Dzie\u0144 Os\u00f3b Starszych 25 lipca 2021\" data-e-action-hash=\"#elementor-action%3Aaction%3Dlightbox%26settings%3DeyJpZCI6MjIxMDUsInVybCI6Imh0dHBzOlwvXC93d3cubGljaGVuLnBsXC93cC1jb250ZW50XC91cGxvYWRzXC8yMDIxXC8wN1wvNi1Eemllbi1Pc29iLVN0YXJzenljaC0yNS1saXBjYS0yMDIxLmpwZyIsInNsaWRlc2hvdyI6ImNkNTllM2QifQ%3D%3D\">\n\t\t\t\t\t<div class=\"e-gallery-image elementor-gallery-item__image\" data-thumbnail=\"https:\/\/www.lichen.pl\/wp-content\/uploads\/2021\/07\/6-Dzien-Osob-Starszych-25-lipca-2021-225x300.jpg\" data-width=\"225\" data-height=\"300\" aria-label=\"\" role=\"img\" ><\/div>\n\t\t\t\t\t\t\t\t\t\t\t<div class=\"elementor-gallery-item__overlay\"><\/div>\n\t\t\t\t\t\t\t\t\t\t\t\t\t\t<\/a>\n\t\t\t\t\t\t\t<a class=\"e-gallery-item elementor-gallery-item elementor-animated-content\" href=\"https:\/\/www.lichen.pl\/wp-content\/uploads\/2021\/07\/7-Dzien-Osob-Starszych-25-lipca-2021.jpg\" data-elementor-open-lightbox=\"yes\" data-elementor-lightbox-slideshow=\"cd59e3d\" data-elementor-lightbox-title=\"Dzie\u0144 Os\u00f3b Starszych 25 lipca 2021\" data-e-action-hash=\"#elementor-action%3Aaction%3Dlightbox%26settings%3DeyJpZCI6MjIxMTAsInVybCI6Imh0dHBzOlwvXC93d3cubGljaGVuLnBsXC93cC1jb250ZW50XC91cGxvYWRzXC8yMDIxXC8wN1wvNy1Eemllbi1Pc29iLVN0YXJzenljaC0yNS1saXBjYS0yMDIxLmpwZyIsInNsaWRlc2hvdyI6ImNkNTllM2QifQ%3D%3D\">\n\t\t\t\t\t<div class=\"e-gallery-image elementor-gallery-item__image\" data-thumbnail=\"https:\/\/www.lichen.pl\/wp-content\/uploads\/2021\/07\/7-Dzien-Osob-Starszych-25-lipca-2021-225x300.jpg\" data-width=\"225\" data-height=\"300\" aria-label=\"\" role=\"img\" ><\/div>\n\t\t\t\t\t\t\t\t\t\t\t<div class=\"elementor-gallery-item__overlay\"><\/div>\n\t\t\t\t\t\t\t\t\t\t\t\t\t\t<\/a>\n\t\t\t\t\t\t\t<a class=\"e-gallery-item elementor-gallery-item elementor-animated-content\" href=\"https:\/\/www.lichen.pl\/wp-content\/uploads\/2021\/07\/8-Dzien-Osob-Starszych-25-lipca-2021.jpg\" data-elementor-open-lightbox=\"yes\" data-elementor-lightbox-slideshow=\"cd59e3d\" data-elementor-lightbox-title=\"Dzie\u0144 Os\u00f3b Starszych 25 lipca 2021\" data-e-action-hash=\"#elementor-action%3Aaction%3Dlightbox%26settings%3DeyJpZCI6MjIxMTUsInVybCI6Imh0dHBzOlwvXC93d3cubGljaGVuLnBsXC93cC1jb250ZW50XC91cGxvYWRzXC8yMDIxXC8wN1wvOC1Eemllbi1Pc29iLVN0YXJzenljaC0yNS1saXBjYS0yMDIxLmpwZyIsInNsaWRlc2hvdyI6ImNkNTllM2QifQ%3D%3D\">\n\t\t\t\t\t<div class=\"e-gallery-image elementor-gallery-item__image\" data-thumbnail=\"https:\/\/www.lichen.pl\/wp-content\/uploads\/2021\/07\/8-Dzien-Osob-Starszych-25-lipca-2021-225x300.jpg\" data-width=\"225\" data-height=\"300\" aria-label=\"\" role=\"img\" ><\/div>\n\t\t\t\t\t\t\t\t\t\t\t<div class=\"elementor-gallery-item__overlay\"><\/div>\n\t\t\t\t\t\t\t\t\t\t\t\t\t\t<\/a>\n\t\t\t\t\t\t\t<a class=\"e-gallery-item elementor-gallery-item elementor-animated-content\" href=\"https:\/\/www.lichen.pl\/wp-content\/uploads\/2021\/07\/9-Dzien-Osob-Starszych-25-lipca-2021.jpg\" data-elementor-open-lightbox=\"yes\" data-elementor-lightbox-slideshow=\"cd59e3d\" data-elementor-lightbox-title=\"Dzie\u0144 Os\u00f3b Starszych 25 lipca 2021\" data-e-action-hash=\"#elementor-action%3Aaction%3Dlightbox%26settings%3DeyJpZCI6MjIxMjAsInVybCI6Imh0dHBzOlwvXC93d3cubGljaGVuLnBsXC93cC1jb250ZW50XC91cGxvYWRzXC8yMDIxXC8wN1wvOS1Eemllbi1Pc29iLVN0YXJzenljaC0yNS1saXBjYS0yMDIxLmpwZyIsInNsaWRlc2hvdyI6ImNkNTllM2QifQ%3D%3D\">\n\t\t\t\t\t<div class=\"e-gallery-image elementor-gallery-item__image\" data-thumbnail=\"https:\/\/www.lichen.pl\/wp-content\/uploads\/2021\/07\/9-Dzien-Osob-Starszych-25-lipca-2021-300x225.jpg\" data-width=\"300\" data-height=\"225\" aria-label=\"\" role=\"img\" ><\/div>\n\t\t\t\t\t\t\t\t\t\t\t<div class=\"elementor-gallery-item__overlay\"><\/div>\n\t\t\t\t\t\t\t\t\t\t\t\t\t\t<\/a>\n\t\t\t\t\t\t\t<a class=\"e-gallery-item elementor-gallery-item elementor-animated-content\" href=\"https:\/\/www.lichen.pl\/wp-content\/uploads\/2021\/07\/10-Dzien-Osob-Starszych-25-lipca-2021.jpg\" data-elementor-open-lightbox=\"yes\" data-elementor-lightbox-slideshow=\"cd59e3d\" data-elementor-lightbox-title=\"Dzie\u0144 Os\u00f3b Starszych 25 lipca 2021\" data-e-action-hash=\"#elementor-action%3Aaction%3Dlightbox%26settings%3DeyJpZCI6MjIxMjUsInVybCI6Imh0dHBzOlwvXC93d3cubGljaGVuLnBsXC93cC1jb250ZW50XC91cGxvYWRzXC8yMDIxXC8wN1wvMTAtRHppZW4tT3NvYi1TdGFyc3p5Y2gtMjUtbGlwY2EtMjAyMS5qcGciLCJzbGlkZXNob3ciOiJjZDU5ZTNkIn0%3D\">\n\t\t\t\t\t<div class=\"e-gallery-image elementor-gallery-item__image\" data-thumbnail=\"https:\/\/www.lichen.pl\/wp-content\/uploads\/2021\/07\/10-Dzien-Osob-Starszych-25-lipca-2021-225x300.jpg\" data-width=\"225\" data-height=\"300\" aria-label=\"\" role=\"img\" ><\/div>\n\t\t\t\t\t\t\t\t\t\t\t<div class=\"elementor-gallery-item__overlay\"><\/div>\n\t\t\t\t\t\t\t\t\t\t\t\t\t\t<\/a>\n\t\t\t\t\t\t\t<a class=\"e-gallery-item elementor-gallery-item elementor-animated-content\" href=\"https:\/\/www.lichen.pl\/wp-content\/uploads\/2021\/07\/11-Dzien-Osob-Starszych-25-lipca-2021.jpg\" data-elementor-open-lightbox=\"yes\" data-elementor-lightbox-slideshow=\"cd59e3d\" data-elementor-lightbox-title=\"Dzie\u0144 Os\u00f3b Starszych 25 lipca 2021\" data-e-action-hash=\"#elementor-action%3Aaction%3Dlightbox%26settings%3DeyJpZCI6MjIxMzAsInVybCI6Imh0dHBzOlwvXC93d3cubGljaGVuLnBsXC93cC1jb250ZW50XC91cGxvYWRzXC8yMDIxXC8wN1wvMTEtRHppZW4tT3NvYi1TdGFyc3p5Y2gtMjUtbGlwY2EtMjAyMS5qcGciLCJzbGlkZXNob3ciOiJjZDU5ZTNkIn0%3D\">\n\t\t\t\t\t<div class=\"e-gallery-image elementor-gallery-item__image\" data-thumbnail=\"https:\/\/www.lichen.pl\/wp-content\/uploads\/2021\/07\/11-Dzien-Osob-Starszych-25-lipca-2021-300x225.jpg\" data-width=\"300\" data-height=\"225\" aria-label=\"\" role=\"img\" ><\/div>\n\t\t\t\t\t\t\t\t\t\t\t<div class=\"elementor-gallery-item__overlay\"><\/div>\n\t\t\t\t\t\t\t\t\t\t\t\t\t\t<\/a>\n\t\t\t\t\t\t\t<a class=\"e-gallery-item elementor-gallery-item elementor-animated-content\" href=\"https:\/\/www.lichen.pl\/wp-content\/uploads\/2021\/07\/12-Dzien-Osob-Starszych-25-lipca-2021.jpg\" data-elementor-open-lightbox=\"yes\" data-elementor-lightbox-slideshow=\"cd59e3d\" data-elementor-lightbox-title=\"Dzie\u0144 Os\u00f3b Starszych 25 lipca 2021\" data-e-action-hash=\"#elementor-action%3Aaction%3Dlightbox%26settings%3DeyJpZCI6MjIxMzUsInVybCI6Imh0dHBzOlwvXC93d3cubGljaGVuLnBsXC93cC1jb250ZW50XC91cGxvYWRzXC8yMDIxXC8wN1wvMTItRHppZW4tT3NvYi1TdGFyc3p5Y2gtMjUtbGlwY2EtMjAyMS5qcGciLCJzbGlkZXNob3ciOiJjZDU5ZTNkIn0%3D\">\n\t\t\t\t\t<div class=\"e-gallery-image elementor-gallery-item__image\" data-thumbnail=\"https:\/\/www.lichen.pl\/wp-content\/uploads\/2021\/07\/12-Dzien-Osob-Starszych-25-lipca-2021-225x300.jpg\" data-width=\"225\" data-height=\"300\" aria-label=\"\" role=\"img\" ><\/div>\n\t\t\t\t\t\t\t\t\t\t\t<div class=\"elementor-gallery-item__overlay\"><\/div>\n\t\t\t\t\t\t\t\t\t\t\t\t\t\t<\/a>\n\t\t\t\t\t\t\t<a class=\"e-gallery-item elementor-gallery-item elementor-animated-content\" href=\"https:\/\/www.lichen.pl\/wp-content\/uploads\/2021\/07\/13-Dzien-Osob-Starszych-25-lipca-2021.jpg\" data-elementor-open-lightbox=\"yes\" data-elementor-lightbox-slideshow=\"cd59e3d\" data-elementor-lightbox-title=\"Dzie\u0144 Os\u00f3b Starszych 25 lipca 2021\" data-e-action-hash=\"#elementor-action%3Aaction%3Dlightbox%26settings%3DeyJpZCI6MjIxNDAsInVybCI6Imh0dHBzOlwvXC93d3cubGljaGVuLnBsXC93cC1jb250ZW50XC91cGxvYWRzXC8yMDIxXC8wN1wvMTMtRHppZW4tT3NvYi1TdGFyc3p5Y2gtMjUtbGlwY2EtMjAyMS5qcGciLCJzbGlkZXNob3ciOiJjZDU5ZTNkIn0%3D\">\n\t\t\t\t\t<div class=\"e-gallery-image elementor-gallery-item__image\" data-thumbnail=\"https:\/\/www.lichen.pl\/wp-content\/uploads\/2021\/07\/13-Dzien-Osob-Starszych-25-lipca-2021-225x300.jpg\" data-width=\"225\" data-height=\"300\" aria-label=\"\" role=\"img\" ><\/div>\n\t\t\t\t\t\t\t\t\t\t\t<div class=\"elementor-gallery-item__overlay\"><\/div>\n\t\t\t\t\t\t\t\t\t\t\t\t\t\t<\/a>\n\t\t\t\t\t\t\t<a class=\"e-gallery-item elementor-gallery-item elementor-animated-content\" href=\"https:\/\/www.lichen.pl\/wp-content\/uploads\/2021\/07\/14-Dzien-Osob-Starszych-25-lipca-2021.jpg\" data-elementor-open-lightbox=\"yes\" data-elementor-lightbox-slideshow=\"cd59e3d\" data-elementor-lightbox-title=\"Dzie\u0144 Os\u00f3b Starszych 25 lipca 2021\" data-e-action-hash=\"#elementor-action%3Aaction%3Dlightbox%26settings%3DeyJpZCI6MjIxNDUsInVybCI6Imh0dHBzOlwvXC93d3cubGljaGVuLnBsXC93cC1jb250ZW50XC91cGxvYWRzXC8yMDIxXC8wN1wvMTQtRHppZW4tT3NvYi1TdGFyc3p5Y2gtMjUtbGlwY2EtMjAyMS5qcGciLCJzbGlkZXNob3ciOiJjZDU5ZTNkIn0%3D\">\n\t\t\t\t\t<div class=\"e-gallery-image elementor-gallery-item__image\" data-thumbnail=\"https:\/\/www.lichen.pl\/wp-content\/uploads\/2021\/07\/14-Dzien-Osob-Starszych-25-lipca-2021-225x300.jpg\" data-width=\"225\" data-height=\"300\" aria-label=\"\" role=\"img\" ><\/div>\n\t\t\t\t\t\t\t\t\t\t\t<div class=\"elementor-gallery-item__overlay\"><\/div>\n\t\t\t\t\t\t\t\t\t\t\t\t\t\t<\/a>\n\t\t\t\t\t\t\t<a class=\"e-gallery-item elementor-gallery-item elementor-animated-content\" href=\"https:\/\/www.lichen.pl\/wp-content\/uploads\/2021\/07\/15-Dzien-Osob-Starszych-25-lipca-2021.jpg\" data-elementor-open-lightbox=\"yes\" data-elementor-lightbox-slideshow=\"cd59e3d\" data-elementor-lightbox-title=\"Dzie\u0144 Os\u00f3b Starszych 25 lipca 2021\" data-e-action-hash=\"#elementor-action%3Aaction%3Dlightbox%26settings%3DeyJpZCI6MjIxNTAsInVybCI6Imh0dHBzOlwvXC93d3cubGljaGVuLnBsXC93cC1jb250ZW50XC91cGxvYWRzXC8yMDIxXC8wN1wvMTUtRHppZW4tT3NvYi1TdGFyc3p5Y2gtMjUtbGlwY2EtMjAyMS5qcGciLCJzbGlkZXNob3ciOiJjZDU5ZTNkIn0%3D\">\n\t\t\t\t\t<div class=\"e-gallery-image elementor-gallery-item__image\" data-thumbnail=\"https:\/\/www.lichen.pl\/wp-content\/uploads\/2021\/07\/15-Dzien-Osob-Starszych-25-lipca-2021-225x300.jpg\" data-width=\"225\" data-height=\"300\" aria-label=\"\" role=\"img\" ><\/div>\n\t\t\t\t\t\t\t\t\t\t\t<div class=\"elementor-gallery-item__overlay\"><\/div>\n\t\t\t\t\t\t\t\t\t\t\t\t\t\t<\/a>\n\t\t\t\t\t\t\t<a class=\"e-gallery-item elementor-gallery-item elementor-animated-content\" href=\"https:\/\/www.lichen.pl\/wp-content\/uploads\/2021\/07\/16-Dzien-Osob-Starszych-25-lipca-2021.jpg\" data-elementor-open-lightbox=\"yes\" data-elementor-lightbox-slideshow=\"cd59e3d\" data-elementor-lightbox-title=\"2 Dzie\u0144 Os\u00f3b Starszych 25 lipca 2021\" data-e-action-hash=\"#elementor-action%3Aaction%3Dlightbox%26settings%3DeyJpZCI6MjIxNTUsInVybCI6Imh0dHBzOlwvXC93d3cubGljaGVuLnBsXC93cC1jb250ZW50XC91cGxvYWRzXC8yMDIxXC8wN1wvMTYtRHppZW4tT3NvYi1TdGFyc3p5Y2gtMjUtbGlwY2EtMjAyMS5qcGciLCJzbGlkZXNob3ciOiJjZDU5ZTNkIn0%3D\">\n\t\t\t\t\t<div class=\"e-gallery-image elementor-gallery-item__image\" data-thumbnail=\"https:\/\/www.lichen.pl\/wp-content\/uploads\/2021\/07\/16-Dzien-Osob-Starszych-25-lipca-2021-225x300.jpg\" data-width=\"225\" data-height=\"300\" aria-label=\"\" role=\"img\" ><\/div>\n\t\t\t\t\t\t\t\t\t\t\t<div class=\"elementor-gallery-item__overlay\"><\/div>\n\t\t\t\t\t\t\t\t\t\t\t\t\t\t<\/a>\n\t\t\t\t\t\t\t<a class=\"e-gallery-item elementor-gallery-item elementor-animated-content\" href=\"https:\/\/www.lichen.pl\/wp-content\/uploads\/2021\/07\/18-Dzien-Osob-Starszych-25-lipca-2021.jpg\" data-elementor-open-lightbox=\"yes\" data-elementor-lightbox-slideshow=\"cd59e3d\" data-elementor-lightbox-title=\"Dzie\u0144 Os\u00f3b Starszych 25 lipca 2021\" data-e-action-hash=\"#elementor-action%3Aaction%3Dlightbox%26settings%3DeyJpZCI6MjIxNjUsInVybCI6Imh0dHBzOlwvXC93d3cubGljaGVuLnBsXC93cC1jb250ZW50XC91cGxvYWRzXC8yMDIxXC8wN1wvMTgtRHppZW4tT3NvYi1TdGFyc3p5Y2gtMjUtbGlwY2EtMjAyMS5qcGciLCJzbGlkZXNob3ciOiJjZDU5ZTNkIn0%3D\">\n\t\t\t\t\t<div class=\"e-gallery-image elementor-gallery-item__image\" data-thumbnail=\"https:\/\/www.lichen.pl\/wp-content\/uploads\/2021\/07\/18-Dzien-Osob-Starszych-25-lipca-2021-225x300.jpg\" data-width=\"225\" data-height=\"300\" aria-label=\"\" role=\"img\" ><\/div>\n\t\t\t\t\t\t\t\t\t\t\t<div class=\"elementor-gallery-item__overlay\"><\/div>\n\t\t\t\t\t\t\t\t\t\t\t\t\t\t<\/a>\n\t\t\t\t\t\t\t<a class=\"e-gallery-item elementor-gallery-item elementor-animated-content\" href=\"https:\/\/www.lichen.pl\/wp-content\/uploads\/2021\/07\/20-Dzien-Osob-Starszych-25-lipca-2021.jpg\" data-elementor-open-lightbox=\"yes\" data-elementor-lightbox-slideshow=\"cd59e3d\" data-elementor-lightbox-title=\"Dzie\u0144 Os\u00f3b Starszych 25 lipca 2021\" data-e-action-hash=\"#elementor-action%3Aaction%3Dlightbox%26settings%3DeyJpZCI6MjIxNzUsInVybCI6Imh0dHBzOlwvXC93d3cubGljaGVuLnBsXC93cC1jb250ZW50XC91cGxvYWRzXC8yMDIxXC8wN1wvMjAtRHppZW4tT3NvYi1TdGFyc3p5Y2gtMjUtbGlwY2EtMjAyMS5qcGciLCJzbGlkZXNob3ciOiJjZDU5ZTNkIn0%3D\">\n\t\t\t\t\t<div class=\"e-gallery-image elementor-gallery-item__image\" data-thumbnail=\"https:\/\/www.lichen.pl\/wp-content\/uploads\/2021\/07\/20-Dzien-Osob-Starszych-25-lipca-2021-225x300.jpg\" data-width=\"225\" data-height=\"300\" aria-label=\"\" role=\"img\" ><\/div>\n\t\t\t\t\t\t\t\t\t\t\t<div class=\"elementor-gallery-item__overlay\"><\/div>\n\t\t\t\t\t\t\t\t\t\t\t\t\t\t<\/a>\n\t\t\t\t\t<\/div>\n\t\t\t\t\t<\/div>\n\t\t\t\t<\/div>\n\t\t\t\t\t<\/div>\n\t\t<\/div>\n\t\t\t\t\t<\/div>\n\t\t<\/section>\n\t\t\t\t<section class=\"elementor-section elementor-top-section elementor-element elementor-element-992f768 elementor-section-boxed elementor-section-height-default elementor-section-height-default\" data-id=\"992f768\" data-element_type=\"section\" data-e-type=\"section\">\n\t\t\t\t\t\t<div class=\"elementor-container elementor-column-gap-default\">\n\t\t\t\t\t<div class=\"elementor-column elementor-col-100 elementor-top-column elementor-element elementor-element-2efef3f\" data-id=\"2efef3f\" data-element_type=\"column\" data-e-type=\"column\">\n\t\t\t<div class=\"elementor-widget-wrap elementor-element-populated\">\n\t\t\t\t\t\t<div class=\"elementor-element elementor-element-cece422 elementor-widget-divider--view-line elementor-widget elementor-widget-divider\" data-id=\"cece422\" data-element_type=\"widget\" data-e-type=\"widget\" data-widget_type=\"divider.default\">\n\t\t\t\t<div class=\"elementor-widget-container\">\n\t\t\t\t\t\t\t<div class=\"elementor-divider\">\n\t\t\t<span class=\"elementor-divider-separator\">\n\t\t\t\t\t\t<\/span>\n\t\t<\/div>\n\t\t\t\t\t\t<\/div>\n\t\t\t\t<\/div>\n\t\t\t\t\t<\/div>\n\t\t<\/div>\n\t\t\t\t\t<\/div>\n\t\t<\/section>\n\t\t\t\t<\/div>","protected":false},"excerpt":{"rendered":"<p>Patrz\u0105c na rozw\u00f3j liche\u0144skiego sanktuarium, na jego pocz\u0105tki, mo\u017cna by powiedzie\u0107, \u017ce zosta\u0142o ono powierzone seniorom. Pasterz Miko\u0142aj Sikatka do\u015bwiadczy\u0142 objawienia Matki Bo\u017cej w lesie gr\u0105bli\u0144skim w wieku 63 lat. W tamtych czasach by\u0142 to naprawd\u0119 starszy cz\u0142owiek (ks. Janusz Kumala MIC, 21 pa\u017adziernika 2019 r.). \u015awiatowy Dzie\u0144 Dziadk\u00f3w i Os\u00f3b Starszych obchodzony 25 lipca [&hellip;]<\/p>\n","protected":false},"author":2,"featured_media":19977,"comment_status":"open","ping_status":"open","sticky":false,"template":"","format":"standard","meta":{"footnotes":""},"categories":[1],"tags":[],"class_list":["post-19975","post","type-post","status-publish","format-standard","has-post-thumbnail","hentry","category-aktualnosci","wpbf-post"],"yoast_head":"<!-- This site is optimized with the Yoast SEO plugin v27.4 - https:\/\/yoast.com\/product\/yoast-seo-wordpress\/ -->\n<title>\u015awiatowy Dzie\u0144 Dziadk\u00f3w i Os\u00f3b Starszych w Licheniu - SANKTUARIUM W LICHENIU<\/title>\n<meta name=\"robots\" content=\"index, follow, max-snippet:-1, max-image-preview:large, max-video-preview:-1\" \/>\n<link rel=\"canonical\" href=\"http:\/\/www.lichen.pl\/es\/28-ogolnopolskie-spotkania-trzezwosciowe-ozywieni-slowem-lichen-23-25-lipca-2021-r-copy\/\" \/>\n<meta property=\"og:locale\" content=\"es_ES\" \/>\n<meta property=\"og:type\" content=\"article\" \/>\n<meta property=\"og:title\" content=\"\u015awiatowy Dzie\u0144 Dziadk\u00f3w i Os\u00f3b Starszych w Licheniu - SANKTUARIUM W LICHENIU\" \/>\n<meta property=\"og:description\" content=\"Patrz\u0105c na rozw\u00f3j liche\u0144skiego sanktuarium, na jego pocz\u0105tki, mo\u017cna by powiedzie\u0107, \u017ce zosta\u0142o ono powierzone seniorom. Pasterz Miko\u0142aj Sikatka do\u015bwiadczy\u0142 objawienia Matki Bo\u017cej w lesie gr\u0105bli\u0144skim w wieku 63 lat. W tamtych czasach by\u0142 to naprawd\u0119 starszy cz\u0142owiek (ks. Janusz Kumala MIC, 21 pa\u017adziernika 2019 r.). \u015awiatowy Dzie\u0144 Dziadk\u00f3w i Os\u00f3b Starszych obchodzony 25 lipca [&hellip;]\" \/>\n<meta property=\"og:url\" content=\"http:\/\/www.lichen.pl\/es\/28-ogolnopolskie-spotkania-trzezwosciowe-ozywieni-slowem-lichen-23-25-lipca-2021-r-copy\/\" \/>\n<meta property=\"og:site_name\" content=\"SANKTUARIUM W LICHENIU\" \/>\n<meta property=\"article:published_time\" content=\"2021-07-25T16:40:52+00:00\" \/>\n<meta property=\"article:modified_time\" content=\"2021-07-28T12:19:20+00:00\" \/>\n<meta property=\"og:image\" content=\"http:\/\/www.lichen.pl\/wp-content\/uploads\/2021\/07\/dzien-dziadkow-plakat-scaled.jpg\" \/>\n\t<meta property=\"og:image:width\" content=\"1920\" \/>\n\t<meta property=\"og:image:height\" content=\"1362\" \/>\n\t<meta property=\"og:image:type\" content=\"image\/jpeg\" \/>\n<meta name=\"author\" content=\"Arkadiusz Gorgolewski\" \/>\n<meta name=\"twitter:card\" content=\"summary_large_image\" \/>\n<meta name=\"twitter:label1\" content=\"Escrito por\" \/>\n\t<meta name=\"twitter:data1\" content=\"Arkadiusz Gorgolewski\" \/>\n\t<meta name=\"twitter:label2\" content=\"Tiempo de lectura\" \/>\n\t<meta name=\"twitter:data2\" content=\"2 minutos\" \/>\n<script type=\"application\/ld+json\" class=\"yoast-schema-graph\">{\"@context\":\"https:\\\/\\\/schema.org\",\"@graph\":[{\"@type\":\"Article\",\"@id\":\"http:\\\/\\\/www.lichen.pl\\\/de\\\/28-ogolnopolskie-spotkania-trzezwosciowe-ozywieni-slowem-lichen-23-25-lipca-2021-r-copy\\\/#article\",\"isPartOf\":{\"@id\":\"http:\\\/\\\/www.lichen.pl\\\/de\\\/28-ogolnopolskie-spotkania-trzezwosciowe-ozywieni-slowem-lichen-23-25-lipca-2021-r-copy\\\/\"},\"author\":{\"name\":\"Arkadiusz Gorgolewski\",\"@id\":\"https:\\\/\\\/www.lichen.pl\\\/fr\\\/#\\\/schema\\\/person\\\/56fc5b38d70a2b34983408f9a457fd9d\"},\"headline\":\"\u015awiatowy Dzie\u0144 Dziadk\u00f3w i Os\u00f3b Starszych w Licheniu\",\"datePublished\":\"2021-07-25T16:40:52+00:00\",\"dateModified\":\"2021-07-28T12:19:20+00:00\",\"mainEntityOfPage\":{\"@id\":\"http:\\\/\\\/www.lichen.pl\\\/de\\\/28-ogolnopolskie-spotkania-trzezwosciowe-ozywieni-slowem-lichen-23-25-lipca-2021-r-copy\\\/\"},\"wordCount\":408,\"commentCount\":0,\"image\":{\"@id\":\"http:\\\/\\\/www.lichen.pl\\\/de\\\/28-ogolnopolskie-spotkania-trzezwosciowe-ozywieni-slowem-lichen-23-25-lipca-2021-r-copy\\\/#primaryimage\"},\"thumbnailUrl\":\"https:\\\/\\\/www.lichen.pl\\\/wp-content\\\/uploads\\\/2021\\\/07\\\/dzien-dziadkow-plakat-scaled.jpg\",\"articleSection\":[\"Aktualno\u015bci\"],\"inLanguage\":\"es\",\"potentialAction\":[{\"@type\":\"CommentAction\",\"name\":\"Comment\",\"target\":[\"http:\\\/\\\/www.lichen.pl\\\/de\\\/28-ogolnopolskie-spotkania-trzezwosciowe-ozywieni-slowem-lichen-23-25-lipca-2021-r-copy\\\/#respond\"]}]},{\"@type\":\"WebPage\",\"@id\":\"http:\\\/\\\/www.lichen.pl\\\/de\\\/28-ogolnopolskie-spotkania-trzezwosciowe-ozywieni-slowem-lichen-23-25-lipca-2021-r-copy\\\/\",\"url\":\"http:\\\/\\\/www.lichen.pl\\\/de\\\/28-ogolnopolskie-spotkania-trzezwosciowe-ozywieni-slowem-lichen-23-25-lipca-2021-r-copy\\\/\",\"name\":\"\u015awiatowy Dzie\u0144 Dziadk\u00f3w i Os\u00f3b Starszych w Licheniu - SANKTUARIUM W LICHENIU\",\"isPartOf\":{\"@id\":\"https:\\\/\\\/www.lichen.pl\\\/fr\\\/#website\"},\"primaryImageOfPage\":{\"@id\":\"http:\\\/\\\/www.lichen.pl\\\/de\\\/28-ogolnopolskie-spotkania-trzezwosciowe-ozywieni-slowem-lichen-23-25-lipca-2021-r-copy\\\/#primaryimage\"},\"image\":{\"@id\":\"http:\\\/\\\/www.lichen.pl\\\/de\\\/28-ogolnopolskie-spotkania-trzezwosciowe-ozywieni-slowem-lichen-23-25-lipca-2021-r-copy\\\/#primaryimage\"},\"thumbnailUrl\":\"https:\\\/\\\/www.lichen.pl\\\/wp-content\\\/uploads\\\/2021\\\/07\\\/dzien-dziadkow-plakat-scaled.jpg\",\"datePublished\":\"2021-07-25T16:40:52+00:00\",\"dateModified\":\"2021-07-28T12:19:20+00:00\",\"author\":{\"@id\":\"https:\\\/\\\/www.lichen.pl\\\/fr\\\/#\\\/schema\\\/person\\\/56fc5b38d70a2b34983408f9a457fd9d\"},\"breadcrumb\":{\"@id\":\"http:\\\/\\\/www.lichen.pl\\\/de\\\/28-ogolnopolskie-spotkania-trzezwosciowe-ozywieni-slowem-lichen-23-25-lipca-2021-r-copy\\\/#breadcrumb\"},\"inLanguage\":\"es\",\"potentialAction\":[{\"@type\":\"ReadAction\",\"target\":[\"http:\\\/\\\/www.lichen.pl\\\/de\\\/28-ogolnopolskie-spotkania-trzezwosciowe-ozywieni-slowem-lichen-23-25-lipca-2021-r-copy\\\/\"]}]},{\"@type\":\"ImageObject\",\"inLanguage\":\"es\",\"@id\":\"http:\\\/\\\/www.lichen.pl\\\/de\\\/28-ogolnopolskie-spotkania-trzezwosciowe-ozywieni-slowem-lichen-23-25-lipca-2021-r-copy\\\/#primaryimage\",\"url\":\"https:\\\/\\\/www.lichen.pl\\\/wp-content\\\/uploads\\\/2021\\\/07\\\/dzien-dziadkow-plakat-scaled.jpg\",\"contentUrl\":\"https:\\\/\\\/www.lichen.pl\\\/wp-content\\\/uploads\\\/2021\\\/07\\\/dzien-dziadkow-plakat-scaled.jpg\",\"width\":1920,\"height\":1362},{\"@type\":\"BreadcrumbList\",\"@id\":\"http:\\\/\\\/www.lichen.pl\\\/de\\\/28-ogolnopolskie-spotkania-trzezwosciowe-ozywieni-slowem-lichen-23-25-lipca-2021-r-copy\\\/#breadcrumb\",\"itemListElement\":[{\"@type\":\"ListItem\",\"position\":1,\"name\":\"Strona g\u0142\u00f3wna\",\"item\":\"https:\\\/\\\/www.lichen.pl\\\/\"},{\"@type\":\"ListItem\",\"position\":2,\"name\":\"\u015awiatowy Dzie\u0144 Dziadk\u00f3w i Os\u00f3b Starszych w Licheniu\"}]},{\"@type\":\"WebSite\",\"@id\":\"https:\\\/\\\/www.lichen.pl\\\/fr\\\/#website\",\"url\":\"https:\\\/\\\/www.lichen.pl\\\/fr\\\/\",\"name\":\"SANKTUARIUM W LICHENIU\",\"description\":\"MATKI BO\u017bEJ LICHE\u0143SKIEJ BOLESNEJ KR\u00d3LOWEJ POLSKI\",\"potentialAction\":[{\"@type\":\"SearchAction\",\"target\":{\"@type\":\"EntryPoint\",\"urlTemplate\":\"https:\\\/\\\/www.lichen.pl\\\/fr\\\/?s={search_term_string}\"},\"query-input\":{\"@type\":\"PropertyValueSpecification\",\"valueRequired\":true,\"valueName\":\"search_term_string\"}}],\"inLanguage\":\"es\"},{\"@type\":\"Person\",\"@id\":\"https:\\\/\\\/www.lichen.pl\\\/fr\\\/#\\\/schema\\\/person\\\/56fc5b38d70a2b34983408f9a457fd9d\",\"name\":\"Arkadiusz Gorgolewski\",\"image\":{\"@type\":\"ImageObject\",\"inLanguage\":\"es\",\"@id\":\"https:\\\/\\\/secure.gravatar.com\\\/avatar\\\/0f571b370f5aa245b1fd3b9c945511b004fe17579bdefd5054d99f0ba315149c?s=96&d=retro&r=g\",\"url\":\"https:\\\/\\\/secure.gravatar.com\\\/avatar\\\/0f571b370f5aa245b1fd3b9c945511b004fe17579bdefd5054d99f0ba315149c?s=96&d=retro&r=g\",\"contentUrl\":\"https:\\\/\\\/secure.gravatar.com\\\/avatar\\\/0f571b370f5aa245b1fd3b9c945511b004fe17579bdefd5054d99f0ba315149c?s=96&d=retro&r=g\",\"caption\":\"Arkadiusz Gorgolewski\"},\"url\":\"https:\\\/\\\/www.lichen.pl\\\/es\\\/author\\\/sanadmin\\\/\"}]}<\/script>\n<!-- \/ Yoast SEO plugin. -->","yoast_head_json":{"title":"\u015awiatowy Dzie\u0144 Dziadk\u00f3w i Os\u00f3b Starszych w Licheniu - SANKTUARIUM W LICHENIU","robots":{"index":"index","follow":"follow","max-snippet":"max-snippet:-1","max-image-preview":"max-image-preview:large","max-video-preview":"max-video-preview:-1"},"canonical":"http:\/\/www.lichen.pl\/es\/28-ogolnopolskie-spotkania-trzezwosciowe-ozywieni-slowem-lichen-23-25-lipca-2021-r-copy\/","og_locale":"es_ES","og_type":"article","og_title":"\u015awiatowy Dzie\u0144 Dziadk\u00f3w i Os\u00f3b Starszych w Licheniu - SANKTUARIUM W LICHENIU","og_description":"Patrz\u0105c na rozw\u00f3j liche\u0144skiego sanktuarium, na jego pocz\u0105tki, mo\u017cna by powiedzie\u0107, \u017ce zosta\u0142o ono powierzone seniorom. Pasterz Miko\u0142aj Sikatka do\u015bwiadczy\u0142 objawienia Matki Bo\u017cej w lesie gr\u0105bli\u0144skim w wieku 63 lat. W tamtych czasach by\u0142 to naprawd\u0119 starszy cz\u0142owiek (ks. Janusz Kumala MIC, 21 pa\u017adziernika 2019 r.). \u015awiatowy Dzie\u0144 Dziadk\u00f3w i Os\u00f3b Starszych obchodzony 25 lipca [&hellip;]","og_url":"http:\/\/www.lichen.pl\/es\/28-ogolnopolskie-spotkania-trzezwosciowe-ozywieni-slowem-lichen-23-25-lipca-2021-r-copy\/","og_site_name":"SANKTUARIUM W LICHENIU","article_published_time":"2021-07-25T16:40:52+00:00","article_modified_time":"2021-07-28T12:19:20+00:00","og_image":[{"width":1920,"height":1362,"url":"http:\/\/www.lichen.pl\/wp-content\/uploads\/2021\/07\/dzien-dziadkow-plakat-scaled.jpg","type":"image\/jpeg"}],"author":"Arkadiusz Gorgolewski","twitter_card":"summary_large_image","twitter_misc":{"Escrito por":"Arkadiusz Gorgolewski","Tiempo de lectura":"2 minutos"},"schema":{"@context":"https:\/\/schema.org","@graph":[{"@type":"Article","@id":"http:\/\/www.lichen.pl\/de\/28-ogolnopolskie-spotkania-trzezwosciowe-ozywieni-slowem-lichen-23-25-lipca-2021-r-copy\/#article","isPartOf":{"@id":"http:\/\/www.lichen.pl\/de\/28-ogolnopolskie-spotkania-trzezwosciowe-ozywieni-slowem-lichen-23-25-lipca-2021-r-copy\/"},"author":{"name":"Arkadiusz Gorgolewski","@id":"https:\/\/www.lichen.pl\/fr\/#\/schema\/person\/56fc5b38d70a2b34983408f9a457fd9d"},"headline":"\u015awiatowy Dzie\u0144 Dziadk\u00f3w i Os\u00f3b Starszych w Licheniu","datePublished":"2021-07-25T16:40:52+00:00","dateModified":"2021-07-28T12:19:20+00:00","mainEntityOfPage":{"@id":"http:\/\/www.lichen.pl\/de\/28-ogolnopolskie-spotkania-trzezwosciowe-ozywieni-slowem-lichen-23-25-lipca-2021-r-copy\/"},"wordCount":408,"commentCount":0,"image":{"@id":"http:\/\/www.lichen.pl\/de\/28-ogolnopolskie-spotkania-trzezwosciowe-ozywieni-slowem-lichen-23-25-lipca-2021-r-copy\/#primaryimage"},"thumbnailUrl":"https:\/\/www.lichen.pl\/wp-content\/uploads\/2021\/07\/dzien-dziadkow-plakat-scaled.jpg","articleSection":["Aktualno\u015bci"],"inLanguage":"es","potentialAction":[{"@type":"CommentAction","name":"Comment","target":["http:\/\/www.lichen.pl\/de\/28-ogolnopolskie-spotkania-trzezwosciowe-ozywieni-slowem-lichen-23-25-lipca-2021-r-copy\/#respond"]}]},{"@type":"WebPage","@id":"http:\/\/www.lichen.pl\/de\/28-ogolnopolskie-spotkania-trzezwosciowe-ozywieni-slowem-lichen-23-25-lipca-2021-r-copy\/","url":"http:\/\/www.lichen.pl\/de\/28-ogolnopolskie-spotkania-trzezwosciowe-ozywieni-slowem-lichen-23-25-lipca-2021-r-copy\/","name":"\u015awiatowy Dzie\u0144 Dziadk\u00f3w i Os\u00f3b Starszych w Licheniu - SANKTUARIUM W LICHENIU","isPartOf":{"@id":"https:\/\/www.lichen.pl\/fr\/#website"},"primaryImageOfPage":{"@id":"http:\/\/www.lichen.pl\/de\/28-ogolnopolskie-spotkania-trzezwosciowe-ozywieni-slowem-lichen-23-25-lipca-2021-r-copy\/#primaryimage"},"image":{"@id":"http:\/\/www.lichen.pl\/de\/28-ogolnopolskie-spotkania-trzezwosciowe-ozywieni-slowem-lichen-23-25-lipca-2021-r-copy\/#primaryimage"},"thumbnailUrl":"https:\/\/www.lichen.pl\/wp-content\/uploads\/2021\/07\/dzien-dziadkow-plakat-scaled.jpg","datePublished":"2021-07-25T16:40:52+00:00","dateModified":"2021-07-28T12:19:20+00:00","author":{"@id":"https:\/\/www.lichen.pl\/fr\/#\/schema\/person\/56fc5b38d70a2b34983408f9a457fd9d"},"breadcrumb":{"@id":"http:\/\/www.lichen.pl\/de\/28-ogolnopolskie-spotkania-trzezwosciowe-ozywieni-slowem-lichen-23-25-lipca-2021-r-copy\/#breadcrumb"},"inLanguage":"es","potentialAction":[{"@type":"ReadAction","target":["http:\/\/www.lichen.pl\/de\/28-ogolnopolskie-spotkania-trzezwosciowe-ozywieni-slowem-lichen-23-25-lipca-2021-r-copy\/"]}]},{"@type":"ImageObject","inLanguage":"es","@id":"http:\/\/www.lichen.pl\/de\/28-ogolnopolskie-spotkania-trzezwosciowe-ozywieni-slowem-lichen-23-25-lipca-2021-r-copy\/#primaryimage","url":"https:\/\/www.lichen.pl\/wp-content\/uploads\/2021\/07\/dzien-dziadkow-plakat-scaled.jpg","contentUrl":"https:\/\/www.lichen.pl\/wp-content\/uploads\/2021\/07\/dzien-dziadkow-plakat-scaled.jpg","width":1920,"height":1362},{"@type":"BreadcrumbList","@id":"http:\/\/www.lichen.pl\/de\/28-ogolnopolskie-spotkania-trzezwosciowe-ozywieni-slowem-lichen-23-25-lipca-2021-r-copy\/#breadcrumb","itemListElement":[{"@type":"ListItem","position":1,"name":"Strona g\u0142\u00f3wna","item":"https:\/\/www.lichen.pl\/"},{"@type":"ListItem","position":2,"name":"\u015awiatowy Dzie\u0144 Dziadk\u00f3w i Os\u00f3b Starszych w Licheniu"}]},{"@type":"WebSite","@id":"https:\/\/www.lichen.pl\/fr\/#website","url":"https:\/\/www.lichen.pl\/fr\/","name":"SANTUARIO EN LICHENIA","description":"LA DOLOROSA REINA DE POLONIA DE NUESTRO LICHEN","potentialAction":[{"@type":"SearchAction","target":{"@type":"EntryPoint","urlTemplate":"https:\/\/www.lichen.pl\/fr\/?s={search_term_string}"},"query-input":{"@type":"PropertyValueSpecification","valueRequired":true,"valueName":"search_term_string"}}],"inLanguage":"es"},{"@type":"Person","@id":"https:\/\/www.lichen.pl\/fr\/#\/schema\/person\/56fc5b38d70a2b34983408f9a457fd9d","name":"Arkadiusz Gorgolewski","image":{"@type":"ImageObject","inLanguage":"es","@id":"https:\/\/secure.gravatar.com\/avatar\/0f571b370f5aa245b1fd3b9c945511b004fe17579bdefd5054d99f0ba315149c?s=96&d=retro&r=g","url":"https:\/\/secure.gravatar.com\/avatar\/0f571b370f5aa245b1fd3b9c945511b004fe17579bdefd5054d99f0ba315149c?s=96&d=retro&r=g","contentUrl":"https:\/\/secure.gravatar.com\/avatar\/0f571b370f5aa245b1fd3b9c945511b004fe17579bdefd5054d99f0ba315149c?s=96&d=retro&r=g","caption":"Arkadiusz Gorgolewski"},"url":"https:\/\/www.lichen.pl\/es\/author\/sanadmin\/"}]}},"_links":{"self":[{"href":"https:\/\/www.lichen.pl\/es\/wp-json\/wp\/v2\/posts\/19975","targetHints":{"allow":["GET"]}}],"collection":[{"href":"https:\/\/www.lichen.pl\/es\/wp-json\/wp\/v2\/posts"}],"about":[{"href":"https:\/\/www.lichen.pl\/es\/wp-json\/wp\/v2\/types\/post"}],"author":[{"embeddable":true,"href":"https:\/\/www.lichen.pl\/es\/wp-json\/wp\/v2\/users\/2"}],"replies":[{"embeddable":true,"href":"https:\/\/www.lichen.pl\/es\/wp-json\/wp\/v2\/comments?post=19975"}],"version-history":[{"count":11,"href":"https:\/\/www.lichen.pl\/es\/wp-json\/wp\/v2\/posts\/19975\/revisions"}],"predecessor-version":[{"id":22182,"href":"https:\/\/www.lichen.pl\/es\/wp-json\/wp\/v2\/posts\/19975\/revisions\/22182"}],"wp:featuredmedia":[{"embeddable":true,"href":"https:\/\/www.lichen.pl\/es\/wp-json\/wp\/v2\/media\/19977"}],"wp:attachment":[{"href":"https:\/\/www.lichen.pl\/es\/wp-json\/wp\/v2\/media?parent=19975"}],"wp:term":[{"taxonomy":"category","embeddable":true,"href":"https:\/\/www.lichen.pl\/es\/wp-json\/wp\/v2\/categories?post=19975"},{"taxonomy":"post_tag","embeddable":true,"href":"https:\/\/www.lichen.pl\/es\/wp-json\/wp\/v2\/tags?post=19975"}],"curies":[{"name":"wp","href":"https:\/\/api.w.org\/{rel}","templated":true}]}}