{"id":2125,"date":"2020-08-06T07:11:55","date_gmt":"2020-08-06T07:11:55","guid":{"rendered":"http:\/\/www.lichen.pl\/lichen-koncert-muzyka-i-slowo-festiwal-organowy-copy\/"},"modified":"2021-06-17T09:38:03","modified_gmt":"2021-06-17T09:38:03","slug":"kaszubska-pielgrzymka","status":"publish","type":"post","link":"https:\/\/www.lichen.pl\/es\/kaszubska-pielgrzymka\/","title":{"rendered":"La 39.\u00aa peregrinaci\u00f3n a pie de Kashubian a Jasna G\u00f3ra ha llegado a Lichen"},"content":{"rendered":"<div data-elementor-type=\"wp-post\" data-elementor-id=\"2125\" class=\"elementor elementor-2125\" data-elementor-post-type=\"post\">\n\t\t\t\t\t\t<section class=\"elementor-section elementor-top-section elementor-element elementor-element-dcc57a2 elementor-section-boxed elementor-section-height-default elementor-section-height-default\" data-id=\"dcc57a2\" data-element_type=\"section\" data-e-type=\"section\">\n\t\t\t\t\t\t<div class=\"elementor-container elementor-column-gap-default\">\n\t\t\t\t\t<div class=\"elementor-column elementor-col-100 elementor-top-column elementor-element elementor-element-1e909ff1\" data-id=\"1e909ff1\" data-element_type=\"column\" data-e-type=\"column\">\n\t\t\t<div class=\"elementor-widget-wrap elementor-element-populated\">\n\t\t\t\t\t\t<div class=\"elementor-element elementor-element-b890af8 elementor-widget elementor-widget-heading\" data-id=\"b890af8\" data-element_type=\"widget\" data-e-type=\"widget\" data-widget_type=\"heading.default\">\n\t\t\t\t<div class=\"elementor-widget-container\">\n\t\t\t\t\t<h2 class=\"elementor-heading-title elementor-size-default\">La peregrinaci\u00f3n m\u00e1s larga de 500 km a Jasna G\u00f3ra ha llegado a Liche\u0144<\/h2>\t\t\t\t<\/div>\n\t\t\t\t<\/div>\n\t\t\t\t<div class=\"elementor-element elementor-element-86c2afd elementor-widget elementor-widget-spacer\" data-id=\"86c2afd\" data-element_type=\"widget\" data-e-type=\"widget\" data-widget_type=\"spacer.default\">\n\t\t\t\t<div class=\"elementor-widget-container\">\n\t\t\t\t\t\t\t<div class=\"elementor-spacer\">\n\t\t\t<div class=\"elementor-spacer-inner\"><\/div>\n\t\t<\/div>\n\t\t\t\t\t\t<\/div>\n\t\t\t\t<\/div>\n\t\t\t\t<div class=\"elementor-element elementor-element-256fd994 elementor-widget elementor-widget-text-editor\" data-id=\"256fd994\" data-element_type=\"widget\" data-e-type=\"widget\" data-widget_type=\"text-editor.default\">\n\t\t\t\t<div class=\"elementor-widget-container\">\n\t\t\t\t\t\t\t\t\t<p>Hoy, la 39.\u00aa peregrinaci\u00f3n a pie de Kashubian desde Hel a Jasna G\u00f3ra entr\u00f3 en el Santuario de Nuestra Se\u00f1ora de Liche\u0144. En la escalinata de la bas\u00edlica, los peregrinos fueron recibidos por el P. Adam Stankiewicz, MIC, custodio adjunto del santuario Lichen. Los peregrinos se inclinaron a los pies de Nuestra Se\u00f1ora de los Liquen y tradicionalmente celebraron un breve servicio frente a la Imagen Milagrosa.<\/p><p><em>\u201cEste a\u00f1o vamos en un grupo mucho m\u00e1s peque\u00f1o que siempre. Somos unas 35 personas. Cruzamos la romer\u00eda en una carrera de relevos. Tenemos un grupo de 20 personas permanentes, los llamados t\u00e9cnicos, que est\u00e1n en toda la ruta de Hel a Jasna G\u00f3ra. En cambio, todos los d\u00edas llega gente nueva que solo va un d\u00eda\u201d.<\/em> - explic\u00f3 el coordinador, el p. Roberto Jahns.<\/p><p>La peregrinaci\u00f3n a pie de Kashubian es la peregrinaci\u00f3n polaca m\u00e1s larga y, al mismo tiempo, una de las m\u00e1s dif\u00edciles a Jasna G\u00f3ra: los peregrinos tienen por delante unos 500 km, que deben recorrer en 19 d\u00edas.<\/p><p>Planean llegar a Jasna G\u00f3ra el 12 de agosto con grupos de Gda\u0144sk y Gdynia.<\/p><p>Liquen Stary, 6 de agosto de 2020<\/p>\t\t\t\t\t\t\t\t<\/div>\n\t\t\t\t<\/div>\n\t\t\t\t<div class=\"elementor-element elementor-element-12eb3fe elementor-widget elementor-widget-text-editor\" data-id=\"12eb3fe\" data-element_type=\"widget\" data-e-type=\"widget\" data-widget_type=\"text-editor.default\">\n\t\t\t\t<div class=\"elementor-widget-container\">\n\t\t\t\t\t\t\t\t\t<p>Texto: Nikola Gruszczy\u0144ska, Oficina de Prensa del Santuario<\/p>\t\t\t\t\t\t\t\t<\/div>\n\t\t\t\t<\/div>\n\t\t\t\t<div class=\"elementor-element elementor-element-af26f41 elementor-widget-divider--view-line_icon elementor-view-default elementor-widget-divider--element-align-center elementor-widget elementor-widget-divider\" data-id=\"af26f41\" data-element_type=\"widget\" data-e-type=\"widget\" data-widget_type=\"divider.default\">\n\t\t\t\t<div class=\"elementor-widget-container\">\n\t\t\t\t\t\t\t<div class=\"elementor-divider\">\n\t\t\t<span class=\"elementor-divider-separator\">\n\t\t\t\t\t\t\t<div class=\"elementor-icon elementor-divider__element\">\n\t\t\t\t\t<i aria-hidden=\"true\" class=\"fas fa-camera\"><\/i><\/div>\n\t\t\t\t\t\t<\/span>\n\t\t<\/div>\n\t\t\t\t\t\t<\/div>\n\t\t\t\t<\/div>\n\t\t\t\t<div class=\"elementor-element elementor-element-6a98f2d elementor-widget elementor-widget-gallery\" data-id=\"6a98f2d\" data-element_type=\"widget\" data-e-type=\"widget\" data-settings=\"{&quot;lazyload&quot;:&quot;yes&quot;,&quot;gallery_layout&quot;:&quot;grid&quot;,&quot;columns&quot;:4,&quot;columns_tablet&quot;:2,&quot;columns_mobile&quot;:1,&quot;gap&quot;:{&quot;unit&quot;:&quot;px&quot;,&quot;size&quot;:10,&quot;sizes&quot;:[]},&quot;gap_tablet&quot;:{&quot;unit&quot;:&quot;px&quot;,&quot;size&quot;:10,&quot;sizes&quot;:[]},&quot;gap_mobile&quot;:{&quot;unit&quot;:&quot;px&quot;,&quot;size&quot;:10,&quot;sizes&quot;:[]},&quot;link_to&quot;:&quot;file&quot;,&quot;aspect_ratio&quot;:&quot;3:2&quot;,&quot;overlay_background&quot;:&quot;yes&quot;,&quot;content_hover_animation&quot;:&quot;fade-in&quot;}\" data-widget_type=\"gallery.default\">\n\t\t\t\t<div class=\"elementor-widget-container\">\n\t\t\t\t\t\t\t<div class=\"elementor-gallery__container\">\n\t\t\t\t\t\t\t<a class=\"e-gallery-item elementor-gallery-item elementor-animated-content\" href=\"https:\/\/www.lichen.pl\/wp-content\/uploads\/2020\/08\/IMG-20200806-WA0011.jpg\" data-elementor-open-lightbox=\"yes\" data-elementor-lightbox-slideshow=\"6a98f2d\" data-elementor-lightbox-title=\"IMG-20200806-WA0011\" data-e-action-hash=\"#elementor-action%3Aaction%3Dlightbox%26settings%3DeyJpZCI6MjEzMiwidXJsIjoiaHR0cHM6XC9cL3d3dy5saWNoZW4ucGxcL3dwLWNvbnRlbnRcL3VwbG9hZHNcLzIwMjBcLzA4XC9JTUctMjAyMDA4MDYtV0EwMDExLmpwZyIsInNsaWRlc2hvdyI6IjZhOThmMmQifQ%3D%3D\">\n\t\t\t\t\t<div class=\"e-gallery-image elementor-gallery-item__image\" data-thumbnail=\"https:\/\/www.lichen.pl\/wp-content\/uploads\/2020\/08\/IMG-20200806-WA0011-300x225.jpg\" data-width=\"300\" data-height=\"225\" aria-label=\"\" role=\"img\" ><\/div>\n\t\t\t\t\t\t\t\t\t\t\t<div class=\"elementor-gallery-item__overlay\"><\/div>\n\t\t\t\t\t\t\t\t\t\t\t\t\t\t<\/a>\n\t\t\t\t\t\t\t<a class=\"e-gallery-item elementor-gallery-item elementor-animated-content\" href=\"https:\/\/www.lichen.pl\/wp-content\/uploads\/2020\/08\/IMG-20200806-WA0012.jpg\" data-elementor-open-lightbox=\"yes\" data-elementor-lightbox-slideshow=\"6a98f2d\" data-elementor-lightbox-title=\"IMG-20200806-WA0012\" data-e-action-hash=\"#elementor-action%3Aaction%3Dlightbox%26settings%3DeyJpZCI6MjEzNywidXJsIjoiaHR0cHM6XC9cL3d3dy5saWNoZW4ucGxcL3dwLWNvbnRlbnRcL3VwbG9hZHNcLzIwMjBcLzA4XC9JTUctMjAyMDA4MDYtV0EwMDEyLmpwZyIsInNsaWRlc2hvdyI6IjZhOThmMmQifQ%3D%3D\">\n\t\t\t\t\t<div class=\"e-gallery-image elementor-gallery-item__image\" data-thumbnail=\"https:\/\/www.lichen.pl\/wp-content\/uploads\/2020\/08\/IMG-20200806-WA0012-300x225.jpg\" data-width=\"300\" data-height=\"225\" aria-label=\"\" role=\"img\" ><\/div>\n\t\t\t\t\t\t\t\t\t\t\t<div class=\"elementor-gallery-item__overlay\"><\/div>\n\t\t\t\t\t\t\t\t\t\t\t\t\t\t<\/a>\n\t\t\t\t\t\t\t<a class=\"e-gallery-item elementor-gallery-item elementor-animated-content\" href=\"https:\/\/www.lichen.pl\/wp-content\/uploads\/2020\/08\/IMG-20200806-WA0013.jpg\" data-elementor-open-lightbox=\"yes\" data-elementor-lightbox-slideshow=\"6a98f2d\" data-elementor-lightbox-title=\"IMG-20200806-WA0013\" data-e-action-hash=\"#elementor-action%3Aaction%3Dlightbox%26settings%3DeyJpZCI6MjE0MiwidXJsIjoiaHR0cHM6XC9cL3d3dy5saWNoZW4ucGxcL3dwLWNvbnRlbnRcL3VwbG9hZHNcLzIwMjBcLzA4XC9JTUctMjAyMDA4MDYtV0EwMDEzLmpwZyIsInNsaWRlc2hvdyI6IjZhOThmMmQifQ%3D%3D\">\n\t\t\t\t\t<div class=\"e-gallery-image elementor-gallery-item__image\" data-thumbnail=\"https:\/\/www.lichen.pl\/wp-content\/uploads\/2020\/08\/IMG-20200806-WA0013-300x225.jpg\" data-width=\"300\" data-height=\"225\" aria-label=\"\" role=\"img\" ><\/div>\n\t\t\t\t\t\t\t\t\t\t\t<div class=\"elementor-gallery-item__overlay\"><\/div>\n\t\t\t\t\t\t\t\t\t\t\t\t\t\t<\/a>\n\t\t\t\t\t\t\t<a class=\"e-gallery-item elementor-gallery-item elementor-animated-content\" href=\"https:\/\/www.lichen.pl\/wp-content\/uploads\/2020\/08\/IMG-20200806-WA0014.jpg\" data-elementor-open-lightbox=\"yes\" data-elementor-lightbox-slideshow=\"6a98f2d\" data-elementor-lightbox-title=\"IMG-20200806-WA0014\" data-e-action-hash=\"#elementor-action%3Aaction%3Dlightbox%26settings%3DeyJpZCI6MjE0NywidXJsIjoiaHR0cHM6XC9cL3d3dy5saWNoZW4ucGxcL3dwLWNvbnRlbnRcL3VwbG9hZHNcLzIwMjBcLzA4XC9JTUctMjAyMDA4MDYtV0EwMDE0LmpwZyIsInNsaWRlc2hvdyI6IjZhOThmMmQifQ%3D%3D\">\n\t\t\t\t\t<div class=\"e-gallery-image elementor-gallery-item__image\" data-thumbnail=\"https:\/\/www.lichen.pl\/wp-content\/uploads\/2020\/08\/IMG-20200806-WA0014-300x225.jpg\" data-width=\"300\" data-height=\"225\" aria-label=\"\" role=\"img\" ><\/div>\n\t\t\t\t\t\t\t\t\t\t\t<div class=\"elementor-gallery-item__overlay\"><\/div>\n\t\t\t\t\t\t\t\t\t\t\t\t\t\t<\/a>\n\t\t\t\t\t<\/div>\n\t\t\t\t\t<\/div>\n\t\t\t\t<\/div>\n\t\t\t\t\t<\/div>\n\t\t<\/div>\n\t\t\t\t\t<\/div>\n\t\t<\/section>\n\t\t\t\t<section class=\"elementor-section elementor-top-section elementor-element elementor-element-8fb17f1 elementor-section-boxed elementor-section-height-default elementor-section-height-default\" data-id=\"8fb17f1\" data-element_type=\"section\" data-e-type=\"section\">\n\t\t\t\t\t\t<div class=\"elementor-container elementor-column-gap-default\">\n\t\t\t\t\t<div class=\"elementor-column elementor-col-100 elementor-top-column elementor-element elementor-element-ba976b3\" data-id=\"ba976b3\" data-element_type=\"column\" data-e-type=\"column\">\n\t\t\t<div class=\"elementor-widget-wrap elementor-element-populated\">\n\t\t\t\t\t\t<div class=\"elementor-element elementor-element-d15821c elementor-widget-divider--view-line elementor-widget elementor-widget-divider\" data-id=\"d15821c\" data-element_type=\"widget\" data-e-type=\"widget\" data-widget_type=\"divider.default\">\n\t\t\t\t<div class=\"elementor-widget-container\">\n\t\t\t\t\t\t\t<div class=\"elementor-divider\">\n\t\t\t<span class=\"elementor-divider-separator\">\n\t\t\t\t\t\t<\/span>\n\t\t<\/div>\n\t\t\t\t\t\t<\/div>\n\t\t\t\t<\/div>\n\t\t\t\t\t<\/div>\n\t\t<\/div>\n\t\t\t\t\t<\/div>\n\t\t<\/section>\n\t\t\t\t<\/div>","protected":false},"excerpt":{"rendered":"<p>Najd\u0142u\u017csza, licz\u0105ca ok. 500 km piesza pielgrzymka na Jasn\u0105 G\u00f3r\u0119 dotar\u0142a do Lichenia Do Sanktuarium Matki Bo\u017cej Liche\u0144skiej wesz\u0142a dzi\u015b 39. Kaszubska Piesza Pielgrzymka z Helu na Jasn\u0105 G\u00f3r\u0119. P\u0105tnik\u00f3w na schodach bazyliki przywita\u0142 ks. Adam Stankiewicz MIC, wicekustosz liche\u0144skiego sanktuarium. Pielgrzymi pok\u0142onili si\u0119 u st\u00f3p Matki Bo\u017cej Liche\u0144skiej i tradycyjnie ju\u017c odprawili kr\u00f3tkie nabo\u017ce\u0144stwo [&hellip;]<\/p>\n","protected":false},"author":2,"featured_media":2126,"comment_status":"open","ping_status":"open","sticky":false,"template":"","format":"standard","meta":{"footnotes":""},"categories":[1],"tags":[],"class_list":["post-2125","post","type-post","status-publish","format-standard","has-post-thumbnail","hentry","category-aktualnosci","wpbf-post"],"yoast_head":"<!-- This site is optimized with the Yoast SEO plugin v27.4 - https:\/\/yoast.com\/product\/yoast-seo-wordpress\/ -->\n<title>39. Kaszubska Piesza Pielgrzymka na Jasn\u0105 G\u00f3r\u0119 dotar\u0142a do Lichenia - SANKTUARIUM W LICHENIU<\/title>\n<meta name=\"robots\" content=\"index, follow, max-snippet:-1, max-image-preview:large, max-video-preview:-1\" \/>\n<link rel=\"canonical\" href=\"https:\/\/www.lichen.pl\/es\/kaszubska-pielgrzymka\/\" \/>\n<meta property=\"og:locale\" content=\"es_ES\" \/>\n<meta property=\"og:type\" content=\"article\" \/>\n<meta property=\"og:title\" content=\"39. Kaszubska Piesza Pielgrzymka na Jasn\u0105 G\u00f3r\u0119 dotar\u0142a do Lichenia - SANKTUARIUM W LICHENIU\" \/>\n<meta property=\"og:description\" content=\"Najd\u0142u\u017csza, licz\u0105ca ok. 500 km piesza pielgrzymka na Jasn\u0105 G\u00f3r\u0119 dotar\u0142a do Lichenia Do Sanktuarium Matki Bo\u017cej Liche\u0144skiej wesz\u0142a dzi\u015b 39. Kaszubska Piesza Pielgrzymka z Helu na Jasn\u0105 G\u00f3r\u0119. P\u0105tnik\u00f3w na schodach bazyliki przywita\u0142 ks. Adam Stankiewicz MIC, wicekustosz liche\u0144skiego sanktuarium. Pielgrzymi pok\u0142onili si\u0119 u st\u00f3p Matki Bo\u017cej Liche\u0144skiej i tradycyjnie ju\u017c odprawili kr\u00f3tkie nabo\u017ce\u0144stwo [&hellip;]\" \/>\n<meta property=\"og:url\" content=\"https:\/\/www.lichen.pl\/es\/kaszubska-pielgrzymka\/\" \/>\n<meta property=\"og:site_name\" content=\"SANKTUARIUM W LICHENIU\" \/>\n<meta property=\"article:published_time\" content=\"2020-08-06T07:11:55+00:00\" \/>\n<meta property=\"article:modified_time\" content=\"2021-06-17T09:38:03+00:00\" \/>\n<meta property=\"og:image\" content=\"https:\/\/www.lichen.pl\/wp-content\/uploads\/2020\/08\/IMG-20200806-WA0010.jpg\" \/>\n\t<meta property=\"og:image:width\" content=\"1600\" \/>\n\t<meta property=\"og:image:height\" content=\"1200\" \/>\n\t<meta property=\"og:image:type\" content=\"image\/jpeg\" \/>\n<meta name=\"author\" content=\"Arkadiusz Gorgolewski\" \/>\n<meta name=\"twitter:card\" content=\"summary_large_image\" \/>\n<meta name=\"twitter:label1\" content=\"Escrito por\" \/>\n\t<meta name=\"twitter:data1\" content=\"Arkadiusz Gorgolewski\" \/>\n\t<meta name=\"twitter:label2\" content=\"Tiempo de lectura\" \/>\n\t<meta name=\"twitter:data2\" content=\"1 minuto\" \/>\n<script type=\"application\/ld+json\" class=\"yoast-schema-graph\">{\"@context\":\"https:\\\/\\\/schema.org\",\"@graph\":[{\"@type\":\"Article\",\"@id\":\"https:\\\/\\\/www.lichen.pl\\\/it\\\/kaszubska-pielgrzymka\\\/#article\",\"isPartOf\":{\"@id\":\"https:\\\/\\\/www.lichen.pl\\\/it\\\/kaszubska-pielgrzymka\\\/\"},\"author\":{\"name\":\"Arkadiusz Gorgolewski\",\"@id\":\"https:\\\/\\\/www.lichen.pl\\\/fr\\\/#\\\/schema\\\/person\\\/56fc5b38d70a2b34983408f9a457fd9d\"},\"headline\":\"39. Kaszubska Piesza Pielgrzymka na Jasn\u0105 G\u00f3r\u0119 dotar\u0142a do Lichenia\",\"datePublished\":\"2020-08-06T07:11:55+00:00\",\"dateModified\":\"2021-06-17T09:38:03+00:00\",\"mainEntityOfPage\":{\"@id\":\"https:\\\/\\\/www.lichen.pl\\\/it\\\/kaszubska-pielgrzymka\\\/\"},\"wordCount\":207,\"commentCount\":0,\"image\":{\"@id\":\"https:\\\/\\\/www.lichen.pl\\\/it\\\/kaszubska-pielgrzymka\\\/#primaryimage\"},\"thumbnailUrl\":\"https:\\\/\\\/www.lichen.pl\\\/wp-content\\\/uploads\\\/2020\\\/08\\\/IMG-20200806-WA0010.jpg\",\"articleSection\":[\"Aktualno\u015bci\"],\"inLanguage\":\"es\",\"potentialAction\":[{\"@type\":\"CommentAction\",\"name\":\"Comment\",\"target\":[\"https:\\\/\\\/www.lichen.pl\\\/it\\\/kaszubska-pielgrzymka\\\/#respond\"]}]},{\"@type\":\"WebPage\",\"@id\":\"https:\\\/\\\/www.lichen.pl\\\/it\\\/kaszubska-pielgrzymka\\\/\",\"url\":\"https:\\\/\\\/www.lichen.pl\\\/it\\\/kaszubska-pielgrzymka\\\/\",\"name\":\"39. Kaszubska Piesza Pielgrzymka na Jasn\u0105 G\u00f3r\u0119 dotar\u0142a do Lichenia - SANKTUARIUM W LICHENIU\",\"isPartOf\":{\"@id\":\"https:\\\/\\\/www.lichen.pl\\\/fr\\\/#website\"},\"primaryImageOfPage\":{\"@id\":\"https:\\\/\\\/www.lichen.pl\\\/it\\\/kaszubska-pielgrzymka\\\/#primaryimage\"},\"image\":{\"@id\":\"https:\\\/\\\/www.lichen.pl\\\/it\\\/kaszubska-pielgrzymka\\\/#primaryimage\"},\"thumbnailUrl\":\"https:\\\/\\\/www.lichen.pl\\\/wp-content\\\/uploads\\\/2020\\\/08\\\/IMG-20200806-WA0010.jpg\",\"datePublished\":\"2020-08-06T07:11:55+00:00\",\"dateModified\":\"2021-06-17T09:38:03+00:00\",\"author\":{\"@id\":\"https:\\\/\\\/www.lichen.pl\\\/fr\\\/#\\\/schema\\\/person\\\/56fc5b38d70a2b34983408f9a457fd9d\"},\"breadcrumb\":{\"@id\":\"https:\\\/\\\/www.lichen.pl\\\/it\\\/kaszubska-pielgrzymka\\\/#breadcrumb\"},\"inLanguage\":\"es\",\"potentialAction\":[{\"@type\":\"ReadAction\",\"target\":[\"https:\\\/\\\/www.lichen.pl\\\/it\\\/kaszubska-pielgrzymka\\\/\"]}]},{\"@type\":\"ImageObject\",\"inLanguage\":\"es\",\"@id\":\"https:\\\/\\\/www.lichen.pl\\\/it\\\/kaszubska-pielgrzymka\\\/#primaryimage\",\"url\":\"https:\\\/\\\/www.lichen.pl\\\/wp-content\\\/uploads\\\/2020\\\/08\\\/IMG-20200806-WA0010.jpg\",\"contentUrl\":\"https:\\\/\\\/www.lichen.pl\\\/wp-content\\\/uploads\\\/2020\\\/08\\\/IMG-20200806-WA0010.jpg\",\"width\":1600,\"height\":1200},{\"@type\":\"BreadcrumbList\",\"@id\":\"https:\\\/\\\/www.lichen.pl\\\/it\\\/kaszubska-pielgrzymka\\\/#breadcrumb\",\"itemListElement\":[{\"@type\":\"ListItem\",\"position\":1,\"name\":\"Strona g\u0142\u00f3wna\",\"item\":\"https:\\\/\\\/www.lichen.pl\\\/\"},{\"@type\":\"ListItem\",\"position\":2,\"name\":\"39. Kaszubska Piesza Pielgrzymka na Jasn\u0105 G\u00f3r\u0119 dotar\u0142a do Lichenia\"}]},{\"@type\":\"WebSite\",\"@id\":\"https:\\\/\\\/www.lichen.pl\\\/fr\\\/#website\",\"url\":\"https:\\\/\\\/www.lichen.pl\\\/fr\\\/\",\"name\":\"SANKTUARIUM W LICHENIU\",\"description\":\"MATKI BO\u017bEJ LICHE\u0143SKIEJ BOLESNEJ KR\u00d3LOWEJ POLSKI\",\"potentialAction\":[{\"@type\":\"SearchAction\",\"target\":{\"@type\":\"EntryPoint\",\"urlTemplate\":\"https:\\\/\\\/www.lichen.pl\\\/fr\\\/?s={search_term_string}\"},\"query-input\":{\"@type\":\"PropertyValueSpecification\",\"valueRequired\":true,\"valueName\":\"search_term_string\"}}],\"inLanguage\":\"es\"},{\"@type\":\"Person\",\"@id\":\"https:\\\/\\\/www.lichen.pl\\\/fr\\\/#\\\/schema\\\/person\\\/56fc5b38d70a2b34983408f9a457fd9d\",\"name\":\"Arkadiusz Gorgolewski\",\"image\":{\"@type\":\"ImageObject\",\"inLanguage\":\"es\",\"@id\":\"https:\\\/\\\/secure.gravatar.com\\\/avatar\\\/0f571b370f5aa245b1fd3b9c945511b004fe17579bdefd5054d99f0ba315149c?s=96&d=retro&r=g\",\"url\":\"https:\\\/\\\/secure.gravatar.com\\\/avatar\\\/0f571b370f5aa245b1fd3b9c945511b004fe17579bdefd5054d99f0ba315149c?s=96&d=retro&r=g\",\"contentUrl\":\"https:\\\/\\\/secure.gravatar.com\\\/avatar\\\/0f571b370f5aa245b1fd3b9c945511b004fe17579bdefd5054d99f0ba315149c?s=96&d=retro&r=g\",\"caption\":\"Arkadiusz Gorgolewski\"},\"url\":\"https:\\\/\\\/www.lichen.pl\\\/es\\\/author\\\/sanadmin\\\/\"}]}<\/script>\n<!-- \/ Yoast SEO plugin. -->","yoast_head_json":{"title":"39. Kaszubska Piesza Pielgrzymka na Jasn\u0105 G\u00f3r\u0119 dotar\u0142a do Lichenia - SANKTUARIUM W LICHENIU","robots":{"index":"index","follow":"follow","max-snippet":"max-snippet:-1","max-image-preview":"max-image-preview:large","max-video-preview":"max-video-preview:-1"},"canonical":"https:\/\/www.lichen.pl\/es\/kaszubska-pielgrzymka\/","og_locale":"es_ES","og_type":"article","og_title":"39. Kaszubska Piesza Pielgrzymka na Jasn\u0105 G\u00f3r\u0119 dotar\u0142a do Lichenia - SANKTUARIUM W LICHENIU","og_description":"Najd\u0142u\u017csza, licz\u0105ca ok. 500 km piesza pielgrzymka na Jasn\u0105 G\u00f3r\u0119 dotar\u0142a do Lichenia Do Sanktuarium Matki Bo\u017cej Liche\u0144skiej wesz\u0142a dzi\u015b 39. Kaszubska Piesza Pielgrzymka z Helu na Jasn\u0105 G\u00f3r\u0119. P\u0105tnik\u00f3w na schodach bazyliki przywita\u0142 ks. Adam Stankiewicz MIC, wicekustosz liche\u0144skiego sanktuarium. Pielgrzymi pok\u0142onili si\u0119 u st\u00f3p Matki Bo\u017cej Liche\u0144skiej i tradycyjnie ju\u017c odprawili kr\u00f3tkie nabo\u017ce\u0144stwo [&hellip;]","og_url":"https:\/\/www.lichen.pl\/es\/kaszubska-pielgrzymka\/","og_site_name":"SANKTUARIUM W LICHENIU","article_published_time":"2020-08-06T07:11:55+00:00","article_modified_time":"2021-06-17T09:38:03+00:00","og_image":[{"width":1600,"height":1200,"url":"https:\/\/www.lichen.pl\/wp-content\/uploads\/2020\/08\/IMG-20200806-WA0010.jpg","type":"image\/jpeg"}],"author":"Arkadiusz Gorgolewski","twitter_card":"summary_large_image","twitter_misc":{"Escrito por":"Arkadiusz Gorgolewski","Tiempo de lectura":"1 minuto"},"schema":{"@context":"https:\/\/schema.org","@graph":[{"@type":"Article","@id":"https:\/\/www.lichen.pl\/it\/kaszubska-pielgrzymka\/#article","isPartOf":{"@id":"https:\/\/www.lichen.pl\/it\/kaszubska-pielgrzymka\/"},"author":{"name":"Arkadiusz Gorgolewski","@id":"https:\/\/www.lichen.pl\/fr\/#\/schema\/person\/56fc5b38d70a2b34983408f9a457fd9d"},"headline":"39. Kaszubska Piesza Pielgrzymka na Jasn\u0105 G\u00f3r\u0119 dotar\u0142a do Lichenia","datePublished":"2020-08-06T07:11:55+00:00","dateModified":"2021-06-17T09:38:03+00:00","mainEntityOfPage":{"@id":"https:\/\/www.lichen.pl\/it\/kaszubska-pielgrzymka\/"},"wordCount":207,"commentCount":0,"image":{"@id":"https:\/\/www.lichen.pl\/it\/kaszubska-pielgrzymka\/#primaryimage"},"thumbnailUrl":"https:\/\/www.lichen.pl\/wp-content\/uploads\/2020\/08\/IMG-20200806-WA0010.jpg","articleSection":["Aktualno\u015bci"],"inLanguage":"es","potentialAction":[{"@type":"CommentAction","name":"Comment","target":["https:\/\/www.lichen.pl\/it\/kaszubska-pielgrzymka\/#respond"]}]},{"@type":"WebPage","@id":"https:\/\/www.lichen.pl\/it\/kaszubska-pielgrzymka\/","url":"https:\/\/www.lichen.pl\/it\/kaszubska-pielgrzymka\/","name":"39. Kaszubska Piesza Pielgrzymka na Jasn\u0105 G\u00f3r\u0119 dotar\u0142a do Lichenia - SANKTUARIUM W LICHENIU","isPartOf":{"@id":"https:\/\/www.lichen.pl\/fr\/#website"},"primaryImageOfPage":{"@id":"https:\/\/www.lichen.pl\/it\/kaszubska-pielgrzymka\/#primaryimage"},"image":{"@id":"https:\/\/www.lichen.pl\/it\/kaszubska-pielgrzymka\/#primaryimage"},"thumbnailUrl":"https:\/\/www.lichen.pl\/wp-content\/uploads\/2020\/08\/IMG-20200806-WA0010.jpg","datePublished":"2020-08-06T07:11:55+00:00","dateModified":"2021-06-17T09:38:03+00:00","author":{"@id":"https:\/\/www.lichen.pl\/fr\/#\/schema\/person\/56fc5b38d70a2b34983408f9a457fd9d"},"breadcrumb":{"@id":"https:\/\/www.lichen.pl\/it\/kaszubska-pielgrzymka\/#breadcrumb"},"inLanguage":"es","potentialAction":[{"@type":"ReadAction","target":["https:\/\/www.lichen.pl\/it\/kaszubska-pielgrzymka\/"]}]},{"@type":"ImageObject","inLanguage":"es","@id":"https:\/\/www.lichen.pl\/it\/kaszubska-pielgrzymka\/#primaryimage","url":"https:\/\/www.lichen.pl\/wp-content\/uploads\/2020\/08\/IMG-20200806-WA0010.jpg","contentUrl":"https:\/\/www.lichen.pl\/wp-content\/uploads\/2020\/08\/IMG-20200806-WA0010.jpg","width":1600,"height":1200},{"@type":"BreadcrumbList","@id":"https:\/\/www.lichen.pl\/it\/kaszubska-pielgrzymka\/#breadcrumb","itemListElement":[{"@type":"ListItem","position":1,"name":"Strona g\u0142\u00f3wna","item":"https:\/\/www.lichen.pl\/"},{"@type":"ListItem","position":2,"name":"39. Kaszubska Piesza Pielgrzymka na Jasn\u0105 G\u00f3r\u0119 dotar\u0142a do Lichenia"}]},{"@type":"WebSite","@id":"https:\/\/www.lichen.pl\/fr\/#website","url":"https:\/\/www.lichen.pl\/fr\/","name":"SANTUARIO EN LICHENIA","description":"LA DOLOROSA REINA DE POLONIA DE NUESTRO LICHEN","potentialAction":[{"@type":"SearchAction","target":{"@type":"EntryPoint","urlTemplate":"https:\/\/www.lichen.pl\/fr\/?s={search_term_string}"},"query-input":{"@type":"PropertyValueSpecification","valueRequired":true,"valueName":"search_term_string"}}],"inLanguage":"es"},{"@type":"Person","@id":"https:\/\/www.lichen.pl\/fr\/#\/schema\/person\/56fc5b38d70a2b34983408f9a457fd9d","name":"Arkadiusz Gorgolewski","image":{"@type":"ImageObject","inLanguage":"es","@id":"https:\/\/secure.gravatar.com\/avatar\/0f571b370f5aa245b1fd3b9c945511b004fe17579bdefd5054d99f0ba315149c?s=96&d=retro&r=g","url":"https:\/\/secure.gravatar.com\/avatar\/0f571b370f5aa245b1fd3b9c945511b004fe17579bdefd5054d99f0ba315149c?s=96&d=retro&r=g","contentUrl":"https:\/\/secure.gravatar.com\/avatar\/0f571b370f5aa245b1fd3b9c945511b004fe17579bdefd5054d99f0ba315149c?s=96&d=retro&r=g","caption":"Arkadiusz Gorgolewski"},"url":"https:\/\/www.lichen.pl\/es\/author\/sanadmin\/"}]}},"_links":{"self":[{"href":"https:\/\/www.lichen.pl\/es\/wp-json\/wp\/v2\/posts\/2125","targetHints":{"allow":["GET"]}}],"collection":[{"href":"https:\/\/www.lichen.pl\/es\/wp-json\/wp\/v2\/posts"}],"about":[{"href":"https:\/\/www.lichen.pl\/es\/wp-json\/wp\/v2\/types\/post"}],"author":[{"embeddable":true,"href":"https:\/\/www.lichen.pl\/es\/wp-json\/wp\/v2\/users\/2"}],"replies":[{"embeddable":true,"href":"https:\/\/www.lichen.pl\/es\/wp-json\/wp\/v2\/comments?post=2125"}],"version-history":[{"count":7,"href":"https:\/\/www.lichen.pl\/es\/wp-json\/wp\/v2\/posts\/2125\/revisions"}],"predecessor-version":[{"id":14289,"href":"https:\/\/www.lichen.pl\/es\/wp-json\/wp\/v2\/posts\/2125\/revisions\/14289"}],"wp:featuredmedia":[{"embeddable":true,"href":"https:\/\/www.lichen.pl\/es\/wp-json\/wp\/v2\/media\/2126"}],"wp:attachment":[{"href":"https:\/\/www.lichen.pl\/es\/wp-json\/wp\/v2\/media?parent=2125"}],"wp:term":[{"taxonomy":"category","embeddable":true,"href":"https:\/\/www.lichen.pl\/es\/wp-json\/wp\/v2\/categories?post=2125"},{"taxonomy":"post_tag","embeddable":true,"href":"https:\/\/www.lichen.pl\/es\/wp-json\/wp\/v2\/tags?post=2125"}],"curies":[{"name":"wp","href":"https:\/\/api.w.org\/{rel}","templated":true}]}}