{"id":2238,"date":"2020-06-30T07:21:53","date_gmt":"2020-06-30T07:21:53","guid":{"rendered":"http:\/\/www.lichen.pl\/ii-ogolnopolski-dzien-modlitw-w-intencji-zwiazkow-niesakramentalnych-copy\/"},"modified":"2021-06-17T10:29:18","modified_gmt":"2021-06-17T10:29:18","slug":"basilica-sonans-zaproszenie-na-ii-miedzynarodowy-lichenski-festiwal-organowy","status":"publish","type":"post","link":"https:\/\/www.lichen.pl\/es\/basilica-sonans-zaproszenie-na-ii-miedzynarodowy-lichenski-festiwal-organowy\/","title":{"rendered":"Bas\u00edlica Sonans - Invitaci\u00f3n al 2\u00ba Festival Internacional de \u00d3rgano Liquen"},"content":{"rendered":"<div data-elementor-type=\"wp-post\" data-elementor-id=\"2238\" class=\"elementor elementor-2238\" data-elementor-post-type=\"post\">\n\t\t\t\t\t\t<section class=\"elementor-section elementor-top-section elementor-element elementor-element-dcc57a2 elementor-section-boxed elementor-section-height-default elementor-section-height-default\" data-id=\"dcc57a2\" data-element_type=\"section\" data-e-type=\"section\">\n\t\t\t\t\t\t<div class=\"elementor-container elementor-column-gap-default\">\n\t\t\t\t\t<div class=\"elementor-column elementor-col-100 elementor-top-column elementor-element elementor-element-1e909ff1\" data-id=\"1e909ff1\" data-element_type=\"column\" data-e-type=\"column\">\n\t\t\t<div class=\"elementor-widget-wrap elementor-element-populated\">\n\t\t\t\t\t\t<div class=\"elementor-element elementor-element-480a96f elementor-widget elementor-widget-heading\" data-id=\"480a96f\" data-element_type=\"widget\" data-e-type=\"widget\" data-widget_type=\"heading.default\">\n\t\t\t\t<div class=\"elementor-widget-container\">\n\t\t\t\t\t<h2 class=\"elementor-heading-title elementor-size-default\">Concierto &quot;M\u00fasica y Palabra&quot; realizado por el prof. Dr. hab. Andrzej Chorosi\u0144ski abrir\u00e1 el domingo 5 de julio el 2\u00ba Festival Internacional de Liquen y \u00d3rgano &quot;Basilica sonans&quot;. Los conciertos del festival se llevar\u00e1n a cabo todos los domingos en 14.30, hasta el 30 de agosto de este a\u00f1o.<\/h2>\t\t\t\t<\/div>\n\t\t\t\t<\/div>\n\t\t\t\t<section class=\"elementor-section elementor-inner-section elementor-element elementor-element-5acfaff elementor-section-boxed elementor-section-height-default elementor-section-height-default\" data-id=\"5acfaff\" data-element_type=\"section\" data-e-type=\"section\">\n\t\t\t\t\t\t<div class=\"elementor-container elementor-column-gap-default\">\n\t\t\t\t\t<div class=\"elementor-column elementor-col-50 elementor-inner-column elementor-element elementor-element-0f8143d\" data-id=\"0f8143d\" data-element_type=\"column\" data-e-type=\"column\">\n\t\t\t<div class=\"elementor-widget-wrap elementor-element-populated\">\n\t\t\t\t\t\t<div class=\"elementor-element elementor-element-0f20425 elementor-widget elementor-widget-image\" data-id=\"0f20425\" data-element_type=\"widget\" data-e-type=\"widget\" data-widget_type=\"image.default\">\n\t\t\t\t<div class=\"elementor-widget-container\">\n\t\t\t\t\t\t\t\t\t\t\t\t\t\t\t<img fetchpriority=\"high\" decoding=\"async\" width=\"768\" height=\"1072\" src=\"https:\/\/www.lichen.pl\/wp-content\/uploads\/2020\/08\/II-Mi\u0119dzynarodowy-Festiwal-Organowy-A3-pion-1-Copy-768x1072.jpg\" class=\"attachment-medium_large size-medium_large wp-image-2245\" alt=\"\" srcset=\"https:\/\/www.lichen.pl\/wp-content\/uploads\/2020\/08\/II-Mi\u0119dzynarodowy-Festiwal-Organowy-A3-pion-1-Copy-768x1072.jpg 768w, https:\/\/www.lichen.pl\/wp-content\/uploads\/2020\/08\/II-Mi\u0119dzynarodowy-Festiwal-Organowy-A3-pion-1-Copy-800x1117.jpg 800w, https:\/\/www.lichen.pl\/wp-content\/uploads\/2020\/08\/II-Mi\u0119dzynarodowy-Festiwal-Organowy-A3-pion-1-Copy-215x300.jpg 215w, https:\/\/www.lichen.pl\/wp-content\/uploads\/2020\/08\/II-Mi\u0119dzynarodowy-Festiwal-Organowy-A3-pion-1-Copy-733x1024.jpg 733w, https:\/\/www.lichen.pl\/wp-content\/uploads\/2020\/08\/II-Mi\u0119dzynarodowy-Festiwal-Organowy-A3-pion-1-Copy-1100x1536.jpg 1100w, https:\/\/www.lichen.pl\/wp-content\/uploads\/2020\/08\/II-Mi\u0119dzynarodowy-Festiwal-Organowy-A3-pion-1-Copy.jpg 917w\" sizes=\"(max-width: 768px) 100vw, 768px\" \/>\t\t\t\t\t\t\t\t\t\t\t\t\t\t\t<\/div>\n\t\t\t\t<\/div>\n\t\t\t\t\t<\/div>\n\t\t<\/div>\n\t\t\t\t<div class=\"elementor-column elementor-col-50 elementor-inner-column elementor-element elementor-element-743b144\" data-id=\"743b144\" data-element_type=\"column\" data-e-type=\"column\">\n\t\t\t<div class=\"elementor-widget-wrap elementor-element-populated\">\n\t\t\t\t\t\t<div class=\"elementor-element elementor-element-2ba5254 elementor-widget elementor-widget-text-editor\" data-id=\"2ba5254\" data-element_type=\"widget\" data-e-type=\"widget\" data-widget_type=\"text-editor.default\">\n\t\t\t\t<div class=\"elementor-widget-container\">\n\t\t\t\t\t\t\t\t\t<p>Por segunda vez, el Santuario de Nuestra Se\u00f1ora de Liche\u0144 acoger\u00e1 a destacados organistas europeos en el marco del Festival Sonans de la Bas\u00edlica. Los int\u00e9rpretes presentar\u00e1n las obras de los m\u00e1s eminentes compositores. La bas\u00edlica albergar\u00e1 obras de, entre otros, Fryderyk Chopin, Johann Sebastian Bach, Wolfgang Amadeus Mozart, Franz Schubert, Richard Wagner, Feliks Nowowiejski y Mieczys\u0142aw Surzy\u0144ski.<\/p><p><b>Concierto de apertura<\/b> dedicado a San Juan Pablo II con motivo del centenario de su nacimiento, se celebrar\u00e1 el domingo 5 de julio a las 14.30 En la bas\u00edlica de Liche\u0144 realizada por el prof. Chorosi\u0144ski ser\u00e1 escuchado, entre otros, por Toccata en re menor de JS Bach, Etudes en do sostenido menor y nocturnos de F. Chopin, as\u00ed como Eleg\u00eda en fa sostenido menor de M. Surzy\u0144ski. Durante el concierto titulado &quot;La m\u00fasica y la palabra&quot;, las palabras de S. Juan Pablo II interpretado por Micha\u0142 Chorosi\u0144ski, conocido actor de teatro y cine.<\/p><p><b>Primera edici\u00f3n<\/b> El Festival de M\u00fasica de \u00d3rgano de la Bas\u00edlica Sonans goz\u00f3 de gran popularidad. En 2019, artistas polacos y extranjeros participaron en conciertos semanales, entre ellos Bernhard Gfrerer de Salzburgo, Jan Van Mol de Amberes, Jean Christopher Geiser de Lausana, Roman Perucki de Gda\u0144sk y Marek Stefa\u0144ski de Cracovia.<\/p>\t\t\t\t\t\t\t\t<\/div>\n\t\t\t\t<\/div>\n\t\t\t\t\t<\/div>\n\t\t<\/div>\n\t\t\t\t\t<\/div>\n\t\t<\/section>\n\t\t\t\t<div class=\"elementor-element elementor-element-61442e4 elementor-widget elementor-widget-spacer\" data-id=\"61442e4\" data-element_type=\"widget\" data-e-type=\"widget\" data-widget_type=\"spacer.default\">\n\t\t\t\t<div class=\"elementor-widget-container\">\n\t\t\t\t\t\t\t<div class=\"elementor-spacer\">\n\t\t\t<div class=\"elementor-spacer-inner\"><\/div>\n\t\t<\/div>\n\t\t\t\t\t\t<\/div>\n\t\t\t\t<\/div>\n\t\t\t\t<div class=\"elementor-element elementor-element-07b6255 elementor-widget elementor-widget-text-editor\" data-id=\"07b6255\" data-element_type=\"widget\" data-e-type=\"widget\" data-widget_type=\"text-editor.default\">\n\t\t\t\t<div class=\"elementor-widget-container\">\n\t\t\t\t\t\t\t\t\t<p><b>El \u00f3rgano de la bas\u00edlica de Liche\u0144<\/b> ellos. S t. Jana Paw\u0142a II es actualmente el instrumento m\u00e1s grande de Polonia y el cuarto m\u00e1s grande de Europa. En el ranking mundial, ocupan el d\u00e9cimo lugar entre los instrumentos sagrados. Constan de cinco partes: los \u00f3rganos principales (sur) ubicados sobre la entrada principal del templo, los \u00f3rganos en las naves laterales oeste y este, y dos partes m\u00e1s peque\u00f1as ubicadas sobre el presbiterio. Las partes individuales estaban conectadas por una ruta electr\u00f3nica en una mesa de juego colectiva de seis canales ubicada en el presbiterio de la bas\u00edlica. En total, el instrumento tiene 12 323 tubos y 157 voces. La parte principal del \u00f3rgano, que pesa casi 50 toneladas, est\u00e1 equipada con el tubo de \u00f3rgano m\u00e1s grande de este tipo en Polonia, hecho de esta\u00f1o, de 783 cm de largo y con un peso aproximado de 150 kg. El concepto de sonido del instrumento fue dise\u00f1ado por el prof. Chorosinski. El instrumento fue fabricado por la empresa Zych de Wo\u0142omin.<\/p>\t\t\t\t\t\t\t\t<\/div>\n\t\t\t\t<\/div>\n\t\t\t\t<div class=\"elementor-element elementor-element-12eb3fe elementor-widget elementor-widget-text-editor\" data-id=\"12eb3fe\" data-element_type=\"widget\" data-e-type=\"widget\" data-widget_type=\"text-editor.default\">\n\t\t\t\t<div class=\"elementor-widget-container\">\n\t\t\t\t\t\t\t\t\t<p>Texto: Justyna Zacharek, Oficina de Prensa del Santuario<\/p>\t\t\t\t\t\t\t\t<\/div>\n\t\t\t\t<\/div>\n\t\t\t\t<div class=\"elementor-element elementor-element-93ec185 elementor-widget-divider--view-line elementor-widget elementor-widget-divider\" data-id=\"93ec185\" data-element_type=\"widget\" data-e-type=\"widget\" data-widget_type=\"divider.default\">\n\t\t\t\t<div class=\"elementor-widget-container\">\n\t\t\t\t\t\t\t<div class=\"elementor-divider\">\n\t\t\t<span class=\"elementor-divider-separator\">\n\t\t\t\t\t\t<\/span>\n\t\t<\/div>\n\t\t\t\t\t\t<\/div>\n\t\t\t\t<\/div>\n\t\t\t\t\t<\/div>\n\t\t<\/div>\n\t\t\t\t\t<\/div>\n\t\t<\/section>\n\t\t\t\t<\/div>","protected":false},"excerpt":{"rendered":"<p>Koncert \u201eMuzyka i S\u0142owo\u201d w wykonaniu prof. dr. hab. Andrzeja Chorosi\u0144skiego otworzy w niedziel\u0119 5 lipca II Mi\u0119dzynarodowy Liche\u0144ski Festiwal Organowy \u201eBasilica sonans\u201d. Festiwalowe koncerty odbywa\u0107 si\u0119 b\u0119d\u0105 w ka\u017cd\u0105 niedziel\u0119 o godz. 14.30, do 30 sierpnia br. Sanktuarium Matki Bo\u017cej Liche\u0144skiej ju\u017c po raz drugi w ramach Festiwalu \u201eBasilica sonans\u201d go\u015bci\u0107 b\u0119dzie wybitnych europejskich [&hellip;]<\/p>\n","protected":false},"author":2,"featured_media":2239,"comment_status":"open","ping_status":"open","sticky":false,"template":"","format":"standard","meta":{"footnotes":""},"categories":[1],"tags":[],"class_list":["post-2238","post","type-post","status-publish","format-standard","has-post-thumbnail","hentry","category-aktualnosci","wpbf-post"],"yoast_head":"<!-- This site is optimized with the Yoast SEO plugin v27.4 - https:\/\/yoast.com\/product\/yoast-seo-wordpress\/ -->\n<title>Basilica Sonans - Zaproszenie na II Mi\u0119dzynarodowy Liche\u0144ski Festiwal Organowy - SANKTUARIUM W LICHENIU<\/title>\n<meta name=\"robots\" content=\"index, follow, max-snippet:-1, max-image-preview:large, max-video-preview:-1\" \/>\n<link rel=\"canonical\" href=\"https:\/\/www.lichen.pl\/es\/basilica-sonans-zaproszenie-na-ii-miedzynarodowy-lichenski-festiwal-organowy\/\" \/>\n<meta property=\"og:locale\" content=\"es_ES\" \/>\n<meta property=\"og:type\" content=\"article\" \/>\n<meta property=\"og:title\" content=\"Basilica Sonans - Zaproszenie na II Mi\u0119dzynarodowy Liche\u0144ski Festiwal Organowy - SANKTUARIUM W LICHENIU\" \/>\n<meta property=\"og:description\" content=\"Koncert \u201eMuzyka i S\u0142owo\u201d w wykonaniu prof. dr. hab. Andrzeja Chorosi\u0144skiego otworzy w niedziel\u0119 5 lipca II Mi\u0119dzynarodowy Liche\u0144ski Festiwal Organowy \u201eBasilica sonans\u201d. Festiwalowe koncerty odbywa\u0107 si\u0119 b\u0119d\u0105 w ka\u017cd\u0105 niedziel\u0119 o godz. 14.30, do 30 sierpnia br. Sanktuarium Matki Bo\u017cej Liche\u0144skiej ju\u017c po raz drugi w ramach Festiwalu \u201eBasilica sonans\u201d go\u015bci\u0107 b\u0119dzie wybitnych europejskich [&hellip;]\" \/>\n<meta property=\"og:url\" content=\"https:\/\/www.lichen.pl\/es\/basilica-sonans-zaproszenie-na-ii-miedzynarodowy-lichenski-festiwal-organowy\/\" \/>\n<meta property=\"og:site_name\" content=\"SANKTUARIUM W LICHENIU\" \/>\n<meta property=\"article:published_time\" content=\"2020-06-30T07:21:53+00:00\" \/>\n<meta property=\"article:modified_time\" content=\"2021-06-17T10:29:18+00:00\" \/>\n<meta property=\"og:image\" content=\"https:\/\/www.lichen.pl\/wp-content\/uploads\/2020\/08\/II-Mi\u0119dzynarodowy-Festiwal-organowy-A3-poziom-1-Copy.jpg\" \/>\n\t<meta property=\"og:image:width\" content=\"1885\" \/>\n\t<meta property=\"og:image:height\" content=\"1333\" \/>\n\t<meta property=\"og:image:type\" content=\"image\/jpeg\" \/>\n<meta name=\"author\" content=\"Arkadiusz Gorgolewski\" \/>\n<meta name=\"twitter:card\" content=\"summary_large_image\" \/>\n<meta name=\"twitter:label1\" content=\"Escrito por\" \/>\n\t<meta name=\"twitter:data1\" content=\"Arkadiusz Gorgolewski\" \/>\n\t<meta name=\"twitter:label2\" content=\"Tiempo de lectura\" \/>\n\t<meta name=\"twitter:data2\" content=\"2 minutos\" \/>\n<script type=\"application\/ld+json\" class=\"yoast-schema-graph\">{\"@context\":\"https:\\\/\\\/schema.org\",\"@graph\":[{\"@type\":\"Article\",\"@id\":\"https:\\\/\\\/www.lichen.pl\\\/de\\\/basilica-sonans-zaproszenie-na-ii-miedzynarodowy-lichenski-festiwal-organowy\\\/#article\",\"isPartOf\":{\"@id\":\"https:\\\/\\\/www.lichen.pl\\\/de\\\/basilica-sonans-zaproszenie-na-ii-miedzynarodowy-lichenski-festiwal-organowy\\\/\"},\"author\":{\"name\":\"Arkadiusz Gorgolewski\",\"@id\":\"https:\\\/\\\/www.lichen.pl\\\/fr\\\/#\\\/schema\\\/person\\\/56fc5b38d70a2b34983408f9a457fd9d\"},\"headline\":\"Basilica Sonans &#8211; Zaproszenie na II Mi\u0119dzynarodowy Liche\u0144ski Festiwal Organowy\",\"datePublished\":\"2020-06-30T07:21:53+00:00\",\"dateModified\":\"2021-06-17T10:29:18+00:00\",\"mainEntityOfPage\":{\"@id\":\"https:\\\/\\\/www.lichen.pl\\\/de\\\/basilica-sonans-zaproszenie-na-ii-miedzynarodowy-lichenski-festiwal-organowy\\\/\"},\"wordCount\":413,\"commentCount\":0,\"image\":{\"@id\":\"https:\\\/\\\/www.lichen.pl\\\/de\\\/basilica-sonans-zaproszenie-na-ii-miedzynarodowy-lichenski-festiwal-organowy\\\/#primaryimage\"},\"thumbnailUrl\":\"https:\\\/\\\/www.lichen.pl\\\/wp-content\\\/uploads\\\/2020\\\/08\\\/II-Mi\u0119dzynarodowy-Festiwal-organowy-A3-poziom-1-Copy.jpg\",\"articleSection\":[\"Aktualno\u015bci\"],\"inLanguage\":\"es\",\"potentialAction\":[{\"@type\":\"CommentAction\",\"name\":\"Comment\",\"target\":[\"https:\\\/\\\/www.lichen.pl\\\/de\\\/basilica-sonans-zaproszenie-na-ii-miedzynarodowy-lichenski-festiwal-organowy\\\/#respond\"]}]},{\"@type\":\"WebPage\",\"@id\":\"https:\\\/\\\/www.lichen.pl\\\/de\\\/basilica-sonans-zaproszenie-na-ii-miedzynarodowy-lichenski-festiwal-organowy\\\/\",\"url\":\"https:\\\/\\\/www.lichen.pl\\\/de\\\/basilica-sonans-zaproszenie-na-ii-miedzynarodowy-lichenski-festiwal-organowy\\\/\",\"name\":\"Basilica Sonans - Zaproszenie na II Mi\u0119dzynarodowy Liche\u0144ski Festiwal Organowy - SANKTUARIUM W LICHENIU\",\"isPartOf\":{\"@id\":\"https:\\\/\\\/www.lichen.pl\\\/fr\\\/#website\"},\"primaryImageOfPage\":{\"@id\":\"https:\\\/\\\/www.lichen.pl\\\/de\\\/basilica-sonans-zaproszenie-na-ii-miedzynarodowy-lichenski-festiwal-organowy\\\/#primaryimage\"},\"image\":{\"@id\":\"https:\\\/\\\/www.lichen.pl\\\/de\\\/basilica-sonans-zaproszenie-na-ii-miedzynarodowy-lichenski-festiwal-organowy\\\/#primaryimage\"},\"thumbnailUrl\":\"https:\\\/\\\/www.lichen.pl\\\/wp-content\\\/uploads\\\/2020\\\/08\\\/II-Mi\u0119dzynarodowy-Festiwal-organowy-A3-poziom-1-Copy.jpg\",\"datePublished\":\"2020-06-30T07:21:53+00:00\",\"dateModified\":\"2021-06-17T10:29:18+00:00\",\"author\":{\"@id\":\"https:\\\/\\\/www.lichen.pl\\\/fr\\\/#\\\/schema\\\/person\\\/56fc5b38d70a2b34983408f9a457fd9d\"},\"breadcrumb\":{\"@id\":\"https:\\\/\\\/www.lichen.pl\\\/de\\\/basilica-sonans-zaproszenie-na-ii-miedzynarodowy-lichenski-festiwal-organowy\\\/#breadcrumb\"},\"inLanguage\":\"es\",\"potentialAction\":[{\"@type\":\"ReadAction\",\"target\":[\"https:\\\/\\\/www.lichen.pl\\\/de\\\/basilica-sonans-zaproszenie-na-ii-miedzynarodowy-lichenski-festiwal-organowy\\\/\"]}]},{\"@type\":\"ImageObject\",\"inLanguage\":\"es\",\"@id\":\"https:\\\/\\\/www.lichen.pl\\\/de\\\/basilica-sonans-zaproszenie-na-ii-miedzynarodowy-lichenski-festiwal-organowy\\\/#primaryimage\",\"url\":\"https:\\\/\\\/www.lichen.pl\\\/wp-content\\\/uploads\\\/2020\\\/08\\\/II-Mi\u0119dzynarodowy-Festiwal-organowy-A3-poziom-1-Copy.jpg\",\"contentUrl\":\"https:\\\/\\\/www.lichen.pl\\\/wp-content\\\/uploads\\\/2020\\\/08\\\/II-Mi\u0119dzynarodowy-Festiwal-organowy-A3-poziom-1-Copy.jpg\",\"width\":1885,\"height\":1333},{\"@type\":\"BreadcrumbList\",\"@id\":\"https:\\\/\\\/www.lichen.pl\\\/de\\\/basilica-sonans-zaproszenie-na-ii-miedzynarodowy-lichenski-festiwal-organowy\\\/#breadcrumb\",\"itemListElement\":[{\"@type\":\"ListItem\",\"position\":1,\"name\":\"Strona g\u0142\u00f3wna\",\"item\":\"https:\\\/\\\/www.lichen.pl\\\/\"},{\"@type\":\"ListItem\",\"position\":2,\"name\":\"Basilica Sonans &#8211; Zaproszenie na II Mi\u0119dzynarodowy Liche\u0144ski Festiwal Organowy\"}]},{\"@type\":\"WebSite\",\"@id\":\"https:\\\/\\\/www.lichen.pl\\\/fr\\\/#website\",\"url\":\"https:\\\/\\\/www.lichen.pl\\\/fr\\\/\",\"name\":\"SANKTUARIUM W LICHENIU\",\"description\":\"MATKI BO\u017bEJ LICHE\u0143SKIEJ BOLESNEJ KR\u00d3LOWEJ POLSKI\",\"potentialAction\":[{\"@type\":\"SearchAction\",\"target\":{\"@type\":\"EntryPoint\",\"urlTemplate\":\"https:\\\/\\\/www.lichen.pl\\\/fr\\\/?s={search_term_string}\"},\"query-input\":{\"@type\":\"PropertyValueSpecification\",\"valueRequired\":true,\"valueName\":\"search_term_string\"}}],\"inLanguage\":\"es\"},{\"@type\":\"Person\",\"@id\":\"https:\\\/\\\/www.lichen.pl\\\/fr\\\/#\\\/schema\\\/person\\\/56fc5b38d70a2b34983408f9a457fd9d\",\"name\":\"Arkadiusz Gorgolewski\",\"image\":{\"@type\":\"ImageObject\",\"inLanguage\":\"es\",\"@id\":\"https:\\\/\\\/secure.gravatar.com\\\/avatar\\\/0f571b370f5aa245b1fd3b9c945511b004fe17579bdefd5054d99f0ba315149c?s=96&d=retro&r=g\",\"url\":\"https:\\\/\\\/secure.gravatar.com\\\/avatar\\\/0f571b370f5aa245b1fd3b9c945511b004fe17579bdefd5054d99f0ba315149c?s=96&d=retro&r=g\",\"contentUrl\":\"https:\\\/\\\/secure.gravatar.com\\\/avatar\\\/0f571b370f5aa245b1fd3b9c945511b004fe17579bdefd5054d99f0ba315149c?s=96&d=retro&r=g\",\"caption\":\"Arkadiusz Gorgolewski\"},\"url\":\"https:\\\/\\\/www.lichen.pl\\\/es\\\/author\\\/sanadmin\\\/\"}]}<\/script>\n<!-- \/ Yoast SEO plugin. -->","yoast_head_json":{"title":"Basilica Sonans - Zaproszenie na II Mi\u0119dzynarodowy Liche\u0144ski Festiwal Organowy - SANKTUARIUM W LICHENIU","robots":{"index":"index","follow":"follow","max-snippet":"max-snippet:-1","max-image-preview":"max-image-preview:large","max-video-preview":"max-video-preview:-1"},"canonical":"https:\/\/www.lichen.pl\/es\/basilica-sonans-zaproszenie-na-ii-miedzynarodowy-lichenski-festiwal-organowy\/","og_locale":"es_ES","og_type":"article","og_title":"Basilica Sonans - Zaproszenie na II Mi\u0119dzynarodowy Liche\u0144ski Festiwal Organowy - SANKTUARIUM W LICHENIU","og_description":"Koncert \u201eMuzyka i S\u0142owo\u201d w wykonaniu prof. dr. hab. Andrzeja Chorosi\u0144skiego otworzy w niedziel\u0119 5 lipca II Mi\u0119dzynarodowy Liche\u0144ski Festiwal Organowy \u201eBasilica sonans\u201d. Festiwalowe koncerty odbywa\u0107 si\u0119 b\u0119d\u0105 w ka\u017cd\u0105 niedziel\u0119 o godz. 14.30, do 30 sierpnia br. Sanktuarium Matki Bo\u017cej Liche\u0144skiej ju\u017c po raz drugi w ramach Festiwalu \u201eBasilica sonans\u201d go\u015bci\u0107 b\u0119dzie wybitnych europejskich [&hellip;]","og_url":"https:\/\/www.lichen.pl\/es\/basilica-sonans-zaproszenie-na-ii-miedzynarodowy-lichenski-festiwal-organowy\/","og_site_name":"SANKTUARIUM W LICHENIU","article_published_time":"2020-06-30T07:21:53+00:00","article_modified_time":"2021-06-17T10:29:18+00:00","og_image":[{"width":1885,"height":1333,"url":"https:\/\/www.lichen.pl\/wp-content\/uploads\/2020\/08\/II-Mi\u0119dzynarodowy-Festiwal-organowy-A3-poziom-1-Copy.jpg","type":"image\/jpeg"}],"author":"Arkadiusz Gorgolewski","twitter_card":"summary_large_image","twitter_misc":{"Escrito por":"Arkadiusz Gorgolewski","Tiempo de lectura":"2 minutos"},"schema":{"@context":"https:\/\/schema.org","@graph":[{"@type":"Article","@id":"https:\/\/www.lichen.pl\/de\/basilica-sonans-zaproszenie-na-ii-miedzynarodowy-lichenski-festiwal-organowy\/#article","isPartOf":{"@id":"https:\/\/www.lichen.pl\/de\/basilica-sonans-zaproszenie-na-ii-miedzynarodowy-lichenski-festiwal-organowy\/"},"author":{"name":"Arkadiusz Gorgolewski","@id":"https:\/\/www.lichen.pl\/fr\/#\/schema\/person\/56fc5b38d70a2b34983408f9a457fd9d"},"headline":"Basilica Sonans &#8211; Zaproszenie na II Mi\u0119dzynarodowy Liche\u0144ski Festiwal Organowy","datePublished":"2020-06-30T07:21:53+00:00","dateModified":"2021-06-17T10:29:18+00:00","mainEntityOfPage":{"@id":"https:\/\/www.lichen.pl\/de\/basilica-sonans-zaproszenie-na-ii-miedzynarodowy-lichenski-festiwal-organowy\/"},"wordCount":413,"commentCount":0,"image":{"@id":"https:\/\/www.lichen.pl\/de\/basilica-sonans-zaproszenie-na-ii-miedzynarodowy-lichenski-festiwal-organowy\/#primaryimage"},"thumbnailUrl":"https:\/\/www.lichen.pl\/wp-content\/uploads\/2020\/08\/II-Mi\u0119dzynarodowy-Festiwal-organowy-A3-poziom-1-Copy.jpg","articleSection":["Aktualno\u015bci"],"inLanguage":"es","potentialAction":[{"@type":"CommentAction","name":"Comment","target":["https:\/\/www.lichen.pl\/de\/basilica-sonans-zaproszenie-na-ii-miedzynarodowy-lichenski-festiwal-organowy\/#respond"]}]},{"@type":"WebPage","@id":"https:\/\/www.lichen.pl\/de\/basilica-sonans-zaproszenie-na-ii-miedzynarodowy-lichenski-festiwal-organowy\/","url":"https:\/\/www.lichen.pl\/de\/basilica-sonans-zaproszenie-na-ii-miedzynarodowy-lichenski-festiwal-organowy\/","name":"Basilica Sonans - Zaproszenie na II Mi\u0119dzynarodowy Liche\u0144ski Festiwal Organowy - SANKTUARIUM W LICHENIU","isPartOf":{"@id":"https:\/\/www.lichen.pl\/fr\/#website"},"primaryImageOfPage":{"@id":"https:\/\/www.lichen.pl\/de\/basilica-sonans-zaproszenie-na-ii-miedzynarodowy-lichenski-festiwal-organowy\/#primaryimage"},"image":{"@id":"https:\/\/www.lichen.pl\/de\/basilica-sonans-zaproszenie-na-ii-miedzynarodowy-lichenski-festiwal-organowy\/#primaryimage"},"thumbnailUrl":"https:\/\/www.lichen.pl\/wp-content\/uploads\/2020\/08\/II-Mi\u0119dzynarodowy-Festiwal-organowy-A3-poziom-1-Copy.jpg","datePublished":"2020-06-30T07:21:53+00:00","dateModified":"2021-06-17T10:29:18+00:00","author":{"@id":"https:\/\/www.lichen.pl\/fr\/#\/schema\/person\/56fc5b38d70a2b34983408f9a457fd9d"},"breadcrumb":{"@id":"https:\/\/www.lichen.pl\/de\/basilica-sonans-zaproszenie-na-ii-miedzynarodowy-lichenski-festiwal-organowy\/#breadcrumb"},"inLanguage":"es","potentialAction":[{"@type":"ReadAction","target":["https:\/\/www.lichen.pl\/de\/basilica-sonans-zaproszenie-na-ii-miedzynarodowy-lichenski-festiwal-organowy\/"]}]},{"@type":"ImageObject","inLanguage":"es","@id":"https:\/\/www.lichen.pl\/de\/basilica-sonans-zaproszenie-na-ii-miedzynarodowy-lichenski-festiwal-organowy\/#primaryimage","url":"https:\/\/www.lichen.pl\/wp-content\/uploads\/2020\/08\/II-Mi\u0119dzynarodowy-Festiwal-organowy-A3-poziom-1-Copy.jpg","contentUrl":"https:\/\/www.lichen.pl\/wp-content\/uploads\/2020\/08\/II-Mi\u0119dzynarodowy-Festiwal-organowy-A3-poziom-1-Copy.jpg","width":1885,"height":1333},{"@type":"BreadcrumbList","@id":"https:\/\/www.lichen.pl\/de\/basilica-sonans-zaproszenie-na-ii-miedzynarodowy-lichenski-festiwal-organowy\/#breadcrumb","itemListElement":[{"@type":"ListItem","position":1,"name":"Strona g\u0142\u00f3wna","item":"https:\/\/www.lichen.pl\/"},{"@type":"ListItem","position":2,"name":"Basilica Sonans &#8211; Zaproszenie na II Mi\u0119dzynarodowy Liche\u0144ski Festiwal Organowy"}]},{"@type":"WebSite","@id":"https:\/\/www.lichen.pl\/fr\/#website","url":"https:\/\/www.lichen.pl\/fr\/","name":"SANTUARIO EN LICHENIA","description":"LA DOLOROSA REINA DE POLONIA DE NUESTRO LICHEN","potentialAction":[{"@type":"SearchAction","target":{"@type":"EntryPoint","urlTemplate":"https:\/\/www.lichen.pl\/fr\/?s={search_term_string}"},"query-input":{"@type":"PropertyValueSpecification","valueRequired":true,"valueName":"search_term_string"}}],"inLanguage":"es"},{"@type":"Person","@id":"https:\/\/www.lichen.pl\/fr\/#\/schema\/person\/56fc5b38d70a2b34983408f9a457fd9d","name":"Arkadiusz Gorgolewski","image":{"@type":"ImageObject","inLanguage":"es","@id":"https:\/\/secure.gravatar.com\/avatar\/0f571b370f5aa245b1fd3b9c945511b004fe17579bdefd5054d99f0ba315149c?s=96&d=retro&r=g","url":"https:\/\/secure.gravatar.com\/avatar\/0f571b370f5aa245b1fd3b9c945511b004fe17579bdefd5054d99f0ba315149c?s=96&d=retro&r=g","contentUrl":"https:\/\/secure.gravatar.com\/avatar\/0f571b370f5aa245b1fd3b9c945511b004fe17579bdefd5054d99f0ba315149c?s=96&d=retro&r=g","caption":"Arkadiusz Gorgolewski"},"url":"https:\/\/www.lichen.pl\/es\/author\/sanadmin\/"}]}},"_links":{"self":[{"href":"https:\/\/www.lichen.pl\/es\/wp-json\/wp\/v2\/posts\/2238","targetHints":{"allow":["GET"]}}],"collection":[{"href":"https:\/\/www.lichen.pl\/es\/wp-json\/wp\/v2\/posts"}],"about":[{"href":"https:\/\/www.lichen.pl\/es\/wp-json\/wp\/v2\/types\/post"}],"author":[{"embeddable":true,"href":"https:\/\/www.lichen.pl\/es\/wp-json\/wp\/v2\/users\/2"}],"replies":[{"embeddable":true,"href":"https:\/\/www.lichen.pl\/es\/wp-json\/wp\/v2\/comments?post=2238"}],"version-history":[{"count":7,"href":"https:\/\/www.lichen.pl\/es\/wp-json\/wp\/v2\/posts\/2238\/revisions"}],"predecessor-version":[{"id":14299,"href":"https:\/\/www.lichen.pl\/es\/wp-json\/wp\/v2\/posts\/2238\/revisions\/14299"}],"wp:featuredmedia":[{"embeddable":true,"href":"https:\/\/www.lichen.pl\/es\/wp-json\/wp\/v2\/media\/2239"}],"wp:attachment":[{"href":"https:\/\/www.lichen.pl\/es\/wp-json\/wp\/v2\/media?parent=2238"}],"wp:term":[{"taxonomy":"category","embeddable":true,"href":"https:\/\/www.lichen.pl\/es\/wp-json\/wp\/v2\/categories?post=2238"},{"taxonomy":"post_tag","embeddable":true,"href":"https:\/\/www.lichen.pl\/es\/wp-json\/wp\/v2\/tags?post=2238"}],"curies":[{"name":"wp","href":"https:\/\/api.w.org\/{rel}","templated":true}]}}