{"id":2535,"date":"2021-01-03T16:30:56","date_gmt":"2021-01-03T16:30:56","guid":{"rendered":"http:\/\/www.lichen.pl\/basilica-sonans-zaproszenie-na-ii-miedzynarodowy-lichenski-festiwal-organowy-copy-2\/"},"modified":"2021-06-20T12:22:52","modified_gmt":"2021-06-20T12:22:52","slug":"ks-rafal-krauze-mic-nowym-proboszczem","status":"publish","type":"post","link":"https:\/\/www.lichen.pl\/es\/ks-rafal-krauze-mic-nowym-proboszczem\/","title":{"rendered":"Padre Rafa\u0142 Krauze, MIC, el nuevo p\u00e1rroco de la parroquia de S t. Dorothy en Liche\u0144 Stary"},"content":{"rendered":"<div data-elementor-type=\"wp-post\" data-elementor-id=\"2535\" class=\"elementor elementor-2535\" data-elementor-post-type=\"post\">\n\t\t\t\t\t\t<section class=\"elementor-section elementor-top-section elementor-element elementor-element-dcc57a2 elementor-section-boxed elementor-section-height-default elementor-section-height-default\" data-id=\"dcc57a2\" data-element_type=\"section\" data-e-type=\"section\">\n\t\t\t\t\t\t<div class=\"elementor-container elementor-column-gap-default\">\n\t\t\t\t\t<div class=\"elementor-column elementor-col-100 elementor-top-column elementor-element elementor-element-1e909ff1\" data-id=\"1e909ff1\" data-element_type=\"column\" data-e-type=\"column\">\n\t\t\t<div class=\"elementor-widget-wrap elementor-element-populated\">\n\t\t\t\t\t\t<div class=\"elementor-element elementor-element-132757e elementor-widget elementor-widget-heading\" data-id=\"132757e\" data-element_type=\"widget\" data-e-type=\"widget\" data-widget_type=\"heading.default\">\n\t\t\t\t<div class=\"elementor-widget-container\">\n\t\t\t\t\t<h2 class=\"elementor-heading-title elementor-size-default\">El 01\/01\/2021, por decreto del obispo de W\u0142oc\u0142awek del 31\/12\/2020, el p. Rafa\u0142 Krauze, MIC, es el p\u00e1rroco de la parroquia en Liche\u0144 Stary<\/h2>\t\t\t\t<\/div>\n\t\t\t\t<\/div>\n\t\t\t\t<section class=\"elementor-section elementor-inner-section elementor-element elementor-element-bf2c9aa elementor-section-boxed elementor-section-height-default elementor-section-height-default\" data-id=\"bf2c9aa\" data-element_type=\"section\" data-e-type=\"section\">\n\t\t\t\t\t\t<div class=\"elementor-container elementor-column-gap-default\">\n\t\t\t\t\t<div class=\"elementor-column elementor-col-50 elementor-inner-column elementor-element elementor-element-9f2be06\" data-id=\"9f2be06\" data-element_type=\"column\" data-e-type=\"column\">\n\t\t\t<div class=\"elementor-widget-wrap elementor-element-populated\">\n\t\t\t\t\t\t<div class=\"elementor-element elementor-element-0a65523 elementor-widget elementor-widget-image\" data-id=\"0a65523\" data-element_type=\"widget\" data-e-type=\"widget\" data-widget_type=\"image.default\">\n\t\t\t\t<div class=\"elementor-widget-container\">\n\t\t\t\t\t\t\t\t\t\t\t\t<figure class=\"wp-caption\">\n\t\t\t\t\t\t\t\t\t\t<img fetchpriority=\"high\" decoding=\"async\" width=\"1024\" height=\"683\" src=\"https:\/\/www.lichen.pl\/wp-content\/uploads\/2021\/02\/IMG_6079-1024x683.jpg\" class=\"attachment-large size-large wp-image-2599\" alt=\"\" srcset=\"https:\/\/www.lichen.pl\/wp-content\/uploads\/2021\/02\/IMG_6079-1024x683.jpg 1024w, https:\/\/www.lichen.pl\/wp-content\/uploads\/2021\/02\/IMG_6079-scaled-800x533.jpg 800w, https:\/\/www.lichen.pl\/wp-content\/uploads\/2021\/02\/IMG_6079-300x200.jpg 300w, https:\/\/www.lichen.pl\/wp-content\/uploads\/2021\/02\/IMG_6079-768x512.jpg 768w, https:\/\/www.lichen.pl\/wp-content\/uploads\/2021\/02\/IMG_6079-1536x1024.jpg 1536w, https:\/\/www.lichen.pl\/wp-content\/uploads\/2021\/02\/IMG_6079-2048x1365.jpg 2048w, https:\/\/www.lichen.pl\/wp-content\/uploads\/2021\/02\/IMG_6079-scaled.jpg 1920w\" sizes=\"(max-width: 1024px) 100vw, 1024px\" \/>\t\t\t\t\t\t\t\t\t\t\t<figcaption class=\"widget-image-caption wp-caption-text\">P. Rafa\u0142 Krauze, MIC<\/figcaption>\n\t\t\t\t\t\t\t\t\t\t<\/figure>\n\t\t\t\t\t\t\t\t\t<\/div>\n\t\t\t\t<\/div>\n\t\t\t\t\t<\/div>\n\t\t<\/div>\n\t\t\t\t<div class=\"elementor-column elementor-col-50 elementor-inner-column elementor-element elementor-element-e546498\" data-id=\"e546498\" data-element_type=\"column\" data-e-type=\"column\">\n\t\t\t<div class=\"elementor-widget-wrap elementor-element-populated\">\n\t\t\t\t\t\t<div class=\"elementor-element elementor-element-8c3bd8b elementor-widget elementor-widget-text-editor\" data-id=\"8c3bd8b\" data-element_type=\"widget\" data-e-type=\"widget\" data-widget_type=\"text-editor.default\">\n\t\t\t\t<div class=\"elementor-widget-container\">\n\t\t\t\t\t\t\t\t\t<p>El rito de instalaci\u00f3n de un nuevo p\u00e1rroco en el cargo se llev\u00f3 a cabo el domingo 3 de enero durante la Santa Misa. en. 10.30 en la iglesia parroquial de S t. Dorothy. En nombre del obispo de W\u0142oc\u0142awek, Wies\u0142aw Mering, el cargo de p\u00e1rroco de la parroquia de Liche\u0144 fue presentado por el p. S\u0142awomir Kasprzak, p\u00e1rroco de la parroquia de S t. Stanis\u0142awa BM en Kramsk, decano del segundo decanato de Konin. Los sacerdotes marianos de la casa religiosa de Liche\u0144 estuvieron representados por el P. Bogus\u0142aw Binda, MIC, superior de la comunidad. La Eucarist\u00eda tambi\u00e9n fue concelebrada por el P. Marek Kordaszewski, MIC, vicario parroquial.<\/p>\t\t\t\t\t\t\t\t<\/div>\n\t\t\t\t<\/div>\n\t\t\t\t\t<\/div>\n\t\t<\/div>\n\t\t\t\t\t<\/div>\n\t\t<\/section>\n\t\t\t\t<div class=\"elementor-element elementor-element-256fd994 elementor-widget elementor-widget-text-editor\" data-id=\"256fd994\" data-element_type=\"widget\" data-e-type=\"widget\" data-widget_type=\"text-editor.default\">\n\t\t\t\t<div class=\"elementor-widget-container\">\n\t\t\t\t\t\t\t\t\t<p>Al comienzo de la misa, tras la entrada procesional al templo, el nuevo p\u00e1rroco fue recibido por representantes del consejo parroquial. En nombre del obispo ordinario, el nuevo p\u00e1rroco recibi\u00f3 las llaves de la iglesia parroquial de manos del P. S\u0142awomir Kasprzak.<br \/>En la homil\u00eda, el decano dijo, entre otras cosas, sobre la dif\u00edcil situaci\u00f3n en la que se encuentra el P. Rafa\u0142 tuvo que tomar una nueva posici\u00f3n. Se refiri\u00f3 as\u00ed a la muerte prematura del anterior p\u00e1rroco de la parroquia de Liche\u0144, el difunto Padre Henryk Kulik, MIC. -<em>\u201cAunque el oficio de p\u00e1rroco es una alegr\u00eda, nuestros corazones est\u00e1n de luto por el p\u00e1rroco anterior. Tal toma de posesi\u00f3n de la parroquia no es f\u00e1cil, especialmente despu\u00e9s de la persona que se preocupa por la parroquia, para cada feligr\u00e9s. Por eso nos cuesta ser tan humanamente felices. Pero la sabidur\u00eda de Dios no es humana. Para verlo y entenderlo hay que tener mucha humildad y aprender del mismo Jes\u00fas, y no es f\u00e1cil\u201d<\/em>.<\/p><p>Concluyendo sus consideraciones, el P. Kasprzak se dirigi\u00f3 al nuevo p\u00e1rroco con palabras de aliento y aliento en el contexto de su nuevo cargo. - <em>\u201cDeseo que ejerzas tu sacerdocio de tal manera que tus feligreses, escuchando tu voz, sigan al Salvador\u201d<\/em>.<\/p><p>Despu\u00e9s de la homil\u00eda del P. Rafa\u0142 Krauze, MIC, en presencia del Decano y de la comunidad de fieles de su parroquia, hizo profesi\u00f3n de fe de acuerdo con las exigencias del derecho can\u00f3nico (canon 833 del PCC). Despu\u00e9s de la comuni\u00f3n, el nuevo p\u00e1rroco, poniendo su mano derecha sobre el Libro del Evangelio, hizo un juramento de fidelidad, en el que los fieles escucharon, entre otras cosas, que el nuevo p\u00e1rroco <strong>con la mayor diligencia y fidelidad cumplir\u00e1 los deberes que le han sido encomendados para con la Iglesia, tanto universal como particular, a la que fue llamado a servir, cumplida conforme a las disposiciones del derecho<\/strong>.<\/p><p>Antes del final de la Misa, Padre Krauze tambi\u00e9n recibi\u00f3 una estola morada de los feligreses, la cual es usada habitualmente por el sacerdote durante su servicio en el confesionario.<\/p><p>Liquen Stary, 3 de enero de 2021<\/p>\t\t\t\t\t\t\t\t<\/div>\n\t\t\t\t<\/div>\n\t\t\t\t<div class=\"elementor-element elementor-element-12eb3fe elementor-widget elementor-widget-text-editor\" data-id=\"12eb3fe\" data-element_type=\"widget\" data-e-type=\"widget\" data-widget_type=\"text-editor.default\">\n\t\t\t\t<div class=\"elementor-widget-container\">\n\t\t\t\t\t\t\t\t\t<p style=\"text-align: left;\">Texto: Robert Adamczyk, Oficina de prensa de Sanctuary<\/p>\t\t\t\t\t\t\t\t<\/div>\n\t\t\t\t<\/div>\n\t\t\t\t<div class=\"elementor-element elementor-element-e7c737f elementor-widget-divider--view-line elementor-widget elementor-widget-divider\" data-id=\"e7c737f\" data-element_type=\"widget\" data-e-type=\"widget\" data-widget_type=\"divider.default\">\n\t\t\t\t<div class=\"elementor-widget-container\">\n\t\t\t\t\t\t\t<div class=\"elementor-divider\">\n\t\t\t<span class=\"elementor-divider-separator\">\n\t\t\t\t\t\t<\/span>\n\t\t<\/div>\n\t\t\t\t\t\t<\/div>\n\t\t\t\t<\/div>\n\t\t\t\t<div class=\"elementor-element elementor-element-9db6ef3 elementor-widget elementor-widget-gallery\" data-id=\"9db6ef3\" data-element_type=\"widget\" data-e-type=\"widget\" data-settings=\"{&quot;columns&quot;:5,&quot;lazyload&quot;:&quot;yes&quot;,&quot;gallery_layout&quot;:&quot;grid&quot;,&quot;columns_tablet&quot;:2,&quot;columns_mobile&quot;:1,&quot;gap&quot;:{&quot;unit&quot;:&quot;px&quot;,&quot;size&quot;:10,&quot;sizes&quot;:[]},&quot;gap_tablet&quot;:{&quot;unit&quot;:&quot;px&quot;,&quot;size&quot;:10,&quot;sizes&quot;:[]},&quot;gap_mobile&quot;:{&quot;unit&quot;:&quot;px&quot;,&quot;size&quot;:10,&quot;sizes&quot;:[]},&quot;link_to&quot;:&quot;file&quot;,&quot;aspect_ratio&quot;:&quot;3:2&quot;,&quot;overlay_background&quot;:&quot;yes&quot;,&quot;content_hover_animation&quot;:&quot;fade-in&quot;}\" data-widget_type=\"gallery.default\">\n\t\t\t\t<div class=\"elementor-widget-container\">\n\t\t\t\t\t\t\t<div class=\"elementor-gallery__container\">\n\t\t\t\t\t\t\t<a class=\"e-gallery-item elementor-gallery-item elementor-animated-content\" href=\"https:\/\/www.lichen.pl\/wp-content\/uploads\/2021\/02\/IMG_5993.jpg\" data-elementor-open-lightbox=\"yes\" data-elementor-lightbox-slideshow=\"9db6ef3\" data-elementor-lightbox-title=\"IMG_5993\" data-e-action-hash=\"#elementor-action%3Aaction%3Dlightbox%26settings%3DeyJpZCI6MjU0MywidXJsIjoiaHR0cHM6XC9cL3d3dy5saWNoZW4ucGxcL3dwLWNvbnRlbnRcL3VwbG9hZHNcLzIwMjFcLzAyXC9JTUdfNTk5My5qcGciLCJzbGlkZXNob3ciOiI5ZGI2ZWYzIn0%3D\">\n\t\t\t\t\t<div class=\"e-gallery-image elementor-gallery-item__image\" data-thumbnail=\"https:\/\/www.lichen.pl\/wp-content\/uploads\/2021\/02\/IMG_5993.jpg\" data-width=\"1152\" data-height=\"768\" aria-label=\"\" role=\"img\" ><\/div>\n\t\t\t\t\t\t\t\t\t\t\t<div class=\"elementor-gallery-item__overlay\"><\/div>\n\t\t\t\t\t\t\t\t\t\t\t\t\t\t<\/a>\n\t\t\t\t\t\t\t<a class=\"e-gallery-item elementor-gallery-item elementor-animated-content\" href=\"https:\/\/www.lichen.pl\/wp-content\/uploads\/2021\/02\/IMG_5995.jpg\" data-elementor-open-lightbox=\"yes\" data-elementor-lightbox-slideshow=\"9db6ef3\" data-elementor-lightbox-title=\"IMG_5995\" data-e-action-hash=\"#elementor-action%3Aaction%3Dlightbox%26settings%3DeyJpZCI6MjU0OCwidXJsIjoiaHR0cHM6XC9cL3d3dy5saWNoZW4ucGxcL3dwLWNvbnRlbnRcL3VwbG9hZHNcLzIwMjFcLzAyXC9JTUdfNTk5NS5qcGciLCJzbGlkZXNob3ciOiI5ZGI2ZWYzIn0%3D\">\n\t\t\t\t\t<div class=\"e-gallery-image elementor-gallery-item__image\" data-thumbnail=\"https:\/\/www.lichen.pl\/wp-content\/uploads\/2021\/02\/IMG_5995.jpg\" data-width=\"1152\" data-height=\"768\" aria-label=\"\" role=\"img\" ><\/div>\n\t\t\t\t\t\t\t\t\t\t\t<div class=\"elementor-gallery-item__overlay\"><\/div>\n\t\t\t\t\t\t\t\t\t\t\t\t\t\t<\/a>\n\t\t\t\t\t\t\t<a class=\"e-gallery-item elementor-gallery-item elementor-animated-content\" href=\"https:\/\/www.lichen.pl\/wp-content\/uploads\/2021\/02\/IMG_5999.jpg\" data-elementor-open-lightbox=\"yes\" data-elementor-lightbox-slideshow=\"9db6ef3\" data-elementor-lightbox-title=\"IMG_5999\" data-e-action-hash=\"#elementor-action%3Aaction%3Dlightbox%26settings%3DeyJpZCI6MjU1OCwidXJsIjoiaHR0cHM6XC9cL3d3dy5saWNoZW4ucGxcL3dwLWNvbnRlbnRcL3VwbG9hZHNcLzIwMjFcLzAyXC9JTUdfNTk5OS5qcGciLCJzbGlkZXNob3ciOiI5ZGI2ZWYzIn0%3D\">\n\t\t\t\t\t<div class=\"e-gallery-image elementor-gallery-item__image\" data-thumbnail=\"https:\/\/www.lichen.pl\/wp-content\/uploads\/2021\/02\/IMG_5999.jpg\" data-width=\"1152\" data-height=\"768\" aria-label=\"\" role=\"img\" ><\/div>\n\t\t\t\t\t\t\t\t\t\t\t<div class=\"elementor-gallery-item__overlay\"><\/div>\n\t\t\t\t\t\t\t\t\t\t\t\t\t\t<\/a>\n\t\t\t\t\t\t\t<a class=\"e-gallery-item elementor-gallery-item elementor-animated-content\" href=\"https:\/\/www.lichen.pl\/wp-content\/uploads\/2021\/02\/IMG_6010.jpg\" data-elementor-open-lightbox=\"yes\" data-elementor-lightbox-slideshow=\"9db6ef3\" data-elementor-lightbox-title=\"IMG_6010\" data-e-action-hash=\"#elementor-action%3Aaction%3Dlightbox%26settings%3DeyJpZCI6MjU2OCwidXJsIjoiaHR0cHM6XC9cL3d3dy5saWNoZW4ucGxcL3dwLWNvbnRlbnRcL3VwbG9hZHNcLzIwMjFcLzAyXC9JTUdfNjAxMC5qcGciLCJzbGlkZXNob3ciOiI5ZGI2ZWYzIn0%3D\">\n\t\t\t\t\t<div class=\"e-gallery-image elementor-gallery-item__image\" data-thumbnail=\"https:\/\/www.lichen.pl\/wp-content\/uploads\/2021\/02\/IMG_6010.jpg\" data-width=\"1152\" data-height=\"768\" aria-label=\"\" role=\"img\" ><\/div>\n\t\t\t\t\t\t\t\t\t\t\t<div class=\"elementor-gallery-item__overlay\"><\/div>\n\t\t\t\t\t\t\t\t\t\t\t\t\t\t<\/a>\n\t\t\t\t\t\t\t<a class=\"e-gallery-item elementor-gallery-item elementor-animated-content\" href=\"https:\/\/www.lichen.pl\/wp-content\/uploads\/2021\/02\/IMG_6021.jpg\" data-elementor-open-lightbox=\"yes\" data-elementor-lightbox-slideshow=\"9db6ef3\" data-elementor-lightbox-title=\"IMG_6021\" data-e-action-hash=\"#elementor-action%3Aaction%3Dlightbox%26settings%3DeyJpZCI6MjU3MywidXJsIjoiaHR0cHM6XC9cL3d3dy5saWNoZW4ucGxcL3dwLWNvbnRlbnRcL3VwbG9hZHNcLzIwMjFcLzAyXC9JTUdfNjAyMS5qcGciLCJzbGlkZXNob3ciOiI5ZGI2ZWYzIn0%3D\">\n\t\t\t\t\t<div class=\"e-gallery-image elementor-gallery-item__image\" data-thumbnail=\"https:\/\/www.lichen.pl\/wp-content\/uploads\/2021\/02\/IMG_6021.jpg\" data-width=\"768\" data-height=\"1152\" aria-label=\"\" role=\"img\" ><\/div>\n\t\t\t\t\t\t\t\t\t\t\t<div class=\"elementor-gallery-item__overlay\"><\/div>\n\t\t\t\t\t\t\t\t\t\t\t\t\t\t<\/a>\n\t\t\t\t\t\t\t<a class=\"e-gallery-item elementor-gallery-item elementor-animated-content\" href=\"https:\/\/www.lichen.pl\/wp-content\/uploads\/2021\/02\/IMG_6026.jpg\" data-elementor-open-lightbox=\"yes\" data-elementor-lightbox-slideshow=\"9db6ef3\" data-elementor-lightbox-title=\"IMG_6026\" data-e-action-hash=\"#elementor-action%3Aaction%3Dlightbox%26settings%3DeyJpZCI6MjU3OCwidXJsIjoiaHR0cHM6XC9cL3d3dy5saWNoZW4ucGxcL3dwLWNvbnRlbnRcL3VwbG9hZHNcLzIwMjFcLzAyXC9JTUdfNjAyNi5qcGciLCJzbGlkZXNob3ciOiI5ZGI2ZWYzIn0%3D\">\n\t\t\t\t\t<div class=\"e-gallery-image elementor-gallery-item__image\" data-thumbnail=\"https:\/\/www.lichen.pl\/wp-content\/uploads\/2021\/02\/IMG_6026.jpg\" data-width=\"1152\" data-height=\"768\" aria-label=\"\" role=\"img\" ><\/div>\n\t\t\t\t\t\t\t\t\t\t\t<div class=\"elementor-gallery-item__overlay\"><\/div>\n\t\t\t\t\t\t\t\t\t\t\t\t\t\t<\/a>\n\t\t\t\t\t\t\t<a class=\"e-gallery-item elementor-gallery-item elementor-animated-content\" href=\"https:\/\/www.lichen.pl\/wp-content\/uploads\/2021\/02\/IMG_6059.jpg\" data-elementor-open-lightbox=\"yes\" data-elementor-lightbox-slideshow=\"9db6ef3\" data-elementor-lightbox-title=\"IMG_6059\" data-e-action-hash=\"#elementor-action%3Aaction%3Dlightbox%26settings%3DeyJpZCI6MjU4OSwidXJsIjoiaHR0cHM6XC9cL3d3dy5saWNoZW4ucGxcL3dwLWNvbnRlbnRcL3VwbG9hZHNcLzIwMjFcLzAyXC9JTUdfNjA1OS5qcGciLCJzbGlkZXNob3ciOiI5ZGI2ZWYzIn0%3D\">\n\t\t\t\t\t<div class=\"e-gallery-image elementor-gallery-item__image\" data-thumbnail=\"https:\/\/www.lichen.pl\/wp-content\/uploads\/2021\/02\/IMG_6059.jpg\" data-width=\"1152\" data-height=\"768\" aria-label=\"\" role=\"img\" ><\/div>\n\t\t\t\t\t\t\t\t\t\t\t<div class=\"elementor-gallery-item__overlay\"><\/div>\n\t\t\t\t\t\t\t\t\t\t\t\t\t\t<\/a>\n\t\t\t\t\t\t\t<a class=\"e-gallery-item elementor-gallery-item elementor-animated-content\" href=\"https:\/\/www.lichen.pl\/wp-content\/uploads\/2021\/02\/IMG_6079-scaled.jpg\" data-elementor-open-lightbox=\"yes\" data-elementor-lightbox-slideshow=\"9db6ef3\" data-elementor-lightbox-title=\"IMG_6079\" data-e-action-hash=\"#elementor-action%3Aaction%3Dlightbox%26settings%3DeyJpZCI6MjU5OSwidXJsIjoiaHR0cHM6XC9cL3d3dy5saWNoZW4ucGxcL3dwLWNvbnRlbnRcL3VwbG9hZHNcLzIwMjFcLzAyXC9JTUdfNjA3OS1zY2FsZWQuanBnIiwic2xpZGVzaG93IjoiOWRiNmVmMyJ9\">\n\t\t\t\t\t<div class=\"e-gallery-image elementor-gallery-item__image\" data-thumbnail=\"https:\/\/www.lichen.pl\/wp-content\/uploads\/2021\/02\/IMG_6079-scaled.jpg\" data-width=\"1920\" data-height=\"1280\" aria-label=\"\" role=\"img\" ><\/div>\n\t\t\t\t\t\t\t\t\t\t\t<div class=\"elementor-gallery-item__overlay\"><\/div>\n\t\t\t\t\t\t\t\t\t\t\t\t\t\t<\/a>\n\t\t\t\t\t\t\t<a class=\"e-gallery-item elementor-gallery-item elementor-animated-content\" href=\"https:\/\/www.lichen.pl\/wp-content\/uploads\/2021\/02\/IMG_6085.jpg\" data-elementor-open-lightbox=\"yes\" data-elementor-lightbox-slideshow=\"9db6ef3\" data-elementor-lightbox-title=\"IMG_6085\" data-e-action-hash=\"#elementor-action%3Aaction%3Dlightbox%26settings%3DeyJpZCI6MjYwNCwidXJsIjoiaHR0cHM6XC9cL3d3dy5saWNoZW4ucGxcL3dwLWNvbnRlbnRcL3VwbG9hZHNcLzIwMjFcLzAyXC9JTUdfNjA4NS5qcGciLCJzbGlkZXNob3ciOiI5ZGI2ZWYzIn0%3D\">\n\t\t\t\t\t<div class=\"e-gallery-image elementor-gallery-item__image\" data-thumbnail=\"https:\/\/www.lichen.pl\/wp-content\/uploads\/2021\/02\/IMG_6085.jpg\" data-width=\"768\" data-height=\"1152\" aria-label=\"\" role=\"img\" ><\/div>\n\t\t\t\t\t\t\t\t\t\t\t<div class=\"elementor-gallery-item__overlay\"><\/div>\n\t\t\t\t\t\t\t\t\t\t\t\t\t\t<\/a>\n\t\t\t\t\t\t\t<a class=\"e-gallery-item elementor-gallery-item elementor-animated-content\" href=\"https:\/\/www.lichen.pl\/wp-content\/uploads\/2021\/02\/IMG_6096.jpg\" data-elementor-open-lightbox=\"yes\" data-elementor-lightbox-slideshow=\"9db6ef3\" data-elementor-lightbox-title=\"IMG_6096\" data-e-action-hash=\"#elementor-action%3Aaction%3Dlightbox%26settings%3DeyJpZCI6MjYwOSwidXJsIjoiaHR0cHM6XC9cL3d3dy5saWNoZW4ucGxcL3dwLWNvbnRlbnRcL3VwbG9hZHNcLzIwMjFcLzAyXC9JTUdfNjA5Ni5qcGciLCJzbGlkZXNob3ciOiI5ZGI2ZWYzIn0%3D\">\n\t\t\t\t\t<div class=\"e-gallery-image elementor-gallery-item__image\" data-thumbnail=\"https:\/\/www.lichen.pl\/wp-content\/uploads\/2021\/02\/IMG_6096.jpg\" data-width=\"1152\" data-height=\"768\" aria-label=\"\" role=\"img\" ><\/div>\n\t\t\t\t\t\t\t\t\t\t\t<div class=\"elementor-gallery-item__overlay\"><\/div>\n\t\t\t\t\t\t\t\t\t\t\t\t\t\t<\/a>\n\t\t\t\t\t<\/div>\n\t\t\t\t\t<\/div>\n\t\t\t\t<\/div>\n\t\t\t\t<div class=\"elementor-element elementor-element-54f7881 elementor-widget-divider--view-line elementor-widget elementor-widget-divider\" data-id=\"54f7881\" data-element_type=\"widget\" data-e-type=\"widget\" data-widget_type=\"divider.default\">\n\t\t\t\t<div class=\"elementor-widget-container\">\n\t\t\t\t\t\t\t<div class=\"elementor-divider\">\n\t\t\t<span class=\"elementor-divider-separator\">\n\t\t\t\t\t\t<\/span>\n\t\t<\/div>\n\t\t\t\t\t\t<\/div>\n\t\t\t\t<\/div>\n\t\t\t\t\t<\/div>\n\t\t<\/div>\n\t\t\t\t\t<\/div>\n\t\t<\/section>\n\t\t\t\t<\/div>","protected":false},"excerpt":{"rendered":"<p>W dniu 01.01.2021 roku dekretem biskupa w\u0142oc\u0142awskiego z dnia 31.12.2020 r. ks. Rafa\u0142 Krauze MIC objemuje urz\u0105d proboszcza parafii w Licheniu Starym Ks. Rafa\u0142 Krauze MIC Obrz\u0119d instalacji nowego proboszcza na urz\u0105d mia\u0142 miejsce w niedziel\u0119, 3 stycznia, podczas Mszy \u015bw. o godz. 10.30 w ko\u015bciele parafialnym pw. \u015bw. Doroty. W imieniu biskupa w\u0142oc\u0142awskiego Wies\u0142awa [&hellip;]<\/p>\n","protected":false},"author":2,"featured_media":14573,"comment_status":"open","ping_status":"open","sticky":false,"template":"","format":"standard","meta":{"footnotes":""},"categories":[1],"tags":[],"class_list":["post-2535","post","type-post","status-publish","format-standard","has-post-thumbnail","hentry","category-aktualnosci","wpbf-post"],"yoast_head":"<!-- This site is optimized with the Yoast SEO plugin v27.4 - https:\/\/yoast.com\/product\/yoast-seo-wordpress\/ -->\n<title>Ks. Rafa\u0142 Krauze MIC nowym proboszczem parafii pw. \u015bw. Doroty w Licheniu Starym - SANKTUARIUM W LICHENIU<\/title>\n<meta name=\"robots\" content=\"index, follow, max-snippet:-1, max-image-preview:large, max-video-preview:-1\" \/>\n<link rel=\"canonical\" href=\"https:\/\/www.lichen.pl\/es\/ks-rafal-krauze-mic-nowym-proboszczem\/\" \/>\n<meta property=\"og:locale\" content=\"es_ES\" \/>\n<meta property=\"og:type\" content=\"article\" \/>\n<meta property=\"og:title\" content=\"Ks. Rafa\u0142 Krauze MIC nowym proboszczem parafii pw. \u015bw. Doroty w Licheniu Starym - SANKTUARIUM W LICHENIU\" \/>\n<meta property=\"og:description\" content=\"W dniu 01.01.2021 roku dekretem biskupa w\u0142oc\u0142awskiego z dnia 31.12.2020 r. ks. Rafa\u0142 Krauze MIC objemuje urz\u0105d proboszcza parafii w Licheniu Starym Ks. Rafa\u0142 Krauze MIC Obrz\u0119d instalacji nowego proboszcza na urz\u0105d mia\u0142 miejsce w niedziel\u0119, 3 stycznia, podczas Mszy \u015bw. o godz. 10.30 w ko\u015bciele parafialnym pw. \u015bw. Doroty. W imieniu biskupa w\u0142oc\u0142awskiego Wies\u0142awa [&hellip;]\" \/>\n<meta property=\"og:url\" content=\"https:\/\/www.lichen.pl\/es\/ks-rafal-krauze-mic-nowym-proboszczem\/\" \/>\n<meta property=\"og:site_name\" content=\"SANKTUARIUM W LICHENIU\" \/>\n<meta property=\"article:published_time\" content=\"2021-01-03T16:30:56+00:00\" \/>\n<meta property=\"article:modified_time\" content=\"2021-06-20T12:22:52+00:00\" \/>\n<meta property=\"og:image\" content=\"https:\/\/www.lichen.pl\/wp-content\/uploads\/2021\/02\/ks.-Rafal.jpg\" \/>\n\t<meta property=\"og:image:width\" content=\"784\" \/>\n\t<meta property=\"og:image:height\" content=\"370\" \/>\n\t<meta property=\"og:image:type\" content=\"image\/jpeg\" \/>\n<meta name=\"author\" content=\"Arkadiusz Gorgolewski\" \/>\n<meta name=\"twitter:card\" content=\"summary_large_image\" \/>\n<meta name=\"twitter:label1\" content=\"Escrito por\" \/>\n\t<meta name=\"twitter:data1\" content=\"Arkadiusz Gorgolewski\" \/>\n\t<meta name=\"twitter:label2\" content=\"Tiempo de lectura\" \/>\n\t<meta name=\"twitter:data2\" content=\"2 minutos\" \/>\n<script type=\"application\/ld+json\" class=\"yoast-schema-graph\">{\"@context\":\"https:\\\/\\\/schema.org\",\"@graph\":[{\"@type\":\"Article\",\"@id\":\"https:\\\/\\\/www.lichen.pl\\\/ks-rafal-krauze-mic-nowym-proboszczem\\\/#article\",\"isPartOf\":{\"@id\":\"https:\\\/\\\/www.lichen.pl\\\/ks-rafal-krauze-mic-nowym-proboszczem\\\/\"},\"author\":{\"name\":\"Arkadiusz Gorgolewski\",\"@id\":\"https:\\\/\\\/www.lichen.pl\\\/fr\\\/#\\\/schema\\\/person\\\/56fc5b38d70a2b34983408f9a457fd9d\"},\"headline\":\"Ks. Rafa\u0142 Krauze MIC nowym proboszczem parafii pw. \u015bw. Doroty w Licheniu Starym\",\"datePublished\":\"2021-01-03T16:30:56+00:00\",\"dateModified\":\"2021-06-20T12:22:52+00:00\",\"mainEntityOfPage\":{\"@id\":\"https:\\\/\\\/www.lichen.pl\\\/ks-rafal-krauze-mic-nowym-proboszczem\\\/\"},\"wordCount\":477,\"commentCount\":0,\"image\":{\"@id\":\"https:\\\/\\\/www.lichen.pl\\\/ks-rafal-krauze-mic-nowym-proboszczem\\\/#primaryimage\"},\"thumbnailUrl\":\"https:\\\/\\\/www.lichen.pl\\\/wp-content\\\/uploads\\\/2021\\\/02\\\/ks.-Rafal.jpg\",\"articleSection\":[\"Aktualno\u015bci\"],\"inLanguage\":\"es\",\"potentialAction\":[{\"@type\":\"CommentAction\",\"name\":\"Comment\",\"target\":[\"https:\\\/\\\/www.lichen.pl\\\/ks-rafal-krauze-mic-nowym-proboszczem\\\/#respond\"]}]},{\"@type\":\"WebPage\",\"@id\":\"https:\\\/\\\/www.lichen.pl\\\/ks-rafal-krauze-mic-nowym-proboszczem\\\/\",\"url\":\"https:\\\/\\\/www.lichen.pl\\\/ks-rafal-krauze-mic-nowym-proboszczem\\\/\",\"name\":\"Ks. Rafa\u0142 Krauze MIC nowym proboszczem parafii pw. \u015bw. Doroty w Licheniu Starym - SANKTUARIUM W LICHENIU\",\"isPartOf\":{\"@id\":\"https:\\\/\\\/www.lichen.pl\\\/fr\\\/#website\"},\"primaryImageOfPage\":{\"@id\":\"https:\\\/\\\/www.lichen.pl\\\/ks-rafal-krauze-mic-nowym-proboszczem\\\/#primaryimage\"},\"image\":{\"@id\":\"https:\\\/\\\/www.lichen.pl\\\/ks-rafal-krauze-mic-nowym-proboszczem\\\/#primaryimage\"},\"thumbnailUrl\":\"https:\\\/\\\/www.lichen.pl\\\/wp-content\\\/uploads\\\/2021\\\/02\\\/ks.-Rafal.jpg\",\"datePublished\":\"2021-01-03T16:30:56+00:00\",\"dateModified\":\"2021-06-20T12:22:52+00:00\",\"author\":{\"@id\":\"https:\\\/\\\/www.lichen.pl\\\/fr\\\/#\\\/schema\\\/person\\\/56fc5b38d70a2b34983408f9a457fd9d\"},\"breadcrumb\":{\"@id\":\"https:\\\/\\\/www.lichen.pl\\\/ks-rafal-krauze-mic-nowym-proboszczem\\\/#breadcrumb\"},\"inLanguage\":\"es\",\"potentialAction\":[{\"@type\":\"ReadAction\",\"target\":[\"https:\\\/\\\/www.lichen.pl\\\/ks-rafal-krauze-mic-nowym-proboszczem\\\/\"]}]},{\"@type\":\"ImageObject\",\"inLanguage\":\"es\",\"@id\":\"https:\\\/\\\/www.lichen.pl\\\/ks-rafal-krauze-mic-nowym-proboszczem\\\/#primaryimage\",\"url\":\"https:\\\/\\\/www.lichen.pl\\\/wp-content\\\/uploads\\\/2021\\\/02\\\/ks.-Rafal.jpg\",\"contentUrl\":\"https:\\\/\\\/www.lichen.pl\\\/wp-content\\\/uploads\\\/2021\\\/02\\\/ks.-Rafal.jpg\",\"width\":784,\"height\":370},{\"@type\":\"BreadcrumbList\",\"@id\":\"https:\\\/\\\/www.lichen.pl\\\/ks-rafal-krauze-mic-nowym-proboszczem\\\/#breadcrumb\",\"itemListElement\":[{\"@type\":\"ListItem\",\"position\":1,\"name\":\"Strona g\u0142\u00f3wna\",\"item\":\"https:\\\/\\\/www.lichen.pl\\\/\"},{\"@type\":\"ListItem\",\"position\":2,\"name\":\"Ks. Rafa\u0142 Krauze MIC nowym proboszczem parafii pw. \u015bw. Doroty w Licheniu Starym\"}]},{\"@type\":\"WebSite\",\"@id\":\"https:\\\/\\\/www.lichen.pl\\\/fr\\\/#website\",\"url\":\"https:\\\/\\\/www.lichen.pl\\\/fr\\\/\",\"name\":\"SANKTUARIUM W LICHENIU\",\"description\":\"MATKI BO\u017bEJ LICHE\u0143SKIEJ BOLESNEJ KR\u00d3LOWEJ POLSKI\",\"potentialAction\":[{\"@type\":\"SearchAction\",\"target\":{\"@type\":\"EntryPoint\",\"urlTemplate\":\"https:\\\/\\\/www.lichen.pl\\\/fr\\\/?s={search_term_string}\"},\"query-input\":{\"@type\":\"PropertyValueSpecification\",\"valueRequired\":true,\"valueName\":\"search_term_string\"}}],\"inLanguage\":\"es\"},{\"@type\":\"Person\",\"@id\":\"https:\\\/\\\/www.lichen.pl\\\/fr\\\/#\\\/schema\\\/person\\\/56fc5b38d70a2b34983408f9a457fd9d\",\"name\":\"Arkadiusz Gorgolewski\",\"image\":{\"@type\":\"ImageObject\",\"inLanguage\":\"es\",\"@id\":\"https:\\\/\\\/secure.gravatar.com\\\/avatar\\\/0f571b370f5aa245b1fd3b9c945511b004fe17579bdefd5054d99f0ba315149c?s=96&d=retro&r=g\",\"url\":\"https:\\\/\\\/secure.gravatar.com\\\/avatar\\\/0f571b370f5aa245b1fd3b9c945511b004fe17579bdefd5054d99f0ba315149c?s=96&d=retro&r=g\",\"contentUrl\":\"https:\\\/\\\/secure.gravatar.com\\\/avatar\\\/0f571b370f5aa245b1fd3b9c945511b004fe17579bdefd5054d99f0ba315149c?s=96&d=retro&r=g\",\"caption\":\"Arkadiusz Gorgolewski\"},\"url\":\"https:\\\/\\\/www.lichen.pl\\\/es\\\/author\\\/sanadmin\\\/\"}]}<\/script>\n<!-- \/ Yoast SEO plugin. -->","yoast_head_json":{"title":"Ks. Rafa\u0142 Krauze MIC nowym proboszczem parafii pw. \u015bw. Doroty w Licheniu Starym - SANKTUARIUM W LICHENIU","robots":{"index":"index","follow":"follow","max-snippet":"max-snippet:-1","max-image-preview":"max-image-preview:large","max-video-preview":"max-video-preview:-1"},"canonical":"https:\/\/www.lichen.pl\/es\/ks-rafal-krauze-mic-nowym-proboszczem\/","og_locale":"es_ES","og_type":"article","og_title":"Ks. Rafa\u0142 Krauze MIC nowym proboszczem parafii pw. \u015bw. Doroty w Licheniu Starym - SANKTUARIUM W LICHENIU","og_description":"W dniu 01.01.2021 roku dekretem biskupa w\u0142oc\u0142awskiego z dnia 31.12.2020 r. ks. Rafa\u0142 Krauze MIC objemuje urz\u0105d proboszcza parafii w Licheniu Starym Ks. Rafa\u0142 Krauze MIC Obrz\u0119d instalacji nowego proboszcza na urz\u0105d mia\u0142 miejsce w niedziel\u0119, 3 stycznia, podczas Mszy \u015bw. o godz. 10.30 w ko\u015bciele parafialnym pw. \u015bw. Doroty. W imieniu biskupa w\u0142oc\u0142awskiego Wies\u0142awa [&hellip;]","og_url":"https:\/\/www.lichen.pl\/es\/ks-rafal-krauze-mic-nowym-proboszczem\/","og_site_name":"SANKTUARIUM W LICHENIU","article_published_time":"2021-01-03T16:30:56+00:00","article_modified_time":"2021-06-20T12:22:52+00:00","og_image":[{"width":784,"height":370,"url":"https:\/\/www.lichen.pl\/wp-content\/uploads\/2021\/02\/ks.-Rafal.jpg","type":"image\/jpeg"}],"author":"Arkadiusz Gorgolewski","twitter_card":"summary_large_image","twitter_misc":{"Escrito por":"Arkadiusz Gorgolewski","Tiempo de lectura":"2 minutos"},"schema":{"@context":"https:\/\/schema.org","@graph":[{"@type":"Article","@id":"https:\/\/www.lichen.pl\/ks-rafal-krauze-mic-nowym-proboszczem\/#article","isPartOf":{"@id":"https:\/\/www.lichen.pl\/ks-rafal-krauze-mic-nowym-proboszczem\/"},"author":{"name":"Arkadiusz Gorgolewski","@id":"https:\/\/www.lichen.pl\/fr\/#\/schema\/person\/56fc5b38d70a2b34983408f9a457fd9d"},"headline":"Ks. Rafa\u0142 Krauze MIC nowym proboszczem parafii pw. \u015bw. Doroty w Licheniu Starym","datePublished":"2021-01-03T16:30:56+00:00","dateModified":"2021-06-20T12:22:52+00:00","mainEntityOfPage":{"@id":"https:\/\/www.lichen.pl\/ks-rafal-krauze-mic-nowym-proboszczem\/"},"wordCount":477,"commentCount":0,"image":{"@id":"https:\/\/www.lichen.pl\/ks-rafal-krauze-mic-nowym-proboszczem\/#primaryimage"},"thumbnailUrl":"https:\/\/www.lichen.pl\/wp-content\/uploads\/2021\/02\/ks.-Rafal.jpg","articleSection":["Aktualno\u015bci"],"inLanguage":"es","potentialAction":[{"@type":"CommentAction","name":"Comment","target":["https:\/\/www.lichen.pl\/ks-rafal-krauze-mic-nowym-proboszczem\/#respond"]}]},{"@type":"WebPage","@id":"https:\/\/www.lichen.pl\/ks-rafal-krauze-mic-nowym-proboszczem\/","url":"https:\/\/www.lichen.pl\/ks-rafal-krauze-mic-nowym-proboszczem\/","name":"Ks. Rafa\u0142 Krauze MIC nowym proboszczem parafii pw. \u015bw. Doroty w Licheniu Starym - SANKTUARIUM W LICHENIU","isPartOf":{"@id":"https:\/\/www.lichen.pl\/fr\/#website"},"primaryImageOfPage":{"@id":"https:\/\/www.lichen.pl\/ks-rafal-krauze-mic-nowym-proboszczem\/#primaryimage"},"image":{"@id":"https:\/\/www.lichen.pl\/ks-rafal-krauze-mic-nowym-proboszczem\/#primaryimage"},"thumbnailUrl":"https:\/\/www.lichen.pl\/wp-content\/uploads\/2021\/02\/ks.-Rafal.jpg","datePublished":"2021-01-03T16:30:56+00:00","dateModified":"2021-06-20T12:22:52+00:00","author":{"@id":"https:\/\/www.lichen.pl\/fr\/#\/schema\/person\/56fc5b38d70a2b34983408f9a457fd9d"},"breadcrumb":{"@id":"https:\/\/www.lichen.pl\/ks-rafal-krauze-mic-nowym-proboszczem\/#breadcrumb"},"inLanguage":"es","potentialAction":[{"@type":"ReadAction","target":["https:\/\/www.lichen.pl\/ks-rafal-krauze-mic-nowym-proboszczem\/"]}]},{"@type":"ImageObject","inLanguage":"es","@id":"https:\/\/www.lichen.pl\/ks-rafal-krauze-mic-nowym-proboszczem\/#primaryimage","url":"https:\/\/www.lichen.pl\/wp-content\/uploads\/2021\/02\/ks.-Rafal.jpg","contentUrl":"https:\/\/www.lichen.pl\/wp-content\/uploads\/2021\/02\/ks.-Rafal.jpg","width":784,"height":370},{"@type":"BreadcrumbList","@id":"https:\/\/www.lichen.pl\/ks-rafal-krauze-mic-nowym-proboszczem\/#breadcrumb","itemListElement":[{"@type":"ListItem","position":1,"name":"Strona g\u0142\u00f3wna","item":"https:\/\/www.lichen.pl\/"},{"@type":"ListItem","position":2,"name":"Ks. Rafa\u0142 Krauze MIC nowym proboszczem parafii pw. \u015bw. Doroty w Licheniu Starym"}]},{"@type":"WebSite","@id":"https:\/\/www.lichen.pl\/fr\/#website","url":"https:\/\/www.lichen.pl\/fr\/","name":"SANTUARIO EN LICHENIA","description":"LA DOLOROSA REINA DE POLONIA DE NUESTRO LICHEN","potentialAction":[{"@type":"SearchAction","target":{"@type":"EntryPoint","urlTemplate":"https:\/\/www.lichen.pl\/fr\/?s={search_term_string}"},"query-input":{"@type":"PropertyValueSpecification","valueRequired":true,"valueName":"search_term_string"}}],"inLanguage":"es"},{"@type":"Person","@id":"https:\/\/www.lichen.pl\/fr\/#\/schema\/person\/56fc5b38d70a2b34983408f9a457fd9d","name":"Arkadiusz Gorgolewski","image":{"@type":"ImageObject","inLanguage":"es","@id":"https:\/\/secure.gravatar.com\/avatar\/0f571b370f5aa245b1fd3b9c945511b004fe17579bdefd5054d99f0ba315149c?s=96&d=retro&r=g","url":"https:\/\/secure.gravatar.com\/avatar\/0f571b370f5aa245b1fd3b9c945511b004fe17579bdefd5054d99f0ba315149c?s=96&d=retro&r=g","contentUrl":"https:\/\/secure.gravatar.com\/avatar\/0f571b370f5aa245b1fd3b9c945511b004fe17579bdefd5054d99f0ba315149c?s=96&d=retro&r=g","caption":"Arkadiusz Gorgolewski"},"url":"https:\/\/www.lichen.pl\/es\/author\/sanadmin\/"}]}},"_links":{"self":[{"href":"https:\/\/www.lichen.pl\/es\/wp-json\/wp\/v2\/posts\/2535","targetHints":{"allow":["GET"]}}],"collection":[{"href":"https:\/\/www.lichen.pl\/es\/wp-json\/wp\/v2\/posts"}],"about":[{"href":"https:\/\/www.lichen.pl\/es\/wp-json\/wp\/v2\/types\/post"}],"author":[{"embeddable":true,"href":"https:\/\/www.lichen.pl\/es\/wp-json\/wp\/v2\/users\/2"}],"replies":[{"embeddable":true,"href":"https:\/\/www.lichen.pl\/es\/wp-json\/wp\/v2\/comments?post=2535"}],"version-history":[{"count":8,"href":"https:\/\/www.lichen.pl\/es\/wp-json\/wp\/v2\/posts\/2535\/revisions"}],"predecessor-version":[{"id":14664,"href":"https:\/\/www.lichen.pl\/es\/wp-json\/wp\/v2\/posts\/2535\/revisions\/14664"}],"wp:featuredmedia":[{"embeddable":true,"href":"https:\/\/www.lichen.pl\/es\/wp-json\/wp\/v2\/media\/14573"}],"wp:attachment":[{"href":"https:\/\/www.lichen.pl\/es\/wp-json\/wp\/v2\/media?parent=2535"}],"wp:term":[{"taxonomy":"category","embeddable":true,"href":"https:\/\/www.lichen.pl\/es\/wp-json\/wp\/v2\/categories?post=2535"},{"taxonomy":"post_tag","embeddable":true,"href":"https:\/\/www.lichen.pl\/es\/wp-json\/wp\/v2\/tags?post=2535"}],"curies":[{"name":"wp","href":"https:\/\/api.w.org\/{rel}","templated":true}]}}