{"id":27513,"date":"2021-08-06T10:47:54","date_gmt":"2021-08-06T10:47:54","guid":{"rendered":"http:\/\/www.lichen.pl\/39-gdanska-piesza-pielgrzymka-na-jasna-gore-w-licheniu-copy\/"},"modified":"2021-08-11T11:07:39","modified_gmt":"2021-08-11T11:07:39","slug":"40-kaszubska-piesza-pielgrzymka-z-helu-na-jasna-gore-w-licheniu","status":"publish","type":"post","link":"https:\/\/www.lichen.pl\/es\/40-kaszubska-piesza-pielgrzymka-z-helu-na-jasna-gore-w-licheniu\/","title":{"rendered":"40. Peregrinaci\u00f3n a pie de Casubia de Hel a Jasna G\u00f3ra en Liche\u0144"},"content":{"rendered":"<div data-elementor-type=\"wp-post\" data-elementor-id=\"27513\" class=\"elementor elementor-27513\" data-elementor-post-type=\"post\">\n\t\t\t\t\t\t<section class=\"elementor-section elementor-top-section elementor-element elementor-element-f893996 elementor-section-boxed elementor-section-height-default elementor-section-height-default\" data-id=\"f893996\" data-element_type=\"section\" data-e-type=\"section\" data-settings=\"{&quot;shape_divider_top&quot;:&quot;wave-brush&quot;}\">\n\t\t\t\t\t<div class=\"elementor-shape elementor-shape-top\" aria-hidden=\"true\" data-negative=\"false\">\n\t\t\t<svg xmlns=\"http:\/\/www.w3.org\/2000\/svg\" viewbox=\"0 0 283.5 27.8\" preserveaspectratio=\"none\">\n\t<path class=\"elementor-shape-fill\" d=\"M283.5,9.7c0,0-7.3,4.3-14,4.6c-6.8,0.3-12.6,0-20.9-1.5c-11.3-2-33.1-10.1-44.7-5.7\ts-12.1,4.6-18,7.4c-6.6,3.2-20,9.6-36.6,9.3C131.6,23.5,99.5,7.2,86.3,8c-1.4,0.1-6.6,0.8-10.5,2c-3.8,1.2-9.4,3.8-17,4.7\tc-3.2,0.4-8.3,1.1-14.2,0.9c-1.5-0.1-6.3-0.4-12-1.6c-5.7-1.2-11-3.1-15.8-3.7C6.5,9.2,0,10.8,0,10.8V0h283.5V9.7z M260.8,11.3\tc-0.7-1-2-0.4-4.3-0.4c-2.3,0-6.1-1.2-5.8-1.1c0.3,0.1,3.1,1.5,6,1.9C259.7,12.2,261.4,12.3,260.8,11.3z M242.4,8.6\tc0,0-2.4-0.2-5.6-0.9c-3.2-0.8-10.3-2.8-15.1-3.5c-8.2-1.1-15.8,0-15.1,0.1c0.8,0.1,9.6-0.6,17.6,1.1c3.3,0.7,9.3,2.2,12.4,2.7\tC239.9,8.7,242.4,8.6,242.4,8.6z M185.2,8.5c1.7-0.7-13.3,4.7-18.5,6.1c-2.1,0.6-6.2,1.6-10,2c-3.9,0.4-8.9,0.4-8.8,0.5\tc0,0.2,5.8,0.8,11.2,0c5.4-0.8,5.2-1.1,7.6-1.6C170.5,14.7,183.5,9.2,185.2,8.5z M199.1,6.9c0.2,0-0.8-0.4-4.8,1.1\tc-4,1.5-6.7,3.5-6.9,3.7c-0.2,0.1,3.5-1.8,6.6-3C197,7.5,199,6.9,199.1,6.9z M283,6c-0.1,0.1-1.9,1.1-4.8,2.5s-6.9,2.8-6.7,2.7\tc0.2,0,3.5-0.6,7.4-2.5C282.8,6.8,283.1,5.9,283,6z M31.3,11.6c0.1-0.2-1.9-0.2-4.5-1.2s-5.4-1.6-7.8-2C15,7.6,7.3,8.5,7.7,8.6\tC8,8.7,15.9,8.3,20.2,9.3c2.2,0.5,2.4,0.5,5.7,1.6S31.2,11.9,31.3,11.6z M73,9.2c0.4-0.1,3.5-1.6,8.4-2.6c4.9-1.1,8.9-0.5,8.9-0.8\tc0-0.3-1-0.9-6.2-0.3S72.6,9.3,73,9.2z M71.6,6.7C71.8,6.8,75,5.4,77.3,5c2.3-0.3,1.9-0.5,1.9-0.6c0-0.1-1.1-0.2-2.7,0.2\tC74.8,5.1,71.4,6.6,71.6,6.7z M93.6,4.4c0.1,0.2,3.5,0.8,5.6,1.8c2.1,1,1.8,0.6,1.9,0.5c0.1-0.1-0.8-0.8-2.4-1.3\tC97.1,4.8,93.5,4.2,93.6,4.4z M65.4,11.1c-0.1,0.3,0.3,0.5,1.9-0.2s2.6-1.3,2.2-1.2s-0.9,0.4-2.5,0.8C65.3,10.9,65.5,10.8,65.4,11.1\tz M34.5,12.4c-0.2,0,2.1,0.8,3.3,0.9c1.2,0.1,2,0.1,2-0.2c0-0.3-0.1-0.5-1.6-0.4C36.6,12.8,34.7,12.4,34.5,12.4z M152.2,21.1\tc-0.1,0.1-2.4-0.3-7.5-0.3c-5,0-13.6-2.4-17.2-3.5c-3.6-1.1,10,3.9,16.5,4.1C150.5,21.6,152.3,21,152.2,21.1z\"\/>\n\t<path class=\"elementor-shape-fill\" d=\"M269.6,18c-0.1-0.1-4.6,0.3-7.2,0c-7.3-0.7-17-3.2-16.6-2.9c0.4,0.3,13.7,3.1,17,3.3\tC267.7,18.8,269.7,18,269.6,18z\"\/>\n\t<path class=\"elementor-shape-fill\" d=\"M227.4,9.8c-0.2-0.1-4.5-1-9.5-1.2c-5-0.2-12.7,0.6-12.3,0.5c0.3-0.1,5.9-1.8,13.3-1.2\tS227.6,9.9,227.4,9.8z\"\/>\n\t<path class=\"elementor-shape-fill\" d=\"M204.5,13.4c-0.1-0.1,2-1,3.2-1.1c1.2-0.1,2,0,2,0.3c0,0.3-0.1,0.5-1.6,0.4\tC206.4,12.9,204.6,13.5,204.5,13.4z\"\/>\n\t<path class=\"elementor-shape-fill\" d=\"M201,10.6c0-0.1-4.4,1.2-6.3,2.2c-1.9,0.9-6.2,3.1-6.1,3.1c0.1,0.1,4.2-1.6,6.3-2.6\tS201,10.7,201,10.6z\"\/>\n\t<path class=\"elementor-shape-fill\" d=\"M154.5,26.7c-0.1-0.1-4.6,0.3-7.2,0c-7.3-0.7-17-3.2-16.6-2.9c0.4,0.3,13.7,3.1,17,3.3\tC152.6,27.5,154.6,26.8,154.5,26.7z\"\/>\n\t<path class=\"elementor-shape-fill\" d=\"M41.9,19.3c0,0,1.2-0.3,2.9-0.1c1.7,0.2,5.8,0.9,8.2,0.7c4.2-0.4,7.4-2.7,7-2.6\tc-0.4,0-4.3,2.2-8.6,1.9c-1.8-0.1-5.1-0.5-6.7-0.4S41.9,19.3,41.9,19.3z\"\/>\n\t<path class=\"elementor-shape-fill\" d=\"M75.5,12.6c0.2,0.1,2-0.8,4.3-1.1c2.3-0.2,2.1-0.3,2.1-0.5c0-0.1-1.8-0.4-3.4,0\tC76.9,11.5,75.3,12.5,75.5,12.6z\"\/>\n\t<path class=\"elementor-shape-fill\" d=\"M15.6,13.2c0-0.1,4.3,0,6.7,0.5c2.4,0.5,5,1.9,5,2c0,0.1-2.7-0.8-5.1-1.4\tC19.9,13.7,15.7,13.3,15.6,13.2z\"\/>\n<\/svg>\t\t<\/div>\n\t\t\t\t\t<div class=\"elementor-container elementor-column-gap-default\">\n\t\t\t\t\t<div class=\"elementor-column elementor-col-100 elementor-top-column elementor-element elementor-element-ef72122\" data-id=\"ef72122\" data-element_type=\"column\" data-e-type=\"column\">\n\t\t\t<div class=\"elementor-widget-wrap elementor-element-populated\">\n\t\t\t\t\t\t<section class=\"elementor-section elementor-inner-section elementor-element elementor-element-d70b16f elementor-section-boxed elementor-section-height-default elementor-section-height-default\" data-id=\"d70b16f\" data-element_type=\"section\" data-e-type=\"section\">\n\t\t\t\t\t\t<div class=\"elementor-container elementor-column-gap-default\">\n\t\t\t\t\t<div class=\"elementor-column elementor-col-50 elementor-inner-column elementor-element elementor-element-12f9857\" data-id=\"12f9857\" data-element_type=\"column\" data-e-type=\"column\">\n\t\t\t<div class=\"elementor-widget-wrap elementor-element-populated\">\n\t\t\t\t\t\t<div class=\"elementor-element elementor-element-0dd2e6e elementor-widget elementor-widget-image\" data-id=\"0dd2e6e\" data-element_type=\"widget\" data-e-type=\"widget\" data-widget_type=\"image.default\">\n\t\t\t\t<div class=\"elementor-widget-container\">\n\t\t\t\t\t\t\t\t\t\t\t\t\t\t\t\t<a href=\"http:\/\/www.lichen.pl\/wp-content\/uploads\/2021\/04\/40.-Pielgrzymka-Kaszubska-1.png\" data-elementor-open-lightbox=\"yes\" data-elementor-lightbox-title=\"40. Pielgrzymka Kaszubska\" data-e-action-hash=\"#elementor-action%3Aaction%3Dlightbox%26settings%3DeyJpZCI6MjU5ODEsInVybCI6Imh0dHBzOlwvXC93d3cubGljaGVuLnBsXC93cC1jb250ZW50XC91cGxvYWRzXC8yMDIxXC8wNFwvNDAuLVBpZWxncnp5bWthLUthc3p1YnNrYS0xLnBuZyJ9\">\n\t\t\t\t\t\t\t<img fetchpriority=\"high\" decoding=\"async\" width=\"224\" height=\"225\" src=\"https:\/\/www.lichen.pl\/wp-content\/uploads\/2021\/04\/40.-Pielgrzymka-Kaszubska-1.png\" class=\"attachment-medium_large size-medium_large wp-image-25981\" alt=\"\" srcset=\"https:\/\/www.lichen.pl\/wp-content\/uploads\/2021\/04\/40.-Pielgrzymka-Kaszubska-1.png 224w, https:\/\/www.lichen.pl\/wp-content\/uploads\/2021\/04\/40.-Pielgrzymka-Kaszubska-1-150x150.png 150w\" sizes=\"(max-width: 224px) 100vw, 224px\" \/>\t\t\t\t\t\t\t\t<\/a>\n\t\t\t\t\t\t\t\t\t\t\t\t\t\t\t<\/div>\n\t\t\t\t<\/div>\n\t\t\t\t\t<\/div>\n\t\t<\/div>\n\t\t\t\t<div class=\"elementor-column elementor-col-50 elementor-inner-column elementor-element elementor-element-6efa8f5\" data-id=\"6efa8f5\" data-element_type=\"column\" data-e-type=\"column\">\n\t\t\t<div class=\"elementor-widget-wrap elementor-element-populated\">\n\t\t\t\t\t\t<div class=\"elementor-element elementor-element-0408bac elementor-widget elementor-widget-text-editor\" data-id=\"0408bac\" data-element_type=\"widget\" data-e-type=\"widget\" data-widget_type=\"text-editor.default\">\n\t\t\t\t<div class=\"elementor-widget-container\">\n\t\t\t\t\t\t\t\t\t<p>La peregrinaci\u00f3n a pie de Hel a Jasna G\u00f3ra es la peregrinaci\u00f3n a pie m\u00e1s larga de Polonia. Este a\u00f1o comenz\u00f3 el domingo 25 de julio en la iglesia de Corpus Christi en Hel, y finalizar\u00e1 el jueves 12 de agosto con un solemne ascenso al Monasterio de Jasna G\u00f3ra y reverencia al Cuadro de la Virgen Negra. Cada d\u00eda los peregrinos tienen que recorrer una distancia de unos 35 km. En total, los peregrinos recorrer\u00e1n 638 km.<\/p>\t\t\t\t\t\t\t\t<\/div>\n\t\t\t\t<\/div>\n\t\t\t\t\t<\/div>\n\t\t<\/div>\n\t\t\t\t\t<\/div>\n\t\t<\/section>\n\t\t\t\t\t<\/div>\n\t\t<\/div>\n\t\t\t\t\t<\/div>\n\t\t<\/section>\n\t\t\t\t<section class=\"elementor-section elementor-top-section elementor-element elementor-element-55abd69 elementor-section-boxed elementor-section-height-default elementor-section-height-default\" data-id=\"55abd69\" data-element_type=\"section\" data-e-type=\"section\">\n\t\t\t\t\t\t<div class=\"elementor-container elementor-column-gap-default\">\n\t\t\t\t\t<div class=\"elementor-column elementor-col-100 elementor-top-column elementor-element elementor-element-ba04817\" data-id=\"ba04817\" data-element_type=\"column\" data-e-type=\"column\">\n\t\t\t<div class=\"elementor-widget-wrap elementor-element-populated\">\n\t\t\t\t\t\t<div class=\"elementor-element elementor-element-2fb460c elementor-drop-cap-yes elementor-drop-cap-view-default elementor-widget elementor-widget-text-editor\" data-id=\"2fb460c\" data-element_type=\"widget\" data-e-type=\"widget\" data-settings=\"{&quot;drop_cap&quot;:&quot;yes&quot;}\" data-widget_type=\"text-editor.default\">\n\t\t\t\t<div class=\"elementor-widget-container\">\n\t\t\t\t\t\t\t\t\t<p>A pesar del tiempo lluvioso, los peregrinos de la 40\u00aa Peregrinaci\u00f3n a pie de Hel a Jasna G\u00f3ra, esta ma\u00f1ana, el 6 de agosto, entraron con alegr\u00eda en el Santuario de Nuestra Se\u00f1ora de Liche\u0144. Los que llegaron por las escaleras que conducen a la bas\u00edlica fueron recibidos por el P. Dariusz Hirsch, MIC, sacerdote que trabaja en el santuario de Liche\u0144 y, en privado, natural de Kashubia.<\/p><p>Los peregrinos celebraron un breve servicio frente al Cuadro Milagroso de Nuestra Se\u00f1ora de Liche\u0144. Como el P. Robert Jahns, director de la peregrinaci\u00f3n de Casubia, la expedici\u00f3n de este a\u00f1o es \u00fanica: - \u201cEste a\u00f1o, con motivo del 40 aniversario de nuestra peregrinaci\u00f3n, una delegaci\u00f3n de 70 personas ir\u00e1 un poco m\u00e1s lejos. Despu\u00e9s de alcanzar la meta de Jasna G\u00f3ra, tambi\u00e9n tenemos la intenci\u00f3n de visitar Santiago De Compostela. Algunos de nuestros peregrinos partir\u00e1n en autob\u00fas desde Cz\u0119stochowa a Espa\u00f1a, y cubriremos el \u00faltimo tramo de 120 kil\u00f3metros desde Saria a Santiago a pie. A 638 km, que recorremos de Hel a Jasna G\u00f3ra, esa distancia no es un gran desaf\u00edo. Estamos planeando ir all\u00ed porque 2021 es el A\u00f1o de Santiago, que cae una vez cada pocos a\u00f1os cuando la fiesta de St. Santiago se celebra el domingo 25 de julio \u201d.<\/p><p>El grupo de este a\u00f1o que se dirige de Hel a Jasna G\u00f3ra es de unas 110 personas.<\/p>\t\t\t\t\t\t\t\t<\/div>\n\t\t\t\t<\/div>\n\t\t\t\t<div class=\"elementor-element elementor-element-5a05db7 elementor-widget elementor-widget-text-editor\" data-id=\"5a05db7\" data-element_type=\"widget\" data-e-type=\"widget\" data-widget_type=\"text-editor.default\">\n\t\t\t\t<div class=\"elementor-widget-container\">\n\t\t\t\t\t\t\t\t\t<p>Texto y fotos: Oficina de Prensa del Santuario<\/p>\t\t\t\t\t\t\t\t<\/div>\n\t\t\t\t<\/div>\n\t\t\t\t<div class=\"elementor-element elementor-element-7613879 elementor-widget-divider--view-line_icon elementor-view-default elementor-widget-divider--element-align-center elementor-widget elementor-widget-divider\" data-id=\"7613879\" data-element_type=\"widget\" data-e-type=\"widget\" data-widget_type=\"divider.default\">\n\t\t\t\t<div class=\"elementor-widget-container\">\n\t\t\t\t\t\t\t<div class=\"elementor-divider\">\n\t\t\t<span class=\"elementor-divider-separator\">\n\t\t\t\t\t\t\t<div class=\"elementor-icon elementor-divider__element\">\n\t\t\t\t\t<i aria-hidden=\"true\" class=\"fas fa-camera\"><\/i><\/div>\n\t\t\t\t\t\t<\/span>\n\t\t<\/div>\n\t\t\t\t\t\t<\/div>\n\t\t\t\t<\/div>\n\t\t\t\t<div class=\"elementor-element elementor-element-1adc645 elementor-widget elementor-widget-gallery\" data-id=\"1adc645\" data-element_type=\"widget\" data-e-type=\"widget\" data-settings=\"{&quot;columns&quot;:5,&quot;lazyload&quot;:&quot;yes&quot;,&quot;gallery_layout&quot;:&quot;grid&quot;,&quot;columns_tablet&quot;:2,&quot;columns_mobile&quot;:1,&quot;gap&quot;:{&quot;unit&quot;:&quot;px&quot;,&quot;size&quot;:10,&quot;sizes&quot;:[]},&quot;gap_tablet&quot;:{&quot;unit&quot;:&quot;px&quot;,&quot;size&quot;:10,&quot;sizes&quot;:[]},&quot;gap_mobile&quot;:{&quot;unit&quot;:&quot;px&quot;,&quot;size&quot;:10,&quot;sizes&quot;:[]},&quot;link_to&quot;:&quot;file&quot;,&quot;aspect_ratio&quot;:&quot;3:2&quot;,&quot;overlay_background&quot;:&quot;yes&quot;,&quot;content_hover_animation&quot;:&quot;fade-in&quot;}\" data-widget_type=\"gallery.default\">\n\t\t\t\t<div class=\"elementor-widget-container\">\n\t\t\t\t\t\t\t<div class=\"elementor-gallery__container\">\n\t\t\t\t\t\t\t<a class=\"e-gallery-item elementor-gallery-item elementor-animated-content\" href=\"https:\/\/www.lichen.pl\/wp-content\/uploads\/2021\/08\/Kaszubska-pielgrzymka-2021-1.jpg\" data-elementor-open-lightbox=\"yes\" data-elementor-lightbox-slideshow=\"1adc645\" data-elementor-lightbox-title=\"Kaszubska pielgrzymka 2021 1\" data-e-action-hash=\"#elementor-action%3Aaction%3Dlightbox%26settings%3DeyJpZCI6Mjc1MjIsInVybCI6Imh0dHBzOlwvXC93d3cubGljaGVuLnBsXC93cC1jb250ZW50XC91cGxvYWRzXC8yMDIxXC8wOFwvS2FzenVic2thLXBpZWxncnp5bWthLTIwMjEtMS5qcGciLCJzbGlkZXNob3ciOiIxYWRjNjQ1In0%3D\">\n\t\t\t\t\t<div class=\"e-gallery-image elementor-gallery-item__image\" data-thumbnail=\"https:\/\/www.lichen.pl\/wp-content\/uploads\/2021\/08\/Kaszubska-pielgrzymka-2021-1-768x576.jpg\" data-width=\"768\" data-height=\"576\" aria-label=\"\" role=\"img\" ><\/div>\n\t\t\t\t\t\t\t\t\t\t\t<div class=\"elementor-gallery-item__overlay\"><\/div>\n\t\t\t\t\t\t\t\t\t\t\t\t\t\t<\/a>\n\t\t\t\t\t\t\t<a class=\"e-gallery-item elementor-gallery-item elementor-animated-content\" href=\"https:\/\/www.lichen.pl\/wp-content\/uploads\/2021\/08\/Kaszubska-pielgrzymka-2021-2.jpg\" data-elementor-open-lightbox=\"yes\" data-elementor-lightbox-slideshow=\"1adc645\" data-elementor-lightbox-title=\"Kaszubska pielgrzymka 2021 2\" data-e-action-hash=\"#elementor-action%3Aaction%3Dlightbox%26settings%3DeyJpZCI6Mjc1MjcsInVybCI6Imh0dHBzOlwvXC93d3cubGljaGVuLnBsXC93cC1jb250ZW50XC91cGxvYWRzXC8yMDIxXC8wOFwvS2FzenVic2thLXBpZWxncnp5bWthLTIwMjEtMi5qcGciLCJzbGlkZXNob3ciOiIxYWRjNjQ1In0%3D\">\n\t\t\t\t\t<div class=\"e-gallery-image elementor-gallery-item__image\" data-thumbnail=\"https:\/\/www.lichen.pl\/wp-content\/uploads\/2021\/08\/Kaszubska-pielgrzymka-2021-2-768x576.jpg\" data-width=\"768\" data-height=\"576\" aria-label=\"\" role=\"img\" ><\/div>\n\t\t\t\t\t\t\t\t\t\t\t<div class=\"elementor-gallery-item__overlay\"><\/div>\n\t\t\t\t\t\t\t\t\t\t\t\t\t\t<\/a>\n\t\t\t\t\t\t\t<a class=\"e-gallery-item elementor-gallery-item elementor-animated-content\" href=\"https:\/\/www.lichen.pl\/wp-content\/uploads\/2021\/08\/Kaszubska-pielgrzymka-2021-3.jpg\" data-elementor-open-lightbox=\"yes\" data-elementor-lightbox-slideshow=\"1adc645\" data-elementor-lightbox-title=\"Kaszubska pielgrzymka 2021 3\" data-e-action-hash=\"#elementor-action%3Aaction%3Dlightbox%26settings%3DeyJpZCI6Mjc1MzIsInVybCI6Imh0dHBzOlwvXC93d3cubGljaGVuLnBsXC93cC1jb250ZW50XC91cGxvYWRzXC8yMDIxXC8wOFwvS2FzenVic2thLXBpZWxncnp5bWthLTIwMjEtMy5qcGciLCJzbGlkZXNob3ciOiIxYWRjNjQ1In0%3D\">\n\t\t\t\t\t<div class=\"e-gallery-image elementor-gallery-item__image\" data-thumbnail=\"https:\/\/www.lichen.pl\/wp-content\/uploads\/2021\/08\/Kaszubska-pielgrzymka-2021-3-768x576.jpg\" data-width=\"768\" data-height=\"576\" aria-label=\"\" role=\"img\" ><\/div>\n\t\t\t\t\t\t\t\t\t\t\t<div class=\"elementor-gallery-item__overlay\"><\/div>\n\t\t\t\t\t\t\t\t\t\t\t\t\t\t<\/a>\n\t\t\t\t\t\t\t<a class=\"e-gallery-item elementor-gallery-item elementor-animated-content\" href=\"https:\/\/www.lichen.pl\/wp-content\/uploads\/2021\/08\/Kaszubska-pielgrzymka-2021-4.jpg\" data-elementor-open-lightbox=\"yes\" data-elementor-lightbox-slideshow=\"1adc645\" data-elementor-lightbox-title=\"Kaszubska pielgrzymka 2021 4\" data-e-action-hash=\"#elementor-action%3Aaction%3Dlightbox%26settings%3DeyJpZCI6Mjc1MzcsInVybCI6Imh0dHBzOlwvXC93d3cubGljaGVuLnBsXC93cC1jb250ZW50XC91cGxvYWRzXC8yMDIxXC8wOFwvS2FzenVic2thLXBpZWxncnp5bWthLTIwMjEtNC5qcGciLCJzbGlkZXNob3ciOiIxYWRjNjQ1In0%3D\">\n\t\t\t\t\t<div class=\"e-gallery-image elementor-gallery-item__image\" data-thumbnail=\"https:\/\/www.lichen.pl\/wp-content\/uploads\/2021\/08\/Kaszubska-pielgrzymka-2021-4-768x576.jpg\" data-width=\"768\" data-height=\"576\" aria-label=\"\" role=\"img\" ><\/div>\n\t\t\t\t\t\t\t\t\t\t\t<div class=\"elementor-gallery-item__overlay\"><\/div>\n\t\t\t\t\t\t\t\t\t\t\t\t\t\t<\/a>\n\t\t\t\t\t\t\t<a class=\"e-gallery-item elementor-gallery-item elementor-animated-content\" href=\"https:\/\/www.lichen.pl\/wp-content\/uploads\/2021\/08\/6-Kaszubska-pielgrzymka-2021-6.jpg\" data-elementor-open-lightbox=\"yes\" data-elementor-lightbox-slideshow=\"1adc645\" data-elementor-lightbox-title=\"6 Kaszubska pielgrzymka 2021 6\" data-e-action-hash=\"#elementor-action%3Aaction%3Dlightbox%26settings%3DeyJpZCI6Mjc1MTcsInVybCI6Imh0dHBzOlwvXC93d3cubGljaGVuLnBsXC93cC1jb250ZW50XC91cGxvYWRzXC8yMDIxXC8wOFwvNi1LYXN6dWJza2EtcGllbGdyenlta2EtMjAyMS02LmpwZyIsInNsaWRlc2hvdyI6IjFhZGM2NDUifQ%3D%3D\">\n\t\t\t\t\t<div class=\"e-gallery-image elementor-gallery-item__image\" data-thumbnail=\"https:\/\/www.lichen.pl\/wp-content\/uploads\/2021\/08\/6-Kaszubska-pielgrzymka-2021-6-768x576.jpg\" data-width=\"768\" data-height=\"576\" aria-label=\"\" role=\"img\" ><\/div>\n\t\t\t\t\t\t\t\t\t\t\t<div class=\"elementor-gallery-item__overlay\"><\/div>\n\t\t\t\t\t\t\t\t\t\t\t\t\t\t<\/a>\n\t\t\t\t\t\t\t<a class=\"e-gallery-item elementor-gallery-item elementor-animated-content\" href=\"https:\/\/www.lichen.pl\/wp-content\/uploads\/2021\/08\/Kaszubska-pielgrzymka-2021-5.jpg\" data-elementor-open-lightbox=\"yes\" data-elementor-lightbox-slideshow=\"1adc645\" data-elementor-lightbox-title=\"Kaszubska pielgrzymka 2021 5\" data-e-action-hash=\"#elementor-action%3Aaction%3Dlightbox%26settings%3DeyJpZCI6Mjc1NDIsInVybCI6Imh0dHBzOlwvXC93d3cubGljaGVuLnBsXC93cC1jb250ZW50XC91cGxvYWRzXC8yMDIxXC8wOFwvS2FzenVic2thLXBpZWxncnp5bWthLTIwMjEtNS5qcGciLCJzbGlkZXNob3ciOiIxYWRjNjQ1In0%3D\">\n\t\t\t\t\t<div class=\"e-gallery-image elementor-gallery-item__image\" data-thumbnail=\"https:\/\/www.lichen.pl\/wp-content\/uploads\/2021\/08\/Kaszubska-pielgrzymka-2021-5-768x1029.jpg\" data-width=\"768\" data-height=\"1029\" aria-label=\"\" role=\"img\" ><\/div>\n\t\t\t\t\t\t\t\t\t\t\t<div class=\"elementor-gallery-item__overlay\"><\/div>\n\t\t\t\t\t\t\t\t\t\t\t\t\t\t<\/a>\n\t\t\t\t\t\t\t<a class=\"e-gallery-item elementor-gallery-item elementor-animated-content\" href=\"https:\/\/www.lichen.pl\/wp-content\/uploads\/2021\/08\/Kaszubska-pielgrzymka-2021-7.jpg\" data-elementor-open-lightbox=\"yes\" data-elementor-lightbox-slideshow=\"1adc645\" data-elementor-lightbox-title=\"Kaszubska pielgrzymka 2021 7\" data-e-action-hash=\"#elementor-action%3Aaction%3Dlightbox%26settings%3DeyJpZCI6Mjc1NDcsInVybCI6Imh0dHBzOlwvXC93d3cubGljaGVuLnBsXC93cC1jb250ZW50XC91cGxvYWRzXC8yMDIxXC8wOFwvS2FzenVic2thLXBpZWxncnp5bWthLTIwMjEtNy5qcGciLCJzbGlkZXNob3ciOiIxYWRjNjQ1In0%3D\">\n\t\t\t\t\t<div class=\"e-gallery-image elementor-gallery-item__image\" data-thumbnail=\"https:\/\/www.lichen.pl\/wp-content\/uploads\/2021\/08\/Kaszubska-pielgrzymka-2021-7-768x576.jpg\" data-width=\"768\" data-height=\"576\" aria-label=\"\" role=\"img\" ><\/div>\n\t\t\t\t\t\t\t\t\t\t\t<div class=\"elementor-gallery-item__overlay\"><\/div>\n\t\t\t\t\t\t\t\t\t\t\t\t\t\t<\/a>\n\t\t\t\t\t\t\t<a class=\"e-gallery-item elementor-gallery-item elementor-animated-content\" href=\"https:\/\/www.lichen.pl\/wp-content\/uploads\/2021\/08\/Kaszubska-pielgrzymka-2021-8.jpg\" data-elementor-open-lightbox=\"yes\" data-elementor-lightbox-slideshow=\"1adc645\" data-elementor-lightbox-title=\"Kaszubska pielgrzymka 2021 8\" data-e-action-hash=\"#elementor-action%3Aaction%3Dlightbox%26settings%3DeyJpZCI6Mjc1NTIsInVybCI6Imh0dHBzOlwvXC93d3cubGljaGVuLnBsXC93cC1jb250ZW50XC91cGxvYWRzXC8yMDIxXC8wOFwvS2FzenVic2thLXBpZWxncnp5bWthLTIwMjEtOC5qcGciLCJzbGlkZXNob3ciOiIxYWRjNjQ1In0%3D\">\n\t\t\t\t\t<div class=\"e-gallery-image elementor-gallery-item__image\" data-thumbnail=\"https:\/\/www.lichen.pl\/wp-content\/uploads\/2021\/08\/Kaszubska-pielgrzymka-2021-8-768x576.jpg\" data-width=\"768\" data-height=\"576\" aria-label=\"\" role=\"img\" ><\/div>\n\t\t\t\t\t\t\t\t\t\t\t<div class=\"elementor-gallery-item__overlay\"><\/div>\n\t\t\t\t\t\t\t\t\t\t\t\t\t\t<\/a>\n\t\t\t\t\t\t\t<a class=\"e-gallery-item elementor-gallery-item elementor-animated-content\" href=\"https:\/\/www.lichen.pl\/wp-content\/uploads\/2021\/08\/Kaszubska-pielgrzymka-2021-9.jpg\" data-elementor-open-lightbox=\"yes\" data-elementor-lightbox-slideshow=\"1adc645\" data-elementor-lightbox-title=\"Kaszubska pielgrzymka 2021 9\" data-e-action-hash=\"#elementor-action%3Aaction%3Dlightbox%26settings%3DeyJpZCI6Mjc1NTcsInVybCI6Imh0dHBzOlwvXC93d3cubGljaGVuLnBsXC93cC1jb250ZW50XC91cGxvYWRzXC8yMDIxXC8wOFwvS2FzenVic2thLXBpZWxncnp5bWthLTIwMjEtOS5qcGciLCJzbGlkZXNob3ciOiIxYWRjNjQ1In0%3D\">\n\t\t\t\t\t<div class=\"e-gallery-image elementor-gallery-item__image\" data-thumbnail=\"https:\/\/www.lichen.pl\/wp-content\/uploads\/2021\/08\/Kaszubska-pielgrzymka-2021-9-768x576.jpg\" data-width=\"768\" data-height=\"576\" aria-label=\"\" role=\"img\" ><\/div>\n\t\t\t\t\t\t\t\t\t\t\t<div class=\"elementor-gallery-item__overlay\"><\/div>\n\t\t\t\t\t\t\t\t\t\t\t\t\t\t<\/a>\n\t\t\t\t\t\t\t<a class=\"e-gallery-item elementor-gallery-item elementor-animated-content\" href=\"https:\/\/www.lichen.pl\/wp-content\/uploads\/2021\/08\/Kaszubska-pielgrzymka-2021-10.jpg\" data-elementor-open-lightbox=\"yes\" data-elementor-lightbox-slideshow=\"1adc645\" data-elementor-lightbox-title=\"Kaszubska pielgrzymka 2021 10\" data-e-action-hash=\"#elementor-action%3Aaction%3Dlightbox%26settings%3DeyJpZCI6Mjc1NjIsInVybCI6Imh0dHBzOlwvXC93d3cubGljaGVuLnBsXC93cC1jb250ZW50XC91cGxvYWRzXC8yMDIxXC8wOFwvS2FzenVic2thLXBpZWxncnp5bWthLTIwMjEtMTAuanBnIiwic2xpZGVzaG93IjoiMWFkYzY0NSJ9\">\n\t\t\t\t\t<div class=\"e-gallery-image elementor-gallery-item__image\" data-thumbnail=\"https:\/\/www.lichen.pl\/wp-content\/uploads\/2021\/08\/Kaszubska-pielgrzymka-2021-10-768x576.jpg\" data-width=\"768\" data-height=\"576\" aria-label=\"\" role=\"img\" ><\/div>\n\t\t\t\t\t\t\t\t\t\t\t<div class=\"elementor-gallery-item__overlay\"><\/div>\n\t\t\t\t\t\t\t\t\t\t\t\t\t\t<\/a>\n\t\t\t\t\t<\/div>\n\t\t\t\t\t<\/div>\n\t\t\t\t<\/div>\n\t\t\t\t<div class=\"elementor-element elementor-element-b5349ec elementor-widget-divider--view-line elementor-widget elementor-widget-divider\" data-id=\"b5349ec\" data-element_type=\"widget\" data-e-type=\"widget\" data-widget_type=\"divider.default\">\n\t\t\t\t<div class=\"elementor-widget-container\">\n\t\t\t\t\t\t\t<div class=\"elementor-divider\">\n\t\t\t<span class=\"elementor-divider-separator\">\n\t\t\t\t\t\t<\/span>\n\t\t<\/div>\n\t\t\t\t\t\t<\/div>\n\t\t\t\t<\/div>\n\t\t\t\t\t<\/div>\n\t\t<\/div>\n\t\t\t\t\t<\/div>\n\t\t<\/section>\n\t\t\t\t<\/div>","protected":false},"excerpt":{"rendered":"<p>Piesza Pielgrzymka z Helu na Jasn\u0105 G\u00f3r\u0119 jest najd\u0142u\u017csz\u0105 polsk\u0105 piesz\u0105 pielgrzymk\u0105. W tym roku rozpocz\u0119\u0142a si\u0119 w niedziel\u0119, 25 lipca, w ko\u015bciele pw. Bo\u017cego Cia\u0142a na Helu, a zako\u0144czy w czwartek, 12 sierpnia, uroczystym wej\u015bciem na Jasn\u0105 G\u00f3r\u0119 i pok\u0142onem przed Obrazem Czarnej Madonny. Ka\u017cdego dnia pielgrzymi maj\u0105 do pokonania dystans ok. 35 km. [&hellip;]<\/p>\n","protected":false},"author":2,"featured_media":25981,"comment_status":"open","ping_status":"open","sticky":false,"template":"","format":"standard","meta":{"footnotes":""},"categories":[1],"tags":[],"class_list":["post-27513","post","type-post","status-publish","format-standard","has-post-thumbnail","hentry","category-aktualnosci","wpbf-post"],"yoast_head":"<!-- This site is optimized with the Yoast SEO plugin v27.4 - https:\/\/yoast.com\/product\/yoast-seo-wordpress\/ -->\n<title>40. Kaszubska Piesza Pielgrzymka z Helu na Jasn\u0105 G\u00f3r\u0119 w Licheniu - SANKTUARIUM W LICHENIU<\/title>\n<meta name=\"robots\" content=\"index, follow, max-snippet:-1, max-image-preview:large, max-video-preview:-1\" \/>\n<link rel=\"canonical\" href=\"http:\/\/www.lichen.pl\/es\/40-kaszubska-piesza-pielgrzymka-z-helu-na-jasna-gore-w-licheniu\/\" \/>\n<meta property=\"og:locale\" content=\"es_ES\" \/>\n<meta property=\"og:type\" content=\"article\" \/>\n<meta property=\"og:title\" content=\"40. Kaszubska Piesza Pielgrzymka z Helu na Jasn\u0105 G\u00f3r\u0119 w Licheniu - SANKTUARIUM W LICHENIU\" \/>\n<meta property=\"og:description\" content=\"Piesza Pielgrzymka z Helu na Jasn\u0105 G\u00f3r\u0119 jest najd\u0142u\u017csz\u0105 polsk\u0105 piesz\u0105 pielgrzymk\u0105. W tym roku rozpocz\u0119\u0142a si\u0119 w niedziel\u0119, 25 lipca, w ko\u015bciele pw. Bo\u017cego Cia\u0142a na Helu, a zako\u0144czy w czwartek, 12 sierpnia, uroczystym wej\u015bciem na Jasn\u0105 G\u00f3r\u0119 i pok\u0142onem przed Obrazem Czarnej Madonny. Ka\u017cdego dnia pielgrzymi maj\u0105 do pokonania dystans ok. 35 km. [&hellip;]\" \/>\n<meta property=\"og:url\" content=\"http:\/\/www.lichen.pl\/es\/40-kaszubska-piesza-pielgrzymka-z-helu-na-jasna-gore-w-licheniu\/\" \/>\n<meta property=\"og:site_name\" content=\"SANKTUARIUM W LICHENIU\" \/>\n<meta property=\"article:published_time\" content=\"2021-08-06T10:47:54+00:00\" \/>\n<meta property=\"article:modified_time\" content=\"2021-08-11T11:07:39+00:00\" \/>\n<meta property=\"og:image\" content=\"http:\/\/www.lichen.pl\/wp-content\/uploads\/2021\/04\/40.-Pielgrzymka-Kaszubska-1.png\" \/>\n\t<meta property=\"og:image:width\" content=\"224\" \/>\n\t<meta property=\"og:image:height\" content=\"225\" \/>\n\t<meta property=\"og:image:type\" content=\"image\/png\" \/>\n<meta name=\"author\" content=\"Arkadiusz Gorgolewski\" \/>\n<meta name=\"twitter:card\" content=\"summary_large_image\" \/>\n<meta name=\"twitter:label1\" content=\"Escrito por\" \/>\n\t<meta name=\"twitter:data1\" content=\"Arkadiusz Gorgolewski\" \/>\n\t<meta name=\"twitter:label2\" content=\"Tiempo de lectura\" \/>\n\t<meta name=\"twitter:data2\" content=\"2 minutos\" \/>\n<script type=\"application\/ld+json\" class=\"yoast-schema-graph\">{\"@context\":\"https:\\\/\\\/schema.org\",\"@graph\":[{\"@type\":\"Article\",\"@id\":\"http:\\\/\\\/www.lichen.pl\\\/de\\\/40-kaszubska-piesza-pielgrzymka-z-helu-na-jasna-gore-w-licheniu\\\/#article\",\"isPartOf\":{\"@id\":\"http:\\\/\\\/www.lichen.pl\\\/de\\\/40-kaszubska-piesza-pielgrzymka-z-helu-na-jasna-gore-w-licheniu\\\/\"},\"author\":{\"name\":\"Arkadiusz Gorgolewski\",\"@id\":\"https:\\\/\\\/www.lichen.pl\\\/fr\\\/#\\\/schema\\\/person\\\/56fc5b38d70a2b34983408f9a457fd9d\"},\"headline\":\"40. Kaszubska Piesza Pielgrzymka z Helu na Jasn\u0105 G\u00f3r\u0119 w Licheniu\",\"datePublished\":\"2021-08-06T10:47:54+00:00\",\"dateModified\":\"2021-08-11T11:07:39+00:00\",\"mainEntityOfPage\":{\"@id\":\"http:\\\/\\\/www.lichen.pl\\\/de\\\/40-kaszubska-piesza-pielgrzymka-z-helu-na-jasna-gore-w-licheniu\\\/\"},\"wordCount\":287,\"commentCount\":0,\"image\":{\"@id\":\"http:\\\/\\\/www.lichen.pl\\\/de\\\/40-kaszubska-piesza-pielgrzymka-z-helu-na-jasna-gore-w-licheniu\\\/#primaryimage\"},\"thumbnailUrl\":\"https:\\\/\\\/www.lichen.pl\\\/wp-content\\\/uploads\\\/2021\\\/04\\\/40.-Pielgrzymka-Kaszubska-1.png\",\"articleSection\":[\"Aktualno\u015bci\"],\"inLanguage\":\"es\",\"potentialAction\":[{\"@type\":\"CommentAction\",\"name\":\"Comment\",\"target\":[\"http:\\\/\\\/www.lichen.pl\\\/de\\\/40-kaszubska-piesza-pielgrzymka-z-helu-na-jasna-gore-w-licheniu\\\/#respond\"]}]},{\"@type\":\"WebPage\",\"@id\":\"http:\\\/\\\/www.lichen.pl\\\/de\\\/40-kaszubska-piesza-pielgrzymka-z-helu-na-jasna-gore-w-licheniu\\\/\",\"url\":\"http:\\\/\\\/www.lichen.pl\\\/de\\\/40-kaszubska-piesza-pielgrzymka-z-helu-na-jasna-gore-w-licheniu\\\/\",\"name\":\"40. Kaszubska Piesza Pielgrzymka z Helu na Jasn\u0105 G\u00f3r\u0119 w Licheniu - SANKTUARIUM W LICHENIU\",\"isPartOf\":{\"@id\":\"https:\\\/\\\/www.lichen.pl\\\/fr\\\/#website\"},\"primaryImageOfPage\":{\"@id\":\"http:\\\/\\\/www.lichen.pl\\\/de\\\/40-kaszubska-piesza-pielgrzymka-z-helu-na-jasna-gore-w-licheniu\\\/#primaryimage\"},\"image\":{\"@id\":\"http:\\\/\\\/www.lichen.pl\\\/de\\\/40-kaszubska-piesza-pielgrzymka-z-helu-na-jasna-gore-w-licheniu\\\/#primaryimage\"},\"thumbnailUrl\":\"https:\\\/\\\/www.lichen.pl\\\/wp-content\\\/uploads\\\/2021\\\/04\\\/40.-Pielgrzymka-Kaszubska-1.png\",\"datePublished\":\"2021-08-06T10:47:54+00:00\",\"dateModified\":\"2021-08-11T11:07:39+00:00\",\"author\":{\"@id\":\"https:\\\/\\\/www.lichen.pl\\\/fr\\\/#\\\/schema\\\/person\\\/56fc5b38d70a2b34983408f9a457fd9d\"},\"breadcrumb\":{\"@id\":\"http:\\\/\\\/www.lichen.pl\\\/de\\\/40-kaszubska-piesza-pielgrzymka-z-helu-na-jasna-gore-w-licheniu\\\/#breadcrumb\"},\"inLanguage\":\"es\",\"potentialAction\":[{\"@type\":\"ReadAction\",\"target\":[\"http:\\\/\\\/www.lichen.pl\\\/de\\\/40-kaszubska-piesza-pielgrzymka-z-helu-na-jasna-gore-w-licheniu\\\/\"]}]},{\"@type\":\"ImageObject\",\"inLanguage\":\"es\",\"@id\":\"http:\\\/\\\/www.lichen.pl\\\/de\\\/40-kaszubska-piesza-pielgrzymka-z-helu-na-jasna-gore-w-licheniu\\\/#primaryimage\",\"url\":\"https:\\\/\\\/www.lichen.pl\\\/wp-content\\\/uploads\\\/2021\\\/04\\\/40.-Pielgrzymka-Kaszubska-1.png\",\"contentUrl\":\"https:\\\/\\\/www.lichen.pl\\\/wp-content\\\/uploads\\\/2021\\\/04\\\/40.-Pielgrzymka-Kaszubska-1.png\",\"width\":224,\"height\":225},{\"@type\":\"BreadcrumbList\",\"@id\":\"http:\\\/\\\/www.lichen.pl\\\/de\\\/40-kaszubska-piesza-pielgrzymka-z-helu-na-jasna-gore-w-licheniu\\\/#breadcrumb\",\"itemListElement\":[{\"@type\":\"ListItem\",\"position\":1,\"name\":\"Strona g\u0142\u00f3wna\",\"item\":\"https:\\\/\\\/www.lichen.pl\\\/\"},{\"@type\":\"ListItem\",\"position\":2,\"name\":\"40. Kaszubska Piesza Pielgrzymka z Helu na Jasn\u0105 G\u00f3r\u0119 w Licheniu\"}]},{\"@type\":\"WebSite\",\"@id\":\"https:\\\/\\\/www.lichen.pl\\\/fr\\\/#website\",\"url\":\"https:\\\/\\\/www.lichen.pl\\\/fr\\\/\",\"name\":\"SANKTUARIUM W LICHENIU\",\"description\":\"MATKI BO\u017bEJ LICHE\u0143SKIEJ BOLESNEJ KR\u00d3LOWEJ POLSKI\",\"potentialAction\":[{\"@type\":\"SearchAction\",\"target\":{\"@type\":\"EntryPoint\",\"urlTemplate\":\"https:\\\/\\\/www.lichen.pl\\\/fr\\\/?s={search_term_string}\"},\"query-input\":{\"@type\":\"PropertyValueSpecification\",\"valueRequired\":true,\"valueName\":\"search_term_string\"}}],\"inLanguage\":\"es\"},{\"@type\":\"Person\",\"@id\":\"https:\\\/\\\/www.lichen.pl\\\/fr\\\/#\\\/schema\\\/person\\\/56fc5b38d70a2b34983408f9a457fd9d\",\"name\":\"Arkadiusz Gorgolewski\",\"image\":{\"@type\":\"ImageObject\",\"inLanguage\":\"es\",\"@id\":\"https:\\\/\\\/secure.gravatar.com\\\/avatar\\\/0f571b370f5aa245b1fd3b9c945511b004fe17579bdefd5054d99f0ba315149c?s=96&d=retro&r=g\",\"url\":\"https:\\\/\\\/secure.gravatar.com\\\/avatar\\\/0f571b370f5aa245b1fd3b9c945511b004fe17579bdefd5054d99f0ba315149c?s=96&d=retro&r=g\",\"contentUrl\":\"https:\\\/\\\/secure.gravatar.com\\\/avatar\\\/0f571b370f5aa245b1fd3b9c945511b004fe17579bdefd5054d99f0ba315149c?s=96&d=retro&r=g\",\"caption\":\"Arkadiusz Gorgolewski\"},\"url\":\"https:\\\/\\\/www.lichen.pl\\\/es\\\/author\\\/sanadmin\\\/\"}]}<\/script>\n<!-- \/ Yoast SEO plugin. -->","yoast_head_json":{"title":"40. Kaszubska Piesza Pielgrzymka z Helu na Jasn\u0105 G\u00f3r\u0119 w Licheniu - SANKTUARIUM W LICHENIU","robots":{"index":"index","follow":"follow","max-snippet":"max-snippet:-1","max-image-preview":"max-image-preview:large","max-video-preview":"max-video-preview:-1"},"canonical":"http:\/\/www.lichen.pl\/es\/40-kaszubska-piesza-pielgrzymka-z-helu-na-jasna-gore-w-licheniu\/","og_locale":"es_ES","og_type":"article","og_title":"40. Kaszubska Piesza Pielgrzymka z Helu na Jasn\u0105 G\u00f3r\u0119 w Licheniu - SANKTUARIUM W LICHENIU","og_description":"Piesza Pielgrzymka z Helu na Jasn\u0105 G\u00f3r\u0119 jest najd\u0142u\u017csz\u0105 polsk\u0105 piesz\u0105 pielgrzymk\u0105. W tym roku rozpocz\u0119\u0142a si\u0119 w niedziel\u0119, 25 lipca, w ko\u015bciele pw. Bo\u017cego Cia\u0142a na Helu, a zako\u0144czy w czwartek, 12 sierpnia, uroczystym wej\u015bciem na Jasn\u0105 G\u00f3r\u0119 i pok\u0142onem przed Obrazem Czarnej Madonny. Ka\u017cdego dnia pielgrzymi maj\u0105 do pokonania dystans ok. 35 km. [&hellip;]","og_url":"http:\/\/www.lichen.pl\/es\/40-kaszubska-piesza-pielgrzymka-z-helu-na-jasna-gore-w-licheniu\/","og_site_name":"SANKTUARIUM W LICHENIU","article_published_time":"2021-08-06T10:47:54+00:00","article_modified_time":"2021-08-11T11:07:39+00:00","og_image":[{"width":224,"height":225,"url":"http:\/\/www.lichen.pl\/wp-content\/uploads\/2021\/04\/40.-Pielgrzymka-Kaszubska-1.png","type":"image\/png"}],"author":"Arkadiusz Gorgolewski","twitter_card":"summary_large_image","twitter_misc":{"Escrito por":"Arkadiusz Gorgolewski","Tiempo de lectura":"2 minutos"},"schema":{"@context":"https:\/\/schema.org","@graph":[{"@type":"Article","@id":"http:\/\/www.lichen.pl\/de\/40-kaszubska-piesza-pielgrzymka-z-helu-na-jasna-gore-w-licheniu\/#article","isPartOf":{"@id":"http:\/\/www.lichen.pl\/de\/40-kaszubska-piesza-pielgrzymka-z-helu-na-jasna-gore-w-licheniu\/"},"author":{"name":"Arkadiusz Gorgolewski","@id":"https:\/\/www.lichen.pl\/fr\/#\/schema\/person\/56fc5b38d70a2b34983408f9a457fd9d"},"headline":"40. Kaszubska Piesza Pielgrzymka z Helu na Jasn\u0105 G\u00f3r\u0119 w Licheniu","datePublished":"2021-08-06T10:47:54+00:00","dateModified":"2021-08-11T11:07:39+00:00","mainEntityOfPage":{"@id":"http:\/\/www.lichen.pl\/de\/40-kaszubska-piesza-pielgrzymka-z-helu-na-jasna-gore-w-licheniu\/"},"wordCount":287,"commentCount":0,"image":{"@id":"http:\/\/www.lichen.pl\/de\/40-kaszubska-piesza-pielgrzymka-z-helu-na-jasna-gore-w-licheniu\/#primaryimage"},"thumbnailUrl":"https:\/\/www.lichen.pl\/wp-content\/uploads\/2021\/04\/40.-Pielgrzymka-Kaszubska-1.png","articleSection":["Aktualno\u015bci"],"inLanguage":"es","potentialAction":[{"@type":"CommentAction","name":"Comment","target":["http:\/\/www.lichen.pl\/de\/40-kaszubska-piesza-pielgrzymka-z-helu-na-jasna-gore-w-licheniu\/#respond"]}]},{"@type":"WebPage","@id":"http:\/\/www.lichen.pl\/de\/40-kaszubska-piesza-pielgrzymka-z-helu-na-jasna-gore-w-licheniu\/","url":"http:\/\/www.lichen.pl\/de\/40-kaszubska-piesza-pielgrzymka-z-helu-na-jasna-gore-w-licheniu\/","name":"40. Kaszubska Piesza Pielgrzymka z Helu na Jasn\u0105 G\u00f3r\u0119 w Licheniu - SANKTUARIUM W LICHENIU","isPartOf":{"@id":"https:\/\/www.lichen.pl\/fr\/#website"},"primaryImageOfPage":{"@id":"http:\/\/www.lichen.pl\/de\/40-kaszubska-piesza-pielgrzymka-z-helu-na-jasna-gore-w-licheniu\/#primaryimage"},"image":{"@id":"http:\/\/www.lichen.pl\/de\/40-kaszubska-piesza-pielgrzymka-z-helu-na-jasna-gore-w-licheniu\/#primaryimage"},"thumbnailUrl":"https:\/\/www.lichen.pl\/wp-content\/uploads\/2021\/04\/40.-Pielgrzymka-Kaszubska-1.png","datePublished":"2021-08-06T10:47:54+00:00","dateModified":"2021-08-11T11:07:39+00:00","author":{"@id":"https:\/\/www.lichen.pl\/fr\/#\/schema\/person\/56fc5b38d70a2b34983408f9a457fd9d"},"breadcrumb":{"@id":"http:\/\/www.lichen.pl\/de\/40-kaszubska-piesza-pielgrzymka-z-helu-na-jasna-gore-w-licheniu\/#breadcrumb"},"inLanguage":"es","potentialAction":[{"@type":"ReadAction","target":["http:\/\/www.lichen.pl\/de\/40-kaszubska-piesza-pielgrzymka-z-helu-na-jasna-gore-w-licheniu\/"]}]},{"@type":"ImageObject","inLanguage":"es","@id":"http:\/\/www.lichen.pl\/de\/40-kaszubska-piesza-pielgrzymka-z-helu-na-jasna-gore-w-licheniu\/#primaryimage","url":"https:\/\/www.lichen.pl\/wp-content\/uploads\/2021\/04\/40.-Pielgrzymka-Kaszubska-1.png","contentUrl":"https:\/\/www.lichen.pl\/wp-content\/uploads\/2021\/04\/40.-Pielgrzymka-Kaszubska-1.png","width":224,"height":225},{"@type":"BreadcrumbList","@id":"http:\/\/www.lichen.pl\/de\/40-kaszubska-piesza-pielgrzymka-z-helu-na-jasna-gore-w-licheniu\/#breadcrumb","itemListElement":[{"@type":"ListItem","position":1,"name":"Strona g\u0142\u00f3wna","item":"https:\/\/www.lichen.pl\/"},{"@type":"ListItem","position":2,"name":"40. Kaszubska Piesza Pielgrzymka z Helu na Jasn\u0105 G\u00f3r\u0119 w Licheniu"}]},{"@type":"WebSite","@id":"https:\/\/www.lichen.pl\/fr\/#website","url":"https:\/\/www.lichen.pl\/fr\/","name":"SANTUARIO EN LICHENIA","description":"LA DOLOROSA REINA DE POLONIA DE NUESTRO LICHEN","potentialAction":[{"@type":"SearchAction","target":{"@type":"EntryPoint","urlTemplate":"https:\/\/www.lichen.pl\/fr\/?s={search_term_string}"},"query-input":{"@type":"PropertyValueSpecification","valueRequired":true,"valueName":"search_term_string"}}],"inLanguage":"es"},{"@type":"Person","@id":"https:\/\/www.lichen.pl\/fr\/#\/schema\/person\/56fc5b38d70a2b34983408f9a457fd9d","name":"Arkadiusz Gorgolewski","image":{"@type":"ImageObject","inLanguage":"es","@id":"https:\/\/secure.gravatar.com\/avatar\/0f571b370f5aa245b1fd3b9c945511b004fe17579bdefd5054d99f0ba315149c?s=96&d=retro&r=g","url":"https:\/\/secure.gravatar.com\/avatar\/0f571b370f5aa245b1fd3b9c945511b004fe17579bdefd5054d99f0ba315149c?s=96&d=retro&r=g","contentUrl":"https:\/\/secure.gravatar.com\/avatar\/0f571b370f5aa245b1fd3b9c945511b004fe17579bdefd5054d99f0ba315149c?s=96&d=retro&r=g","caption":"Arkadiusz Gorgolewski"},"url":"https:\/\/www.lichen.pl\/es\/author\/sanadmin\/"}]}},"_links":{"self":[{"href":"https:\/\/www.lichen.pl\/es\/wp-json\/wp\/v2\/posts\/27513","targetHints":{"allow":["GET"]}}],"collection":[{"href":"https:\/\/www.lichen.pl\/es\/wp-json\/wp\/v2\/posts"}],"about":[{"href":"https:\/\/www.lichen.pl\/es\/wp-json\/wp\/v2\/types\/post"}],"author":[{"embeddable":true,"href":"https:\/\/www.lichen.pl\/es\/wp-json\/wp\/v2\/users\/2"}],"replies":[{"embeddable":true,"href":"https:\/\/www.lichen.pl\/es\/wp-json\/wp\/v2\/comments?post=27513"}],"version-history":[{"count":4,"href":"https:\/\/www.lichen.pl\/es\/wp-json\/wp\/v2\/posts\/27513\/revisions"}],"predecessor-version":[{"id":27569,"href":"https:\/\/www.lichen.pl\/es\/wp-json\/wp\/v2\/posts\/27513\/revisions\/27569"}],"wp:featuredmedia":[{"embeddable":true,"href":"https:\/\/www.lichen.pl\/es\/wp-json\/wp\/v2\/media\/25981"}],"wp:attachment":[{"href":"https:\/\/www.lichen.pl\/es\/wp-json\/wp\/v2\/media?parent=27513"}],"wp:term":[{"taxonomy":"category","embeddable":true,"href":"https:\/\/www.lichen.pl\/es\/wp-json\/wp\/v2\/categories?post=27513"},{"taxonomy":"post_tag","embeddable":true,"href":"https:\/\/www.lichen.pl\/es\/wp-json\/wp\/v2\/tags?post=27513"}],"curies":[{"name":"wp","href":"https:\/\/api.w.org\/{rel}","templated":true}]}}