{"id":27786,"date":"2021-08-14T20:30:41","date_gmt":"2021-08-14T20:30:41","guid":{"rendered":"http:\/\/www.lichen.pl\/w-licheniu-rozpoczely-sie-warsztaty-ars-celebrandi-copy\/"},"modified":"2021-08-17T19:39:24","modified_gmt":"2021-08-17T19:39:24","slug":"rozpoczecie-uroczystosci-odpustowych-w-lichenskim-sanktuarium","status":"publish","type":"post","link":"https:\/\/www.lichen.pl\/es\/rozpoczecie-uroczystosci-odpustowych-w-lichenskim-sanktuarium\/","title":{"rendered":"Inicio de las ceremonias de peregrinaci\u00f3n en el santuario de Liche\u0144"},"content":{"rendered":"<div data-elementor-type=\"wp-post\" data-elementor-id=\"27786\" class=\"elementor elementor-27786\" data-elementor-post-type=\"post\">\n\t\t\t\t\t\t<section class=\"elementor-section elementor-top-section elementor-element elementor-element-9077e4f elementor-section-boxed elementor-section-height-default elementor-section-height-default\" data-id=\"9077e4f\" data-element_type=\"section\" data-e-type=\"section\">\n\t\t\t\t\t\t<div class=\"elementor-container elementor-column-gap-default\">\n\t\t\t\t\t<div class=\"elementor-column elementor-col-100 elementor-top-column elementor-element elementor-element-08bb483\" data-id=\"08bb483\" data-element_type=\"column\" data-e-type=\"column\">\n\t\t\t<div class=\"elementor-widget-wrap elementor-element-populated\">\n\t\t\t\t\t\t<div class=\"elementor-element elementor-element-b28a545 elementor-widget elementor-widget-heading\" data-id=\"b28a545\" data-element_type=\"widget\" data-e-type=\"widget\" data-widget_type=\"heading.default\">\n\t\t\t\t<div class=\"elementor-widget-container\">\n\t\t\t\t\t<h2 class=\"elementor-heading-title elementor-size-default\">Las primeras V\u00edsperas de la Asunci\u00f3n de la Sant\u00edsima Virgen Mar\u00eda comenzaron el s\u00e1bado 14 de agosto con ceremonias de indulgencia en el santuario de Liche\u0144. Se celebr\u00f3 una solemne liturgia en el altar de la coronaci\u00f3n junto a la iglesia parroquial de S t. Dorothy.<\/h2>\t\t\t\t<\/div>\n\t\t\t\t<\/div>\n\t\t\t\t<section class=\"elementor-section elementor-inner-section elementor-element elementor-element-6b6583a elementor-section-boxed elementor-section-height-default elementor-section-height-default\" data-id=\"6b6583a\" data-element_type=\"section\" data-e-type=\"section\">\n\t\t\t\t\t\t<div class=\"elementor-container elementor-column-gap-default\">\n\t\t\t\t\t<div class=\"elementor-column elementor-col-50 elementor-inner-column elementor-element elementor-element-0a94660\" data-id=\"0a94660\" data-element_type=\"column\" data-e-type=\"column\">\n\t\t\t<div class=\"elementor-widget-wrap elementor-element-populated\">\n\t\t\t\t\t\t<div class=\"elementor-element elementor-element-946f3cd elementor-widget elementor-widget-image\" data-id=\"946f3cd\" data-element_type=\"widget\" data-e-type=\"widget\" data-widget_type=\"image.default\">\n\t\t\t\t<div class=\"elementor-widget-container\">\n\t\t\t\t\t\t\t\t\t\t\t\t\t\t\t<img fetchpriority=\"high\" decoding=\"async\" width=\"768\" height=\"1152\" src=\"https:\/\/www.lichen.pl\/wp-content\/uploads\/2021\/08\/Rozpoczecie-uroczystosci-odpustowych-sobota-14-sierpnia-2021-1-768x1152.jpg\" class=\"attachment-medium_large size-medium_large wp-image-27788\" alt=\"\" srcset=\"https:\/\/www.lichen.pl\/wp-content\/uploads\/2021\/08\/Rozpoczecie-uroczystosci-odpustowych-sobota-14-sierpnia-2021-1-768x1152.jpg 768w, https:\/\/www.lichen.pl\/wp-content\/uploads\/2021\/08\/Rozpoczecie-uroczystosci-odpustowych-sobota-14-sierpnia-2021-1-800x1200.jpg 800w, https:\/\/www.lichen.pl\/wp-content\/uploads\/2021\/08\/Rozpoczecie-uroczystosci-odpustowych-sobota-14-sierpnia-2021-1-200x300.jpg 200w, https:\/\/www.lichen.pl\/wp-content\/uploads\/2021\/08\/Rozpoczecie-uroczystosci-odpustowych-sobota-14-sierpnia-2021-1-682x1024.jpg 682w, https:\/\/www.lichen.pl\/wp-content\/uploads\/2021\/08\/Rozpoczecie-uroczystosci-odpustowych-sobota-14-sierpnia-2021-1-1024x1536.jpg 1024w, https:\/\/www.lichen.pl\/wp-content\/uploads\/2021\/08\/Rozpoczecie-uroczystosci-odpustowych-sobota-14-sierpnia-2021-1.jpg 853w\" sizes=\"(max-width: 768px) 100vw, 768px\" \/>\t\t\t\t\t\t\t\t\t\t\t\t\t\t\t<\/div>\n\t\t\t\t<\/div>\n\t\t\t\t\t<\/div>\n\t\t<\/div>\n\t\t\t\t<div class=\"elementor-column elementor-col-50 elementor-inner-column elementor-element elementor-element-f109e72\" data-id=\"f109e72\" data-element_type=\"column\" data-e-type=\"column\">\n\t\t\t<div class=\"elementor-widget-wrap elementor-element-populated\">\n\t\t\t\t\t\t<div class=\"elementor-element elementor-element-fcf0fcd elementor-widget elementor-widget-text-editor\" data-id=\"fcf0fcd\" data-element_type=\"widget\" data-e-type=\"widget\" data-widget_type=\"text-editor.default\">\n\t\t\t\t<div class=\"elementor-widget-container\">\n\t\t\t\t\t\t\t\t\t<p>La Santa Misa fue presidida por el P. Bogus\u0142aw Binda, MIC, superior de la comunidad Liquen de la Congregaci\u00f3n de los Padres Marianos. La liturgia fue concelebrada, entre otros: Fr. Janusz Kumala, MIC y el curador del santuario, el P. Rafa\u0142 Krauze, MIC, p\u00e1rroco de la parroquia de Liche\u0144<br \/>&quot;Mar\u00eda nos invita hoy a glorificar a Dios con ella&quot;, dijo el p. Binda. \u201cTen\u00eda esta extraordinaria cercan\u00eda y familiaridad. Nadie entre la gente conoce a Jes\u00fas como Mar\u00eda, y nadie lo ama tanto. Hoy celebramos las consecuencias de esta cercan\u00eda. El Resucitado no pod\u00eda permitir que Su Madre no participara de Su gloria. Fue llevada en cuerpo y alma al hogar que Dios hab\u00eda preparado para ella durante siglos. \u00c9l vela por nuestros caminos terrenales para que podamos llegar al cielo &quot;.<br \/>P. En su homil\u00eda, Binda explic\u00f3 que la fiesta de la Asunci\u00f3n de la Sant\u00edsima Virgen Mar\u00eda nos hace conscientes de que tenemos a alguien que nos gu\u00eda y vela por nosotros sin excepci\u00f3n. \u201cGracias a ella, siempre estaremos cerca de Jesucristo. Experimentamos esta cercan\u00eda cuando nos dejamos guiar por ella. No solo debemos honrarlo, sino tambi\u00e9n imitarlo. Gracias a su &#039;s\u00ed&#039;, que le dijo a Dios, jug\u00f3 un papel clave en la historia de la salvaci\u00f3n &quot;, dijo el sacerdote, alentando:&quot; Cuando la fe no nos llegue f\u00e1cilmente, vayamos a Mar\u00eda &quot;.<\/p>\t\t\t\t\t\t\t\t<\/div>\n\t\t\t\t<\/div>\n\t\t\t\t\t<\/div>\n\t\t<\/div>\n\t\t\t\t\t<\/div>\n\t\t<\/section>\n\t\t\t\t<div class=\"elementor-element elementor-element-8a16bf5 elementor-widget elementor-widget-text-editor\" data-id=\"8a16bf5\" data-element_type=\"widget\" data-e-type=\"widget\" data-widget_type=\"text-editor.default\">\n\t\t\t\t<div class=\"elementor-widget-container\">\n\t\t\t\t\t\t\t\t\t<p>El titular de la comunidad Liquen de los Padres Marianos destac\u00f3 que estamos celebrando el 54 aniversario de la coronaci\u00f3n de la Imagen de Nuestra Se\u00f1ora del Liquen con la corona papal, que fue realizada el 15 de agosto de 1967 por la Sierva de Dios, Card. Stefan Wyszy\u0144ski. El monje record\u00f3 la persona del cardenal Wyszy\u0144ski, destacando el 120 aniversario y el 97 aniversario de la ordenaci\u00f3n sacerdotal celebrados hace dos semanas. El 15 de agosto de 1967, el cardenal Wyszy\u0144ski pronunci\u00f3 dos discursos (a los j\u00f3venes y al p\u00fablico en general). Record\u00f3 entonces c\u00f3mo 45 a\u00f1os antes hab\u00eda estado en Liche\u0144 como un joven alumno del seminario de W\u0142oc\u0142awek, entre otros. los favores experimentados por los adoradores de Mar\u00eda del Liquen o por ense\u00f1ar a los ni\u00f1os el catecismo. La visita de Wyszy\u0144ski a Liche\u0144 tambi\u00e9n fue recordada por una pancarta colgada en el altar de la coronaci\u00f3n con una cita del Primado del Milenio: &quot;El mundo necesita una Madre&quot;.<\/p><p>Pasadas las 20.00 horas en la bas\u00edlica hubo un concierto de cantos marianos interpretado por Barbara Kaczor, organista de la bas\u00edlica de Liche\u0144. Pod\u00edas escuchar, entre otros &quot;Mar\u00eda, bella Se\u00f1ora&quot;, &quot;L\u00e1grimas de Madre&quot;, &quot;Tras las huellas de Mar\u00eda estoy en peregrinaci\u00f3n&quot;, &quot;A qui\u00e9n, Madre, debo creer hoy&quot; o &quot;Buenas noches Se\u00f1ora&quot;.<\/p>\t\t\t\t\t\t\t\t<\/div>\n\t\t\t\t<\/div>\n\t\t\t\t<div class=\"elementor-element elementor-element-fed20be elementor-widget elementor-widget-text-editor\" data-id=\"fed20be\" data-element_type=\"widget\" data-e-type=\"widget\" data-widget_type=\"text-editor.default\">\n\t\t\t\t<div class=\"elementor-widget-container\">\n\t\t\t\t\t\t\t\t\t<p>Texto y fotos: Oficina de Prensa del Santuario<\/p>\t\t\t\t\t\t\t\t<\/div>\n\t\t\t\t<\/div>\n\t\t\t\t<div class=\"elementor-element elementor-element-dda1d5f elementor-widget-divider--view-line_icon elementor-view-default elementor-widget-divider--element-align-center elementor-widget elementor-widget-divider\" data-id=\"dda1d5f\" data-element_type=\"widget\" data-e-type=\"widget\" data-widget_type=\"divider.default\">\n\t\t\t\t<div class=\"elementor-widget-container\">\n\t\t\t\t\t\t\t<div class=\"elementor-divider\">\n\t\t\t<span class=\"elementor-divider-separator\">\n\t\t\t\t\t\t\t<div class=\"elementor-icon elementor-divider__element\">\n\t\t\t\t\t<i aria-hidden=\"true\" class=\"fas fa-camera\"><\/i><\/div>\n\t\t\t\t\t\t<\/span>\n\t\t<\/div>\n\t\t\t\t\t\t<\/div>\n\t\t\t\t<\/div>\n\t\t\t\t<div class=\"elementor-element elementor-element-8ca278c elementor-widget elementor-widget-gallery\" data-id=\"8ca278c\" data-element_type=\"widget\" data-e-type=\"widget\" data-settings=\"{&quot;columns&quot;:6,&quot;lazyload&quot;:&quot;yes&quot;,&quot;gallery_layout&quot;:&quot;grid&quot;,&quot;columns_tablet&quot;:2,&quot;columns_mobile&quot;:1,&quot;gap&quot;:{&quot;unit&quot;:&quot;px&quot;,&quot;size&quot;:10,&quot;sizes&quot;:[]},&quot;gap_tablet&quot;:{&quot;unit&quot;:&quot;px&quot;,&quot;size&quot;:10,&quot;sizes&quot;:[]},&quot;gap_mobile&quot;:{&quot;unit&quot;:&quot;px&quot;,&quot;size&quot;:10,&quot;sizes&quot;:[]},&quot;link_to&quot;:&quot;file&quot;,&quot;aspect_ratio&quot;:&quot;3:2&quot;,&quot;overlay_background&quot;:&quot;yes&quot;,&quot;content_hover_animation&quot;:&quot;fade-in&quot;}\" data-widget_type=\"gallery.default\">\n\t\t\t\t<div class=\"elementor-widget-container\">\n\t\t\t\t\t\t\t<div class=\"elementor-gallery__container\">\n\t\t\t\t\t\t\t<a class=\"e-gallery-item elementor-gallery-item elementor-animated-content\" href=\"https:\/\/www.lichen.pl\/wp-content\/uploads\/2021\/08\/Rozpoczecie-uroczystosci-odpustowych-sobota-14-sierpnia-2021-2.jpg\" data-elementor-open-lightbox=\"yes\" data-elementor-lightbox-slideshow=\"8ca278c\" data-elementor-lightbox-title=\"Rozpocz\u0119cie uroczysto\u015bci odpustowych, sobota, 14 sierpnia 2021 2\" data-e-action-hash=\"#elementor-action%3Aaction%3Dlightbox%26settings%3DeyJpZCI6Mjc3OTMsInVybCI6Imh0dHBzOlwvXC93d3cubGljaGVuLnBsXC93cC1jb250ZW50XC91cGxvYWRzXC8yMDIxXC8wOFwvUm96cG9jemVjaWUtdXJvY3p5c3Rvc2NpLW9kcHVzdG93eWNoLXNvYm90YS0xNC1zaWVycG5pYS0yMDIxLTIuanBnIiwic2xpZGVzaG93IjoiOGNhMjc4YyJ9\">\n\t\t\t\t\t<div class=\"e-gallery-image elementor-gallery-item__image\" data-thumbnail=\"https:\/\/www.lichen.pl\/wp-content\/uploads\/2021\/08\/Rozpoczecie-uroczystosci-odpustowych-sobota-14-sierpnia-2021-2-300x200.jpg\" data-width=\"300\" data-height=\"200\" aria-label=\"\" role=\"img\" ><\/div>\n\t\t\t\t\t\t\t\t\t\t\t<div class=\"elementor-gallery-item__overlay\"><\/div>\n\t\t\t\t\t\t\t\t\t\t\t\t\t\t<\/a>\n\t\t\t\t\t\t\t<a class=\"e-gallery-item elementor-gallery-item elementor-animated-content\" href=\"https:\/\/www.lichen.pl\/wp-content\/uploads\/2021\/08\/Rozpoczecie-uroczystosci-odpustowych-sobota-14-sierpnia-2021-4.jpg\" data-elementor-open-lightbox=\"yes\" data-elementor-lightbox-slideshow=\"8ca278c\" data-elementor-lightbox-title=\"Rozpocz\u0119cie uroczysto\u015bci odpustowych, sobota, 14 sierpnia 2021 4\" data-e-action-hash=\"#elementor-action%3Aaction%3Dlightbox%26settings%3DeyJpZCI6Mjc4MDMsInVybCI6Imh0dHBzOlwvXC93d3cubGljaGVuLnBsXC93cC1jb250ZW50XC91cGxvYWRzXC8yMDIxXC8wOFwvUm96cG9jemVjaWUtdXJvY3p5c3Rvc2NpLW9kcHVzdG93eWNoLXNvYm90YS0xNC1zaWVycG5pYS0yMDIxLTQuanBnIiwic2xpZGVzaG93IjoiOGNhMjc4YyJ9\">\n\t\t\t\t\t<div class=\"e-gallery-image elementor-gallery-item__image\" data-thumbnail=\"https:\/\/www.lichen.pl\/wp-content\/uploads\/2021\/08\/Rozpoczecie-uroczystosci-odpustowych-sobota-14-sierpnia-2021-4-300x200.jpg\" data-width=\"300\" data-height=\"200\" aria-label=\"\" role=\"img\" ><\/div>\n\t\t\t\t\t\t\t\t\t\t\t<div class=\"elementor-gallery-item__overlay\"><\/div>\n\t\t\t\t\t\t\t\t\t\t\t\t\t\t<\/a>\n\t\t\t\t\t\t\t<a class=\"e-gallery-item elementor-gallery-item elementor-animated-content\" href=\"https:\/\/www.lichen.pl\/wp-content\/uploads\/2021\/08\/Rozpoczecie-uroczystosci-odpustowych-sobota-14-sierpnia-2021-9.jpg\" data-elementor-open-lightbox=\"yes\" data-elementor-lightbox-slideshow=\"8ca278c\" data-elementor-lightbox-title=\"Rozpocz\u0119cie uroczysto\u015bci odpustowych, sobota, 14 sierpnia 2021 9\" data-e-action-hash=\"#elementor-action%3Aaction%3Dlightbox%26settings%3DeyJpZCI6Mjc4MjgsInVybCI6Imh0dHBzOlwvXC93d3cubGljaGVuLnBsXC93cC1jb250ZW50XC91cGxvYWRzXC8yMDIxXC8wOFwvUm96cG9jemVjaWUtdXJvY3p5c3Rvc2NpLW9kcHVzdG93eWNoLXNvYm90YS0xNC1zaWVycG5pYS0yMDIxLTkuanBnIiwic2xpZGVzaG93IjoiOGNhMjc4YyJ9\">\n\t\t\t\t\t<div class=\"e-gallery-image elementor-gallery-item__image\" data-thumbnail=\"https:\/\/www.lichen.pl\/wp-content\/uploads\/2021\/08\/Rozpoczecie-uroczystosci-odpustowych-sobota-14-sierpnia-2021-9-200x300.jpg\" data-width=\"200\" data-height=\"300\" aria-label=\"\" role=\"img\" ><\/div>\n\t\t\t\t\t\t\t\t\t\t\t<div class=\"elementor-gallery-item__overlay\"><\/div>\n\t\t\t\t\t\t\t\t\t\t\t\t\t\t<\/a>\n\t\t\t\t\t\t\t<a class=\"e-gallery-item elementor-gallery-item elementor-animated-content\" href=\"https:\/\/www.lichen.pl\/wp-content\/uploads\/2021\/08\/Rozpoczecie-uroczystosci-odpustowych-sobota-14-sierpnia-2021-10.jpg\" data-elementor-open-lightbox=\"yes\" data-elementor-lightbox-slideshow=\"8ca278c\" data-elementor-lightbox-title=\"Rozpocz\u0119cie uroczysto\u015bci odpustowych, sobota, 14 sierpnia 2021 10\" data-e-action-hash=\"#elementor-action%3Aaction%3Dlightbox%26settings%3DeyJpZCI6Mjc4MzMsInVybCI6Imh0dHBzOlwvXC93d3cubGljaGVuLnBsXC93cC1jb250ZW50XC91cGxvYWRzXC8yMDIxXC8wOFwvUm96cG9jemVjaWUtdXJvY3p5c3Rvc2NpLW9kcHVzdG93eWNoLXNvYm90YS0xNC1zaWVycG5pYS0yMDIxLTEwLmpwZyIsInNsaWRlc2hvdyI6IjhjYTI3OGMifQ%3D%3D\">\n\t\t\t\t\t<div class=\"e-gallery-image elementor-gallery-item__image\" data-thumbnail=\"https:\/\/www.lichen.pl\/wp-content\/uploads\/2021\/08\/Rozpoczecie-uroczystosci-odpustowych-sobota-14-sierpnia-2021-10-200x300.jpg\" data-width=\"200\" data-height=\"300\" aria-label=\"\" role=\"img\" ><\/div>\n\t\t\t\t\t\t\t\t\t\t\t<div class=\"elementor-gallery-item__overlay\"><\/div>\n\t\t\t\t\t\t\t\t\t\t\t\t\t\t<\/a>\n\t\t\t\t\t\t\t<a class=\"e-gallery-item elementor-gallery-item elementor-animated-content\" href=\"https:\/\/www.lichen.pl\/wp-content\/uploads\/2021\/08\/Rozpoczecie-uroczystosci-odpustowych-sobota-14-sierpnia-2021-11.jpg\" data-elementor-open-lightbox=\"yes\" data-elementor-lightbox-slideshow=\"8ca278c\" data-elementor-lightbox-title=\"Rozpocz\u0119cie uroczysto\u015bci odpustowych, sobota, 14 sierpnia 2021 11\" data-e-action-hash=\"#elementor-action%3Aaction%3Dlightbox%26settings%3DeyJpZCI6Mjc4MzgsInVybCI6Imh0dHBzOlwvXC93d3cubGljaGVuLnBsXC93cC1jb250ZW50XC91cGxvYWRzXC8yMDIxXC8wOFwvUm96cG9jemVjaWUtdXJvY3p5c3Rvc2NpLW9kcHVzdG93eWNoLXNvYm90YS0xNC1zaWVycG5pYS0yMDIxLTExLmpwZyIsInNsaWRlc2hvdyI6IjhjYTI3OGMifQ%3D%3D\">\n\t\t\t\t\t<div class=\"e-gallery-image elementor-gallery-item__image\" data-thumbnail=\"https:\/\/www.lichen.pl\/wp-content\/uploads\/2021\/08\/Rozpoczecie-uroczystosci-odpustowych-sobota-14-sierpnia-2021-11-200x300.jpg\" data-width=\"200\" data-height=\"300\" aria-label=\"\" role=\"img\" ><\/div>\n\t\t\t\t\t\t\t\t\t\t\t<div class=\"elementor-gallery-item__overlay\"><\/div>\n\t\t\t\t\t\t\t\t\t\t\t\t\t\t<\/a>\n\t\t\t\t\t\t\t<a class=\"e-gallery-item elementor-gallery-item elementor-animated-content\" href=\"https:\/\/www.lichen.pl\/wp-content\/uploads\/2021\/08\/Rozpoczecie-uroczystosci-odpustowych-sobota-14-sierpnia-2021-12.jpg\" data-elementor-open-lightbox=\"yes\" data-elementor-lightbox-slideshow=\"8ca278c\" data-elementor-lightbox-title=\"Rozpocz\u0119cie uroczysto\u015bci odpustowych, sobota, 14 sierpnia 2021 12\" data-e-action-hash=\"#elementor-action%3Aaction%3Dlightbox%26settings%3DeyJpZCI6Mjc4NDMsInVybCI6Imh0dHBzOlwvXC93d3cubGljaGVuLnBsXC93cC1jb250ZW50XC91cGxvYWRzXC8yMDIxXC8wOFwvUm96cG9jemVjaWUtdXJvY3p5c3Rvc2NpLW9kcHVzdG93eWNoLXNvYm90YS0xNC1zaWVycG5pYS0yMDIxLTEyLmpwZyIsInNsaWRlc2hvdyI6IjhjYTI3OGMifQ%3D%3D\">\n\t\t\t\t\t<div class=\"e-gallery-image elementor-gallery-item__image\" data-thumbnail=\"https:\/\/www.lichen.pl\/wp-content\/uploads\/2021\/08\/Rozpoczecie-uroczystosci-odpustowych-sobota-14-sierpnia-2021-12-200x300.jpg\" data-width=\"200\" data-height=\"300\" aria-label=\"\" role=\"img\" ><\/div>\n\t\t\t\t\t\t\t\t\t\t\t<div class=\"elementor-gallery-item__overlay\"><\/div>\n\t\t\t\t\t\t\t\t\t\t\t\t\t\t<\/a>\n\t\t\t\t\t\t\t<a class=\"e-gallery-item elementor-gallery-item elementor-animated-content\" href=\"https:\/\/www.lichen.pl\/wp-content\/uploads\/2021\/08\/Rozpoczecie-uroczystosci-odpustowych-sobota-14-sierpnia-2021-15.jpg\" data-elementor-open-lightbox=\"yes\" data-elementor-lightbox-slideshow=\"8ca278c\" data-elementor-lightbox-title=\"Rozpocz\u0119cie uroczysto\u015bci odpustowych, sobota, 14 sierpnia 2021 15\" data-e-action-hash=\"#elementor-action%3Aaction%3Dlightbox%26settings%3DeyJpZCI6Mjc4NTgsInVybCI6Imh0dHBzOlwvXC93d3cubGljaGVuLnBsXC93cC1jb250ZW50XC91cGxvYWRzXC8yMDIxXC8wOFwvUm96cG9jemVjaWUtdXJvY3p5c3Rvc2NpLW9kcHVzdG93eWNoLXNvYm90YS0xNC1zaWVycG5pYS0yMDIxLTE1LmpwZyIsInNsaWRlc2hvdyI6IjhjYTI3OGMifQ%3D%3D\">\n\t\t\t\t\t<div class=\"e-gallery-image elementor-gallery-item__image\" data-thumbnail=\"https:\/\/www.lichen.pl\/wp-content\/uploads\/2021\/08\/Rozpoczecie-uroczystosci-odpustowych-sobota-14-sierpnia-2021-15-200x300.jpg\" data-width=\"200\" data-height=\"300\" aria-label=\"\" role=\"img\" ><\/div>\n\t\t\t\t\t\t\t\t\t\t\t<div class=\"elementor-gallery-item__overlay\"><\/div>\n\t\t\t\t\t\t\t\t\t\t\t\t\t\t<\/a>\n\t\t\t\t\t\t\t<a class=\"e-gallery-item elementor-gallery-item elementor-animated-content\" href=\"https:\/\/www.lichen.pl\/wp-content\/uploads\/2021\/08\/Rozpoczecie-uroczystosci-odpustowych-sobota-14-sierpnia-2021-16.jpg\" data-elementor-open-lightbox=\"yes\" data-elementor-lightbox-slideshow=\"8ca278c\" data-elementor-lightbox-title=\"Rozpocz\u0119cie uroczysto\u015bci odpustowych, sobota, 14 sierpnia 2021 16\" data-e-action-hash=\"#elementor-action%3Aaction%3Dlightbox%26settings%3DeyJpZCI6Mjc4NjMsInVybCI6Imh0dHBzOlwvXC93d3cubGljaGVuLnBsXC93cC1jb250ZW50XC91cGxvYWRzXC8yMDIxXC8wOFwvUm96cG9jemVjaWUtdXJvY3p5c3Rvc2NpLW9kcHVzdG93eWNoLXNvYm90YS0xNC1zaWVycG5pYS0yMDIxLTE2LmpwZyIsInNsaWRlc2hvdyI6IjhjYTI3OGMifQ%3D%3D\">\n\t\t\t\t\t<div class=\"e-gallery-image elementor-gallery-item__image\" data-thumbnail=\"https:\/\/www.lichen.pl\/wp-content\/uploads\/2021\/08\/Rozpoczecie-uroczystosci-odpustowych-sobota-14-sierpnia-2021-16-200x300.jpg\" data-width=\"200\" data-height=\"300\" aria-label=\"\" role=\"img\" ><\/div>\n\t\t\t\t\t\t\t\t\t\t\t<div class=\"elementor-gallery-item__overlay\"><\/div>\n\t\t\t\t\t\t\t\t\t\t\t\t\t\t<\/a>\n\t\t\t\t\t\t\t<a class=\"e-gallery-item elementor-gallery-item elementor-animated-content\" href=\"https:\/\/www.lichen.pl\/wp-content\/uploads\/2021\/08\/Rozpoczecie-uroczystosci-odpustowych-sobota-14-sierpnia-2021-17.jpg\" data-elementor-open-lightbox=\"yes\" data-elementor-lightbox-slideshow=\"8ca278c\" data-elementor-lightbox-title=\"Rozpocz\u0119cie uroczysto\u015bci odpustowych, sobota, 14 sierpnia 2021 17\" data-e-action-hash=\"#elementor-action%3Aaction%3Dlightbox%26settings%3DeyJpZCI6Mjc4NjgsInVybCI6Imh0dHBzOlwvXC93d3cubGljaGVuLnBsXC93cC1jb250ZW50XC91cGxvYWRzXC8yMDIxXC8wOFwvUm96cG9jemVjaWUtdXJvY3p5c3Rvc2NpLW9kcHVzdG93eWNoLXNvYm90YS0xNC1zaWVycG5pYS0yMDIxLTE3LmpwZyIsInNsaWRlc2hvdyI6IjhjYTI3OGMifQ%3D%3D\">\n\t\t\t\t\t<div class=\"e-gallery-image elementor-gallery-item__image\" data-thumbnail=\"https:\/\/www.lichen.pl\/wp-content\/uploads\/2021\/08\/Rozpoczecie-uroczystosci-odpustowych-sobota-14-sierpnia-2021-17-200x300.jpg\" data-width=\"200\" data-height=\"300\" aria-label=\"\" role=\"img\" ><\/div>\n\t\t\t\t\t\t\t\t\t\t\t<div class=\"elementor-gallery-item__overlay\"><\/div>\n\t\t\t\t\t\t\t\t\t\t\t\t\t\t<\/a>\n\t\t\t\t\t\t\t<a class=\"e-gallery-item elementor-gallery-item elementor-animated-content\" href=\"https:\/\/www.lichen.pl\/wp-content\/uploads\/2021\/08\/Rozpoczecie-uroczystosci-odpustowych-sobota-14-sierpnia-2021-18.jpg\" data-elementor-open-lightbox=\"yes\" data-elementor-lightbox-slideshow=\"8ca278c\" data-elementor-lightbox-title=\"Rozpocz\u0119cie uroczysto\u015bci odpustowych, sobota, 14 sierpnia 2021 18\" data-e-action-hash=\"#elementor-action%3Aaction%3Dlightbox%26settings%3DeyJpZCI6Mjc4NzMsInVybCI6Imh0dHBzOlwvXC93d3cubGljaGVuLnBsXC93cC1jb250ZW50XC91cGxvYWRzXC8yMDIxXC8wOFwvUm96cG9jemVjaWUtdXJvY3p5c3Rvc2NpLW9kcHVzdG93eWNoLXNvYm90YS0xNC1zaWVycG5pYS0yMDIxLTE4LmpwZyIsInNsaWRlc2hvdyI6IjhjYTI3OGMifQ%3D%3D\">\n\t\t\t\t\t<div class=\"e-gallery-image elementor-gallery-item__image\" data-thumbnail=\"https:\/\/www.lichen.pl\/wp-content\/uploads\/2021\/08\/Rozpoczecie-uroczystosci-odpustowych-sobota-14-sierpnia-2021-18-200x300.jpg\" data-width=\"200\" data-height=\"300\" aria-label=\"\" role=\"img\" ><\/div>\n\t\t\t\t\t\t\t\t\t\t\t<div class=\"elementor-gallery-item__overlay\"><\/div>\n\t\t\t\t\t\t\t\t\t\t\t\t\t\t<\/a>\n\t\t\t\t\t\t\t<a class=\"e-gallery-item elementor-gallery-item elementor-animated-content\" href=\"https:\/\/www.lichen.pl\/wp-content\/uploads\/2021\/08\/Rozpoczecie-uroczystosci-odpustowych-sobota-14-sierpnia-2021-19.jpg\" data-elementor-open-lightbox=\"yes\" data-elementor-lightbox-slideshow=\"8ca278c\" data-elementor-lightbox-title=\"Rozpocz\u0119cie uroczysto\u015bci odpustowych, sobota, 14 sierpnia 2021 19\" data-e-action-hash=\"#elementor-action%3Aaction%3Dlightbox%26settings%3DeyJpZCI6Mjc4NzgsInVybCI6Imh0dHBzOlwvXC93d3cubGljaGVuLnBsXC93cC1jb250ZW50XC91cGxvYWRzXC8yMDIxXC8wOFwvUm96cG9jemVjaWUtdXJvY3p5c3Rvc2NpLW9kcHVzdG93eWNoLXNvYm90YS0xNC1zaWVycG5pYS0yMDIxLTE5LmpwZyIsInNsaWRlc2hvdyI6IjhjYTI3OGMifQ%3D%3D\">\n\t\t\t\t\t<div class=\"e-gallery-image elementor-gallery-item__image\" data-thumbnail=\"https:\/\/www.lichen.pl\/wp-content\/uploads\/2021\/08\/Rozpoczecie-uroczystosci-odpustowych-sobota-14-sierpnia-2021-19-200x300.jpg\" data-width=\"200\" data-height=\"300\" aria-label=\"\" role=\"img\" ><\/div>\n\t\t\t\t\t\t\t\t\t\t\t<div class=\"elementor-gallery-item__overlay\"><\/div>\n\t\t\t\t\t\t\t\t\t\t\t\t\t\t<\/a>\n\t\t\t\t\t\t\t<a class=\"e-gallery-item elementor-gallery-item elementor-animated-content\" href=\"https:\/\/www.lichen.pl\/wp-content\/uploads\/2021\/08\/Rozpoczecie-uroczystosci-odpustowych-sobota-14-sierpnia-2021-20.jpg\" data-elementor-open-lightbox=\"yes\" data-elementor-lightbox-slideshow=\"8ca278c\" data-elementor-lightbox-title=\"Rozpocz\u0119cie uroczysto\u015bci odpustowych, sobota, 14 sierpnia 2021 20\" data-e-action-hash=\"#elementor-action%3Aaction%3Dlightbox%26settings%3DeyJpZCI6Mjc4ODMsInVybCI6Imh0dHBzOlwvXC93d3cubGljaGVuLnBsXC93cC1jb250ZW50XC91cGxvYWRzXC8yMDIxXC8wOFwvUm96cG9jemVjaWUtdXJvY3p5c3Rvc2NpLW9kcHVzdG93eWNoLXNvYm90YS0xNC1zaWVycG5pYS0yMDIxLTIwLmpwZyIsInNsaWRlc2hvdyI6IjhjYTI3OGMifQ%3D%3D\">\n\t\t\t\t\t<div class=\"e-gallery-image elementor-gallery-item__image\" data-thumbnail=\"https:\/\/www.lichen.pl\/wp-content\/uploads\/2021\/08\/Rozpoczecie-uroczystosci-odpustowych-sobota-14-sierpnia-2021-20-200x300.jpg\" data-width=\"200\" data-height=\"300\" aria-label=\"\" role=\"img\" ><\/div>\n\t\t\t\t\t\t\t\t\t\t\t<div class=\"elementor-gallery-item__overlay\"><\/div>\n\t\t\t\t\t\t\t\t\t\t\t\t\t\t<\/a>\n\t\t\t\t\t\t\t<a class=\"e-gallery-item elementor-gallery-item elementor-animated-content\" href=\"https:\/\/www.lichen.pl\/wp-content\/uploads\/2021\/08\/Rozpoczecie-uroczystosci-odpustowych-sobota-14-sierpnia-2021-21.jpg\" data-elementor-open-lightbox=\"yes\" data-elementor-lightbox-slideshow=\"8ca278c\" data-elementor-lightbox-title=\"Rozpocz\u0119cie uroczysto\u015bci odpustowych, sobota, 14 sierpnia 2021 21\" data-e-action-hash=\"#elementor-action%3Aaction%3Dlightbox%26settings%3DeyJpZCI6Mjc4ODgsInVybCI6Imh0dHBzOlwvXC93d3cubGljaGVuLnBsXC93cC1jb250ZW50XC91cGxvYWRzXC8yMDIxXC8wOFwvUm96cG9jemVjaWUtdXJvY3p5c3Rvc2NpLW9kcHVzdG93eWNoLXNvYm90YS0xNC1zaWVycG5pYS0yMDIxLTIxLmpwZyIsInNsaWRlc2hvdyI6IjhjYTI3OGMifQ%3D%3D\">\n\t\t\t\t\t<div class=\"e-gallery-image elementor-gallery-item__image\" data-thumbnail=\"https:\/\/www.lichen.pl\/wp-content\/uploads\/2021\/08\/Rozpoczecie-uroczystosci-odpustowych-sobota-14-sierpnia-2021-21-200x300.jpg\" data-width=\"200\" data-height=\"300\" aria-label=\"\" role=\"img\" ><\/div>\n\t\t\t\t\t\t\t\t\t\t\t<div class=\"elementor-gallery-item__overlay\"><\/div>\n\t\t\t\t\t\t\t\t\t\t\t\t\t\t<\/a>\n\t\t\t\t\t\t\t<a class=\"e-gallery-item elementor-gallery-item elementor-animated-content\" href=\"https:\/\/www.lichen.pl\/wp-content\/uploads\/2021\/08\/Rozpoczecie-uroczystosci-odpustowych-sobota-14-sierpnia-2021-22.jpg\" data-elementor-open-lightbox=\"yes\" data-elementor-lightbox-slideshow=\"8ca278c\" data-elementor-lightbox-title=\"Rozpocz\u0119cie uroczysto\u015bci odpustowych, sobota, 14 sierpnia 2021 22\" data-e-action-hash=\"#elementor-action%3Aaction%3Dlightbox%26settings%3DeyJpZCI6Mjc4OTMsInVybCI6Imh0dHBzOlwvXC93d3cubGljaGVuLnBsXC93cC1jb250ZW50XC91cGxvYWRzXC8yMDIxXC8wOFwvUm96cG9jemVjaWUtdXJvY3p5c3Rvc2NpLW9kcHVzdG93eWNoLXNvYm90YS0xNC1zaWVycG5pYS0yMDIxLTIyLmpwZyIsInNsaWRlc2hvdyI6IjhjYTI3OGMifQ%3D%3D\">\n\t\t\t\t\t<div class=\"e-gallery-image elementor-gallery-item__image\" data-thumbnail=\"https:\/\/www.lichen.pl\/wp-content\/uploads\/2021\/08\/Rozpoczecie-uroczystosci-odpustowych-sobota-14-sierpnia-2021-22-200x300.jpg\" data-width=\"200\" data-height=\"300\" aria-label=\"\" role=\"img\" ><\/div>\n\t\t\t\t\t\t\t\t\t\t\t<div class=\"elementor-gallery-item__overlay\"><\/div>\n\t\t\t\t\t\t\t\t\t\t\t\t\t\t<\/a>\n\t\t\t\t\t\t\t<a class=\"e-gallery-item elementor-gallery-item elementor-animated-content\" href=\"https:\/\/www.lichen.pl\/wp-content\/uploads\/2021\/08\/Rozpoczecie-uroczystosci-odpustowych-sobota-14-sierpnia-2021-32.jpg\" data-elementor-open-lightbox=\"yes\" data-elementor-lightbox-slideshow=\"8ca278c\" data-elementor-lightbox-title=\"Rozpocz\u0119cie uroczysto\u015bci odpustowych, sobota, 14 sierpnia 2021 32\" data-e-action-hash=\"#elementor-action%3Aaction%3Dlightbox%26settings%3DeyJpZCI6Mjc5NDMsInVybCI6Imh0dHBzOlwvXC93d3cubGljaGVuLnBsXC93cC1jb250ZW50XC91cGxvYWRzXC8yMDIxXC8wOFwvUm96cG9jemVjaWUtdXJvY3p5c3Rvc2NpLW9kcHVzdG93eWNoLXNvYm90YS0xNC1zaWVycG5pYS0yMDIxLTMyLmpwZyIsInNsaWRlc2hvdyI6IjhjYTI3OGMifQ%3D%3D\">\n\t\t\t\t\t<div class=\"e-gallery-image elementor-gallery-item__image\" data-thumbnail=\"https:\/\/www.lichen.pl\/wp-content\/uploads\/2021\/08\/Rozpoczecie-uroczystosci-odpustowych-sobota-14-sierpnia-2021-32-200x300.jpg\" data-width=\"200\" data-height=\"300\" aria-label=\"\" role=\"img\" ><\/div>\n\t\t\t\t\t\t\t\t\t\t\t<div class=\"elementor-gallery-item__overlay\"><\/div>\n\t\t\t\t\t\t\t\t\t\t\t\t\t\t<\/a>\n\t\t\t\t\t\t\t<a class=\"e-gallery-item elementor-gallery-item elementor-animated-content\" href=\"https:\/\/www.lichen.pl\/wp-content\/uploads\/2021\/08\/Rozpoczecie-uroczystosci-odpustowych-sobota-14-sierpnia-2021-36.jpg\" data-elementor-open-lightbox=\"yes\" data-elementor-lightbox-slideshow=\"8ca278c\" data-elementor-lightbox-title=\"Rozpocz\u0119cie uroczysto\u015bci odpustowych, sobota, 14 sierpnia 2021 36\" data-e-action-hash=\"#elementor-action%3Aaction%3Dlightbox%26settings%3DeyJpZCI6Mjc5NjMsInVybCI6Imh0dHBzOlwvXC93d3cubGljaGVuLnBsXC93cC1jb250ZW50XC91cGxvYWRzXC8yMDIxXC8wOFwvUm96cG9jemVjaWUtdXJvY3p5c3Rvc2NpLW9kcHVzdG93eWNoLXNvYm90YS0xNC1zaWVycG5pYS0yMDIxLTM2LmpwZyIsInNsaWRlc2hvdyI6IjhjYTI3OGMifQ%3D%3D\">\n\t\t\t\t\t<div class=\"e-gallery-image elementor-gallery-item__image\" data-thumbnail=\"https:\/\/www.lichen.pl\/wp-content\/uploads\/2021\/08\/Rozpoczecie-uroczystosci-odpustowych-sobota-14-sierpnia-2021-36-200x300.jpg\" data-width=\"200\" data-height=\"300\" aria-label=\"\" role=\"img\" ><\/div>\n\t\t\t\t\t\t\t\t\t\t\t<div class=\"elementor-gallery-item__overlay\"><\/div>\n\t\t\t\t\t\t\t\t\t\t\t\t\t\t<\/a>\n\t\t\t\t\t\t\t<a class=\"e-gallery-item elementor-gallery-item elementor-animated-content\" href=\"https:\/\/www.lichen.pl\/wp-content\/uploads\/2021\/08\/Rozpoczecie-uroczystosci-odpustowych-sobota-14-sierpnia-2021-43.jpg\" data-elementor-open-lightbox=\"yes\" data-elementor-lightbox-slideshow=\"8ca278c\" data-elementor-lightbox-title=\"Rozpocz\u0119cie uroczysto\u015bci odpustowych, sobota, 14 sierpnia 2021 43\" data-e-action-hash=\"#elementor-action%3Aaction%3Dlightbox%26settings%3DeyJpZCI6Mjc5OTgsInVybCI6Imh0dHBzOlwvXC93d3cubGljaGVuLnBsXC93cC1jb250ZW50XC91cGxvYWRzXC8yMDIxXC8wOFwvUm96cG9jemVjaWUtdXJvY3p5c3Rvc2NpLW9kcHVzdG93eWNoLXNvYm90YS0xNC1zaWVycG5pYS0yMDIxLTQzLmpwZyIsInNsaWRlc2hvdyI6IjhjYTI3OGMifQ%3D%3D\">\n\t\t\t\t\t<div class=\"e-gallery-image elementor-gallery-item__image\" data-thumbnail=\"https:\/\/www.lichen.pl\/wp-content\/uploads\/2021\/08\/Rozpoczecie-uroczystosci-odpustowych-sobota-14-sierpnia-2021-43-200x300.jpg\" data-width=\"200\" data-height=\"300\" aria-label=\"\" role=\"img\" ><\/div>\n\t\t\t\t\t\t\t\t\t\t\t<div class=\"elementor-gallery-item__overlay\"><\/div>\n\t\t\t\t\t\t\t\t\t\t\t\t\t\t<\/a>\n\t\t\t\t\t\t\t<a class=\"e-gallery-item elementor-gallery-item elementor-animated-content\" href=\"https:\/\/www.lichen.pl\/wp-content\/uploads\/2021\/08\/Rozpoczecie-uroczystosci-odpustowych-sobota-14-sierpnia-2021-52.jpg\" data-elementor-open-lightbox=\"yes\" data-elementor-lightbox-slideshow=\"8ca278c\" data-elementor-lightbox-title=\"Rozpocz\u0119cie uroczysto\u015bci odpustowych, sobota, 14 sierpnia 2021 52\" data-e-action-hash=\"#elementor-action%3Aaction%3Dlightbox%26settings%3DeyJpZCI6MjgwNDMsInVybCI6Imh0dHBzOlwvXC93d3cubGljaGVuLnBsXC93cC1jb250ZW50XC91cGxvYWRzXC8yMDIxXC8wOFwvUm96cG9jemVjaWUtdXJvY3p5c3Rvc2NpLW9kcHVzdG93eWNoLXNvYm90YS0xNC1zaWVycG5pYS0yMDIxLTUyLmpwZyIsInNsaWRlc2hvdyI6IjhjYTI3OGMifQ%3D%3D\">\n\t\t\t\t\t<div class=\"e-gallery-image elementor-gallery-item__image\" data-thumbnail=\"https:\/\/www.lichen.pl\/wp-content\/uploads\/2021\/08\/Rozpoczecie-uroczystosci-odpustowych-sobota-14-sierpnia-2021-52-200x300.jpg\" data-width=\"200\" data-height=\"300\" aria-label=\"\" role=\"img\" ><\/div>\n\t\t\t\t\t\t\t\t\t\t\t<div class=\"elementor-gallery-item__overlay\"><\/div>\n\t\t\t\t\t\t\t\t\t\t\t\t\t\t<\/a>\n\t\t\t\t\t<\/div>\n\t\t\t\t\t<\/div>\n\t\t\t\t<\/div>\n\t\t\t\t\t<\/div>\n\t\t<\/div>\n\t\t\t\t\t<\/div>\n\t\t<\/section>\n\t\t\t\t<section class=\"elementor-section elementor-top-section elementor-element elementor-element-4b10594 elementor-section-boxed elementor-section-height-default elementor-section-height-default\" data-id=\"4b10594\" data-element_type=\"section\" data-e-type=\"section\">\n\t\t\t\t\t\t<div class=\"elementor-container elementor-column-gap-default\">\n\t\t\t\t\t<div class=\"elementor-column elementor-col-100 elementor-top-column elementor-element elementor-element-d6bc525\" data-id=\"d6bc525\" data-element_type=\"column\" data-e-type=\"column\">\n\t\t\t<div class=\"elementor-widget-wrap elementor-element-populated\">\n\t\t\t\t\t\t<div class=\"elementor-element elementor-element-8f9e8e2 elementor-widget-divider--view-line elementor-widget elementor-widget-divider\" data-id=\"8f9e8e2\" data-element_type=\"widget\" data-e-type=\"widget\" data-widget_type=\"divider.default\">\n\t\t\t\t<div class=\"elementor-widget-container\">\n\t\t\t\t\t\t\t<div class=\"elementor-divider\">\n\t\t\t<span class=\"elementor-divider-separator\">\n\t\t\t\t\t\t<\/span>\n\t\t<\/div>\n\t\t\t\t\t\t<\/div>\n\t\t\t\t<\/div>\n\t\t\t\t\t<\/div>\n\t\t<\/div>\n\t\t\t\t\t<\/div>\n\t\t<\/section>\n\t\t\t\t<\/div>","protected":false},"excerpt":{"rendered":"<p>Pierwszymi nieszporami Wniebowzi\u0119cia Naj\u015bwi\u0119tszej Maryi Panny rozpocz\u0119to w sobot\u0119, 14 sierpnia uroczysto\u015bci odpustowe w liche\u0144skim sanktuarium. Uroczysta liturgia odby\u0142a si\u0119 przy o\u0142tarzu koronacyjnym obok ko\u015bcio\u0142a parafialnego pw. \u015aw. Doroty. Mszy \u015awi\u0119tej przewodniczy\u0142 ks. Bogus\u0142aw Binda MIC, prze\u0142o\u017cony liche\u0144skiej wsp\u00f3lnoty zgromadzenia ksi\u0119\u017cy marian\u00f3w. Liturgi\u0119 koncelebrowali m.in.: ks. Janusz Kumala MIC i kustosz sanktuarium, ks. Rafa\u0142 Krauze [&hellip;]<\/p>\n","protected":false},"author":2,"featured_media":28053,"comment_status":"open","ping_status":"open","sticky":false,"template":"","format":"standard","meta":{"footnotes":""},"categories":[1],"tags":[],"class_list":["post-27786","post","type-post","status-publish","format-standard","has-post-thumbnail","hentry","category-aktualnosci","wpbf-post"],"yoast_head":"<!-- This site is optimized with the Yoast SEO plugin v27.4 - https:\/\/yoast.com\/product\/yoast-seo-wordpress\/ -->\n<title>Rozpocz\u0119cie uroczysto\u015bci odpustowych w liche\u0144skim sanktuarium - SANKTUARIUM W LICHENIU<\/title>\n<meta name=\"robots\" content=\"index, follow, max-snippet:-1, max-image-preview:large, max-video-preview:-1\" \/>\n<link rel=\"canonical\" href=\"http:\/\/www.lichen.pl\/es\/rozpoczecie-uroczystosci-odpustowych-w-lichenskim-sanktuarium\/\" \/>\n<meta property=\"og:locale\" content=\"es_ES\" \/>\n<meta property=\"og:type\" content=\"article\" \/>\n<meta property=\"og:title\" content=\"Rozpocz\u0119cie uroczysto\u015bci odpustowych w liche\u0144skim sanktuarium - SANKTUARIUM W LICHENIU\" \/>\n<meta property=\"og:description\" content=\"Pierwszymi nieszporami Wniebowzi\u0119cia Naj\u015bwi\u0119tszej Maryi Panny rozpocz\u0119to w sobot\u0119, 14 sierpnia uroczysto\u015bci odpustowe w liche\u0144skim sanktuarium. Uroczysta liturgia odby\u0142a si\u0119 przy o\u0142tarzu koronacyjnym obok ko\u015bcio\u0142a parafialnego pw. \u015aw. Doroty. Mszy \u015awi\u0119tej przewodniczy\u0142 ks. Bogus\u0142aw Binda MIC, prze\u0142o\u017cony liche\u0144skiej wsp\u00f3lnoty zgromadzenia ksi\u0119\u017cy marian\u00f3w. Liturgi\u0119 koncelebrowali m.in.: ks. Janusz Kumala MIC i kustosz sanktuarium, ks. Rafa\u0142 Krauze [&hellip;]\" \/>\n<meta property=\"og:url\" content=\"http:\/\/www.lichen.pl\/es\/rozpoczecie-uroczystosci-odpustowych-w-lichenskim-sanktuarium\/\" \/>\n<meta property=\"og:site_name\" content=\"SANKTUARIUM W LICHENIU\" \/>\n<meta property=\"article:published_time\" content=\"2021-08-14T20:30:41+00:00\" \/>\n<meta property=\"article:modified_time\" content=\"2021-08-17T19:39:24+00:00\" \/>\n<meta property=\"og:image\" content=\"http:\/\/www.lichen.pl\/wp-content\/uploads\/2021\/08\/Rozpoczecie-uroczystosci-odpustowych-sobota-14-sierpnia-2021-kadr.jpg\" \/>\n\t<meta property=\"og:image:width\" content=\"1333\" \/>\n\t<meta property=\"og:image:height\" content=\"1032\" \/>\n\t<meta property=\"og:image:type\" content=\"image\/jpeg\" \/>\n<meta name=\"author\" content=\"Arkadiusz Gorgolewski\" \/>\n<meta name=\"twitter:card\" content=\"summary_large_image\" \/>\n<meta name=\"twitter:label1\" content=\"Escrito por\" \/>\n\t<meta name=\"twitter:data1\" content=\"Arkadiusz Gorgolewski\" \/>\n\t<meta name=\"twitter:label2\" content=\"Tiempo de lectura\" \/>\n\t<meta name=\"twitter:data2\" content=\"2 minutos\" \/>\n<script type=\"application\/ld+json\" class=\"yoast-schema-graph\">{\"@context\":\"https:\\\/\\\/schema.org\",\"@graph\":[{\"@type\":\"Article\",\"@id\":\"http:\\\/\\\/www.lichen.pl\\\/en\\\/rozpoczecie-uroczystosci-odpustowych-w-lichenskim-sanktuarium\\\/#article\",\"isPartOf\":{\"@id\":\"http:\\\/\\\/www.lichen.pl\\\/en\\\/rozpoczecie-uroczystosci-odpustowych-w-lichenskim-sanktuarium\\\/\"},\"author\":{\"name\":\"Arkadiusz Gorgolewski\",\"@id\":\"https:\\\/\\\/www.lichen.pl\\\/fr\\\/#\\\/schema\\\/person\\\/56fc5b38d70a2b34983408f9a457fd9d\"},\"headline\":\"Rozpocz\u0119cie uroczysto\u015bci odpustowych w liche\u0144skim sanktuarium\",\"datePublished\":\"2021-08-14T20:30:41+00:00\",\"dateModified\":\"2021-08-17T19:39:24+00:00\",\"mainEntityOfPage\":{\"@id\":\"http:\\\/\\\/www.lichen.pl\\\/en\\\/rozpoczecie-uroczystosci-odpustowych-w-lichenskim-sanktuarium\\\/\"},\"wordCount\":466,\"commentCount\":0,\"image\":{\"@id\":\"http:\\\/\\\/www.lichen.pl\\\/en\\\/rozpoczecie-uroczystosci-odpustowych-w-lichenskim-sanktuarium\\\/#primaryimage\"},\"thumbnailUrl\":\"https:\\\/\\\/www.lichen.pl\\\/wp-content\\\/uploads\\\/2021\\\/08\\\/Rozpoczecie-uroczystosci-odpustowych-sobota-14-sierpnia-2021-kadr.jpg\",\"articleSection\":[\"Aktualno\u015bci\"],\"inLanguage\":\"es\",\"potentialAction\":[{\"@type\":\"CommentAction\",\"name\":\"Comment\",\"target\":[\"http:\\\/\\\/www.lichen.pl\\\/en\\\/rozpoczecie-uroczystosci-odpustowych-w-lichenskim-sanktuarium\\\/#respond\"]}]},{\"@type\":\"WebPage\",\"@id\":\"http:\\\/\\\/www.lichen.pl\\\/en\\\/rozpoczecie-uroczystosci-odpustowych-w-lichenskim-sanktuarium\\\/\",\"url\":\"http:\\\/\\\/www.lichen.pl\\\/en\\\/rozpoczecie-uroczystosci-odpustowych-w-lichenskim-sanktuarium\\\/\",\"name\":\"Rozpocz\u0119cie uroczysto\u015bci odpustowych w liche\u0144skim sanktuarium - SANKTUARIUM W LICHENIU\",\"isPartOf\":{\"@id\":\"https:\\\/\\\/www.lichen.pl\\\/fr\\\/#website\"},\"primaryImageOfPage\":{\"@id\":\"http:\\\/\\\/www.lichen.pl\\\/en\\\/rozpoczecie-uroczystosci-odpustowych-w-lichenskim-sanktuarium\\\/#primaryimage\"},\"image\":{\"@id\":\"http:\\\/\\\/www.lichen.pl\\\/en\\\/rozpoczecie-uroczystosci-odpustowych-w-lichenskim-sanktuarium\\\/#primaryimage\"},\"thumbnailUrl\":\"https:\\\/\\\/www.lichen.pl\\\/wp-content\\\/uploads\\\/2021\\\/08\\\/Rozpoczecie-uroczystosci-odpustowych-sobota-14-sierpnia-2021-kadr.jpg\",\"datePublished\":\"2021-08-14T20:30:41+00:00\",\"dateModified\":\"2021-08-17T19:39:24+00:00\",\"author\":{\"@id\":\"https:\\\/\\\/www.lichen.pl\\\/fr\\\/#\\\/schema\\\/person\\\/56fc5b38d70a2b34983408f9a457fd9d\"},\"breadcrumb\":{\"@id\":\"http:\\\/\\\/www.lichen.pl\\\/en\\\/rozpoczecie-uroczystosci-odpustowych-w-lichenskim-sanktuarium\\\/#breadcrumb\"},\"inLanguage\":\"es\",\"potentialAction\":[{\"@type\":\"ReadAction\",\"target\":[\"http:\\\/\\\/www.lichen.pl\\\/en\\\/rozpoczecie-uroczystosci-odpustowych-w-lichenskim-sanktuarium\\\/\"]}]},{\"@type\":\"ImageObject\",\"inLanguage\":\"es\",\"@id\":\"http:\\\/\\\/www.lichen.pl\\\/en\\\/rozpoczecie-uroczystosci-odpustowych-w-lichenskim-sanktuarium\\\/#primaryimage\",\"url\":\"https:\\\/\\\/www.lichen.pl\\\/wp-content\\\/uploads\\\/2021\\\/08\\\/Rozpoczecie-uroczystosci-odpustowych-sobota-14-sierpnia-2021-kadr.jpg\",\"contentUrl\":\"https:\\\/\\\/www.lichen.pl\\\/wp-content\\\/uploads\\\/2021\\\/08\\\/Rozpoczecie-uroczystosci-odpustowych-sobota-14-sierpnia-2021-kadr.jpg\",\"width\":1333,\"height\":1032},{\"@type\":\"BreadcrumbList\",\"@id\":\"http:\\\/\\\/www.lichen.pl\\\/en\\\/rozpoczecie-uroczystosci-odpustowych-w-lichenskim-sanktuarium\\\/#breadcrumb\",\"itemListElement\":[{\"@type\":\"ListItem\",\"position\":1,\"name\":\"Strona g\u0142\u00f3wna\",\"item\":\"https:\\\/\\\/www.lichen.pl\\\/\"},{\"@type\":\"ListItem\",\"position\":2,\"name\":\"Rozpocz\u0119cie uroczysto\u015bci odpustowych w liche\u0144skim sanktuarium\"}]},{\"@type\":\"WebSite\",\"@id\":\"https:\\\/\\\/www.lichen.pl\\\/fr\\\/#website\",\"url\":\"https:\\\/\\\/www.lichen.pl\\\/fr\\\/\",\"name\":\"SANKTUARIUM W LICHENIU\",\"description\":\"MATKI BO\u017bEJ LICHE\u0143SKIEJ BOLESNEJ KR\u00d3LOWEJ POLSKI\",\"potentialAction\":[{\"@type\":\"SearchAction\",\"target\":{\"@type\":\"EntryPoint\",\"urlTemplate\":\"https:\\\/\\\/www.lichen.pl\\\/fr\\\/?s={search_term_string}\"},\"query-input\":{\"@type\":\"PropertyValueSpecification\",\"valueRequired\":true,\"valueName\":\"search_term_string\"}}],\"inLanguage\":\"es\"},{\"@type\":\"Person\",\"@id\":\"https:\\\/\\\/www.lichen.pl\\\/fr\\\/#\\\/schema\\\/person\\\/56fc5b38d70a2b34983408f9a457fd9d\",\"name\":\"Arkadiusz Gorgolewski\",\"image\":{\"@type\":\"ImageObject\",\"inLanguage\":\"es\",\"@id\":\"https:\\\/\\\/secure.gravatar.com\\\/avatar\\\/0f571b370f5aa245b1fd3b9c945511b004fe17579bdefd5054d99f0ba315149c?s=96&d=retro&r=g\",\"url\":\"https:\\\/\\\/secure.gravatar.com\\\/avatar\\\/0f571b370f5aa245b1fd3b9c945511b004fe17579bdefd5054d99f0ba315149c?s=96&d=retro&r=g\",\"contentUrl\":\"https:\\\/\\\/secure.gravatar.com\\\/avatar\\\/0f571b370f5aa245b1fd3b9c945511b004fe17579bdefd5054d99f0ba315149c?s=96&d=retro&r=g\",\"caption\":\"Arkadiusz Gorgolewski\"},\"url\":\"https:\\\/\\\/www.lichen.pl\\\/es\\\/author\\\/sanadmin\\\/\"}]}<\/script>\n<!-- \/ Yoast SEO plugin. -->","yoast_head_json":{"title":"Rozpocz\u0119cie uroczysto\u015bci odpustowych w liche\u0144skim sanktuarium - SANKTUARIUM W LICHENIU","robots":{"index":"index","follow":"follow","max-snippet":"max-snippet:-1","max-image-preview":"max-image-preview:large","max-video-preview":"max-video-preview:-1"},"canonical":"http:\/\/www.lichen.pl\/es\/rozpoczecie-uroczystosci-odpustowych-w-lichenskim-sanktuarium\/","og_locale":"es_ES","og_type":"article","og_title":"Rozpocz\u0119cie uroczysto\u015bci odpustowych w liche\u0144skim sanktuarium - SANKTUARIUM W LICHENIU","og_description":"Pierwszymi nieszporami Wniebowzi\u0119cia Naj\u015bwi\u0119tszej Maryi Panny rozpocz\u0119to w sobot\u0119, 14 sierpnia uroczysto\u015bci odpustowe w liche\u0144skim sanktuarium. Uroczysta liturgia odby\u0142a si\u0119 przy o\u0142tarzu koronacyjnym obok ko\u015bcio\u0142a parafialnego pw. \u015aw. Doroty. Mszy \u015awi\u0119tej przewodniczy\u0142 ks. Bogus\u0142aw Binda MIC, prze\u0142o\u017cony liche\u0144skiej wsp\u00f3lnoty zgromadzenia ksi\u0119\u017cy marian\u00f3w. Liturgi\u0119 koncelebrowali m.in.: ks. Janusz Kumala MIC i kustosz sanktuarium, ks. Rafa\u0142 Krauze [&hellip;]","og_url":"http:\/\/www.lichen.pl\/es\/rozpoczecie-uroczystosci-odpustowych-w-lichenskim-sanktuarium\/","og_site_name":"SANKTUARIUM W LICHENIU","article_published_time":"2021-08-14T20:30:41+00:00","article_modified_time":"2021-08-17T19:39:24+00:00","og_image":[{"width":1333,"height":1032,"url":"http:\/\/www.lichen.pl\/wp-content\/uploads\/2021\/08\/Rozpoczecie-uroczystosci-odpustowych-sobota-14-sierpnia-2021-kadr.jpg","type":"image\/jpeg"}],"author":"Arkadiusz Gorgolewski","twitter_card":"summary_large_image","twitter_misc":{"Escrito por":"Arkadiusz Gorgolewski","Tiempo de lectura":"2 minutos"},"schema":{"@context":"https:\/\/schema.org","@graph":[{"@type":"Article","@id":"http:\/\/www.lichen.pl\/en\/rozpoczecie-uroczystosci-odpustowych-w-lichenskim-sanktuarium\/#article","isPartOf":{"@id":"http:\/\/www.lichen.pl\/en\/rozpoczecie-uroczystosci-odpustowych-w-lichenskim-sanktuarium\/"},"author":{"name":"Arkadiusz Gorgolewski","@id":"https:\/\/www.lichen.pl\/fr\/#\/schema\/person\/56fc5b38d70a2b34983408f9a457fd9d"},"headline":"Rozpocz\u0119cie uroczysto\u015bci odpustowych w liche\u0144skim sanktuarium","datePublished":"2021-08-14T20:30:41+00:00","dateModified":"2021-08-17T19:39:24+00:00","mainEntityOfPage":{"@id":"http:\/\/www.lichen.pl\/en\/rozpoczecie-uroczystosci-odpustowych-w-lichenskim-sanktuarium\/"},"wordCount":466,"commentCount":0,"image":{"@id":"http:\/\/www.lichen.pl\/en\/rozpoczecie-uroczystosci-odpustowych-w-lichenskim-sanktuarium\/#primaryimage"},"thumbnailUrl":"https:\/\/www.lichen.pl\/wp-content\/uploads\/2021\/08\/Rozpoczecie-uroczystosci-odpustowych-sobota-14-sierpnia-2021-kadr.jpg","articleSection":["Aktualno\u015bci"],"inLanguage":"es","potentialAction":[{"@type":"CommentAction","name":"Comment","target":["http:\/\/www.lichen.pl\/en\/rozpoczecie-uroczystosci-odpustowych-w-lichenskim-sanktuarium\/#respond"]}]},{"@type":"WebPage","@id":"http:\/\/www.lichen.pl\/en\/rozpoczecie-uroczystosci-odpustowych-w-lichenskim-sanktuarium\/","url":"http:\/\/www.lichen.pl\/en\/rozpoczecie-uroczystosci-odpustowych-w-lichenskim-sanktuarium\/","name":"Rozpocz\u0119cie uroczysto\u015bci odpustowych w liche\u0144skim sanktuarium - SANKTUARIUM W LICHENIU","isPartOf":{"@id":"https:\/\/www.lichen.pl\/fr\/#website"},"primaryImageOfPage":{"@id":"http:\/\/www.lichen.pl\/en\/rozpoczecie-uroczystosci-odpustowych-w-lichenskim-sanktuarium\/#primaryimage"},"image":{"@id":"http:\/\/www.lichen.pl\/en\/rozpoczecie-uroczystosci-odpustowych-w-lichenskim-sanktuarium\/#primaryimage"},"thumbnailUrl":"https:\/\/www.lichen.pl\/wp-content\/uploads\/2021\/08\/Rozpoczecie-uroczystosci-odpustowych-sobota-14-sierpnia-2021-kadr.jpg","datePublished":"2021-08-14T20:30:41+00:00","dateModified":"2021-08-17T19:39:24+00:00","author":{"@id":"https:\/\/www.lichen.pl\/fr\/#\/schema\/person\/56fc5b38d70a2b34983408f9a457fd9d"},"breadcrumb":{"@id":"http:\/\/www.lichen.pl\/en\/rozpoczecie-uroczystosci-odpustowych-w-lichenskim-sanktuarium\/#breadcrumb"},"inLanguage":"es","potentialAction":[{"@type":"ReadAction","target":["http:\/\/www.lichen.pl\/en\/rozpoczecie-uroczystosci-odpustowych-w-lichenskim-sanktuarium\/"]}]},{"@type":"ImageObject","inLanguage":"es","@id":"http:\/\/www.lichen.pl\/en\/rozpoczecie-uroczystosci-odpustowych-w-lichenskim-sanktuarium\/#primaryimage","url":"https:\/\/www.lichen.pl\/wp-content\/uploads\/2021\/08\/Rozpoczecie-uroczystosci-odpustowych-sobota-14-sierpnia-2021-kadr.jpg","contentUrl":"https:\/\/www.lichen.pl\/wp-content\/uploads\/2021\/08\/Rozpoczecie-uroczystosci-odpustowych-sobota-14-sierpnia-2021-kadr.jpg","width":1333,"height":1032},{"@type":"BreadcrumbList","@id":"http:\/\/www.lichen.pl\/en\/rozpoczecie-uroczystosci-odpustowych-w-lichenskim-sanktuarium\/#breadcrumb","itemListElement":[{"@type":"ListItem","position":1,"name":"Strona g\u0142\u00f3wna","item":"https:\/\/www.lichen.pl\/"},{"@type":"ListItem","position":2,"name":"Rozpocz\u0119cie uroczysto\u015bci odpustowych w liche\u0144skim sanktuarium"}]},{"@type":"WebSite","@id":"https:\/\/www.lichen.pl\/fr\/#website","url":"https:\/\/www.lichen.pl\/fr\/","name":"SANTUARIO EN LICHENIA","description":"LA DOLOROSA REINA DE POLONIA DE NUESTRO LICHEN","potentialAction":[{"@type":"SearchAction","target":{"@type":"EntryPoint","urlTemplate":"https:\/\/www.lichen.pl\/fr\/?s={search_term_string}"},"query-input":{"@type":"PropertyValueSpecification","valueRequired":true,"valueName":"search_term_string"}}],"inLanguage":"es"},{"@type":"Person","@id":"https:\/\/www.lichen.pl\/fr\/#\/schema\/person\/56fc5b38d70a2b34983408f9a457fd9d","name":"Arkadiusz Gorgolewski","image":{"@type":"ImageObject","inLanguage":"es","@id":"https:\/\/secure.gravatar.com\/avatar\/0f571b370f5aa245b1fd3b9c945511b004fe17579bdefd5054d99f0ba315149c?s=96&d=retro&r=g","url":"https:\/\/secure.gravatar.com\/avatar\/0f571b370f5aa245b1fd3b9c945511b004fe17579bdefd5054d99f0ba315149c?s=96&d=retro&r=g","contentUrl":"https:\/\/secure.gravatar.com\/avatar\/0f571b370f5aa245b1fd3b9c945511b004fe17579bdefd5054d99f0ba315149c?s=96&d=retro&r=g","caption":"Arkadiusz Gorgolewski"},"url":"https:\/\/www.lichen.pl\/es\/author\/sanadmin\/"}]}},"_links":{"self":[{"href":"https:\/\/www.lichen.pl\/es\/wp-json\/wp\/v2\/posts\/27786","targetHints":{"allow":["GET"]}}],"collection":[{"href":"https:\/\/www.lichen.pl\/es\/wp-json\/wp\/v2\/posts"}],"about":[{"href":"https:\/\/www.lichen.pl\/es\/wp-json\/wp\/v2\/types\/post"}],"author":[{"embeddable":true,"href":"https:\/\/www.lichen.pl\/es\/wp-json\/wp\/v2\/users\/2"}],"replies":[{"embeddable":true,"href":"https:\/\/www.lichen.pl\/es\/wp-json\/wp\/v2\/comments?post=27786"}],"version-history":[{"count":4,"href":"https:\/\/www.lichen.pl\/es\/wp-json\/wp\/v2\/posts\/27786\/revisions"}],"predecessor-version":[{"id":28061,"href":"https:\/\/www.lichen.pl\/es\/wp-json\/wp\/v2\/posts\/27786\/revisions\/28061"}],"wp:featuredmedia":[{"embeddable":true,"href":"https:\/\/www.lichen.pl\/es\/wp-json\/wp\/v2\/media\/28053"}],"wp:attachment":[{"href":"https:\/\/www.lichen.pl\/es\/wp-json\/wp\/v2\/media?parent=27786"}],"wp:term":[{"taxonomy":"category","embeddable":true,"href":"https:\/\/www.lichen.pl\/es\/wp-json\/wp\/v2\/categories?post=27786"},{"taxonomy":"post_tag","embeddable":true,"href":"https:\/\/www.lichen.pl\/es\/wp-json\/wp\/v2\/tags?post=27786"}],"curies":[{"name":"wp","href":"https:\/\/api.w.org\/{rel}","templated":true}]}}