{"id":28990,"date":"2021-08-28T13:10:42","date_gmt":"2021-08-28T13:10:42","guid":{"rendered":"http:\/\/www.lichen.pl\/?p=28990"},"modified":"2021-09-03T12:43:24","modified_gmt":"2021-09-03T12:43:24","slug":"modlili-sie-o-jednosc-malzenska","status":"publish","type":"post","link":"https:\/\/www.lichen.pl\/es\/modlili-sie-o-jednosc-malzenska\/","title":{"rendered":"Oramos por la unidad marital - Un d\u00eda de oraci\u00f3n por los matrimonios en crisis"},"content":{"rendered":"<div data-elementor-type=\"wp-post\" data-elementor-id=\"28990\" class=\"elementor elementor-28990\" data-elementor-post-type=\"post\">\n\t\t\t\t\t\t<section class=\"elementor-section elementor-top-section elementor-element elementor-element-8f02237 elementor-section-boxed elementor-section-height-default elementor-section-height-default\" data-id=\"8f02237\" data-element_type=\"section\" data-e-type=\"section\">\n\t\t\t\t\t\t<div class=\"elementor-container elementor-column-gap-default\">\n\t\t\t\t\t<div class=\"elementor-column elementor-col-100 elementor-top-column elementor-element elementor-element-53294b8\" data-id=\"53294b8\" data-element_type=\"column\" data-e-type=\"column\">\n\t\t\t<div class=\"elementor-widget-wrap elementor-element-populated\">\n\t\t\t\t\t\t<div class=\"elementor-element elementor-element-77b8c31 elementor-widget elementor-widget-image\" data-id=\"77b8c31\" data-element_type=\"widget\" data-e-type=\"widget\" data-widget_type=\"image.default\">\n\t\t\t\t<div class=\"elementor-widget-container\">\n\t\t\t\t\t\t\t\t\t\t\t\t\t\t\t<img fetchpriority=\"high\" decoding=\"async\" width=\"768\" height=\"1023\" src=\"https:\/\/www.lichen.pl\/wp-content\/uploads\/2021\/09\/P1390206-768x1023.jpg\" class=\"attachment-medium_large size-medium_large wp-image-28991\" alt=\"\" srcset=\"https:\/\/www.lichen.pl\/wp-content\/uploads\/2021\/09\/P1390206-768x1023.jpg 768w, https:\/\/www.lichen.pl\/wp-content\/uploads\/2021\/09\/P1390206-225x300.jpg 225w, https:\/\/www.lichen.pl\/wp-content\/uploads\/2021\/09\/P1390206-769x1024.jpg 769w, https:\/\/www.lichen.pl\/wp-content\/uploads\/2021\/09\/P1390206-1154x1536.jpg 1154w, https:\/\/www.lichen.pl\/wp-content\/uploads\/2021\/09\/P1390206-1538x2048.jpg 1538w, https:\/\/www.lichen.pl\/wp-content\/uploads\/2021\/09\/P1390206-scaled.jpg 962w\" sizes=\"(max-width: 768px) 100vw, 768px\" \/>\t\t\t\t\t\t\t\t\t\t\t\t\t\t\t<\/div>\n\t\t\t\t<\/div>\n\t\t\t\t<div class=\"elementor-element elementor-element-f74b405 elementor-widget elementor-widget-text-editor\" data-id=\"f74b405\" data-element_type=\"widget\" data-e-type=\"widget\" data-widget_type=\"text-editor.default\">\n\t\t\t\t<div class=\"elementor-widget-container\">\n\t\t\t\t\t\t\t\t\t<p style=\"text-align: justify;\"><span style=\"color: #000000;\"><b style=\"font-family: var( --e-global-typography-text-font-family ), aleo;\">Los participantes de la Misa del mediod\u00eda oraron por una renovaci\u00f3n del amor conyugal. 28 de agosto. En el Santuario de Nuestra Se\u00f1ora de Liche\u0144 fue la Jornada de Oraci\u00f3n por los Matrimonios en Crisis.<\/b><\/span><\/p><p style=\"text-align: justify;\"><span style=\"color: #000000;\">Misa del mediod\u00eda fue interpretada por el P. Bogus\u0142aw Binda, MIC, superior de la comunidad Lichen de sacerdotes marianos. Sobre la memoria de S. Agust\u00edn, uno de los cuatro doctores de la Iglesia occidental, recordaba que durante la Eucarist\u00eda en el templo estamos en la fuente de la Vida, y nada es imposible para Dios, mientras estemos abiertos a sus gracias. - Hoy queremos orar por aquellos que enfrentan diversas dificultades en la esclavitud y el pecado - dijo, recordando el ejemplo de la vida de S. Agust\u00edn - la historia de la conversi\u00f3n del santo. - Acord\u00e9monos de convertirnos y ser testigos. Es importante vivir la Palabra de Dios todos los d\u00edas, cuidando tu templo interior. Aprendamos de Mar\u00eda a decir &quot;s\u00ed&quot; a Dios. Ella nos muestra a Cristo que es el Camino. Queremos invitar a Mar\u00eda a nuestra iglesia dom\u00e9stica, confiando en que podremos perseverar en el bien y alcanzar la gloria del cielo - dijo el p. Binda.<\/span><\/p><p style=\"text-align: justify;\"><span style=\"color: #000000;\">- Los llamados al matrimonio pueden pasar por un momento dif\u00edcil en su relaci\u00f3n mutua, experimentar una crisis, pero no tiene por qu\u00e9 conducir a la ruptura del matrimonio. Si un matrimonio se vuelve a Cristo, seguramente recibir\u00e1 de \u00e9l la gracia del amor renovador y la fuerza para superar las dificultades que encuentre.<\/span><\/p><p style=\"text-align: justify;\"><span style=\"color: #000000;\">Quienes deseen despu\u00e9s de la Eucarist\u00eda, podr\u00e1n llevar consigo una carpeta con una oraci\u00f3n a Nuestra Se\u00f1ora de Liquen por los matrimonios en crisis y una Novena especial a Nuestra Se\u00f1ora de Liquen por los matrimonios en riesgo de desintegraci\u00f3n. Ma\u00f1ana domingo en el santuario de Liche\u0144 hay una Jornada de oraci\u00f3n por los ni\u00f1os y j\u00f3venes que inician el curso escolar.<\/span><\/p><p style=\"text-align: justify;\"><span style=\"color: #000000;\">Vale la pena recordar que todos los s\u00e1bados por la noche se ofrece la Santa Misa en la bas\u00edlica por intenci\u00f3n de matrimonios y familias. Y los matrimonios pueden renovar sus votos matrimoniales y pedir perseverancia en el amor.\u00a0<\/span><\/p>\t\t\t\t\t\t\t\t<\/div>\n\t\t\t\t<\/div>\n\t\t\t\t<div class=\"elementor-element elementor-element-dad401b elementor-widget-divider--view-line_icon elementor-view-default elementor-widget elementor-widget-divider\" data-id=\"dad401b\" data-element_type=\"widget\" data-e-type=\"widget\" data-widget_type=\"divider.default\">\n\t\t\t\t<div class=\"elementor-widget-container\">\n\t\t\t\t\t\t\t<div class=\"elementor-divider\">\n\t\t\t<span class=\"elementor-divider-separator\">\n\t\t\t\t\t\t\t<div class=\"elementor-icon elementor-divider__element\">\n\t\t\t\t\t<i aria-hidden=\"true\" class=\"fas fa-camera\"><\/i><\/div>\n\t\t\t\t\t\t<\/span>\n\t\t<\/div>\n\t\t\t\t\t\t<\/div>\n\t\t\t\t<\/div>\n\t\t\t\t<div class=\"elementor-element elementor-element-fabf595 elementor-widget elementor-widget-gallery\" data-id=\"fabf595\" data-element_type=\"widget\" data-e-type=\"widget\" data-settings=\"{&quot;columns&quot;:8,&quot;lazyload&quot;:&quot;yes&quot;,&quot;gallery_layout&quot;:&quot;grid&quot;,&quot;columns_tablet&quot;:2,&quot;columns_mobile&quot;:1,&quot;gap&quot;:{&quot;unit&quot;:&quot;px&quot;,&quot;size&quot;:10,&quot;sizes&quot;:[]},&quot;gap_tablet&quot;:{&quot;unit&quot;:&quot;px&quot;,&quot;size&quot;:10,&quot;sizes&quot;:[]},&quot;gap_mobile&quot;:{&quot;unit&quot;:&quot;px&quot;,&quot;size&quot;:10,&quot;sizes&quot;:[]},&quot;link_to&quot;:&quot;file&quot;,&quot;aspect_ratio&quot;:&quot;3:2&quot;,&quot;overlay_background&quot;:&quot;yes&quot;,&quot;content_hover_animation&quot;:&quot;fade-in&quot;}\" data-widget_type=\"gallery.default\">\n\t\t\t\t<div class=\"elementor-widget-container\">\n\t\t\t\t\t\t\t<div class=\"elementor-gallery__container\">\n\t\t\t\t\t\t\t<a class=\"e-gallery-item elementor-gallery-item elementor-animated-content\" href=\"https:\/\/www.lichen.pl\/wp-content\/uploads\/2021\/09\/P1390254-scaled.jpg\" data-elementor-open-lightbox=\"yes\" data-elementor-lightbox-slideshow=\"fabf595\" data-elementor-lightbox-title=\"P1390254\" data-e-action-hash=\"#elementor-action%3Aaction%3Dlightbox%26settings%3DeyJpZCI6MjkwMzYsInVybCI6Imh0dHBzOlwvXC93d3cubGljaGVuLnBsXC93cC1jb250ZW50XC91cGxvYWRzXC8yMDIxXC8wOVwvUDEzOTAyNTQtc2NhbGVkLmpwZyIsInNsaWRlc2hvdyI6ImZhYmY1OTUifQ%3D%3D\">\n\t\t\t\t\t<div class=\"e-gallery-image elementor-gallery-item__image\" data-thumbnail=\"https:\/\/www.lichen.pl\/wp-content\/uploads\/2021\/09\/P1390254-300x225.jpg\" data-width=\"300\" data-height=\"225\" aria-label=\"\" role=\"img\" ><\/div>\n\t\t\t\t\t\t\t\t\t\t\t<div class=\"elementor-gallery-item__overlay\"><\/div>\n\t\t\t\t\t\t\t\t\t\t\t\t\t\t<\/a>\n\t\t\t\t\t\t\t<a class=\"e-gallery-item elementor-gallery-item elementor-animated-content\" href=\"https:\/\/www.lichen.pl\/wp-content\/uploads\/2021\/09\/P1390253-scaled.jpg\" data-elementor-open-lightbox=\"yes\" data-elementor-lightbox-slideshow=\"fabf595\" data-elementor-lightbox-title=\"P1390253\" data-e-action-hash=\"#elementor-action%3Aaction%3Dlightbox%26settings%3DeyJpZCI6MjkwMzEsInVybCI6Imh0dHBzOlwvXC93d3cubGljaGVuLnBsXC93cC1jb250ZW50XC91cGxvYWRzXC8yMDIxXC8wOVwvUDEzOTAyNTMtc2NhbGVkLmpwZyIsInNsaWRlc2hvdyI6ImZhYmY1OTUifQ%3D%3D\">\n\t\t\t\t\t<div class=\"e-gallery-image elementor-gallery-item__image\" data-thumbnail=\"https:\/\/www.lichen.pl\/wp-content\/uploads\/2021\/09\/P1390253-225x300.jpg\" data-width=\"225\" data-height=\"300\" aria-label=\"\" role=\"img\" ><\/div>\n\t\t\t\t\t\t\t\t\t\t\t<div class=\"elementor-gallery-item__overlay\"><\/div>\n\t\t\t\t\t\t\t\t\t\t\t\t\t\t<\/a>\n\t\t\t\t\t\t\t<a class=\"e-gallery-item elementor-gallery-item elementor-animated-content\" href=\"https:\/\/www.lichen.pl\/wp-content\/uploads\/2021\/09\/P1390241-scaled.jpg\" data-elementor-open-lightbox=\"yes\" data-elementor-lightbox-slideshow=\"fabf595\" data-elementor-lightbox-title=\"P1390241\" data-e-action-hash=\"#elementor-action%3Aaction%3Dlightbox%26settings%3DeyJpZCI6MjkwMjYsInVybCI6Imh0dHBzOlwvXC93d3cubGljaGVuLnBsXC93cC1jb250ZW50XC91cGxvYWRzXC8yMDIxXC8wOVwvUDEzOTAyNDEtc2NhbGVkLmpwZyIsInNsaWRlc2hvdyI6ImZhYmY1OTUifQ%3D%3D\">\n\t\t\t\t\t<div class=\"e-gallery-image elementor-gallery-item__image\" data-thumbnail=\"https:\/\/www.lichen.pl\/wp-content\/uploads\/2021\/09\/P1390241-225x300.jpg\" data-width=\"225\" data-height=\"300\" aria-label=\"\" role=\"img\" ><\/div>\n\t\t\t\t\t\t\t\t\t\t\t<div class=\"elementor-gallery-item__overlay\"><\/div>\n\t\t\t\t\t\t\t\t\t\t\t\t\t\t<\/a>\n\t\t\t\t\t\t\t<a class=\"e-gallery-item elementor-gallery-item elementor-animated-content\" href=\"https:\/\/www.lichen.pl\/wp-content\/uploads\/2021\/09\/P1390221-scaled.jpg\" data-elementor-open-lightbox=\"yes\" data-elementor-lightbox-slideshow=\"fabf595\" data-elementor-lightbox-title=\"P1390221\" data-e-action-hash=\"#elementor-action%3Aaction%3Dlightbox%26settings%3DeyJpZCI6MjkwMjEsInVybCI6Imh0dHBzOlwvXC93d3cubGljaGVuLnBsXC93cC1jb250ZW50XC91cGxvYWRzXC8yMDIxXC8wOVwvUDEzOTAyMjEtc2NhbGVkLmpwZyIsInNsaWRlc2hvdyI6ImZhYmY1OTUifQ%3D%3D\">\n\t\t\t\t\t<div class=\"e-gallery-image elementor-gallery-item__image\" data-thumbnail=\"https:\/\/www.lichen.pl\/wp-content\/uploads\/2021\/09\/P1390221-225x300.jpg\" data-width=\"225\" data-height=\"300\" aria-label=\"\" role=\"img\" ><\/div>\n\t\t\t\t\t\t\t\t\t\t\t<div class=\"elementor-gallery-item__overlay\"><\/div>\n\t\t\t\t\t\t\t\t\t\t\t\t\t\t<\/a>\n\t\t\t\t\t\t\t<a class=\"e-gallery-item elementor-gallery-item elementor-animated-content\" href=\"https:\/\/www.lichen.pl\/wp-content\/uploads\/2021\/09\/P1390220-scaled.jpg\" data-elementor-open-lightbox=\"yes\" data-elementor-lightbox-slideshow=\"fabf595\" data-elementor-lightbox-title=\"P1390220\" data-e-action-hash=\"#elementor-action%3Aaction%3Dlightbox%26settings%3DeyJpZCI6MjkwMTYsInVybCI6Imh0dHBzOlwvXC93d3cubGljaGVuLnBsXC93cC1jb250ZW50XC91cGxvYWRzXC8yMDIxXC8wOVwvUDEzOTAyMjAtc2NhbGVkLmpwZyIsInNsaWRlc2hvdyI6ImZhYmY1OTUifQ%3D%3D\">\n\t\t\t\t\t<div class=\"e-gallery-image elementor-gallery-item__image\" data-thumbnail=\"https:\/\/www.lichen.pl\/wp-content\/uploads\/2021\/09\/P1390220-225x300.jpg\" data-width=\"225\" data-height=\"300\" aria-label=\"\" role=\"img\" ><\/div>\n\t\t\t\t\t\t\t\t\t\t\t<div class=\"elementor-gallery-item__overlay\"><\/div>\n\t\t\t\t\t\t\t\t\t\t\t\t\t\t<\/a>\n\t\t\t\t\t\t\t<a class=\"e-gallery-item elementor-gallery-item elementor-animated-content\" href=\"https:\/\/www.lichen.pl\/wp-content\/uploads\/2021\/09\/P1390218-scaled.jpg\" data-elementor-open-lightbox=\"yes\" data-elementor-lightbox-slideshow=\"fabf595\" data-elementor-lightbox-title=\"P1390218\" data-e-action-hash=\"#elementor-action%3Aaction%3Dlightbox%26settings%3DeyJpZCI6MjkwMTEsInVybCI6Imh0dHBzOlwvXC93d3cubGljaGVuLnBsXC93cC1jb250ZW50XC91cGxvYWRzXC8yMDIxXC8wOVwvUDEzOTAyMTgtc2NhbGVkLmpwZyIsInNsaWRlc2hvdyI6ImZhYmY1OTUifQ%3D%3D\">\n\t\t\t\t\t<div class=\"e-gallery-image elementor-gallery-item__image\" data-thumbnail=\"https:\/\/www.lichen.pl\/wp-content\/uploads\/2021\/09\/P1390218-225x300.jpg\" data-width=\"225\" data-height=\"300\" aria-label=\"\" role=\"img\" ><\/div>\n\t\t\t\t\t\t\t\t\t\t\t<div class=\"elementor-gallery-item__overlay\"><\/div>\n\t\t\t\t\t\t\t\t\t\t\t\t\t\t<\/a>\n\t\t\t\t\t\t\t<a class=\"e-gallery-item elementor-gallery-item elementor-animated-content\" href=\"https:\/\/www.lichen.pl\/wp-content\/uploads\/2021\/09\/P1390216-scaled.jpg\" data-elementor-open-lightbox=\"yes\" data-elementor-lightbox-slideshow=\"fabf595\" data-elementor-lightbox-title=\"P1390216\" data-e-action-hash=\"#elementor-action%3Aaction%3Dlightbox%26settings%3DeyJpZCI6MjkwMDYsInVybCI6Imh0dHBzOlwvXC93d3cubGljaGVuLnBsXC93cC1jb250ZW50XC91cGxvYWRzXC8yMDIxXC8wOVwvUDEzOTAyMTYtc2NhbGVkLmpwZyIsInNsaWRlc2hvdyI6ImZhYmY1OTUifQ%3D%3D\">\n\t\t\t\t\t<div class=\"e-gallery-image elementor-gallery-item__image\" data-thumbnail=\"https:\/\/www.lichen.pl\/wp-content\/uploads\/2021\/09\/P1390216-300x225.jpg\" data-width=\"300\" data-height=\"225\" aria-label=\"\" role=\"img\" ><\/div>\n\t\t\t\t\t\t\t\t\t\t\t<div class=\"elementor-gallery-item__overlay\"><\/div>\n\t\t\t\t\t\t\t\t\t\t\t\t\t\t<\/a>\n\t\t\t\t\t\t\t<a class=\"e-gallery-item elementor-gallery-item elementor-animated-content\" href=\"https:\/\/www.lichen.pl\/wp-content\/uploads\/2021\/09\/P1390214-scaled.jpg\" data-elementor-open-lightbox=\"yes\" data-elementor-lightbox-slideshow=\"fabf595\" data-elementor-lightbox-title=\"P1390214\" data-e-action-hash=\"#elementor-action%3Aaction%3Dlightbox%26settings%3DeyJpZCI6MjkwMDEsInVybCI6Imh0dHBzOlwvXC93d3cubGljaGVuLnBsXC93cC1jb250ZW50XC91cGxvYWRzXC8yMDIxXC8wOVwvUDEzOTAyMTQtc2NhbGVkLmpwZyIsInNsaWRlc2hvdyI6ImZhYmY1OTUifQ%3D%3D\">\n\t\t\t\t\t<div class=\"e-gallery-image elementor-gallery-item__image\" data-thumbnail=\"https:\/\/www.lichen.pl\/wp-content\/uploads\/2021\/09\/P1390214-300x225.jpg\" data-width=\"300\" data-height=\"225\" aria-label=\"\" role=\"img\" ><\/div>\n\t\t\t\t\t\t\t\t\t\t\t<div class=\"elementor-gallery-item__overlay\"><\/div>\n\t\t\t\t\t\t\t\t\t\t\t\t\t\t<\/a>\n\t\t\t\t\t<\/div>\n\t\t\t\t\t<\/div>\n\t\t\t\t<\/div>\n\t\t\t\t\t<\/div>\n\t\t<\/div>\n\t\t\t\t\t<\/div>\n\t\t<\/section>\n\t\t\t\t<section class=\"elementor-section elementor-top-section elementor-element elementor-element-86cf2a4 elementor-section-boxed elementor-section-height-default elementor-section-height-default\" data-id=\"86cf2a4\" data-element_type=\"section\" data-e-type=\"section\">\n\t\t\t\t\t\t<div class=\"elementor-container elementor-column-gap-default\">\n\t\t\t\t\t<div class=\"elementor-column elementor-col-100 elementor-top-column elementor-element elementor-element-72c8fa5\" data-id=\"72c8fa5\" data-element_type=\"column\" data-e-type=\"column\">\n\t\t\t<div class=\"elementor-widget-wrap elementor-element-populated\">\n\t\t\t\t\t\t<div class=\"elementor-element elementor-element-f2953c0 elementor-widget-divider--view-line elementor-widget elementor-widget-divider\" data-id=\"f2953c0\" data-element_type=\"widget\" data-e-type=\"widget\" data-widget_type=\"divider.default\">\n\t\t\t\t<div class=\"elementor-widget-container\">\n\t\t\t\t\t\t\t<div class=\"elementor-divider\">\n\t\t\t<span class=\"elementor-divider-separator\">\n\t\t\t\t\t\t<\/span>\n\t\t<\/div>\n\t\t\t\t\t\t<\/div>\n\t\t\t\t<\/div>\n\t\t\t\t\t<\/div>\n\t\t<\/div>\n\t\t\t\t\t<\/div>\n\t\t<\/section>\n\t\t\t\t<\/div>","protected":false},"excerpt":{"rendered":"<p>O odnow\u0119 ma\u0142\u017ce\u0144skiej mi\u0142o\u015bci modlili si\u0119 uczestnicy po\u0142udniowej Mszy \u015bw. 28 sierpnia. W Sanktuarium Matki Bo\u017cej Liche\u0144skiej by\u0142 to Dzie\u0144 modlitw w intencji ma\u0142\u017ce\u0144stw w kryzysie. Po\u0142udniow\u0105 Msz\u0119 \u015bw. sprawowa\u0142 ks. Bogus\u0142aw Binda MIC, prze\u0142o\u017cony liche\u0144skiej wsp\u00f3lnoty ksi\u0119\u017cy marian\u00f3w. We wspomnienie \u015bw. Augustyna, jednego z czterech doktor\u00f3w Ko\u015bcio\u0142a Zachodniego, przypomnia\u0142, \u017ce podczas Eucharystii w \u015bwi\u0105tyni [&hellip;]<\/p>\n","protected":false},"author":6,"featured_media":29031,"comment_status":"open","ping_status":"open","sticky":false,"template":"","format":"standard","meta":{"footnotes":""},"categories":[1],"tags":[],"class_list":["post-28990","post","type-post","status-publish","format-standard","has-post-thumbnail","hentry","category-aktualnosci","wpbf-post"],"yoast_head":"<!-- This site is optimized with the Yoast SEO plugin v27.4 - https:\/\/yoast.com\/product\/yoast-seo-wordpress\/ -->\n<title>Modlimy si\u0119 o jedno\u015b\u0107 ma\u0142\u017ce\u0144sk\u0105 - Dzie\u0144 modlitw w intencji ma\u0142\u017ce\u0144stw w kryzysie - SANKTUARIUM W LICHENIU<\/title>\n<meta name=\"robots\" content=\"index, follow, max-snippet:-1, max-image-preview:large, max-video-preview:-1\" \/>\n<link rel=\"canonical\" href=\"http:\/\/www.lichen.pl\/es\/modlili-sie-o-jednosc-malzenska\/\" \/>\n<meta property=\"og:locale\" content=\"es_ES\" \/>\n<meta property=\"og:type\" content=\"article\" \/>\n<meta property=\"og:title\" content=\"Modlimy si\u0119 o jedno\u015b\u0107 ma\u0142\u017ce\u0144sk\u0105 - Dzie\u0144 modlitw w intencji ma\u0142\u017ce\u0144stw w kryzysie - SANKTUARIUM W LICHENIU\" \/>\n<meta property=\"og:description\" content=\"O odnow\u0119 ma\u0142\u017ce\u0144skiej mi\u0142o\u015bci modlili si\u0119 uczestnicy po\u0142udniowej Mszy \u015bw. 28 sierpnia. W Sanktuarium Matki Bo\u017cej Liche\u0144skiej by\u0142 to Dzie\u0144 modlitw w intencji ma\u0142\u017ce\u0144stw w kryzysie. Po\u0142udniow\u0105 Msz\u0119 \u015bw. sprawowa\u0142 ks. Bogus\u0142aw Binda MIC, prze\u0142o\u017cony liche\u0144skiej wsp\u00f3lnoty ksi\u0119\u017cy marian\u00f3w. We wspomnienie \u015bw. Augustyna, jednego z czterech doktor\u00f3w Ko\u015bcio\u0142a Zachodniego, przypomnia\u0142, \u017ce podczas Eucharystii w \u015bwi\u0105tyni [&hellip;]\" \/>\n<meta property=\"og:url\" content=\"http:\/\/www.lichen.pl\/es\/modlili-sie-o-jednosc-malzenska\/\" \/>\n<meta property=\"og:site_name\" content=\"SANKTUARIUM W LICHENIU\" \/>\n<meta property=\"article:published_time\" content=\"2021-08-28T13:10:42+00:00\" \/>\n<meta property=\"article:modified_time\" content=\"2021-09-03T12:43:24+00:00\" \/>\n<meta property=\"og:image\" content=\"http:\/\/www.lichen.pl\/wp-content\/uploads\/2021\/09\/P1390253-scaled.jpg\" \/>\n\t<meta property=\"og:image:width\" content=\"962\" \/>\n\t<meta property=\"og:image:height\" content=\"1280\" \/>\n\t<meta property=\"og:image:type\" content=\"image\/jpeg\" \/>\n<meta name=\"author\" content=\"AMELIA SIUDA-KOSZELA\" \/>\n<meta name=\"twitter:card\" content=\"summary_large_image\" \/>\n<meta name=\"twitter:label1\" content=\"Escrito por\" \/>\n\t<meta name=\"twitter:data1\" content=\"AMELIA SIUDA-KOSZELA\" \/>\n\t<meta name=\"twitter:label2\" content=\"Tiempo de lectura\" \/>\n\t<meta name=\"twitter:data2\" content=\"2 minutos\" \/>\n<script type=\"application\/ld+json\" class=\"yoast-schema-graph\">{\"@context\":\"https:\\\/\\\/schema.org\",\"@graph\":[{\"@type\":\"Article\",\"@id\":\"http:\\\/\\\/www.lichen.pl\\\/it\\\/modlili-sie-o-jednosc-malzenska\\\/#article\",\"isPartOf\":{\"@id\":\"http:\\\/\\\/www.lichen.pl\\\/it\\\/modlili-sie-o-jednosc-malzenska\\\/\"},\"author\":{\"name\":\"AMELIA SIUDA-KOSZELA\",\"@id\":\"https:\\\/\\\/www.lichen.pl\\\/fr\\\/#\\\/schema\\\/person\\\/70bf824c102f176cf976b0d90af0d62a\"},\"headline\":\"Modlimy si\u0119 o jedno\u015b\u0107 ma\u0142\u017ce\u0144sk\u0105 &#8211; Dzie\u0144 modlitw w intencji ma\u0142\u017ce\u0144stw w kryzysie\",\"datePublished\":\"2021-08-28T13:10:42+00:00\",\"dateModified\":\"2021-09-03T12:43:24+00:00\",\"mainEntityOfPage\":{\"@id\":\"http:\\\/\\\/www.lichen.pl\\\/it\\\/modlili-sie-o-jednosc-malzenska\\\/\"},\"wordCount\":375,\"commentCount\":0,\"image\":{\"@id\":\"http:\\\/\\\/www.lichen.pl\\\/it\\\/modlili-sie-o-jednosc-malzenska\\\/#primaryimage\"},\"thumbnailUrl\":\"https:\\\/\\\/www.lichen.pl\\\/wp-content\\\/uploads\\\/2021\\\/09\\\/P1390253-scaled.jpg\",\"articleSection\":[\"Aktualno\u015bci\"],\"inLanguage\":\"es\",\"potentialAction\":[{\"@type\":\"CommentAction\",\"name\":\"Comment\",\"target\":[\"http:\\\/\\\/www.lichen.pl\\\/it\\\/modlili-sie-o-jednosc-malzenska\\\/#respond\"]}]},{\"@type\":\"WebPage\",\"@id\":\"http:\\\/\\\/www.lichen.pl\\\/it\\\/modlili-sie-o-jednosc-malzenska\\\/\",\"url\":\"http:\\\/\\\/www.lichen.pl\\\/it\\\/modlili-sie-o-jednosc-malzenska\\\/\",\"name\":\"Modlimy si\u0119 o jedno\u015b\u0107 ma\u0142\u017ce\u0144sk\u0105 - Dzie\u0144 modlitw w intencji ma\u0142\u017ce\u0144stw w kryzysie - SANKTUARIUM W LICHENIU\",\"isPartOf\":{\"@id\":\"https:\\\/\\\/www.lichen.pl\\\/fr\\\/#website\"},\"primaryImageOfPage\":{\"@id\":\"http:\\\/\\\/www.lichen.pl\\\/it\\\/modlili-sie-o-jednosc-malzenska\\\/#primaryimage\"},\"image\":{\"@id\":\"http:\\\/\\\/www.lichen.pl\\\/it\\\/modlili-sie-o-jednosc-malzenska\\\/#primaryimage\"},\"thumbnailUrl\":\"https:\\\/\\\/www.lichen.pl\\\/wp-content\\\/uploads\\\/2021\\\/09\\\/P1390253-scaled.jpg\",\"datePublished\":\"2021-08-28T13:10:42+00:00\",\"dateModified\":\"2021-09-03T12:43:24+00:00\",\"author\":{\"@id\":\"https:\\\/\\\/www.lichen.pl\\\/fr\\\/#\\\/schema\\\/person\\\/70bf824c102f176cf976b0d90af0d62a\"},\"breadcrumb\":{\"@id\":\"http:\\\/\\\/www.lichen.pl\\\/it\\\/modlili-sie-o-jednosc-malzenska\\\/#breadcrumb\"},\"inLanguage\":\"es\",\"potentialAction\":[{\"@type\":\"ReadAction\",\"target\":[\"http:\\\/\\\/www.lichen.pl\\\/it\\\/modlili-sie-o-jednosc-malzenska\\\/\"]}]},{\"@type\":\"ImageObject\",\"inLanguage\":\"es\",\"@id\":\"http:\\\/\\\/www.lichen.pl\\\/it\\\/modlili-sie-o-jednosc-malzenska\\\/#primaryimage\",\"url\":\"https:\\\/\\\/www.lichen.pl\\\/wp-content\\\/uploads\\\/2021\\\/09\\\/P1390253-scaled.jpg\",\"contentUrl\":\"https:\\\/\\\/www.lichen.pl\\\/wp-content\\\/uploads\\\/2021\\\/09\\\/P1390253-scaled.jpg\",\"width\":962,\"height\":1280},{\"@type\":\"BreadcrumbList\",\"@id\":\"http:\\\/\\\/www.lichen.pl\\\/it\\\/modlili-sie-o-jednosc-malzenska\\\/#breadcrumb\",\"itemListElement\":[{\"@type\":\"ListItem\",\"position\":1,\"name\":\"Strona g\u0142\u00f3wna\",\"item\":\"https:\\\/\\\/www.lichen.pl\\\/\"},{\"@type\":\"ListItem\",\"position\":2,\"name\":\"Modlimy si\u0119 o jedno\u015b\u0107 ma\u0142\u017ce\u0144sk\u0105 &#8211; Dzie\u0144 modlitw w intencji ma\u0142\u017ce\u0144stw w kryzysie\"}]},{\"@type\":\"WebSite\",\"@id\":\"https:\\\/\\\/www.lichen.pl\\\/fr\\\/#website\",\"url\":\"https:\\\/\\\/www.lichen.pl\\\/fr\\\/\",\"name\":\"SANKTUARIUM W LICHENIU\",\"description\":\"MATKI BO\u017bEJ LICHE\u0143SKIEJ BOLESNEJ KR\u00d3LOWEJ POLSKI\",\"potentialAction\":[{\"@type\":\"SearchAction\",\"target\":{\"@type\":\"EntryPoint\",\"urlTemplate\":\"https:\\\/\\\/www.lichen.pl\\\/fr\\\/?s={search_term_string}\"},\"query-input\":{\"@type\":\"PropertyValueSpecification\",\"valueRequired\":true,\"valueName\":\"search_term_string\"}}],\"inLanguage\":\"es\"},{\"@type\":\"Person\",\"@id\":\"https:\\\/\\\/www.lichen.pl\\\/fr\\\/#\\\/schema\\\/person\\\/70bf824c102f176cf976b0d90af0d62a\",\"name\":\"AMELIA SIUDA-KOSZELA\",\"image\":{\"@type\":\"ImageObject\",\"inLanguage\":\"es\",\"@id\":\"https:\\\/\\\/secure.gravatar.com\\\/avatar\\\/a0f9a92186ab02fb8db116f5388e3bc7280dd7bd01565c5d6b7ceb07ff27d6d9?s=96&d=retro&r=g\",\"url\":\"https:\\\/\\\/secure.gravatar.com\\\/avatar\\\/a0f9a92186ab02fb8db116f5388e3bc7280dd7bd01565c5d6b7ceb07ff27d6d9?s=96&d=retro&r=g\",\"contentUrl\":\"https:\\\/\\\/secure.gravatar.com\\\/avatar\\\/a0f9a92186ab02fb8db116f5388e3bc7280dd7bd01565c5d6b7ceb07ff27d6d9?s=96&d=retro&r=g\",\"caption\":\"AMELIA SIUDA-KOSZELA\"},\"url\":\"https:\\\/\\\/www.lichen.pl\\\/es\\\/author\\\/amelia\\\/\"}]}<\/script>\n<!-- \/ Yoast SEO plugin. -->","yoast_head_json":{"title":"Modlimy si\u0119 o jedno\u015b\u0107 ma\u0142\u017ce\u0144sk\u0105 - Dzie\u0144 modlitw w intencji ma\u0142\u017ce\u0144stw w kryzysie - SANKTUARIUM W LICHENIU","robots":{"index":"index","follow":"follow","max-snippet":"max-snippet:-1","max-image-preview":"max-image-preview:large","max-video-preview":"max-video-preview:-1"},"canonical":"http:\/\/www.lichen.pl\/es\/modlili-sie-o-jednosc-malzenska\/","og_locale":"es_ES","og_type":"article","og_title":"Modlimy si\u0119 o jedno\u015b\u0107 ma\u0142\u017ce\u0144sk\u0105 - Dzie\u0144 modlitw w intencji ma\u0142\u017ce\u0144stw w kryzysie - SANKTUARIUM W LICHENIU","og_description":"O odnow\u0119 ma\u0142\u017ce\u0144skiej mi\u0142o\u015bci modlili si\u0119 uczestnicy po\u0142udniowej Mszy \u015bw. 28 sierpnia. W Sanktuarium Matki Bo\u017cej Liche\u0144skiej by\u0142 to Dzie\u0144 modlitw w intencji ma\u0142\u017ce\u0144stw w kryzysie. Po\u0142udniow\u0105 Msz\u0119 \u015bw. sprawowa\u0142 ks. Bogus\u0142aw Binda MIC, prze\u0142o\u017cony liche\u0144skiej wsp\u00f3lnoty ksi\u0119\u017cy marian\u00f3w. We wspomnienie \u015bw. Augustyna, jednego z czterech doktor\u00f3w Ko\u015bcio\u0142a Zachodniego, przypomnia\u0142, \u017ce podczas Eucharystii w \u015bwi\u0105tyni [&hellip;]","og_url":"http:\/\/www.lichen.pl\/es\/modlili-sie-o-jednosc-malzenska\/","og_site_name":"SANKTUARIUM W LICHENIU","article_published_time":"2021-08-28T13:10:42+00:00","article_modified_time":"2021-09-03T12:43:24+00:00","og_image":[{"width":962,"height":1280,"url":"http:\/\/www.lichen.pl\/wp-content\/uploads\/2021\/09\/P1390253-scaled.jpg","type":"image\/jpeg"}],"author":"AMELIA SIUDA-KOSZELA","twitter_card":"summary_large_image","twitter_misc":{"Escrito por":"AMELIA SIUDA-KOSZELA","Tiempo de lectura":"2 minutos"},"schema":{"@context":"https:\/\/schema.org","@graph":[{"@type":"Article","@id":"http:\/\/www.lichen.pl\/it\/modlili-sie-o-jednosc-malzenska\/#article","isPartOf":{"@id":"http:\/\/www.lichen.pl\/it\/modlili-sie-o-jednosc-malzenska\/"},"author":{"name":"AMELIA SIUDA-KOSZELA","@id":"https:\/\/www.lichen.pl\/fr\/#\/schema\/person\/70bf824c102f176cf976b0d90af0d62a"},"headline":"Modlimy si\u0119 o jedno\u015b\u0107 ma\u0142\u017ce\u0144sk\u0105 &#8211; Dzie\u0144 modlitw w intencji ma\u0142\u017ce\u0144stw w kryzysie","datePublished":"2021-08-28T13:10:42+00:00","dateModified":"2021-09-03T12:43:24+00:00","mainEntityOfPage":{"@id":"http:\/\/www.lichen.pl\/it\/modlili-sie-o-jednosc-malzenska\/"},"wordCount":375,"commentCount":0,"image":{"@id":"http:\/\/www.lichen.pl\/it\/modlili-sie-o-jednosc-malzenska\/#primaryimage"},"thumbnailUrl":"https:\/\/www.lichen.pl\/wp-content\/uploads\/2021\/09\/P1390253-scaled.jpg","articleSection":["Aktualno\u015bci"],"inLanguage":"es","potentialAction":[{"@type":"CommentAction","name":"Comment","target":["http:\/\/www.lichen.pl\/it\/modlili-sie-o-jednosc-malzenska\/#respond"]}]},{"@type":"WebPage","@id":"http:\/\/www.lichen.pl\/it\/modlili-sie-o-jednosc-malzenska\/","url":"http:\/\/www.lichen.pl\/it\/modlili-sie-o-jednosc-malzenska\/","name":"Modlimy si\u0119 o jedno\u015b\u0107 ma\u0142\u017ce\u0144sk\u0105 - Dzie\u0144 modlitw w intencji ma\u0142\u017ce\u0144stw w kryzysie - SANKTUARIUM W LICHENIU","isPartOf":{"@id":"https:\/\/www.lichen.pl\/fr\/#website"},"primaryImageOfPage":{"@id":"http:\/\/www.lichen.pl\/it\/modlili-sie-o-jednosc-malzenska\/#primaryimage"},"image":{"@id":"http:\/\/www.lichen.pl\/it\/modlili-sie-o-jednosc-malzenska\/#primaryimage"},"thumbnailUrl":"https:\/\/www.lichen.pl\/wp-content\/uploads\/2021\/09\/P1390253-scaled.jpg","datePublished":"2021-08-28T13:10:42+00:00","dateModified":"2021-09-03T12:43:24+00:00","author":{"@id":"https:\/\/www.lichen.pl\/fr\/#\/schema\/person\/70bf824c102f176cf976b0d90af0d62a"},"breadcrumb":{"@id":"http:\/\/www.lichen.pl\/it\/modlili-sie-o-jednosc-malzenska\/#breadcrumb"},"inLanguage":"es","potentialAction":[{"@type":"ReadAction","target":["http:\/\/www.lichen.pl\/it\/modlili-sie-o-jednosc-malzenska\/"]}]},{"@type":"ImageObject","inLanguage":"es","@id":"http:\/\/www.lichen.pl\/it\/modlili-sie-o-jednosc-malzenska\/#primaryimage","url":"https:\/\/www.lichen.pl\/wp-content\/uploads\/2021\/09\/P1390253-scaled.jpg","contentUrl":"https:\/\/www.lichen.pl\/wp-content\/uploads\/2021\/09\/P1390253-scaled.jpg","width":962,"height":1280},{"@type":"BreadcrumbList","@id":"http:\/\/www.lichen.pl\/it\/modlili-sie-o-jednosc-malzenska\/#breadcrumb","itemListElement":[{"@type":"ListItem","position":1,"name":"Strona g\u0142\u00f3wna","item":"https:\/\/www.lichen.pl\/"},{"@type":"ListItem","position":2,"name":"Modlimy si\u0119 o jedno\u015b\u0107 ma\u0142\u017ce\u0144sk\u0105 &#8211; Dzie\u0144 modlitw w intencji ma\u0142\u017ce\u0144stw w kryzysie"}]},{"@type":"WebSite","@id":"https:\/\/www.lichen.pl\/fr\/#website","url":"https:\/\/www.lichen.pl\/fr\/","name":"SANTUARIO EN LICHENIA","description":"LA DOLOROSA REINA DE POLONIA DE NUESTRO LICHEN","potentialAction":[{"@type":"SearchAction","target":{"@type":"EntryPoint","urlTemplate":"https:\/\/www.lichen.pl\/fr\/?s={search_term_string}"},"query-input":{"@type":"PropertyValueSpecification","valueRequired":true,"valueName":"search_term_string"}}],"inLanguage":"es"},{"@type":"Person","@id":"https:\/\/www.lichen.pl\/fr\/#\/schema\/person\/70bf824c102f176cf976b0d90af0d62a","name":"AMELIA SIUDA-KOSZELA","image":{"@type":"ImageObject","inLanguage":"es","@id":"https:\/\/secure.gravatar.com\/avatar\/a0f9a92186ab02fb8db116f5388e3bc7280dd7bd01565c5d6b7ceb07ff27d6d9?s=96&d=retro&r=g","url":"https:\/\/secure.gravatar.com\/avatar\/a0f9a92186ab02fb8db116f5388e3bc7280dd7bd01565c5d6b7ceb07ff27d6d9?s=96&d=retro&r=g","contentUrl":"https:\/\/secure.gravatar.com\/avatar\/a0f9a92186ab02fb8db116f5388e3bc7280dd7bd01565c5d6b7ceb07ff27d6d9?s=96&d=retro&r=g","caption":"AMELIA SIUDA-KOSZELA"},"url":"https:\/\/www.lichen.pl\/es\/author\/amelia\/"}]}},"_links":{"self":[{"href":"https:\/\/www.lichen.pl\/es\/wp-json\/wp\/v2\/posts\/28990","targetHints":{"allow":["GET"]}}],"collection":[{"href":"https:\/\/www.lichen.pl\/es\/wp-json\/wp\/v2\/posts"}],"about":[{"href":"https:\/\/www.lichen.pl\/es\/wp-json\/wp\/v2\/types\/post"}],"author":[{"embeddable":true,"href":"https:\/\/www.lichen.pl\/es\/wp-json\/wp\/v2\/users\/6"}],"replies":[{"embeddable":true,"href":"https:\/\/www.lichen.pl\/es\/wp-json\/wp\/v2\/comments?post=28990"}],"version-history":[{"count":13,"href":"https:\/\/www.lichen.pl\/es\/wp-json\/wp\/v2\/posts\/28990\/revisions"}],"predecessor-version":[{"id":29731,"href":"https:\/\/www.lichen.pl\/es\/wp-json\/wp\/v2\/posts\/28990\/revisions\/29731"}],"wp:featuredmedia":[{"embeddable":true,"href":"https:\/\/www.lichen.pl\/es\/wp-json\/wp\/v2\/media\/29031"}],"wp:attachment":[{"href":"https:\/\/www.lichen.pl\/es\/wp-json\/wp\/v2\/media?parent=28990"}],"wp:term":[{"taxonomy":"category","embeddable":true,"href":"https:\/\/www.lichen.pl\/es\/wp-json\/wp\/v2\/categories?post=28990"},{"taxonomy":"post_tag","embeddable":true,"href":"https:\/\/www.lichen.pl\/es\/wp-json\/wp\/v2\/tags?post=28990"}],"curies":[{"name":"wp","href":"https:\/\/api.w.org\/{rel}","templated":true}]}}