{"id":30064,"date":"2021-09-03T14:30:00","date_gmt":"2021-09-03T14:30:00","guid":{"rendered":"http:\/\/www.lichen.pl\/?p=30064"},"modified":"2021-09-16T11:07:21","modified_gmt":"2021-09-16T11:07:21","slug":"rekolekcje-jak-przezyc-zalobe-3-5-wrzesnia-2021-r","status":"publish","type":"post","link":"https:\/\/www.lichen.pl\/es\/rekolekcje-jak-przezyc-zalobe-3-5-wrzesnia-2021-r\/","title":{"rendered":"Retiro &quot;C\u00f3mo sobrevivir al duelo&quot; en el Centro de apoyo familiar de Liche\u0144"},"content":{"rendered":"<div data-elementor-type=\"wp-post\" data-elementor-id=\"30064\" class=\"elementor elementor-30064\" data-elementor-post-type=\"post\">\n\t\t\t\t\t\t<section class=\"elementor-section elementor-top-section elementor-element elementor-element-6d8a20c elementor-section-boxed elementor-section-height-default elementor-section-height-default\" data-id=\"6d8a20c\" data-element_type=\"section\" data-e-type=\"section\">\n\t\t\t\t\t\t<div class=\"elementor-container elementor-column-gap-default\">\n\t\t\t\t\t<div class=\"elementor-column elementor-col-100 elementor-top-column elementor-element elementor-element-18d1472\" data-id=\"18d1472\" data-element_type=\"column\" data-e-type=\"column\">\n\t\t\t<div class=\"elementor-widget-wrap elementor-element-populated\">\n\t\t\t\t\t\t<div class=\"elementor-element elementor-element-6681d99 elementor-widget elementor-widget-image\" data-id=\"6681d99\" data-element_type=\"widget\" data-e-type=\"widget\" data-widget_type=\"image.default\">\n\t\t\t\t<div class=\"elementor-widget-container\">\n\t\t\t\t\t\t\t\t\t\t\t\t\t\t\t<img fetchpriority=\"high\" decoding=\"async\" width=\"1024\" height=\"769\" src=\"https:\/\/www.lichen.pl\/wp-content\/uploads\/2021\/09\/spowiedz-1-1024x769.jpg\" class=\"attachment-large size-large wp-image-30065\" alt=\"\" srcset=\"https:\/\/www.lichen.pl\/wp-content\/uploads\/2021\/09\/spowiedz-1-1024x769.jpg 1024w, https:\/\/www.lichen.pl\/wp-content\/uploads\/2021\/09\/spowiedz-1-800x601.jpg 800w, https:\/\/www.lichen.pl\/wp-content\/uploads\/2021\/09\/spowiedz-1-300x225.jpg 300w, https:\/\/www.lichen.pl\/wp-content\/uploads\/2021\/09\/spowiedz-1-768x576.jpg 768w, https:\/\/www.lichen.pl\/wp-content\/uploads\/2021\/09\/spowiedz-1-1536x1153.jpg 1536w, https:\/\/www.lichen.pl\/wp-content\/uploads\/2021\/09\/spowiedz-1.jpg 1600w\" sizes=\"(max-width: 1024px) 100vw, 1024px\" \/>\t\t\t\t\t\t\t\t\t\t\t\t\t\t\t<\/div>\n\t\t\t\t<\/div>\n\t\t\t\t<div class=\"elementor-element elementor-element-0e82caf elementor-widget elementor-widget-text-editor\" data-id=\"0e82caf\" data-element_type=\"widget\" data-e-type=\"widget\" data-widget_type=\"text-editor.default\">\n\t\t\t\t<div class=\"elementor-widget-container\">\n\t\t\t\t\t\t\t\t\t<p><span style=\"color: #000000;\"><strong>Ser libre en el luto<\/strong><\/span><\/p><p><span style=\"color: #000000;\"><strong>- Se ha instalado en m\u00ed una gran sala que me da la fuerza para continuar mi vida frente a m\u00ed - dice la Sra. Dorota, participante del retiro &quot;C\u00f3mo vivir el duelo&quot; en el santuario de Liche\u0144, que tuvo lugar el primer fin de semana de septiembre.<\/strong><\/span><\/p><p><span style=\"color: #000000;\">Fue valioso para los participantes compartir una experiencia compartida de dolor, aunque experimentada de manera diferente, y reuniones individuales con los disertantes: la psic\u00f3loga Monika Potera y el p. Zbigniew Borkowski, MIC, quien apoy\u00f3 espiritualmente a los participantes del retiro. Aprendieron a entender su propio comportamiento, pensamientos y otros.<\/span><\/p><p><span style=\"color: #000000;\">La psic\u00f3loga explic\u00f3 los mecanismos de vivencia del duelo y el derecho a los sentimientos individuales. - Para m\u00ed era importante estar informado de que mis hijos pueden vivir el duelo de manera diferente a como lo hago yo. El hecho de que este proceso avance m\u00e1s r\u00e1pido en ellos no significa que sea malo, dice Dorota en Varsovia.<\/span><\/p><p><span style=\"color: #000000;\">Padre Borkowski, director del Centro de Asistencia a Familias y Toxic\u00f3manos de Liche\u0144, enfatiz\u00f3 que todos est\u00e1n en camino y los muertos ya llegaron a la Casa del Padre, donde esperan a sus seres queridos. - Nos une el dolor, pero la experiencia compartida ayuda a crear un v\u00ednculo. Sabemos que el grupo nos va a entender, y los l\u00edderes est\u00e1n abiertos a todas las preguntas - agrega el participante. La ayuda en el duelo deber\u00eda estar m\u00e1s extendida, incluso en la educaci\u00f3n escolar, porque afecta a todos, dice Dorota desde Varsovia. - Las personas en duelo se enfrentan a comportamientos inapropiados. El consejo &quot;todo estar\u00e1 bien, el tiempo cura todas las heridas&quot; no es de apoyo. Vale la pena decir: &quot;recuerda, puedes llamar y escribir en cualquier momento del d\u00eda o de la noche, estoy aqu\u00ed para ayudarte&quot;. Seguimos siendo normales, solo estamos sufriendo y cada uno de nosotros necesita algo diferente. Tambi\u00e9n aprendemos a expresar nuestras necesidades - dice.<\/span><\/p><p><span style=\"color: #000000;\">Los participantes se apoyaron mutuamente en el intercambio. - Al principio ve\u00eda a la gente que sufr\u00eda y estaba triste, y ahora veo a los afligidos, pero con esperanza. Con alegr\u00eda en los ojos y paz en el coraz\u00f3n - dice el p. Zbigniew Borkowski. - Muchas preguntas sobre la salvaci\u00f3n surgen cuando, en una emergencia, el joven no estaba preparado para la muerte, por lo que se necesitan charlas individuales. Todos los participantes enfatizaron que Dios era su alivio y fortaleza. Muchos de ellos, a trav\u00e9s de la experiencia de la muerte de un ser querido, fortalecieron su v\u00ednculo con Dios, dice la mariana. Admiti\u00f3 que fue un tiempo valioso, como sacerdote, hab\u00eda adquirido muchos conocimientos sobre la experiencia del duelo. En primer lugar, dar a todos la libertad de experimentar la p\u00e9rdida seg\u00fan sus necesidades.<\/span><\/p>\t\t\t\t\t\t\t\t<\/div>\n\t\t\t\t<\/div>\n\t\t\t\t\t<\/div>\n\t\t<\/div>\n\t\t\t\t\t<\/div>\n\t\t<\/section>\n\t\t\t\t<\/div>","protected":false},"excerpt":{"rendered":"<p>Da\u0107 wolno\u015b\u0107 w \u017ca\u0142obie \u2013 Zago\u015bci\u0142 we mnie du\u017cy pok\u00f3j, kt\u00f3ry daje mi si\u0142\u0119 do dalszego \u017cycia przede mn\u0105 \u2013 m\u00f3wi pani Dorota, uczestniczka rekolekcji \u201eJak prze\u017cy\u0107 \u017ca\u0142ob\u0119\u201d w liche\u0144skim sanktuarium, kt\u00f3re odby\u0142y si\u0119 w pierwszy weekend wrze\u015bnia. Warto\u015bciowe dla uczestnik\u00f3w by\u0142o dzielenie si\u0119 wsp\u00f3lnym do\u015bwiadczeniem b\u00f3lu, cho\u0107 r\u00f3\u017cnie prze\u017cywanym, i indywidualne spotkania z prowadz\u0105cymi [&hellip;]<\/p>\n","protected":false},"author":6,"featured_media":30065,"comment_status":"open","ping_status":"open","sticky":false,"template":"","format":"standard","meta":{"footnotes":""},"categories":[1],"tags":[],"class_list":["post-30064","post","type-post","status-publish","format-standard","has-post-thumbnail","hentry","category-aktualnosci","wpbf-post"],"yoast_head":"<!-- This site is optimized with the Yoast SEO plugin v27.4 - https:\/\/yoast.com\/product\/yoast-seo-wordpress\/ -->\n<title>Rekolekcje &quot; Jak prze\u017cy\u0107 \u017ca\u0142ob\u0119&quot; w Liche\u0144skim Centrum Pomocy Rodzinie - SANKTUARIUM W LICHENIU<\/title>\n<meta name=\"robots\" content=\"index, follow, max-snippet:-1, max-image-preview:large, max-video-preview:-1\" \/>\n<link rel=\"canonical\" href=\"http:\/\/www.lichen.pl\/es\/rekolekcje-jak-przezyc-zalobe-3-5-wrzesnia-2021-r\/\" \/>\n<meta property=\"og:locale\" content=\"es_ES\" \/>\n<meta property=\"og:type\" content=\"article\" \/>\n<meta property=\"og:title\" content=\"Rekolekcje &quot; Jak prze\u017cy\u0107 \u017ca\u0142ob\u0119&quot; w Liche\u0144skim Centrum Pomocy Rodzinie - SANKTUARIUM W LICHENIU\" \/>\n<meta property=\"og:description\" content=\"Da\u0107 wolno\u015b\u0107 w \u017ca\u0142obie \u2013 Zago\u015bci\u0142 we mnie du\u017cy pok\u00f3j, kt\u00f3ry daje mi si\u0142\u0119 do dalszego \u017cycia przede mn\u0105 \u2013 m\u00f3wi pani Dorota, uczestniczka rekolekcji \u201eJak prze\u017cy\u0107 \u017ca\u0142ob\u0119\u201d w liche\u0144skim sanktuarium, kt\u00f3re odby\u0142y si\u0119 w pierwszy weekend wrze\u015bnia. Warto\u015bciowe dla uczestnik\u00f3w by\u0142o dzielenie si\u0119 wsp\u00f3lnym do\u015bwiadczeniem b\u00f3lu, cho\u0107 r\u00f3\u017cnie prze\u017cywanym, i indywidualne spotkania z prowadz\u0105cymi [&hellip;]\" \/>\n<meta property=\"og:url\" content=\"http:\/\/www.lichen.pl\/es\/rekolekcje-jak-przezyc-zalobe-3-5-wrzesnia-2021-r\/\" \/>\n<meta property=\"og:site_name\" content=\"SANKTUARIUM W LICHENIU\" \/>\n<meta property=\"article:published_time\" content=\"2021-09-03T14:30:00+00:00\" \/>\n<meta property=\"article:modified_time\" content=\"2021-09-16T11:07:21+00:00\" \/>\n<meta property=\"og:image\" content=\"http:\/\/www.lichen.pl\/wp-content\/uploads\/2021\/09\/spowiedz-1.jpg\" \/>\n\t<meta property=\"og:image:width\" content=\"1600\" \/>\n\t<meta property=\"og:image:height\" content=\"1201\" \/>\n\t<meta property=\"og:image:type\" content=\"image\/jpeg\" \/>\n<meta name=\"author\" content=\"AMELIA SIUDA-KOSZELA\" \/>\n<meta name=\"twitter:card\" content=\"summary_large_image\" \/>\n<meta name=\"twitter:label1\" content=\"Escrito por\" \/>\n\t<meta name=\"twitter:data1\" content=\"AMELIA SIUDA-KOSZELA\" \/>\n\t<meta name=\"twitter:label2\" content=\"Tiempo de lectura\" \/>\n\t<meta name=\"twitter:data2\" content=\"2 minutos\" \/>\n<script type=\"application\/ld+json\" class=\"yoast-schema-graph\">{\"@context\":\"https:\\\/\\\/schema.org\",\"@graph\":[{\"@type\":\"Article\",\"@id\":\"http:\\\/\\\/www.lichen.pl\\\/fr\\\/rekolekcje-jak-przezyc-zalobe-3-5-wrzesnia-2021-r\\\/#article\",\"isPartOf\":{\"@id\":\"http:\\\/\\\/www.lichen.pl\\\/fr\\\/rekolekcje-jak-przezyc-zalobe-3-5-wrzesnia-2021-r\\\/\"},\"author\":{\"name\":\"AMELIA SIUDA-KOSZELA\",\"@id\":\"https:\\\/\\\/www.lichen.pl\\\/fr\\\/#\\\/schema\\\/person\\\/70bf824c102f176cf976b0d90af0d62a\"},\"headline\":\"Rekolekcje &#8221; Jak prze\u017cy\u0107 \u017ca\u0142ob\u0119&#8221; w Liche\u0144skim Centrum Pomocy Rodzinie\",\"datePublished\":\"2021-09-03T14:30:00+00:00\",\"dateModified\":\"2021-09-16T11:07:21+00:00\",\"mainEntityOfPage\":{\"@id\":\"http:\\\/\\\/www.lichen.pl\\\/fr\\\/rekolekcje-jak-przezyc-zalobe-3-5-wrzesnia-2021-r\\\/\"},\"wordCount\":438,\"commentCount\":0,\"image\":{\"@id\":\"http:\\\/\\\/www.lichen.pl\\\/fr\\\/rekolekcje-jak-przezyc-zalobe-3-5-wrzesnia-2021-r\\\/#primaryimage\"},\"thumbnailUrl\":\"https:\\\/\\\/www.lichen.pl\\\/wp-content\\\/uploads\\\/2021\\\/09\\\/spowiedz-1.jpg\",\"articleSection\":[\"Aktualno\u015bci\"],\"inLanguage\":\"es\",\"potentialAction\":[{\"@type\":\"CommentAction\",\"name\":\"Comment\",\"target\":[\"http:\\\/\\\/www.lichen.pl\\\/fr\\\/rekolekcje-jak-przezyc-zalobe-3-5-wrzesnia-2021-r\\\/#respond\"]}]},{\"@type\":\"WebPage\",\"@id\":\"http:\\\/\\\/www.lichen.pl\\\/fr\\\/rekolekcje-jak-przezyc-zalobe-3-5-wrzesnia-2021-r\\\/\",\"url\":\"http:\\\/\\\/www.lichen.pl\\\/fr\\\/rekolekcje-jak-przezyc-zalobe-3-5-wrzesnia-2021-r\\\/\",\"name\":\"Rekolekcje \\\" Jak prze\u017cy\u0107 \u017ca\u0142ob\u0119\\\" w Liche\u0144skim Centrum Pomocy Rodzinie - SANKTUARIUM W LICHENIU\",\"isPartOf\":{\"@id\":\"https:\\\/\\\/www.lichen.pl\\\/fr\\\/#website\"},\"primaryImageOfPage\":{\"@id\":\"http:\\\/\\\/www.lichen.pl\\\/fr\\\/rekolekcje-jak-przezyc-zalobe-3-5-wrzesnia-2021-r\\\/#primaryimage\"},\"image\":{\"@id\":\"http:\\\/\\\/www.lichen.pl\\\/fr\\\/rekolekcje-jak-przezyc-zalobe-3-5-wrzesnia-2021-r\\\/#primaryimage\"},\"thumbnailUrl\":\"https:\\\/\\\/www.lichen.pl\\\/wp-content\\\/uploads\\\/2021\\\/09\\\/spowiedz-1.jpg\",\"datePublished\":\"2021-09-03T14:30:00+00:00\",\"dateModified\":\"2021-09-16T11:07:21+00:00\",\"author\":{\"@id\":\"https:\\\/\\\/www.lichen.pl\\\/fr\\\/#\\\/schema\\\/person\\\/70bf824c102f176cf976b0d90af0d62a\"},\"breadcrumb\":{\"@id\":\"http:\\\/\\\/www.lichen.pl\\\/fr\\\/rekolekcje-jak-przezyc-zalobe-3-5-wrzesnia-2021-r\\\/#breadcrumb\"},\"inLanguage\":\"es\",\"potentialAction\":[{\"@type\":\"ReadAction\",\"target\":[\"http:\\\/\\\/www.lichen.pl\\\/fr\\\/rekolekcje-jak-przezyc-zalobe-3-5-wrzesnia-2021-r\\\/\"]}]},{\"@type\":\"ImageObject\",\"inLanguage\":\"es\",\"@id\":\"http:\\\/\\\/www.lichen.pl\\\/fr\\\/rekolekcje-jak-przezyc-zalobe-3-5-wrzesnia-2021-r\\\/#primaryimage\",\"url\":\"https:\\\/\\\/www.lichen.pl\\\/wp-content\\\/uploads\\\/2021\\\/09\\\/spowiedz-1.jpg\",\"contentUrl\":\"https:\\\/\\\/www.lichen.pl\\\/wp-content\\\/uploads\\\/2021\\\/09\\\/spowiedz-1.jpg\",\"width\":1600,\"height\":1201},{\"@type\":\"BreadcrumbList\",\"@id\":\"http:\\\/\\\/www.lichen.pl\\\/fr\\\/rekolekcje-jak-przezyc-zalobe-3-5-wrzesnia-2021-r\\\/#breadcrumb\",\"itemListElement\":[{\"@type\":\"ListItem\",\"position\":1,\"name\":\"Strona g\u0142\u00f3wna\",\"item\":\"https:\\\/\\\/www.lichen.pl\\\/\"},{\"@type\":\"ListItem\",\"position\":2,\"name\":\"Rekolekcje &#8221; Jak prze\u017cy\u0107 \u017ca\u0142ob\u0119&#8221; w Liche\u0144skim Centrum Pomocy Rodzinie\"}]},{\"@type\":\"WebSite\",\"@id\":\"https:\\\/\\\/www.lichen.pl\\\/fr\\\/#website\",\"url\":\"https:\\\/\\\/www.lichen.pl\\\/fr\\\/\",\"name\":\"SANKTUARIUM W LICHENIU\",\"description\":\"MATKI BO\u017bEJ LICHE\u0143SKIEJ BOLESNEJ KR\u00d3LOWEJ POLSKI\",\"potentialAction\":[{\"@type\":\"SearchAction\",\"target\":{\"@type\":\"EntryPoint\",\"urlTemplate\":\"https:\\\/\\\/www.lichen.pl\\\/fr\\\/?s={search_term_string}\"},\"query-input\":{\"@type\":\"PropertyValueSpecification\",\"valueRequired\":true,\"valueName\":\"search_term_string\"}}],\"inLanguage\":\"es\"},{\"@type\":\"Person\",\"@id\":\"https:\\\/\\\/www.lichen.pl\\\/fr\\\/#\\\/schema\\\/person\\\/70bf824c102f176cf976b0d90af0d62a\",\"name\":\"AMELIA SIUDA-KOSZELA\",\"image\":{\"@type\":\"ImageObject\",\"inLanguage\":\"es\",\"@id\":\"https:\\\/\\\/secure.gravatar.com\\\/avatar\\\/a0f9a92186ab02fb8db116f5388e3bc7280dd7bd01565c5d6b7ceb07ff27d6d9?s=96&d=retro&r=g\",\"url\":\"https:\\\/\\\/secure.gravatar.com\\\/avatar\\\/a0f9a92186ab02fb8db116f5388e3bc7280dd7bd01565c5d6b7ceb07ff27d6d9?s=96&d=retro&r=g\",\"contentUrl\":\"https:\\\/\\\/secure.gravatar.com\\\/avatar\\\/a0f9a92186ab02fb8db116f5388e3bc7280dd7bd01565c5d6b7ceb07ff27d6d9?s=96&d=retro&r=g\",\"caption\":\"AMELIA SIUDA-KOSZELA\"},\"url\":\"https:\\\/\\\/www.lichen.pl\\\/es\\\/author\\\/amelia\\\/\"}]}<\/script>\n<!-- \/ Yoast SEO plugin. -->","yoast_head_json":{"title":"Rekolekcje \" Jak prze\u017cy\u0107 \u017ca\u0142ob\u0119\" w Liche\u0144skim Centrum Pomocy Rodzinie - SANKTUARIUM W LICHENIU","robots":{"index":"index","follow":"follow","max-snippet":"max-snippet:-1","max-image-preview":"max-image-preview:large","max-video-preview":"max-video-preview:-1"},"canonical":"http:\/\/www.lichen.pl\/es\/rekolekcje-jak-przezyc-zalobe-3-5-wrzesnia-2021-r\/","og_locale":"es_ES","og_type":"article","og_title":"Rekolekcje \" Jak prze\u017cy\u0107 \u017ca\u0142ob\u0119\" w Liche\u0144skim Centrum Pomocy Rodzinie - SANKTUARIUM W LICHENIU","og_description":"Da\u0107 wolno\u015b\u0107 w \u017ca\u0142obie \u2013 Zago\u015bci\u0142 we mnie du\u017cy pok\u00f3j, kt\u00f3ry daje mi si\u0142\u0119 do dalszego \u017cycia przede mn\u0105 \u2013 m\u00f3wi pani Dorota, uczestniczka rekolekcji \u201eJak prze\u017cy\u0107 \u017ca\u0142ob\u0119\u201d w liche\u0144skim sanktuarium, kt\u00f3re odby\u0142y si\u0119 w pierwszy weekend wrze\u015bnia. Warto\u015bciowe dla uczestnik\u00f3w by\u0142o dzielenie si\u0119 wsp\u00f3lnym do\u015bwiadczeniem b\u00f3lu, cho\u0107 r\u00f3\u017cnie prze\u017cywanym, i indywidualne spotkania z prowadz\u0105cymi [&hellip;]","og_url":"http:\/\/www.lichen.pl\/es\/rekolekcje-jak-przezyc-zalobe-3-5-wrzesnia-2021-r\/","og_site_name":"SANKTUARIUM W LICHENIU","article_published_time":"2021-09-03T14:30:00+00:00","article_modified_time":"2021-09-16T11:07:21+00:00","og_image":[{"width":1600,"height":1201,"url":"http:\/\/www.lichen.pl\/wp-content\/uploads\/2021\/09\/spowiedz-1.jpg","type":"image\/jpeg"}],"author":"AMELIA SIUDA-KOSZELA","twitter_card":"summary_large_image","twitter_misc":{"Escrito por":"AMELIA SIUDA-KOSZELA","Tiempo de lectura":"2 minutos"},"schema":{"@context":"https:\/\/schema.org","@graph":[{"@type":"Article","@id":"http:\/\/www.lichen.pl\/fr\/rekolekcje-jak-przezyc-zalobe-3-5-wrzesnia-2021-r\/#article","isPartOf":{"@id":"http:\/\/www.lichen.pl\/fr\/rekolekcje-jak-przezyc-zalobe-3-5-wrzesnia-2021-r\/"},"author":{"name":"AMELIA SIUDA-KOSZELA","@id":"https:\/\/www.lichen.pl\/fr\/#\/schema\/person\/70bf824c102f176cf976b0d90af0d62a"},"headline":"Rekolekcje &#8221; Jak prze\u017cy\u0107 \u017ca\u0142ob\u0119&#8221; w Liche\u0144skim Centrum Pomocy Rodzinie","datePublished":"2021-09-03T14:30:00+00:00","dateModified":"2021-09-16T11:07:21+00:00","mainEntityOfPage":{"@id":"http:\/\/www.lichen.pl\/fr\/rekolekcje-jak-przezyc-zalobe-3-5-wrzesnia-2021-r\/"},"wordCount":438,"commentCount":0,"image":{"@id":"http:\/\/www.lichen.pl\/fr\/rekolekcje-jak-przezyc-zalobe-3-5-wrzesnia-2021-r\/#primaryimage"},"thumbnailUrl":"https:\/\/www.lichen.pl\/wp-content\/uploads\/2021\/09\/spowiedz-1.jpg","articleSection":["Aktualno\u015bci"],"inLanguage":"es","potentialAction":[{"@type":"CommentAction","name":"Comment","target":["http:\/\/www.lichen.pl\/fr\/rekolekcje-jak-przezyc-zalobe-3-5-wrzesnia-2021-r\/#respond"]}]},{"@type":"WebPage","@id":"http:\/\/www.lichen.pl\/fr\/rekolekcje-jak-przezyc-zalobe-3-5-wrzesnia-2021-r\/","url":"http:\/\/www.lichen.pl\/fr\/rekolekcje-jak-przezyc-zalobe-3-5-wrzesnia-2021-r\/","name":"Rekolekcje \" Jak prze\u017cy\u0107 \u017ca\u0142ob\u0119\" w Liche\u0144skim Centrum Pomocy Rodzinie - SANKTUARIUM W LICHENIU","isPartOf":{"@id":"https:\/\/www.lichen.pl\/fr\/#website"},"primaryImageOfPage":{"@id":"http:\/\/www.lichen.pl\/fr\/rekolekcje-jak-przezyc-zalobe-3-5-wrzesnia-2021-r\/#primaryimage"},"image":{"@id":"http:\/\/www.lichen.pl\/fr\/rekolekcje-jak-przezyc-zalobe-3-5-wrzesnia-2021-r\/#primaryimage"},"thumbnailUrl":"https:\/\/www.lichen.pl\/wp-content\/uploads\/2021\/09\/spowiedz-1.jpg","datePublished":"2021-09-03T14:30:00+00:00","dateModified":"2021-09-16T11:07:21+00:00","author":{"@id":"https:\/\/www.lichen.pl\/fr\/#\/schema\/person\/70bf824c102f176cf976b0d90af0d62a"},"breadcrumb":{"@id":"http:\/\/www.lichen.pl\/fr\/rekolekcje-jak-przezyc-zalobe-3-5-wrzesnia-2021-r\/#breadcrumb"},"inLanguage":"es","potentialAction":[{"@type":"ReadAction","target":["http:\/\/www.lichen.pl\/fr\/rekolekcje-jak-przezyc-zalobe-3-5-wrzesnia-2021-r\/"]}]},{"@type":"ImageObject","inLanguage":"es","@id":"http:\/\/www.lichen.pl\/fr\/rekolekcje-jak-przezyc-zalobe-3-5-wrzesnia-2021-r\/#primaryimage","url":"https:\/\/www.lichen.pl\/wp-content\/uploads\/2021\/09\/spowiedz-1.jpg","contentUrl":"https:\/\/www.lichen.pl\/wp-content\/uploads\/2021\/09\/spowiedz-1.jpg","width":1600,"height":1201},{"@type":"BreadcrumbList","@id":"http:\/\/www.lichen.pl\/fr\/rekolekcje-jak-przezyc-zalobe-3-5-wrzesnia-2021-r\/#breadcrumb","itemListElement":[{"@type":"ListItem","position":1,"name":"Strona g\u0142\u00f3wna","item":"https:\/\/www.lichen.pl\/"},{"@type":"ListItem","position":2,"name":"Rekolekcje &#8221; Jak prze\u017cy\u0107 \u017ca\u0142ob\u0119&#8221; w Liche\u0144skim Centrum Pomocy Rodzinie"}]},{"@type":"WebSite","@id":"https:\/\/www.lichen.pl\/fr\/#website","url":"https:\/\/www.lichen.pl\/fr\/","name":"SANTUARIO EN LICHENIA","description":"LA DOLOROSA REINA DE POLONIA DE NUESTRO LICHEN","potentialAction":[{"@type":"SearchAction","target":{"@type":"EntryPoint","urlTemplate":"https:\/\/www.lichen.pl\/fr\/?s={search_term_string}"},"query-input":{"@type":"PropertyValueSpecification","valueRequired":true,"valueName":"search_term_string"}}],"inLanguage":"es"},{"@type":"Person","@id":"https:\/\/www.lichen.pl\/fr\/#\/schema\/person\/70bf824c102f176cf976b0d90af0d62a","name":"AMELIA SIUDA-KOSZELA","image":{"@type":"ImageObject","inLanguage":"es","@id":"https:\/\/secure.gravatar.com\/avatar\/a0f9a92186ab02fb8db116f5388e3bc7280dd7bd01565c5d6b7ceb07ff27d6d9?s=96&d=retro&r=g","url":"https:\/\/secure.gravatar.com\/avatar\/a0f9a92186ab02fb8db116f5388e3bc7280dd7bd01565c5d6b7ceb07ff27d6d9?s=96&d=retro&r=g","contentUrl":"https:\/\/secure.gravatar.com\/avatar\/a0f9a92186ab02fb8db116f5388e3bc7280dd7bd01565c5d6b7ceb07ff27d6d9?s=96&d=retro&r=g","caption":"AMELIA SIUDA-KOSZELA"},"url":"https:\/\/www.lichen.pl\/es\/author\/amelia\/"}]}},"_links":{"self":[{"href":"https:\/\/www.lichen.pl\/es\/wp-json\/wp\/v2\/posts\/30064","targetHints":{"allow":["GET"]}}],"collection":[{"href":"https:\/\/www.lichen.pl\/es\/wp-json\/wp\/v2\/posts"}],"about":[{"href":"https:\/\/www.lichen.pl\/es\/wp-json\/wp\/v2\/types\/post"}],"author":[{"embeddable":true,"href":"https:\/\/www.lichen.pl\/es\/wp-json\/wp\/v2\/users\/6"}],"replies":[{"embeddable":true,"href":"https:\/\/www.lichen.pl\/es\/wp-json\/wp\/v2\/comments?post=30064"}],"version-history":[{"count":6,"href":"https:\/\/www.lichen.pl\/es\/wp-json\/wp\/v2\/posts\/30064\/revisions"}],"predecessor-version":[{"id":30725,"href":"https:\/\/www.lichen.pl\/es\/wp-json\/wp\/v2\/posts\/30064\/revisions\/30725"}],"wp:featuredmedia":[{"embeddable":true,"href":"https:\/\/www.lichen.pl\/es\/wp-json\/wp\/v2\/media\/30065"}],"wp:attachment":[{"href":"https:\/\/www.lichen.pl\/es\/wp-json\/wp\/v2\/media?parent=30064"}],"wp:term":[{"taxonomy":"category","embeddable":true,"href":"https:\/\/www.lichen.pl\/es\/wp-json\/wp\/v2\/categories?post=30064"},{"taxonomy":"post_tag","embeddable":true,"href":"https:\/\/www.lichen.pl\/es\/wp-json\/wp\/v2\/tags?post=30064"}],"curies":[{"name":"wp","href":"https:\/\/api.w.org\/{rel}","templated":true}]}}