{"id":50937,"date":"2023-03-05T22:21:13","date_gmt":"2023-03-05T21:21:13","guid":{"rendered":"https:\/\/www.lichen.pl\/sw-kazimierz-2023-copy\/"},"modified":"2023-03-05T22:28:49","modified_gmt":"2023-03-05T21:28:49","slug":"dzien-kobiet-2023","status":"publish","type":"post","link":"https:\/\/www.lichen.pl\/es\/dzien-kobiet-2023\/","title":{"rendered":"Zapatrzeni w najpi\u0119kniejsz\u0105 z niewiast &#8211; modlitwa w intencji kobiet"},"content":{"rendered":"<div data-elementor-type=\"wp-post\" data-elementor-id=\"50937\" class=\"elementor elementor-50937\" data-elementor-post-type=\"post\">\n\t\t\t\t\t\t<section class=\"elementor-section elementor-top-section elementor-element elementor-element-0698a18 elementor-section-boxed elementor-section-height-default elementor-section-height-default\" data-id=\"0698a18\" data-element_type=\"section\" data-e-type=\"section\">\n\t\t\t\t\t\t<div class=\"elementor-container elementor-column-gap-default\">\n\t\t\t\t\t<div class=\"elementor-column elementor-col-100 elementor-top-column elementor-element elementor-element-5dcbc1e\" data-id=\"5dcbc1e\" data-element_type=\"column\" data-e-type=\"column\">\n\t\t\t<div class=\"elementor-widget-wrap elementor-element-populated\">\n\t\t\t\t\t\t<div class=\"elementor-element elementor-element-b42d965 elementor-widget elementor-widget-text-editor\" data-id=\"b42d965\" data-element_type=\"widget\" data-e-type=\"widget\" data-widget_type=\"text-editor.default\">\n\t\t\t\t<div class=\"elementor-widget-container\">\n\t\t\t\t\t\t\t\t\t<p><strong>Za kobiety i ich misj\u0119 we wsp\u00f3lnocie ludzkiej dzi\u0119kowano w bazylice liche\u0144skiej w niedziel\u0119, 5 marca 2023 r. Modlono si\u0119 w intencji matek, c\u00f3rek, \u017con, kobiet \u017cyj\u0105cych w pojedynk\u0119, konsekrowanych a tak\u017ce tych, kt\u00f3re zosta\u0142y zepchni\u0119te na margines spo\u0142eczny i kt\u00f3re do\u015bwiadczy\u0142y albo do\u015bwiadczaj\u0105 przemocy.<\/strong><\/p>\t\t\t\t\t\t\t\t<\/div>\n\t\t\t\t<\/div>\n\t\t\t\t<section class=\"elementor-section elementor-inner-section elementor-element elementor-element-12202c1 elementor-section-boxed elementor-section-height-default elementor-section-height-default\" data-id=\"12202c1\" data-element_type=\"section\" data-e-type=\"section\">\n\t\t\t\t\t\t<div class=\"elementor-container elementor-column-gap-default\">\n\t\t\t\t\t<div class=\"elementor-column elementor-col-50 elementor-inner-column elementor-element elementor-element-2a7472f\" data-id=\"2a7472f\" data-element_type=\"column\" data-e-type=\"column\">\n\t\t\t<div class=\"elementor-widget-wrap elementor-element-populated\">\n\t\t\t\t\t\t<div class=\"elementor-element elementor-element-115462b elementor-widget elementor-widget-image\" data-id=\"115462b\" data-element_type=\"widget\" data-e-type=\"widget\" data-widget_type=\"image.default\">\n\t\t\t\t<div class=\"elementor-widget-container\">\n\t\t\t\t\t\t\t\t\t\t\t\t\t\t\t<img fetchpriority=\"high\" decoding=\"async\" width=\"2048\" height=\"1365\" src=\"https:\/\/www.lichen.pl\/wp-content\/uploads\/2023\/03\/IMG_3740-2048x1365.jpg\" class=\"attachment-2048x2048 size-2048x2048 wp-image-50942\" alt=\"\" srcset=\"https:\/\/www.lichen.pl\/wp-content\/uploads\/2023\/03\/IMG_3740-2048x1365.jpg 2048w, https:\/\/www.lichen.pl\/wp-content\/uploads\/2023\/03\/IMG_3740-800x533.jpg 800w, https:\/\/www.lichen.pl\/wp-content\/uploads\/2023\/03\/IMG_3740-300x200.jpg 300w, https:\/\/www.lichen.pl\/wp-content\/uploads\/2023\/03\/IMG_3740-1024x683.jpg 1024w, https:\/\/www.lichen.pl\/wp-content\/uploads\/2023\/03\/IMG_3740-768x512.jpg 768w, https:\/\/www.lichen.pl\/wp-content\/uploads\/2023\/03\/IMG_3740-1536x1024.jpg 1536w, https:\/\/www.lichen.pl\/wp-content\/uploads\/2023\/03\/IMG_3740-18x12.jpg 18w, https:\/\/www.lichen.pl\/wp-content\/uploads\/2023\/03\/IMG_3740.jpg 1920w\" sizes=\"(max-width: 2048px) 100vw, 2048px\" \/>\t\t\t\t\t\t\t\t\t\t\t\t\t\t\t<\/div>\n\t\t\t\t<\/div>\n\t\t\t\t<div class=\"elementor-element elementor-element-b7ab6a3 elementor-widget elementor-widget-image\" data-id=\"b7ab6a3\" data-element_type=\"widget\" data-e-type=\"widget\" data-widget_type=\"image.default\">\n\t\t\t\t<div class=\"elementor-widget-container\">\n\t\t\t\t\t\t\t\t\t\t\t\t\t\t\t<img decoding=\"async\" width=\"1024\" height=\"683\" src=\"https:\/\/www.lichen.pl\/wp-content\/uploads\/2023\/03\/IMG_3755-1024x683.jpg\" class=\"attachment-large size-large wp-image-50941\" alt=\"\" srcset=\"https:\/\/www.lichen.pl\/wp-content\/uploads\/2023\/03\/IMG_3755-1024x683.jpg 1024w, https:\/\/www.lichen.pl\/wp-content\/uploads\/2023\/03\/IMG_3755-800x533.jpg 800w, https:\/\/www.lichen.pl\/wp-content\/uploads\/2023\/03\/IMG_3755-300x200.jpg 300w, https:\/\/www.lichen.pl\/wp-content\/uploads\/2023\/03\/IMG_3755-768x512.jpg 768w, https:\/\/www.lichen.pl\/wp-content\/uploads\/2023\/03\/IMG_3755-1536x1024.jpg 1536w, https:\/\/www.lichen.pl\/wp-content\/uploads\/2023\/03\/IMG_3755-2048x1365.jpg 2048w, https:\/\/www.lichen.pl\/wp-content\/uploads\/2023\/03\/IMG_3755-18x12.jpg 18w, https:\/\/www.lichen.pl\/wp-content\/uploads\/2023\/03\/IMG_3755.jpg 1920w\" sizes=\"(max-width: 1024px) 100vw, 1024px\" \/>\t\t\t\t\t\t\t\t\t\t\t\t\t\t\t<\/div>\n\t\t\t\t<\/div>\n\t\t\t\t\t<\/div>\n\t\t<\/div>\n\t\t\t\t<div class=\"elementor-column elementor-col-50 elementor-inner-column elementor-element elementor-element-6374d57\" data-id=\"6374d57\" data-element_type=\"column\" data-e-type=\"column\">\n\t\t\t<div class=\"elementor-widget-wrap elementor-element-populated\">\n\t\t\t\t\t\t<div class=\"elementor-element elementor-element-e0c6408 elementor-widget elementor-widget-text-editor\" data-id=\"e0c6408\" data-element_type=\"widget\" data-e-type=\"widget\" data-widget_type=\"text-editor.default\">\n\t\t\t\t<div class=\"elementor-widget-container\">\n\t\t\t\t\t\t\t\t\t<p>Przed Cudownym Obrazem Matki Bo\u017cej Liche\u0144skiej, Bolesnej Kr\u00f3lowej Polski w czasie Mszy \u015awi\u0119tej o godzinie 12.00 modlili si\u0119 m. in. kuracjusze z Ciechocinka a tak\u017ce Apostolat \u201eMargaretka\u201d z Krakowa wraz ze swoim duszpasterzem, ks. dr Bogus\u0142aw Nagelem. Eucharystii przewodniczy\u0142 ks. Adam Stankiewicz MIC, wicekustosz Sanktuarium Matki Bo\u017cej Liche\u0144skiej.<\/p><p>Kap\u0142an zach\u0119ca\u0142 kobiety do czerpania wzoru z Naj\u015bwi\u0119tszej Maryi Panny, by sk\u0142ada\u0142y na o\u0142tarzu swoje cierpienia i nadzieje.<\/p><p>&#8211; Druga Niedziela Wielkiego Postu zaprasza nas do tego, aby\u015bmy dokonuj\u0105c refleksji nad naszym \u017cyciem, otwieraj\u0105c si\u0119 na Bo\u017c\u0105 \u0142ask\u0119, aby\u015bmy pozwolili si\u0119 Bogu przemienia\u0107. Czas, kt\u00f3ry prze\u017cywamy, czas Wielkiego Postu, dany nam jest po to, by\u015bmy dokonywali przemiany naszego serca. Dzi\u015b, zas\u0142uchani w Bo\u017ce S\u0142owo, wpatrujemy si\u0119 w najpi\u0119kniejsz\u0105 z niewiast, pe\u0142n\u0105 \u0142aski, wybran\u0105 by by\u0107 Matk\u0105 Bo\u017cego Syna. Maryja jest wzorem dla ka\u017cdego ucznia Jezusa. Swoj\u0105 postaw\u0105 uczy nas wszystkich, a dzi\u015b przede wszystkim kobiety, jak by\u0107 wdzi\u0119cznym Bogu za dar powo\u0142ania, dar \u017cycia, kt\u00f3rym nas obdarzy\u0142. Jej \u017cycie, jest przek\u0142adem \u017cycia wiar\u0105 w codzienno\u015bci. Czym owa wiara by\u0142a dla Maryi?\u00a0 By\u0142a \u017cyw\u0105 relacj\u0105 z Bogiem, prze\u017cywan\u0105 ka\u017cdego dnia, kt\u00f3rego blisko\u015b\u0107 nape\u0142nia\u0142a J\u0105 rado\u015bci\u0105.<\/p>\t\t\t\t\t\t\t\t<\/div>\n\t\t\t\t<\/div>\n\t\t\t\t\t<\/div>\n\t\t<\/div>\n\t\t\t\t\t<\/div>\n\t\t<\/section>\n\t\t\t\t<div class=\"elementor-element elementor-element-7653fea elementor-widget elementor-widget-text-editor\" data-id=\"7653fea\" data-element_type=\"widget\" data-e-type=\"widget\" data-widget_type=\"text-editor.default\">\n\t\t\t\t<div class=\"elementor-widget-container\">\n\t\t\t\t\t\t\t\t\t<p>W dalszej cz\u0119\u015bci homilii, marianin zwr\u00f3ci\u0142 uwag\u0119 na obecno\u015b\u0107 cierpienia w \u017cyciu cz\u0142owieka, a zw\u0142aszcza kobiety-matki. \u201eKa\u017cda kobieta, matka wie, ile po\u015bwi\u0119cenia potrzeba, by dobrze wychowa\u0107 dziecko. Ile nieprzespanych mocy, ile trudu, ile wylanych \u0142ez. Ile\u017c cierpienia&#8230; Zadajemy sobie nieraz pytanie, czy owo cierpienie ma sens. W liche\u0144skim sanktuarium uzyskujemy odpowied\u017a na to pytanie. Wpatrujemy si\u0119 bowiem w Maryj\u0119 Bolesn\u0105. Cierpienie nie by\u0142o Jej obce. Pocz\u0105wszy od ofiarowania Syna w \u015bwi\u0105tyni, przez ucieczk\u0119 do Egiptu, po Golgot\u0119, Maryja jako Matka, jako Kobieta do\u015bwiadcza\u0142a cierpienia. I dzi\u015b chce ka\u017cdemu z nas powiedzie\u0107, \u017ce r\u00f3wnie\u017c w prze\u017cywaniu tego cierpienia B\u00f3g jest blisko ka\u017cdego cz\u0142owieka, a ostatnie s\u0142owo zawsze nale\u017cy do Jej Syna. Po Wielkim Pi\u0105tku nadszed\u0142 bowiem poranek Zmartwychwstania. Chcemy zatem od Niej si\u0119 uczy\u0107 takiej wiary, kt\u00f3ra pomaga nam wytrwa\u0107 przy krzy\u017cu Jezusa, kt\u00f3ra pomaga wytrwa\u0107 w cierpieniu. Dzi\u0119kujmy wi\u0119c za najpi\u0119kniejsz\u0105 z niewiast, Maryj\u0119 i za ka\u017cd\u0105 kobiet\u0119, za to, \u017ce B\u00f3g zaprasza je do szczeg\u00f3lnej wsp\u00f3\u0142pracy z sob\u0105, by dawa\u0142y \u017cycie, by by\u0142y odbiciem Jego mi\u0142o\u015bci, dobroci i pi\u0119kna \u2013 m\u00f3wi\u0142 ksi\u0105dz wicekustosz.<\/p><p>\u00a0<\/p>\t\t\t\t\t\t\t\t<\/div>\n\t\t\t\t<\/div>\n\t\t\t\t\t<\/div>\n\t\t<\/div>\n\t\t\t\t\t<\/div>\n\t\t<\/section>\n\t\t\t\t<\/div>","protected":false},"excerpt":{"rendered":"<p>Za kobiety i ich misj\u0119 we wsp\u00f3lnocie ludzkiej dzi\u0119kowano w bazylice liche\u0144skiej w niedziel\u0119, 5 marca 2023 r. Modlono si\u0119 w intencji matek, c\u00f3rek, \u017con, kobiet \u017cyj\u0105cych w pojedynk\u0119, konsekrowanych a tak\u017ce tych, kt\u00f3re zosta\u0142y zepchni\u0119te na margines spo\u0142eczny i kt\u00f3re do\u015bwiadczy\u0142y albo do\u015bwiadczaj\u0105 przemocy. Przed Cudownym Obrazem Matki Bo\u017cej Liche\u0144skiej, Bolesnej Kr\u00f3lowej Polski w [&hellip;]<\/p>\n","protected":false},"author":5,"featured_media":50938,"comment_status":"open","ping_status":"open","sticky":false,"template":"","format":"standard","meta":{"footnotes":""},"categories":[1],"tags":[],"class_list":["post-50937","post","type-post","status-publish","format-standard","has-post-thumbnail","hentry","category-aktualnosci","wpbf-post"],"yoast_head":"<!-- This site is optimized with the Yoast SEO plugin v27.4 - https:\/\/yoast.com\/product\/yoast-seo-wordpress\/ -->\n<title>Zapatrzeni w najpi\u0119kniejsz\u0105 z niewiast - modlitwa w intencji kobiet - SANKTUARIUM W LICHENIU<\/title>\n<meta name=\"robots\" content=\"index, follow, max-snippet:-1, max-image-preview:large, max-video-preview:-1\" \/>\n<link rel=\"canonical\" href=\"https:\/\/www.lichen.pl\/es\/dzien-kobiet-2023\/\" \/>\n<meta property=\"og:locale\" content=\"es_ES\" \/>\n<meta property=\"og:type\" content=\"article\" \/>\n<meta property=\"og:title\" content=\"Zapatrzeni w najpi\u0119kniejsz\u0105 z niewiast - modlitwa w intencji kobiet - SANKTUARIUM W LICHENIU\" \/>\n<meta property=\"og:description\" content=\"Za kobiety i ich misj\u0119 we wsp\u00f3lnocie ludzkiej dzi\u0119kowano w bazylice liche\u0144skiej w niedziel\u0119, 5 marca 2023 r. Modlono si\u0119 w intencji matek, c\u00f3rek, \u017con, kobiet \u017cyj\u0105cych w pojedynk\u0119, konsekrowanych a tak\u017ce tych, kt\u00f3re zosta\u0142y zepchni\u0119te na margines spo\u0142eczny i kt\u00f3re do\u015bwiadczy\u0142y albo do\u015bwiadczaj\u0105 przemocy. Przed Cudownym Obrazem Matki Bo\u017cej Liche\u0144skiej, Bolesnej Kr\u00f3lowej Polski w [&hellip;]\" \/>\n<meta property=\"og:url\" content=\"https:\/\/www.lichen.pl\/es\/dzien-kobiet-2023\/\" \/>\n<meta property=\"og:site_name\" content=\"SANKTUARIUM W LICHENIU\" \/>\n<meta property=\"article:published_time\" content=\"2023-03-05T21:21:13+00:00\" \/>\n<meta property=\"article:modified_time\" content=\"2023-03-05T21:28:49+00:00\" \/>\n<meta property=\"og:image\" content=\"https:\/\/www.lichen.pl\/wp-content\/uploads\/2023\/03\/IMG_3727-1024x683.jpg\" \/>\n\t<meta property=\"og:image:width\" content=\"1024\" \/>\n\t<meta property=\"og:image:height\" content=\"683\" \/>\n\t<meta property=\"og:image:type\" content=\"image\/jpeg\" \/>\n<meta name=\"author\" content=\"Justyna Zacharek\" \/>\n<meta name=\"twitter:card\" content=\"summary_large_image\" \/>\n<meta name=\"twitter:label1\" content=\"Escrito por\" \/>\n\t<meta name=\"twitter:data1\" content=\"Justyna Zacharek\" \/>\n\t<meta name=\"twitter:label2\" content=\"Tiempo de lectura\" \/>\n\t<meta name=\"twitter:data2\" content=\"3 minutos\" \/>\n<script type=\"application\/ld+json\" class=\"yoast-schema-graph\">{\"@context\":\"https:\\\/\\\/schema.org\",\"@graph\":[{\"@type\":\"Article\",\"@id\":\"https:\\\/\\\/www.lichen.pl\\\/dzien-kobiet-2023\\\/#article\",\"isPartOf\":{\"@id\":\"https:\\\/\\\/www.lichen.pl\\\/dzien-kobiet-2023\\\/\"},\"author\":{\"name\":\"Justyna Zacharek\",\"@id\":\"https:\\\/\\\/www.lichen.pl\\\/fr\\\/#\\\/schema\\\/person\\\/9f57a1408d363022abd305da0323b703\"},\"headline\":\"Zapatrzeni w najpi\u0119kniejsz\u0105 z niewiast &#8211; modlitwa w intencji kobiet\",\"datePublished\":\"2023-03-05T21:21:13+00:00\",\"dateModified\":\"2023-03-05T21:28:49+00:00\",\"mainEntityOfPage\":{\"@id\":\"https:\\\/\\\/www.lichen.pl\\\/dzien-kobiet-2023\\\/\"},\"wordCount\":503,\"commentCount\":0,\"image\":{\"@id\":\"https:\\\/\\\/www.lichen.pl\\\/dzien-kobiet-2023\\\/#primaryimage\"},\"thumbnailUrl\":\"https:\\\/\\\/www.lichen.pl\\\/wp-content\\\/uploads\\\/2023\\\/03\\\/IMG_3727.jpg\",\"articleSection\":[\"Aktualno\u015bci\"],\"inLanguage\":\"es\",\"potentialAction\":[{\"@type\":\"CommentAction\",\"name\":\"Comment\",\"target\":[\"https:\\\/\\\/www.lichen.pl\\\/dzien-kobiet-2023\\\/#respond\"]}]},{\"@type\":\"WebPage\",\"@id\":\"https:\\\/\\\/www.lichen.pl\\\/dzien-kobiet-2023\\\/\",\"url\":\"https:\\\/\\\/www.lichen.pl\\\/dzien-kobiet-2023\\\/\",\"name\":\"Zapatrzeni w najpi\u0119kniejsz\u0105 z niewiast - modlitwa w intencji kobiet - SANKTUARIUM W LICHENIU\",\"isPartOf\":{\"@id\":\"https:\\\/\\\/www.lichen.pl\\\/fr\\\/#website\"},\"primaryImageOfPage\":{\"@id\":\"https:\\\/\\\/www.lichen.pl\\\/dzien-kobiet-2023\\\/#primaryimage\"},\"image\":{\"@id\":\"https:\\\/\\\/www.lichen.pl\\\/dzien-kobiet-2023\\\/#primaryimage\"},\"thumbnailUrl\":\"https:\\\/\\\/www.lichen.pl\\\/wp-content\\\/uploads\\\/2023\\\/03\\\/IMG_3727.jpg\",\"datePublished\":\"2023-03-05T21:21:13+00:00\",\"dateModified\":\"2023-03-05T21:28:49+00:00\",\"author\":{\"@id\":\"https:\\\/\\\/www.lichen.pl\\\/fr\\\/#\\\/schema\\\/person\\\/9f57a1408d363022abd305da0323b703\"},\"breadcrumb\":{\"@id\":\"https:\\\/\\\/www.lichen.pl\\\/dzien-kobiet-2023\\\/#breadcrumb\"},\"inLanguage\":\"es\",\"potentialAction\":[{\"@type\":\"ReadAction\",\"target\":[\"https:\\\/\\\/www.lichen.pl\\\/dzien-kobiet-2023\\\/\"]}]},{\"@type\":\"ImageObject\",\"inLanguage\":\"es\",\"@id\":\"https:\\\/\\\/www.lichen.pl\\\/dzien-kobiet-2023\\\/#primaryimage\",\"url\":\"https:\\\/\\\/www.lichen.pl\\\/wp-content\\\/uploads\\\/2023\\\/03\\\/IMG_3727.jpg\",\"contentUrl\":\"https:\\\/\\\/www.lichen.pl\\\/wp-content\\\/uploads\\\/2023\\\/03\\\/IMG_3727.jpg\",\"width\":1920,\"height\":1280,\"caption\":\"Matka Bo\u017ca Liche\u0144ska\"},{\"@type\":\"BreadcrumbList\",\"@id\":\"https:\\\/\\\/www.lichen.pl\\\/dzien-kobiet-2023\\\/#breadcrumb\",\"itemListElement\":[{\"@type\":\"ListItem\",\"position\":1,\"name\":\"Strona g\u0142\u00f3wna\",\"item\":\"https:\\\/\\\/www.lichen.pl\\\/\"},{\"@type\":\"ListItem\",\"position\":2,\"name\":\"Zapatrzeni w najpi\u0119kniejsz\u0105 z niewiast &#8211; modlitwa w intencji kobiet\"}]},{\"@type\":\"WebSite\",\"@id\":\"https:\\\/\\\/www.lichen.pl\\\/fr\\\/#website\",\"url\":\"https:\\\/\\\/www.lichen.pl\\\/fr\\\/\",\"name\":\"SANKTUARIUM W LICHENIU\",\"description\":\"MATKI BO\u017bEJ LICHE\u0143SKIEJ BOLESNEJ KR\u00d3LOWEJ POLSKI\",\"potentialAction\":[{\"@type\":\"SearchAction\",\"target\":{\"@type\":\"EntryPoint\",\"urlTemplate\":\"https:\\\/\\\/www.lichen.pl\\\/fr\\\/?s={search_term_string}\"},\"query-input\":{\"@type\":\"PropertyValueSpecification\",\"valueRequired\":true,\"valueName\":\"search_term_string\"}}],\"inLanguage\":\"es\"},{\"@type\":\"Person\",\"@id\":\"https:\\\/\\\/www.lichen.pl\\\/fr\\\/#\\\/schema\\\/person\\\/9f57a1408d363022abd305da0323b703\",\"name\":\"Justyna Zacharek\",\"image\":{\"@type\":\"ImageObject\",\"inLanguage\":\"es\",\"@id\":\"https:\\\/\\\/secure.gravatar.com\\\/avatar\\\/7be193626a4fb4d6a7d53a7686c3bbf938efff653c427e0182457b838e9d2c3b?s=96&d=retro&r=g\",\"url\":\"https:\\\/\\\/secure.gravatar.com\\\/avatar\\\/7be193626a4fb4d6a7d53a7686c3bbf938efff653c427e0182457b838e9d2c3b?s=96&d=retro&r=g\",\"contentUrl\":\"https:\\\/\\\/secure.gravatar.com\\\/avatar\\\/7be193626a4fb4d6a7d53a7686c3bbf938efff653c427e0182457b838e9d2c3b?s=96&d=retro&r=g\",\"caption\":\"Justyna Zacharek\"},\"url\":\"https:\\\/\\\/www.lichen.pl\\\/es\\\/author\\\/justyna\\\/\"}]}<\/script>\n<!-- \/ Yoast SEO plugin. -->","yoast_head_json":{"title":"Zapatrzeni w najpi\u0119kniejsz\u0105 z niewiast - modlitwa w intencji kobiet - SANKTUARIUM W LICHENIU","robots":{"index":"index","follow":"follow","max-snippet":"max-snippet:-1","max-image-preview":"max-image-preview:large","max-video-preview":"max-video-preview:-1"},"canonical":"https:\/\/www.lichen.pl\/es\/dzien-kobiet-2023\/","og_locale":"es_ES","og_type":"article","og_title":"Zapatrzeni w najpi\u0119kniejsz\u0105 z niewiast - modlitwa w intencji kobiet - SANKTUARIUM W LICHENIU","og_description":"Za kobiety i ich misj\u0119 we wsp\u00f3lnocie ludzkiej dzi\u0119kowano w bazylice liche\u0144skiej w niedziel\u0119, 5 marca 2023 r. Modlono si\u0119 w intencji matek, c\u00f3rek, \u017con, kobiet \u017cyj\u0105cych w pojedynk\u0119, konsekrowanych a tak\u017ce tych, kt\u00f3re zosta\u0142y zepchni\u0119te na margines spo\u0142eczny i kt\u00f3re do\u015bwiadczy\u0142y albo do\u015bwiadczaj\u0105 przemocy. Przed Cudownym Obrazem Matki Bo\u017cej Liche\u0144skiej, Bolesnej Kr\u00f3lowej Polski w [&hellip;]","og_url":"https:\/\/www.lichen.pl\/es\/dzien-kobiet-2023\/","og_site_name":"SANKTUARIUM W LICHENIU","article_published_time":"2023-03-05T21:21:13+00:00","article_modified_time":"2023-03-05T21:28:49+00:00","og_image":[{"width":1024,"height":683,"url":"https:\/\/www.lichen.pl\/wp-content\/uploads\/2023\/03\/IMG_3727-1024x683.jpg","type":"image\/jpeg"}],"author":"Justyna Zacharek","twitter_card":"summary_large_image","twitter_misc":{"Escrito por":"Justyna Zacharek","Tiempo de lectura":"3 minutos"},"schema":{"@context":"https:\/\/schema.org","@graph":[{"@type":"Article","@id":"https:\/\/www.lichen.pl\/dzien-kobiet-2023\/#article","isPartOf":{"@id":"https:\/\/www.lichen.pl\/dzien-kobiet-2023\/"},"author":{"name":"Justyna Zacharek","@id":"https:\/\/www.lichen.pl\/fr\/#\/schema\/person\/9f57a1408d363022abd305da0323b703"},"headline":"Zapatrzeni w najpi\u0119kniejsz\u0105 z niewiast &#8211; modlitwa w intencji kobiet","datePublished":"2023-03-05T21:21:13+00:00","dateModified":"2023-03-05T21:28:49+00:00","mainEntityOfPage":{"@id":"https:\/\/www.lichen.pl\/dzien-kobiet-2023\/"},"wordCount":503,"commentCount":0,"image":{"@id":"https:\/\/www.lichen.pl\/dzien-kobiet-2023\/#primaryimage"},"thumbnailUrl":"https:\/\/www.lichen.pl\/wp-content\/uploads\/2023\/03\/IMG_3727.jpg","articleSection":["Aktualno\u015bci"],"inLanguage":"es","potentialAction":[{"@type":"CommentAction","name":"Comment","target":["https:\/\/www.lichen.pl\/dzien-kobiet-2023\/#respond"]}]},{"@type":"WebPage","@id":"https:\/\/www.lichen.pl\/dzien-kobiet-2023\/","url":"https:\/\/www.lichen.pl\/dzien-kobiet-2023\/","name":"Zapatrzeni w najpi\u0119kniejsz\u0105 z niewiast - modlitwa w intencji kobiet - SANKTUARIUM W LICHENIU","isPartOf":{"@id":"https:\/\/www.lichen.pl\/fr\/#website"},"primaryImageOfPage":{"@id":"https:\/\/www.lichen.pl\/dzien-kobiet-2023\/#primaryimage"},"image":{"@id":"https:\/\/www.lichen.pl\/dzien-kobiet-2023\/#primaryimage"},"thumbnailUrl":"https:\/\/www.lichen.pl\/wp-content\/uploads\/2023\/03\/IMG_3727.jpg","datePublished":"2023-03-05T21:21:13+00:00","dateModified":"2023-03-05T21:28:49+00:00","author":{"@id":"https:\/\/www.lichen.pl\/fr\/#\/schema\/person\/9f57a1408d363022abd305da0323b703"},"breadcrumb":{"@id":"https:\/\/www.lichen.pl\/dzien-kobiet-2023\/#breadcrumb"},"inLanguage":"es","potentialAction":[{"@type":"ReadAction","target":["https:\/\/www.lichen.pl\/dzien-kobiet-2023\/"]}]},{"@type":"ImageObject","inLanguage":"es","@id":"https:\/\/www.lichen.pl\/dzien-kobiet-2023\/#primaryimage","url":"https:\/\/www.lichen.pl\/wp-content\/uploads\/2023\/03\/IMG_3727.jpg","contentUrl":"https:\/\/www.lichen.pl\/wp-content\/uploads\/2023\/03\/IMG_3727.jpg","width":1920,"height":1280,"caption":"Matka Bo\u017ca Liche\u0144ska"},{"@type":"BreadcrumbList","@id":"https:\/\/www.lichen.pl\/dzien-kobiet-2023\/#breadcrumb","itemListElement":[{"@type":"ListItem","position":1,"name":"Strona g\u0142\u00f3wna","item":"https:\/\/www.lichen.pl\/"},{"@type":"ListItem","position":2,"name":"Zapatrzeni w najpi\u0119kniejsz\u0105 z niewiast &#8211; modlitwa w intencji kobiet"}]},{"@type":"WebSite","@id":"https:\/\/www.lichen.pl\/fr\/#website","url":"https:\/\/www.lichen.pl\/fr\/","name":"SANTUARIO EN LICHENIA","description":"LA DOLOROSA REINA DE POLONIA DE NUESTRO LICHEN","potentialAction":[{"@type":"SearchAction","target":{"@type":"EntryPoint","urlTemplate":"https:\/\/www.lichen.pl\/fr\/?s={search_term_string}"},"query-input":{"@type":"PropertyValueSpecification","valueRequired":true,"valueName":"search_term_string"}}],"inLanguage":"es"},{"@type":"Person","@id":"https:\/\/www.lichen.pl\/fr\/#\/schema\/person\/9f57a1408d363022abd305da0323b703","name":"Justyna Zacharek","image":{"@type":"ImageObject","inLanguage":"es","@id":"https:\/\/secure.gravatar.com\/avatar\/7be193626a4fb4d6a7d53a7686c3bbf938efff653c427e0182457b838e9d2c3b?s=96&d=retro&r=g","url":"https:\/\/secure.gravatar.com\/avatar\/7be193626a4fb4d6a7d53a7686c3bbf938efff653c427e0182457b838e9d2c3b?s=96&d=retro&r=g","contentUrl":"https:\/\/secure.gravatar.com\/avatar\/7be193626a4fb4d6a7d53a7686c3bbf938efff653c427e0182457b838e9d2c3b?s=96&d=retro&r=g","caption":"Justyna Zacharek"},"url":"https:\/\/www.lichen.pl\/es\/author\/justyna\/"}]}},"_links":{"self":[{"href":"https:\/\/www.lichen.pl\/es\/wp-json\/wp\/v2\/posts\/50937","targetHints":{"allow":["GET"]}}],"collection":[{"href":"https:\/\/www.lichen.pl\/es\/wp-json\/wp\/v2\/posts"}],"about":[{"href":"https:\/\/www.lichen.pl\/es\/wp-json\/wp\/v2\/types\/post"}],"author":[{"embeddable":true,"href":"https:\/\/www.lichen.pl\/es\/wp-json\/wp\/v2\/users\/5"}],"replies":[{"embeddable":true,"href":"https:\/\/www.lichen.pl\/es\/wp-json\/wp\/v2\/comments?post=50937"}],"version-history":[{"count":4,"href":"https:\/\/www.lichen.pl\/es\/wp-json\/wp\/v2\/posts\/50937\/revisions"}],"predecessor-version":[{"id":50945,"href":"https:\/\/www.lichen.pl\/es\/wp-json\/wp\/v2\/posts\/50937\/revisions\/50945"}],"wp:featuredmedia":[{"embeddable":true,"href":"https:\/\/www.lichen.pl\/es\/wp-json\/wp\/v2\/media\/50938"}],"wp:attachment":[{"href":"https:\/\/www.lichen.pl\/es\/wp-json\/wp\/v2\/media?parent=50937"}],"wp:term":[{"taxonomy":"category","embeddable":true,"href":"https:\/\/www.lichen.pl\/es\/wp-json\/wp\/v2\/categories?post=50937"},{"taxonomy":"post_tag","embeddable":true,"href":"https:\/\/www.lichen.pl\/es\/wp-json\/wp\/v2\/tags?post=50937"}],"curies":[{"name":"wp","href":"https:\/\/api.w.org\/{rel}","templated":true}]}}