{"id":52727,"date":"2023-05-01T10:32:35","date_gmt":"2023-05-01T08:32:35","guid":{"rendered":"https:\/\/www.lichen.pl\/otwarcie-sezonu-moto-2023-copy\/"},"modified":"2023-05-01T11:27:23","modified_gmt":"2023-05-01T09:27:23","slug":"niedziela-dobrego-pasterza-2023","status":"publish","type":"post","link":"https:\/\/www.lichen.pl\/es\/niedziela-dobrego-pasterza-2023\/","title":{"rendered":"Pasterz jest z nami! &#8211; Niedziela Dobrego Pasterza"},"content":{"rendered":"<div data-elementor-type=\"wp-post\" data-elementor-id=\"52727\" class=\"elementor elementor-52727\" data-elementor-post-type=\"post\">\n\t\t\t\t\t\t<section class=\"elementor-section elementor-top-section elementor-element elementor-element-a482be5 elementor-section-boxed elementor-section-height-default elementor-section-height-default\" data-id=\"a482be5\" data-element_type=\"section\" data-e-type=\"section\">\n\t\t\t\t\t\t<div class=\"elementor-container elementor-column-gap-default\">\n\t\t\t\t\t<div class=\"elementor-column elementor-col-100 elementor-top-column elementor-element elementor-element-d07a658\" data-id=\"d07a658\" data-element_type=\"column\" data-e-type=\"column\">\n\t\t\t<div class=\"elementor-widget-wrap elementor-element-populated\">\n\t\t\t\t\t\t<div class=\"elementor-element elementor-element-560b426 elementor-widget elementor-widget-text-editor\" data-id=\"560b426\" data-element_type=\"widget\" data-e-type=\"widget\" data-widget_type=\"text-editor.default\">\n\t\t\t\t<div class=\"elementor-widget-container\">\n\t\t\t\t\t\t\t\t\t<p><strong>\u2013 Dobry Pasterz jest z nami, to dobra nowina, kt\u00f3ra rozbrzmiewa dzi\u015b w ca\u0142ym Ko\u015bciele, Ten, za kt\u00f3rym t\u0119sknimy i z kt\u00f3rym pragniemy by\u0107 \u2013 podkre\u015bla\u0142 ks. Janusz Kumala MIC, kustosz liche\u0144skiego sanktuarium podczas g\u0142\u00f3wnej Mszy \u015awi\u0119tej w Niedziel\u0119 Dobrego Pasterza. 30 kwietnia obchodzono tak\u017ce 60. \u015awiatowy Dzie\u0144 Modlitw o Powo\u0142ania.<\/strong><\/p>\t\t\t\t\t\t\t\t<\/div>\n\t\t\t\t<\/div>\n\t\t\t\t<section class=\"elementor-section elementor-inner-section elementor-element elementor-element-af56cd9 elementor-section-boxed elementor-section-height-default elementor-section-height-default\" data-id=\"af56cd9\" data-element_type=\"section\" data-e-type=\"section\">\n\t\t\t\t\t\t<div class=\"elementor-container elementor-column-gap-default\">\n\t\t\t\t\t<div class=\"elementor-column elementor-col-50 elementor-inner-column elementor-element elementor-element-6b30530\" data-id=\"6b30530\" data-element_type=\"column\" data-e-type=\"column\">\n\t\t\t<div class=\"elementor-widget-wrap elementor-element-populated\">\n\t\t\t\t\t\t<div class=\"elementor-element elementor-element-0795885 elementor-widget elementor-widget-image\" data-id=\"0795885\" data-element_type=\"widget\" data-e-type=\"widget\" data-widget_type=\"image.default\">\n\t\t\t\t<div class=\"elementor-widget-container\">\n\t\t\t\t\t\t\t\t\t\t\t\t\t\t\t<img fetchpriority=\"high\" decoding=\"async\" width=\"683\" height=\"1024\" src=\"https:\/\/www.lichen.pl\/wp-content\/uploads\/2023\/05\/IMG_7490-683x1024.jpg\" class=\"attachment-large size-large wp-image-52736\" alt=\"\" srcset=\"https:\/\/www.lichen.pl\/wp-content\/uploads\/2023\/05\/IMG_7490-683x1024.jpg 683w, https:\/\/www.lichen.pl\/wp-content\/uploads\/2023\/05\/IMG_7490-800x1200.jpg 800w, https:\/\/www.lichen.pl\/wp-content\/uploads\/2023\/05\/IMG_7490-200x300.jpg 200w, https:\/\/www.lichen.pl\/wp-content\/uploads\/2023\/05\/IMG_7490-768x1152.jpg 768w, https:\/\/www.lichen.pl\/wp-content\/uploads\/2023\/05\/IMG_7490-1024x1536.jpg 1024w, https:\/\/www.lichen.pl\/wp-content\/uploads\/2023\/05\/IMG_7490-1365x2048.jpg 1365w, https:\/\/www.lichen.pl\/wp-content\/uploads\/2023\/05\/IMG_7490-8x12.jpg 8w, https:\/\/www.lichen.pl\/wp-content\/uploads\/2023\/05\/IMG_7490.jpg 853w\" sizes=\"(max-width: 683px) 100vw, 683px\" \/>\t\t\t\t\t\t\t\t\t\t\t\t\t\t\t<\/div>\n\t\t\t\t<\/div>\n\t\t\t\t\t<\/div>\n\t\t<\/div>\n\t\t\t\t<div class=\"elementor-column elementor-col-50 elementor-inner-column elementor-element elementor-element-6729c1a\" data-id=\"6729c1a\" data-element_type=\"column\" data-e-type=\"column\">\n\t\t\t<div class=\"elementor-widget-wrap elementor-element-populated\">\n\t\t\t\t\t\t<div class=\"elementor-element elementor-element-bf01789 elementor-widget__width-initial elementor-widget elementor-widget-text-editor\" data-id=\"bf01789\" data-element_type=\"widget\" data-e-type=\"widget\" data-widget_type=\"text-editor.default\">\n\t\t\t\t<div class=\"elementor-widget-container\">\n\t\t\t\t\t\t\t\t\t<p>\u2013 Modlimy si\u0119 o nowych, gorliwych pasterzy. \u015awiat potrzebuje tych, kt\u00f3rzy b\u0119d\u0105 na\u015bladowa\u0107 Chrystusa Pasterza, by s\u0142u\u017cy\u0107 drugiemu cz\u0142owiekowi \u2013 m\u00f3wi\u0142 kustosz liche\u0144skiego sanktuarium \u2013 Ksi\u0119\u017ca s\u0105 r\u00f3\u017cni, ale s\u0105 niezb\u0119dni, by kto\u015b nas spowiada\u0142, odprawia\u0142 msze. Nie ma Ko\u015bcio\u0142a bez sakrament\u00f3w czy bez kap\u0142a\u0144stwa. Potrzebujemy kap\u0142an\u00f3w, kt\u00f3rzy g\u0142osz\u0105 S\u0142owo Bo\u017ce.<\/p><p>Czy naprawd\u0119 wiem, \u017ce to Jezus jest moim Pasterzem i \u017ce jest tutaj obecny? \u2013 pyta\u0142 w homilii ksi\u0105dz Kumala. \u2013\u00a0 On si\u0119 o nas troszczy i dzi\u0119ki Niemu odnajdujemy drog\u0119 \u017cycia. To Pasterz, kt\u00f3ry zapewnia nam \u017cycie w obfito\u015bci, kt\u00f3ry codziennie si\u0119 o nas troszczy. Wpatruje si\u0119\u00a0 w nasze serca, mo\u017ce udr\u0119czone, niespokojne, zal\u0119knione. Przybyli\u015bmy tu z ca\u0142ym swoim \u017cyciem, by spotka\u0107 si\u0119 z Pasterzem, kt\u00f3ry sam o sobie powiedzia\u0142, \u017ce jest bram\u0105. Trzeba przez ni\u0105 przej\u015b\u0107, by \u017cy\u0107.<\/p><p>Ksi\u0105dz kustosz przypomnia\u0142, \u017ce do sanktuarium prowadzi 12 bram, jednak wyj\u0105tkow\u0105 bram\u0105, kt\u00f3ra daje \u017cycie, jest sakrament pokuty i pojednania, w kt\u00f3rym zawsze obecny jest Dobry Pasterz, kt\u00f3ry leczy nasze rany i umacnia.<\/p><p>\u2013 Nie b\u0119dziemy mieli \u017cycia w sobie w obfito\u015bci, je\u015bli nie uwierzymy, \u017ce Jezus Chrystus jest w\u015br\u00f3d nas. Je\u015bli naprawd\u0119 by\u015bmy w to wierzyli, to ko\u015bcio\u0142y by\u0142yby pe\u0142ne, a konfesjona\u0142y oblegane, byliby\u015bmy prawdziwie szcz\u0119\u015bliwi i g\u0142osili \u015bwiatu, \u017ce niczego nam nie brakuje.<\/p>\t\t\t\t\t\t\t\t<\/div>\n\t\t\t\t<\/div>\n\t\t\t\t\t<\/div>\n\t\t<\/div>\n\t\t\t\t\t<\/div>\n\t\t<\/section>\n\t\t\t\t<section class=\"elementor-section elementor-inner-section elementor-element elementor-element-9a4930e elementor-section-boxed elementor-section-height-default elementor-section-height-default\" data-id=\"9a4930e\" data-element_type=\"section\" data-e-type=\"section\">\n\t\t\t\t\t\t<div class=\"elementor-container elementor-column-gap-default\">\n\t\t\t\t\t<div class=\"elementor-column elementor-col-50 elementor-inner-column elementor-element elementor-element-cfa3d96\" data-id=\"cfa3d96\" data-element_type=\"column\" data-e-type=\"column\">\n\t\t\t<div class=\"elementor-widget-wrap elementor-element-populated\">\n\t\t\t\t\t\t<div class=\"elementor-element elementor-element-e0fe9c1 elementor-widget__width-initial elementor-widget elementor-widget-text-editor\" data-id=\"e0fe9c1\" data-element_type=\"widget\" data-e-type=\"widget\" data-widget_type=\"text-editor.default\">\n\t\t\t\t<div class=\"elementor-widget-container\">\n\t\t\t\t\t\t\t\t\t<p>Przed ponad 3 tysi\u0105cami os\u00f3b zgromadzonymi podczas g\u0142\u00f3wnej Mszy \u015awi\u0119tej kap\u0142an postawi\u0142 pytanie o to, co znaczy, \u017ce dla ka\u017cdego cz\u0142owieka B\u00f3g jest dobrym pasterzem? \u2013 On zwraca si\u0119 do ka\u017cdego po imieniu. B\u00f3g wie wszystko o mnie. Czy znam i rozpoznaj\u0119 g\u0142os Pasterza \u2013 pyta\u0142 marianin \u2013Wiele innych g\u0142os\u00f3w pr\u00f3buje si\u0119 wedrze\u0107 do mojego wn\u0119trza i umys\u0142u. Mo\u017ce ju\u017c zapomnia\u0142em, jak brzmi, mo\u017ce dawno nie zagl\u0105da\u0142em do Pisma \u015awi\u0119tego. Nie mo\u017cemy dopu\u015bci\u0107 do tego, by si\u0119 zgubi\u0107. B\u00f3g nieustannie wo\u0142a do nas. Ratujcie si\u0119 z tej codzienno\u015bci, kt\u00f3ra was zabija, oddala od Boga. Czy warto marnowa\u0107 swoje \u017cycie? \u2013 nawo\u0142ywa\u0142 ksi\u0105dz Kumala. I przypomnia\u0142, \u017ce wszyscy mamy by\u0107 pasterzami, czyli tymi, kt\u00f3rzy troszcz\u0105 si\u0119 o innych i s\u0105 przy nich obecni. A im wi\u0119cej jest w nas mi\u0142o\u015bci, tym bardziej ta obecno\u015b\u0107 przy kim\u015b jest owocna.<\/p>\t\t\t\t\t\t\t\t<\/div>\n\t\t\t\t<\/div>\n\t\t\t\t\t<\/div>\n\t\t<\/div>\n\t\t\t\t<div class=\"elementor-column elementor-col-50 elementor-inner-column elementor-element elementor-element-bf690a7\" data-id=\"bf690a7\" data-element_type=\"column\" data-e-type=\"column\">\n\t\t\t<div class=\"elementor-widget-wrap elementor-element-populated\">\n\t\t\t\t\t\t<div class=\"elementor-element elementor-element-4a9e9c3 elementor-widget elementor-widget-image\" data-id=\"4a9e9c3\" data-element_type=\"widget\" data-e-type=\"widget\" data-widget_type=\"image.default\">\n\t\t\t\t<div class=\"elementor-widget-container\">\n\t\t\t\t\t\t\t\t\t\t\t\t\t\t\t<img decoding=\"async\" width=\"1024\" height=\"683\" src=\"https:\/\/www.lichen.pl\/wp-content\/uploads\/2023\/05\/IMG_7467-1024x683.jpg\" class=\"attachment-large size-large wp-image-52735\" alt=\"\" srcset=\"https:\/\/www.lichen.pl\/wp-content\/uploads\/2023\/05\/IMG_7467-1024x683.jpg 1024w, https:\/\/www.lichen.pl\/wp-content\/uploads\/2023\/05\/IMG_7467-800x533.jpg 800w, https:\/\/www.lichen.pl\/wp-content\/uploads\/2023\/05\/IMG_7467-300x200.jpg 300w, https:\/\/www.lichen.pl\/wp-content\/uploads\/2023\/05\/IMG_7467-768x512.jpg 768w, https:\/\/www.lichen.pl\/wp-content\/uploads\/2023\/05\/IMG_7467-1536x1024.jpg 1536w, https:\/\/www.lichen.pl\/wp-content\/uploads\/2023\/05\/IMG_7467-2048x1365.jpg 2048w, https:\/\/www.lichen.pl\/wp-content\/uploads\/2023\/05\/IMG_7467-18x12.jpg 18w, https:\/\/www.lichen.pl\/wp-content\/uploads\/2023\/05\/IMG_7467.jpg 1920w\" sizes=\"(max-width: 1024px) 100vw, 1024px\" \/>\t\t\t\t\t\t\t\t\t\t\t\t\t\t\t<\/div>\n\t\t\t\t<\/div>\n\t\t\t\t\t<\/div>\n\t\t<\/div>\n\t\t\t\t\t<\/div>\n\t\t<\/section>\n\t\t\t\t<div class=\"elementor-element elementor-element-ac7a0fa elementor-widget elementor-widget-text-editor\" data-id=\"ac7a0fa\" data-element_type=\"widget\" data-e-type=\"widget\" data-widget_type=\"text-editor.default\">\n\t\t\t\t<div class=\"elementor-widget-container\">\n\t\t\t\t\t\t\t\t\t<p>Zakonnik w homilii nazwa\u0142 liche\u0144skie sanktuarium znakiem nadziei. \u2013 Od 173 lat do tego wyj\u0105tkowego miejsca ludzie przybywaj\u0105, by do\u015bwiadczy\u0107 \u0142aski nawr\u00f3cenia, by przekona\u0107 si\u0119<span style=\"text-decoration: line-through;\">,<\/span> \u017ce Dobry Pasterz jest z ka\u017cdym, kto tu przybywa, by zacz\u0105\u0107 nowe \u017cycie. Jeste\u015bmy tego \u015bwiadkami. Mi\u0142o\u015b\u0107 Jezusa nas tu zgromadzi\u0142a.<\/p><p>Ks. Kumala zach\u0119ca\u0142, by zawierzy\u0107 Tej, kt\u00f3ra jest Przewodniczk\u0105 w liche\u0144skim sanktuarium, Matce, kt\u00f3ra przytula nas do swojego serca i prowadzi do Jezusa. \u2013 To Ona, Bolesna Kr\u00f3lowa Polski przytula ca\u0142\u0105 nasz\u0105 ojczyzn\u0119 do swojej piersi jak bia\u0142ego or\u0142a na liche\u0144skim wizerunku.<br \/>Podczas liturgii wraz z pielgrzymami modli\u0142 si\u0119 Ch\u00f3r Bazyliki Liche\u0144skiej \u201eStabat Mater\u201d pod dyrekcj\u0105 Jacka Hy\u017cnego .<\/p>\t\t\t\t\t\t\t\t<\/div>\n\t\t\t\t<\/div>\n\t\t\t\t<div class=\"elementor-element elementor-element-84ce61a elementor-widget-divider--view-line_icon elementor-view-default elementor-widget-divider--element-align-center elementor-widget elementor-widget-divider\" data-id=\"84ce61a\" data-element_type=\"widget\" data-e-type=\"widget\" data-widget_type=\"divider.default\">\n\t\t\t\t<div class=\"elementor-widget-container\">\n\t\t\t\t\t\t\t<div class=\"elementor-divider\">\n\t\t\t<span class=\"elementor-divider-separator\">\n\t\t\t\t\t\t\t<div class=\"elementor-icon elementor-divider__element\">\n\t\t\t\t\t<i aria-hidden=\"true\" class=\"fas fa-camera\"><\/i><\/div>\n\t\t\t\t\t\t<\/span>\n\t\t<\/div>\n\t\t\t\t\t\t<\/div>\n\t\t\t\t<\/div>\n\t\t\t\t<div class=\"elementor-element elementor-element-4befba1 elementor-widget elementor-widget-image-gallery\" data-id=\"4befba1\" data-element_type=\"widget\" data-e-type=\"widget\" data-widget_type=\"image-gallery.default\">\n\t\t\t\t<div class=\"elementor-widget-container\">\n\t\t\t\t\t\t\t<div class=\"elementor-image-gallery\">\n\t\t\t<div id='gallery-1' class='gallery galleryid-52727 gallery-columns-5 gallery-size-thumbnail'><figure class='gallery-item'>\n\t\t\t<div class='gallery-icon portrait'>\n\t\t\t\t<a data-elementor-open-lightbox=\"yes\" data-elementor-lightbox-slideshow=\"4befba1\" data-elementor-lightbox-title=\"Niedziela Dobrego Pasterza\" data-e-action-hash=\"#elementor-action%3Aaction%3Dlightbox%26settings%3DeyJpZCI6NTI3MzgsInVybCI6Imh0dHBzOlwvXC93d3cubGljaGVuLnBsXC93cC1jb250ZW50XC91cGxvYWRzXC8yMDIzXC8wNVwvSU1HXzc0NjAuanBnIiwic2xpZGVzaG93IjoiNGJlZmJhMSJ9\" href='https:\/\/www.lichen.pl\/wp-content\/uploads\/2023\/05\/IMG_7460.jpg'><img width=\"150\" height=\"150\" src=\"https:\/\/www.lichen.pl\/wp-content\/uploads\/2023\/05\/IMG_7460-150x150.jpg\" class=\"attachment-thumbnail size-thumbnail\" alt=\"\" decoding=\"async\" srcset=\"https:\/\/www.lichen.pl\/wp-content\/uploads\/2023\/05\/IMG_7460-150x150.jpg 150w, https:\/\/www.lichen.pl\/wp-content\/uploads\/2023\/05\/IMG_7460-300x300.jpg 300w\" sizes=\"(max-width: 150px) 100vw, 150px\" \/><\/a>\n\t\t\t<\/div><\/figure><figure class='gallery-item'>\n\t\t\t<div class='gallery-icon landscape'>\n\t\t\t\t<a data-elementor-open-lightbox=\"yes\" data-elementor-lightbox-slideshow=\"4befba1\" data-elementor-lightbox-title=\"Niedziela Dobrego Pasterza\" data-e-action-hash=\"#elementor-action%3Aaction%3Dlightbox%26settings%3DeyJpZCI6NTI3MzksInVybCI6Imh0dHBzOlwvXC93d3cubGljaGVuLnBsXC93cC1jb250ZW50XC91cGxvYWRzXC8yMDIzXC8wNVwvSU1HXzc0NjIuanBnIiwic2xpZGVzaG93IjoiNGJlZmJhMSJ9\" href='https:\/\/www.lichen.pl\/wp-content\/uploads\/2023\/05\/IMG_7462.jpg'><img loading=\"lazy\" width=\"150\" height=\"150\" src=\"https:\/\/www.lichen.pl\/wp-content\/uploads\/2023\/05\/IMG_7462-150x150.jpg\" class=\"attachment-thumbnail size-thumbnail\" alt=\"\" decoding=\"async\" srcset=\"https:\/\/www.lichen.pl\/wp-content\/uploads\/2023\/05\/IMG_7462-150x150.jpg 150w, https:\/\/www.lichen.pl\/wp-content\/uploads\/2023\/05\/IMG_7462-300x300.jpg 300w\" sizes=\"(max-width: 150px) 100vw, 150px\" \/><\/a>\n\t\t\t<\/div><\/figure><figure class='gallery-item'>\n\t\t\t<div class='gallery-icon landscape'>\n\t\t\t\t<a data-elementor-open-lightbox=\"yes\" data-elementor-lightbox-slideshow=\"4befba1\" data-elementor-lightbox-title=\"Niedziela Dobrego Pasterza\" data-e-action-hash=\"#elementor-action%3Aaction%3Dlightbox%26settings%3DeyJpZCI6NTI3NDAsInVybCI6Imh0dHBzOlwvXC93d3cubGljaGVuLnBsXC93cC1jb250ZW50XC91cGxvYWRzXC8yMDIzXC8wNVwvSU1HXzc0NzYuanBnIiwic2xpZGVzaG93IjoiNGJlZmJhMSJ9\" href='https:\/\/www.lichen.pl\/wp-content\/uploads\/2023\/05\/IMG_7476.jpg'><img loading=\"lazy\" width=\"150\" height=\"150\" src=\"https:\/\/www.lichen.pl\/wp-content\/uploads\/2023\/05\/IMG_7476-150x150.jpg\" class=\"attachment-thumbnail size-thumbnail\" alt=\"\" decoding=\"async\" srcset=\"https:\/\/www.lichen.pl\/wp-content\/uploads\/2023\/05\/IMG_7476-150x150.jpg 150w, https:\/\/www.lichen.pl\/wp-content\/uploads\/2023\/05\/IMG_7476-300x300.jpg 300w\" sizes=\"(max-width: 150px) 100vw, 150px\" \/><\/a>\n\t\t\t<\/div><\/figure><figure class='gallery-item'>\n\t\t\t<div class='gallery-icon portrait'>\n\t\t\t\t<a data-elementor-open-lightbox=\"yes\" data-elementor-lightbox-slideshow=\"4befba1\" data-elementor-lightbox-title=\"Niedziela Dobrego Pasterza\" data-e-action-hash=\"#elementor-action%3Aaction%3Dlightbox%26settings%3DeyJpZCI6NTI3NDEsInVybCI6Imh0dHBzOlwvXC93d3cubGljaGVuLnBsXC93cC1jb250ZW50XC91cGxvYWRzXC8yMDIzXC8wNVwvSU1HXzc0NzkuanBnIiwic2xpZGVzaG93IjoiNGJlZmJhMSJ9\" href='https:\/\/www.lichen.pl\/wp-content\/uploads\/2023\/05\/IMG_7479.jpg'><img loading=\"lazy\" width=\"150\" height=\"150\" src=\"https:\/\/www.lichen.pl\/wp-content\/uploads\/2023\/05\/IMG_7479-150x150.jpg\" class=\"attachment-thumbnail size-thumbnail\" alt=\"\" decoding=\"async\" srcset=\"https:\/\/www.lichen.pl\/wp-content\/uploads\/2023\/05\/IMG_7479-150x150.jpg 150w, https:\/\/www.lichen.pl\/wp-content\/uploads\/2023\/05\/IMG_7479-300x300.jpg 300w\" sizes=\"(max-width: 150px) 100vw, 150px\" \/><\/a>\n\t\t\t<\/div><\/figure><figure class='gallery-item'>\n\t\t\t<div class='gallery-icon portrait'>\n\t\t\t\t<a data-elementor-open-lightbox=\"yes\" data-elementor-lightbox-slideshow=\"4befba1\" data-elementor-lightbox-title=\"Niedziela Dobrego Pasterza\" data-e-action-hash=\"#elementor-action%3Aaction%3Dlightbox%26settings%3DeyJpZCI6NTI3NDIsInVybCI6Imh0dHBzOlwvXC93d3cubGljaGVuLnBsXC93cC1jb250ZW50XC91cGxvYWRzXC8yMDIzXC8wNVwvSU1HXzc0ODUuanBnIiwic2xpZGVzaG93IjoiNGJlZmJhMSJ9\" href='https:\/\/www.lichen.pl\/wp-content\/uploads\/2023\/05\/IMG_7485.jpg'><img loading=\"lazy\" width=\"150\" height=\"150\" src=\"https:\/\/www.lichen.pl\/wp-content\/uploads\/2023\/05\/IMG_7485-150x150.jpg\" class=\"attachment-thumbnail size-thumbnail\" alt=\"\" decoding=\"async\" srcset=\"https:\/\/www.lichen.pl\/wp-content\/uploads\/2023\/05\/IMG_7485-150x150.jpg 150w, https:\/\/www.lichen.pl\/wp-content\/uploads\/2023\/05\/IMG_7485-300x300.jpg 300w\" sizes=\"(max-width: 150px) 100vw, 150px\" \/><\/a>\n\t\t\t<\/div><\/figure><figure class='gallery-item'>\n\t\t\t<div class='gallery-icon landscape'>\n\t\t\t\t<a data-elementor-open-lightbox=\"yes\" data-elementor-lightbox-slideshow=\"4befba1\" data-elementor-lightbox-title=\"Niedziela Dobrego Pasterza\" data-e-action-hash=\"#elementor-action%3Aaction%3Dlightbox%26settings%3DeyJpZCI6NTI3NDMsInVybCI6Imh0dHBzOlwvXC93d3cubGljaGVuLnBsXC93cC1jb250ZW50XC91cGxvYWRzXC8yMDIzXC8wNVwvSU1HXzc0OTIuanBnIiwic2xpZGVzaG93IjoiNGJlZmJhMSJ9\" href='https:\/\/www.lichen.pl\/wp-content\/uploads\/2023\/05\/IMG_7492.jpg'><img loading=\"lazy\" width=\"150\" height=\"150\" src=\"https:\/\/www.lichen.pl\/wp-content\/uploads\/2023\/05\/IMG_7492-150x150.jpg\" class=\"attachment-thumbnail size-thumbnail\" alt=\"\" decoding=\"async\" srcset=\"https:\/\/www.lichen.pl\/wp-content\/uploads\/2023\/05\/IMG_7492-150x150.jpg 150w, https:\/\/www.lichen.pl\/wp-content\/uploads\/2023\/05\/IMG_7492-300x300.jpg 300w\" sizes=\"(max-width: 150px) 100vw, 150px\" \/><\/a>\n\t\t\t<\/div><\/figure><figure class='gallery-item'>\n\t\t\t<div class='gallery-icon landscape'>\n\t\t\t\t<a data-elementor-open-lightbox=\"yes\" data-elementor-lightbox-slideshow=\"4befba1\" data-elementor-lightbox-title=\"Niedziela Dobrego Pasterza\" data-e-action-hash=\"#elementor-action%3Aaction%3Dlightbox%26settings%3DeyJpZCI6NTI3NDQsInVybCI6Imh0dHBzOlwvXC93d3cubGljaGVuLnBsXC93cC1jb250ZW50XC91cGxvYWRzXC8yMDIzXC8wNVwvSU1HXzc1MDEuanBnIiwic2xpZGVzaG93IjoiNGJlZmJhMSJ9\" href='https:\/\/www.lichen.pl\/wp-content\/uploads\/2023\/05\/IMG_7501.jpg'><img loading=\"lazy\" width=\"150\" height=\"150\" src=\"https:\/\/www.lichen.pl\/wp-content\/uploads\/2023\/05\/IMG_7501-150x150.jpg\" class=\"attachment-thumbnail size-thumbnail\" alt=\"\" decoding=\"async\" srcset=\"https:\/\/www.lichen.pl\/wp-content\/uploads\/2023\/05\/IMG_7501-150x150.jpg 150w, https:\/\/www.lichen.pl\/wp-content\/uploads\/2023\/05\/IMG_7501-300x300.jpg 300w\" sizes=\"(max-width: 150px) 100vw, 150px\" \/><\/a>\n\t\t\t<\/div><\/figure><figure class='gallery-item'>\n\t\t\t<div class='gallery-icon landscape'>\n\t\t\t\t<a data-elementor-open-lightbox=\"yes\" data-elementor-lightbox-slideshow=\"4befba1\" data-elementor-lightbox-title=\"Niedziela Dobrego Pasterza\" data-e-action-hash=\"#elementor-action%3Aaction%3Dlightbox%26settings%3DeyJpZCI6NTI3NDUsInVybCI6Imh0dHBzOlwvXC93d3cubGljaGVuLnBsXC93cC1jb250ZW50XC91cGxvYWRzXC8yMDIzXC8wNVwvSU1HXzc1MDYuanBnIiwic2xpZGVzaG93IjoiNGJlZmJhMSJ9\" href='https:\/\/www.lichen.pl\/wp-content\/uploads\/2023\/05\/IMG_7506.jpg'><img loading=\"lazy\" width=\"150\" height=\"150\" src=\"https:\/\/www.lichen.pl\/wp-content\/uploads\/2023\/05\/IMG_7506-150x150.jpg\" class=\"attachment-thumbnail size-thumbnail\" alt=\"\" decoding=\"async\" srcset=\"https:\/\/www.lichen.pl\/wp-content\/uploads\/2023\/05\/IMG_7506-150x150.jpg 150w, https:\/\/www.lichen.pl\/wp-content\/uploads\/2023\/05\/IMG_7506-300x300.jpg 300w\" sizes=\"(max-width: 150px) 100vw, 150px\" \/><\/a>\n\t\t\t<\/div><\/figure><figure class='gallery-item'>\n\t\t\t<div class='gallery-icon portrait'>\n\t\t\t\t<a data-elementor-open-lightbox=\"yes\" data-elementor-lightbox-slideshow=\"4befba1\" data-elementor-lightbox-title=\"Niedziela Dobrego Pasterza\" data-e-action-hash=\"#elementor-action%3Aaction%3Dlightbox%26settings%3DeyJpZCI6NTI3NDYsInVybCI6Imh0dHBzOlwvXC93d3cubGljaGVuLnBsXC93cC1jb250ZW50XC91cGxvYWRzXC8yMDIzXC8wNVwvSU1HXzc1MTEuanBnIiwic2xpZGVzaG93IjoiNGJlZmJhMSJ9\" href='https:\/\/www.lichen.pl\/wp-content\/uploads\/2023\/05\/IMG_7511.jpg'><img loading=\"lazy\" width=\"150\" height=\"150\" src=\"https:\/\/www.lichen.pl\/wp-content\/uploads\/2023\/05\/IMG_7511-150x150.jpg\" class=\"attachment-thumbnail size-thumbnail\" alt=\"\" decoding=\"async\" srcset=\"https:\/\/www.lichen.pl\/wp-content\/uploads\/2023\/05\/IMG_7511-150x150.jpg 150w, https:\/\/www.lichen.pl\/wp-content\/uploads\/2023\/05\/IMG_7511-300x300.jpg 300w\" sizes=\"(max-width: 150px) 100vw, 150px\" \/><\/a>\n\t\t\t<\/div><\/figure><figure class='gallery-item'>\n\t\t\t<div class='gallery-icon portrait'>\n\t\t\t\t<a data-elementor-open-lightbox=\"yes\" data-elementor-lightbox-slideshow=\"4befba1\" data-elementor-lightbox-title=\"Niedziela Dobrego Pasterza\" data-e-action-hash=\"#elementor-action%3Aaction%3Dlightbox%26settings%3DeyJpZCI6NTI3NTAsInVybCI6Imh0dHBzOlwvXC93d3cubGljaGVuLnBsXC93cC1jb250ZW50XC91cGxvYWRzXC8yMDIzXC8wNVwvSU1HXzc1NDYuanBnIiwic2xpZGVzaG93IjoiNGJlZmJhMSJ9\" href='https:\/\/www.lichen.pl\/wp-content\/uploads\/2023\/05\/IMG_7546.jpg'><img loading=\"lazy\" width=\"150\" height=\"150\" src=\"https:\/\/www.lichen.pl\/wp-content\/uploads\/2023\/05\/IMG_7546-150x150.jpg\" class=\"attachment-thumbnail size-thumbnail\" alt=\"\" decoding=\"async\" srcset=\"https:\/\/www.lichen.pl\/wp-content\/uploads\/2023\/05\/IMG_7546-150x150.jpg 150w, https:\/\/www.lichen.pl\/wp-content\/uploads\/2023\/05\/IMG_7546-300x300.jpg 300w\" sizes=\"(max-width: 150px) 100vw, 150px\" \/><\/a>\n\t\t\t<\/div><\/figure><figure class='gallery-item'>\n\t\t\t<div class='gallery-icon landscape'>\n\t\t\t\t<a data-elementor-open-lightbox=\"yes\" data-elementor-lightbox-slideshow=\"4befba1\" data-elementor-lightbox-title=\"Niedziela Dobrego Pasterza\" data-e-action-hash=\"#elementor-action%3Aaction%3Dlightbox%26settings%3DeyJpZCI6NTI3NDksInVybCI6Imh0dHBzOlwvXC93d3cubGljaGVuLnBsXC93cC1jb250ZW50XC91cGxvYWRzXC8yMDIzXC8wNVwvSU1HXzc1MjguanBnIiwic2xpZGVzaG93IjoiNGJlZmJhMSJ9\" href='https:\/\/www.lichen.pl\/wp-content\/uploads\/2023\/05\/IMG_7528.jpg'><img loading=\"lazy\" width=\"150\" height=\"150\" src=\"https:\/\/www.lichen.pl\/wp-content\/uploads\/2023\/05\/IMG_7528-150x150.jpg\" class=\"attachment-thumbnail size-thumbnail\" alt=\"\" decoding=\"async\" srcset=\"https:\/\/www.lichen.pl\/wp-content\/uploads\/2023\/05\/IMG_7528-150x150.jpg 150w, https:\/\/www.lichen.pl\/wp-content\/uploads\/2023\/05\/IMG_7528-300x300.jpg 300w\" sizes=\"(max-width: 150px) 100vw, 150px\" \/><\/a>\n\t\t\t<\/div><\/figure><figure class='gallery-item'>\n\t\t\t<div class='gallery-icon landscape'>\n\t\t\t\t<a data-elementor-open-lightbox=\"yes\" data-elementor-lightbox-slideshow=\"4befba1\" data-elementor-lightbox-title=\"Niedziela Dobrego Pasterza\" data-e-action-hash=\"#elementor-action%3Aaction%3Dlightbox%26settings%3DeyJpZCI6NTI3MzAsInVybCI6Imh0dHBzOlwvXC93d3cubGljaGVuLnBsXC93cC1jb250ZW50XC91cGxvYWRzXC8yMDIzXC8wNVwvSU1HXzc1MzIuanBnIiwic2xpZGVzaG93IjoiNGJlZmJhMSJ9\" href='https:\/\/www.lichen.pl\/wp-content\/uploads\/2023\/05\/IMG_7532.jpg'><img loading=\"lazy\" width=\"150\" height=\"150\" src=\"https:\/\/www.lichen.pl\/wp-content\/uploads\/2023\/05\/IMG_7532-150x150.jpg\" class=\"attachment-thumbnail size-thumbnail\" alt=\"\" decoding=\"async\" srcset=\"https:\/\/www.lichen.pl\/wp-content\/uploads\/2023\/05\/IMG_7532-150x150.jpg 150w, https:\/\/www.lichen.pl\/wp-content\/uploads\/2023\/05\/IMG_7532-300x300.jpg 300w\" sizes=\"(max-width: 150px) 100vw, 150px\" \/><\/a>\n\t\t\t<\/div><\/figure><figure class='gallery-item'>\n\t\t\t<div class='gallery-icon landscape'>\n\t\t\t\t<a data-elementor-open-lightbox=\"yes\" data-elementor-lightbox-slideshow=\"4befba1\" data-elementor-lightbox-title=\"Niedziela Dobrego Pasterza\" data-e-action-hash=\"#elementor-action%3Aaction%3Dlightbox%26settings%3DeyJpZCI6NTI3NDcsInVybCI6Imh0dHBzOlwvXC93d3cubGljaGVuLnBsXC93cC1jb250ZW50XC91cGxvYWRzXC8yMDIzXC8wNVwvSU1HXzc1MjAuanBnIiwic2xpZGVzaG93IjoiNGJlZmJhMSJ9\" href='https:\/\/www.lichen.pl\/wp-content\/uploads\/2023\/05\/IMG_7520.jpg'><img loading=\"lazy\" width=\"150\" height=\"150\" src=\"https:\/\/www.lichen.pl\/wp-content\/uploads\/2023\/05\/IMG_7520-150x150.jpg\" class=\"attachment-thumbnail size-thumbnail\" alt=\"\" decoding=\"async\" srcset=\"https:\/\/www.lichen.pl\/wp-content\/uploads\/2023\/05\/IMG_7520-150x150.jpg 150w, https:\/\/www.lichen.pl\/wp-content\/uploads\/2023\/05\/IMG_7520-300x300.jpg 300w\" sizes=\"(max-width: 150px) 100vw, 150px\" \/><\/a>\n\t\t\t<\/div><\/figure><figure class='gallery-item'>\n\t\t\t<div class='gallery-icon landscape'>\n\t\t\t\t<a data-elementor-open-lightbox=\"yes\" data-elementor-lightbox-slideshow=\"4befba1\" data-elementor-lightbox-title=\"Niedziela Dobrego Pasterza\" data-e-action-hash=\"#elementor-action%3Aaction%3Dlightbox%26settings%3DeyJpZCI6NTI3NDgsInVybCI6Imh0dHBzOlwvXC93d3cubGljaGVuLnBsXC93cC1jb250ZW50XC91cGxvYWRzXC8yMDIzXC8wNVwvSU1HXzc1MjEuanBnIiwic2xpZGVzaG93IjoiNGJlZmJhMSJ9\" href='https:\/\/www.lichen.pl\/wp-content\/uploads\/2023\/05\/IMG_7521.jpg'><img loading=\"lazy\" width=\"150\" height=\"150\" src=\"https:\/\/www.lichen.pl\/wp-content\/uploads\/2023\/05\/IMG_7521-150x150.jpg\" class=\"attachment-thumbnail size-thumbnail\" alt=\"\" decoding=\"async\" srcset=\"https:\/\/www.lichen.pl\/wp-content\/uploads\/2023\/05\/IMG_7521-150x150.jpg 150w, https:\/\/www.lichen.pl\/wp-content\/uploads\/2023\/05\/IMG_7521-300x300.jpg 300w\" sizes=\"(max-width: 150px) 100vw, 150px\" \/><\/a>\n\t\t\t<\/div><\/figure><figure class='gallery-item'>\n\t\t\t<div class='gallery-icon landscape'>\n\t\t\t\t<a data-elementor-open-lightbox=\"yes\" data-elementor-lightbox-slideshow=\"4befba1\" data-elementor-lightbox-title=\"Niedziela Dobrego Pasterza\" data-e-action-hash=\"#elementor-action%3Aaction%3Dlightbox%26settings%3DeyJpZCI6NTI3NTEsInVybCI6Imh0dHBzOlwvXC93d3cubGljaGVuLnBsXC93cC1jb250ZW50XC91cGxvYWRzXC8yMDIzXC8wNVwvSU1HXzc1NTEuanBnIiwic2xpZGVzaG93IjoiNGJlZmJhMSJ9\" href='https:\/\/www.lichen.pl\/wp-content\/uploads\/2023\/05\/IMG_7551.jpg'><img loading=\"lazy\" width=\"150\" height=\"150\" src=\"https:\/\/www.lichen.pl\/wp-content\/uploads\/2023\/05\/IMG_7551-150x150.jpg\" class=\"attachment-thumbnail size-thumbnail\" alt=\"\" decoding=\"async\" srcset=\"https:\/\/www.lichen.pl\/wp-content\/uploads\/2023\/05\/IMG_7551-150x150.jpg 150w, https:\/\/www.lichen.pl\/wp-content\/uploads\/2023\/05\/IMG_7551-300x300.jpg 300w\" sizes=\"(max-width: 150px) 100vw, 150px\" \/><\/a>\n\t\t\t<\/div><\/figure>\n\t\t<\/div>\n\t\t<\/div>\n\t\t\t\t\t\t<\/div>\n\t\t\t\t<\/div>\n\t\t\t\t\t<\/div>\n\t\t<\/div>\n\t\t\t\t\t<\/div>\n\t\t<\/section>\n\t\t\t\t<\/div>","protected":false},"excerpt":{"rendered":"<p>\u2013 Dobry Pasterz jest z nami, to dobra nowina, kt\u00f3ra rozbrzmiewa dzi\u015b w ca\u0142ym Ko\u015bciele, Ten, za kt\u00f3rym t\u0119sknimy i z kt\u00f3rym pragniemy by\u0107 \u2013 podkre\u015bla\u0142 ks. Janusz Kumala MIC, kustosz liche\u0144skiego sanktuarium podczas g\u0142\u00f3wnej Mszy \u015awi\u0119tej w Niedziel\u0119 Dobrego Pasterza. 30 kwietnia obchodzono tak\u017ce 60. \u015awiatowy Dzie\u0144 Modlitw o Powo\u0142ania. \u2013 Modlimy si\u0119 o [&hellip;]<\/p>\n","protected":false},"author":5,"featured_media":52730,"comment_status":"open","ping_status":"open","sticky":false,"template":"","format":"standard","meta":{"footnotes":""},"categories":[1],"tags":[],"class_list":["post-52727","post","type-post","status-publish","format-standard","has-post-thumbnail","hentry","category-aktualnosci","wpbf-post"],"yoast_head":"<!-- This site is optimized with the Yoast SEO plugin v27.4 - https:\/\/yoast.com\/product\/yoast-seo-wordpress\/ -->\n<title>Pasterz jest z nami! - Niedziela Dobrego Pasterza - SANKTUARIUM W LICHENIU<\/title>\n<meta name=\"robots\" content=\"index, follow, max-snippet:-1, max-image-preview:large, max-video-preview:-1\" \/>\n<link rel=\"canonical\" href=\"https:\/\/www.lichen.pl\/es\/niedziela-dobrego-pasterza-2023\/\" \/>\n<meta property=\"og:locale\" content=\"es_ES\" \/>\n<meta property=\"og:type\" content=\"article\" \/>\n<meta property=\"og:title\" content=\"Pasterz jest z nami! - Niedziela Dobrego Pasterza - SANKTUARIUM W LICHENIU\" \/>\n<meta property=\"og:description\" content=\"\u2013 Dobry Pasterz jest z nami, to dobra nowina, kt\u00f3ra rozbrzmiewa dzi\u015b w ca\u0142ym Ko\u015bciele, Ten, za kt\u00f3rym t\u0119sknimy i z kt\u00f3rym pragniemy by\u0107 \u2013 podkre\u015bla\u0142 ks. Janusz Kumala MIC, kustosz liche\u0144skiego sanktuarium podczas g\u0142\u00f3wnej Mszy \u015awi\u0119tej w Niedziel\u0119 Dobrego Pasterza. 30 kwietnia obchodzono tak\u017ce 60. \u015awiatowy Dzie\u0144 Modlitw o Powo\u0142ania. \u2013 Modlimy si\u0119 o [&hellip;]\" \/>\n<meta property=\"og:url\" content=\"https:\/\/www.lichen.pl\/es\/niedziela-dobrego-pasterza-2023\/\" \/>\n<meta property=\"og:site_name\" content=\"SANKTUARIUM W LICHENIU\" \/>\n<meta property=\"article:published_time\" content=\"2023-05-01T08:32:35+00:00\" \/>\n<meta property=\"article:modified_time\" content=\"2023-05-01T09:27:23+00:00\" \/>\n<meta property=\"og:image\" content=\"https:\/\/www.lichen.pl\/wp-content\/uploads\/2023\/05\/IMG_7532-1024x683.jpg\" \/>\n\t<meta property=\"og:image:width\" content=\"1024\" \/>\n\t<meta property=\"og:image:height\" content=\"683\" \/>\n\t<meta property=\"og:image:type\" content=\"image\/jpeg\" \/>\n<meta name=\"author\" content=\"Justyna Zacharek\" \/>\n<meta name=\"twitter:card\" content=\"summary_large_image\" \/>\n<meta name=\"twitter:label1\" content=\"Escrito por\" \/>\n\t<meta name=\"twitter:data1\" content=\"Justyna Zacharek\" \/>\n\t<meta name=\"twitter:label2\" content=\"Tiempo de lectura\" \/>\n\t<meta name=\"twitter:data2\" content=\"7 minutos\" \/>\n<script type=\"application\/ld+json\" class=\"yoast-schema-graph\">{\"@context\":\"https:\\\/\\\/schema.org\",\"@graph\":[{\"@type\":\"Article\",\"@id\":\"https:\\\/\\\/www.lichen.pl\\\/niedziela-dobrego-pasterza-2023\\\/#article\",\"isPartOf\":{\"@id\":\"https:\\\/\\\/www.lichen.pl\\\/niedziela-dobrego-pasterza-2023\\\/\"},\"author\":{\"name\":\"Justyna Zacharek\",\"@id\":\"https:\\\/\\\/www.lichen.pl\\\/fr\\\/#\\\/schema\\\/person\\\/9f57a1408d363022abd305da0323b703\"},\"headline\":\"Pasterz jest z nami! &#8211; Niedziela Dobrego Pasterza\",\"datePublished\":\"2023-05-01T08:32:35+00:00\",\"dateModified\":\"2023-05-01T09:27:23+00:00\",\"mainEntityOfPage\":{\"@id\":\"https:\\\/\\\/www.lichen.pl\\\/niedziela-dobrego-pasterza-2023\\\/\"},\"wordCount\":606,\"commentCount\":0,\"image\":{\"@id\":\"https:\\\/\\\/www.lichen.pl\\\/niedziela-dobrego-pasterza-2023\\\/#primaryimage\"},\"thumbnailUrl\":\"https:\\\/\\\/www.lichen.pl\\\/wp-content\\\/uploads\\\/2023\\\/05\\\/IMG_7532.jpg\",\"articleSection\":[\"Aktualno\u015bci\"],\"inLanguage\":\"es\",\"potentialAction\":[{\"@type\":\"CommentAction\",\"name\":\"Comment\",\"target\":[\"https:\\\/\\\/www.lichen.pl\\\/niedziela-dobrego-pasterza-2023\\\/#respond\"]}]},{\"@type\":\"WebPage\",\"@id\":\"https:\\\/\\\/www.lichen.pl\\\/niedziela-dobrego-pasterza-2023\\\/\",\"url\":\"https:\\\/\\\/www.lichen.pl\\\/niedziela-dobrego-pasterza-2023\\\/\",\"name\":\"Pasterz jest z nami! - Niedziela Dobrego Pasterza - SANKTUARIUM W LICHENIU\",\"isPartOf\":{\"@id\":\"https:\\\/\\\/www.lichen.pl\\\/fr\\\/#website\"},\"primaryImageOfPage\":{\"@id\":\"https:\\\/\\\/www.lichen.pl\\\/niedziela-dobrego-pasterza-2023\\\/#primaryimage\"},\"image\":{\"@id\":\"https:\\\/\\\/www.lichen.pl\\\/niedziela-dobrego-pasterza-2023\\\/#primaryimage\"},\"thumbnailUrl\":\"https:\\\/\\\/www.lichen.pl\\\/wp-content\\\/uploads\\\/2023\\\/05\\\/IMG_7532.jpg\",\"datePublished\":\"2023-05-01T08:32:35+00:00\",\"dateModified\":\"2023-05-01T09:27:23+00:00\",\"author\":{\"@id\":\"https:\\\/\\\/www.lichen.pl\\\/fr\\\/#\\\/schema\\\/person\\\/9f57a1408d363022abd305da0323b703\"},\"breadcrumb\":{\"@id\":\"https:\\\/\\\/www.lichen.pl\\\/niedziela-dobrego-pasterza-2023\\\/#breadcrumb\"},\"inLanguage\":\"es\",\"potentialAction\":[{\"@type\":\"ReadAction\",\"target\":[\"https:\\\/\\\/www.lichen.pl\\\/niedziela-dobrego-pasterza-2023\\\/\"]}]},{\"@type\":\"ImageObject\",\"inLanguage\":\"es\",\"@id\":\"https:\\\/\\\/www.lichen.pl\\\/niedziela-dobrego-pasterza-2023\\\/#primaryimage\",\"url\":\"https:\\\/\\\/www.lichen.pl\\\/wp-content\\\/uploads\\\/2023\\\/05\\\/IMG_7532.jpg\",\"contentUrl\":\"https:\\\/\\\/www.lichen.pl\\\/wp-content\\\/uploads\\\/2023\\\/05\\\/IMG_7532.jpg\",\"width\":1920,\"height\":1280},{\"@type\":\"BreadcrumbList\",\"@id\":\"https:\\\/\\\/www.lichen.pl\\\/niedziela-dobrego-pasterza-2023\\\/#breadcrumb\",\"itemListElement\":[{\"@type\":\"ListItem\",\"position\":1,\"name\":\"Strona g\u0142\u00f3wna\",\"item\":\"https:\\\/\\\/www.lichen.pl\\\/\"},{\"@type\":\"ListItem\",\"position\":2,\"name\":\"Pasterz jest z nami! &#8211; Niedziela Dobrego Pasterza\"}]},{\"@type\":\"WebSite\",\"@id\":\"https:\\\/\\\/www.lichen.pl\\\/fr\\\/#website\",\"url\":\"https:\\\/\\\/www.lichen.pl\\\/fr\\\/\",\"name\":\"SANKTUARIUM W LICHENIU\",\"description\":\"MATKI BO\u017bEJ LICHE\u0143SKIEJ BOLESNEJ KR\u00d3LOWEJ POLSKI\",\"potentialAction\":[{\"@type\":\"SearchAction\",\"target\":{\"@type\":\"EntryPoint\",\"urlTemplate\":\"https:\\\/\\\/www.lichen.pl\\\/fr\\\/?s={search_term_string}\"},\"query-input\":{\"@type\":\"PropertyValueSpecification\",\"valueRequired\":true,\"valueName\":\"search_term_string\"}}],\"inLanguage\":\"es\"},{\"@type\":\"Person\",\"@id\":\"https:\\\/\\\/www.lichen.pl\\\/fr\\\/#\\\/schema\\\/person\\\/9f57a1408d363022abd305da0323b703\",\"name\":\"Justyna Zacharek\",\"image\":{\"@type\":\"ImageObject\",\"inLanguage\":\"es\",\"@id\":\"https:\\\/\\\/secure.gravatar.com\\\/avatar\\\/7be193626a4fb4d6a7d53a7686c3bbf938efff653c427e0182457b838e9d2c3b?s=96&d=retro&r=g\",\"url\":\"https:\\\/\\\/secure.gravatar.com\\\/avatar\\\/7be193626a4fb4d6a7d53a7686c3bbf938efff653c427e0182457b838e9d2c3b?s=96&d=retro&r=g\",\"contentUrl\":\"https:\\\/\\\/secure.gravatar.com\\\/avatar\\\/7be193626a4fb4d6a7d53a7686c3bbf938efff653c427e0182457b838e9d2c3b?s=96&d=retro&r=g\",\"caption\":\"Justyna Zacharek\"},\"url\":\"https:\\\/\\\/www.lichen.pl\\\/es\\\/author\\\/justyna\\\/\"}]}<\/script>\n<!-- \/ Yoast SEO plugin. -->","yoast_head_json":{"title":"Pasterz jest z nami! - Niedziela Dobrego Pasterza - SANKTUARIUM W LICHENIU","robots":{"index":"index","follow":"follow","max-snippet":"max-snippet:-1","max-image-preview":"max-image-preview:large","max-video-preview":"max-video-preview:-1"},"canonical":"https:\/\/www.lichen.pl\/es\/niedziela-dobrego-pasterza-2023\/","og_locale":"es_ES","og_type":"article","og_title":"Pasterz jest z nami! - Niedziela Dobrego Pasterza - SANKTUARIUM W LICHENIU","og_description":"\u2013 Dobry Pasterz jest z nami, to dobra nowina, kt\u00f3ra rozbrzmiewa dzi\u015b w ca\u0142ym Ko\u015bciele, Ten, za kt\u00f3rym t\u0119sknimy i z kt\u00f3rym pragniemy by\u0107 \u2013 podkre\u015bla\u0142 ks. Janusz Kumala MIC, kustosz liche\u0144skiego sanktuarium podczas g\u0142\u00f3wnej Mszy \u015awi\u0119tej w Niedziel\u0119 Dobrego Pasterza. 30 kwietnia obchodzono tak\u017ce 60. \u015awiatowy Dzie\u0144 Modlitw o Powo\u0142ania. \u2013 Modlimy si\u0119 o [&hellip;]","og_url":"https:\/\/www.lichen.pl\/es\/niedziela-dobrego-pasterza-2023\/","og_site_name":"SANKTUARIUM W LICHENIU","article_published_time":"2023-05-01T08:32:35+00:00","article_modified_time":"2023-05-01T09:27:23+00:00","og_image":[{"width":1024,"height":683,"url":"https:\/\/www.lichen.pl\/wp-content\/uploads\/2023\/05\/IMG_7532-1024x683.jpg","type":"image\/jpeg"}],"author":"Justyna Zacharek","twitter_card":"summary_large_image","twitter_misc":{"Escrito por":"Justyna Zacharek","Tiempo de lectura":"7 minutos"},"schema":{"@context":"https:\/\/schema.org","@graph":[{"@type":"Article","@id":"https:\/\/www.lichen.pl\/niedziela-dobrego-pasterza-2023\/#article","isPartOf":{"@id":"https:\/\/www.lichen.pl\/niedziela-dobrego-pasterza-2023\/"},"author":{"name":"Justyna Zacharek","@id":"https:\/\/www.lichen.pl\/fr\/#\/schema\/person\/9f57a1408d363022abd305da0323b703"},"headline":"Pasterz jest z nami! &#8211; Niedziela Dobrego Pasterza","datePublished":"2023-05-01T08:32:35+00:00","dateModified":"2023-05-01T09:27:23+00:00","mainEntityOfPage":{"@id":"https:\/\/www.lichen.pl\/niedziela-dobrego-pasterza-2023\/"},"wordCount":606,"commentCount":0,"image":{"@id":"https:\/\/www.lichen.pl\/niedziela-dobrego-pasterza-2023\/#primaryimage"},"thumbnailUrl":"https:\/\/www.lichen.pl\/wp-content\/uploads\/2023\/05\/IMG_7532.jpg","articleSection":["Aktualno\u015bci"],"inLanguage":"es","potentialAction":[{"@type":"CommentAction","name":"Comment","target":["https:\/\/www.lichen.pl\/niedziela-dobrego-pasterza-2023\/#respond"]}]},{"@type":"WebPage","@id":"https:\/\/www.lichen.pl\/niedziela-dobrego-pasterza-2023\/","url":"https:\/\/www.lichen.pl\/niedziela-dobrego-pasterza-2023\/","name":"Pasterz jest z nami! - Niedziela Dobrego Pasterza - SANKTUARIUM W LICHENIU","isPartOf":{"@id":"https:\/\/www.lichen.pl\/fr\/#website"},"primaryImageOfPage":{"@id":"https:\/\/www.lichen.pl\/niedziela-dobrego-pasterza-2023\/#primaryimage"},"image":{"@id":"https:\/\/www.lichen.pl\/niedziela-dobrego-pasterza-2023\/#primaryimage"},"thumbnailUrl":"https:\/\/www.lichen.pl\/wp-content\/uploads\/2023\/05\/IMG_7532.jpg","datePublished":"2023-05-01T08:32:35+00:00","dateModified":"2023-05-01T09:27:23+00:00","author":{"@id":"https:\/\/www.lichen.pl\/fr\/#\/schema\/person\/9f57a1408d363022abd305da0323b703"},"breadcrumb":{"@id":"https:\/\/www.lichen.pl\/niedziela-dobrego-pasterza-2023\/#breadcrumb"},"inLanguage":"es","potentialAction":[{"@type":"ReadAction","target":["https:\/\/www.lichen.pl\/niedziela-dobrego-pasterza-2023\/"]}]},{"@type":"ImageObject","inLanguage":"es","@id":"https:\/\/www.lichen.pl\/niedziela-dobrego-pasterza-2023\/#primaryimage","url":"https:\/\/www.lichen.pl\/wp-content\/uploads\/2023\/05\/IMG_7532.jpg","contentUrl":"https:\/\/www.lichen.pl\/wp-content\/uploads\/2023\/05\/IMG_7532.jpg","width":1920,"height":1280},{"@type":"BreadcrumbList","@id":"https:\/\/www.lichen.pl\/niedziela-dobrego-pasterza-2023\/#breadcrumb","itemListElement":[{"@type":"ListItem","position":1,"name":"Strona g\u0142\u00f3wna","item":"https:\/\/www.lichen.pl\/"},{"@type":"ListItem","position":2,"name":"Pasterz jest z nami! &#8211; Niedziela Dobrego Pasterza"}]},{"@type":"WebSite","@id":"https:\/\/www.lichen.pl\/fr\/#website","url":"https:\/\/www.lichen.pl\/fr\/","name":"SANTUARIO EN LICHENIA","description":"LA DOLOROSA REINA DE POLONIA DE NUESTRO LICHEN","potentialAction":[{"@type":"SearchAction","target":{"@type":"EntryPoint","urlTemplate":"https:\/\/www.lichen.pl\/fr\/?s={search_term_string}"},"query-input":{"@type":"PropertyValueSpecification","valueRequired":true,"valueName":"search_term_string"}}],"inLanguage":"es"},{"@type":"Person","@id":"https:\/\/www.lichen.pl\/fr\/#\/schema\/person\/9f57a1408d363022abd305da0323b703","name":"Justyna Zacharek","image":{"@type":"ImageObject","inLanguage":"es","@id":"https:\/\/secure.gravatar.com\/avatar\/7be193626a4fb4d6a7d53a7686c3bbf938efff653c427e0182457b838e9d2c3b?s=96&d=retro&r=g","url":"https:\/\/secure.gravatar.com\/avatar\/7be193626a4fb4d6a7d53a7686c3bbf938efff653c427e0182457b838e9d2c3b?s=96&d=retro&r=g","contentUrl":"https:\/\/secure.gravatar.com\/avatar\/7be193626a4fb4d6a7d53a7686c3bbf938efff653c427e0182457b838e9d2c3b?s=96&d=retro&r=g","caption":"Justyna Zacharek"},"url":"https:\/\/www.lichen.pl\/es\/author\/justyna\/"}]}},"_links":{"self":[{"href":"https:\/\/www.lichen.pl\/es\/wp-json\/wp\/v2\/posts\/52727","targetHints":{"allow":["GET"]}}],"collection":[{"href":"https:\/\/www.lichen.pl\/es\/wp-json\/wp\/v2\/posts"}],"about":[{"href":"https:\/\/www.lichen.pl\/es\/wp-json\/wp\/v2\/types\/post"}],"author":[{"embeddable":true,"href":"https:\/\/www.lichen.pl\/es\/wp-json\/wp\/v2\/users\/5"}],"replies":[{"embeddable":true,"href":"https:\/\/www.lichen.pl\/es\/wp-json\/wp\/v2\/comments?post=52727"}],"version-history":[{"count":7,"href":"https:\/\/www.lichen.pl\/es\/wp-json\/wp\/v2\/posts\/52727\/revisions"}],"predecessor-version":[{"id":52754,"href":"https:\/\/www.lichen.pl\/es\/wp-json\/wp\/v2\/posts\/52727\/revisions\/52754"}],"wp:featuredmedia":[{"embeddable":true,"href":"https:\/\/www.lichen.pl\/es\/wp-json\/wp\/v2\/media\/52730"}],"wp:attachment":[{"href":"https:\/\/www.lichen.pl\/es\/wp-json\/wp\/v2\/media?parent=52727"}],"wp:term":[{"taxonomy":"category","embeddable":true,"href":"https:\/\/www.lichen.pl\/es\/wp-json\/wp\/v2\/categories?post=52727"},{"taxonomy":"post_tag","embeddable":true,"href":"https:\/\/www.lichen.pl\/es\/wp-json\/wp\/v2\/tags?post=52727"}],"curies":[{"name":"wp","href":"https:\/\/api.w.org\/{rel}","templated":true}]}}