{"id":52881,"date":"2023-05-01T19:00:07","date_gmt":"2023-05-01T17:00:07","guid":{"rendered":"https:\/\/www.lichen.pl\/dzien-flagi-2023-copy\/"},"modified":"2023-05-03T09:07:17","modified_gmt":"2023-05-03T07:07:17","slug":"173-rocznica-objawien","status":"publish","type":"post","link":"https:\/\/www.lichen.pl\/es\/173-rocznica-objawien\/","title":{"rendered":"173. rocznica objawie\u0144 Matki Bo\u017cej w lesie gr\u0105bli\u0144skim"},"content":{"rendered":"<div data-elementor-type=\"wp-post\" data-elementor-id=\"52881\" class=\"elementor elementor-52881\" data-elementor-post-type=\"post\">\n\t\t\t\t\t\t<section class=\"elementor-section elementor-top-section elementor-element elementor-element-abcfcb9 elementor-section-boxed elementor-section-height-default elementor-section-height-default\" data-id=\"abcfcb9\" data-element_type=\"section\" data-e-type=\"section\">\n\t\t\t\t\t\t<div class=\"elementor-container elementor-column-gap-default\">\n\t\t\t\t\t<div class=\"elementor-column elementor-col-100 elementor-top-column elementor-element elementor-element-05ce722\" data-id=\"05ce722\" data-element_type=\"column\" data-e-type=\"column\">\n\t\t\t<div class=\"elementor-widget-wrap elementor-element-populated\">\n\t\t\t\t\t\t<div class=\"elementor-element elementor-element-029fda6 elementor-widget elementor-widget-heading\" data-id=\"029fda6\" data-element_type=\"widget\" data-e-type=\"widget\" data-widget_type=\"heading.default\">\n\t\t\t\t<div class=\"elementor-widget-container\">\n\t\t\t\t\t<h2 class=\"elementor-heading-title elementor-size-default\">W przypadaj\u0105c\u0105 1 maja 173. rocznic\u0119 pierwszych objawie\u0144 Matki Bo\u017cej pasterzowi Miko\u0142ajowi Sikatce w lesie gr\u0105bli\u0144skim wierni modlili si\u0119 podczas Mszy \u015bw. sprawowanej przed kaplic\u0105 sosny w Gr\u0105blinie. Eucharystii przewodniczy\u0142 ks. Bogus\u0142aw Binda MIC, prze\u0142o\u017cony liche\u0144skiej wsp\u00f3lnoty ksi\u0119\u017cy i braci marian\u00f3w. <\/h2>\t\t\t\t<\/div>\n\t\t\t\t<\/div>\n\t\t\t\t<section class=\"elementor-section elementor-inner-section elementor-element elementor-element-ce7779d elementor-section-boxed elementor-section-height-default elementor-section-height-default\" data-id=\"ce7779d\" data-element_type=\"section\" data-e-type=\"section\">\n\t\t\t\t\t\t<div class=\"elementor-container elementor-column-gap-default\">\n\t\t\t\t\t<div class=\"elementor-column elementor-col-50 elementor-inner-column elementor-element elementor-element-a0f309e\" data-id=\"a0f309e\" data-element_type=\"column\" data-e-type=\"column\">\n\t\t\t<div class=\"elementor-widget-wrap elementor-element-populated\">\n\t\t\t\t\t\t<div class=\"elementor-element elementor-element-ba7b0e5 elementor-widget elementor-widget-text-editor\" data-id=\"ba7b0e5\" data-element_type=\"widget\" data-e-type=\"widget\" data-widget_type=\"text-editor.default\">\n\t\t\t\t<div class=\"elementor-widget-container\">\n\t\t\t\t\t\t\t\t\t<div class=\"x11i5rnm xat24cr x1mh8g0r x1vvkbs xtlvy1s x126k92a\"><div dir=\"auto\"><div class=\"x11i5rnm xat24cr x1mh8g0r x1vvkbs xtlvy1s x126k92a\"><div dir=\"auto\">Podczas homilii ksi\u0105dz prze\u0142o\u017cony powiedzia\u0142, \u017ce s\u0142owa, kt\u00f3re Miko\u0142aj Sikatka us\u0142ysza\u0142, by\u0142y prostym wezwaniem do pokuty, nawr\u00f3cenia i przemiany serca. \u2013 \u201eMatka Bo\u017ca m\u00f3wi\u0142a do niego w\u00f3wczas, \u017ce je\u015bli to si\u0119 nie dokona to przyjdzie trudne do\u015bwiadczenie. I przysz\u0142a zaraza, kt\u00f3ra zdziesi\u0105tkowa\u0142a miejscow\u0105 ludno\u015b\u0107. Dopiero po tym do\u015bwiadczeniu ludzie zacz\u0119li przypomina\u0107 sobie s\u0142owa prostego pasterza\u201d.<\/div><\/div><div class=\"x11i5rnm xat24cr x1mh8g0r x1vvkbs xtlvy1s x126k92a\"><div dir=\"auto\">Ksi\u0105dz Binda podkre\u015bli\u0142, \u017ce wezwanie Maryi do nawr\u00f3cenia jest aktualne tak\u017ce dzi\u015b, w XXI wieku. \u2013 \u201eWo\u0142anie Maryi jest konkretnym pytaniem o moje \u017cycie chrze\u015bcija\u0144skie\u201d. Zdaniem kap\u0142ana, zbyt du\u017co w naszym \u017cyciu s\u0142uchamy innych, a zapominamy o s\u0142uchaniu Pana Boga.\u00a0<\/div><\/div><\/div><\/div>\t\t\t\t\t\t\t\t<\/div>\n\t\t\t\t<\/div>\n\t\t\t\t\t<\/div>\n\t\t<\/div>\n\t\t\t\t<div class=\"elementor-column elementor-col-50 elementor-inner-column elementor-element elementor-element-4743ad1\" data-id=\"4743ad1\" data-element_type=\"column\" data-e-type=\"column\">\n\t\t\t<div class=\"elementor-widget-wrap elementor-element-populated\">\n\t\t\t\t\t\t<div class=\"elementor-element elementor-element-1714b79 elementor-widget elementor-widget-image\" data-id=\"1714b79\" data-element_type=\"widget\" data-e-type=\"widget\" data-widget_type=\"image.default\">\n\t\t\t\t<div class=\"elementor-widget-container\">\n\t\t\t\t\t\t\t\t\t\t\t\t\t\t\t<img fetchpriority=\"high\" decoding=\"async\" width=\"1024\" height=\"683\" src=\"https:\/\/www.lichen.pl\/wp-content\/uploads\/2023\/05\/IMG_7630-1024x683.jpg\" class=\"attachment-large size-large wp-image-52890\" alt=\"\" srcset=\"https:\/\/www.lichen.pl\/wp-content\/uploads\/2023\/05\/IMG_7630-1024x683.jpg 1024w, https:\/\/www.lichen.pl\/wp-content\/uploads\/2023\/05\/IMG_7630-800x533.jpg 800w, https:\/\/www.lichen.pl\/wp-content\/uploads\/2023\/05\/IMG_7630-300x200.jpg 300w, https:\/\/www.lichen.pl\/wp-content\/uploads\/2023\/05\/IMG_7630-768x512.jpg 768w, https:\/\/www.lichen.pl\/wp-content\/uploads\/2023\/05\/IMG_7630-1536x1024.jpg 1536w, https:\/\/www.lichen.pl\/wp-content\/uploads\/2023\/05\/IMG_7630-2048x1365.jpg 2048w, https:\/\/www.lichen.pl\/wp-content\/uploads\/2023\/05\/IMG_7630-18x12.jpg 18w, https:\/\/www.lichen.pl\/wp-content\/uploads\/2023\/05\/IMG_7630.jpg 1920w\" sizes=\"(max-width: 1024px) 100vw, 1024px\" \/>\t\t\t\t\t\t\t\t\t\t\t\t\t\t\t<\/div>\n\t\t\t\t<\/div>\n\t\t\t\t\t<\/div>\n\t\t<\/div>\n\t\t\t\t\t<\/div>\n\t\t<\/section>\n\t\t\t\t<div class=\"elementor-element elementor-element-a09ac92 elementor-widget elementor-widget-text-editor\" data-id=\"a09ac92\" data-element_type=\"widget\" data-e-type=\"widget\" data-widget_type=\"text-editor.default\">\n\t\t\t\t<div class=\"elementor-widget-container\">\n\t\t\t\t\t\t\t\t\t<div class=\"x11i5rnm xat24cr x1mh8g0r x1vvkbs xtlvy1s x126k92a\"><div dir=\"auto\"><div class=\"x11i5rnm xat24cr x1mh8g0r x1vvkbs xtlvy1s x126k92a\"><div dir=\"auto\">\u2013 \u201eTrzeba nam dzi\u015b us\u0142ysze\u0107 g\u0142os Matki, kt\u00f3ra chce nam tak wiele powiedzie\u0107. I pyta czy jest w naszym \u017cyciu czas na spotkanie i rozmow\u0119 z Bogiem. Ten las i wydarzenia sprzed ponad 170 lat sk\u0142aniaj\u0105 nas do refleksji i do pokuty. Bo nigdy nie jest za p\u00f3\u017ano, aby nawr\u00f3ci\u0107 si\u0119 i zwr\u00f3ci\u0107 w stron\u0119 kochaj\u0105cego Boga\u201d.<\/div><div dir=\"auto\">Ksi\u0105dz prze\u0142o\u017cony zauwa\u017cy\u0142 tak\u017ce, \u017ce nasze ziemskie \u017cycie jest tylko w\u0119dr\u00f3wk\u0105 zmierzaj\u0105c\u0105 do spotkania z Bogiem w niebie. I wa\u017cnym jest, aby nasz\u0105 ziemsk\u0105 przewodniczk\u0105 by\u0142a Maryja \u2013 bo Ona prowadzi nas zawsze do swojego Syna.<\/div><\/div><div class=\"x11i5rnm xat24cr x1mh8g0r x1vvkbs xtlvy1s x126k92a\"><div dir=\"auto\">Ko\u0144cz\u0105c rozwa\u017cania, marianin powiedzia\u0142: \u201eNiech to dzisiejsze \u015bwi\u0119towanie b\u0119dzie dla nas pog\u0142\u0119bieniem wiary i o\u017cywieniem nadziei, aby\u015bmy trwali w mi\u0142o\u015bci Chrystusowej\u201d.<\/div><\/div><\/div><\/div>\t\t\t\t\t\t\t\t<\/div>\n\t\t\t\t<\/div>\n\t\t\t\t<div class=\"elementor-element elementor-element-713f621 elementor-widget elementor-widget-image-gallery\" data-id=\"713f621\" data-element_type=\"widget\" data-e-type=\"widget\" data-widget_type=\"image-gallery.default\">\n\t\t\t\t<div class=\"elementor-widget-container\">\n\t\t\t\t\t\t\t<div class=\"elementor-image-gallery\">\n\t\t\t<div id='gallery-1' class='gallery galleryid-52881 gallery-columns-6 gallery-size-thumbnail'><figure class='gallery-item'>\n\t\t\t<div class='gallery-icon landscape'>\n\t\t\t\t<a data-elementor-open-lightbox=\"yes\" data-elementor-lightbox-slideshow=\"713f621\" data-elementor-lightbox-title=\"Rzocznica objawie\u0144 w lesie\" data-e-action-hash=\"#elementor-action%3Aaction%3Dlightbox%26settings%3DeyJpZCI6NTI4ODksInVybCI6Imh0dHBzOlwvXC93d3cubGljaGVuLnBsXC93cC1jb250ZW50XC91cGxvYWRzXC8yMDIzXC8wNVwvSU1HXzc2NTAuanBnIiwic2xpZGVzaG93IjoiNzEzZjYyMSJ9\" href='https:\/\/www.lichen.pl\/wp-content\/uploads\/2023\/05\/IMG_7650.jpg'><img width=\"150\" height=\"150\" src=\"https:\/\/www.lichen.pl\/wp-content\/uploads\/2023\/05\/IMG_7650-150x150.jpg\" class=\"attachment-thumbnail size-thumbnail\" alt=\"\" decoding=\"async\" srcset=\"https:\/\/www.lichen.pl\/wp-content\/uploads\/2023\/05\/IMG_7650-150x150.jpg 150w, https:\/\/www.lichen.pl\/wp-content\/uploads\/2023\/05\/IMG_7650-300x300.jpg 300w\" sizes=\"(max-width: 150px) 100vw, 150px\" \/><\/a>\n\t\t\t<\/div><\/figure><figure class='gallery-item'>\n\t\t\t<div class='gallery-icon portrait'>\n\t\t\t\t<a data-elementor-open-lightbox=\"yes\" data-elementor-lightbox-slideshow=\"713f621\" data-elementor-lightbox-title=\"Rzocznica objawie\u0144 w lesie\" data-e-action-hash=\"#elementor-action%3Aaction%3Dlightbox%26settings%3DeyJpZCI6NTI4ODgsInVybCI6Imh0dHBzOlwvXC93d3cubGljaGVuLnBsXC93cC1jb250ZW50XC91cGxvYWRzXC8yMDIzXC8wNVwvSU1HXzc2Mzctcm90YXRlZC5qcGciLCJzbGlkZXNob3ciOiI3MTNmNjIxIn0%3D\" href='https:\/\/www.lichen.pl\/wp-content\/uploads\/2023\/05\/IMG_7637-rotated.jpg'><img width=\"150\" height=\"150\" src=\"https:\/\/www.lichen.pl\/wp-content\/uploads\/2023\/05\/IMG_7637-150x150.jpg\" class=\"attachment-thumbnail size-thumbnail\" alt=\"\" decoding=\"async\" srcset=\"https:\/\/www.lichen.pl\/wp-content\/uploads\/2023\/05\/IMG_7637-150x150.jpg 150w, https:\/\/www.lichen.pl\/wp-content\/uploads\/2023\/05\/IMG_7637-rotated-300x300.jpg 300w\" sizes=\"(max-width: 150px) 100vw, 150px\" \/><\/a>\n\t\t\t<\/div><\/figure><figure class='gallery-item'>\n\t\t\t<div class='gallery-icon portrait'>\n\t\t\t\t<a data-elementor-open-lightbox=\"yes\" data-elementor-lightbox-slideshow=\"713f621\" data-elementor-lightbox-title=\"Rzocznica objawie\u0144 w lesie\" data-e-action-hash=\"#elementor-action%3Aaction%3Dlightbox%26settings%3DeyJpZCI6NTI4ODcsInVybCI6Imh0dHBzOlwvXC93d3cubGljaGVuLnBsXC93cC1jb250ZW50XC91cGxvYWRzXC8yMDIzXC8wNVwvSU1HXzc2NjAtcm90YXRlZC5qcGciLCJzbGlkZXNob3ciOiI3MTNmNjIxIn0%3D\" href='https:\/\/www.lichen.pl\/wp-content\/uploads\/2023\/05\/IMG_7660-rotated.jpg'><img loading=\"lazy\" width=\"150\" height=\"150\" src=\"https:\/\/www.lichen.pl\/wp-content\/uploads\/2023\/05\/IMG_7660-150x150.jpg\" class=\"attachment-thumbnail size-thumbnail\" alt=\"\" decoding=\"async\" srcset=\"https:\/\/www.lichen.pl\/wp-content\/uploads\/2023\/05\/IMG_7660-150x150.jpg 150w, https:\/\/www.lichen.pl\/wp-content\/uploads\/2023\/05\/IMG_7660-rotated-300x300.jpg 300w\" sizes=\"(max-width: 150px) 100vw, 150px\" \/><\/a>\n\t\t\t<\/div><\/figure><figure class='gallery-item'>\n\t\t\t<div class='gallery-icon landscape'>\n\t\t\t\t<a data-elementor-open-lightbox=\"yes\" data-elementor-lightbox-slideshow=\"713f621\" data-elementor-lightbox-title=\"Rzocznica objawie\u0144 w lesie\" data-e-action-hash=\"#elementor-action%3Aaction%3Dlightbox%26settings%3DeyJpZCI6NTI4ODYsInVybCI6Imh0dHBzOlwvXC93d3cubGljaGVuLnBsXC93cC1jb250ZW50XC91cGxvYWRzXC8yMDIzXC8wNVwvSU1HXzc3MDkuanBnIiwic2xpZGVzaG93IjoiNzEzZjYyMSJ9\" href='https:\/\/www.lichen.pl\/wp-content\/uploads\/2023\/05\/IMG_7709.jpg'><img loading=\"lazy\" width=\"150\" height=\"150\" src=\"https:\/\/www.lichen.pl\/wp-content\/uploads\/2023\/05\/IMG_7709-150x150.jpg\" class=\"attachment-thumbnail size-thumbnail\" alt=\"\" decoding=\"async\" srcset=\"https:\/\/www.lichen.pl\/wp-content\/uploads\/2023\/05\/IMG_7709-150x150.jpg 150w, https:\/\/www.lichen.pl\/wp-content\/uploads\/2023\/05\/IMG_7709-300x300.jpg 300w\" sizes=\"(max-width: 150px) 100vw, 150px\" \/><\/a>\n\t\t\t<\/div><\/figure><figure class='gallery-item'>\n\t\t\t<div class='gallery-icon portrait'>\n\t\t\t\t<a data-elementor-open-lightbox=\"yes\" data-elementor-lightbox-slideshow=\"713f621\" data-elementor-lightbox-title=\"Rzocznica objawie\u0144 w lesie\" data-e-action-hash=\"#elementor-action%3Aaction%3Dlightbox%26settings%3DeyJpZCI6NTI4ODUsInVybCI6Imh0dHBzOlwvXC93d3cubGljaGVuLnBsXC93cC1jb250ZW50XC91cGxvYWRzXC8yMDIzXC8wNVwvSU1HXzc3MDYtcm90YXRlZC5qcGciLCJzbGlkZXNob3ciOiI3MTNmNjIxIn0%3D\" href='https:\/\/www.lichen.pl\/wp-content\/uploads\/2023\/05\/IMG_7706-rotated.jpg'><img loading=\"lazy\" width=\"150\" height=\"150\" src=\"https:\/\/www.lichen.pl\/wp-content\/uploads\/2023\/05\/IMG_7706-150x150.jpg\" class=\"attachment-thumbnail size-thumbnail\" alt=\"\" decoding=\"async\" srcset=\"https:\/\/www.lichen.pl\/wp-content\/uploads\/2023\/05\/IMG_7706-150x150.jpg 150w, https:\/\/www.lichen.pl\/wp-content\/uploads\/2023\/05\/IMG_7706-rotated-300x300.jpg 300w\" sizes=\"(max-width: 150px) 100vw, 150px\" \/><\/a>\n\t\t\t<\/div><\/figure><figure class='gallery-item'>\n\t\t\t<div class='gallery-icon landscape'>\n\t\t\t\t<a data-elementor-open-lightbox=\"yes\" data-elementor-lightbox-slideshow=\"713f621\" data-elementor-lightbox-title=\"Rzocznica objawie\u0144 w lesie\" data-e-action-hash=\"#elementor-action%3Aaction%3Dlightbox%26settings%3DeyJpZCI6NTI4ODQsInVybCI6Imh0dHBzOlwvXC93d3cubGljaGVuLnBsXC93cC1jb250ZW50XC91cGxvYWRzXC8yMDIzXC8wNVwvSU1HXzc3MzQuanBnIiwic2xpZGVzaG93IjoiNzEzZjYyMSJ9\" href='https:\/\/www.lichen.pl\/wp-content\/uploads\/2023\/05\/IMG_7734.jpg'><img loading=\"lazy\" width=\"150\" height=\"150\" src=\"https:\/\/www.lichen.pl\/wp-content\/uploads\/2023\/05\/IMG_7734-150x150.jpg\" class=\"attachment-thumbnail size-thumbnail\" alt=\"\" decoding=\"async\" srcset=\"https:\/\/www.lichen.pl\/wp-content\/uploads\/2023\/05\/IMG_7734-150x150.jpg 150w, https:\/\/www.lichen.pl\/wp-content\/uploads\/2023\/05\/IMG_7734-300x300.jpg 300w\" sizes=\"(max-width: 150px) 100vw, 150px\" \/><\/a>\n\t\t\t<\/div><\/figure>\n\t\t<\/div>\n\t\t<\/div>\n\t\t\t\t\t\t<\/div>\n\t\t\t\t<\/div>\n\t\t\t\t\t<\/div>\n\t\t<\/div>\n\t\t\t\t\t<\/div>\n\t\t<\/section>\n\t\t\t\t<\/div>","protected":false},"excerpt":{"rendered":"<p>W przypadaj\u0105c\u0105 1 maja 173. rocznic\u0119 pierwszych objawie\u0144 Matki Bo\u017cej pasterzowi Miko\u0142ajowi Sikatce w lesie gr\u0105bli\u0144skim wierni modlili si\u0119 podczas Mszy \u015bw. sprawowanej przed kaplic\u0105 sosny w Gr\u0105blinie. Eucharystii przewodniczy\u0142 ks. Bogus\u0142aw Binda MIC, prze\u0142o\u017cony liche\u0144skiej wsp\u00f3lnoty ksi\u0119\u017cy i braci marian\u00f3w. Podczas homilii ksi\u0105dz prze\u0142o\u017cony powiedzia\u0142, \u017ce s\u0142owa, kt\u00f3re Miko\u0142aj Sikatka us\u0142ysza\u0142, by\u0142y prostym wezwaniem [&hellip;]<\/p>\n","protected":false},"author":4,"featured_media":52889,"comment_status":"closed","ping_status":"closed","sticky":false,"template":"","format":"standard","meta":{"footnotes":""},"categories":[1],"tags":[],"class_list":["post-52881","post","type-post","status-publish","format-standard","has-post-thumbnail","hentry","category-aktualnosci","wpbf-post"],"yoast_head":"<!-- This site is optimized with the Yoast SEO plugin v27.4 - https:\/\/yoast.com\/product\/yoast-seo-wordpress\/ -->\n<title>173. rocznica objawie\u0144 Matki Bo\u017cej w lesie gr\u0105bli\u0144skim - SANKTUARIUM W LICHENIU<\/title>\n<meta name=\"robots\" content=\"index, follow, max-snippet:-1, max-image-preview:large, max-video-preview:-1\" \/>\n<link rel=\"canonical\" href=\"https:\/\/www.lichen.pl\/es\/173-rocznica-objawien\/\" \/>\n<meta property=\"og:locale\" content=\"es_ES\" \/>\n<meta property=\"og:type\" content=\"article\" \/>\n<meta property=\"og:title\" content=\"173. rocznica objawie\u0144 Matki Bo\u017cej w lesie gr\u0105bli\u0144skim - SANKTUARIUM W LICHENIU\" \/>\n<meta property=\"og:description\" content=\"W przypadaj\u0105c\u0105 1 maja 173. rocznic\u0119 pierwszych objawie\u0144 Matki Bo\u017cej pasterzowi Miko\u0142ajowi Sikatce w lesie gr\u0105bli\u0144skim wierni modlili si\u0119 podczas Mszy \u015bw. sprawowanej przed kaplic\u0105 sosny w Gr\u0105blinie. Eucharystii przewodniczy\u0142 ks. Bogus\u0142aw Binda MIC, prze\u0142o\u017cony liche\u0144skiej wsp\u00f3lnoty ksi\u0119\u017cy i braci marian\u00f3w. Podczas homilii ksi\u0105dz prze\u0142o\u017cony powiedzia\u0142, \u017ce s\u0142owa, kt\u00f3re Miko\u0142aj Sikatka us\u0142ysza\u0142, by\u0142y prostym wezwaniem [&hellip;]\" \/>\n<meta property=\"og:url\" content=\"https:\/\/www.lichen.pl\/es\/173-rocznica-objawien\/\" \/>\n<meta property=\"og:site_name\" content=\"SANKTUARIUM W LICHENIU\" \/>\n<meta property=\"article:published_time\" content=\"2023-05-01T17:00:07+00:00\" \/>\n<meta property=\"article:modified_time\" content=\"2023-05-03T07:07:17+00:00\" \/>\n<meta property=\"og:image\" content=\"https:\/\/www.lichen.pl\/wp-content\/uploads\/2023\/05\/IMG_7650-1024x683.jpg\" \/>\n\t<meta property=\"og:image:width\" content=\"1024\" \/>\n\t<meta property=\"og:image:height\" content=\"683\" \/>\n\t<meta property=\"og:image:type\" content=\"image\/jpeg\" \/>\n<meta name=\"author\" content=\"ROBERT ADAMCZYK\" \/>\n<meta name=\"twitter:card\" content=\"summary_large_image\" \/>\n<meta name=\"twitter:label1\" content=\"Escrito por\" \/>\n\t<meta name=\"twitter:data1\" content=\"ROBERT ADAMCZYK\" \/>\n\t<meta name=\"twitter:label2\" content=\"Tiempo de lectura\" \/>\n\t<meta name=\"twitter:data2\" content=\"3 minutos\" \/>\n<script type=\"application\/ld+json\" class=\"yoast-schema-graph\">{\"@context\":\"https:\\\/\\\/schema.org\",\"@graph\":[{\"@type\":\"Article\",\"@id\":\"https:\\\/\\\/www.lichen.pl\\\/173-rocznica-objawien\\\/#article\",\"isPartOf\":{\"@id\":\"https:\\\/\\\/www.lichen.pl\\\/173-rocznica-objawien\\\/\"},\"author\":{\"name\":\"ROBERT ADAMCZYK\",\"@id\":\"https:\\\/\\\/www.lichen.pl\\\/fr\\\/#\\\/schema\\\/person\\\/c06cd926b95870cc59f18d6ee6e33da5\"},\"headline\":\"173. rocznica objawie\u0144 Matki Bo\u017cej w lesie gr\u0105bli\u0144skim\",\"datePublished\":\"2023-05-01T17:00:07+00:00\",\"dateModified\":\"2023-05-03T07:07:17+00:00\",\"mainEntityOfPage\":{\"@id\":\"https:\\\/\\\/www.lichen.pl\\\/173-rocznica-objawien\\\/\"},\"wordCount\":327,\"image\":{\"@id\":\"https:\\\/\\\/www.lichen.pl\\\/173-rocznica-objawien\\\/#primaryimage\"},\"thumbnailUrl\":\"https:\\\/\\\/www.lichen.pl\\\/wp-content\\\/uploads\\\/2023\\\/05\\\/IMG_7650.jpg\",\"articleSection\":[\"Aktualno\u015bci\"],\"inLanguage\":\"es\"},{\"@type\":\"WebPage\",\"@id\":\"https:\\\/\\\/www.lichen.pl\\\/173-rocznica-objawien\\\/\",\"url\":\"https:\\\/\\\/www.lichen.pl\\\/173-rocznica-objawien\\\/\",\"name\":\"173. rocznica objawie\u0144 Matki Bo\u017cej w lesie gr\u0105bli\u0144skim - SANKTUARIUM W LICHENIU\",\"isPartOf\":{\"@id\":\"https:\\\/\\\/www.lichen.pl\\\/fr\\\/#website\"},\"primaryImageOfPage\":{\"@id\":\"https:\\\/\\\/www.lichen.pl\\\/173-rocznica-objawien\\\/#primaryimage\"},\"image\":{\"@id\":\"https:\\\/\\\/www.lichen.pl\\\/173-rocznica-objawien\\\/#primaryimage\"},\"thumbnailUrl\":\"https:\\\/\\\/www.lichen.pl\\\/wp-content\\\/uploads\\\/2023\\\/05\\\/IMG_7650.jpg\",\"datePublished\":\"2023-05-01T17:00:07+00:00\",\"dateModified\":\"2023-05-03T07:07:17+00:00\",\"author\":{\"@id\":\"https:\\\/\\\/www.lichen.pl\\\/fr\\\/#\\\/schema\\\/person\\\/c06cd926b95870cc59f18d6ee6e33da5\"},\"breadcrumb\":{\"@id\":\"https:\\\/\\\/www.lichen.pl\\\/173-rocznica-objawien\\\/#breadcrumb\"},\"inLanguage\":\"es\",\"potentialAction\":[{\"@type\":\"ReadAction\",\"target\":[\"https:\\\/\\\/www.lichen.pl\\\/173-rocznica-objawien\\\/\"]}]},{\"@type\":\"ImageObject\",\"inLanguage\":\"es\",\"@id\":\"https:\\\/\\\/www.lichen.pl\\\/173-rocznica-objawien\\\/#primaryimage\",\"url\":\"https:\\\/\\\/www.lichen.pl\\\/wp-content\\\/uploads\\\/2023\\\/05\\\/IMG_7650.jpg\",\"contentUrl\":\"https:\\\/\\\/www.lichen.pl\\\/wp-content\\\/uploads\\\/2023\\\/05\\\/IMG_7650.jpg\",\"width\":1920,\"height\":1280},{\"@type\":\"BreadcrumbList\",\"@id\":\"https:\\\/\\\/www.lichen.pl\\\/173-rocznica-objawien\\\/#breadcrumb\",\"itemListElement\":[{\"@type\":\"ListItem\",\"position\":1,\"name\":\"Strona g\u0142\u00f3wna\",\"item\":\"https:\\\/\\\/www.lichen.pl\\\/\"},{\"@type\":\"ListItem\",\"position\":2,\"name\":\"173. rocznica objawie\u0144 Matki Bo\u017cej w lesie gr\u0105bli\u0144skim\"}]},{\"@type\":\"WebSite\",\"@id\":\"https:\\\/\\\/www.lichen.pl\\\/fr\\\/#website\",\"url\":\"https:\\\/\\\/www.lichen.pl\\\/fr\\\/\",\"name\":\"SANKTUARIUM W LICHENIU\",\"description\":\"MATKI BO\u017bEJ LICHE\u0143SKIEJ BOLESNEJ KR\u00d3LOWEJ POLSKI\",\"potentialAction\":[{\"@type\":\"SearchAction\",\"target\":{\"@type\":\"EntryPoint\",\"urlTemplate\":\"https:\\\/\\\/www.lichen.pl\\\/fr\\\/?s={search_term_string}\"},\"query-input\":{\"@type\":\"PropertyValueSpecification\",\"valueRequired\":true,\"valueName\":\"search_term_string\"}}],\"inLanguage\":\"es\"},{\"@type\":\"Person\",\"@id\":\"https:\\\/\\\/www.lichen.pl\\\/fr\\\/#\\\/schema\\\/person\\\/c06cd926b95870cc59f18d6ee6e33da5\",\"name\":\"ROBERT ADAMCZYK\",\"image\":{\"@type\":\"ImageObject\",\"inLanguage\":\"es\",\"@id\":\"https:\\\/\\\/secure.gravatar.com\\\/avatar\\\/53c330430596e73552f4c356c2e47c209ff8f6352a5106011c9b6abcce5e00df?s=96&d=retro&r=g\",\"url\":\"https:\\\/\\\/secure.gravatar.com\\\/avatar\\\/53c330430596e73552f4c356c2e47c209ff8f6352a5106011c9b6abcce5e00df?s=96&d=retro&r=g\",\"contentUrl\":\"https:\\\/\\\/secure.gravatar.com\\\/avatar\\\/53c330430596e73552f4c356c2e47c209ff8f6352a5106011c9b6abcce5e00df?s=96&d=retro&r=g\",\"caption\":\"ROBERT ADAMCZYK\"},\"url\":\"https:\\\/\\\/www.lichen.pl\\\/es\\\/author\\\/press\\\/\"}]}<\/script>\n<!-- \/ Yoast SEO plugin. -->","yoast_head_json":{"title":"173. rocznica objawie\u0144 Matki Bo\u017cej w lesie gr\u0105bli\u0144skim - SANKTUARIUM W LICHENIU","robots":{"index":"index","follow":"follow","max-snippet":"max-snippet:-1","max-image-preview":"max-image-preview:large","max-video-preview":"max-video-preview:-1"},"canonical":"https:\/\/www.lichen.pl\/es\/173-rocznica-objawien\/","og_locale":"es_ES","og_type":"article","og_title":"173. rocznica objawie\u0144 Matki Bo\u017cej w lesie gr\u0105bli\u0144skim - SANKTUARIUM W LICHENIU","og_description":"W przypadaj\u0105c\u0105 1 maja 173. rocznic\u0119 pierwszych objawie\u0144 Matki Bo\u017cej pasterzowi Miko\u0142ajowi Sikatce w lesie gr\u0105bli\u0144skim wierni modlili si\u0119 podczas Mszy \u015bw. sprawowanej przed kaplic\u0105 sosny w Gr\u0105blinie. Eucharystii przewodniczy\u0142 ks. Bogus\u0142aw Binda MIC, prze\u0142o\u017cony liche\u0144skiej wsp\u00f3lnoty ksi\u0119\u017cy i braci marian\u00f3w. Podczas homilii ksi\u0105dz prze\u0142o\u017cony powiedzia\u0142, \u017ce s\u0142owa, kt\u00f3re Miko\u0142aj Sikatka us\u0142ysza\u0142, by\u0142y prostym wezwaniem [&hellip;]","og_url":"https:\/\/www.lichen.pl\/es\/173-rocznica-objawien\/","og_site_name":"SANKTUARIUM W LICHENIU","article_published_time":"2023-05-01T17:00:07+00:00","article_modified_time":"2023-05-03T07:07:17+00:00","og_image":[{"width":1024,"height":683,"url":"https:\/\/www.lichen.pl\/wp-content\/uploads\/2023\/05\/IMG_7650-1024x683.jpg","type":"image\/jpeg"}],"author":"ROBERT ADAMCZYK","twitter_card":"summary_large_image","twitter_misc":{"Escrito por":"ROBERT ADAMCZYK","Tiempo de lectura":"3 minutos"},"schema":{"@context":"https:\/\/schema.org","@graph":[{"@type":"Article","@id":"https:\/\/www.lichen.pl\/173-rocznica-objawien\/#article","isPartOf":{"@id":"https:\/\/www.lichen.pl\/173-rocznica-objawien\/"},"author":{"name":"ROBERT ADAMCZYK","@id":"https:\/\/www.lichen.pl\/fr\/#\/schema\/person\/c06cd926b95870cc59f18d6ee6e33da5"},"headline":"173. rocznica objawie\u0144 Matki Bo\u017cej w lesie gr\u0105bli\u0144skim","datePublished":"2023-05-01T17:00:07+00:00","dateModified":"2023-05-03T07:07:17+00:00","mainEntityOfPage":{"@id":"https:\/\/www.lichen.pl\/173-rocznica-objawien\/"},"wordCount":327,"image":{"@id":"https:\/\/www.lichen.pl\/173-rocznica-objawien\/#primaryimage"},"thumbnailUrl":"https:\/\/www.lichen.pl\/wp-content\/uploads\/2023\/05\/IMG_7650.jpg","articleSection":["Aktualno\u015bci"],"inLanguage":"es"},{"@type":"WebPage","@id":"https:\/\/www.lichen.pl\/173-rocznica-objawien\/","url":"https:\/\/www.lichen.pl\/173-rocznica-objawien\/","name":"173. rocznica objawie\u0144 Matki Bo\u017cej w lesie gr\u0105bli\u0144skim - SANKTUARIUM W LICHENIU","isPartOf":{"@id":"https:\/\/www.lichen.pl\/fr\/#website"},"primaryImageOfPage":{"@id":"https:\/\/www.lichen.pl\/173-rocznica-objawien\/#primaryimage"},"image":{"@id":"https:\/\/www.lichen.pl\/173-rocznica-objawien\/#primaryimage"},"thumbnailUrl":"https:\/\/www.lichen.pl\/wp-content\/uploads\/2023\/05\/IMG_7650.jpg","datePublished":"2023-05-01T17:00:07+00:00","dateModified":"2023-05-03T07:07:17+00:00","author":{"@id":"https:\/\/www.lichen.pl\/fr\/#\/schema\/person\/c06cd926b95870cc59f18d6ee6e33da5"},"breadcrumb":{"@id":"https:\/\/www.lichen.pl\/173-rocznica-objawien\/#breadcrumb"},"inLanguage":"es","potentialAction":[{"@type":"ReadAction","target":["https:\/\/www.lichen.pl\/173-rocznica-objawien\/"]}]},{"@type":"ImageObject","inLanguage":"es","@id":"https:\/\/www.lichen.pl\/173-rocznica-objawien\/#primaryimage","url":"https:\/\/www.lichen.pl\/wp-content\/uploads\/2023\/05\/IMG_7650.jpg","contentUrl":"https:\/\/www.lichen.pl\/wp-content\/uploads\/2023\/05\/IMG_7650.jpg","width":1920,"height":1280},{"@type":"BreadcrumbList","@id":"https:\/\/www.lichen.pl\/173-rocznica-objawien\/#breadcrumb","itemListElement":[{"@type":"ListItem","position":1,"name":"Strona g\u0142\u00f3wna","item":"https:\/\/www.lichen.pl\/"},{"@type":"ListItem","position":2,"name":"173. rocznica objawie\u0144 Matki Bo\u017cej w lesie gr\u0105bli\u0144skim"}]},{"@type":"WebSite","@id":"https:\/\/www.lichen.pl\/fr\/#website","url":"https:\/\/www.lichen.pl\/fr\/","name":"SANTUARIO EN LICHENIA","description":"LA DOLOROSA REINA DE POLONIA DE NUESTRO LICHEN","potentialAction":[{"@type":"SearchAction","target":{"@type":"EntryPoint","urlTemplate":"https:\/\/www.lichen.pl\/fr\/?s={search_term_string}"},"query-input":{"@type":"PropertyValueSpecification","valueRequired":true,"valueName":"search_term_string"}}],"inLanguage":"es"},{"@type":"Person","@id":"https:\/\/www.lichen.pl\/fr\/#\/schema\/person\/c06cd926b95870cc59f18d6ee6e33da5","name":"ROBERT ADAMCZYK","image":{"@type":"ImageObject","inLanguage":"es","@id":"https:\/\/secure.gravatar.com\/avatar\/53c330430596e73552f4c356c2e47c209ff8f6352a5106011c9b6abcce5e00df?s=96&d=retro&r=g","url":"https:\/\/secure.gravatar.com\/avatar\/53c330430596e73552f4c356c2e47c209ff8f6352a5106011c9b6abcce5e00df?s=96&d=retro&r=g","contentUrl":"https:\/\/secure.gravatar.com\/avatar\/53c330430596e73552f4c356c2e47c209ff8f6352a5106011c9b6abcce5e00df?s=96&d=retro&r=g","caption":"ROBERT ADAMCZYK"},"url":"https:\/\/www.lichen.pl\/es\/author\/press\/"}]}},"_links":{"self":[{"href":"https:\/\/www.lichen.pl\/es\/wp-json\/wp\/v2\/posts\/52881","targetHints":{"allow":["GET"]}}],"collection":[{"href":"https:\/\/www.lichen.pl\/es\/wp-json\/wp\/v2\/posts"}],"about":[{"href":"https:\/\/www.lichen.pl\/es\/wp-json\/wp\/v2\/types\/post"}],"author":[{"embeddable":true,"href":"https:\/\/www.lichen.pl\/es\/wp-json\/wp\/v2\/users\/4"}],"replies":[{"embeddable":true,"href":"https:\/\/www.lichen.pl\/es\/wp-json\/wp\/v2\/comments?post=52881"}],"version-history":[{"count":5,"href":"https:\/\/www.lichen.pl\/es\/wp-json\/wp\/v2\/posts\/52881\/revisions"}],"predecessor-version":[{"id":52894,"href":"https:\/\/www.lichen.pl\/es\/wp-json\/wp\/v2\/posts\/52881\/revisions\/52894"}],"wp:featuredmedia":[{"embeddable":true,"href":"https:\/\/www.lichen.pl\/es\/wp-json\/wp\/v2\/media\/52889"}],"wp:attachment":[{"href":"https:\/\/www.lichen.pl\/es\/wp-json\/wp\/v2\/media?parent=52881"}],"wp:term":[{"taxonomy":"category","embeddable":true,"href":"https:\/\/www.lichen.pl\/es\/wp-json\/wp\/v2\/categories?post=52881"},{"taxonomy":"post_tag","embeddable":true,"href":"https:\/\/www.lichen.pl\/es\/wp-json\/wp\/v2\/tags?post=52881"}],"curies":[{"name":"wp","href":"https:\/\/api.w.org\/{rel}","templated":true}]}}