{"id":53676,"date":"2023-05-31T23:04:28","date_gmt":"2023-05-31T21:04:28","guid":{"rendered":"https:\/\/www.lichen.pl\/?p=53676"},"modified":"2023-06-01T09:49:37","modified_gmt":"2023-06-01T07:49:37","slug":"rekolekcje-maryjne-piekno-macierzynstwa","status":"publish","type":"post","link":"https:\/\/www.lichen.pl\/es\/rekolekcje-maryjne-piekno-macierzynstwa\/","title":{"rendered":"Rekolekcje maryjne \u201ePi\u0119kno Macierzy\u0144stwa\u201d"},"content":{"rendered":"<div data-elementor-type=\"wp-post\" data-elementor-id=\"53676\" class=\"elementor elementor-53676\" data-elementor-post-type=\"post\">\n\t\t\t\t\t\t<section class=\"elementor-section elementor-top-section elementor-element elementor-element-7d39197 elementor-section-boxed elementor-section-height-default elementor-section-height-default\" data-id=\"7d39197\" data-element_type=\"section\" data-e-type=\"section\">\n\t\t\t\t\t\t<div class=\"elementor-container elementor-column-gap-default\">\n\t\t\t\t\t<div class=\"elementor-column elementor-col-100 elementor-top-column elementor-element elementor-element-46f9f6b\" data-id=\"46f9f6b\" data-element_type=\"column\" data-e-type=\"column\">\n\t\t\t<div class=\"elementor-widget-wrap elementor-element-populated\">\n\t\t\t\t\t\t<div class=\"elementor-element elementor-element-0d6ab3b elementor-widget elementor-widget-text-editor\" data-id=\"0d6ab3b\" data-element_type=\"widget\" data-e-type=\"widget\" data-widget_type=\"text-editor.default\">\n\t\t\t\t<div class=\"elementor-widget-container\">\n\t\t\t\t\t\t\t\t\t<p><span style=\"color: #000000;\"><strong>W ostatni weekend maja 27 uczestnik\u00f3w odpowiedzia\u0142o na zaproszenie na rekolekcje maryjne \u201ePi\u0119kno macierzy\u0144stwa\u201d, a jednocze\u015bnie \u015bwi\u0119towa\u0142y Dzie\u0144 Matki w liche\u0144skim sanktuarium.<\/strong><\/span><\/p>\t\t\t\t\t\t\t\t<\/div>\n\t\t\t\t<\/div>\n\t\t\t\t<div class=\"elementor-element elementor-element-7375f0f elementor-widget elementor-widget-image\" data-id=\"7375f0f\" data-element_type=\"widget\" data-e-type=\"widget\" data-widget_type=\"image.default\">\n\t\t\t\t<div class=\"elementor-widget-container\">\n\t\t\t\t\t\t\t\t\t\t\t\t\t\t\t<img fetchpriority=\"high\" decoding=\"async\" width=\"1024\" height=\"682\" src=\"https:\/\/www.lichen.pl\/wp-content\/uploads\/2023\/05\/IMG_7754-1024x682.jpg\" class=\"attachment-large size-large wp-image-53677\" alt=\"\" srcset=\"https:\/\/www.lichen.pl\/wp-content\/uploads\/2023\/05\/IMG_7754-1024x682.jpg 1024w, https:\/\/www.lichen.pl\/wp-content\/uploads\/2023\/05\/IMG_7754-800x533.jpg 800w, https:\/\/www.lichen.pl\/wp-content\/uploads\/2023\/05\/IMG_7754-300x200.jpg 300w, https:\/\/www.lichen.pl\/wp-content\/uploads\/2023\/05\/IMG_7754-768x512.jpg 768w, https:\/\/www.lichen.pl\/wp-content\/uploads\/2023\/05\/IMG_7754-1536x1024.jpg 1536w, https:\/\/www.lichen.pl\/wp-content\/uploads\/2023\/05\/IMG_7754-18x12.jpg 18w, https:\/\/www.lichen.pl\/wp-content\/uploads\/2023\/05\/IMG_7754.jpg 1920w\" sizes=\"(max-width: 1024px) 100vw, 1024px\" \/>\t\t\t\t\t\t\t\t\t\t\t\t\t\t\t<\/div>\n\t\t\t\t<\/div>\n\t\t\t\t<div class=\"elementor-element elementor-element-a4db81b elementor-widget elementor-widget-text-editor\" data-id=\"a4db81b\" data-element_type=\"widget\" data-e-type=\"widget\" data-widget_type=\"text-editor.default\">\n\t\t\t\t<div class=\"elementor-widget-container\">\n\t\t\t\t\t\t\t\t\t<p><span style=\"color: #000000;\">Natchnienie, by zorganizowa\u0107 wyjazd rekolekcyjny do Lichenia, pojawi\u0142o si\u0119 w 2000 r., a z tego natchnienia zrodzi\u0142a si\u0119 tradycja corocznego pielgrzymowania do Matki Bo\u017cej Liche\u0144skiej. Danuta Kowalczyk z Soko\u0142owa Podlaskiego nie pielgrzymuje sama, ale zabiera ze sob\u0105 grupy mi\u0119dzyparafialne z okolicznych ko\u015bcio\u0142\u00f3w, zach\u0119cane przez proboszcz\u00f3w. \u2013 Zaproponowa\u0142am rekolekcje na spotkaniu Akcji Katolickiej i Ko\u0142a \u017bywego R\u00f3\u017ca\u0144ca, na zaproszenie odpowiedzia\u0142o wiele os\u00f3b \u2013 opowiada.<\/span><\/p><p><span style=\"color: #000000;\">Ostatnie majowe rekolekcje maryjne, kt\u00f3re prowadzi\u0142 ks. Janusz Kumala MIC, kustosz liche\u0144skiego sanktuarium, by\u0142y zarazem \u015bwi\u0119towaniem i dzi\u0119kczynieniem za dar macierzy\u0144stwa. \u2013 To by\u0142 czas bogaty duchowo. Dzi\u0119kowa\u0142y\u015bmy za opiek\u0119 naszych ziemskich matek, ale te\u017c Matki, kt\u00f3ra troszczy si\u0119 o nas w niebie \u2013 m\u00f3wi\u0142a Danuta Kowalczyk.<\/span><\/p><p><span style=\"color: #000000;\">Prywatnie pani Danuta przyje\u017cd\u017ca\u0142a do liche\u0144skiego sanktuarium ju\u017c jako dziecko z mam\u0105. P\u00f3\u017aniej o rekolekcjach maryjnych dowiedzia\u0142a si\u0119 z czasopisma \u201eZeszyty Maryjne\u201d. \u2013 Zadzwoni\u0142am dopyta\u0107 o szczeg\u00f3\u0142y i odebra\u0142 w\u0142a\u015bnie ks. Kumala, dyrektor Centrum Formacji Maryjnej. Tak si\u0119 zacz\u0119\u0142o. Podczas podr\u00f3\u017cy staram si\u0119 zach\u0119ci\u0107 wszystkich do wypraszania potrzebnych \u0142ask dla naszych rodzin u Matki Bo\u017cej Liche\u0144skiej. Dla mnie Maryja jest ogromnym wsparciem. Nawet w najgorszych chwilach nie mo\u017cna traci\u0107 nadziei, \u017ce Matka Bo\u017ca zawsze jest przy nas i daje nam si\u0142\u0119 w chwilach cierpie\u0144 i niepowodze\u0144 \u2013 opowiada Danuta Kowalczyk.\u00a0<\/span><\/p><p><span style=\"color: #000000;\">Kolejne rekolekcje maryjne o budowaniu relacji z lud\u017ami \u201eBy\u0107 dla innych jak Maryja\u201d w liche\u0144skim sanktuarium odb\u0119d\u0105 si\u0119 w dniach 23-25 czerwca.<\/span><\/p>\t\t\t\t\t\t\t\t<\/div>\n\t\t\t\t<\/div>\n\t\t\t\t\t<\/div>\n\t\t<\/div>\n\t\t\t\t\t<\/div>\n\t\t<\/section>\n\t\t\t\t<\/div>","protected":false},"excerpt":{"rendered":"<p>W ostatni weekend maja 27 uczestnik\u00f3w odpowiedzia\u0142o na zaproszenie na rekolekcje maryjne \u201ePi\u0119kno macierzy\u0144stwa\u201d, a jednocze\u015bnie \u015bwi\u0119towa\u0142y Dzie\u0144 Matki w liche\u0144skim sanktuarium. Natchnienie, by zorganizowa\u0107 wyjazd rekolekcyjny do Lichenia, pojawi\u0142o si\u0119 w 2000 r., a z tego natchnienia zrodzi\u0142a si\u0119 tradycja corocznego pielgrzymowania do Matki Bo\u017cej Liche\u0144skiej. Danuta Kowalczyk z Soko\u0142owa Podlaskiego nie pielgrzymuje sama, [&hellip;]<\/p>\n","protected":false},"author":6,"featured_media":53677,"comment_status":"closed","ping_status":"closed","sticky":false,"template":"","format":"standard","meta":{"footnotes":""},"categories":[1],"tags":[],"class_list":["post-53676","post","type-post","status-publish","format-standard","has-post-thumbnail","hentry","category-aktualnosci","wpbf-post"],"yoast_head":"<!-- This site is optimized with the Yoast SEO plugin v27.4 - https:\/\/yoast.com\/product\/yoast-seo-wordpress\/ -->\n<title>Rekolekcje maryjne \u201ePi\u0119kno Macierzy\u0144stwa\u201d - SANKTUARIUM W LICHENIU<\/title>\n<meta name=\"robots\" content=\"index, follow, max-snippet:-1, max-image-preview:large, max-video-preview:-1\" \/>\n<link rel=\"canonical\" href=\"https:\/\/www.lichen.pl\/es\/rekolekcje-maryjne-piekno-macierzynstwa\/\" \/>\n<meta property=\"og:locale\" content=\"es_ES\" \/>\n<meta property=\"og:type\" content=\"article\" \/>\n<meta property=\"og:title\" content=\"Rekolekcje maryjne \u201ePi\u0119kno Macierzy\u0144stwa\u201d - SANKTUARIUM W LICHENIU\" \/>\n<meta property=\"og:description\" content=\"W ostatni weekend maja 27 uczestnik\u00f3w odpowiedzia\u0142o na zaproszenie na rekolekcje maryjne \u201ePi\u0119kno macierzy\u0144stwa\u201d, a jednocze\u015bnie \u015bwi\u0119towa\u0142y Dzie\u0144 Matki w liche\u0144skim sanktuarium. Natchnienie, by zorganizowa\u0107 wyjazd rekolekcyjny do Lichenia, pojawi\u0142o si\u0119 w 2000 r., a z tego natchnienia zrodzi\u0142a si\u0119 tradycja corocznego pielgrzymowania do Matki Bo\u017cej Liche\u0144skiej. Danuta Kowalczyk z Soko\u0142owa Podlaskiego nie pielgrzymuje sama, [&hellip;]\" \/>\n<meta property=\"og:url\" content=\"https:\/\/www.lichen.pl\/es\/rekolekcje-maryjne-piekno-macierzynstwa\/\" \/>\n<meta property=\"og:site_name\" content=\"SANKTUARIUM W LICHENIU\" \/>\n<meta property=\"article:published_time\" content=\"2023-05-31T21:04:28+00:00\" \/>\n<meta property=\"article:modified_time\" content=\"2023-06-01T07:49:37+00:00\" \/>\n<meta property=\"og:image\" content=\"https:\/\/www.lichen.pl\/wp-content\/uploads\/2023\/05\/IMG_7754.jpg\" \/>\n\t<meta property=\"og:image:width\" content=\"1920\" \/>\n\t<meta property=\"og:image:height\" content=\"1280\" \/>\n\t<meta property=\"og:image:type\" content=\"image\/jpeg\" \/>\n<meta name=\"author\" content=\"AMELIA SIUDA-KOSZELA\" \/>\n<meta name=\"twitter:card\" content=\"summary_large_image\" \/>\n<meta name=\"twitter:label1\" content=\"Escrito por\" \/>\n\t<meta name=\"twitter:data1\" content=\"AMELIA SIUDA-KOSZELA\" \/>\n\t<meta name=\"twitter:label2\" content=\"Tiempo de lectura\" \/>\n\t<meta name=\"twitter:data2\" content=\"2 minutos\" \/>\n<script type=\"application\/ld+json\" class=\"yoast-schema-graph\">{\"@context\":\"https:\\\/\\\/schema.org\",\"@graph\":[{\"@type\":\"Article\",\"@id\":\"https:\\\/\\\/www.lichen.pl\\\/rekolekcje-maryjne-piekno-macierzynstwa\\\/#article\",\"isPartOf\":{\"@id\":\"https:\\\/\\\/www.lichen.pl\\\/rekolekcje-maryjne-piekno-macierzynstwa\\\/\"},\"author\":{\"name\":\"AMELIA SIUDA-KOSZELA\",\"@id\":\"https:\\\/\\\/www.lichen.pl\\\/fr\\\/#\\\/schema\\\/person\\\/70bf824c102f176cf976b0d90af0d62a\"},\"headline\":\"Rekolekcje maryjne \u201ePi\u0119kno Macierzy\u0144stwa\u201d\",\"datePublished\":\"2023-05-31T21:04:28+00:00\",\"dateModified\":\"2023-06-01T07:49:37+00:00\",\"mainEntityOfPage\":{\"@id\":\"https:\\\/\\\/www.lichen.pl\\\/rekolekcje-maryjne-piekno-macierzynstwa\\\/\"},\"wordCount\":298,\"image\":{\"@id\":\"https:\\\/\\\/www.lichen.pl\\\/rekolekcje-maryjne-piekno-macierzynstwa\\\/#primaryimage\"},\"thumbnailUrl\":\"https:\\\/\\\/www.lichen.pl\\\/wp-content\\\/uploads\\\/2023\\\/05\\\/IMG_7754.jpg\",\"articleSection\":[\"Aktualno\u015bci\"],\"inLanguage\":\"es\"},{\"@type\":\"WebPage\",\"@id\":\"https:\\\/\\\/www.lichen.pl\\\/rekolekcje-maryjne-piekno-macierzynstwa\\\/\",\"url\":\"https:\\\/\\\/www.lichen.pl\\\/rekolekcje-maryjne-piekno-macierzynstwa\\\/\",\"name\":\"Rekolekcje maryjne \u201ePi\u0119kno Macierzy\u0144stwa\u201d - SANKTUARIUM W LICHENIU\",\"isPartOf\":{\"@id\":\"https:\\\/\\\/www.lichen.pl\\\/fr\\\/#website\"},\"primaryImageOfPage\":{\"@id\":\"https:\\\/\\\/www.lichen.pl\\\/rekolekcje-maryjne-piekno-macierzynstwa\\\/#primaryimage\"},\"image\":{\"@id\":\"https:\\\/\\\/www.lichen.pl\\\/rekolekcje-maryjne-piekno-macierzynstwa\\\/#primaryimage\"},\"thumbnailUrl\":\"https:\\\/\\\/www.lichen.pl\\\/wp-content\\\/uploads\\\/2023\\\/05\\\/IMG_7754.jpg\",\"datePublished\":\"2023-05-31T21:04:28+00:00\",\"dateModified\":\"2023-06-01T07:49:37+00:00\",\"author\":{\"@id\":\"https:\\\/\\\/www.lichen.pl\\\/fr\\\/#\\\/schema\\\/person\\\/70bf824c102f176cf976b0d90af0d62a\"},\"breadcrumb\":{\"@id\":\"https:\\\/\\\/www.lichen.pl\\\/rekolekcje-maryjne-piekno-macierzynstwa\\\/#breadcrumb\"},\"inLanguage\":\"es\",\"potentialAction\":[{\"@type\":\"ReadAction\",\"target\":[\"https:\\\/\\\/www.lichen.pl\\\/rekolekcje-maryjne-piekno-macierzynstwa\\\/\"]}]},{\"@type\":\"ImageObject\",\"inLanguage\":\"es\",\"@id\":\"https:\\\/\\\/www.lichen.pl\\\/rekolekcje-maryjne-piekno-macierzynstwa\\\/#primaryimage\",\"url\":\"https:\\\/\\\/www.lichen.pl\\\/wp-content\\\/uploads\\\/2023\\\/05\\\/IMG_7754.jpg\",\"contentUrl\":\"https:\\\/\\\/www.lichen.pl\\\/wp-content\\\/uploads\\\/2023\\\/05\\\/IMG_7754.jpg\",\"width\":1920,\"height\":1280},{\"@type\":\"BreadcrumbList\",\"@id\":\"https:\\\/\\\/www.lichen.pl\\\/rekolekcje-maryjne-piekno-macierzynstwa\\\/#breadcrumb\",\"itemListElement\":[{\"@type\":\"ListItem\",\"position\":1,\"name\":\"Strona g\u0142\u00f3wna\",\"item\":\"https:\\\/\\\/www.lichen.pl\\\/\"},{\"@type\":\"ListItem\",\"position\":2,\"name\":\"Rekolekcje maryjne \u201ePi\u0119kno Macierzy\u0144stwa\u201d\"}]},{\"@type\":\"WebSite\",\"@id\":\"https:\\\/\\\/www.lichen.pl\\\/fr\\\/#website\",\"url\":\"https:\\\/\\\/www.lichen.pl\\\/fr\\\/\",\"name\":\"SANKTUARIUM W LICHENIU\",\"description\":\"MATKI BO\u017bEJ LICHE\u0143SKIEJ BOLESNEJ KR\u00d3LOWEJ POLSKI\",\"potentialAction\":[{\"@type\":\"SearchAction\",\"target\":{\"@type\":\"EntryPoint\",\"urlTemplate\":\"https:\\\/\\\/www.lichen.pl\\\/fr\\\/?s={search_term_string}\"},\"query-input\":{\"@type\":\"PropertyValueSpecification\",\"valueRequired\":true,\"valueName\":\"search_term_string\"}}],\"inLanguage\":\"es\"},{\"@type\":\"Person\",\"@id\":\"https:\\\/\\\/www.lichen.pl\\\/fr\\\/#\\\/schema\\\/person\\\/70bf824c102f176cf976b0d90af0d62a\",\"name\":\"AMELIA SIUDA-KOSZELA\",\"image\":{\"@type\":\"ImageObject\",\"inLanguage\":\"es\",\"@id\":\"https:\\\/\\\/secure.gravatar.com\\\/avatar\\\/a0f9a92186ab02fb8db116f5388e3bc7280dd7bd01565c5d6b7ceb07ff27d6d9?s=96&d=retro&r=g\",\"url\":\"https:\\\/\\\/secure.gravatar.com\\\/avatar\\\/a0f9a92186ab02fb8db116f5388e3bc7280dd7bd01565c5d6b7ceb07ff27d6d9?s=96&d=retro&r=g\",\"contentUrl\":\"https:\\\/\\\/secure.gravatar.com\\\/avatar\\\/a0f9a92186ab02fb8db116f5388e3bc7280dd7bd01565c5d6b7ceb07ff27d6d9?s=96&d=retro&r=g\",\"caption\":\"AMELIA SIUDA-KOSZELA\"},\"url\":\"https:\\\/\\\/www.lichen.pl\\\/es\\\/author\\\/amelia\\\/\"}]}<\/script>\n<!-- \/ Yoast SEO plugin. -->","yoast_head_json":{"title":"Rekolekcje maryjne \u201ePi\u0119kno Macierzy\u0144stwa\u201d - SANKTUARIUM W LICHENIU","robots":{"index":"index","follow":"follow","max-snippet":"max-snippet:-1","max-image-preview":"max-image-preview:large","max-video-preview":"max-video-preview:-1"},"canonical":"https:\/\/www.lichen.pl\/es\/rekolekcje-maryjne-piekno-macierzynstwa\/","og_locale":"es_ES","og_type":"article","og_title":"Rekolekcje maryjne \u201ePi\u0119kno Macierzy\u0144stwa\u201d - SANKTUARIUM W LICHENIU","og_description":"W ostatni weekend maja 27 uczestnik\u00f3w odpowiedzia\u0142o na zaproszenie na rekolekcje maryjne \u201ePi\u0119kno macierzy\u0144stwa\u201d, a jednocze\u015bnie \u015bwi\u0119towa\u0142y Dzie\u0144 Matki w liche\u0144skim sanktuarium. Natchnienie, by zorganizowa\u0107 wyjazd rekolekcyjny do Lichenia, pojawi\u0142o si\u0119 w 2000 r., a z tego natchnienia zrodzi\u0142a si\u0119 tradycja corocznego pielgrzymowania do Matki Bo\u017cej Liche\u0144skiej. Danuta Kowalczyk z Soko\u0142owa Podlaskiego nie pielgrzymuje sama, [&hellip;]","og_url":"https:\/\/www.lichen.pl\/es\/rekolekcje-maryjne-piekno-macierzynstwa\/","og_site_name":"SANKTUARIUM W LICHENIU","article_published_time":"2023-05-31T21:04:28+00:00","article_modified_time":"2023-06-01T07:49:37+00:00","og_image":[{"width":1920,"height":1280,"url":"https:\/\/www.lichen.pl\/wp-content\/uploads\/2023\/05\/IMG_7754.jpg","type":"image\/jpeg"}],"author":"AMELIA SIUDA-KOSZELA","twitter_card":"summary_large_image","twitter_misc":{"Escrito por":"AMELIA SIUDA-KOSZELA","Tiempo de lectura":"2 minutos"},"schema":{"@context":"https:\/\/schema.org","@graph":[{"@type":"Article","@id":"https:\/\/www.lichen.pl\/rekolekcje-maryjne-piekno-macierzynstwa\/#article","isPartOf":{"@id":"https:\/\/www.lichen.pl\/rekolekcje-maryjne-piekno-macierzynstwa\/"},"author":{"name":"AMELIA SIUDA-KOSZELA","@id":"https:\/\/www.lichen.pl\/fr\/#\/schema\/person\/70bf824c102f176cf976b0d90af0d62a"},"headline":"Rekolekcje maryjne \u201ePi\u0119kno Macierzy\u0144stwa\u201d","datePublished":"2023-05-31T21:04:28+00:00","dateModified":"2023-06-01T07:49:37+00:00","mainEntityOfPage":{"@id":"https:\/\/www.lichen.pl\/rekolekcje-maryjne-piekno-macierzynstwa\/"},"wordCount":298,"image":{"@id":"https:\/\/www.lichen.pl\/rekolekcje-maryjne-piekno-macierzynstwa\/#primaryimage"},"thumbnailUrl":"https:\/\/www.lichen.pl\/wp-content\/uploads\/2023\/05\/IMG_7754.jpg","articleSection":["Aktualno\u015bci"],"inLanguage":"es"},{"@type":"WebPage","@id":"https:\/\/www.lichen.pl\/rekolekcje-maryjne-piekno-macierzynstwa\/","url":"https:\/\/www.lichen.pl\/rekolekcje-maryjne-piekno-macierzynstwa\/","name":"Rekolekcje maryjne \u201ePi\u0119kno Macierzy\u0144stwa\u201d - SANKTUARIUM W LICHENIU","isPartOf":{"@id":"https:\/\/www.lichen.pl\/fr\/#website"},"primaryImageOfPage":{"@id":"https:\/\/www.lichen.pl\/rekolekcje-maryjne-piekno-macierzynstwa\/#primaryimage"},"image":{"@id":"https:\/\/www.lichen.pl\/rekolekcje-maryjne-piekno-macierzynstwa\/#primaryimage"},"thumbnailUrl":"https:\/\/www.lichen.pl\/wp-content\/uploads\/2023\/05\/IMG_7754.jpg","datePublished":"2023-05-31T21:04:28+00:00","dateModified":"2023-06-01T07:49:37+00:00","author":{"@id":"https:\/\/www.lichen.pl\/fr\/#\/schema\/person\/70bf824c102f176cf976b0d90af0d62a"},"breadcrumb":{"@id":"https:\/\/www.lichen.pl\/rekolekcje-maryjne-piekno-macierzynstwa\/#breadcrumb"},"inLanguage":"es","potentialAction":[{"@type":"ReadAction","target":["https:\/\/www.lichen.pl\/rekolekcje-maryjne-piekno-macierzynstwa\/"]}]},{"@type":"ImageObject","inLanguage":"es","@id":"https:\/\/www.lichen.pl\/rekolekcje-maryjne-piekno-macierzynstwa\/#primaryimage","url":"https:\/\/www.lichen.pl\/wp-content\/uploads\/2023\/05\/IMG_7754.jpg","contentUrl":"https:\/\/www.lichen.pl\/wp-content\/uploads\/2023\/05\/IMG_7754.jpg","width":1920,"height":1280},{"@type":"BreadcrumbList","@id":"https:\/\/www.lichen.pl\/rekolekcje-maryjne-piekno-macierzynstwa\/#breadcrumb","itemListElement":[{"@type":"ListItem","position":1,"name":"Strona g\u0142\u00f3wna","item":"https:\/\/www.lichen.pl\/"},{"@type":"ListItem","position":2,"name":"Rekolekcje maryjne \u201ePi\u0119kno Macierzy\u0144stwa\u201d"}]},{"@type":"WebSite","@id":"https:\/\/www.lichen.pl\/fr\/#website","url":"https:\/\/www.lichen.pl\/fr\/","name":"SANTUARIO EN LICHENIA","description":"LA DOLOROSA REINA DE POLONIA DE NUESTRO LICHEN","potentialAction":[{"@type":"SearchAction","target":{"@type":"EntryPoint","urlTemplate":"https:\/\/www.lichen.pl\/fr\/?s={search_term_string}"},"query-input":{"@type":"PropertyValueSpecification","valueRequired":true,"valueName":"search_term_string"}}],"inLanguage":"es"},{"@type":"Person","@id":"https:\/\/www.lichen.pl\/fr\/#\/schema\/person\/70bf824c102f176cf976b0d90af0d62a","name":"AMELIA SIUDA-KOSZELA","image":{"@type":"ImageObject","inLanguage":"es","@id":"https:\/\/secure.gravatar.com\/avatar\/a0f9a92186ab02fb8db116f5388e3bc7280dd7bd01565c5d6b7ceb07ff27d6d9?s=96&d=retro&r=g","url":"https:\/\/secure.gravatar.com\/avatar\/a0f9a92186ab02fb8db116f5388e3bc7280dd7bd01565c5d6b7ceb07ff27d6d9?s=96&d=retro&r=g","contentUrl":"https:\/\/secure.gravatar.com\/avatar\/a0f9a92186ab02fb8db116f5388e3bc7280dd7bd01565c5d6b7ceb07ff27d6d9?s=96&d=retro&r=g","caption":"AMELIA SIUDA-KOSZELA"},"url":"https:\/\/www.lichen.pl\/es\/author\/amelia\/"}]}},"_links":{"self":[{"href":"https:\/\/www.lichen.pl\/es\/wp-json\/wp\/v2\/posts\/53676","targetHints":{"allow":["GET"]}}],"collection":[{"href":"https:\/\/www.lichen.pl\/es\/wp-json\/wp\/v2\/posts"}],"about":[{"href":"https:\/\/www.lichen.pl\/es\/wp-json\/wp\/v2\/types\/post"}],"author":[{"embeddable":true,"href":"https:\/\/www.lichen.pl\/es\/wp-json\/wp\/v2\/users\/6"}],"replies":[{"embeddable":true,"href":"https:\/\/www.lichen.pl\/es\/wp-json\/wp\/v2\/comments?post=53676"}],"version-history":[{"count":7,"href":"https:\/\/www.lichen.pl\/es\/wp-json\/wp\/v2\/posts\/53676\/revisions"}],"predecessor-version":[{"id":53685,"href":"https:\/\/www.lichen.pl\/es\/wp-json\/wp\/v2\/posts\/53676\/revisions\/53685"}],"wp:featuredmedia":[{"embeddable":true,"href":"https:\/\/www.lichen.pl\/es\/wp-json\/wp\/v2\/media\/53677"}],"wp:attachment":[{"href":"https:\/\/www.lichen.pl\/es\/wp-json\/wp\/v2\/media?parent=53676"}],"wp:term":[{"taxonomy":"category","embeddable":true,"href":"https:\/\/www.lichen.pl\/es\/wp-json\/wp\/v2\/categories?post=53676"},{"taxonomy":"post_tag","embeddable":true,"href":"https:\/\/www.lichen.pl\/es\/wp-json\/wp\/v2\/tags?post=53676"}],"curies":[{"name":"wp","href":"https:\/\/api.w.org\/{rel}","templated":true}]}}