{"id":54607,"date":"2023-06-28T07:51:03","date_gmt":"2023-06-28T05:51:03","guid":{"rendered":"https:\/\/www.lichen.pl\/?p=54607"},"modified":"2023-07-02T07:58:40","modified_gmt":"2023-07-02T05:58:40","slug":"byc-dla-innych-jak-maryja-rekolekcje-maryjne","status":"publish","type":"post","link":"https:\/\/www.lichen.pl\/es\/byc-dla-innych-jak-maryja-rekolekcje-maryjne\/","title":{"rendered":"By\u0107 dla innych jak Maryja  &#8211; rekolekcje maryjne"},"content":{"rendered":"<div data-elementor-type=\"wp-post\" data-elementor-id=\"54607\" class=\"elementor elementor-54607\" data-elementor-post-type=\"post\">\n\t\t\t\t\t\t<section class=\"elementor-section elementor-top-section elementor-element elementor-element-a47b334 elementor-section-boxed elementor-section-height-default elementor-section-height-default\" data-id=\"a47b334\" data-element_type=\"section\" data-e-type=\"section\">\n\t\t\t\t\t\t<div class=\"elementor-container elementor-column-gap-default\">\n\t\t\t\t\t<div class=\"elementor-column elementor-col-100 elementor-top-column elementor-element elementor-element-187e36d\" data-id=\"187e36d\" data-element_type=\"column\" data-e-type=\"column\">\n\t\t\t<div class=\"elementor-widget-wrap elementor-element-populated\">\n\t\t\t\t\t\t<div class=\"elementor-element elementor-element-afd281c elementor-widget elementor-widget-heading\" data-id=\"afd281c\" data-element_type=\"widget\" data-e-type=\"widget\" data-widget_type=\"heading.default\">\n\t\t\t\t<div class=\"elementor-widget-container\">\n\t\t\t\t\t<h2 class=\"elementor-heading-title elementor-size-default\">Jedn\u0105 z najtrudniejszych rzeczy w \u017cyciu jest umiej\u0119tno\u015b\u0107 tworzenia dobrych, przyjaznych relacji z lud\u017ami. Tej w\u0142a\u015bnie problematyki dotykaj\u0105 rekolekcje odbywaj\u0105ce si\u0119 w liche\u0144skim sanktuiarium. \"By\u0107 dla innych jak Maryja\" to temat rekolekcji o budowaniu relacji z lud\u017ami, na kt\u00f3re mia\u0142y miejsce w dniach 23-25 czerwca. Rekolekcje poprowadzi\u0142 ks. Janusz Kumala MIC, kustosz sanktuarium.<\/h2>\t\t\t\t<\/div>\n\t\t\t\t<\/div>\n\t\t\t\t<section class=\"elementor-section elementor-inner-section elementor-element elementor-element-39ff424 elementor-section-boxed elementor-section-height-default elementor-section-height-default\" data-id=\"39ff424\" data-element_type=\"section\" data-e-type=\"section\">\n\t\t\t\t\t\t<div class=\"elementor-container elementor-column-gap-default\">\n\t\t\t\t\t<div class=\"elementor-column elementor-col-50 elementor-inner-column elementor-element elementor-element-b743556\" data-id=\"b743556\" data-element_type=\"column\" data-e-type=\"column\">\n\t\t\t<div class=\"elementor-widget-wrap elementor-element-populated\">\n\t\t\t\t\t\t<div class=\"elementor-element elementor-element-6d40e84 elementor-widget elementor-widget-image\" data-id=\"6d40e84\" data-element_type=\"widget\" data-e-type=\"widget\" data-widget_type=\"image.default\">\n\t\t\t\t<div class=\"elementor-widget-container\">\n\t\t\t\t\t\t\t\t\t\t\t\t\t\t\t<img fetchpriority=\"high\" decoding=\"async\" width=\"1024\" height=\"683\" src=\"https:\/\/www.lichen.pl\/wp-content\/uploads\/2023\/07\/IMG_9512-1024x683.jpg\" class=\"attachment-large size-large wp-image-54608\" alt=\"\" srcset=\"https:\/\/www.lichen.pl\/wp-content\/uploads\/2023\/07\/IMG_9512-1024x683.jpg 1024w, https:\/\/www.lichen.pl\/wp-content\/uploads\/2023\/07\/IMG_9512-800x533.jpg 800w, https:\/\/www.lichen.pl\/wp-content\/uploads\/2023\/07\/IMG_9512-300x200.jpg 300w, https:\/\/www.lichen.pl\/wp-content\/uploads\/2023\/07\/IMG_9512-768x512.jpg 768w, https:\/\/www.lichen.pl\/wp-content\/uploads\/2023\/07\/IMG_9512-1536x1024.jpg 1536w, https:\/\/www.lichen.pl\/wp-content\/uploads\/2023\/07\/IMG_9512-2048x1365.jpg 2048w, https:\/\/www.lichen.pl\/wp-content\/uploads\/2023\/07\/IMG_9512-18x12.jpg 18w, https:\/\/www.lichen.pl\/wp-content\/uploads\/2023\/07\/IMG_9512.jpg 1920w\" sizes=\"(max-width: 1024px) 100vw, 1024px\" \/>\t\t\t\t\t\t\t\t\t\t\t\t\t\t\t<\/div>\n\t\t\t\t<\/div>\n\t\t\t\t<div class=\"elementor-element elementor-element-e1645f6 elementor-widget elementor-widget-image\" data-id=\"e1645f6\" data-element_type=\"widget\" data-e-type=\"widget\" data-widget_type=\"image.default\">\n\t\t\t\t<div class=\"elementor-widget-container\">\n\t\t\t\t\t\t\t\t\t\t\t\t\t\t\t<img decoding=\"async\" width=\"1024\" height=\"683\" src=\"https:\/\/www.lichen.pl\/wp-content\/uploads\/2023\/07\/IMG_9516-1024x683.jpg\" class=\"attachment-large size-large wp-image-54610\" alt=\"\" srcset=\"https:\/\/www.lichen.pl\/wp-content\/uploads\/2023\/07\/IMG_9516-1024x683.jpg 1024w, https:\/\/www.lichen.pl\/wp-content\/uploads\/2023\/07\/IMG_9516-800x533.jpg 800w, https:\/\/www.lichen.pl\/wp-content\/uploads\/2023\/07\/IMG_9516-300x200.jpg 300w, https:\/\/www.lichen.pl\/wp-content\/uploads\/2023\/07\/IMG_9516-768x512.jpg 768w, https:\/\/www.lichen.pl\/wp-content\/uploads\/2023\/07\/IMG_9516-1536x1024.jpg 1536w, https:\/\/www.lichen.pl\/wp-content\/uploads\/2023\/07\/IMG_9516-2048x1365.jpg 2048w, https:\/\/www.lichen.pl\/wp-content\/uploads\/2023\/07\/IMG_9516-18x12.jpg 18w, https:\/\/www.lichen.pl\/wp-content\/uploads\/2023\/07\/IMG_9516.jpg 1920w\" sizes=\"(max-width: 1024px) 100vw, 1024px\" \/>\t\t\t\t\t\t\t\t\t\t\t\t\t\t\t<\/div>\n\t\t\t\t<\/div>\n\t\t\t\t\t<\/div>\n\t\t<\/div>\n\t\t\t\t<div class=\"elementor-column elementor-col-50 elementor-inner-column elementor-element elementor-element-cb8bfe1\" data-id=\"cb8bfe1\" data-element_type=\"column\" data-e-type=\"column\">\n\t\t\t<div class=\"elementor-widget-wrap elementor-element-populated\">\n\t\t\t\t\t\t<div class=\"elementor-element elementor-element-8c3b50d elementor-widget elementor-widget-text-editor\" data-id=\"8c3b50d\" data-element_type=\"widget\" data-e-type=\"widget\" data-widget_type=\"text-editor.default\">\n\t\t\t\t<div class=\"elementor-widget-container\">\n\t\t\t\t\t\t\t\t\t<div class=\"x11i5rnm xat24cr x1mh8g0r x1vvkbs xtlvy1s x126k92a\"><div dir=\"auto\">Podczas spotkania uczestnicy mogli uczy\u0107 si\u0119 od Maryi Jej sposobu odniesienia do ludzi, zaczerpn\u0105\u0107 z Jej \u0142agodno\u015bci, wyrozumia\u0142o\u015bci i roztropno\u015bci w patrzeniu na ka\u017cdego cz\u0142owieka. Matka Bo\u017ca pokazuje nam, \u017ce najbardziej wtedy kochamy innych i cieszymy si\u0119 dobrymi wzajemnymi relacjami, gdy prowadzimy ich do Jezusa \u2013 \u017ar\u00f3d\u0142a wszelkiego dobra.<\/div><\/div><div class=\"x11i5rnm xat24cr x1mh8g0r x1vvkbs xtlvy1s x126k92a\"><div dir=\"auto\">Uczestniczki Anna i Aleksandra przyjecha\u0142y na rekolekcje do liche\u0144skiego sanktuarium po raz drugi. \u2013 Bardzo chcia\u0142y\u015bmy odwiedzi\u0107 to miejsce, bo liche\u0144skie sanktuarium jest miejscem niezwyk\u0142ym, z cudownym wizerunkiem Matki Bo\u017cej. Warto zobaczy\u0107 te\u017c pami\u0105tki patriotyczne w Licheniu, niespotykane w innych miejscach. Pi\u0119knie podkre\u015blona jest tu historia Polski \u2013 zaznaczaj\u0105 uczestniczki.<\/div><\/div><div dir=\"auto\"><div class=\"x11i5rnm xat24cr x1mh8g0r x1vvkbs xtlvy1s x126k92a\"><div dir=\"auto\">Wa\u017cny by\u0142 dla nich temat rekolekcji relacje z lud\u017ami, kt\u00f3re na co dzie\u0144 mog\u0105 stanowi\u0107 wyzwanie. \u2013 Pojawiaj\u0105 si\u0119 r\u00f3\u017cne problemy \u2013 z samym sob\u0105, rodzin\u0105, w pracy. Uwa\u017cam, \u017ce wiedza mo\u017ce pom\u00f3c u\u0142atwia\u0107 \u017cycie, a czasem wystarczy nawet jedno zdanie, \u017ceby by\u0142o l\u017cej. Ksi\u0105dz Kumala, kustosz sanktuarium, \u015bwietnie przekazuje tre\u015bci podczas konferencji. Przede wszystkim nale\u017cy rozwija\u0107 si\u0119 te\u017c duchowo. Jestem katoliczk\u0105, dlatego wiem, \u017ce musz\u0119 dba\u0107 o dusz\u0119 i o przysz\u0142e \u017cycie w wieczno\u015bci. Jestem zachwycona, na pewno nie raz jeszcze przyjad\u0119 do liche\u0144skiego sanktuarium \u2013 m\u00f3wi Anna. \u2013 Najwa\u017cniejsze jest pojednanie z lud\u017ami. Warto wybacza\u0107 \u2013 dodaje Aleksandra.<\/div><\/div><div class=\"x11i5rnm xat24cr x1mh8g0r x1vvkbs xtlvy1s x126k92a\"><div dir=\"auto\">Najbli\u017csze rekolekcje organizowane przez Centrum Formacji Maryjnej b\u0119d\u0105 dotyczy\u0142y samotno\u015bci \u2013 \u201eSamotno\u015b\u0107 \u2013 powo\u0142aniem do mi\u0142o\u015bci\u201d, kt\u00f3re odb\u0119d\u0105 si\u0119 w dniach 7-9 lipca oraz rozpoznawania woli Bo\u017cej i podejmowania decyzji \u201eJak\u017ce si\u0119 to stanie? (\u0141k 1,34)\u201d organizowane w dniach 21-23 lipca. Zapraszamy.<\/div><\/div><\/div>\t\t\t\t\t\t\t\t<\/div>\n\t\t\t\t<\/div>\n\t\t\t\t\t<\/div>\n\t\t<\/div>\n\t\t\t\t\t<\/div>\n\t\t<\/section>\n\t\t\t\t\t<\/div>\n\t\t<\/div>\n\t\t\t\t\t<\/div>\n\t\t<\/section>\n\t\t\t\t<\/div>","protected":false},"excerpt":{"rendered":"<p>Jedn\u0105 z najtrudniejszych rzeczy w \u017cyciu jest umiej\u0119tno\u015b\u0107 tworzenia dobrych, przyjaznych relacji z lud\u017ami. Tej w\u0142a\u015bnie problematyki dotykaj\u0105 rekolekcje odbywaj\u0105ce si\u0119 w liche\u0144skim sanktuiarium. &#8220;By\u0107 dla innych jak Maryja&#8221; to temat rekolekcji o budowaniu relacji z lud\u017ami, na kt\u00f3re mia\u0142y miejsce w dniach 23-25 czerwca. Rekolekcje poprowadzi\u0142 ks. Janusz Kumala MIC, kustosz sanktuarium. Podczas spotkania [&hellip;]<\/p>\n","protected":false},"author":5,"featured_media":54608,"comment_status":"closed","ping_status":"closed","sticky":false,"template":"","format":"standard","meta":{"footnotes":""},"categories":[1],"tags":[],"class_list":["post-54607","post","type-post","status-publish","format-standard","has-post-thumbnail","hentry","category-aktualnosci","wpbf-post"],"yoast_head":"<!-- This site is optimized with the Yoast SEO plugin v27.4 - https:\/\/yoast.com\/product\/yoast-seo-wordpress\/ -->\n<title>By\u0107 dla innych jak Maryja - rekolekcje maryjne - SANKTUARIUM W LICHENIU<\/title>\n<meta name=\"robots\" content=\"index, follow, max-snippet:-1, max-image-preview:large, max-video-preview:-1\" \/>\n<link rel=\"canonical\" href=\"https:\/\/www.lichen.pl\/es\/byc-dla-innych-jak-maryja-rekolekcje-maryjne\/\" \/>\n<meta property=\"og:locale\" content=\"es_ES\" \/>\n<meta property=\"og:type\" content=\"article\" \/>\n<meta property=\"og:title\" content=\"By\u0107 dla innych jak Maryja - rekolekcje maryjne - SANKTUARIUM W LICHENIU\" \/>\n<meta property=\"og:description\" content=\"Jedn\u0105 z najtrudniejszych rzeczy w \u017cyciu jest umiej\u0119tno\u015b\u0107 tworzenia dobrych, przyjaznych relacji z lud\u017ami. Tej w\u0142a\u015bnie problematyki dotykaj\u0105 rekolekcje odbywaj\u0105ce si\u0119 w liche\u0144skim sanktuiarium. &#8220;By\u0107 dla innych jak Maryja&#8221; to temat rekolekcji o budowaniu relacji z lud\u017ami, na kt\u00f3re mia\u0142y miejsce w dniach 23-25 czerwca. Rekolekcje poprowadzi\u0142 ks. Janusz Kumala MIC, kustosz sanktuarium. Podczas spotkania [&hellip;]\" \/>\n<meta property=\"og:url\" content=\"https:\/\/www.lichen.pl\/es\/byc-dla-innych-jak-maryja-rekolekcje-maryjne\/\" \/>\n<meta property=\"og:site_name\" content=\"SANKTUARIUM W LICHENIU\" \/>\n<meta property=\"article:published_time\" content=\"2023-06-28T05:51:03+00:00\" \/>\n<meta property=\"article:modified_time\" content=\"2023-07-02T05:58:40+00:00\" \/>\n<meta property=\"og:image\" content=\"https:\/\/www.lichen.pl\/wp-content\/uploads\/2023\/07\/IMG_9512-1024x683.jpg\" \/>\n\t<meta property=\"og:image:width\" content=\"1024\" \/>\n\t<meta property=\"og:image:height\" content=\"683\" \/>\n\t<meta property=\"og:image:type\" content=\"image\/jpeg\" \/>\n<meta name=\"author\" content=\"Justyna Zacharek\" \/>\n<meta name=\"twitter:card\" content=\"summary_large_image\" \/>\n<meta name=\"twitter:label1\" content=\"Escrito por\" \/>\n\t<meta name=\"twitter:data1\" content=\"Justyna Zacharek\" \/>\n\t<meta name=\"twitter:label2\" content=\"Tiempo de lectura\" \/>\n\t<meta name=\"twitter:data2\" content=\"3 minutos\" \/>\n<script type=\"application\/ld+json\" class=\"yoast-schema-graph\">{\"@context\":\"https:\\\/\\\/schema.org\",\"@graph\":[{\"@type\":\"Article\",\"@id\":\"https:\\\/\\\/www.lichen.pl\\\/byc-dla-innych-jak-maryja-rekolekcje-maryjne\\\/#article\",\"isPartOf\":{\"@id\":\"https:\\\/\\\/www.lichen.pl\\\/byc-dla-innych-jak-maryja-rekolekcje-maryjne\\\/\"},\"author\":{\"name\":\"Justyna Zacharek\",\"@id\":\"https:\\\/\\\/www.lichen.pl\\\/fr\\\/#\\\/schema\\\/person\\\/9f57a1408d363022abd305da0323b703\"},\"headline\":\"By\u0107 dla innych jak Maryja &#8211; rekolekcje maryjne\",\"datePublished\":\"2023-06-28T05:51:03+00:00\",\"dateModified\":\"2023-07-02T05:58:40+00:00\",\"mainEntityOfPage\":{\"@id\":\"https:\\\/\\\/www.lichen.pl\\\/byc-dla-innych-jak-maryja-rekolekcje-maryjne\\\/\"},\"wordCount\":349,\"image\":{\"@id\":\"https:\\\/\\\/www.lichen.pl\\\/byc-dla-innych-jak-maryja-rekolekcje-maryjne\\\/#primaryimage\"},\"thumbnailUrl\":\"https:\\\/\\\/www.lichen.pl\\\/wp-content\\\/uploads\\\/2023\\\/07\\\/IMG_9512.jpg\",\"articleSection\":[\"Aktualno\u015bci\"],\"inLanguage\":\"es\"},{\"@type\":\"WebPage\",\"@id\":\"https:\\\/\\\/www.lichen.pl\\\/byc-dla-innych-jak-maryja-rekolekcje-maryjne\\\/\",\"url\":\"https:\\\/\\\/www.lichen.pl\\\/byc-dla-innych-jak-maryja-rekolekcje-maryjne\\\/\",\"name\":\"By\u0107 dla innych jak Maryja - rekolekcje maryjne - SANKTUARIUM W LICHENIU\",\"isPartOf\":{\"@id\":\"https:\\\/\\\/www.lichen.pl\\\/fr\\\/#website\"},\"primaryImageOfPage\":{\"@id\":\"https:\\\/\\\/www.lichen.pl\\\/byc-dla-innych-jak-maryja-rekolekcje-maryjne\\\/#primaryimage\"},\"image\":{\"@id\":\"https:\\\/\\\/www.lichen.pl\\\/byc-dla-innych-jak-maryja-rekolekcje-maryjne\\\/#primaryimage\"},\"thumbnailUrl\":\"https:\\\/\\\/www.lichen.pl\\\/wp-content\\\/uploads\\\/2023\\\/07\\\/IMG_9512.jpg\",\"datePublished\":\"2023-06-28T05:51:03+00:00\",\"dateModified\":\"2023-07-02T05:58:40+00:00\",\"author\":{\"@id\":\"https:\\\/\\\/www.lichen.pl\\\/fr\\\/#\\\/schema\\\/person\\\/9f57a1408d363022abd305da0323b703\"},\"breadcrumb\":{\"@id\":\"https:\\\/\\\/www.lichen.pl\\\/byc-dla-innych-jak-maryja-rekolekcje-maryjne\\\/#breadcrumb\"},\"inLanguage\":\"es\",\"potentialAction\":[{\"@type\":\"ReadAction\",\"target\":[\"https:\\\/\\\/www.lichen.pl\\\/byc-dla-innych-jak-maryja-rekolekcje-maryjne\\\/\"]}]},{\"@type\":\"ImageObject\",\"inLanguage\":\"es\",\"@id\":\"https:\\\/\\\/www.lichen.pl\\\/byc-dla-innych-jak-maryja-rekolekcje-maryjne\\\/#primaryimage\",\"url\":\"https:\\\/\\\/www.lichen.pl\\\/wp-content\\\/uploads\\\/2023\\\/07\\\/IMG_9512.jpg\",\"contentUrl\":\"https:\\\/\\\/www.lichen.pl\\\/wp-content\\\/uploads\\\/2023\\\/07\\\/IMG_9512.jpg\",\"width\":1920,\"height\":1280},{\"@type\":\"BreadcrumbList\",\"@id\":\"https:\\\/\\\/www.lichen.pl\\\/byc-dla-innych-jak-maryja-rekolekcje-maryjne\\\/#breadcrumb\",\"itemListElement\":[{\"@type\":\"ListItem\",\"position\":1,\"name\":\"Strona g\u0142\u00f3wna\",\"item\":\"https:\\\/\\\/www.lichen.pl\\\/\"},{\"@type\":\"ListItem\",\"position\":2,\"name\":\"By\u0107 dla innych jak Maryja &#8211; rekolekcje maryjne\"}]},{\"@type\":\"WebSite\",\"@id\":\"https:\\\/\\\/www.lichen.pl\\\/fr\\\/#website\",\"url\":\"https:\\\/\\\/www.lichen.pl\\\/fr\\\/\",\"name\":\"SANKTUARIUM W LICHENIU\",\"description\":\"MATKI BO\u017bEJ LICHE\u0143SKIEJ BOLESNEJ KR\u00d3LOWEJ POLSKI\",\"potentialAction\":[{\"@type\":\"SearchAction\",\"target\":{\"@type\":\"EntryPoint\",\"urlTemplate\":\"https:\\\/\\\/www.lichen.pl\\\/fr\\\/?s={search_term_string}\"},\"query-input\":{\"@type\":\"PropertyValueSpecification\",\"valueRequired\":true,\"valueName\":\"search_term_string\"}}],\"inLanguage\":\"es\"},{\"@type\":\"Person\",\"@id\":\"https:\\\/\\\/www.lichen.pl\\\/fr\\\/#\\\/schema\\\/person\\\/9f57a1408d363022abd305da0323b703\",\"name\":\"Justyna Zacharek\",\"image\":{\"@type\":\"ImageObject\",\"inLanguage\":\"es\",\"@id\":\"https:\\\/\\\/secure.gravatar.com\\\/avatar\\\/7be193626a4fb4d6a7d53a7686c3bbf938efff653c427e0182457b838e9d2c3b?s=96&d=retro&r=g\",\"url\":\"https:\\\/\\\/secure.gravatar.com\\\/avatar\\\/7be193626a4fb4d6a7d53a7686c3bbf938efff653c427e0182457b838e9d2c3b?s=96&d=retro&r=g\",\"contentUrl\":\"https:\\\/\\\/secure.gravatar.com\\\/avatar\\\/7be193626a4fb4d6a7d53a7686c3bbf938efff653c427e0182457b838e9d2c3b?s=96&d=retro&r=g\",\"caption\":\"Justyna Zacharek\"},\"url\":\"https:\\\/\\\/www.lichen.pl\\\/es\\\/author\\\/justyna\\\/\"}]}<\/script>\n<!-- \/ Yoast SEO plugin. -->","yoast_head_json":{"title":"By\u0107 dla innych jak Maryja - rekolekcje maryjne - SANKTUARIUM W LICHENIU","robots":{"index":"index","follow":"follow","max-snippet":"max-snippet:-1","max-image-preview":"max-image-preview:large","max-video-preview":"max-video-preview:-1"},"canonical":"https:\/\/www.lichen.pl\/es\/byc-dla-innych-jak-maryja-rekolekcje-maryjne\/","og_locale":"es_ES","og_type":"article","og_title":"By\u0107 dla innych jak Maryja - rekolekcje maryjne - SANKTUARIUM W LICHENIU","og_description":"Jedn\u0105 z najtrudniejszych rzeczy w \u017cyciu jest umiej\u0119tno\u015b\u0107 tworzenia dobrych, przyjaznych relacji z lud\u017ami. Tej w\u0142a\u015bnie problematyki dotykaj\u0105 rekolekcje odbywaj\u0105ce si\u0119 w liche\u0144skim sanktuiarium. &#8220;By\u0107 dla innych jak Maryja&#8221; to temat rekolekcji o budowaniu relacji z lud\u017ami, na kt\u00f3re mia\u0142y miejsce w dniach 23-25 czerwca. Rekolekcje poprowadzi\u0142 ks. Janusz Kumala MIC, kustosz sanktuarium. Podczas spotkania [&hellip;]","og_url":"https:\/\/www.lichen.pl\/es\/byc-dla-innych-jak-maryja-rekolekcje-maryjne\/","og_site_name":"SANKTUARIUM W LICHENIU","article_published_time":"2023-06-28T05:51:03+00:00","article_modified_time":"2023-07-02T05:58:40+00:00","og_image":[{"width":1024,"height":683,"url":"https:\/\/www.lichen.pl\/wp-content\/uploads\/2023\/07\/IMG_9512-1024x683.jpg","type":"image\/jpeg"}],"author":"Justyna Zacharek","twitter_card":"summary_large_image","twitter_misc":{"Escrito por":"Justyna Zacharek","Tiempo de lectura":"3 minutos"},"schema":{"@context":"https:\/\/schema.org","@graph":[{"@type":"Article","@id":"https:\/\/www.lichen.pl\/byc-dla-innych-jak-maryja-rekolekcje-maryjne\/#article","isPartOf":{"@id":"https:\/\/www.lichen.pl\/byc-dla-innych-jak-maryja-rekolekcje-maryjne\/"},"author":{"name":"Justyna Zacharek","@id":"https:\/\/www.lichen.pl\/fr\/#\/schema\/person\/9f57a1408d363022abd305da0323b703"},"headline":"By\u0107 dla innych jak Maryja &#8211; rekolekcje maryjne","datePublished":"2023-06-28T05:51:03+00:00","dateModified":"2023-07-02T05:58:40+00:00","mainEntityOfPage":{"@id":"https:\/\/www.lichen.pl\/byc-dla-innych-jak-maryja-rekolekcje-maryjne\/"},"wordCount":349,"image":{"@id":"https:\/\/www.lichen.pl\/byc-dla-innych-jak-maryja-rekolekcje-maryjne\/#primaryimage"},"thumbnailUrl":"https:\/\/www.lichen.pl\/wp-content\/uploads\/2023\/07\/IMG_9512.jpg","articleSection":["Aktualno\u015bci"],"inLanguage":"es"},{"@type":"WebPage","@id":"https:\/\/www.lichen.pl\/byc-dla-innych-jak-maryja-rekolekcje-maryjne\/","url":"https:\/\/www.lichen.pl\/byc-dla-innych-jak-maryja-rekolekcje-maryjne\/","name":"By\u0107 dla innych jak Maryja - rekolekcje maryjne - SANKTUARIUM W LICHENIU","isPartOf":{"@id":"https:\/\/www.lichen.pl\/fr\/#website"},"primaryImageOfPage":{"@id":"https:\/\/www.lichen.pl\/byc-dla-innych-jak-maryja-rekolekcje-maryjne\/#primaryimage"},"image":{"@id":"https:\/\/www.lichen.pl\/byc-dla-innych-jak-maryja-rekolekcje-maryjne\/#primaryimage"},"thumbnailUrl":"https:\/\/www.lichen.pl\/wp-content\/uploads\/2023\/07\/IMG_9512.jpg","datePublished":"2023-06-28T05:51:03+00:00","dateModified":"2023-07-02T05:58:40+00:00","author":{"@id":"https:\/\/www.lichen.pl\/fr\/#\/schema\/person\/9f57a1408d363022abd305da0323b703"},"breadcrumb":{"@id":"https:\/\/www.lichen.pl\/byc-dla-innych-jak-maryja-rekolekcje-maryjne\/#breadcrumb"},"inLanguage":"es","potentialAction":[{"@type":"ReadAction","target":["https:\/\/www.lichen.pl\/byc-dla-innych-jak-maryja-rekolekcje-maryjne\/"]}]},{"@type":"ImageObject","inLanguage":"es","@id":"https:\/\/www.lichen.pl\/byc-dla-innych-jak-maryja-rekolekcje-maryjne\/#primaryimage","url":"https:\/\/www.lichen.pl\/wp-content\/uploads\/2023\/07\/IMG_9512.jpg","contentUrl":"https:\/\/www.lichen.pl\/wp-content\/uploads\/2023\/07\/IMG_9512.jpg","width":1920,"height":1280},{"@type":"BreadcrumbList","@id":"https:\/\/www.lichen.pl\/byc-dla-innych-jak-maryja-rekolekcje-maryjne\/#breadcrumb","itemListElement":[{"@type":"ListItem","position":1,"name":"Strona g\u0142\u00f3wna","item":"https:\/\/www.lichen.pl\/"},{"@type":"ListItem","position":2,"name":"By\u0107 dla innych jak Maryja &#8211; rekolekcje maryjne"}]},{"@type":"WebSite","@id":"https:\/\/www.lichen.pl\/fr\/#website","url":"https:\/\/www.lichen.pl\/fr\/","name":"SANTUARIO EN LICHENIA","description":"LA DOLOROSA REINA DE POLONIA DE NUESTRO LICHEN","potentialAction":[{"@type":"SearchAction","target":{"@type":"EntryPoint","urlTemplate":"https:\/\/www.lichen.pl\/fr\/?s={search_term_string}"},"query-input":{"@type":"PropertyValueSpecification","valueRequired":true,"valueName":"search_term_string"}}],"inLanguage":"es"},{"@type":"Person","@id":"https:\/\/www.lichen.pl\/fr\/#\/schema\/person\/9f57a1408d363022abd305da0323b703","name":"Justyna Zacharek","image":{"@type":"ImageObject","inLanguage":"es","@id":"https:\/\/secure.gravatar.com\/avatar\/7be193626a4fb4d6a7d53a7686c3bbf938efff653c427e0182457b838e9d2c3b?s=96&d=retro&r=g","url":"https:\/\/secure.gravatar.com\/avatar\/7be193626a4fb4d6a7d53a7686c3bbf938efff653c427e0182457b838e9d2c3b?s=96&d=retro&r=g","contentUrl":"https:\/\/secure.gravatar.com\/avatar\/7be193626a4fb4d6a7d53a7686c3bbf938efff653c427e0182457b838e9d2c3b?s=96&d=retro&r=g","caption":"Justyna Zacharek"},"url":"https:\/\/www.lichen.pl\/es\/author\/justyna\/"}]}},"_links":{"self":[{"href":"https:\/\/www.lichen.pl\/es\/wp-json\/wp\/v2\/posts\/54607","targetHints":{"allow":["GET"]}}],"collection":[{"href":"https:\/\/www.lichen.pl\/es\/wp-json\/wp\/v2\/posts"}],"about":[{"href":"https:\/\/www.lichen.pl\/es\/wp-json\/wp\/v2\/types\/post"}],"author":[{"embeddable":true,"href":"https:\/\/www.lichen.pl\/es\/wp-json\/wp\/v2\/users\/5"}],"replies":[{"embeddable":true,"href":"https:\/\/www.lichen.pl\/es\/wp-json\/wp\/v2\/comments?post=54607"}],"version-history":[{"count":4,"href":"https:\/\/www.lichen.pl\/es\/wp-json\/wp\/v2\/posts\/54607\/revisions"}],"predecessor-version":[{"id":54613,"href":"https:\/\/www.lichen.pl\/es\/wp-json\/wp\/v2\/posts\/54607\/revisions\/54613"}],"wp:featuredmedia":[{"embeddable":true,"href":"https:\/\/www.lichen.pl\/es\/wp-json\/wp\/v2\/media\/54608"}],"wp:attachment":[{"href":"https:\/\/www.lichen.pl\/es\/wp-json\/wp\/v2\/media?parent=54607"}],"wp:term":[{"taxonomy":"category","embeddable":true,"href":"https:\/\/www.lichen.pl\/es\/wp-json\/wp\/v2\/categories?post=54607"},{"taxonomy":"post_tag","embeddable":true,"href":"https:\/\/www.lichen.pl\/es\/wp-json\/wp\/v2\/tags?post=54607"}],"curies":[{"name":"wp","href":"https:\/\/api.w.org\/{rel}","templated":true}]}}