{"id":55712,"date":"2023-07-20T17:22:39","date_gmt":"2023-07-20T15:22:39","guid":{"rendered":"https:\/\/www.lichen.pl\/?p=55712"},"modified":"2023-07-20T17:37:45","modified_gmt":"2023-07-20T15:37:45","slug":"oaza-chorych-i-niepelnosprawnych-konin","status":"publish","type":"post","link":"https:\/\/www.lichen.pl\/es\/oaza-chorych-i-niepelnosprawnych-konin\/","title":{"rendered":"Pomoc ich uskrzydla \u2013 Oaza Chorych i Niepe\u0142nosprawnych rejonu koni\u0144skiego"},"content":{"rendered":"<div data-elementor-type=\"wp-post\" data-elementor-id=\"55712\" class=\"elementor elementor-55712\" data-elementor-post-type=\"post\">\n\t\t\t\t\t\t<section class=\"elementor-section elementor-top-section elementor-element elementor-element-fdbbb13 elementor-section-boxed elementor-section-height-default elementor-section-height-default\" data-id=\"fdbbb13\" data-element_type=\"section\" data-e-type=\"section\">\n\t\t\t\t\t\t<div class=\"elementor-container elementor-column-gap-default\">\n\t\t\t\t\t<div class=\"elementor-column elementor-col-100 elementor-top-column elementor-element elementor-element-02b9796\" data-id=\"02b9796\" data-element_type=\"column\" data-e-type=\"column\">\n\t\t\t<div class=\"elementor-widget-wrap elementor-element-populated\">\n\t\t\t\t\t\t<div class=\"elementor-element elementor-element-6606711 elementor-widget elementor-widget-heading\" data-id=\"6606711\" data-element_type=\"widget\" data-e-type=\"widget\" data-widget_type=\"heading.default\">\n\t\t\t\t<div class=\"elementor-widget-container\">\n\t\t\t\t\t<h2 class=\"elementor-heading-title elementor-size-default\">Od 11 lipca w Sanktuarium Matki Bo\u017cej Liche\u0144skiej trwa Oaza Chorych i Niepe\u0142nosprawnych regionu koni\u0144skiego. We wczasorekolekcjach bierze udzia\u0142 oko\u0142o 130 os\u00f3b: 35 os\u00f3b z niepe\u0142nosprawno\u015bciami, poruszaj\u0105cych si\u0119 na w\u00f3zkach, 6 os\u00f3b samodzielnych z niepe\u0142nosprawno\u015bciami intelektualnymi i 10 seniorek oraz wolontariusze. Tegorocznej Oazie Chorych i Niepe\u0142nosprawnych towarzyszy koptyjska ikona Jezusa i \u015bw. Menasa \u2013 nazywana tak\u017ce ikon\u0105 przyja\u017ani. Przez 10 dni wczasorekolekcji uczestnicy s\u0142yszeli o przyja\u017ani pod r\u00f3\u017cnym aspektami. Has\u0142em spotkania by\u0142y s\u0142owa \u201eNazwa\u0142em was przyjaci\u00f3\u0142mi\u201d z Ewangelii wed\u0142ug \u015bw. Jana. Oaza Chorych i Niepe\u0142nosprawnych w liche\u0144skim sanktuarium odbywa si\u0119 od ko\u0144ca lat siedemdziesi\u0105tych XX wieku.<\/h2>\t\t\t\t<\/div>\n\t\t\t\t<\/div>\n\t\t\t\t\t<\/div>\n\t\t<\/div>\n\t\t\t\t\t<\/div>\n\t\t<\/section>\n\t\t\t\t<section class=\"elementor-section elementor-top-section elementor-element elementor-element-aa3e4e5 elementor-section-boxed elementor-section-height-default elementor-section-height-default\" data-id=\"aa3e4e5\" data-element_type=\"section\" data-e-type=\"section\">\n\t\t\t\t\t\t<div class=\"elementor-container elementor-column-gap-default\">\n\t\t\t\t\t<div class=\"elementor-column elementor-col-100 elementor-top-column elementor-element elementor-element-b5ff90b\" data-id=\"b5ff90b\" data-element_type=\"column\" data-e-type=\"column\">\n\t\t\t<div class=\"elementor-widget-wrap elementor-element-populated\">\n\t\t\t\t\t\t<section class=\"elementor-section elementor-inner-section elementor-element elementor-element-4263a34 elementor-section-boxed elementor-section-height-default elementor-section-height-default\" data-id=\"4263a34\" data-element_type=\"section\" data-e-type=\"section\">\n\t\t\t\t\t\t<div class=\"elementor-container elementor-column-gap-default\">\n\t\t\t\t\t<div class=\"elementor-column elementor-col-50 elementor-inner-column elementor-element elementor-element-75705cc\" data-id=\"75705cc\" data-element_type=\"column\" data-e-type=\"column\">\n\t\t\t<div class=\"elementor-widget-wrap elementor-element-populated\">\n\t\t\t\t\t\t<div class=\"elementor-element elementor-element-636751a elementor-widget elementor-widget-image\" data-id=\"636751a\" data-element_type=\"widget\" data-e-type=\"widget\" data-widget_type=\"image.default\">\n\t\t\t\t<div class=\"elementor-widget-container\">\n\t\t\t\t\t\t\t\t\t\t\t\t\t\t\t<img fetchpriority=\"high\" decoding=\"async\" width=\"1024\" height=\"683\" src=\"https:\/\/www.lichen.pl\/wp-content\/uploads\/2023\/07\/oaza-2-1024x683.jpg\" class=\"attachment-large size-large wp-image-55714\" alt=\"\" srcset=\"https:\/\/www.lichen.pl\/wp-content\/uploads\/2023\/07\/oaza-2-1024x683.jpg 1024w, https:\/\/www.lichen.pl\/wp-content\/uploads\/2023\/07\/oaza-2-800x533.jpg 800w, https:\/\/www.lichen.pl\/wp-content\/uploads\/2023\/07\/oaza-2-300x200.jpg 300w, https:\/\/www.lichen.pl\/wp-content\/uploads\/2023\/07\/oaza-2-768x512.jpg 768w, https:\/\/www.lichen.pl\/wp-content\/uploads\/2023\/07\/oaza-2-1536x1024.jpg 1536w, https:\/\/www.lichen.pl\/wp-content\/uploads\/2023\/07\/oaza-2-2048x1365.jpg 2048w, https:\/\/www.lichen.pl\/wp-content\/uploads\/2023\/07\/oaza-2-18x12.jpg 18w, https:\/\/www.lichen.pl\/wp-content\/uploads\/2023\/07\/oaza-2.jpg 1920w\" sizes=\"(max-width: 1024px) 100vw, 1024px\" \/>\t\t\t\t\t\t\t\t\t\t\t\t\t\t\t<\/div>\n\t\t\t\t<\/div>\n\t\t\t\t\t<\/div>\n\t\t<\/div>\n\t\t\t\t<div class=\"elementor-column elementor-col-50 elementor-inner-column elementor-element elementor-element-3732bfb\" data-id=\"3732bfb\" data-element_type=\"column\" data-e-type=\"column\">\n\t\t\t<div class=\"elementor-widget-wrap elementor-element-populated\">\n\t\t\t\t\t\t<div class=\"elementor-element elementor-element-acf962b elementor-widget elementor-widget-text-editor\" data-id=\"acf962b\" data-element_type=\"widget\" data-e-type=\"widget\" data-widget_type=\"text-editor.default\">\n\t\t\t\t<div class=\"elementor-widget-container\">\n\t\t\t\t\t\t\t\t\t<p>\u2013 Wolontariusze w zale\u017cno\u015bci od stopnia niepe\u0142nosprawno\u015bci swoich podopiecznych, wspomagaj\u0105 wszystkie ich czynno\u015bci, od nakarmienia, poprzez ubranie, toalet\u0119 po wsp\u00f3lne sp\u0119dzanie czasu wolnego, rozmow\u0119, spacery. Wraz z podopiecznymi codziennie bior\u0105 udzia\u0142 w Mszy \u015awi\u0119tej, katechezach, konferencjach, wsp\u00f3lnych wyj\u015bciach i tzw. pogodnych wieczorach czyli zabawie. Wi\u0119kszo\u015b\u0107 wolontariuszy jest z nami przez 10 dni Oazy, natomiast jest te\u017c taka grupa, kt\u00f3ra przyje\u017cd\u017ca na kr\u00f3cej, z racji pracy czy innych zaj\u0119\u0107 \u2013\u2013 wyja\u015bnia opiekun koni\u0144skiej oazy, ks. Adrian Nowicki, diecezjalny Duszpasterz Chorych i Niepe\u0142nosprawnych.<\/p>\t\t\t\t\t\t\t\t<\/div>\n\t\t\t\t<\/div>\n\t\t\t\t\t<\/div>\n\t\t<\/div>\n\t\t\t\t\t<\/div>\n\t\t<\/section>\n\t\t\t\t<div class=\"elementor-element elementor-element-a6e4ca0 elementor-widget elementor-widget-text-editor\" data-id=\"a6e4ca0\" data-element_type=\"widget\" data-e-type=\"widget\" data-widget_type=\"text-editor.default\">\n\t\t\t\t<div class=\"elementor-widget-container\">\n\t\t\t\t\t\t\t\t\t<p>\u2013 Oaza Chorych jest dla mnie przedsmakiem nieba. Jest tu po prostu cudownie! \u2013 podkre\u015bla Julia Mi\u0142osz, kt\u00f3ra jako wolontariuszka na liche\u0144sk\u0105 Oaz\u0119 przyjecha\u0142a po raz drugi. Chwali przede wszystkim wi\u0119zi, jakie rodz\u0105 si\u0119 pomi\u0119dzy wolontariuszami i podopiecznymi oraz z Bogiem \u2013 Bo On jest tu ca\u0142y czas w\u015br\u00f3d nas. Daje nam \u0142ask\u0119 spotkania ze Sob\u0105 i pomi\u0119dzy sob\u0105. Wzajemna pomoc nas uskrzydla, na wszystkich p\u0142aszczyznach. Nawzajem si\u0119 dope\u0142niamy \u2013 zapewnia m\u0142oda kobieta.<\/p><p>O swoim do\u015bwiadczeniu jako uczestnik Oazy opowiada Rafa\u0142 Wieczorek, kt\u00f3ry bierze udzia\u0142 ju\u017c \u00f3smy raz \u2013 Przyje\u017cd\u017cam, bo lubi\u0119 sp\u0119dza\u0107 z lud\u017ami czas, jest sympatycznie, mi\u0142o, atmosfera jest bardzo wspomagaj\u0105ca, wolontariusze te\u017c. Oaza jest takim odpoczynkiem dla nas, os\u00f3b z niepe\u0142nosprawno\u015bciami. Jednocze\u015bnie dla rodzic\u00f3w. Przez kilka dni i mym i rodzice mo\u017cemy od siebie odpocz\u0105\u0107. Przez reszt\u0119 roku, 24 godziny na dob\u0119 mieszkamy z nimi. Taka Oaza jest nam potrzebna. Dobrze jest w takiej wsp\u00f3lnocie.<\/p><p>Jedn\u0105 z os\u00f3b zaanga\u017cowan\u0105 w przygotowanie i organizacj\u0119 wydarzenia jest Maja Piwnicka, liderka Oazy Chorych i Niepe\u0142nosprawnych regionu koni\u0144skiego, kt\u00f3ra bierze w niej udzia\u0142 po raz 10. \u2013 Tutaj zrozumia\u0142am, czym tak naprawd\u0119 jest Ko\u015bci\u00f3\u0142. Nie zna\u0142am tego wcze\u015bniej. Zobaczy\u0142am, \u017ce B\u00f3g przychodzi do nas w drugim cz\u0142owieku, jego s\u0142owie, u\u015bmiechu, obecno\u015bci. Moje serce poruszy\u0142a i skrad\u0142a wzajemna, bezinteresowna pomoc i mi\u0142o\u015b\u0107. To miejsce, gdzie B\u00f3g jest naprawd\u0119 namacalny. Ludzie, kt\u00f3rych tu pozna\u0142am s\u0105 ogromnym darem od Pana Boga \u2013 opowiada liderka Maja. Kobieta uwa\u017ca, \u017ce podczas Oazy dobra i pomocy do\u015bwiadczaj\u0105 nie tylko osoby z niepe\u0142nosprawno\u015bciami. M\u0142odzi wolontariusze maj\u0105 tu okazj\u0119 do\u015bwiadczy\u0107 bezinteresownej mi\u0142o\u015bci. \u00a0<\/p><p>Tegoroczna Oaza Chorych i Niepe\u0142nosprawnych regionu koni\u0144skiego w Sanktuarium Matki Bo\u017cej Liche\u0144skiej potrwa do soboty, 22 lipca.<\/p>\t\t\t\t\t\t\t\t<\/div>\n\t\t\t\t<\/div>\n\t\t\t\t<div class=\"elementor-element elementor-element-881b8cb elementor-widget-divider--view-line_icon elementor-view-default elementor-widget-divider--element-align-center elementor-widget elementor-widget-divider\" data-id=\"881b8cb\" data-element_type=\"widget\" data-e-type=\"widget\" data-widget_type=\"divider.default\">\n\t\t\t\t<div class=\"elementor-widget-container\">\n\t\t\t\t\t\t\t<div class=\"elementor-divider\">\n\t\t\t<span class=\"elementor-divider-separator\">\n\t\t\t\t\t\t\t<div class=\"elementor-icon elementor-divider__element\">\n\t\t\t\t\t<i aria-hidden=\"true\" class=\"fas fa-camera\"><\/i><\/div>\n\t\t\t\t\t\t<\/span>\n\t\t<\/div>\n\t\t\t\t\t\t<\/div>\n\t\t\t\t<\/div>\n\t\t\t\t<div class=\"elementor-element elementor-element-4561ef0 elementor-widget elementor-widget-image-gallery\" data-id=\"4561ef0\" data-element_type=\"widget\" data-e-type=\"widget\" data-widget_type=\"image-gallery.default\">\n\t\t\t\t<div class=\"elementor-widget-container\">\n\t\t\t\t\t\t\t<div class=\"elementor-image-gallery\">\n\t\t\t<div id='gallery-1' class='gallery galleryid-55712 gallery-columns-7 gallery-size-thumbnail'><figure class='gallery-item'>\n\t\t\t<div class='gallery-icon portrait'>\n\t\t\t\t<a data-elementor-open-lightbox=\"yes\" data-elementor-lightbox-slideshow=\"4561ef0\" data-elementor-lightbox-title=\"Oaza Konin (3)\" data-e-action-hash=\"#elementor-action%3Aaction%3Dlightbox%26settings%3DeyJpZCI6NTU3MTcsInVybCI6Imh0dHBzOlwvXC93d3cubGljaGVuLnBsXC93cC1jb250ZW50XC91cGxvYWRzXC8yMDIzXC8wN1wvT2F6YS1Lb25pbi0zLmpwZyIsInNsaWRlc2hvdyI6IjQ1NjFlZjAifQ%3D%3D\" href='https:\/\/www.lichen.pl\/wp-content\/uploads\/2023\/07\/Oaza-Konin-3.jpg'><img width=\"150\" height=\"150\" src=\"https:\/\/www.lichen.pl\/wp-content\/uploads\/2023\/07\/Oaza-Konin-3-150x150.jpg\" class=\"attachment-thumbnail size-thumbnail\" alt=\"\" decoding=\"async\" srcset=\"https:\/\/www.lichen.pl\/wp-content\/uploads\/2023\/07\/Oaza-Konin-3-150x150.jpg 150w, https:\/\/www.lichen.pl\/wp-content\/uploads\/2023\/07\/Oaza-Konin-3-300x300.jpg 300w\" sizes=\"(max-width: 150px) 100vw, 150px\" \/><\/a>\n\t\t\t<\/div><\/figure><figure class='gallery-item'>\n\t\t\t<div class='gallery-icon landscape'>\n\t\t\t\t<a data-elementor-open-lightbox=\"yes\" data-elementor-lightbox-slideshow=\"4561ef0\" data-elementor-lightbox-title=\"Oaza Konin (110)\" data-e-action-hash=\"#elementor-action%3Aaction%3Dlightbox%26settings%3DeyJpZCI6NTU3MTgsInVybCI6Imh0dHBzOlwvXC93d3cubGljaGVuLnBsXC93cC1jb250ZW50XC91cGxvYWRzXC8yMDIzXC8wN1wvT2F6YS1Lb25pbi0xMTAuanBnIiwic2xpZGVzaG93IjoiNDU2MWVmMCJ9\" href='https:\/\/www.lichen.pl\/wp-content\/uploads\/2023\/07\/Oaza-Konin-110.jpg'><img width=\"150\" height=\"150\" src=\"https:\/\/www.lichen.pl\/wp-content\/uploads\/2023\/07\/Oaza-Konin-110-150x150.jpg\" class=\"attachment-thumbnail size-thumbnail\" alt=\"\" decoding=\"async\" srcset=\"https:\/\/www.lichen.pl\/wp-content\/uploads\/2023\/07\/Oaza-Konin-110-150x150.jpg 150w, https:\/\/www.lichen.pl\/wp-content\/uploads\/2023\/07\/Oaza-Konin-110-300x300.jpg 300w\" sizes=\"(max-width: 150px) 100vw, 150px\" \/><\/a>\n\t\t\t<\/div><\/figure><figure class='gallery-item'>\n\t\t\t<div class='gallery-icon portrait'>\n\t\t\t\t<a data-elementor-open-lightbox=\"yes\" data-elementor-lightbox-slideshow=\"4561ef0\" data-elementor-lightbox-title=\"Oaza Konin (111)\" data-e-action-hash=\"#elementor-action%3Aaction%3Dlightbox%26settings%3DeyJpZCI6NTU3MTksInVybCI6Imh0dHBzOlwvXC93d3cubGljaGVuLnBsXC93cC1jb250ZW50XC91cGxvYWRzXC8yMDIzXC8wN1wvT2F6YS1Lb25pbi0xMTEuanBnIiwic2xpZGVzaG93IjoiNDU2MWVmMCJ9\" href='https:\/\/www.lichen.pl\/wp-content\/uploads\/2023\/07\/Oaza-Konin-111.jpg'><img loading=\"lazy\" width=\"150\" height=\"150\" src=\"https:\/\/www.lichen.pl\/wp-content\/uploads\/2023\/07\/Oaza-Konin-111-150x150.jpg\" class=\"attachment-thumbnail size-thumbnail\" alt=\"\" decoding=\"async\" srcset=\"https:\/\/www.lichen.pl\/wp-content\/uploads\/2023\/07\/Oaza-Konin-111-150x150.jpg 150w, https:\/\/www.lichen.pl\/wp-content\/uploads\/2023\/07\/Oaza-Konin-111-300x300.jpg 300w\" sizes=\"(max-width: 150px) 100vw, 150px\" \/><\/a>\n\t\t\t<\/div><\/figure><figure class='gallery-item'>\n\t\t\t<div class='gallery-icon portrait'>\n\t\t\t\t<a data-elementor-open-lightbox=\"yes\" data-elementor-lightbox-slideshow=\"4561ef0\" data-elementor-lightbox-title=\"IMG_9110\" data-e-action-hash=\"#elementor-action%3Aaction%3Dlightbox%26settings%3DeyJpZCI6NTU3MjAsInVybCI6Imh0dHBzOlwvXC93d3cubGljaGVuLnBsXC93cC1jb250ZW50XC91cGxvYWRzXC8yMDIzXC8wN1wvSU1HXzkxMTAuanBnIiwic2xpZGVzaG93IjoiNDU2MWVmMCJ9\" href='https:\/\/www.lichen.pl\/wp-content\/uploads\/2023\/07\/IMG_9110.jpg'><img loading=\"lazy\" width=\"150\" height=\"150\" src=\"https:\/\/www.lichen.pl\/wp-content\/uploads\/2023\/07\/IMG_9110-150x150.jpg\" class=\"attachment-thumbnail size-thumbnail\" alt=\"\" decoding=\"async\" srcset=\"https:\/\/www.lichen.pl\/wp-content\/uploads\/2023\/07\/IMG_9110-150x150.jpg 150w, https:\/\/www.lichen.pl\/wp-content\/uploads\/2023\/07\/IMG_9110-300x300.jpg 300w\" sizes=\"(max-width: 150px) 100vw, 150px\" \/><\/a>\n\t\t\t<\/div><\/figure><figure class='gallery-item'>\n\t\t\t<div class='gallery-icon landscape'>\n\t\t\t\t<a data-elementor-open-lightbox=\"yes\" data-elementor-lightbox-slideshow=\"4561ef0\" data-elementor-lightbox-title=\"IMG_9122\" data-e-action-hash=\"#elementor-action%3Aaction%3Dlightbox%26settings%3DeyJpZCI6NTU3MjEsInVybCI6Imh0dHBzOlwvXC93d3cubGljaGVuLnBsXC93cC1jb250ZW50XC91cGxvYWRzXC8yMDIzXC8wN1wvSU1HXzkxMjIuanBnIiwic2xpZGVzaG93IjoiNDU2MWVmMCJ9\" href='https:\/\/www.lichen.pl\/wp-content\/uploads\/2023\/07\/IMG_9122.jpg'><img loading=\"lazy\" width=\"150\" height=\"150\" src=\"https:\/\/www.lichen.pl\/wp-content\/uploads\/2023\/07\/IMG_9122-150x150.jpg\" class=\"attachment-thumbnail size-thumbnail\" alt=\"\" decoding=\"async\" srcset=\"https:\/\/www.lichen.pl\/wp-content\/uploads\/2023\/07\/IMG_9122-150x150.jpg 150w, https:\/\/www.lichen.pl\/wp-content\/uploads\/2023\/07\/IMG_9122-300x300.jpg 300w\" sizes=\"(max-width: 150px) 100vw, 150px\" \/><\/a>\n\t\t\t<\/div><\/figure><figure class='gallery-item'>\n\t\t\t<div class='gallery-icon landscape'>\n\t\t\t\t<a data-elementor-open-lightbox=\"yes\" data-elementor-lightbox-slideshow=\"4561ef0\" data-elementor-lightbox-title=\"IMG_9134\" data-e-action-hash=\"#elementor-action%3Aaction%3Dlightbox%26settings%3DeyJpZCI6NTU3MjIsInVybCI6Imh0dHBzOlwvXC93d3cubGljaGVuLnBsXC93cC1jb250ZW50XC91cGxvYWRzXC8yMDIzXC8wN1wvSU1HXzkxMzQuanBnIiwic2xpZGVzaG93IjoiNDU2MWVmMCJ9\" href='https:\/\/www.lichen.pl\/wp-content\/uploads\/2023\/07\/IMG_9134.jpg'><img loading=\"lazy\" width=\"150\" height=\"150\" src=\"https:\/\/www.lichen.pl\/wp-content\/uploads\/2023\/07\/IMG_9134-150x150.jpg\" class=\"attachment-thumbnail size-thumbnail\" alt=\"\" decoding=\"async\" srcset=\"https:\/\/www.lichen.pl\/wp-content\/uploads\/2023\/07\/IMG_9134-150x150.jpg 150w, https:\/\/www.lichen.pl\/wp-content\/uploads\/2023\/07\/IMG_9134-300x300.jpg 300w\" sizes=\"(max-width: 150px) 100vw, 150px\" \/><\/a>\n\t\t\t<\/div><\/figure><figure class='gallery-item'>\n\t\t\t<div class='gallery-icon portrait'>\n\t\t\t\t<a data-elementor-open-lightbox=\"yes\" data-elementor-lightbox-slideshow=\"4561ef0\" data-elementor-lightbox-title=\"IMG_9152\" data-e-action-hash=\"#elementor-action%3Aaction%3Dlightbox%26settings%3DeyJpZCI6NTU3MjUsInVybCI6Imh0dHBzOlwvXC93d3cubGljaGVuLnBsXC93cC1jb250ZW50XC91cGxvYWRzXC8yMDIzXC8wN1wvSU1HXzkxNTIuanBnIiwic2xpZGVzaG93IjoiNDU2MWVmMCJ9\" href='https:\/\/www.lichen.pl\/wp-content\/uploads\/2023\/07\/IMG_9152.jpg'><img loading=\"lazy\" width=\"150\" height=\"150\" src=\"https:\/\/www.lichen.pl\/wp-content\/uploads\/2023\/07\/IMG_9152-150x150.jpg\" class=\"attachment-thumbnail size-thumbnail\" alt=\"\" decoding=\"async\" srcset=\"https:\/\/www.lichen.pl\/wp-content\/uploads\/2023\/07\/IMG_9152-150x150.jpg 150w, https:\/\/www.lichen.pl\/wp-content\/uploads\/2023\/07\/IMG_9152-300x300.jpg 300w\" sizes=\"(max-width: 150px) 100vw, 150px\" \/><\/a>\n\t\t\t<\/div><\/figure><figure class='gallery-item'>\n\t\t\t<div class='gallery-icon landscape'>\n\t\t\t\t<a data-elementor-open-lightbox=\"yes\" data-elementor-lightbox-slideshow=\"4561ef0\" data-elementor-lightbox-title=\"IMG_9162\" data-e-action-hash=\"#elementor-action%3Aaction%3Dlightbox%26settings%3DeyJpZCI6NTU3MjYsInVybCI6Imh0dHBzOlwvXC93d3cubGljaGVuLnBsXC93cC1jb250ZW50XC91cGxvYWRzXC8yMDIzXC8wN1wvSU1HXzkxNjIuanBnIiwic2xpZGVzaG93IjoiNDU2MWVmMCJ9\" href='https:\/\/www.lichen.pl\/wp-content\/uploads\/2023\/07\/IMG_9162.jpg'><img loading=\"lazy\" width=\"150\" height=\"150\" src=\"https:\/\/www.lichen.pl\/wp-content\/uploads\/2023\/07\/IMG_9162-150x150.jpg\" class=\"attachment-thumbnail size-thumbnail\" alt=\"\" decoding=\"async\" srcset=\"https:\/\/www.lichen.pl\/wp-content\/uploads\/2023\/07\/IMG_9162-150x150.jpg 150w, https:\/\/www.lichen.pl\/wp-content\/uploads\/2023\/07\/IMG_9162-300x300.jpg 300w\" sizes=\"(max-width: 150px) 100vw, 150px\" \/><\/a>\n\t\t\t<\/div><\/figure><figure class='gallery-item'>\n\t\t\t<div class='gallery-icon landscape'>\n\t\t\t\t<a data-elementor-open-lightbox=\"yes\" data-elementor-lightbox-slideshow=\"4561ef0\" data-elementor-lightbox-title=\"IMG_9166\" data-e-action-hash=\"#elementor-action%3Aaction%3Dlightbox%26settings%3DeyJpZCI6NTU3MjcsInVybCI6Imh0dHBzOlwvXC93d3cubGljaGVuLnBsXC93cC1jb250ZW50XC91cGxvYWRzXC8yMDIzXC8wN1wvSU1HXzkxNjYuanBnIiwic2xpZGVzaG93IjoiNDU2MWVmMCJ9\" href='https:\/\/www.lichen.pl\/wp-content\/uploads\/2023\/07\/IMG_9166.jpg'><img loading=\"lazy\" width=\"150\" height=\"150\" src=\"https:\/\/www.lichen.pl\/wp-content\/uploads\/2023\/07\/IMG_9166-150x150.jpg\" class=\"attachment-thumbnail size-thumbnail\" alt=\"\" decoding=\"async\" srcset=\"https:\/\/www.lichen.pl\/wp-content\/uploads\/2023\/07\/IMG_9166-150x150.jpg 150w, https:\/\/www.lichen.pl\/wp-content\/uploads\/2023\/07\/IMG_9166-300x300.jpg 300w\" sizes=\"(max-width: 150px) 100vw, 150px\" \/><\/a>\n\t\t\t<\/div><\/figure><figure class='gallery-item'>\n\t\t\t<div class='gallery-icon landscape'>\n\t\t\t\t<a data-elementor-open-lightbox=\"yes\" data-elementor-lightbox-slideshow=\"4561ef0\" data-elementor-lightbox-title=\"IMG_9231\" data-e-action-hash=\"#elementor-action%3Aaction%3Dlightbox%26settings%3DeyJpZCI6NTU3MjgsInVybCI6Imh0dHBzOlwvXC93d3cubGljaGVuLnBsXC93cC1jb250ZW50XC91cGxvYWRzXC8yMDIzXC8wN1wvSU1HXzkyMzEuanBnIiwic2xpZGVzaG93IjoiNDU2MWVmMCJ9\" href='https:\/\/www.lichen.pl\/wp-content\/uploads\/2023\/07\/IMG_9231.jpg'><img loading=\"lazy\" width=\"150\" height=\"150\" src=\"https:\/\/www.lichen.pl\/wp-content\/uploads\/2023\/07\/IMG_9231-150x150.jpg\" class=\"attachment-thumbnail size-thumbnail\" alt=\"\" decoding=\"async\" srcset=\"https:\/\/www.lichen.pl\/wp-content\/uploads\/2023\/07\/IMG_9231-150x150.jpg 150w, https:\/\/www.lichen.pl\/wp-content\/uploads\/2023\/07\/IMG_9231-300x300.jpg 300w\" sizes=\"(max-width: 150px) 100vw, 150px\" \/><\/a>\n\t\t\t<\/div><\/figure><figure class='gallery-item'>\n\t\t\t<div class='gallery-icon landscape'>\n\t\t\t\t<a data-elementor-open-lightbox=\"yes\" data-elementor-lightbox-slideshow=\"4561ef0\" data-elementor-lightbox-title=\"oaza (1)\" data-e-action-hash=\"#elementor-action%3Aaction%3Dlightbox%26settings%3DeyJpZCI6NTU3MTMsInVybCI6Imh0dHBzOlwvXC93d3cubGljaGVuLnBsXC93cC1jb250ZW50XC91cGxvYWRzXC8yMDIzXC8wN1wvb2F6YS0xLmpwZyIsInNsaWRlc2hvdyI6IjQ1NjFlZjAifQ%3D%3D\" href='https:\/\/www.lichen.pl\/wp-content\/uploads\/2023\/07\/oaza-1.jpg'><img loading=\"lazy\" width=\"150\" height=\"150\" src=\"https:\/\/www.lichen.pl\/wp-content\/uploads\/2023\/07\/oaza-1-150x150.jpg\" class=\"attachment-thumbnail size-thumbnail\" alt=\"\" decoding=\"async\" srcset=\"https:\/\/www.lichen.pl\/wp-content\/uploads\/2023\/07\/oaza-1-150x150.jpg 150w, https:\/\/www.lichen.pl\/wp-content\/uploads\/2023\/07\/oaza-1-300x300.jpg 300w\" sizes=\"(max-width: 150px) 100vw, 150px\" \/><\/a>\n\t\t\t<\/div><\/figure><figure class='gallery-item'>\n\t\t\t<div class='gallery-icon portrait'>\n\t\t\t\t<a data-elementor-open-lightbox=\"yes\" data-elementor-lightbox-slideshow=\"4561ef0\" data-elementor-lightbox-title=\"Oaza Konin (58)\" data-e-action-hash=\"#elementor-action%3Aaction%3Dlightbox%26settings%3DeyJpZCI6NTU3MjksInVybCI6Imh0dHBzOlwvXC93d3cubGljaGVuLnBsXC93cC1jb250ZW50XC91cGxvYWRzXC8yMDIzXC8wN1wvT2F6YS1Lb25pbi01OC5qcGciLCJzbGlkZXNob3ciOiI0NTYxZWYwIn0%3D\" href='https:\/\/www.lichen.pl\/wp-content\/uploads\/2023\/07\/Oaza-Konin-58.jpg'><img loading=\"lazy\" width=\"150\" height=\"150\" src=\"https:\/\/www.lichen.pl\/wp-content\/uploads\/2023\/07\/Oaza-Konin-58-150x150.jpg\" class=\"attachment-thumbnail size-thumbnail\" alt=\"\" decoding=\"async\" srcset=\"https:\/\/www.lichen.pl\/wp-content\/uploads\/2023\/07\/Oaza-Konin-58-150x150.jpg 150w, https:\/\/www.lichen.pl\/wp-content\/uploads\/2023\/07\/Oaza-Konin-58-300x300.jpg 300w\" sizes=\"(max-width: 150px) 100vw, 150px\" \/><\/a>\n\t\t\t<\/div><\/figure><figure class='gallery-item'>\n\t\t\t<div class='gallery-icon portrait'>\n\t\t\t\t<a data-elementor-open-lightbox=\"yes\" data-elementor-lightbox-slideshow=\"4561ef0\" data-elementor-lightbox-title=\"Oaza Konin (59)\" data-e-action-hash=\"#elementor-action%3Aaction%3Dlightbox%26settings%3DeyJpZCI6NTU3MzAsInVybCI6Imh0dHBzOlwvXC93d3cubGljaGVuLnBsXC93cC1jb250ZW50XC91cGxvYWRzXC8yMDIzXC8wN1wvT2F6YS1Lb25pbi01OS5qcGciLCJzbGlkZXNob3ciOiI0NTYxZWYwIn0%3D\" href='https:\/\/www.lichen.pl\/wp-content\/uploads\/2023\/07\/Oaza-Konin-59.jpg'><img loading=\"lazy\" width=\"150\" height=\"150\" src=\"https:\/\/www.lichen.pl\/wp-content\/uploads\/2023\/07\/Oaza-Konin-59-150x150.jpg\" class=\"attachment-thumbnail size-thumbnail\" alt=\"\" decoding=\"async\" srcset=\"https:\/\/www.lichen.pl\/wp-content\/uploads\/2023\/07\/Oaza-Konin-59-150x150.jpg 150w, https:\/\/www.lichen.pl\/wp-content\/uploads\/2023\/07\/Oaza-Konin-59-300x300.jpg 300w\" sizes=\"(max-width: 150px) 100vw, 150px\" \/><\/a>\n\t\t\t<\/div><\/figure><figure class='gallery-item'>\n\t\t\t<div class='gallery-icon portrait'>\n\t\t\t\t<a data-elementor-open-lightbox=\"yes\" data-elementor-lightbox-slideshow=\"4561ef0\" data-elementor-lightbox-title=\"Oaza Konin (62)\" data-e-action-hash=\"#elementor-action%3Aaction%3Dlightbox%26settings%3DeyJpZCI6NTU3MzMsInVybCI6Imh0dHBzOlwvXC93d3cubGljaGVuLnBsXC93cC1jb250ZW50XC91cGxvYWRzXC8yMDIzXC8wN1wvT2F6YS1Lb25pbi02Mi5qcGciLCJzbGlkZXNob3ciOiI0NTYxZWYwIn0%3D\" href='https:\/\/www.lichen.pl\/wp-content\/uploads\/2023\/07\/Oaza-Konin-62.jpg'><img loading=\"lazy\" width=\"150\" height=\"150\" src=\"https:\/\/www.lichen.pl\/wp-content\/uploads\/2023\/07\/Oaza-Konin-62-150x150.jpg\" class=\"attachment-thumbnail size-thumbnail\" alt=\"\" decoding=\"async\" srcset=\"https:\/\/www.lichen.pl\/wp-content\/uploads\/2023\/07\/Oaza-Konin-62-150x150.jpg 150w, https:\/\/www.lichen.pl\/wp-content\/uploads\/2023\/07\/Oaza-Konin-62-300x300.jpg 300w\" sizes=\"(max-width: 150px) 100vw, 150px\" \/><\/a>\n\t\t\t<\/div><\/figure><figure class='gallery-item'>\n\t\t\t<div class='gallery-icon landscape'>\n\t\t\t\t<a data-elementor-open-lightbox=\"yes\" data-elementor-lightbox-slideshow=\"4561ef0\" data-elementor-lightbox-title=\"Oaza Konin (63)\" data-e-action-hash=\"#elementor-action%3Aaction%3Dlightbox%26settings%3DeyJpZCI6NTU3MzQsInVybCI6Imh0dHBzOlwvXC93d3cubGljaGVuLnBsXC93cC1jb250ZW50XC91cGxvYWRzXC8yMDIzXC8wN1wvT2F6YS1Lb25pbi02My5qcGciLCJzbGlkZXNob3ciOiI0NTYxZWYwIn0%3D\" href='https:\/\/www.lichen.pl\/wp-content\/uploads\/2023\/07\/Oaza-Konin-63.jpg'><img loading=\"lazy\" width=\"150\" height=\"150\" src=\"https:\/\/www.lichen.pl\/wp-content\/uploads\/2023\/07\/Oaza-Konin-63-150x150.jpg\" class=\"attachment-thumbnail size-thumbnail\" alt=\"\" decoding=\"async\" srcset=\"https:\/\/www.lichen.pl\/wp-content\/uploads\/2023\/07\/Oaza-Konin-63-150x150.jpg 150w, https:\/\/www.lichen.pl\/wp-content\/uploads\/2023\/07\/Oaza-Konin-63-300x300.jpg 300w\" sizes=\"(max-width: 150px) 100vw, 150px\" \/><\/a>\n\t\t\t<\/div><\/figure><figure class='gallery-item'>\n\t\t\t<div class='gallery-icon landscape'>\n\t\t\t\t<a data-elementor-open-lightbox=\"yes\" data-elementor-lightbox-slideshow=\"4561ef0\" data-elementor-lightbox-title=\"Oaza Konin (12)\" data-e-action-hash=\"#elementor-action%3Aaction%3Dlightbox%26settings%3DeyJpZCI6NTU3MzcsInVybCI6Imh0dHBzOlwvXC93d3cubGljaGVuLnBsXC93cC1jb250ZW50XC91cGxvYWRzXC8yMDIzXC8wN1wvT2F6YS1Lb25pbi0xMi5qcGciLCJzbGlkZXNob3ciOiI0NTYxZWYwIn0%3D\" href='https:\/\/www.lichen.pl\/wp-content\/uploads\/2023\/07\/Oaza-Konin-12.jpg'><img loading=\"lazy\" width=\"150\" height=\"150\" src=\"https:\/\/www.lichen.pl\/wp-content\/uploads\/2023\/07\/Oaza-Konin-12-150x150.jpg\" class=\"attachment-thumbnail size-thumbnail\" alt=\"\" decoding=\"async\" srcset=\"https:\/\/www.lichen.pl\/wp-content\/uploads\/2023\/07\/Oaza-Konin-12-150x150.jpg 150w, https:\/\/www.lichen.pl\/wp-content\/uploads\/2023\/07\/Oaza-Konin-12-300x300.jpg 300w\" sizes=\"(max-width: 150px) 100vw, 150px\" \/><\/a>\n\t\t\t<\/div><\/figure><figure class='gallery-item'>\n\t\t\t<div class='gallery-icon landscape'>\n\t\t\t\t<a data-elementor-open-lightbox=\"yes\" data-elementor-lightbox-slideshow=\"4561ef0\" data-elementor-lightbox-title=\"Oaza Konin (13)\" data-e-action-hash=\"#elementor-action%3Aaction%3Dlightbox%26settings%3DeyJpZCI6NTU3MzgsInVybCI6Imh0dHBzOlwvXC93d3cubGljaGVuLnBsXC93cC1jb250ZW50XC91cGxvYWRzXC8yMDIzXC8wN1wvT2F6YS1Lb25pbi0xMy5qcGciLCJzbGlkZXNob3ciOiI0NTYxZWYwIn0%3D\" href='https:\/\/www.lichen.pl\/wp-content\/uploads\/2023\/07\/Oaza-Konin-13.jpg'><img loading=\"lazy\" width=\"150\" height=\"150\" src=\"https:\/\/www.lichen.pl\/wp-content\/uploads\/2023\/07\/Oaza-Konin-13-150x150.jpg\" class=\"attachment-thumbnail size-thumbnail\" alt=\"\" decoding=\"async\" srcset=\"https:\/\/www.lichen.pl\/wp-content\/uploads\/2023\/07\/Oaza-Konin-13-150x150.jpg 150w, https:\/\/www.lichen.pl\/wp-content\/uploads\/2023\/07\/Oaza-Konin-13-300x300.jpg 300w\" sizes=\"(max-width: 150px) 100vw, 150px\" \/><\/a>\n\t\t\t<\/div><\/figure><figure class='gallery-item'>\n\t\t\t<div class='gallery-icon portrait'>\n\t\t\t\t<a data-elementor-open-lightbox=\"yes\" data-elementor-lightbox-slideshow=\"4561ef0\" data-elementor-lightbox-title=\"Oaza Konin (14)\" data-e-action-hash=\"#elementor-action%3Aaction%3Dlightbox%26settings%3DeyJpZCI6NTU3MzksInVybCI6Imh0dHBzOlwvXC93d3cubGljaGVuLnBsXC93cC1jb250ZW50XC91cGxvYWRzXC8yMDIzXC8wN1wvT2F6YS1Lb25pbi0xNC5qcGciLCJzbGlkZXNob3ciOiI0NTYxZWYwIn0%3D\" href='https:\/\/www.lichen.pl\/wp-content\/uploads\/2023\/07\/Oaza-Konin-14.jpg'><img loading=\"lazy\" width=\"150\" height=\"150\" src=\"https:\/\/www.lichen.pl\/wp-content\/uploads\/2023\/07\/Oaza-Konin-14-150x150.jpg\" class=\"attachment-thumbnail size-thumbnail\" alt=\"\" decoding=\"async\" srcset=\"https:\/\/www.lichen.pl\/wp-content\/uploads\/2023\/07\/Oaza-Konin-14-150x150.jpg 150w, https:\/\/www.lichen.pl\/wp-content\/uploads\/2023\/07\/Oaza-Konin-14-300x300.jpg 300w\" sizes=\"(max-width: 150px) 100vw, 150px\" \/><\/a>\n\t\t\t<\/div><\/figure><figure class='gallery-item'>\n\t\t\t<div class='gallery-icon portrait'>\n\t\t\t\t<a data-elementor-open-lightbox=\"yes\" data-elementor-lightbox-slideshow=\"4561ef0\" data-elementor-lightbox-title=\"Oaza Konin (15)\" data-e-action-hash=\"#elementor-action%3Aaction%3Dlightbox%26settings%3DeyJpZCI6NTU3NDAsInVybCI6Imh0dHBzOlwvXC93d3cubGljaGVuLnBsXC93cC1jb250ZW50XC91cGxvYWRzXC8yMDIzXC8wN1wvT2F6YS1Lb25pbi0xNS5qcGciLCJzbGlkZXNob3ciOiI0NTYxZWYwIn0%3D\" href='https:\/\/www.lichen.pl\/wp-content\/uploads\/2023\/07\/Oaza-Konin-15.jpg'><img loading=\"lazy\" width=\"150\" height=\"150\" src=\"https:\/\/www.lichen.pl\/wp-content\/uploads\/2023\/07\/Oaza-Konin-15-150x150.jpg\" class=\"attachment-thumbnail size-thumbnail\" alt=\"\" decoding=\"async\" srcset=\"https:\/\/www.lichen.pl\/wp-content\/uploads\/2023\/07\/Oaza-Konin-15-150x150.jpg 150w, https:\/\/www.lichen.pl\/wp-content\/uploads\/2023\/07\/Oaza-Konin-15-300x300.jpg 300w\" sizes=\"(max-width: 150px) 100vw, 150px\" \/><\/a>\n\t\t\t<\/div><\/figure><figure class='gallery-item'>\n\t\t\t<div class='gallery-icon landscape'>\n\t\t\t\t<a data-elementor-open-lightbox=\"yes\" data-elementor-lightbox-slideshow=\"4561ef0\" data-elementor-lightbox-title=\"Oaza Konin (16)\" data-e-action-hash=\"#elementor-action%3Aaction%3Dlightbox%26settings%3DeyJpZCI6NTU3NDEsInVybCI6Imh0dHBzOlwvXC93d3cubGljaGVuLnBsXC93cC1jb250ZW50XC91cGxvYWRzXC8yMDIzXC8wN1wvT2F6YS1Lb25pbi0xNi5qcGciLCJzbGlkZXNob3ciOiI0NTYxZWYwIn0%3D\" href='https:\/\/www.lichen.pl\/wp-content\/uploads\/2023\/07\/Oaza-Konin-16.jpg'><img loading=\"lazy\" width=\"150\" height=\"150\" src=\"https:\/\/www.lichen.pl\/wp-content\/uploads\/2023\/07\/Oaza-Konin-16-150x150.jpg\" class=\"attachment-thumbnail size-thumbnail\" alt=\"\" decoding=\"async\" srcset=\"https:\/\/www.lichen.pl\/wp-content\/uploads\/2023\/07\/Oaza-Konin-16-150x150.jpg 150w, https:\/\/www.lichen.pl\/wp-content\/uploads\/2023\/07\/Oaza-Konin-16-300x300.jpg 300w\" sizes=\"(max-width: 150px) 100vw, 150px\" \/><\/a>\n\t\t\t<\/div><\/figure><figure class='gallery-item'>\n\t\t\t<div class='gallery-icon portrait'>\n\t\t\t\t<a data-elementor-open-lightbox=\"yes\" data-elementor-lightbox-slideshow=\"4561ef0\" data-elementor-lightbox-title=\"Oaza Konin (17)\" data-e-action-hash=\"#elementor-action%3Aaction%3Dlightbox%26settings%3DeyJpZCI6NTU3NDIsInVybCI6Imh0dHBzOlwvXC93d3cubGljaGVuLnBsXC93cC1jb250ZW50XC91cGxvYWRzXC8yMDIzXC8wN1wvT2F6YS1Lb25pbi0xNy5qcGciLCJzbGlkZXNob3ciOiI0NTYxZWYwIn0%3D\" href='https:\/\/www.lichen.pl\/wp-content\/uploads\/2023\/07\/Oaza-Konin-17.jpg'><img loading=\"lazy\" width=\"150\" height=\"150\" src=\"https:\/\/www.lichen.pl\/wp-content\/uploads\/2023\/07\/Oaza-Konin-17-150x150.jpg\" class=\"attachment-thumbnail size-thumbnail\" alt=\"\" decoding=\"async\" srcset=\"https:\/\/www.lichen.pl\/wp-content\/uploads\/2023\/07\/Oaza-Konin-17-150x150.jpg 150w, https:\/\/www.lichen.pl\/wp-content\/uploads\/2023\/07\/Oaza-Konin-17-300x300.jpg 300w\" sizes=\"(max-width: 150px) 100vw, 150px\" \/><\/a>\n\t\t\t<\/div><\/figure>\n\t\t<\/div>\n\t\t<\/div>\n\t\t\t\t\t\t<\/div>\n\t\t\t\t<\/div>\n\t\t\t\t\t<\/div>\n\t\t<\/div>\n\t\t\t\t\t<\/div>\n\t\t<\/section>\n\t\t\t\t<\/div>","protected":false},"excerpt":{"rendered":"<p>Od 11 lipca w Sanktuarium Matki Bo\u017cej Liche\u0144skiej trwa Oaza Chorych i Niepe\u0142nosprawnych regionu koni\u0144skiego. We wczasorekolekcjach bierze udzia\u0142 oko\u0142o 130 os\u00f3b: 35 os\u00f3b z niepe\u0142nosprawno\u015bciami, poruszaj\u0105cych si\u0119 na w\u00f3zkach, 6 os\u00f3b samodzielnych z niepe\u0142nosprawno\u015bciami intelektualnymi i 10 seniorek oraz wolontariusze. Tegorocznej Oazie Chorych i Niepe\u0142nosprawnych towarzyszy koptyjska ikona Jezusa i \u015bw. Menasa \u2013 nazywana [&hellip;]<\/p>\n","protected":false},"author":5,"featured_media":55714,"comment_status":"closed","ping_status":"closed","sticky":false,"template":"","format":"standard","meta":{"footnotes":""},"categories":[1],"tags":[],"class_list":["post-55712","post","type-post","status-publish","format-standard","has-post-thumbnail","hentry","category-aktualnosci","wpbf-post"],"yoast_head":"<!-- This site is optimized with the Yoast SEO plugin v27.4 - https:\/\/yoast.com\/product\/yoast-seo-wordpress\/ -->\n<title>Pomoc ich uskrzydla \u2013 Oaza Chorych i Niepe\u0142nosprawnych rejonu koni\u0144skiego - SANKTUARIUM W LICHENIU<\/title>\n<meta name=\"robots\" content=\"index, follow, max-snippet:-1, max-image-preview:large, max-video-preview:-1\" \/>\n<link rel=\"canonical\" href=\"https:\/\/www.lichen.pl\/es\/oaza-chorych-i-niepelnosprawnych-konin\/\" \/>\n<meta property=\"og:locale\" content=\"es_ES\" \/>\n<meta property=\"og:type\" content=\"article\" \/>\n<meta property=\"og:title\" content=\"Pomoc ich uskrzydla \u2013 Oaza Chorych i Niepe\u0142nosprawnych rejonu koni\u0144skiego - SANKTUARIUM W LICHENIU\" \/>\n<meta property=\"og:description\" content=\"Od 11 lipca w Sanktuarium Matki Bo\u017cej Liche\u0144skiej trwa Oaza Chorych i Niepe\u0142nosprawnych regionu koni\u0144skiego. We wczasorekolekcjach bierze udzia\u0142 oko\u0142o 130 os\u00f3b: 35 os\u00f3b z niepe\u0142nosprawno\u015bciami, poruszaj\u0105cych si\u0119 na w\u00f3zkach, 6 os\u00f3b samodzielnych z niepe\u0142nosprawno\u015bciami intelektualnymi i 10 seniorek oraz wolontariusze. Tegorocznej Oazie Chorych i Niepe\u0142nosprawnych towarzyszy koptyjska ikona Jezusa i \u015bw. Menasa \u2013 nazywana [&hellip;]\" \/>\n<meta property=\"og:url\" content=\"https:\/\/www.lichen.pl\/es\/oaza-chorych-i-niepelnosprawnych-konin\/\" \/>\n<meta property=\"og:site_name\" content=\"SANKTUARIUM W LICHENIU\" \/>\n<meta property=\"article:published_time\" content=\"2023-07-20T15:22:39+00:00\" \/>\n<meta property=\"article:modified_time\" content=\"2023-07-20T15:37:45+00:00\" \/>\n<meta property=\"og:image\" content=\"https:\/\/www.lichen.pl\/wp-content\/uploads\/2023\/07\/oaza-2-1024x683.jpg\" \/>\n\t<meta property=\"og:image:width\" content=\"1024\" \/>\n\t<meta property=\"og:image:height\" content=\"683\" \/>\n\t<meta property=\"og:image:type\" content=\"image\/jpeg\" \/>\n<meta name=\"author\" content=\"Justyna Zacharek\" \/>\n<meta name=\"twitter:card\" content=\"summary_large_image\" \/>\n<meta name=\"twitter:label1\" content=\"Escrito por\" \/>\n\t<meta name=\"twitter:data1\" content=\"Justyna Zacharek\" \/>\n\t<meta name=\"twitter:label2\" content=\"Tiempo de lectura\" \/>\n\t<meta name=\"twitter:data2\" content=\"8 minutos\" \/>\n<script type=\"application\/ld+json\" class=\"yoast-schema-graph\">{\"@context\":\"https:\\\/\\\/schema.org\",\"@graph\":[{\"@type\":\"Article\",\"@id\":\"https:\\\/\\\/www.lichen.pl\\\/oaza-chorych-i-niepelnosprawnych-konin\\\/#article\",\"isPartOf\":{\"@id\":\"https:\\\/\\\/www.lichen.pl\\\/oaza-chorych-i-niepelnosprawnych-konin\\\/\"},\"author\":{\"name\":\"Justyna Zacharek\",\"@id\":\"https:\\\/\\\/www.lichen.pl\\\/fr\\\/#\\\/schema\\\/person\\\/9f57a1408d363022abd305da0323b703\"},\"headline\":\"Pomoc ich uskrzydla \u2013 Oaza Chorych i Niepe\u0142nosprawnych rejonu koni\u0144skiego\",\"datePublished\":\"2023-07-20T15:22:39+00:00\",\"dateModified\":\"2023-07-20T15:37:45+00:00\",\"mainEntityOfPage\":{\"@id\":\"https:\\\/\\\/www.lichen.pl\\\/oaza-chorych-i-niepelnosprawnych-konin\\\/\"},\"wordCount\":548,\"image\":{\"@id\":\"https:\\\/\\\/www.lichen.pl\\\/oaza-chorych-i-niepelnosprawnych-konin\\\/#primaryimage\"},\"thumbnailUrl\":\"https:\\\/\\\/www.lichen.pl\\\/wp-content\\\/uploads\\\/2023\\\/07\\\/oaza-2.jpg\",\"articleSection\":[\"Aktualno\u015bci\"],\"inLanguage\":\"es\"},{\"@type\":\"WebPage\",\"@id\":\"https:\\\/\\\/www.lichen.pl\\\/oaza-chorych-i-niepelnosprawnych-konin\\\/\",\"url\":\"https:\\\/\\\/www.lichen.pl\\\/oaza-chorych-i-niepelnosprawnych-konin\\\/\",\"name\":\"Pomoc ich uskrzydla \u2013 Oaza Chorych i Niepe\u0142nosprawnych rejonu koni\u0144skiego - SANKTUARIUM W LICHENIU\",\"isPartOf\":{\"@id\":\"https:\\\/\\\/www.lichen.pl\\\/fr\\\/#website\"},\"primaryImageOfPage\":{\"@id\":\"https:\\\/\\\/www.lichen.pl\\\/oaza-chorych-i-niepelnosprawnych-konin\\\/#primaryimage\"},\"image\":{\"@id\":\"https:\\\/\\\/www.lichen.pl\\\/oaza-chorych-i-niepelnosprawnych-konin\\\/#primaryimage\"},\"thumbnailUrl\":\"https:\\\/\\\/www.lichen.pl\\\/wp-content\\\/uploads\\\/2023\\\/07\\\/oaza-2.jpg\",\"datePublished\":\"2023-07-20T15:22:39+00:00\",\"dateModified\":\"2023-07-20T15:37:45+00:00\",\"author\":{\"@id\":\"https:\\\/\\\/www.lichen.pl\\\/fr\\\/#\\\/schema\\\/person\\\/9f57a1408d363022abd305da0323b703\"},\"breadcrumb\":{\"@id\":\"https:\\\/\\\/www.lichen.pl\\\/oaza-chorych-i-niepelnosprawnych-konin\\\/#breadcrumb\"},\"inLanguage\":\"es\",\"potentialAction\":[{\"@type\":\"ReadAction\",\"target\":[\"https:\\\/\\\/www.lichen.pl\\\/oaza-chorych-i-niepelnosprawnych-konin\\\/\"]}]},{\"@type\":\"ImageObject\",\"inLanguage\":\"es\",\"@id\":\"https:\\\/\\\/www.lichen.pl\\\/oaza-chorych-i-niepelnosprawnych-konin\\\/#primaryimage\",\"url\":\"https:\\\/\\\/www.lichen.pl\\\/wp-content\\\/uploads\\\/2023\\\/07\\\/oaza-2.jpg\",\"contentUrl\":\"https:\\\/\\\/www.lichen.pl\\\/wp-content\\\/uploads\\\/2023\\\/07\\\/oaza-2.jpg\",\"width\":1920,\"height\":1280},{\"@type\":\"BreadcrumbList\",\"@id\":\"https:\\\/\\\/www.lichen.pl\\\/oaza-chorych-i-niepelnosprawnych-konin\\\/#breadcrumb\",\"itemListElement\":[{\"@type\":\"ListItem\",\"position\":1,\"name\":\"Strona g\u0142\u00f3wna\",\"item\":\"https:\\\/\\\/www.lichen.pl\\\/\"},{\"@type\":\"ListItem\",\"position\":2,\"name\":\"Pomoc ich uskrzydla \u2013 Oaza Chorych i Niepe\u0142nosprawnych rejonu koni\u0144skiego\"}]},{\"@type\":\"WebSite\",\"@id\":\"https:\\\/\\\/www.lichen.pl\\\/fr\\\/#website\",\"url\":\"https:\\\/\\\/www.lichen.pl\\\/fr\\\/\",\"name\":\"SANKTUARIUM W LICHENIU\",\"description\":\"MATKI BO\u017bEJ LICHE\u0143SKIEJ BOLESNEJ KR\u00d3LOWEJ POLSKI\",\"potentialAction\":[{\"@type\":\"SearchAction\",\"target\":{\"@type\":\"EntryPoint\",\"urlTemplate\":\"https:\\\/\\\/www.lichen.pl\\\/fr\\\/?s={search_term_string}\"},\"query-input\":{\"@type\":\"PropertyValueSpecification\",\"valueRequired\":true,\"valueName\":\"search_term_string\"}}],\"inLanguage\":\"es\"},{\"@type\":\"Person\",\"@id\":\"https:\\\/\\\/www.lichen.pl\\\/fr\\\/#\\\/schema\\\/person\\\/9f57a1408d363022abd305da0323b703\",\"name\":\"Justyna Zacharek\",\"image\":{\"@type\":\"ImageObject\",\"inLanguage\":\"es\",\"@id\":\"https:\\\/\\\/secure.gravatar.com\\\/avatar\\\/7be193626a4fb4d6a7d53a7686c3bbf938efff653c427e0182457b838e9d2c3b?s=96&d=retro&r=g\",\"url\":\"https:\\\/\\\/secure.gravatar.com\\\/avatar\\\/7be193626a4fb4d6a7d53a7686c3bbf938efff653c427e0182457b838e9d2c3b?s=96&d=retro&r=g\",\"contentUrl\":\"https:\\\/\\\/secure.gravatar.com\\\/avatar\\\/7be193626a4fb4d6a7d53a7686c3bbf938efff653c427e0182457b838e9d2c3b?s=96&d=retro&r=g\",\"caption\":\"Justyna Zacharek\"},\"url\":\"https:\\\/\\\/www.lichen.pl\\\/es\\\/author\\\/justyna\\\/\"}]}<\/script>\n<!-- \/ Yoast SEO plugin. -->","yoast_head_json":{"title":"Pomoc ich uskrzydla \u2013 Oaza Chorych i Niepe\u0142nosprawnych rejonu koni\u0144skiego - SANKTUARIUM W LICHENIU","robots":{"index":"index","follow":"follow","max-snippet":"max-snippet:-1","max-image-preview":"max-image-preview:large","max-video-preview":"max-video-preview:-1"},"canonical":"https:\/\/www.lichen.pl\/es\/oaza-chorych-i-niepelnosprawnych-konin\/","og_locale":"es_ES","og_type":"article","og_title":"Pomoc ich uskrzydla \u2013 Oaza Chorych i Niepe\u0142nosprawnych rejonu koni\u0144skiego - SANKTUARIUM W LICHENIU","og_description":"Od 11 lipca w Sanktuarium Matki Bo\u017cej Liche\u0144skiej trwa Oaza Chorych i Niepe\u0142nosprawnych regionu koni\u0144skiego. We wczasorekolekcjach bierze udzia\u0142 oko\u0142o 130 os\u00f3b: 35 os\u00f3b z niepe\u0142nosprawno\u015bciami, poruszaj\u0105cych si\u0119 na w\u00f3zkach, 6 os\u00f3b samodzielnych z niepe\u0142nosprawno\u015bciami intelektualnymi i 10 seniorek oraz wolontariusze. Tegorocznej Oazie Chorych i Niepe\u0142nosprawnych towarzyszy koptyjska ikona Jezusa i \u015bw. Menasa \u2013 nazywana [&hellip;]","og_url":"https:\/\/www.lichen.pl\/es\/oaza-chorych-i-niepelnosprawnych-konin\/","og_site_name":"SANKTUARIUM W LICHENIU","article_published_time":"2023-07-20T15:22:39+00:00","article_modified_time":"2023-07-20T15:37:45+00:00","og_image":[{"width":1024,"height":683,"url":"https:\/\/www.lichen.pl\/wp-content\/uploads\/2023\/07\/oaza-2-1024x683.jpg","type":"image\/jpeg"}],"author":"Justyna Zacharek","twitter_card":"summary_large_image","twitter_misc":{"Escrito por":"Justyna Zacharek","Tiempo de lectura":"8 minutos"},"schema":{"@context":"https:\/\/schema.org","@graph":[{"@type":"Article","@id":"https:\/\/www.lichen.pl\/oaza-chorych-i-niepelnosprawnych-konin\/#article","isPartOf":{"@id":"https:\/\/www.lichen.pl\/oaza-chorych-i-niepelnosprawnych-konin\/"},"author":{"name":"Justyna Zacharek","@id":"https:\/\/www.lichen.pl\/fr\/#\/schema\/person\/9f57a1408d363022abd305da0323b703"},"headline":"Pomoc ich uskrzydla \u2013 Oaza Chorych i Niepe\u0142nosprawnych rejonu koni\u0144skiego","datePublished":"2023-07-20T15:22:39+00:00","dateModified":"2023-07-20T15:37:45+00:00","mainEntityOfPage":{"@id":"https:\/\/www.lichen.pl\/oaza-chorych-i-niepelnosprawnych-konin\/"},"wordCount":548,"image":{"@id":"https:\/\/www.lichen.pl\/oaza-chorych-i-niepelnosprawnych-konin\/#primaryimage"},"thumbnailUrl":"https:\/\/www.lichen.pl\/wp-content\/uploads\/2023\/07\/oaza-2.jpg","articleSection":["Aktualno\u015bci"],"inLanguage":"es"},{"@type":"WebPage","@id":"https:\/\/www.lichen.pl\/oaza-chorych-i-niepelnosprawnych-konin\/","url":"https:\/\/www.lichen.pl\/oaza-chorych-i-niepelnosprawnych-konin\/","name":"Pomoc ich uskrzydla \u2013 Oaza Chorych i Niepe\u0142nosprawnych rejonu koni\u0144skiego - SANKTUARIUM W LICHENIU","isPartOf":{"@id":"https:\/\/www.lichen.pl\/fr\/#website"},"primaryImageOfPage":{"@id":"https:\/\/www.lichen.pl\/oaza-chorych-i-niepelnosprawnych-konin\/#primaryimage"},"image":{"@id":"https:\/\/www.lichen.pl\/oaza-chorych-i-niepelnosprawnych-konin\/#primaryimage"},"thumbnailUrl":"https:\/\/www.lichen.pl\/wp-content\/uploads\/2023\/07\/oaza-2.jpg","datePublished":"2023-07-20T15:22:39+00:00","dateModified":"2023-07-20T15:37:45+00:00","author":{"@id":"https:\/\/www.lichen.pl\/fr\/#\/schema\/person\/9f57a1408d363022abd305da0323b703"},"breadcrumb":{"@id":"https:\/\/www.lichen.pl\/oaza-chorych-i-niepelnosprawnych-konin\/#breadcrumb"},"inLanguage":"es","potentialAction":[{"@type":"ReadAction","target":["https:\/\/www.lichen.pl\/oaza-chorych-i-niepelnosprawnych-konin\/"]}]},{"@type":"ImageObject","inLanguage":"es","@id":"https:\/\/www.lichen.pl\/oaza-chorych-i-niepelnosprawnych-konin\/#primaryimage","url":"https:\/\/www.lichen.pl\/wp-content\/uploads\/2023\/07\/oaza-2.jpg","contentUrl":"https:\/\/www.lichen.pl\/wp-content\/uploads\/2023\/07\/oaza-2.jpg","width":1920,"height":1280},{"@type":"BreadcrumbList","@id":"https:\/\/www.lichen.pl\/oaza-chorych-i-niepelnosprawnych-konin\/#breadcrumb","itemListElement":[{"@type":"ListItem","position":1,"name":"Strona g\u0142\u00f3wna","item":"https:\/\/www.lichen.pl\/"},{"@type":"ListItem","position":2,"name":"Pomoc ich uskrzydla \u2013 Oaza Chorych i Niepe\u0142nosprawnych rejonu koni\u0144skiego"}]},{"@type":"WebSite","@id":"https:\/\/www.lichen.pl\/fr\/#website","url":"https:\/\/www.lichen.pl\/fr\/","name":"SANTUARIO EN LICHENIA","description":"LA DOLOROSA REINA DE POLONIA DE NUESTRO LICHEN","potentialAction":[{"@type":"SearchAction","target":{"@type":"EntryPoint","urlTemplate":"https:\/\/www.lichen.pl\/fr\/?s={search_term_string}"},"query-input":{"@type":"PropertyValueSpecification","valueRequired":true,"valueName":"search_term_string"}}],"inLanguage":"es"},{"@type":"Person","@id":"https:\/\/www.lichen.pl\/fr\/#\/schema\/person\/9f57a1408d363022abd305da0323b703","name":"Justyna Zacharek","image":{"@type":"ImageObject","inLanguage":"es","@id":"https:\/\/secure.gravatar.com\/avatar\/7be193626a4fb4d6a7d53a7686c3bbf938efff653c427e0182457b838e9d2c3b?s=96&d=retro&r=g","url":"https:\/\/secure.gravatar.com\/avatar\/7be193626a4fb4d6a7d53a7686c3bbf938efff653c427e0182457b838e9d2c3b?s=96&d=retro&r=g","contentUrl":"https:\/\/secure.gravatar.com\/avatar\/7be193626a4fb4d6a7d53a7686c3bbf938efff653c427e0182457b838e9d2c3b?s=96&d=retro&r=g","caption":"Justyna Zacharek"},"url":"https:\/\/www.lichen.pl\/es\/author\/justyna\/"}]}},"_links":{"self":[{"href":"https:\/\/www.lichen.pl\/es\/wp-json\/wp\/v2\/posts\/55712","targetHints":{"allow":["GET"]}}],"collection":[{"href":"https:\/\/www.lichen.pl\/es\/wp-json\/wp\/v2\/posts"}],"about":[{"href":"https:\/\/www.lichen.pl\/es\/wp-json\/wp\/v2\/types\/post"}],"author":[{"embeddable":true,"href":"https:\/\/www.lichen.pl\/es\/wp-json\/wp\/v2\/users\/5"}],"replies":[{"embeddable":true,"href":"https:\/\/www.lichen.pl\/es\/wp-json\/wp\/v2\/comments?post=55712"}],"version-history":[{"count":4,"href":"https:\/\/www.lichen.pl\/es\/wp-json\/wp\/v2\/posts\/55712\/revisions"}],"predecessor-version":[{"id":55745,"href":"https:\/\/www.lichen.pl\/es\/wp-json\/wp\/v2\/posts\/55712\/revisions\/55745"}],"wp:featuredmedia":[{"embeddable":true,"href":"https:\/\/www.lichen.pl\/es\/wp-json\/wp\/v2\/media\/55714"}],"wp:attachment":[{"href":"https:\/\/www.lichen.pl\/es\/wp-json\/wp\/v2\/media?parent=55712"}],"wp:term":[{"taxonomy":"category","embeddable":true,"href":"https:\/\/www.lichen.pl\/es\/wp-json\/wp\/v2\/categories?post=55712"},{"taxonomy":"post_tag","embeddable":true,"href":"https:\/\/www.lichen.pl\/es\/wp-json\/wp\/v2\/tags?post=55712"}],"curies":[{"name":"wp","href":"https:\/\/api.w.org\/{rel}","templated":true}]}}