{"id":56842,"date":"2023-08-06T11:21:50","date_gmt":"2023-08-06T09:21:50","guid":{"rendered":"https:\/\/www.lichen.pl\/?p=56842"},"modified":"2023-08-06T11:29:25","modified_gmt":"2023-08-06T09:29:25","slug":"42-kaszubska","status":"publish","type":"post","link":"https:\/\/www.lichen.pl\/es\/42-kaszubska\/","title":{"rendered":"42. Kaszubska Piesza Pielgrzymka na Jasn\u0105 G\u00f3r\u0119"},"content":{"rendered":"<div data-elementor-type=\"wp-post\" data-elementor-id=\"56842\" class=\"elementor elementor-56842\" data-elementor-post-type=\"post\">\n\t\t\t\t\t\t<section class=\"elementor-section elementor-top-section elementor-element elementor-element-3ff6a8a elementor-section-boxed elementor-section-height-default elementor-section-height-default\" data-id=\"3ff6a8a\" data-element_type=\"section\" data-e-type=\"section\">\n\t\t\t\t\t\t<div class=\"elementor-container elementor-column-gap-default\">\n\t\t\t\t\t<div class=\"elementor-column elementor-col-100 elementor-top-column elementor-element elementor-element-41034f6\" data-id=\"41034f6\" data-element_type=\"column\" data-e-type=\"column\">\n\t\t\t<div class=\"elementor-widget-wrap elementor-element-populated\">\n\t\t\t\t\t\t<div class=\"elementor-element elementor-element-4843dcd elementor-widget elementor-widget-heading\" data-id=\"4843dcd\" data-element_type=\"widget\" data-e-type=\"widget\" data-widget_type=\"heading.default\">\n\t\t\t\t<div class=\"elementor-widget-container\">\n\t\t\t\t\t<h2 class=\"elementor-heading-title elementor-size-default\">638 kilometr\u00f3w pokonaj\u0105 uczestnicy 42. Kaszubskiej Pieszej Pielgrzymki z Helu na Jasn\u0105 G\u00f3r\u0119. Ponad 100 osobowa grupa p\u0105tnik\u00f3w, kt\u00f3rzy wyruszyli 25 lipca z Helu, dotar\u0142a w niedzielny poranek do liche\u0144skiego sanktuarium. P\u0105tnik\u00f3w w bazylice powita\u0142 ks. Jaros\u0142aw Hybza MIC, dyrektor Liche\u0144skiego Centrum Pomocy Rodzinie i Osobom Uzale\u017cnionym. Po modlitwie w \u015bwi\u0105tyni i zawierzeniu Matce Bo\u017cej Liche\u0144skiej, Bolesnej Kr\u00f3lowej Polski, pielgrzymi udali si\u0119 na odpoczynek i \u015bniadanie.<\/h2>\t\t\t\t<\/div>\n\t\t\t\t<\/div>\n\t\t\t\t\t<\/div>\n\t\t<\/div>\n\t\t\t\t\t<\/div>\n\t\t<\/section>\n\t\t\t\t<section class=\"elementor-section elementor-top-section elementor-element elementor-element-118c61b elementor-section-boxed elementor-section-height-default elementor-section-height-default\" data-id=\"118c61b\" data-element_type=\"section\" data-e-type=\"section\">\n\t\t\t\t\t\t<div class=\"elementor-container elementor-column-gap-default\">\n\t\t\t\t\t<div class=\"elementor-column elementor-col-100 elementor-top-column elementor-element elementor-element-970a780\" data-id=\"970a780\" data-element_type=\"column\" data-e-type=\"column\">\n\t\t\t<div class=\"elementor-widget-wrap elementor-element-populated\">\n\t\t\t\t\t\t<section class=\"elementor-section elementor-inner-section elementor-element elementor-element-f15aea1 elementor-section-boxed elementor-section-height-default elementor-section-height-default\" data-id=\"f15aea1\" data-element_type=\"section\" data-e-type=\"section\">\n\t\t\t\t\t\t<div class=\"elementor-container elementor-column-gap-default\">\n\t\t\t\t\t<div class=\"elementor-column elementor-col-50 elementor-inner-column elementor-element elementor-element-f44494d\" data-id=\"f44494d\" data-element_type=\"column\" data-e-type=\"column\">\n\t\t\t<div class=\"elementor-widget-wrap elementor-element-populated\">\n\t\t\t\t\t\t<div class=\"elementor-element elementor-element-23d238b elementor-widget elementor-widget-image\" data-id=\"23d238b\" data-element_type=\"widget\" data-e-type=\"widget\" data-widget_type=\"image.default\">\n\t\t\t\t<div class=\"elementor-widget-container\">\n\t\t\t\t\t\t\t\t\t\t\t\t\t\t\t<img fetchpriority=\"high\" decoding=\"async\" width=\"1024\" height=\"683\" src=\"https:\/\/www.lichen.pl\/wp-content\/uploads\/2023\/08\/IMG_0745-1024x683.jpg\" class=\"attachment-large size-large wp-image-56843\" alt=\"\" srcset=\"https:\/\/www.lichen.pl\/wp-content\/uploads\/2023\/08\/IMG_0745-1024x683.jpg 1024w, https:\/\/www.lichen.pl\/wp-content\/uploads\/2023\/08\/IMG_0745-800x533.jpg 800w, https:\/\/www.lichen.pl\/wp-content\/uploads\/2023\/08\/IMG_0745-300x200.jpg 300w, https:\/\/www.lichen.pl\/wp-content\/uploads\/2023\/08\/IMG_0745-768x512.jpg 768w, https:\/\/www.lichen.pl\/wp-content\/uploads\/2023\/08\/IMG_0745-1536x1024.jpg 1536w, https:\/\/www.lichen.pl\/wp-content\/uploads\/2023\/08\/IMG_0745-2048x1365.jpg 2048w, https:\/\/www.lichen.pl\/wp-content\/uploads\/2023\/08\/IMG_0745-18x12.jpg 18w, https:\/\/www.lichen.pl\/wp-content\/uploads\/2023\/08\/IMG_0745.jpg 1920w\" sizes=\"(max-width: 1024px) 100vw, 1024px\" \/>\t\t\t\t\t\t\t\t\t\t\t\t\t\t\t<\/div>\n\t\t\t\t<\/div>\n\t\t\t\t\t<\/div>\n\t\t<\/div>\n\t\t\t\t<div class=\"elementor-column elementor-col-50 elementor-inner-column elementor-element elementor-element-33926f9\" data-id=\"33926f9\" data-element_type=\"column\" data-e-type=\"column\">\n\t\t\t<div class=\"elementor-widget-wrap elementor-element-populated\">\n\t\t\t\t\t\t<div class=\"elementor-element elementor-element-d1aa6fe elementor-widget elementor-widget-text-editor\" data-id=\"d1aa6fe\" data-element_type=\"widget\" data-e-type=\"widget\" data-widget_type=\"text-editor.default\">\n\t\t\t\t<div class=\"elementor-widget-container\">\n\t\t\t\t\t\t\t\t\t<div class=\"x11i5rnm xat24cr x1mh8g0r x1vvkbs xtlvy1s x126k92a\"><div dir=\"auto\">\u2013 Idziemy z has\u0142em \u015awiatowych Dni M\u0142odzie\u017cy. \u0141\u0105czymy si\u0119 duchowo z Ojcem \u015awi\u0119tym i m\u0142odzie\u017c\u0105, kt\u00f3ra jest na \u015aDM w Lizbonie. Rozwa\u017camy s\u0142owo \u201eMaryja wsta\u0142a i posz\u0142a z po\u015bpiechem\u201d. Takie s\u0105 te\u017c tematy naszych konferencji. Poznajemy Maryj\u0119 i Jej postaw\u0119, dogmaty i nauczanie Ko\u015bcio\u0142a na temat Matki Bo\u017cej. W ten spos\u00f3b staramy si\u0119 nasze pielgrzymkowe dni prze\u017cywa\u0107 \u2013 opowiada kierownik pielgrzymki, ks. Robert Jahns, kt\u00f3ry w bierze w niej udzia\u0142 po raz 21.<\/div><\/div><div class=\"x11i5rnm xat24cr x1mh8g0r x1vvkbs xtlvy1s x126k92a\"><div dir=\"auto\">W pielgrzymce idzie oko\u0142o 110 os\u00f3b. Grupa jest na najtrudniejszym odcinku swojej drogi. Przez 5 dni przechodz\u0105 codziennie ponad 40 km.<\/div><\/div>\t\t\t\t\t\t\t\t<\/div>\n\t\t\t\t<\/div>\n\t\t\t\t\t<\/div>\n\t\t<\/div>\n\t\t\t\t\t<\/div>\n\t\t<\/section>\n\t\t\t\t\t<\/div>\n\t\t<\/div>\n\t\t\t\t\t<\/div>\n\t\t<\/section>\n\t\t\t\t<section class=\"elementor-section elementor-top-section elementor-element elementor-element-9fedcfa elementor-section-boxed elementor-section-height-default elementor-section-height-default\" data-id=\"9fedcfa\" data-element_type=\"section\" data-e-type=\"section\">\n\t\t\t\t\t\t<div class=\"elementor-container elementor-column-gap-default\">\n\t\t\t\t\t<div class=\"elementor-column elementor-col-100 elementor-top-column elementor-element elementor-element-9c34ce4\" data-id=\"9c34ce4\" data-element_type=\"column\" data-e-type=\"column\">\n\t\t\t<div class=\"elementor-widget-wrap elementor-element-populated\">\n\t\t\t\t\t\t<div class=\"elementor-element elementor-element-dc1233b elementor-widget elementor-widget-text-editor\" data-id=\"dc1233b\" data-element_type=\"widget\" data-e-type=\"widget\" data-widget_type=\"text-editor.default\">\n\t\t\t\t<div class=\"elementor-widget-container\">\n\t\t\t\t\t\t\t\t\t<div class=\"x11i5rnm xat24cr x1mh8g0r x1vvkbs xtlvy1s x126k92a\">\u00a0<\/div><div class=\"x11i5rnm xat24cr x1mh8g0r x1vvkbs xtlvy1s x126k92a\"><div dir=\"auto\">\u2013Mamy 19 dni drogi. Idziemy 638 km. To jest du\u017co. Zar\u00f3wno pod wzgl\u0119dem odleg\u0142o\u015bci, jak i czasu. Nie ka\u017cdy mo\u017ce sobie pozwoli\u0107, na to, by wzi\u0105\u0107 tyle urlopu. Sporo os\u00f3b idzie z nami na pocz\u0105tkowych etapach lub do\u0142\u0105cza na ostatnie dni pielgrzymowania \u2013 wyja\u015bnia ks. Jahns. \u2013 Mamy tak\u017ce bardzo szybkie tempo marszu \u2013 oko\u0142o 5,5-6km\/h, kt\u00f3re w warunkach niesprzyjaj\u0105cej pogody potrafimy podkr\u0119ci\u0107 nawet do 8km\/h. \u201eKaszubski Express\u201d &#8211; tak nas kiedy\u015b nazwano i jeste\u015bmy dumni z tego okre\u015blenia \u2013 pisz\u0105 organizatorzy na stronie internetowej pielgrzymki.<\/div><div dir=\"auto\"><div class=\"x11i5rnm xat24cr x1mh8g0r x1vvkbs xtlvy1s x126k92a\"><div dir=\"auto\">Z Kaszubami pielgrzymuje Barbara z Torunia, dla kt\u00f3rej jest to 12 wsp\u00f3lna droga, cho\u0107 w sumie pieszo na Jasn\u0105 G\u00f3r\u0119 pielgrzymowa\u0142a ju\u017c oko\u0142o 30 razy. \u2013 Pierwszy raz posz\u0142am, bo uzna\u0142am, ze z Torunia idzie si\u0119 troch\u0119 ma\u0142o dni. Ma\u0142o si\u0119 ch\u0142onie tej atmosfery. Nie jestem wytrwa\u0142a w modlitwie i raz do roku czuj\u0119, \u017ce musze to jakby \u201eodrobi\u0107\u201d \u2013 \u017cartuje kobieta. 19 dni p\u0105tniczej drogi to dla niej poszukiwanie nadziei u Boga \u2013 Podczas tej pielgrzymki zdobywam du\u017co wiedzy religijnej. Potrzebuj\u0119 umocnienia, nadziei, bo s\u0105 ostatnio w moim \u017cyciu trudne sytuacje i mam problem z ufno\u015bci\u0105 do Pana Boga \u2013 wyja\u015bnia p\u0105tniczka.<\/div><\/div><div class=\"x11i5rnm xat24cr x1mh8g0r x1vvkbs xtlvy1s x126k92a\"><div dir=\"auto\">W bazylice za\u015bpiewali pie\u015b\u0144 po kaszubsku. Na ich chustach pielgrzymkowych czy flagach dostrzec mo\u017cna motywy z pi\u0119knym kaszubskim haftem i nazwy miejscowo\u015bci pisane po kaszubsku. \u2013 Promujemy nasz\u0105 ma\u0142\u0105 kaszubsk\u0105 Ojczyzn\u0119 jak tylko si\u0119 da \u2013 pisz\u0105 organizatorzy na stronie internetowej pielgrzymki \u2013 Jeste\u015bmy bardzo rozmodlon\u0105 grup\u0105. Bez \u015bciemy, bez pustos\u0142owia. Gdy jest czas na \u015bmiech i zabaw\u0119, to si\u0119 bawimy, a gdy przychodzi czas refleksji, zanurzenia si\u0119 w Bogu, porozmawiania z Nim o wa\u017cnych sprawach, jeste\u015bmy cali dla Niego. A On dla nas. I z tej przyja\u017ani jeste\u015bmy naprawd\u0119 szcz\u0119\u015bliwi.<\/div><\/div><div class=\"x11i5rnm xat24cr x1mh8g0r x1vvkbs xtlvy1s x126k92a\"><div dir=\"auto\">Pielgrzymi w niedzielny poranek wyruszyli z Morzyczyna, by zako\u0144czy\u0107 dzie\u0144 w Kole, po przej\u015bciu 42,5 km. Na Jasn\u0105 G\u00f3r\u0119 dotr\u0105 12 sierpnia.<\/div><\/div><\/div><\/div>\t\t\t\t\t\t\t\t<\/div>\n\t\t\t\t<\/div>\n\t\t\t\t<div class=\"elementor-element elementor-element-d607b5d elementor-widget elementor-widget-image-gallery\" data-id=\"d607b5d\" data-element_type=\"widget\" data-e-type=\"widget\" data-widget_type=\"image-gallery.default\">\n\t\t\t\t<div class=\"elementor-widget-container\">\n\t\t\t\t\t\t\t<div class=\"elementor-image-gallery\">\n\t\t\t<div id='gallery-1' class='gallery galleryid-56842 gallery-columns-6 gallery-size-thumbnail'><figure class='gallery-item'>\n\t\t\t<div class='gallery-icon landscape'>\n\t\t\t\t<a data-elementor-open-lightbox=\"yes\" data-elementor-lightbox-slideshow=\"d607b5d\" data-elementor-lightbox-title=\"42. Kaszubska Pielgrzymka z Helu na Jasn\u0105 G\u00f3r\u0119\" data-e-action-hash=\"#elementor-action%3Aaction%3Dlightbox%26settings%3DeyJpZCI6NTY4NDMsInVybCI6Imh0dHBzOlwvXC93d3cubGljaGVuLnBsXC93cC1jb250ZW50XC91cGxvYWRzXC8yMDIzXC8wOFwvSU1HXzA3NDUuanBnIiwic2xpZGVzaG93IjoiZDYwN2I1ZCJ9\" href='https:\/\/www.lichen.pl\/wp-content\/uploads\/2023\/08\/IMG_0745.jpg'><img width=\"150\" height=\"150\" src=\"https:\/\/www.lichen.pl\/wp-content\/uploads\/2023\/08\/IMG_0745-150x150.jpg\" class=\"attachment-thumbnail size-thumbnail\" alt=\"\" decoding=\"async\" srcset=\"https:\/\/www.lichen.pl\/wp-content\/uploads\/2023\/08\/IMG_0745-150x150.jpg 150w, https:\/\/www.lichen.pl\/wp-content\/uploads\/2023\/08\/IMG_0745-300x300.jpg 300w\" sizes=\"(max-width: 150px) 100vw, 150px\" \/><\/a>\n\t\t\t<\/div><\/figure><figure class='gallery-item'>\n\t\t\t<div class='gallery-icon landscape'>\n\t\t\t\t<a data-elementor-open-lightbox=\"yes\" data-elementor-lightbox-slideshow=\"d607b5d\" data-elementor-lightbox-title=\"42. Kaszubska Pielgrzymka z Helu na Jasn\u0105 G\u00f3r\u0119\" data-e-action-hash=\"#elementor-action%3Aaction%3Dlightbox%26settings%3DeyJpZCI6NTY4NDQsInVybCI6Imh0dHBzOlwvXC93d3cubGljaGVuLnBsXC93cC1jb250ZW50XC91cGxvYWRzXC8yMDIzXC8wOFwvSU1HXzA3NDMuanBnIiwic2xpZGVzaG93IjoiZDYwN2I1ZCJ9\" href='https:\/\/www.lichen.pl\/wp-content\/uploads\/2023\/08\/IMG_0743.jpg'><img width=\"150\" height=\"150\" src=\"https:\/\/www.lichen.pl\/wp-content\/uploads\/2023\/08\/IMG_0743-150x150.jpg\" class=\"attachment-thumbnail size-thumbnail\" alt=\"\" decoding=\"async\" srcset=\"https:\/\/www.lichen.pl\/wp-content\/uploads\/2023\/08\/IMG_0743-150x150.jpg 150w, https:\/\/www.lichen.pl\/wp-content\/uploads\/2023\/08\/IMG_0743-300x300.jpg 300w\" sizes=\"(max-width: 150px) 100vw, 150px\" \/><\/a>\n\t\t\t<\/div><\/figure><figure class='gallery-item'>\n\t\t\t<div class='gallery-icon landscape'>\n\t\t\t\t<a data-elementor-open-lightbox=\"yes\" data-elementor-lightbox-slideshow=\"d607b5d\" data-elementor-lightbox-title=\"Kaszubska Pielgrzymka z Helu na Jasn\u0105 G\u00f3r\u0119 (2)\" data-e-action-hash=\"#elementor-action%3Aaction%3Dlightbox%26settings%3DeyJpZCI6NTY4NTYsInVybCI6Imh0dHBzOlwvXC93d3cubGljaGVuLnBsXC93cC1jb250ZW50XC91cGxvYWRzXC8yMDIzXC8wOFwvS2FzenVic2thLVBpZWxncnp5bWthLXotSGVsdS1uYS1KYXNuYS1Hb3JlLTIuanBnIiwic2xpZGVzaG93IjoiZDYwN2I1ZCJ9\" href='https:\/\/www.lichen.pl\/wp-content\/uploads\/2023\/08\/Kaszubska-Pielgrzymka-z-Helu-na-Jasna-Gore-2.jpg'><img loading=\"lazy\" width=\"150\" height=\"150\" src=\"https:\/\/www.lichen.pl\/wp-content\/uploads\/2023\/08\/Kaszubska-Pielgrzymka-z-Helu-na-Jasna-Gore-2-150x150.jpg\" class=\"attachment-thumbnail size-thumbnail\" alt=\"\" decoding=\"async\" srcset=\"https:\/\/www.lichen.pl\/wp-content\/uploads\/2023\/08\/Kaszubska-Pielgrzymka-z-Helu-na-Jasna-Gore-2-150x150.jpg 150w, https:\/\/www.lichen.pl\/wp-content\/uploads\/2023\/08\/Kaszubska-Pielgrzymka-z-Helu-na-Jasna-Gore-2-300x300.jpg 300w\" sizes=\"(max-width: 150px) 100vw, 150px\" \/><\/a>\n\t\t\t<\/div><\/figure><figure class='gallery-item'>\n\t\t\t<div class='gallery-icon landscape'>\n\t\t\t\t<a data-elementor-open-lightbox=\"yes\" data-elementor-lightbox-slideshow=\"d607b5d\" data-elementor-lightbox-title=\"Kaszubska Pielgrzymka z Helu na Jasn\u0105 G\u00f3r\u0119 (3)\" data-e-action-hash=\"#elementor-action%3Aaction%3Dlightbox%26settings%3DeyJpZCI6NTY4NTcsInVybCI6Imh0dHBzOlwvXC93d3cubGljaGVuLnBsXC93cC1jb250ZW50XC91cGxvYWRzXC8yMDIzXC8wOFwvS2FzenVic2thLVBpZWxncnp5bWthLXotSGVsdS1uYS1KYXNuYS1Hb3JlLTMuanBnIiwic2xpZGVzaG93IjoiZDYwN2I1ZCJ9\" href='https:\/\/www.lichen.pl\/wp-content\/uploads\/2023\/08\/Kaszubska-Pielgrzymka-z-Helu-na-Jasna-Gore-3.jpg'><img loading=\"lazy\" width=\"150\" height=\"150\" src=\"https:\/\/www.lichen.pl\/wp-content\/uploads\/2023\/08\/Kaszubska-Pielgrzymka-z-Helu-na-Jasna-Gore-3-150x150.jpg\" class=\"attachment-thumbnail size-thumbnail\" alt=\"\" decoding=\"async\" srcset=\"https:\/\/www.lichen.pl\/wp-content\/uploads\/2023\/08\/Kaszubska-Pielgrzymka-z-Helu-na-Jasna-Gore-3-150x150.jpg 150w, https:\/\/www.lichen.pl\/wp-content\/uploads\/2023\/08\/Kaszubska-Pielgrzymka-z-Helu-na-Jasna-Gore-3-300x300.jpg 300w\" sizes=\"(max-width: 150px) 100vw, 150px\" \/><\/a>\n\t\t\t<\/div><\/figure><figure class='gallery-item'>\n\t\t\t<div class='gallery-icon landscape'>\n\t\t\t\t<a data-elementor-open-lightbox=\"yes\" data-elementor-lightbox-slideshow=\"d607b5d\" data-elementor-lightbox-title=\"Kaszubska Pielgrzymka z Helu na Jasn\u0105 G\u00f3r\u0119 (1)\" data-e-action-hash=\"#elementor-action%3Aaction%3Dlightbox%26settings%3DeyJpZCI6NTY4NjgsInVybCI6Imh0dHBzOlwvXC93d3cubGljaGVuLnBsXC93cC1jb250ZW50XC91cGxvYWRzXC8yMDIzXC8wOFwvS2FzenVic2thLVBpZWxncnp5bWthLXotSGVsdS1uYS1KYXNuYS1Hb3JlLTEuanBnIiwic2xpZGVzaG93IjoiZDYwN2I1ZCJ9\" href='https:\/\/www.lichen.pl\/wp-content\/uploads\/2023\/08\/Kaszubska-Pielgrzymka-z-Helu-na-Jasna-Gore-1.jpg'><img loading=\"lazy\" width=\"150\" height=\"150\" src=\"https:\/\/www.lichen.pl\/wp-content\/uploads\/2023\/08\/Kaszubska-Pielgrzymka-z-Helu-na-Jasna-Gore-1-150x150.jpg\" class=\"attachment-thumbnail size-thumbnail\" alt=\"\" decoding=\"async\" srcset=\"https:\/\/www.lichen.pl\/wp-content\/uploads\/2023\/08\/Kaszubska-Pielgrzymka-z-Helu-na-Jasna-Gore-1-150x150.jpg 150w, https:\/\/www.lichen.pl\/wp-content\/uploads\/2023\/08\/Kaszubska-Pielgrzymka-z-Helu-na-Jasna-Gore-1-300x300.jpg 300w\" sizes=\"(max-width: 150px) 100vw, 150px\" \/><\/a>\n\t\t\t<\/div><\/figure><figure class='gallery-item'>\n\t\t\t<div class='gallery-icon landscape'>\n\t\t\t\t<a data-elementor-open-lightbox=\"yes\" data-elementor-lightbox-slideshow=\"d607b5d\" data-elementor-lightbox-title=\"42. Kaszubska Pielgrzymka z Helu na Jasn\u0105 G\u00f3r\u0119\" data-e-action-hash=\"#elementor-action%3Aaction%3Dlightbox%26settings%3DeyJpZCI6NTY4NDgsInVybCI6Imh0dHBzOlwvXC93d3cubGljaGVuLnBsXC93cC1jb250ZW50XC91cGxvYWRzXC8yMDIzXC8wOFwvSU1HXzA3MzkuanBnIiwic2xpZGVzaG93IjoiZDYwN2I1ZCJ9\" href='https:\/\/www.lichen.pl\/wp-content\/uploads\/2023\/08\/IMG_0739.jpg'><img loading=\"lazy\" width=\"150\" height=\"150\" src=\"https:\/\/www.lichen.pl\/wp-content\/uploads\/2023\/08\/IMG_0739-150x150.jpg\" class=\"attachment-thumbnail size-thumbnail\" alt=\"\" decoding=\"async\" srcset=\"https:\/\/www.lichen.pl\/wp-content\/uploads\/2023\/08\/IMG_0739-150x150.jpg 150w, https:\/\/www.lichen.pl\/wp-content\/uploads\/2023\/08\/IMG_0739-300x300.jpg 300w\" sizes=\"(max-width: 150px) 100vw, 150px\" \/><\/a>\n\t\t\t<\/div><\/figure><figure class='gallery-item'>\n\t\t\t<div class='gallery-icon landscape'>\n\t\t\t\t<a data-elementor-open-lightbox=\"yes\" data-elementor-lightbox-slideshow=\"d607b5d\" data-elementor-lightbox-title=\"Kaszubska Pielgrzymka z Helu na Jasn\u0105 G\u00f3r\u0119 (4)\" data-e-action-hash=\"#elementor-action%3Aaction%3Dlightbox%26settings%3DeyJpZCI6NTY4NTgsInVybCI6Imh0dHBzOlwvXC93d3cubGljaGVuLnBsXC93cC1jb250ZW50XC91cGxvYWRzXC8yMDIzXC8wOFwvS2FzenVic2thLVBpZWxncnp5bWthLXotSGVsdS1uYS1KYXNuYS1Hb3JlLTQuanBnIiwic2xpZGVzaG93IjoiZDYwN2I1ZCJ9\" href='https:\/\/www.lichen.pl\/wp-content\/uploads\/2023\/08\/Kaszubska-Pielgrzymka-z-Helu-na-Jasna-Gore-4.jpg'><img loading=\"lazy\" width=\"150\" height=\"150\" src=\"https:\/\/www.lichen.pl\/wp-content\/uploads\/2023\/08\/Kaszubska-Pielgrzymka-z-Helu-na-Jasna-Gore-4-150x150.jpg\" class=\"attachment-thumbnail size-thumbnail\" alt=\"\" decoding=\"async\" srcset=\"https:\/\/www.lichen.pl\/wp-content\/uploads\/2023\/08\/Kaszubska-Pielgrzymka-z-Helu-na-Jasna-Gore-4-150x150.jpg 150w, https:\/\/www.lichen.pl\/wp-content\/uploads\/2023\/08\/Kaszubska-Pielgrzymka-z-Helu-na-Jasna-Gore-4-300x300.jpg 300w\" sizes=\"(max-width: 150px) 100vw, 150px\" \/><\/a>\n\t\t\t<\/div><\/figure><figure class='gallery-item'>\n\t\t\t<div class='gallery-icon portrait'>\n\t\t\t\t<a data-elementor-open-lightbox=\"yes\" data-elementor-lightbox-slideshow=\"d607b5d\" data-elementor-lightbox-title=\"Kaszubska Pielgrzymka z Helu na Jasn\u0105 G\u00f3r\u0119 (5)\" data-e-action-hash=\"#elementor-action%3Aaction%3Dlightbox%26settings%3DeyJpZCI6NTY4NTksInVybCI6Imh0dHBzOlwvXC93d3cubGljaGVuLnBsXC93cC1jb250ZW50XC91cGxvYWRzXC8yMDIzXC8wOFwvS2FzenVic2thLVBpZWxncnp5bWthLXotSGVsdS1uYS1KYXNuYS1Hb3JlLTUuanBnIiwic2xpZGVzaG93IjoiZDYwN2I1ZCJ9\" href='https:\/\/www.lichen.pl\/wp-content\/uploads\/2023\/08\/Kaszubska-Pielgrzymka-z-Helu-na-Jasna-Gore-5.jpg'><img loading=\"lazy\" width=\"150\" height=\"150\" src=\"https:\/\/www.lichen.pl\/wp-content\/uploads\/2023\/08\/Kaszubska-Pielgrzymka-z-Helu-na-Jasna-Gore-5-150x150.jpg\" class=\"attachment-thumbnail size-thumbnail\" alt=\"\" decoding=\"async\" srcset=\"https:\/\/www.lichen.pl\/wp-content\/uploads\/2023\/08\/Kaszubska-Pielgrzymka-z-Helu-na-Jasna-Gore-5-150x150.jpg 150w, https:\/\/www.lichen.pl\/wp-content\/uploads\/2023\/08\/Kaszubska-Pielgrzymka-z-Helu-na-Jasna-Gore-5-300x300.jpg 300w\" sizes=\"(max-width: 150px) 100vw, 150px\" \/><\/a>\n\t\t\t<\/div><\/figure><figure class='gallery-item'>\n\t\t\t<div class='gallery-icon landscape'>\n\t\t\t\t<a data-elementor-open-lightbox=\"yes\" data-elementor-lightbox-slideshow=\"d607b5d\" data-elementor-lightbox-title=\"Kaszubska Pielgrzymka z Helu na Jasn\u0105 G\u00f3r\u0119 (6)\" data-e-action-hash=\"#elementor-action%3Aaction%3Dlightbox%26settings%3DeyJpZCI6NTY4NjAsInVybCI6Imh0dHBzOlwvXC93d3cubGljaGVuLnBsXC93cC1jb250ZW50XC91cGxvYWRzXC8yMDIzXC8wOFwvS2FzenVic2thLVBpZWxncnp5bWthLXotSGVsdS1uYS1KYXNuYS1Hb3JlLTYuanBnIiwic2xpZGVzaG93IjoiZDYwN2I1ZCJ9\" href='https:\/\/www.lichen.pl\/wp-content\/uploads\/2023\/08\/Kaszubska-Pielgrzymka-z-Helu-na-Jasna-Gore-6.jpg'><img loading=\"lazy\" width=\"150\" height=\"150\" src=\"https:\/\/www.lichen.pl\/wp-content\/uploads\/2023\/08\/Kaszubska-Pielgrzymka-z-Helu-na-Jasna-Gore-6-150x150.jpg\" class=\"attachment-thumbnail size-thumbnail\" alt=\"\" decoding=\"async\" srcset=\"https:\/\/www.lichen.pl\/wp-content\/uploads\/2023\/08\/Kaszubska-Pielgrzymka-z-Helu-na-Jasna-Gore-6-150x150.jpg 150w, https:\/\/www.lichen.pl\/wp-content\/uploads\/2023\/08\/Kaszubska-Pielgrzymka-z-Helu-na-Jasna-Gore-6-300x300.jpg 300w\" sizes=\"(max-width: 150px) 100vw, 150px\" \/><\/a>\n\t\t\t<\/div><\/figure><figure class='gallery-item'>\n\t\t\t<div class='gallery-icon landscape'>\n\t\t\t\t<a data-elementor-open-lightbox=\"yes\" data-elementor-lightbox-slideshow=\"d607b5d\" data-elementor-lightbox-title=\"Kaszubska Pielgrzymka z Helu na Jasn\u0105 G\u00f3r\u0119 (7)\" data-e-action-hash=\"#elementor-action%3Aaction%3Dlightbox%26settings%3DeyJpZCI6NTY4NjEsInVybCI6Imh0dHBzOlwvXC93d3cubGljaGVuLnBsXC93cC1jb250ZW50XC91cGxvYWRzXC8yMDIzXC8wOFwvS2FzenVic2thLVBpZWxncnp5bWthLXotSGVsdS1uYS1KYXNuYS1Hb3JlLTcuanBnIiwic2xpZGVzaG93IjoiZDYwN2I1ZCJ9\" href='https:\/\/www.lichen.pl\/wp-content\/uploads\/2023\/08\/Kaszubska-Pielgrzymka-z-Helu-na-Jasna-Gore-7.jpg'><img loading=\"lazy\" width=\"150\" height=\"150\" src=\"https:\/\/www.lichen.pl\/wp-content\/uploads\/2023\/08\/Kaszubska-Pielgrzymka-z-Helu-na-Jasna-Gore-7-150x150.jpg\" class=\"attachment-thumbnail size-thumbnail\" alt=\"\" decoding=\"async\" srcset=\"https:\/\/www.lichen.pl\/wp-content\/uploads\/2023\/08\/Kaszubska-Pielgrzymka-z-Helu-na-Jasna-Gore-7-150x150.jpg 150w, https:\/\/www.lichen.pl\/wp-content\/uploads\/2023\/08\/Kaszubska-Pielgrzymka-z-Helu-na-Jasna-Gore-7-300x300.jpg 300w\" sizes=\"(max-width: 150px) 100vw, 150px\" \/><\/a>\n\t\t\t<\/div><\/figure><figure class='gallery-item'>\n\t\t\t<div class='gallery-icon landscape'>\n\t\t\t\t<a data-elementor-open-lightbox=\"yes\" data-elementor-lightbox-slideshow=\"d607b5d\" data-elementor-lightbox-title=\"Kaszubska Pielgrzymka z Helu na Jasn\u0105 G\u00f3r\u0119 (8)\" data-e-action-hash=\"#elementor-action%3Aaction%3Dlightbox%26settings%3DeyJpZCI6NTY4NjIsInVybCI6Imh0dHBzOlwvXC93d3cubGljaGVuLnBsXC93cC1jb250ZW50XC91cGxvYWRzXC8yMDIzXC8wOFwvS2FzenVic2thLVBpZWxncnp5bWthLXotSGVsdS1uYS1KYXNuYS1Hb3JlLTguanBnIiwic2xpZGVzaG93IjoiZDYwN2I1ZCJ9\" href='https:\/\/www.lichen.pl\/wp-content\/uploads\/2023\/08\/Kaszubska-Pielgrzymka-z-Helu-na-Jasna-Gore-8.jpg'><img loading=\"lazy\" width=\"150\" height=\"150\" src=\"https:\/\/www.lichen.pl\/wp-content\/uploads\/2023\/08\/Kaszubska-Pielgrzymka-z-Helu-na-Jasna-Gore-8-150x150.jpg\" class=\"attachment-thumbnail size-thumbnail\" alt=\"\" decoding=\"async\" srcset=\"https:\/\/www.lichen.pl\/wp-content\/uploads\/2023\/08\/Kaszubska-Pielgrzymka-z-Helu-na-Jasna-Gore-8-150x150.jpg 150w, https:\/\/www.lichen.pl\/wp-content\/uploads\/2023\/08\/Kaszubska-Pielgrzymka-z-Helu-na-Jasna-Gore-8-300x300.jpg 300w\" sizes=\"(max-width: 150px) 100vw, 150px\" \/><\/a>\n\t\t\t<\/div><\/figure><figure class='gallery-item'>\n\t\t\t<div class='gallery-icon landscape'>\n\t\t\t\t<a data-elementor-open-lightbox=\"yes\" data-elementor-lightbox-slideshow=\"d607b5d\" data-elementor-lightbox-title=\"Kaszubska Pielgrzymka z Helu na Jasn\u0105 G\u00f3r\u0119 (9)\" data-e-action-hash=\"#elementor-action%3Aaction%3Dlightbox%26settings%3DeyJpZCI6NTY4NjMsInVybCI6Imh0dHBzOlwvXC93d3cubGljaGVuLnBsXC93cC1jb250ZW50XC91cGxvYWRzXC8yMDIzXC8wOFwvS2FzenVic2thLVBpZWxncnp5bWthLXotSGVsdS1uYS1KYXNuYS1Hb3JlLTkuanBnIiwic2xpZGVzaG93IjoiZDYwN2I1ZCJ9\" href='https:\/\/www.lichen.pl\/wp-content\/uploads\/2023\/08\/Kaszubska-Pielgrzymka-z-Helu-na-Jasna-Gore-9.jpg'><img loading=\"lazy\" width=\"150\" height=\"150\" src=\"https:\/\/www.lichen.pl\/wp-content\/uploads\/2023\/08\/Kaszubska-Pielgrzymka-z-Helu-na-Jasna-Gore-9-150x150.jpg\" class=\"attachment-thumbnail size-thumbnail\" alt=\"\" decoding=\"async\" srcset=\"https:\/\/www.lichen.pl\/wp-content\/uploads\/2023\/08\/Kaszubska-Pielgrzymka-z-Helu-na-Jasna-Gore-9-150x150.jpg 150w, https:\/\/www.lichen.pl\/wp-content\/uploads\/2023\/08\/Kaszubska-Pielgrzymka-z-Helu-na-Jasna-Gore-9-300x300.jpg 300w\" sizes=\"(max-width: 150px) 100vw, 150px\" \/><\/a>\n\t\t\t<\/div><\/figure><figure class='gallery-item'>\n\t\t\t<div class='gallery-icon landscape'>\n\t\t\t\t<a data-elementor-open-lightbox=\"yes\" data-elementor-lightbox-slideshow=\"d607b5d\" data-elementor-lightbox-title=\"Kaszubska Pielgrzymka z Helu na Jasn\u0105 G\u00f3r\u0119 (10)\" data-e-action-hash=\"#elementor-action%3Aaction%3Dlightbox%26settings%3DeyJpZCI6NTY4NjQsInVybCI6Imh0dHBzOlwvXC93d3cubGljaGVuLnBsXC93cC1jb250ZW50XC91cGxvYWRzXC8yMDIzXC8wOFwvS2FzenVic2thLVBpZWxncnp5bWthLXotSGVsdS1uYS1KYXNuYS1Hb3JlLTEwLmpwZyIsInNsaWRlc2hvdyI6ImQ2MDdiNWQifQ%3D%3D\" href='https:\/\/www.lichen.pl\/wp-content\/uploads\/2023\/08\/Kaszubska-Pielgrzymka-z-Helu-na-Jasna-Gore-10.jpg'><img loading=\"lazy\" width=\"150\" height=\"150\" src=\"https:\/\/www.lichen.pl\/wp-content\/uploads\/2023\/08\/Kaszubska-Pielgrzymka-z-Helu-na-Jasna-Gore-10-150x150.jpg\" class=\"attachment-thumbnail size-thumbnail\" alt=\"\" decoding=\"async\" srcset=\"https:\/\/www.lichen.pl\/wp-content\/uploads\/2023\/08\/Kaszubska-Pielgrzymka-z-Helu-na-Jasna-Gore-10-150x150.jpg 150w, https:\/\/www.lichen.pl\/wp-content\/uploads\/2023\/08\/Kaszubska-Pielgrzymka-z-Helu-na-Jasna-Gore-10-300x300.jpg 300w\" sizes=\"(max-width: 150px) 100vw, 150px\" \/><\/a>\n\t\t\t<\/div><\/figure><figure class='gallery-item'>\n\t\t\t<div class='gallery-icon portrait'>\n\t\t\t\t<a data-elementor-open-lightbox=\"yes\" data-elementor-lightbox-slideshow=\"d607b5d\" data-elementor-lightbox-title=\"42. Kaszubska Pielgrzymka z Helu na Jasn\u0105 G\u00f3r\u0119\" data-e-action-hash=\"#elementor-action%3Aaction%3Dlightbox%26settings%3DeyJpZCI6NTY4NTEsInVybCI6Imh0dHBzOlwvXC93d3cubGljaGVuLnBsXC93cC1jb250ZW50XC91cGxvYWRzXC8yMDIzXC8wOFwvSU1HXzA3MzYuanBnIiwic2xpZGVzaG93IjoiZDYwN2I1ZCJ9\" href='https:\/\/www.lichen.pl\/wp-content\/uploads\/2023\/08\/IMG_0736.jpg'><img loading=\"lazy\" width=\"150\" height=\"150\" src=\"https:\/\/www.lichen.pl\/wp-content\/uploads\/2023\/08\/IMG_0736-150x150.jpg\" class=\"attachment-thumbnail size-thumbnail\" alt=\"\" decoding=\"async\" srcset=\"https:\/\/www.lichen.pl\/wp-content\/uploads\/2023\/08\/IMG_0736-150x150.jpg 150w, https:\/\/www.lichen.pl\/wp-content\/uploads\/2023\/08\/IMG_0736-300x300.jpg 300w\" sizes=\"(max-width: 150px) 100vw, 150px\" \/><\/a>\n\t\t\t<\/div><\/figure><figure class='gallery-item'>\n\t\t\t<div class='gallery-icon landscape'>\n\t\t\t\t<a data-elementor-open-lightbox=\"yes\" data-elementor-lightbox-slideshow=\"d607b5d\" data-elementor-lightbox-title=\"Kaszubska Pielgrzymka z Helu na Jasn\u0105 G\u00f3r\u0119 (11)\" data-e-action-hash=\"#elementor-action%3Aaction%3Dlightbox%26settings%3DeyJpZCI6NTY4NjUsInVybCI6Imh0dHBzOlwvXC93d3cubGljaGVuLnBsXC93cC1jb250ZW50XC91cGxvYWRzXC8yMDIzXC8wOFwvS2FzenVic2thLVBpZWxncnp5bWthLXotSGVsdS1uYS1KYXNuYS1Hb3JlLTExLmpwZyIsInNsaWRlc2hvdyI6ImQ2MDdiNWQifQ%3D%3D\" href='https:\/\/www.lichen.pl\/wp-content\/uploads\/2023\/08\/Kaszubska-Pielgrzymka-z-Helu-na-Jasna-Gore-11.jpg'><img loading=\"lazy\" width=\"150\" height=\"150\" src=\"https:\/\/www.lichen.pl\/wp-content\/uploads\/2023\/08\/Kaszubska-Pielgrzymka-z-Helu-na-Jasna-Gore-11-150x150.jpg\" class=\"attachment-thumbnail size-thumbnail\" alt=\"\" decoding=\"async\" srcset=\"https:\/\/www.lichen.pl\/wp-content\/uploads\/2023\/08\/Kaszubska-Pielgrzymka-z-Helu-na-Jasna-Gore-11-150x150.jpg 150w, https:\/\/www.lichen.pl\/wp-content\/uploads\/2023\/08\/Kaszubska-Pielgrzymka-z-Helu-na-Jasna-Gore-11-300x300.jpg 300w\" sizes=\"(max-width: 150px) 100vw, 150px\" \/><\/a>\n\t\t\t<\/div><\/figure><figure class='gallery-item'>\n\t\t\t<div class='gallery-icon landscape'>\n\t\t\t\t<a data-elementor-open-lightbox=\"yes\" data-elementor-lightbox-slideshow=\"d607b5d\" data-elementor-lightbox-title=\"Kaszubska Pielgrzymka z Helu na Jasn\u0105 G\u00f3r\u0119 (12)\" data-e-action-hash=\"#elementor-action%3Aaction%3Dlightbox%26settings%3DeyJpZCI6NTY4NjYsInVybCI6Imh0dHBzOlwvXC93d3cubGljaGVuLnBsXC93cC1jb250ZW50XC91cGxvYWRzXC8yMDIzXC8wOFwvS2FzenVic2thLVBpZWxncnp5bWthLXotSGVsdS1uYS1KYXNuYS1Hb3JlLTEyLmpwZyIsInNsaWRlc2hvdyI6ImQ2MDdiNWQifQ%3D%3D\" href='https:\/\/www.lichen.pl\/wp-content\/uploads\/2023\/08\/Kaszubska-Pielgrzymka-z-Helu-na-Jasna-Gore-12.jpg'><img loading=\"lazy\" width=\"150\" height=\"150\" src=\"https:\/\/www.lichen.pl\/wp-content\/uploads\/2023\/08\/Kaszubska-Pielgrzymka-z-Helu-na-Jasna-Gore-12-150x150.jpg\" class=\"attachment-thumbnail size-thumbnail\" alt=\"\" decoding=\"async\" srcset=\"https:\/\/www.lichen.pl\/wp-content\/uploads\/2023\/08\/Kaszubska-Pielgrzymka-z-Helu-na-Jasna-Gore-12-150x150.jpg 150w, https:\/\/www.lichen.pl\/wp-content\/uploads\/2023\/08\/Kaszubska-Pielgrzymka-z-Helu-na-Jasna-Gore-12-300x300.jpg 300w\" sizes=\"(max-width: 150px) 100vw, 150px\" \/><\/a>\n\t\t\t<\/div><\/figure><figure class='gallery-item'>\n\t\t\t<div class='gallery-icon landscape'>\n\t\t\t\t<a data-elementor-open-lightbox=\"yes\" data-elementor-lightbox-slideshow=\"d607b5d\" data-elementor-lightbox-title=\"42. Kaszubska Pielgrzymka z Helu na Jasn\u0105 G\u00f3r\u0119\" data-e-action-hash=\"#elementor-action%3Aaction%3Dlightbox%26settings%3DeyJpZCI6NTY4NDksInVybCI6Imh0dHBzOlwvXC93d3cubGljaGVuLnBsXC93cC1jb250ZW50XC91cGxvYWRzXC8yMDIzXC8wOFwvSU1HXzA3MzguanBnIiwic2xpZGVzaG93IjoiZDYwN2I1ZCJ9\" href='https:\/\/www.lichen.pl\/wp-content\/uploads\/2023\/08\/IMG_0738.jpg'><img loading=\"lazy\" width=\"150\" height=\"150\" src=\"https:\/\/www.lichen.pl\/wp-content\/uploads\/2023\/08\/IMG_0738-150x150.jpg\" class=\"attachment-thumbnail size-thumbnail\" alt=\"\" decoding=\"async\" srcset=\"https:\/\/www.lichen.pl\/wp-content\/uploads\/2023\/08\/IMG_0738-150x150.jpg 150w, https:\/\/www.lichen.pl\/wp-content\/uploads\/2023\/08\/IMG_0738-300x300.jpg 300w\" sizes=\"(max-width: 150px) 100vw, 150px\" \/><\/a>\n\t\t\t<\/div><\/figure><figure class='gallery-item'>\n\t\t\t<div class='gallery-icon landscape'>\n\t\t\t\t<a data-elementor-open-lightbox=\"yes\" data-elementor-lightbox-slideshow=\"d607b5d\" data-elementor-lightbox-title=\"42. Kaszubska Pielgrzymka z Helu na Jasn\u0105 G\u00f3r\u0119\" data-e-action-hash=\"#elementor-action%3Aaction%3Dlightbox%26settings%3DeyJpZCI6NTY4NDcsInVybCI6Imh0dHBzOlwvXC93d3cubGljaGVuLnBsXC93cC1jb250ZW50XC91cGxvYWRzXC8yMDIzXC8wOFwvSU1HXzA3NDAuanBnIiwic2xpZGVzaG93IjoiZDYwN2I1ZCJ9\" href='https:\/\/www.lichen.pl\/wp-content\/uploads\/2023\/08\/IMG_0740.jpg'><img loading=\"lazy\" width=\"150\" height=\"150\" src=\"https:\/\/www.lichen.pl\/wp-content\/uploads\/2023\/08\/IMG_0740-150x150.jpg\" class=\"attachment-thumbnail size-thumbnail\" alt=\"\" decoding=\"async\" srcset=\"https:\/\/www.lichen.pl\/wp-content\/uploads\/2023\/08\/IMG_0740-150x150.jpg 150w, https:\/\/www.lichen.pl\/wp-content\/uploads\/2023\/08\/IMG_0740-300x300.jpg 300w\" sizes=\"(max-width: 150px) 100vw, 150px\" \/><\/a>\n\t\t\t<\/div><\/figure><figure class='gallery-item'>\n\t\t\t<div class='gallery-icon landscape'>\n\t\t\t\t<a data-elementor-open-lightbox=\"yes\" data-elementor-lightbox-slideshow=\"d607b5d\" data-elementor-lightbox-title=\"Kaszubska Pielgrzymka z Helu na Jasn\u0105 G\u00f3r\u0119 (13)\" data-e-action-hash=\"#elementor-action%3Aaction%3Dlightbox%26settings%3DeyJpZCI6NTY4NjcsInVybCI6Imh0dHBzOlwvXC93d3cubGljaGVuLnBsXC93cC1jb250ZW50XC91cGxvYWRzXC8yMDIzXC8wOFwvS2FzenVic2thLVBpZWxncnp5bWthLXotSGVsdS1uYS1KYXNuYS1Hb3JlLTEzLmpwZyIsInNsaWRlc2hvdyI6ImQ2MDdiNWQifQ%3D%3D\" href='https:\/\/www.lichen.pl\/wp-content\/uploads\/2023\/08\/Kaszubska-Pielgrzymka-z-Helu-na-Jasna-Gore-13.jpg'><img loading=\"lazy\" width=\"150\" height=\"150\" src=\"https:\/\/www.lichen.pl\/wp-content\/uploads\/2023\/08\/Kaszubska-Pielgrzymka-z-Helu-na-Jasna-Gore-13-150x150.jpg\" class=\"attachment-thumbnail size-thumbnail\" alt=\"\" decoding=\"async\" srcset=\"https:\/\/www.lichen.pl\/wp-content\/uploads\/2023\/08\/Kaszubska-Pielgrzymka-z-Helu-na-Jasna-Gore-13-150x150.jpg 150w, https:\/\/www.lichen.pl\/wp-content\/uploads\/2023\/08\/Kaszubska-Pielgrzymka-z-Helu-na-Jasna-Gore-13-300x300.jpg 300w\" sizes=\"(max-width: 150px) 100vw, 150px\" \/><\/a>\n\t\t\t<\/div><\/figure><figure class='gallery-item'>\n\t\t\t<div class='gallery-icon landscape'>\n\t\t\t\t<a data-elementor-open-lightbox=\"yes\" data-elementor-lightbox-slideshow=\"d607b5d\" data-elementor-lightbox-title=\"42. Kaszubska Pielgrzymka z Helu na Jasn\u0105 G\u00f3r\u0119\" data-e-action-hash=\"#elementor-action%3Aaction%3Dlightbox%26settings%3DeyJpZCI6NTY4NTMsInVybCI6Imh0dHBzOlwvXC93d3cubGljaGVuLnBsXC93cC1jb250ZW50XC91cGxvYWRzXC8yMDIzXC8wOFwvSU1HXzA3MzQuanBnIiwic2xpZGVzaG93IjoiZDYwN2I1ZCJ9\" href='https:\/\/www.lichen.pl\/wp-content\/uploads\/2023\/08\/IMG_0734.jpg'><img loading=\"lazy\" width=\"150\" height=\"150\" src=\"https:\/\/www.lichen.pl\/wp-content\/uploads\/2023\/08\/IMG_0734-150x150.jpg\" class=\"attachment-thumbnail size-thumbnail\" alt=\"\" decoding=\"async\" srcset=\"https:\/\/www.lichen.pl\/wp-content\/uploads\/2023\/08\/IMG_0734-150x150.jpg 150w, https:\/\/www.lichen.pl\/wp-content\/uploads\/2023\/08\/IMG_0734-300x300.jpg 300w\" sizes=\"(max-width: 150px) 100vw, 150px\" \/><\/a>\n\t\t\t<\/div><\/figure><figure class='gallery-item'>\n\t\t\t<div class='gallery-icon landscape'>\n\t\t\t\t<a data-elementor-open-lightbox=\"yes\" data-elementor-lightbox-slideshow=\"d607b5d\" data-elementor-lightbox-title=\"42. Kaszubska Pielgrzymka z Helu na Jasn\u0105 G\u00f3r\u0119\" data-e-action-hash=\"#elementor-action%3Aaction%3Dlightbox%26settings%3DeyJpZCI6NTY4NTIsInVybCI6Imh0dHBzOlwvXC93d3cubGljaGVuLnBsXC93cC1jb250ZW50XC91cGxvYWRzXC8yMDIzXC8wOFwvSU1HXzA3MzUuanBnIiwic2xpZGVzaG93IjoiZDYwN2I1ZCJ9\" href='https:\/\/www.lichen.pl\/wp-content\/uploads\/2023\/08\/IMG_0735.jpg'><img loading=\"lazy\" width=\"150\" height=\"150\" src=\"https:\/\/www.lichen.pl\/wp-content\/uploads\/2023\/08\/IMG_0735-150x150.jpg\" class=\"attachment-thumbnail size-thumbnail\" alt=\"\" decoding=\"async\" srcset=\"https:\/\/www.lichen.pl\/wp-content\/uploads\/2023\/08\/IMG_0735-150x150.jpg 150w, https:\/\/www.lichen.pl\/wp-content\/uploads\/2023\/08\/IMG_0735-300x300.jpg 300w\" sizes=\"(max-width: 150px) 100vw, 150px\" \/><\/a>\n\t\t\t<\/div><\/figure><figure class='gallery-item'>\n\t\t\t<div class='gallery-icon portrait'>\n\t\t\t\t<a data-elementor-open-lightbox=\"yes\" data-elementor-lightbox-slideshow=\"d607b5d\" data-elementor-lightbox-title=\"42. Kaszubska Pielgrzymka z Helu na Jasn\u0105 G\u00f3r\u0119\" data-e-action-hash=\"#elementor-action%3Aaction%3Dlightbox%26settings%3DeyJpZCI6NTY4NTAsInVybCI6Imh0dHBzOlwvXC93d3cubGljaGVuLnBsXC93cC1jb250ZW50XC91cGxvYWRzXC8yMDIzXC8wOFwvSU1HXzA3MzcuanBnIiwic2xpZGVzaG93IjoiZDYwN2I1ZCJ9\" href='https:\/\/www.lichen.pl\/wp-content\/uploads\/2023\/08\/IMG_0737.jpg'><img loading=\"lazy\" width=\"150\" height=\"150\" src=\"https:\/\/www.lichen.pl\/wp-content\/uploads\/2023\/08\/IMG_0737-150x150.jpg\" class=\"attachment-thumbnail size-thumbnail\" alt=\"\" decoding=\"async\" srcset=\"https:\/\/www.lichen.pl\/wp-content\/uploads\/2023\/08\/IMG_0737-150x150.jpg 150w, https:\/\/www.lichen.pl\/wp-content\/uploads\/2023\/08\/IMG_0737-300x300.jpg 300w\" sizes=\"(max-width: 150px) 100vw, 150px\" \/><\/a>\n\t\t\t<\/div><\/figure><figure class='gallery-item'>\n\t\t\t<div class='gallery-icon landscape'>\n\t\t\t\t<a data-elementor-open-lightbox=\"yes\" data-elementor-lightbox-slideshow=\"d607b5d\" data-elementor-lightbox-title=\"42. Kaszubska Pielgrzymka z Helu na Jasn\u0105 G\u00f3r\u0119\" data-e-action-hash=\"#elementor-action%3Aaction%3Dlightbox%26settings%3DeyJpZCI6NTY4NDYsInVybCI6Imh0dHBzOlwvXC93d3cubGljaGVuLnBsXC93cC1jb250ZW50XC91cGxvYWRzXC8yMDIzXC8wOFwvSU1HXzA3NDEuanBnIiwic2xpZGVzaG93IjoiZDYwN2I1ZCJ9\" href='https:\/\/www.lichen.pl\/wp-content\/uploads\/2023\/08\/IMG_0741.jpg'><img loading=\"lazy\" width=\"150\" height=\"150\" src=\"https:\/\/www.lichen.pl\/wp-content\/uploads\/2023\/08\/IMG_0741-150x150.jpg\" class=\"attachment-thumbnail size-thumbnail\" alt=\"\" decoding=\"async\" srcset=\"https:\/\/www.lichen.pl\/wp-content\/uploads\/2023\/08\/IMG_0741-150x150.jpg 150w, https:\/\/www.lichen.pl\/wp-content\/uploads\/2023\/08\/IMG_0741-300x300.jpg 300w\" sizes=\"(max-width: 150px) 100vw, 150px\" \/><\/a>\n\t\t\t<\/div><\/figure><figure class='gallery-item'>\n\t\t\t<div class='gallery-icon landscape'>\n\t\t\t\t<a data-elementor-open-lightbox=\"yes\" data-elementor-lightbox-slideshow=\"d607b5d\" data-elementor-lightbox-title=\"42. Kaszubska Pielgrzymka z Helu na Jasn\u0105 G\u00f3r\u0119\" data-e-action-hash=\"#elementor-action%3Aaction%3Dlightbox%26settings%3DeyJpZCI6NTY4NDUsInVybCI6Imh0dHBzOlwvXC93d3cubGljaGVuLnBsXC93cC1jb250ZW50XC91cGxvYWRzXC8yMDIzXC8wOFwvSU1HXzA3NDIuanBnIiwic2xpZGVzaG93IjoiZDYwN2I1ZCJ9\" href='https:\/\/www.lichen.pl\/wp-content\/uploads\/2023\/08\/IMG_0742.jpg'><img loading=\"lazy\" width=\"150\" height=\"150\" src=\"https:\/\/www.lichen.pl\/wp-content\/uploads\/2023\/08\/IMG_0742-150x150.jpg\" class=\"attachment-thumbnail size-thumbnail\" alt=\"\" decoding=\"async\" srcset=\"https:\/\/www.lichen.pl\/wp-content\/uploads\/2023\/08\/IMG_0742-150x150.jpg 150w, https:\/\/www.lichen.pl\/wp-content\/uploads\/2023\/08\/IMG_0742-300x300.jpg 300w\" sizes=\"(max-width: 150px) 100vw, 150px\" \/><\/a>\n\t\t\t<\/div><\/figure>\n\t\t<\/div>\n\t\t<\/div>\n\t\t\t\t\t\t<\/div>\n\t\t\t\t<\/div>\n\t\t\t\t\t<\/div>\n\t\t<\/div>\n\t\t\t\t\t<\/div>\n\t\t<\/section>\n\t\t\t\t<\/div>","protected":false},"excerpt":{"rendered":"<p>638 kilometr\u00f3w pokonaj\u0105 uczestnicy 42. Kaszubskiej Pieszej Pielgrzymki z Helu na Jasn\u0105 G\u00f3r\u0119. Ponad 100 osobowa grupa p\u0105tnik\u00f3w, kt\u00f3rzy wyruszyli 25 lipca z Helu, dotar\u0142a w niedzielny poranek do liche\u0144skiego sanktuarium. P\u0105tnik\u00f3w w bazylice powita\u0142 ks. Jaros\u0142aw Hybza MIC, dyrektor Liche\u0144skiego Centrum Pomocy Rodzinie i Osobom Uzale\u017cnionym. Po modlitwie w \u015bwi\u0105tyni i zawierzeniu Matce Bo\u017cej [&hellip;]<\/p>\n","protected":false},"author":5,"featured_media":56844,"comment_status":"closed","ping_status":"closed","sticky":false,"template":"","format":"standard","meta":{"footnotes":""},"categories":[1],"tags":[],"class_list":["post-56842","post","type-post","status-publish","format-standard","has-post-thumbnail","hentry","category-aktualnosci","wpbf-post"],"yoast_head":"<!-- This site is optimized with the Yoast SEO plugin v27.4 - https:\/\/yoast.com\/product\/yoast-seo-wordpress\/ -->\n<title>42. Kaszubska Piesza Pielgrzymka na Jasn\u0105 G\u00f3r\u0119 - SANKTUARIUM W LICHENIU<\/title>\n<meta name=\"robots\" content=\"index, follow, max-snippet:-1, max-image-preview:large, max-video-preview:-1\" \/>\n<link rel=\"canonical\" href=\"https:\/\/www.lichen.pl\/es\/42-kaszubska\/\" \/>\n<meta property=\"og:locale\" content=\"es_ES\" \/>\n<meta property=\"og:type\" content=\"article\" \/>\n<meta property=\"og:title\" content=\"42. Kaszubska Piesza Pielgrzymka na Jasn\u0105 G\u00f3r\u0119 - SANKTUARIUM W LICHENIU\" \/>\n<meta property=\"og:description\" content=\"638 kilometr\u00f3w pokonaj\u0105 uczestnicy 42. Kaszubskiej Pieszej Pielgrzymki z Helu na Jasn\u0105 G\u00f3r\u0119. Ponad 100 osobowa grupa p\u0105tnik\u00f3w, kt\u00f3rzy wyruszyli 25 lipca z Helu, dotar\u0142a w niedzielny poranek do liche\u0144skiego sanktuarium. P\u0105tnik\u00f3w w bazylice powita\u0142 ks. Jaros\u0142aw Hybza MIC, dyrektor Liche\u0144skiego Centrum Pomocy Rodzinie i Osobom Uzale\u017cnionym. Po modlitwie w \u015bwi\u0105tyni i zawierzeniu Matce Bo\u017cej [&hellip;]\" \/>\n<meta property=\"og:url\" content=\"https:\/\/www.lichen.pl\/es\/42-kaszubska\/\" \/>\n<meta property=\"og:site_name\" content=\"SANKTUARIUM W LICHENIU\" \/>\n<meta property=\"article:published_time\" content=\"2023-08-06T09:21:50+00:00\" \/>\n<meta property=\"article:modified_time\" content=\"2023-08-06T09:29:25+00:00\" \/>\n<meta property=\"og:image\" content=\"https:\/\/www.lichen.pl\/wp-content\/uploads\/2023\/08\/IMG_0743-1024x683.jpg\" \/>\n\t<meta property=\"og:image:width\" content=\"1024\" \/>\n\t<meta property=\"og:image:height\" content=\"683\" \/>\n\t<meta property=\"og:image:type\" content=\"image\/jpeg\" \/>\n<meta name=\"author\" content=\"Justyna Zacharek\" \/>\n<meta name=\"twitter:card\" content=\"summary_large_image\" \/>\n<meta name=\"twitter:label1\" content=\"Escrito por\" \/>\n\t<meta name=\"twitter:data1\" content=\"Justyna Zacharek\" \/>\n\t<meta name=\"twitter:label2\" content=\"Tiempo de lectura\" \/>\n\t<meta name=\"twitter:data2\" content=\"8 minutos\" \/>\n<script type=\"application\/ld+json\" class=\"yoast-schema-graph\">{\"@context\":\"https:\\\/\\\/schema.org\",\"@graph\":[{\"@type\":\"Article\",\"@id\":\"https:\\\/\\\/www.lichen.pl\\\/42-kaszubska\\\/#article\",\"isPartOf\":{\"@id\":\"https:\\\/\\\/www.lichen.pl\\\/42-kaszubska\\\/\"},\"author\":{\"name\":\"Justyna Zacharek\",\"@id\":\"https:\\\/\\\/www.lichen.pl\\\/fr\\\/#\\\/schema\\\/person\\\/9f57a1408d363022abd305da0323b703\"},\"headline\":\"42. Kaszubska Piesza Pielgrzymka na Jasn\u0105 G\u00f3r\u0119\",\"datePublished\":\"2023-08-06T09:21:50+00:00\",\"dateModified\":\"2023-08-06T09:29:25+00:00\",\"mainEntityOfPage\":{\"@id\":\"https:\\\/\\\/www.lichen.pl\\\/42-kaszubska\\\/\"},\"wordCount\":527,\"image\":{\"@id\":\"https:\\\/\\\/www.lichen.pl\\\/42-kaszubska\\\/#primaryimage\"},\"thumbnailUrl\":\"https:\\\/\\\/www.lichen.pl\\\/wp-content\\\/uploads\\\/2023\\\/08\\\/IMG_0743.jpg\",\"articleSection\":[\"Aktualno\u015bci\"],\"inLanguage\":\"es\"},{\"@type\":\"WebPage\",\"@id\":\"https:\\\/\\\/www.lichen.pl\\\/42-kaszubska\\\/\",\"url\":\"https:\\\/\\\/www.lichen.pl\\\/42-kaszubska\\\/\",\"name\":\"42. Kaszubska Piesza Pielgrzymka na Jasn\u0105 G\u00f3r\u0119 - SANKTUARIUM W LICHENIU\",\"isPartOf\":{\"@id\":\"https:\\\/\\\/www.lichen.pl\\\/fr\\\/#website\"},\"primaryImageOfPage\":{\"@id\":\"https:\\\/\\\/www.lichen.pl\\\/42-kaszubska\\\/#primaryimage\"},\"image\":{\"@id\":\"https:\\\/\\\/www.lichen.pl\\\/42-kaszubska\\\/#primaryimage\"},\"thumbnailUrl\":\"https:\\\/\\\/www.lichen.pl\\\/wp-content\\\/uploads\\\/2023\\\/08\\\/IMG_0743.jpg\",\"datePublished\":\"2023-08-06T09:21:50+00:00\",\"dateModified\":\"2023-08-06T09:29:25+00:00\",\"author\":{\"@id\":\"https:\\\/\\\/www.lichen.pl\\\/fr\\\/#\\\/schema\\\/person\\\/9f57a1408d363022abd305da0323b703\"},\"breadcrumb\":{\"@id\":\"https:\\\/\\\/www.lichen.pl\\\/42-kaszubska\\\/#breadcrumb\"},\"inLanguage\":\"es\",\"potentialAction\":[{\"@type\":\"ReadAction\",\"target\":[\"https:\\\/\\\/www.lichen.pl\\\/42-kaszubska\\\/\"]}]},{\"@type\":\"ImageObject\",\"inLanguage\":\"es\",\"@id\":\"https:\\\/\\\/www.lichen.pl\\\/42-kaszubska\\\/#primaryimage\",\"url\":\"https:\\\/\\\/www.lichen.pl\\\/wp-content\\\/uploads\\\/2023\\\/08\\\/IMG_0743.jpg\",\"contentUrl\":\"https:\\\/\\\/www.lichen.pl\\\/wp-content\\\/uploads\\\/2023\\\/08\\\/IMG_0743.jpg\",\"width\":1920,\"height\":1280},{\"@type\":\"BreadcrumbList\",\"@id\":\"https:\\\/\\\/www.lichen.pl\\\/42-kaszubska\\\/#breadcrumb\",\"itemListElement\":[{\"@type\":\"ListItem\",\"position\":1,\"name\":\"Strona g\u0142\u00f3wna\",\"item\":\"https:\\\/\\\/www.lichen.pl\\\/\"},{\"@type\":\"ListItem\",\"position\":2,\"name\":\"42. Kaszubska Piesza Pielgrzymka na Jasn\u0105 G\u00f3r\u0119\"}]},{\"@type\":\"WebSite\",\"@id\":\"https:\\\/\\\/www.lichen.pl\\\/fr\\\/#website\",\"url\":\"https:\\\/\\\/www.lichen.pl\\\/fr\\\/\",\"name\":\"SANKTUARIUM W LICHENIU\",\"description\":\"MATKI BO\u017bEJ LICHE\u0143SKIEJ BOLESNEJ KR\u00d3LOWEJ POLSKI\",\"potentialAction\":[{\"@type\":\"SearchAction\",\"target\":{\"@type\":\"EntryPoint\",\"urlTemplate\":\"https:\\\/\\\/www.lichen.pl\\\/fr\\\/?s={search_term_string}\"},\"query-input\":{\"@type\":\"PropertyValueSpecification\",\"valueRequired\":true,\"valueName\":\"search_term_string\"}}],\"inLanguage\":\"es\"},{\"@type\":\"Person\",\"@id\":\"https:\\\/\\\/www.lichen.pl\\\/fr\\\/#\\\/schema\\\/person\\\/9f57a1408d363022abd305da0323b703\",\"name\":\"Justyna Zacharek\",\"image\":{\"@type\":\"ImageObject\",\"inLanguage\":\"es\",\"@id\":\"https:\\\/\\\/secure.gravatar.com\\\/avatar\\\/7be193626a4fb4d6a7d53a7686c3bbf938efff653c427e0182457b838e9d2c3b?s=96&d=retro&r=g\",\"url\":\"https:\\\/\\\/secure.gravatar.com\\\/avatar\\\/7be193626a4fb4d6a7d53a7686c3bbf938efff653c427e0182457b838e9d2c3b?s=96&d=retro&r=g\",\"contentUrl\":\"https:\\\/\\\/secure.gravatar.com\\\/avatar\\\/7be193626a4fb4d6a7d53a7686c3bbf938efff653c427e0182457b838e9d2c3b?s=96&d=retro&r=g\",\"caption\":\"Justyna Zacharek\"},\"url\":\"https:\\\/\\\/www.lichen.pl\\\/es\\\/author\\\/justyna\\\/\"}]}<\/script>\n<!-- \/ Yoast SEO plugin. -->","yoast_head_json":{"title":"42. Kaszubska Piesza Pielgrzymka na Jasn\u0105 G\u00f3r\u0119 - SANKTUARIUM W LICHENIU","robots":{"index":"index","follow":"follow","max-snippet":"max-snippet:-1","max-image-preview":"max-image-preview:large","max-video-preview":"max-video-preview:-1"},"canonical":"https:\/\/www.lichen.pl\/es\/42-kaszubska\/","og_locale":"es_ES","og_type":"article","og_title":"42. Kaszubska Piesza Pielgrzymka na Jasn\u0105 G\u00f3r\u0119 - SANKTUARIUM W LICHENIU","og_description":"638 kilometr\u00f3w pokonaj\u0105 uczestnicy 42. Kaszubskiej Pieszej Pielgrzymki z Helu na Jasn\u0105 G\u00f3r\u0119. Ponad 100 osobowa grupa p\u0105tnik\u00f3w, kt\u00f3rzy wyruszyli 25 lipca z Helu, dotar\u0142a w niedzielny poranek do liche\u0144skiego sanktuarium. P\u0105tnik\u00f3w w bazylice powita\u0142 ks. Jaros\u0142aw Hybza MIC, dyrektor Liche\u0144skiego Centrum Pomocy Rodzinie i Osobom Uzale\u017cnionym. Po modlitwie w \u015bwi\u0105tyni i zawierzeniu Matce Bo\u017cej [&hellip;]","og_url":"https:\/\/www.lichen.pl\/es\/42-kaszubska\/","og_site_name":"SANKTUARIUM W LICHENIU","article_published_time":"2023-08-06T09:21:50+00:00","article_modified_time":"2023-08-06T09:29:25+00:00","og_image":[{"width":1024,"height":683,"url":"https:\/\/www.lichen.pl\/wp-content\/uploads\/2023\/08\/IMG_0743-1024x683.jpg","type":"image\/jpeg"}],"author":"Justyna Zacharek","twitter_card":"summary_large_image","twitter_misc":{"Escrito por":"Justyna Zacharek","Tiempo de lectura":"8 minutos"},"schema":{"@context":"https:\/\/schema.org","@graph":[{"@type":"Article","@id":"https:\/\/www.lichen.pl\/42-kaszubska\/#article","isPartOf":{"@id":"https:\/\/www.lichen.pl\/42-kaszubska\/"},"author":{"name":"Justyna Zacharek","@id":"https:\/\/www.lichen.pl\/fr\/#\/schema\/person\/9f57a1408d363022abd305da0323b703"},"headline":"42. Kaszubska Piesza Pielgrzymka na Jasn\u0105 G\u00f3r\u0119","datePublished":"2023-08-06T09:21:50+00:00","dateModified":"2023-08-06T09:29:25+00:00","mainEntityOfPage":{"@id":"https:\/\/www.lichen.pl\/42-kaszubska\/"},"wordCount":527,"image":{"@id":"https:\/\/www.lichen.pl\/42-kaszubska\/#primaryimage"},"thumbnailUrl":"https:\/\/www.lichen.pl\/wp-content\/uploads\/2023\/08\/IMG_0743.jpg","articleSection":["Aktualno\u015bci"],"inLanguage":"es"},{"@type":"WebPage","@id":"https:\/\/www.lichen.pl\/42-kaszubska\/","url":"https:\/\/www.lichen.pl\/42-kaszubska\/","name":"42. Kaszubska Piesza Pielgrzymka na Jasn\u0105 G\u00f3r\u0119 - SANKTUARIUM W LICHENIU","isPartOf":{"@id":"https:\/\/www.lichen.pl\/fr\/#website"},"primaryImageOfPage":{"@id":"https:\/\/www.lichen.pl\/42-kaszubska\/#primaryimage"},"image":{"@id":"https:\/\/www.lichen.pl\/42-kaszubska\/#primaryimage"},"thumbnailUrl":"https:\/\/www.lichen.pl\/wp-content\/uploads\/2023\/08\/IMG_0743.jpg","datePublished":"2023-08-06T09:21:50+00:00","dateModified":"2023-08-06T09:29:25+00:00","author":{"@id":"https:\/\/www.lichen.pl\/fr\/#\/schema\/person\/9f57a1408d363022abd305da0323b703"},"breadcrumb":{"@id":"https:\/\/www.lichen.pl\/42-kaszubska\/#breadcrumb"},"inLanguage":"es","potentialAction":[{"@type":"ReadAction","target":["https:\/\/www.lichen.pl\/42-kaszubska\/"]}]},{"@type":"ImageObject","inLanguage":"es","@id":"https:\/\/www.lichen.pl\/42-kaszubska\/#primaryimage","url":"https:\/\/www.lichen.pl\/wp-content\/uploads\/2023\/08\/IMG_0743.jpg","contentUrl":"https:\/\/www.lichen.pl\/wp-content\/uploads\/2023\/08\/IMG_0743.jpg","width":1920,"height":1280},{"@type":"BreadcrumbList","@id":"https:\/\/www.lichen.pl\/42-kaszubska\/#breadcrumb","itemListElement":[{"@type":"ListItem","position":1,"name":"Strona g\u0142\u00f3wna","item":"https:\/\/www.lichen.pl\/"},{"@type":"ListItem","position":2,"name":"42. Kaszubska Piesza Pielgrzymka na Jasn\u0105 G\u00f3r\u0119"}]},{"@type":"WebSite","@id":"https:\/\/www.lichen.pl\/fr\/#website","url":"https:\/\/www.lichen.pl\/fr\/","name":"SANTUARIO EN LICHENIA","description":"LA DOLOROSA REINA DE POLONIA DE NUESTRO LICHEN","potentialAction":[{"@type":"SearchAction","target":{"@type":"EntryPoint","urlTemplate":"https:\/\/www.lichen.pl\/fr\/?s={search_term_string}"},"query-input":{"@type":"PropertyValueSpecification","valueRequired":true,"valueName":"search_term_string"}}],"inLanguage":"es"},{"@type":"Person","@id":"https:\/\/www.lichen.pl\/fr\/#\/schema\/person\/9f57a1408d363022abd305da0323b703","name":"Justyna Zacharek","image":{"@type":"ImageObject","inLanguage":"es","@id":"https:\/\/secure.gravatar.com\/avatar\/7be193626a4fb4d6a7d53a7686c3bbf938efff653c427e0182457b838e9d2c3b?s=96&d=retro&r=g","url":"https:\/\/secure.gravatar.com\/avatar\/7be193626a4fb4d6a7d53a7686c3bbf938efff653c427e0182457b838e9d2c3b?s=96&d=retro&r=g","contentUrl":"https:\/\/secure.gravatar.com\/avatar\/7be193626a4fb4d6a7d53a7686c3bbf938efff653c427e0182457b838e9d2c3b?s=96&d=retro&r=g","caption":"Justyna Zacharek"},"url":"https:\/\/www.lichen.pl\/es\/author\/justyna\/"}]}},"_links":{"self":[{"href":"https:\/\/www.lichen.pl\/es\/wp-json\/wp\/v2\/posts\/56842","targetHints":{"allow":["GET"]}}],"collection":[{"href":"https:\/\/www.lichen.pl\/es\/wp-json\/wp\/v2\/posts"}],"about":[{"href":"https:\/\/www.lichen.pl\/es\/wp-json\/wp\/v2\/types\/post"}],"author":[{"embeddable":true,"href":"https:\/\/www.lichen.pl\/es\/wp-json\/wp\/v2\/users\/5"}],"replies":[{"embeddable":true,"href":"https:\/\/www.lichen.pl\/es\/wp-json\/wp\/v2\/comments?post=56842"}],"version-history":[{"count":7,"href":"https:\/\/www.lichen.pl\/es\/wp-json\/wp\/v2\/posts\/56842\/revisions"}],"predecessor-version":[{"id":56874,"href":"https:\/\/www.lichen.pl\/es\/wp-json\/wp\/v2\/posts\/56842\/revisions\/56874"}],"wp:featuredmedia":[{"embeddable":true,"href":"https:\/\/www.lichen.pl\/es\/wp-json\/wp\/v2\/media\/56844"}],"wp:attachment":[{"href":"https:\/\/www.lichen.pl\/es\/wp-json\/wp\/v2\/media?parent=56842"}],"wp:term":[{"taxonomy":"category","embeddable":true,"href":"https:\/\/www.lichen.pl\/es\/wp-json\/wp\/v2\/categories?post=56842"},{"taxonomy":"post_tag","embeddable":true,"href":"https:\/\/www.lichen.pl\/es\/wp-json\/wp\/v2\/tags?post=56842"}],"curies":[{"name":"wp","href":"https:\/\/api.w.org\/{rel}","templated":true}]}}