{"id":57155,"date":"2023-08-05T14:24:56","date_gmt":"2023-08-05T12:24:56","guid":{"rendered":"https:\/\/www.lichen.pl\/?p=57155"},"modified":"2023-08-10T14:47:44","modified_gmt":"2023-08-10T12:47:44","slug":"41-gdanska-piesza-pielgrzymka-na-jasna-gore","status":"publish","type":"post","link":"https:\/\/www.lichen.pl\/es\/41-gdanska-piesza-pielgrzymka-na-jasna-gore\/","title":{"rendered":"41. Gda\u0144ska Piesza Pielgrzymka na Jasn\u0105 G\u00f3r\u0119"},"content":{"rendered":"<div data-elementor-type=\"wp-post\" data-elementor-id=\"57155\" class=\"elementor elementor-57155\" data-elementor-post-type=\"post\">\n\t\t\t\t\t\t<section class=\"elementor-section elementor-top-section elementor-element elementor-element-c890a07 elementor-section-boxed elementor-section-height-default elementor-section-height-default\" data-id=\"c890a07\" data-element_type=\"section\" data-e-type=\"section\">\n\t\t\t\t\t\t<div class=\"elementor-container elementor-column-gap-default\">\n\t\t\t\t\t<div class=\"elementor-column elementor-col-100 elementor-top-column elementor-element elementor-element-b9f1098\" data-id=\"b9f1098\" data-element_type=\"column\" data-e-type=\"column\">\n\t\t\t<div class=\"elementor-widget-wrap elementor-element-populated\">\n\t\t\t\t\t\t<div class=\"elementor-element elementor-element-54f7704 elementor-widget elementor-widget-heading\" data-id=\"54f7704\" data-element_type=\"widget\" data-e-type=\"widget\" data-widget_type=\"heading.default\">\n\t\t\t\t<div class=\"elementor-widget-container\">\n\t\t\t\t\t<h2 class=\"elementor-heading-title elementor-size-default\">Przed cudownym obrazem Matki Bo\u017cej Liche\u0144skiej ka\u017cdego roku modl\u0105 si\u0119 pielgrzymi z Gda\u0144ska. Tym razem do liche\u0144skiego sanktuarium dotar\u0142a 41. Gda\u0144ska Piesza Pielgrzymka na Jasn\u0105 G\u00f3r\u0119 pod has\u0142em \u201eZdobywamy ziemi\u0119 obiecan\u0105\u201d.<\/h2>\t\t\t\t<\/div>\n\t\t\t\t<\/div>\n\t\t\t\t\t<\/div>\n\t\t<\/div>\n\t\t\t\t\t<\/div>\n\t\t<\/section>\n\t\t\t\t<section class=\"elementor-section elementor-top-section elementor-element elementor-element-acb9aab elementor-section-boxed elementor-section-height-default elementor-section-height-default\" data-id=\"acb9aab\" data-element_type=\"section\" data-e-type=\"section\">\n\t\t\t\t\t\t<div class=\"elementor-container elementor-column-gap-default\">\n\t\t\t\t\t<div class=\"elementor-column elementor-col-100 elementor-top-column elementor-element elementor-element-fa2f4d5\" data-id=\"fa2f4d5\" data-element_type=\"column\" data-e-type=\"column\">\n\t\t\t<div class=\"elementor-widget-wrap elementor-element-populated\">\n\t\t\t\t\t\t<section class=\"elementor-section elementor-inner-section elementor-element elementor-element-97d7858 elementor-section-boxed elementor-section-height-default elementor-section-height-default\" data-id=\"97d7858\" data-element_type=\"section\" data-e-type=\"section\">\n\t\t\t\t\t\t<div class=\"elementor-container elementor-column-gap-default\">\n\t\t\t\t\t<div class=\"elementor-column elementor-col-50 elementor-inner-column elementor-element elementor-element-170a76f\" data-id=\"170a76f\" data-element_type=\"column\" data-e-type=\"column\">\n\t\t\t<div class=\"elementor-widget-wrap elementor-element-populated\">\n\t\t\t\t\t\t<div class=\"elementor-element elementor-element-1ad23b3 elementor-widget elementor-widget-image\" data-id=\"1ad23b3\" data-element_type=\"widget\" data-e-type=\"widget\" data-widget_type=\"image.default\">\n\t\t\t\t<div class=\"elementor-widget-container\">\n\t\t\t\t\t\t\t\t\t\t\t\t\t\t\t<img fetchpriority=\"high\" decoding=\"async\" width=\"1024\" height=\"683\" src=\"https:\/\/www.lichen.pl\/wp-content\/uploads\/2023\/08\/41.-Gdanska-Piesza-Pielgrzymka-na-Jasna-Gore-9-1024x683.jpg\" class=\"attachment-large size-large wp-image-57165\" alt=\"\" srcset=\"https:\/\/www.lichen.pl\/wp-content\/uploads\/2023\/08\/41.-Gdanska-Piesza-Pielgrzymka-na-Jasna-Gore-9-1024x683.jpg 1024w, https:\/\/www.lichen.pl\/wp-content\/uploads\/2023\/08\/41.-Gdanska-Piesza-Pielgrzymka-na-Jasna-Gore-9-800x533.jpg 800w, https:\/\/www.lichen.pl\/wp-content\/uploads\/2023\/08\/41.-Gdanska-Piesza-Pielgrzymka-na-Jasna-Gore-9-300x200.jpg 300w, https:\/\/www.lichen.pl\/wp-content\/uploads\/2023\/08\/41.-Gdanska-Piesza-Pielgrzymka-na-Jasna-Gore-9-768x512.jpg 768w, https:\/\/www.lichen.pl\/wp-content\/uploads\/2023\/08\/41.-Gdanska-Piesza-Pielgrzymka-na-Jasna-Gore-9-1536x1024.jpg 1536w, https:\/\/www.lichen.pl\/wp-content\/uploads\/2023\/08\/41.-Gdanska-Piesza-Pielgrzymka-na-Jasna-Gore-9-18x12.jpg 18w, https:\/\/www.lichen.pl\/wp-content\/uploads\/2023\/08\/41.-Gdanska-Piesza-Pielgrzymka-na-Jasna-Gore-9.jpg 1920w\" sizes=\"(max-width: 1024px) 100vw, 1024px\" \/>\t\t\t\t\t\t\t\t\t\t\t\t\t\t\t<\/div>\n\t\t\t\t<\/div>\n\t\t\t\t\t<\/div>\n\t\t<\/div>\n\t\t\t\t<div class=\"elementor-column elementor-col-50 elementor-inner-column elementor-element elementor-element-2ed9c64\" data-id=\"2ed9c64\" data-element_type=\"column\" data-e-type=\"column\">\n\t\t\t<div class=\"elementor-widget-wrap elementor-element-populated\">\n\t\t\t\t\t\t<div class=\"elementor-element elementor-element-c7fa45e elementor-widget elementor-widget-text-editor\" data-id=\"c7fa45e\" data-element_type=\"widget\" data-e-type=\"widget\" data-widget_type=\"text-editor.default\">\n\t\t\t\t<div class=\"elementor-widget-container\">\n\t\t\t\t\t\t\t\t\t<div class=\"x11i5rnm xat24cr x1mh8g0r x1vvkbs xtlvy1s x126k92a\"><div dir=\"auto\"><div dir=\"auto\">P\u0105tnik\u00f3w pob\u0142ogos\u0142awi\u0142 ks. Jaros\u0142aw Hybza MIC, dyrektor Liche\u0144skiego Centrum Pomocy Rodzinie, a w liche\u0144skiej bazylice przywita\u0142 ks. Adam Stankiewicz MIC, wicekustosz liche\u0144skiej bazyliki. 170 p\u0105tnik\u00f3w pokonuje \u0142\u0105cznie 500 kilometr\u00f3w! Najm\u0142odszy pielgrzym ma 3 miesi\u0105ce, a najstarszy 82 lata. \u2013 Pielgrzymka to \u017cycie w pigu\u0142ce. Oczywi\u015bcie, to do\u015bwiadczenie \u017cywego Ko\u015bcio\u0142a, spotkanie Boga. To wsp\u00f3lnota \u2013 pomagamy sobie nawzajem, drugi cz\u0142owiek jest zawsze gotowy do pomocy. Przez 16 dni do\u015bwiadczamy zar\u00f3wno rado\u015bci, pokoju, b\u00f3lu, cierpienia, pozytywnego zaskoczenia, a nawet straty, bo oczekiwania by\u0142y inne. B\u00f3g daje te wszystkie do\u015bwiadczenia, by\u015bmy dostrzegli, \u017ce drobne problemy, kt\u00f3re osi\u0105gaj\u0105 du\u017ce rozmiary to drobiazgi. Wielkie sprawy to sprawy Bo\u017ce \u2013 podkre\u015bla ks. \u0141ukasz Gralewicz, kierownik pielgrzymki.<\/div><div dir=\"auto\">\u00a0<\/div><\/div><\/div>\t\t\t\t\t\t\t\t<\/div>\n\t\t\t\t<\/div>\n\t\t\t\t\t<\/div>\n\t\t<\/div>\n\t\t\t\t\t<\/div>\n\t\t<\/section>\n\t\t\t\t<div class=\"elementor-element elementor-element-f06fd03 elementor-widget elementor-widget-text-editor\" data-id=\"f06fd03\" data-element_type=\"widget\" data-e-type=\"widget\" data-widget_type=\"text-editor.default\">\n\t\t\t\t<div class=\"elementor-widget-container\">\n\t\t\t\t\t\t\t\t\t<div class=\"x11i5rnm xat24cr x1mh8g0r x1vvkbs xtlvy1s x126k92a\"><div dir=\"auto\"><div class=\"x11i5rnm xat24cr x1mh8g0r x1vvkbs xtlvy1s x126k92a\"><div dir=\"auto\">\u2013 W konferencjach towarzyszy nam Jozue, nast\u0119pca Moj\u017cesza, kt\u00f3ry wprowadza nas do Ziemi Obiecanej. Uczy nas jak rozwija\u0107 wiar\u0119, pokonywa\u0107 trudno\u015bci i zaufa\u0107 Bogu \u2013 m\u00f3wi ks. \u0141ukasz Gralewicz.<\/div><div dir=\"auto\"><div class=\"x11i5rnm xat24cr x1mh8g0r x1vvkbs xtlvy1s x126k92a\"><div dir=\"auto\">Dorota Literska pielgrzymuje do Matki Bo\u017cej Jasnog\u00f3rskiej od lat m\u0142odo\u015bci. Na pocz\u0105tku osobno, a p\u00f3\u017aniej z swoj\u0105 ca\u0142\u0105 rodzin\u0105. \u2013 To dla nas odpoczynek duchowy. Izolujemy si\u0119 na ten czas od pracy, \u015bwiata, kt\u00f3ry otacza nas na co dzie\u0144. Sp\u0119dzamy czas z Bogiem we wsp\u00f3lnocie, w S\u0142owie Bo\u017cym i przyrodzie. Oczywi\u015bcie, do\u015bwiadczamy trudu i b\u00f3lu, ale te\u017c \u017cyczliwo\u015bci drugiego cz\u0142owieka. To dla mnie wa\u017cne r\u00f3wnie\u017c w wychowaniu dzieci, wszystkie chodzi\u0142y z nami na pielgrzymki. Dzi\u015b towarzysz\u0105 nam synowie 13-latek i 4-latek. Pielgrzymowanie nas \u0142\u0105czy, a dzieci uczy odpowiedzialno\u015bci i troski o drugiego cz\u0142owieka. To aktywne, anga\u017cuj\u0105ce rekolekcje \u2013 opowiada Dorota Literska z Juszkowa ko\u0142o Gda\u0144ska.<\/div><\/div><div class=\"x11i5rnm xat24cr x1mh8g0r x1vvkbs xtlvy1s x126k92a\"><div dir=\"auto\">Po Mszy \u015bw. w liche\u0144skiej bazylice i \u015bniadaniu, pielgrzymi ruszyli w dalsz\u0105 drog\u0119.<\/div><\/div><\/div><\/div><\/div><\/div>\t\t\t\t\t\t\t\t<\/div>\n\t\t\t\t<\/div>\n\t\t\t\t<div class=\"elementor-element elementor-element-85f1f96 elementor-widget elementor-widget-image-gallery\" data-id=\"85f1f96\" data-element_type=\"widget\" data-e-type=\"widget\" data-widget_type=\"image-gallery.default\">\n\t\t\t\t<div class=\"elementor-widget-container\">\n\t\t\t\t\t\t\t<div class=\"elementor-image-gallery\">\n\t\t\t<div id='gallery-1' class='gallery galleryid-57155 gallery-columns-5 gallery-size-thumbnail'><figure class='gallery-item'>\n\t\t\t<div class='gallery-icon landscape'>\n\t\t\t\t<a data-elementor-open-lightbox=\"yes\" data-elementor-lightbox-slideshow=\"85f1f96\" data-elementor-lightbox-title=\"41. Gda\u0144ska Piesza Pielgrzymka na Jasn\u0105 G\u00f3r\u0119 (1)\" data-e-action-hash=\"#elementor-action%3Aaction%3Dlightbox%26settings%3DeyJpZCI6NTcxODcsInVybCI6Imh0dHBzOlwvXC93d3cubGljaGVuLnBsXC93cC1jb250ZW50XC91cGxvYWRzXC8yMDIzXC8wOFwvNDEuLUdkYW5za2EtUGllc3phLVBpZWxncnp5bWthLW5hLUphc25hLUdvcmUtMS0xLmpwZyIsInNsaWRlc2hvdyI6Ijg1ZjFmOTYifQ%3D%3D\" href='https:\/\/www.lichen.pl\/wp-content\/uploads\/2023\/08\/41.-Gdanska-Piesza-Pielgrzymka-na-Jasna-Gore-1-1.jpg'><img width=\"150\" height=\"150\" src=\"https:\/\/www.lichen.pl\/wp-content\/uploads\/2023\/08\/41.-Gdanska-Piesza-Pielgrzymka-na-Jasna-Gore-1-1-150x150.jpg\" class=\"attachment-thumbnail size-thumbnail\" alt=\"\" decoding=\"async\" srcset=\"https:\/\/www.lichen.pl\/wp-content\/uploads\/2023\/08\/41.-Gdanska-Piesza-Pielgrzymka-na-Jasna-Gore-1-1-150x150.jpg 150w, https:\/\/www.lichen.pl\/wp-content\/uploads\/2023\/08\/41.-Gdanska-Piesza-Pielgrzymka-na-Jasna-Gore-1-1-300x300.jpg 300w\" sizes=\"(max-width: 150px) 100vw, 150px\" \/><\/a>\n\t\t\t<\/div><\/figure><figure class='gallery-item'>\n\t\t\t<div class='gallery-icon landscape'>\n\t\t\t\t<a data-elementor-open-lightbox=\"yes\" data-elementor-lightbox-slideshow=\"85f1f96\" data-elementor-lightbox-title=\"41. Gda\u0144ska Piesza Pielgrzymka na Jasn\u0105 G\u00f3r\u0119 (2)\" data-e-action-hash=\"#elementor-action%3Aaction%3Dlightbox%26settings%3DeyJpZCI6NTcxODgsInVybCI6Imh0dHBzOlwvXC93d3cubGljaGVuLnBsXC93cC1jb250ZW50XC91cGxvYWRzXC8yMDIzXC8wOFwvNDEuLUdkYW5za2EtUGllc3phLVBpZWxncnp5bWthLW5hLUphc25hLUdvcmUtMi0xLmpwZyIsInNsaWRlc2hvdyI6Ijg1ZjFmOTYifQ%3D%3D\" href='https:\/\/www.lichen.pl\/wp-content\/uploads\/2023\/08\/41.-Gdanska-Piesza-Pielgrzymka-na-Jasna-Gore-2-1.jpg'><img width=\"150\" height=\"150\" src=\"https:\/\/www.lichen.pl\/wp-content\/uploads\/2023\/08\/41.-Gdanska-Piesza-Pielgrzymka-na-Jasna-Gore-2-1-150x150.jpg\" class=\"attachment-thumbnail size-thumbnail\" alt=\"\" decoding=\"async\" srcset=\"https:\/\/www.lichen.pl\/wp-content\/uploads\/2023\/08\/41.-Gdanska-Piesza-Pielgrzymka-na-Jasna-Gore-2-1-150x150.jpg 150w, https:\/\/www.lichen.pl\/wp-content\/uploads\/2023\/08\/41.-Gdanska-Piesza-Pielgrzymka-na-Jasna-Gore-2-1-300x300.jpg 300w\" sizes=\"(max-width: 150px) 100vw, 150px\" \/><\/a>\n\t\t\t<\/div><\/figure><figure class='gallery-item'>\n\t\t\t<div class='gallery-icon landscape'>\n\t\t\t\t<a data-elementor-open-lightbox=\"yes\" data-elementor-lightbox-slideshow=\"85f1f96\" data-elementor-lightbox-title=\"41. Gda\u0144ska Piesza Pielgrzymka na Jasn\u0105 G\u00f3r\u0119 (11)\" data-e-action-hash=\"#elementor-action%3Aaction%3Dlightbox%26settings%3DeyJpZCI6NTcxODYsInVybCI6Imh0dHBzOlwvXC93d3cubGljaGVuLnBsXC93cC1jb250ZW50XC91cGxvYWRzXC8yMDIzXC8wOFwvNDEuLUdkYW5za2EtUGllc3phLVBpZWxncnp5bWthLW5hLUphc25hLUdvcmUtMTEtMS5qcGciLCJzbGlkZXNob3ciOiI4NWYxZjk2In0%3D\" href='https:\/\/www.lichen.pl\/wp-content\/uploads\/2023\/08\/41.-Gdanska-Piesza-Pielgrzymka-na-Jasna-Gore-11-1.jpg'><img loading=\"lazy\" width=\"150\" height=\"150\" src=\"https:\/\/www.lichen.pl\/wp-content\/uploads\/2023\/08\/41.-Gdanska-Piesza-Pielgrzymka-na-Jasna-Gore-11-1-150x150.jpg\" class=\"attachment-thumbnail size-thumbnail\" alt=\"\" decoding=\"async\" srcset=\"https:\/\/www.lichen.pl\/wp-content\/uploads\/2023\/08\/41.-Gdanska-Piesza-Pielgrzymka-na-Jasna-Gore-11-1-150x150.jpg 150w, https:\/\/www.lichen.pl\/wp-content\/uploads\/2023\/08\/41.-Gdanska-Piesza-Pielgrzymka-na-Jasna-Gore-11-1-300x300.jpg 300w\" sizes=\"(max-width: 150px) 100vw, 150px\" \/><\/a>\n\t\t\t<\/div><\/figure><figure class='gallery-item'>\n\t\t\t<div class='gallery-icon landscape'>\n\t\t\t\t<a data-elementor-open-lightbox=\"yes\" data-elementor-lightbox-slideshow=\"85f1f96\" data-elementor-lightbox-title=\"41. Gda\u0144ska Piesza Pielgrzymka na Jasn\u0105 G\u00f3r\u0119 (10)\" data-e-action-hash=\"#elementor-action%3Aaction%3Dlightbox%26settings%3DeyJpZCI6NTcxODUsInVybCI6Imh0dHBzOlwvXC93d3cubGljaGVuLnBsXC93cC1jb250ZW50XC91cGxvYWRzXC8yMDIzXC8wOFwvNDEuLUdkYW5za2EtUGllc3phLVBpZWxncnp5bWthLW5hLUphc25hLUdvcmUtMTAtMS5qcGciLCJzbGlkZXNob3ciOiI4NWYxZjk2In0%3D\" href='https:\/\/www.lichen.pl\/wp-content\/uploads\/2023\/08\/41.-Gdanska-Piesza-Pielgrzymka-na-Jasna-Gore-10-1.jpg'><img loading=\"lazy\" width=\"150\" height=\"150\" src=\"https:\/\/www.lichen.pl\/wp-content\/uploads\/2023\/08\/41.-Gdanska-Piesza-Pielgrzymka-na-Jasna-Gore-10-1-150x150.jpg\" class=\"attachment-thumbnail size-thumbnail\" alt=\"\" decoding=\"async\" srcset=\"https:\/\/www.lichen.pl\/wp-content\/uploads\/2023\/08\/41.-Gdanska-Piesza-Pielgrzymka-na-Jasna-Gore-10-1-150x150.jpg 150w, https:\/\/www.lichen.pl\/wp-content\/uploads\/2023\/08\/41.-Gdanska-Piesza-Pielgrzymka-na-Jasna-Gore-10-1-300x300.jpg 300w\" sizes=\"(max-width: 150px) 100vw, 150px\" \/><\/a>\n\t\t\t<\/div><\/figure><figure class='gallery-item'>\n\t\t\t<div class='gallery-icon portrait'>\n\t\t\t\t<a data-elementor-open-lightbox=\"yes\" data-elementor-lightbox-slideshow=\"85f1f96\" data-elementor-lightbox-title=\"41. Gda\u0144ska Piesza Pielgrzymka na Jasn\u0105 G\u00f3r\u0119 (3)\" data-e-action-hash=\"#elementor-action%3Aaction%3Dlightbox%26settings%3DeyJpZCI6NTcxNzgsInVybCI6Imh0dHBzOlwvXC93d3cubGljaGVuLnBsXC93cC1jb250ZW50XC91cGxvYWRzXC8yMDIzXC8wOFwvNDEuLUdkYW5za2EtUGllc3phLVBpZWxncnp5bWthLW5hLUphc25hLUdvcmUtMy0xLmpwZyIsInNsaWRlc2hvdyI6Ijg1ZjFmOTYifQ%3D%3D\" href='https:\/\/www.lichen.pl\/wp-content\/uploads\/2023\/08\/41.-Gdanska-Piesza-Pielgrzymka-na-Jasna-Gore-3-1.jpg'><img loading=\"lazy\" width=\"150\" height=\"150\" src=\"https:\/\/www.lichen.pl\/wp-content\/uploads\/2023\/08\/41.-Gdanska-Piesza-Pielgrzymka-na-Jasna-Gore-3-1-150x150.jpg\" class=\"attachment-thumbnail size-thumbnail\" alt=\"\" decoding=\"async\" srcset=\"https:\/\/www.lichen.pl\/wp-content\/uploads\/2023\/08\/41.-Gdanska-Piesza-Pielgrzymka-na-Jasna-Gore-3-1-150x150.jpg 150w, https:\/\/www.lichen.pl\/wp-content\/uploads\/2023\/08\/41.-Gdanska-Piesza-Pielgrzymka-na-Jasna-Gore-3-1-300x300.jpg 300w\" sizes=\"(max-width: 150px) 100vw, 150px\" \/><\/a>\n\t\t\t<\/div><\/figure><figure class='gallery-item'>\n\t\t\t<div class='gallery-icon landscape'>\n\t\t\t\t<a data-elementor-open-lightbox=\"yes\" data-elementor-lightbox-slideshow=\"85f1f96\" data-elementor-lightbox-title=\"41. Gda\u0144ska Piesza Pielgrzymka na Jasn\u0105 G\u00f3r\u0119 (8)\" data-e-action-hash=\"#elementor-action%3Aaction%3Dlightbox%26settings%3DeyJpZCI6NTcxODMsInVybCI6Imh0dHBzOlwvXC93d3cubGljaGVuLnBsXC93cC1jb250ZW50XC91cGxvYWRzXC8yMDIzXC8wOFwvNDEuLUdkYW5za2EtUGllc3phLVBpZWxncnp5bWthLW5hLUphc25hLUdvcmUtOC0xLmpwZyIsInNsaWRlc2hvdyI6Ijg1ZjFmOTYifQ%3D%3D\" href='https:\/\/www.lichen.pl\/wp-content\/uploads\/2023\/08\/41.-Gdanska-Piesza-Pielgrzymka-na-Jasna-Gore-8-1.jpg'><img loading=\"lazy\" width=\"150\" height=\"150\" src=\"https:\/\/www.lichen.pl\/wp-content\/uploads\/2023\/08\/41.-Gdanska-Piesza-Pielgrzymka-na-Jasna-Gore-8-1-150x150.jpg\" class=\"attachment-thumbnail size-thumbnail\" alt=\"\" decoding=\"async\" srcset=\"https:\/\/www.lichen.pl\/wp-content\/uploads\/2023\/08\/41.-Gdanska-Piesza-Pielgrzymka-na-Jasna-Gore-8-1-150x150.jpg 150w, https:\/\/www.lichen.pl\/wp-content\/uploads\/2023\/08\/41.-Gdanska-Piesza-Pielgrzymka-na-Jasna-Gore-8-1-300x300.jpg 300w\" sizes=\"(max-width: 150px) 100vw, 150px\" \/><\/a>\n\t\t\t<\/div><\/figure><figure class='gallery-item'>\n\t\t\t<div class='gallery-icon landscape'>\n\t\t\t\t<a data-elementor-open-lightbox=\"yes\" data-elementor-lightbox-slideshow=\"85f1f96\" data-elementor-lightbox-title=\"41. Gda\u0144ska Piesza Pielgrzymka na Jasn\u0105 G\u00f3r\u0119 (6)\" data-e-action-hash=\"#elementor-action%3Aaction%3Dlightbox%26settings%3DeyJpZCI6NTcxODEsInVybCI6Imh0dHBzOlwvXC93d3cubGljaGVuLnBsXC93cC1jb250ZW50XC91cGxvYWRzXC8yMDIzXC8wOFwvNDEuLUdkYW5za2EtUGllc3phLVBpZWxncnp5bWthLW5hLUphc25hLUdvcmUtNi0xLmpwZyIsInNsaWRlc2hvdyI6Ijg1ZjFmOTYifQ%3D%3D\" href='https:\/\/www.lichen.pl\/wp-content\/uploads\/2023\/08\/41.-Gdanska-Piesza-Pielgrzymka-na-Jasna-Gore-6-1.jpg'><img loading=\"lazy\" width=\"150\" height=\"150\" src=\"https:\/\/www.lichen.pl\/wp-content\/uploads\/2023\/08\/41.-Gdanska-Piesza-Pielgrzymka-na-Jasna-Gore-6-1-150x150.jpg\" class=\"attachment-thumbnail size-thumbnail\" alt=\"\" decoding=\"async\" srcset=\"https:\/\/www.lichen.pl\/wp-content\/uploads\/2023\/08\/41.-Gdanska-Piesza-Pielgrzymka-na-Jasna-Gore-6-1-150x150.jpg 150w, https:\/\/www.lichen.pl\/wp-content\/uploads\/2023\/08\/41.-Gdanska-Piesza-Pielgrzymka-na-Jasna-Gore-6-1-300x300.jpg 300w\" sizes=\"(max-width: 150px) 100vw, 150px\" \/><\/a>\n\t\t\t<\/div><\/figure><figure class='gallery-item'>\n\t\t\t<div class='gallery-icon landscape'>\n\t\t\t\t<a data-elementor-open-lightbox=\"yes\" data-elementor-lightbox-slideshow=\"85f1f96\" data-elementor-lightbox-title=\"41. Gda\u0144ska Piesza Pielgrzymka na Jasn\u0105 G\u00f3r\u0119 (4)\" data-e-action-hash=\"#elementor-action%3Aaction%3Dlightbox%26settings%3DeyJpZCI6NTcxNzksInVybCI6Imh0dHBzOlwvXC93d3cubGljaGVuLnBsXC93cC1jb250ZW50XC91cGxvYWRzXC8yMDIzXC8wOFwvNDEuLUdkYW5za2EtUGllc3phLVBpZWxncnp5bWthLW5hLUphc25hLUdvcmUtNC0xLmpwZyIsInNsaWRlc2hvdyI6Ijg1ZjFmOTYifQ%3D%3D\" href='https:\/\/www.lichen.pl\/wp-content\/uploads\/2023\/08\/41.-Gdanska-Piesza-Pielgrzymka-na-Jasna-Gore-4-1.jpg'><img loading=\"lazy\" width=\"150\" height=\"150\" src=\"https:\/\/www.lichen.pl\/wp-content\/uploads\/2023\/08\/41.-Gdanska-Piesza-Pielgrzymka-na-Jasna-Gore-4-1-150x150.jpg\" class=\"attachment-thumbnail size-thumbnail\" alt=\"\" decoding=\"async\" srcset=\"https:\/\/www.lichen.pl\/wp-content\/uploads\/2023\/08\/41.-Gdanska-Piesza-Pielgrzymka-na-Jasna-Gore-4-1-150x150.jpg 150w, https:\/\/www.lichen.pl\/wp-content\/uploads\/2023\/08\/41.-Gdanska-Piesza-Pielgrzymka-na-Jasna-Gore-4-1-300x300.jpg 300w\" sizes=\"(max-width: 150px) 100vw, 150px\" \/><\/a>\n\t\t\t<\/div><\/figure><figure class='gallery-item'>\n\t\t\t<div class='gallery-icon landscape'>\n\t\t\t\t<a data-elementor-open-lightbox=\"yes\" data-elementor-lightbox-slideshow=\"85f1f96\" data-elementor-lightbox-title=\"41. Gda\u0144ska Piesza Pielgrzymka na Jasn\u0105 G\u00f3r\u0119 (5)\" data-e-action-hash=\"#elementor-action%3Aaction%3Dlightbox%26settings%3DeyJpZCI6NTcxODAsInVybCI6Imh0dHBzOlwvXC93d3cubGljaGVuLnBsXC93cC1jb250ZW50XC91cGxvYWRzXC8yMDIzXC8wOFwvNDEuLUdkYW5za2EtUGllc3phLVBpZWxncnp5bWthLW5hLUphc25hLUdvcmUtNS0xLmpwZyIsInNsaWRlc2hvdyI6Ijg1ZjFmOTYifQ%3D%3D\" href='https:\/\/www.lichen.pl\/wp-content\/uploads\/2023\/08\/41.-Gdanska-Piesza-Pielgrzymka-na-Jasna-Gore-5-1.jpg'><img loading=\"lazy\" width=\"150\" height=\"150\" src=\"https:\/\/www.lichen.pl\/wp-content\/uploads\/2023\/08\/41.-Gdanska-Piesza-Pielgrzymka-na-Jasna-Gore-5-1-150x150.jpg\" class=\"attachment-thumbnail size-thumbnail\" alt=\"\" decoding=\"async\" srcset=\"https:\/\/www.lichen.pl\/wp-content\/uploads\/2023\/08\/41.-Gdanska-Piesza-Pielgrzymka-na-Jasna-Gore-5-1-150x150.jpg 150w, https:\/\/www.lichen.pl\/wp-content\/uploads\/2023\/08\/41.-Gdanska-Piesza-Pielgrzymka-na-Jasna-Gore-5-1-300x300.jpg 300w\" sizes=\"(max-width: 150px) 100vw, 150px\" \/><\/a>\n\t\t\t<\/div><\/figure><figure class='gallery-item'>\n\t\t\t<div class='gallery-icon landscape'>\n\t\t\t\t<a data-elementor-open-lightbox=\"yes\" data-elementor-lightbox-slideshow=\"85f1f96\" data-elementor-lightbox-title=\"41. Gda\u0144ska Piesza Pielgrzymka na Jasn\u0105 G\u00f3r\u0119 (7)\" data-e-action-hash=\"#elementor-action%3Aaction%3Dlightbox%26settings%3DeyJpZCI6NTcxODIsInVybCI6Imh0dHBzOlwvXC93d3cubGljaGVuLnBsXC93cC1jb250ZW50XC91cGxvYWRzXC8yMDIzXC8wOFwvNDEuLUdkYW5za2EtUGllc3phLVBpZWxncnp5bWthLW5hLUphc25hLUdvcmUtNy0xLmpwZyIsInNsaWRlc2hvdyI6Ijg1ZjFmOTYifQ%3D%3D\" href='https:\/\/www.lichen.pl\/wp-content\/uploads\/2023\/08\/41.-Gdanska-Piesza-Pielgrzymka-na-Jasna-Gore-7-1.jpg'><img loading=\"lazy\" width=\"150\" height=\"150\" src=\"https:\/\/www.lichen.pl\/wp-content\/uploads\/2023\/08\/41.-Gdanska-Piesza-Pielgrzymka-na-Jasna-Gore-7-1-150x150.jpg\" class=\"attachment-thumbnail size-thumbnail\" alt=\"\" decoding=\"async\" srcset=\"https:\/\/www.lichen.pl\/wp-content\/uploads\/2023\/08\/41.-Gdanska-Piesza-Pielgrzymka-na-Jasna-Gore-7-1-150x150.jpg 150w, https:\/\/www.lichen.pl\/wp-content\/uploads\/2023\/08\/41.-Gdanska-Piesza-Pielgrzymka-na-Jasna-Gore-7-1-300x300.jpg 300w\" sizes=\"(max-width: 150px) 100vw, 150px\" \/><\/a>\n\t\t\t<\/div><\/figure>\n\t\t<\/div>\n\t\t<\/div>\n\t\t\t\t\t\t<\/div>\n\t\t\t\t<\/div>\n\t\t\t\t\t<\/div>\n\t\t<\/div>\n\t\t\t\t\t<\/div>\n\t\t<\/section>\n\t\t\t\t<\/div>","protected":false},"excerpt":{"rendered":"<p>Przed cudownym obrazem Matki Bo\u017cej Liche\u0144skiej ka\u017cdego roku modl\u0105 si\u0119 pielgrzymi z Gda\u0144ska. Tym razem do liche\u0144skiego sanktuarium dotar\u0142a 41. Gda\u0144ska Piesza Pielgrzymka na Jasn\u0105 G\u00f3r\u0119 pod has\u0142em \u201eZdobywamy ziemi\u0119 obiecan\u0105\u201d. P\u0105tnik\u00f3w pob\u0142ogos\u0142awi\u0142 ks. Jaros\u0142aw Hybza MIC, dyrektor Liche\u0144skiego Centrum Pomocy Rodzinie, a w liche\u0144skiej bazylice przywita\u0142 ks. Adam Stankiewicz MIC, wicekustosz liche\u0144skiej bazyliki. 170 [&hellip;]<\/p>\n","protected":false},"author":6,"featured_media":57166,"comment_status":"closed","ping_status":"closed","sticky":false,"template":"","format":"standard","meta":{"footnotes":""},"categories":[1],"tags":[],"class_list":["post-57155","post","type-post","status-publish","format-standard","has-post-thumbnail","hentry","category-aktualnosci","wpbf-post"],"yoast_head":"<!-- This site is optimized with the Yoast SEO plugin v27.4 - https:\/\/yoast.com\/product\/yoast-seo-wordpress\/ -->\n<title>41. Gda\u0144ska Piesza Pielgrzymka na Jasn\u0105 G\u00f3r\u0119 - SANKTUARIUM W LICHENIU<\/title>\n<meta name=\"robots\" content=\"index, follow, max-snippet:-1, max-image-preview:large, max-video-preview:-1\" \/>\n<link rel=\"canonical\" href=\"https:\/\/www.lichen.pl\/es\/41-gdanska-piesza-pielgrzymka-na-jasna-gore\/\" \/>\n<meta property=\"og:locale\" content=\"es_ES\" \/>\n<meta property=\"og:type\" content=\"article\" \/>\n<meta property=\"og:title\" content=\"41. Gda\u0144ska Piesza Pielgrzymka na Jasn\u0105 G\u00f3r\u0119 - SANKTUARIUM W LICHENIU\" \/>\n<meta property=\"og:description\" content=\"Przed cudownym obrazem Matki Bo\u017cej Liche\u0144skiej ka\u017cdego roku modl\u0105 si\u0119 pielgrzymi z Gda\u0144ska. Tym razem do liche\u0144skiego sanktuarium dotar\u0142a 41. Gda\u0144ska Piesza Pielgrzymka na Jasn\u0105 G\u00f3r\u0119 pod has\u0142em \u201eZdobywamy ziemi\u0119 obiecan\u0105\u201d. P\u0105tnik\u00f3w pob\u0142ogos\u0142awi\u0142 ks. Jaros\u0142aw Hybza MIC, dyrektor Liche\u0144skiego Centrum Pomocy Rodzinie, a w liche\u0144skiej bazylice przywita\u0142 ks. Adam Stankiewicz MIC, wicekustosz liche\u0144skiej bazyliki. 170 [&hellip;]\" \/>\n<meta property=\"og:url\" content=\"https:\/\/www.lichen.pl\/es\/41-gdanska-piesza-pielgrzymka-na-jasna-gore\/\" \/>\n<meta property=\"og:site_name\" content=\"SANKTUARIUM W LICHENIU\" \/>\n<meta property=\"article:published_time\" content=\"2023-08-05T12:24:56+00:00\" \/>\n<meta property=\"article:modified_time\" content=\"2023-08-10T12:47:44+00:00\" \/>\n<meta property=\"og:image\" content=\"https:\/\/www.lichen.pl\/wp-content\/uploads\/2023\/08\/41.-Gdanska-Piesza-Pielgrzymka-na-Jasna-Gore-10-1024x683.jpg\" \/>\n\t<meta property=\"og:image:width\" content=\"1024\" \/>\n\t<meta property=\"og:image:height\" content=\"683\" \/>\n\t<meta property=\"og:image:type\" content=\"image\/jpeg\" \/>\n<meta name=\"author\" content=\"AMELIA SIUDA-KOSZELA\" \/>\n<meta name=\"twitter:card\" content=\"summary_large_image\" \/>\n<meta name=\"twitter:label1\" content=\"Escrito por\" \/>\n\t<meta name=\"twitter:data1\" content=\"AMELIA SIUDA-KOSZELA\" \/>\n\t<meta name=\"twitter:label2\" content=\"Tiempo de lectura\" \/>\n\t<meta name=\"twitter:data2\" content=\"4 minutos\" \/>\n<script type=\"application\/ld+json\" class=\"yoast-schema-graph\">{\"@context\":\"https:\\\/\\\/schema.org\",\"@graph\":[{\"@type\":\"Article\",\"@id\":\"https:\\\/\\\/www.lichen.pl\\\/41-gdanska-piesza-pielgrzymka-na-jasna-gore\\\/#article\",\"isPartOf\":{\"@id\":\"https:\\\/\\\/www.lichen.pl\\\/41-gdanska-piesza-pielgrzymka-na-jasna-gore\\\/\"},\"author\":{\"name\":\"AMELIA SIUDA-KOSZELA\",\"@id\":\"https:\\\/\\\/www.lichen.pl\\\/fr\\\/#\\\/schema\\\/person\\\/70bf824c102f176cf976b0d90af0d62a\"},\"headline\":\"41. Gda\u0144ska Piesza Pielgrzymka na Jasn\u0105 G\u00f3r\u0119\",\"datePublished\":\"2023-08-05T12:24:56+00:00\",\"dateModified\":\"2023-08-10T12:47:44+00:00\",\"mainEntityOfPage\":{\"@id\":\"https:\\\/\\\/www.lichen.pl\\\/41-gdanska-piesza-pielgrzymka-na-jasna-gore\\\/\"},\"wordCount\":356,\"image\":{\"@id\":\"https:\\\/\\\/www.lichen.pl\\\/41-gdanska-piesza-pielgrzymka-na-jasna-gore\\\/#primaryimage\"},\"thumbnailUrl\":\"https:\\\/\\\/www.lichen.pl\\\/wp-content\\\/uploads\\\/2023\\\/08\\\/41.-Gdanska-Piesza-Pielgrzymka-na-Jasna-Gore-10.jpg\",\"articleSection\":[\"Aktualno\u015bci\"],\"inLanguage\":\"es\"},{\"@type\":\"WebPage\",\"@id\":\"https:\\\/\\\/www.lichen.pl\\\/41-gdanska-piesza-pielgrzymka-na-jasna-gore\\\/\",\"url\":\"https:\\\/\\\/www.lichen.pl\\\/41-gdanska-piesza-pielgrzymka-na-jasna-gore\\\/\",\"name\":\"41. Gda\u0144ska Piesza Pielgrzymka na Jasn\u0105 G\u00f3r\u0119 - SANKTUARIUM W LICHENIU\",\"isPartOf\":{\"@id\":\"https:\\\/\\\/www.lichen.pl\\\/fr\\\/#website\"},\"primaryImageOfPage\":{\"@id\":\"https:\\\/\\\/www.lichen.pl\\\/41-gdanska-piesza-pielgrzymka-na-jasna-gore\\\/#primaryimage\"},\"image\":{\"@id\":\"https:\\\/\\\/www.lichen.pl\\\/41-gdanska-piesza-pielgrzymka-na-jasna-gore\\\/#primaryimage\"},\"thumbnailUrl\":\"https:\\\/\\\/www.lichen.pl\\\/wp-content\\\/uploads\\\/2023\\\/08\\\/41.-Gdanska-Piesza-Pielgrzymka-na-Jasna-Gore-10.jpg\",\"datePublished\":\"2023-08-05T12:24:56+00:00\",\"dateModified\":\"2023-08-10T12:47:44+00:00\",\"author\":{\"@id\":\"https:\\\/\\\/www.lichen.pl\\\/fr\\\/#\\\/schema\\\/person\\\/70bf824c102f176cf976b0d90af0d62a\"},\"breadcrumb\":{\"@id\":\"https:\\\/\\\/www.lichen.pl\\\/41-gdanska-piesza-pielgrzymka-na-jasna-gore\\\/#breadcrumb\"},\"inLanguage\":\"es\",\"potentialAction\":[{\"@type\":\"ReadAction\",\"target\":[\"https:\\\/\\\/www.lichen.pl\\\/41-gdanska-piesza-pielgrzymka-na-jasna-gore\\\/\"]}]},{\"@type\":\"ImageObject\",\"inLanguage\":\"es\",\"@id\":\"https:\\\/\\\/www.lichen.pl\\\/41-gdanska-piesza-pielgrzymka-na-jasna-gore\\\/#primaryimage\",\"url\":\"https:\\\/\\\/www.lichen.pl\\\/wp-content\\\/uploads\\\/2023\\\/08\\\/41.-Gdanska-Piesza-Pielgrzymka-na-Jasna-Gore-10.jpg\",\"contentUrl\":\"https:\\\/\\\/www.lichen.pl\\\/wp-content\\\/uploads\\\/2023\\\/08\\\/41.-Gdanska-Piesza-Pielgrzymka-na-Jasna-Gore-10.jpg\",\"width\":1920,\"height\":1280},{\"@type\":\"BreadcrumbList\",\"@id\":\"https:\\\/\\\/www.lichen.pl\\\/41-gdanska-piesza-pielgrzymka-na-jasna-gore\\\/#breadcrumb\",\"itemListElement\":[{\"@type\":\"ListItem\",\"position\":1,\"name\":\"Strona g\u0142\u00f3wna\",\"item\":\"https:\\\/\\\/www.lichen.pl\\\/\"},{\"@type\":\"ListItem\",\"position\":2,\"name\":\"41. Gda\u0144ska Piesza Pielgrzymka na Jasn\u0105 G\u00f3r\u0119\"}]},{\"@type\":\"WebSite\",\"@id\":\"https:\\\/\\\/www.lichen.pl\\\/fr\\\/#website\",\"url\":\"https:\\\/\\\/www.lichen.pl\\\/fr\\\/\",\"name\":\"SANKTUARIUM W LICHENIU\",\"description\":\"MATKI BO\u017bEJ LICHE\u0143SKIEJ BOLESNEJ KR\u00d3LOWEJ POLSKI\",\"potentialAction\":[{\"@type\":\"SearchAction\",\"target\":{\"@type\":\"EntryPoint\",\"urlTemplate\":\"https:\\\/\\\/www.lichen.pl\\\/fr\\\/?s={search_term_string}\"},\"query-input\":{\"@type\":\"PropertyValueSpecification\",\"valueRequired\":true,\"valueName\":\"search_term_string\"}}],\"inLanguage\":\"es\"},{\"@type\":\"Person\",\"@id\":\"https:\\\/\\\/www.lichen.pl\\\/fr\\\/#\\\/schema\\\/person\\\/70bf824c102f176cf976b0d90af0d62a\",\"name\":\"AMELIA SIUDA-KOSZELA\",\"image\":{\"@type\":\"ImageObject\",\"inLanguage\":\"es\",\"@id\":\"https:\\\/\\\/secure.gravatar.com\\\/avatar\\\/a0f9a92186ab02fb8db116f5388e3bc7280dd7bd01565c5d6b7ceb07ff27d6d9?s=96&d=retro&r=g\",\"url\":\"https:\\\/\\\/secure.gravatar.com\\\/avatar\\\/a0f9a92186ab02fb8db116f5388e3bc7280dd7bd01565c5d6b7ceb07ff27d6d9?s=96&d=retro&r=g\",\"contentUrl\":\"https:\\\/\\\/secure.gravatar.com\\\/avatar\\\/a0f9a92186ab02fb8db116f5388e3bc7280dd7bd01565c5d6b7ceb07ff27d6d9?s=96&d=retro&r=g\",\"caption\":\"AMELIA SIUDA-KOSZELA\"},\"url\":\"https:\\\/\\\/www.lichen.pl\\\/es\\\/author\\\/amelia\\\/\"}]}<\/script>\n<!-- \/ Yoast SEO plugin. -->","yoast_head_json":{"title":"41. Gda\u0144ska Piesza Pielgrzymka na Jasn\u0105 G\u00f3r\u0119 - SANKTUARIUM W LICHENIU","robots":{"index":"index","follow":"follow","max-snippet":"max-snippet:-1","max-image-preview":"max-image-preview:large","max-video-preview":"max-video-preview:-1"},"canonical":"https:\/\/www.lichen.pl\/es\/41-gdanska-piesza-pielgrzymka-na-jasna-gore\/","og_locale":"es_ES","og_type":"article","og_title":"41. Gda\u0144ska Piesza Pielgrzymka na Jasn\u0105 G\u00f3r\u0119 - SANKTUARIUM W LICHENIU","og_description":"Przed cudownym obrazem Matki Bo\u017cej Liche\u0144skiej ka\u017cdego roku modl\u0105 si\u0119 pielgrzymi z Gda\u0144ska. Tym razem do liche\u0144skiego sanktuarium dotar\u0142a 41. Gda\u0144ska Piesza Pielgrzymka na Jasn\u0105 G\u00f3r\u0119 pod has\u0142em \u201eZdobywamy ziemi\u0119 obiecan\u0105\u201d. P\u0105tnik\u00f3w pob\u0142ogos\u0142awi\u0142 ks. Jaros\u0142aw Hybza MIC, dyrektor Liche\u0144skiego Centrum Pomocy Rodzinie, a w liche\u0144skiej bazylice przywita\u0142 ks. Adam Stankiewicz MIC, wicekustosz liche\u0144skiej bazyliki. 170 [&hellip;]","og_url":"https:\/\/www.lichen.pl\/es\/41-gdanska-piesza-pielgrzymka-na-jasna-gore\/","og_site_name":"SANKTUARIUM W LICHENIU","article_published_time":"2023-08-05T12:24:56+00:00","article_modified_time":"2023-08-10T12:47:44+00:00","og_image":[{"width":1024,"height":683,"url":"https:\/\/www.lichen.pl\/wp-content\/uploads\/2023\/08\/41.-Gdanska-Piesza-Pielgrzymka-na-Jasna-Gore-10-1024x683.jpg","type":"image\/jpeg"}],"author":"AMELIA SIUDA-KOSZELA","twitter_card":"summary_large_image","twitter_misc":{"Escrito por":"AMELIA SIUDA-KOSZELA","Tiempo de lectura":"4 minutos"},"schema":{"@context":"https:\/\/schema.org","@graph":[{"@type":"Article","@id":"https:\/\/www.lichen.pl\/41-gdanska-piesza-pielgrzymka-na-jasna-gore\/#article","isPartOf":{"@id":"https:\/\/www.lichen.pl\/41-gdanska-piesza-pielgrzymka-na-jasna-gore\/"},"author":{"name":"AMELIA SIUDA-KOSZELA","@id":"https:\/\/www.lichen.pl\/fr\/#\/schema\/person\/70bf824c102f176cf976b0d90af0d62a"},"headline":"41. Gda\u0144ska Piesza Pielgrzymka na Jasn\u0105 G\u00f3r\u0119","datePublished":"2023-08-05T12:24:56+00:00","dateModified":"2023-08-10T12:47:44+00:00","mainEntityOfPage":{"@id":"https:\/\/www.lichen.pl\/41-gdanska-piesza-pielgrzymka-na-jasna-gore\/"},"wordCount":356,"image":{"@id":"https:\/\/www.lichen.pl\/41-gdanska-piesza-pielgrzymka-na-jasna-gore\/#primaryimage"},"thumbnailUrl":"https:\/\/www.lichen.pl\/wp-content\/uploads\/2023\/08\/41.-Gdanska-Piesza-Pielgrzymka-na-Jasna-Gore-10.jpg","articleSection":["Aktualno\u015bci"],"inLanguage":"es"},{"@type":"WebPage","@id":"https:\/\/www.lichen.pl\/41-gdanska-piesza-pielgrzymka-na-jasna-gore\/","url":"https:\/\/www.lichen.pl\/41-gdanska-piesza-pielgrzymka-na-jasna-gore\/","name":"41. Gda\u0144ska Piesza Pielgrzymka na Jasn\u0105 G\u00f3r\u0119 - SANKTUARIUM W LICHENIU","isPartOf":{"@id":"https:\/\/www.lichen.pl\/fr\/#website"},"primaryImageOfPage":{"@id":"https:\/\/www.lichen.pl\/41-gdanska-piesza-pielgrzymka-na-jasna-gore\/#primaryimage"},"image":{"@id":"https:\/\/www.lichen.pl\/41-gdanska-piesza-pielgrzymka-na-jasna-gore\/#primaryimage"},"thumbnailUrl":"https:\/\/www.lichen.pl\/wp-content\/uploads\/2023\/08\/41.-Gdanska-Piesza-Pielgrzymka-na-Jasna-Gore-10.jpg","datePublished":"2023-08-05T12:24:56+00:00","dateModified":"2023-08-10T12:47:44+00:00","author":{"@id":"https:\/\/www.lichen.pl\/fr\/#\/schema\/person\/70bf824c102f176cf976b0d90af0d62a"},"breadcrumb":{"@id":"https:\/\/www.lichen.pl\/41-gdanska-piesza-pielgrzymka-na-jasna-gore\/#breadcrumb"},"inLanguage":"es","potentialAction":[{"@type":"ReadAction","target":["https:\/\/www.lichen.pl\/41-gdanska-piesza-pielgrzymka-na-jasna-gore\/"]}]},{"@type":"ImageObject","inLanguage":"es","@id":"https:\/\/www.lichen.pl\/41-gdanska-piesza-pielgrzymka-na-jasna-gore\/#primaryimage","url":"https:\/\/www.lichen.pl\/wp-content\/uploads\/2023\/08\/41.-Gdanska-Piesza-Pielgrzymka-na-Jasna-Gore-10.jpg","contentUrl":"https:\/\/www.lichen.pl\/wp-content\/uploads\/2023\/08\/41.-Gdanska-Piesza-Pielgrzymka-na-Jasna-Gore-10.jpg","width":1920,"height":1280},{"@type":"BreadcrumbList","@id":"https:\/\/www.lichen.pl\/41-gdanska-piesza-pielgrzymka-na-jasna-gore\/#breadcrumb","itemListElement":[{"@type":"ListItem","position":1,"name":"Strona g\u0142\u00f3wna","item":"https:\/\/www.lichen.pl\/"},{"@type":"ListItem","position":2,"name":"41. Gda\u0144ska Piesza Pielgrzymka na Jasn\u0105 G\u00f3r\u0119"}]},{"@type":"WebSite","@id":"https:\/\/www.lichen.pl\/fr\/#website","url":"https:\/\/www.lichen.pl\/fr\/","name":"SANTUARIO EN LICHENIA","description":"LA DOLOROSA REINA DE POLONIA DE NUESTRO LICHEN","potentialAction":[{"@type":"SearchAction","target":{"@type":"EntryPoint","urlTemplate":"https:\/\/www.lichen.pl\/fr\/?s={search_term_string}"},"query-input":{"@type":"PropertyValueSpecification","valueRequired":true,"valueName":"search_term_string"}}],"inLanguage":"es"},{"@type":"Person","@id":"https:\/\/www.lichen.pl\/fr\/#\/schema\/person\/70bf824c102f176cf976b0d90af0d62a","name":"AMELIA SIUDA-KOSZELA","image":{"@type":"ImageObject","inLanguage":"es","@id":"https:\/\/secure.gravatar.com\/avatar\/a0f9a92186ab02fb8db116f5388e3bc7280dd7bd01565c5d6b7ceb07ff27d6d9?s=96&d=retro&r=g","url":"https:\/\/secure.gravatar.com\/avatar\/a0f9a92186ab02fb8db116f5388e3bc7280dd7bd01565c5d6b7ceb07ff27d6d9?s=96&d=retro&r=g","contentUrl":"https:\/\/secure.gravatar.com\/avatar\/a0f9a92186ab02fb8db116f5388e3bc7280dd7bd01565c5d6b7ceb07ff27d6d9?s=96&d=retro&r=g","caption":"AMELIA SIUDA-KOSZELA"},"url":"https:\/\/www.lichen.pl\/es\/author\/amelia\/"}]}},"_links":{"self":[{"href":"https:\/\/www.lichen.pl\/es\/wp-json\/wp\/v2\/posts\/57155","targetHints":{"allow":["GET"]}}],"collection":[{"href":"https:\/\/www.lichen.pl\/es\/wp-json\/wp\/v2\/posts"}],"about":[{"href":"https:\/\/www.lichen.pl\/es\/wp-json\/wp\/v2\/types\/post"}],"author":[{"embeddable":true,"href":"https:\/\/www.lichen.pl\/es\/wp-json\/wp\/v2\/users\/6"}],"replies":[{"embeddable":true,"href":"https:\/\/www.lichen.pl\/es\/wp-json\/wp\/v2\/comments?post=57155"}],"version-history":[{"count":4,"href":"https:\/\/www.lichen.pl\/es\/wp-json\/wp\/v2\/posts\/57155\/revisions"}],"predecessor-version":[{"id":57191,"href":"https:\/\/www.lichen.pl\/es\/wp-json\/wp\/v2\/posts\/57155\/revisions\/57191"}],"wp:featuredmedia":[{"embeddable":true,"href":"https:\/\/www.lichen.pl\/es\/wp-json\/wp\/v2\/media\/57166"}],"wp:attachment":[{"href":"https:\/\/www.lichen.pl\/es\/wp-json\/wp\/v2\/media?parent=57155"}],"wp:term":[{"taxonomy":"category","embeddable":true,"href":"https:\/\/www.lichen.pl\/es\/wp-json\/wp\/v2\/categories?post=57155"},{"taxonomy":"post_tag","embeddable":true,"href":"https:\/\/www.lichen.pl\/es\/wp-json\/wp\/v2\/tags?post=57155"}],"curies":[{"name":"wp","href":"https:\/\/api.w.org\/{rel}","templated":true}]}}