{"id":57251,"date":"2023-08-12T17:55:12","date_gmt":"2023-08-12T15:55:12","guid":{"rendered":"https:\/\/www.lichen.pl\/?p=57251"},"modified":"2023-08-12T18:03:38","modified_gmt":"2023-08-12T16:03:38","slug":"dzien-modlitw-w-intencji-malzenstw-w-kryzysie-w-lichenskim-sanktuarium","status":"publish","type":"post","link":"https:\/\/www.lichen.pl\/es\/dzien-modlitw-w-intencji-malzenstw-w-kryzysie-w-lichenskim-sanktuarium\/","title":{"rendered":"Dzie\u0144 modlitw w intencji ma\u0142\u017ce\u0144stw w kryzysie w liche\u0144skim sanktuarium"},"content":{"rendered":"<div data-elementor-type=\"wp-post\" data-elementor-id=\"57251\" class=\"elementor elementor-57251\" data-elementor-post-type=\"post\">\n\t\t\t\t\t\t<section class=\"elementor-section elementor-top-section elementor-element elementor-element-a6b4628 elementor-section-boxed elementor-section-height-default elementor-section-height-default\" data-id=\"a6b4628\" data-element_type=\"section\" data-e-type=\"section\">\n\t\t\t\t\t\t<div class=\"elementor-container elementor-column-gap-default\">\n\t\t\t\t\t<div class=\"elementor-column elementor-col-100 elementor-top-column elementor-element elementor-element-1f1d0c0\" data-id=\"1f1d0c0\" data-element_type=\"column\" data-e-type=\"column\">\n\t\t\t<div class=\"elementor-widget-wrap elementor-element-populated\">\n\t\t\t\t\t\t<div class=\"elementor-element elementor-element-b708187 elementor-widget__width-initial elementor-widget elementor-widget-text-editor\" data-id=\"b708187\" data-element_type=\"widget\" data-e-type=\"widget\" data-widget_type=\"text-editor.default\">\n\t\t\t\t<div class=\"elementor-widget-container\">\n\t\t\t\t\t\t\t\t\t<p><strong><span style=\"color: #000000;\">\u2013 Nikt nie jest w stanie unikn\u0105\u0107 kryzys\u00f3w, przezwyci\u0119\u017canie ich jest trudne, ale pomoc mo\u017cna znale\u017a\u0107 w d\u0105\u017ceniu z Jezusem Chrystusem \u2013 m\u00f3wi\u0142 ks. Janusz Kumala MIC, kustosz liche\u0144skiego sanktuarium, podczas Dnia modlitw w intencji ma\u0142\u017ce\u0144stw w kryzysie.<\/span> <\/strong><\/p>\t\t\t\t\t\t\t\t<\/div>\n\t\t\t\t<\/div>\n\t\t\t\t<div class=\"elementor-element elementor-element-4cb6ecd elementor-widget elementor-widget-text-editor\" data-id=\"4cb6ecd\" data-element_type=\"widget\" data-e-type=\"widget\" data-widget_type=\"text-editor.default\">\n\t\t\t\t<div class=\"elementor-widget-container\">\n\t\t\t\t\t\t\t\t\t<p><span style=\"color: #000000;\">W Sanktuarium Matki Bo\u017cej Liche\u0144skiej pielgrzymi ka\u017cdego roku modl\u0105 si\u0119 za ma\u0142\u017ce\u0144stwa do\u015bwiadczaj\u0105ce trudno\u015bci. Kryzys prze\u017cywaj\u0105 nie tylko te ma\u0142\u017ce\u0144stwa, kt\u00f3re si\u0119 rozpadaj\u0105, ale tak\u017ce te, kt\u00f3re trwaj\u0105. Podczas Mszy \u015bw. 12 sierpnia w liche\u0144skiej bazylice ks. Janusz Kumala zastanawia\u0142 si\u0119, kiedy zaczyna si\u0119 kryzys,\u00a0 dlaczego trwa, a niekt\u00f3rzy nie potrafi\u0105 rozwi\u0105za\u0107 konfliktu?<\/span><\/p>\t\t\t\t\t\t\t\t<\/div>\n\t\t\t\t<\/div>\n\t\t\t\t<section class=\"elementor-section elementor-inner-section elementor-element elementor-element-c2e11f3 elementor-section-boxed elementor-section-height-default elementor-section-height-default\" data-id=\"c2e11f3\" data-element_type=\"section\" data-e-type=\"section\">\n\t\t\t\t\t\t<div class=\"elementor-container elementor-column-gap-default\">\n\t\t\t\t\t<div class=\"elementor-column elementor-col-50 elementor-inner-column elementor-element elementor-element-cf325b5\" data-id=\"cf325b5\" data-element_type=\"column\" data-e-type=\"column\">\n\t\t\t<div class=\"elementor-widget-wrap elementor-element-populated\">\n\t\t\t\t\t\t<div class=\"elementor-element elementor-element-461f65d elementor-widget elementor-widget-image\" data-id=\"461f65d\" data-element_type=\"widget\" data-e-type=\"widget\" data-widget_type=\"image.default\">\n\t\t\t\t<div class=\"elementor-widget-container\">\n\t\t\t\t\t\t\t\t\t\t\t\t\t\t\t<img fetchpriority=\"high\" decoding=\"async\" width=\"1024\" height=\"683\" src=\"https:\/\/www.lichen.pl\/wp-content\/uploads\/2023\/08\/IMG_1457-1024x683.jpg\" class=\"attachment-large size-large wp-image-57254\" alt=\"\" srcset=\"https:\/\/www.lichen.pl\/wp-content\/uploads\/2023\/08\/IMG_1457-1024x683.jpg 1024w, https:\/\/www.lichen.pl\/wp-content\/uploads\/2023\/08\/IMG_1457-800x533.jpg 800w, https:\/\/www.lichen.pl\/wp-content\/uploads\/2023\/08\/IMG_1457-300x200.jpg 300w, https:\/\/www.lichen.pl\/wp-content\/uploads\/2023\/08\/IMG_1457-768x512.jpg 768w, https:\/\/www.lichen.pl\/wp-content\/uploads\/2023\/08\/IMG_1457-1536x1024.jpg 1536w, https:\/\/www.lichen.pl\/wp-content\/uploads\/2023\/08\/IMG_1457-18x12.jpg 18w, https:\/\/www.lichen.pl\/wp-content\/uploads\/2023\/08\/IMG_1457.jpg 1920w\" sizes=\"(max-width: 1024px) 100vw, 1024px\" \/>\t\t\t\t\t\t\t\t\t\t\t\t\t\t\t<\/div>\n\t\t\t\t<\/div>\n\t\t\t\t\t<\/div>\n\t\t<\/div>\n\t\t\t\t<div class=\"elementor-column elementor-col-50 elementor-inner-column elementor-element elementor-element-757cadb\" data-id=\"757cadb\" data-element_type=\"column\" data-e-type=\"column\">\n\t\t\t<div class=\"elementor-widget-wrap elementor-element-populated\">\n\t\t\t\t\t\t<div class=\"elementor-element elementor-element-27adeb4 elementor-widget elementor-widget-text-editor\" data-id=\"27adeb4\" data-element_type=\"widget\" data-e-type=\"widget\" data-widget_type=\"text-editor.default\">\n\t\t\t\t<div class=\"elementor-widget-container\">\n\t\t\t\t\t\t\t\t\t<p><span style=\"color: #000000;\">\u2013 Dzieje si\u0119 tak wtedy, kiedy ma\u0142\u017conkowie zapominaj\u0105, \u017ce na ich drodze obecny jest Chrystus, poniewa\u017c zawi\u0105zuj\u0105 zwi\u0105zek sakramentalny. Maj\u0105 mie\u0107 pewno\u015b\u0107, \u017ce Chrystus nigdy ich nie opu\u015bci, a \u017cyj\u0105, jakby Go nie by\u0142o. Kiedy przez lata tkwi\u0119 w grzechu, zaniedbuj\u0119 kryzys w moim \u017cyciu wewn\u0119trznym, kt\u00f3re potrzebuje uzdrowienia przez Jezusa Chrystusa, to grzech rozbija relacje z innymi lud\u017ami, jedno\u015b\u0107 ma\u0142\u017ce\u0144sk\u0105 i rodzinn\u0105 \u2013 zauwa\u017cy\u0142 kustosz sanktuarium. Podkre\u015bli\u0142, \u017ce nie mo\u017cna unikn\u0105\u0107 kryzys\u00f3w, ale trzeba czerpa\u0107 \u015bwiat\u0142o Chrystusa, kt\u00f3ry uzdrawia w sakramencie pokuty i pojednania.<\/span><\/p>\t\t\t\t\t\t\t\t<\/div>\n\t\t\t\t<\/div>\n\t\t\t\t\t<\/div>\n\t\t<\/div>\n\t\t\t\t\t<\/div>\n\t\t<\/section>\n\t\t\t\t<div class=\"elementor-element elementor-element-a48fc20 elementor-blockquote--skin-boxed elementor-blockquote--button-view-icon-text elementor-blockquote--button-skin-classic elementor-widget elementor-widget-blockquote\" data-id=\"a48fc20\" data-element_type=\"widget\" data-e-type=\"widget\" data-widget_type=\"blockquote.default\">\n\t\t\t\t<div class=\"elementor-widget-container\">\n\t\t\t\t\t\t\t<blockquote class=\"elementor-blockquote\">\n\t\t\t<p class=\"elementor-blockquote__content\">\n\t\t\t\t\u2013 Nikt nie jest w stanie unikn\u0105\u0107 kryzys\u00f3w, przezwyci\u0119\u017canie ich jest trudne, ale pomoc mo\u017cna znale\u017a\u0107 w d\u0105\u017ceniu z Jezusem Chrystusem\t\t\t<\/p>\n\t\t\t\t\t\t\t<div class=\"e-q-footer\">\n\t\t\t\t\t\t\t\t\t\t\t<cite class=\"elementor-blockquote__author\">Ks. Janusz Kumala<\/cite>\n\t\t\t\t\t\t\t\t\t\t\t\t\t\t\t\t<a href=\"https:\/\/twitter.com\/intent\/tweet?text=%E2%80%93+Nikt+nie+jest+w+stanie+unikn%C4%85%C4%87+kryzys%C3%B3w%2C+przezwyci%C4%99%C5%BCanie+ich+jest+trudne%2C+ale+pomoc+mo%C5%BCna+znale%C5%BA%C4%87+w+d%C4%85%C5%BCeniu+z+Jezusem+Chrystusem+%E2%80%94+Ks.+Janusz+Kumala&amp;url=https%3A%2F%2Fwww.lichen.pl%2Fit%2Fdzien-modlitw-w-intencji-malzenstw-w-kryzysie-w-lichenskim-sanktuarium%2F\" class=\"elementor-blockquote__tweet-button\" target=\"_blank\">\n\t\t\t\t\t\t\t\t\t\t\t\t\t\t\t<i aria-hidden=\"true\" class=\"fab fa-twitter\"><\/i>\t\t\t\t\t\t\t\t\t\t\t\t\t\t\t\t\t\t\t\t\t\t\t\t\t\t\t\t\t\t<span class=\"elementor-blockquote__tweet-label\">P\u00edo<\/span>\n\t\t\t\t\t\t\t\t\t\t\t\t\t<\/a>\n\t\t\t\t\t\t\t\t\t<\/div>\n\t\t\t\t\t<\/blockquote>\n\t\t\t\t\t\t<\/div>\n\t\t\t\t<\/div>\n\t\t\t\t<div class=\"elementor-element elementor-element-2ba510b elementor-widget elementor-widget-text-editor\" data-id=\"2ba510b\" data-element_type=\"widget\" data-e-type=\"widget\" data-widget_type=\"text-editor.default\">\n\t\t\t\t<div class=\"elementor-widget-container\">\n\t\t\t\t\t\t\t\t\t<p><span style=\"color: #000000;\">A co w sytuacji ma\u0142\u017ce\u0144stwa niesakramentalnego? \u2013 Pami\u0119tajmy, \u017ce Chrystus jest obecny w \u017cyciu ka\u017cdego z nas. Wa\u017cne, by ma\u0142\u017conkowie niesakramentalni szukali s\u0142owa i mi\u0142o\u015bci Chrystusa, by czynili dobro. W ten spos\u00f3b Chrystus b\u0119dzie ich prowadzi\u0142 do nawr\u00f3cenia, do nieba \u2013 stwierdzi\u0142 ks. Kumala. Zaznaczy\u0142, \u017ce odczytana tego dnia Ewangelia ukazuje postaw\u0119 cz\u0142owieka, kt\u00f3ry w kryzysie zbli\u017cy\u0142 si\u0119 do Jezusa, pad\u0142 na kolana i prosi\u0142. \u2013 To trzy etapy naszego duchowego uzdrowienia z jakiegokolwiek grzechu, uzale\u017cnienia czy sytuacji bez wyj\u015bcia. Ma\u0142\u017ce\u0144stwa najcz\u0119\u015bciej od Jezusa odchodz\u0105 w kryzysie. Najistotniejsze jest przybli\u017cenie do Chrystusa, uznanie Jego b\u00f3stwa z pokor\u0105. On ma moc rozwi\u0105zania ka\u017cdego kryzysu, ma moc uzdrowienia ma\u0142\u017ce\u0144stwa i relacji z innymi \u2013 m\u00f3wi\u0142 ks. Kumala.<\/span><\/p><p><span style=\"color: #000000;\">Jutro, w niedziel\u0119, w naszym sanktuarium odb\u0119dzie si\u0119 Dzie\u0144 modlitw w intencji ma\u0142\u017ce\u0144stw bezdzietnych, kt\u00f3re pragn\u0105 potomstwa, o dar macierzy\u0144stwa i ojcostwa dla nich. O godz. 14.30 rozpocznie si\u0119 kolejny koncert V Mi\u0119dzynarodowego Liche\u0144skiego Festiwalu Muzyki Organowej w wykonaniu Tomasza Adama Nowaka z Niemiec.<\/span><\/p>\t\t\t\t\t\t\t\t<\/div>\n\t\t\t\t<\/div>\n\t\t\t\t<div class=\"elementor-element elementor-element-5a63291 elementor-widget-divider--view-line elementor-widget elementor-widget-divider\" data-id=\"5a63291\" data-element_type=\"widget\" data-e-type=\"widget\" data-widget_type=\"divider.default\">\n\t\t\t\t<div class=\"elementor-widget-container\">\n\t\t\t\t\t\t\t<div class=\"elementor-divider\">\n\t\t\t<span class=\"elementor-divider-separator\">\n\t\t\t\t\t\t<\/span>\n\t\t<\/div>\n\t\t\t\t\t\t<\/div>\n\t\t\t\t<\/div>\n\t\t\t\t<div class=\"elementor-element elementor-element-2c40e34 elementor-widget elementor-widget-gallery\" data-id=\"2c40e34\" data-element_type=\"widget\" data-e-type=\"widget\" data-settings=\"{&quot;lazyload&quot;:&quot;yes&quot;,&quot;gallery_layout&quot;:&quot;grid&quot;,&quot;columns&quot;:4,&quot;columns_tablet&quot;:2,&quot;columns_mobile&quot;:1,&quot;gap&quot;:{&quot;unit&quot;:&quot;px&quot;,&quot;size&quot;:10,&quot;sizes&quot;:[]},&quot;gap_tablet&quot;:{&quot;unit&quot;:&quot;px&quot;,&quot;size&quot;:10,&quot;sizes&quot;:[]},&quot;gap_mobile&quot;:{&quot;unit&quot;:&quot;px&quot;,&quot;size&quot;:10,&quot;sizes&quot;:[]},&quot;link_to&quot;:&quot;file&quot;,&quot;aspect_ratio&quot;:&quot;3:2&quot;,&quot;overlay_background&quot;:&quot;yes&quot;,&quot;content_hover_animation&quot;:&quot;fade-in&quot;}\" data-widget_type=\"gallery.default\">\n\t\t\t\t<div class=\"elementor-widget-container\">\n\t\t\t\t\t\t\t<div class=\"elementor-gallery__container\">\n\t\t\t\t\t\t\t<a class=\"e-gallery-item elementor-gallery-item elementor-animated-content\" href=\"https:\/\/www.lichen.pl\/wp-content\/uploads\/2023\/08\/IMG_1450.jpg\" data-elementor-open-lightbox=\"yes\" data-elementor-lightbox-slideshow=\"2c40e34\" data-elementor-lightbox-title=\"IMG_1450\" data-e-action-hash=\"#elementor-action%3Aaction%3Dlightbox%26settings%3DeyJpZCI6NTcyNTUsInVybCI6Imh0dHBzOlwvXC93d3cubGljaGVuLnBsXC93cC1jb250ZW50XC91cGxvYWRzXC8yMDIzXC8wOFwvSU1HXzE0NTAuanBnIiwic2xpZGVzaG93IjoiMmM0MGUzNCJ9\">\n\t\t\t\t\t<div class=\"e-gallery-image elementor-gallery-item__image\" data-thumbnail=\"https:\/\/www.lichen.pl\/wp-content\/uploads\/2023\/08\/IMG_1450-200x300.jpg\" data-width=\"200\" data-height=\"300\" aria-label=\"\" role=\"img\" ><\/div>\n\t\t\t\t\t\t\t\t\t\t\t<div class=\"elementor-gallery-item__overlay\"><\/div>\n\t\t\t\t\t\t\t\t\t\t\t\t\t\t<\/a>\n\t\t\t\t\t\t\t<a class=\"e-gallery-item elementor-gallery-item elementor-animated-content\" href=\"https:\/\/www.lichen.pl\/wp-content\/uploads\/2023\/08\/IMG_1454.jpg\" data-elementor-open-lightbox=\"yes\" data-elementor-lightbox-slideshow=\"2c40e34\" data-elementor-lightbox-title=\"IMG_1454\" data-e-action-hash=\"#elementor-action%3Aaction%3Dlightbox%26settings%3DeyJpZCI6NTcyNTYsInVybCI6Imh0dHBzOlwvXC93d3cubGljaGVuLnBsXC93cC1jb250ZW50XC91cGxvYWRzXC8yMDIzXC8wOFwvSU1HXzE0NTQuanBnIiwic2xpZGVzaG93IjoiMmM0MGUzNCJ9\">\n\t\t\t\t\t<div class=\"e-gallery-image elementor-gallery-item__image\" data-thumbnail=\"https:\/\/www.lichen.pl\/wp-content\/uploads\/2023\/08\/IMG_1454-300x200.jpg\" data-width=\"300\" data-height=\"200\" aria-label=\"\" role=\"img\" ><\/div>\n\t\t\t\t\t\t\t\t\t\t\t<div class=\"elementor-gallery-item__overlay\"><\/div>\n\t\t\t\t\t\t\t\t\t\t\t\t\t\t<\/a>\n\t\t\t\t\t\t\t<a class=\"e-gallery-item elementor-gallery-item elementor-animated-content\" href=\"https:\/\/www.lichen.pl\/wp-content\/uploads\/2023\/08\/IMG_1456.jpg\" data-elementor-open-lightbox=\"yes\" data-elementor-lightbox-slideshow=\"2c40e34\" data-elementor-lightbox-title=\"IMG_1456\" data-e-action-hash=\"#elementor-action%3Aaction%3Dlightbox%26settings%3DeyJpZCI6NTcyNTcsInVybCI6Imh0dHBzOlwvXC93d3cubGljaGVuLnBsXC93cC1jb250ZW50XC91cGxvYWRzXC8yMDIzXC8wOFwvSU1HXzE0NTYuanBnIiwic2xpZGVzaG93IjoiMmM0MGUzNCJ9\">\n\t\t\t\t\t<div class=\"e-gallery-image elementor-gallery-item__image\" data-thumbnail=\"https:\/\/www.lichen.pl\/wp-content\/uploads\/2023\/08\/IMG_1456-200x300.jpg\" data-width=\"200\" data-height=\"300\" aria-label=\"\" role=\"img\" ><\/div>\n\t\t\t\t\t\t\t\t\t\t\t<div class=\"elementor-gallery-item__overlay\"><\/div>\n\t\t\t\t\t\t\t\t\t\t\t\t\t\t<\/a>\n\t\t\t\t\t\t\t<a class=\"e-gallery-item elementor-gallery-item elementor-animated-content\" href=\"https:\/\/www.lichen.pl\/wp-content\/uploads\/2023\/08\/IMG_1460.jpg\" data-elementor-open-lightbox=\"yes\" data-elementor-lightbox-slideshow=\"2c40e34\" data-elementor-lightbox-title=\"IMG_1460\" data-e-action-hash=\"#elementor-action%3Aaction%3Dlightbox%26settings%3DeyJpZCI6NTcyNTgsInVybCI6Imh0dHBzOlwvXC93d3cubGljaGVuLnBsXC93cC1jb250ZW50XC91cGxvYWRzXC8yMDIzXC8wOFwvSU1HXzE0NjAuanBnIiwic2xpZGVzaG93IjoiMmM0MGUzNCJ9\">\n\t\t\t\t\t<div class=\"e-gallery-image elementor-gallery-item__image\" data-thumbnail=\"https:\/\/www.lichen.pl\/wp-content\/uploads\/2023\/08\/IMG_1460-300x200.jpg\" data-width=\"300\" data-height=\"200\" aria-label=\"\" role=\"img\" ><\/div>\n\t\t\t\t\t\t\t\t\t\t\t<div class=\"elementor-gallery-item__overlay\"><\/div>\n\t\t\t\t\t\t\t\t\t\t\t\t\t\t<\/a>\n\t\t\t\t\t\t\t<a class=\"e-gallery-item elementor-gallery-item elementor-animated-content\" href=\"https:\/\/www.lichen.pl\/wp-content\/uploads\/2023\/08\/IMG_1461.jpg\" data-elementor-open-lightbox=\"yes\" data-elementor-lightbox-slideshow=\"2c40e34\" data-elementor-lightbox-title=\"IMG_1461\" data-e-action-hash=\"#elementor-action%3Aaction%3Dlightbox%26settings%3DeyJpZCI6NTcyNjAsInVybCI6Imh0dHBzOlwvXC93d3cubGljaGVuLnBsXC93cC1jb250ZW50XC91cGxvYWRzXC8yMDIzXC8wOFwvSU1HXzE0NjEuanBnIiwic2xpZGVzaG93IjoiMmM0MGUzNCJ9\">\n\t\t\t\t\t<div class=\"e-gallery-image elementor-gallery-item__image\" data-thumbnail=\"https:\/\/www.lichen.pl\/wp-content\/uploads\/2023\/08\/IMG_1461-300x200.jpg\" data-width=\"300\" data-height=\"200\" aria-label=\"\" role=\"img\" ><\/div>\n\t\t\t\t\t\t\t\t\t\t\t<div class=\"elementor-gallery-item__overlay\"><\/div>\n\t\t\t\t\t\t\t\t\t\t\t\t\t\t<\/a>\n\t\t\t\t\t\t\t<a class=\"e-gallery-item elementor-gallery-item elementor-animated-content\" href=\"https:\/\/www.lichen.pl\/wp-content\/uploads\/2023\/08\/IMG_1463.jpg\" data-elementor-open-lightbox=\"yes\" data-elementor-lightbox-slideshow=\"2c40e34\" data-elementor-lightbox-title=\"IMG_1463\" data-e-action-hash=\"#elementor-action%3Aaction%3Dlightbox%26settings%3DeyJpZCI6NTcyNjEsInVybCI6Imh0dHBzOlwvXC93d3cubGljaGVuLnBsXC93cC1jb250ZW50XC91cGxvYWRzXC8yMDIzXC8wOFwvSU1HXzE0NjMuanBnIiwic2xpZGVzaG93IjoiMmM0MGUzNCJ9\">\n\t\t\t\t\t<div class=\"e-gallery-image elementor-gallery-item__image\" data-thumbnail=\"https:\/\/www.lichen.pl\/wp-content\/uploads\/2023\/08\/IMG_1463-300x200.jpg\" data-width=\"300\" data-height=\"200\" aria-label=\"\" role=\"img\" ><\/div>\n\t\t\t\t\t\t\t\t\t\t\t<div class=\"elementor-gallery-item__overlay\"><\/div>\n\t\t\t\t\t\t\t\t\t\t\t\t\t\t<\/a>\n\t\t\t\t\t\t\t<a class=\"e-gallery-item elementor-gallery-item elementor-animated-content\" href=\"https:\/\/www.lichen.pl\/wp-content\/uploads\/2023\/08\/IMG_1468.jpg\" data-elementor-open-lightbox=\"yes\" data-elementor-lightbox-slideshow=\"2c40e34\" data-elementor-lightbox-title=\"IMG_1468\" data-e-action-hash=\"#elementor-action%3Aaction%3Dlightbox%26settings%3DeyJpZCI6NTcyNjIsInVybCI6Imh0dHBzOlwvXC93d3cubGljaGVuLnBsXC93cC1jb250ZW50XC91cGxvYWRzXC8yMDIzXC8wOFwvSU1HXzE0NjguanBnIiwic2xpZGVzaG93IjoiMmM0MGUzNCJ9\">\n\t\t\t\t\t<div class=\"e-gallery-image elementor-gallery-item__image\" data-thumbnail=\"https:\/\/www.lichen.pl\/wp-content\/uploads\/2023\/08\/IMG_1468-300x200.jpg\" data-width=\"300\" data-height=\"200\" aria-label=\"\" role=\"img\" ><\/div>\n\t\t\t\t\t\t\t\t\t\t\t<div class=\"elementor-gallery-item__overlay\"><\/div>\n\t\t\t\t\t\t\t\t\t\t\t\t\t\t<\/a>\n\t\t\t\t\t\t\t<a class=\"e-gallery-item elementor-gallery-item elementor-animated-content\" href=\"https:\/\/www.lichen.pl\/wp-content\/uploads\/2023\/08\/IMG_1469.jpg\" data-elementor-open-lightbox=\"yes\" data-elementor-lightbox-slideshow=\"2c40e34\" data-elementor-lightbox-title=\"IMG_1469\" data-e-action-hash=\"#elementor-action%3Aaction%3Dlightbox%26settings%3DeyJpZCI6NTcyNjMsInVybCI6Imh0dHBzOlwvXC93d3cubGljaGVuLnBsXC93cC1jb250ZW50XC91cGxvYWRzXC8yMDIzXC8wOFwvSU1HXzE0NjkuanBnIiwic2xpZGVzaG93IjoiMmM0MGUzNCJ9\">\n\t\t\t\t\t<div class=\"e-gallery-image elementor-gallery-item__image\" data-thumbnail=\"https:\/\/www.lichen.pl\/wp-content\/uploads\/2023\/08\/IMG_1469-300x200.jpg\" data-width=\"300\" data-height=\"200\" aria-label=\"\" role=\"img\" ><\/div>\n\t\t\t\t\t\t\t\t\t\t\t<div class=\"elementor-gallery-item__overlay\"><\/div>\n\t\t\t\t\t\t\t\t\t\t\t\t\t\t<\/a>\n\t\t\t\t\t\t\t<a class=\"e-gallery-item elementor-gallery-item elementor-animated-content\" href=\"https:\/\/www.lichen.pl\/wp-content\/uploads\/2023\/08\/IMG_1473.jpg\" data-elementor-open-lightbox=\"yes\" data-elementor-lightbox-slideshow=\"2c40e34\" data-elementor-lightbox-title=\"Dzie\u0144 modlitw w intencji rodzin po stracie dziecka w liche\u0144skim sanktuarium\" data-e-action-hash=\"#elementor-action%3Aaction%3Dlightbox%26settings%3DeyJpZCI6NTcyNjQsInVybCI6Imh0dHBzOlwvXC93d3cubGljaGVuLnBsXC93cC1jb250ZW50XC91cGxvYWRzXC8yMDIzXC8wOFwvSU1HXzE0NzMuanBnIiwic2xpZGVzaG93IjoiMmM0MGUzNCJ9\">\n\t\t\t\t\t<div class=\"e-gallery-image elementor-gallery-item__image\" data-thumbnail=\"https:\/\/www.lichen.pl\/wp-content\/uploads\/2023\/08\/IMG_1473-300x200.jpg\" data-width=\"300\" data-height=\"200\" aria-label=\"\" role=\"img\" ><\/div>\n\t\t\t\t\t\t\t\t\t\t\t<div class=\"elementor-gallery-item__overlay\"><\/div>\n\t\t\t\t\t\t\t\t\t\t\t\t\t\t<\/a>\n\t\t\t\t\t<\/div>\n\t\t\t\t\t<\/div>\n\t\t\t\t<\/div>\n\t\t\t\t\t<\/div>\n\t\t<\/div>\n\t\t\t\t\t<\/div>\n\t\t<\/section>\n\t\t\t\t<\/div>","protected":false},"excerpt":{"rendered":"<p>\u2013 Nikt nie jest w stanie unikn\u0105\u0107 kryzys\u00f3w, przezwyci\u0119\u017canie ich jest trudne, ale pomoc mo\u017cna znale\u017a\u0107 w d\u0105\u017ceniu z Jezusem Chrystusem \u2013 m\u00f3wi\u0142 ks. Janusz Kumala MIC, kustosz liche\u0144skiego sanktuarium, podczas Dnia modlitw w intencji ma\u0142\u017ce\u0144stw w kryzysie. W Sanktuarium Matki Bo\u017cej Liche\u0144skiej pielgrzymi ka\u017cdego roku modl\u0105 si\u0119 za ma\u0142\u017ce\u0144stwa do\u015bwiadczaj\u0105ce trudno\u015bci. Kryzys prze\u017cywaj\u0105 nie [&hellip;]<\/p>\n","protected":false},"author":6,"featured_media":57252,"comment_status":"closed","ping_status":"closed","sticky":false,"template":"","format":"standard","meta":{"footnotes":""},"categories":[1],"tags":[],"class_list":["post-57251","post","type-post","status-publish","format-standard","has-post-thumbnail","hentry","category-aktualnosci","wpbf-post"],"yoast_head":"<!-- This site is optimized with the Yoast SEO plugin v27.4 - https:\/\/yoast.com\/product\/yoast-seo-wordpress\/ -->\n<title>Dzie\u0144 modlitw w intencji ma\u0142\u017ce\u0144stw w kryzysie w liche\u0144skim sanktuarium - SANKTUARIUM W LICHENIU<\/title>\n<meta name=\"robots\" content=\"index, follow, max-snippet:-1, max-image-preview:large, max-video-preview:-1\" \/>\n<link rel=\"canonical\" href=\"https:\/\/www.lichen.pl\/es\/dzien-modlitw-w-intencji-malzenstw-w-kryzysie-w-lichenskim-sanktuarium\/\" \/>\n<meta property=\"og:locale\" content=\"es_ES\" \/>\n<meta property=\"og:type\" content=\"article\" \/>\n<meta property=\"og:title\" content=\"Dzie\u0144 modlitw w intencji ma\u0142\u017ce\u0144stw w kryzysie w liche\u0144skim sanktuarium - SANKTUARIUM W LICHENIU\" \/>\n<meta property=\"og:description\" content=\"\u2013 Nikt nie jest w stanie unikn\u0105\u0107 kryzys\u00f3w, przezwyci\u0119\u017canie ich jest trudne, ale pomoc mo\u017cna znale\u017a\u0107 w d\u0105\u017ceniu z Jezusem Chrystusem \u2013 m\u00f3wi\u0142 ks. Janusz Kumala MIC, kustosz liche\u0144skiego sanktuarium, podczas Dnia modlitw w intencji ma\u0142\u017ce\u0144stw w kryzysie. W Sanktuarium Matki Bo\u017cej Liche\u0144skiej pielgrzymi ka\u017cdego roku modl\u0105 si\u0119 za ma\u0142\u017ce\u0144stwa do\u015bwiadczaj\u0105ce trudno\u015bci. Kryzys prze\u017cywaj\u0105 nie [&hellip;]\" \/>\n<meta property=\"og:url\" content=\"https:\/\/www.lichen.pl\/es\/dzien-modlitw-w-intencji-malzenstw-w-kryzysie-w-lichenskim-sanktuarium\/\" \/>\n<meta property=\"og:site_name\" content=\"SANKTUARIUM W LICHENIU\" \/>\n<meta property=\"article:published_time\" content=\"2023-08-12T15:55:12+00:00\" \/>\n<meta property=\"article:modified_time\" content=\"2023-08-12T16:03:38+00:00\" \/>\n<meta property=\"og:image\" content=\"https:\/\/www.lichen.pl\/wp-content\/uploads\/2023\/08\/IMG_1459-1024x683.jpg\" \/>\n\t<meta property=\"og:image:width\" content=\"1024\" \/>\n\t<meta property=\"og:image:height\" content=\"683\" \/>\n\t<meta property=\"og:image:type\" content=\"image\/jpeg\" \/>\n<meta name=\"author\" content=\"AMELIA SIUDA-KOSZELA\" \/>\n<meta name=\"twitter:card\" content=\"summary_large_image\" \/>\n<meta name=\"twitter:label1\" content=\"Escrito por\" \/>\n\t<meta name=\"twitter:data1\" content=\"AMELIA SIUDA-KOSZELA\" \/>\n\t<meta name=\"twitter:label2\" content=\"Tiempo de lectura\" \/>\n\t<meta name=\"twitter:data2\" content=\"3 minutos\" \/>\n<script type=\"application\/ld+json\" class=\"yoast-schema-graph\">{\"@context\":\"https:\\\/\\\/schema.org\",\"@graph\":[{\"@type\":\"Article\",\"@id\":\"https:\\\/\\\/www.lichen.pl\\\/dzien-modlitw-w-intencji-malzenstw-w-kryzysie-w-lichenskim-sanktuarium\\\/#article\",\"isPartOf\":{\"@id\":\"https:\\\/\\\/www.lichen.pl\\\/dzien-modlitw-w-intencji-malzenstw-w-kryzysie-w-lichenskim-sanktuarium\\\/\"},\"author\":{\"name\":\"AMELIA SIUDA-KOSZELA\",\"@id\":\"https:\\\/\\\/www.lichen.pl\\\/fr\\\/#\\\/schema\\\/person\\\/70bf824c102f176cf976b0d90af0d62a\"},\"headline\":\"Dzie\u0144 modlitw w intencji ma\u0142\u017ce\u0144stw w kryzysie w liche\u0144skim sanktuarium\",\"datePublished\":\"2023-08-12T15:55:12+00:00\",\"dateModified\":\"2023-08-12T16:03:38+00:00\",\"mainEntityOfPage\":{\"@id\":\"https:\\\/\\\/www.lichen.pl\\\/dzien-modlitw-w-intencji-malzenstw-w-kryzysie-w-lichenskim-sanktuarium\\\/\"},\"wordCount\":441,\"image\":{\"@id\":\"https:\\\/\\\/www.lichen.pl\\\/dzien-modlitw-w-intencji-malzenstw-w-kryzysie-w-lichenskim-sanktuarium\\\/#primaryimage\"},\"thumbnailUrl\":\"https:\\\/\\\/www.lichen.pl\\\/wp-content\\\/uploads\\\/2023\\\/08\\\/IMG_1459.jpg\",\"articleSection\":[\"Aktualno\u015bci\"],\"inLanguage\":\"es\"},{\"@type\":\"WebPage\",\"@id\":\"https:\\\/\\\/www.lichen.pl\\\/dzien-modlitw-w-intencji-malzenstw-w-kryzysie-w-lichenskim-sanktuarium\\\/\",\"url\":\"https:\\\/\\\/www.lichen.pl\\\/dzien-modlitw-w-intencji-malzenstw-w-kryzysie-w-lichenskim-sanktuarium\\\/\",\"name\":\"Dzie\u0144 modlitw w intencji ma\u0142\u017ce\u0144stw w kryzysie w liche\u0144skim sanktuarium - SANKTUARIUM W LICHENIU\",\"isPartOf\":{\"@id\":\"https:\\\/\\\/www.lichen.pl\\\/fr\\\/#website\"},\"primaryImageOfPage\":{\"@id\":\"https:\\\/\\\/www.lichen.pl\\\/dzien-modlitw-w-intencji-malzenstw-w-kryzysie-w-lichenskim-sanktuarium\\\/#primaryimage\"},\"image\":{\"@id\":\"https:\\\/\\\/www.lichen.pl\\\/dzien-modlitw-w-intencji-malzenstw-w-kryzysie-w-lichenskim-sanktuarium\\\/#primaryimage\"},\"thumbnailUrl\":\"https:\\\/\\\/www.lichen.pl\\\/wp-content\\\/uploads\\\/2023\\\/08\\\/IMG_1459.jpg\",\"datePublished\":\"2023-08-12T15:55:12+00:00\",\"dateModified\":\"2023-08-12T16:03:38+00:00\",\"author\":{\"@id\":\"https:\\\/\\\/www.lichen.pl\\\/fr\\\/#\\\/schema\\\/person\\\/70bf824c102f176cf976b0d90af0d62a\"},\"breadcrumb\":{\"@id\":\"https:\\\/\\\/www.lichen.pl\\\/dzien-modlitw-w-intencji-malzenstw-w-kryzysie-w-lichenskim-sanktuarium\\\/#breadcrumb\"},\"inLanguage\":\"es\",\"potentialAction\":[{\"@type\":\"ReadAction\",\"target\":[\"https:\\\/\\\/www.lichen.pl\\\/dzien-modlitw-w-intencji-malzenstw-w-kryzysie-w-lichenskim-sanktuarium\\\/\"]}]},{\"@type\":\"ImageObject\",\"inLanguage\":\"es\",\"@id\":\"https:\\\/\\\/www.lichen.pl\\\/dzien-modlitw-w-intencji-malzenstw-w-kryzysie-w-lichenskim-sanktuarium\\\/#primaryimage\",\"url\":\"https:\\\/\\\/www.lichen.pl\\\/wp-content\\\/uploads\\\/2023\\\/08\\\/IMG_1459.jpg\",\"contentUrl\":\"https:\\\/\\\/www.lichen.pl\\\/wp-content\\\/uploads\\\/2023\\\/08\\\/IMG_1459.jpg\",\"width\":1920,\"height\":1280},{\"@type\":\"BreadcrumbList\",\"@id\":\"https:\\\/\\\/www.lichen.pl\\\/dzien-modlitw-w-intencji-malzenstw-w-kryzysie-w-lichenskim-sanktuarium\\\/#breadcrumb\",\"itemListElement\":[{\"@type\":\"ListItem\",\"position\":1,\"name\":\"Strona g\u0142\u00f3wna\",\"item\":\"https:\\\/\\\/www.lichen.pl\\\/\"},{\"@type\":\"ListItem\",\"position\":2,\"name\":\"Dzie\u0144 modlitw w intencji ma\u0142\u017ce\u0144stw w kryzysie w liche\u0144skim sanktuarium\"}]},{\"@type\":\"WebSite\",\"@id\":\"https:\\\/\\\/www.lichen.pl\\\/fr\\\/#website\",\"url\":\"https:\\\/\\\/www.lichen.pl\\\/fr\\\/\",\"name\":\"SANKTUARIUM W LICHENIU\",\"description\":\"MATKI BO\u017bEJ LICHE\u0143SKIEJ BOLESNEJ KR\u00d3LOWEJ POLSKI\",\"potentialAction\":[{\"@type\":\"SearchAction\",\"target\":{\"@type\":\"EntryPoint\",\"urlTemplate\":\"https:\\\/\\\/www.lichen.pl\\\/fr\\\/?s={search_term_string}\"},\"query-input\":{\"@type\":\"PropertyValueSpecification\",\"valueRequired\":true,\"valueName\":\"search_term_string\"}}],\"inLanguage\":\"es\"},{\"@type\":\"Person\",\"@id\":\"https:\\\/\\\/www.lichen.pl\\\/fr\\\/#\\\/schema\\\/person\\\/70bf824c102f176cf976b0d90af0d62a\",\"name\":\"AMELIA SIUDA-KOSZELA\",\"image\":{\"@type\":\"ImageObject\",\"inLanguage\":\"es\",\"@id\":\"https:\\\/\\\/secure.gravatar.com\\\/avatar\\\/a0f9a92186ab02fb8db116f5388e3bc7280dd7bd01565c5d6b7ceb07ff27d6d9?s=96&d=retro&r=g\",\"url\":\"https:\\\/\\\/secure.gravatar.com\\\/avatar\\\/a0f9a92186ab02fb8db116f5388e3bc7280dd7bd01565c5d6b7ceb07ff27d6d9?s=96&d=retro&r=g\",\"contentUrl\":\"https:\\\/\\\/secure.gravatar.com\\\/avatar\\\/a0f9a92186ab02fb8db116f5388e3bc7280dd7bd01565c5d6b7ceb07ff27d6d9?s=96&d=retro&r=g\",\"caption\":\"AMELIA SIUDA-KOSZELA\"},\"url\":\"https:\\\/\\\/www.lichen.pl\\\/es\\\/author\\\/amelia\\\/\"}]}<\/script>\n<!-- \/ Yoast SEO plugin. -->","yoast_head_json":{"title":"Dzie\u0144 modlitw w intencji ma\u0142\u017ce\u0144stw w kryzysie w liche\u0144skim sanktuarium - SANKTUARIUM W LICHENIU","robots":{"index":"index","follow":"follow","max-snippet":"max-snippet:-1","max-image-preview":"max-image-preview:large","max-video-preview":"max-video-preview:-1"},"canonical":"https:\/\/www.lichen.pl\/es\/dzien-modlitw-w-intencji-malzenstw-w-kryzysie-w-lichenskim-sanktuarium\/","og_locale":"es_ES","og_type":"article","og_title":"Dzie\u0144 modlitw w intencji ma\u0142\u017ce\u0144stw w kryzysie w liche\u0144skim sanktuarium - SANKTUARIUM W LICHENIU","og_description":"\u2013 Nikt nie jest w stanie unikn\u0105\u0107 kryzys\u00f3w, przezwyci\u0119\u017canie ich jest trudne, ale pomoc mo\u017cna znale\u017a\u0107 w d\u0105\u017ceniu z Jezusem Chrystusem \u2013 m\u00f3wi\u0142 ks. Janusz Kumala MIC, kustosz liche\u0144skiego sanktuarium, podczas Dnia modlitw w intencji ma\u0142\u017ce\u0144stw w kryzysie. W Sanktuarium Matki Bo\u017cej Liche\u0144skiej pielgrzymi ka\u017cdego roku modl\u0105 si\u0119 za ma\u0142\u017ce\u0144stwa do\u015bwiadczaj\u0105ce trudno\u015bci. Kryzys prze\u017cywaj\u0105 nie [&hellip;]","og_url":"https:\/\/www.lichen.pl\/es\/dzien-modlitw-w-intencji-malzenstw-w-kryzysie-w-lichenskim-sanktuarium\/","og_site_name":"SANKTUARIUM W LICHENIU","article_published_time":"2023-08-12T15:55:12+00:00","article_modified_time":"2023-08-12T16:03:38+00:00","og_image":[{"width":1024,"height":683,"url":"https:\/\/www.lichen.pl\/wp-content\/uploads\/2023\/08\/IMG_1459-1024x683.jpg","type":"image\/jpeg"}],"author":"AMELIA SIUDA-KOSZELA","twitter_card":"summary_large_image","twitter_misc":{"Escrito por":"AMELIA SIUDA-KOSZELA","Tiempo de lectura":"3 minutos"},"schema":{"@context":"https:\/\/schema.org","@graph":[{"@type":"Article","@id":"https:\/\/www.lichen.pl\/dzien-modlitw-w-intencji-malzenstw-w-kryzysie-w-lichenskim-sanktuarium\/#article","isPartOf":{"@id":"https:\/\/www.lichen.pl\/dzien-modlitw-w-intencji-malzenstw-w-kryzysie-w-lichenskim-sanktuarium\/"},"author":{"name":"AMELIA SIUDA-KOSZELA","@id":"https:\/\/www.lichen.pl\/fr\/#\/schema\/person\/70bf824c102f176cf976b0d90af0d62a"},"headline":"Dzie\u0144 modlitw w intencji ma\u0142\u017ce\u0144stw w kryzysie w liche\u0144skim sanktuarium","datePublished":"2023-08-12T15:55:12+00:00","dateModified":"2023-08-12T16:03:38+00:00","mainEntityOfPage":{"@id":"https:\/\/www.lichen.pl\/dzien-modlitw-w-intencji-malzenstw-w-kryzysie-w-lichenskim-sanktuarium\/"},"wordCount":441,"image":{"@id":"https:\/\/www.lichen.pl\/dzien-modlitw-w-intencji-malzenstw-w-kryzysie-w-lichenskim-sanktuarium\/#primaryimage"},"thumbnailUrl":"https:\/\/www.lichen.pl\/wp-content\/uploads\/2023\/08\/IMG_1459.jpg","articleSection":["Aktualno\u015bci"],"inLanguage":"es"},{"@type":"WebPage","@id":"https:\/\/www.lichen.pl\/dzien-modlitw-w-intencji-malzenstw-w-kryzysie-w-lichenskim-sanktuarium\/","url":"https:\/\/www.lichen.pl\/dzien-modlitw-w-intencji-malzenstw-w-kryzysie-w-lichenskim-sanktuarium\/","name":"Dzie\u0144 modlitw w intencji ma\u0142\u017ce\u0144stw w kryzysie w liche\u0144skim sanktuarium - SANKTUARIUM W LICHENIU","isPartOf":{"@id":"https:\/\/www.lichen.pl\/fr\/#website"},"primaryImageOfPage":{"@id":"https:\/\/www.lichen.pl\/dzien-modlitw-w-intencji-malzenstw-w-kryzysie-w-lichenskim-sanktuarium\/#primaryimage"},"image":{"@id":"https:\/\/www.lichen.pl\/dzien-modlitw-w-intencji-malzenstw-w-kryzysie-w-lichenskim-sanktuarium\/#primaryimage"},"thumbnailUrl":"https:\/\/www.lichen.pl\/wp-content\/uploads\/2023\/08\/IMG_1459.jpg","datePublished":"2023-08-12T15:55:12+00:00","dateModified":"2023-08-12T16:03:38+00:00","author":{"@id":"https:\/\/www.lichen.pl\/fr\/#\/schema\/person\/70bf824c102f176cf976b0d90af0d62a"},"breadcrumb":{"@id":"https:\/\/www.lichen.pl\/dzien-modlitw-w-intencji-malzenstw-w-kryzysie-w-lichenskim-sanktuarium\/#breadcrumb"},"inLanguage":"es","potentialAction":[{"@type":"ReadAction","target":["https:\/\/www.lichen.pl\/dzien-modlitw-w-intencji-malzenstw-w-kryzysie-w-lichenskim-sanktuarium\/"]}]},{"@type":"ImageObject","inLanguage":"es","@id":"https:\/\/www.lichen.pl\/dzien-modlitw-w-intencji-malzenstw-w-kryzysie-w-lichenskim-sanktuarium\/#primaryimage","url":"https:\/\/www.lichen.pl\/wp-content\/uploads\/2023\/08\/IMG_1459.jpg","contentUrl":"https:\/\/www.lichen.pl\/wp-content\/uploads\/2023\/08\/IMG_1459.jpg","width":1920,"height":1280},{"@type":"BreadcrumbList","@id":"https:\/\/www.lichen.pl\/dzien-modlitw-w-intencji-malzenstw-w-kryzysie-w-lichenskim-sanktuarium\/#breadcrumb","itemListElement":[{"@type":"ListItem","position":1,"name":"Strona g\u0142\u00f3wna","item":"https:\/\/www.lichen.pl\/"},{"@type":"ListItem","position":2,"name":"Dzie\u0144 modlitw w intencji ma\u0142\u017ce\u0144stw w kryzysie w liche\u0144skim sanktuarium"}]},{"@type":"WebSite","@id":"https:\/\/www.lichen.pl\/fr\/#website","url":"https:\/\/www.lichen.pl\/fr\/","name":"SANTUARIO EN LICHENIA","description":"LA DOLOROSA REINA DE POLONIA DE NUESTRO LICHEN","potentialAction":[{"@type":"SearchAction","target":{"@type":"EntryPoint","urlTemplate":"https:\/\/www.lichen.pl\/fr\/?s={search_term_string}"},"query-input":{"@type":"PropertyValueSpecification","valueRequired":true,"valueName":"search_term_string"}}],"inLanguage":"es"},{"@type":"Person","@id":"https:\/\/www.lichen.pl\/fr\/#\/schema\/person\/70bf824c102f176cf976b0d90af0d62a","name":"AMELIA SIUDA-KOSZELA","image":{"@type":"ImageObject","inLanguage":"es","@id":"https:\/\/secure.gravatar.com\/avatar\/a0f9a92186ab02fb8db116f5388e3bc7280dd7bd01565c5d6b7ceb07ff27d6d9?s=96&d=retro&r=g","url":"https:\/\/secure.gravatar.com\/avatar\/a0f9a92186ab02fb8db116f5388e3bc7280dd7bd01565c5d6b7ceb07ff27d6d9?s=96&d=retro&r=g","contentUrl":"https:\/\/secure.gravatar.com\/avatar\/a0f9a92186ab02fb8db116f5388e3bc7280dd7bd01565c5d6b7ceb07ff27d6d9?s=96&d=retro&r=g","caption":"AMELIA SIUDA-KOSZELA"},"url":"https:\/\/www.lichen.pl\/es\/author\/amelia\/"}]}},"_links":{"self":[{"href":"https:\/\/www.lichen.pl\/es\/wp-json\/wp\/v2\/posts\/57251","targetHints":{"allow":["GET"]}}],"collection":[{"href":"https:\/\/www.lichen.pl\/es\/wp-json\/wp\/v2\/posts"}],"about":[{"href":"https:\/\/www.lichen.pl\/es\/wp-json\/wp\/v2\/types\/post"}],"author":[{"embeddable":true,"href":"https:\/\/www.lichen.pl\/es\/wp-json\/wp\/v2\/users\/6"}],"replies":[{"embeddable":true,"href":"https:\/\/www.lichen.pl\/es\/wp-json\/wp\/v2\/comments?post=57251"}],"version-history":[{"count":4,"href":"https:\/\/www.lichen.pl\/es\/wp-json\/wp\/v2\/posts\/57251\/revisions"}],"predecessor-version":[{"id":57267,"href":"https:\/\/www.lichen.pl\/es\/wp-json\/wp\/v2\/posts\/57251\/revisions\/57267"}],"wp:featuredmedia":[{"embeddable":true,"href":"https:\/\/www.lichen.pl\/es\/wp-json\/wp\/v2\/media\/57252"}],"wp:attachment":[{"href":"https:\/\/www.lichen.pl\/es\/wp-json\/wp\/v2\/media?parent=57251"}],"wp:term":[{"taxonomy":"category","embeddable":true,"href":"https:\/\/www.lichen.pl\/es\/wp-json\/wp\/v2\/categories?post=57251"},{"taxonomy":"post_tag","embeddable":true,"href":"https:\/\/www.lichen.pl\/es\/wp-json\/wp\/v2\/tags?post=57251"}],"curies":[{"name":"wp","href":"https:\/\/api.w.org\/{rel}","templated":true}]}}